{"id":45260,"date":"2022-10-14T09:47:35","date_gmt":"2022-10-14T07:47:35","guid":{"rendered":"https:\/\/www.immo-invest.ch\/?p=45260"},"modified":"2022-10-14T09:47:37","modified_gmt":"2022-10-14T07:47:37","slug":"grand-projet-bernex","status":"publish","type":"post","link":"https:\/\/www.immo-invest.ch\/fr\/grand-projet-bernex\/","title":{"rendered":"Grand-projet Bernex"},"content":{"rendered":"<p class=\"wp-block-paragraph\">Le plan localis&eacute; de <span class=\"glossaryLink\" aria-describedby=\"tt\" data-cmtooltip=\"&lt;div class=glossaryItemTitle&gt;Quartier&lt;\/div&gt;&lt;div class=glossaryItemBody&gt;Amtliches, historisches, soziales oder stadtplanerisches Stadtviertel&lt;\/div&gt;\" data-mobile-support=\"0\" data-gt-translate-attributes='[{\"attribute\":\"data-cmtooltip\", \"format\":\"html\"}]' tabindex=\"0\" role=\"link\">quartier<\/span> de Saint-Mathieu a &eacute;t&eacute; adopt&eacute; fin f&eacute;vrier 2019. Ce plan constitue la premi&egrave;re &eacute;tape du grand-projet de Bernex: une expansion urbaine qui prendra progressivement corps au cours des prochaines ann&eacute;es, en phase avec les nouvelles infrastructures de mobilit&eacute;. Dans les communes de Bernex et de Confignon, sur pr&egrave;s de 120 hectares, ce sont ainsi environ 2800 logements et 2550 places de travail au total qui doivent voir le jour dans les r&eacute;gions de Bernex Est et Vailly Sud. Le plan directeur cantonal pr&eacute;voit de faire de Bernex, d&rsquo;ici 2030, un centre r&eacute;gional fort de 5700 nouveaux logements et 5700 emplois.<br><br>Le projet de Saint-Mathieu, dont l&rsquo;ach&egrave;vement est pr&eacute;vu pour 2026, sera d&eacute;limit&eacute; par la route de Chancy au sud, par la route de Pr&eacute;-Marais &agrave; l&rsquo;ouest et au nord, et par le chemin de Saint-Mathieu &agrave; l&rsquo;est. Le projet table sur 380 logements r&eacute;partis dans dix b&acirc;timents de cinq &eacute;tages chacun, qui s&rsquo;int&egrave;greront harmonieusement dans la physionomie des lieux. Ainsi, on prendra soin d&rsquo;&eacute;viter les angles abrupts ou les formes cubique. Les toits seront v&eacute;g&eacute;talis&eacute;s et\/ou &eacute;quip&eacute;s de panneaux solaires. C&rsquo;est le bureau genevois Sylla Widmann Architectes qui a remport&eacute; le concours d&rsquo;architecture lanc&eacute;.<br><br>Parall&egrave;lement aux constructions, une cr&egrave;che de 90 places, des appartements avec encadrement pour personnes &acirc;g&eacute;es, divers commerces de proximit&eacute; et une maison de la sant&eacute; sont pr&eacute;vus. Des espaces verts publics prendront leur <span class=\"glossaryLink\" aria-describedby=\"tt\" data-cmtooltip=\"&lt;div class=glossaryItemTitle&gt;Quartier&lt;\/div&gt;&lt;div class=glossaryItemBody&gt;Amtliches, historisches, soziales oder stadtplanerisches Stadtviertel&lt;\/div&gt;\" data-mobile-support=\"0\" data-gt-translate-attributes='[{\"attribute\":\"data-cmtooltip\", \"format\":\"html\"}]' tabindex=\"0\" role=\"link\">quartier<\/span> avec la place St. Mathieu et un autre square &agrave; l&rsquo;entr&eacute;e du <span class=\"glossaryLink\" aria-describedby=\"tt\" data-cmtooltip=\"&lt;div class=glossaryItemTitle&gt;Quartier&lt;\/div&gt;&lt;div class=glossaryItemBody&gt;Amtliches, historisches, soziales oder stadtplanerisches Stadtviertel&lt;\/div&gt;\" data-mobile-support=\"0\" data-gt-translate-attributes='[{\"attribute\":\"data-cmtooltip\", \"format\":\"html\"}]' tabindex=\"0\" role=\"link\">quartier<\/span>, le Square des Marronniers. Le d&eacute;veloppement de la mobilit&eacute; douce sera aussi au programme, avec l&rsquo;extension des chemins pi&eacute;tonniers et des pistes cyclables ainsi que le r&eacute;am&eacute;nagement de la route de Pr&eacute;-Marais. La construction du nouveau <span class=\"glossaryLink\" aria-describedby=\"tt\" data-cmtooltip=\"&lt;div class=glossaryItemTitle&gt;Quartier&lt;\/div&gt;&lt;div class=glossaryItemBody&gt;Amtliches, historisches, soziales oder stadtplanerisches Stadtviertel&lt;\/div&gt;\" data-mobile-support=\"0\" data-gt-translate-attributes='[{\"attribute\":\"data-cmtooltip\", \"format\":\"html\"}]' tabindex=\"0\" role=\"link\">quartier<\/span> est en cours depuis d&eacute;but 2020. Deux tiers des appartements seront propos&eacute;s &agrave; la location, un tiers &agrave; la vente. Les logements seront r&eacute;serv&eacute;s en priorit&eacute; aux habitants de la ville.<br>Les travaux d&rsquo;extension de la ligne du tram 14 ont cours actuellement, en vue d&rsquo;un prolongement jusqu&rsquo;au terminus de Vailly. Le nouveau trac&eacute; doit entrer en service en m&ecirc;me temps qu&rsquo;arriveront les premiers habitants en 2021. Afin de mod&eacute;rer le trafic sur la route de Chancy, une nouvelle route de liaison sera construite entre la route d&rsquo;Aire-la-Ville et la voie de contournement. Cette route, baptis&eacute;e Boulevard des Abarois, doit &eacute;galement ouvrir en 2021. Une voie parall&egrave;le arbor&eacute;e sera cr&eacute;&eacute;e pour la circulation des pi&eacute;tons et des cyclistes.<br><br>A l&rsquo;avenir, il ne manquera plus qu&rsquo;une gare CFF &agrave; la ville &ndash; peut-&ecirc;tre qu&rsquo;un prolongement du L&eacute;man-Express pourrait &ecirc;tre discut&eacute; un jour. Quoiqu&rsquo;il en soit, une chose est claire: l&rsquo;ancienne petite ville devient un nouveau centre r&eacute;gional, con&ccedil;u d&rsquo;apr&egrave;s le standard du label Cit&eacute; de l&rsquo;Energie Gold. Ainsi, l&rsquo;&eacute;clairage public sera lui aussi con&ccedil;u dans un souci d&rsquo;efficacit&eacute; &eacute;nerg&eacute;tique, et la pollution lumineuse minimis&eacute;e pour le bien des animaux et insectes nocturnes.<\/p>\n\n\n\n<h3 class=\"wp-block-heading\">Le projet &laquo;Saint-Mathieu&raquo; en quelques chiffres:<\/h3>\n\n\n\n<p class=\"wp-block-paragraph\"><strong>R&eacute;alisation:<\/strong> 2020-2023<br><strong>Propri&eacute;taire:<\/strong> Opalys SA<br><strong>Architecte:<\/strong> Sylla Widmann<br><strong>Architectes associ&eacute;s: <\/strong>Baud &amp; Fr&uuml;h Atelier d&rsquo;architecture SA<br><strong>Gestion de la construction:<\/strong> Architekt SA<br><strong>Ing&eacute;nieur civil:<\/strong> Ingeni SA<br><strong>Architecte paysagiste:<\/strong> Oxalis<\/p>\n","protected":false},"excerpt":{"rendered":"<p>Le projet de Saint-Mathieu pr\u00e9voit la construction de 380 unit\u00e9s de logement, d\u2019une cr\u00e8che, de diverses offres de services, ainsi que la cr\u00e9ation de 100 nouvelles places de travail. D\u2019apr\u00e8s le plan directeur cantonal, Bernex doit se d\u00e9velopper en un p\u00f4le r\u00e9gional \u00e0 l\u2019horizon 2030.<\/p>\n","protected":false},"author":2,"featured_media":45261,"comment_status":"open","ping_status":"open","sticky":false,"template":"","format":"standard","meta":{"pmpro_default_level":"","inline_featured_image":false,"_monsterinsights_skip_tracking":false,"footnotes":""},"categories":[9824,739,8452,9440],"tags":[34995,34994,34988,34980],"class_list":["post-45260","post","type-post","status-publish","format-standard","has-post-thumbnail","hentry","category-nouvelle-construction","category-projects","category-regions","category-region-romandie-fr","tag-bernex","tag-dune-creche","tag-nouveau-quartier","tag-unites-de-logement","pmpro-has-access"],"acf":{"bild_mit_ki_erstellt_worden":[],"lead":"Le projet de Saint-Mathieu pr\u00e9voit la construction de 380 unit\u00e9s de logement, d\u2019une cr\u00e8che, de diverses offres de services, ainsi que la cr\u00e9ation de 100 nouvelles places de travail. D\u2019apr\u00e8s le plan directeur cantonal, Bernex doit se d\u00e9velopper en un p\u00f4le r\u00e9gional \u00e0 l\u2019horizon 2030.","autor":"Texte: opalys.ch, ge.ch \/ Photos: Widmann architectes","ort":"Saint-Mathieu","bildunterschrift":"","bild_im_grid":false,"gallerie":"","newsim":""},"aioseo_notices":[],"aioseo_head":"\n\t\t<!-- All in One SEO 5.0.0.1 - aioseo.com -->\n\t<meta name=\"description\" content=\"Le projet de Saint-Mathieu pr\u00e9voit la construction de 380 unit\u00e9s de logement, d\u2019une cr\u00e8che, de diverses offres de services, ainsi que la cr\u00e9ation de 100 nouvelles places de travail. D\u2019apr\u00e8s le plan directeur cantonal, Bernex doit se d\u00e9velopper en un p\u00f4le r\u00e9gional \u00e0 l\u2019horizon 2030.\" \/>\n\t<meta name=\"robots\" content=\"max-image-preview:large\" \/>\n\t<meta name=\"author\" content=\"immovestuser\"\/>\n\t<meta name=\"google-site-verification\" content=\"fHJKvgWpZCR2zVBHWfkQeFXC11qieUSff0HGNYfuyLA\" \/>\n\t<link rel=\"canonical\" href=\"https:\/\/www.immo-invest.ch\/fr\/grand-projet-bernex\/\" \/>\n\t<meta name=\"generator\" content=\"All in One SEO (AIOSEO) 5.0.0.1\" \/>\n\t\t<meta property=\"og:locale\" content=\"fr_FR\" \/>\n\t\t<meta property=\"og:site_name\" content=\"immo!nvest - Die Plattform f\u00fcr Standorte und Immobilien - Die\u00a0Plattform f\u00fcr Standorte und Immobilien\" \/>\n\t\t<meta property=\"og:type\" content=\"article\" \/>\n\t\t<meta property=\"og:title\" content=\"Grand-projet Bernex - immo!nvest - Die Plattform f\u00fcr Standorte und Immobilien\" \/>\n\t\t<meta property=\"og:description\" content=\"Le projet de Saint-Mathieu pr\u00e9voit la construction de 380 unit\u00e9s de logement, d\u2019une cr\u00e8che, de diverses offres de services, ainsi que la cr\u00e9ation de 100 nouvelles places de travail. D\u2019apr\u00e8s le plan directeur cantonal, Bernex doit se d\u00e9velopper en un p\u00f4le r\u00e9gional \u00e0 l\u2019horizon 2030.\" \/>\n\t\t<meta property=\"og:url\" content=\"https:\/\/www.immo-invest.ch\/fr\/grand-projet-bernex\/\" \/>\n\t\t<meta property=\"og:image\" content=\"https:\/\/www.immo-invest.ch\/wp-content\/uploads\/2022\/10\/bernex.jpg\" \/>\n\t\t<meta property=\"og:image:secure_url\" content=\"https:\/\/www.immo-invest.ch\/wp-content\/uploads\/2022\/10\/bernex.jpg\" \/>\n\t\t<meta property=\"og:image:width\" content=\"1000\" \/>\n\t\t<meta property=\"og:image:height\" content=\"500\" \/>\n\t\t<meta property=\"article:published_time\" content=\"2022-10-14T07:47:35+00:00\" \/>\n\t\t<meta property=\"article:modified_time\" content=\"2022-10-14T07:47:37+00:00\" \/>\n\t\t<meta property=\"article:publisher\" content=\"https:\/\/www.facebook.com\/people\/Immoinvest\/100077962920504\/\" \/>\n\t\t<meta name=\"twitter:card\" content=\"summary_large_image\" \/>\n\t\t<meta name=\"twitter:site\" content=\"@i\" \/>\n\t\t<meta name=\"twitter:title\" content=\"Grand-projet Bernex - immo!nvest - Die Plattform f\u00fcr Standorte und Immobilien\" \/>\n\t\t<meta name=\"twitter:description\" content=\"Le projet de Saint-Mathieu pr\u00e9voit la construction de 380 unit\u00e9s de logement, d\u2019une cr\u00e8che, de diverses offres de services, ainsi que la cr\u00e9ation de 100 nouvelles places de travail. D\u2019apr\u00e8s le plan directeur cantonal, Bernex doit se d\u00e9velopper en un p\u00f4le r\u00e9gional \u00e0 l\u2019horizon 2030.\" \/>\n\t\t<meta name=\"twitter:creator\" content=\"@i\" \/>\n\t\t<meta name=\"twitter:image\" content=\"https:\/\/www.immo-invest.ch\/wp-content\/uploads\/2022\/10\/bernex.jpg\" \/>\n\t\t<script type=\"application\/ld+json\" class=\"aioseo-schema\">\n\t\t\t{\"@context\":\"https:\\\/\\\/schema.org\",\"@graph\":[{\"@type\":\"BlogPosting\",\"@id\":\"https:\\\/\\\/www.immo-invest.ch\\\/fr\\\/grand-projet-bernex\\\/#blogposting\",\"name\":\"Grand-projet Bernex - immo!nvest - Die Plattform f\\u00fcr Standorte und Immobilien\",\"headline\":\"Grand-projet Bernex\",\"author\":{\"@id\":\"https:\\\/\\\/www.immo-invest.ch\\\/fr\\\/author\\\/immovestuser\\\/#author\"},\"publisher\":{\"@id\":\"https:\\\/\\\/www.immo-invest.ch\\\/fr\\\/#organization\"},\"image\":{\"@type\":\"ImageObject\",\"url\":\"https:\\\/\\\/www.immo-invest.ch\\\/wp-content\\\/uploads\\\/2022\\\/10\\\/bernex.jpg\",\"width\":1000,\"height\":500},\"datePublished\":\"2022-10-14T09:47:35+02:00\",\"dateModified\":\"2022-10-14T09:47:37+02:00\",\"inLanguage\":\"fr-FR\",\"mainEntityOfPage\":{\"@id\":\"https:\\\/\\\/www.immo-invest.ch\\\/fr\\\/grand-projet-bernex\\\/#webpage\"},\"isPartOf\":{\"@id\":\"https:\\\/\\\/www.immo-invest.ch\\\/fr\\\/grand-projet-bernex\\\/#webpage\"},\"articleSection\":\"Nouvelle construction, Projects, R\\u00e9gions, Romandie, Bernex, d\\u2019une cr\\u00e8che, nouveau quartier, unit\\u00e9s de logement, Facultatif\"},{\"@type\":\"BreadcrumbList\",\"@id\":\"https:\\\/\\\/www.immo-invest.ch\\\/fr\\\/grand-projet-bernex\\\/#breadcrumblist\",\"itemListElement\":[{\"@type\":\"ListItem\",\"@id\":\"https:\\\/\\\/www.immo-invest.ch\\\/fr\\\/#listItem\",\"position\":1,\"name\":\"Home\",\"item\":\"https:\\\/\\\/www.immo-invest.ch\\\/fr\\\/\",\"nextItem\":{\"@type\":\"ListItem\",\"@id\":\"https:\\\/\\\/www.immo-invest.ch\\\/fr\\\/categories\\\/regions\\\/#listItem\",\"name\":\"R\\u00e9gions\"}},{\"@type\":\"ListItem\",\"@id\":\"https:\\\/\\\/www.immo-invest.ch\\\/fr\\\/categories\\\/regions\\\/#listItem\",\"position\":2,\"name\":\"R\\u00e9gions\",\"item\":\"https:\\\/\\\/www.immo-invest.ch\\\/fr\\\/categories\\\/regions\\\/\",\"nextItem\":{\"@type\":\"ListItem\",\"@id\":\"https:\\\/\\\/www.immo-invest.ch\\\/fr\\\/categories\\\/regions\\\/region-romandie-fr\\\/#listItem\",\"name\":\"Romandie\"},\"previousItem\":{\"@type\":\"ListItem\",\"@id\":\"https:\\\/\\\/www.immo-invest.ch\\\/fr\\\/#listItem\",\"name\":\"Home\"}},{\"@type\":\"ListItem\",\"@id\":\"https:\\\/\\\/www.immo-invest.ch\\\/fr\\\/categories\\\/regions\\\/region-romandie-fr\\\/#listItem\",\"position\":3,\"name\":\"Romandie\",\"item\":\"https:\\\/\\\/www.immo-invest.ch\\\/fr\\\/categories\\\/regions\\\/region-romandie-fr\\\/\",\"nextItem\":{\"@type\":\"ListItem\",\"@id\":\"https:\\\/\\\/www.immo-invest.ch\\\/fr\\\/grand-projet-bernex\\\/#listItem\",\"name\":\"Grand-projet Bernex\"},\"previousItem\":{\"@type\":\"ListItem\",\"@id\":\"https:\\\/\\\/www.immo-invest.ch\\\/fr\\\/categories\\\/regions\\\/#listItem\",\"name\":\"R\\u00e9gions\"}},{\"@type\":\"ListItem\",\"@id\":\"https:\\\/\\\/www.immo-invest.ch\\\/fr\\\/grand-projet-bernex\\\/#listItem\",\"position\":4,\"name\":\"Grand-projet Bernex\",\"previousItem\":{\"@type\":\"ListItem\",\"@id\":\"https:\\\/\\\/www.immo-invest.ch\\\/fr\\\/categories\\\/regions\\\/region-romandie-fr\\\/#listItem\",\"name\":\"Romandie\"}}]},{\"@type\":\"Organization\",\"@id\":\"https:\\\/\\\/www.immo-invest.ch\\\/fr\\\/#organization\",\"name\":\"immo!nvest - Die Plattform f\\u00fcr Standorte und Immobilien\",\"description\":\"Die\\u00a0Plattform f\\u00fcr Standorte und Immobilien\",\"url\":\"https:\\\/\\\/www.immo-invest.ch\\\/fr\\\/\",\"email\":\"admin@immomedia.ag\",\"telephone\":\"+41444420002\",\"logo\":{\"@type\":\"ImageObject\",\"url\":\"https:\\\/\\\/www.immo-invest.ch\\\/wp-content\\\/uploads\\\/2024\\\/09\\\/immoinvest_sm-scaled.jpg\",\"@id\":\"https:\\\/\\\/www.immo-invest.ch\\\/fr\\\/grand-projet-bernex\\\/#organizationLogo\",\"width\":2560,\"height\":1340},\"image\":{\"@id\":\"https:\\\/\\\/www.immo-invest.ch\\\/fr\\\/grand-projet-bernex\\\/#organizationLogo\"},\"sameAs\":[\"https:\\\/\\\/www.facebook.com\\\/people\\\/Immoinvest\\\/100077962920504\\\/\",\"https:\\\/\\\/x.com\\\/i\\\/flow\\\/login?redirect_after_login=immoinvest_ch\",\"https:\\\/\\\/www.instagram.com\\\/immoinvest_ch\\\/\",\"https:\\\/\\\/www.linkedin.com\\\/company\\\/immoinvest-swiss\"]},{\"@type\":\"Person\",\"@id\":\"https:\\\/\\\/www.immo-invest.ch\\\/fr\\\/author\\\/immovestuser\\\/#author\",\"url\":\"https:\\\/\\\/www.immo-invest.ch\\\/fr\\\/author\\\/immovestuser\\\/\",\"name\":\"immovestuser\",\"image\":{\"@type\":\"ImageObject\",\"@id\":\"https:\\\/\\\/www.immo-invest.ch\\\/fr\\\/grand-projet-bernex\\\/#authorImage\",\"url\":\"https:\\\/\\\/secure.gravatar.com\\\/avatar\\\/8e01f4d99f2eeea7a362ebb93305e1172a70e9293ba250f897a65c39f54cdd1e?s=96&d=mm&r=g\",\"width\":96,\"height\":96,\"caption\":\"immovestuser\"}},{\"@type\":\"WebPage\",\"@id\":\"https:\\\/\\\/www.immo-invest.ch\\\/fr\\\/grand-projet-bernex\\\/#webpage\",\"url\":\"https:\\\/\\\/www.immo-invest.ch\\\/fr\\\/grand-projet-bernex\\\/\",\"name\":\"Grand-projet Bernex - immo!nvest - Die Plattform f\\u00fcr Standorte und Immobilien\",\"description\":\"Le projet de Saint-Mathieu pr\\u00e9voit la construction de 380 unit\\u00e9s de logement, d\\u2019une cr\\u00e8che, de diverses offres de services, ainsi que la cr\\u00e9ation de 100 nouvelles places de travail. D\\u2019apr\\u00e8s le plan directeur cantonal, Bernex doit se d\\u00e9velopper en un p\\u00f4le r\\u00e9gional \\u00e0 l\\u2019horizon 2030.\",\"inLanguage\":\"fr-FR\",\"isPartOf\":{\"@id\":\"https:\\\/\\\/www.immo-invest.ch\\\/fr\\\/#website\"},\"breadcrumb\":{\"@id\":\"https:\\\/\\\/www.immo-invest.ch\\\/fr\\\/grand-projet-bernex\\\/#breadcrumblist\"},\"author\":{\"@id\":\"https:\\\/\\\/www.immo-invest.ch\\\/fr\\\/author\\\/immovestuser\\\/#author\"},\"creator\":{\"@id\":\"https:\\\/\\\/www.immo-invest.ch\\\/fr\\\/author\\\/immovestuser\\\/#author\"},\"image\":{\"@type\":\"ImageObject\",\"url\":\"https:\\\/\\\/www.immo-invest.ch\\\/wp-content\\\/uploads\\\/2022\\\/10\\\/bernex.jpg\",\"@id\":\"https:\\\/\\\/www.immo-invest.ch\\\/fr\\\/grand-projet-bernex\\\/#mainImage\",\"width\":1000,\"height\":500},\"primaryImageOfPage\":{\"@id\":\"https:\\\/\\\/www.immo-invest.ch\\\/fr\\\/grand-projet-bernex\\\/#mainImage\"},\"datePublished\":\"2022-10-14T09:47:35+02:00\",\"dateModified\":\"2022-10-14T09:47:37+02:00\"},{\"@type\":\"WebSite\",\"@id\":\"https:\\\/\\\/www.immo-invest.ch\\\/fr\\\/#website\",\"url\":\"https:\\\/\\\/www.immo-invest.ch\\\/fr\\\/\",\"name\":\"immo!nvest - Die Plattform f\\u00fcr Standorte und Immobilien\",\"description\":\"Die\\u00a0Plattform f\\u00fcr Standorte und Immobilien\",\"inLanguage\":\"fr-FR\",\"publisher\":{\"@id\":\"https:\\\/\\\/www.immo-invest.ch\\\/fr\\\/#organization\"}}]}\n\t\t<\/script>\n\t\t<!-- All in One SEO -->\n\n","aioseo_head_json":{"title":"Grand-projet Bernex - immo!nvest - Die Plattform f\u00fcr Standorte und Immobilien","description":"Le projet de Saint-Mathieu pr\u00e9voit la construction de 380 unit\u00e9s de logement, d\u2019une cr\u00e8che, de diverses offres de services, ainsi que la cr\u00e9ation de 100 nouvelles places de travail. D\u2019apr\u00e8s le plan directeur cantonal, Bernex doit se d\u00e9velopper en un p\u00f4le r\u00e9gional \u00e0 l\u2019horizon 2030.","canonical_url":"https:\/\/www.immo-invest.ch\/fr\/grand-projet-bernex\/","robots":"max-image-preview:large","keywords":"","webmasterTools":{"google-site-verification":"fHJKvgWpZCR2zVBHWfkQeFXC11qieUSff0HGNYfuyLA","miscellaneous":""},"schema":{"@context":"https:\/\/schema.org","@graph":[{"@type":"BlogPosting","@id":"https:\/\/www.immo-invest.ch\/fr\/grand-projet-bernex\/#blogposting","name":"Grand-projet Bernex - immo!nvest - Die Plattform f\u00fcr Standorte und Immobilien","headline":"Grand-projet Bernex","author":{"@id":"https:\/\/www.immo-invest.ch\/fr\/author\/immovestuser\/#author"},"publisher":{"@id":"https:\/\/www.immo-invest.ch\/fr\/#organization"},"image":{"@type":"ImageObject","url":"https:\/\/www.immo-invest.ch\/wp-content\/uploads\/2022\/10\/bernex.jpg","width":1000,"height":500},"datePublished":"2022-10-14T09:47:35+02:00","dateModified":"2022-10-14T09:47:37+02:00","inLanguage":"fr-FR","mainEntityOfPage":{"@id":"https:\/\/www.immo-invest.ch\/fr\/grand-projet-bernex\/#webpage"},"isPartOf":{"@id":"https:\/\/www.immo-invest.ch\/fr\/grand-projet-bernex\/#webpage"},"articleSection":"Nouvelle construction, Projects, R\u00e9gions, Romandie, Bernex, d\u2019une cr\u00e8che, nouveau quartier, unit\u00e9s de logement, Facultatif"},{"@type":"BreadcrumbList","@id":"https:\/\/www.immo-invest.ch\/fr\/grand-projet-bernex\/#breadcrumblist","itemListElement":[{"@type":"ListItem","@id":"https:\/\/www.immo-invest.ch\/fr\/#listItem","position":1,"name":"Home","item":"https:\/\/www.immo-invest.ch\/fr\/","nextItem":{"@type":"ListItem","@id":"https:\/\/www.immo-invest.ch\/fr\/categories\/regions\/#listItem","name":"R\u00e9gions"}},{"@type":"ListItem","@id":"https:\/\/www.immo-invest.ch\/fr\/categories\/regions\/#listItem","position":2,"name":"R\u00e9gions","item":"https:\/\/www.immo-invest.ch\/fr\/categories\/regions\/","nextItem":{"@type":"ListItem","@id":"https:\/\/www.immo-invest.ch\/fr\/categories\/regions\/region-romandie-fr\/#listItem","name":"Romandie"},"previousItem":{"@type":"ListItem","@id":"https:\/\/www.immo-invest.ch\/fr\/#listItem","name":"Home"}},{"@type":"ListItem","@id":"https:\/\/www.immo-invest.ch\/fr\/categories\/regions\/region-romandie-fr\/#listItem","position":3,"name":"Romandie","item":"https:\/\/www.immo-invest.ch\/fr\/categories\/regions\/region-romandie-fr\/","nextItem":{"@type":"ListItem","@id":"https:\/\/www.immo-invest.ch\/fr\/grand-projet-bernex\/#listItem","name":"Grand-projet Bernex"},"previousItem":{"@type":"ListItem","@id":"https:\/\/www.immo-invest.ch\/fr\/categories\/regions\/#listItem","name":"R\u00e9gions"}},{"@type":"ListItem","@id":"https:\/\/www.immo-invest.ch\/fr\/grand-projet-bernex\/#listItem","position":4,"name":"Grand-projet Bernex","previousItem":{"@type":"ListItem","@id":"https:\/\/www.immo-invest.ch\/fr\/categories\/regions\/region-romandie-fr\/#listItem","name":"Romandie"}}]},{"@type":"Organization","@id":"https:\/\/www.immo-invest.ch\/fr\/#organization","name":"immo!nvest - Die Plattform f\u00fcr Standorte und Immobilien","description":"Die\u00a0Plattform f\u00fcr Standorte und Immobilien","url":"https:\/\/www.immo-invest.ch\/fr\/","email":"admin@immomedia.ag","telephone":"+41444420002","logo":{"@type":"ImageObject","url":"https:\/\/www.immo-invest.ch\/wp-content\/uploads\/2024\/09\/immoinvest_sm-scaled.jpg","@id":"https:\/\/www.immo-invest.ch\/fr\/grand-projet-bernex\/#organizationLogo","width":2560,"height":1340},"image":{"@id":"https:\/\/www.immo-invest.ch\/fr\/grand-projet-bernex\/#organizationLogo"},"sameAs":["https:\/\/www.facebook.com\/people\/Immoinvest\/100077962920504\/","https:\/\/x.com\/i\/flow\/login?redirect_after_login=immoinvest_ch","https:\/\/www.instagram.com\/immoinvest_ch\/","https:\/\/www.linkedin.com\/company\/immoinvest-swiss"]},{"@type":"Person","@id":"https:\/\/www.immo-invest.ch\/fr\/author\/immovestuser\/#author","url":"https:\/\/www.immo-invest.ch\/fr\/author\/immovestuser\/","name":"immovestuser","image":{"@type":"ImageObject","@id":"https:\/\/www.immo-invest.ch\/fr\/grand-projet-bernex\/#authorImage","url":"https:\/\/secure.gravatar.com\/avatar\/8e01f4d99f2eeea7a362ebb93305e1172a70e9293ba250f897a65c39f54cdd1e?s=96&d=mm&r=g","width":96,"height":96,"caption":"immovestuser"}},{"@type":"WebPage","@id":"https:\/\/www.immo-invest.ch\/fr\/grand-projet-bernex\/#webpage","url":"https:\/\/www.immo-invest.ch\/fr\/grand-projet-bernex\/","name":"Grand-projet Bernex - immo!nvest - Die Plattform f\u00fcr Standorte und Immobilien","description":"Le projet de Saint-Mathieu pr\u00e9voit la construction de 380 unit\u00e9s de logement, d\u2019une cr\u00e8che, de diverses offres de services, ainsi que la cr\u00e9ation de 100 nouvelles places de travail. D\u2019apr\u00e8s le plan directeur cantonal, Bernex doit se d\u00e9velopper en un p\u00f4le r\u00e9gional \u00e0 l\u2019horizon 2030.","inLanguage":"fr-FR","isPartOf":{"@id":"https:\/\/www.immo-invest.ch\/fr\/#website"},"breadcrumb":{"@id":"https:\/\/www.immo-invest.ch\/fr\/grand-projet-bernex\/#breadcrumblist"},"author":{"@id":"https:\/\/www.immo-invest.ch\/fr\/author\/immovestuser\/#author"},"creator":{"@id":"https:\/\/www.immo-invest.ch\/fr\/author\/immovestuser\/#author"},"image":{"@type":"ImageObject","url":"https:\/\/www.immo-invest.ch\/wp-content\/uploads\/2022\/10\/bernex.jpg","@id":"https:\/\/www.immo-invest.ch\/fr\/grand-projet-bernex\/#mainImage","width":1000,"height":500},"primaryImageOfPage":{"@id":"https:\/\/www.immo-invest.ch\/fr\/grand-projet-bernex\/#mainImage"},"datePublished":"2022-10-14T09:47:35+02:00","dateModified":"2022-10-14T09:47:37+02:00"},{"@type":"WebSite","@id":"https:\/\/www.immo-invest.ch\/fr\/#website","url":"https:\/\/www.immo-invest.ch\/fr\/","name":"immo!nvest - Die Plattform f\u00fcr Standorte und Immobilien","description":"Die\u00a0Plattform f\u00fcr Standorte und Immobilien","inLanguage":"fr-FR","publisher":{"@id":"https:\/\/www.immo-invest.ch\/fr\/#organization"}}]},"og:locale":"fr_FR","og:site_name":"immo!nvest - Die Plattform f\u00fcr Standorte und Immobilien - Die\u00a0Plattform f\u00fcr Standorte und Immobilien","og:type":"article","og:title":"Grand-projet Bernex - immo!nvest - Die Plattform f\u00fcr Standorte und Immobilien","og:description":"Le projet de Saint-Mathieu pr\u00e9voit la construction de 380 unit\u00e9s de logement, d\u2019une cr\u00e8che, de diverses offres de services, ainsi que la cr\u00e9ation de 100 nouvelles places de travail. D\u2019apr\u00e8s le plan directeur cantonal, Bernex doit se d\u00e9velopper en un p\u00f4le r\u00e9gional \u00e0 l\u2019horizon 2030.","og:url":"https:\/\/www.immo-invest.ch\/fr\/grand-projet-bernex\/","og:image":"https:\/\/www.immo-invest.ch\/wp-content\/uploads\/2022\/10\/bernex.jpg","og:image:secure_url":"https:\/\/www.immo-invest.ch\/wp-content\/uploads\/2022\/10\/bernex.jpg","og:image:width":1000,"og:image:height":500,"article:published_time":"2022-10-14T07:47:35+00:00","article:modified_time":"2022-10-14T07:47:37+00:00","article:publisher":"https:\/\/www.facebook.com\/people\/Immoinvest\/100077962920504\/","twitter:card":"summary_large_image","twitter:site":"@i","twitter:title":"Grand-projet Bernex - immo!nvest - Die Plattform f\u00fcr Standorte und Immobilien","twitter:description":"Le projet de Saint-Mathieu pr\u00e9voit la construction de 380 unit\u00e9s de logement, d\u2019une cr\u00e8che, de diverses offres de services, ainsi que la cr\u00e9ation de 100 nouvelles places de travail. D\u2019apr\u00e8s le plan directeur cantonal, Bernex doit se d\u00e9velopper en un p\u00f4le r\u00e9gional \u00e0 l\u2019horizon 2030.","twitter:creator":"@i","twitter:image":"https:\/\/www.immo-invest.ch\/wp-content\/uploads\/2022\/10\/bernex.jpg"},"aioseo_meta_data":{"post_id":"45260","title":null,"description":null,"keywords":null,"keyphrases":null,"primary_term":null,"canonical_url":null,"og_title":null,"og_description":null,"og_object_type":"default","og_image_type":"default","og_image_url":null,"og_image_width":null,"og_image_height":null,"og_image_custom_url":null,"og_image_custom_fields":null,"og_video":null,"og_custom_url":null,"og_article_section":null,"og_article_tags":null,"twitter_use_og":false,"twitter_card":"default","twitter_image_type":"default","twitter_image_url":null,"twitter_image_custom_url":null,"twitter_image_custom_fields":null,"twitter_title":null,"twitter_description":null,"schema":{"blockGraphs":[],"customGraphs":[],"default":{"data":{"Article":[],"Course":[],"Dataset":[],"FAQPage":[],"Movie":[],"Person":[],"Product":[],"ProductReview":[],"Car":[],"Recipe":[],"Service":[],"SoftwareApplication":[],"WebPage":[]},"graphName":"","isEnabled":true},"graphs":[]},"schema_type":"default","schema_type_options":null,"pillar_content":false,"robots_default":true,"robots_noindex":false,"robots_noarchive":false,"robots_nosnippet":false,"robots_nofollow":false,"robots_noimageindex":false,"robots_noodp":false,"robots_notranslate":false,"robots_max_snippet":null,"robots_max_videopreview":null,"robots_max_imagepreview":"large","priority":null,"frequency":null,"local_seo":null,"breadcrumb_settings":null,"limit_modified_date":false,"ai":null,"created":"2024-09-19 21:10:46","updated":"2025-10-23 02:49:14","seo_analyzer_scan_date":null,"focus_keyword":null,"additional_keywords":null,"truseo_locale":null},"aioseo_breadcrumb":"<div class=\"aioseo-breadcrumbs\"><span class=\"aioseo-breadcrumb\">\n\t\t\t<a href=\"https:\/\/www.immo-invest.ch\/fr\/\" title=\"Home\">Home<\/a>\n\t\t<\/span><span class=\"aioseo-breadcrumb-separator\">&raquo;<\/span><span class=\"aioseo-breadcrumb\">\n\t\t\t<a href=\"https:\/\/www.immo-invest.ch\/fr\/categories\/regions\/\" title=\"R\u00e9gions\">R\u00e9gions<\/a>\n\t\t<\/span><span class=\"aioseo-breadcrumb-separator\">&raquo;<\/span><span class=\"aioseo-breadcrumb\">\n\t\t\t<a href=\"https:\/\/www.immo-invest.ch\/fr\/categories\/regions\/region-romandie-fr\/\" title=\"Romandie\">Romandie<\/a>\n\t\t<\/span><span class=\"aioseo-breadcrumb-separator\">&raquo;<\/span><span class=\"aioseo-breadcrumb\">\n\t\t\tGrand-projet Bernex\n\t\t<\/span><\/div>","aioseo_breadcrumb_json":[{"label":"Home","link":"https:\/\/www.immo-invest.ch\/fr\/"},{"label":"R\u00e9gions","link":"https:\/\/www.immo-invest.ch\/fr\/categories\/regions\/"},{"label":"Romandie","link":"https:\/\/www.immo-invest.ch\/fr\/categories\/regions\/region-romandie-fr\/"},{"label":"Grand-projet Bernex","link":"https:\/\/www.immo-invest.ch\/fr\/grand-projet-bernex\/"}],"featured_image_src":"https:\/\/www.immo-invest.ch\/wp-content\/uploads\/2022\/10\/bernex-336x168.jpg","_links":{"self":[{"href":"https:\/\/www.immo-invest.ch\/fr\/wp-json\/wp\/v2\/posts\/45260","targetHints":{"allow":["GET"]}}],"collection":[{"href":"https:\/\/www.immo-invest.ch\/fr\/wp-json\/wp\/v2\/posts"}],"about":[{"href":"https:\/\/www.immo-invest.ch\/fr\/wp-json\/wp\/v2\/types\/post"}],"author":[{"embeddable":true,"href":"https:\/\/www.immo-invest.ch\/fr\/wp-json\/wp\/v2\/users\/2"}],"replies":[{"embeddable":true,"href":"https:\/\/www.immo-invest.ch\/fr\/wp-json\/wp\/v2\/comments?post=45260"}],"version-history":[{"count":0,"href":"https:\/\/www.immo-invest.ch\/fr\/wp-json\/wp\/v2\/posts\/45260\/revisions"}],"wp:featuredmedia":[{"embeddable":true,"href":"https:\/\/www.immo-invest.ch\/fr\/wp-json\/wp\/v2\/media\/45261"}],"wp:attachment":[{"href":"https:\/\/www.immo-invest.ch\/fr\/wp-json\/wp\/v2\/media?parent=45260"}],"wp:term":[{"taxonomy":"category","embeddable":true,"href":"https:\/\/www.immo-invest.ch\/fr\/wp-json\/wp\/v2\/categories?post=45260"},{"taxonomy":"post_tag","embeddable":true,"href":"https:\/\/www.immo-invest.ch\/fr\/wp-json\/wp\/v2\/tags?post=45260"}],"curies":[{"name":"wp","href":"https:\/\/api.w.org\/{rel}","templated":true}]}}