{"id":45230,"date":"2022-10-14T09:23:13","date_gmt":"2022-10-14T07:23:13","guid":{"rendered":"https:\/\/www.immo-invest.ch\/?p=45230"},"modified":"2022-10-14T09:23:14","modified_gmt":"2022-10-14T07:23:14","slug":"quartier-de-letang-une-ville-dans-la-ville","status":"publish","type":"post","link":"https:\/\/www.immo-invest.ch\/fr\/quartier-de-letang-une-ville-dans-la-ville\/","title":{"rendered":"\u00abQuartier de l\u2019Etang\u00bb :<br>une ville dans la ville"},"content":{"rendered":"<p class=\"wp-block-paragraph\">&Agrave; seulement deux kilom&egrave;tres du c&oelig;ur de Gen&egrave;ve, non loin de l&rsquo;a&eacute;roport international, le nouveau <span class=\"glossaryLink\" aria-describedby=\"tt\" data-cmtooltip=\"&lt;div class=glossaryItemTitle&gt;Quartier&lt;\/div&gt;&lt;div class=glossaryItemBody&gt;Amtliches, historisches, soziales oder stadtplanerisches Stadtviertel&lt;\/div&gt;\" data-mobile-support=\"0\" data-gt-translate-attributes='[{\"attribute\":\"data-cmtooltip\", \"format\":\"html\"}]' tabindex=\"0\" role=\"link\">quartier<\/span> de l&rsquo;Etang s&rsquo;&eacute;tendra sur pr&egrave;s de 11 hectares. 1000 unit&eacute;s de logement pour 2500 habitants verront le jour sur six &icirc;lots. De plus, 2500 places de travail seront cr&eacute;&eacute;es.<br><br>La soci&eacute;t&eacute; Urban Project SA est responsable de la planification et de l&rsquo;ex&eacute;cution du projet, qui repr&eacute;sente une future surface brute de plancher d&rsquo;environ 250 000 m&sup2;. Les 7 &icirc;lots de 26 immeubles au total doivent s&rsquo;int&eacute;grer harmonieusement dans le contexte urbain existant et dans l&rsquo;environnement naturel.<\/p>\n\n\n\n<p class=\"wp-block-paragraph\">Le long de l&rsquo;autoroute verront ainsi le jour des bureaux, un h&ocirc;tel, des appart&rsquo; h&ocirc;tels, des logements &eacute;tudiants et des commerces. Une zone &laquo;c&oelig;ur de <span class=\"glossaryLink\" aria-describedby=\"tt\" data-cmtooltip=\"&lt;div class=glossaryItemTitle&gt;Quartier&lt;\/div&gt;&lt;div class=glossaryItemBody&gt;Amtliches, historisches, soziales oder stadtplanerisches Stadtviertel&lt;\/div&gt;\" data-mobile-support=\"0\" data-gt-translate-attributes='[{\"attribute\":\"data-cmtooltip\", \"format\":\"html\"}]' tabindex=\"0\" role=\"link\">quartier<\/span>&raquo;, situ&eacute;e pr&egrave;s du parc des Tritons, consistera en trois &icirc;lots de logements et un b&acirc;timent administratif. A proximit&eacute; des voies ferr&eacute;es se dressera un &icirc;lot artisanal et industriel, dont les futurs b&acirc;timents serviront d&rsquo;&eacute;cran contre les nuisances visuelles et sonores. Enfin, un groupe scolaire et des &eacute;quipements publics sont &eacute;galement pr&eacute;vus.<\/p>\n\n\n\n<p class=\"wp-block-paragraph\"><\/p>\n\n\n\n<figure class=\"wp-block-image size-large\"><img loading=\"lazy\" decoding=\"async\" width=\"928\" height=\"480\" src=\"https:\/\/www.immo-invest.ch\/wp-content\/uploads\/2022\/10\/letang-928x480.jpg\" alt=\"\" class=\"wp-image-45237\" srcset=\"https:\/\/www.immo-invest.ch\/wp-content\/uploads\/2022\/10\/letang-928x480.jpg 928w, https:\/\/www.immo-invest.ch\/wp-content\/uploads\/2022\/10\/letang-600x310.jpg 600w, https:\/\/www.immo-invest.ch\/wp-content\/uploads\/2022\/10\/letang-669x346.jpg 669w, https:\/\/www.immo-invest.ch\/wp-content\/uploads\/2022\/10\/letang-768x397.jpg 768w, https:\/\/www.immo-invest.ch\/wp-content\/uploads\/2022\/10\/letang.jpg 1000w\" sizes=\"auto, (max-width: 928px) 100vw, 928px\"\/><\/figure>\n\n\n\n<figure class=\"wp-block-image size-large\"><img loading=\"lazy\" decoding=\"async\" width=\"812\" height=\"480\" src=\"https:\/\/www.immo-invest.ch\/wp-content\/uploads\/2022\/10\/etang-812x480.jpg\" alt=\"\" class=\"wp-image-45241\" srcset=\"https:\/\/www.immo-invest.ch\/wp-content\/uploads\/2022\/10\/etang-812x480.jpg 812w, https:\/\/www.immo-invest.ch\/wp-content\/uploads\/2022\/10\/etang-600x355.jpg 600w, https:\/\/www.immo-invest.ch\/wp-content\/uploads\/2022\/10\/etang-585x346.jpg 585w, https:\/\/www.immo-invest.ch\/wp-content\/uploads\/2022\/10\/etang-768x454.jpg 768w, https:\/\/www.immo-invest.ch\/wp-content\/uploads\/2022\/10\/etang.jpg 1000w\" sizes=\"auto, (max-width: 812px) 100vw, 812px\"\/><\/figure>\n\n\n\n<p class=\"wp-block-paragraph\">Le <span class=\"glossaryLink\" aria-describedby=\"tt\" data-cmtooltip=\"&lt;div class=glossaryItemTitle&gt;Quartier&lt;\/div&gt;&lt;div class=glossaryItemBody&gt;Amtliches, historisches, soziales oder stadtplanerisches Stadtviertel&lt;\/div&gt;\" data-mobile-support=\"0\" data-gt-translate-attributes='[{\"attribute\":\"data-cmtooltip\", \"format\":\"html\"}]' tabindex=\"0\" role=\"link\">quartier<\/span> utilisera exclusivement les &eacute;nergies renouvelables et sera rattach&eacute; au r&eacute;seau GeniLac qui est aliment&eacute; avec l&rsquo;eau du lac L&eacute;man. Le projet est certifi&eacute; &laquo;Site 2000 watts&raquo;. Il promeut aussi une mobilit&eacute; douce: pi&eacute;tons et cyclistes auront acc&egrave;s &agrave; un vaste r&eacute;seau de chemins correspondants et &agrave; une passerelle pour pi&eacute;tons les acheminant &agrave; la gare du L&eacute;man Express. La ligne de bus 23 et les lignes de tram 14 et 18 seront &eacute;galement toutes proches. Les voitures seront stationn&eacute;es en sous-sol, avec des places de parking partag&eacute;es par les habitants et les actifs.<\/p>\n\n\n\n<p class=\"wp-block-paragraph\">C&rsquo;est l&rsquo;architecte Dominique Perrault qui a &eacute;labor&eacute; le projet pour le compte de la soci&eacute;t&eacute; Urban Project SA. En tant qu&rsquo;entreprise totale, Implenia r&eacute;alise depuis 2018 d&eacute;j&agrave; 270 logements locatifs sur l&rsquo;&icirc;lot E et s&rsquo;est vu confier la r&eacute;alisation de cinq autres b&acirc;timents &agrave; vocation commerciale sur l&rsquo;&icirc;lot A.<\/p>\n\n\n\n<h3 class=\"wp-block-heading\">Le projet en quelques chiffres:<\/h3>\n\n\n\n<p class=\"wp-block-paragraph\">2500 places de travail<br>1700 places de parking<br>mutualis&eacute;es<br>1100 logements connect&eacute;s<br>580 logements locatifs<br>230 logements &eacute;tudiants<br>100 logements seniors<br><strong>Propri&eacute;taire:<\/strong> PCM Op&eacute;rateur Urbain SA<br><strong>Ma&icirc;tre d&rsquo;ouvrage:<\/strong> PG Promotors SA, repr&eacute;sent&eacute; par Urban Project SA<br><strong>Auteur du plan directeur:<\/strong> Dominique Perrault Architecture<br><strong>Autres architectes associ&eacute;s:<\/strong> Favre &amp; Guth SA<br>AAG+ Atelier d&rsaquo;Architectes Grivel &amp; Cie SA<br>Groupe H Architecture &amp; Ing&eacute;nierie SA<br>JBMNJBMN Architectes<br>DPA Architectes<br><strong>R&eacute;alisation:<\/strong> 2017-2023<\/p>\n","protected":false},"excerpt":{"rendered":"<p>Le quartier de l\u2019Etang \u00e0 Vernier est appel\u00e9 \u00e0 devenir un nouveau quartier pour 2500 habitants et autant d\u2019actifs.<\/p>\n","protected":false},"author":2,"featured_media":45231,"comment_status":"open","ping_status":"open","sticky":false,"template":"","format":"standard","meta":{"pmpro_default_level":"","inline_featured_image":false,"_monsterinsights_skip_tracking":false,"footnotes":""},"categories":[9824,739,8452,9440],"tags":[34991,34988,34989,34990],"class_list":["post-45230","post","type-post","status-publish","format-standard","has-post-thumbnail","hentry","category-nouvelle-construction","category-projects","category-regions","category-region-romandie-fr","tag-nouveau-projet","tag-nouveau-quartier","tag-quartier-de-letang","tag-ville","pmpro-has-access"],"acf":{"bild_mit_ki_erstellt_worden":[],"lead":"Le quartier de l\u2019Etang \u00e0 Vernier est appel\u00e9 \u00e0 devenir un nouveau quartier pour 2500 habitants et autant d\u2019actifs.","autor":"Texte et Photos: www.evolutionplus.ch","ort":"Vernier","bildunterschrift":"","bild_im_grid":false,"gallerie":"","newsim":""},"aioseo_notices":[],"aioseo_head":"\n\t\t<!-- All in One SEO 5.0.0.1 - aioseo.com -->\n\t<meta name=\"description\" content=\"Le quartier de l\u2019Etang \u00e0 Vernier est appel\u00e9 \u00e0 devenir un nouveau quartier pour 2500 habitants et autant d\u2019actifs.\" \/>\n\t<meta name=\"robots\" content=\"max-image-preview:large\" \/>\n\t<meta name=\"author\" content=\"immovestuser\"\/>\n\t<meta name=\"google-site-verification\" content=\"fHJKvgWpZCR2zVBHWfkQeFXC11qieUSff0HGNYfuyLA\" \/>\n\t<link rel=\"canonical\" href=\"https:\/\/www.immo-invest.ch\/fr\/quartier-de-letang-une-ville-dans-la-ville\/\" \/>\n\t<meta name=\"generator\" content=\"All in One SEO (AIOSEO) 5.0.0.1\" \/>\n\t\t<meta property=\"og:locale\" content=\"fr_FR\" \/>\n\t\t<meta property=\"og:site_name\" content=\"immo!nvest - Die Plattform f\u00fcr Standorte und Immobilien - Die\u00a0Plattform f\u00fcr Standorte und Immobilien\" \/>\n\t\t<meta property=\"og:type\" content=\"article\" \/>\n\t\t<meta property=\"og:title\" content=\"\u00abQuartier de l\u2019Etang\u00bb :une ville dans la ville - immo!nvest - Die Plattform f\u00fcr Standorte und Immobilien\" \/>\n\t\t<meta property=\"og:description\" content=\"Le quartier de l\u2019Etang \u00e0 Vernier est appel\u00e9 \u00e0 devenir un nouveau quartier pour 2500 habitants et autant d\u2019actifs.\" \/>\n\t\t<meta property=\"og:url\" content=\"https:\/\/www.immo-invest.ch\/fr\/quartier-de-letang-une-ville-dans-la-ville\/\" \/>\n\t\t<meta property=\"og:image\" content=\"https:\/\/www.immo-invest.ch\/wp-content\/uploads\/2022\/10\/4etang.jpg\" \/>\n\t\t<meta property=\"og:image:secure_url\" content=\"https:\/\/www.immo-invest.ch\/wp-content\/uploads\/2022\/10\/4etang.jpg\" \/>\n\t\t<meta property=\"og:image:width\" content=\"1000\" \/>\n\t\t<meta property=\"og:image:height\" content=\"500\" \/>\n\t\t<meta property=\"article:published_time\" content=\"2022-10-14T07:23:13+00:00\" \/>\n\t\t<meta property=\"article:modified_time\" content=\"2022-10-14T07:23:14+00:00\" \/>\n\t\t<meta property=\"article:publisher\" content=\"https:\/\/www.facebook.com\/people\/Immoinvest\/100077962920504\/\" \/>\n\t\t<meta name=\"twitter:card\" content=\"summary_large_image\" \/>\n\t\t<meta name=\"twitter:site\" content=\"@i\" \/>\n\t\t<meta name=\"twitter:title\" content=\"\u00abQuartier de l\u2019Etang\u00bb :une ville dans la ville - immo!nvest - Die Plattform f\u00fcr Standorte und Immobilien\" \/>\n\t\t<meta name=\"twitter:description\" content=\"Le quartier de l\u2019Etang \u00e0 Vernier est appel\u00e9 \u00e0 devenir un nouveau quartier pour 2500 habitants et autant d\u2019actifs.\" \/>\n\t\t<meta name=\"twitter:creator\" content=\"@i\" \/>\n\t\t<meta name=\"twitter:image\" content=\"https:\/\/www.immo-invest.ch\/wp-content\/uploads\/2022\/10\/4etang.jpg\" \/>\n\t\t<script type=\"application\/ld+json\" class=\"aioseo-schema\">\n\t\t\t{\"@context\":\"https:\\\/\\\/schema.org\",\"@graph\":[{\"@type\":\"BlogPosting\",\"@id\":\"https:\\\/\\\/www.immo-invest.ch\\\/fr\\\/quartier-de-letang-une-ville-dans-la-ville\\\/#blogposting\",\"name\":\"\\u00abQuartier de l\\u2019Etang\\u00bb :une ville dans la ville - immo!nvest - Die Plattform f\\u00fcr Standorte und Immobilien\",\"headline\":\"\\u00abQuartier de l\\u2019Etang\\u00bb :une ville dans la ville\",\"author\":{\"@id\":\"https:\\\/\\\/www.immo-invest.ch\\\/fr\\\/author\\\/immovestuser\\\/#author\"},\"publisher\":{\"@id\":\"https:\\\/\\\/www.immo-invest.ch\\\/fr\\\/#organization\"},\"image\":{\"@type\":\"ImageObject\",\"url\":\"https:\\\/\\\/www.immo-invest.ch\\\/wp-content\\\/uploads\\\/2022\\\/10\\\/4etang.jpg\",\"width\":1000,\"height\":500},\"datePublished\":\"2022-10-14T09:23:13+02:00\",\"dateModified\":\"2022-10-14T09:23:14+02:00\",\"inLanguage\":\"fr-FR\",\"mainEntityOfPage\":{\"@id\":\"https:\\\/\\\/www.immo-invest.ch\\\/fr\\\/quartier-de-letang-une-ville-dans-la-ville\\\/#webpage\"},\"isPartOf\":{\"@id\":\"https:\\\/\\\/www.immo-invest.ch\\\/fr\\\/quartier-de-letang-une-ville-dans-la-ville\\\/#webpage\"},\"articleSection\":\"Nouvelle construction, Projects, R\\u00e9gions, Romandie, nouveau projet, nouveau quartier, Quartier de l\\u2019Etang, ville, Facultatif\"},{\"@type\":\"BreadcrumbList\",\"@id\":\"https:\\\/\\\/www.immo-invest.ch\\\/fr\\\/quartier-de-letang-une-ville-dans-la-ville\\\/#breadcrumblist\",\"itemListElement\":[{\"@type\":\"ListItem\",\"@id\":\"https:\\\/\\\/www.immo-invest.ch\\\/fr\\\/#listItem\",\"position\":1,\"name\":\"Home\",\"item\":\"https:\\\/\\\/www.immo-invest.ch\\\/fr\\\/\",\"nextItem\":{\"@type\":\"ListItem\",\"@id\":\"https:\\\/\\\/www.immo-invest.ch\\\/fr\\\/categories\\\/regions\\\/#listItem\",\"name\":\"R\\u00e9gions\"}},{\"@type\":\"ListItem\",\"@id\":\"https:\\\/\\\/www.immo-invest.ch\\\/fr\\\/categories\\\/regions\\\/#listItem\",\"position\":2,\"name\":\"R\\u00e9gions\",\"item\":\"https:\\\/\\\/www.immo-invest.ch\\\/fr\\\/categories\\\/regions\\\/\",\"nextItem\":{\"@type\":\"ListItem\",\"@id\":\"https:\\\/\\\/www.immo-invest.ch\\\/fr\\\/categories\\\/regions\\\/region-romandie-fr\\\/#listItem\",\"name\":\"Romandie\"},\"previousItem\":{\"@type\":\"ListItem\",\"@id\":\"https:\\\/\\\/www.immo-invest.ch\\\/fr\\\/#listItem\",\"name\":\"Home\"}},{\"@type\":\"ListItem\",\"@id\":\"https:\\\/\\\/www.immo-invest.ch\\\/fr\\\/categories\\\/regions\\\/region-romandie-fr\\\/#listItem\",\"position\":3,\"name\":\"Romandie\",\"item\":\"https:\\\/\\\/www.immo-invest.ch\\\/fr\\\/categories\\\/regions\\\/region-romandie-fr\\\/\",\"nextItem\":{\"@type\":\"ListItem\",\"@id\":\"https:\\\/\\\/www.immo-invest.ch\\\/fr\\\/quartier-de-letang-une-ville-dans-la-ville\\\/#listItem\",\"name\":\"\\u00abQuartier de l\\u2019Etang\\u00bb :une ville dans la ville\"},\"previousItem\":{\"@type\":\"ListItem\",\"@id\":\"https:\\\/\\\/www.immo-invest.ch\\\/fr\\\/categories\\\/regions\\\/#listItem\",\"name\":\"R\\u00e9gions\"}},{\"@type\":\"ListItem\",\"@id\":\"https:\\\/\\\/www.immo-invest.ch\\\/fr\\\/quartier-de-letang-une-ville-dans-la-ville\\\/#listItem\",\"position\":4,\"name\":\"\\u00abQuartier de l\\u2019Etang\\u00bb :une ville dans la ville\",\"previousItem\":{\"@type\":\"ListItem\",\"@id\":\"https:\\\/\\\/www.immo-invest.ch\\\/fr\\\/categories\\\/regions\\\/region-romandie-fr\\\/#listItem\",\"name\":\"Romandie\"}}]},{\"@type\":\"Organization\",\"@id\":\"https:\\\/\\\/www.immo-invest.ch\\\/fr\\\/#organization\",\"name\":\"immo!nvest - Die Plattform f\\u00fcr Standorte und Immobilien\",\"description\":\"Die\\u00a0Plattform f\\u00fcr Standorte und Immobilien\",\"url\":\"https:\\\/\\\/www.immo-invest.ch\\\/fr\\\/\",\"email\":\"admin@immomedia.ag\",\"telephone\":\"+41444420002\",\"logo\":{\"@type\":\"ImageObject\",\"url\":\"https:\\\/\\\/www.immo-invest.ch\\\/wp-content\\\/uploads\\\/2024\\\/09\\\/immoinvest_sm-scaled.jpg\",\"@id\":\"https:\\\/\\\/www.immo-invest.ch\\\/fr\\\/quartier-de-letang-une-ville-dans-la-ville\\\/#organizationLogo\",\"width\":2560,\"height\":1340},\"image\":{\"@id\":\"https:\\\/\\\/www.immo-invest.ch\\\/fr\\\/quartier-de-letang-une-ville-dans-la-ville\\\/#organizationLogo\"},\"sameAs\":[\"https:\\\/\\\/www.facebook.com\\\/people\\\/Immoinvest\\\/100077962920504\\\/\",\"https:\\\/\\\/x.com\\\/i\\\/flow\\\/login?redirect_after_login=immoinvest_ch\",\"https:\\\/\\\/www.instagram.com\\\/immoinvest_ch\\\/\",\"https:\\\/\\\/www.linkedin.com\\\/company\\\/immoinvest-swiss\"]},{\"@type\":\"Person\",\"@id\":\"https:\\\/\\\/www.immo-invest.ch\\\/fr\\\/author\\\/immovestuser\\\/#author\",\"url\":\"https:\\\/\\\/www.immo-invest.ch\\\/fr\\\/author\\\/immovestuser\\\/\",\"name\":\"immovestuser\",\"image\":{\"@type\":\"ImageObject\",\"@id\":\"https:\\\/\\\/www.immo-invest.ch\\\/fr\\\/quartier-de-letang-une-ville-dans-la-ville\\\/#authorImage\",\"url\":\"https:\\\/\\\/secure.gravatar.com\\\/avatar\\\/8e01f4d99f2eeea7a362ebb93305e1172a70e9293ba250f897a65c39f54cdd1e?s=96&d=mm&r=g\",\"width\":96,\"height\":96,\"caption\":\"immovestuser\"}},{\"@type\":\"WebPage\",\"@id\":\"https:\\\/\\\/www.immo-invest.ch\\\/fr\\\/quartier-de-letang-une-ville-dans-la-ville\\\/#webpage\",\"url\":\"https:\\\/\\\/www.immo-invest.ch\\\/fr\\\/quartier-de-letang-une-ville-dans-la-ville\\\/\",\"name\":\"\\u00abQuartier de l\\u2019Etang\\u00bb :une ville dans la ville - immo!nvest - Die Plattform f\\u00fcr Standorte und Immobilien\",\"description\":\"Le quartier de l\\u2019Etang \\u00e0 Vernier est appel\\u00e9 \\u00e0 devenir un nouveau quartier pour 2500 habitants et autant d\\u2019actifs.\",\"inLanguage\":\"fr-FR\",\"isPartOf\":{\"@id\":\"https:\\\/\\\/www.immo-invest.ch\\\/fr\\\/#website\"},\"breadcrumb\":{\"@id\":\"https:\\\/\\\/www.immo-invest.ch\\\/fr\\\/quartier-de-letang-une-ville-dans-la-ville\\\/#breadcrumblist\"},\"author\":{\"@id\":\"https:\\\/\\\/www.immo-invest.ch\\\/fr\\\/author\\\/immovestuser\\\/#author\"},\"creator\":{\"@id\":\"https:\\\/\\\/www.immo-invest.ch\\\/fr\\\/author\\\/immovestuser\\\/#author\"},\"image\":{\"@type\":\"ImageObject\",\"url\":\"https:\\\/\\\/www.immo-invest.ch\\\/wp-content\\\/uploads\\\/2022\\\/10\\\/4etang.jpg\",\"@id\":\"https:\\\/\\\/www.immo-invest.ch\\\/fr\\\/quartier-de-letang-une-ville-dans-la-ville\\\/#mainImage\",\"width\":1000,\"height\":500},\"primaryImageOfPage\":{\"@id\":\"https:\\\/\\\/www.immo-invest.ch\\\/fr\\\/quartier-de-letang-une-ville-dans-la-ville\\\/#mainImage\"},\"datePublished\":\"2022-10-14T09:23:13+02:00\",\"dateModified\":\"2022-10-14T09:23:14+02:00\"},{\"@type\":\"WebSite\",\"@id\":\"https:\\\/\\\/www.immo-invest.ch\\\/fr\\\/#website\",\"url\":\"https:\\\/\\\/www.immo-invest.ch\\\/fr\\\/\",\"name\":\"immo!nvest - Die Plattform f\\u00fcr Standorte und Immobilien\",\"description\":\"Die\\u00a0Plattform f\\u00fcr Standorte und Immobilien\",\"inLanguage\":\"fr-FR\",\"publisher\":{\"@id\":\"https:\\\/\\\/www.immo-invest.ch\\\/fr\\\/#organization\"}}]}\n\t\t<\/script>\n\t\t<!-- All in One SEO -->\n\n","aioseo_head_json":{"title":"\u00abQuartier de l\u2019Etang\u00bb :une ville dans la ville - immo!nvest - Die Plattform f\u00fcr Standorte und Immobilien","description":"Le quartier de l\u2019Etang \u00e0 Vernier est appel\u00e9 \u00e0 devenir un nouveau quartier pour 2500 habitants et autant d\u2019actifs.","canonical_url":"https:\/\/www.immo-invest.ch\/fr\/quartier-de-letang-une-ville-dans-la-ville\/","robots":"max-image-preview:large","keywords":"","webmasterTools":{"google-site-verification":"fHJKvgWpZCR2zVBHWfkQeFXC11qieUSff0HGNYfuyLA","miscellaneous":""},"schema":{"@context":"https:\/\/schema.org","@graph":[{"@type":"BlogPosting","@id":"https:\/\/www.immo-invest.ch\/fr\/quartier-de-letang-une-ville-dans-la-ville\/#blogposting","name":"\u00abQuartier de l\u2019Etang\u00bb :une ville dans la ville - immo!nvest - Die Plattform f\u00fcr Standorte und Immobilien","headline":"\u00abQuartier de l\u2019Etang\u00bb :une ville dans la ville","author":{"@id":"https:\/\/www.immo-invest.ch\/fr\/author\/immovestuser\/#author"},"publisher":{"@id":"https:\/\/www.immo-invest.ch\/fr\/#organization"},"image":{"@type":"ImageObject","url":"https:\/\/www.immo-invest.ch\/wp-content\/uploads\/2022\/10\/4etang.jpg","width":1000,"height":500},"datePublished":"2022-10-14T09:23:13+02:00","dateModified":"2022-10-14T09:23:14+02:00","inLanguage":"fr-FR","mainEntityOfPage":{"@id":"https:\/\/www.immo-invest.ch\/fr\/quartier-de-letang-une-ville-dans-la-ville\/#webpage"},"isPartOf":{"@id":"https:\/\/www.immo-invest.ch\/fr\/quartier-de-letang-une-ville-dans-la-ville\/#webpage"},"articleSection":"Nouvelle construction, Projects, R\u00e9gions, Romandie, nouveau projet, nouveau quartier, Quartier de l\u2019Etang, ville, Facultatif"},{"@type":"BreadcrumbList","@id":"https:\/\/www.immo-invest.ch\/fr\/quartier-de-letang-une-ville-dans-la-ville\/#breadcrumblist","itemListElement":[{"@type":"ListItem","@id":"https:\/\/www.immo-invest.ch\/fr\/#listItem","position":1,"name":"Home","item":"https:\/\/www.immo-invest.ch\/fr\/","nextItem":{"@type":"ListItem","@id":"https:\/\/www.immo-invest.ch\/fr\/categories\/regions\/#listItem","name":"R\u00e9gions"}},{"@type":"ListItem","@id":"https:\/\/www.immo-invest.ch\/fr\/categories\/regions\/#listItem","position":2,"name":"R\u00e9gions","item":"https:\/\/www.immo-invest.ch\/fr\/categories\/regions\/","nextItem":{"@type":"ListItem","@id":"https:\/\/www.immo-invest.ch\/fr\/categories\/regions\/region-romandie-fr\/#listItem","name":"Romandie"},"previousItem":{"@type":"ListItem","@id":"https:\/\/www.immo-invest.ch\/fr\/#listItem","name":"Home"}},{"@type":"ListItem","@id":"https:\/\/www.immo-invest.ch\/fr\/categories\/regions\/region-romandie-fr\/#listItem","position":3,"name":"Romandie","item":"https:\/\/www.immo-invest.ch\/fr\/categories\/regions\/region-romandie-fr\/","nextItem":{"@type":"ListItem","@id":"https:\/\/www.immo-invest.ch\/fr\/quartier-de-letang-une-ville-dans-la-ville\/#listItem","name":"\u00abQuartier de l\u2019Etang\u00bb :une ville dans la ville"},"previousItem":{"@type":"ListItem","@id":"https:\/\/www.immo-invest.ch\/fr\/categories\/regions\/#listItem","name":"R\u00e9gions"}},{"@type":"ListItem","@id":"https:\/\/www.immo-invest.ch\/fr\/quartier-de-letang-une-ville-dans-la-ville\/#listItem","position":4,"name":"\u00abQuartier de l\u2019Etang\u00bb :une ville dans la ville","previousItem":{"@type":"ListItem","@id":"https:\/\/www.immo-invest.ch\/fr\/categories\/regions\/region-romandie-fr\/#listItem","name":"Romandie"}}]},{"@type":"Organization","@id":"https:\/\/www.immo-invest.ch\/fr\/#organization","name":"immo!nvest - Die Plattform f\u00fcr Standorte und Immobilien","description":"Die\u00a0Plattform f\u00fcr Standorte und Immobilien","url":"https:\/\/www.immo-invest.ch\/fr\/","email":"admin@immomedia.ag","telephone":"+41444420002","logo":{"@type":"ImageObject","url":"https:\/\/www.immo-invest.ch\/wp-content\/uploads\/2024\/09\/immoinvest_sm-scaled.jpg","@id":"https:\/\/www.immo-invest.ch\/fr\/quartier-de-letang-une-ville-dans-la-ville\/#organizationLogo","width":2560,"height":1340},"image":{"@id":"https:\/\/www.immo-invest.ch\/fr\/quartier-de-letang-une-ville-dans-la-ville\/#organizationLogo"},"sameAs":["https:\/\/www.facebook.com\/people\/Immoinvest\/100077962920504\/","https:\/\/x.com\/i\/flow\/login?redirect_after_login=immoinvest_ch","https:\/\/www.instagram.com\/immoinvest_ch\/","https:\/\/www.linkedin.com\/company\/immoinvest-swiss"]},{"@type":"Person","@id":"https:\/\/www.immo-invest.ch\/fr\/author\/immovestuser\/#author","url":"https:\/\/www.immo-invest.ch\/fr\/author\/immovestuser\/","name":"immovestuser","image":{"@type":"ImageObject","@id":"https:\/\/www.immo-invest.ch\/fr\/quartier-de-letang-une-ville-dans-la-ville\/#authorImage","url":"https:\/\/secure.gravatar.com\/avatar\/8e01f4d99f2eeea7a362ebb93305e1172a70e9293ba250f897a65c39f54cdd1e?s=96&d=mm&r=g","width":96,"height":96,"caption":"immovestuser"}},{"@type":"WebPage","@id":"https:\/\/www.immo-invest.ch\/fr\/quartier-de-letang-une-ville-dans-la-ville\/#webpage","url":"https:\/\/www.immo-invest.ch\/fr\/quartier-de-letang-une-ville-dans-la-ville\/","name":"\u00abQuartier de l\u2019Etang\u00bb :une ville dans la ville - immo!nvest - Die Plattform f\u00fcr Standorte und Immobilien","description":"Le quartier de l\u2019Etang \u00e0 Vernier est appel\u00e9 \u00e0 devenir un nouveau quartier pour 2500 habitants et autant d\u2019actifs.","inLanguage":"fr-FR","isPartOf":{"@id":"https:\/\/www.immo-invest.ch\/fr\/#website"},"breadcrumb":{"@id":"https:\/\/www.immo-invest.ch\/fr\/quartier-de-letang-une-ville-dans-la-ville\/#breadcrumblist"},"author":{"@id":"https:\/\/www.immo-invest.ch\/fr\/author\/immovestuser\/#author"},"creator":{"@id":"https:\/\/www.immo-invest.ch\/fr\/author\/immovestuser\/#author"},"image":{"@type":"ImageObject","url":"https:\/\/www.immo-invest.ch\/wp-content\/uploads\/2022\/10\/4etang.jpg","@id":"https:\/\/www.immo-invest.ch\/fr\/quartier-de-letang-une-ville-dans-la-ville\/#mainImage","width":1000,"height":500},"primaryImageOfPage":{"@id":"https:\/\/www.immo-invest.ch\/fr\/quartier-de-letang-une-ville-dans-la-ville\/#mainImage"},"datePublished":"2022-10-14T09:23:13+02:00","dateModified":"2022-10-14T09:23:14+02:00"},{"@type":"WebSite","@id":"https:\/\/www.immo-invest.ch\/fr\/#website","url":"https:\/\/www.immo-invest.ch\/fr\/","name":"immo!nvest - Die Plattform f\u00fcr Standorte und Immobilien","description":"Die\u00a0Plattform f\u00fcr Standorte und Immobilien","inLanguage":"fr-FR","publisher":{"@id":"https:\/\/www.immo-invest.ch\/fr\/#organization"}}]},"og:locale":"fr_FR","og:site_name":"immo!nvest - Die Plattform f\u00fcr Standorte und Immobilien - Die\u00a0Plattform f\u00fcr Standorte und Immobilien","og:type":"article","og:title":"\u00abQuartier de l\u2019Etang\u00bb :une ville dans la ville - immo!nvest - Die Plattform f\u00fcr Standorte und Immobilien","og:description":"Le quartier de l\u2019Etang \u00e0 Vernier est appel\u00e9 \u00e0 devenir un nouveau quartier pour 2500 habitants et autant d\u2019actifs.","og:url":"https:\/\/www.immo-invest.ch\/fr\/quartier-de-letang-une-ville-dans-la-ville\/","og:image":"https:\/\/www.immo-invest.ch\/wp-content\/uploads\/2022\/10\/4etang.jpg","og:image:secure_url":"https:\/\/www.immo-invest.ch\/wp-content\/uploads\/2022\/10\/4etang.jpg","og:image:width":1000,"og:image:height":500,"article:published_time":"2022-10-14T07:23:13+00:00","article:modified_time":"2022-10-14T07:23:14+00:00","article:publisher":"https:\/\/www.facebook.com\/people\/Immoinvest\/100077962920504\/","twitter:card":"summary_large_image","twitter:site":"@i","twitter:title":"\u00abQuartier de l\u2019Etang\u00bb :une ville dans la ville - immo!nvest - Die Plattform f\u00fcr Standorte und Immobilien","twitter:description":"Le quartier de l\u2019Etang \u00e0 Vernier est appel\u00e9 \u00e0 devenir un nouveau quartier pour 2500 habitants et autant d\u2019actifs.","twitter:creator":"@i","twitter:image":"https:\/\/www.immo-invest.ch\/wp-content\/uploads\/2022\/10\/4etang.jpg"},"aioseo_meta_data":{"post_id":"45230","title":null,"description":null,"keywords":null,"keyphrases":null,"primary_term":null,"canonical_url":null,"og_title":null,"og_description":null,"og_object_type":"default","og_image_type":"default","og_image_url":null,"og_image_width":null,"og_image_height":null,"og_image_custom_url":null,"og_image_custom_fields":null,"og_video":null,"og_custom_url":null,"og_article_section":null,"og_article_tags":null,"twitter_use_og":false,"twitter_card":"default","twitter_image_type":"default","twitter_image_url":null,"twitter_image_custom_url":null,"twitter_image_custom_fields":null,"twitter_title":null,"twitter_description":null,"schema":{"blockGraphs":[],"customGraphs":[],"default":{"data":{"Article":[],"Course":[],"Dataset":[],"FAQPage":[],"Movie":[],"Person":[],"Product":[],"ProductReview":[],"Car":[],"Recipe":[],"Service":[],"SoftwareApplication":[],"WebPage":[]},"graphName":"","isEnabled":true},"graphs":[]},"schema_type":"default","schema_type_options":null,"pillar_content":false,"robots_default":true,"robots_noindex":false,"robots_noarchive":false,"robots_nosnippet":false,"robots_nofollow":false,"robots_noimageindex":false,"robots_noodp":false,"robots_notranslate":false,"robots_max_snippet":null,"robots_max_videopreview":null,"robots_max_imagepreview":"large","priority":null,"frequency":null,"local_seo":null,"breadcrumb_settings":null,"limit_modified_date":false,"ai":null,"created":"2024-09-19 21:08:50","updated":"2025-10-23 02:47:15","seo_analyzer_scan_date":null,"focus_keyword":null,"additional_keywords":null,"truseo_locale":null},"aioseo_breadcrumb":"<div class=\"aioseo-breadcrumbs\"><span class=\"aioseo-breadcrumb\">\n\t\t\t<a href=\"https:\/\/www.immo-invest.ch\/fr\/\" title=\"Home\">Home<\/a>\n\t\t<\/span><span class=\"aioseo-breadcrumb-separator\">&raquo;<\/span><span class=\"aioseo-breadcrumb\">\n\t\t\t<a href=\"https:\/\/www.immo-invest.ch\/fr\/categories\/regions\/\" title=\"R\u00e9gions\">R\u00e9gions<\/a>\n\t\t<\/span><span class=\"aioseo-breadcrumb-separator\">&raquo;<\/span><span class=\"aioseo-breadcrumb\">\n\t\t\t<a href=\"https:\/\/www.immo-invest.ch\/fr\/categories\/regions\/region-romandie-fr\/\" title=\"Romandie\">Romandie<\/a>\n\t\t<\/span><span class=\"aioseo-breadcrumb-separator\">&raquo;<\/span><span class=\"aioseo-breadcrumb\">\n\t\t\t\u00abQuartier de l\u2019Etang\u00bb :<br>une ville dans la ville\n\t\t<\/span><\/div>","aioseo_breadcrumb_json":[{"label":"Home","link":"https:\/\/www.immo-invest.ch\/fr\/"},{"label":"R\u00e9gions","link":"https:\/\/www.immo-invest.ch\/fr\/categories\/regions\/"},{"label":"Romandie","link":"https:\/\/www.immo-invest.ch\/fr\/categories\/regions\/region-romandie-fr\/"},{"label":"\u00abQuartier de l\u2019Etang\u00bb :<br>une ville dans la ville","link":"https:\/\/www.immo-invest.ch\/fr\/quartier-de-letang-une-ville-dans-la-ville\/"}],"featured_image_src":"https:\/\/www.immo-invest.ch\/wp-content\/uploads\/2022\/10\/4etang-336x168.jpg","_links":{"self":[{"href":"https:\/\/www.immo-invest.ch\/fr\/wp-json\/wp\/v2\/posts\/45230","targetHints":{"allow":["GET"]}}],"collection":[{"href":"https:\/\/www.immo-invest.ch\/fr\/wp-json\/wp\/v2\/posts"}],"about":[{"href":"https:\/\/www.immo-invest.ch\/fr\/wp-json\/wp\/v2\/types\/post"}],"author":[{"embeddable":true,"href":"https:\/\/www.immo-invest.ch\/fr\/wp-json\/wp\/v2\/users\/2"}],"replies":[{"embeddable":true,"href":"https:\/\/www.immo-invest.ch\/fr\/wp-json\/wp\/v2\/comments?post=45230"}],"version-history":[{"count":0,"href":"https:\/\/www.immo-invest.ch\/fr\/wp-json\/wp\/v2\/posts\/45230\/revisions"}],"wp:featuredmedia":[{"embeddable":true,"href":"https:\/\/www.immo-invest.ch\/fr\/wp-json\/wp\/v2\/media\/45231"}],"wp:attachment":[{"href":"https:\/\/www.immo-invest.ch\/fr\/wp-json\/wp\/v2\/media?parent=45230"}],"wp:term":[{"taxonomy":"category","embeddable":true,"href":"https:\/\/www.immo-invest.ch\/fr\/wp-json\/wp\/v2\/categories?post=45230"},{"taxonomy":"post_tag","embeddable":true,"href":"https:\/\/www.immo-invest.ch\/fr\/wp-json\/wp\/v2\/tags?post=45230"}],"curies":[{"name":"wp","href":"https:\/\/api.w.org\/{rel}","templated":true}]}}