{"id":45204,"date":"2022-10-13T17:49:12","date_gmt":"2022-10-13T15:49:12","guid":{"rendered":"https:\/\/www.immo-invest.ch\/?p=45204"},"modified":"2022-10-13T17:49:14","modified_gmt":"2022-10-13T15:49:14","slug":"extension-du-parc-desjeunes-rives","status":"publish","type":"post","link":"https:\/\/www.immo-invest.ch\/fr\/extension-du-parc-desjeunes-rives\/","title":{"rendered":"Extension du Parc des<br>Jeunes-Rives"},"content":{"rendered":"<p class=\"wp-block-paragraph\">Les Jeunes-Rives doivent devenir le poumon vert de Neuch&acirc;tel: un parc de 70 000 m&egrave;tres carr&eacute;s est pr&eacute;vu sur l&rsquo;ancien site de l&rsquo;Expo.02. Il fera le trait d&rsquo;union entre le lac et le c&oelig;ur de la cit&eacute; situ&eacute; &agrave; quelques minutes &agrave; pied seulement. La ville de Neuch&acirc;tel tient beaucoup au r&eacute;am&eacute;nagement du bord du lac, 18 ans apr&egrave;s l&rsquo;Exposition nationale. C&rsquo;est le bureau Frundgallina de Neuch&acirc;tel qui a remport&eacute; le concours d&rsquo;architecture.<br><br>Le r&eacute;am&eacute;nagement doit se faire en deux &eacute;tapes: une premi&egrave;re &eacute;tape sera consacr&eacute;e &agrave; l&rsquo;assainissement de la ligne c&ocirc;ti&egrave;re, de 2021 &agrave; 2023. Il est pr&eacute;vu &agrave; cet &eacute;gard d&rsquo;agrandir la plage, pour lui faire atteindre environ 150 m&egrave;tres de long. Diverses douches ext&eacute;rieures et plusieurs b&acirc;timents comme un restaurant, un caf&eacute;-bain et des vestiaires ainsi qu&rsquo;un local &agrave; bateaux ne manqueront pas d&rsquo;attirer les visiteurs. Le restaurant offrira 60 places. Sur le toit, il y aura deux terrasses abrit&eacute;es pouvant accueillir 120 personnes. Le pan de toiture sud du restaurant sera &eacute;quip&eacute; de panneaux photovoltai&#776;ques. A l&rsquo;autre extr&eacute;mit&eacute;, le caf&eacute;-bain construit sur pilotis proposera 24 places assises.<\/p>\n\n\n\n<p class=\"wp-block-paragraph\">Le projet pr&eacute;voit &eacute;galement une grande place de jeux, ainsi que des infrastructures d&eacute;di&eacute;es aux loisirs, au sport et aux manifestations culturelles. Cot&eacute; bain, on trouvera &ndash; en plus des vestiaires &ndash; des &eacute;quipements sanitaires, un sauna au rez-de-chauss&eacute;e ainsi qu&rsquo;un second sauna avec une salle de repos sous les combles. Deux terrains de beach volley, plusieurs tables de ping-pong et divers appareils de fitness, adapt&eacute;s &agrave; tous les niveaux, feront le bonheur des amateurs de sport.<\/p>\n\n\n\n<figure class=\"wp-block-image size-large\"><img loading=\"lazy\" decoding=\"async\" width=\"960\" height=\"480\" src=\"https:\/\/www.immo-invest.ch\/wp-content\/uploads\/2022\/10\/jeunesrives1-960x480.jpg\" alt=\"\" class=\"wp-image-45209\" srcset=\"https:\/\/www.immo-invest.ch\/wp-content\/uploads\/2022\/10\/jeunesrives1-960x480.jpg 960w, https:\/\/www.immo-invest.ch\/wp-content\/uploads\/2022\/10\/jeunesrives1-600x300.jpg 600w, https:\/\/www.immo-invest.ch\/wp-content\/uploads\/2022\/10\/jeunesrives1-692x346.jpg 692w, https:\/\/www.immo-invest.ch\/wp-content\/uploads\/2022\/10\/jeunesrives1-336x168.jpg 336w, https:\/\/www.immo-invest.ch\/wp-content\/uploads\/2022\/10\/jeunesrives1-768x384.jpg 768w, https:\/\/www.immo-invest.ch\/wp-content\/uploads\/2022\/10\/jeunesrives1.jpg 1000w\" sizes=\"auto, (max-width: 960px) 100vw, 960px\"\/><figcaption>Le caf&eacute;-bain et son ponton sur le lac.<\/figcaption><\/figure>\n\n\n\n<p class=\"wp-block-paragraph\">Des plateformes en bois seront dispos&eacute;es sur les pelouses au centre du parc, auxquelles viendront s&rsquo;ajouter deux espaces &laquo;pique-nique&raquo; avec tables et bancs ainsi que des grils fixes. Enfin, 3 fontaines &agrave; boire seront implant&eacute;es sur tout le site.<\/p>\n\n\n\n<p class=\"wp-block-paragraph\">Dans le cadre d&rsquo;une deuxi&egrave;me &eacute;tape, le parking de 300 places de stationnement doit &ecirc;tre d&eacute;mantel&eacute; et remplac&eacute; par un grand espace vert. Tous les espaces verts du parc seront &eacute;quip&eacute;s d&rsquo;un syst&egrave;me d&rsquo;arrosage automatique, dont l&rsquo;eau proviendra du lac via un syst&egrave;me de pompage situ&eacute; dans le b&acirc;timent des vestiaires.<\/p>\n\n\n\n<h3 class=\"wp-block-heading\">Faits<\/h3>\n\n\n\n<p class=\"wp-block-paragraph\"><strong>Architecte:<\/strong> Frundgallina<br><strong>R&eacute;alisation:<\/strong> 2021 &ndash; 2023<br><strong>Surface:<\/strong> 70&rsquo;000 m&egrave;tres carr&eacute;s<\/p>\n","protected":false},"excerpt":{"rendered":"<p>L\u2019ancien site qui a accueilli l\u2019Exposition nationale de 2002 s\u2019appr\u00eate \u00e0 conna\u00eetre un r\u00e9am\u00e9nagement complet. <\/p>\n","protected":false},"author":2,"featured_media":45205,"comment_status":"open","ping_status":"open","sticky":false,"template":"","format":"standard","meta":{"pmpro_default_level":"","inline_featured_image":false,"_monsterinsights_skip_tracking":false,"footnotes":""},"categories":[739,9652,9440],"tags":[34984,34985,34983],"class_list":["post-45204","post","type-post","status-publish","format-standard","has-post-thumbnail","hentry","category-projects","category-renovation","category-region-romandie-fr","tag-extension","tag-parc-des-jeunes-rives","tag-reamenagement","pmpro-has-access"],"acf":{"bild_mit_ki_erstellt_worden":[],"lead":"L\u2019ancien site qui a accueilli l\u2019Exposition nationale de 2002 s\u2019appr\u00eate \u00e0 conna\u00eetre un r\u00e9am\u00e9nagement complet. ","autor":"","ort":"","bildunterschrift":"","bild_im_grid":false,"gallerie":"","newsim":""},"aioseo_notices":[],"aioseo_head":"\n\t\t<!-- All in One SEO 5.0.0.1 - aioseo.com -->\n\t<meta name=\"description\" content=\"L\u2019ancien site qui a accueilli l\u2019Exposition nationale de 2002 s\u2019appr\u00eate \u00e0 conna\u00eetre un r\u00e9am\u00e9nagement complet.\" \/>\n\t<meta name=\"robots\" content=\"max-image-preview:large\" \/>\n\t<meta name=\"author\" content=\"immovestuser\"\/>\n\t<meta name=\"google-site-verification\" content=\"fHJKvgWpZCR2zVBHWfkQeFXC11qieUSff0HGNYfuyLA\" \/>\n\t<link rel=\"canonical\" href=\"https:\/\/www.immo-invest.ch\/fr\/extension-du-parc-desjeunes-rives\/\" \/>\n\t<meta name=\"generator\" content=\"All in One SEO (AIOSEO) 5.0.0.1\" \/>\n\t\t<meta property=\"og:locale\" content=\"fr_FR\" \/>\n\t\t<meta property=\"og:site_name\" content=\"immo!nvest - Die Plattform f\u00fcr Standorte und Immobilien - Die\u00a0Plattform f\u00fcr Standorte und Immobilien\" \/>\n\t\t<meta property=\"og:type\" content=\"article\" \/>\n\t\t<meta property=\"og:title\" content=\"Extension du Parc desJeunes-Rives - immo!nvest - Die Plattform f\u00fcr Standorte und Immobilien\" \/>\n\t\t<meta property=\"og:description\" content=\"L\u2019ancien site qui a accueilli l\u2019Exposition nationale de 2002 s\u2019appr\u00eate \u00e0 conna\u00eetre un r\u00e9am\u00e9nagement complet.\" \/>\n\t\t<meta property=\"og:url\" content=\"https:\/\/www.immo-invest.ch\/fr\/extension-du-parc-desjeunes-rives\/\" \/>\n\t\t<meta property=\"og:image\" content=\"https:\/\/www.immo-invest.ch\/wp-content\/uploads\/2022\/10\/jeunesrives.jpg\" \/>\n\t\t<meta property=\"og:image:secure_url\" content=\"https:\/\/www.immo-invest.ch\/wp-content\/uploads\/2022\/10\/jeunesrives.jpg\" \/>\n\t\t<meta property=\"og:image:width\" content=\"1000\" \/>\n\t\t<meta property=\"og:image:height\" content=\"500\" \/>\n\t\t<meta property=\"article:published_time\" content=\"2022-10-13T15:49:12+00:00\" \/>\n\t\t<meta property=\"article:modified_time\" content=\"2022-10-13T15:49:14+00:00\" \/>\n\t\t<meta property=\"article:publisher\" content=\"https:\/\/www.facebook.com\/people\/Immoinvest\/100077962920504\/\" \/>\n\t\t<meta name=\"twitter:card\" content=\"summary_large_image\" \/>\n\t\t<meta name=\"twitter:site\" content=\"@i\" \/>\n\t\t<meta name=\"twitter:title\" content=\"Extension du Parc desJeunes-Rives - immo!nvest - Die Plattform f\u00fcr Standorte und Immobilien\" \/>\n\t\t<meta name=\"twitter:description\" content=\"L\u2019ancien site qui a accueilli l\u2019Exposition nationale de 2002 s\u2019appr\u00eate \u00e0 conna\u00eetre un r\u00e9am\u00e9nagement complet.\" \/>\n\t\t<meta name=\"twitter:creator\" content=\"@i\" \/>\n\t\t<meta name=\"twitter:image\" content=\"https:\/\/www.immo-invest.ch\/wp-content\/uploads\/2022\/10\/jeunesrives.jpg\" \/>\n\t\t<script type=\"application\/ld+json\" class=\"aioseo-schema\">\n\t\t\t{\"@context\":\"https:\\\/\\\/schema.org\",\"@graph\":[{\"@type\":\"BlogPosting\",\"@id\":\"https:\\\/\\\/www.immo-invest.ch\\\/fr\\\/extension-du-parc-desjeunes-rives\\\/#blogposting\",\"name\":\"Extension du Parc desJeunes-Rives - immo!nvest - Die Plattform f\\u00fcr Standorte und Immobilien\",\"headline\":\"Extension du Parc desJeunes-Rives\",\"author\":{\"@id\":\"https:\\\/\\\/www.immo-invest.ch\\\/fr\\\/author\\\/immovestuser\\\/#author\"},\"publisher\":{\"@id\":\"https:\\\/\\\/www.immo-invest.ch\\\/fr\\\/#organization\"},\"image\":{\"@type\":\"ImageObject\",\"url\":\"https:\\\/\\\/www.immo-invest.ch\\\/wp-content\\\/uploads\\\/2022\\\/10\\\/jeunesrives.jpg\",\"width\":1000,\"height\":500},\"datePublished\":\"2022-10-13T17:49:12+02:00\",\"dateModified\":\"2022-10-13T17:49:14+02:00\",\"inLanguage\":\"fr-FR\",\"mainEntityOfPage\":{\"@id\":\"https:\\\/\\\/www.immo-invest.ch\\\/fr\\\/extension-du-parc-desjeunes-rives\\\/#webpage\"},\"isPartOf\":{\"@id\":\"https:\\\/\\\/www.immo-invest.ch\\\/fr\\\/extension-du-parc-desjeunes-rives\\\/#webpage\"},\"articleSection\":\"Projects, R\\u00e9novation, Romandie, Extension, Parc des Jeunes-Rives, r\\u00e9am\\u00e9nagement, Facultatif\"},{\"@type\":\"BreadcrumbList\",\"@id\":\"https:\\\/\\\/www.immo-invest.ch\\\/fr\\\/extension-du-parc-desjeunes-rives\\\/#breadcrumblist\",\"itemListElement\":[{\"@type\":\"ListItem\",\"@id\":\"https:\\\/\\\/www.immo-invest.ch\\\/fr\\\/#listItem\",\"position\":1,\"name\":\"Home\",\"item\":\"https:\\\/\\\/www.immo-invest.ch\\\/fr\\\/\",\"nextItem\":{\"@type\":\"ListItem\",\"@id\":\"https:\\\/\\\/www.immo-invest.ch\\\/fr\\\/categories\\\/regions\\\/#listItem\",\"name\":\"R\\u00e9gions\"}},{\"@type\":\"ListItem\",\"@id\":\"https:\\\/\\\/www.immo-invest.ch\\\/fr\\\/categories\\\/regions\\\/#listItem\",\"position\":2,\"name\":\"R\\u00e9gions\",\"item\":\"https:\\\/\\\/www.immo-invest.ch\\\/fr\\\/categories\\\/regions\\\/\",\"nextItem\":{\"@type\":\"ListItem\",\"@id\":\"https:\\\/\\\/www.immo-invest.ch\\\/fr\\\/categories\\\/regions\\\/region-romandie-fr\\\/#listItem\",\"name\":\"Romandie\"},\"previousItem\":{\"@type\":\"ListItem\",\"@id\":\"https:\\\/\\\/www.immo-invest.ch\\\/fr\\\/#listItem\",\"name\":\"Home\"}},{\"@type\":\"ListItem\",\"@id\":\"https:\\\/\\\/www.immo-invest.ch\\\/fr\\\/categories\\\/regions\\\/region-romandie-fr\\\/#listItem\",\"position\":3,\"name\":\"Romandie\",\"item\":\"https:\\\/\\\/www.immo-invest.ch\\\/fr\\\/categories\\\/regions\\\/region-romandie-fr\\\/\",\"nextItem\":{\"@type\":\"ListItem\",\"@id\":\"https:\\\/\\\/www.immo-invest.ch\\\/fr\\\/extension-du-parc-desjeunes-rives\\\/#listItem\",\"name\":\"Extension du Parc desJeunes-Rives\"},\"previousItem\":{\"@type\":\"ListItem\",\"@id\":\"https:\\\/\\\/www.immo-invest.ch\\\/fr\\\/categories\\\/regions\\\/#listItem\",\"name\":\"R\\u00e9gions\"}},{\"@type\":\"ListItem\",\"@id\":\"https:\\\/\\\/www.immo-invest.ch\\\/fr\\\/extension-du-parc-desjeunes-rives\\\/#listItem\",\"position\":4,\"name\":\"Extension du Parc desJeunes-Rives\",\"previousItem\":{\"@type\":\"ListItem\",\"@id\":\"https:\\\/\\\/www.immo-invest.ch\\\/fr\\\/categories\\\/regions\\\/region-romandie-fr\\\/#listItem\",\"name\":\"Romandie\"}}]},{\"@type\":\"Organization\",\"@id\":\"https:\\\/\\\/www.immo-invest.ch\\\/fr\\\/#organization\",\"name\":\"immo!nvest - Die Plattform f\\u00fcr Standorte und Immobilien\",\"description\":\"Die\\u00a0Plattform f\\u00fcr Standorte und Immobilien\",\"url\":\"https:\\\/\\\/www.immo-invest.ch\\\/fr\\\/\",\"email\":\"admin@immomedia.ag\",\"telephone\":\"+41444420002\",\"logo\":{\"@type\":\"ImageObject\",\"url\":\"https:\\\/\\\/www.immo-invest.ch\\\/wp-content\\\/uploads\\\/2024\\\/09\\\/immoinvest_sm-scaled.jpg\",\"@id\":\"https:\\\/\\\/www.immo-invest.ch\\\/fr\\\/extension-du-parc-desjeunes-rives\\\/#organizationLogo\",\"width\":2560,\"height\":1340},\"image\":{\"@id\":\"https:\\\/\\\/www.immo-invest.ch\\\/fr\\\/extension-du-parc-desjeunes-rives\\\/#organizationLogo\"},\"sameAs\":[\"https:\\\/\\\/www.facebook.com\\\/people\\\/Immoinvest\\\/100077962920504\\\/\",\"https:\\\/\\\/x.com\\\/i\\\/flow\\\/login?redirect_after_login=immoinvest_ch\",\"https:\\\/\\\/www.instagram.com\\\/immoinvest_ch\\\/\",\"https:\\\/\\\/www.linkedin.com\\\/company\\\/immoinvest-swiss\"]},{\"@type\":\"Person\",\"@id\":\"https:\\\/\\\/www.immo-invest.ch\\\/fr\\\/author\\\/immovestuser\\\/#author\",\"url\":\"https:\\\/\\\/www.immo-invest.ch\\\/fr\\\/author\\\/immovestuser\\\/\",\"name\":\"immovestuser\",\"image\":{\"@type\":\"ImageObject\",\"@id\":\"https:\\\/\\\/www.immo-invest.ch\\\/fr\\\/extension-du-parc-desjeunes-rives\\\/#authorImage\",\"url\":\"https:\\\/\\\/secure.gravatar.com\\\/avatar\\\/8e01f4d99f2eeea7a362ebb93305e1172a70e9293ba250f897a65c39f54cdd1e?s=96&d=mm&r=g\",\"width\":96,\"height\":96,\"caption\":\"immovestuser\"}},{\"@type\":\"WebPage\",\"@id\":\"https:\\\/\\\/www.immo-invest.ch\\\/fr\\\/extension-du-parc-desjeunes-rives\\\/#webpage\",\"url\":\"https:\\\/\\\/www.immo-invest.ch\\\/fr\\\/extension-du-parc-desjeunes-rives\\\/\",\"name\":\"Extension du Parc desJeunes-Rives - immo!nvest - Die Plattform f\\u00fcr Standorte und Immobilien\",\"description\":\"L\\u2019ancien site qui a accueilli l\\u2019Exposition nationale de 2002 s\\u2019appr\\u00eate \\u00e0 conna\\u00eetre un r\\u00e9am\\u00e9nagement complet.\",\"inLanguage\":\"fr-FR\",\"isPartOf\":{\"@id\":\"https:\\\/\\\/www.immo-invest.ch\\\/fr\\\/#website\"},\"breadcrumb\":{\"@id\":\"https:\\\/\\\/www.immo-invest.ch\\\/fr\\\/extension-du-parc-desjeunes-rives\\\/#breadcrumblist\"},\"author\":{\"@id\":\"https:\\\/\\\/www.immo-invest.ch\\\/fr\\\/author\\\/immovestuser\\\/#author\"},\"creator\":{\"@id\":\"https:\\\/\\\/www.immo-invest.ch\\\/fr\\\/author\\\/immovestuser\\\/#author\"},\"image\":{\"@type\":\"ImageObject\",\"url\":\"https:\\\/\\\/www.immo-invest.ch\\\/wp-content\\\/uploads\\\/2022\\\/10\\\/jeunesrives.jpg\",\"@id\":\"https:\\\/\\\/www.immo-invest.ch\\\/fr\\\/extension-du-parc-desjeunes-rives\\\/#mainImage\",\"width\":1000,\"height\":500},\"primaryImageOfPage\":{\"@id\":\"https:\\\/\\\/www.immo-invest.ch\\\/fr\\\/extension-du-parc-desjeunes-rives\\\/#mainImage\"},\"datePublished\":\"2022-10-13T17:49:12+02:00\",\"dateModified\":\"2022-10-13T17:49:14+02:00\"},{\"@type\":\"WebSite\",\"@id\":\"https:\\\/\\\/www.immo-invest.ch\\\/fr\\\/#website\",\"url\":\"https:\\\/\\\/www.immo-invest.ch\\\/fr\\\/\",\"name\":\"immo!nvest - Die Plattform f\\u00fcr Standorte und Immobilien\",\"description\":\"Die\\u00a0Plattform f\\u00fcr Standorte und Immobilien\",\"inLanguage\":\"fr-FR\",\"publisher\":{\"@id\":\"https:\\\/\\\/www.immo-invest.ch\\\/fr\\\/#organization\"}}]}\n\t\t<\/script>\n\t\t<!-- All in One SEO -->\n\n","aioseo_head_json":{"title":"Extension du Parc desJeunes-Rives - immo!nvest - Die Plattform f\u00fcr Standorte und Immobilien","description":"L\u2019ancien site qui a accueilli l\u2019Exposition nationale de 2002 s\u2019appr\u00eate \u00e0 conna\u00eetre un r\u00e9am\u00e9nagement complet.","canonical_url":"https:\/\/www.immo-invest.ch\/fr\/extension-du-parc-desjeunes-rives\/","robots":"max-image-preview:large","keywords":"","webmasterTools":{"google-site-verification":"fHJKvgWpZCR2zVBHWfkQeFXC11qieUSff0HGNYfuyLA","miscellaneous":""},"schema":{"@context":"https:\/\/schema.org","@graph":[{"@type":"BlogPosting","@id":"https:\/\/www.immo-invest.ch\/fr\/extension-du-parc-desjeunes-rives\/#blogposting","name":"Extension du Parc desJeunes-Rives - immo!nvest - Die Plattform f\u00fcr Standorte und Immobilien","headline":"Extension du Parc desJeunes-Rives","author":{"@id":"https:\/\/www.immo-invest.ch\/fr\/author\/immovestuser\/#author"},"publisher":{"@id":"https:\/\/www.immo-invest.ch\/fr\/#organization"},"image":{"@type":"ImageObject","url":"https:\/\/www.immo-invest.ch\/wp-content\/uploads\/2022\/10\/jeunesrives.jpg","width":1000,"height":500},"datePublished":"2022-10-13T17:49:12+02:00","dateModified":"2022-10-13T17:49:14+02:00","inLanguage":"fr-FR","mainEntityOfPage":{"@id":"https:\/\/www.immo-invest.ch\/fr\/extension-du-parc-desjeunes-rives\/#webpage"},"isPartOf":{"@id":"https:\/\/www.immo-invest.ch\/fr\/extension-du-parc-desjeunes-rives\/#webpage"},"articleSection":"Projects, R\u00e9novation, Romandie, Extension, Parc des Jeunes-Rives, r\u00e9am\u00e9nagement, Facultatif"},{"@type":"BreadcrumbList","@id":"https:\/\/www.immo-invest.ch\/fr\/extension-du-parc-desjeunes-rives\/#breadcrumblist","itemListElement":[{"@type":"ListItem","@id":"https:\/\/www.immo-invest.ch\/fr\/#listItem","position":1,"name":"Home","item":"https:\/\/www.immo-invest.ch\/fr\/","nextItem":{"@type":"ListItem","@id":"https:\/\/www.immo-invest.ch\/fr\/categories\/regions\/#listItem","name":"R\u00e9gions"}},{"@type":"ListItem","@id":"https:\/\/www.immo-invest.ch\/fr\/categories\/regions\/#listItem","position":2,"name":"R\u00e9gions","item":"https:\/\/www.immo-invest.ch\/fr\/categories\/regions\/","nextItem":{"@type":"ListItem","@id":"https:\/\/www.immo-invest.ch\/fr\/categories\/regions\/region-romandie-fr\/#listItem","name":"Romandie"},"previousItem":{"@type":"ListItem","@id":"https:\/\/www.immo-invest.ch\/fr\/#listItem","name":"Home"}},{"@type":"ListItem","@id":"https:\/\/www.immo-invest.ch\/fr\/categories\/regions\/region-romandie-fr\/#listItem","position":3,"name":"Romandie","item":"https:\/\/www.immo-invest.ch\/fr\/categories\/regions\/region-romandie-fr\/","nextItem":{"@type":"ListItem","@id":"https:\/\/www.immo-invest.ch\/fr\/extension-du-parc-desjeunes-rives\/#listItem","name":"Extension du Parc desJeunes-Rives"},"previousItem":{"@type":"ListItem","@id":"https:\/\/www.immo-invest.ch\/fr\/categories\/regions\/#listItem","name":"R\u00e9gions"}},{"@type":"ListItem","@id":"https:\/\/www.immo-invest.ch\/fr\/extension-du-parc-desjeunes-rives\/#listItem","position":4,"name":"Extension du Parc desJeunes-Rives","previousItem":{"@type":"ListItem","@id":"https:\/\/www.immo-invest.ch\/fr\/categories\/regions\/region-romandie-fr\/#listItem","name":"Romandie"}}]},{"@type":"Organization","@id":"https:\/\/www.immo-invest.ch\/fr\/#organization","name":"immo!nvest - Die Plattform f\u00fcr Standorte und Immobilien","description":"Die\u00a0Plattform f\u00fcr Standorte und Immobilien","url":"https:\/\/www.immo-invest.ch\/fr\/","email":"admin@immomedia.ag","telephone":"+41444420002","logo":{"@type":"ImageObject","url":"https:\/\/www.immo-invest.ch\/wp-content\/uploads\/2024\/09\/immoinvest_sm-scaled.jpg","@id":"https:\/\/www.immo-invest.ch\/fr\/extension-du-parc-desjeunes-rives\/#organizationLogo","width":2560,"height":1340},"image":{"@id":"https:\/\/www.immo-invest.ch\/fr\/extension-du-parc-desjeunes-rives\/#organizationLogo"},"sameAs":["https:\/\/www.facebook.com\/people\/Immoinvest\/100077962920504\/","https:\/\/x.com\/i\/flow\/login?redirect_after_login=immoinvest_ch","https:\/\/www.instagram.com\/immoinvest_ch\/","https:\/\/www.linkedin.com\/company\/immoinvest-swiss"]},{"@type":"Person","@id":"https:\/\/www.immo-invest.ch\/fr\/author\/immovestuser\/#author","url":"https:\/\/www.immo-invest.ch\/fr\/author\/immovestuser\/","name":"immovestuser","image":{"@type":"ImageObject","@id":"https:\/\/www.immo-invest.ch\/fr\/extension-du-parc-desjeunes-rives\/#authorImage","url":"https:\/\/secure.gravatar.com\/avatar\/8e01f4d99f2eeea7a362ebb93305e1172a70e9293ba250f897a65c39f54cdd1e?s=96&d=mm&r=g","width":96,"height":96,"caption":"immovestuser"}},{"@type":"WebPage","@id":"https:\/\/www.immo-invest.ch\/fr\/extension-du-parc-desjeunes-rives\/#webpage","url":"https:\/\/www.immo-invest.ch\/fr\/extension-du-parc-desjeunes-rives\/","name":"Extension du Parc desJeunes-Rives - immo!nvest - Die Plattform f\u00fcr Standorte und Immobilien","description":"L\u2019ancien site qui a accueilli l\u2019Exposition nationale de 2002 s\u2019appr\u00eate \u00e0 conna\u00eetre un r\u00e9am\u00e9nagement complet.","inLanguage":"fr-FR","isPartOf":{"@id":"https:\/\/www.immo-invest.ch\/fr\/#website"},"breadcrumb":{"@id":"https:\/\/www.immo-invest.ch\/fr\/extension-du-parc-desjeunes-rives\/#breadcrumblist"},"author":{"@id":"https:\/\/www.immo-invest.ch\/fr\/author\/immovestuser\/#author"},"creator":{"@id":"https:\/\/www.immo-invest.ch\/fr\/author\/immovestuser\/#author"},"image":{"@type":"ImageObject","url":"https:\/\/www.immo-invest.ch\/wp-content\/uploads\/2022\/10\/jeunesrives.jpg","@id":"https:\/\/www.immo-invest.ch\/fr\/extension-du-parc-desjeunes-rives\/#mainImage","width":1000,"height":500},"primaryImageOfPage":{"@id":"https:\/\/www.immo-invest.ch\/fr\/extension-du-parc-desjeunes-rives\/#mainImage"},"datePublished":"2022-10-13T17:49:12+02:00","dateModified":"2022-10-13T17:49:14+02:00"},{"@type":"WebSite","@id":"https:\/\/www.immo-invest.ch\/fr\/#website","url":"https:\/\/www.immo-invest.ch\/fr\/","name":"immo!nvest - Die Plattform f\u00fcr Standorte und Immobilien","description":"Die\u00a0Plattform f\u00fcr Standorte und Immobilien","inLanguage":"fr-FR","publisher":{"@id":"https:\/\/www.immo-invest.ch\/fr\/#organization"}}]},"og:locale":"fr_FR","og:site_name":"immo!nvest - Die Plattform f\u00fcr Standorte und Immobilien - Die\u00a0Plattform f\u00fcr Standorte und Immobilien","og:type":"article","og:title":"Extension du Parc desJeunes-Rives - immo!nvest - Die Plattform f\u00fcr Standorte und Immobilien","og:description":"L\u2019ancien site qui a accueilli l\u2019Exposition nationale de 2002 s\u2019appr\u00eate \u00e0 conna\u00eetre un r\u00e9am\u00e9nagement complet.","og:url":"https:\/\/www.immo-invest.ch\/fr\/extension-du-parc-desjeunes-rives\/","og:image":"https:\/\/www.immo-invest.ch\/wp-content\/uploads\/2022\/10\/jeunesrives.jpg","og:image:secure_url":"https:\/\/www.immo-invest.ch\/wp-content\/uploads\/2022\/10\/jeunesrives.jpg","og:image:width":1000,"og:image:height":500,"article:published_time":"2022-10-13T15:49:12+00:00","article:modified_time":"2022-10-13T15:49:14+00:00","article:publisher":"https:\/\/www.facebook.com\/people\/Immoinvest\/100077962920504\/","twitter:card":"summary_large_image","twitter:site":"@i","twitter:title":"Extension du Parc desJeunes-Rives - immo!nvest - Die Plattform f\u00fcr Standorte und Immobilien","twitter:description":"L\u2019ancien site qui a accueilli l\u2019Exposition nationale de 2002 s\u2019appr\u00eate \u00e0 conna\u00eetre un r\u00e9am\u00e9nagement complet.","twitter:creator":"@i","twitter:image":"https:\/\/www.immo-invest.ch\/wp-content\/uploads\/2022\/10\/jeunesrives.jpg"},"aioseo_meta_data":{"post_id":"45204","title":null,"description":null,"keywords":null,"keyphrases":null,"primary_term":null,"canonical_url":null,"og_title":null,"og_description":null,"og_object_type":"default","og_image_type":"default","og_image_url":null,"og_image_width":null,"og_image_height":null,"og_image_custom_url":null,"og_image_custom_fields":null,"og_video":null,"og_custom_url":null,"og_article_section":null,"og_article_tags":null,"twitter_use_og":false,"twitter_card":"default","twitter_image_type":"default","twitter_image_url":null,"twitter_image_custom_url":null,"twitter_image_custom_fields":null,"twitter_title":null,"twitter_description":null,"schema":{"blockGraphs":[],"customGraphs":[],"default":{"data":{"Article":[],"Course":[],"Dataset":[],"FAQPage":[],"Movie":[],"Person":[],"Product":[],"ProductReview":[],"Car":[],"Recipe":[],"Service":[],"SoftwareApplication":[],"WebPage":[]},"graphName":"","isEnabled":true},"graphs":[]},"schema_type":"default","schema_type_options":null,"pillar_content":false,"robots_default":true,"robots_noindex":false,"robots_noarchive":false,"robots_nosnippet":false,"robots_nofollow":false,"robots_noimageindex":false,"robots_noodp":false,"robots_notranslate":false,"robots_max_snippet":null,"robots_max_videopreview":null,"robots_max_imagepreview":"large","priority":null,"frequency":null,"local_seo":null,"breadcrumb_settings":null,"limit_modified_date":false,"ai":null,"created":"2024-09-19 21:07:47","updated":"2025-10-23 02:46:15","seo_analyzer_scan_date":null,"focus_keyword":null,"additional_keywords":null,"truseo_locale":null},"aioseo_breadcrumb":"<div class=\"aioseo-breadcrumbs\"><span class=\"aioseo-breadcrumb\">\n\t\t\t<a href=\"https:\/\/www.immo-invest.ch\/fr\/\" title=\"Home\">Home<\/a>\n\t\t<\/span><span class=\"aioseo-breadcrumb-separator\">&raquo;<\/span><span class=\"aioseo-breadcrumb\">\n\t\t\t<a href=\"https:\/\/www.immo-invest.ch\/fr\/categories\/regions\/\" title=\"R\u00e9gions\">R\u00e9gions<\/a>\n\t\t<\/span><span class=\"aioseo-breadcrumb-separator\">&raquo;<\/span><span class=\"aioseo-breadcrumb\">\n\t\t\t<a href=\"https:\/\/www.immo-invest.ch\/fr\/categories\/regions\/region-romandie-fr\/\" title=\"Romandie\">Romandie<\/a>\n\t\t<\/span><span class=\"aioseo-breadcrumb-separator\">&raquo;<\/span><span class=\"aioseo-breadcrumb\">\n\t\t\tExtension du Parc des<br>Jeunes-Rives\n\t\t<\/span><\/div>","aioseo_breadcrumb_json":[{"label":"Home","link":"https:\/\/www.immo-invest.ch\/fr\/"},{"label":"R\u00e9gions","link":"https:\/\/www.immo-invest.ch\/fr\/categories\/regions\/"},{"label":"Romandie","link":"https:\/\/www.immo-invest.ch\/fr\/categories\/regions\/region-romandie-fr\/"},{"label":"Extension du Parc des<br>Jeunes-Rives","link":"https:\/\/www.immo-invest.ch\/fr\/extension-du-parc-desjeunes-rives\/"}],"featured_image_src":"https:\/\/www.immo-invest.ch\/wp-content\/uploads\/2022\/10\/jeunesrives-336x168.jpg","_links":{"self":[{"href":"https:\/\/www.immo-invest.ch\/fr\/wp-json\/wp\/v2\/posts\/45204","targetHints":{"allow":["GET"]}}],"collection":[{"href":"https:\/\/www.immo-invest.ch\/fr\/wp-json\/wp\/v2\/posts"}],"about":[{"href":"https:\/\/www.immo-invest.ch\/fr\/wp-json\/wp\/v2\/types\/post"}],"author":[{"embeddable":true,"href":"https:\/\/www.immo-invest.ch\/fr\/wp-json\/wp\/v2\/users\/2"}],"replies":[{"embeddable":true,"href":"https:\/\/www.immo-invest.ch\/fr\/wp-json\/wp\/v2\/comments?post=45204"}],"version-history":[{"count":0,"href":"https:\/\/www.immo-invest.ch\/fr\/wp-json\/wp\/v2\/posts\/45204\/revisions"}],"wp:featuredmedia":[{"embeddable":true,"href":"https:\/\/www.immo-invest.ch\/fr\/wp-json\/wp\/v2\/media\/45205"}],"wp:attachment":[{"href":"https:\/\/www.immo-invest.ch\/fr\/wp-json\/wp\/v2\/media?parent=45204"}],"wp:term":[{"taxonomy":"category","embeddable":true,"href":"https:\/\/www.immo-invest.ch\/fr\/wp-json\/wp\/v2\/categories?post=45204"},{"taxonomy":"post_tag","embeddable":true,"href":"https:\/\/www.immo-invest.ch\/fr\/wp-json\/wp\/v2\/tags?post=45204"}],"curies":[{"name":"wp","href":"https:\/\/api.w.org\/{rel}","templated":true}]}}