{"id":45189,"date":"2022-10-13T17:42:46","date_gmt":"2022-10-13T15:42:46","guid":{"rendered":"https:\/\/www.immo-invest.ch\/?p=45189"},"modified":"2022-10-13T17:42:47","modified_gmt":"2022-10-13T15:42:47","slug":"lancienne-usine-metalor-devientun-quartier-residentiel","status":"publish","type":"post","link":"https:\/\/www.immo-invest.ch\/fr\/lancienne-usine-metalor-devientun-quartier-residentiel\/","title":{"rendered":"L\u2019ancienne usine Metalor devient<br>un quartier r\u00e9sidentiel"},"content":{"rendered":"<p class=\"wp-block-paragraph\">Le projet &laquo;Bella Vista&raquo; doit voir le jour &agrave; l&rsquo;horizon 2024, sur l&rsquo;ancien site de l&rsquo;usine Metalor, Avenue du Vignoble &agrave; Neuch&acirc;tel. R&eacute;partis sur sept immeubles, 286 appartements et 800 m&egrave;tres carr&eacute;s de surfaces commerciales sont pr&eacute;vus. Jusqu&rsquo;&agrave; 500 habitants viendront s&rsquo;y installer. C&rsquo;est le bureau d&rsquo;architecte CCHE qui a remport&eacute; le concours d&rsquo;architecture lanc&eacute;.<br><br>Les immeubles de quatre &eacute;tages chacun utiliseront les &eacute;nergies renouvelables et r&eacute;pondront aux derniers crit&egrave;res <span class=\"glossaryLink\" aria-describedby=\"tt\" data-cmtooltip=\"&lt;div class=glossaryItemTitle&gt;Minergie&lt;\/div&gt;&lt;div class=glossaryItemBody&gt;Baustandard und Label, das als Zertifikat f&uuml;r Geb&auml;ude ausgegeben wird, die neu erstellt oder saniert einen entsprechenden Energienachweis erf&uuml;llen. Standards: Minergie, Minergie-P, Minergie-A. Im Zentrum steht der Wohn- und Arbeitskomfort, der durch eine hochwertige energiefeffiziente Geb&auml;udeh&uuml;lle und systematische Lufterneuerung erreicht wird. Das Ziel wird als Grenzwert im Energieverbrauch definiert&lt;\/div&gt;\" data-mobile-support=\"0\" data-gt-translate-attributes='[{\"attribute\":\"data-cmtooltip\", \"format\":\"html\"}]' tabindex=\"0\" role=\"link\">Minergie<\/span>. Les appartements doivent attirer aussi bien des familles que des couples, des personnes c&eacute;libataires ainsi que des retrait&eacute;s. Ils offriront une vue sur le lac et sur les Alpes. Il est pr&eacute;vu que quelque 20% des logements soient des appartements avec encadrement pour personnes &acirc;g&eacute;es. Les places de parc et les locaux techniques seront implant&eacute;s au sous-sol.<br><br>Les b&acirc;timents existants doivent &ecirc;tre d&rsquo;abord d&eacute;samiant&eacute;s, une op&eacute;ration supervis&eacute;e par le service de l&rsquo;environnement du canton de Neuch&acirc;tel. Les travaux de d&eacute;molition sont &agrave; achever d&rsquo;ici le printemps 2021. Avec la reconversion des quelque 15 000 m&egrave;tres carr&eacute;s de la friche industrielle en une zone r&eacute;sidentielle durable, l&rsquo;objectif de densification est atteint.<\/p>\n\n\n\n<figure class=\"wp-block-image size-large\"><img loading=\"lazy\" decoding=\"async\" width=\"793\" height=\"480\" src=\"https:\/\/www.immo-invest.ch\/wp-content\/uploads\/2022\/10\/bellavista-793x480.jpg\" alt=\"\" class=\"wp-image-45194\" srcset=\"https:\/\/www.immo-invest.ch\/wp-content\/uploads\/2022\/10\/bellavista-793x480.jpg 793w, https:\/\/www.immo-invest.ch\/wp-content\/uploads\/2022\/10\/bellavista-600x363.jpg 600w, https:\/\/www.immo-invest.ch\/wp-content\/uploads\/2022\/10\/bellavista-572x346.jpg 572w, https:\/\/www.immo-invest.ch\/wp-content\/uploads\/2022\/10\/bellavista-768x465.jpg 768w, https:\/\/www.immo-invest.ch\/wp-content\/uploads\/2022\/10\/bellavista.jpg 1000w\" sizes=\"auto, (max-width: 793px) 100vw, 793px\"\/><\/figure>\n\n\n\n<p class=\"wp-block-paragraph\"><\/p>\n\n\n\n<h3 class=\"wp-block-heading\">Faits<\/h3>\n\n\n\n<p class=\"wp-block-paragraph\"><strong>Architecte:<\/strong> Bureau d&rsquo;architecte CCHE<br><strong>R&eacute;alisation:<\/strong> 2020 &ndash; 2024<br><strong>Surface:<\/strong> 15 000 m&egrave;tres carr&eacute;s<\/p>\n","protected":false},"excerpt":{"rendered":"<p>Le projet \u00abBella Vista\u00bb \u00e0 Neuch\u00e2tel pr\u00e9voit la cr\u00e9ation de 286 logements dans sept immeubles, avec vue sur le lac. <\/p>\n","protected":false},"author":2,"featured_media":45190,"comment_status":"open","ping_status":"open","sticky":false,"template":"","format":"standard","meta":{"pmpro_default_level":"","inline_featured_image":false,"_monsterinsights_skip_tracking":false,"footnotes":""},"categories":[9824,739,8452,9440],"tags":[34981,34974,34982],"class_list":["post-45189","post","type-post","status-publish","format-standard","has-post-thumbnail","hentry","category-nouvelle-construction","category-projects","category-regions","category-region-romandie-fr","tag-bella-vista","tag-logements","tag-vue-sur-le-lac","pmpro-has-access"],"acf":{"bild_mit_ki_erstellt_worden":[],"lead":"Le projet \u00abBella Vista\u00bb \u00e0 Neuch\u00e2tel pr\u00e9voit la cr\u00e9ation de 286 logements dans sept immeubles, avec vue sur le lac. ","autor":"Texte: cche.ch, Stadt Neuenburg \/ Photos: CCHE","ort":"Neuch\u00e2tel","bildunterschrift":"","bild_im_grid":false,"gallerie":"","newsim":""},"aioseo_notices":[],"aioseo_head":"\n\t\t<!-- All in One SEO 5.0.0.1 - aioseo.com -->\n\t<meta name=\"description\" content=\"Le projet \u00abBella Vista\u00bb \u00e0 Neuch\u00e2tel pr\u00e9voit la cr\u00e9ation de 286 logements dans sept immeubles, avec vue sur le lac.\" \/>\n\t<meta name=\"robots\" content=\"max-image-preview:large\" \/>\n\t<meta name=\"author\" content=\"immovestuser\"\/>\n\t<meta name=\"google-site-verification\" content=\"fHJKvgWpZCR2zVBHWfkQeFXC11qieUSff0HGNYfuyLA\" \/>\n\t<link rel=\"canonical\" href=\"https:\/\/www.immo-invest.ch\/fr\/lancienne-usine-metalor-devientun-quartier-residentiel\/\" \/>\n\t<meta name=\"generator\" content=\"All in One SEO (AIOSEO) 5.0.0.1\" \/>\n\t\t<meta property=\"og:locale\" content=\"fr_FR\" \/>\n\t\t<meta property=\"og:site_name\" content=\"immo!nvest - Die Plattform f\u00fcr Standorte und Immobilien - Die\u00a0Plattform f\u00fcr Standorte und Immobilien\" \/>\n\t\t<meta property=\"og:type\" content=\"article\" \/>\n\t\t<meta property=\"og:title\" content=\"L\u2019ancienne usine Metalor devientun quartier r\u00e9sidentiel - immo!nvest - Die Plattform f\u00fcr Standorte und Immobilien\" \/>\n\t\t<meta property=\"og:description\" content=\"Le projet \u00abBella Vista\u00bb \u00e0 Neuch\u00e2tel pr\u00e9voit la cr\u00e9ation de 286 logements dans sept immeubles, avec vue sur le lac.\" \/>\n\t\t<meta property=\"og:url\" content=\"https:\/\/www.immo-invest.ch\/fr\/lancienne-usine-metalor-devientun-quartier-residentiel\/\" \/>\n\t\t<meta property=\"og:image\" content=\"https:\/\/www.immo-invest.ch\/wp-content\/uploads\/2022\/10\/BellaVista_2-1140x640-1.jpg\" \/>\n\t\t<meta property=\"og:image:secure_url\" content=\"https:\/\/www.immo-invest.ch\/wp-content\/uploads\/2022\/10\/BellaVista_2-1140x640-1.jpg\" \/>\n\t\t<meta property=\"og:image:width\" content=\"1000\" \/>\n\t\t<meta property=\"og:image:height\" content=\"500\" \/>\n\t\t<meta property=\"article:published_time\" content=\"2022-10-13T15:42:46+00:00\" \/>\n\t\t<meta property=\"article:modified_time\" content=\"2022-10-13T15:42:47+00:00\" \/>\n\t\t<meta property=\"article:publisher\" content=\"https:\/\/www.facebook.com\/people\/Immoinvest\/100077962920504\/\" \/>\n\t\t<meta name=\"twitter:card\" content=\"summary_large_image\" \/>\n\t\t<meta name=\"twitter:site\" content=\"@i\" \/>\n\t\t<meta name=\"twitter:title\" content=\"L\u2019ancienne usine Metalor devientun quartier r\u00e9sidentiel - immo!nvest - Die Plattform f\u00fcr Standorte und Immobilien\" \/>\n\t\t<meta name=\"twitter:description\" content=\"Le projet \u00abBella Vista\u00bb \u00e0 Neuch\u00e2tel pr\u00e9voit la cr\u00e9ation de 286 logements dans sept immeubles, avec vue sur le lac.\" \/>\n\t\t<meta name=\"twitter:creator\" content=\"@i\" \/>\n\t\t<meta name=\"twitter:image\" content=\"https:\/\/www.immo-invest.ch\/wp-content\/uploads\/2022\/10\/BellaVista_2-1140x640-1.jpg\" \/>\n\t\t<script type=\"application\/ld+json\" class=\"aioseo-schema\">\n\t\t\t{\"@context\":\"https:\\\/\\\/schema.org\",\"@graph\":[{\"@type\":\"BlogPosting\",\"@id\":\"https:\\\/\\\/www.immo-invest.ch\\\/fr\\\/lancienne-usine-metalor-devientun-quartier-residentiel\\\/#blogposting\",\"name\":\"L\\u2019ancienne usine Metalor devientun quartier r\\u00e9sidentiel - immo!nvest - Die Plattform f\\u00fcr Standorte und Immobilien\",\"headline\":\"L\\u2019ancienne usine Metalor devientun quartier r\\u00e9sidentiel\",\"author\":{\"@id\":\"https:\\\/\\\/www.immo-invest.ch\\\/fr\\\/author\\\/immovestuser\\\/#author\"},\"publisher\":{\"@id\":\"https:\\\/\\\/www.immo-invest.ch\\\/fr\\\/#organization\"},\"image\":{\"@type\":\"ImageObject\",\"url\":\"https:\\\/\\\/www.immo-invest.ch\\\/wp-content\\\/uploads\\\/2022\\\/10\\\/BellaVista_2-1140x640-1.jpg\",\"width\":1000,\"height\":500},\"datePublished\":\"2022-10-13T17:42:46+02:00\",\"dateModified\":\"2022-10-13T17:42:47+02:00\",\"inLanguage\":\"fr-FR\",\"mainEntityOfPage\":{\"@id\":\"https:\\\/\\\/www.immo-invest.ch\\\/fr\\\/lancienne-usine-metalor-devientun-quartier-residentiel\\\/#webpage\"},\"isPartOf\":{\"@id\":\"https:\\\/\\\/www.immo-invest.ch\\\/fr\\\/lancienne-usine-metalor-devientun-quartier-residentiel\\\/#webpage\"},\"articleSection\":\"Nouvelle construction, Projects, R\\u00e9gions, Romandie, Bella Vista, logements, vue sur le lac, Facultatif\"},{\"@type\":\"BreadcrumbList\",\"@id\":\"https:\\\/\\\/www.immo-invest.ch\\\/fr\\\/lancienne-usine-metalor-devientun-quartier-residentiel\\\/#breadcrumblist\",\"itemListElement\":[{\"@type\":\"ListItem\",\"@id\":\"https:\\\/\\\/www.immo-invest.ch\\\/fr\\\/#listItem\",\"position\":1,\"name\":\"Home\",\"item\":\"https:\\\/\\\/www.immo-invest.ch\\\/fr\\\/\",\"nextItem\":{\"@type\":\"ListItem\",\"@id\":\"https:\\\/\\\/www.immo-invest.ch\\\/fr\\\/categories\\\/regions\\\/#listItem\",\"name\":\"R\\u00e9gions\"}},{\"@type\":\"ListItem\",\"@id\":\"https:\\\/\\\/www.immo-invest.ch\\\/fr\\\/categories\\\/regions\\\/#listItem\",\"position\":2,\"name\":\"R\\u00e9gions\",\"item\":\"https:\\\/\\\/www.immo-invest.ch\\\/fr\\\/categories\\\/regions\\\/\",\"nextItem\":{\"@type\":\"ListItem\",\"@id\":\"https:\\\/\\\/www.immo-invest.ch\\\/fr\\\/categories\\\/regions\\\/region-romandie-fr\\\/#listItem\",\"name\":\"Romandie\"},\"previousItem\":{\"@type\":\"ListItem\",\"@id\":\"https:\\\/\\\/www.immo-invest.ch\\\/fr\\\/#listItem\",\"name\":\"Home\"}},{\"@type\":\"ListItem\",\"@id\":\"https:\\\/\\\/www.immo-invest.ch\\\/fr\\\/categories\\\/regions\\\/region-romandie-fr\\\/#listItem\",\"position\":3,\"name\":\"Romandie\",\"item\":\"https:\\\/\\\/www.immo-invest.ch\\\/fr\\\/categories\\\/regions\\\/region-romandie-fr\\\/\",\"nextItem\":{\"@type\":\"ListItem\",\"@id\":\"https:\\\/\\\/www.immo-invest.ch\\\/fr\\\/lancienne-usine-metalor-devientun-quartier-residentiel\\\/#listItem\",\"name\":\"L\\u2019ancienne usine Metalor devientun quartier r\\u00e9sidentiel\"},\"previousItem\":{\"@type\":\"ListItem\",\"@id\":\"https:\\\/\\\/www.immo-invest.ch\\\/fr\\\/categories\\\/regions\\\/#listItem\",\"name\":\"R\\u00e9gions\"}},{\"@type\":\"ListItem\",\"@id\":\"https:\\\/\\\/www.immo-invest.ch\\\/fr\\\/lancienne-usine-metalor-devientun-quartier-residentiel\\\/#listItem\",\"position\":4,\"name\":\"L\\u2019ancienne usine Metalor devientun quartier r\\u00e9sidentiel\",\"previousItem\":{\"@type\":\"ListItem\",\"@id\":\"https:\\\/\\\/www.immo-invest.ch\\\/fr\\\/categories\\\/regions\\\/region-romandie-fr\\\/#listItem\",\"name\":\"Romandie\"}}]},{\"@type\":\"Organization\",\"@id\":\"https:\\\/\\\/www.immo-invest.ch\\\/fr\\\/#organization\",\"name\":\"immo!nvest - Die Plattform f\\u00fcr Standorte und Immobilien\",\"description\":\"Die\\u00a0Plattform f\\u00fcr Standorte und Immobilien\",\"url\":\"https:\\\/\\\/www.immo-invest.ch\\\/fr\\\/\",\"email\":\"admin@immomedia.ag\",\"telephone\":\"+41444420002\",\"logo\":{\"@type\":\"ImageObject\",\"url\":\"https:\\\/\\\/www.immo-invest.ch\\\/wp-content\\\/uploads\\\/2024\\\/09\\\/immoinvest_sm-scaled.jpg\",\"@id\":\"https:\\\/\\\/www.immo-invest.ch\\\/fr\\\/lancienne-usine-metalor-devientun-quartier-residentiel\\\/#organizationLogo\",\"width\":2560,\"height\":1340},\"image\":{\"@id\":\"https:\\\/\\\/www.immo-invest.ch\\\/fr\\\/lancienne-usine-metalor-devientun-quartier-residentiel\\\/#organizationLogo\"},\"sameAs\":[\"https:\\\/\\\/www.facebook.com\\\/people\\\/Immoinvest\\\/100077962920504\\\/\",\"https:\\\/\\\/x.com\\\/i\\\/flow\\\/login?redirect_after_login=immoinvest_ch\",\"https:\\\/\\\/www.instagram.com\\\/immoinvest_ch\\\/\",\"https:\\\/\\\/www.linkedin.com\\\/company\\\/immoinvest-swiss\"]},{\"@type\":\"Person\",\"@id\":\"https:\\\/\\\/www.immo-invest.ch\\\/fr\\\/author\\\/immovestuser\\\/#author\",\"url\":\"https:\\\/\\\/www.immo-invest.ch\\\/fr\\\/author\\\/immovestuser\\\/\",\"name\":\"immovestuser\",\"image\":{\"@type\":\"ImageObject\",\"@id\":\"https:\\\/\\\/www.immo-invest.ch\\\/fr\\\/lancienne-usine-metalor-devientun-quartier-residentiel\\\/#authorImage\",\"url\":\"https:\\\/\\\/secure.gravatar.com\\\/avatar\\\/8e01f4d99f2eeea7a362ebb93305e1172a70e9293ba250f897a65c39f54cdd1e?s=96&d=mm&r=g\",\"width\":96,\"height\":96,\"caption\":\"immovestuser\"}},{\"@type\":\"WebPage\",\"@id\":\"https:\\\/\\\/www.immo-invest.ch\\\/fr\\\/lancienne-usine-metalor-devientun-quartier-residentiel\\\/#webpage\",\"url\":\"https:\\\/\\\/www.immo-invest.ch\\\/fr\\\/lancienne-usine-metalor-devientun-quartier-residentiel\\\/\",\"name\":\"L\\u2019ancienne usine Metalor devientun quartier r\\u00e9sidentiel - immo!nvest - Die Plattform f\\u00fcr Standorte und Immobilien\",\"description\":\"Le projet \\u00abBella Vista\\u00bb \\u00e0 Neuch\\u00e2tel pr\\u00e9voit la cr\\u00e9ation de 286 logements dans sept immeubles, avec vue sur le lac.\",\"inLanguage\":\"fr-FR\",\"isPartOf\":{\"@id\":\"https:\\\/\\\/www.immo-invest.ch\\\/fr\\\/#website\"},\"breadcrumb\":{\"@id\":\"https:\\\/\\\/www.immo-invest.ch\\\/fr\\\/lancienne-usine-metalor-devientun-quartier-residentiel\\\/#breadcrumblist\"},\"author\":{\"@id\":\"https:\\\/\\\/www.immo-invest.ch\\\/fr\\\/author\\\/immovestuser\\\/#author\"},\"creator\":{\"@id\":\"https:\\\/\\\/www.immo-invest.ch\\\/fr\\\/author\\\/immovestuser\\\/#author\"},\"image\":{\"@type\":\"ImageObject\",\"url\":\"https:\\\/\\\/www.immo-invest.ch\\\/wp-content\\\/uploads\\\/2022\\\/10\\\/BellaVista_2-1140x640-1.jpg\",\"@id\":\"https:\\\/\\\/www.immo-invest.ch\\\/fr\\\/lancienne-usine-metalor-devientun-quartier-residentiel\\\/#mainImage\",\"width\":1000,\"height\":500},\"primaryImageOfPage\":{\"@id\":\"https:\\\/\\\/www.immo-invest.ch\\\/fr\\\/lancienne-usine-metalor-devientun-quartier-residentiel\\\/#mainImage\"},\"datePublished\":\"2022-10-13T17:42:46+02:00\",\"dateModified\":\"2022-10-13T17:42:47+02:00\"},{\"@type\":\"WebSite\",\"@id\":\"https:\\\/\\\/www.immo-invest.ch\\\/fr\\\/#website\",\"url\":\"https:\\\/\\\/www.immo-invest.ch\\\/fr\\\/\",\"name\":\"immo!nvest - Die Plattform f\\u00fcr Standorte und Immobilien\",\"description\":\"Die\\u00a0Plattform f\\u00fcr Standorte und Immobilien\",\"inLanguage\":\"fr-FR\",\"publisher\":{\"@id\":\"https:\\\/\\\/www.immo-invest.ch\\\/fr\\\/#organization\"}}]}\n\t\t<\/script>\n\t\t<!-- All in One SEO -->\n\n","aioseo_head_json":{"title":"L\u2019ancienne usine Metalor devientun quartier r\u00e9sidentiel - immo!nvest - Die Plattform f\u00fcr Standorte und Immobilien","description":"Le projet \u00abBella Vista\u00bb \u00e0 Neuch\u00e2tel pr\u00e9voit la cr\u00e9ation de 286 logements dans sept immeubles, avec vue sur le lac.","canonical_url":"https:\/\/www.immo-invest.ch\/fr\/lancienne-usine-metalor-devientun-quartier-residentiel\/","robots":"max-image-preview:large","keywords":"","webmasterTools":{"google-site-verification":"fHJKvgWpZCR2zVBHWfkQeFXC11qieUSff0HGNYfuyLA","miscellaneous":""},"schema":{"@context":"https:\/\/schema.org","@graph":[{"@type":"BlogPosting","@id":"https:\/\/www.immo-invest.ch\/fr\/lancienne-usine-metalor-devientun-quartier-residentiel\/#blogposting","name":"L\u2019ancienne usine Metalor devientun quartier r\u00e9sidentiel - immo!nvest - Die Plattform f\u00fcr Standorte und Immobilien","headline":"L\u2019ancienne usine Metalor devientun quartier r\u00e9sidentiel","author":{"@id":"https:\/\/www.immo-invest.ch\/fr\/author\/immovestuser\/#author"},"publisher":{"@id":"https:\/\/www.immo-invest.ch\/fr\/#organization"},"image":{"@type":"ImageObject","url":"https:\/\/www.immo-invest.ch\/wp-content\/uploads\/2022\/10\/BellaVista_2-1140x640-1.jpg","width":1000,"height":500},"datePublished":"2022-10-13T17:42:46+02:00","dateModified":"2022-10-13T17:42:47+02:00","inLanguage":"fr-FR","mainEntityOfPage":{"@id":"https:\/\/www.immo-invest.ch\/fr\/lancienne-usine-metalor-devientun-quartier-residentiel\/#webpage"},"isPartOf":{"@id":"https:\/\/www.immo-invest.ch\/fr\/lancienne-usine-metalor-devientun-quartier-residentiel\/#webpage"},"articleSection":"Nouvelle construction, Projects, R\u00e9gions, Romandie, Bella Vista, logements, vue sur le lac, Facultatif"},{"@type":"BreadcrumbList","@id":"https:\/\/www.immo-invest.ch\/fr\/lancienne-usine-metalor-devientun-quartier-residentiel\/#breadcrumblist","itemListElement":[{"@type":"ListItem","@id":"https:\/\/www.immo-invest.ch\/fr\/#listItem","position":1,"name":"Home","item":"https:\/\/www.immo-invest.ch\/fr\/","nextItem":{"@type":"ListItem","@id":"https:\/\/www.immo-invest.ch\/fr\/categories\/regions\/#listItem","name":"R\u00e9gions"}},{"@type":"ListItem","@id":"https:\/\/www.immo-invest.ch\/fr\/categories\/regions\/#listItem","position":2,"name":"R\u00e9gions","item":"https:\/\/www.immo-invest.ch\/fr\/categories\/regions\/","nextItem":{"@type":"ListItem","@id":"https:\/\/www.immo-invest.ch\/fr\/categories\/regions\/region-romandie-fr\/#listItem","name":"Romandie"},"previousItem":{"@type":"ListItem","@id":"https:\/\/www.immo-invest.ch\/fr\/#listItem","name":"Home"}},{"@type":"ListItem","@id":"https:\/\/www.immo-invest.ch\/fr\/categories\/regions\/region-romandie-fr\/#listItem","position":3,"name":"Romandie","item":"https:\/\/www.immo-invest.ch\/fr\/categories\/regions\/region-romandie-fr\/","nextItem":{"@type":"ListItem","@id":"https:\/\/www.immo-invest.ch\/fr\/lancienne-usine-metalor-devientun-quartier-residentiel\/#listItem","name":"L\u2019ancienne usine Metalor devientun quartier r\u00e9sidentiel"},"previousItem":{"@type":"ListItem","@id":"https:\/\/www.immo-invest.ch\/fr\/categories\/regions\/#listItem","name":"R\u00e9gions"}},{"@type":"ListItem","@id":"https:\/\/www.immo-invest.ch\/fr\/lancienne-usine-metalor-devientun-quartier-residentiel\/#listItem","position":4,"name":"L\u2019ancienne usine Metalor devientun quartier r\u00e9sidentiel","previousItem":{"@type":"ListItem","@id":"https:\/\/www.immo-invest.ch\/fr\/categories\/regions\/region-romandie-fr\/#listItem","name":"Romandie"}}]},{"@type":"Organization","@id":"https:\/\/www.immo-invest.ch\/fr\/#organization","name":"immo!nvest - Die Plattform f\u00fcr Standorte und Immobilien","description":"Die\u00a0Plattform f\u00fcr Standorte und Immobilien","url":"https:\/\/www.immo-invest.ch\/fr\/","email":"admin@immomedia.ag","telephone":"+41444420002","logo":{"@type":"ImageObject","url":"https:\/\/www.immo-invest.ch\/wp-content\/uploads\/2024\/09\/immoinvest_sm-scaled.jpg","@id":"https:\/\/www.immo-invest.ch\/fr\/lancienne-usine-metalor-devientun-quartier-residentiel\/#organizationLogo","width":2560,"height":1340},"image":{"@id":"https:\/\/www.immo-invest.ch\/fr\/lancienne-usine-metalor-devientun-quartier-residentiel\/#organizationLogo"},"sameAs":["https:\/\/www.facebook.com\/people\/Immoinvest\/100077962920504\/","https:\/\/x.com\/i\/flow\/login?redirect_after_login=immoinvest_ch","https:\/\/www.instagram.com\/immoinvest_ch\/","https:\/\/www.linkedin.com\/company\/immoinvest-swiss"]},{"@type":"Person","@id":"https:\/\/www.immo-invest.ch\/fr\/author\/immovestuser\/#author","url":"https:\/\/www.immo-invest.ch\/fr\/author\/immovestuser\/","name":"immovestuser","image":{"@type":"ImageObject","@id":"https:\/\/www.immo-invest.ch\/fr\/lancienne-usine-metalor-devientun-quartier-residentiel\/#authorImage","url":"https:\/\/secure.gravatar.com\/avatar\/8e01f4d99f2eeea7a362ebb93305e1172a70e9293ba250f897a65c39f54cdd1e?s=96&d=mm&r=g","width":96,"height":96,"caption":"immovestuser"}},{"@type":"WebPage","@id":"https:\/\/www.immo-invest.ch\/fr\/lancienne-usine-metalor-devientun-quartier-residentiel\/#webpage","url":"https:\/\/www.immo-invest.ch\/fr\/lancienne-usine-metalor-devientun-quartier-residentiel\/","name":"L\u2019ancienne usine Metalor devientun quartier r\u00e9sidentiel - immo!nvest - Die Plattform f\u00fcr Standorte und Immobilien","description":"Le projet \u00abBella Vista\u00bb \u00e0 Neuch\u00e2tel pr\u00e9voit la cr\u00e9ation de 286 logements dans sept immeubles, avec vue sur le lac.","inLanguage":"fr-FR","isPartOf":{"@id":"https:\/\/www.immo-invest.ch\/fr\/#website"},"breadcrumb":{"@id":"https:\/\/www.immo-invest.ch\/fr\/lancienne-usine-metalor-devientun-quartier-residentiel\/#breadcrumblist"},"author":{"@id":"https:\/\/www.immo-invest.ch\/fr\/author\/immovestuser\/#author"},"creator":{"@id":"https:\/\/www.immo-invest.ch\/fr\/author\/immovestuser\/#author"},"image":{"@type":"ImageObject","url":"https:\/\/www.immo-invest.ch\/wp-content\/uploads\/2022\/10\/BellaVista_2-1140x640-1.jpg","@id":"https:\/\/www.immo-invest.ch\/fr\/lancienne-usine-metalor-devientun-quartier-residentiel\/#mainImage","width":1000,"height":500},"primaryImageOfPage":{"@id":"https:\/\/www.immo-invest.ch\/fr\/lancienne-usine-metalor-devientun-quartier-residentiel\/#mainImage"},"datePublished":"2022-10-13T17:42:46+02:00","dateModified":"2022-10-13T17:42:47+02:00"},{"@type":"WebSite","@id":"https:\/\/www.immo-invest.ch\/fr\/#website","url":"https:\/\/www.immo-invest.ch\/fr\/","name":"immo!nvest - Die Plattform f\u00fcr Standorte und Immobilien","description":"Die\u00a0Plattform f\u00fcr Standorte und Immobilien","inLanguage":"fr-FR","publisher":{"@id":"https:\/\/www.immo-invest.ch\/fr\/#organization"}}]},"og:locale":"fr_FR","og:site_name":"immo!nvest - Die Plattform f\u00fcr Standorte und Immobilien - Die\u00a0Plattform f\u00fcr Standorte und Immobilien","og:type":"article","og:title":"L\u2019ancienne usine Metalor devientun quartier r\u00e9sidentiel - immo!nvest - Die Plattform f\u00fcr Standorte und Immobilien","og:description":"Le projet \u00abBella Vista\u00bb \u00e0 Neuch\u00e2tel pr\u00e9voit la cr\u00e9ation de 286 logements dans sept immeubles, avec vue sur le lac.","og:url":"https:\/\/www.immo-invest.ch\/fr\/lancienne-usine-metalor-devientun-quartier-residentiel\/","og:image":"https:\/\/www.immo-invest.ch\/wp-content\/uploads\/2022\/10\/BellaVista_2-1140x640-1.jpg","og:image:secure_url":"https:\/\/www.immo-invest.ch\/wp-content\/uploads\/2022\/10\/BellaVista_2-1140x640-1.jpg","og:image:width":1000,"og:image:height":500,"article:published_time":"2022-10-13T15:42:46+00:00","article:modified_time":"2022-10-13T15:42:47+00:00","article:publisher":"https:\/\/www.facebook.com\/people\/Immoinvest\/100077962920504\/","twitter:card":"summary_large_image","twitter:site":"@i","twitter:title":"L\u2019ancienne usine Metalor devientun quartier r\u00e9sidentiel - immo!nvest - Die Plattform f\u00fcr Standorte und Immobilien","twitter:description":"Le projet \u00abBella Vista\u00bb \u00e0 Neuch\u00e2tel pr\u00e9voit la cr\u00e9ation de 286 logements dans sept immeubles, avec vue sur le lac.","twitter:creator":"@i","twitter:image":"https:\/\/www.immo-invest.ch\/wp-content\/uploads\/2022\/10\/BellaVista_2-1140x640-1.jpg"},"aioseo_meta_data":{"post_id":"45189","title":null,"description":null,"keywords":null,"keyphrases":null,"primary_term":null,"canonical_url":null,"og_title":null,"og_description":null,"og_object_type":"default","og_image_type":"default","og_image_url":null,"og_image_width":null,"og_image_height":null,"og_image_custom_url":null,"og_image_custom_fields":null,"og_video":null,"og_custom_url":null,"og_article_section":null,"og_article_tags":null,"twitter_use_og":false,"twitter_card":"default","twitter_image_type":"default","twitter_image_url":null,"twitter_image_custom_url":null,"twitter_image_custom_fields":null,"twitter_title":null,"twitter_description":null,"schema":{"blockGraphs":[],"customGraphs":[],"default":{"data":{"Article":[],"Course":[],"Dataset":[],"FAQPage":[],"Movie":[],"Person":[],"Product":[],"ProductReview":[],"Car":[],"Recipe":[],"Service":[],"SoftwareApplication":[],"WebPage":[]},"graphName":"","isEnabled":true},"graphs":[]},"schema_type":"default","schema_type_options":null,"pillar_content":false,"robots_default":true,"robots_noindex":false,"robots_noarchive":false,"robots_nosnippet":false,"robots_nofollow":false,"robots_noimageindex":false,"robots_noodp":false,"robots_notranslate":false,"robots_max_snippet":null,"robots_max_videopreview":null,"robots_max_imagepreview":"large","priority":null,"frequency":null,"local_seo":null,"breadcrumb_settings":null,"limit_modified_date":false,"ai":null,"created":"2024-09-19 21:06:51","updated":"2025-10-23 02:44:12","seo_analyzer_scan_date":null,"focus_keyword":null,"additional_keywords":null,"truseo_locale":null},"aioseo_breadcrumb":"<div class=\"aioseo-breadcrumbs\"><span class=\"aioseo-breadcrumb\">\n\t\t\t<a href=\"https:\/\/www.immo-invest.ch\/fr\/\" title=\"Home\">Home<\/a>\n\t\t<\/span><span class=\"aioseo-breadcrumb-separator\">&raquo;<\/span><span class=\"aioseo-breadcrumb\">\n\t\t\t<a href=\"https:\/\/www.immo-invest.ch\/fr\/categories\/regions\/\" title=\"R\u00e9gions\">R\u00e9gions<\/a>\n\t\t<\/span><span class=\"aioseo-breadcrumb-separator\">&raquo;<\/span><span class=\"aioseo-breadcrumb\">\n\t\t\t<a href=\"https:\/\/www.immo-invest.ch\/fr\/categories\/regions\/region-romandie-fr\/\" title=\"Romandie\">Romandie<\/a>\n\t\t<\/span><span class=\"aioseo-breadcrumb-separator\">&raquo;<\/span><span class=\"aioseo-breadcrumb\">\n\t\t\tL\u2019ancienne usine Metalor devient<br>un quartier r\u00e9sidentiel\n\t\t<\/span><\/div>","aioseo_breadcrumb_json":[{"label":"Home","link":"https:\/\/www.immo-invest.ch\/fr\/"},{"label":"R\u00e9gions","link":"https:\/\/www.immo-invest.ch\/fr\/categories\/regions\/"},{"label":"Romandie","link":"https:\/\/www.immo-invest.ch\/fr\/categories\/regions\/region-romandie-fr\/"},{"label":"L\u2019ancienne usine Metalor devient<br>un quartier r\u00e9sidentiel","link":"https:\/\/www.immo-invest.ch\/fr\/lancienne-usine-metalor-devientun-quartier-residentiel\/"}],"featured_image_src":"https:\/\/www.immo-invest.ch\/wp-content\/uploads\/2022\/10\/BellaVista_2-1140x640-1-336x168.jpg","_links":{"self":[{"href":"https:\/\/www.immo-invest.ch\/fr\/wp-json\/wp\/v2\/posts\/45189","targetHints":{"allow":["GET"]}}],"collection":[{"href":"https:\/\/www.immo-invest.ch\/fr\/wp-json\/wp\/v2\/posts"}],"about":[{"href":"https:\/\/www.immo-invest.ch\/fr\/wp-json\/wp\/v2\/types\/post"}],"author":[{"embeddable":true,"href":"https:\/\/www.immo-invest.ch\/fr\/wp-json\/wp\/v2\/users\/2"}],"replies":[{"embeddable":true,"href":"https:\/\/www.immo-invest.ch\/fr\/wp-json\/wp\/v2\/comments?post=45189"}],"version-history":[{"count":0,"href":"https:\/\/www.immo-invest.ch\/fr\/wp-json\/wp\/v2\/posts\/45189\/revisions"}],"wp:featuredmedia":[{"embeddable":true,"href":"https:\/\/www.immo-invest.ch\/fr\/wp-json\/wp\/v2\/media\/45190"}],"wp:attachment":[{"href":"https:\/\/www.immo-invest.ch\/fr\/wp-json\/wp\/v2\/media?parent=45189"}],"wp:term":[{"taxonomy":"category","embeddable":true,"href":"https:\/\/www.immo-invest.ch\/fr\/wp-json\/wp\/v2\/categories?post=45189"},{"taxonomy":"post_tag","embeddable":true,"href":"https:\/\/www.immo-invest.ch\/fr\/wp-json\/wp\/v2\/tags?post=45189"}],"curies":[{"name":"wp","href":"https:\/\/api.w.org\/{rel}","templated":true}]}}