{"id":45160,"date":"2022-10-13T17:12:15","date_gmt":"2022-10-13T15:12:15","guid":{"rendered":"https:\/\/www.immo-invest.ch\/?p=45160"},"modified":"2022-10-13T17:12:17","modified_gmt":"2022-10-13T15:12:17","slug":"gare-de-lausanne-une-transformation-complete-de-lordre-du-milliard","status":"publish","type":"post","link":"https:\/\/www.immo-invest.ch\/fr\/gare-de-lausanne-une-transformation-complete-de-lordre-du-milliard\/","title":{"rendered":"Gare de Lausanne:  une transformation compl\u00e8te de l\u2019ordre du milliard"},"content":{"rendered":"<p class=\"wp-block-paragraph\">La gare de Lausanne doit g&eacute;rer de front plusieurs probl&egrave;mes: les quais sont trop courts pour accueillir les trains de 400 m&egrave;tres de long, et aussi trop &eacute;troits. Aux heures de pointe, les zones d&rsquo;acc&egrave;s aux trains sont satur&eacute;es. C&rsquo;est la raison pour laquelle la gare fait l&rsquo;objet &agrave; pr&eacute;sent d&rsquo;une r&eacute;novation compl&egrave;te.<br><br>Selon les CFF, il est pr&eacute;vu d&rsquo;&eacute;largir et de rallonger les quais pour atteindre 420 m&egrave;tres vers l&rsquo;ouest, de supprimer une voie de passage au profit de l&rsquo;&eacute;largissement des quais et des acc&egrave;s, et de construire trois nouveaux passages sous-voies de 17 &agrave; 19 m&egrave;tres de large. Les acc&egrave;s aux trains et les espaces publics doivent &ecirc;tre am&eacute;lior&eacute;s. L&rsquo;ambition est que la gare s&rsquo;int&egrave;gre parfaitement dans le paysage urbain. D&rsquo;ici 2030, la gare de Lausanne doit devenir un hub multimodal, permettant de passer confortablement d&rsquo;un moyen de transport &agrave; l&rsquo;autre, comme la voiture, le v&eacute;lo, le bus, le train et le m&eacute;tro.<\/p>\n\n\n\n<p class=\"wp-block-paragraph\">Le permis de construire a &eacute;t&eacute; octroy&eacute; en 2019. Le quai 5 doit &ecirc;tre r&eacute;nov&eacute; en premier, suivi des quais 4 et 1. Ce sera ensuite au tour du quai 2, qui permettra la circulation des trains de 400 m&egrave;tres de long. Enfin, le quai 3 viendra boucler la boucle, au m&ecirc;me titre que les nouveaux passages sous-voies au centre et &agrave; l&rsquo;ouest et la mise en service de la ligne de m&eacute;tro m2. La nouvelle partie de la gare situ&eacute;e sous la place de la gare doit &ecirc;tre op&eacute;rationnelle en 2029. Le passage sous-voies &agrave; l&rsquo;est et la ligne de m&eacute;tro m3 sont pr&eacute;vus pour 2030. D&rsquo;ici l&agrave;, la fr&eacute;quence des trains devra avoir doubl&eacute;, et les nouveaux quais assureront la circulation de trains grandes lignes plus longs, avec plus de places assises entre Gen&egrave;ve et la Suisse orientale. Dans 10 ans, la gare de Lausanne pourra ainsi accueillir, dans des conditions de confort et de s&eacute;curit&eacute; optimales, les 100 000 voyageurs par jour qui sont attendus.<\/p>\n\n\n\n<p class=\"wp-block-paragraph\">Les co&ucirc;ts s&rsquo;&eacute;l&egrave;vent &agrave; quelque 1,3 milliard de francs. Ils sont r&eacute;partis entre la Conf&eacute;d&eacute;ration (programme &laquo;D&eacute;veloppement de l&rsquo;infrastructure ferroviaire&raquo;), le canton de Vaud, la ville de Lausanne et CFF Immobilier. La Conf&eacute;d&eacute;ration assume la part du lion avec 900 millions de francs, qui a re&ccedil;u l&rsquo;aval du peuple en 2014.<\/p>\n\n\n\n<p class=\"wp-block-paragraph\">Selon l&rsquo;Office f&eacute;d&eacute;ral des transports (OFT), la transformation compl&egrave;te de la gare de Lausanne constitue l&rsquo;un des plus grands volets du projet global L&eacute;man 2030. Celui-ci comprend plusieurs projets de construction le long de la ligne Lausanne-Gen&egrave;ve, ayant pour vocation d&rsquo;augmenter les capacit&eacute;s et l&rsquo;offre sur cet axe et au-del&agrave;.<\/p>\n\n\n\n<h3 class=\"wp-block-heading\">Faits<\/h3>\n\n\n\n<p class=\"wp-block-paragraph\"><strong>Volume d&rsquo;investissement:<\/strong> 1,3 milliard de francs<br><strong>R&eacute;alisation:<\/strong> 2019-2030<\/p>\n","protected":false},"excerpt":{"rendered":"<p>La gare de Lausanne a atteint ses limites en termes de capacit\u00e9s. Une fois modernis\u00e9e en profondeur, elle sera par\u00e9e pour l\u2019avenir \u00e0 l\u2019horizon 2030.<\/p>\n","protected":false},"author":2,"featured_media":45161,"comment_status":"open","ping_status":"open","sticky":false,"template":"","format":"standard","meta":{"pmpro_default_level":"","inline_featured_image":false,"_monsterinsights_skip_tracking":false,"footnotes":""},"categories":[22703,739,8452,9652,9440],"tags":[34971,34969,34972,34973],"class_list":["post-45160","post","type-post","status-publish","format-standard","has-post-thumbnail","hentry","category-mobilite","category-projects","category-regions","category-renovation","category-region-romandie-fr","tag-circulation","tag-gare","tag-trafic","tag-transports","pmpro-has-access"],"acf":{"bild_mit_ki_erstellt_worden":[],"lead":"La gare de Lausanne a atteint ses limites en termes de capacit\u00e9s. Une fois modernis\u00e9e en profondeur, elle sera par\u00e9e pour l\u2019avenir \u00e0 l\u2019horizon 2030.","autor":"Texte: sbb.ch \/ Photos: SBB","ort":"Lausanne","bildunterschrift":"","bild_im_grid":false,"gallerie":"","newsim":""},"aioseo_notices":[],"aioseo_head":"\n\t\t<!-- All in One SEO 5.0.0.1 - aioseo.com -->\n\t<meta name=\"description\" content=\"La gare de Lausanne a atteint ses limites en termes de capacit\u00e9s. Une fois modernis\u00e9e en profondeur, elle sera par\u00e9e pour l\u2019avenir \u00e0 l\u2019horizon 2030.\" \/>\n\t<meta name=\"robots\" content=\"max-image-preview:large\" \/>\n\t<meta name=\"author\" content=\"immovestuser\"\/>\n\t<meta name=\"google-site-verification\" content=\"fHJKvgWpZCR2zVBHWfkQeFXC11qieUSff0HGNYfuyLA\" \/>\n\t<link rel=\"canonical\" href=\"https:\/\/www.immo-invest.ch\/fr\/gare-de-lausanne-une-transformation-complete-de-lordre-du-milliard\/\" \/>\n\t<meta name=\"generator\" content=\"All in One SEO (AIOSEO) 5.0.0.1\" \/>\n\t\t<meta property=\"og:locale\" content=\"fr_FR\" \/>\n\t\t<meta property=\"og:site_name\" content=\"immo!nvest - Die Plattform f\u00fcr Standorte und Immobilien - Die\u00a0Plattform f\u00fcr Standorte und Immobilien\" \/>\n\t\t<meta property=\"og:type\" content=\"article\" \/>\n\t\t<meta property=\"og:title\" content=\"Gare de Lausanne: une transformation compl\u00e8te de l\u2019ordre du milliard - immo!nvest - Die Plattform f\u00fcr Standorte und Immobilien\" \/>\n\t\t<meta property=\"og:description\" content=\"La gare de Lausanne a atteint ses limites en termes de capacit\u00e9s. Une fois modernis\u00e9e en profondeur, elle sera par\u00e9e pour l\u2019avenir \u00e0 l\u2019horizon 2030.\" \/>\n\t\t<meta property=\"og:url\" content=\"https:\/\/www.immo-invest.ch\/fr\/gare-de-lausanne-une-transformation-complete-de-lordre-du-milliard\/\" \/>\n\t\t<meta property=\"og:image\" content=\"https:\/\/www.immo-invest.ch\/wp-content\/uploads\/2022\/10\/Lausanne_gare-1.jpg\" \/>\n\t\t<meta property=\"og:image:secure_url\" content=\"https:\/\/www.immo-invest.ch\/wp-content\/uploads\/2022\/10\/Lausanne_gare-1.jpg\" \/>\n\t\t<meta property=\"og:image:width\" content=\"900\" \/>\n\t\t<meta property=\"og:image:height\" content=\"450\" \/>\n\t\t<meta property=\"article:published_time\" content=\"2022-10-13T15:12:15+00:00\" \/>\n\t\t<meta property=\"article:modified_time\" content=\"2022-10-13T15:12:17+00:00\" \/>\n\t\t<meta property=\"article:publisher\" content=\"https:\/\/www.facebook.com\/people\/Immoinvest\/100077962920504\/\" \/>\n\t\t<meta name=\"twitter:card\" content=\"summary_large_image\" \/>\n\t\t<meta name=\"twitter:site\" content=\"@i\" \/>\n\t\t<meta name=\"twitter:title\" content=\"Gare de Lausanne: une transformation compl\u00e8te de l\u2019ordre du milliard - immo!nvest - Die Plattform f\u00fcr Standorte und Immobilien\" \/>\n\t\t<meta name=\"twitter:description\" content=\"La gare de Lausanne a atteint ses limites en termes de capacit\u00e9s. Une fois modernis\u00e9e en profondeur, elle sera par\u00e9e pour l\u2019avenir \u00e0 l\u2019horizon 2030.\" \/>\n\t\t<meta name=\"twitter:creator\" content=\"@i\" \/>\n\t\t<meta name=\"twitter:image\" content=\"https:\/\/www.immo-invest.ch\/wp-content\/uploads\/2022\/10\/Lausanne_gare-1.jpg\" \/>\n\t\t<script type=\"application\/ld+json\" class=\"aioseo-schema\">\n\t\t\t{\"@context\":\"https:\\\/\\\/schema.org\",\"@graph\":[{\"@type\":\"BlogPosting\",\"@id\":\"https:\\\/\\\/www.immo-invest.ch\\\/fr\\\/gare-de-lausanne-une-transformation-complete-de-lordre-du-milliard\\\/#blogposting\",\"name\":\"Gare de Lausanne: une transformation compl\\u00e8te de l\\u2019ordre du milliard - immo!nvest - Die Plattform f\\u00fcr Standorte und Immobilien\",\"headline\":\"Gare de Lausanne:  une transformation compl\\u00e8te de l\\u2019ordre du milliard\",\"author\":{\"@id\":\"https:\\\/\\\/www.immo-invest.ch\\\/fr\\\/author\\\/immovestuser\\\/#author\"},\"publisher\":{\"@id\":\"https:\\\/\\\/www.immo-invest.ch\\\/fr\\\/#organization\"},\"image\":{\"@type\":\"ImageObject\",\"url\":\"https:\\\/\\\/www.immo-invest.ch\\\/wp-content\\\/uploads\\\/2022\\\/10\\\/Lausanne_gare-1.jpg\",\"width\":900,\"height\":450},\"datePublished\":\"2022-10-13T17:12:15+02:00\",\"dateModified\":\"2022-10-13T17:12:17+02:00\",\"inLanguage\":\"fr-FR\",\"mainEntityOfPage\":{\"@id\":\"https:\\\/\\\/www.immo-invest.ch\\\/fr\\\/gare-de-lausanne-une-transformation-complete-de-lordre-du-milliard\\\/#webpage\"},\"isPartOf\":{\"@id\":\"https:\\\/\\\/www.immo-invest.ch\\\/fr\\\/gare-de-lausanne-une-transformation-complete-de-lordre-du-milliard\\\/#webpage\"},\"articleSection\":\"Mobilit\\u00e9, Projects, R\\u00e9gions, R\\u00e9novation, Romandie, Circulation, Gare, Trafic, Transports, Facultatif\"},{\"@type\":\"BreadcrumbList\",\"@id\":\"https:\\\/\\\/www.immo-invest.ch\\\/fr\\\/gare-de-lausanne-une-transformation-complete-de-lordre-du-milliard\\\/#breadcrumblist\",\"itemListElement\":[{\"@type\":\"ListItem\",\"@id\":\"https:\\\/\\\/www.immo-invest.ch\\\/fr\\\/#listItem\",\"position\":1,\"name\":\"Home\",\"item\":\"https:\\\/\\\/www.immo-invest.ch\\\/fr\\\/\",\"nextItem\":{\"@type\":\"ListItem\",\"@id\":\"https:\\\/\\\/www.immo-invest.ch\\\/fr\\\/categories\\\/regions\\\/#listItem\",\"name\":\"R\\u00e9gions\"}},{\"@type\":\"ListItem\",\"@id\":\"https:\\\/\\\/www.immo-invest.ch\\\/fr\\\/categories\\\/regions\\\/#listItem\",\"position\":2,\"name\":\"R\\u00e9gions\",\"item\":\"https:\\\/\\\/www.immo-invest.ch\\\/fr\\\/categories\\\/regions\\\/\",\"nextItem\":{\"@type\":\"ListItem\",\"@id\":\"https:\\\/\\\/www.immo-invest.ch\\\/fr\\\/categories\\\/regions\\\/region-romandie-fr\\\/#listItem\",\"name\":\"Romandie\"},\"previousItem\":{\"@type\":\"ListItem\",\"@id\":\"https:\\\/\\\/www.immo-invest.ch\\\/fr\\\/#listItem\",\"name\":\"Home\"}},{\"@type\":\"ListItem\",\"@id\":\"https:\\\/\\\/www.immo-invest.ch\\\/fr\\\/categories\\\/regions\\\/region-romandie-fr\\\/#listItem\",\"position\":3,\"name\":\"Romandie\",\"item\":\"https:\\\/\\\/www.immo-invest.ch\\\/fr\\\/categories\\\/regions\\\/region-romandie-fr\\\/\",\"nextItem\":{\"@type\":\"ListItem\",\"@id\":\"https:\\\/\\\/www.immo-invest.ch\\\/fr\\\/gare-de-lausanne-une-transformation-complete-de-lordre-du-milliard\\\/#listItem\",\"name\":\"Gare de Lausanne:  une transformation compl\\u00e8te de l\\u2019ordre du milliard\"},\"previousItem\":{\"@type\":\"ListItem\",\"@id\":\"https:\\\/\\\/www.immo-invest.ch\\\/fr\\\/categories\\\/regions\\\/#listItem\",\"name\":\"R\\u00e9gions\"}},{\"@type\":\"ListItem\",\"@id\":\"https:\\\/\\\/www.immo-invest.ch\\\/fr\\\/gare-de-lausanne-une-transformation-complete-de-lordre-du-milliard\\\/#listItem\",\"position\":4,\"name\":\"Gare de Lausanne:  une transformation compl\\u00e8te de l\\u2019ordre du milliard\",\"previousItem\":{\"@type\":\"ListItem\",\"@id\":\"https:\\\/\\\/www.immo-invest.ch\\\/fr\\\/categories\\\/regions\\\/region-romandie-fr\\\/#listItem\",\"name\":\"Romandie\"}}]},{\"@type\":\"Organization\",\"@id\":\"https:\\\/\\\/www.immo-invest.ch\\\/fr\\\/#organization\",\"name\":\"immo!nvest - Die Plattform f\\u00fcr Standorte und Immobilien\",\"description\":\"Die\\u00a0Plattform f\\u00fcr Standorte und Immobilien\",\"url\":\"https:\\\/\\\/www.immo-invest.ch\\\/fr\\\/\",\"email\":\"admin@immomedia.ag\",\"telephone\":\"+41444420002\",\"logo\":{\"@type\":\"ImageObject\",\"url\":\"https:\\\/\\\/www.immo-invest.ch\\\/wp-content\\\/uploads\\\/2024\\\/09\\\/immoinvest_sm-scaled.jpg\",\"@id\":\"https:\\\/\\\/www.immo-invest.ch\\\/fr\\\/gare-de-lausanne-une-transformation-complete-de-lordre-du-milliard\\\/#organizationLogo\",\"width\":2560,\"height\":1340},\"image\":{\"@id\":\"https:\\\/\\\/www.immo-invest.ch\\\/fr\\\/gare-de-lausanne-une-transformation-complete-de-lordre-du-milliard\\\/#organizationLogo\"},\"sameAs\":[\"https:\\\/\\\/www.facebook.com\\\/people\\\/Immoinvest\\\/100077962920504\\\/\",\"https:\\\/\\\/x.com\\\/i\\\/flow\\\/login?redirect_after_login=immoinvest_ch\",\"https:\\\/\\\/www.instagram.com\\\/immoinvest_ch\\\/\",\"https:\\\/\\\/www.linkedin.com\\\/company\\\/immoinvest-swiss\"]},{\"@type\":\"Person\",\"@id\":\"https:\\\/\\\/www.immo-invest.ch\\\/fr\\\/author\\\/immovestuser\\\/#author\",\"url\":\"https:\\\/\\\/www.immo-invest.ch\\\/fr\\\/author\\\/immovestuser\\\/\",\"name\":\"immovestuser\",\"image\":{\"@type\":\"ImageObject\",\"@id\":\"https:\\\/\\\/www.immo-invest.ch\\\/fr\\\/gare-de-lausanne-une-transformation-complete-de-lordre-du-milliard\\\/#authorImage\",\"url\":\"https:\\\/\\\/secure.gravatar.com\\\/avatar\\\/8e01f4d99f2eeea7a362ebb93305e1172a70e9293ba250f897a65c39f54cdd1e?s=96&d=mm&r=g\",\"width\":96,\"height\":96,\"caption\":\"immovestuser\"}},{\"@type\":\"WebPage\",\"@id\":\"https:\\\/\\\/www.immo-invest.ch\\\/fr\\\/gare-de-lausanne-une-transformation-complete-de-lordre-du-milliard\\\/#webpage\",\"url\":\"https:\\\/\\\/www.immo-invest.ch\\\/fr\\\/gare-de-lausanne-une-transformation-complete-de-lordre-du-milliard\\\/\",\"name\":\"Gare de Lausanne: une transformation compl\\u00e8te de l\\u2019ordre du milliard - immo!nvest - Die Plattform f\\u00fcr Standorte und Immobilien\",\"description\":\"La gare de Lausanne a atteint ses limites en termes de capacit\\u00e9s. Une fois modernis\\u00e9e en profondeur, elle sera par\\u00e9e pour l\\u2019avenir \\u00e0 l\\u2019horizon 2030.\",\"inLanguage\":\"fr-FR\",\"isPartOf\":{\"@id\":\"https:\\\/\\\/www.immo-invest.ch\\\/fr\\\/#website\"},\"breadcrumb\":{\"@id\":\"https:\\\/\\\/www.immo-invest.ch\\\/fr\\\/gare-de-lausanne-une-transformation-complete-de-lordre-du-milliard\\\/#breadcrumblist\"},\"author\":{\"@id\":\"https:\\\/\\\/www.immo-invest.ch\\\/fr\\\/author\\\/immovestuser\\\/#author\"},\"creator\":{\"@id\":\"https:\\\/\\\/www.immo-invest.ch\\\/fr\\\/author\\\/immovestuser\\\/#author\"},\"image\":{\"@type\":\"ImageObject\",\"url\":\"https:\\\/\\\/www.immo-invest.ch\\\/wp-content\\\/uploads\\\/2022\\\/10\\\/Lausanne_gare-1.jpg\",\"@id\":\"https:\\\/\\\/www.immo-invest.ch\\\/fr\\\/gare-de-lausanne-une-transformation-complete-de-lordre-du-milliard\\\/#mainImage\",\"width\":900,\"height\":450},\"primaryImageOfPage\":{\"@id\":\"https:\\\/\\\/www.immo-invest.ch\\\/fr\\\/gare-de-lausanne-une-transformation-complete-de-lordre-du-milliard\\\/#mainImage\"},\"datePublished\":\"2022-10-13T17:12:15+02:00\",\"dateModified\":\"2022-10-13T17:12:17+02:00\"},{\"@type\":\"WebSite\",\"@id\":\"https:\\\/\\\/www.immo-invest.ch\\\/fr\\\/#website\",\"url\":\"https:\\\/\\\/www.immo-invest.ch\\\/fr\\\/\",\"name\":\"immo!nvest - Die Plattform f\\u00fcr Standorte und Immobilien\",\"description\":\"Die\\u00a0Plattform f\\u00fcr Standorte und Immobilien\",\"inLanguage\":\"fr-FR\",\"publisher\":{\"@id\":\"https:\\\/\\\/www.immo-invest.ch\\\/fr\\\/#organization\"}}]}\n\t\t<\/script>\n\t\t<!-- All in One SEO -->\n\n","aioseo_head_json":{"title":"Gare de Lausanne: une transformation compl\u00e8te de l\u2019ordre du milliard - immo!nvest - Die Plattform f\u00fcr Standorte und Immobilien","description":"La gare de Lausanne a atteint ses limites en termes de capacit\u00e9s. Une fois modernis\u00e9e en profondeur, elle sera par\u00e9e pour l\u2019avenir \u00e0 l\u2019horizon 2030.","canonical_url":"https:\/\/www.immo-invest.ch\/fr\/gare-de-lausanne-une-transformation-complete-de-lordre-du-milliard\/","robots":"max-image-preview:large","keywords":"","webmasterTools":{"google-site-verification":"fHJKvgWpZCR2zVBHWfkQeFXC11qieUSff0HGNYfuyLA","miscellaneous":""},"schema":{"@context":"https:\/\/schema.org","@graph":[{"@type":"BlogPosting","@id":"https:\/\/www.immo-invest.ch\/fr\/gare-de-lausanne-une-transformation-complete-de-lordre-du-milliard\/#blogposting","name":"Gare de Lausanne: une transformation compl\u00e8te de l\u2019ordre du milliard - immo!nvest - Die Plattform f\u00fcr Standorte und Immobilien","headline":"Gare de Lausanne:  une transformation compl\u00e8te de l\u2019ordre du milliard","author":{"@id":"https:\/\/www.immo-invest.ch\/fr\/author\/immovestuser\/#author"},"publisher":{"@id":"https:\/\/www.immo-invest.ch\/fr\/#organization"},"image":{"@type":"ImageObject","url":"https:\/\/www.immo-invest.ch\/wp-content\/uploads\/2022\/10\/Lausanne_gare-1.jpg","width":900,"height":450},"datePublished":"2022-10-13T17:12:15+02:00","dateModified":"2022-10-13T17:12:17+02:00","inLanguage":"fr-FR","mainEntityOfPage":{"@id":"https:\/\/www.immo-invest.ch\/fr\/gare-de-lausanne-une-transformation-complete-de-lordre-du-milliard\/#webpage"},"isPartOf":{"@id":"https:\/\/www.immo-invest.ch\/fr\/gare-de-lausanne-une-transformation-complete-de-lordre-du-milliard\/#webpage"},"articleSection":"Mobilit\u00e9, Projects, R\u00e9gions, R\u00e9novation, Romandie, Circulation, Gare, Trafic, Transports, Facultatif"},{"@type":"BreadcrumbList","@id":"https:\/\/www.immo-invest.ch\/fr\/gare-de-lausanne-une-transformation-complete-de-lordre-du-milliard\/#breadcrumblist","itemListElement":[{"@type":"ListItem","@id":"https:\/\/www.immo-invest.ch\/fr\/#listItem","position":1,"name":"Home","item":"https:\/\/www.immo-invest.ch\/fr\/","nextItem":{"@type":"ListItem","@id":"https:\/\/www.immo-invest.ch\/fr\/categories\/regions\/#listItem","name":"R\u00e9gions"}},{"@type":"ListItem","@id":"https:\/\/www.immo-invest.ch\/fr\/categories\/regions\/#listItem","position":2,"name":"R\u00e9gions","item":"https:\/\/www.immo-invest.ch\/fr\/categories\/regions\/","nextItem":{"@type":"ListItem","@id":"https:\/\/www.immo-invest.ch\/fr\/categories\/regions\/region-romandie-fr\/#listItem","name":"Romandie"},"previousItem":{"@type":"ListItem","@id":"https:\/\/www.immo-invest.ch\/fr\/#listItem","name":"Home"}},{"@type":"ListItem","@id":"https:\/\/www.immo-invest.ch\/fr\/categories\/regions\/region-romandie-fr\/#listItem","position":3,"name":"Romandie","item":"https:\/\/www.immo-invest.ch\/fr\/categories\/regions\/region-romandie-fr\/","nextItem":{"@type":"ListItem","@id":"https:\/\/www.immo-invest.ch\/fr\/gare-de-lausanne-une-transformation-complete-de-lordre-du-milliard\/#listItem","name":"Gare de Lausanne:  une transformation compl\u00e8te de l\u2019ordre du milliard"},"previousItem":{"@type":"ListItem","@id":"https:\/\/www.immo-invest.ch\/fr\/categories\/regions\/#listItem","name":"R\u00e9gions"}},{"@type":"ListItem","@id":"https:\/\/www.immo-invest.ch\/fr\/gare-de-lausanne-une-transformation-complete-de-lordre-du-milliard\/#listItem","position":4,"name":"Gare de Lausanne:  une transformation compl\u00e8te de l\u2019ordre du milliard","previousItem":{"@type":"ListItem","@id":"https:\/\/www.immo-invest.ch\/fr\/categories\/regions\/region-romandie-fr\/#listItem","name":"Romandie"}}]},{"@type":"Organization","@id":"https:\/\/www.immo-invest.ch\/fr\/#organization","name":"immo!nvest - Die Plattform f\u00fcr Standorte und Immobilien","description":"Die\u00a0Plattform f\u00fcr Standorte und Immobilien","url":"https:\/\/www.immo-invest.ch\/fr\/","email":"admin@immomedia.ag","telephone":"+41444420002","logo":{"@type":"ImageObject","url":"https:\/\/www.immo-invest.ch\/wp-content\/uploads\/2024\/09\/immoinvest_sm-scaled.jpg","@id":"https:\/\/www.immo-invest.ch\/fr\/gare-de-lausanne-une-transformation-complete-de-lordre-du-milliard\/#organizationLogo","width":2560,"height":1340},"image":{"@id":"https:\/\/www.immo-invest.ch\/fr\/gare-de-lausanne-une-transformation-complete-de-lordre-du-milliard\/#organizationLogo"},"sameAs":["https:\/\/www.facebook.com\/people\/Immoinvest\/100077962920504\/","https:\/\/x.com\/i\/flow\/login?redirect_after_login=immoinvest_ch","https:\/\/www.instagram.com\/immoinvest_ch\/","https:\/\/www.linkedin.com\/company\/immoinvest-swiss"]},{"@type":"Person","@id":"https:\/\/www.immo-invest.ch\/fr\/author\/immovestuser\/#author","url":"https:\/\/www.immo-invest.ch\/fr\/author\/immovestuser\/","name":"immovestuser","image":{"@type":"ImageObject","@id":"https:\/\/www.immo-invest.ch\/fr\/gare-de-lausanne-une-transformation-complete-de-lordre-du-milliard\/#authorImage","url":"https:\/\/secure.gravatar.com\/avatar\/8e01f4d99f2eeea7a362ebb93305e1172a70e9293ba250f897a65c39f54cdd1e?s=96&d=mm&r=g","width":96,"height":96,"caption":"immovestuser"}},{"@type":"WebPage","@id":"https:\/\/www.immo-invest.ch\/fr\/gare-de-lausanne-une-transformation-complete-de-lordre-du-milliard\/#webpage","url":"https:\/\/www.immo-invest.ch\/fr\/gare-de-lausanne-une-transformation-complete-de-lordre-du-milliard\/","name":"Gare de Lausanne: une transformation compl\u00e8te de l\u2019ordre du milliard - immo!nvest - Die Plattform f\u00fcr Standorte und Immobilien","description":"La gare de Lausanne a atteint ses limites en termes de capacit\u00e9s. Une fois modernis\u00e9e en profondeur, elle sera par\u00e9e pour l\u2019avenir \u00e0 l\u2019horizon 2030.","inLanguage":"fr-FR","isPartOf":{"@id":"https:\/\/www.immo-invest.ch\/fr\/#website"},"breadcrumb":{"@id":"https:\/\/www.immo-invest.ch\/fr\/gare-de-lausanne-une-transformation-complete-de-lordre-du-milliard\/#breadcrumblist"},"author":{"@id":"https:\/\/www.immo-invest.ch\/fr\/author\/immovestuser\/#author"},"creator":{"@id":"https:\/\/www.immo-invest.ch\/fr\/author\/immovestuser\/#author"},"image":{"@type":"ImageObject","url":"https:\/\/www.immo-invest.ch\/wp-content\/uploads\/2022\/10\/Lausanne_gare-1.jpg","@id":"https:\/\/www.immo-invest.ch\/fr\/gare-de-lausanne-une-transformation-complete-de-lordre-du-milliard\/#mainImage","width":900,"height":450},"primaryImageOfPage":{"@id":"https:\/\/www.immo-invest.ch\/fr\/gare-de-lausanne-une-transformation-complete-de-lordre-du-milliard\/#mainImage"},"datePublished":"2022-10-13T17:12:15+02:00","dateModified":"2022-10-13T17:12:17+02:00"},{"@type":"WebSite","@id":"https:\/\/www.immo-invest.ch\/fr\/#website","url":"https:\/\/www.immo-invest.ch\/fr\/","name":"immo!nvest - Die Plattform f\u00fcr Standorte und Immobilien","description":"Die\u00a0Plattform f\u00fcr Standorte und Immobilien","inLanguage":"fr-FR","publisher":{"@id":"https:\/\/www.immo-invest.ch\/fr\/#organization"}}]},"og:locale":"fr_FR","og:site_name":"immo!nvest - Die Plattform f\u00fcr Standorte und Immobilien - Die\u00a0Plattform f\u00fcr Standorte und Immobilien","og:type":"article","og:title":"Gare de Lausanne: une transformation compl\u00e8te de l\u2019ordre du milliard - immo!nvest - Die Plattform f\u00fcr Standorte und Immobilien","og:description":"La gare de Lausanne a atteint ses limites en termes de capacit\u00e9s. Une fois modernis\u00e9e en profondeur, elle sera par\u00e9e pour l\u2019avenir \u00e0 l\u2019horizon 2030.","og:url":"https:\/\/www.immo-invest.ch\/fr\/gare-de-lausanne-une-transformation-complete-de-lordre-du-milliard\/","og:image":"https:\/\/www.immo-invest.ch\/wp-content\/uploads\/2022\/10\/Lausanne_gare-1.jpg","og:image:secure_url":"https:\/\/www.immo-invest.ch\/wp-content\/uploads\/2022\/10\/Lausanne_gare-1.jpg","og:image:width":900,"og:image:height":450,"article:published_time":"2022-10-13T15:12:15+00:00","article:modified_time":"2022-10-13T15:12:17+00:00","article:publisher":"https:\/\/www.facebook.com\/people\/Immoinvest\/100077962920504\/","twitter:card":"summary_large_image","twitter:site":"@i","twitter:title":"Gare de Lausanne: une transformation compl\u00e8te de l\u2019ordre du milliard - immo!nvest - Die Plattform f\u00fcr Standorte und Immobilien","twitter:description":"La gare de Lausanne a atteint ses limites en termes de capacit\u00e9s. Une fois modernis\u00e9e en profondeur, elle sera par\u00e9e pour l\u2019avenir \u00e0 l\u2019horizon 2030.","twitter:creator":"@i","twitter:image":"https:\/\/www.immo-invest.ch\/wp-content\/uploads\/2022\/10\/Lausanne_gare-1.jpg"},"aioseo_meta_data":{"post_id":"45160","title":null,"description":null,"keywords":null,"keyphrases":null,"primary_term":null,"canonical_url":null,"og_title":null,"og_description":null,"og_object_type":"default","og_image_type":"default","og_image_url":null,"og_image_width":null,"og_image_height":null,"og_image_custom_url":null,"og_image_custom_fields":null,"og_video":null,"og_custom_url":null,"og_article_section":null,"og_article_tags":null,"twitter_use_og":false,"twitter_card":"default","twitter_image_type":"default","twitter_image_url":null,"twitter_image_custom_url":null,"twitter_image_custom_fields":null,"twitter_title":null,"twitter_description":null,"schema":{"blockGraphs":[],"customGraphs":[],"default":{"data":{"Article":[],"Course":[],"Dataset":[],"FAQPage":[],"Movie":[],"Person":[],"Product":[],"ProductReview":[],"Car":[],"Recipe":[],"Service":[],"SoftwareApplication":[],"WebPage":[]},"graphName":"","isEnabled":true},"graphs":[]},"schema_type":"default","schema_type_options":null,"pillar_content":false,"robots_default":true,"robots_noindex":false,"robots_noarchive":false,"robots_nosnippet":false,"robots_nofollow":false,"robots_noimageindex":false,"robots_noodp":false,"robots_notranslate":false,"robots_max_snippet":null,"robots_max_videopreview":null,"robots_max_imagepreview":"large","priority":null,"frequency":null,"local_seo":null,"breadcrumb_settings":null,"limit_modified_date":false,"ai":null,"created":"2024-09-19 21:04:48","updated":"2025-10-23 02:42:14","seo_analyzer_scan_date":null,"focus_keyword":null,"additional_keywords":null,"truseo_locale":null},"aioseo_breadcrumb":"<div class=\"aioseo-breadcrumbs\"><span class=\"aioseo-breadcrumb\">\n\t\t\t<a href=\"https:\/\/www.immo-invest.ch\/fr\/\" title=\"Home\">Home<\/a>\n\t\t<\/span><span class=\"aioseo-breadcrumb-separator\">&raquo;<\/span><span class=\"aioseo-breadcrumb\">\n\t\t\t<a href=\"https:\/\/www.immo-invest.ch\/fr\/categories\/regions\/\" title=\"R\u00e9gions\">R\u00e9gions<\/a>\n\t\t<\/span><span class=\"aioseo-breadcrumb-separator\">&raquo;<\/span><span class=\"aioseo-breadcrumb\">\n\t\t\t<a href=\"https:\/\/www.immo-invest.ch\/fr\/categories\/regions\/region-romandie-fr\/\" title=\"Romandie\">Romandie<\/a>\n\t\t<\/span><span class=\"aioseo-breadcrumb-separator\">&raquo;<\/span><span class=\"aioseo-breadcrumb\">\n\t\t\tGare de Lausanne:  une transformation compl\u00e8te de l\u2019ordre du milliard\n\t\t<\/span><\/div>","aioseo_breadcrumb_json":[{"label":"Home","link":"https:\/\/www.immo-invest.ch\/fr\/"},{"label":"R\u00e9gions","link":"https:\/\/www.immo-invest.ch\/fr\/categories\/regions\/"},{"label":"Romandie","link":"https:\/\/www.immo-invest.ch\/fr\/categories\/regions\/region-romandie-fr\/"},{"label":"Gare de Lausanne:  une transformation compl\u00e8te de l\u2019ordre du milliard","link":"https:\/\/www.immo-invest.ch\/fr\/gare-de-lausanne-une-transformation-complete-de-lordre-du-milliard\/"}],"featured_image_src":"https:\/\/www.immo-invest.ch\/wp-content\/uploads\/2022\/10\/Lausanne_gare-1-336x168.jpg","_links":{"self":[{"href":"https:\/\/www.immo-invest.ch\/fr\/wp-json\/wp\/v2\/posts\/45160","targetHints":{"allow":["GET"]}}],"collection":[{"href":"https:\/\/www.immo-invest.ch\/fr\/wp-json\/wp\/v2\/posts"}],"about":[{"href":"https:\/\/www.immo-invest.ch\/fr\/wp-json\/wp\/v2\/types\/post"}],"author":[{"embeddable":true,"href":"https:\/\/www.immo-invest.ch\/fr\/wp-json\/wp\/v2\/users\/2"}],"replies":[{"embeddable":true,"href":"https:\/\/www.immo-invest.ch\/fr\/wp-json\/wp\/v2\/comments?post=45160"}],"version-history":[{"count":0,"href":"https:\/\/www.immo-invest.ch\/fr\/wp-json\/wp\/v2\/posts\/45160\/revisions"}],"wp:featuredmedia":[{"embeddable":true,"href":"https:\/\/www.immo-invest.ch\/fr\/wp-json\/wp\/v2\/media\/45161"}],"wp:attachment":[{"href":"https:\/\/www.immo-invest.ch\/fr\/wp-json\/wp\/v2\/media?parent=45160"}],"wp:term":[{"taxonomy":"category","embeddable":true,"href":"https:\/\/www.immo-invest.ch\/fr\/wp-json\/wp\/v2\/categories?post=45160"},{"taxonomy":"post_tag","embeddable":true,"href":"https:\/\/www.immo-invest.ch\/fr\/wp-json\/wp\/v2\/tags?post=45160"}],"curies":[{"name":"wp","href":"https:\/\/api.w.org\/{rel}","templated":true}]}}