{"id":45038,"date":"2022-10-13T15:06:23","date_gmt":"2022-10-13T13:06:23","guid":{"rendered":"https:\/\/www.immo-invest.ch\/?p=45038"},"modified":"2022-10-13T15:06:25","modified_gmt":"2022-10-13T13:06:25","slug":"le-potentiel-de-limmobilier-reste-attractif-a-long-terme-si-les-projets-sont-innovants-et-durables","status":"publish","type":"post","link":"https:\/\/www.immo-invest.ch\/fr\/le-potentiel-de-limmobilier-reste-attractif-a-long-terme-si-les-projets-sont-innovants-et-durables\/","title":{"rendered":"\u00abLe potentiel de l\u2019immobilier reste attractif \u00e0 long terme, si les projets sont innovants et durables\u00bb"},"content":{"rendered":"<p class=\"wp-block-paragraph\"><strong>Cher Monsieur, la question usuelle en cette p&eacute;riode d&rsquo;instabilit&eacute;: comment allez-vous?<\/strong><br>Bien merci malgr&eacute; les circonstances.<br><br><strong>Qui est HRS et quel est votre r&ocirc;le chez HRS&#8239;?<\/strong><br>HRS, en mains 100% suisse, acqui&egrave;re, d&eacute;veloppe, conseil et construit depuis plus de 60 ans en Suisse, 22 ans en Suisse romande, ce qui en fait un des leaders du secteur. Au sein de HRS, j&rsquo;ai la responsabilit&eacute; du d&eacute;veloppement immobilier en Suisse romande lequel regroupe l&rsquo;acquisition de foncier, le d&eacute;veloppement des projets jusqu&rsquo;au permis de construire et la vente de ceux-ci aux priv&eacute;s pour les projets en lot PPE ou aux investisseurs institutionnels, fond immobilier etc pour les projets en location. Mon team participe &eacute;galement aux concours d&rsquo;investisseurs. Je suis &eacute;galement membre de la direction g&eacute;n&eacute;rale avec C&eacute;sar Vuadens lequel est responsable&#8239;des appels d&rsquo;offre en entreprise Totale et de la r&eacute;alisation pour la Suisse romande. Avec l&rsquo;appui d&rsquo;une &eacute;quipe dirigeante qui comptabilise plusieurs dizaines d&rsquo;ann&eacute;es de fid&eacute;lit&eacute;, HRS couvre ainsi tous les processus de planification et r&eacute;alisation des projets immobiliers.<br><br><strong>Quel est l&rsquo;impact de l&rsquo;instabilit&eacute; actuelle sur l&rsquo;organisation de votre travail et pour le d&eacute;veloppement de projets&#8239;?<\/strong><br>L&rsquo;organisation de notre soci&eacute;t&eacute; plut&ocirc;t horizontale permet d&rsquo;&ecirc;tre extr&ecirc;mement agile et flexible pour nous adapter &agrave; des changements bient&ocirc;t mensuels voir hebdomadaires. Dans le cadre des d&eacute;veloppements de nouveau plan d&rsquo;affectations voir des demande de permis, nous devons faire face &agrave; une l&eacute;gislation et des r&egrave;glements en constante mutation et des retards cons&eacute;quents dus &agrave; la multitude de nouvelles proc&eacute;dures.<br><br><strong>Et sur la construction&#8239;?<\/strong><br>L&rsquo;impact financier des mesures de protection &laquo;&#8239;COVID&#8239;&raquo; pass&eacute;, et depuis le conflit en Ukraine, ce sont la hausse des mati&egrave;res premi&egrave;res, les retards de livraison de ces derni&egrave;res et la hausse du prix de l&rsquo;&eacute;nergie qui ont eu des r&eacute;percussions financi&egrave;res et temporelles lesquelles n&rsquo;ont que partiellement &eacute;t&eacute; prise en charge par nos clients. Nous avons actuellement beaucoup de discussions sur les termes et conditions contractuelles dans le cadre des nouveaux projets.<br><br><strong>Quels sont les grands projets d&rsquo;HRS en cours en Suisse romande&#8239;?<\/strong><br>Apr&egrave;s la fin des travaux du terminal Est de l&rsquo;a&eacute;roport &agrave; Gen&egrave;ve nous avons eu la chance de nous voir confier la r&eacute;alisation du campus Pictet qui monopolise une grosse partie de nos ressources sur Gen&egrave;ve. Les chantiers &laquo;&#8239;l&rsquo;h&ocirc;pital des enfants&#8239;&raquo; &agrave; Lausanne, &laquo;&#8239;C&ocirc;t&eacute; Gare&#8239;&raquo; &agrave; Bussigny, &laquo;&#8239;Cours de Gare&#8239;&raquo; &agrave; Sion ainsi que derni&egrave;rement le <span class=\"glossaryLink\" aria-describedby=\"tt\" data-cmtooltip=\"&lt;div class=glossaryItemTitle&gt;Quartier&lt;\/div&gt;&lt;div class=glossaryItemBody&gt;Amtliches, historisches, soziales oder stadtplanerisches Stadtviertel&lt;\/div&gt;\" data-mobile-support=\"0\" data-gt-translate-attributes='[{\"attribute\":\"data-cmtooltip\", \"format\":\"html\"}]' tabindex=\"0\" role=\"link\">quartier<\/span> de l&rsquo;Or&eacute;e sont actuellement les projets en cours de r&eacute;alisation les plus importants. D&rsquo;autres projets d&rsquo;une certaine importance sont en d&eacute;veloppement, tels que le &laquo;&#8239;Centre sportif et de loisir de la Gruy&egrave;re&#8239;&raquo; &agrave; Bulle, &laquo;&#8239;Le Terraillet&#8239;&raquo; &eacute;galement &agrave; Bulle ou l&rsquo;h&ocirc;tel &laquo;&#8239;Radisson&#8239;&raquo; &agrave; Vernier.<br><br><strong>Projetons-nous dans le futur: comment voyez-vous le d&eacute;veloppement du march&eacute; immobilier en Suisse romande d&rsquo;une part en termes &eacute;conomiques (&eacute;volution de la demande pour le logement, les bureaux, les immeubles affect&eacute;s &agrave; de la logistique, le commercial)&#8239;?<\/strong><br>Les tendances qui ont &eacute;merg&eacute;es apr&egrave;s la crise COVID se confirmeront &agrave; l&rsquo;avenir &agrave; savoir que le logement &eacute;voluera avec un espace d&eacute;di&eacute; au &laquo;&#8239;Home Office&#8239;&raquo;, de m&ecirc;me les espaces ext&eacute;rieurs devront &ecirc;tre plus g&eacute;n&eacute;reux. La demande pour les bureaux est en baisse et il faudra proposer d&rsquo;autres affectations, interm&eacute;diaires ou d&eacute;finitives, pour ces surfaces. Une concertation avec les autorit&eacute;s sera n&eacute;cessaire, trop de surfaces de bureaux sont planifi&eacute;es dans les diff&eacute;rents plans de <span class=\"glossaryLink\" aria-describedby=\"tt\" data-cmtooltip=\"&lt;div class=glossaryItemTitle&gt;Quartier&lt;\/div&gt;&lt;div class=glossaryItemBody&gt;Amtliches, historisches, soziales oder stadtplanerisches Stadtviertel&lt;\/div&gt;\" data-mobile-support=\"0\" data-gt-translate-attributes='[{\"attribute\":\"data-cmtooltip\", \"format\":\"html\"}]' tabindex=\"0\" role=\"link\">quartier<\/span> et plan d&rsquo;affectation et ne trouverons pas preneur. Parall&egrave;lement, la demande pour des centres logistiques et halles de stockage d&eacute;di&eacute;s &agrave; l&rsquo;e-commerce est en hausse mais repr&eacute;sente somme toute un volume assez marginal. Le commerce de 1&egrave;re n&eacute;cessit&eacute; quant &agrave; lui se rapproche du consommateur, de ce fait il sera de plus en plus rare de voir s&rsquo;&eacute;difier de grands centres commerciaux en p&eacute;riph&eacute;rie des villes. Les ma&icirc;tres mots des diff&eacute;rents projets seront l&rsquo;autonomie &eacute;nerg&eacute;tique ainsi que &laquo;&#8239;la flexibilit&eacute;&#8239;&raquo;, celle-l&agrave; m&ecirc;me qui permettra diff&eacute;rentes utilisations sans pour autant devoir investir de trop gros montants. Le march&eacute; de la r&eacute;novation a &eacute;galement un bel avenir, notamment la r&eacute;novation &eacute;nerg&eacute;tique compte tenu des enjeux et objectifs climatiques &agrave; l&rsquo;horizon 2030 et 2050.<br><br><strong>Y a-t-il encore du potentiel pour des grands projets malgr&eacute; un envir-onnement l&eacute;gislatif de plus en plus restrictif (dur&eacute;e des permis, LAT)&#8239;?<\/strong><br>Je pense que oui, plusieurs sites proches des importantes voies de transport sont aujourd&rsquo;hui propices &agrave; divers d&eacute;veloppements immobiliers incluant des espaces verts. On pense notamment &agrave; recouvrir les axes routiers ou ferroviaires traversant les grandes villes, transformer les friches urbaines etc&hellip; Les projets pourraient &eacute;galement prendre de la hauteur au lieu de s&rsquo;&eacute;taler au sol.<br><br>Le march&eacute; immobilier doit cependant faire face &agrave; plusieurs changements l&eacute;gislatifs et exc&egrave;s d&eacute;mocratiques lesquels ralentissent les proc&eacute;dures d&rsquo;autorisation. D&eacute;but 2019, nous avons cr&eacute;&eacute; avec diff&eacute;rents d&eacute;veloppeurs immobiliers, L&rsquo;ADIV (Association des d&eacute;veloppeurs immobiliers vaudois) laquelle &oelig;uvre &agrave; plus de concertation entre les autorit&eacute;s et les d&eacute;veloppeurs immobiliers, notamment lors des modifications des outils l&eacute;gislatifs et tente d&rsquo;&ecirc;tre un acc&eacute;l&eacute;rateur de projet.<br><br><strong>Comment analysez-vous le march&eacute; de l&rsquo;investissement&#8239;? la crise a-t-elle modifi&eacute; l&rsquo;app&eacute;tit des investisseurs&#8239;?<\/strong><br>Au vue de la situation mondiale actuelle plus qu&rsquo;incertaine et face &agrave; une <span class=\"glossaryLink\" aria-describedby=\"tt\" data-cmtooltip=\"&lt;div class=glossaryItemTitle&gt;Inflation&lt;\/div&gt;&lt;div class=glossaryItemBody&gt;Anstieg des Preises von G&uuml;tern und Dienstleistungen, der gleichzeitig einen Schwund der Kaufkraft verursacht&lt;\/div&gt;\" data-mobile-support=\"0\" data-gt-translate-attributes='[{\"attribute\":\"data-cmtooltip\", \"format\":\"html\"}]' tabindex=\"0\" role=\"link\">inflation<\/span> certes, relativement contenue en Suisse, Le placement immobilier, malgr&eacute; l&rsquo;augmentation des taux, reste attractif. De m&ecirc;me en ces temps incertains, la pierre reste toujours et encore une valeur refuge. Les projets se verdissent n&eacute;anmoins de plus en plus et la durabilit&eacute; reste au centre des pr&eacute;occupations. Les d&eacute;veloppeurs immobiliers que nous sommes doivent proposer des solutions innovantes, &eacute;cologiques, &eacute;conomiques et p&eacute;rennes. Du c&ocirc;t&eacute; des investisseurs, on rel&egrave;vera que l&rsquo;int&eacute;r&ecirc;t reste important, cependant dans le contexte extr&ecirc;mement incertain que nous vivons, la prise de d&eacute;cision prend beaucoup plus de temps.<br>Merci Monsieur M&uuml;ller et bonne suite d&rsquo;activit&eacute;<\/p>\n\n\n\n<p class=\"wp-block-paragraph\"><strong>Sur la personne<\/strong><br>Thierry M&uuml;ller est n&eacute; en 1970 &agrave; la Chaux-de-Fonds, mari&eacute; et p&egrave;re de 2 enfants. Il a une formation de base de dessinateur-architecte, puis de chef de chantier et de projet, compl&eacute;t&eacute;e par de nombreuses formations continues. Depuis la fin des ann&eacute;es 90, il est actif comme chef de chantier, puis chef de projet, avec des fonctions de conduite aupr&egrave;s de diverses entreprises &agrave; Z&uuml;rich, Gen&egrave;ve et Lausanne. Engag&eacute; en 2004 chez HRS, il assure le d&eacute;veloppement immobilier pour la Suisse romande depuis 2008 et est membre de la direction g&eacute;n&eacute;rale depuis 2010. Il joue un r&ocirc;le actif aupr&egrave;s de nombreuses organisations, notamment l&rsquo;association des d&eacute;veloppeurs immobiliers vaudois (ADIV), dont il est membre fondateur et vice-pr&eacute;sident.<\/p>\n\n\n\n<p class=\"wp-block-paragraph\"><br><br><\/p>\n","protected":false},"excerpt":{"rendered":"<p>Responsable D\u00e9veloppement Suisse romande de HRS<br \/>\nMembre de la Direction g\u00e9n\u00e9rale  <\/p>\n","protected":false},"author":2,"featured_media":45039,"comment_status":"open","ping_status":"open","sticky":false,"template":"","format":"standard","meta":{"pmpro_default_level":"","inline_featured_image":false,"_monsterinsights_skip_tracking":false,"footnotes":""},"categories":[4464,9440],"tags":[34948,34949,34950],"class_list":["post-45038","post","type-post","status-publish","format-standard","has-post-thumbnail","hentry","category-gens","category-region-romandie-fr","tag-developpement","tag-developpement-immobilier","tag-societe","pmpro-has-access"],"acf":{"bild_mit_ki_erstellt_worden":[],"lead":"Responsable D\u00e9veloppement Suisse romande de HRS\r\nMembre de la Direction g\u00e9n\u00e9rale  ","autor":"Propos recueillis par Anne Cheseaux","ort":"Suisse Romande","bildunterschrift":"","bild_im_grid":false,"gallerie":"","newsim":""},"aioseo_notices":[],"aioseo_head":"\n\t\t<!-- All in One SEO 5.0.0.1 - aioseo.com -->\n\t<meta name=\"description\" content=\"Responsable D\u00e9veloppement Suisse romande de HRS Membre de la Direction g\u00e9n\u00e9rale\" \/>\n\t<meta name=\"robots\" content=\"max-image-preview:large\" \/>\n\t<meta name=\"author\" content=\"immovestuser\"\/>\n\t<meta name=\"google-site-verification\" content=\"fHJKvgWpZCR2zVBHWfkQeFXC11qieUSff0HGNYfuyLA\" \/>\n\t<link rel=\"canonical\" href=\"https:\/\/www.immo-invest.ch\/fr\/le-potentiel-de-limmobilier-reste-attractif-a-long-terme-si-les-projets-sont-innovants-et-durables\/\" \/>\n\t<meta name=\"generator\" content=\"All in One SEO (AIOSEO) 5.0.0.1\" \/>\n\t\t<meta property=\"og:locale\" content=\"fr_FR\" \/>\n\t\t<meta property=\"og:site_name\" content=\"immo!nvest - Die Plattform f\u00fcr Standorte und Immobilien - Die\u00a0Plattform f\u00fcr Standorte und Immobilien\" \/>\n\t\t<meta property=\"og:type\" content=\"article\" \/>\n\t\t<meta property=\"og:title\" content=\"\u00abLe potentiel de l\u2019immobilier reste attractif \u00e0 long terme, si les projets sont innovants et durables\u00bb - immo!nvest - Die Plattform f\u00fcr Standorte und Immobilien\" \/>\n\t\t<meta property=\"og:description\" content=\"Responsable D\u00e9veloppement Suisse romande de HRS Membre de la Direction g\u00e9n\u00e9rale\" \/>\n\t\t<meta property=\"og:url\" content=\"https:\/\/www.immo-invest.ch\/fr\/le-potentiel-de-limmobilier-reste-attractif-a-long-terme-si-les-projets-sont-innovants-et-durables\/\" \/>\n\t\t<meta property=\"og:image\" content=\"https:\/\/www.immo-invest.ch\/wp-content\/uploads\/2022\/10\/Thierry_Mueller.jpg\" \/>\n\t\t<meta property=\"og:image:secure_url\" content=\"https:\/\/www.immo-invest.ch\/wp-content\/uploads\/2022\/10\/Thierry_Mueller.jpg\" \/>\n\t\t<meta property=\"og:image:width\" content=\"781\" \/>\n\t\t<meta property=\"og:image:height\" content=\"391\" \/>\n\t\t<meta property=\"article:published_time\" content=\"2022-10-13T13:06:23+00:00\" \/>\n\t\t<meta property=\"article:modified_time\" content=\"2022-10-13T13:06:25+00:00\" \/>\n\t\t<meta property=\"article:publisher\" content=\"https:\/\/www.facebook.com\/people\/Immoinvest\/100077962920504\/\" \/>\n\t\t<meta name=\"twitter:card\" content=\"summary_large_image\" \/>\n\t\t<meta name=\"twitter:site\" content=\"@i\" \/>\n\t\t<meta name=\"twitter:title\" content=\"\u00abLe potentiel de l\u2019immobilier reste attractif \u00e0 long terme, si les projets sont innovants et durables\u00bb - immo!nvest - Die Plattform f\u00fcr Standorte und Immobilien\" \/>\n\t\t<meta name=\"twitter:description\" content=\"Responsable D\u00e9veloppement Suisse romande de HRS Membre de la Direction g\u00e9n\u00e9rale\" \/>\n\t\t<meta name=\"twitter:creator\" content=\"@i\" \/>\n\t\t<meta name=\"twitter:image\" content=\"https:\/\/www.immo-invest.ch\/wp-content\/uploads\/2022\/10\/Thierry_Mueller.jpg\" \/>\n\t\t<script type=\"application\/ld+json\" class=\"aioseo-schema\">\n\t\t\t{\"@context\":\"https:\\\/\\\/schema.org\",\"@graph\":[{\"@type\":\"BlogPosting\",\"@id\":\"https:\\\/\\\/www.immo-invest.ch\\\/fr\\\/le-potentiel-de-limmobilier-reste-attractif-a-long-terme-si-les-projets-sont-innovants-et-durables\\\/#blogposting\",\"name\":\"\\u00abLe potentiel de l\\u2019immobilier reste attractif \\u00e0 long terme, si les projets sont innovants et durables\\u00bb - immo!nvest - Die Plattform f\\u00fcr Standorte und Immobilien\",\"headline\":\"\\u00abLe potentiel de l\\u2019immobilier reste attractif \\u00e0 long terme, si les projets sont innovants et durables\\u00bb\",\"author\":{\"@id\":\"https:\\\/\\\/www.immo-invest.ch\\\/fr\\\/author\\\/immovestuser\\\/#author\"},\"publisher\":{\"@id\":\"https:\\\/\\\/www.immo-invest.ch\\\/fr\\\/#organization\"},\"image\":{\"@type\":\"ImageObject\",\"url\":\"https:\\\/\\\/www.immo-invest.ch\\\/wp-content\\\/uploads\\\/2022\\\/10\\\/Thierry_Mueller.jpg\",\"width\":781,\"height\":391},\"datePublished\":\"2022-10-13T15:06:23+02:00\",\"dateModified\":\"2022-10-13T15:06:25+02:00\",\"inLanguage\":\"fr-FR\",\"mainEntityOfPage\":{\"@id\":\"https:\\\/\\\/www.immo-invest.ch\\\/fr\\\/le-potentiel-de-limmobilier-reste-attractif-a-long-terme-si-les-projets-sont-innovants-et-durables\\\/#webpage\"},\"isPartOf\":{\"@id\":\"https:\\\/\\\/www.immo-invest.ch\\\/fr\\\/le-potentiel-de-limmobilier-reste-attractif-a-long-terme-si-les-projets-sont-innovants-et-durables\\\/#webpage\"},\"articleSection\":\"Gens, Romandie, D\\u00e9veloppement, d\\u00e9veloppement immobilier, soci\\u00e9t\\u00e9, Facultatif\"},{\"@type\":\"BreadcrumbList\",\"@id\":\"https:\\\/\\\/www.immo-invest.ch\\\/fr\\\/le-potentiel-de-limmobilier-reste-attractif-a-long-terme-si-les-projets-sont-innovants-et-durables\\\/#breadcrumblist\",\"itemListElement\":[{\"@type\":\"ListItem\",\"@id\":\"https:\\\/\\\/www.immo-invest.ch\\\/fr\\\/#listItem\",\"position\":1,\"name\":\"Home\",\"item\":\"https:\\\/\\\/www.immo-invest.ch\\\/fr\\\/\",\"nextItem\":{\"@type\":\"ListItem\",\"@id\":\"https:\\\/\\\/www.immo-invest.ch\\\/fr\\\/categories\\\/personnes\\\/#listItem\",\"name\":\"Personnes\"}},{\"@type\":\"ListItem\",\"@id\":\"https:\\\/\\\/www.immo-invest.ch\\\/fr\\\/categories\\\/personnes\\\/#listItem\",\"position\":2,\"name\":\"Personnes\",\"item\":\"https:\\\/\\\/www.immo-invest.ch\\\/fr\\\/categories\\\/personnes\\\/\",\"nextItem\":{\"@type\":\"ListItem\",\"@id\":\"https:\\\/\\\/www.immo-invest.ch\\\/fr\\\/categories\\\/personnes\\\/gens\\\/#listItem\",\"name\":\"Gens\"},\"previousItem\":{\"@type\":\"ListItem\",\"@id\":\"https:\\\/\\\/www.immo-invest.ch\\\/fr\\\/#listItem\",\"name\":\"Home\"}},{\"@type\":\"ListItem\",\"@id\":\"https:\\\/\\\/www.immo-invest.ch\\\/fr\\\/categories\\\/personnes\\\/gens\\\/#listItem\",\"position\":3,\"name\":\"Gens\",\"item\":\"https:\\\/\\\/www.immo-invest.ch\\\/fr\\\/categories\\\/personnes\\\/gens\\\/\",\"nextItem\":{\"@type\":\"ListItem\",\"@id\":\"https:\\\/\\\/www.immo-invest.ch\\\/fr\\\/le-potentiel-de-limmobilier-reste-attractif-a-long-terme-si-les-projets-sont-innovants-et-durables\\\/#listItem\",\"name\":\"\\u00abLe potentiel de l\\u2019immobilier reste attractif \\u00e0 long terme, si les projets sont innovants et durables\\u00bb\"},\"previousItem\":{\"@type\":\"ListItem\",\"@id\":\"https:\\\/\\\/www.immo-invest.ch\\\/fr\\\/categories\\\/personnes\\\/#listItem\",\"name\":\"Personnes\"}},{\"@type\":\"ListItem\",\"@id\":\"https:\\\/\\\/www.immo-invest.ch\\\/fr\\\/le-potentiel-de-limmobilier-reste-attractif-a-long-terme-si-les-projets-sont-innovants-et-durables\\\/#listItem\",\"position\":4,\"name\":\"\\u00abLe potentiel de l\\u2019immobilier reste attractif \\u00e0 long terme, si les projets sont innovants et durables\\u00bb\",\"previousItem\":{\"@type\":\"ListItem\",\"@id\":\"https:\\\/\\\/www.immo-invest.ch\\\/fr\\\/categories\\\/personnes\\\/gens\\\/#listItem\",\"name\":\"Gens\"}}]},{\"@type\":\"Organization\",\"@id\":\"https:\\\/\\\/www.immo-invest.ch\\\/fr\\\/#organization\",\"name\":\"immo!nvest - Die Plattform f\\u00fcr Standorte und Immobilien\",\"description\":\"Die\\u00a0Plattform f\\u00fcr Standorte und Immobilien\",\"url\":\"https:\\\/\\\/www.immo-invest.ch\\\/fr\\\/\",\"email\":\"admin@immomedia.ag\",\"telephone\":\"+41444420002\",\"logo\":{\"@type\":\"ImageObject\",\"url\":\"https:\\\/\\\/www.immo-invest.ch\\\/wp-content\\\/uploads\\\/2024\\\/09\\\/immoinvest_sm-scaled.jpg\",\"@id\":\"https:\\\/\\\/www.immo-invest.ch\\\/fr\\\/le-potentiel-de-limmobilier-reste-attractif-a-long-terme-si-les-projets-sont-innovants-et-durables\\\/#organizationLogo\",\"width\":2560,\"height\":1340},\"image\":{\"@id\":\"https:\\\/\\\/www.immo-invest.ch\\\/fr\\\/le-potentiel-de-limmobilier-reste-attractif-a-long-terme-si-les-projets-sont-innovants-et-durables\\\/#organizationLogo\"},\"sameAs\":[\"https:\\\/\\\/www.facebook.com\\\/people\\\/Immoinvest\\\/100077962920504\\\/\",\"https:\\\/\\\/x.com\\\/i\\\/flow\\\/login?redirect_after_login=immoinvest_ch\",\"https:\\\/\\\/www.instagram.com\\\/immoinvest_ch\\\/\",\"https:\\\/\\\/www.linkedin.com\\\/company\\\/immoinvest-swiss\"]},{\"@type\":\"Person\",\"@id\":\"https:\\\/\\\/www.immo-invest.ch\\\/fr\\\/author\\\/immovestuser\\\/#author\",\"url\":\"https:\\\/\\\/www.immo-invest.ch\\\/fr\\\/author\\\/immovestuser\\\/\",\"name\":\"immovestuser\",\"image\":{\"@type\":\"ImageObject\",\"@id\":\"https:\\\/\\\/www.immo-invest.ch\\\/fr\\\/le-potentiel-de-limmobilier-reste-attractif-a-long-terme-si-les-projets-sont-innovants-et-durables\\\/#authorImage\",\"url\":\"https:\\\/\\\/secure.gravatar.com\\\/avatar\\\/8e01f4d99f2eeea7a362ebb93305e1172a70e9293ba250f897a65c39f54cdd1e?s=96&d=mm&r=g\",\"width\":96,\"height\":96,\"caption\":\"immovestuser\"}},{\"@type\":\"WebPage\",\"@id\":\"https:\\\/\\\/www.immo-invest.ch\\\/fr\\\/le-potentiel-de-limmobilier-reste-attractif-a-long-terme-si-les-projets-sont-innovants-et-durables\\\/#webpage\",\"url\":\"https:\\\/\\\/www.immo-invest.ch\\\/fr\\\/le-potentiel-de-limmobilier-reste-attractif-a-long-terme-si-les-projets-sont-innovants-et-durables\\\/\",\"name\":\"\\u00abLe potentiel de l\\u2019immobilier reste attractif \\u00e0 long terme, si les projets sont innovants et durables\\u00bb - immo!nvest - Die Plattform f\\u00fcr Standorte und Immobilien\",\"description\":\"Responsable D\\u00e9veloppement Suisse romande de HRS Membre de la Direction g\\u00e9n\\u00e9rale\",\"inLanguage\":\"fr-FR\",\"isPartOf\":{\"@id\":\"https:\\\/\\\/www.immo-invest.ch\\\/fr\\\/#website\"},\"breadcrumb\":{\"@id\":\"https:\\\/\\\/www.immo-invest.ch\\\/fr\\\/le-potentiel-de-limmobilier-reste-attractif-a-long-terme-si-les-projets-sont-innovants-et-durables\\\/#breadcrumblist\"},\"author\":{\"@id\":\"https:\\\/\\\/www.immo-invest.ch\\\/fr\\\/author\\\/immovestuser\\\/#author\"},\"creator\":{\"@id\":\"https:\\\/\\\/www.immo-invest.ch\\\/fr\\\/author\\\/immovestuser\\\/#author\"},\"image\":{\"@type\":\"ImageObject\",\"url\":\"https:\\\/\\\/www.immo-invest.ch\\\/wp-content\\\/uploads\\\/2022\\\/10\\\/Thierry_Mueller.jpg\",\"@id\":\"https:\\\/\\\/www.immo-invest.ch\\\/fr\\\/le-potentiel-de-limmobilier-reste-attractif-a-long-terme-si-les-projets-sont-innovants-et-durables\\\/#mainImage\",\"width\":781,\"height\":391},\"primaryImageOfPage\":{\"@id\":\"https:\\\/\\\/www.immo-invest.ch\\\/fr\\\/le-potentiel-de-limmobilier-reste-attractif-a-long-terme-si-les-projets-sont-innovants-et-durables\\\/#mainImage\"},\"datePublished\":\"2022-10-13T15:06:23+02:00\",\"dateModified\":\"2022-10-13T15:06:25+02:00\"},{\"@type\":\"WebSite\",\"@id\":\"https:\\\/\\\/www.immo-invest.ch\\\/fr\\\/#website\",\"url\":\"https:\\\/\\\/www.immo-invest.ch\\\/fr\\\/\",\"name\":\"immo!nvest - Die Plattform f\\u00fcr Standorte und Immobilien\",\"description\":\"Die\\u00a0Plattform f\\u00fcr Standorte und Immobilien\",\"inLanguage\":\"fr-FR\",\"publisher\":{\"@id\":\"https:\\\/\\\/www.immo-invest.ch\\\/fr\\\/#organization\"}}]}\n\t\t<\/script>\n\t\t<!-- All in One SEO -->\n\n","aioseo_head_json":{"title":"\u00abLe potentiel de l\u2019immobilier reste attractif \u00e0 long terme, si les projets sont innovants et durables\u00bb - immo!nvest - Die Plattform f\u00fcr Standorte und Immobilien","description":"Responsable D\u00e9veloppement Suisse romande de HRS Membre de la Direction g\u00e9n\u00e9rale","canonical_url":"https:\/\/www.immo-invest.ch\/fr\/le-potentiel-de-limmobilier-reste-attractif-a-long-terme-si-les-projets-sont-innovants-et-durables\/","robots":"max-image-preview:large","keywords":"","webmasterTools":{"google-site-verification":"fHJKvgWpZCR2zVBHWfkQeFXC11qieUSff0HGNYfuyLA","miscellaneous":""},"schema":{"@context":"https:\/\/schema.org","@graph":[{"@type":"BlogPosting","@id":"https:\/\/www.immo-invest.ch\/fr\/le-potentiel-de-limmobilier-reste-attractif-a-long-terme-si-les-projets-sont-innovants-et-durables\/#blogposting","name":"\u00abLe potentiel de l\u2019immobilier reste attractif \u00e0 long terme, si les projets sont innovants et durables\u00bb - immo!nvest - Die Plattform f\u00fcr Standorte und Immobilien","headline":"\u00abLe potentiel de l\u2019immobilier reste attractif \u00e0 long terme, si les projets sont innovants et durables\u00bb","author":{"@id":"https:\/\/www.immo-invest.ch\/fr\/author\/immovestuser\/#author"},"publisher":{"@id":"https:\/\/www.immo-invest.ch\/fr\/#organization"},"image":{"@type":"ImageObject","url":"https:\/\/www.immo-invest.ch\/wp-content\/uploads\/2022\/10\/Thierry_Mueller.jpg","width":781,"height":391},"datePublished":"2022-10-13T15:06:23+02:00","dateModified":"2022-10-13T15:06:25+02:00","inLanguage":"fr-FR","mainEntityOfPage":{"@id":"https:\/\/www.immo-invest.ch\/fr\/le-potentiel-de-limmobilier-reste-attractif-a-long-terme-si-les-projets-sont-innovants-et-durables\/#webpage"},"isPartOf":{"@id":"https:\/\/www.immo-invest.ch\/fr\/le-potentiel-de-limmobilier-reste-attractif-a-long-terme-si-les-projets-sont-innovants-et-durables\/#webpage"},"articleSection":"Gens, Romandie, D\u00e9veloppement, d\u00e9veloppement immobilier, soci\u00e9t\u00e9, Facultatif"},{"@type":"BreadcrumbList","@id":"https:\/\/www.immo-invest.ch\/fr\/le-potentiel-de-limmobilier-reste-attractif-a-long-terme-si-les-projets-sont-innovants-et-durables\/#breadcrumblist","itemListElement":[{"@type":"ListItem","@id":"https:\/\/www.immo-invest.ch\/fr\/#listItem","position":1,"name":"Home","item":"https:\/\/www.immo-invest.ch\/fr\/","nextItem":{"@type":"ListItem","@id":"https:\/\/www.immo-invest.ch\/fr\/categories\/personnes\/#listItem","name":"Personnes"}},{"@type":"ListItem","@id":"https:\/\/www.immo-invest.ch\/fr\/categories\/personnes\/#listItem","position":2,"name":"Personnes","item":"https:\/\/www.immo-invest.ch\/fr\/categories\/personnes\/","nextItem":{"@type":"ListItem","@id":"https:\/\/www.immo-invest.ch\/fr\/categories\/personnes\/gens\/#listItem","name":"Gens"},"previousItem":{"@type":"ListItem","@id":"https:\/\/www.immo-invest.ch\/fr\/#listItem","name":"Home"}},{"@type":"ListItem","@id":"https:\/\/www.immo-invest.ch\/fr\/categories\/personnes\/gens\/#listItem","position":3,"name":"Gens","item":"https:\/\/www.immo-invest.ch\/fr\/categories\/personnes\/gens\/","nextItem":{"@type":"ListItem","@id":"https:\/\/www.immo-invest.ch\/fr\/le-potentiel-de-limmobilier-reste-attractif-a-long-terme-si-les-projets-sont-innovants-et-durables\/#listItem","name":"\u00abLe potentiel de l\u2019immobilier reste attractif \u00e0 long terme, si les projets sont innovants et durables\u00bb"},"previousItem":{"@type":"ListItem","@id":"https:\/\/www.immo-invest.ch\/fr\/categories\/personnes\/#listItem","name":"Personnes"}},{"@type":"ListItem","@id":"https:\/\/www.immo-invest.ch\/fr\/le-potentiel-de-limmobilier-reste-attractif-a-long-terme-si-les-projets-sont-innovants-et-durables\/#listItem","position":4,"name":"\u00abLe potentiel de l\u2019immobilier reste attractif \u00e0 long terme, si les projets sont innovants et durables\u00bb","previousItem":{"@type":"ListItem","@id":"https:\/\/www.immo-invest.ch\/fr\/categories\/personnes\/gens\/#listItem","name":"Gens"}}]},{"@type":"Organization","@id":"https:\/\/www.immo-invest.ch\/fr\/#organization","name":"immo!nvest - Die Plattform f\u00fcr Standorte und Immobilien","description":"Die\u00a0Plattform f\u00fcr Standorte und Immobilien","url":"https:\/\/www.immo-invest.ch\/fr\/","email":"admin@immomedia.ag","telephone":"+41444420002","logo":{"@type":"ImageObject","url":"https:\/\/www.immo-invest.ch\/wp-content\/uploads\/2024\/09\/immoinvest_sm-scaled.jpg","@id":"https:\/\/www.immo-invest.ch\/fr\/le-potentiel-de-limmobilier-reste-attractif-a-long-terme-si-les-projets-sont-innovants-et-durables\/#organizationLogo","width":2560,"height":1340},"image":{"@id":"https:\/\/www.immo-invest.ch\/fr\/le-potentiel-de-limmobilier-reste-attractif-a-long-terme-si-les-projets-sont-innovants-et-durables\/#organizationLogo"},"sameAs":["https:\/\/www.facebook.com\/people\/Immoinvest\/100077962920504\/","https:\/\/x.com\/i\/flow\/login?redirect_after_login=immoinvest_ch","https:\/\/www.instagram.com\/immoinvest_ch\/","https:\/\/www.linkedin.com\/company\/immoinvest-swiss"]},{"@type":"Person","@id":"https:\/\/www.immo-invest.ch\/fr\/author\/immovestuser\/#author","url":"https:\/\/www.immo-invest.ch\/fr\/author\/immovestuser\/","name":"immovestuser","image":{"@type":"ImageObject","@id":"https:\/\/www.immo-invest.ch\/fr\/le-potentiel-de-limmobilier-reste-attractif-a-long-terme-si-les-projets-sont-innovants-et-durables\/#authorImage","url":"https:\/\/secure.gravatar.com\/avatar\/8e01f4d99f2eeea7a362ebb93305e1172a70e9293ba250f897a65c39f54cdd1e?s=96&d=mm&r=g","width":96,"height":96,"caption":"immovestuser"}},{"@type":"WebPage","@id":"https:\/\/www.immo-invest.ch\/fr\/le-potentiel-de-limmobilier-reste-attractif-a-long-terme-si-les-projets-sont-innovants-et-durables\/#webpage","url":"https:\/\/www.immo-invest.ch\/fr\/le-potentiel-de-limmobilier-reste-attractif-a-long-terme-si-les-projets-sont-innovants-et-durables\/","name":"\u00abLe potentiel de l\u2019immobilier reste attractif \u00e0 long terme, si les projets sont innovants et durables\u00bb - immo!nvest - Die Plattform f\u00fcr Standorte und Immobilien","description":"Responsable D\u00e9veloppement Suisse romande de HRS Membre de la Direction g\u00e9n\u00e9rale","inLanguage":"fr-FR","isPartOf":{"@id":"https:\/\/www.immo-invest.ch\/fr\/#website"},"breadcrumb":{"@id":"https:\/\/www.immo-invest.ch\/fr\/le-potentiel-de-limmobilier-reste-attractif-a-long-terme-si-les-projets-sont-innovants-et-durables\/#breadcrumblist"},"author":{"@id":"https:\/\/www.immo-invest.ch\/fr\/author\/immovestuser\/#author"},"creator":{"@id":"https:\/\/www.immo-invest.ch\/fr\/author\/immovestuser\/#author"},"image":{"@type":"ImageObject","url":"https:\/\/www.immo-invest.ch\/wp-content\/uploads\/2022\/10\/Thierry_Mueller.jpg","@id":"https:\/\/www.immo-invest.ch\/fr\/le-potentiel-de-limmobilier-reste-attractif-a-long-terme-si-les-projets-sont-innovants-et-durables\/#mainImage","width":781,"height":391},"primaryImageOfPage":{"@id":"https:\/\/www.immo-invest.ch\/fr\/le-potentiel-de-limmobilier-reste-attractif-a-long-terme-si-les-projets-sont-innovants-et-durables\/#mainImage"},"datePublished":"2022-10-13T15:06:23+02:00","dateModified":"2022-10-13T15:06:25+02:00"},{"@type":"WebSite","@id":"https:\/\/www.immo-invest.ch\/fr\/#website","url":"https:\/\/www.immo-invest.ch\/fr\/","name":"immo!nvest - Die Plattform f\u00fcr Standorte und Immobilien","description":"Die\u00a0Plattform f\u00fcr Standorte und Immobilien","inLanguage":"fr-FR","publisher":{"@id":"https:\/\/www.immo-invest.ch\/fr\/#organization"}}]},"og:locale":"fr_FR","og:site_name":"immo!nvest - Die Plattform f\u00fcr Standorte und Immobilien - Die\u00a0Plattform f\u00fcr Standorte und Immobilien","og:type":"article","og:title":"\u00abLe potentiel de l\u2019immobilier reste attractif \u00e0 long terme, si les projets sont innovants et durables\u00bb - immo!nvest - Die Plattform f\u00fcr Standorte und Immobilien","og:description":"Responsable D\u00e9veloppement Suisse romande de HRS Membre de la Direction g\u00e9n\u00e9rale","og:url":"https:\/\/www.immo-invest.ch\/fr\/le-potentiel-de-limmobilier-reste-attractif-a-long-terme-si-les-projets-sont-innovants-et-durables\/","og:image":"https:\/\/www.immo-invest.ch\/wp-content\/uploads\/2022\/10\/Thierry_Mueller.jpg","og:image:secure_url":"https:\/\/www.immo-invest.ch\/wp-content\/uploads\/2022\/10\/Thierry_Mueller.jpg","og:image:width":781,"og:image:height":391,"article:published_time":"2022-10-13T13:06:23+00:00","article:modified_time":"2022-10-13T13:06:25+00:00","article:publisher":"https:\/\/www.facebook.com\/people\/Immoinvest\/100077962920504\/","twitter:card":"summary_large_image","twitter:site":"@i","twitter:title":"\u00abLe potentiel de l\u2019immobilier reste attractif \u00e0 long terme, si les projets sont innovants et durables\u00bb - immo!nvest - Die Plattform f\u00fcr Standorte und Immobilien","twitter:description":"Responsable D\u00e9veloppement Suisse romande de HRS Membre de la Direction g\u00e9n\u00e9rale","twitter:creator":"@i","twitter:image":"https:\/\/www.immo-invest.ch\/wp-content\/uploads\/2022\/10\/Thierry_Mueller.jpg"},"aioseo_meta_data":{"post_id":"45038","title":null,"description":null,"keywords":null,"keyphrases":null,"primary_term":null,"canonical_url":null,"og_title":null,"og_description":null,"og_object_type":"default","og_image_type":"default","og_image_url":null,"og_image_width":null,"og_image_height":null,"og_image_custom_url":null,"og_image_custom_fields":null,"og_video":null,"og_custom_url":null,"og_article_section":null,"og_article_tags":null,"twitter_use_og":false,"twitter_card":"default","twitter_image_type":"default","twitter_image_url":null,"twitter_image_custom_url":null,"twitter_image_custom_fields":null,"twitter_title":null,"twitter_description":null,"schema":{"blockGraphs":[],"customGraphs":[],"default":{"data":{"Article":[],"Course":[],"Dataset":[],"FAQPage":[],"Movie":[],"Person":[],"Product":[],"ProductReview":[],"Car":[],"Recipe":[],"Service":[],"SoftwareApplication":[],"WebPage":[]},"graphName":"","isEnabled":true},"graphs":[]},"schema_type":"default","schema_type_options":null,"pillar_content":false,"robots_default":true,"robots_noindex":false,"robots_noarchive":false,"robots_nosnippet":false,"robots_nofollow":false,"robots_noimageindex":false,"robots_noodp":false,"robots_notranslate":false,"robots_max_snippet":null,"robots_max_videopreview":null,"robots_max_imagepreview":"large","priority":null,"frequency":null,"local_seo":null,"breadcrumb_settings":null,"limit_modified_date":false,"ai":null,"created":"2024-09-19 20:57:49","updated":"2025-10-23 02:35:12","seo_analyzer_scan_date":null,"focus_keyword":null,"additional_keywords":null,"truseo_locale":null},"aioseo_breadcrumb":"<div class=\"aioseo-breadcrumbs\"><span class=\"aioseo-breadcrumb\">\n\t\t\t<a href=\"https:\/\/www.immo-invest.ch\/fr\/\" title=\"Home\">Home<\/a>\n\t\t<\/span><span class=\"aioseo-breadcrumb-separator\">&raquo;<\/span><span class=\"aioseo-breadcrumb\">\n\t\t\t<a href=\"https:\/\/www.immo-invest.ch\/fr\/categories\/personnes\/\" title=\"Personnes\">Personnes<\/a>\n\t\t<\/span><span class=\"aioseo-breadcrumb-separator\">&raquo;<\/span><span class=\"aioseo-breadcrumb\">\n\t\t\t<a href=\"https:\/\/www.immo-invest.ch\/fr\/categories\/personnes\/gens\/\" title=\"Gens\">Gens<\/a>\n\t\t<\/span><span class=\"aioseo-breadcrumb-separator\">&raquo;<\/span><span class=\"aioseo-breadcrumb\">\n\t\t\t\u00abLe potentiel de l\u2019immobilier reste attractif \u00e0 long terme, si les projets sont innovants et durables\u00bb\n\t\t<\/span><\/div>","aioseo_breadcrumb_json":[{"label":"Home","link":"https:\/\/www.immo-invest.ch\/fr\/"},{"label":"Personnes","link":"https:\/\/www.immo-invest.ch\/fr\/categories\/personnes\/"},{"label":"Gens","link":"https:\/\/www.immo-invest.ch\/fr\/categories\/personnes\/gens\/"},{"label":"\u00abLe potentiel de l\u2019immobilier reste attractif \u00e0 long terme, si les projets sont innovants et durables\u00bb","link":"https:\/\/www.immo-invest.ch\/fr\/le-potentiel-de-limmobilier-reste-attractif-a-long-terme-si-les-projets-sont-innovants-et-durables\/"}],"featured_image_src":"https:\/\/www.immo-invest.ch\/wp-content\/uploads\/2022\/10\/Thierry_Mueller-336x168.jpg","_links":{"self":[{"href":"https:\/\/www.immo-invest.ch\/fr\/wp-json\/wp\/v2\/posts\/45038","targetHints":{"allow":["GET"]}}],"collection":[{"href":"https:\/\/www.immo-invest.ch\/fr\/wp-json\/wp\/v2\/posts"}],"about":[{"href":"https:\/\/www.immo-invest.ch\/fr\/wp-json\/wp\/v2\/types\/post"}],"author":[{"embeddable":true,"href":"https:\/\/www.immo-invest.ch\/fr\/wp-json\/wp\/v2\/users\/2"}],"replies":[{"embeddable":true,"href":"https:\/\/www.immo-invest.ch\/fr\/wp-json\/wp\/v2\/comments?post=45038"}],"version-history":[{"count":0,"href":"https:\/\/www.immo-invest.ch\/fr\/wp-json\/wp\/v2\/posts\/45038\/revisions"}],"wp:featuredmedia":[{"embeddable":true,"href":"https:\/\/www.immo-invest.ch\/fr\/wp-json\/wp\/v2\/media\/45039"}],"wp:attachment":[{"href":"https:\/\/www.immo-invest.ch\/fr\/wp-json\/wp\/v2\/media?parent=45038"}],"wp:term":[{"taxonomy":"category","embeddable":true,"href":"https:\/\/www.immo-invest.ch\/fr\/wp-json\/wp\/v2\/categories?post=45038"},{"taxonomy":"post_tag","embeddable":true,"href":"https:\/\/www.immo-invest.ch\/fr\/wp-json\/wp\/v2\/tags?post=45038"}],"curies":[{"name":"wp","href":"https:\/\/api.w.org\/{rel}","templated":true}]}}