{"id":1663,"date":"2019-07-29T15:39:00","date_gmt":"2019-07-29T15:39:00","guid":{"rendered":"https:\/\/www.immo-invest.ch\/?p=1663"},"modified":"2020-04-14T06:14:09","modified_gmt":"2020-04-14T06:14:09","slug":"un-nouveau-quartier-a-louest-de-lausanne","status":"publish","type":"post","link":"https:\/\/www.immo-invest.ch\/fr\/un-nouveau-quartier-a-louest-de-lausanne\/","title":{"rendered":"Un nouveau quartier \u00e0 l\u2019ouest de Lausanne"},"content":{"rendered":"<figure class=\"wp-block-gallery columns-2 is-cropped wp-block-gallery-1 is-layout-flex wp-block-gallery-is-layout-flex\"><ul class=\"blocks-gallery-grid\"><li class=\"blocks-gallery-item\"><figure><img loading=\"lazy\" decoding=\"async\" width=\"710\" height=\"350\" src=\"https:\/\/www.immo-invest.ch\/wp-content\/uploads\/2020\/03\/04_1_Prilly_Renens_Central_Malley.jpg\" alt=\"\" data-id=\"1665\" data-link=\"https:\/\/www.immo-invest.ch\/?attachment_id=1665\" class=\"wp-image-1665\" srcset=\"https:\/\/www.immo-invest.ch\/wp-content\/uploads\/2020\/03\/04_1_Prilly_Renens_Central_Malley.jpg 710w, https:\/\/www.immo-invest.ch\/wp-content\/uploads\/2020\/03\/04_1_Prilly_Renens_Central_Malley-600x296.jpg 600w, https:\/\/www.immo-invest.ch\/wp-content\/uploads\/2020\/03\/04_1_Prilly_Renens_Central_Malley-300x148.jpg 300w\" sizes=\"auto, (max-width: 710px) 100vw, 710px\"\/><\/figure><\/li><li class=\"blocks-gallery-item\"><figure><img loading=\"lazy\" decoding=\"async\" width=\"710\" height=\"350\" src=\"https:\/\/www.immo-invest.ch\/wp-content\/uploads\/2020\/03\/04_8_Prilly_Renens_Central_Malley.jpg\" alt=\"\" data-id=\"1666\" data-full-url=\"https:\/\/www.immo-invest.ch\/wp-content\/uploads\/2020\/03\/04_8_Prilly_Renens_Central_Malley.jpg\" data-link=\"https:\/\/www.immo-invest.ch\/?attachment_id=1666\" class=\"wp-image-1666\" srcset=\"https:\/\/www.immo-invest.ch\/wp-content\/uploads\/2020\/03\/04_8_Prilly_Renens_Central_Malley.jpg 710w, https:\/\/www.immo-invest.ch\/wp-content\/uploads\/2020\/03\/04_8_Prilly_Renens_Central_Malley-600x296.jpg 600w, https:\/\/www.immo-invest.ch\/wp-content\/uploads\/2020\/03\/04_8_Prilly_Renens_Central_Malley-300x148.jpg 300w\" sizes=\"auto, (max-width: 710px) 100vw, 710px\"\/><\/figure><\/li><\/ul><\/figure>\n\n\n\n<p class=\"wp-block-paragraph\">Le projet, consultable sur le site de CFF Immobilier, pr&eacute;voit de r&eacute;partir dans les communes de Prilly et Renens une mixit&eacute; urbaine de bureaux, logements, commerces ainsi qu&rsquo;un centre m&eacute;dical. Les deux laur&eacute;ats du concours d&rsquo;architecture de 2018 poursuivront la planification du nouveau <span class=\"glossaryLink\" aria-describedby=\"tt\" data-cmtooltip=\"&lt;div class=glossaryItemTitle&gt;Quartier&lt;\/div&gt;&lt;div class=glossaryItemBody&gt;Amtliches, historisches, soziales oder stadtplanerisches Stadtviertel&lt;\/div&gt;\" data-mobile-support=\"0\" data-gt-translate-attributes='[{\"attribute\":\"data-cmtooltip\", \"format\":\"html\"}]' tabindex=\"0\" role=\"link\">quartier<\/span> avec les CFF, propri&eacute;taires du foncier, expliquent les responsables du projet. Un nouveau cadre de vie citadin directement reli&eacute; &agrave; la halte de Prilly-Malley doit ainsi voir le jour d&rsquo;ici 2023 sur pr&egrave;s de 50&rsquo;000&thinsp;m&sup2; de surface de plancher. &#9632;<\/p>\n","protected":false},"excerpt":{"rendered":"<p>Le projet, consultable sur le site de CFF Immobilier, pr\u00e9voit de r\u00e9partir dans les communes de Prilly et Renens une mixit\u00e9 urbaine de bureaux, logements, commerces ainsi qu\u2019un centre m\u00e9dical. Les deux laur\u00e9ats du concours d\u2019architecture de 2018 poursuivront la planification du nouveau quartier avec les CFF, propri\u00e9taires du foncier, expliquent les responsables du projet. [&hellip;]<\/p>\n","protected":false},"author":1,"featured_media":1664,"comment_status":"open","ping_status":"open","sticky":false,"template":"","format":"standard","meta":{"pmpro_default_level":"","inline_featured_image":false,"_monsterinsights_skip_tracking":false,"footnotes":""},"categories":[739],"tags":[],"class_list":["post-1663","post","type-post","status-publish","format-standard","has-post-thumbnail","hentry","category-projects","pmpro-has-access"],"acf":{"bild_mit_ki_erstellt_worden":[],"lead":"Le plan de quartier Malley-Gare a \u00e9t\u00e9 mis au point par les communes de Prilly, Renens, Lausanne et les CFF. Le projet doit \u00eatre achev\u00e9 pour 2023.","autor":"Philipp Dreyer \u2009\/\u2009Visualisation: mise \u00e0 disposition","ort":"","bildunterschrift":"","bild_im_grid":false,"gallerie":null,"newsim":""},"aioseo_notices":[],"aioseo_head":"\n\t\t<!-- All in One SEO 5.0.1.1 - aioseo.com -->\n\t<meta name=\"description\" content=\"Le projet, consultable sur le site de CFF Immobilier, pr\u00e9voit de r\u00e9partir dans les communes de Prilly et Renens une mixit\u00e9 urbaine de bureaux, logements, commerces ainsi qu\u2019un centre m\u00e9dical. Les deux laur\u00e9ats du concours d\u2019architecture de 2018 poursuivront la planification du nouveau quartier avec les CFF, propri\u00e9taires du foncier, expliquent les responsables du projet.\" \/>\n\t<meta name=\"robots\" content=\"max-image-preview:large\" \/>\n\t<meta name=\"author\" content=\"immoinvadmin\"\/>\n\t<meta name=\"google-site-verification\" content=\"fHJKvgWpZCR2zVBHWfkQeFXC11qieUSff0HGNYfuyLA\" \/>\n\t<link rel=\"canonical\" href=\"https:\/\/www.immo-invest.ch\/fr\/un-nouveau-quartier-a-louest-de-lausanne\/\" \/>\n\t<meta name=\"generator\" content=\"All in One SEO (AIOSEO) 5.0.1.1\" \/>\n\t\t<meta property=\"og:locale\" content=\"fr_FR\" \/>\n\t\t<meta property=\"og:site_name\" content=\"immo!nvest - Die Plattform f\u00fcr Standorte und Immobilien - Die\u00a0Plattform f\u00fcr Standorte und Immobilien\" \/>\n\t\t<meta property=\"og:type\" content=\"article\" \/>\n\t\t<meta property=\"og:title\" content=\"Un nouveau quartier \u00e0 l\u2019ouest de Lausanne - immo!nvest - Die Plattform f\u00fcr Standorte und Immobilien\" \/>\n\t\t<meta property=\"og:description\" content=\"Le projet, consultable sur le site de CFF Immobilier, pr\u00e9voit de r\u00e9partir dans les communes de Prilly et Renens une mixit\u00e9 urbaine de bureaux, logements, commerces ainsi qu\u2019un centre m\u00e9dical. Les deux laur\u00e9ats du concours d\u2019architecture de 2018 poursuivront la planification du nouveau quartier avec les CFF, propri\u00e9taires du foncier, expliquent les responsables du projet.\" \/>\n\t\t<meta property=\"og:url\" content=\"https:\/\/www.immo-invest.ch\/fr\/un-nouveau-quartier-a-louest-de-lausanne\/\" \/>\n\t\t<meta property=\"og:image\" content=\"https:\/\/www.immo-invest.ch\/wp-content\/uploads\/2020\/03\/04_4_Prily_Renens_Central_Malley.jpg\" \/>\n\t\t<meta property=\"og:image:secure_url\" content=\"https:\/\/www.immo-invest.ch\/wp-content\/uploads\/2020\/03\/04_4_Prily_Renens_Central_Malley.jpg\" \/>\n\t\t<meta property=\"og:image:width\" content=\"710\" \/>\n\t\t<meta property=\"og:image:height\" content=\"350\" \/>\n\t\t<meta property=\"article:published_time\" content=\"2019-07-29T15:39:00+00:00\" \/>\n\t\t<meta property=\"article:modified_time\" content=\"2020-04-14T06:14:09+00:00\" \/>\n\t\t<meta property=\"article:publisher\" content=\"https:\/\/www.facebook.com\/people\/Immoinvest\/100077962920504\/\" \/>\n\t\t<meta name=\"twitter:card\" content=\"summary_large_image\" \/>\n\t\t<meta name=\"twitter:site\" content=\"@i\" \/>\n\t\t<meta name=\"twitter:title\" content=\"Un nouveau quartier \u00e0 l\u2019ouest de Lausanne - immo!nvest - Die Plattform f\u00fcr Standorte und Immobilien\" \/>\n\t\t<meta name=\"twitter:description\" content=\"Le projet, consultable sur le site de CFF Immobilier, pr\u00e9voit de r\u00e9partir dans les communes de Prilly et Renens une mixit\u00e9 urbaine de bureaux, logements, commerces ainsi qu\u2019un centre m\u00e9dical. Les deux laur\u00e9ats du concours d\u2019architecture de 2018 poursuivront la planification du nouveau quartier avec les CFF, propri\u00e9taires du foncier, expliquent les responsables du projet.\" \/>\n\t\t<meta name=\"twitter:creator\" content=\"@i\" \/>\n\t\t<meta name=\"twitter:image\" content=\"https:\/\/www.immo-invest.ch\/wp-content\/uploads\/2020\/03\/04_4_Prily_Renens_Central_Malley.jpg\" \/>\n\t\t<script type=\"application\/ld+json\" class=\"aioseo-schema\">\n\t\t\t{\"@context\":\"https:\\\/\\\/schema.org\",\"@graph\":[{\"@type\":\"BlogPosting\",\"@id\":\"https:\\\/\\\/www.immo-invest.ch\\\/fr\\\/un-nouveau-quartier-a-louest-de-lausanne\\\/#blogposting\",\"name\":\"Un nouveau quartier \\u00e0 l\\u2019ouest de Lausanne - immo!nvest - Die Plattform f\\u00fcr Standorte und Immobilien\",\"headline\":\"Un nouveau quartier \\u00e0 l\\u2019ouest de Lausanne\",\"author\":{\"@id\":\"https:\\\/\\\/www.immo-invest.ch\\\/fr\\\/author\\\/immoinvadmin\\\/#author\"},\"publisher\":{\"@id\":\"https:\\\/\\\/www.immo-invest.ch\\\/fr\\\/#organization\"},\"image\":{\"@type\":\"ImageObject\",\"url\":\"https:\\\/\\\/www.immo-invest.ch\\\/wp-content\\\/uploads\\\/2020\\\/03\\\/04_4_Prily_Renens_Central_Malley.jpg\",\"width\":710,\"height\":350},\"datePublished\":\"2019-07-29T15:39:00+02:00\",\"dateModified\":\"2020-04-14T06:14:09+02:00\",\"inLanguage\":\"fr-FR\",\"mainEntityOfPage\":{\"@id\":\"https:\\\/\\\/www.immo-invest.ch\\\/fr\\\/un-nouveau-quartier-a-louest-de-lausanne\\\/#webpage\"},\"isPartOf\":{\"@id\":\"https:\\\/\\\/www.immo-invest.ch\\\/fr\\\/un-nouveau-quartier-a-louest-de-lausanne\\\/#webpage\"},\"articleSection\":\"Projects, Facultatif\"},{\"@type\":\"BreadcrumbList\",\"@id\":\"https:\\\/\\\/www.immo-invest.ch\\\/fr\\\/un-nouveau-quartier-a-louest-de-lausanne\\\/#breadcrumblist\",\"itemListElement\":[{\"@type\":\"ListItem\",\"@id\":\"https:\\\/\\\/www.immo-invest.ch\\\/fr\\\/#listItem\",\"position\":1,\"name\":\"Home\",\"item\":\"https:\\\/\\\/www.immo-invest.ch\\\/fr\\\/\",\"nextItem\":{\"@type\":\"ListItem\",\"@id\":\"https:\\\/\\\/www.immo-invest.ch\\\/fr\\\/categories\\\/projects\\\/#listItem\",\"name\":\"Projects\"}},{\"@type\":\"ListItem\",\"@id\":\"https:\\\/\\\/www.immo-invest.ch\\\/fr\\\/categories\\\/projects\\\/#listItem\",\"position\":2,\"name\":\"Projects\",\"item\":\"https:\\\/\\\/www.immo-invest.ch\\\/fr\\\/categories\\\/projects\\\/\",\"nextItem\":{\"@type\":\"ListItem\",\"@id\":\"https:\\\/\\\/www.immo-invest.ch\\\/fr\\\/un-nouveau-quartier-a-louest-de-lausanne\\\/#listItem\",\"name\":\"Un nouveau quartier \\u00e0 l\\u2019ouest de Lausanne\"},\"previousItem\":{\"@type\":\"ListItem\",\"@id\":\"https:\\\/\\\/www.immo-invest.ch\\\/fr\\\/#listItem\",\"name\":\"Home\"}},{\"@type\":\"ListItem\",\"@id\":\"https:\\\/\\\/www.immo-invest.ch\\\/fr\\\/un-nouveau-quartier-a-louest-de-lausanne\\\/#listItem\",\"position\":3,\"name\":\"Un nouveau quartier \\u00e0 l\\u2019ouest de Lausanne\",\"previousItem\":{\"@type\":\"ListItem\",\"@id\":\"https:\\\/\\\/www.immo-invest.ch\\\/fr\\\/categories\\\/projects\\\/#listItem\",\"name\":\"Projects\"}}]},{\"@type\":\"Organization\",\"@id\":\"https:\\\/\\\/www.immo-invest.ch\\\/fr\\\/#organization\",\"name\":\"immo!nvest - Die Plattform f\\u00fcr Standorte und Immobilien\",\"description\":\"Die\\u00a0Plattform f\\u00fcr Standorte und Immobilien\",\"url\":\"https:\\\/\\\/www.immo-invest.ch\\\/fr\\\/\",\"email\":\"admin@immomedia.ag\",\"telephone\":\"+41444420002\",\"logo\":{\"@type\":\"ImageObject\",\"url\":\"https:\\\/\\\/www.immo-invest.ch\\\/wp-content\\\/uploads\\\/2024\\\/09\\\/immoinvest_sm-scaled.jpg\",\"@id\":\"https:\\\/\\\/www.immo-invest.ch\\\/fr\\\/un-nouveau-quartier-a-louest-de-lausanne\\\/#organizationLogo\",\"width\":2560,\"height\":1340},\"image\":{\"@id\":\"https:\\\/\\\/www.immo-invest.ch\\\/fr\\\/un-nouveau-quartier-a-louest-de-lausanne\\\/#organizationLogo\"},\"sameAs\":[\"https:\\\/\\\/www.facebook.com\\\/people\\\/Immoinvest\\\/100077962920504\\\/\",\"https:\\\/\\\/x.com\\\/i\\\/flow\\\/login?redirect_after_login=immoinvest_ch\",\"https:\\\/\\\/www.instagram.com\\\/immoinvest_ch\\\/\",\"https:\\\/\\\/www.linkedin.com\\\/company\\\/immoinvest-swiss\"]},{\"@type\":\"Person\",\"@id\":\"https:\\\/\\\/www.immo-invest.ch\\\/fr\\\/author\\\/immoinvadmin\\\/#author\",\"url\":\"https:\\\/\\\/www.immo-invest.ch\\\/fr\\\/author\\\/immoinvadmin\\\/\",\"name\":\"immoinvadmin\",\"image\":{\"@type\":\"ImageObject\",\"@id\":\"https:\\\/\\\/www.immo-invest.ch\\\/fr\\\/un-nouveau-quartier-a-louest-de-lausanne\\\/#authorImage\",\"url\":\"https:\\\/\\\/secure.gravatar.com\\\/avatar\\\/06170ea96b8a3858064b673f32a3be7eea87af70b386c45c30b87e38b9ee4780?s=96&d=mm&r=g\",\"width\":96,\"height\":96,\"caption\":\"immoinvadmin\"}},{\"@type\":\"WebPage\",\"@id\":\"https:\\\/\\\/www.immo-invest.ch\\\/fr\\\/un-nouveau-quartier-a-louest-de-lausanne\\\/#webpage\",\"url\":\"https:\\\/\\\/www.immo-invest.ch\\\/fr\\\/un-nouveau-quartier-a-louest-de-lausanne\\\/\",\"name\":\"Un nouveau quartier \\u00e0 l\\u2019ouest de Lausanne - immo!nvest - Die Plattform f\\u00fcr Standorte und Immobilien\",\"description\":\"Le projet, consultable sur le site de CFF Immobilier, pr\\u00e9voit de r\\u00e9partir dans les communes de Prilly et Renens une mixit\\u00e9 urbaine de bureaux, logements, commerces ainsi qu\\u2019un centre m\\u00e9dical. Les deux laur\\u00e9ats du concours d\\u2019architecture de 2018 poursuivront la planification du nouveau quartier avec les CFF, propri\\u00e9taires du foncier, expliquent les responsables du projet.\",\"inLanguage\":\"fr-FR\",\"isPartOf\":{\"@id\":\"https:\\\/\\\/www.immo-invest.ch\\\/fr\\\/#website\"},\"breadcrumb\":{\"@id\":\"https:\\\/\\\/www.immo-invest.ch\\\/fr\\\/un-nouveau-quartier-a-louest-de-lausanne\\\/#breadcrumblist\"},\"author\":{\"@id\":\"https:\\\/\\\/www.immo-invest.ch\\\/fr\\\/author\\\/immoinvadmin\\\/#author\"},\"creator\":{\"@id\":\"https:\\\/\\\/www.immo-invest.ch\\\/fr\\\/author\\\/immoinvadmin\\\/#author\"},\"image\":{\"@type\":\"ImageObject\",\"url\":\"https:\\\/\\\/www.immo-invest.ch\\\/wp-content\\\/uploads\\\/2020\\\/03\\\/04_4_Prily_Renens_Central_Malley.jpg\",\"@id\":\"https:\\\/\\\/www.immo-invest.ch\\\/fr\\\/un-nouveau-quartier-a-louest-de-lausanne\\\/#mainImage\",\"width\":710,\"height\":350},\"primaryImageOfPage\":{\"@id\":\"https:\\\/\\\/www.immo-invest.ch\\\/fr\\\/un-nouveau-quartier-a-louest-de-lausanne\\\/#mainImage\"},\"datePublished\":\"2019-07-29T15:39:00+02:00\",\"dateModified\":\"2020-04-14T06:14:09+02:00\"},{\"@type\":\"WebSite\",\"@id\":\"https:\\\/\\\/www.immo-invest.ch\\\/fr\\\/#website\",\"url\":\"https:\\\/\\\/www.immo-invest.ch\\\/fr\\\/\",\"name\":\"immo!nvest - Die Plattform f\\u00fcr Standorte und Immobilien\",\"description\":\"Die\\u00a0Plattform f\\u00fcr Standorte und Immobilien\",\"inLanguage\":\"fr-FR\",\"publisher\":{\"@id\":\"https:\\\/\\\/www.immo-invest.ch\\\/fr\\\/#organization\"}}]}\n\t\t<\/script>\n\t\t<!-- All in One SEO -->\n\n","aioseo_head_json":{"title":"Un nouveau quartier \u00e0 l\u2019ouest de Lausanne - immo!nvest - Die Plattform f\u00fcr Standorte und Immobilien","description":"Le projet, consultable sur le site de CFF Immobilier, pr\u00e9voit de r\u00e9partir dans les communes de Prilly et Renens une mixit\u00e9 urbaine de bureaux, logements, commerces ainsi qu\u2019un centre m\u00e9dical. Les deux laur\u00e9ats du concours d\u2019architecture de 2018 poursuivront la planification du nouveau quartier avec les CFF, propri\u00e9taires du foncier, expliquent les responsables du projet.","canonical_url":"https:\/\/www.immo-invest.ch\/fr\/un-nouveau-quartier-a-louest-de-lausanne\/","robots":"max-image-preview:large","keywords":"","webmasterTools":{"google-site-verification":"fHJKvgWpZCR2zVBHWfkQeFXC11qieUSff0HGNYfuyLA","miscellaneous":""},"schema":{"@context":"https:\/\/schema.org","@graph":[{"@type":"BlogPosting","@id":"https:\/\/www.immo-invest.ch\/fr\/un-nouveau-quartier-a-louest-de-lausanne\/#blogposting","name":"Un nouveau quartier \u00e0 l\u2019ouest de Lausanne - immo!nvest - Die Plattform f\u00fcr Standorte und Immobilien","headline":"Un nouveau quartier \u00e0 l\u2019ouest de Lausanne","author":{"@id":"https:\/\/www.immo-invest.ch\/fr\/author\/immoinvadmin\/#author"},"publisher":{"@id":"https:\/\/www.immo-invest.ch\/fr\/#organization"},"image":{"@type":"ImageObject","url":"https:\/\/www.immo-invest.ch\/wp-content\/uploads\/2020\/03\/04_4_Prily_Renens_Central_Malley.jpg","width":710,"height":350},"datePublished":"2019-07-29T15:39:00+02:00","dateModified":"2020-04-14T06:14:09+02:00","inLanguage":"fr-FR","mainEntityOfPage":{"@id":"https:\/\/www.immo-invest.ch\/fr\/un-nouveau-quartier-a-louest-de-lausanne\/#webpage"},"isPartOf":{"@id":"https:\/\/www.immo-invest.ch\/fr\/un-nouveau-quartier-a-louest-de-lausanne\/#webpage"},"articleSection":"Projects, Facultatif"},{"@type":"BreadcrumbList","@id":"https:\/\/www.immo-invest.ch\/fr\/un-nouveau-quartier-a-louest-de-lausanne\/#breadcrumblist","itemListElement":[{"@type":"ListItem","@id":"https:\/\/www.immo-invest.ch\/fr\/#listItem","position":1,"name":"Home","item":"https:\/\/www.immo-invest.ch\/fr\/","nextItem":{"@type":"ListItem","@id":"https:\/\/www.immo-invest.ch\/fr\/categories\/projects\/#listItem","name":"Projects"}},{"@type":"ListItem","@id":"https:\/\/www.immo-invest.ch\/fr\/categories\/projects\/#listItem","position":2,"name":"Projects","item":"https:\/\/www.immo-invest.ch\/fr\/categories\/projects\/","nextItem":{"@type":"ListItem","@id":"https:\/\/www.immo-invest.ch\/fr\/un-nouveau-quartier-a-louest-de-lausanne\/#listItem","name":"Un nouveau quartier \u00e0 l\u2019ouest de Lausanne"},"previousItem":{"@type":"ListItem","@id":"https:\/\/www.immo-invest.ch\/fr\/#listItem","name":"Home"}},{"@type":"ListItem","@id":"https:\/\/www.immo-invest.ch\/fr\/un-nouveau-quartier-a-louest-de-lausanne\/#listItem","position":3,"name":"Un nouveau quartier \u00e0 l\u2019ouest de Lausanne","previousItem":{"@type":"ListItem","@id":"https:\/\/www.immo-invest.ch\/fr\/categories\/projects\/#listItem","name":"Projects"}}]},{"@type":"Organization","@id":"https:\/\/www.immo-invest.ch\/fr\/#organization","name":"immo!nvest - Die Plattform f\u00fcr Standorte und Immobilien","description":"Die\u00a0Plattform f\u00fcr Standorte und Immobilien","url":"https:\/\/www.immo-invest.ch\/fr\/","email":"admin@immomedia.ag","telephone":"+41444420002","logo":{"@type":"ImageObject","url":"https:\/\/www.immo-invest.ch\/wp-content\/uploads\/2024\/09\/immoinvest_sm-scaled.jpg","@id":"https:\/\/www.immo-invest.ch\/fr\/un-nouveau-quartier-a-louest-de-lausanne\/#organizationLogo","width":2560,"height":1340},"image":{"@id":"https:\/\/www.immo-invest.ch\/fr\/un-nouveau-quartier-a-louest-de-lausanne\/#organizationLogo"},"sameAs":["https:\/\/www.facebook.com\/people\/Immoinvest\/100077962920504\/","https:\/\/x.com\/i\/flow\/login?redirect_after_login=immoinvest_ch","https:\/\/www.instagram.com\/immoinvest_ch\/","https:\/\/www.linkedin.com\/company\/immoinvest-swiss"]},{"@type":"Person","@id":"https:\/\/www.immo-invest.ch\/fr\/author\/immoinvadmin\/#author","url":"https:\/\/www.immo-invest.ch\/fr\/author\/immoinvadmin\/","name":"immoinvadmin","image":{"@type":"ImageObject","@id":"https:\/\/www.immo-invest.ch\/fr\/un-nouveau-quartier-a-louest-de-lausanne\/#authorImage","url":"https:\/\/secure.gravatar.com\/avatar\/06170ea96b8a3858064b673f32a3be7eea87af70b386c45c30b87e38b9ee4780?s=96&d=mm&r=g","width":96,"height":96,"caption":"immoinvadmin"}},{"@type":"WebPage","@id":"https:\/\/www.immo-invest.ch\/fr\/un-nouveau-quartier-a-louest-de-lausanne\/#webpage","url":"https:\/\/www.immo-invest.ch\/fr\/un-nouveau-quartier-a-louest-de-lausanne\/","name":"Un nouveau quartier \u00e0 l\u2019ouest de Lausanne - immo!nvest - Die Plattform f\u00fcr Standorte und Immobilien","description":"Le projet, consultable sur le site de CFF Immobilier, pr\u00e9voit de r\u00e9partir dans les communes de Prilly et Renens une mixit\u00e9 urbaine de bureaux, logements, commerces ainsi qu\u2019un centre m\u00e9dical. Les deux laur\u00e9ats du concours d\u2019architecture de 2018 poursuivront la planification du nouveau quartier avec les CFF, propri\u00e9taires du foncier, expliquent les responsables du projet.","inLanguage":"fr-FR","isPartOf":{"@id":"https:\/\/www.immo-invest.ch\/fr\/#website"},"breadcrumb":{"@id":"https:\/\/www.immo-invest.ch\/fr\/un-nouveau-quartier-a-louest-de-lausanne\/#breadcrumblist"},"author":{"@id":"https:\/\/www.immo-invest.ch\/fr\/author\/immoinvadmin\/#author"},"creator":{"@id":"https:\/\/www.immo-invest.ch\/fr\/author\/immoinvadmin\/#author"},"image":{"@type":"ImageObject","url":"https:\/\/www.immo-invest.ch\/wp-content\/uploads\/2020\/03\/04_4_Prily_Renens_Central_Malley.jpg","@id":"https:\/\/www.immo-invest.ch\/fr\/un-nouveau-quartier-a-louest-de-lausanne\/#mainImage","width":710,"height":350},"primaryImageOfPage":{"@id":"https:\/\/www.immo-invest.ch\/fr\/un-nouveau-quartier-a-louest-de-lausanne\/#mainImage"},"datePublished":"2019-07-29T15:39:00+02:00","dateModified":"2020-04-14T06:14:09+02:00"},{"@type":"WebSite","@id":"https:\/\/www.immo-invest.ch\/fr\/#website","url":"https:\/\/www.immo-invest.ch\/fr\/","name":"immo!nvest - Die Plattform f\u00fcr Standorte und Immobilien","description":"Die\u00a0Plattform f\u00fcr Standorte und Immobilien","inLanguage":"fr-FR","publisher":{"@id":"https:\/\/www.immo-invest.ch\/fr\/#organization"}}]},"og:locale":"fr_FR","og:site_name":"immo!nvest - Die Plattform f\u00fcr Standorte und Immobilien - Die\u00a0Plattform f\u00fcr Standorte und Immobilien","og:type":"article","og:title":"Un nouveau quartier \u00e0 l\u2019ouest de Lausanne - immo!nvest - Die Plattform f\u00fcr Standorte und Immobilien","og:description":"Le projet, consultable sur le site de CFF Immobilier, pr\u00e9voit de r\u00e9partir dans les communes de Prilly et Renens une mixit\u00e9 urbaine de bureaux, logements, commerces ainsi qu\u2019un centre m\u00e9dical. Les deux laur\u00e9ats du concours d\u2019architecture de 2018 poursuivront la planification du nouveau quartier avec les CFF, propri\u00e9taires du foncier, expliquent les responsables du projet.","og:url":"https:\/\/www.immo-invest.ch\/fr\/un-nouveau-quartier-a-louest-de-lausanne\/","og:image":"https:\/\/www.immo-invest.ch\/wp-content\/uploads\/2020\/03\/04_4_Prily_Renens_Central_Malley.jpg","og:image:secure_url":"https:\/\/www.immo-invest.ch\/wp-content\/uploads\/2020\/03\/04_4_Prily_Renens_Central_Malley.jpg","og:image:width":710,"og:image:height":350,"article:published_time":"2019-07-29T15:39:00+00:00","article:modified_time":"2020-04-14T06:14:09+00:00","article:publisher":"https:\/\/www.facebook.com\/people\/Immoinvest\/100077962920504\/","twitter:card":"summary_large_image","twitter:site":"@i","twitter:title":"Un nouveau quartier \u00e0 l\u2019ouest de Lausanne - immo!nvest - Die Plattform f\u00fcr Standorte und Immobilien","twitter:description":"Le projet, consultable sur le site de CFF Immobilier, pr\u00e9voit de r\u00e9partir dans les communes de Prilly et Renens une mixit\u00e9 urbaine de bureaux, logements, commerces ainsi qu\u2019un centre m\u00e9dical. Les deux laur\u00e9ats du concours d\u2019architecture de 2018 poursuivront la planification du nouveau quartier avec les CFF, propri\u00e9taires du foncier, expliquent les responsables du projet.","twitter:creator":"@i","twitter:image":"https:\/\/www.immo-invest.ch\/wp-content\/uploads\/2020\/03\/04_4_Prily_Renens_Central_Malley.jpg"},"aioseo_meta_data":{"post_id":"1663","title":null,"description":null,"keywords":null,"keyphrases":null,"primary_term":null,"canonical_url":null,"og_title":null,"og_description":null,"og_object_type":"default","og_image_type":"default","og_image_url":null,"og_image_width":null,"og_image_height":null,"og_image_custom_url":null,"og_image_custom_fields":null,"og_video":null,"og_custom_url":null,"og_article_section":null,"og_article_tags":null,"twitter_use_og":false,"twitter_card":"default","twitter_image_type":"default","twitter_image_url":null,"twitter_image_custom_url":null,"twitter_image_custom_fields":null,"twitter_title":null,"twitter_description":null,"schema":{"blockGraphs":[],"customGraphs":[],"default":{"data":{"Article":[],"Course":[],"Dataset":[],"FAQPage":[],"Movie":[],"Person":[],"Product":[],"ProductReview":[],"Car":[],"Recipe":[],"Service":[],"SoftwareApplication":[],"WebPage":[]},"graphName":"","isEnabled":true},"graphs":[]},"schema_type":"default","schema_type_options":null,"pillar_content":false,"robots_default":true,"robots_noindex":false,"robots_noarchive":false,"robots_nosnippet":false,"robots_nofollow":false,"robots_noimageindex":false,"robots_noodp":false,"robots_notranslate":false,"robots_max_snippet":null,"robots_max_videopreview":null,"robots_max_imagepreview":"large","priority":null,"frequency":null,"local_seo":null,"breadcrumb_settings":null,"limit_modified_date":false,"ai":null,"created":"2024-09-18 14:12:52","updated":"2025-10-21 12:27:58","seo_analyzer_scan_date":null,"focus_keyword":null,"additional_keywords":null,"truseo_locale":null},"aioseo_breadcrumb":"<div class=\"aioseo-breadcrumbs\"><span class=\"aioseo-breadcrumb\">\n\t\t\t<a href=\"https:\/\/www.immo-invest.ch\/fr\/\" title=\"Home\">Home<\/a>\n\t\t<\/span><span class=\"aioseo-breadcrumb-separator\">&raquo;<\/span><span class=\"aioseo-breadcrumb\">\n\t\t\t<a href=\"https:\/\/www.immo-invest.ch\/fr\/categories\/projects\/\" title=\"Projects\">Projects<\/a>\n\t\t<\/span><span class=\"aioseo-breadcrumb-separator\">&raquo;<\/span><span class=\"aioseo-breadcrumb\">\n\t\t\tUn nouveau quartier \u00e0 l\u2019ouest de Lausanne\n\t\t<\/span><\/div>","aioseo_breadcrumb_json":[{"label":"Home","link":"https:\/\/www.immo-invest.ch\/fr\/"},{"label":"Projects","link":"https:\/\/www.immo-invest.ch\/fr\/categories\/projects\/"},{"label":"Un nouveau quartier \u00e0 l\u2019ouest de Lausanne","link":"https:\/\/www.immo-invest.ch\/fr\/un-nouveau-quartier-a-louest-de-lausanne\/"}],"featured_image_src":"https:\/\/www.immo-invest.ch\/wp-content\/uploads\/2020\/03\/04_4_Prily_Renens_Central_Malley-150x150.jpg","_links":{"self":[{"href":"https:\/\/www.immo-invest.ch\/fr\/wp-json\/wp\/v2\/posts\/1663","targetHints":{"allow":["GET"]}}],"collection":[{"href":"https:\/\/www.immo-invest.ch\/fr\/wp-json\/wp\/v2\/posts"}],"about":[{"href":"https:\/\/www.immo-invest.ch\/fr\/wp-json\/wp\/v2\/types\/post"}],"author":[{"embeddable":true,"href":"https:\/\/www.immo-invest.ch\/fr\/wp-json\/wp\/v2\/users\/1"}],"replies":[{"embeddable":true,"href":"https:\/\/www.immo-invest.ch\/fr\/wp-json\/wp\/v2\/comments?post=1663"}],"version-history":[{"count":0,"href":"https:\/\/www.immo-invest.ch\/fr\/wp-json\/wp\/v2\/posts\/1663\/revisions"}],"wp:featuredmedia":[{"embeddable":true,"href":"https:\/\/www.immo-invest.ch\/fr\/wp-json\/wp\/v2\/media\/1664"}],"wp:attachment":[{"href":"https:\/\/www.immo-invest.ch\/fr\/wp-json\/wp\/v2\/media?parent=1663"}],"wp:term":[{"taxonomy":"category","embeddable":true,"href":"https:\/\/www.immo-invest.ch\/fr\/wp-json\/wp\/v2\/categories?post=1663"},{"taxonomy":"post_tag","embeddable":true,"href":"https:\/\/www.immo-invest.ch\/fr\/wp-json\/wp\/v2\/tags?post=1663"}],"curies":[{"name":"wp","href":"https:\/\/api.w.org\/{rel}","templated":true}]}}