{"id":164437,"date":"2026-09-05T14:00:00","date_gmt":"2026-09-05T12:00:00","guid":{"rendered":"https:\/\/www.immo-invest.ch\/?p=164437"},"modified":"2026-09-02T14:46:31","modified_gmt":"2026-09-02T12:46:31","slug":"westschweizer-zukaeufe-treiben-75-millionen-runde","status":"publish","type":"post","link":"https:\/\/www.immo-invest.ch\/fr\/westschweizer-zukaeufe-treiben-75-millionen-runde\/","title":{"rendered":"Les acquisitions en Suisse romande portent le montant total \u00e0 75 millions"},"content":{"rendered":"<p>La p&eacute;riode de souscription s&rsquo;&eacute;tend du 28 septembre au 2 octobre 2026. Il est possible de souscrire &agrave; de nouveaux droits et &agrave; des parts devenues disponibles. Le groupe de placement &laquo;ZAST Immobilier Suisse&raquo; entend ainsi mobiliser des fonds propres suppl&eacute;mentaires en vue de deux acquisitions d&eacute;j&agrave; identifi&eacute;es, situ&eacute;es dans les centres-villes de Gen&egrave;ve et de Lausanne.<\/p>\n<p>&Agrave; la fin de l&rsquo;ann&eacute;e 2025, les actifs du groupe de placement s&rsquo;&eacute;levaient &agrave; 897 millions de francs. Le rendement des placements a atteint 4,74 %, d&eacute;passant ainsi l&rsquo;indice de r&eacute;f&eacute;rence KGAST, qui s&rsquo;&eacute;tablit &agrave; 4,33 % pour ce groupe de placement. L&rsquo;acquisition annonc&eacute;e ne constitue donc pas une simple op&eacute;ration d&rsquo;entretien du portefeuille, mais la prochaine &eacute;tape d&rsquo;expansion d&rsquo;un portefeuille immobilier commercial d&eacute;j&agrave; bien d&eacute;velopp&eacute;.<\/p>\n<p><strong>Une part accrue pour les surfaces commerciales<br><\/strong>Selon Zurich Invest, ces deux biens immobiliers devraient augmenter la part des surfaces &agrave; usage commercial et renforcer la diversification r&eacute;gionale en Suisse romande. Pour les investisseurs institutionnels, il s&rsquo;agit avant tout d&rsquo;une question de rendement. Les immeubles commerciaux tr&egrave;s bien lou&eacute;s, situ&eacute;s dans des emplacements centraux, promettent des flux de tr&eacute;sorerie stables, tant que les baux, la qualit&eacute; des biens et l&rsquo;emplacement local sont favorables.<\/p>\n<p><strong>La restructuration du portefeuille se poursuit<br><\/strong>Parall&egrave;lement, le groupe d&rsquo;investissement travaille sur ses biens existants. Sur la Z&uuml;richstrasse &agrave; D&uuml;bendorf, environ deux tiers des surfaces ont d&eacute;j&agrave; &eacute;t&eacute; relou&eacute;s, apr&egrave;s que le bien immobilier est pass&eacute; d&rsquo;un concept &laquo; single-tenant &raquo; &agrave; un concept &laquo; multi-tenant &raquo;. Concernant la &laquo; Pyramide am See &raquo; &agrave; Zurich, Zurich Invest indique que les n&eacute;gociations finales sont en cours avec un candidat int&eacute;ress&eacute; par la location de l&rsquo;ensemble du bien. Du c&ocirc;t&eacute; des projets, l&rsquo;ach&egrave;vement des surfaces r&eacute;nov&eacute;es est annonc&eacute; pour le premier trimestre 2027.<\/p>\n<p>Pour le march&eacute; suisse des placements immobiliers indirects, le message est clair : les capitaux continuent de s&rsquo;orienter de mani&egrave;re cibl&eacute;e vers les emplacements commerciaux urbains lorsque la facilit&eacute; de location, la qualit&eacute; de l&rsquo;emplacement et les flux de tr&eacute;sorerie sont convaincants. Le fait que la lev&eacute;e de fonds pr&eacute;vue, d&rsquo;un montant de 75 millions de francs, soit relativement cibl&eacute;e montre &eacute;galement &agrave; quel point ces expansions sont d&eacute;sormais men&eacute;es de mani&egrave;re s&eacute;lective.<\/p>\n","protected":false},"excerpt":{"rendered":"<p>Gen\u00e8ve et Lausanne sont au c\u0153ur d&rsquo;une augmentation de capital pr\u00e9vue de 75 millions de francs. Ces fonds serviront \u00e0 acqu\u00e9rir deux immeubles commerciaux situ\u00e9s dans des emplacements de premier choix en Suisse romande et \u00e0 accro\u00eetre encore la part des immeubles commerciaux au sein d&rsquo;un portefeuille d&rsquo;une valeur de pr\u00e8s de 900 millions de francs.<\/p>\n","protected":false},"author":2,"featured_media":164438,"comment_status":"open","ping_status":"open","sticky":false,"template":"","format":"standard","meta":{"pmpro_default_level":"","inline_featured_image":false,"_monsterinsights_skip_tracking":false,"footnotes":""},"categories":[55967,47523,55964,55970,46427],"tags":[2685,61749,872,3931,1049,2002,4391],"class_list":["post-164437","post","type-post","status-publish","format-standard","has-post-thumbnail","hentry","category-fonds-immobiliers-reits-caisses-de-pension","category-genf-fr","category-strategies-de-financement","category-transactions-deals","category-waadt-fr","tag-genf-fr","tag-geschaftsliegenschaften","tag-immoinvest-fr","tag-immonews-fr","tag-lausanne-fr","tag-news-fr","tag-westschweiz-fr","pmpro-has-access"],"acf":{"bild_mit_ki_erstellt_worden":["Ja"],"lead":"Genf und Lausanne stehen im Zentrum einer geplanten Kapitalerh\u00f6hung von 75 Millionen Franken. Das Geld soll zwei Gesch\u00e4ftsliegenschaften in Westschweizer Toplagen sichern und den Gewerbeanteil eines fast 900 Millionen Franken schweren Portfolios weiter nach oben ziehen.","autor":"","ort":"","bildunterschrift":"","bild_im_grid":false,"gallerie":"","newsim":"3932"},"aioseo_notices":[],"aioseo_head":"\n\t\t<!-- All in One SEO 5.0.1.1 - aioseo.com -->\n\t<meta name=\"description\" content=\"Gen\u00e8ve et Lausanne sont au c\u0153ur d&#039;une augmentation de capital pr\u00e9vue de 75 millions de francs. Ces fonds serviront \u00e0 acqu\u00e9rir deux immeubles commerciaux situ\u00e9s dans des emplacements de premier choix en Suisse romande et \u00e0 accro\u00eetre encore la part des immeubles commerciaux au sein d&#039;un portefeuille d&#039;une valeur de pr\u00e8s de 900 millions de francs.\" \/>\n\t<meta name=\"robots\" content=\"max-image-preview:large\" \/>\n\t<meta name=\"author\" content=\"immovestuser\"\/>\n\t<meta name=\"google-site-verification\" content=\"fHJKvgWpZCR2zVBHWfkQeFXC11qieUSff0HGNYfuyLA\" \/>\n\t<link rel=\"canonical\" href=\"https:\/\/www.immo-invest.ch\/fr\/westschweizer-zukaeufe-treiben-75-millionen-runde\/\" \/>\n\t<meta name=\"generator\" content=\"All in One SEO (AIOSEO) 5.0.1.1\" \/>\n\t\t<meta property=\"og:locale\" content=\"fr_FR\" \/>\n\t\t<meta property=\"og:site_name\" content=\"immo!nvest - Die Plattform f\u00fcr Standorte und Immobilien - Die\u00a0Plattform f\u00fcr Standorte und Immobilien\" \/>\n\t\t<meta property=\"og:type\" content=\"article\" \/>\n\t\t<meta property=\"og:title\" content=\"Les acquisitions en Suisse romande portent le montant total \u00e0 75 millions - immo!nvest - Die Plattform f\u00fcr Standorte und Immobilien\" \/>\n\t\t<meta property=\"og:description\" content=\"Gen\u00e8ve et Lausanne sont au c\u0153ur d&#039;une augmentation de capital pr\u00e9vue de 75 millions de francs. Ces fonds serviront \u00e0 acqu\u00e9rir deux immeubles commerciaux situ\u00e9s dans des emplacements de premier choix en Suisse romande et \u00e0 accro\u00eetre encore la part des immeubles commerciaux au sein d&#039;un portefeuille d&#039;une valeur de pr\u00e8s de 900 millions de francs.\" \/>\n\t\t<meta property=\"og:url\" content=\"https:\/\/www.immo-invest.ch\/fr\/westschweizer-zukaeufe-treiben-75-millionen-runde\/\" \/>\n\t\t<meta property=\"og:image\" content=\"https:\/\/www.immo-invest.ch\/wp-content\/uploads\/2026\/09\/Westschweizer-Zukaeufe-treiben-75-Millionen-Runde-immo-invest.png\" \/>\n\t\t<meta property=\"og:image:secure_url\" content=\"https:\/\/www.immo-invest.ch\/wp-content\/uploads\/2026\/09\/Westschweizer-Zukaeufe-treiben-75-Millionen-Runde-immo-invest.png\" \/>\n\t\t<meta property=\"og:image:width\" content=\"1536\" \/>\n\t\t<meta property=\"og:image:height\" content=\"768\" \/>\n\t\t<meta property=\"article:published_time\" content=\"2026-09-05T12:00:00+00:00\" \/>\n\t\t<meta property=\"article:modified_time\" content=\"2026-09-02T12:46:31+00:00\" \/>\n\t\t<meta property=\"article:publisher\" content=\"https:\/\/www.facebook.com\/people\/Immoinvest\/100077962920504\/\" \/>\n\t\t<meta name=\"twitter:card\" content=\"summary_large_image\" \/>\n\t\t<meta name=\"twitter:site\" content=\"@i\" \/>\n\t\t<meta name=\"twitter:title\" content=\"Les acquisitions en Suisse romande portent le montant total \u00e0 75 millions - immo!nvest - Die Plattform f\u00fcr Standorte und Immobilien\" \/>\n\t\t<meta name=\"twitter:description\" content=\"Gen\u00e8ve et Lausanne sont au c\u0153ur d&#039;une augmentation de capital pr\u00e9vue de 75 millions de francs. Ces fonds serviront \u00e0 acqu\u00e9rir deux immeubles commerciaux situ\u00e9s dans des emplacements de premier choix en Suisse romande et \u00e0 accro\u00eetre encore la part des immeubles commerciaux au sein d&#039;un portefeuille d&#039;une valeur de pr\u00e8s de 900 millions de francs.\" \/>\n\t\t<meta name=\"twitter:creator\" content=\"@i\" \/>\n\t\t<meta name=\"twitter:image\" content=\"https:\/\/www.immo-invest.ch\/wp-content\/uploads\/2026\/09\/Westschweizer-Zukaeufe-treiben-75-Millionen-Runde-immo-invest.png\" \/>\n\t\t<script type=\"application\/ld+json\" class=\"aioseo-schema\">\n\t\t\t{\"@context\":\"https:\\\/\\\/schema.org\",\"@graph\":[{\"@type\":\"BlogPosting\",\"@id\":\"https:\\\/\\\/www.immo-invest.ch\\\/fr\\\/westschweizer-zukaeufe-treiben-75-millionen-runde\\\/#blogposting\",\"name\":\"Les acquisitions en Suisse romande portent le montant total \\u00e0 75 millions - immo!nvest - Die Plattform f\\u00fcr Standorte und Immobilien\",\"headline\":\"Les acquisitions en Suisse romande portent le montant total \\u00e0 75 millions\",\"author\":{\"@id\":\"https:\\\/\\\/www.immo-invest.ch\\\/fr\\\/author\\\/immovestuser\\\/#author\"},\"publisher\":{\"@id\":\"https:\\\/\\\/www.immo-invest.ch\\\/fr\\\/#organization\"},\"image\":{\"@type\":\"ImageObject\",\"url\":\"https:\\\/\\\/www.immo-invest.ch\\\/wp-content\\\/uploads\\\/2026\\\/09\\\/Westschweizer-Zukaeufe-treiben-75-Millionen-Runde-immo-invest.png\",\"width\":1536,\"height\":768},\"datePublished\":\"2026-09-05T14:00:00+02:00\",\"dateModified\":\"2026-09-02T14:46:31+02:00\",\"inLanguage\":\"fr-FR\",\"mainEntityOfPage\":{\"@id\":\"https:\\\/\\\/www.immo-invest.ch\\\/fr\\\/westschweizer-zukaeufe-treiben-75-millionen-runde\\\/#webpage\"},\"isPartOf\":{\"@id\":\"https:\\\/\\\/www.immo-invest.ch\\\/fr\\\/westschweizer-zukaeufe-treiben-75-millionen-runde\\\/#webpage\"},\"articleSection\":\"Fonds immobiliers \\\/ REITs \\\/ Caisses de pension, Genf, Strat\\u00e9gies de financement, Transactions \\\/ Deals, Waadt, Genf, Gesch\\u00e4ftsliegenschaften, Immoinvest, immoNews, Lausanne, News, Westschweiz, Facultatif\"},{\"@type\":\"BreadcrumbList\",\"@id\":\"https:\\\/\\\/www.immo-invest.ch\\\/fr\\\/westschweizer-zukaeufe-treiben-75-millionen-runde\\\/#breadcrumblist\",\"itemListElement\":[{\"@type\":\"ListItem\",\"@id\":\"https:\\\/\\\/www.immo-invest.ch\\\/fr\\\/#listItem\",\"position\":1,\"name\":\"Home\",\"item\":\"https:\\\/\\\/www.immo-invest.ch\\\/fr\\\/\",\"nextItem\":{\"@type\":\"ListItem\",\"@id\":\"https:\\\/\\\/www.immo-invest.ch\\\/fr\\\/categories\\\/regions\\\/#listItem\",\"name\":\"R\\u00e9gions\"}},{\"@type\":\"ListItem\",\"@id\":\"https:\\\/\\\/www.immo-invest.ch\\\/fr\\\/categories\\\/regions\\\/#listItem\",\"position\":2,\"name\":\"R\\u00e9gions\",\"item\":\"https:\\\/\\\/www.immo-invest.ch\\\/fr\\\/categories\\\/regions\\\/\",\"nextItem\":{\"@type\":\"ListItem\",\"@id\":\"https:\\\/\\\/www.immo-invest.ch\\\/fr\\\/categories\\\/regions\\\/suisse\\\/#listItem\",\"name\":\"Suisse\"},\"previousItem\":{\"@type\":\"ListItem\",\"@id\":\"https:\\\/\\\/www.immo-invest.ch\\\/fr\\\/#listItem\",\"name\":\"Home\"}},{\"@type\":\"ListItem\",\"@id\":\"https:\\\/\\\/www.immo-invest.ch\\\/fr\\\/categories\\\/regions\\\/suisse\\\/#listItem\",\"position\":3,\"name\":\"Suisse\",\"item\":\"https:\\\/\\\/www.immo-invest.ch\\\/fr\\\/categories\\\/regions\\\/suisse\\\/\",\"nextItem\":{\"@type\":\"ListItem\",\"@id\":\"https:\\\/\\\/www.immo-invest.ch\\\/fr\\\/categories\\\/regions\\\/suisse\\\/region-lemanique\\\/#listItem\",\"name\":\"R\\u00e9gion l\\u00e9manique\"},\"previousItem\":{\"@type\":\"ListItem\",\"@id\":\"https:\\\/\\\/www.immo-invest.ch\\\/fr\\\/categories\\\/regions\\\/#listItem\",\"name\":\"R\\u00e9gions\"}},{\"@type\":\"ListItem\",\"@id\":\"https:\\\/\\\/www.immo-invest.ch\\\/fr\\\/categories\\\/regions\\\/suisse\\\/region-lemanique\\\/#listItem\",\"position\":4,\"name\":\"R\\u00e9gion l\\u00e9manique\",\"item\":\"https:\\\/\\\/www.immo-invest.ch\\\/fr\\\/categories\\\/regions\\\/suisse\\\/region-lemanique\\\/\",\"nextItem\":{\"@type\":\"ListItem\",\"@id\":\"https:\\\/\\\/www.immo-invest.ch\\\/fr\\\/categories\\\/regions\\\/suisse\\\/region-lemanique\\\/waadt-fr\\\/#listItem\",\"name\":\"Waadt\"},\"previousItem\":{\"@type\":\"ListItem\",\"@id\":\"https:\\\/\\\/www.immo-invest.ch\\\/fr\\\/categories\\\/regions\\\/suisse\\\/#listItem\",\"name\":\"Suisse\"}},{\"@type\":\"ListItem\",\"@id\":\"https:\\\/\\\/www.immo-invest.ch\\\/fr\\\/categories\\\/regions\\\/suisse\\\/region-lemanique\\\/waadt-fr\\\/#listItem\",\"position\":5,\"name\":\"Waadt\",\"item\":\"https:\\\/\\\/www.immo-invest.ch\\\/fr\\\/categories\\\/regions\\\/suisse\\\/region-lemanique\\\/waadt-fr\\\/\",\"nextItem\":{\"@type\":\"ListItem\",\"@id\":\"https:\\\/\\\/www.immo-invest.ch\\\/fr\\\/westschweizer-zukaeufe-treiben-75-millionen-runde\\\/#listItem\",\"name\":\"Les acquisitions en Suisse romande portent le montant total \\u00e0 75 millions\"},\"previousItem\":{\"@type\":\"ListItem\",\"@id\":\"https:\\\/\\\/www.immo-invest.ch\\\/fr\\\/categories\\\/regions\\\/suisse\\\/region-lemanique\\\/#listItem\",\"name\":\"R\\u00e9gion l\\u00e9manique\"}},{\"@type\":\"ListItem\",\"@id\":\"https:\\\/\\\/www.immo-invest.ch\\\/fr\\\/westschweizer-zukaeufe-treiben-75-millionen-runde\\\/#listItem\",\"position\":6,\"name\":\"Les acquisitions en Suisse romande portent le montant total \\u00e0 75 millions\",\"previousItem\":{\"@type\":\"ListItem\",\"@id\":\"https:\\\/\\\/www.immo-invest.ch\\\/fr\\\/categories\\\/regions\\\/suisse\\\/region-lemanique\\\/waadt-fr\\\/#listItem\",\"name\":\"Waadt\"}}]},{\"@type\":\"Organization\",\"@id\":\"https:\\\/\\\/www.immo-invest.ch\\\/fr\\\/#organization\",\"name\":\"immo!nvest - Die Plattform f\\u00fcr Standorte und Immobilien\",\"description\":\"Die\\u00a0Plattform f\\u00fcr Standorte und Immobilien\",\"url\":\"https:\\\/\\\/www.immo-invest.ch\\\/fr\\\/\",\"email\":\"admin@immomedia.ag\",\"telephone\":\"+41444420002\",\"logo\":{\"@type\":\"ImageObject\",\"url\":\"https:\\\/\\\/www.immo-invest.ch\\\/wp-content\\\/uploads\\\/2024\\\/09\\\/immoinvest_sm-scaled.jpg\",\"@id\":\"https:\\\/\\\/www.immo-invest.ch\\\/fr\\\/westschweizer-zukaeufe-treiben-75-millionen-runde\\\/#organizationLogo\",\"width\":2560,\"height\":1340},\"image\":{\"@id\":\"https:\\\/\\\/www.immo-invest.ch\\\/fr\\\/westschweizer-zukaeufe-treiben-75-millionen-runde\\\/#organizationLogo\"},\"sameAs\":[\"https:\\\/\\\/www.facebook.com\\\/people\\\/Immoinvest\\\/100077962920504\\\/\",\"https:\\\/\\\/x.com\\\/i\\\/flow\\\/login?redirect_after_login=immoinvest_ch\",\"https:\\\/\\\/www.instagram.com\\\/immoinvest_ch\\\/\",\"https:\\\/\\\/www.linkedin.com\\\/company\\\/immoinvest-swiss\"]},{\"@type\":\"Person\",\"@id\":\"https:\\\/\\\/www.immo-invest.ch\\\/fr\\\/author\\\/immovestuser\\\/#author\",\"url\":\"https:\\\/\\\/www.immo-invest.ch\\\/fr\\\/author\\\/immovestuser\\\/\",\"name\":\"immovestuser\",\"image\":{\"@type\":\"ImageObject\",\"@id\":\"https:\\\/\\\/www.immo-invest.ch\\\/fr\\\/westschweizer-zukaeufe-treiben-75-millionen-runde\\\/#authorImage\",\"url\":\"https:\\\/\\\/secure.gravatar.com\\\/avatar\\\/8e01f4d99f2eeea7a362ebb93305e1172a70e9293ba250f897a65c39f54cdd1e?s=96&d=mm&r=g\",\"width\":96,\"height\":96,\"caption\":\"immovestuser\"}},{\"@type\":\"WebPage\",\"@id\":\"https:\\\/\\\/www.immo-invest.ch\\\/fr\\\/westschweizer-zukaeufe-treiben-75-millionen-runde\\\/#webpage\",\"url\":\"https:\\\/\\\/www.immo-invest.ch\\\/fr\\\/westschweizer-zukaeufe-treiben-75-millionen-runde\\\/\",\"name\":\"Les acquisitions en Suisse romande portent le montant total \\u00e0 75 millions - immo!nvest - Die Plattform f\\u00fcr Standorte und Immobilien\",\"description\":\"Gen\\u00e8ve et Lausanne sont au c\\u0153ur d'une augmentation de capital pr\\u00e9vue de 75 millions de francs. Ces fonds serviront \\u00e0 acqu\\u00e9rir deux immeubles commerciaux situ\\u00e9s dans des emplacements de premier choix en Suisse romande et \\u00e0 accro\\u00eetre encore la part des immeubles commerciaux au sein d'un portefeuille d'une valeur de pr\\u00e8s de 900 millions de francs.\",\"inLanguage\":\"fr-FR\",\"isPartOf\":{\"@id\":\"https:\\\/\\\/www.immo-invest.ch\\\/fr\\\/#website\"},\"breadcrumb\":{\"@id\":\"https:\\\/\\\/www.immo-invest.ch\\\/fr\\\/westschweizer-zukaeufe-treiben-75-millionen-runde\\\/#breadcrumblist\"},\"author\":{\"@id\":\"https:\\\/\\\/www.immo-invest.ch\\\/fr\\\/author\\\/immovestuser\\\/#author\"},\"creator\":{\"@id\":\"https:\\\/\\\/www.immo-invest.ch\\\/fr\\\/author\\\/immovestuser\\\/#author\"},\"image\":{\"@type\":\"ImageObject\",\"url\":\"https:\\\/\\\/www.immo-invest.ch\\\/wp-content\\\/uploads\\\/2026\\\/09\\\/Westschweizer-Zukaeufe-treiben-75-Millionen-Runde-immo-invest.png\",\"@id\":\"https:\\\/\\\/www.immo-invest.ch\\\/fr\\\/westschweizer-zukaeufe-treiben-75-millionen-runde\\\/#mainImage\",\"width\":1536,\"height\":768},\"primaryImageOfPage\":{\"@id\":\"https:\\\/\\\/www.immo-invest.ch\\\/fr\\\/westschweizer-zukaeufe-treiben-75-millionen-runde\\\/#mainImage\"},\"datePublished\":\"2026-09-05T14:00:00+02:00\",\"dateModified\":\"2026-09-02T14:46:31+02:00\"},{\"@type\":\"WebSite\",\"@id\":\"https:\\\/\\\/www.immo-invest.ch\\\/fr\\\/#website\",\"url\":\"https:\\\/\\\/www.immo-invest.ch\\\/fr\\\/\",\"name\":\"immo!nvest - Die Plattform f\\u00fcr Standorte und Immobilien\",\"description\":\"Die\\u00a0Plattform f\\u00fcr Standorte und Immobilien\",\"inLanguage\":\"fr-FR\",\"publisher\":{\"@id\":\"https:\\\/\\\/www.immo-invest.ch\\\/fr\\\/#organization\"}}]}\n\t\t<\/script>\n\t\t<!-- All in One SEO -->\n\n","aioseo_head_json":{"title":"Les acquisitions en Suisse romande portent le montant total \u00e0 75 millions - immo!nvest - Die Plattform f\u00fcr Standorte und Immobilien","description":"Gen\u00e8ve et Lausanne sont au c\u0153ur d'une augmentation de capital pr\u00e9vue de 75 millions de francs. Ces fonds serviront \u00e0 acqu\u00e9rir deux immeubles commerciaux situ\u00e9s dans des emplacements de premier choix en Suisse romande et \u00e0 accro\u00eetre encore la part des immeubles commerciaux au sein d'un portefeuille d'une valeur de pr\u00e8s de 900 millions de francs.","canonical_url":"https:\/\/www.immo-invest.ch\/fr\/westschweizer-zukaeufe-treiben-75-millionen-runde\/","robots":"max-image-preview:large","keywords":"","webmasterTools":{"google-site-verification":"fHJKvgWpZCR2zVBHWfkQeFXC11qieUSff0HGNYfuyLA","miscellaneous":""},"schema":{"@context":"https:\/\/schema.org","@graph":[{"@type":"BlogPosting","@id":"https:\/\/www.immo-invest.ch\/fr\/westschweizer-zukaeufe-treiben-75-millionen-runde\/#blogposting","name":"Les acquisitions en Suisse romande portent le montant total \u00e0 75 millions - immo!nvest - Die Plattform f\u00fcr Standorte und Immobilien","headline":"Les acquisitions en Suisse romande portent le montant total \u00e0 75 millions","author":{"@id":"https:\/\/www.immo-invest.ch\/fr\/author\/immovestuser\/#author"},"publisher":{"@id":"https:\/\/www.immo-invest.ch\/fr\/#organization"},"image":{"@type":"ImageObject","url":"https:\/\/www.immo-invest.ch\/wp-content\/uploads\/2026\/09\/Westschweizer-Zukaeufe-treiben-75-Millionen-Runde-immo-invest.png","width":1536,"height":768},"datePublished":"2026-09-05T14:00:00+02:00","dateModified":"2026-09-02T14:46:31+02:00","inLanguage":"fr-FR","mainEntityOfPage":{"@id":"https:\/\/www.immo-invest.ch\/fr\/westschweizer-zukaeufe-treiben-75-millionen-runde\/#webpage"},"isPartOf":{"@id":"https:\/\/www.immo-invest.ch\/fr\/westschweizer-zukaeufe-treiben-75-millionen-runde\/#webpage"},"articleSection":"Fonds immobiliers \/ REITs \/ Caisses de pension, Genf, Strat\u00e9gies de financement, Transactions \/ Deals, Waadt, Genf, Gesch\u00e4ftsliegenschaften, Immoinvest, immoNews, Lausanne, News, Westschweiz, Facultatif"},{"@type":"BreadcrumbList","@id":"https:\/\/www.immo-invest.ch\/fr\/westschweizer-zukaeufe-treiben-75-millionen-runde\/#breadcrumblist","itemListElement":[{"@type":"ListItem","@id":"https:\/\/www.immo-invest.ch\/fr\/#listItem","position":1,"name":"Home","item":"https:\/\/www.immo-invest.ch\/fr\/","nextItem":{"@type":"ListItem","@id":"https:\/\/www.immo-invest.ch\/fr\/categories\/regions\/#listItem","name":"R\u00e9gions"}},{"@type":"ListItem","@id":"https:\/\/www.immo-invest.ch\/fr\/categories\/regions\/#listItem","position":2,"name":"R\u00e9gions","item":"https:\/\/www.immo-invest.ch\/fr\/categories\/regions\/","nextItem":{"@type":"ListItem","@id":"https:\/\/www.immo-invest.ch\/fr\/categories\/regions\/suisse\/#listItem","name":"Suisse"},"previousItem":{"@type":"ListItem","@id":"https:\/\/www.immo-invest.ch\/fr\/#listItem","name":"Home"}},{"@type":"ListItem","@id":"https:\/\/www.immo-invest.ch\/fr\/categories\/regions\/suisse\/#listItem","position":3,"name":"Suisse","item":"https:\/\/www.immo-invest.ch\/fr\/categories\/regions\/suisse\/","nextItem":{"@type":"ListItem","@id":"https:\/\/www.immo-invest.ch\/fr\/categories\/regions\/suisse\/region-lemanique\/#listItem","name":"R\u00e9gion l\u00e9manique"},"previousItem":{"@type":"ListItem","@id":"https:\/\/www.immo-invest.ch\/fr\/categories\/regions\/#listItem","name":"R\u00e9gions"}},{"@type":"ListItem","@id":"https:\/\/www.immo-invest.ch\/fr\/categories\/regions\/suisse\/region-lemanique\/#listItem","position":4,"name":"R\u00e9gion l\u00e9manique","item":"https:\/\/www.immo-invest.ch\/fr\/categories\/regions\/suisse\/region-lemanique\/","nextItem":{"@type":"ListItem","@id":"https:\/\/www.immo-invest.ch\/fr\/categories\/regions\/suisse\/region-lemanique\/waadt-fr\/#listItem","name":"Waadt"},"previousItem":{"@type":"ListItem","@id":"https:\/\/www.immo-invest.ch\/fr\/categories\/regions\/suisse\/#listItem","name":"Suisse"}},{"@type":"ListItem","@id":"https:\/\/www.immo-invest.ch\/fr\/categories\/regions\/suisse\/region-lemanique\/waadt-fr\/#listItem","position":5,"name":"Waadt","item":"https:\/\/www.immo-invest.ch\/fr\/categories\/regions\/suisse\/region-lemanique\/waadt-fr\/","nextItem":{"@type":"ListItem","@id":"https:\/\/www.immo-invest.ch\/fr\/westschweizer-zukaeufe-treiben-75-millionen-runde\/#listItem","name":"Les acquisitions en Suisse romande portent le montant total \u00e0 75 millions"},"previousItem":{"@type":"ListItem","@id":"https:\/\/www.immo-invest.ch\/fr\/categories\/regions\/suisse\/region-lemanique\/#listItem","name":"R\u00e9gion l\u00e9manique"}},{"@type":"ListItem","@id":"https:\/\/www.immo-invest.ch\/fr\/westschweizer-zukaeufe-treiben-75-millionen-runde\/#listItem","position":6,"name":"Les acquisitions en Suisse romande portent le montant total \u00e0 75 millions","previousItem":{"@type":"ListItem","@id":"https:\/\/www.immo-invest.ch\/fr\/categories\/regions\/suisse\/region-lemanique\/waadt-fr\/#listItem","name":"Waadt"}}]},{"@type":"Organization","@id":"https:\/\/www.immo-invest.ch\/fr\/#organization","name":"immo!nvest - Die Plattform f\u00fcr Standorte und Immobilien","description":"Die\u00a0Plattform f\u00fcr Standorte und Immobilien","url":"https:\/\/www.immo-invest.ch\/fr\/","email":"admin@immomedia.ag","telephone":"+41444420002","logo":{"@type":"ImageObject","url":"https:\/\/www.immo-invest.ch\/wp-content\/uploads\/2024\/09\/immoinvest_sm-scaled.jpg","@id":"https:\/\/www.immo-invest.ch\/fr\/westschweizer-zukaeufe-treiben-75-millionen-runde\/#organizationLogo","width":2560,"height":1340},"image":{"@id":"https:\/\/www.immo-invest.ch\/fr\/westschweizer-zukaeufe-treiben-75-millionen-runde\/#organizationLogo"},"sameAs":["https:\/\/www.facebook.com\/people\/Immoinvest\/100077962920504\/","https:\/\/x.com\/i\/flow\/login?redirect_after_login=immoinvest_ch","https:\/\/www.instagram.com\/immoinvest_ch\/","https:\/\/www.linkedin.com\/company\/immoinvest-swiss"]},{"@type":"Person","@id":"https:\/\/www.immo-invest.ch\/fr\/author\/immovestuser\/#author","url":"https:\/\/www.immo-invest.ch\/fr\/author\/immovestuser\/","name":"immovestuser","image":{"@type":"ImageObject","@id":"https:\/\/www.immo-invest.ch\/fr\/westschweizer-zukaeufe-treiben-75-millionen-runde\/#authorImage","url":"https:\/\/secure.gravatar.com\/avatar\/8e01f4d99f2eeea7a362ebb93305e1172a70e9293ba250f897a65c39f54cdd1e?s=96&d=mm&r=g","width":96,"height":96,"caption":"immovestuser"}},{"@type":"WebPage","@id":"https:\/\/www.immo-invest.ch\/fr\/westschweizer-zukaeufe-treiben-75-millionen-runde\/#webpage","url":"https:\/\/www.immo-invest.ch\/fr\/westschweizer-zukaeufe-treiben-75-millionen-runde\/","name":"Les acquisitions en Suisse romande portent le montant total \u00e0 75 millions - immo!nvest - Die Plattform f\u00fcr Standorte und Immobilien","description":"Gen\u00e8ve et Lausanne sont au c\u0153ur d'une augmentation de capital pr\u00e9vue de 75 millions de francs. Ces fonds serviront \u00e0 acqu\u00e9rir deux immeubles commerciaux situ\u00e9s dans des emplacements de premier choix en Suisse romande et \u00e0 accro\u00eetre encore la part des immeubles commerciaux au sein d'un portefeuille d'une valeur de pr\u00e8s de 900 millions de francs.","inLanguage":"fr-FR","isPartOf":{"@id":"https:\/\/www.immo-invest.ch\/fr\/#website"},"breadcrumb":{"@id":"https:\/\/www.immo-invest.ch\/fr\/westschweizer-zukaeufe-treiben-75-millionen-runde\/#breadcrumblist"},"author":{"@id":"https:\/\/www.immo-invest.ch\/fr\/author\/immovestuser\/#author"},"creator":{"@id":"https:\/\/www.immo-invest.ch\/fr\/author\/immovestuser\/#author"},"image":{"@type":"ImageObject","url":"https:\/\/www.immo-invest.ch\/wp-content\/uploads\/2026\/09\/Westschweizer-Zukaeufe-treiben-75-Millionen-Runde-immo-invest.png","@id":"https:\/\/www.immo-invest.ch\/fr\/westschweizer-zukaeufe-treiben-75-millionen-runde\/#mainImage","width":1536,"height":768},"primaryImageOfPage":{"@id":"https:\/\/www.immo-invest.ch\/fr\/westschweizer-zukaeufe-treiben-75-millionen-runde\/#mainImage"},"datePublished":"2026-09-05T14:00:00+02:00","dateModified":"2026-09-02T14:46:31+02:00"},{"@type":"WebSite","@id":"https:\/\/www.immo-invest.ch\/fr\/#website","url":"https:\/\/www.immo-invest.ch\/fr\/","name":"immo!nvest - Die Plattform f\u00fcr Standorte und Immobilien","description":"Die\u00a0Plattform f\u00fcr Standorte und Immobilien","inLanguage":"fr-FR","publisher":{"@id":"https:\/\/www.immo-invest.ch\/fr\/#organization"}}]},"og:locale":"fr_FR","og:site_name":"immo!nvest - Die Plattform f\u00fcr Standorte und Immobilien - Die\u00a0Plattform f\u00fcr Standorte und Immobilien","og:type":"article","og:title":"Les acquisitions en Suisse romande portent le montant total \u00e0 75 millions - immo!nvest - Die Plattform f\u00fcr Standorte und Immobilien","og:description":"Gen\u00e8ve et Lausanne sont au c\u0153ur d'une augmentation de capital pr\u00e9vue de 75 millions de francs. Ces fonds serviront \u00e0 acqu\u00e9rir deux immeubles commerciaux situ\u00e9s dans des emplacements de premier choix en Suisse romande et \u00e0 accro\u00eetre encore la part des immeubles commerciaux au sein d'un portefeuille d'une valeur de pr\u00e8s de 900 millions de francs.","og:url":"https:\/\/www.immo-invest.ch\/fr\/westschweizer-zukaeufe-treiben-75-millionen-runde\/","og:image":"https:\/\/www.immo-invest.ch\/wp-content\/uploads\/2026\/09\/Westschweizer-Zukaeufe-treiben-75-Millionen-Runde-immo-invest.png","og:image:secure_url":"https:\/\/www.immo-invest.ch\/wp-content\/uploads\/2026\/09\/Westschweizer-Zukaeufe-treiben-75-Millionen-Runde-immo-invest.png","og:image:width":1536,"og:image:height":768,"article:published_time":"2026-09-05T12:00:00+00:00","article:modified_time":"2026-09-02T12:46:31+00:00","article:publisher":"https:\/\/www.facebook.com\/people\/Immoinvest\/100077962920504\/","twitter:card":"summary_large_image","twitter:site":"@i","twitter:title":"Les acquisitions en Suisse romande portent le montant total \u00e0 75 millions - immo!nvest - Die Plattform f\u00fcr Standorte und Immobilien","twitter:description":"Gen\u00e8ve et Lausanne sont au c\u0153ur d'une augmentation de capital pr\u00e9vue de 75 millions de francs. Ces fonds serviront \u00e0 acqu\u00e9rir deux immeubles commerciaux situ\u00e9s dans des emplacements de premier choix en Suisse romande et \u00e0 accro\u00eetre encore la part des immeubles commerciaux au sein d'un portefeuille d'une valeur de pr\u00e8s de 900 millions de francs.","twitter:creator":"@i","twitter:image":"https:\/\/www.immo-invest.ch\/wp-content\/uploads\/2026\/09\/Westschweizer-Zukaeufe-treiben-75-Millionen-Runde-immo-invest.png"},"aioseo_meta_data":{"post_id":"164437","title":null,"description":null,"keywords":null,"keyphrases":null,"primary_term":null,"canonical_url":null,"og_title":null,"og_description":null,"og_object_type":"default","og_image_type":"default","og_image_url":null,"og_image_width":null,"og_image_height":null,"og_image_custom_url":null,"og_image_custom_fields":null,"og_video":null,"og_custom_url":null,"og_article_section":null,"og_article_tags":null,"twitter_use_og":false,"twitter_card":"default","twitter_image_type":"default","twitter_image_url":null,"twitter_image_custom_url":null,"twitter_image_custom_fields":null,"twitter_title":null,"twitter_description":null,"schema":{"blockGraphs":[],"customGraphs":[],"default":{"data":{"Article":[],"Course":[],"Dataset":[],"FAQPage":[],"Movie":[],"Person":[],"Product":[],"ProductReview":[],"Car":[],"Recipe":[],"Service":[],"SoftwareApplication":[],"WebPage":[]},"graphName":"","isEnabled":true},"graphs":[]},"schema_type":"default","schema_type_options":null,"pillar_content":false,"robots_default":true,"robots_noindex":false,"robots_noarchive":false,"robots_nosnippet":false,"robots_nofollow":false,"robots_noimageindex":false,"robots_noodp":false,"robots_notranslate":false,"robots_max_snippet":null,"robots_max_videopreview":null,"robots_max_imagepreview":"large","priority":null,"frequency":null,"local_seo":null,"breadcrumb_settings":null,"limit_modified_date":false,"ai":null,"created":"2026-09-05 12:00:14","updated":"2026-09-05 12:00:14","seo_analyzer_scan_date":null,"focus_keyword":null,"additional_keywords":null,"truseo_locale":null},"aioseo_breadcrumb":"<div class=\"aioseo-breadcrumbs\"><span class=\"aioseo-breadcrumb\">\n\t\t\t<a href=\"https:\/\/www.immo-invest.ch\/fr\/\" title=\"Home\">Home<\/a>\n\t\t<\/span><span class=\"aioseo-breadcrumb-separator\">&raquo;<\/span><span class=\"aioseo-breadcrumb\">\n\t\t\t<a href=\"https:\/\/www.immo-invest.ch\/fr\/categories\/regions\/\" title=\"R\u00e9gions\">R\u00e9gions<\/a>\n\t\t<\/span><span class=\"aioseo-breadcrumb-separator\">&raquo;<\/span><span class=\"aioseo-breadcrumb\">\n\t\t\t<a href=\"https:\/\/www.immo-invest.ch\/fr\/categories\/regions\/suisse\/\" title=\"Suisse\">Suisse<\/a>\n\t\t<\/span><span class=\"aioseo-breadcrumb-separator\">&raquo;<\/span><span class=\"aioseo-breadcrumb\">\n\t\t\t<a href=\"https:\/\/www.immo-invest.ch\/fr\/categories\/regions\/suisse\/region-lemanique\/\" title=\"R\u00e9gion l\u00e9manique\">R\u00e9gion l\u00e9manique<\/a>\n\t\t<\/span><span class=\"aioseo-breadcrumb-separator\">&raquo;<\/span><span class=\"aioseo-breadcrumb\">\n\t\t\t<a href=\"https:\/\/www.immo-invest.ch\/fr\/categories\/regions\/suisse\/region-lemanique\/waadt-fr\/\" title=\"Waadt\">Waadt<\/a>\n\t\t<\/span><span class=\"aioseo-breadcrumb-separator\">&raquo;<\/span><span class=\"aioseo-breadcrumb\">\n\t\t\tLes acquisitions en Suisse romande portent le montant total \u00e0 75 millions\n\t\t<\/span><\/div>","aioseo_breadcrumb_json":[{"label":"Home","link":"https:\/\/www.immo-invest.ch\/fr\/"},{"label":"R\u00e9gions","link":"https:\/\/www.immo-invest.ch\/fr\/categories\/regions\/"},{"label":"Suisse","link":"https:\/\/www.immo-invest.ch\/fr\/categories\/regions\/suisse\/"},{"label":"R\u00e9gion l\u00e9manique","link":"https:\/\/www.immo-invest.ch\/fr\/categories\/regions\/suisse\/region-lemanique\/"},{"label":"Waadt","link":"https:\/\/www.immo-invest.ch\/fr\/categories\/regions\/suisse\/region-lemanique\/waadt-fr\/"},{"label":"Les acquisitions en Suisse romande portent le montant total \u00e0 75 millions","link":"https:\/\/www.immo-invest.ch\/fr\/westschweizer-zukaeufe-treiben-75-millionen-runde\/"}],"featured_image_src":"https:\/\/www.immo-invest.ch\/wp-content\/uploads\/2026\/09\/Westschweizer-Zukaeufe-treiben-75-Millionen-Runde-immo-invest-336x168.png","_links":{"self":[{"href":"https:\/\/www.immo-invest.ch\/fr\/wp-json\/wp\/v2\/posts\/164437","targetHints":{"allow":["GET"]}}],"collection":[{"href":"https:\/\/www.immo-invest.ch\/fr\/wp-json\/wp\/v2\/posts"}],"about":[{"href":"https:\/\/www.immo-invest.ch\/fr\/wp-json\/wp\/v2\/types\/post"}],"author":[{"embeddable":true,"href":"https:\/\/www.immo-invest.ch\/fr\/wp-json\/wp\/v2\/users\/2"}],"replies":[{"embeddable":true,"href":"https:\/\/www.immo-invest.ch\/fr\/wp-json\/wp\/v2\/comments?post=164437"}],"version-history":[{"count":1,"href":"https:\/\/www.immo-invest.ch\/fr\/wp-json\/wp\/v2\/posts\/164437\/revisions"}],"predecessor-version":[{"id":164443,"href":"https:\/\/www.immo-invest.ch\/fr\/wp-json\/wp\/v2\/posts\/164437\/revisions\/164443"}],"wp:featuredmedia":[{"embeddable":true,"href":"https:\/\/www.immo-invest.ch\/fr\/wp-json\/wp\/v2\/media\/164438"}],"wp:attachment":[{"href":"https:\/\/www.immo-invest.ch\/fr\/wp-json\/wp\/v2\/media?parent=164437"}],"wp:term":[{"taxonomy":"category","embeddable":true,"href":"https:\/\/www.immo-invest.ch\/fr\/wp-json\/wp\/v2\/categories?post=164437"},{"taxonomy":"post_tag","embeddable":true,"href":"https:\/\/www.immo-invest.ch\/fr\/wp-json\/wp\/v2\/tags?post=164437"}],"curies":[{"name":"wp","href":"https:\/\/api.w.org\/{rel}","templated":true}]}}