{"id":164417,"date":"2026-09-05T11:00:00","date_gmt":"2026-09-05T09:00:00","guid":{"rendered":"https:\/\/www.immo-invest.ch\/?p=164417"},"modified":"2026-09-02T14:25:51","modified_gmt":"2026-09-02T12:25:51","slug":"seetalplatz-kaempft-mit-leerem-wohnangebot","status":"publish","type":"post","link":"https:\/\/www.immo-invest.ch\/fr\/seetalplatz-kaempft-mit-leerem-wohnangebot\/","title":{"rendered":"Seetalplatz est confront\u00e9 \u00e0 une p\u00e9nurie de logements"},"content":{"rendered":"<p>Ce d&eacute;marrage mod&eacute;r&eacute; de la location intervient &agrave; un moment d&eacute;licat du projet. Le nouveau b&acirc;timent administratif cantonal d&rsquo;Emmen doit regrouper, &agrave; partir de 2026, une trentaine de sites administratifs actuellement dispers&eacute;s et offre, sur neuf &eacute;tages, environ 36 000 m&egrave;tres carr&eacute;s de surface pouvant accueillir quelque 2 000 collaborateurs. Le logement n&rsquo;est donc pas une composante secondaire de ce b&acirc;timent, mais fait partie int&eacute;grante d&rsquo;un grand projet &agrave; usage mixte situ&eacute; sur la Seetalplatz.<\/p>\n<p>Selon les informations de commercialisation publi&eacute;es, les loyers, charges comprises, pour les 17 appartements s&rsquo;&eacute;l&egrave;vent de 1 500 francs pour un 1,5 pi&egrave;ce de 45 m&egrave;tres carr&eacute;s &agrave; 2 550 francs pour un 4,5 pi&egrave;ces de 103 m&egrave;tres carr&eacute;s. Les appartements sont situ&eacute;s entre le 6e et le 9e &eacute;tage. La date d&rsquo;emm&eacute;nagement indiqu&eacute;e en dernier lieu &eacute;tait le 1er d&eacute;cembre. D&rsquo;apr&egrave;s les informations disponibles, cinq appartements avaient &eacute;t&eacute; r&eacute;serv&eacute;s jusqu&rsquo;&agrave; pr&eacute;sent, douze restaient disponibles.<\/p>\n<p><strong>Appartements dans le b&acirc;timent administratif<br>\n<\/strong>Ce cas montre &agrave; quel point la premi&egrave;re mise en location peut rester difficile, m&ecirc;me dans un <span class=\"glossaryLink\" aria-describedby=\"tt\" data-cmtooltip=\"&lt;div class=glossaryItemTitle&gt;Quartier&lt;\/div&gt;&lt;div class=glossaryItemBody&gt;Amtliches, historisches, soziales oder stadtplanerisches Stadtviertel&lt;\/div&gt;\" data-mobile-support=\"0\" data-gt-translate-attributes='[{\"attribute\":\"data-cmtooltip\", \"format\":\"html\"}]' tabindex=\"0\" role=\"link\">quartier<\/span> tr&egrave;s d&eacute;velopp&eacute;. Le canton pr&eacute;sente ce b&acirc;timent comme faisant partie de la nouvelle administration cantonale situ&eacute;e sur la Seetalplatz. Parall&egrave;lement, la communication autour du projet met en avant les espaces r&eacute;sidentiels et commerciaux comme partie int&eacute;grante du nouveau complexe. D&rsquo;apr&egrave;s les informations disponibles &agrave; ce jour, la demande se concentre principalement sur les appartements de 2,5 et 3,5 pi&egrave;ces, tandis que l&rsquo;offre globale n&rsquo;a pas encore &eacute;t&eacute; absorb&eacute;e par le march&eacute;.<\/p>\n<p><strong>Le <span class=\"glossaryLink\" aria-describedby=\"tt\" data-cmtooltip=\"&lt;div class=glossaryItemTitle&gt;Quartier&lt;\/div&gt;&lt;div class=glossaryItemBody&gt;Amtliches, historisches, soziales oder stadtplanerisches Stadtviertel&lt;\/div&gt;\" data-mobile-support=\"0\" data-gt-translate-attributes='[{\"attribute\":\"data-cmtooltip\", \"format\":\"html\"}]' tabindex=\"0\" role=\"link\">quartier<\/span> continue de s&rsquo;&eacute;tendre<br>\n<\/strong>La Seetalplatz est toutefois bien plus vaste que cet immeuble isol&eacute;. &Agrave; c&ocirc;t&eacute; du b&acirc;timent administratif, un autre projet r&eacute;sidentiel, R&uuml;&uuml;ssegg, voit le jour directement au bord de la Petite Emme. Trois immeubles y sont pr&eacute;vus d&rsquo;ici 2027, comprenant 208 appartements en copropri&eacute;t&eacute;, 85 logements coop&eacute;ratifs, 1 885 m&egrave;tres carr&eacute;s de surfaces commerciales et sept ateliers. Le site va donc voir sa vocation r&eacute;sidentielle consid&eacute;rablement s&rsquo;accro&icirc;tre en peu de temps. C&rsquo;est pr&eacute;cis&eacute;ment pour cette raison que le d&eacute;marrage laborieux du b&acirc;timent administratif est bien plus qu&rsquo;une simple anecdote. Il donne un premier aper&ccedil;u de l&rsquo;interaction d&eacute;licate entre le prix, la configuration des logements et le rythme de commercialisation, m&ecirc;me dans des zones de d&eacute;veloppement en plein essor.<\/p>\n<p>&Agrave; l&rsquo;&eacute;t&eacute; 2026, le site du projet a par ailleurs montr&eacute; que des ajustements restaient possibles dans le projet global. Ainsi, fin juillet, il a &eacute;t&eacute; annonc&eacute; que la cr&egrave;che initialement pr&eacute;vue ne verrait pas le jour. Pour la location des logements, cela signifie que la mixit&eacute; des usages au sein de l&rsquo;immeuble doit &ecirc;tre encore affin&eacute;e, tandis que le canton pr&eacute;pare en parall&egrave;le l&rsquo;emm&eacute;nagement dans son nouveau p&ocirc;le administratif.<\/p>\n","protected":false},"excerpt":{"rendered":"<p>Dans le nouveau b\u00e2timent administratif situ\u00e9 sur la Seetalplatz \u00e0 Emmenbr\u00fccke, 12 des 17 appartements restent pour l&rsquo;instant inoccup\u00e9s. Ce d\u00e9marrage difficile touche un site destin\u00e9 \u00e0 devenir le nouveau centre du nord de Lucerne et \u00e0 regrouper, d&rsquo;ici 2026, une trentaine de services administratifs du canton.<\/p>\n","protected":false},"author":2,"featured_media":164418,"comment_status":"open","ping_status":"open","sticky":false,"template":"","format":"standard","meta":{"pmpro_default_level":"","inline_featured_image":false,"_monsterinsights_skip_tracking":false,"footnotes":""},"categories":[56021,9437,9824,55991,56003],"tags":[60669,872,3931,20052,38026,2002,60465,49173],"class_list":["post-164417","post","type-post","status-publish","format-standard","has-post-thumbnail","hentry","category-gestion-immobiliere","category-region-lucerne","category-nouvelle-construction","category-quartiers-zones","category-residentiel","tag-erstvermietung","tag-immoinvest-fr","tag-immonews-fr","tag-kanton-luzern-fr","tag-luzern-nord-fr","tag-news-fr","tag-ruussegg","tag-seetalplatz-fr","pmpro-has-access"],"acf":{"bild_mit_ki_erstellt_worden":["Ja"],"lead":"Dans le nouveau b\u00e2timent administratif situ\u00e9 sur la Seetalplatz \u00e0 Emmenbr\u00fccke, 12 des 17 appartements restent pour l'instant inoccup\u00e9s. Ce d\u00e9marrage difficile touche un site destin\u00e9 \u00e0 devenir le nouveau centre du nord de Lucerne et \u00e0 regrouper, d'ici 2026, une trentaine de services administratifs du canton.","autor":"","ort":"","bildunterschrift":"","bild_im_grid":false,"gallerie":"","newsim":"3934"},"aioseo_notices":[],"aioseo_head":"\n\t\t<!-- All in One SEO 5.0.1.1 - aioseo.com -->\n\t<meta name=\"description\" content=\"Dans le nouveau b\u00e2timent administratif situ\u00e9 sur la Seetalplatz \u00e0 Emmenbr\u00fccke, 12 des 17 appartements restent pour l&#039;instant inoccup\u00e9s. Ce d\u00e9marrage difficile touche un site destin\u00e9 \u00e0 devenir le nouveau centre du nord de Lucerne et \u00e0 regrouper, d&#039;ici 2026, une trentaine de services administratifs du canton.\" \/>\n\t<meta name=\"robots\" content=\"max-image-preview:large\" \/>\n\t<meta name=\"author\" content=\"immovestuser\"\/>\n\t<meta name=\"google-site-verification\" content=\"fHJKvgWpZCR2zVBHWfkQeFXC11qieUSff0HGNYfuyLA\" \/>\n\t<link rel=\"canonical\" href=\"https:\/\/www.immo-invest.ch\/fr\/seetalplatz-kaempft-mit-leerem-wohnangebot\/\" \/>\n\t<meta name=\"generator\" content=\"All in One SEO (AIOSEO) 5.0.1.1\" \/>\n\t\t<meta property=\"og:locale\" content=\"fr_FR\" \/>\n\t\t<meta property=\"og:site_name\" content=\"immo!nvest - Die Plattform f\u00fcr Standorte und Immobilien - Die\u00a0Plattform f\u00fcr Standorte und Immobilien\" \/>\n\t\t<meta property=\"og:type\" content=\"article\" \/>\n\t\t<meta property=\"og:title\" content=\"Seetalplatz est confront\u00e9 \u00e0 une p\u00e9nurie de logements - immo!nvest - Die Plattform f\u00fcr Standorte und Immobilien\" \/>\n\t\t<meta property=\"og:description\" content=\"Dans le nouveau b\u00e2timent administratif situ\u00e9 sur la Seetalplatz \u00e0 Emmenbr\u00fccke, 12 des 17 appartements restent pour l&#039;instant inoccup\u00e9s. Ce d\u00e9marrage difficile touche un site destin\u00e9 \u00e0 devenir le nouveau centre du nord de Lucerne et \u00e0 regrouper, d&#039;ici 2026, une trentaine de services administratifs du canton.\" \/>\n\t\t<meta property=\"og:url\" content=\"https:\/\/www.immo-invest.ch\/fr\/seetalplatz-kaempft-mit-leerem-wohnangebot\/\" \/>\n\t\t<meta property=\"og:image\" content=\"https:\/\/www.immo-invest.ch\/wp-content\/uploads\/2026\/09\/Seetalplatz-kaempft-mit-leerem-Wohnangebot-immo-invest.png\" \/>\n\t\t<meta property=\"og:image:secure_url\" content=\"https:\/\/www.immo-invest.ch\/wp-content\/uploads\/2026\/09\/Seetalplatz-kaempft-mit-leerem-Wohnangebot-immo-invest.png\" \/>\n\t\t<meta property=\"og:image:width\" content=\"1536\" \/>\n\t\t<meta property=\"og:image:height\" content=\"768\" \/>\n\t\t<meta property=\"article:published_time\" content=\"2026-09-05T09:00:00+00:00\" \/>\n\t\t<meta property=\"article:modified_time\" content=\"2026-09-02T12:25:51+00:00\" \/>\n\t\t<meta property=\"article:publisher\" content=\"https:\/\/www.facebook.com\/people\/Immoinvest\/100077962920504\/\" \/>\n\t\t<meta name=\"twitter:card\" content=\"summary_large_image\" \/>\n\t\t<meta name=\"twitter:site\" content=\"@i\" \/>\n\t\t<meta name=\"twitter:title\" content=\"Seetalplatz est confront\u00e9 \u00e0 une p\u00e9nurie de logements - immo!nvest - Die Plattform f\u00fcr Standorte und Immobilien\" \/>\n\t\t<meta name=\"twitter:description\" content=\"Dans le nouveau b\u00e2timent administratif situ\u00e9 sur la Seetalplatz \u00e0 Emmenbr\u00fccke, 12 des 17 appartements restent pour l&#039;instant inoccup\u00e9s. Ce d\u00e9marrage difficile touche un site destin\u00e9 \u00e0 devenir le nouveau centre du nord de Lucerne et \u00e0 regrouper, d&#039;ici 2026, une trentaine de services administratifs du canton.\" \/>\n\t\t<meta name=\"twitter:creator\" content=\"@i\" \/>\n\t\t<meta name=\"twitter:image\" content=\"https:\/\/www.immo-invest.ch\/wp-content\/uploads\/2026\/09\/Seetalplatz-kaempft-mit-leerem-Wohnangebot-immo-invest.png\" \/>\n\t\t<script type=\"application\/ld+json\" class=\"aioseo-schema\">\n\t\t\t{\"@context\":\"https:\\\/\\\/schema.org\",\"@graph\":[{\"@type\":\"BlogPosting\",\"@id\":\"https:\\\/\\\/www.immo-invest.ch\\\/fr\\\/seetalplatz-kaempft-mit-leerem-wohnangebot\\\/#blogposting\",\"name\":\"Seetalplatz est confront\\u00e9 \\u00e0 une p\\u00e9nurie de logements - immo!nvest - Die Plattform f\\u00fcr Standorte und Immobilien\",\"headline\":\"Seetalplatz est confront\\u00e9 \\u00e0 une p\\u00e9nurie de logements\",\"author\":{\"@id\":\"https:\\\/\\\/www.immo-invest.ch\\\/fr\\\/author\\\/immovestuser\\\/#author\"},\"publisher\":{\"@id\":\"https:\\\/\\\/www.immo-invest.ch\\\/fr\\\/#organization\"},\"image\":{\"@type\":\"ImageObject\",\"url\":\"https:\\\/\\\/www.immo-invest.ch\\\/wp-content\\\/uploads\\\/2026\\\/09\\\/Seetalplatz-kaempft-mit-leerem-Wohnangebot-immo-invest.png\",\"width\":1536,\"height\":768},\"datePublished\":\"2026-09-05T11:00:00+02:00\",\"dateModified\":\"2026-09-02T14:25:51+02:00\",\"inLanguage\":\"fr-FR\",\"mainEntityOfPage\":{\"@id\":\"https:\\\/\\\/www.immo-invest.ch\\\/fr\\\/seetalplatz-kaempft-mit-leerem-wohnangebot\\\/#webpage\"},\"isPartOf\":{\"@id\":\"https:\\\/\\\/www.immo-invest.ch\\\/fr\\\/seetalplatz-kaempft-mit-leerem-wohnangebot\\\/#webpage\"},\"articleSection\":\"Gestion immobili\\u00e8re, Lucerne, Nouvelle construction, Quartiers \\\/ Zones, R\\u00e9sidentiel, Erstvermietung, Immoinvest, immoNews, Kanton Luzern, Luzern Nord, News, R\\u00fc\\u00fcssegg, Seetalplatz, Facultatif\"},{\"@type\":\"BreadcrumbList\",\"@id\":\"https:\\\/\\\/www.immo-invest.ch\\\/fr\\\/seetalplatz-kaempft-mit-leerem-wohnangebot\\\/#breadcrumblist\",\"itemListElement\":[{\"@type\":\"ListItem\",\"@id\":\"https:\\\/\\\/www.immo-invest.ch\\\/fr\\\/#listItem\",\"position\":1,\"name\":\"Home\",\"item\":\"https:\\\/\\\/www.immo-invest.ch\\\/fr\\\/\",\"nextItem\":{\"@type\":\"ListItem\",\"@id\":\"https:\\\/\\\/www.immo-invest.ch\\\/fr\\\/categories\\\/regions\\\/#listItem\",\"name\":\"R\\u00e9gions\"}},{\"@type\":\"ListItem\",\"@id\":\"https:\\\/\\\/www.immo-invest.ch\\\/fr\\\/categories\\\/regions\\\/#listItem\",\"position\":2,\"name\":\"R\\u00e9gions\",\"item\":\"https:\\\/\\\/www.immo-invest.ch\\\/fr\\\/categories\\\/regions\\\/\",\"nextItem\":{\"@type\":\"ListItem\",\"@id\":\"https:\\\/\\\/www.immo-invest.ch\\\/fr\\\/categories\\\/regions\\\/suisse\\\/#listItem\",\"name\":\"Suisse\"},\"previousItem\":{\"@type\":\"ListItem\",\"@id\":\"https:\\\/\\\/www.immo-invest.ch\\\/fr\\\/#listItem\",\"name\":\"Home\"}},{\"@type\":\"ListItem\",\"@id\":\"https:\\\/\\\/www.immo-invest.ch\\\/fr\\\/categories\\\/regions\\\/suisse\\\/#listItem\",\"position\":3,\"name\":\"Suisse\",\"item\":\"https:\\\/\\\/www.immo-invest.ch\\\/fr\\\/categories\\\/regions\\\/suisse\\\/\",\"nextItem\":{\"@type\":\"ListItem\",\"@id\":\"https:\\\/\\\/www.immo-invest.ch\\\/fr\\\/categories\\\/regions\\\/suisse\\\/region-zentralschweiz\\\/#listItem\",\"name\":\"Zentralschweiz\"},\"previousItem\":{\"@type\":\"ListItem\",\"@id\":\"https:\\\/\\\/www.immo-invest.ch\\\/fr\\\/categories\\\/regions\\\/#listItem\",\"name\":\"R\\u00e9gions\"}},{\"@type\":\"ListItem\",\"@id\":\"https:\\\/\\\/www.immo-invest.ch\\\/fr\\\/categories\\\/regions\\\/suisse\\\/region-zentralschweiz\\\/#listItem\",\"position\":4,\"name\":\"Zentralschweiz\",\"item\":\"https:\\\/\\\/www.immo-invest.ch\\\/fr\\\/categories\\\/regions\\\/suisse\\\/region-zentralschweiz\\\/\",\"nextItem\":{\"@type\":\"ListItem\",\"@id\":\"https:\\\/\\\/www.immo-invest.ch\\\/fr\\\/categories\\\/regions\\\/suisse\\\/region-zentralschweiz\\\/region-lucerne\\\/#listItem\",\"name\":\"Lucerne\"},\"previousItem\":{\"@type\":\"ListItem\",\"@id\":\"https:\\\/\\\/www.immo-invest.ch\\\/fr\\\/categories\\\/regions\\\/suisse\\\/#listItem\",\"name\":\"Suisse\"}},{\"@type\":\"ListItem\",\"@id\":\"https:\\\/\\\/www.immo-invest.ch\\\/fr\\\/categories\\\/regions\\\/suisse\\\/region-zentralschweiz\\\/region-lucerne\\\/#listItem\",\"position\":5,\"name\":\"Lucerne\",\"item\":\"https:\\\/\\\/www.immo-invest.ch\\\/fr\\\/categories\\\/regions\\\/suisse\\\/region-zentralschweiz\\\/region-lucerne\\\/\",\"nextItem\":{\"@type\":\"ListItem\",\"@id\":\"https:\\\/\\\/www.immo-invest.ch\\\/fr\\\/seetalplatz-kaempft-mit-leerem-wohnangebot\\\/#listItem\",\"name\":\"Seetalplatz est confront\\u00e9 \\u00e0 une p\\u00e9nurie de logements\"},\"previousItem\":{\"@type\":\"ListItem\",\"@id\":\"https:\\\/\\\/www.immo-invest.ch\\\/fr\\\/categories\\\/regions\\\/suisse\\\/region-zentralschweiz\\\/#listItem\",\"name\":\"Zentralschweiz\"}},{\"@type\":\"ListItem\",\"@id\":\"https:\\\/\\\/www.immo-invest.ch\\\/fr\\\/seetalplatz-kaempft-mit-leerem-wohnangebot\\\/#listItem\",\"position\":6,\"name\":\"Seetalplatz est confront\\u00e9 \\u00e0 une p\\u00e9nurie de logements\",\"previousItem\":{\"@type\":\"ListItem\",\"@id\":\"https:\\\/\\\/www.immo-invest.ch\\\/fr\\\/categories\\\/regions\\\/suisse\\\/region-zentralschweiz\\\/region-lucerne\\\/#listItem\",\"name\":\"Lucerne\"}}]},{\"@type\":\"Organization\",\"@id\":\"https:\\\/\\\/www.immo-invest.ch\\\/fr\\\/#organization\",\"name\":\"immo!nvest - Die Plattform f\\u00fcr Standorte und Immobilien\",\"description\":\"Die\\u00a0Plattform f\\u00fcr Standorte und Immobilien\",\"url\":\"https:\\\/\\\/www.immo-invest.ch\\\/fr\\\/\",\"email\":\"admin@immomedia.ag\",\"telephone\":\"+41444420002\",\"logo\":{\"@type\":\"ImageObject\",\"url\":\"https:\\\/\\\/www.immo-invest.ch\\\/wp-content\\\/uploads\\\/2024\\\/09\\\/immoinvest_sm-scaled.jpg\",\"@id\":\"https:\\\/\\\/www.immo-invest.ch\\\/fr\\\/seetalplatz-kaempft-mit-leerem-wohnangebot\\\/#organizationLogo\",\"width\":2560,\"height\":1340},\"image\":{\"@id\":\"https:\\\/\\\/www.immo-invest.ch\\\/fr\\\/seetalplatz-kaempft-mit-leerem-wohnangebot\\\/#organizationLogo\"},\"sameAs\":[\"https:\\\/\\\/www.facebook.com\\\/people\\\/Immoinvest\\\/100077962920504\\\/\",\"https:\\\/\\\/x.com\\\/i\\\/flow\\\/login?redirect_after_login=immoinvest_ch\",\"https:\\\/\\\/www.instagram.com\\\/immoinvest_ch\\\/\",\"https:\\\/\\\/www.linkedin.com\\\/company\\\/immoinvest-swiss\"]},{\"@type\":\"Person\",\"@id\":\"https:\\\/\\\/www.immo-invest.ch\\\/fr\\\/author\\\/immovestuser\\\/#author\",\"url\":\"https:\\\/\\\/www.immo-invest.ch\\\/fr\\\/author\\\/immovestuser\\\/\",\"name\":\"immovestuser\",\"image\":{\"@type\":\"ImageObject\",\"@id\":\"https:\\\/\\\/www.immo-invest.ch\\\/fr\\\/seetalplatz-kaempft-mit-leerem-wohnangebot\\\/#authorImage\",\"url\":\"https:\\\/\\\/secure.gravatar.com\\\/avatar\\\/8e01f4d99f2eeea7a362ebb93305e1172a70e9293ba250f897a65c39f54cdd1e?s=96&d=mm&r=g\",\"width\":96,\"height\":96,\"caption\":\"immovestuser\"}},{\"@type\":\"WebPage\",\"@id\":\"https:\\\/\\\/www.immo-invest.ch\\\/fr\\\/seetalplatz-kaempft-mit-leerem-wohnangebot\\\/#webpage\",\"url\":\"https:\\\/\\\/www.immo-invest.ch\\\/fr\\\/seetalplatz-kaempft-mit-leerem-wohnangebot\\\/\",\"name\":\"Seetalplatz est confront\\u00e9 \\u00e0 une p\\u00e9nurie de logements - immo!nvest - Die Plattform f\\u00fcr Standorte und Immobilien\",\"description\":\"Dans le nouveau b\\u00e2timent administratif situ\\u00e9 sur la Seetalplatz \\u00e0 Emmenbr\\u00fccke, 12 des 17 appartements restent pour l'instant inoccup\\u00e9s. Ce d\\u00e9marrage difficile touche un site destin\\u00e9 \\u00e0 devenir le nouveau centre du nord de Lucerne et \\u00e0 regrouper, d'ici 2026, une trentaine de services administratifs du canton.\",\"inLanguage\":\"fr-FR\",\"isPartOf\":{\"@id\":\"https:\\\/\\\/www.immo-invest.ch\\\/fr\\\/#website\"},\"breadcrumb\":{\"@id\":\"https:\\\/\\\/www.immo-invest.ch\\\/fr\\\/seetalplatz-kaempft-mit-leerem-wohnangebot\\\/#breadcrumblist\"},\"author\":{\"@id\":\"https:\\\/\\\/www.immo-invest.ch\\\/fr\\\/author\\\/immovestuser\\\/#author\"},\"creator\":{\"@id\":\"https:\\\/\\\/www.immo-invest.ch\\\/fr\\\/author\\\/immovestuser\\\/#author\"},\"image\":{\"@type\":\"ImageObject\",\"url\":\"https:\\\/\\\/www.immo-invest.ch\\\/wp-content\\\/uploads\\\/2026\\\/09\\\/Seetalplatz-kaempft-mit-leerem-Wohnangebot-immo-invest.png\",\"@id\":\"https:\\\/\\\/www.immo-invest.ch\\\/fr\\\/seetalplatz-kaempft-mit-leerem-wohnangebot\\\/#mainImage\",\"width\":1536,\"height\":768},\"primaryImageOfPage\":{\"@id\":\"https:\\\/\\\/www.immo-invest.ch\\\/fr\\\/seetalplatz-kaempft-mit-leerem-wohnangebot\\\/#mainImage\"},\"datePublished\":\"2026-09-05T11:00:00+02:00\",\"dateModified\":\"2026-09-02T14:25:51+02:00\"},{\"@type\":\"WebSite\",\"@id\":\"https:\\\/\\\/www.immo-invest.ch\\\/fr\\\/#website\",\"url\":\"https:\\\/\\\/www.immo-invest.ch\\\/fr\\\/\",\"name\":\"immo!nvest - Die Plattform f\\u00fcr Standorte und Immobilien\",\"description\":\"Die\\u00a0Plattform f\\u00fcr Standorte und Immobilien\",\"inLanguage\":\"fr-FR\",\"publisher\":{\"@id\":\"https:\\\/\\\/www.immo-invest.ch\\\/fr\\\/#organization\"}}]}\n\t\t<\/script>\n\t\t<!-- All in One SEO -->\n\n","aioseo_head_json":{"title":"Seetalplatz est confront\u00e9 \u00e0 une p\u00e9nurie de logements - immo!nvest - Die Plattform f\u00fcr Standorte und Immobilien","description":"Dans le nouveau b\u00e2timent administratif situ\u00e9 sur la Seetalplatz \u00e0 Emmenbr\u00fccke, 12 des 17 appartements restent pour l'instant inoccup\u00e9s. Ce d\u00e9marrage difficile touche un site destin\u00e9 \u00e0 devenir le nouveau centre du nord de Lucerne et \u00e0 regrouper, d'ici 2026, une trentaine de services administratifs du canton.","canonical_url":"https:\/\/www.immo-invest.ch\/fr\/seetalplatz-kaempft-mit-leerem-wohnangebot\/","robots":"max-image-preview:large","keywords":"","webmasterTools":{"google-site-verification":"fHJKvgWpZCR2zVBHWfkQeFXC11qieUSff0HGNYfuyLA","miscellaneous":""},"schema":{"@context":"https:\/\/schema.org","@graph":[{"@type":"BlogPosting","@id":"https:\/\/www.immo-invest.ch\/fr\/seetalplatz-kaempft-mit-leerem-wohnangebot\/#blogposting","name":"Seetalplatz est confront\u00e9 \u00e0 une p\u00e9nurie de logements - immo!nvest - Die Plattform f\u00fcr Standorte und Immobilien","headline":"Seetalplatz est confront\u00e9 \u00e0 une p\u00e9nurie de logements","author":{"@id":"https:\/\/www.immo-invest.ch\/fr\/author\/immovestuser\/#author"},"publisher":{"@id":"https:\/\/www.immo-invest.ch\/fr\/#organization"},"image":{"@type":"ImageObject","url":"https:\/\/www.immo-invest.ch\/wp-content\/uploads\/2026\/09\/Seetalplatz-kaempft-mit-leerem-Wohnangebot-immo-invest.png","width":1536,"height":768},"datePublished":"2026-09-05T11:00:00+02:00","dateModified":"2026-09-02T14:25:51+02:00","inLanguage":"fr-FR","mainEntityOfPage":{"@id":"https:\/\/www.immo-invest.ch\/fr\/seetalplatz-kaempft-mit-leerem-wohnangebot\/#webpage"},"isPartOf":{"@id":"https:\/\/www.immo-invest.ch\/fr\/seetalplatz-kaempft-mit-leerem-wohnangebot\/#webpage"},"articleSection":"Gestion immobili\u00e8re, Lucerne, Nouvelle construction, Quartiers \/ Zones, R\u00e9sidentiel, Erstvermietung, Immoinvest, immoNews, Kanton Luzern, Luzern Nord, News, R\u00fc\u00fcssegg, Seetalplatz, Facultatif"},{"@type":"BreadcrumbList","@id":"https:\/\/www.immo-invest.ch\/fr\/seetalplatz-kaempft-mit-leerem-wohnangebot\/#breadcrumblist","itemListElement":[{"@type":"ListItem","@id":"https:\/\/www.immo-invest.ch\/fr\/#listItem","position":1,"name":"Home","item":"https:\/\/www.immo-invest.ch\/fr\/","nextItem":{"@type":"ListItem","@id":"https:\/\/www.immo-invest.ch\/fr\/categories\/regions\/#listItem","name":"R\u00e9gions"}},{"@type":"ListItem","@id":"https:\/\/www.immo-invest.ch\/fr\/categories\/regions\/#listItem","position":2,"name":"R\u00e9gions","item":"https:\/\/www.immo-invest.ch\/fr\/categories\/regions\/","nextItem":{"@type":"ListItem","@id":"https:\/\/www.immo-invest.ch\/fr\/categories\/regions\/suisse\/#listItem","name":"Suisse"},"previousItem":{"@type":"ListItem","@id":"https:\/\/www.immo-invest.ch\/fr\/#listItem","name":"Home"}},{"@type":"ListItem","@id":"https:\/\/www.immo-invest.ch\/fr\/categories\/regions\/suisse\/#listItem","position":3,"name":"Suisse","item":"https:\/\/www.immo-invest.ch\/fr\/categories\/regions\/suisse\/","nextItem":{"@type":"ListItem","@id":"https:\/\/www.immo-invest.ch\/fr\/categories\/regions\/suisse\/region-zentralschweiz\/#listItem","name":"Zentralschweiz"},"previousItem":{"@type":"ListItem","@id":"https:\/\/www.immo-invest.ch\/fr\/categories\/regions\/#listItem","name":"R\u00e9gions"}},{"@type":"ListItem","@id":"https:\/\/www.immo-invest.ch\/fr\/categories\/regions\/suisse\/region-zentralschweiz\/#listItem","position":4,"name":"Zentralschweiz","item":"https:\/\/www.immo-invest.ch\/fr\/categories\/regions\/suisse\/region-zentralschweiz\/","nextItem":{"@type":"ListItem","@id":"https:\/\/www.immo-invest.ch\/fr\/categories\/regions\/suisse\/region-zentralschweiz\/region-lucerne\/#listItem","name":"Lucerne"},"previousItem":{"@type":"ListItem","@id":"https:\/\/www.immo-invest.ch\/fr\/categories\/regions\/suisse\/#listItem","name":"Suisse"}},{"@type":"ListItem","@id":"https:\/\/www.immo-invest.ch\/fr\/categories\/regions\/suisse\/region-zentralschweiz\/region-lucerne\/#listItem","position":5,"name":"Lucerne","item":"https:\/\/www.immo-invest.ch\/fr\/categories\/regions\/suisse\/region-zentralschweiz\/region-lucerne\/","nextItem":{"@type":"ListItem","@id":"https:\/\/www.immo-invest.ch\/fr\/seetalplatz-kaempft-mit-leerem-wohnangebot\/#listItem","name":"Seetalplatz est confront\u00e9 \u00e0 une p\u00e9nurie de logements"},"previousItem":{"@type":"ListItem","@id":"https:\/\/www.immo-invest.ch\/fr\/categories\/regions\/suisse\/region-zentralschweiz\/#listItem","name":"Zentralschweiz"}},{"@type":"ListItem","@id":"https:\/\/www.immo-invest.ch\/fr\/seetalplatz-kaempft-mit-leerem-wohnangebot\/#listItem","position":6,"name":"Seetalplatz est confront\u00e9 \u00e0 une p\u00e9nurie de logements","previousItem":{"@type":"ListItem","@id":"https:\/\/www.immo-invest.ch\/fr\/categories\/regions\/suisse\/region-zentralschweiz\/region-lucerne\/#listItem","name":"Lucerne"}}]},{"@type":"Organization","@id":"https:\/\/www.immo-invest.ch\/fr\/#organization","name":"immo!nvest - Die Plattform f\u00fcr Standorte und Immobilien","description":"Die\u00a0Plattform f\u00fcr Standorte und Immobilien","url":"https:\/\/www.immo-invest.ch\/fr\/","email":"admin@immomedia.ag","telephone":"+41444420002","logo":{"@type":"ImageObject","url":"https:\/\/www.immo-invest.ch\/wp-content\/uploads\/2024\/09\/immoinvest_sm-scaled.jpg","@id":"https:\/\/www.immo-invest.ch\/fr\/seetalplatz-kaempft-mit-leerem-wohnangebot\/#organizationLogo","width":2560,"height":1340},"image":{"@id":"https:\/\/www.immo-invest.ch\/fr\/seetalplatz-kaempft-mit-leerem-wohnangebot\/#organizationLogo"},"sameAs":["https:\/\/www.facebook.com\/people\/Immoinvest\/100077962920504\/","https:\/\/x.com\/i\/flow\/login?redirect_after_login=immoinvest_ch","https:\/\/www.instagram.com\/immoinvest_ch\/","https:\/\/www.linkedin.com\/company\/immoinvest-swiss"]},{"@type":"Person","@id":"https:\/\/www.immo-invest.ch\/fr\/author\/immovestuser\/#author","url":"https:\/\/www.immo-invest.ch\/fr\/author\/immovestuser\/","name":"immovestuser","image":{"@type":"ImageObject","@id":"https:\/\/www.immo-invest.ch\/fr\/seetalplatz-kaempft-mit-leerem-wohnangebot\/#authorImage","url":"https:\/\/secure.gravatar.com\/avatar\/8e01f4d99f2eeea7a362ebb93305e1172a70e9293ba250f897a65c39f54cdd1e?s=96&d=mm&r=g","width":96,"height":96,"caption":"immovestuser"}},{"@type":"WebPage","@id":"https:\/\/www.immo-invest.ch\/fr\/seetalplatz-kaempft-mit-leerem-wohnangebot\/#webpage","url":"https:\/\/www.immo-invest.ch\/fr\/seetalplatz-kaempft-mit-leerem-wohnangebot\/","name":"Seetalplatz est confront\u00e9 \u00e0 une p\u00e9nurie de logements - immo!nvest - Die Plattform f\u00fcr Standorte und Immobilien","description":"Dans le nouveau b\u00e2timent administratif situ\u00e9 sur la Seetalplatz \u00e0 Emmenbr\u00fccke, 12 des 17 appartements restent pour l'instant inoccup\u00e9s. Ce d\u00e9marrage difficile touche un site destin\u00e9 \u00e0 devenir le nouveau centre du nord de Lucerne et \u00e0 regrouper, d'ici 2026, une trentaine de services administratifs du canton.","inLanguage":"fr-FR","isPartOf":{"@id":"https:\/\/www.immo-invest.ch\/fr\/#website"},"breadcrumb":{"@id":"https:\/\/www.immo-invest.ch\/fr\/seetalplatz-kaempft-mit-leerem-wohnangebot\/#breadcrumblist"},"author":{"@id":"https:\/\/www.immo-invest.ch\/fr\/author\/immovestuser\/#author"},"creator":{"@id":"https:\/\/www.immo-invest.ch\/fr\/author\/immovestuser\/#author"},"image":{"@type":"ImageObject","url":"https:\/\/www.immo-invest.ch\/wp-content\/uploads\/2026\/09\/Seetalplatz-kaempft-mit-leerem-Wohnangebot-immo-invest.png","@id":"https:\/\/www.immo-invest.ch\/fr\/seetalplatz-kaempft-mit-leerem-wohnangebot\/#mainImage","width":1536,"height":768},"primaryImageOfPage":{"@id":"https:\/\/www.immo-invest.ch\/fr\/seetalplatz-kaempft-mit-leerem-wohnangebot\/#mainImage"},"datePublished":"2026-09-05T11:00:00+02:00","dateModified":"2026-09-02T14:25:51+02:00"},{"@type":"WebSite","@id":"https:\/\/www.immo-invest.ch\/fr\/#website","url":"https:\/\/www.immo-invest.ch\/fr\/","name":"immo!nvest - Die Plattform f\u00fcr Standorte und Immobilien","description":"Die\u00a0Plattform f\u00fcr Standorte und Immobilien","inLanguage":"fr-FR","publisher":{"@id":"https:\/\/www.immo-invest.ch\/fr\/#organization"}}]},"og:locale":"fr_FR","og:site_name":"immo!nvest - Die Plattform f\u00fcr Standorte und Immobilien - Die\u00a0Plattform f\u00fcr Standorte und Immobilien","og:type":"article","og:title":"Seetalplatz est confront\u00e9 \u00e0 une p\u00e9nurie de logements - immo!nvest - Die Plattform f\u00fcr Standorte und Immobilien","og:description":"Dans le nouveau b\u00e2timent administratif situ\u00e9 sur la Seetalplatz \u00e0 Emmenbr\u00fccke, 12 des 17 appartements restent pour l'instant inoccup\u00e9s. Ce d\u00e9marrage difficile touche un site destin\u00e9 \u00e0 devenir le nouveau centre du nord de Lucerne et \u00e0 regrouper, d'ici 2026, une trentaine de services administratifs du canton.","og:url":"https:\/\/www.immo-invest.ch\/fr\/seetalplatz-kaempft-mit-leerem-wohnangebot\/","og:image":"https:\/\/www.immo-invest.ch\/wp-content\/uploads\/2026\/09\/Seetalplatz-kaempft-mit-leerem-Wohnangebot-immo-invest.png","og:image:secure_url":"https:\/\/www.immo-invest.ch\/wp-content\/uploads\/2026\/09\/Seetalplatz-kaempft-mit-leerem-Wohnangebot-immo-invest.png","og:image:width":1536,"og:image:height":768,"article:published_time":"2026-09-05T09:00:00+00:00","article:modified_time":"2026-09-02T12:25:51+00:00","article:publisher":"https:\/\/www.facebook.com\/people\/Immoinvest\/100077962920504\/","twitter:card":"summary_large_image","twitter:site":"@i","twitter:title":"Seetalplatz est confront\u00e9 \u00e0 une p\u00e9nurie de logements - immo!nvest - Die Plattform f\u00fcr Standorte und Immobilien","twitter:description":"Dans le nouveau b\u00e2timent administratif situ\u00e9 sur la Seetalplatz \u00e0 Emmenbr\u00fccke, 12 des 17 appartements restent pour l'instant inoccup\u00e9s. Ce d\u00e9marrage difficile touche un site destin\u00e9 \u00e0 devenir le nouveau centre du nord de Lucerne et \u00e0 regrouper, d'ici 2026, une trentaine de services administratifs du canton.","twitter:creator":"@i","twitter:image":"https:\/\/www.immo-invest.ch\/wp-content\/uploads\/2026\/09\/Seetalplatz-kaempft-mit-leerem-Wohnangebot-immo-invest.png"},"aioseo_meta_data":{"post_id":"164417","title":null,"description":null,"keywords":null,"keyphrases":{"focus":{"keyphrase":"","score":0,"analysis":{"keyphraseInTitle":{"score":0,"maxScore":9,"error":1}}},"additional":[]},"primary_term":null,"canonical_url":null,"og_title":null,"og_description":null,"og_object_type":"default","og_image_type":"default","og_image_url":null,"og_image_width":null,"og_image_height":null,"og_image_custom_url":null,"og_image_custom_fields":null,"og_video":"","og_custom_url":null,"og_article_section":null,"og_article_tags":null,"twitter_use_og":false,"twitter_card":"default","twitter_image_type":"default","twitter_image_url":null,"twitter_image_custom_url":null,"twitter_image_custom_fields":null,"twitter_title":null,"twitter_description":null,"schema":{"blockGraphs":[],"customGraphs":[],"default":{"data":{"Article":[],"Course":[],"Dataset":[],"FAQPage":[],"Movie":[],"Person":[],"Product":[],"ProductReview":[],"Car":[],"Recipe":[],"Service":[],"SoftwareApplication":[],"WebPage":[]},"graphName":"BlogPosting","isEnabled":true},"graphs":[]},"schema_type":"default","schema_type_options":null,"pillar_content":false,"robots_default":true,"robots_noindex":false,"robots_noarchive":false,"robots_nosnippet":false,"robots_nofollow":false,"robots_noimageindex":false,"robots_noodp":false,"robots_notranslate":false,"robots_max_snippet":"-1","robots_max_videopreview":"-1","robots_max_imagepreview":"large","priority":null,"frequency":"default","local_seo":null,"breadcrumb_settings":null,"limit_modified_date":false,"ai":{"faqs":[],"keyPoints":[],"schemas":[],"titles":[],"descriptions":[],"socialPosts":{"email":{"subject":"","preview":"","content":""},"linkedin":[],"twitter":[],"facebook":[],"instagram":[]}},"created":"2026-09-02 12:25:52","updated":"2026-09-05 09:01:35","seo_analyzer_scan_date":null,"focus_keyword":null,"additional_keywords":null,"truseo_locale":null},"aioseo_breadcrumb":"<div class=\"aioseo-breadcrumbs\"><span class=\"aioseo-breadcrumb\">\n\t\t\t<a href=\"https:\/\/www.immo-invest.ch\/fr\/\" title=\"Home\">Home<\/a>\n\t\t<\/span><span class=\"aioseo-breadcrumb-separator\">&raquo;<\/span><span class=\"aioseo-breadcrumb\">\n\t\t\t<a href=\"https:\/\/www.immo-invest.ch\/fr\/categories\/regions\/\" title=\"R\u00e9gions\">R\u00e9gions<\/a>\n\t\t<\/span><span class=\"aioseo-breadcrumb-separator\">&raquo;<\/span><span class=\"aioseo-breadcrumb\">\n\t\t\t<a href=\"https:\/\/www.immo-invest.ch\/fr\/categories\/regions\/suisse\/\" title=\"Suisse\">Suisse<\/a>\n\t\t<\/span><span class=\"aioseo-breadcrumb-separator\">&raquo;<\/span><span class=\"aioseo-breadcrumb\">\n\t\t\t<a href=\"https:\/\/www.immo-invest.ch\/fr\/categories\/regions\/suisse\/region-zentralschweiz\/\" title=\"Zentralschweiz\">Zentralschweiz<\/a>\n\t\t<\/span><span class=\"aioseo-breadcrumb-separator\">&raquo;<\/span><span class=\"aioseo-breadcrumb\">\n\t\t\t<a href=\"https:\/\/www.immo-invest.ch\/fr\/categories\/regions\/suisse\/region-zentralschweiz\/region-lucerne\/\" title=\"Lucerne\">Lucerne<\/a>\n\t\t<\/span><span class=\"aioseo-breadcrumb-separator\">&raquo;<\/span><span class=\"aioseo-breadcrumb\">\n\t\t\tSeetalplatz est confront\u00e9 \u00e0 une p\u00e9nurie de logements\n\t\t<\/span><\/div>","aioseo_breadcrumb_json":[{"label":"Home","link":"https:\/\/www.immo-invest.ch\/fr\/"},{"label":"R\u00e9gions","link":"https:\/\/www.immo-invest.ch\/fr\/categories\/regions\/"},{"label":"Suisse","link":"https:\/\/www.immo-invest.ch\/fr\/categories\/regions\/suisse\/"},{"label":"Zentralschweiz","link":"https:\/\/www.immo-invest.ch\/fr\/categories\/regions\/suisse\/region-zentralschweiz\/"},{"label":"Lucerne","link":"https:\/\/www.immo-invest.ch\/fr\/categories\/regions\/suisse\/region-zentralschweiz\/region-lucerne\/"},{"label":"Seetalplatz est confront\u00e9 \u00e0 une p\u00e9nurie de logements","link":"https:\/\/www.immo-invest.ch\/fr\/seetalplatz-kaempft-mit-leerem-wohnangebot\/"}],"featured_image_src":"https:\/\/www.immo-invest.ch\/wp-content\/uploads\/2026\/09\/Seetalplatz-kaempft-mit-leerem-Wohnangebot-immo-invest-336x168.png","_links":{"self":[{"href":"https:\/\/www.immo-invest.ch\/fr\/wp-json\/wp\/v2\/posts\/164417","targetHints":{"allow":["GET"]}}],"collection":[{"href":"https:\/\/www.immo-invest.ch\/fr\/wp-json\/wp\/v2\/posts"}],"about":[{"href":"https:\/\/www.immo-invest.ch\/fr\/wp-json\/wp\/v2\/types\/post"}],"author":[{"embeddable":true,"href":"https:\/\/www.immo-invest.ch\/fr\/wp-json\/wp\/v2\/users\/2"}],"replies":[{"embeddable":true,"href":"https:\/\/www.immo-invest.ch\/fr\/wp-json\/wp\/v2\/comments?post=164417"}],"version-history":[{"count":3,"href":"https:\/\/www.immo-invest.ch\/fr\/wp-json\/wp\/v2\/posts\/164417\/revisions"}],"predecessor-version":[{"id":164430,"href":"https:\/\/www.immo-invest.ch\/fr\/wp-json\/wp\/v2\/posts\/164417\/revisions\/164430"}],"wp:featuredmedia":[{"embeddable":true,"href":"https:\/\/www.immo-invest.ch\/fr\/wp-json\/wp\/v2\/media\/164418"}],"wp:attachment":[{"href":"https:\/\/www.immo-invest.ch\/fr\/wp-json\/wp\/v2\/media?parent=164417"}],"wp:term":[{"taxonomy":"category","embeddable":true,"href":"https:\/\/www.immo-invest.ch\/fr\/wp-json\/wp\/v2\/categories?post=164417"},{"taxonomy":"post_tag","embeddable":true,"href":"https:\/\/www.immo-invest.ch\/fr\/wp-json\/wp\/v2\/tags?post=164417"}],"curies":[{"name":"wp","href":"https:\/\/api.w.org\/{rel}","templated":true}]}}