{"id":164380,"date":"2026-09-04T16:00:00","date_gmt":"2026-09-04T14:00:00","guid":{"rendered":"https:\/\/www.immo-invest.ch\/?p=164380"},"modified":"2026-09-02T13:53:23","modified_gmt":"2026-09-02T11:53:23","slug":"mehr-tempo-reicht-nicht-gegen-den-wohnungsmangel","status":"publish","type":"post","link":"https:\/\/www.immo-invest.ch\/fr\/mehr-tempo-reicht-nicht-gegen-den-wohnungsmangel\/","title":{"rendered":"Acc\u00e9l\u00e9rer le rythme ne suffira pas \u00e0 r\u00e9soudre la p\u00e9nurie de logements"},"content":{"rendered":"<p>Le 2 avril 2026, le Conseil f&eacute;d&eacute;ral a pr&eacute;sent&eacute; son rapport sur l&rsquo;acc&eacute;l&eacute;ration des proc&eacute;dures en mati&egrave;re d&rsquo;am&eacute;nagement du territoire et de droit de la construction. Ce rapport met avant tout une chose en &eacute;vidence : Berne ne peut intervenir que de mani&egrave;re limit&eacute;e, car l&rsquo;am&eacute;nagement du territoire et le droit de la construction rel&egrave;vent en grande partie de la comp&eacute;tence des cantons. Ceux qui en d&eacute;duisent une fin rapide de la p&eacute;nurie de logements voient trop court.<\/p>\n<p>La construction de logements est en recul depuis des ann&eacute;es. Selon l&rsquo;Office f&eacute;d&eacute;ral du logement, quelque 53 000 nouveaux logements ont encore &eacute;t&eacute; construits en 2018. D&rsquo;ici 2023, ce chiffre est tomb&eacute; &agrave; environ 46 700, puis a chut&eacute; en 2024 &agrave; un peu moins de 40 000 logements. Pour 2025, on ne pr&eacute;voit qu&rsquo;une l&eacute;g&egrave;re reprise, qui, face &agrave; une demande toujours &eacute;lev&eacute;e, ne suffira pas &agrave; garantir l&rsquo;offre de logements.<\/p>\n<p><strong>La Conf&eacute;d&eacute;ration se heurte aux limites constitutionnelles<br>\n<\/strong>Le rapport de Berne aborde certes des leviers tels qu&rsquo;un resserrement des conditions de recours ou une pond&eacute;ration accrue accord&eacute;e &agrave; la construction de logements. Mais il pr&eacute;cise &eacute;galement que de nombreuses propositions empi&eacute;teraient directement sur la souverainet&eacute; cantonale en mati&egrave;re de proc&eacute;dure ou sur les droits fondamentaux. C&rsquo;est pr&eacute;cis&eacute;ment l&agrave; que se situe la limite. La Conf&eacute;d&eacute;ration peut fixer des principes, mais ce sont avant tout les cantons et les communes qui en assurent la mise en &oelig;uvre.<\/p>\n<p>Cela explique aussi pourquoi les grands projets restent au point mort, m&ecirc;me lorsque l&rsquo;on ne parle finalement plus que d&rsquo;acc&eacute;l&eacute;ration. &Agrave; Zurich, apr&egrave;s des ann&eacute;es de discussions sur la protection des monuments historiques et le plan d&rsquo;am&eacute;nagement, le projet des &laquo; Seebahn-H&ouml;fe &raquo; a en outre &eacute;t&eacute; soumis au vote populaire. La brochure de vote de la ville &eacute;value le projet &agrave; environ 350 logements pour quelque 1 000 personnes, contre 269 logements pour environ 500 habitants jusqu&rsquo;&agrave; pr&eacute;sent. Le r&eacute;f&eacute;rendum contre le plan d&rsquo;am&eacute;nagement avait abouti en juillet 2025, et le vote a eu lieu le 30 novembre 2025.<\/p>\n<p><strong>Zoug teste un levier plus risqu&eacute;<br>\n<\/strong>Le d&eacute;bat devient int&eacute;ressant lorsque ce ne sont pas seulement les proc&eacute;dures, mais les normes elles-m&ecirc;mes qui sont remises en question. Dans le canton de Zoug, le mod&egrave;le des &laquo; zones blanches &raquo; est &agrave; l&rsquo;ordre du jour sur le plan politique. Le 23 septembre 2025, le Conseil d&rsquo;&Eacute;tat s&rsquo;est prononc&eacute; en faveur de la poursuite de l&rsquo;&eacute;laboration de cet instrument et, le cas &eacute;ch&eacute;ant, de son int&eacute;gration ult&eacute;rieure dans la loi sur l&rsquo;am&eacute;nagement du territoire et les constructions. Le budget 2026 du canton stipule en outre que les possibilit&eacute;s offertes par de nouveaux instruments tels que la &laquo;zone blanche&raquo; doivent &ecirc;tre approfondies et examin&eacute;es en vue d&rsquo;une proc&eacute;dure l&eacute;gislative.<\/p>\n<p>Pour la pratique immobili&egrave;re, il s&rsquo;agit l&agrave; d&rsquo;un levier plus difficile &agrave; mettre en &oelig;uvre, mais plus d&eacute;cisif. Lorsque les distances, les hauteurs ou d&rsquo;autres exigences mat&eacute;rielles sont r&eacute;duites, cela diminue la charge de travail li&eacute;e &agrave; la planification, les clarifications n&eacute;cessaires et les frictions entre les diff&eacute;rents services sp&eacute;cialis&eacute;s. Or, c&rsquo;est pr&eacute;cis&eacute;ment cet ensemble dense de normes qui n&rsquo;a cess&eacute; de s&rsquo;&eacute;tendre ces derni&egrave;res ann&eacute;es, tandis que la construction de nouveaux logements a recul&eacute;. Des formulaires plus rapides et des d&eacute;lais plus courts n&rsquo;apportent alors qu&rsquo;une aide marginale.<\/p>\n<p>Reste &agrave; voir si cela se traduira rapidement par davantage de logements. Or, c&rsquo;est pr&eacute;cis&eacute;ment une v&eacute;ritable simplification r&eacute;glementaire qui soul&egrave;ve de nouvelles questions de responsabilit&eacute; et de d&eacute;limitation des comp&eacute;tences et qui exige un travail l&eacute;gislatif au niveau cantonal plut&ocirc;t qu&rsquo;un simple ajustement administratif. Pour les ma&icirc;tres d&rsquo;ouvrage, les promoteurs et les communes, la voie &agrave; suivre est n&eacute;anmoins claire. Ce n&rsquo;est que lorsque le nombre de prescriptions &agrave; respecter diminuera &ndash; et non pas simplement lorsque les m&ecirc;mes prescriptions seront respect&eacute;es plus rapidement &ndash; que l&rsquo;on verra &agrave; nouveau se construire un nombre important de logements.<\/p>\n","protected":false},"excerpt":{"rendered":"<p>En Suisse, il manque chaque ann\u00e9e des milliers de logements, bien que Berne \u00e9tudie des proc\u00e9dures plus rapides. Le probl\u00e8me est plus profond. Ce n\u2019est pas seulement la lenteur des proc\u00e9dures qui freine la construction de logements, mais un r\u00e9seau de plus en plus dense de r\u00e9glementations, que ce sont surtout les cantons et les communes qui devraient d\u00e9m\u00ealer.<\/p>\n","protected":false},"author":2,"featured_media":164381,"comment_status":"open","ping_status":"open","sticky":false,"template":"","format":"standard","meta":{"pmpro_default_level":"","inline_featured_image":false,"_monsterinsights_skip_tracking":false,"footnotes":""},"categories":[22357,56027,56003,8736,4957],"tags":[56997,872,3931,50088,2002,61736,61737,61738,21686],"class_list":["post-164380","post","type-post","status-publish","format-standard","has-post-thumbnail","hentry","category-industrie-du-batiment","category-planification-developpement","category-residentiel","category-region-zug","category-region-zurich","tag-baurecht","tag-immoinvest-fr","tag-immonews-fr","tag-kanton-zug-fr","tag-news-fr","tag-normenabbau","tag-seebahn-hofe","tag-verfahrensbeschleunigung","tag-wohnungsbau-fr","pmpro-has-access"],"acf":{"bild_mit_ki_erstellt_worden":["Ja"],"lead":"En Suisse, il manque chaque ann\u00e9e des milliers de logements, bien que Berne \u00e9tudie des proc\u00e9dures plus rapides. Le probl\u00e8me est plus profond. Ce n\u2019est pas seulement la lenteur des proc\u00e9dures qui freine la construction de logements, mais un r\u00e9seau de plus en plus dense de r\u00e9glementations, que ce sont surtout les cantons et les communes qui devraient d\u00e9m\u00ealer.","autor":"","ort":"","bildunterschrift":"","bild_im_grid":false,"gallerie":"","newsim":"3944"},"aioseo_notices":[],"aioseo_head":"\n\t\t<!-- All in One SEO 5.0.1.1 - aioseo.com -->\n\t<meta name=\"description\" content=\"En Suisse, il manque chaque ann\u00e9e des milliers de logements, bien que Berne \u00e9tudie des proc\u00e9dures plus rapides. Le probl\u00e8me est plus profond. Ce n\u2019est pas seulement la lenteur des proc\u00e9dures qui freine la construction de logements, mais un r\u00e9seau de plus en plus dense de r\u00e9glementations, que ce sont surtout les cantons et les communes qui devraient d\u00e9m\u00ealer.\" \/>\n\t<meta name=\"robots\" content=\"max-image-preview:large\" \/>\n\t<meta name=\"author\" content=\"immovestuser\"\/>\n\t<meta name=\"google-site-verification\" content=\"fHJKvgWpZCR2zVBHWfkQeFXC11qieUSff0HGNYfuyLA\" \/>\n\t<link rel=\"canonical\" href=\"https:\/\/www.immo-invest.ch\/fr\/mehr-tempo-reicht-nicht-gegen-den-wohnungsmangel\/\" \/>\n\t<meta name=\"generator\" content=\"All in One SEO (AIOSEO) 5.0.1.1\" \/>\n\t\t<meta property=\"og:locale\" content=\"fr_FR\" \/>\n\t\t<meta property=\"og:site_name\" content=\"immo!nvest - Die Plattform f\u00fcr Standorte und Immobilien - Die\u00a0Plattform f\u00fcr Standorte und Immobilien\" \/>\n\t\t<meta property=\"og:type\" content=\"article\" \/>\n\t\t<meta property=\"og:title\" content=\"Acc\u00e9l\u00e9rer le rythme ne suffira pas \u00e0 r\u00e9soudre la p\u00e9nurie de logements - immo!nvest - Die Plattform f\u00fcr Standorte und Immobilien\" \/>\n\t\t<meta property=\"og:description\" content=\"En Suisse, il manque chaque ann\u00e9e des milliers de logements, bien que Berne \u00e9tudie des proc\u00e9dures plus rapides. Le probl\u00e8me est plus profond. Ce n\u2019est pas seulement la lenteur des proc\u00e9dures qui freine la construction de logements, mais un r\u00e9seau de plus en plus dense de r\u00e9glementations, que ce sont surtout les cantons et les communes qui devraient d\u00e9m\u00ealer.\" \/>\n\t\t<meta property=\"og:url\" content=\"https:\/\/www.immo-invest.ch\/fr\/mehr-tempo-reicht-nicht-gegen-den-wohnungsmangel\/\" \/>\n\t\t<meta property=\"og:image\" content=\"https:\/\/www.immo-invest.ch\/wp-content\/uploads\/2026\/09\/Mehr-Tempo-reicht-nicht-gegen-den-Wohnungsmangel-immo-invest.png\" \/>\n\t\t<meta property=\"og:image:secure_url\" content=\"https:\/\/www.immo-invest.ch\/wp-content\/uploads\/2026\/09\/Mehr-Tempo-reicht-nicht-gegen-den-Wohnungsmangel-immo-invest.png\" \/>\n\t\t<meta property=\"og:image:width\" content=\"1536\" \/>\n\t\t<meta property=\"og:image:height\" content=\"768\" \/>\n\t\t<meta property=\"article:published_time\" content=\"2026-09-04T14:00:00+00:00\" \/>\n\t\t<meta property=\"article:modified_time\" content=\"2026-09-02T11:53:23+00:00\" \/>\n\t\t<meta property=\"article:publisher\" content=\"https:\/\/www.facebook.com\/people\/Immoinvest\/100077962920504\/\" \/>\n\t\t<meta name=\"twitter:card\" content=\"summary_large_image\" \/>\n\t\t<meta name=\"twitter:site\" content=\"@i\" \/>\n\t\t<meta name=\"twitter:title\" content=\"Acc\u00e9l\u00e9rer le rythme ne suffira pas \u00e0 r\u00e9soudre la p\u00e9nurie de logements - immo!nvest - Die Plattform f\u00fcr Standorte und Immobilien\" \/>\n\t\t<meta name=\"twitter:description\" content=\"En Suisse, il manque chaque ann\u00e9e des milliers de logements, bien que Berne \u00e9tudie des proc\u00e9dures plus rapides. Le probl\u00e8me est plus profond. Ce n\u2019est pas seulement la lenteur des proc\u00e9dures qui freine la construction de logements, mais un r\u00e9seau de plus en plus dense de r\u00e9glementations, que ce sont surtout les cantons et les communes qui devraient d\u00e9m\u00ealer.\" \/>\n\t\t<meta name=\"twitter:creator\" content=\"@i\" \/>\n\t\t<meta name=\"twitter:image\" content=\"https:\/\/www.immo-invest.ch\/wp-content\/uploads\/2026\/09\/Mehr-Tempo-reicht-nicht-gegen-den-Wohnungsmangel-immo-invest.png\" \/>\n\t\t<script type=\"application\/ld+json\" class=\"aioseo-schema\">\n\t\t\t{\"@context\":\"https:\\\/\\\/schema.org\",\"@graph\":[{\"@type\":\"BlogPosting\",\"@id\":\"https:\\\/\\\/www.immo-invest.ch\\\/fr\\\/mehr-tempo-reicht-nicht-gegen-den-wohnungsmangel\\\/#blogposting\",\"name\":\"Acc\\u00e9l\\u00e9rer le rythme ne suffira pas \\u00e0 r\\u00e9soudre la p\\u00e9nurie de logements - immo!nvest - Die Plattform f\\u00fcr Standorte und Immobilien\",\"headline\":\"Acc\\u00e9l\\u00e9rer le rythme ne suffira pas \\u00e0 r\\u00e9soudre la p\\u00e9nurie de logements\",\"author\":{\"@id\":\"https:\\\/\\\/www.immo-invest.ch\\\/fr\\\/author\\\/immovestuser\\\/#author\"},\"publisher\":{\"@id\":\"https:\\\/\\\/www.immo-invest.ch\\\/fr\\\/#organization\"},\"image\":{\"@type\":\"ImageObject\",\"url\":\"https:\\\/\\\/www.immo-invest.ch\\\/wp-content\\\/uploads\\\/2026\\\/09\\\/Mehr-Tempo-reicht-nicht-gegen-den-Wohnungsmangel-immo-invest.png\",\"width\":1536,\"height\":768},\"datePublished\":\"2026-09-04T16:00:00+02:00\",\"dateModified\":\"2026-09-02T13:53:23+02:00\",\"inLanguage\":\"fr-FR\",\"mainEntityOfPage\":{\"@id\":\"https:\\\/\\\/www.immo-invest.ch\\\/fr\\\/mehr-tempo-reicht-nicht-gegen-den-wohnungsmangel\\\/#webpage\"},\"isPartOf\":{\"@id\":\"https:\\\/\\\/www.immo-invest.ch\\\/fr\\\/mehr-tempo-reicht-nicht-gegen-den-wohnungsmangel\\\/#webpage\"},\"articleSection\":\"Industrie du b\\u00e2timent, Planification \\\/ D\\u00e9veloppement, R\\u00e9sidentiel, Zug, Zurich, Baurecht, Immoinvest, immoNews, Kanton Zug, News, Normenabbau, Seebahn-H\\u00f6fe, Verfahrensbeschleunigung, Wohnungsbau, Facultatif\"},{\"@type\":\"BreadcrumbList\",\"@id\":\"https:\\\/\\\/www.immo-invest.ch\\\/fr\\\/mehr-tempo-reicht-nicht-gegen-den-wohnungsmangel\\\/#breadcrumblist\",\"itemListElement\":[{\"@type\":\"ListItem\",\"@id\":\"https:\\\/\\\/www.immo-invest.ch\\\/fr\\\/#listItem\",\"position\":1,\"name\":\"Home\",\"item\":\"https:\\\/\\\/www.immo-invest.ch\\\/fr\\\/\",\"nextItem\":{\"@type\":\"ListItem\",\"@id\":\"https:\\\/\\\/www.immo-invest.ch\\\/fr\\\/categories\\\/regions\\\/#listItem\",\"name\":\"R\\u00e9gions\"}},{\"@type\":\"ListItem\",\"@id\":\"https:\\\/\\\/www.immo-invest.ch\\\/fr\\\/categories\\\/regions\\\/#listItem\",\"position\":2,\"name\":\"R\\u00e9gions\",\"item\":\"https:\\\/\\\/www.immo-invest.ch\\\/fr\\\/categories\\\/regions\\\/\",\"nextItem\":{\"@type\":\"ListItem\",\"@id\":\"https:\\\/\\\/www.immo-invest.ch\\\/fr\\\/categories\\\/regions\\\/suisse\\\/#listItem\",\"name\":\"Suisse\"},\"previousItem\":{\"@type\":\"ListItem\",\"@id\":\"https:\\\/\\\/www.immo-invest.ch\\\/fr\\\/#listItem\",\"name\":\"Home\"}},{\"@type\":\"ListItem\",\"@id\":\"https:\\\/\\\/www.immo-invest.ch\\\/fr\\\/categories\\\/regions\\\/suisse\\\/#listItem\",\"position\":3,\"name\":\"Suisse\",\"item\":\"https:\\\/\\\/www.immo-invest.ch\\\/fr\\\/categories\\\/regions\\\/suisse\\\/\",\"nextItem\":{\"@type\":\"ListItem\",\"@id\":\"https:\\\/\\\/www.immo-invest.ch\\\/fr\\\/categories\\\/regions\\\/suisse\\\/region-zentralschweiz\\\/#listItem\",\"name\":\"Zentralschweiz\"},\"previousItem\":{\"@type\":\"ListItem\",\"@id\":\"https:\\\/\\\/www.immo-invest.ch\\\/fr\\\/categories\\\/regions\\\/#listItem\",\"name\":\"R\\u00e9gions\"}},{\"@type\":\"ListItem\",\"@id\":\"https:\\\/\\\/www.immo-invest.ch\\\/fr\\\/categories\\\/regions\\\/suisse\\\/region-zentralschweiz\\\/#listItem\",\"position\":4,\"name\":\"Zentralschweiz\",\"item\":\"https:\\\/\\\/www.immo-invest.ch\\\/fr\\\/categories\\\/regions\\\/suisse\\\/region-zentralschweiz\\\/\",\"nextItem\":{\"@type\":\"ListItem\",\"@id\":\"https:\\\/\\\/www.immo-invest.ch\\\/fr\\\/categories\\\/regions\\\/suisse\\\/region-zentralschweiz\\\/region-zug\\\/#listItem\",\"name\":\"Zug\"},\"previousItem\":{\"@type\":\"ListItem\",\"@id\":\"https:\\\/\\\/www.immo-invest.ch\\\/fr\\\/categories\\\/regions\\\/suisse\\\/#listItem\",\"name\":\"Suisse\"}},{\"@type\":\"ListItem\",\"@id\":\"https:\\\/\\\/www.immo-invest.ch\\\/fr\\\/categories\\\/regions\\\/suisse\\\/region-zentralschweiz\\\/region-zug\\\/#listItem\",\"position\":5,\"name\":\"Zug\",\"item\":\"https:\\\/\\\/www.immo-invest.ch\\\/fr\\\/categories\\\/regions\\\/suisse\\\/region-zentralschweiz\\\/region-zug\\\/\",\"nextItem\":{\"@type\":\"ListItem\",\"@id\":\"https:\\\/\\\/www.immo-invest.ch\\\/fr\\\/mehr-tempo-reicht-nicht-gegen-den-wohnungsmangel\\\/#listItem\",\"name\":\"Acc\\u00e9l\\u00e9rer le rythme ne suffira pas \\u00e0 r\\u00e9soudre la p\\u00e9nurie de logements\"},\"previousItem\":{\"@type\":\"ListItem\",\"@id\":\"https:\\\/\\\/www.immo-invest.ch\\\/fr\\\/categories\\\/regions\\\/suisse\\\/region-zentralschweiz\\\/#listItem\",\"name\":\"Zentralschweiz\"}},{\"@type\":\"ListItem\",\"@id\":\"https:\\\/\\\/www.immo-invest.ch\\\/fr\\\/mehr-tempo-reicht-nicht-gegen-den-wohnungsmangel\\\/#listItem\",\"position\":6,\"name\":\"Acc\\u00e9l\\u00e9rer le rythme ne suffira pas \\u00e0 r\\u00e9soudre la p\\u00e9nurie de logements\",\"previousItem\":{\"@type\":\"ListItem\",\"@id\":\"https:\\\/\\\/www.immo-invest.ch\\\/fr\\\/categories\\\/regions\\\/suisse\\\/region-zentralschweiz\\\/region-zug\\\/#listItem\",\"name\":\"Zug\"}}]},{\"@type\":\"Organization\",\"@id\":\"https:\\\/\\\/www.immo-invest.ch\\\/fr\\\/#organization\",\"name\":\"immo!nvest - Die Plattform f\\u00fcr Standorte und Immobilien\",\"description\":\"Die\\u00a0Plattform f\\u00fcr Standorte und Immobilien\",\"url\":\"https:\\\/\\\/www.immo-invest.ch\\\/fr\\\/\",\"email\":\"admin@immomedia.ag\",\"telephone\":\"+41444420002\",\"logo\":{\"@type\":\"ImageObject\",\"url\":\"https:\\\/\\\/www.immo-invest.ch\\\/wp-content\\\/uploads\\\/2024\\\/09\\\/immoinvest_sm-scaled.jpg\",\"@id\":\"https:\\\/\\\/www.immo-invest.ch\\\/fr\\\/mehr-tempo-reicht-nicht-gegen-den-wohnungsmangel\\\/#organizationLogo\",\"width\":2560,\"height\":1340},\"image\":{\"@id\":\"https:\\\/\\\/www.immo-invest.ch\\\/fr\\\/mehr-tempo-reicht-nicht-gegen-den-wohnungsmangel\\\/#organizationLogo\"},\"sameAs\":[\"https:\\\/\\\/www.facebook.com\\\/people\\\/Immoinvest\\\/100077962920504\\\/\",\"https:\\\/\\\/x.com\\\/i\\\/flow\\\/login?redirect_after_login=immoinvest_ch\",\"https:\\\/\\\/www.instagram.com\\\/immoinvest_ch\\\/\",\"https:\\\/\\\/www.linkedin.com\\\/company\\\/immoinvest-swiss\"]},{\"@type\":\"Person\",\"@id\":\"https:\\\/\\\/www.immo-invest.ch\\\/fr\\\/author\\\/immovestuser\\\/#author\",\"url\":\"https:\\\/\\\/www.immo-invest.ch\\\/fr\\\/author\\\/immovestuser\\\/\",\"name\":\"immovestuser\",\"image\":{\"@type\":\"ImageObject\",\"@id\":\"https:\\\/\\\/www.immo-invest.ch\\\/fr\\\/mehr-tempo-reicht-nicht-gegen-den-wohnungsmangel\\\/#authorImage\",\"url\":\"https:\\\/\\\/secure.gravatar.com\\\/avatar\\\/8e01f4d99f2eeea7a362ebb93305e1172a70e9293ba250f897a65c39f54cdd1e?s=96&d=mm&r=g\",\"width\":96,\"height\":96,\"caption\":\"immovestuser\"}},{\"@type\":\"WebPage\",\"@id\":\"https:\\\/\\\/www.immo-invest.ch\\\/fr\\\/mehr-tempo-reicht-nicht-gegen-den-wohnungsmangel\\\/#webpage\",\"url\":\"https:\\\/\\\/www.immo-invest.ch\\\/fr\\\/mehr-tempo-reicht-nicht-gegen-den-wohnungsmangel\\\/\",\"name\":\"Acc\\u00e9l\\u00e9rer le rythme ne suffira pas \\u00e0 r\\u00e9soudre la p\\u00e9nurie de logements - immo!nvest - Die Plattform f\\u00fcr Standorte und Immobilien\",\"description\":\"En Suisse, il manque chaque ann\\u00e9e des milliers de logements, bien que Berne \\u00e9tudie des proc\\u00e9dures plus rapides. Le probl\\u00e8me est plus profond. Ce n\\u2019est pas seulement la lenteur des proc\\u00e9dures qui freine la construction de logements, mais un r\\u00e9seau de plus en plus dense de r\\u00e9glementations, que ce sont surtout les cantons et les communes qui devraient d\\u00e9m\\u00ealer.\",\"inLanguage\":\"fr-FR\",\"isPartOf\":{\"@id\":\"https:\\\/\\\/www.immo-invest.ch\\\/fr\\\/#website\"},\"breadcrumb\":{\"@id\":\"https:\\\/\\\/www.immo-invest.ch\\\/fr\\\/mehr-tempo-reicht-nicht-gegen-den-wohnungsmangel\\\/#breadcrumblist\"},\"author\":{\"@id\":\"https:\\\/\\\/www.immo-invest.ch\\\/fr\\\/author\\\/immovestuser\\\/#author\"},\"creator\":{\"@id\":\"https:\\\/\\\/www.immo-invest.ch\\\/fr\\\/author\\\/immovestuser\\\/#author\"},\"image\":{\"@type\":\"ImageObject\",\"url\":\"https:\\\/\\\/www.immo-invest.ch\\\/wp-content\\\/uploads\\\/2026\\\/09\\\/Mehr-Tempo-reicht-nicht-gegen-den-Wohnungsmangel-immo-invest.png\",\"@id\":\"https:\\\/\\\/www.immo-invest.ch\\\/fr\\\/mehr-tempo-reicht-nicht-gegen-den-wohnungsmangel\\\/#mainImage\",\"width\":1536,\"height\":768},\"primaryImageOfPage\":{\"@id\":\"https:\\\/\\\/www.immo-invest.ch\\\/fr\\\/mehr-tempo-reicht-nicht-gegen-den-wohnungsmangel\\\/#mainImage\"},\"datePublished\":\"2026-09-04T16:00:00+02:00\",\"dateModified\":\"2026-09-02T13:53:23+02:00\"},{\"@type\":\"WebSite\",\"@id\":\"https:\\\/\\\/www.immo-invest.ch\\\/fr\\\/#website\",\"url\":\"https:\\\/\\\/www.immo-invest.ch\\\/fr\\\/\",\"name\":\"immo!nvest - Die Plattform f\\u00fcr Standorte und Immobilien\",\"description\":\"Die\\u00a0Plattform f\\u00fcr Standorte und Immobilien\",\"inLanguage\":\"fr-FR\",\"publisher\":{\"@id\":\"https:\\\/\\\/www.immo-invest.ch\\\/fr\\\/#organization\"}}]}\n\t\t<\/script>\n\t\t<!-- All in One SEO -->\n\n","aioseo_head_json":{"title":"Acc\u00e9l\u00e9rer le rythme ne suffira pas \u00e0 r\u00e9soudre la p\u00e9nurie de logements - immo!nvest - Die Plattform f\u00fcr Standorte und Immobilien","description":"En Suisse, il manque chaque ann\u00e9e des milliers de logements, bien que Berne \u00e9tudie des proc\u00e9dures plus rapides. Le probl\u00e8me est plus profond. Ce n\u2019est pas seulement la lenteur des proc\u00e9dures qui freine la construction de logements, mais un r\u00e9seau de plus en plus dense de r\u00e9glementations, que ce sont surtout les cantons et les communes qui devraient d\u00e9m\u00ealer.","canonical_url":"https:\/\/www.immo-invest.ch\/fr\/mehr-tempo-reicht-nicht-gegen-den-wohnungsmangel\/","robots":"max-image-preview:large","keywords":"","webmasterTools":{"google-site-verification":"fHJKvgWpZCR2zVBHWfkQeFXC11qieUSff0HGNYfuyLA","miscellaneous":""},"schema":{"@context":"https:\/\/schema.org","@graph":[{"@type":"BlogPosting","@id":"https:\/\/www.immo-invest.ch\/fr\/mehr-tempo-reicht-nicht-gegen-den-wohnungsmangel\/#blogposting","name":"Acc\u00e9l\u00e9rer le rythme ne suffira pas \u00e0 r\u00e9soudre la p\u00e9nurie de logements - immo!nvest - Die Plattform f\u00fcr Standorte und Immobilien","headline":"Acc\u00e9l\u00e9rer le rythme ne suffira pas \u00e0 r\u00e9soudre la p\u00e9nurie de logements","author":{"@id":"https:\/\/www.immo-invest.ch\/fr\/author\/immovestuser\/#author"},"publisher":{"@id":"https:\/\/www.immo-invest.ch\/fr\/#organization"},"image":{"@type":"ImageObject","url":"https:\/\/www.immo-invest.ch\/wp-content\/uploads\/2026\/09\/Mehr-Tempo-reicht-nicht-gegen-den-Wohnungsmangel-immo-invest.png","width":1536,"height":768},"datePublished":"2026-09-04T16:00:00+02:00","dateModified":"2026-09-02T13:53:23+02:00","inLanguage":"fr-FR","mainEntityOfPage":{"@id":"https:\/\/www.immo-invest.ch\/fr\/mehr-tempo-reicht-nicht-gegen-den-wohnungsmangel\/#webpage"},"isPartOf":{"@id":"https:\/\/www.immo-invest.ch\/fr\/mehr-tempo-reicht-nicht-gegen-den-wohnungsmangel\/#webpage"},"articleSection":"Industrie du b\u00e2timent, Planification \/ D\u00e9veloppement, R\u00e9sidentiel, Zug, Zurich, Baurecht, Immoinvest, immoNews, Kanton Zug, News, Normenabbau, Seebahn-H\u00f6fe, Verfahrensbeschleunigung, Wohnungsbau, Facultatif"},{"@type":"BreadcrumbList","@id":"https:\/\/www.immo-invest.ch\/fr\/mehr-tempo-reicht-nicht-gegen-den-wohnungsmangel\/#breadcrumblist","itemListElement":[{"@type":"ListItem","@id":"https:\/\/www.immo-invest.ch\/fr\/#listItem","position":1,"name":"Home","item":"https:\/\/www.immo-invest.ch\/fr\/","nextItem":{"@type":"ListItem","@id":"https:\/\/www.immo-invest.ch\/fr\/categories\/regions\/#listItem","name":"R\u00e9gions"}},{"@type":"ListItem","@id":"https:\/\/www.immo-invest.ch\/fr\/categories\/regions\/#listItem","position":2,"name":"R\u00e9gions","item":"https:\/\/www.immo-invest.ch\/fr\/categories\/regions\/","nextItem":{"@type":"ListItem","@id":"https:\/\/www.immo-invest.ch\/fr\/categories\/regions\/suisse\/#listItem","name":"Suisse"},"previousItem":{"@type":"ListItem","@id":"https:\/\/www.immo-invest.ch\/fr\/#listItem","name":"Home"}},{"@type":"ListItem","@id":"https:\/\/www.immo-invest.ch\/fr\/categories\/regions\/suisse\/#listItem","position":3,"name":"Suisse","item":"https:\/\/www.immo-invest.ch\/fr\/categories\/regions\/suisse\/","nextItem":{"@type":"ListItem","@id":"https:\/\/www.immo-invest.ch\/fr\/categories\/regions\/suisse\/region-zentralschweiz\/#listItem","name":"Zentralschweiz"},"previousItem":{"@type":"ListItem","@id":"https:\/\/www.immo-invest.ch\/fr\/categories\/regions\/#listItem","name":"R\u00e9gions"}},{"@type":"ListItem","@id":"https:\/\/www.immo-invest.ch\/fr\/categories\/regions\/suisse\/region-zentralschweiz\/#listItem","position":4,"name":"Zentralschweiz","item":"https:\/\/www.immo-invest.ch\/fr\/categories\/regions\/suisse\/region-zentralschweiz\/","nextItem":{"@type":"ListItem","@id":"https:\/\/www.immo-invest.ch\/fr\/categories\/regions\/suisse\/region-zentralschweiz\/region-zug\/#listItem","name":"Zug"},"previousItem":{"@type":"ListItem","@id":"https:\/\/www.immo-invest.ch\/fr\/categories\/regions\/suisse\/#listItem","name":"Suisse"}},{"@type":"ListItem","@id":"https:\/\/www.immo-invest.ch\/fr\/categories\/regions\/suisse\/region-zentralschweiz\/region-zug\/#listItem","position":5,"name":"Zug","item":"https:\/\/www.immo-invest.ch\/fr\/categories\/regions\/suisse\/region-zentralschweiz\/region-zug\/","nextItem":{"@type":"ListItem","@id":"https:\/\/www.immo-invest.ch\/fr\/mehr-tempo-reicht-nicht-gegen-den-wohnungsmangel\/#listItem","name":"Acc\u00e9l\u00e9rer le rythme ne suffira pas \u00e0 r\u00e9soudre la p\u00e9nurie de logements"},"previousItem":{"@type":"ListItem","@id":"https:\/\/www.immo-invest.ch\/fr\/categories\/regions\/suisse\/region-zentralschweiz\/#listItem","name":"Zentralschweiz"}},{"@type":"ListItem","@id":"https:\/\/www.immo-invest.ch\/fr\/mehr-tempo-reicht-nicht-gegen-den-wohnungsmangel\/#listItem","position":6,"name":"Acc\u00e9l\u00e9rer le rythme ne suffira pas \u00e0 r\u00e9soudre la p\u00e9nurie de logements","previousItem":{"@type":"ListItem","@id":"https:\/\/www.immo-invest.ch\/fr\/categories\/regions\/suisse\/region-zentralschweiz\/region-zug\/#listItem","name":"Zug"}}]},{"@type":"Organization","@id":"https:\/\/www.immo-invest.ch\/fr\/#organization","name":"immo!nvest - Die Plattform f\u00fcr Standorte und Immobilien","description":"Die\u00a0Plattform f\u00fcr Standorte und Immobilien","url":"https:\/\/www.immo-invest.ch\/fr\/","email":"admin@immomedia.ag","telephone":"+41444420002","logo":{"@type":"ImageObject","url":"https:\/\/www.immo-invest.ch\/wp-content\/uploads\/2024\/09\/immoinvest_sm-scaled.jpg","@id":"https:\/\/www.immo-invest.ch\/fr\/mehr-tempo-reicht-nicht-gegen-den-wohnungsmangel\/#organizationLogo","width":2560,"height":1340},"image":{"@id":"https:\/\/www.immo-invest.ch\/fr\/mehr-tempo-reicht-nicht-gegen-den-wohnungsmangel\/#organizationLogo"},"sameAs":["https:\/\/www.facebook.com\/people\/Immoinvest\/100077962920504\/","https:\/\/x.com\/i\/flow\/login?redirect_after_login=immoinvest_ch","https:\/\/www.instagram.com\/immoinvest_ch\/","https:\/\/www.linkedin.com\/company\/immoinvest-swiss"]},{"@type":"Person","@id":"https:\/\/www.immo-invest.ch\/fr\/author\/immovestuser\/#author","url":"https:\/\/www.immo-invest.ch\/fr\/author\/immovestuser\/","name":"immovestuser","image":{"@type":"ImageObject","@id":"https:\/\/www.immo-invest.ch\/fr\/mehr-tempo-reicht-nicht-gegen-den-wohnungsmangel\/#authorImage","url":"https:\/\/secure.gravatar.com\/avatar\/8e01f4d99f2eeea7a362ebb93305e1172a70e9293ba250f897a65c39f54cdd1e?s=96&d=mm&r=g","width":96,"height":96,"caption":"immovestuser"}},{"@type":"WebPage","@id":"https:\/\/www.immo-invest.ch\/fr\/mehr-tempo-reicht-nicht-gegen-den-wohnungsmangel\/#webpage","url":"https:\/\/www.immo-invest.ch\/fr\/mehr-tempo-reicht-nicht-gegen-den-wohnungsmangel\/","name":"Acc\u00e9l\u00e9rer le rythme ne suffira pas \u00e0 r\u00e9soudre la p\u00e9nurie de logements - immo!nvest - Die Plattform f\u00fcr Standorte und Immobilien","description":"En Suisse, il manque chaque ann\u00e9e des milliers de logements, bien que Berne \u00e9tudie des proc\u00e9dures plus rapides. Le probl\u00e8me est plus profond. Ce n\u2019est pas seulement la lenteur des proc\u00e9dures qui freine la construction de logements, mais un r\u00e9seau de plus en plus dense de r\u00e9glementations, que ce sont surtout les cantons et les communes qui devraient d\u00e9m\u00ealer.","inLanguage":"fr-FR","isPartOf":{"@id":"https:\/\/www.immo-invest.ch\/fr\/#website"},"breadcrumb":{"@id":"https:\/\/www.immo-invest.ch\/fr\/mehr-tempo-reicht-nicht-gegen-den-wohnungsmangel\/#breadcrumblist"},"author":{"@id":"https:\/\/www.immo-invest.ch\/fr\/author\/immovestuser\/#author"},"creator":{"@id":"https:\/\/www.immo-invest.ch\/fr\/author\/immovestuser\/#author"},"image":{"@type":"ImageObject","url":"https:\/\/www.immo-invest.ch\/wp-content\/uploads\/2026\/09\/Mehr-Tempo-reicht-nicht-gegen-den-Wohnungsmangel-immo-invest.png","@id":"https:\/\/www.immo-invest.ch\/fr\/mehr-tempo-reicht-nicht-gegen-den-wohnungsmangel\/#mainImage","width":1536,"height":768},"primaryImageOfPage":{"@id":"https:\/\/www.immo-invest.ch\/fr\/mehr-tempo-reicht-nicht-gegen-den-wohnungsmangel\/#mainImage"},"datePublished":"2026-09-04T16:00:00+02:00","dateModified":"2026-09-02T13:53:23+02:00"},{"@type":"WebSite","@id":"https:\/\/www.immo-invest.ch\/fr\/#website","url":"https:\/\/www.immo-invest.ch\/fr\/","name":"immo!nvest - Die Plattform f\u00fcr Standorte und Immobilien","description":"Die\u00a0Plattform f\u00fcr Standorte und Immobilien","inLanguage":"fr-FR","publisher":{"@id":"https:\/\/www.immo-invest.ch\/fr\/#organization"}}]},"og:locale":"fr_FR","og:site_name":"immo!nvest - Die Plattform f\u00fcr Standorte und Immobilien - Die\u00a0Plattform f\u00fcr Standorte und Immobilien","og:type":"article","og:title":"Acc\u00e9l\u00e9rer le rythme ne suffira pas \u00e0 r\u00e9soudre la p\u00e9nurie de logements - immo!nvest - Die Plattform f\u00fcr Standorte und Immobilien","og:description":"En Suisse, il manque chaque ann\u00e9e des milliers de logements, bien que Berne \u00e9tudie des proc\u00e9dures plus rapides. Le probl\u00e8me est plus profond. Ce n\u2019est pas seulement la lenteur des proc\u00e9dures qui freine la construction de logements, mais un r\u00e9seau de plus en plus dense de r\u00e9glementations, que ce sont surtout les cantons et les communes qui devraient d\u00e9m\u00ealer.","og:url":"https:\/\/www.immo-invest.ch\/fr\/mehr-tempo-reicht-nicht-gegen-den-wohnungsmangel\/","og:image":"https:\/\/www.immo-invest.ch\/wp-content\/uploads\/2026\/09\/Mehr-Tempo-reicht-nicht-gegen-den-Wohnungsmangel-immo-invest.png","og:image:secure_url":"https:\/\/www.immo-invest.ch\/wp-content\/uploads\/2026\/09\/Mehr-Tempo-reicht-nicht-gegen-den-Wohnungsmangel-immo-invest.png","og:image:width":1536,"og:image:height":768,"article:published_time":"2026-09-04T14:00:00+00:00","article:modified_time":"2026-09-02T11:53:23+00:00","article:publisher":"https:\/\/www.facebook.com\/people\/Immoinvest\/100077962920504\/","twitter:card":"summary_large_image","twitter:site":"@i","twitter:title":"Acc\u00e9l\u00e9rer le rythme ne suffira pas \u00e0 r\u00e9soudre la p\u00e9nurie de logements - immo!nvest - Die Plattform f\u00fcr Standorte und Immobilien","twitter:description":"En Suisse, il manque chaque ann\u00e9e des milliers de logements, bien que Berne \u00e9tudie des proc\u00e9dures plus rapides. Le probl\u00e8me est plus profond. Ce n\u2019est pas seulement la lenteur des proc\u00e9dures qui freine la construction de logements, mais un r\u00e9seau de plus en plus dense de r\u00e9glementations, que ce sont surtout les cantons et les communes qui devraient d\u00e9m\u00ealer.","twitter:creator":"@i","twitter:image":"https:\/\/www.immo-invest.ch\/wp-content\/uploads\/2026\/09\/Mehr-Tempo-reicht-nicht-gegen-den-Wohnungsmangel-immo-invest.png"},"aioseo_meta_data":{"post_id":"164380","title":null,"description":null,"keywords":null,"keyphrases":{"focus":{"keyphrase":"","score":0,"analysis":{"keyphraseInTitle":{"score":0,"maxScore":9,"error":1}}},"additional":[]},"primary_term":null,"canonical_url":null,"og_title":null,"og_description":null,"og_object_type":"default","og_image_type":"default","og_image_url":null,"og_image_width":null,"og_image_height":null,"og_image_custom_url":null,"og_image_custom_fields":null,"og_video":"","og_custom_url":null,"og_article_section":null,"og_article_tags":null,"twitter_use_og":false,"twitter_card":"default","twitter_image_type":"default","twitter_image_url":null,"twitter_image_custom_url":null,"twitter_image_custom_fields":null,"twitter_title":null,"twitter_description":null,"schema":{"blockGraphs":[],"customGraphs":[],"default":{"data":{"Article":[],"Course":[],"Dataset":[],"FAQPage":[],"Movie":[],"Person":[],"Product":[],"ProductReview":[],"Car":[],"Recipe":[],"Service":[],"SoftwareApplication":[],"WebPage":[]},"graphName":"BlogPosting","isEnabled":true},"graphs":[]},"schema_type":"default","schema_type_options":null,"pillar_content":false,"robots_default":true,"robots_noindex":false,"robots_noarchive":false,"robots_nosnippet":false,"robots_nofollow":false,"robots_noimageindex":false,"robots_noodp":false,"robots_notranslate":false,"robots_max_snippet":"-1","robots_max_videopreview":"-1","robots_max_imagepreview":"large","priority":null,"frequency":"default","local_seo":null,"breadcrumb_settings":null,"limit_modified_date":false,"ai":{"faqs":[],"keyPoints":[],"schemas":[],"titles":[],"descriptions":[],"socialPosts":{"email":{"subject":"","preview":"","content":""},"linkedin":[],"twitter":[],"facebook":[],"instagram":[]}},"created":"2026-09-02 11:53:24","updated":"2026-09-04 15:01:34","seo_analyzer_scan_date":null,"focus_keyword":null,"additional_keywords":null,"truseo_locale":null},"aioseo_breadcrumb":"<div class=\"aioseo-breadcrumbs\"><span class=\"aioseo-breadcrumb\">\n\t\t\t<a href=\"https:\/\/www.immo-invest.ch\/fr\/\" title=\"Home\">Home<\/a>\n\t\t<\/span><span class=\"aioseo-breadcrumb-separator\">&raquo;<\/span><span class=\"aioseo-breadcrumb\">\n\t\t\t<a href=\"https:\/\/www.immo-invest.ch\/fr\/categories\/regions\/\" title=\"R\u00e9gions\">R\u00e9gions<\/a>\n\t\t<\/span><span class=\"aioseo-breadcrumb-separator\">&raquo;<\/span><span class=\"aioseo-breadcrumb\">\n\t\t\t<a href=\"https:\/\/www.immo-invest.ch\/fr\/categories\/regions\/suisse\/\" title=\"Suisse\">Suisse<\/a>\n\t\t<\/span><span class=\"aioseo-breadcrumb-separator\">&raquo;<\/span><span class=\"aioseo-breadcrumb\">\n\t\t\t<a href=\"https:\/\/www.immo-invest.ch\/fr\/categories\/regions\/suisse\/region-zentralschweiz\/\" title=\"Zentralschweiz\">Zentralschweiz<\/a>\n\t\t<\/span><span class=\"aioseo-breadcrumb-separator\">&raquo;<\/span><span class=\"aioseo-breadcrumb\">\n\t\t\t<a href=\"https:\/\/www.immo-invest.ch\/fr\/categories\/regions\/suisse\/region-zentralschweiz\/region-zug\/\" title=\"Zug\">Zug<\/a>\n\t\t<\/span><span class=\"aioseo-breadcrumb-separator\">&raquo;<\/span><span class=\"aioseo-breadcrumb\">\n\t\t\tAcc\u00e9l\u00e9rer le rythme ne suffira pas \u00e0 r\u00e9soudre la p\u00e9nurie de logements\n\t\t<\/span><\/div>","aioseo_breadcrumb_json":[{"label":"Home","link":"https:\/\/www.immo-invest.ch\/fr\/"},{"label":"R\u00e9gions","link":"https:\/\/www.immo-invest.ch\/fr\/categories\/regions\/"},{"label":"Suisse","link":"https:\/\/www.immo-invest.ch\/fr\/categories\/regions\/suisse\/"},{"label":"Zentralschweiz","link":"https:\/\/www.immo-invest.ch\/fr\/categories\/regions\/suisse\/region-zentralschweiz\/"},{"label":"Zug","link":"https:\/\/www.immo-invest.ch\/fr\/categories\/regions\/suisse\/region-zentralschweiz\/region-zug\/"},{"label":"Acc\u00e9l\u00e9rer le rythme ne suffira pas \u00e0 r\u00e9soudre la p\u00e9nurie de logements","link":"https:\/\/www.immo-invest.ch\/fr\/mehr-tempo-reicht-nicht-gegen-den-wohnungsmangel\/"}],"featured_image_src":"https:\/\/www.immo-invest.ch\/wp-content\/uploads\/2026\/09\/Mehr-Tempo-reicht-nicht-gegen-den-Wohnungsmangel-immo-invest-336x168.png","_links":{"self":[{"href":"https:\/\/www.immo-invest.ch\/fr\/wp-json\/wp\/v2\/posts\/164380","targetHints":{"allow":["GET"]}}],"collection":[{"href":"https:\/\/www.immo-invest.ch\/fr\/wp-json\/wp\/v2\/posts"}],"about":[{"href":"https:\/\/www.immo-invest.ch\/fr\/wp-json\/wp\/v2\/types\/post"}],"author":[{"embeddable":true,"href":"https:\/\/www.immo-invest.ch\/fr\/wp-json\/wp\/v2\/users\/2"}],"replies":[{"embeddable":true,"href":"https:\/\/www.immo-invest.ch\/fr\/wp-json\/wp\/v2\/comments?post=164380"}],"version-history":[{"count":3,"href":"https:\/\/www.immo-invest.ch\/fr\/wp-json\/wp\/v2\/posts\/164380\/revisions"}],"predecessor-version":[{"id":164392,"href":"https:\/\/www.immo-invest.ch\/fr\/wp-json\/wp\/v2\/posts\/164380\/revisions\/164392"}],"wp:featuredmedia":[{"embeddable":true,"href":"https:\/\/www.immo-invest.ch\/fr\/wp-json\/wp\/v2\/media\/164381"}],"wp:attachment":[{"href":"https:\/\/www.immo-invest.ch\/fr\/wp-json\/wp\/v2\/media?parent=164380"}],"wp:term":[{"taxonomy":"category","embeddable":true,"href":"https:\/\/www.immo-invest.ch\/fr\/wp-json\/wp\/v2\/categories?post=164380"},{"taxonomy":"post_tag","embeddable":true,"href":"https:\/\/www.immo-invest.ch\/fr\/wp-json\/wp\/v2\/tags?post=164380"}],"curies":[{"name":"wp","href":"https:\/\/api.w.org\/{rel}","templated":true}]}}