{"id":164365,"date":"2026-09-04T14:00:00","date_gmt":"2026-09-04T12:00:00","guid":{"rendered":"https:\/\/www.immo-invest.ch\/?p=164365"},"modified":"2026-09-02T13:42:04","modified_gmt":"2026-09-02T11:42:04","slug":"berlin-droht-beim-wohnungsbau-der-falsche-hebel","status":"publish","type":"post","link":"https:\/\/www.immo-invest.ch\/fr\/berlin-droht-beim-wohnungsbau-der-falsche-hebel\/","title":{"rendered":"Berlin risque de ne pas agir l\u00e0 o\u00f9 il faut en mati\u00e8re de construction de logements"},"content":{"rendered":"<p>Cette initiative intervient sur un march&eacute; qui continue de se contracter. L&rsquo;Institut ifo pr&eacute;voit pour l&rsquo;Allemagne seulement 185 000 logements achev&eacute;s en 2026, contre 207 000 en 2025. C&rsquo;est pr&eacute;cis&eacute;ment dans ce contexte que l&rsquo;IMK se demande si une nouvelle soci&eacute;t&eacute; f&eacute;d&eacute;rale, qu&rsquo;il faudrait cr&eacute;er, serait en mesure de rem&eacute;dier &agrave; cette p&eacute;nurie &agrave; temps et &agrave; une &eacute;chelle suffisante.<\/p>\n<p>L&rsquo;&eacute;tude de la Fondation Hans-B&ouml;ckler, publi&eacute;e le 31 ao&ucirc;t 2026, propose une alternative claire. Au lieu de cr&eacute;er une soci&eacute;t&eacute; de construction publique centralis&eacute;e, l&rsquo;&Eacute;tat f&eacute;d&eacute;ral devrait mobiliser les soci&eacute;t&eacute;s de logement publiques et priv&eacute;es existantes au moyen de garanties ou de pr&ecirc;ts directs couvrant environ 50 % du co&ucirc;t de construction. En contrepartie, les promoteurs devraient s&rsquo;engager &agrave; long terme &agrave; proposer des loyers mod&eacute;r&eacute;s, une gestion rentable et des m&eacute;thodes de construction &eacute;conomiques.<\/p>\n<p><strong>Risque constitutionnel et rythme<br><\/strong>Du point de vue des auteurs, la question de la comp&eacute;tence est particuli&egrave;rement d&eacute;licate. En Allemagne, la construction de logements rel&egrave;ve en principe de la comp&eacute;tence des L&auml;nder. L&rsquo;IMK met donc en garde contre le fait qu&rsquo;une soci&eacute;t&eacute; f&eacute;d&eacute;rale purement publique, tout comme les mod&egrave;les impliquant une participation priv&eacute;e, comportent des risques constitutionnels consid&eacute;rables. &Agrave; cela s&rsquo;ajoute le probl&egrave;me op&eacute;rationnel. Une seule nouvelle soci&eacute;t&eacute; devrait mettre en place la planification, l&rsquo;attribution des march&eacute;s et la mise &agrave; l&rsquo;&eacute;chelle en peu de temps, alors que ce sont pr&eacute;cis&eacute;ment les acteurs locaux, la disponibilit&eacute; des terrains et les proc&eacute;dures qui d&eacute;terminent le rythme de construction.<\/p>\n<p>Pour le secteur immobilier, le c&oelig;ur du d&eacute;bat ne porte donc pas sur la cr&eacute;ation d&rsquo;une structure &eacute;tatique, mais sur un m&eacute;canisme de financement. L&rsquo;IMK propose des dur&eacute;es de cr&eacute;dit longues, de 40 ans par exemple, soit 43 ans dans le mod&egrave;le pr&eacute;sent&eacute; par l&rsquo;&eacute;tude. Pour les 20 premi&egrave;res ann&eacute;es, des loyers hors charges compris entre 11 et 13 euros maximum par m&egrave;tre carr&eacute; seraient envisageables. Seuls seraient subventionn&eacute;s les projets pr&eacute;sentant des co&ucirc;ts de construction manifestement plus bas, gr&acirc;ce par exemple &agrave; la pr&eacute;fabrication en s&eacute;rie, &agrave; des normes simples, &agrave; des plans optimis&eacute;s et &agrave; la suppression des parkings souterrains lorsque cela est possible.<\/p>\n<p><strong>Privil&eacute;gier les aides plut&ocirc;t que la politique symbolique<br><\/strong>Sur le plan politique, cette proposition fait l&rsquo;effet d&rsquo;une bombe, car la ministre f&eacute;d&eacute;rale de la Construction, Verena Hubertz, vient seulement d&rsquo;annoncer, le 25 ao&ucirc;t 2026, qu&rsquo;elle pr&eacute;senterait &agrave; l&rsquo;automne un projet de soci&eacute;t&eacute; publique de construction de logements. L&rsquo;IMK estime en revanche qu&rsquo;une approche globale de soutien via la KfW pourrait produire des effets plus rapides, car elle implique les acteurs existants du march&eacute; et ne n&eacute;cessite pas la mise en place d&rsquo;une nouvelle structure organisationnelle centralis&eacute;e. Les villes et les communes resteraient toutefois d&eacute;terminantes, car la disponibilit&eacute; de terrains abordables et l&rsquo;acc&eacute;l&eacute;ration des proc&eacute;dures continuent de constituer les v&eacute;ritables goulots d&rsquo;&eacute;tranglement de la construction de logements.<\/p>\n<p>Ce constat touche un march&eacute; d&eacute;j&agrave; sous pression. Selon les donn&eacute;es sur lesquelles s&rsquo;appuie l&rsquo;&eacute;tude, il manque 1,35 million de logements &agrave; l&rsquo;&eacute;chelle nationale. Les auteurs en d&eacute;duisent l&rsquo;objectif de cr&eacute;er un million de logements suppl&eacute;mentaires d&rsquo;ici dix ans. Que Berlin mette en place une nouvelle soci&eacute;t&eacute; f&eacute;d&eacute;rale &agrave; cette fin ou qu&rsquo;elle dynamise le march&eacute; en imposant des conditions de subvention claires, cela va bien au-del&agrave; d&rsquo;un simple diff&eacute;rend institutionnel. Il s&rsquo;agit d&rsquo;un choix strat&eacute;gique concernant le rythme, le niveau des loyers et l&rsquo;investissement en capital dans la construction de logements en Allemagne.<\/p>\n","protected":false},"excerpt":{"rendered":"<p>Le gouvernement f\u00e9d\u00e9ral allemand poursuit la mise en place de sa propre soci\u00e9t\u00e9 de construction de logements. Une nouvelle \u00e9tude de l&rsquo;IMK dat\u00e9e du 31 ao\u00fbt 2026 met toutefois en garde contre des risques juridiques et financiers \u00e9lev\u00e9s et estime qu&rsquo;un programme de relance du logement financ\u00e9 par le cr\u00e9dit serait plus rapide, moins co\u00fbteux et plus facilement transposable \u00e0 grande \u00e9chelle.<\/p>\n","protected":false},"author":2,"featured_media":164366,"comment_status":"open","ping_status":"open","sticky":false,"template":"","format":"standard","meta":{"pmpro_default_level":"","inline_featured_image":false,"_monsterinsights_skip_tracking":false,"footnotes":""},"categories":[22357,56006,9824,56003,55964],"tags":[61725,6057,61726,872,3931,61727,2002,61728,21686],"class_list":["post-164365","post","type-post","status-publish","format-standard","has-post-thumbnail","hentry","category-industrie-du-batiment","category-international","category-nouvelle-construction","category-residentiel","category-strategies-de-financement","tag-bundeswohnungsbaugesellschaft","tag-deutschland-fr","tag-imk","tag-immoinvest-fr","tag-immonews-fr","tag-kfw","tag-news-fr","tag-verena-hubertz","tag-wohnungsbau-fr","pmpro-has-access"],"acf":{"bild_mit_ki_erstellt_worden":["Ja"],"lead":"Le gouvernement f\u00e9d\u00e9ral allemand poursuit la mise en place de sa propre soci\u00e9t\u00e9 de construction de logements. Une nouvelle \u00e9tude de l'IMK dat\u00e9e du 31 ao\u00fbt 2026 met toutefois en garde contre des risques juridiques et financiers \u00e9lev\u00e9s et estime qu'un programme de relance du logement financ\u00e9 par le cr\u00e9dit serait plus rapide, moins co\u00fbteux et plus facilement transposable \u00e0 grande \u00e9chelle.","autor":"","ort":"","bildunterschrift":"","bild_im_grid":false,"gallerie":"","newsim":"3946"},"aioseo_notices":[],"aioseo_head":"\n\t\t<!-- All in One SEO 5.0.1.1 - aioseo.com -->\n\t<meta name=\"description\" content=\"Le gouvernement f\u00e9d\u00e9ral allemand poursuit la mise en place de sa propre soci\u00e9t\u00e9 de construction de logements. Une nouvelle \u00e9tude de l&#039;IMK dat\u00e9e du 31 ao\u00fbt 2026 met toutefois en garde contre des risques juridiques et financiers \u00e9lev\u00e9s et estime qu&#039;un programme de relance du logement financ\u00e9 par le cr\u00e9dit serait plus rapide, moins co\u00fbteux et plus facilement transposable \u00e0 grande \u00e9chelle.\" \/>\n\t<meta name=\"robots\" content=\"max-image-preview:large\" \/>\n\t<meta name=\"author\" content=\"immovestuser\"\/>\n\t<meta name=\"google-site-verification\" content=\"fHJKvgWpZCR2zVBHWfkQeFXC11qieUSff0HGNYfuyLA\" \/>\n\t<link rel=\"canonical\" href=\"https:\/\/www.immo-invest.ch\/fr\/berlin-droht-beim-wohnungsbau-der-falsche-hebel\/\" \/>\n\t<meta name=\"generator\" content=\"All in One SEO (AIOSEO) 5.0.1.1\" \/>\n\t\t<meta property=\"og:locale\" content=\"fr_FR\" \/>\n\t\t<meta property=\"og:site_name\" content=\"immo!nvest - Die Plattform f\u00fcr Standorte und Immobilien - Die\u00a0Plattform f\u00fcr Standorte und Immobilien\" \/>\n\t\t<meta property=\"og:type\" content=\"article\" \/>\n\t\t<meta property=\"og:title\" content=\"Berlin risque de ne pas agir l\u00e0 o\u00f9 il faut en mati\u00e8re de construction de logements - immo!nvest - Die Plattform f\u00fcr Standorte und Immobilien\" \/>\n\t\t<meta property=\"og:description\" content=\"Le gouvernement f\u00e9d\u00e9ral allemand poursuit la mise en place de sa propre soci\u00e9t\u00e9 de construction de logements. Une nouvelle \u00e9tude de l&#039;IMK dat\u00e9e du 31 ao\u00fbt 2026 met toutefois en garde contre des risques juridiques et financiers \u00e9lev\u00e9s et estime qu&#039;un programme de relance du logement financ\u00e9 par le cr\u00e9dit serait plus rapide, moins co\u00fbteux et plus facilement transposable \u00e0 grande \u00e9chelle.\" \/>\n\t\t<meta property=\"og:url\" content=\"https:\/\/www.immo-invest.ch\/fr\/berlin-droht-beim-wohnungsbau-der-falsche-hebel\/\" \/>\n\t\t<meta property=\"og:image\" content=\"https:\/\/www.immo-invest.ch\/wp-content\/uploads\/2026\/09\/Berlin-droht-beim-Wohnungsbau-der-falsche-Hebel-immo-invest.png\" \/>\n\t\t<meta property=\"og:image:secure_url\" content=\"https:\/\/www.immo-invest.ch\/wp-content\/uploads\/2026\/09\/Berlin-droht-beim-Wohnungsbau-der-falsche-Hebel-immo-invest.png\" \/>\n\t\t<meta property=\"og:image:width\" content=\"1536\" \/>\n\t\t<meta property=\"og:image:height\" content=\"768\" \/>\n\t\t<meta property=\"article:published_time\" content=\"2026-09-04T12:00:00+00:00\" \/>\n\t\t<meta property=\"article:modified_time\" content=\"2026-09-02T11:42:04+00:00\" \/>\n\t\t<meta property=\"article:publisher\" content=\"https:\/\/www.facebook.com\/people\/Immoinvest\/100077962920504\/\" \/>\n\t\t<meta name=\"twitter:card\" content=\"summary_large_image\" \/>\n\t\t<meta name=\"twitter:site\" content=\"@i\" \/>\n\t\t<meta name=\"twitter:title\" content=\"Berlin risque de ne pas agir l\u00e0 o\u00f9 il faut en mati\u00e8re de construction de logements - immo!nvest - Die Plattform f\u00fcr Standorte und Immobilien\" \/>\n\t\t<meta name=\"twitter:description\" content=\"Le gouvernement f\u00e9d\u00e9ral allemand poursuit la mise en place de sa propre soci\u00e9t\u00e9 de construction de logements. Une nouvelle \u00e9tude de l&#039;IMK dat\u00e9e du 31 ao\u00fbt 2026 met toutefois en garde contre des risques juridiques et financiers \u00e9lev\u00e9s et estime qu&#039;un programme de relance du logement financ\u00e9 par le cr\u00e9dit serait plus rapide, moins co\u00fbteux et plus facilement transposable \u00e0 grande \u00e9chelle.\" \/>\n\t\t<meta name=\"twitter:creator\" content=\"@i\" \/>\n\t\t<meta name=\"twitter:image\" content=\"https:\/\/www.immo-invest.ch\/wp-content\/uploads\/2026\/09\/Berlin-droht-beim-Wohnungsbau-der-falsche-Hebel-immo-invest.png\" \/>\n\t\t<script type=\"application\/ld+json\" class=\"aioseo-schema\">\n\t\t\t{\"@context\":\"https:\\\/\\\/schema.org\",\"@graph\":[{\"@type\":\"BlogPosting\",\"@id\":\"https:\\\/\\\/www.immo-invest.ch\\\/fr\\\/berlin-droht-beim-wohnungsbau-der-falsche-hebel\\\/#blogposting\",\"name\":\"Berlin risque de ne pas agir l\\u00e0 o\\u00f9 il faut en mati\\u00e8re de construction de logements - immo!nvest - Die Plattform f\\u00fcr Standorte und Immobilien\",\"headline\":\"Berlin risque de ne pas agir l\\u00e0 o\\u00f9 il faut en mati\\u00e8re de construction de logements\",\"author\":{\"@id\":\"https:\\\/\\\/www.immo-invest.ch\\\/fr\\\/author\\\/immovestuser\\\/#author\"},\"publisher\":{\"@id\":\"https:\\\/\\\/www.immo-invest.ch\\\/fr\\\/#organization\"},\"image\":{\"@type\":\"ImageObject\",\"url\":\"https:\\\/\\\/www.immo-invest.ch\\\/wp-content\\\/uploads\\\/2026\\\/09\\\/Berlin-droht-beim-Wohnungsbau-der-falsche-Hebel-immo-invest.png\",\"width\":1536,\"height\":768},\"datePublished\":\"2026-09-04T14:00:00+02:00\",\"dateModified\":\"2026-09-02T13:42:04+02:00\",\"inLanguage\":\"fr-FR\",\"mainEntityOfPage\":{\"@id\":\"https:\\\/\\\/www.immo-invest.ch\\\/fr\\\/berlin-droht-beim-wohnungsbau-der-falsche-hebel\\\/#webpage\"},\"isPartOf\":{\"@id\":\"https:\\\/\\\/www.immo-invest.ch\\\/fr\\\/berlin-droht-beim-wohnungsbau-der-falsche-hebel\\\/#webpage\"},\"articleSection\":\"Industrie du b\\u00e2timent, International, Nouvelle construction, R\\u00e9sidentiel, Strat\\u00e9gies de financement, Bundeswohnungsbaugesellschaft, Deutschland, IMK, Immoinvest, immoNews, KfW, News, Verena Hubertz, Wohnungsbau, Facultatif\"},{\"@type\":\"BreadcrumbList\",\"@id\":\"https:\\\/\\\/www.immo-invest.ch\\\/fr\\\/berlin-droht-beim-wohnungsbau-der-falsche-hebel\\\/#breadcrumblist\",\"itemListElement\":[{\"@type\":\"ListItem\",\"@id\":\"https:\\\/\\\/www.immo-invest.ch\\\/fr\\\/#listItem\",\"position\":1,\"name\":\"Home\",\"item\":\"https:\\\/\\\/www.immo-invest.ch\\\/fr\\\/\",\"nextItem\":{\"@type\":\"ListItem\",\"@id\":\"https:\\\/\\\/www.immo-invest.ch\\\/fr\\\/categories\\\/projects\\\/#listItem\",\"name\":\"Projects\"}},{\"@type\":\"ListItem\",\"@id\":\"https:\\\/\\\/www.immo-invest.ch\\\/fr\\\/categories\\\/projects\\\/#listItem\",\"position\":2,\"name\":\"Projects\",\"item\":\"https:\\\/\\\/www.immo-invest.ch\\\/fr\\\/categories\\\/projects\\\/\",\"nextItem\":{\"@type\":\"ListItem\",\"@id\":\"https:\\\/\\\/www.immo-invest.ch\\\/fr\\\/categories\\\/projects\\\/nouvelle-construction\\\/#listItem\",\"name\":\"Nouvelle construction\"},\"previousItem\":{\"@type\":\"ListItem\",\"@id\":\"https:\\\/\\\/www.immo-invest.ch\\\/fr\\\/#listItem\",\"name\":\"Home\"}},{\"@type\":\"ListItem\",\"@id\":\"https:\\\/\\\/www.immo-invest.ch\\\/fr\\\/categories\\\/projects\\\/nouvelle-construction\\\/#listItem\",\"position\":3,\"name\":\"Nouvelle construction\",\"item\":\"https:\\\/\\\/www.immo-invest.ch\\\/fr\\\/categories\\\/projects\\\/nouvelle-construction\\\/\",\"nextItem\":{\"@type\":\"ListItem\",\"@id\":\"https:\\\/\\\/www.immo-invest.ch\\\/fr\\\/berlin-droht-beim-wohnungsbau-der-falsche-hebel\\\/#listItem\",\"name\":\"Berlin risque de ne pas agir l\\u00e0 o\\u00f9 il faut en mati\\u00e8re de construction de logements\"},\"previousItem\":{\"@type\":\"ListItem\",\"@id\":\"https:\\\/\\\/www.immo-invest.ch\\\/fr\\\/categories\\\/projects\\\/#listItem\",\"name\":\"Projects\"}},{\"@type\":\"ListItem\",\"@id\":\"https:\\\/\\\/www.immo-invest.ch\\\/fr\\\/berlin-droht-beim-wohnungsbau-der-falsche-hebel\\\/#listItem\",\"position\":4,\"name\":\"Berlin risque de ne pas agir l\\u00e0 o\\u00f9 il faut en mati\\u00e8re de construction de logements\",\"previousItem\":{\"@type\":\"ListItem\",\"@id\":\"https:\\\/\\\/www.immo-invest.ch\\\/fr\\\/categories\\\/projects\\\/nouvelle-construction\\\/#listItem\",\"name\":\"Nouvelle construction\"}}]},{\"@type\":\"Organization\",\"@id\":\"https:\\\/\\\/www.immo-invest.ch\\\/fr\\\/#organization\",\"name\":\"immo!nvest - Die Plattform f\\u00fcr Standorte und Immobilien\",\"description\":\"Die\\u00a0Plattform f\\u00fcr Standorte und Immobilien\",\"url\":\"https:\\\/\\\/www.immo-invest.ch\\\/fr\\\/\",\"email\":\"admin@immomedia.ag\",\"telephone\":\"+41444420002\",\"logo\":{\"@type\":\"ImageObject\",\"url\":\"https:\\\/\\\/www.immo-invest.ch\\\/wp-content\\\/uploads\\\/2024\\\/09\\\/immoinvest_sm-scaled.jpg\",\"@id\":\"https:\\\/\\\/www.immo-invest.ch\\\/fr\\\/berlin-droht-beim-wohnungsbau-der-falsche-hebel\\\/#organizationLogo\",\"width\":2560,\"height\":1340},\"image\":{\"@id\":\"https:\\\/\\\/www.immo-invest.ch\\\/fr\\\/berlin-droht-beim-wohnungsbau-der-falsche-hebel\\\/#organizationLogo\"},\"sameAs\":[\"https:\\\/\\\/www.facebook.com\\\/people\\\/Immoinvest\\\/100077962920504\\\/\",\"https:\\\/\\\/x.com\\\/i\\\/flow\\\/login?redirect_after_login=immoinvest_ch\",\"https:\\\/\\\/www.instagram.com\\\/immoinvest_ch\\\/\",\"https:\\\/\\\/www.linkedin.com\\\/company\\\/immoinvest-swiss\"]},{\"@type\":\"Person\",\"@id\":\"https:\\\/\\\/www.immo-invest.ch\\\/fr\\\/author\\\/immovestuser\\\/#author\",\"url\":\"https:\\\/\\\/www.immo-invest.ch\\\/fr\\\/author\\\/immovestuser\\\/\",\"name\":\"immovestuser\",\"image\":{\"@type\":\"ImageObject\",\"@id\":\"https:\\\/\\\/www.immo-invest.ch\\\/fr\\\/berlin-droht-beim-wohnungsbau-der-falsche-hebel\\\/#authorImage\",\"url\":\"https:\\\/\\\/secure.gravatar.com\\\/avatar\\\/8e01f4d99f2eeea7a362ebb93305e1172a70e9293ba250f897a65c39f54cdd1e?s=96&d=mm&r=g\",\"width\":96,\"height\":96,\"caption\":\"immovestuser\"}},{\"@type\":\"WebPage\",\"@id\":\"https:\\\/\\\/www.immo-invest.ch\\\/fr\\\/berlin-droht-beim-wohnungsbau-der-falsche-hebel\\\/#webpage\",\"url\":\"https:\\\/\\\/www.immo-invest.ch\\\/fr\\\/berlin-droht-beim-wohnungsbau-der-falsche-hebel\\\/\",\"name\":\"Berlin risque de ne pas agir l\\u00e0 o\\u00f9 il faut en mati\\u00e8re de construction de logements - immo!nvest - Die Plattform f\\u00fcr Standorte und Immobilien\",\"description\":\"Le gouvernement f\\u00e9d\\u00e9ral allemand poursuit la mise en place de sa propre soci\\u00e9t\\u00e9 de construction de logements. Une nouvelle \\u00e9tude de l'IMK dat\\u00e9e du 31 ao\\u00fbt 2026 met toutefois en garde contre des risques juridiques et financiers \\u00e9lev\\u00e9s et estime qu'un programme de relance du logement financ\\u00e9 par le cr\\u00e9dit serait plus rapide, moins co\\u00fbteux et plus facilement transposable \\u00e0 grande \\u00e9chelle.\",\"inLanguage\":\"fr-FR\",\"isPartOf\":{\"@id\":\"https:\\\/\\\/www.immo-invest.ch\\\/fr\\\/#website\"},\"breadcrumb\":{\"@id\":\"https:\\\/\\\/www.immo-invest.ch\\\/fr\\\/berlin-droht-beim-wohnungsbau-der-falsche-hebel\\\/#breadcrumblist\"},\"author\":{\"@id\":\"https:\\\/\\\/www.immo-invest.ch\\\/fr\\\/author\\\/immovestuser\\\/#author\"},\"creator\":{\"@id\":\"https:\\\/\\\/www.immo-invest.ch\\\/fr\\\/author\\\/immovestuser\\\/#author\"},\"image\":{\"@type\":\"ImageObject\",\"url\":\"https:\\\/\\\/www.immo-invest.ch\\\/wp-content\\\/uploads\\\/2026\\\/09\\\/Berlin-droht-beim-Wohnungsbau-der-falsche-Hebel-immo-invest.png\",\"@id\":\"https:\\\/\\\/www.immo-invest.ch\\\/fr\\\/berlin-droht-beim-wohnungsbau-der-falsche-hebel\\\/#mainImage\",\"width\":1536,\"height\":768},\"primaryImageOfPage\":{\"@id\":\"https:\\\/\\\/www.immo-invest.ch\\\/fr\\\/berlin-droht-beim-wohnungsbau-der-falsche-hebel\\\/#mainImage\"},\"datePublished\":\"2026-09-04T14:00:00+02:00\",\"dateModified\":\"2026-09-02T13:42:04+02:00\"},{\"@type\":\"WebSite\",\"@id\":\"https:\\\/\\\/www.immo-invest.ch\\\/fr\\\/#website\",\"url\":\"https:\\\/\\\/www.immo-invest.ch\\\/fr\\\/\",\"name\":\"immo!nvest - Die Plattform f\\u00fcr Standorte und Immobilien\",\"description\":\"Die\\u00a0Plattform f\\u00fcr Standorte und Immobilien\",\"inLanguage\":\"fr-FR\",\"publisher\":{\"@id\":\"https:\\\/\\\/www.immo-invest.ch\\\/fr\\\/#organization\"}}]}\n\t\t<\/script>\n\t\t<!-- All in One SEO -->\n\n","aioseo_head_json":{"title":"Berlin risque de ne pas agir l\u00e0 o\u00f9 il faut en mati\u00e8re de construction de logements - immo!nvest - Die Plattform f\u00fcr Standorte und Immobilien","description":"Le gouvernement f\u00e9d\u00e9ral allemand poursuit la mise en place de sa propre soci\u00e9t\u00e9 de construction de logements. Une nouvelle \u00e9tude de l'IMK dat\u00e9e du 31 ao\u00fbt 2026 met toutefois en garde contre des risques juridiques et financiers \u00e9lev\u00e9s et estime qu'un programme de relance du logement financ\u00e9 par le cr\u00e9dit serait plus rapide, moins co\u00fbteux et plus facilement transposable \u00e0 grande \u00e9chelle.","canonical_url":"https:\/\/www.immo-invest.ch\/fr\/berlin-droht-beim-wohnungsbau-der-falsche-hebel\/","robots":"max-image-preview:large","keywords":"","webmasterTools":{"google-site-verification":"fHJKvgWpZCR2zVBHWfkQeFXC11qieUSff0HGNYfuyLA","miscellaneous":""},"schema":{"@context":"https:\/\/schema.org","@graph":[{"@type":"BlogPosting","@id":"https:\/\/www.immo-invest.ch\/fr\/berlin-droht-beim-wohnungsbau-der-falsche-hebel\/#blogposting","name":"Berlin risque de ne pas agir l\u00e0 o\u00f9 il faut en mati\u00e8re de construction de logements - immo!nvest - Die Plattform f\u00fcr Standorte und Immobilien","headline":"Berlin risque de ne pas agir l\u00e0 o\u00f9 il faut en mati\u00e8re de construction de logements","author":{"@id":"https:\/\/www.immo-invest.ch\/fr\/author\/immovestuser\/#author"},"publisher":{"@id":"https:\/\/www.immo-invest.ch\/fr\/#organization"},"image":{"@type":"ImageObject","url":"https:\/\/www.immo-invest.ch\/wp-content\/uploads\/2026\/09\/Berlin-droht-beim-Wohnungsbau-der-falsche-Hebel-immo-invest.png","width":1536,"height":768},"datePublished":"2026-09-04T14:00:00+02:00","dateModified":"2026-09-02T13:42:04+02:00","inLanguage":"fr-FR","mainEntityOfPage":{"@id":"https:\/\/www.immo-invest.ch\/fr\/berlin-droht-beim-wohnungsbau-der-falsche-hebel\/#webpage"},"isPartOf":{"@id":"https:\/\/www.immo-invest.ch\/fr\/berlin-droht-beim-wohnungsbau-der-falsche-hebel\/#webpage"},"articleSection":"Industrie du b\u00e2timent, International, Nouvelle construction, R\u00e9sidentiel, Strat\u00e9gies de financement, Bundeswohnungsbaugesellschaft, Deutschland, IMK, Immoinvest, immoNews, KfW, News, Verena Hubertz, Wohnungsbau, Facultatif"},{"@type":"BreadcrumbList","@id":"https:\/\/www.immo-invest.ch\/fr\/berlin-droht-beim-wohnungsbau-der-falsche-hebel\/#breadcrumblist","itemListElement":[{"@type":"ListItem","@id":"https:\/\/www.immo-invest.ch\/fr\/#listItem","position":1,"name":"Home","item":"https:\/\/www.immo-invest.ch\/fr\/","nextItem":{"@type":"ListItem","@id":"https:\/\/www.immo-invest.ch\/fr\/categories\/projects\/#listItem","name":"Projects"}},{"@type":"ListItem","@id":"https:\/\/www.immo-invest.ch\/fr\/categories\/projects\/#listItem","position":2,"name":"Projects","item":"https:\/\/www.immo-invest.ch\/fr\/categories\/projects\/","nextItem":{"@type":"ListItem","@id":"https:\/\/www.immo-invest.ch\/fr\/categories\/projects\/nouvelle-construction\/#listItem","name":"Nouvelle construction"},"previousItem":{"@type":"ListItem","@id":"https:\/\/www.immo-invest.ch\/fr\/#listItem","name":"Home"}},{"@type":"ListItem","@id":"https:\/\/www.immo-invest.ch\/fr\/categories\/projects\/nouvelle-construction\/#listItem","position":3,"name":"Nouvelle construction","item":"https:\/\/www.immo-invest.ch\/fr\/categories\/projects\/nouvelle-construction\/","nextItem":{"@type":"ListItem","@id":"https:\/\/www.immo-invest.ch\/fr\/berlin-droht-beim-wohnungsbau-der-falsche-hebel\/#listItem","name":"Berlin risque de ne pas agir l\u00e0 o\u00f9 il faut en mati\u00e8re de construction de logements"},"previousItem":{"@type":"ListItem","@id":"https:\/\/www.immo-invest.ch\/fr\/categories\/projects\/#listItem","name":"Projects"}},{"@type":"ListItem","@id":"https:\/\/www.immo-invest.ch\/fr\/berlin-droht-beim-wohnungsbau-der-falsche-hebel\/#listItem","position":4,"name":"Berlin risque de ne pas agir l\u00e0 o\u00f9 il faut en mati\u00e8re de construction de logements","previousItem":{"@type":"ListItem","@id":"https:\/\/www.immo-invest.ch\/fr\/categories\/projects\/nouvelle-construction\/#listItem","name":"Nouvelle construction"}}]},{"@type":"Organization","@id":"https:\/\/www.immo-invest.ch\/fr\/#organization","name":"immo!nvest - Die Plattform f\u00fcr Standorte und Immobilien","description":"Die\u00a0Plattform f\u00fcr Standorte und Immobilien","url":"https:\/\/www.immo-invest.ch\/fr\/","email":"admin@immomedia.ag","telephone":"+41444420002","logo":{"@type":"ImageObject","url":"https:\/\/www.immo-invest.ch\/wp-content\/uploads\/2024\/09\/immoinvest_sm-scaled.jpg","@id":"https:\/\/www.immo-invest.ch\/fr\/berlin-droht-beim-wohnungsbau-der-falsche-hebel\/#organizationLogo","width":2560,"height":1340},"image":{"@id":"https:\/\/www.immo-invest.ch\/fr\/berlin-droht-beim-wohnungsbau-der-falsche-hebel\/#organizationLogo"},"sameAs":["https:\/\/www.facebook.com\/people\/Immoinvest\/100077962920504\/","https:\/\/x.com\/i\/flow\/login?redirect_after_login=immoinvest_ch","https:\/\/www.instagram.com\/immoinvest_ch\/","https:\/\/www.linkedin.com\/company\/immoinvest-swiss"]},{"@type":"Person","@id":"https:\/\/www.immo-invest.ch\/fr\/author\/immovestuser\/#author","url":"https:\/\/www.immo-invest.ch\/fr\/author\/immovestuser\/","name":"immovestuser","image":{"@type":"ImageObject","@id":"https:\/\/www.immo-invest.ch\/fr\/berlin-droht-beim-wohnungsbau-der-falsche-hebel\/#authorImage","url":"https:\/\/secure.gravatar.com\/avatar\/8e01f4d99f2eeea7a362ebb93305e1172a70e9293ba250f897a65c39f54cdd1e?s=96&d=mm&r=g","width":96,"height":96,"caption":"immovestuser"}},{"@type":"WebPage","@id":"https:\/\/www.immo-invest.ch\/fr\/berlin-droht-beim-wohnungsbau-der-falsche-hebel\/#webpage","url":"https:\/\/www.immo-invest.ch\/fr\/berlin-droht-beim-wohnungsbau-der-falsche-hebel\/","name":"Berlin risque de ne pas agir l\u00e0 o\u00f9 il faut en mati\u00e8re de construction de logements - immo!nvest - Die Plattform f\u00fcr Standorte und Immobilien","description":"Le gouvernement f\u00e9d\u00e9ral allemand poursuit la mise en place de sa propre soci\u00e9t\u00e9 de construction de logements. Une nouvelle \u00e9tude de l'IMK dat\u00e9e du 31 ao\u00fbt 2026 met toutefois en garde contre des risques juridiques et financiers \u00e9lev\u00e9s et estime qu'un programme de relance du logement financ\u00e9 par le cr\u00e9dit serait plus rapide, moins co\u00fbteux et plus facilement transposable \u00e0 grande \u00e9chelle.","inLanguage":"fr-FR","isPartOf":{"@id":"https:\/\/www.immo-invest.ch\/fr\/#website"},"breadcrumb":{"@id":"https:\/\/www.immo-invest.ch\/fr\/berlin-droht-beim-wohnungsbau-der-falsche-hebel\/#breadcrumblist"},"author":{"@id":"https:\/\/www.immo-invest.ch\/fr\/author\/immovestuser\/#author"},"creator":{"@id":"https:\/\/www.immo-invest.ch\/fr\/author\/immovestuser\/#author"},"image":{"@type":"ImageObject","url":"https:\/\/www.immo-invest.ch\/wp-content\/uploads\/2026\/09\/Berlin-droht-beim-Wohnungsbau-der-falsche-Hebel-immo-invest.png","@id":"https:\/\/www.immo-invest.ch\/fr\/berlin-droht-beim-wohnungsbau-der-falsche-hebel\/#mainImage","width":1536,"height":768},"primaryImageOfPage":{"@id":"https:\/\/www.immo-invest.ch\/fr\/berlin-droht-beim-wohnungsbau-der-falsche-hebel\/#mainImage"},"datePublished":"2026-09-04T14:00:00+02:00","dateModified":"2026-09-02T13:42:04+02:00"},{"@type":"WebSite","@id":"https:\/\/www.immo-invest.ch\/fr\/#website","url":"https:\/\/www.immo-invest.ch\/fr\/","name":"immo!nvest - Die Plattform f\u00fcr Standorte und Immobilien","description":"Die\u00a0Plattform f\u00fcr Standorte und Immobilien","inLanguage":"fr-FR","publisher":{"@id":"https:\/\/www.immo-invest.ch\/fr\/#organization"}}]},"og:locale":"fr_FR","og:site_name":"immo!nvest - Die Plattform f\u00fcr Standorte und Immobilien - Die\u00a0Plattform f\u00fcr Standorte und Immobilien","og:type":"article","og:title":"Berlin risque de ne pas agir l\u00e0 o\u00f9 il faut en mati\u00e8re de construction de logements - immo!nvest - Die Plattform f\u00fcr Standorte und Immobilien","og:description":"Le gouvernement f\u00e9d\u00e9ral allemand poursuit la mise en place de sa propre soci\u00e9t\u00e9 de construction de logements. Une nouvelle \u00e9tude de l'IMK dat\u00e9e du 31 ao\u00fbt 2026 met toutefois en garde contre des risques juridiques et financiers \u00e9lev\u00e9s et estime qu'un programme de relance du logement financ\u00e9 par le cr\u00e9dit serait plus rapide, moins co\u00fbteux et plus facilement transposable \u00e0 grande \u00e9chelle.","og:url":"https:\/\/www.immo-invest.ch\/fr\/berlin-droht-beim-wohnungsbau-der-falsche-hebel\/","og:image":"https:\/\/www.immo-invest.ch\/wp-content\/uploads\/2026\/09\/Berlin-droht-beim-Wohnungsbau-der-falsche-Hebel-immo-invest.png","og:image:secure_url":"https:\/\/www.immo-invest.ch\/wp-content\/uploads\/2026\/09\/Berlin-droht-beim-Wohnungsbau-der-falsche-Hebel-immo-invest.png","og:image:width":1536,"og:image:height":768,"article:published_time":"2026-09-04T12:00:00+00:00","article:modified_time":"2026-09-02T11:42:04+00:00","article:publisher":"https:\/\/www.facebook.com\/people\/Immoinvest\/100077962920504\/","twitter:card":"summary_large_image","twitter:site":"@i","twitter:title":"Berlin risque de ne pas agir l\u00e0 o\u00f9 il faut en mati\u00e8re de construction de logements - immo!nvest - Die Plattform f\u00fcr Standorte und Immobilien","twitter:description":"Le gouvernement f\u00e9d\u00e9ral allemand poursuit la mise en place de sa propre soci\u00e9t\u00e9 de construction de logements. Une nouvelle \u00e9tude de l'IMK dat\u00e9e du 31 ao\u00fbt 2026 met toutefois en garde contre des risques juridiques et financiers \u00e9lev\u00e9s et estime qu'un programme de relance du logement financ\u00e9 par le cr\u00e9dit serait plus rapide, moins co\u00fbteux et plus facilement transposable \u00e0 grande \u00e9chelle.","twitter:creator":"@i","twitter:image":"https:\/\/www.immo-invest.ch\/wp-content\/uploads\/2026\/09\/Berlin-droht-beim-Wohnungsbau-der-falsche-Hebel-immo-invest.png"},"aioseo_meta_data":{"post_id":"164365","title":null,"description":null,"keywords":null,"keyphrases":{"focus":{"keyphrase":"","score":0,"analysis":{"keyphraseInTitle":{"score":0,"maxScore":9,"error":1}}},"additional":[]},"primary_term":null,"canonical_url":null,"og_title":null,"og_description":null,"og_object_type":"default","og_image_type":"default","og_image_url":null,"og_image_width":null,"og_image_height":null,"og_image_custom_url":null,"og_image_custom_fields":null,"og_video":"","og_custom_url":null,"og_article_section":null,"og_article_tags":null,"twitter_use_og":false,"twitter_card":"default","twitter_image_type":"default","twitter_image_url":null,"twitter_image_custom_url":null,"twitter_image_custom_fields":null,"twitter_title":null,"twitter_description":null,"schema":{"blockGraphs":[],"customGraphs":[],"default":{"data":{"Article":[],"Course":[],"Dataset":[],"FAQPage":[],"Movie":[],"Person":[],"Product":[],"ProductReview":[],"Car":[],"Recipe":[],"Service":[],"SoftwareApplication":[],"WebPage":[]},"graphName":"BlogPosting","isEnabled":true},"graphs":[]},"schema_type":"default","schema_type_options":null,"pillar_content":false,"robots_default":true,"robots_noindex":false,"robots_noarchive":false,"robots_nosnippet":false,"robots_nofollow":false,"robots_noimageindex":false,"robots_noodp":false,"robots_notranslate":false,"robots_max_snippet":"-1","robots_max_videopreview":"-1","robots_max_imagepreview":"large","priority":null,"frequency":"default","local_seo":null,"breadcrumb_settings":null,"limit_modified_date":false,"ai":{"faqs":[],"keyPoints":[],"schemas":[],"titles":[],"descriptions":[],"socialPosts":{"email":{"subject":"","preview":"","content":""},"linkedin":[],"twitter":[],"facebook":[],"instagram":[]}},"created":"2026-09-02 11:42:11","updated":"2026-09-04 15:01:34","seo_analyzer_scan_date":null,"focus_keyword":null,"additional_keywords":null,"truseo_locale":null},"aioseo_breadcrumb":"<div class=\"aioseo-breadcrumbs\"><span class=\"aioseo-breadcrumb\">\n\t\t\t<a href=\"https:\/\/www.immo-invest.ch\/fr\/\" title=\"Home\">Home<\/a>\n\t\t<\/span><span class=\"aioseo-breadcrumb-separator\">&raquo;<\/span><span class=\"aioseo-breadcrumb\">\n\t\t\t<a href=\"https:\/\/www.immo-invest.ch\/fr\/categories\/projects\/\" title=\"Projects\">Projects<\/a>\n\t\t<\/span><span class=\"aioseo-breadcrumb-separator\">&raquo;<\/span><span class=\"aioseo-breadcrumb\">\n\t\t\t<a href=\"https:\/\/www.immo-invest.ch\/fr\/categories\/projects\/nouvelle-construction\/\" title=\"Nouvelle construction\">Nouvelle construction<\/a>\n\t\t<\/span><span class=\"aioseo-breadcrumb-separator\">&raquo;<\/span><span class=\"aioseo-breadcrumb\">\n\t\t\tBerlin risque de ne pas agir l\u00e0 o\u00f9 il faut en mati\u00e8re de construction de logements\n\t\t<\/span><\/div>","aioseo_breadcrumb_json":[{"label":"Home","link":"https:\/\/www.immo-invest.ch\/fr\/"},{"label":"Projects","link":"https:\/\/www.immo-invest.ch\/fr\/categories\/projects\/"},{"label":"Nouvelle construction","link":"https:\/\/www.immo-invest.ch\/fr\/categories\/projects\/nouvelle-construction\/"},{"label":"Berlin risque de ne pas agir l\u00e0 o\u00f9 il faut en mati\u00e8re de construction de logements","link":"https:\/\/www.immo-invest.ch\/fr\/berlin-droht-beim-wohnungsbau-der-falsche-hebel\/"}],"featured_image_src":"https:\/\/www.immo-invest.ch\/wp-content\/uploads\/2026\/09\/Berlin-droht-beim-Wohnungsbau-der-falsche-Hebel-immo-invest-336x168.png","_links":{"self":[{"href":"https:\/\/www.immo-invest.ch\/fr\/wp-json\/wp\/v2\/posts\/164365","targetHints":{"allow":["GET"]}}],"collection":[{"href":"https:\/\/www.immo-invest.ch\/fr\/wp-json\/wp\/v2\/posts"}],"about":[{"href":"https:\/\/www.immo-invest.ch\/fr\/wp-json\/wp\/v2\/types\/post"}],"author":[{"embeddable":true,"href":"https:\/\/www.immo-invest.ch\/fr\/wp-json\/wp\/v2\/users\/2"}],"replies":[{"embeddable":true,"href":"https:\/\/www.immo-invest.ch\/fr\/wp-json\/wp\/v2\/comments?post=164365"}],"version-history":[{"count":2,"href":"https:\/\/www.immo-invest.ch\/fr\/wp-json\/wp\/v2\/posts\/164365\/revisions"}],"predecessor-version":[{"id":164373,"href":"https:\/\/www.immo-invest.ch\/fr\/wp-json\/wp\/v2\/posts\/164365\/revisions\/164373"}],"wp:featuredmedia":[{"embeddable":true,"href":"https:\/\/www.immo-invest.ch\/fr\/wp-json\/wp\/v2\/media\/164366"}],"wp:attachment":[{"href":"https:\/\/www.immo-invest.ch\/fr\/wp-json\/wp\/v2\/media?parent=164365"}],"wp:term":[{"taxonomy":"category","embeddable":true,"href":"https:\/\/www.immo-invest.ch\/fr\/wp-json\/wp\/v2\/categories?post=164365"},{"taxonomy":"post_tag","embeddable":true,"href":"https:\/\/www.immo-invest.ch\/fr\/wp-json\/wp\/v2\/tags?post=164365"}],"curies":[{"name":"wp","href":"https:\/\/api.w.org\/{rel}","templated":true}]}}