{"id":164315,"date":"2026-09-03T12:30:00","date_gmt":"2026-09-03T10:30:00","guid":{"rendered":"https:\/\/www.immo-invest.ch\/?p=164315"},"modified":"2026-09-02T11:55:39","modified_gmt":"2026-09-02T09:55:39","slug":"neuenburg-stemmt-28-millionen-gegen-den-sanierungsstau","status":"publish","type":"post","link":"https:\/\/www.immo-invest.ch\/fr\/neuenburg-stemmt-28-millionen-gegen-den-sanierungsstau\/","title":{"rendered":"Neuch\u00e2tel consacre 28 millions \u00e0 la r\u00e9duction du retard accumul\u00e9 en mati\u00e8re de r\u00e9novation"},"content":{"rendered":"<p>Le cr&eacute;dit, approuv&eacute; &agrave; l&rsquo;unanimit&eacute;, r&eacute;partit 28 millions de francs sur cinq annuit&eacute;s de 5,6 millions de francs chacune. Il fait suite au premier programme de 18,5 millions de francs couvrant la p&eacute;riode 2023-2026 et vise &agrave; poursuivre l&rsquo;entretien des b&acirc;timents du parc immobilier cantonal &agrave; partir de 2027.<\/p>\n<p>Ce qui fait d&eacute;bat, ce n&rsquo;est pas tant la d&eacute;cision elle-m&ecirc;me que son ampleur. Selon le rapport du gouvernement, cette nouvelle tranche permet au canton d&rsquo;atteindre un taux d&rsquo;entretien de 0,76 % de son parc immobilier. Or, le seuil &agrave; ne pas franchir pour &eacute;viter une d&eacute;gradation du patrimoine est estim&eacute; entre 1 et 2 %. Ce cr&eacute;dit suppl&eacute;mentaire att&eacute;nue la pression, mais ne la fait pas dispara&icirc;tre pour autant.<\/p>\n<p><strong>280 b&acirc;timents restent au centre de l&rsquo;attention<br><\/strong>L&rsquo;&Eacute;tat de Neuch&acirc;tel poss&egrave;de environ 280 b&acirc;timents dans le canton. Les travaux pr&eacute;vus concernent principalement les installations techniques, les toitures, les fa&ccedil;ades et les int&eacute;rieurs. Le cr&eacute;dit doit en outre financer un poste suppl&eacute;mentaire de technicien afin que le programme de travaux puisse &ecirc;tre men&eacute; &agrave; bien. Pour les propri&eacute;taires de parcs immobiliers publics, c&rsquo;est un sch&eacute;ma familier. Ce ne sont pas seulement les moyens financiers, mais aussi les capacit&eacute;s en personnel qui d&eacute;terminent si l&rsquo;entretien est effectu&eacute; en temps voulu.<\/p>\n<p><strong>L&rsquo;efficacit&eacute; &eacute;nerg&eacute;tique devient un levier<br><\/strong>Le gouvernement lie explicitement l&rsquo;entretien des b&acirc;timents &agrave; des objectifs &eacute;nerg&eacute;tiques. Ce cr&eacute;dit vise &agrave; garantir la s&eacute;curit&eacute; d&rsquo;exploitation, &agrave; pr&eacute;server la valeur du parc immobilier et, parall&egrave;lement, &agrave; am&eacute;liorer la <span class=\"glossaryLink\" aria-describedby=\"tt\" data-cmtooltip=\"&lt;div class=glossaryItemTitle&gt;Performance&lt;\/div&gt;&lt;div class=glossaryItemBody&gt;Wertentwicklung eines Portfolios&lt;\/div&gt;\" data-mobile-support=\"0\" data-gt-translate-attributes='[{\"attribute\":\"data-cmtooltip\", \"format\":\"html\"}]' tabindex=\"0\" role=\"link\">performance<\/span> &eacute;nerg&eacute;tique des b&acirc;timents. Le cr&eacute;dit-cadre d&eacute;passe ainsi le simple r&ocirc;le de caisse de r&eacute;paration. Il devient un instrument permettant de concilier pr&eacute;servation de la valeur et politique &eacute;nerg&eacute;tique au sein du parc immobilier existant.<\/p>\n<p><strong>Un parc immobilier en bon &eacute;tat, mais sous pression<br><\/strong>Selon l&rsquo;&eacute;valuation du canton, le<strong>parc<\/strong>immobilier se trouve globalement en bon &eacute;tat g&eacute;n&eacute;ral. C&rsquo;est pr&eacute;cis&eacute;ment pour cette raison que cette d&eacute;cision rev&ecirc;t toute son importance. L&rsquo;&eacute;tat du parc immobilier est stabilis&eacute; gr&acirc;ce &agrave; des interventions r&eacute;guli&egrave;res et ne se maintient pas de lui-m&ecirc;me. Pour les ann&eacute;es &agrave; partir de 2027, Neuch&acirc;tel mise ainsi sur la poursuite de la r&eacute;novation par &eacute;tapes men&eacute;e jusqu&rsquo;&agrave; pr&eacute;sent, tandis que, parall&egrave;lement, des programmes d&rsquo;assainissement de plus grande envergure se poursuivront pour certains b&acirc;timents prioritaires.<\/p>\n","protected":false},"excerpt":{"rendered":"<p>Le canton de Neuch\u00e2tel alloue un cr\u00e9dit-cadre de 28 millions de francs pour la p\u00e9riode 2027-2031 afin d&rsquo;assurer l&rsquo;entretien de son parc immobilier. Cette d\u00e9cision prise \u00e0 l&rsquo;unanimit\u00e9 all\u00e8ge la pression li\u00e9e \u00e0 l&rsquo;entretien, mais ne comble pas encore l&rsquo;\u00e9cart par rapport au niveau recommand\u00e9 pour le maintien de la valeur des biens.<\/p>\n","protected":false},"author":2,"featured_media":164318,"comment_status":"open","ping_status":"open","sticky":false,"template":"","format":"standard","meta":{"pmpro_default_level":"","inline_featured_image":false,"_monsterinsights_skip_tracking":false,"footnotes":""},"categories":[22699,56021,44778,9652,55964],"tags":[2053,61696,872,3931,3580,2002,61697,50304],"class_list":["post-164315","post","type-post","status-publish","format-standard","has-post-thumbnail","hentry","category-durabilite","category-gestion-immobiliere","category-neuenburg-fr","category-renovation","category-strategies-de-financement","tag-energieeffizienz-fr","tag-gebaudeunterhalt","tag-immoinvest-fr","tag-immonews-fr","tag-neuenburg-fr","tag-news-fr","tag-offentliche-immobilien","tag-rahmenkredit-fr","pmpro-has-access"],"acf":{"bild_mit_ki_erstellt_worden":["Ja"],"lead":"Le canton de Neuch\u00e2tel alloue un cr\u00e9dit-cadre de 28 millions de francs pour la p\u00e9riode 2027-2031 afin d'assurer l'entretien de son parc immobilier. Cette d\u00e9cision prise \u00e0 l'unanimit\u00e9 all\u00e8ge la pression li\u00e9e \u00e0 l'entretien, mais ne comble pas encore l'\u00e9cart par rapport au niveau recommand\u00e9 pour le maintien de la valeur des biens.","autor":"","ort":"","bildunterschrift":"","bild_im_grid":false,"gallerie":"","newsim":""},"aioseo_notices":[],"aioseo_head":"\n\t\t<!-- All in One SEO 5.0.1.1 - aioseo.com -->\n\t<meta name=\"description\" content=\"Le canton de Neuch\u00e2tel alloue un cr\u00e9dit-cadre de 28 millions de francs pour la p\u00e9riode 2027-2031 afin d&#039;assurer l&#039;entretien de son parc immobilier. Cette d\u00e9cision prise \u00e0 l&#039;unanimit\u00e9 all\u00e8ge la pression li\u00e9e \u00e0 l&#039;entretien, mais ne comble pas encore l&#039;\u00e9cart par rapport au niveau recommand\u00e9 pour le maintien de la valeur des biens.\" \/>\n\t<meta name=\"robots\" content=\"max-image-preview:large\" \/>\n\t<meta name=\"author\" content=\"immovestuser\"\/>\n\t<meta name=\"google-site-verification\" content=\"fHJKvgWpZCR2zVBHWfkQeFXC11qieUSff0HGNYfuyLA\" \/>\n\t<link rel=\"canonical\" href=\"https:\/\/www.immo-invest.ch\/fr\/neuenburg-stemmt-28-millionen-gegen-den-sanierungsstau\/\" \/>\n\t<meta name=\"generator\" content=\"All in One SEO (AIOSEO) 5.0.1.1\" \/>\n\t\t<meta property=\"og:locale\" content=\"fr_FR\" \/>\n\t\t<meta property=\"og:site_name\" content=\"immo!nvest - Die Plattform f\u00fcr Standorte und Immobilien - Die\u00a0Plattform f\u00fcr Standorte und Immobilien\" \/>\n\t\t<meta property=\"og:type\" content=\"article\" \/>\n\t\t<meta property=\"og:title\" content=\"Neuch\u00e2tel consacre 28 millions \u00e0 la r\u00e9duction du retard accumul\u00e9 en mati\u00e8re de r\u00e9novation - immo!nvest - Die Plattform f\u00fcr Standorte und Immobilien\" \/>\n\t\t<meta property=\"og:description\" content=\"Le canton de Neuch\u00e2tel alloue un cr\u00e9dit-cadre de 28 millions de francs pour la p\u00e9riode 2027-2031 afin d&#039;assurer l&#039;entretien de son parc immobilier. Cette d\u00e9cision prise \u00e0 l&#039;unanimit\u00e9 all\u00e8ge la pression li\u00e9e \u00e0 l&#039;entretien, mais ne comble pas encore l&#039;\u00e9cart par rapport au niveau recommand\u00e9 pour le maintien de la valeur des biens.\" \/>\n\t\t<meta property=\"og:url\" content=\"https:\/\/www.immo-invest.ch\/fr\/neuenburg-stemmt-28-millionen-gegen-den-sanierungsstau\/\" \/>\n\t\t<meta property=\"og:image\" content=\"https:\/\/www.immo-invest.ch\/wp-content\/uploads\/2026\/09\/Neuenburg-stemmt-28-Millionen-gegen-den-Sanierungsstau-immo-invest.png\" \/>\n\t\t<meta property=\"og:image:secure_url\" content=\"https:\/\/www.immo-invest.ch\/wp-content\/uploads\/2026\/09\/Neuenburg-stemmt-28-Millionen-gegen-den-Sanierungsstau-immo-invest.png\" \/>\n\t\t<meta property=\"og:image:width\" content=\"1536\" \/>\n\t\t<meta property=\"og:image:height\" content=\"768\" \/>\n\t\t<meta property=\"article:published_time\" content=\"2026-09-03T10:30:00+00:00\" \/>\n\t\t<meta property=\"article:modified_time\" content=\"2026-09-02T09:55:39+00:00\" \/>\n\t\t<meta property=\"article:publisher\" content=\"https:\/\/www.facebook.com\/people\/Immoinvest\/100077962920504\/\" \/>\n\t\t<meta name=\"twitter:card\" content=\"summary_large_image\" \/>\n\t\t<meta name=\"twitter:site\" content=\"@i\" \/>\n\t\t<meta name=\"twitter:title\" content=\"Neuch\u00e2tel consacre 28 millions \u00e0 la r\u00e9duction du retard accumul\u00e9 en mati\u00e8re de r\u00e9novation - immo!nvest - Die Plattform f\u00fcr Standorte und Immobilien\" \/>\n\t\t<meta name=\"twitter:description\" content=\"Le canton de Neuch\u00e2tel alloue un cr\u00e9dit-cadre de 28 millions de francs pour la p\u00e9riode 2027-2031 afin d&#039;assurer l&#039;entretien de son parc immobilier. Cette d\u00e9cision prise \u00e0 l&#039;unanimit\u00e9 all\u00e8ge la pression li\u00e9e \u00e0 l&#039;entretien, mais ne comble pas encore l&#039;\u00e9cart par rapport au niveau recommand\u00e9 pour le maintien de la valeur des biens.\" \/>\n\t\t<meta name=\"twitter:creator\" content=\"@i\" \/>\n\t\t<meta name=\"twitter:image\" content=\"https:\/\/www.immo-invest.ch\/wp-content\/uploads\/2026\/09\/Neuenburg-stemmt-28-Millionen-gegen-den-Sanierungsstau-immo-invest.png\" \/>\n\t\t<script type=\"application\/ld+json\" class=\"aioseo-schema\">\n\t\t\t{\"@context\":\"https:\\\/\\\/schema.org\",\"@graph\":[{\"@type\":\"BlogPosting\",\"@id\":\"https:\\\/\\\/www.immo-invest.ch\\\/fr\\\/neuenburg-stemmt-28-millionen-gegen-den-sanierungsstau\\\/#blogposting\",\"name\":\"Neuch\\u00e2tel consacre 28 millions \\u00e0 la r\\u00e9duction du retard accumul\\u00e9 en mati\\u00e8re de r\\u00e9novation - immo!nvest - Die Plattform f\\u00fcr Standorte und Immobilien\",\"headline\":\"Neuch\\u00e2tel consacre 28 millions \\u00e0 la r\\u00e9duction du retard accumul\\u00e9 en mati\\u00e8re de r\\u00e9novation\",\"author\":{\"@id\":\"https:\\\/\\\/www.immo-invest.ch\\\/fr\\\/author\\\/immovestuser\\\/#author\"},\"publisher\":{\"@id\":\"https:\\\/\\\/www.immo-invest.ch\\\/fr\\\/#organization\"},\"image\":{\"@type\":\"ImageObject\",\"url\":\"https:\\\/\\\/www.immo-invest.ch\\\/wp-content\\\/uploads\\\/2026\\\/09\\\/Neuenburg-stemmt-28-Millionen-gegen-den-Sanierungsstau-immo-invest.png\",\"width\":1536,\"height\":768},\"datePublished\":\"2026-09-03T12:30:00+02:00\",\"dateModified\":\"2026-09-02T11:55:39+02:00\",\"inLanguage\":\"fr-FR\",\"mainEntityOfPage\":{\"@id\":\"https:\\\/\\\/www.immo-invest.ch\\\/fr\\\/neuenburg-stemmt-28-millionen-gegen-den-sanierungsstau\\\/#webpage\"},\"isPartOf\":{\"@id\":\"https:\\\/\\\/www.immo-invest.ch\\\/fr\\\/neuenburg-stemmt-28-millionen-gegen-den-sanierungsstau\\\/#webpage\"},\"articleSection\":\"Durabilit\\u00e9, Gestion immobili\\u00e8re, Neuenburg, R\\u00e9novation, Strat\\u00e9gies de financement, Energieeffizienz, Geb\\u00e4udeunterhalt, Immoinvest, immoNews, Neuenburg, News, \\u00f6ffentliche Immobilien, Rahmenkredit, Facultatif\"},{\"@type\":\"BreadcrumbList\",\"@id\":\"https:\\\/\\\/www.immo-invest.ch\\\/fr\\\/neuenburg-stemmt-28-millionen-gegen-den-sanierungsstau\\\/#breadcrumblist\",\"itemListElement\":[{\"@type\":\"ListItem\",\"@id\":\"https:\\\/\\\/www.immo-invest.ch\\\/fr\\\/#listItem\",\"position\":1,\"name\":\"Home\",\"item\":\"https:\\\/\\\/www.immo-invest.ch\\\/fr\\\/\",\"nextItem\":{\"@type\":\"ListItem\",\"@id\":\"https:\\\/\\\/www.immo-invest.ch\\\/fr\\\/categories\\\/regions\\\/#listItem\",\"name\":\"R\\u00e9gions\"}},{\"@type\":\"ListItem\",\"@id\":\"https:\\\/\\\/www.immo-invest.ch\\\/fr\\\/categories\\\/regions\\\/#listItem\",\"position\":2,\"name\":\"R\\u00e9gions\",\"item\":\"https:\\\/\\\/www.immo-invest.ch\\\/fr\\\/categories\\\/regions\\\/\",\"nextItem\":{\"@type\":\"ListItem\",\"@id\":\"https:\\\/\\\/www.immo-invest.ch\\\/fr\\\/categories\\\/regions\\\/suisse\\\/#listItem\",\"name\":\"Suisse\"},\"previousItem\":{\"@type\":\"ListItem\",\"@id\":\"https:\\\/\\\/www.immo-invest.ch\\\/fr\\\/#listItem\",\"name\":\"Home\"}},{\"@type\":\"ListItem\",\"@id\":\"https:\\\/\\\/www.immo-invest.ch\\\/fr\\\/categories\\\/regions\\\/suisse\\\/#listItem\",\"position\":3,\"name\":\"Suisse\",\"item\":\"https:\\\/\\\/www.immo-invest.ch\\\/fr\\\/categories\\\/regions\\\/suisse\\\/\",\"nextItem\":{\"@type\":\"ListItem\",\"@id\":\"https:\\\/\\\/www.immo-invest.ch\\\/fr\\\/categories\\\/regions\\\/suisse\\\/espace-mittelland\\\/#listItem\",\"name\":\"Espace Mittelland\"},\"previousItem\":{\"@type\":\"ListItem\",\"@id\":\"https:\\\/\\\/www.immo-invest.ch\\\/fr\\\/categories\\\/regions\\\/#listItem\",\"name\":\"R\\u00e9gions\"}},{\"@type\":\"ListItem\",\"@id\":\"https:\\\/\\\/www.immo-invest.ch\\\/fr\\\/categories\\\/regions\\\/suisse\\\/espace-mittelland\\\/#listItem\",\"position\":4,\"name\":\"Espace Mittelland\",\"item\":\"https:\\\/\\\/www.immo-invest.ch\\\/fr\\\/categories\\\/regions\\\/suisse\\\/espace-mittelland\\\/\",\"nextItem\":{\"@type\":\"ListItem\",\"@id\":\"https:\\\/\\\/www.immo-invest.ch\\\/fr\\\/categories\\\/regions\\\/suisse\\\/espace-mittelland\\\/neuenburg-fr\\\/#listItem\",\"name\":\"Neuenburg\"},\"previousItem\":{\"@type\":\"ListItem\",\"@id\":\"https:\\\/\\\/www.immo-invest.ch\\\/fr\\\/categories\\\/regions\\\/suisse\\\/#listItem\",\"name\":\"Suisse\"}},{\"@type\":\"ListItem\",\"@id\":\"https:\\\/\\\/www.immo-invest.ch\\\/fr\\\/categories\\\/regions\\\/suisse\\\/espace-mittelland\\\/neuenburg-fr\\\/#listItem\",\"position\":5,\"name\":\"Neuenburg\",\"item\":\"https:\\\/\\\/www.immo-invest.ch\\\/fr\\\/categories\\\/regions\\\/suisse\\\/espace-mittelland\\\/neuenburg-fr\\\/\",\"nextItem\":{\"@type\":\"ListItem\",\"@id\":\"https:\\\/\\\/www.immo-invest.ch\\\/fr\\\/neuenburg-stemmt-28-millionen-gegen-den-sanierungsstau\\\/#listItem\",\"name\":\"Neuch\\u00e2tel consacre 28 millions \\u00e0 la r\\u00e9duction du retard accumul\\u00e9 en mati\\u00e8re de r\\u00e9novation\"},\"previousItem\":{\"@type\":\"ListItem\",\"@id\":\"https:\\\/\\\/www.immo-invest.ch\\\/fr\\\/categories\\\/regions\\\/suisse\\\/espace-mittelland\\\/#listItem\",\"name\":\"Espace Mittelland\"}},{\"@type\":\"ListItem\",\"@id\":\"https:\\\/\\\/www.immo-invest.ch\\\/fr\\\/neuenburg-stemmt-28-millionen-gegen-den-sanierungsstau\\\/#listItem\",\"position\":6,\"name\":\"Neuch\\u00e2tel consacre 28 millions \\u00e0 la r\\u00e9duction du retard accumul\\u00e9 en mati\\u00e8re de r\\u00e9novation\",\"previousItem\":{\"@type\":\"ListItem\",\"@id\":\"https:\\\/\\\/www.immo-invest.ch\\\/fr\\\/categories\\\/regions\\\/suisse\\\/espace-mittelland\\\/neuenburg-fr\\\/#listItem\",\"name\":\"Neuenburg\"}}]},{\"@type\":\"Organization\",\"@id\":\"https:\\\/\\\/www.immo-invest.ch\\\/fr\\\/#organization\",\"name\":\"immo!nvest - Die Plattform f\\u00fcr Standorte und Immobilien\",\"description\":\"Die\\u00a0Plattform f\\u00fcr Standorte und Immobilien\",\"url\":\"https:\\\/\\\/www.immo-invest.ch\\\/fr\\\/\",\"email\":\"admin@immomedia.ag\",\"telephone\":\"+41444420002\",\"logo\":{\"@type\":\"ImageObject\",\"url\":\"https:\\\/\\\/www.immo-invest.ch\\\/wp-content\\\/uploads\\\/2024\\\/09\\\/immoinvest_sm-scaled.jpg\",\"@id\":\"https:\\\/\\\/www.immo-invest.ch\\\/fr\\\/neuenburg-stemmt-28-millionen-gegen-den-sanierungsstau\\\/#organizationLogo\",\"width\":2560,\"height\":1340},\"image\":{\"@id\":\"https:\\\/\\\/www.immo-invest.ch\\\/fr\\\/neuenburg-stemmt-28-millionen-gegen-den-sanierungsstau\\\/#organizationLogo\"},\"sameAs\":[\"https:\\\/\\\/www.facebook.com\\\/people\\\/Immoinvest\\\/100077962920504\\\/\",\"https:\\\/\\\/x.com\\\/i\\\/flow\\\/login?redirect_after_login=immoinvest_ch\",\"https:\\\/\\\/www.instagram.com\\\/immoinvest_ch\\\/\",\"https:\\\/\\\/www.linkedin.com\\\/company\\\/immoinvest-swiss\"]},{\"@type\":\"Person\",\"@id\":\"https:\\\/\\\/www.immo-invest.ch\\\/fr\\\/author\\\/immovestuser\\\/#author\",\"url\":\"https:\\\/\\\/www.immo-invest.ch\\\/fr\\\/author\\\/immovestuser\\\/\",\"name\":\"immovestuser\",\"image\":{\"@type\":\"ImageObject\",\"@id\":\"https:\\\/\\\/www.immo-invest.ch\\\/fr\\\/neuenburg-stemmt-28-millionen-gegen-den-sanierungsstau\\\/#authorImage\",\"url\":\"https:\\\/\\\/secure.gravatar.com\\\/avatar\\\/8e01f4d99f2eeea7a362ebb93305e1172a70e9293ba250f897a65c39f54cdd1e?s=96&d=mm&r=g\",\"width\":96,\"height\":96,\"caption\":\"immovestuser\"}},{\"@type\":\"WebPage\",\"@id\":\"https:\\\/\\\/www.immo-invest.ch\\\/fr\\\/neuenburg-stemmt-28-millionen-gegen-den-sanierungsstau\\\/#webpage\",\"url\":\"https:\\\/\\\/www.immo-invest.ch\\\/fr\\\/neuenburg-stemmt-28-millionen-gegen-den-sanierungsstau\\\/\",\"name\":\"Neuch\\u00e2tel consacre 28 millions \\u00e0 la r\\u00e9duction du retard accumul\\u00e9 en mati\\u00e8re de r\\u00e9novation - immo!nvest - Die Plattform f\\u00fcr Standorte und Immobilien\",\"description\":\"Le canton de Neuch\\u00e2tel alloue un cr\\u00e9dit-cadre de 28 millions de francs pour la p\\u00e9riode 2027-2031 afin d'assurer l'entretien de son parc immobilier. Cette d\\u00e9cision prise \\u00e0 l'unanimit\\u00e9 all\\u00e8ge la pression li\\u00e9e \\u00e0 l'entretien, mais ne comble pas encore l'\\u00e9cart par rapport au niveau recommand\\u00e9 pour le maintien de la valeur des biens.\",\"inLanguage\":\"fr-FR\",\"isPartOf\":{\"@id\":\"https:\\\/\\\/www.immo-invest.ch\\\/fr\\\/#website\"},\"breadcrumb\":{\"@id\":\"https:\\\/\\\/www.immo-invest.ch\\\/fr\\\/neuenburg-stemmt-28-millionen-gegen-den-sanierungsstau\\\/#breadcrumblist\"},\"author\":{\"@id\":\"https:\\\/\\\/www.immo-invest.ch\\\/fr\\\/author\\\/immovestuser\\\/#author\"},\"creator\":{\"@id\":\"https:\\\/\\\/www.immo-invest.ch\\\/fr\\\/author\\\/immovestuser\\\/#author\"},\"image\":{\"@type\":\"ImageObject\",\"url\":\"https:\\\/\\\/www.immo-invest.ch\\\/wp-content\\\/uploads\\\/2026\\\/09\\\/Neuenburg-stemmt-28-Millionen-gegen-den-Sanierungsstau-immo-invest.png\",\"@id\":\"https:\\\/\\\/www.immo-invest.ch\\\/fr\\\/neuenburg-stemmt-28-millionen-gegen-den-sanierungsstau\\\/#mainImage\",\"width\":1536,\"height\":768},\"primaryImageOfPage\":{\"@id\":\"https:\\\/\\\/www.immo-invest.ch\\\/fr\\\/neuenburg-stemmt-28-millionen-gegen-den-sanierungsstau\\\/#mainImage\"},\"datePublished\":\"2026-09-03T12:30:00+02:00\",\"dateModified\":\"2026-09-02T11:55:39+02:00\"},{\"@type\":\"WebSite\",\"@id\":\"https:\\\/\\\/www.immo-invest.ch\\\/fr\\\/#website\",\"url\":\"https:\\\/\\\/www.immo-invest.ch\\\/fr\\\/\",\"name\":\"immo!nvest - Die Plattform f\\u00fcr Standorte und Immobilien\",\"description\":\"Die\\u00a0Plattform f\\u00fcr Standorte und Immobilien\",\"inLanguage\":\"fr-FR\",\"publisher\":{\"@id\":\"https:\\\/\\\/www.immo-invest.ch\\\/fr\\\/#organization\"}}]}\n\t\t<\/script>\n\t\t<!-- All in One SEO -->\n\n","aioseo_head_json":{"title":"Neuch\u00e2tel consacre 28 millions \u00e0 la r\u00e9duction du retard accumul\u00e9 en mati\u00e8re de r\u00e9novation - immo!nvest - Die Plattform f\u00fcr Standorte und Immobilien","description":"Le canton de Neuch\u00e2tel alloue un cr\u00e9dit-cadre de 28 millions de francs pour la p\u00e9riode 2027-2031 afin d'assurer l'entretien de son parc immobilier. Cette d\u00e9cision prise \u00e0 l'unanimit\u00e9 all\u00e8ge la pression li\u00e9e \u00e0 l'entretien, mais ne comble pas encore l'\u00e9cart par rapport au niveau recommand\u00e9 pour le maintien de la valeur des biens.","canonical_url":"https:\/\/www.immo-invest.ch\/fr\/neuenburg-stemmt-28-millionen-gegen-den-sanierungsstau\/","robots":"max-image-preview:large","keywords":"","webmasterTools":{"google-site-verification":"fHJKvgWpZCR2zVBHWfkQeFXC11qieUSff0HGNYfuyLA","miscellaneous":""},"schema":{"@context":"https:\/\/schema.org","@graph":[{"@type":"BlogPosting","@id":"https:\/\/www.immo-invest.ch\/fr\/neuenburg-stemmt-28-millionen-gegen-den-sanierungsstau\/#blogposting","name":"Neuch\u00e2tel consacre 28 millions \u00e0 la r\u00e9duction du retard accumul\u00e9 en mati\u00e8re de r\u00e9novation - immo!nvest - Die Plattform f\u00fcr Standorte und Immobilien","headline":"Neuch\u00e2tel consacre 28 millions \u00e0 la r\u00e9duction du retard accumul\u00e9 en mati\u00e8re de r\u00e9novation","author":{"@id":"https:\/\/www.immo-invest.ch\/fr\/author\/immovestuser\/#author"},"publisher":{"@id":"https:\/\/www.immo-invest.ch\/fr\/#organization"},"image":{"@type":"ImageObject","url":"https:\/\/www.immo-invest.ch\/wp-content\/uploads\/2026\/09\/Neuenburg-stemmt-28-Millionen-gegen-den-Sanierungsstau-immo-invest.png","width":1536,"height":768},"datePublished":"2026-09-03T12:30:00+02:00","dateModified":"2026-09-02T11:55:39+02:00","inLanguage":"fr-FR","mainEntityOfPage":{"@id":"https:\/\/www.immo-invest.ch\/fr\/neuenburg-stemmt-28-millionen-gegen-den-sanierungsstau\/#webpage"},"isPartOf":{"@id":"https:\/\/www.immo-invest.ch\/fr\/neuenburg-stemmt-28-millionen-gegen-den-sanierungsstau\/#webpage"},"articleSection":"Durabilit\u00e9, Gestion immobili\u00e8re, Neuenburg, R\u00e9novation, Strat\u00e9gies de financement, Energieeffizienz, Geb\u00e4udeunterhalt, Immoinvest, immoNews, Neuenburg, News, \u00f6ffentliche Immobilien, Rahmenkredit, Facultatif"},{"@type":"BreadcrumbList","@id":"https:\/\/www.immo-invest.ch\/fr\/neuenburg-stemmt-28-millionen-gegen-den-sanierungsstau\/#breadcrumblist","itemListElement":[{"@type":"ListItem","@id":"https:\/\/www.immo-invest.ch\/fr\/#listItem","position":1,"name":"Home","item":"https:\/\/www.immo-invest.ch\/fr\/","nextItem":{"@type":"ListItem","@id":"https:\/\/www.immo-invest.ch\/fr\/categories\/regions\/#listItem","name":"R\u00e9gions"}},{"@type":"ListItem","@id":"https:\/\/www.immo-invest.ch\/fr\/categories\/regions\/#listItem","position":2,"name":"R\u00e9gions","item":"https:\/\/www.immo-invest.ch\/fr\/categories\/regions\/","nextItem":{"@type":"ListItem","@id":"https:\/\/www.immo-invest.ch\/fr\/categories\/regions\/suisse\/#listItem","name":"Suisse"},"previousItem":{"@type":"ListItem","@id":"https:\/\/www.immo-invest.ch\/fr\/#listItem","name":"Home"}},{"@type":"ListItem","@id":"https:\/\/www.immo-invest.ch\/fr\/categories\/regions\/suisse\/#listItem","position":3,"name":"Suisse","item":"https:\/\/www.immo-invest.ch\/fr\/categories\/regions\/suisse\/","nextItem":{"@type":"ListItem","@id":"https:\/\/www.immo-invest.ch\/fr\/categories\/regions\/suisse\/espace-mittelland\/#listItem","name":"Espace Mittelland"},"previousItem":{"@type":"ListItem","@id":"https:\/\/www.immo-invest.ch\/fr\/categories\/regions\/#listItem","name":"R\u00e9gions"}},{"@type":"ListItem","@id":"https:\/\/www.immo-invest.ch\/fr\/categories\/regions\/suisse\/espace-mittelland\/#listItem","position":4,"name":"Espace Mittelland","item":"https:\/\/www.immo-invest.ch\/fr\/categories\/regions\/suisse\/espace-mittelland\/","nextItem":{"@type":"ListItem","@id":"https:\/\/www.immo-invest.ch\/fr\/categories\/regions\/suisse\/espace-mittelland\/neuenburg-fr\/#listItem","name":"Neuenburg"},"previousItem":{"@type":"ListItem","@id":"https:\/\/www.immo-invest.ch\/fr\/categories\/regions\/suisse\/#listItem","name":"Suisse"}},{"@type":"ListItem","@id":"https:\/\/www.immo-invest.ch\/fr\/categories\/regions\/suisse\/espace-mittelland\/neuenburg-fr\/#listItem","position":5,"name":"Neuenburg","item":"https:\/\/www.immo-invest.ch\/fr\/categories\/regions\/suisse\/espace-mittelland\/neuenburg-fr\/","nextItem":{"@type":"ListItem","@id":"https:\/\/www.immo-invest.ch\/fr\/neuenburg-stemmt-28-millionen-gegen-den-sanierungsstau\/#listItem","name":"Neuch\u00e2tel consacre 28 millions \u00e0 la r\u00e9duction du retard accumul\u00e9 en mati\u00e8re de r\u00e9novation"},"previousItem":{"@type":"ListItem","@id":"https:\/\/www.immo-invest.ch\/fr\/categories\/regions\/suisse\/espace-mittelland\/#listItem","name":"Espace Mittelland"}},{"@type":"ListItem","@id":"https:\/\/www.immo-invest.ch\/fr\/neuenburg-stemmt-28-millionen-gegen-den-sanierungsstau\/#listItem","position":6,"name":"Neuch\u00e2tel consacre 28 millions \u00e0 la r\u00e9duction du retard accumul\u00e9 en mati\u00e8re de r\u00e9novation","previousItem":{"@type":"ListItem","@id":"https:\/\/www.immo-invest.ch\/fr\/categories\/regions\/suisse\/espace-mittelland\/neuenburg-fr\/#listItem","name":"Neuenburg"}}]},{"@type":"Organization","@id":"https:\/\/www.immo-invest.ch\/fr\/#organization","name":"immo!nvest - Die Plattform f\u00fcr Standorte und Immobilien","description":"Die\u00a0Plattform f\u00fcr Standorte und Immobilien","url":"https:\/\/www.immo-invest.ch\/fr\/","email":"admin@immomedia.ag","telephone":"+41444420002","logo":{"@type":"ImageObject","url":"https:\/\/www.immo-invest.ch\/wp-content\/uploads\/2024\/09\/immoinvest_sm-scaled.jpg","@id":"https:\/\/www.immo-invest.ch\/fr\/neuenburg-stemmt-28-millionen-gegen-den-sanierungsstau\/#organizationLogo","width":2560,"height":1340},"image":{"@id":"https:\/\/www.immo-invest.ch\/fr\/neuenburg-stemmt-28-millionen-gegen-den-sanierungsstau\/#organizationLogo"},"sameAs":["https:\/\/www.facebook.com\/people\/Immoinvest\/100077962920504\/","https:\/\/x.com\/i\/flow\/login?redirect_after_login=immoinvest_ch","https:\/\/www.instagram.com\/immoinvest_ch\/","https:\/\/www.linkedin.com\/company\/immoinvest-swiss"]},{"@type":"Person","@id":"https:\/\/www.immo-invest.ch\/fr\/author\/immovestuser\/#author","url":"https:\/\/www.immo-invest.ch\/fr\/author\/immovestuser\/","name":"immovestuser","image":{"@type":"ImageObject","@id":"https:\/\/www.immo-invest.ch\/fr\/neuenburg-stemmt-28-millionen-gegen-den-sanierungsstau\/#authorImage","url":"https:\/\/secure.gravatar.com\/avatar\/8e01f4d99f2eeea7a362ebb93305e1172a70e9293ba250f897a65c39f54cdd1e?s=96&d=mm&r=g","width":96,"height":96,"caption":"immovestuser"}},{"@type":"WebPage","@id":"https:\/\/www.immo-invest.ch\/fr\/neuenburg-stemmt-28-millionen-gegen-den-sanierungsstau\/#webpage","url":"https:\/\/www.immo-invest.ch\/fr\/neuenburg-stemmt-28-millionen-gegen-den-sanierungsstau\/","name":"Neuch\u00e2tel consacre 28 millions \u00e0 la r\u00e9duction du retard accumul\u00e9 en mati\u00e8re de r\u00e9novation - immo!nvest - Die Plattform f\u00fcr Standorte und Immobilien","description":"Le canton de Neuch\u00e2tel alloue un cr\u00e9dit-cadre de 28 millions de francs pour la p\u00e9riode 2027-2031 afin d'assurer l'entretien de son parc immobilier. Cette d\u00e9cision prise \u00e0 l'unanimit\u00e9 all\u00e8ge la pression li\u00e9e \u00e0 l'entretien, mais ne comble pas encore l'\u00e9cart par rapport au niveau recommand\u00e9 pour le maintien de la valeur des biens.","inLanguage":"fr-FR","isPartOf":{"@id":"https:\/\/www.immo-invest.ch\/fr\/#website"},"breadcrumb":{"@id":"https:\/\/www.immo-invest.ch\/fr\/neuenburg-stemmt-28-millionen-gegen-den-sanierungsstau\/#breadcrumblist"},"author":{"@id":"https:\/\/www.immo-invest.ch\/fr\/author\/immovestuser\/#author"},"creator":{"@id":"https:\/\/www.immo-invest.ch\/fr\/author\/immovestuser\/#author"},"image":{"@type":"ImageObject","url":"https:\/\/www.immo-invest.ch\/wp-content\/uploads\/2026\/09\/Neuenburg-stemmt-28-Millionen-gegen-den-Sanierungsstau-immo-invest.png","@id":"https:\/\/www.immo-invest.ch\/fr\/neuenburg-stemmt-28-millionen-gegen-den-sanierungsstau\/#mainImage","width":1536,"height":768},"primaryImageOfPage":{"@id":"https:\/\/www.immo-invest.ch\/fr\/neuenburg-stemmt-28-millionen-gegen-den-sanierungsstau\/#mainImage"},"datePublished":"2026-09-03T12:30:00+02:00","dateModified":"2026-09-02T11:55:39+02:00"},{"@type":"WebSite","@id":"https:\/\/www.immo-invest.ch\/fr\/#website","url":"https:\/\/www.immo-invest.ch\/fr\/","name":"immo!nvest - Die Plattform f\u00fcr Standorte und Immobilien","description":"Die\u00a0Plattform f\u00fcr Standorte und Immobilien","inLanguage":"fr-FR","publisher":{"@id":"https:\/\/www.immo-invest.ch\/fr\/#organization"}}]},"og:locale":"fr_FR","og:site_name":"immo!nvest - Die Plattform f\u00fcr Standorte und Immobilien - Die\u00a0Plattform f\u00fcr Standorte und Immobilien","og:type":"article","og:title":"Neuch\u00e2tel consacre 28 millions \u00e0 la r\u00e9duction du retard accumul\u00e9 en mati\u00e8re de r\u00e9novation - immo!nvest - Die Plattform f\u00fcr Standorte und Immobilien","og:description":"Le canton de Neuch\u00e2tel alloue un cr\u00e9dit-cadre de 28 millions de francs pour la p\u00e9riode 2027-2031 afin d'assurer l'entretien de son parc immobilier. Cette d\u00e9cision prise \u00e0 l'unanimit\u00e9 all\u00e8ge la pression li\u00e9e \u00e0 l'entretien, mais ne comble pas encore l'\u00e9cart par rapport au niveau recommand\u00e9 pour le maintien de la valeur des biens.","og:url":"https:\/\/www.immo-invest.ch\/fr\/neuenburg-stemmt-28-millionen-gegen-den-sanierungsstau\/","og:image":"https:\/\/www.immo-invest.ch\/wp-content\/uploads\/2026\/09\/Neuenburg-stemmt-28-Millionen-gegen-den-Sanierungsstau-immo-invest.png","og:image:secure_url":"https:\/\/www.immo-invest.ch\/wp-content\/uploads\/2026\/09\/Neuenburg-stemmt-28-Millionen-gegen-den-Sanierungsstau-immo-invest.png","og:image:width":1536,"og:image:height":768,"article:published_time":"2026-09-03T10:30:00+00:00","article:modified_time":"2026-09-02T09:55:39+00:00","article:publisher":"https:\/\/www.facebook.com\/people\/Immoinvest\/100077962920504\/","twitter:card":"summary_large_image","twitter:site":"@i","twitter:title":"Neuch\u00e2tel consacre 28 millions \u00e0 la r\u00e9duction du retard accumul\u00e9 en mati\u00e8re de r\u00e9novation - immo!nvest - Die Plattform f\u00fcr Standorte und Immobilien","twitter:description":"Le canton de Neuch\u00e2tel alloue un cr\u00e9dit-cadre de 28 millions de francs pour la p\u00e9riode 2027-2031 afin d'assurer l'entretien de son parc immobilier. Cette d\u00e9cision prise \u00e0 l'unanimit\u00e9 all\u00e8ge la pression li\u00e9e \u00e0 l'entretien, mais ne comble pas encore l'\u00e9cart par rapport au niveau recommand\u00e9 pour le maintien de la valeur des biens.","twitter:creator":"@i","twitter:image":"https:\/\/www.immo-invest.ch\/wp-content\/uploads\/2026\/09\/Neuenburg-stemmt-28-Millionen-gegen-den-Sanierungsstau-immo-invest.png"},"aioseo_meta_data":{"post_id":"164315","title":null,"description":null,"keywords":null,"keyphrases":{"focus":{"keyphrase":"","score":0,"analysis":{"keyphraseInTitle":{"score":0,"maxScore":9,"error":1}}},"additional":[]},"primary_term":null,"canonical_url":null,"og_title":null,"og_description":null,"og_object_type":"default","og_image_type":"default","og_image_url":null,"og_image_width":null,"og_image_height":null,"og_image_custom_url":null,"og_image_custom_fields":null,"og_video":"","og_custom_url":null,"og_article_section":null,"og_article_tags":null,"twitter_use_og":false,"twitter_card":"default","twitter_image_type":"default","twitter_image_url":null,"twitter_image_custom_url":null,"twitter_image_custom_fields":null,"twitter_title":null,"twitter_description":null,"schema":{"blockGraphs":[],"customGraphs":[],"default":{"data":{"Article":[],"Course":[],"Dataset":[],"FAQPage":[],"Movie":[],"Person":[],"Product":[],"ProductReview":[],"Car":[],"Recipe":[],"Service":[],"SoftwareApplication":[],"WebPage":[]},"graphName":"BlogPosting","isEnabled":true},"graphs":[]},"schema_type":"default","schema_type_options":null,"pillar_content":false,"robots_default":true,"robots_noindex":false,"robots_noarchive":false,"robots_nosnippet":false,"robots_nofollow":false,"robots_noimageindex":false,"robots_noodp":false,"robots_notranslate":false,"robots_max_snippet":"-1","robots_max_videopreview":"-1","robots_max_imagepreview":"large","priority":null,"frequency":"default","local_seo":null,"breadcrumb_settings":null,"limit_modified_date":false,"ai":{"faqs":[],"keyPoints":[],"schemas":[],"titles":[],"descriptions":[],"socialPosts":{"email":{"subject":"","preview":"","content":""},"linkedin":[],"twitter":[],"facebook":[],"instagram":[]}},"created":"2026-09-02 09:55:55","updated":"2026-09-03 10:35:05","seo_analyzer_scan_date":null,"focus_keyword":null,"additional_keywords":null,"truseo_locale":null},"aioseo_breadcrumb":"<div class=\"aioseo-breadcrumbs\"><span class=\"aioseo-breadcrumb\">\n\t\t\t<a href=\"https:\/\/www.immo-invest.ch\/fr\/\" title=\"Home\">Home<\/a>\n\t\t<\/span><span class=\"aioseo-breadcrumb-separator\">&raquo;<\/span><span class=\"aioseo-breadcrumb\">\n\t\t\t<a href=\"https:\/\/www.immo-invest.ch\/fr\/categories\/regions\/\" title=\"R\u00e9gions\">R\u00e9gions<\/a>\n\t\t<\/span><span class=\"aioseo-breadcrumb-separator\">&raquo;<\/span><span class=\"aioseo-breadcrumb\">\n\t\t\t<a href=\"https:\/\/www.immo-invest.ch\/fr\/categories\/regions\/suisse\/\" title=\"Suisse\">Suisse<\/a>\n\t\t<\/span><span class=\"aioseo-breadcrumb-separator\">&raquo;<\/span><span class=\"aioseo-breadcrumb\">\n\t\t\t<a href=\"https:\/\/www.immo-invest.ch\/fr\/categories\/regions\/suisse\/espace-mittelland\/\" title=\"Espace Mittelland\">Espace Mittelland<\/a>\n\t\t<\/span><span class=\"aioseo-breadcrumb-separator\">&raquo;<\/span><span class=\"aioseo-breadcrumb\">\n\t\t\t<a href=\"https:\/\/www.immo-invest.ch\/fr\/categories\/regions\/suisse\/espace-mittelland\/neuenburg-fr\/\" title=\"Neuenburg\">Neuenburg<\/a>\n\t\t<\/span><span class=\"aioseo-breadcrumb-separator\">&raquo;<\/span><span class=\"aioseo-breadcrumb\">\n\t\t\tNeuch\u00e2tel consacre 28 millions \u00e0 la r\u00e9duction du retard accumul\u00e9 en mati\u00e8re de r\u00e9novation\n\t\t<\/span><\/div>","aioseo_breadcrumb_json":[{"label":"Home","link":"https:\/\/www.immo-invest.ch\/fr\/"},{"label":"R\u00e9gions","link":"https:\/\/www.immo-invest.ch\/fr\/categories\/regions\/"},{"label":"Suisse","link":"https:\/\/www.immo-invest.ch\/fr\/categories\/regions\/suisse\/"},{"label":"Espace Mittelland","link":"https:\/\/www.immo-invest.ch\/fr\/categories\/regions\/suisse\/espace-mittelland\/"},{"label":"Neuenburg","link":"https:\/\/www.immo-invest.ch\/fr\/categories\/regions\/suisse\/espace-mittelland\/neuenburg-fr\/"},{"label":"Neuch\u00e2tel consacre 28 millions \u00e0 la r\u00e9duction du retard accumul\u00e9 en mati\u00e8re de r\u00e9novation","link":"https:\/\/www.immo-invest.ch\/fr\/neuenburg-stemmt-28-millionen-gegen-den-sanierungsstau\/"}],"featured_image_src":"https:\/\/www.immo-invest.ch\/wp-content\/uploads\/2026\/09\/Neuenburg-stemmt-28-Millionen-gegen-den-Sanierungsstau-immo-invest-336x168.png","_links":{"self":[{"href":"https:\/\/www.immo-invest.ch\/fr\/wp-json\/wp\/v2\/posts\/164315","targetHints":{"allow":["GET"]}}],"collection":[{"href":"https:\/\/www.immo-invest.ch\/fr\/wp-json\/wp\/v2\/posts"}],"about":[{"href":"https:\/\/www.immo-invest.ch\/fr\/wp-json\/wp\/v2\/types\/post"}],"author":[{"embeddable":true,"href":"https:\/\/www.immo-invest.ch\/fr\/wp-json\/wp\/v2\/users\/2"}],"replies":[{"embeddable":true,"href":"https:\/\/www.immo-invest.ch\/fr\/wp-json\/wp\/v2\/comments?post=164315"}],"version-history":[{"count":2,"href":"https:\/\/www.immo-invest.ch\/fr\/wp-json\/wp\/v2\/posts\/164315\/revisions"}],"predecessor-version":[{"id":164322,"href":"https:\/\/www.immo-invest.ch\/fr\/wp-json\/wp\/v2\/posts\/164315\/revisions\/164322"}],"wp:featuredmedia":[{"embeddable":true,"href":"https:\/\/www.immo-invest.ch\/fr\/wp-json\/wp\/v2\/media\/164318"}],"wp:attachment":[{"href":"https:\/\/www.immo-invest.ch\/fr\/wp-json\/wp\/v2\/media?parent=164315"}],"wp:term":[{"taxonomy":"category","embeddable":true,"href":"https:\/\/www.immo-invest.ch\/fr\/wp-json\/wp\/v2\/categories?post=164315"},{"taxonomy":"post_tag","embeddable":true,"href":"https:\/\/www.immo-invest.ch\/fr\/wp-json\/wp\/v2\/tags?post=164315"}],"curies":[{"name":"wp","href":"https:\/\/api.w.org\/{rel}","templated":true}]}}