{"id":164246,"date":"2026-09-02T12:30:00","date_gmt":"2026-09-02T10:30:00","guid":{"rendered":"https:\/\/www.immo-invest.ch\/?p=164246"},"modified":"2026-09-02T10:31:44","modified_gmt":"2026-09-02T08:31:44","slug":"referenzzins-blockiert-vorerst-neue-mietaufschlaege","status":"publish","type":"post","link":"https:\/\/www.immo-invest.ch\/fr\/referenzzins-blockiert-vorerst-neue-mietaufschlaege\/","title":{"rendered":"Le taux d&rsquo;int\u00e9r\u00eat de r\u00e9f\u00e9rence bloque pour l&rsquo;instant toute nouvelle augmentation de loyer"},"content":{"rendered":"<p>En Suisse, le taux d&rsquo;int&eacute;r&ecirc;t de r&eacute;f&eacute;rence hypoth&eacute;caire reste fix&eacute; &agrave; 1,25 % &agrave; compter du 2 septembre 2026. Pour les baux en cours, cela n&rsquo;entra&icirc;ne donc pour l&rsquo;instant ni un nouveau droit &agrave; une baisse de loyer, ni une nouvelle base justifiant des augmentations li&eacute;es au taux de r&eacute;f&eacute;rence.<\/p>\n<div class=\"pmpro\">\n<div class=\"pmpro_card pmpro_content_message\">\n<h2 class=\"pmpro_card_title pmpro_font-large\"><svg xmlns=\"http:\/\/www.w3.org\/2000\/svg\" width=\"24\" height=\"24\" viewbox=\"0 0 24 24\" fill=\"none\" stroke=\"var(--pmpro--color--accent)\" stroke-width=\"2\" stroke-linecap=\"round\" stroke-linejoin=\"round\" class=\"feather feather-lock\"><rect x=\"3\" y=\"11\" width=\"18\" height=\"11\" rx=\"2\" ry=\"2\"><\/rect><path d=\"M7 11V7a5 5 0 0 1 10 0v4\"><\/path><\/svg>Adh&eacute;sion requise<\/h2>\n<div class=\"pmpro_card_content\">En vous abonnant, vous b&eacute;n&eacute;ficiez d&rsquo;un acc&egrave;s exclusif &agrave; tous les articles.\n<div class=\"buttons\"><a href=\"https:\/\/www.immo-invest.ch\/fr\/login\/\">S&rsquo;inscrire<\/a> <a href=\"https:\/\/www.immo-invest.ch\/fr\/abo-bestellen\/\">S&rsquo;abonner<\/a><\/div>\n<\/div>\n<div class=\"pmpro_card_actions pmpro_font-medium\">Vous &ecirc;tes d&eacute;j&agrave; membre ? <a href=\"https:\/\/www.immo-invest.ch\/fr\/login-2\/?redirect_to=https%3A%2F%2Fwww.immo-invest.ch%2Ffr%2Freferenzzins-blockiert-vorerst-neue-mietaufschlaege%2F\">Connectez-vous ici<\/a><\/div>\n<\/div>\n<\/div>\n","protected":false},"excerpt":{"rendered":"<p>En Suisse, le taux d'int\u00e9r\u00eat de r\u00e9f\u00e9rence hypoth\u00e9caire reste fix\u00e9 \u00e0 1,25 % \u00e0 compter du 2 septembre 2026. Pour les baux en cours, cela n'entra\u00eene donc pour l'instant ni un nouveau droit \u00e0 une baisse de loyer, ni une nouvelle base justifiant des augmentations li\u00e9es au taux de r\u00e9f\u00e9rence.<\/p>\n<div class=\"pmpro\"><div class=\"pmpro_card pmpro_content_message\"><h2 class=\"pmpro_card_title pmpro_font-large\"><svg xmlns=\"http:\/\/www.w3.org\/2000\/svg\" width=\"24\" height=\"24\" viewBox=\"0 0 24 24\" fill=\"none\" stroke=\"var(--pmpro--color--accent)\" stroke-width=\"2\" stroke-linecap=\"round\" stroke-linejoin=\"round\" class=\"feather feather-lock\"><rect x=\"3\" y=\"11\" width=\"18\" height=\"11\" rx=\"2\" ry=\"2\"><\/rect><path d=\"M7 11V7a5 5 0 0 1 10 0v4\"><\/path><\/svg>Adh\u00e9sion requise<\/h2><div class=\"pmpro_card_content\">En vous abonnant, vous b\u00e9n\u00e9ficiez d'un acc\u00e8s exclusif \u00e0 tous les articles.<br \/><div class=\"buttons\"><a href=\"https:\/\/www.immo-invest.ch\/fr\/login\/\">S'inscrire<\/a> <a href=\"https:\/\/www.immo-invest.ch\/fr\/abo-bestellen\/\">S'abonner<\/a><\/div> <\/div><div class=\"pmpro_card_actions pmpro_font-medium\">Vous \u00eates d\u00e9j\u00e0 membre ? <a href=\"https:\/\/www.immo-invest.ch\/fr\/login-2\/?redirect_to=https%3A%2F%2Fwww.immo-invest.ch%2Ffr%2Freferenzzins-blockiert-vorerst-neue-mietaufschlaege%2F\">Connectez-vous ici<\/a><\/div><\/div><\/div>","protected":false},"author":2,"featured_media":164247,"comment_status":"open","ping_status":"open","sticky":false,"template":"","format":"standard","meta":{"pmpro_default_level":"","inline_featured_image":false,"_monsterinsights_skip_tracking":false,"footnotes":""},"categories":[56021,22306,56003,22303,55973],"tags":[6667,872,3931,3080,2002,40222,57591],"class_list":["post-164246","post","type-post","status-publish","format-standard","has-post-thumbnail","hentry","category-gestion-immobiliere","category-immo-invest-plus","category-residentiel","category-suisse","category-taux-dinteret-marches-des-capitaux","tag-hypotheken-fr","tag-immoinvest-fr","tag-immonews-fr","tag-mietzins-fr","tag-news-fr","tag-referenzzinssatz-fr","tag-wohnungsmarkt-schweiz","pmpro-level-required","pmpro-level-2","pmpro-level-4","pmpro-level-5","pmpro-level-6","pmpro-level-7","pmpro-level-8","pmpro-no-access"],"acf":{"bild_mit_ki_erstellt_worden":["Ja"],"lead":"En Suisse, le taux d'int\u00e9r\u00eat de r\u00e9f\u00e9rence hypoth\u00e9caire reste fix\u00e9 \u00e0 1,25 % \u00e0 compter du 2 septembre 2026. Pour les baux en cours, cela n'entra\u00eene donc pour l'instant ni un nouveau droit \u00e0 une baisse de loyer, ni une nouvelle base justifiant des augmentations li\u00e9es au taux de r\u00e9f\u00e9rence.","autor":"","ort":"","bildunterschrift":"","bild_im_grid":false,"gallerie":"","newsim":"3913"},"aioseo_notices":[],"aioseo_head":"\n\t\t<!-- All in One SEO 5.0.1.1 - aioseo.com -->\n\t<meta name=\"description\" content=\"En Suisse, le taux d&#039;int\u00e9r\u00eat de r\u00e9f\u00e9rence hypoth\u00e9caire reste fix\u00e9 \u00e0 1,25 % \u00e0 compter du 2 septembre 2026. Pour les baux en cours, cela n&#039;entra\u00eene donc pour l&#039;instant ni un nouveau droit \u00e0 une baisse de loyer, ni une nouvelle base justifiant des augmentations li\u00e9es au taux de r\u00e9f\u00e9rence.\" \/>\n\t<meta name=\"robots\" content=\"max-image-preview:large\" \/>\n\t<meta name=\"author\" content=\"immovestuser\"\/>\n\t<meta name=\"google-site-verification\" content=\"fHJKvgWpZCR2zVBHWfkQeFXC11qieUSff0HGNYfuyLA\" \/>\n\t<link rel=\"canonical\" href=\"https:\/\/www.immo-invest.ch\/fr\/referenzzins-blockiert-vorerst-neue-mietaufschlaege\/\" \/>\n\t<meta name=\"generator\" content=\"All in One SEO (AIOSEO) 5.0.1.1\" \/>\n\t\t<meta property=\"og:locale\" content=\"fr_FR\" \/>\n\t\t<meta property=\"og:site_name\" content=\"immo!nvest - Die Plattform f\u00fcr Standorte und Immobilien - Die\u00a0Plattform f\u00fcr Standorte und Immobilien\" \/>\n\t\t<meta property=\"og:type\" content=\"article\" \/>\n\t\t<meta property=\"og:title\" content=\"Le taux d\u2019int\u00e9r\u00eat de r\u00e9f\u00e9rence bloque pour l\u2019instant toute nouvelle augmentation de loyer - immo!nvest - Die Plattform f\u00fcr Standorte und Immobilien\" \/>\n\t\t<meta property=\"og:description\" content=\"En Suisse, le taux d&#039;int\u00e9r\u00eat de r\u00e9f\u00e9rence hypoth\u00e9caire reste fix\u00e9 \u00e0 1,25 % \u00e0 compter du 2 septembre 2026. Pour les baux en cours, cela n&#039;entra\u00eene donc pour l&#039;instant ni un nouveau droit \u00e0 une baisse de loyer, ni une nouvelle base justifiant des augmentations li\u00e9es au taux de r\u00e9f\u00e9rence.\" \/>\n\t\t<meta property=\"og:url\" content=\"https:\/\/www.immo-invest.ch\/fr\/referenzzins-blockiert-vorerst-neue-mietaufschlaege\/\" \/>\n\t\t<meta property=\"og:image\" content=\"https:\/\/www.immo-invest.ch\/wp-content\/uploads\/2026\/09\/Referenzzins-blockiert-vorerst-neue-Mietaufschlaege-immo-invest.png\" \/>\n\t\t<meta property=\"og:image:secure_url\" content=\"https:\/\/www.immo-invest.ch\/wp-content\/uploads\/2026\/09\/Referenzzins-blockiert-vorerst-neue-Mietaufschlaege-immo-invest.png\" \/>\n\t\t<meta property=\"og:image:width\" content=\"1536\" \/>\n\t\t<meta property=\"og:image:height\" content=\"768\" \/>\n\t\t<meta property=\"article:published_time\" content=\"2026-09-02T10:30:00+00:00\" \/>\n\t\t<meta property=\"article:modified_time\" content=\"2026-09-02T08:31:44+00:00\" \/>\n\t\t<meta property=\"article:publisher\" content=\"https:\/\/www.facebook.com\/people\/Immoinvest\/100077962920504\/\" \/>\n\t\t<meta name=\"twitter:card\" content=\"summary_large_image\" \/>\n\t\t<meta name=\"twitter:site\" content=\"@i\" \/>\n\t\t<meta name=\"twitter:title\" content=\"Le taux d\u2019int\u00e9r\u00eat de r\u00e9f\u00e9rence bloque pour l\u2019instant toute nouvelle augmentation de loyer - immo!nvest - Die Plattform f\u00fcr Standorte und Immobilien\" \/>\n\t\t<meta name=\"twitter:description\" content=\"En Suisse, le taux d&#039;int\u00e9r\u00eat de r\u00e9f\u00e9rence hypoth\u00e9caire reste fix\u00e9 \u00e0 1,25 % \u00e0 compter du 2 septembre 2026. Pour les baux en cours, cela n&#039;entra\u00eene donc pour l&#039;instant ni un nouveau droit \u00e0 une baisse de loyer, ni une nouvelle base justifiant des augmentations li\u00e9es au taux de r\u00e9f\u00e9rence.\" \/>\n\t\t<meta name=\"twitter:creator\" content=\"@i\" \/>\n\t\t<meta name=\"twitter:image\" content=\"https:\/\/www.immo-invest.ch\/wp-content\/uploads\/2026\/09\/Referenzzins-blockiert-vorerst-neue-Mietaufschlaege-immo-invest.png\" \/>\n\t\t<script type=\"application\/ld+json\" class=\"aioseo-schema\">\n\t\t\t{\"@context\":\"https:\\\/\\\/schema.org\",\"@graph\":[{\"@type\":\"BlogPosting\",\"@id\":\"https:\\\/\\\/www.immo-invest.ch\\\/fr\\\/referenzzins-blockiert-vorerst-neue-mietaufschlaege\\\/#blogposting\",\"name\":\"Le taux d\\u2019int\\u00e9r\\u00eat de r\\u00e9f\\u00e9rence bloque pour l\\u2019instant toute nouvelle augmentation de loyer - immo!nvest - Die Plattform f\\u00fcr Standorte und Immobilien\",\"headline\":\"Le taux d&rsquo;int\\u00e9r\\u00eat de r\\u00e9f\\u00e9rence bloque pour l&rsquo;instant toute nouvelle augmentation de loyer\",\"author\":{\"@id\":\"https:\\\/\\\/www.immo-invest.ch\\\/fr\\\/author\\\/immovestuser\\\/#author\"},\"publisher\":{\"@id\":\"https:\\\/\\\/www.immo-invest.ch\\\/fr\\\/#organization\"},\"image\":{\"@type\":\"ImageObject\",\"url\":\"https:\\\/\\\/www.immo-invest.ch\\\/wp-content\\\/uploads\\\/2026\\\/09\\\/Referenzzins-blockiert-vorerst-neue-Mietaufschlaege-immo-invest.png\",\"width\":1536,\"height\":768},\"datePublished\":\"2026-09-02T12:30:00+02:00\",\"dateModified\":\"2026-09-02T10:31:44+02:00\",\"inLanguage\":\"fr-FR\",\"mainEntityOfPage\":{\"@id\":\"https:\\\/\\\/www.immo-invest.ch\\\/fr\\\/referenzzins-blockiert-vorerst-neue-mietaufschlaege\\\/#webpage\"},\"isPartOf\":{\"@id\":\"https:\\\/\\\/www.immo-invest.ch\\\/fr\\\/referenzzins-blockiert-vorerst-neue-mietaufschlaege\\\/#webpage\"},\"articleSection\":\"Gestion immobili\\u00e8re, immo!nvest+, R\\u00e9sidentiel, Suisse, Taux d\\u2019int\\u00e9r\\u00eat \\\/ March\\u00e9s des capitaux, Hypotheken, Immoinvest, immoNews, Mietzins, News, Referenzzinssatz, Wohnungsmarkt Schweiz, Facultatif\"},{\"@type\":\"BreadcrumbList\",\"@id\":\"https:\\\/\\\/www.immo-invest.ch\\\/fr\\\/referenzzins-blockiert-vorerst-neue-mietaufschlaege\\\/#breadcrumblist\",\"itemListElement\":[{\"@type\":\"ListItem\",\"@id\":\"https:\\\/\\\/www.immo-invest.ch\\\/fr\\\/#listItem\",\"position\":1,\"name\":\"Home\",\"item\":\"https:\\\/\\\/www.immo-invest.ch\\\/fr\\\/\",\"nextItem\":{\"@type\":\"ListItem\",\"@id\":\"https:\\\/\\\/www.immo-invest.ch\\\/fr\\\/categories\\\/regions\\\/#listItem\",\"name\":\"R\\u00e9gions\"}},{\"@type\":\"ListItem\",\"@id\":\"https:\\\/\\\/www.immo-invest.ch\\\/fr\\\/categories\\\/regions\\\/#listItem\",\"position\":2,\"name\":\"R\\u00e9gions\",\"item\":\"https:\\\/\\\/www.immo-invest.ch\\\/fr\\\/categories\\\/regions\\\/\",\"nextItem\":{\"@type\":\"ListItem\",\"@id\":\"https:\\\/\\\/www.immo-invest.ch\\\/fr\\\/categories\\\/regions\\\/suisse\\\/#listItem\",\"name\":\"Suisse\"},\"previousItem\":{\"@type\":\"ListItem\",\"@id\":\"https:\\\/\\\/www.immo-invest.ch\\\/fr\\\/#listItem\",\"name\":\"Home\"}},{\"@type\":\"ListItem\",\"@id\":\"https:\\\/\\\/www.immo-invest.ch\\\/fr\\\/categories\\\/regions\\\/suisse\\\/#listItem\",\"position\":3,\"name\":\"Suisse\",\"item\":\"https:\\\/\\\/www.immo-invest.ch\\\/fr\\\/categories\\\/regions\\\/suisse\\\/\",\"nextItem\":{\"@type\":\"ListItem\",\"@id\":\"https:\\\/\\\/www.immo-invest.ch\\\/fr\\\/referenzzins-blockiert-vorerst-neue-mietaufschlaege\\\/#listItem\",\"name\":\"Le taux d&rsquo;int\\u00e9r\\u00eat de r\\u00e9f\\u00e9rence bloque pour l&rsquo;instant toute nouvelle augmentation de loyer\"},\"previousItem\":{\"@type\":\"ListItem\",\"@id\":\"https:\\\/\\\/www.immo-invest.ch\\\/fr\\\/categories\\\/regions\\\/#listItem\",\"name\":\"R\\u00e9gions\"}},{\"@type\":\"ListItem\",\"@id\":\"https:\\\/\\\/www.immo-invest.ch\\\/fr\\\/referenzzins-blockiert-vorerst-neue-mietaufschlaege\\\/#listItem\",\"position\":4,\"name\":\"Le taux d&rsquo;int\\u00e9r\\u00eat de r\\u00e9f\\u00e9rence bloque pour l&rsquo;instant toute nouvelle augmentation de loyer\",\"previousItem\":{\"@type\":\"ListItem\",\"@id\":\"https:\\\/\\\/www.immo-invest.ch\\\/fr\\\/categories\\\/regions\\\/suisse\\\/#listItem\",\"name\":\"Suisse\"}}]},{\"@type\":\"Organization\",\"@id\":\"https:\\\/\\\/www.immo-invest.ch\\\/fr\\\/#organization\",\"name\":\"immo!nvest - Die Plattform f\\u00fcr Standorte und Immobilien\",\"description\":\"Die\\u00a0Plattform f\\u00fcr Standorte und Immobilien\",\"url\":\"https:\\\/\\\/www.immo-invest.ch\\\/fr\\\/\",\"email\":\"admin@immomedia.ag\",\"telephone\":\"+41444420002\",\"logo\":{\"@type\":\"ImageObject\",\"url\":\"https:\\\/\\\/www.immo-invest.ch\\\/wp-content\\\/uploads\\\/2024\\\/09\\\/immoinvest_sm-scaled.jpg\",\"@id\":\"https:\\\/\\\/www.immo-invest.ch\\\/fr\\\/referenzzins-blockiert-vorerst-neue-mietaufschlaege\\\/#organizationLogo\",\"width\":2560,\"height\":1340},\"image\":{\"@id\":\"https:\\\/\\\/www.immo-invest.ch\\\/fr\\\/referenzzins-blockiert-vorerst-neue-mietaufschlaege\\\/#organizationLogo\"},\"sameAs\":[\"https:\\\/\\\/www.facebook.com\\\/people\\\/Immoinvest\\\/100077962920504\\\/\",\"https:\\\/\\\/x.com\\\/i\\\/flow\\\/login?redirect_after_login=immoinvest_ch\",\"https:\\\/\\\/www.instagram.com\\\/immoinvest_ch\\\/\",\"https:\\\/\\\/www.linkedin.com\\\/company\\\/immoinvest-swiss\"]},{\"@type\":\"Person\",\"@id\":\"https:\\\/\\\/www.immo-invest.ch\\\/fr\\\/author\\\/immovestuser\\\/#author\",\"url\":\"https:\\\/\\\/www.immo-invest.ch\\\/fr\\\/author\\\/immovestuser\\\/\",\"name\":\"immovestuser\",\"image\":{\"@type\":\"ImageObject\",\"@id\":\"https:\\\/\\\/www.immo-invest.ch\\\/fr\\\/referenzzins-blockiert-vorerst-neue-mietaufschlaege\\\/#authorImage\",\"url\":\"https:\\\/\\\/secure.gravatar.com\\\/avatar\\\/8e01f4d99f2eeea7a362ebb93305e1172a70e9293ba250f897a65c39f54cdd1e?s=96&d=mm&r=g\",\"width\":96,\"height\":96,\"caption\":\"immovestuser\"}},{\"@type\":\"WebPage\",\"@id\":\"https:\\\/\\\/www.immo-invest.ch\\\/fr\\\/referenzzins-blockiert-vorerst-neue-mietaufschlaege\\\/#webpage\",\"url\":\"https:\\\/\\\/www.immo-invest.ch\\\/fr\\\/referenzzins-blockiert-vorerst-neue-mietaufschlaege\\\/\",\"name\":\"Le taux d\\u2019int\\u00e9r\\u00eat de r\\u00e9f\\u00e9rence bloque pour l\\u2019instant toute nouvelle augmentation de loyer - immo!nvest - Die Plattform f\\u00fcr Standorte und Immobilien\",\"description\":\"En Suisse, le taux d'int\\u00e9r\\u00eat de r\\u00e9f\\u00e9rence hypoth\\u00e9caire reste fix\\u00e9 \\u00e0 1,25 % \\u00e0 compter du 2 septembre 2026. Pour les baux en cours, cela n'entra\\u00eene donc pour l'instant ni un nouveau droit \\u00e0 une baisse de loyer, ni une nouvelle base justifiant des augmentations li\\u00e9es au taux de r\\u00e9f\\u00e9rence.\",\"inLanguage\":\"fr-FR\",\"isPartOf\":{\"@id\":\"https:\\\/\\\/www.immo-invest.ch\\\/fr\\\/#website\"},\"breadcrumb\":{\"@id\":\"https:\\\/\\\/www.immo-invest.ch\\\/fr\\\/referenzzins-blockiert-vorerst-neue-mietaufschlaege\\\/#breadcrumblist\"},\"author\":{\"@id\":\"https:\\\/\\\/www.immo-invest.ch\\\/fr\\\/author\\\/immovestuser\\\/#author\"},\"creator\":{\"@id\":\"https:\\\/\\\/www.immo-invest.ch\\\/fr\\\/author\\\/immovestuser\\\/#author\"},\"image\":{\"@type\":\"ImageObject\",\"url\":\"https:\\\/\\\/www.immo-invest.ch\\\/wp-content\\\/uploads\\\/2026\\\/09\\\/Referenzzins-blockiert-vorerst-neue-Mietaufschlaege-immo-invest.png\",\"@id\":\"https:\\\/\\\/www.immo-invest.ch\\\/fr\\\/referenzzins-blockiert-vorerst-neue-mietaufschlaege\\\/#mainImage\",\"width\":1536,\"height\":768},\"primaryImageOfPage\":{\"@id\":\"https:\\\/\\\/www.immo-invest.ch\\\/fr\\\/referenzzins-blockiert-vorerst-neue-mietaufschlaege\\\/#mainImage\"},\"datePublished\":\"2026-09-02T12:30:00+02:00\",\"dateModified\":\"2026-09-02T10:31:44+02:00\"},{\"@type\":\"WebSite\",\"@id\":\"https:\\\/\\\/www.immo-invest.ch\\\/fr\\\/#website\",\"url\":\"https:\\\/\\\/www.immo-invest.ch\\\/fr\\\/\",\"name\":\"immo!nvest - Die Plattform f\\u00fcr Standorte und Immobilien\",\"description\":\"Die\\u00a0Plattform f\\u00fcr Standorte und Immobilien\",\"inLanguage\":\"fr-FR\",\"publisher\":{\"@id\":\"https:\\\/\\\/www.immo-invest.ch\\\/fr\\\/#organization\"}}]}\n\t\t<\/script>\n\t\t<!-- All in One SEO -->\n\n","aioseo_head_json":{"title":"Le taux d\u2019int\u00e9r\u00eat de r\u00e9f\u00e9rence bloque pour l\u2019instant toute nouvelle augmentation de loyer - immo!nvest - Die Plattform f\u00fcr Standorte und Immobilien","description":"En Suisse, le taux d'int\u00e9r\u00eat de r\u00e9f\u00e9rence hypoth\u00e9caire reste fix\u00e9 \u00e0 1,25 % \u00e0 compter du 2 septembre 2026. Pour les baux en cours, cela n'entra\u00eene donc pour l'instant ni un nouveau droit \u00e0 une baisse de loyer, ni une nouvelle base justifiant des augmentations li\u00e9es au taux de r\u00e9f\u00e9rence.","canonical_url":"https:\/\/www.immo-invest.ch\/fr\/referenzzins-blockiert-vorerst-neue-mietaufschlaege\/","robots":"max-image-preview:large","keywords":"","webmasterTools":{"google-site-verification":"fHJKvgWpZCR2zVBHWfkQeFXC11qieUSff0HGNYfuyLA","miscellaneous":""},"schema":{"@context":"https:\/\/schema.org","@graph":[{"@type":"BlogPosting","@id":"https:\/\/www.immo-invest.ch\/fr\/referenzzins-blockiert-vorerst-neue-mietaufschlaege\/#blogposting","name":"Le taux d\u2019int\u00e9r\u00eat de r\u00e9f\u00e9rence bloque pour l\u2019instant toute nouvelle augmentation de loyer - immo!nvest - Die Plattform f\u00fcr Standorte und Immobilien","headline":"Le taux d&rsquo;int\u00e9r\u00eat de r\u00e9f\u00e9rence bloque pour l&rsquo;instant toute nouvelle augmentation de loyer","author":{"@id":"https:\/\/www.immo-invest.ch\/fr\/author\/immovestuser\/#author"},"publisher":{"@id":"https:\/\/www.immo-invest.ch\/fr\/#organization"},"image":{"@type":"ImageObject","url":"https:\/\/www.immo-invest.ch\/wp-content\/uploads\/2026\/09\/Referenzzins-blockiert-vorerst-neue-Mietaufschlaege-immo-invest.png","width":1536,"height":768},"datePublished":"2026-09-02T12:30:00+02:00","dateModified":"2026-09-02T10:31:44+02:00","inLanguage":"fr-FR","mainEntityOfPage":{"@id":"https:\/\/www.immo-invest.ch\/fr\/referenzzins-blockiert-vorerst-neue-mietaufschlaege\/#webpage"},"isPartOf":{"@id":"https:\/\/www.immo-invest.ch\/fr\/referenzzins-blockiert-vorerst-neue-mietaufschlaege\/#webpage"},"articleSection":"Gestion immobili\u00e8re, immo!nvest+, R\u00e9sidentiel, Suisse, Taux d\u2019int\u00e9r\u00eat \/ March\u00e9s des capitaux, Hypotheken, Immoinvest, immoNews, Mietzins, News, Referenzzinssatz, Wohnungsmarkt Schweiz, Facultatif"},{"@type":"BreadcrumbList","@id":"https:\/\/www.immo-invest.ch\/fr\/referenzzins-blockiert-vorerst-neue-mietaufschlaege\/#breadcrumblist","itemListElement":[{"@type":"ListItem","@id":"https:\/\/www.immo-invest.ch\/fr\/#listItem","position":1,"name":"Home","item":"https:\/\/www.immo-invest.ch\/fr\/","nextItem":{"@type":"ListItem","@id":"https:\/\/www.immo-invest.ch\/fr\/categories\/regions\/#listItem","name":"R\u00e9gions"}},{"@type":"ListItem","@id":"https:\/\/www.immo-invest.ch\/fr\/categories\/regions\/#listItem","position":2,"name":"R\u00e9gions","item":"https:\/\/www.immo-invest.ch\/fr\/categories\/regions\/","nextItem":{"@type":"ListItem","@id":"https:\/\/www.immo-invest.ch\/fr\/categories\/regions\/suisse\/#listItem","name":"Suisse"},"previousItem":{"@type":"ListItem","@id":"https:\/\/www.immo-invest.ch\/fr\/#listItem","name":"Home"}},{"@type":"ListItem","@id":"https:\/\/www.immo-invest.ch\/fr\/categories\/regions\/suisse\/#listItem","position":3,"name":"Suisse","item":"https:\/\/www.immo-invest.ch\/fr\/categories\/regions\/suisse\/","nextItem":{"@type":"ListItem","@id":"https:\/\/www.immo-invest.ch\/fr\/referenzzins-blockiert-vorerst-neue-mietaufschlaege\/#listItem","name":"Le taux d&rsquo;int\u00e9r\u00eat de r\u00e9f\u00e9rence bloque pour l&rsquo;instant toute nouvelle augmentation de loyer"},"previousItem":{"@type":"ListItem","@id":"https:\/\/www.immo-invest.ch\/fr\/categories\/regions\/#listItem","name":"R\u00e9gions"}},{"@type":"ListItem","@id":"https:\/\/www.immo-invest.ch\/fr\/referenzzins-blockiert-vorerst-neue-mietaufschlaege\/#listItem","position":4,"name":"Le taux d&rsquo;int\u00e9r\u00eat de r\u00e9f\u00e9rence bloque pour l&rsquo;instant toute nouvelle augmentation de loyer","previousItem":{"@type":"ListItem","@id":"https:\/\/www.immo-invest.ch\/fr\/categories\/regions\/suisse\/#listItem","name":"Suisse"}}]},{"@type":"Organization","@id":"https:\/\/www.immo-invest.ch\/fr\/#organization","name":"immo!nvest - Die Plattform f\u00fcr Standorte und Immobilien","description":"Die\u00a0Plattform f\u00fcr Standorte und Immobilien","url":"https:\/\/www.immo-invest.ch\/fr\/","email":"admin@immomedia.ag","telephone":"+41444420002","logo":{"@type":"ImageObject","url":"https:\/\/www.immo-invest.ch\/wp-content\/uploads\/2024\/09\/immoinvest_sm-scaled.jpg","@id":"https:\/\/www.immo-invest.ch\/fr\/referenzzins-blockiert-vorerst-neue-mietaufschlaege\/#organizationLogo","width":2560,"height":1340},"image":{"@id":"https:\/\/www.immo-invest.ch\/fr\/referenzzins-blockiert-vorerst-neue-mietaufschlaege\/#organizationLogo"},"sameAs":["https:\/\/www.facebook.com\/people\/Immoinvest\/100077962920504\/","https:\/\/x.com\/i\/flow\/login?redirect_after_login=immoinvest_ch","https:\/\/www.instagram.com\/immoinvest_ch\/","https:\/\/www.linkedin.com\/company\/immoinvest-swiss"]},{"@type":"Person","@id":"https:\/\/www.immo-invest.ch\/fr\/author\/immovestuser\/#author","url":"https:\/\/www.immo-invest.ch\/fr\/author\/immovestuser\/","name":"immovestuser","image":{"@type":"ImageObject","@id":"https:\/\/www.immo-invest.ch\/fr\/referenzzins-blockiert-vorerst-neue-mietaufschlaege\/#authorImage","url":"https:\/\/secure.gravatar.com\/avatar\/8e01f4d99f2eeea7a362ebb93305e1172a70e9293ba250f897a65c39f54cdd1e?s=96&d=mm&r=g","width":96,"height":96,"caption":"immovestuser"}},{"@type":"WebPage","@id":"https:\/\/www.immo-invest.ch\/fr\/referenzzins-blockiert-vorerst-neue-mietaufschlaege\/#webpage","url":"https:\/\/www.immo-invest.ch\/fr\/referenzzins-blockiert-vorerst-neue-mietaufschlaege\/","name":"Le taux d\u2019int\u00e9r\u00eat de r\u00e9f\u00e9rence bloque pour l\u2019instant toute nouvelle augmentation de loyer - immo!nvest - Die Plattform f\u00fcr Standorte und Immobilien","description":"En Suisse, le taux d'int\u00e9r\u00eat de r\u00e9f\u00e9rence hypoth\u00e9caire reste fix\u00e9 \u00e0 1,25 % \u00e0 compter du 2 septembre 2026. Pour les baux en cours, cela n'entra\u00eene donc pour l'instant ni un nouveau droit \u00e0 une baisse de loyer, ni une nouvelle base justifiant des augmentations li\u00e9es au taux de r\u00e9f\u00e9rence.","inLanguage":"fr-FR","isPartOf":{"@id":"https:\/\/www.immo-invest.ch\/fr\/#website"},"breadcrumb":{"@id":"https:\/\/www.immo-invest.ch\/fr\/referenzzins-blockiert-vorerst-neue-mietaufschlaege\/#breadcrumblist"},"author":{"@id":"https:\/\/www.immo-invest.ch\/fr\/author\/immovestuser\/#author"},"creator":{"@id":"https:\/\/www.immo-invest.ch\/fr\/author\/immovestuser\/#author"},"image":{"@type":"ImageObject","url":"https:\/\/www.immo-invest.ch\/wp-content\/uploads\/2026\/09\/Referenzzins-blockiert-vorerst-neue-Mietaufschlaege-immo-invest.png","@id":"https:\/\/www.immo-invest.ch\/fr\/referenzzins-blockiert-vorerst-neue-mietaufschlaege\/#mainImage","width":1536,"height":768},"primaryImageOfPage":{"@id":"https:\/\/www.immo-invest.ch\/fr\/referenzzins-blockiert-vorerst-neue-mietaufschlaege\/#mainImage"},"datePublished":"2026-09-02T12:30:00+02:00","dateModified":"2026-09-02T10:31:44+02:00"},{"@type":"WebSite","@id":"https:\/\/www.immo-invest.ch\/fr\/#website","url":"https:\/\/www.immo-invest.ch\/fr\/","name":"immo!nvest - Die Plattform f\u00fcr Standorte und Immobilien","description":"Die\u00a0Plattform f\u00fcr Standorte und Immobilien","inLanguage":"fr-FR","publisher":{"@id":"https:\/\/www.immo-invest.ch\/fr\/#organization"}}]},"og:locale":"fr_FR","og:site_name":"immo!nvest - Die Plattform f\u00fcr Standorte und Immobilien - Die\u00a0Plattform f\u00fcr Standorte und Immobilien","og:type":"article","og:title":"Le taux d\u2019int\u00e9r\u00eat de r\u00e9f\u00e9rence bloque pour l\u2019instant toute nouvelle augmentation de loyer - immo!nvest - Die Plattform f\u00fcr Standorte und Immobilien","og:description":"En Suisse, le taux d'int\u00e9r\u00eat de r\u00e9f\u00e9rence hypoth\u00e9caire reste fix\u00e9 \u00e0 1,25 % \u00e0 compter du 2 septembre 2026. Pour les baux en cours, cela n'entra\u00eene donc pour l'instant ni un nouveau droit \u00e0 une baisse de loyer, ni une nouvelle base justifiant des augmentations li\u00e9es au taux de r\u00e9f\u00e9rence.","og:url":"https:\/\/www.immo-invest.ch\/fr\/referenzzins-blockiert-vorerst-neue-mietaufschlaege\/","og:image":"https:\/\/www.immo-invest.ch\/wp-content\/uploads\/2026\/09\/Referenzzins-blockiert-vorerst-neue-Mietaufschlaege-immo-invest.png","og:image:secure_url":"https:\/\/www.immo-invest.ch\/wp-content\/uploads\/2026\/09\/Referenzzins-blockiert-vorerst-neue-Mietaufschlaege-immo-invest.png","og:image:width":1536,"og:image:height":768,"article:published_time":"2026-09-02T10:30:00+00:00","article:modified_time":"2026-09-02T08:31:44+00:00","article:publisher":"https:\/\/www.facebook.com\/people\/Immoinvest\/100077962920504\/","twitter:card":"summary_large_image","twitter:site":"@i","twitter:title":"Le taux d\u2019int\u00e9r\u00eat de r\u00e9f\u00e9rence bloque pour l\u2019instant toute nouvelle augmentation de loyer - immo!nvest - Die Plattform f\u00fcr Standorte und Immobilien","twitter:description":"En Suisse, le taux d'int\u00e9r\u00eat de r\u00e9f\u00e9rence hypoth\u00e9caire reste fix\u00e9 \u00e0 1,25 % \u00e0 compter du 2 septembre 2026. Pour les baux en cours, cela n'entra\u00eene donc pour l'instant ni un nouveau droit \u00e0 une baisse de loyer, ni une nouvelle base justifiant des augmentations li\u00e9es au taux de r\u00e9f\u00e9rence.","twitter:creator":"@i","twitter:image":"https:\/\/www.immo-invest.ch\/wp-content\/uploads\/2026\/09\/Referenzzins-blockiert-vorerst-neue-Mietaufschlaege-immo-invest.png"},"aioseo_meta_data":{"post_id":"164246","title":null,"description":null,"keywords":null,"keyphrases":{"focus":{"keyphrase":"","score":0,"analysis":{"keyphraseInTitle":{"score":0,"maxScore":9,"error":1}}},"additional":[]},"primary_term":null,"canonical_url":null,"og_title":null,"og_description":null,"og_object_type":"default","og_image_type":"default","og_image_url":null,"og_image_width":null,"og_image_height":null,"og_image_custom_url":null,"og_image_custom_fields":null,"og_video":"","og_custom_url":null,"og_article_section":null,"og_article_tags":null,"twitter_use_og":false,"twitter_card":"default","twitter_image_type":"default","twitter_image_url":null,"twitter_image_custom_url":null,"twitter_image_custom_fields":null,"twitter_title":null,"twitter_description":null,"schema":{"blockGraphs":[],"customGraphs":[],"default":{"data":{"Article":[],"Course":[],"Dataset":[],"FAQPage":[],"Movie":[],"Person":[],"Product":[],"ProductReview":[],"Car":[],"Recipe":[],"Service":[],"SoftwareApplication":[],"WebPage":[]},"graphName":"BlogPosting","isEnabled":true},"graphs":[]},"schema_type":"default","schema_type_options":null,"pillar_content":false,"robots_default":true,"robots_noindex":false,"robots_noarchive":false,"robots_nosnippet":false,"robots_nofollow":false,"robots_noimageindex":false,"robots_noodp":false,"robots_notranslate":false,"robots_max_snippet":"-1","robots_max_videopreview":"-1","robots_max_imagepreview":"large","priority":null,"frequency":"default","local_seo":null,"breadcrumb_settings":null,"limit_modified_date":false,"ai":{"faqs":[],"keyPoints":[],"schemas":[],"titles":[],"descriptions":[],"socialPosts":{"email":{"subject":"","preview":"","content":""},"linkedin":[],"twitter":[],"facebook":[],"instagram":[]}},"created":"2026-09-02 08:31:47","updated":"2026-09-02 10:58:37","seo_analyzer_scan_date":null,"focus_keyword":null,"additional_keywords":null,"truseo_locale":null},"aioseo_breadcrumb":"<div class=\"aioseo-breadcrumbs\"><span class=\"aioseo-breadcrumb\">\n\t\t\t<a href=\"https:\/\/www.immo-invest.ch\/fr\/\" title=\"Home\">Home<\/a>\n\t\t<\/span><span class=\"aioseo-breadcrumb-separator\">&raquo;<\/span><span class=\"aioseo-breadcrumb\">\n\t\t\t<a href=\"https:\/\/www.immo-invest.ch\/fr\/categories\/regions\/\" title=\"R\u00e9gions\">R\u00e9gions<\/a>\n\t\t<\/span><span class=\"aioseo-breadcrumb-separator\">&raquo;<\/span><span class=\"aioseo-breadcrumb\">\n\t\t\t<a href=\"https:\/\/www.immo-invest.ch\/fr\/categories\/regions\/suisse\/\" title=\"Suisse\">Suisse<\/a>\n\t\t<\/span><span class=\"aioseo-breadcrumb-separator\">&raquo;<\/span><span class=\"aioseo-breadcrumb\">\n\t\t\tLe taux d\u2019int\u00e9r\u00eat de r\u00e9f\u00e9rence bloque pour l\u2019instant toute nouvelle augmentation de loyer\n\t\t<\/span><\/div>","aioseo_breadcrumb_json":[{"label":"Home","link":"https:\/\/www.immo-invest.ch\/fr\/"},{"label":"R\u00e9gions","link":"https:\/\/www.immo-invest.ch\/fr\/categories\/regions\/"},{"label":"Suisse","link":"https:\/\/www.immo-invest.ch\/fr\/categories\/regions\/suisse\/"},{"label":"Le taux d&rsquo;int\u00e9r\u00eat de r\u00e9f\u00e9rence bloque pour l&rsquo;instant toute nouvelle augmentation de loyer","link":"https:\/\/www.immo-invest.ch\/fr\/referenzzins-blockiert-vorerst-neue-mietaufschlaege\/"}],"featured_image_src":"https:\/\/www.immo-invest.ch\/wp-content\/uploads\/2026\/09\/Referenzzins-blockiert-vorerst-neue-Mietaufschlaege-immo-invest-336x168.png","_links":{"self":[{"href":"https:\/\/www.immo-invest.ch\/fr\/wp-json\/wp\/v2\/posts\/164246","targetHints":{"allow":["GET"]}}],"collection":[{"href":"https:\/\/www.immo-invest.ch\/fr\/wp-json\/wp\/v2\/posts"}],"about":[{"href":"https:\/\/www.immo-invest.ch\/fr\/wp-json\/wp\/v2\/types\/post"}],"author":[{"embeddable":true,"href":"https:\/\/www.immo-invest.ch\/fr\/wp-json\/wp\/v2\/users\/2"}],"replies":[{"embeddable":true,"href":"https:\/\/www.immo-invest.ch\/fr\/wp-json\/wp\/v2\/comments?post=164246"}],"version-history":[{"count":2,"href":"https:\/\/www.immo-invest.ch\/fr\/wp-json\/wp\/v2\/posts\/164246\/revisions"}],"predecessor-version":[{"id":164257,"href":"https:\/\/www.immo-invest.ch\/fr\/wp-json\/wp\/v2\/posts\/164246\/revisions\/164257"}],"wp:featuredmedia":[{"embeddable":true,"href":"https:\/\/www.immo-invest.ch\/fr\/wp-json\/wp\/v2\/media\/164247"}],"wp:attachment":[{"href":"https:\/\/www.immo-invest.ch\/fr\/wp-json\/wp\/v2\/media?parent=164246"}],"wp:term":[{"taxonomy":"category","embeddable":true,"href":"https:\/\/www.immo-invest.ch\/fr\/wp-json\/wp\/v2\/categories?post=164246"},{"taxonomy":"post_tag","embeddable":true,"href":"https:\/\/www.immo-invest.ch\/fr\/wp-json\/wp\/v2\/tags?post=164246"}],"curies":[{"name":"wp","href":"https:\/\/api.w.org\/{rel}","templated":true}]}}