{"id":164213,"date":"2026-09-02T10:00:00","date_gmt":"2026-09-02T08:00:00","guid":{"rendered":"https:\/\/www.immo-invest.ch\/?p=164213"},"modified":"2026-09-02T09:54:12","modified_gmt":"2026-09-02T07:54:12","slug":"champel-treibt-genfer-wohnpreise-weiter-hoch","status":"publish","type":"post","link":"https:\/\/www.immo-invest.ch\/fr\/champel-treibt-genfer-wohnpreise-weiter-hoch\/","title":{"rendered":"Champel continue de faire grimper les prix de l&rsquo;immobilier \u00e0 Gen\u00e8ve"},"content":{"rendered":"<p>L&rsquo;acquisition concerne l&rsquo;immeuble situ&eacute; au 9 &agrave; 11, avenue Dumas, dans le <span class=\"glossaryLink\" aria-describedby=\"tt\" data-cmtooltip=\"&lt;div class=glossaryItemTitle&gt;Quartier&lt;\/div&gt;&lt;div class=glossaryItemBody&gt;Amtliches, historisches, soziales oder stadtplanerisches Stadtviertel&lt;\/div&gt;\" data-mobile-support=\"0\" data-gt-translate-attributes='[{\"attribute\":\"data-cmtooltip\", \"format\":\"html\"}]' tabindex=\"0\" role=\"link\">quartier<\/span> du Champel. Enti&egrave;rement lou&eacute;, il comprend 84 appartements repr&eacute;sentant environ 3 500 m&egrave;tres carr&eacute;s de surface locative r&eacute;sidentielle ainsi que deux espaces commerciaux, et a &eacute;t&eacute; financ&eacute; en partie par un apport en nature. En contrepartie, les vendeurs re&ccedil;oivent de nouvelles parts du fonds.<\/p>\n<p>Gr&acirc;ce &agrave; cette transaction, le poids du march&eacute; r&eacute;sidentiel genevois dans le portefeuille de Solvalor 61 passe &agrave; plus de 35 % de la valeur v&eacute;nale. Il ne s&rsquo;agit pas seulement d&rsquo;un simple compl&eacute;ment au portefeuille. Le fonds renforce sa position sur un march&eacute; o&ugrave; les appartements disponibles restent pratiquement introuvables.<\/p>\n<p><strong>La p&eacute;nurie reste le moteur des prix<br><\/strong>Dans le canton de Gen&egrave;ve, le taux de vacance au 1er juin 2026 n&rsquo;&eacute;tait que de 0,31 %. C&rsquo;est pr&eacute;cis&eacute;ment dans ce contexte que le fonds s&rsquo;est assur&eacute; un bien situ&eacute; dans l&rsquo;un des quartiers r&eacute;sidentiels les plus pris&eacute;s de la ville. Selon les informations publi&eacute;es, le prix d&rsquo;achat s&rsquo;&eacute;l&egrave;ve &agrave; 60 millions de francs, dont 12 millions sous forme d&rsquo;apport en nature. &Agrave; cette occasion, 32 051 nouvelles parts du fonds ont &eacute;t&eacute; &eacute;mises.<\/p>\n<p><strong>Plus qu&rsquo;un simple achat<br><\/strong>Cette op&eacute;ration s&rsquo;inscrit dans la strat&eacute;gie du fonds ax&eacute;e sur la Suisse romande et s&rsquo;inscrit dans la continuit&eacute; de son expansion &agrave; Gen&egrave;ve. Au cours des derni&egrave;res ann&eacute;es, Solvalor 61 avait d&eacute;j&agrave; acquis ou d&eacute;velopp&eacute; plusieurs immeubles r&eacute;sidentiels dans le canton. &Agrave; Champel s&rsquo;ajoute d&eacute;sormais un potentiel de densification. Un projet d&rsquo;am&eacute;nagement des combles est &agrave; l&rsquo;&eacute;tude afin de cr&eacute;er des surfaces suppl&eacute;mentaires.<\/p>\n<p><strong>Ce que cet achat r&eacute;v&egrave;le pour le march&eacute;<br><\/strong>Pour les propri&eacute;taires situ&eacute;s dans des emplacements de premier choix, cet achat confirme la forte disposition des investisseurs institutionnels &agrave; payer le prix fort pour obtenir des revenus imm&eacute;diats sur des march&eacute;s immobiliers r&eacute;sidentiels tendus. Pour la ville elle-m&ecirc;me, cette transaction ne modifie en rien l&rsquo;offre &agrave; court terme. L&rsquo;immeuble reste dans le parc immobilier et est d&eacute;j&agrave; enti&egrave;rement lou&eacute;. La prochaine &eacute;tape importante r&eacute;side donc moins dans la transaction elle-m&ecirc;me que dans la question de savoir si le potentiel d&rsquo;am&eacute;nagement &eacute;tudi&eacute; peut effectivement &ecirc;tre concr&eacute;tis&eacute;.<\/p>\n","protected":false},"excerpt":{"rendered":"<p>\u00c0 Gen\u00e8ve-Champel, un immeuble r\u00e9sidentiel de 84 appartements, enti\u00e8rement lou\u00e9, change de propri\u00e9taire pour 60 millions de francs. Cette transaction montre \u00e0 quel point les quartiers r\u00e9sidentiels haut de gamme restent tr\u00e8s convoit\u00e9s et comment les fonds immobiliers continuent de renforcer leur pr\u00e9sence \u00e0 Gen\u00e8ve sur un march\u00e9 o\u00f9 le taux de vacance est extr\u00eamement faible.<\/p>\n","protected":false},"author":2,"featured_media":164214,"comment_status":"open","ping_status":"open","sticky":false,"template":"","format":"standard","meta":{"pmpro_default_level":"","inline_featured_image":false,"_monsterinsights_skip_tracking":false,"footnotes":""},"categories":[55967,47523,56003,55970],"tags":[61659,2685,5375,872,3931,33254,2002,33708,17271],"class_list":["post-164213","post","type-post","status-publish","format-standard","has-post-thumbnail","hentry","category-fonds-immobiliers-reits-caisses-de-pension","category-genf-fr","category-residentiel","category-transactions-deals","tag-champel","tag-genf-fr","tag-immobilienfonds-fr","tag-immoinvest-fr","tag-immonews-fr","tag-leerstandsquote-fr","tag-news-fr","tag-transaktion-fr","tag-wohnimmobilien-fr","pmpro-has-access"],"acf":{"bild_mit_ki_erstellt_worden":["Ja"],"lead":"\u00c0 Gen\u00e8ve-Champel, un immeuble r\u00e9sidentiel de 84 appartements, enti\u00e8rement lou\u00e9, change de propri\u00e9taire pour 60 millions de francs. Cette transaction montre \u00e0 quel point les quartiers r\u00e9sidentiels haut de gamme restent tr\u00e8s convoit\u00e9s et comment les fonds immobiliers continuent de renforcer leur pr\u00e9sence \u00e0 Gen\u00e8ve sur un march\u00e9 o\u00f9 le taux de vacance est extr\u00eamement faible.","autor":"","ort":"","bildunterschrift":"","bild_im_grid":false,"gallerie":"","newsim":"3838"},"aioseo_notices":[],"aioseo_head":"\n\t\t<!-- All in One SEO 5.0.1.1 - aioseo.com -->\n\t<meta name=\"description\" content=\"\u00c0 Gen\u00e8ve-Champel, un immeuble r\u00e9sidentiel de 84 appartements, enti\u00e8rement lou\u00e9, change de propri\u00e9taire pour 60 millions de francs. Cette transaction montre \u00e0 quel point les quartiers r\u00e9sidentiels haut de gamme restent tr\u00e8s convoit\u00e9s et comment les fonds immobiliers continuent de renforcer leur pr\u00e9sence \u00e0 Gen\u00e8ve sur un march\u00e9 o\u00f9 le taux de vacance est extr\u00eamement faible.\" \/>\n\t<meta name=\"robots\" content=\"max-image-preview:large\" \/>\n\t<meta name=\"author\" content=\"immovestuser\"\/>\n\t<meta name=\"google-site-verification\" content=\"fHJKvgWpZCR2zVBHWfkQeFXC11qieUSff0HGNYfuyLA\" \/>\n\t<link rel=\"canonical\" href=\"https:\/\/www.immo-invest.ch\/fr\/champel-treibt-genfer-wohnpreise-weiter-hoch\/\" \/>\n\t<meta name=\"generator\" content=\"All in One SEO (AIOSEO) 5.0.1.1\" \/>\n\t\t<meta property=\"og:locale\" content=\"fr_FR\" \/>\n\t\t<meta property=\"og:site_name\" content=\"immo!nvest - Die Plattform f\u00fcr Standorte und Immobilien - Die\u00a0Plattform f\u00fcr Standorte und Immobilien\" \/>\n\t\t<meta property=\"og:type\" content=\"article\" \/>\n\t\t<meta property=\"og:title\" content=\"Champel continue de faire grimper les prix de l\u2019immobilier \u00e0 Gen\u00e8ve - immo!nvest - Die Plattform f\u00fcr Standorte und Immobilien\" \/>\n\t\t<meta property=\"og:description\" content=\"\u00c0 Gen\u00e8ve-Champel, un immeuble r\u00e9sidentiel de 84 appartements, enti\u00e8rement lou\u00e9, change de propri\u00e9taire pour 60 millions de francs. Cette transaction montre \u00e0 quel point les quartiers r\u00e9sidentiels haut de gamme restent tr\u00e8s convoit\u00e9s et comment les fonds immobiliers continuent de renforcer leur pr\u00e9sence \u00e0 Gen\u00e8ve sur un march\u00e9 o\u00f9 le taux de vacance est extr\u00eamement faible.\" \/>\n\t\t<meta property=\"og:url\" content=\"https:\/\/www.immo-invest.ch\/fr\/champel-treibt-genfer-wohnpreise-weiter-hoch\/\" \/>\n\t\t<meta property=\"og:image\" content=\"https:\/\/www.immo-invest.ch\/wp-content\/uploads\/2026\/09\/Champel-treibt-Genfer-Wohnpreise-weiter-hoch-immo-invest.png\" \/>\n\t\t<meta property=\"og:image:secure_url\" content=\"https:\/\/www.immo-invest.ch\/wp-content\/uploads\/2026\/09\/Champel-treibt-Genfer-Wohnpreise-weiter-hoch-immo-invest.png\" \/>\n\t\t<meta property=\"og:image:width\" content=\"1536\" \/>\n\t\t<meta property=\"og:image:height\" content=\"768\" \/>\n\t\t<meta property=\"article:published_time\" content=\"2026-09-02T08:00:00+00:00\" \/>\n\t\t<meta property=\"article:modified_time\" content=\"2026-09-02T07:54:12+00:00\" \/>\n\t\t<meta property=\"article:publisher\" content=\"https:\/\/www.facebook.com\/people\/Immoinvest\/100077962920504\/\" \/>\n\t\t<meta name=\"twitter:card\" content=\"summary_large_image\" \/>\n\t\t<meta name=\"twitter:site\" content=\"@i\" \/>\n\t\t<meta name=\"twitter:title\" content=\"Champel continue de faire grimper les prix de l\u2019immobilier \u00e0 Gen\u00e8ve - immo!nvest - Die Plattform f\u00fcr Standorte und Immobilien\" \/>\n\t\t<meta name=\"twitter:description\" content=\"\u00c0 Gen\u00e8ve-Champel, un immeuble r\u00e9sidentiel de 84 appartements, enti\u00e8rement lou\u00e9, change de propri\u00e9taire pour 60 millions de francs. Cette transaction montre \u00e0 quel point les quartiers r\u00e9sidentiels haut de gamme restent tr\u00e8s convoit\u00e9s et comment les fonds immobiliers continuent de renforcer leur pr\u00e9sence \u00e0 Gen\u00e8ve sur un march\u00e9 o\u00f9 le taux de vacance est extr\u00eamement faible.\" \/>\n\t\t<meta name=\"twitter:creator\" content=\"@i\" \/>\n\t\t<meta name=\"twitter:image\" content=\"https:\/\/www.immo-invest.ch\/wp-content\/uploads\/2026\/09\/Champel-treibt-Genfer-Wohnpreise-weiter-hoch-immo-invest.png\" \/>\n\t\t<script type=\"application\/ld+json\" class=\"aioseo-schema\">\n\t\t\t{\"@context\":\"https:\\\/\\\/schema.org\",\"@graph\":[{\"@type\":\"BlogPosting\",\"@id\":\"https:\\\/\\\/www.immo-invest.ch\\\/fr\\\/champel-treibt-genfer-wohnpreise-weiter-hoch\\\/#blogposting\",\"name\":\"Champel continue de faire grimper les prix de l\\u2019immobilier \\u00e0 Gen\\u00e8ve - immo!nvest - Die Plattform f\\u00fcr Standorte und Immobilien\",\"headline\":\"Champel continue de faire grimper les prix de l&rsquo;immobilier \\u00e0 Gen\\u00e8ve\",\"author\":{\"@id\":\"https:\\\/\\\/www.immo-invest.ch\\\/fr\\\/author\\\/immovestuser\\\/#author\"},\"publisher\":{\"@id\":\"https:\\\/\\\/www.immo-invest.ch\\\/fr\\\/#organization\"},\"image\":{\"@type\":\"ImageObject\",\"url\":\"https:\\\/\\\/www.immo-invest.ch\\\/wp-content\\\/uploads\\\/2026\\\/09\\\/Champel-treibt-Genfer-Wohnpreise-weiter-hoch-immo-invest.png\",\"width\":1536,\"height\":768},\"datePublished\":\"2026-09-02T10:00:00+02:00\",\"dateModified\":\"2026-09-02T09:54:12+02:00\",\"inLanguage\":\"fr-FR\",\"mainEntityOfPage\":{\"@id\":\"https:\\\/\\\/www.immo-invest.ch\\\/fr\\\/champel-treibt-genfer-wohnpreise-weiter-hoch\\\/#webpage\"},\"isPartOf\":{\"@id\":\"https:\\\/\\\/www.immo-invest.ch\\\/fr\\\/champel-treibt-genfer-wohnpreise-weiter-hoch\\\/#webpage\"},\"articleSection\":\"Fonds immobiliers \\\/ REITs \\\/ Caisses de pension, Genf, R\\u00e9sidentiel, Transactions \\\/ Deals, Champel, Genf, Immobilienfonds, Immoinvest, immoNews, Leerstandsquote, News, Transaktion, Wohnimmobilien, Facultatif\"},{\"@type\":\"BreadcrumbList\",\"@id\":\"https:\\\/\\\/www.immo-invest.ch\\\/fr\\\/champel-treibt-genfer-wohnpreise-weiter-hoch\\\/#breadcrumblist\",\"itemListElement\":[{\"@type\":\"ListItem\",\"@id\":\"https:\\\/\\\/www.immo-invest.ch\\\/fr\\\/#listItem\",\"position\":1,\"name\":\"Home\",\"item\":\"https:\\\/\\\/www.immo-invest.ch\\\/fr\\\/\",\"nextItem\":{\"@type\":\"ListItem\",\"@id\":\"https:\\\/\\\/www.immo-invest.ch\\\/fr\\\/categories\\\/regions\\\/#listItem\",\"name\":\"R\\u00e9gions\"}},{\"@type\":\"ListItem\",\"@id\":\"https:\\\/\\\/www.immo-invest.ch\\\/fr\\\/categories\\\/regions\\\/#listItem\",\"position\":2,\"name\":\"R\\u00e9gions\",\"item\":\"https:\\\/\\\/www.immo-invest.ch\\\/fr\\\/categories\\\/regions\\\/\",\"nextItem\":{\"@type\":\"ListItem\",\"@id\":\"https:\\\/\\\/www.immo-invest.ch\\\/fr\\\/categories\\\/regions\\\/suisse\\\/#listItem\",\"name\":\"Suisse\"},\"previousItem\":{\"@type\":\"ListItem\",\"@id\":\"https:\\\/\\\/www.immo-invest.ch\\\/fr\\\/#listItem\",\"name\":\"Home\"}},{\"@type\":\"ListItem\",\"@id\":\"https:\\\/\\\/www.immo-invest.ch\\\/fr\\\/categories\\\/regions\\\/suisse\\\/#listItem\",\"position\":3,\"name\":\"Suisse\",\"item\":\"https:\\\/\\\/www.immo-invest.ch\\\/fr\\\/categories\\\/regions\\\/suisse\\\/\",\"nextItem\":{\"@type\":\"ListItem\",\"@id\":\"https:\\\/\\\/www.immo-invest.ch\\\/fr\\\/categories\\\/regions\\\/suisse\\\/region-lemanique\\\/#listItem\",\"name\":\"R\\u00e9gion l\\u00e9manique\"},\"previousItem\":{\"@type\":\"ListItem\",\"@id\":\"https:\\\/\\\/www.immo-invest.ch\\\/fr\\\/categories\\\/regions\\\/#listItem\",\"name\":\"R\\u00e9gions\"}},{\"@type\":\"ListItem\",\"@id\":\"https:\\\/\\\/www.immo-invest.ch\\\/fr\\\/categories\\\/regions\\\/suisse\\\/region-lemanique\\\/#listItem\",\"position\":4,\"name\":\"R\\u00e9gion l\\u00e9manique\",\"item\":\"https:\\\/\\\/www.immo-invest.ch\\\/fr\\\/categories\\\/regions\\\/suisse\\\/region-lemanique\\\/\",\"nextItem\":{\"@type\":\"ListItem\",\"@id\":\"https:\\\/\\\/www.immo-invest.ch\\\/fr\\\/categories\\\/regions\\\/suisse\\\/region-lemanique\\\/genf-fr\\\/#listItem\",\"name\":\"Genf\"},\"previousItem\":{\"@type\":\"ListItem\",\"@id\":\"https:\\\/\\\/www.immo-invest.ch\\\/fr\\\/categories\\\/regions\\\/suisse\\\/#listItem\",\"name\":\"Suisse\"}},{\"@type\":\"ListItem\",\"@id\":\"https:\\\/\\\/www.immo-invest.ch\\\/fr\\\/categories\\\/regions\\\/suisse\\\/region-lemanique\\\/genf-fr\\\/#listItem\",\"position\":5,\"name\":\"Genf\",\"item\":\"https:\\\/\\\/www.immo-invest.ch\\\/fr\\\/categories\\\/regions\\\/suisse\\\/region-lemanique\\\/genf-fr\\\/\",\"nextItem\":{\"@type\":\"ListItem\",\"@id\":\"https:\\\/\\\/www.immo-invest.ch\\\/fr\\\/champel-treibt-genfer-wohnpreise-weiter-hoch\\\/#listItem\",\"name\":\"Champel continue de faire grimper les prix de l&rsquo;immobilier \\u00e0 Gen\\u00e8ve\"},\"previousItem\":{\"@type\":\"ListItem\",\"@id\":\"https:\\\/\\\/www.immo-invest.ch\\\/fr\\\/categories\\\/regions\\\/suisse\\\/region-lemanique\\\/#listItem\",\"name\":\"R\\u00e9gion l\\u00e9manique\"}},{\"@type\":\"ListItem\",\"@id\":\"https:\\\/\\\/www.immo-invest.ch\\\/fr\\\/champel-treibt-genfer-wohnpreise-weiter-hoch\\\/#listItem\",\"position\":6,\"name\":\"Champel continue de faire grimper les prix de l&rsquo;immobilier \\u00e0 Gen\\u00e8ve\",\"previousItem\":{\"@type\":\"ListItem\",\"@id\":\"https:\\\/\\\/www.immo-invest.ch\\\/fr\\\/categories\\\/regions\\\/suisse\\\/region-lemanique\\\/genf-fr\\\/#listItem\",\"name\":\"Genf\"}}]},{\"@type\":\"Organization\",\"@id\":\"https:\\\/\\\/www.immo-invest.ch\\\/fr\\\/#organization\",\"name\":\"immo!nvest - Die Plattform f\\u00fcr Standorte und Immobilien\",\"description\":\"Die\\u00a0Plattform f\\u00fcr Standorte und Immobilien\",\"url\":\"https:\\\/\\\/www.immo-invest.ch\\\/fr\\\/\",\"email\":\"admin@immomedia.ag\",\"telephone\":\"+41444420002\",\"logo\":{\"@type\":\"ImageObject\",\"url\":\"https:\\\/\\\/www.immo-invest.ch\\\/wp-content\\\/uploads\\\/2024\\\/09\\\/immoinvest_sm-scaled.jpg\",\"@id\":\"https:\\\/\\\/www.immo-invest.ch\\\/fr\\\/champel-treibt-genfer-wohnpreise-weiter-hoch\\\/#organizationLogo\",\"width\":2560,\"height\":1340},\"image\":{\"@id\":\"https:\\\/\\\/www.immo-invest.ch\\\/fr\\\/champel-treibt-genfer-wohnpreise-weiter-hoch\\\/#organizationLogo\"},\"sameAs\":[\"https:\\\/\\\/www.facebook.com\\\/people\\\/Immoinvest\\\/100077962920504\\\/\",\"https:\\\/\\\/x.com\\\/i\\\/flow\\\/login?redirect_after_login=immoinvest_ch\",\"https:\\\/\\\/www.instagram.com\\\/immoinvest_ch\\\/\",\"https:\\\/\\\/www.linkedin.com\\\/company\\\/immoinvest-swiss\"]},{\"@type\":\"Person\",\"@id\":\"https:\\\/\\\/www.immo-invest.ch\\\/fr\\\/author\\\/immovestuser\\\/#author\",\"url\":\"https:\\\/\\\/www.immo-invest.ch\\\/fr\\\/author\\\/immovestuser\\\/\",\"name\":\"immovestuser\",\"image\":{\"@type\":\"ImageObject\",\"@id\":\"https:\\\/\\\/www.immo-invest.ch\\\/fr\\\/champel-treibt-genfer-wohnpreise-weiter-hoch\\\/#authorImage\",\"url\":\"https:\\\/\\\/secure.gravatar.com\\\/avatar\\\/8e01f4d99f2eeea7a362ebb93305e1172a70e9293ba250f897a65c39f54cdd1e?s=96&d=mm&r=g\",\"width\":96,\"height\":96,\"caption\":\"immovestuser\"}},{\"@type\":\"WebPage\",\"@id\":\"https:\\\/\\\/www.immo-invest.ch\\\/fr\\\/champel-treibt-genfer-wohnpreise-weiter-hoch\\\/#webpage\",\"url\":\"https:\\\/\\\/www.immo-invest.ch\\\/fr\\\/champel-treibt-genfer-wohnpreise-weiter-hoch\\\/\",\"name\":\"Champel continue de faire grimper les prix de l\\u2019immobilier \\u00e0 Gen\\u00e8ve - immo!nvest - Die Plattform f\\u00fcr Standorte und Immobilien\",\"description\":\"\\u00c0 Gen\\u00e8ve-Champel, un immeuble r\\u00e9sidentiel de 84 appartements, enti\\u00e8rement lou\\u00e9, change de propri\\u00e9taire pour 60 millions de francs. Cette transaction montre \\u00e0 quel point les quartiers r\\u00e9sidentiels haut de gamme restent tr\\u00e8s convoit\\u00e9s et comment les fonds immobiliers continuent de renforcer leur pr\\u00e9sence \\u00e0 Gen\\u00e8ve sur un march\\u00e9 o\\u00f9 le taux de vacance est extr\\u00eamement faible.\",\"inLanguage\":\"fr-FR\",\"isPartOf\":{\"@id\":\"https:\\\/\\\/www.immo-invest.ch\\\/fr\\\/#website\"},\"breadcrumb\":{\"@id\":\"https:\\\/\\\/www.immo-invest.ch\\\/fr\\\/champel-treibt-genfer-wohnpreise-weiter-hoch\\\/#breadcrumblist\"},\"author\":{\"@id\":\"https:\\\/\\\/www.immo-invest.ch\\\/fr\\\/author\\\/immovestuser\\\/#author\"},\"creator\":{\"@id\":\"https:\\\/\\\/www.immo-invest.ch\\\/fr\\\/author\\\/immovestuser\\\/#author\"},\"image\":{\"@type\":\"ImageObject\",\"url\":\"https:\\\/\\\/www.immo-invest.ch\\\/wp-content\\\/uploads\\\/2026\\\/09\\\/Champel-treibt-Genfer-Wohnpreise-weiter-hoch-immo-invest.png\",\"@id\":\"https:\\\/\\\/www.immo-invest.ch\\\/fr\\\/champel-treibt-genfer-wohnpreise-weiter-hoch\\\/#mainImage\",\"width\":1536,\"height\":768},\"primaryImageOfPage\":{\"@id\":\"https:\\\/\\\/www.immo-invest.ch\\\/fr\\\/champel-treibt-genfer-wohnpreise-weiter-hoch\\\/#mainImage\"},\"datePublished\":\"2026-09-02T10:00:00+02:00\",\"dateModified\":\"2026-09-02T09:54:12+02:00\"},{\"@type\":\"WebSite\",\"@id\":\"https:\\\/\\\/www.immo-invest.ch\\\/fr\\\/#website\",\"url\":\"https:\\\/\\\/www.immo-invest.ch\\\/fr\\\/\",\"name\":\"immo!nvest - Die Plattform f\\u00fcr Standorte und Immobilien\",\"description\":\"Die\\u00a0Plattform f\\u00fcr Standorte und Immobilien\",\"inLanguage\":\"fr-FR\",\"publisher\":{\"@id\":\"https:\\\/\\\/www.immo-invest.ch\\\/fr\\\/#organization\"}}]}\n\t\t<\/script>\n\t\t<!-- All in One SEO -->\n\n","aioseo_head_json":{"title":"Champel continue de faire grimper les prix de l\u2019immobilier \u00e0 Gen\u00e8ve - immo!nvest - Die Plattform f\u00fcr Standorte und Immobilien","description":"\u00c0 Gen\u00e8ve-Champel, un immeuble r\u00e9sidentiel de 84 appartements, enti\u00e8rement lou\u00e9, change de propri\u00e9taire pour 60 millions de francs. Cette transaction montre \u00e0 quel point les quartiers r\u00e9sidentiels haut de gamme restent tr\u00e8s convoit\u00e9s et comment les fonds immobiliers continuent de renforcer leur pr\u00e9sence \u00e0 Gen\u00e8ve sur un march\u00e9 o\u00f9 le taux de vacance est extr\u00eamement faible.","canonical_url":"https:\/\/www.immo-invest.ch\/fr\/champel-treibt-genfer-wohnpreise-weiter-hoch\/","robots":"max-image-preview:large","keywords":"","webmasterTools":{"google-site-verification":"fHJKvgWpZCR2zVBHWfkQeFXC11qieUSff0HGNYfuyLA","miscellaneous":""},"schema":{"@context":"https:\/\/schema.org","@graph":[{"@type":"BlogPosting","@id":"https:\/\/www.immo-invest.ch\/fr\/champel-treibt-genfer-wohnpreise-weiter-hoch\/#blogposting","name":"Champel continue de faire grimper les prix de l\u2019immobilier \u00e0 Gen\u00e8ve - immo!nvest - Die Plattform f\u00fcr Standorte und Immobilien","headline":"Champel continue de faire grimper les prix de l&rsquo;immobilier \u00e0 Gen\u00e8ve","author":{"@id":"https:\/\/www.immo-invest.ch\/fr\/author\/immovestuser\/#author"},"publisher":{"@id":"https:\/\/www.immo-invest.ch\/fr\/#organization"},"image":{"@type":"ImageObject","url":"https:\/\/www.immo-invest.ch\/wp-content\/uploads\/2026\/09\/Champel-treibt-Genfer-Wohnpreise-weiter-hoch-immo-invest.png","width":1536,"height":768},"datePublished":"2026-09-02T10:00:00+02:00","dateModified":"2026-09-02T09:54:12+02:00","inLanguage":"fr-FR","mainEntityOfPage":{"@id":"https:\/\/www.immo-invest.ch\/fr\/champel-treibt-genfer-wohnpreise-weiter-hoch\/#webpage"},"isPartOf":{"@id":"https:\/\/www.immo-invest.ch\/fr\/champel-treibt-genfer-wohnpreise-weiter-hoch\/#webpage"},"articleSection":"Fonds immobiliers \/ REITs \/ Caisses de pension, Genf, R\u00e9sidentiel, Transactions \/ Deals, Champel, Genf, Immobilienfonds, Immoinvest, immoNews, Leerstandsquote, News, Transaktion, Wohnimmobilien, Facultatif"},{"@type":"BreadcrumbList","@id":"https:\/\/www.immo-invest.ch\/fr\/champel-treibt-genfer-wohnpreise-weiter-hoch\/#breadcrumblist","itemListElement":[{"@type":"ListItem","@id":"https:\/\/www.immo-invest.ch\/fr\/#listItem","position":1,"name":"Home","item":"https:\/\/www.immo-invest.ch\/fr\/","nextItem":{"@type":"ListItem","@id":"https:\/\/www.immo-invest.ch\/fr\/categories\/regions\/#listItem","name":"R\u00e9gions"}},{"@type":"ListItem","@id":"https:\/\/www.immo-invest.ch\/fr\/categories\/regions\/#listItem","position":2,"name":"R\u00e9gions","item":"https:\/\/www.immo-invest.ch\/fr\/categories\/regions\/","nextItem":{"@type":"ListItem","@id":"https:\/\/www.immo-invest.ch\/fr\/categories\/regions\/suisse\/#listItem","name":"Suisse"},"previousItem":{"@type":"ListItem","@id":"https:\/\/www.immo-invest.ch\/fr\/#listItem","name":"Home"}},{"@type":"ListItem","@id":"https:\/\/www.immo-invest.ch\/fr\/categories\/regions\/suisse\/#listItem","position":3,"name":"Suisse","item":"https:\/\/www.immo-invest.ch\/fr\/categories\/regions\/suisse\/","nextItem":{"@type":"ListItem","@id":"https:\/\/www.immo-invest.ch\/fr\/categories\/regions\/suisse\/region-lemanique\/#listItem","name":"R\u00e9gion l\u00e9manique"},"previousItem":{"@type":"ListItem","@id":"https:\/\/www.immo-invest.ch\/fr\/categories\/regions\/#listItem","name":"R\u00e9gions"}},{"@type":"ListItem","@id":"https:\/\/www.immo-invest.ch\/fr\/categories\/regions\/suisse\/region-lemanique\/#listItem","position":4,"name":"R\u00e9gion l\u00e9manique","item":"https:\/\/www.immo-invest.ch\/fr\/categories\/regions\/suisse\/region-lemanique\/","nextItem":{"@type":"ListItem","@id":"https:\/\/www.immo-invest.ch\/fr\/categories\/regions\/suisse\/region-lemanique\/genf-fr\/#listItem","name":"Genf"},"previousItem":{"@type":"ListItem","@id":"https:\/\/www.immo-invest.ch\/fr\/categories\/regions\/suisse\/#listItem","name":"Suisse"}},{"@type":"ListItem","@id":"https:\/\/www.immo-invest.ch\/fr\/categories\/regions\/suisse\/region-lemanique\/genf-fr\/#listItem","position":5,"name":"Genf","item":"https:\/\/www.immo-invest.ch\/fr\/categories\/regions\/suisse\/region-lemanique\/genf-fr\/","nextItem":{"@type":"ListItem","@id":"https:\/\/www.immo-invest.ch\/fr\/champel-treibt-genfer-wohnpreise-weiter-hoch\/#listItem","name":"Champel continue de faire grimper les prix de l&rsquo;immobilier \u00e0 Gen\u00e8ve"},"previousItem":{"@type":"ListItem","@id":"https:\/\/www.immo-invest.ch\/fr\/categories\/regions\/suisse\/region-lemanique\/#listItem","name":"R\u00e9gion l\u00e9manique"}},{"@type":"ListItem","@id":"https:\/\/www.immo-invest.ch\/fr\/champel-treibt-genfer-wohnpreise-weiter-hoch\/#listItem","position":6,"name":"Champel continue de faire grimper les prix de l&rsquo;immobilier \u00e0 Gen\u00e8ve","previousItem":{"@type":"ListItem","@id":"https:\/\/www.immo-invest.ch\/fr\/categories\/regions\/suisse\/region-lemanique\/genf-fr\/#listItem","name":"Genf"}}]},{"@type":"Organization","@id":"https:\/\/www.immo-invest.ch\/fr\/#organization","name":"immo!nvest - Die Plattform f\u00fcr Standorte und Immobilien","description":"Die\u00a0Plattform f\u00fcr Standorte und Immobilien","url":"https:\/\/www.immo-invest.ch\/fr\/","email":"admin@immomedia.ag","telephone":"+41444420002","logo":{"@type":"ImageObject","url":"https:\/\/www.immo-invest.ch\/wp-content\/uploads\/2024\/09\/immoinvest_sm-scaled.jpg","@id":"https:\/\/www.immo-invest.ch\/fr\/champel-treibt-genfer-wohnpreise-weiter-hoch\/#organizationLogo","width":2560,"height":1340},"image":{"@id":"https:\/\/www.immo-invest.ch\/fr\/champel-treibt-genfer-wohnpreise-weiter-hoch\/#organizationLogo"},"sameAs":["https:\/\/www.facebook.com\/people\/Immoinvest\/100077962920504\/","https:\/\/x.com\/i\/flow\/login?redirect_after_login=immoinvest_ch","https:\/\/www.instagram.com\/immoinvest_ch\/","https:\/\/www.linkedin.com\/company\/immoinvest-swiss"]},{"@type":"Person","@id":"https:\/\/www.immo-invest.ch\/fr\/author\/immovestuser\/#author","url":"https:\/\/www.immo-invest.ch\/fr\/author\/immovestuser\/","name":"immovestuser","image":{"@type":"ImageObject","@id":"https:\/\/www.immo-invest.ch\/fr\/champel-treibt-genfer-wohnpreise-weiter-hoch\/#authorImage","url":"https:\/\/secure.gravatar.com\/avatar\/8e01f4d99f2eeea7a362ebb93305e1172a70e9293ba250f897a65c39f54cdd1e?s=96&d=mm&r=g","width":96,"height":96,"caption":"immovestuser"}},{"@type":"WebPage","@id":"https:\/\/www.immo-invest.ch\/fr\/champel-treibt-genfer-wohnpreise-weiter-hoch\/#webpage","url":"https:\/\/www.immo-invest.ch\/fr\/champel-treibt-genfer-wohnpreise-weiter-hoch\/","name":"Champel continue de faire grimper les prix de l\u2019immobilier \u00e0 Gen\u00e8ve - immo!nvest - Die Plattform f\u00fcr Standorte und Immobilien","description":"\u00c0 Gen\u00e8ve-Champel, un immeuble r\u00e9sidentiel de 84 appartements, enti\u00e8rement lou\u00e9, change de propri\u00e9taire pour 60 millions de francs. Cette transaction montre \u00e0 quel point les quartiers r\u00e9sidentiels haut de gamme restent tr\u00e8s convoit\u00e9s et comment les fonds immobiliers continuent de renforcer leur pr\u00e9sence \u00e0 Gen\u00e8ve sur un march\u00e9 o\u00f9 le taux de vacance est extr\u00eamement faible.","inLanguage":"fr-FR","isPartOf":{"@id":"https:\/\/www.immo-invest.ch\/fr\/#website"},"breadcrumb":{"@id":"https:\/\/www.immo-invest.ch\/fr\/champel-treibt-genfer-wohnpreise-weiter-hoch\/#breadcrumblist"},"author":{"@id":"https:\/\/www.immo-invest.ch\/fr\/author\/immovestuser\/#author"},"creator":{"@id":"https:\/\/www.immo-invest.ch\/fr\/author\/immovestuser\/#author"},"image":{"@type":"ImageObject","url":"https:\/\/www.immo-invest.ch\/wp-content\/uploads\/2026\/09\/Champel-treibt-Genfer-Wohnpreise-weiter-hoch-immo-invest.png","@id":"https:\/\/www.immo-invest.ch\/fr\/champel-treibt-genfer-wohnpreise-weiter-hoch\/#mainImage","width":1536,"height":768},"primaryImageOfPage":{"@id":"https:\/\/www.immo-invest.ch\/fr\/champel-treibt-genfer-wohnpreise-weiter-hoch\/#mainImage"},"datePublished":"2026-09-02T10:00:00+02:00","dateModified":"2026-09-02T09:54:12+02:00"},{"@type":"WebSite","@id":"https:\/\/www.immo-invest.ch\/fr\/#website","url":"https:\/\/www.immo-invest.ch\/fr\/","name":"immo!nvest - Die Plattform f\u00fcr Standorte und Immobilien","description":"Die\u00a0Plattform f\u00fcr Standorte und Immobilien","inLanguage":"fr-FR","publisher":{"@id":"https:\/\/www.immo-invest.ch\/fr\/#organization"}}]},"og:locale":"fr_FR","og:site_name":"immo!nvest - Die Plattform f\u00fcr Standorte und Immobilien - Die\u00a0Plattform f\u00fcr Standorte und Immobilien","og:type":"article","og:title":"Champel continue de faire grimper les prix de l\u2019immobilier \u00e0 Gen\u00e8ve - immo!nvest - Die Plattform f\u00fcr Standorte und Immobilien","og:description":"\u00c0 Gen\u00e8ve-Champel, un immeuble r\u00e9sidentiel de 84 appartements, enti\u00e8rement lou\u00e9, change de propri\u00e9taire pour 60 millions de francs. Cette transaction montre \u00e0 quel point les quartiers r\u00e9sidentiels haut de gamme restent tr\u00e8s convoit\u00e9s et comment les fonds immobiliers continuent de renforcer leur pr\u00e9sence \u00e0 Gen\u00e8ve sur un march\u00e9 o\u00f9 le taux de vacance est extr\u00eamement faible.","og:url":"https:\/\/www.immo-invest.ch\/fr\/champel-treibt-genfer-wohnpreise-weiter-hoch\/","og:image":"https:\/\/www.immo-invest.ch\/wp-content\/uploads\/2026\/09\/Champel-treibt-Genfer-Wohnpreise-weiter-hoch-immo-invest.png","og:image:secure_url":"https:\/\/www.immo-invest.ch\/wp-content\/uploads\/2026\/09\/Champel-treibt-Genfer-Wohnpreise-weiter-hoch-immo-invest.png","og:image:width":1536,"og:image:height":768,"article:published_time":"2026-09-02T08:00:00+00:00","article:modified_time":"2026-09-02T07:54:12+00:00","article:publisher":"https:\/\/www.facebook.com\/people\/Immoinvest\/100077962920504\/","twitter:card":"summary_large_image","twitter:site":"@i","twitter:title":"Champel continue de faire grimper les prix de l\u2019immobilier \u00e0 Gen\u00e8ve - immo!nvest - Die Plattform f\u00fcr Standorte und Immobilien","twitter:description":"\u00c0 Gen\u00e8ve-Champel, un immeuble r\u00e9sidentiel de 84 appartements, enti\u00e8rement lou\u00e9, change de propri\u00e9taire pour 60 millions de francs. Cette transaction montre \u00e0 quel point les quartiers r\u00e9sidentiels haut de gamme restent tr\u00e8s convoit\u00e9s et comment les fonds immobiliers continuent de renforcer leur pr\u00e9sence \u00e0 Gen\u00e8ve sur un march\u00e9 o\u00f9 le taux de vacance est extr\u00eamement faible.","twitter:creator":"@i","twitter:image":"https:\/\/www.immo-invest.ch\/wp-content\/uploads\/2026\/09\/Champel-treibt-Genfer-Wohnpreise-weiter-hoch-immo-invest.png"},"aioseo_meta_data":{"post_id":"164213","title":null,"description":null,"keywords":null,"keyphrases":{"focus":{"keyphrase":"","score":0,"analysis":{"keyphraseInTitle":{"score":0,"maxScore":9,"error":1}}},"additional":[]},"primary_term":null,"canonical_url":null,"og_title":null,"og_description":null,"og_object_type":"default","og_image_type":"default","og_image_url":null,"og_image_width":null,"og_image_height":null,"og_image_custom_url":null,"og_image_custom_fields":null,"og_video":"","og_custom_url":null,"og_article_section":null,"og_article_tags":null,"twitter_use_og":false,"twitter_card":"default","twitter_image_type":"default","twitter_image_url":null,"twitter_image_custom_url":null,"twitter_image_custom_fields":null,"twitter_title":null,"twitter_description":null,"schema":{"blockGraphs":[],"customGraphs":[],"default":{"data":{"Article":[],"Course":[],"Dataset":[],"FAQPage":[],"Movie":[],"Person":[],"Product":[],"ProductReview":[],"Car":[],"Recipe":[],"Service":[],"SoftwareApplication":[],"WebPage":[]},"graphName":"BlogPosting","isEnabled":true},"graphs":[]},"schema_type":"default","schema_type_options":null,"pillar_content":false,"robots_default":true,"robots_noindex":false,"robots_noarchive":false,"robots_nosnippet":false,"robots_nofollow":false,"robots_noimageindex":false,"robots_noodp":false,"robots_notranslate":false,"robots_max_snippet":"-1","robots_max_videopreview":"-1","robots_max_imagepreview":"large","priority":null,"frequency":"default","local_seo":null,"breadcrumb_settings":null,"limit_modified_date":false,"ai":{"faqs":[],"keyPoints":[],"schemas":[],"titles":[],"descriptions":[],"socialPosts":{"email":{"subject":"","preview":"","content":""},"linkedin":[],"twitter":[],"facebook":[],"instagram":[]}},"created":"2026-09-02 07:54:13","updated":"2026-09-02 08:45:39","seo_analyzer_scan_date":null,"focus_keyword":null,"additional_keywords":null,"truseo_locale":null},"aioseo_breadcrumb":"<div class=\"aioseo-breadcrumbs\"><span class=\"aioseo-breadcrumb\">\n\t\t\t<a href=\"https:\/\/www.immo-invest.ch\/fr\/\" title=\"Home\">Home<\/a>\n\t\t<\/span><span class=\"aioseo-breadcrumb-separator\">&raquo;<\/span><span class=\"aioseo-breadcrumb\">\n\t\t\t<a href=\"https:\/\/www.immo-invest.ch\/fr\/categories\/regions\/\" title=\"R\u00e9gions\">R\u00e9gions<\/a>\n\t\t<\/span><span class=\"aioseo-breadcrumb-separator\">&raquo;<\/span><span class=\"aioseo-breadcrumb\">\n\t\t\t<a href=\"https:\/\/www.immo-invest.ch\/fr\/categories\/regions\/suisse\/\" title=\"Suisse\">Suisse<\/a>\n\t\t<\/span><span class=\"aioseo-breadcrumb-separator\">&raquo;<\/span><span class=\"aioseo-breadcrumb\">\n\t\t\t<a href=\"https:\/\/www.immo-invest.ch\/fr\/categories\/regions\/suisse\/region-lemanique\/\" title=\"R\u00e9gion l\u00e9manique\">R\u00e9gion l\u00e9manique<\/a>\n\t\t<\/span><span class=\"aioseo-breadcrumb-separator\">&raquo;<\/span><span class=\"aioseo-breadcrumb\">\n\t\t\t<a href=\"https:\/\/www.immo-invest.ch\/fr\/categories\/regions\/suisse\/region-lemanique\/genf-fr\/\" title=\"Genf\">Genf<\/a>\n\t\t<\/span><span class=\"aioseo-breadcrumb-separator\">&raquo;<\/span><span class=\"aioseo-breadcrumb\">\n\t\t\tChampel continue de faire grimper les prix de l\u2019immobilier \u00e0 Gen\u00e8ve\n\t\t<\/span><\/div>","aioseo_breadcrumb_json":[{"label":"Home","link":"https:\/\/www.immo-invest.ch\/fr\/"},{"label":"R\u00e9gions","link":"https:\/\/www.immo-invest.ch\/fr\/categories\/regions\/"},{"label":"Suisse","link":"https:\/\/www.immo-invest.ch\/fr\/categories\/regions\/suisse\/"},{"label":"R\u00e9gion l\u00e9manique","link":"https:\/\/www.immo-invest.ch\/fr\/categories\/regions\/suisse\/region-lemanique\/"},{"label":"Genf","link":"https:\/\/www.immo-invest.ch\/fr\/categories\/regions\/suisse\/region-lemanique\/genf-fr\/"},{"label":"Champel continue de faire grimper les prix de l&rsquo;immobilier \u00e0 Gen\u00e8ve","link":"https:\/\/www.immo-invest.ch\/fr\/champel-treibt-genfer-wohnpreise-weiter-hoch\/"}],"featured_image_src":"https:\/\/www.immo-invest.ch\/wp-content\/uploads\/2026\/09\/Champel-treibt-Genfer-Wohnpreise-weiter-hoch-immo-invest-336x168.png","_links":{"self":[{"href":"https:\/\/www.immo-invest.ch\/fr\/wp-json\/wp\/v2\/posts\/164213","targetHints":{"allow":["GET"]}}],"collection":[{"href":"https:\/\/www.immo-invest.ch\/fr\/wp-json\/wp\/v2\/posts"}],"about":[{"href":"https:\/\/www.immo-invest.ch\/fr\/wp-json\/wp\/v2\/types\/post"}],"author":[{"embeddable":true,"href":"https:\/\/www.immo-invest.ch\/fr\/wp-json\/wp\/v2\/users\/2"}],"replies":[{"embeddable":true,"href":"https:\/\/www.immo-invest.ch\/fr\/wp-json\/wp\/v2\/comments?post=164213"}],"version-history":[{"count":2,"href":"https:\/\/www.immo-invest.ch\/fr\/wp-json\/wp\/v2\/posts\/164213\/revisions"}],"predecessor-version":[{"id":164221,"href":"https:\/\/www.immo-invest.ch\/fr\/wp-json\/wp\/v2\/posts\/164213\/revisions\/164221"}],"wp:featuredmedia":[{"embeddable":true,"href":"https:\/\/www.immo-invest.ch\/fr\/wp-json\/wp\/v2\/media\/164214"}],"wp:attachment":[{"href":"https:\/\/www.immo-invest.ch\/fr\/wp-json\/wp\/v2\/media?parent=164213"}],"wp:term":[{"taxonomy":"category","embeddable":true,"href":"https:\/\/www.immo-invest.ch\/fr\/wp-json\/wp\/v2\/categories?post=164213"},{"taxonomy":"post_tag","embeddable":true,"href":"https:\/\/www.immo-invest.ch\/fr\/wp-json\/wp\/v2\/tags?post=164213"}],"curies":[{"name":"wp","href":"https:\/\/api.w.org\/{rel}","templated":true}]}}