{"id":164008,"date":"2026-09-04T09:00:00","date_gmt":"2026-09-04T07:00:00","guid":{"rendered":"https:\/\/www.immo-invest.ch\/?p=164008"},"modified":"2026-08-31T11:36:11","modified_gmt":"2026-08-31T09:36:11","slug":"zehn-jahre-die-das-limmattal-veraendern","status":"publish","type":"post","link":"https:\/\/www.immo-invest.ch\/fr\/zehn-jahre-die-das-limmattal-veraendern\/","title":{"rendered":"Dix ann\u00e9es qui ont transform\u00e9 la vall\u00e9e de la Limmat"},"content":{"rendered":"<p class=\"wp-block-paragraph\">Les laboratoires en conditions r&eacute;elles ne fournissent pas de th&eacute;orie. Ils testent des solutions l&agrave; o&ugrave; elles devront ensuite &ecirc;tre mises en &oelig;uvre. Le Blue Nexus Lab, ou BlueX, est pr&eacute;vu pour une dur&eacute;e de dix ans et intervient directement au sein des communes. L&rsquo;Eawag apporte son exp&eacute;rience acquise &agrave; Fehraltorf, o&ugrave; un laboratoire similaire est en place depuis 2016. L&agrave;-bas, un r&eacute;seau de mesure dense a d&eacute;montr&eacute; que des donn&eacute;es fiables permettent d&rsquo;&eacute;viter des investissements co&ucirc;teux mais inadapt&eacute;s.<br><br><strong>La &laquo; ville-&eacute;ponge &raquo; comme solution<\/strong><br>Le principe de base est aussi simple qu&rsquo;efficace : ne pas &eacute;vacuer imm&eacute;diatement les eaux de pluie vers les &eacute;gouts, mais les stocker sur place, les laisser s&rsquo;infiltrer ou les rejeter de mani&egrave;re diff&eacute;r&eacute;e. Limeco a d&eacute;j&agrave; &eacute;valu&eacute; ce potentiel. Une mise en &oelig;uvre compl&egrave;te des mesures de la &laquo; ville-&eacute;ponge &raquo; pourrait r&eacute;duire jusqu&rsquo;&agrave; 90 % les rejets d&rsquo;eaux mixtes dans les cours d&rsquo;eau. M&ecirc;me selon une estimation prudente, une r&eacute;duction de moiti&eacute; constituerait d&eacute;j&agrave; une avanc&eacute;e majeure.<br><br><strong>Moins d&rsquo;eau, moins d&rsquo;&eacute;nergie<\/strong><br>Ce qui est bon pour l&rsquo;environnement soulage &eacute;galement les infrastructures. Moins d&rsquo;eau de pluie dans le r&eacute;seau d&rsquo;assainissement signifie moins d&rsquo;effort de pompage et une moindre consommation d&rsquo;&eacute;nergie dans la station d&rsquo;&eacute;puration. Actuellement, environ un tiers des eaux &eacute;trang&egrave;res provient des eaux pluviales. Les mesures de la &laquo; ville-&eacute;ponge &raquo; interviennent pr&eacute;cis&eacute;ment &agrave; ce niveau et permettent de r&eacute;duire la taille et le co&ucirc;t de la nouvelle station d&rsquo;&eacute;puration, dont la construction est pr&eacute;vue d&rsquo;ici 2050.<br><br><strong>La coordination, un &eacute;l&eacute;ment cl&eacute;<\/strong><br>Neuf villes et communes du bassin versant de Limeco se joignent &agrave; l&rsquo;initiative. Limeco prend en charge les travaux pr&eacute;paratoires qui, s&rsquo;ils &eacute;taient r&eacute;alis&eacute;s par chaque commune individuellement, prendraient des ann&eacute;es. Deux fois par an, tous les acteurs concern&eacute;s &eacute;changent leurs points de vue. BlueX met en place le cadre organisationnel permettant de relier directement la recherche et la pratique.<br><br><strong>Un projet phare au rayonnement national<\/strong><br>Ce qui se d&eacute;veloppe dans la vall&eacute;e de la Limmat ne reste pas confin&eacute; &agrave; la vall&eacute;e de la Limmat. Les enseignements tir&eacute;s de BlueX doivent &ecirc;tre exploitables dans toute la Suisse, par les communes, les urbanistes et les d&eacute;cideurs confront&eacute;s aux m&ecirc;mes enjeux. Des lieux de vie plus frais, moins d&rsquo;inondations, davantage d&rsquo;espaces verts. La recherche poursuit un objectif concret. La vall&eacute;e de la Limmat montre que l&rsquo;adaptation au changement climatique n&rsquo;est pas un v&oelig;u pieux, mais une question de planification.<br><br>Texte : Christoph Gr&uuml;ninger &bull; Photo : Limeco<\/p>\n\n","protected":false},"excerpt":{"rendered":"<p>Les rues sont inond\u00e9es, l\u2019asphalte est br\u00fblant, le r\u00e9seau d\u2019assainissement est \u00e0 saturation. Ce qui ressemble \u00e0 une situation d\u2019urgence devient la norme si rien n\u2019est fait. L&rsquo;institut de recherche sur l&rsquo;eau Eawag et le syndicat intercommunal de traitement des eaux us\u00e9es Limeco mettent en place ensemble un laboratoire en conditions r\u00e9elles destin\u00e9 \u00e0 montrer comment une r\u00e9gion enti\u00e8re peut devenir plus r\u00e9siliente face aux ph\u00e9nom\u00e8nes climatiques extr\u00eames. La vall\u00e9e de la Limmat devient ainsi un site d&rsquo;exp\u00e9rimentation et un mod\u00e8le \u00e0 suivre. <\/p>\n","protected":false},"author":57,"featured_media":164009,"comment_status":"open","ping_status":"open","sticky":false,"template":"","format":"standard","meta":{"pmpro_default_level":"","inline_featured_image":false,"_monsterinsights_skip_tracking":false,"footnotes":""},"categories":[22699,8747,56027],"tags":[872,3931,3155,44617,2002,61546,61547,5141],"class_list":["post-164008","post","type-post","status-publish","format-standard","has-post-thumbnail","hentry","category-durabilite","category-energie","category-planification-developpement","tag-immoinvest-fr","tag-immonews-fr","tag-infrastruktur-fr","tag-klimaanpassung-fr","tag-news-fr","tag-reallabor","tag-regenwassermanagement","tag-schwammstadt-fr","pmpro-has-access"],"acf":{"bild_mit_ki_erstellt_worden":"","lead":"Die Strassen stehen unter Wasser, der Asphalt gl\u00fcht, die Kanalisation ist am Limit. Was nach Ausnahmezustand klingt, wird zur Normalit\u00e4t,  wenn nichts passiert. Das Wasserforschungsinstitut Eawag und der Abwasserverband Limeco bauen gemeinsam ein Reallabor auf, das zeigen soll, wie eine ganze Region widerstandsf\u00e4higer gegen Klimaextreme wird. Das Limmattal wird zur Versuchsanordnung und zum Vorbild. ","autor":"","ort":"","bildunterschrift":"","bild_im_grid":false,"gallerie":"","newsim":""},"aioseo_notices":[],"aioseo_head":"\n\t\t<!-- All in One SEO 5.0.1.1 - aioseo.com -->\n\t<meta name=\"description\" content=\"Les rues sont inond\u00e9es, l\u2019asphalte est br\u00fblant, le r\u00e9seau d\u2019assainissement est \u00e0 saturation. Ce qui ressemble \u00e0 une situation d\u2019urgence devient la norme si rien n\u2019est fait. L&#039;institut de recherche sur l&#039;eau Eawag et le syndicat intercommunal de traitement des eaux us\u00e9es Limeco mettent en place ensemble un laboratoire en conditions r\u00e9elles destin\u00e9 \u00e0 montrer comment une r\u00e9gion enti\u00e8re peut devenir plus r\u00e9siliente face aux ph\u00e9nom\u00e8nes climatiques extr\u00eames. La vall\u00e9e de la Limmat devient ainsi un site d&#039;exp\u00e9rimentation et un mod\u00e8le \u00e0 suivre.\" \/>\n\t<meta name=\"robots\" content=\"max-image-preview:large\" \/>\n\t<meta name=\"author\" content=\"immoinv_redakteur\"\/>\n\t<meta name=\"google-site-verification\" content=\"fHJKvgWpZCR2zVBHWfkQeFXC11qieUSff0HGNYfuyLA\" \/>\n\t<link rel=\"canonical\" href=\"https:\/\/www.immo-invest.ch\/fr\/zehn-jahre-die-das-limmattal-veraendern\/\" \/>\n\t<meta name=\"generator\" content=\"All in One SEO (AIOSEO) 5.0.1.1\" \/>\n\t\t<meta property=\"og:locale\" content=\"fr_FR\" \/>\n\t\t<meta property=\"og:site_name\" content=\"immo!nvest - Die Plattform f\u00fcr Standorte und Immobilien - Die\u00a0Plattform f\u00fcr Standorte und Immobilien\" \/>\n\t\t<meta property=\"og:type\" content=\"article\" \/>\n\t\t<meta property=\"og:title\" content=\"Dix ann\u00e9es qui ont transform\u00e9 la vall\u00e9e de la Limmat - immo!nvest - Die Plattform f\u00fcr Standorte und Immobilien\" \/>\n\t\t<meta property=\"og:description\" content=\"Les rues sont inond\u00e9es, l\u2019asphalte est br\u00fblant, le r\u00e9seau d\u2019assainissement est \u00e0 saturation. Ce qui ressemble \u00e0 une situation d\u2019urgence devient la norme si rien n\u2019est fait. L&#039;institut de recherche sur l&#039;eau Eawag et le syndicat intercommunal de traitement des eaux us\u00e9es Limeco mettent en place ensemble un laboratoire en conditions r\u00e9elles destin\u00e9 \u00e0 montrer comment une r\u00e9gion enti\u00e8re peut devenir plus r\u00e9siliente face aux ph\u00e9nom\u00e8nes climatiques extr\u00eames. La vall\u00e9e de la Limmat devient ainsi un site d&#039;exp\u00e9rimentation et un mod\u00e8le \u00e0 suivre.\" \/>\n\t\t<meta property=\"og:url\" content=\"https:\/\/www.immo-invest.ch\/fr\/zehn-jahre-die-das-limmattal-veraendern\/\" \/>\n\t\t<meta property=\"og:image\" content=\"https:\/\/www.immo-invest.ch\/wp-content\/uploads\/2026\/08\/limeco-reallabor-bluex_rietpark-1-1-e1788168341782.webp\" \/>\n\t\t<meta property=\"og:image:secure_url\" content=\"https:\/\/www.immo-invest.ch\/wp-content\/uploads\/2026\/08\/limeco-reallabor-bluex_rietpark-1-1-e1788168341782.webp\" \/>\n\t\t<meta property=\"og:image:width\" content=\"1600\" \/>\n\t\t<meta property=\"og:image:height\" content=\"900\" \/>\n\t\t<meta property=\"article:published_time\" content=\"2026-09-04T07:00:00+00:00\" \/>\n\t\t<meta property=\"article:modified_time\" content=\"2026-08-31T09:36:11+00:00\" \/>\n\t\t<meta property=\"article:publisher\" content=\"https:\/\/www.facebook.com\/people\/Immoinvest\/100077962920504\/\" \/>\n\t\t<meta name=\"twitter:card\" content=\"summary_large_image\" \/>\n\t\t<meta name=\"twitter:site\" content=\"@i\" \/>\n\t\t<meta name=\"twitter:title\" content=\"Dix ann\u00e9es qui ont transform\u00e9 la vall\u00e9e de la Limmat - immo!nvest - Die Plattform f\u00fcr Standorte und Immobilien\" \/>\n\t\t<meta name=\"twitter:description\" content=\"Les rues sont inond\u00e9es, l\u2019asphalte est br\u00fblant, le r\u00e9seau d\u2019assainissement est \u00e0 saturation. Ce qui ressemble \u00e0 une situation d\u2019urgence devient la norme si rien n\u2019est fait. L&#039;institut de recherche sur l&#039;eau Eawag et le syndicat intercommunal de traitement des eaux us\u00e9es Limeco mettent en place ensemble un laboratoire en conditions r\u00e9elles destin\u00e9 \u00e0 montrer comment une r\u00e9gion enti\u00e8re peut devenir plus r\u00e9siliente face aux ph\u00e9nom\u00e8nes climatiques extr\u00eames. La vall\u00e9e de la Limmat devient ainsi un site d&#039;exp\u00e9rimentation et un mod\u00e8le \u00e0 suivre.\" \/>\n\t\t<meta name=\"twitter:creator\" content=\"@i\" \/>\n\t\t<meta name=\"twitter:image\" content=\"https:\/\/www.immo-invest.ch\/wp-content\/uploads\/2026\/08\/limeco-reallabor-bluex_rietpark-1-1-e1788168341782.webp\" \/>\n\t\t<script type=\"application\/ld+json\" class=\"aioseo-schema\">\n\t\t\t{\"@context\":\"https:\\\/\\\/schema.org\",\"@graph\":[{\"@type\":\"BlogPosting\",\"@id\":\"https:\\\/\\\/www.immo-invest.ch\\\/fr\\\/zehn-jahre-die-das-limmattal-veraendern\\\/#blogposting\",\"name\":\"Dix ann\\u00e9es qui ont transform\\u00e9 la vall\\u00e9e de la Limmat - immo!nvest - Die Plattform f\\u00fcr Standorte und Immobilien\",\"headline\":\"Dix ann\\u00e9es qui ont transform\\u00e9 la vall\\u00e9e de la Limmat\",\"author\":{\"@id\":\"https:\\\/\\\/www.immo-invest.ch\\\/fr\\\/author\\\/immoinv_redakteur\\\/#author\"},\"publisher\":{\"@id\":\"https:\\\/\\\/www.immo-invest.ch\\\/fr\\\/#organization\"},\"image\":{\"@type\":\"ImageObject\",\"url\":\"https:\\\/\\\/www.immo-invest.ch\\\/wp-content\\\/uploads\\\/2026\\\/08\\\/limeco-reallabor-bluex_rietpark-1-1-e1788168341782.webp\",\"width\":1600,\"height\":900},\"datePublished\":\"2026-09-04T09:00:00+02:00\",\"dateModified\":\"2026-08-31T11:36:11+02:00\",\"inLanguage\":\"fr-FR\",\"mainEntityOfPage\":{\"@id\":\"https:\\\/\\\/www.immo-invest.ch\\\/fr\\\/zehn-jahre-die-das-limmattal-veraendern\\\/#webpage\"},\"isPartOf\":{\"@id\":\"https:\\\/\\\/www.immo-invest.ch\\\/fr\\\/zehn-jahre-die-das-limmattal-veraendern\\\/#webpage\"},\"articleSection\":\"Durabilit\\u00e9, \\u00c9nergie, Planification \\\/ D\\u00e9veloppement, Immoinvest, immoNews, Infrastruktur, Klimaanpassung, News, Reallabor, Regenwassermanagement, Schwammstadt, Facultatif\"},{\"@type\":\"BreadcrumbList\",\"@id\":\"https:\\\/\\\/www.immo-invest.ch\\\/fr\\\/zehn-jahre-die-das-limmattal-veraendern\\\/#breadcrumblist\",\"itemListElement\":[{\"@type\":\"ListItem\",\"@id\":\"https:\\\/\\\/www.immo-invest.ch\\\/fr\\\/#listItem\",\"position\":1,\"name\":\"Home\",\"item\":\"https:\\\/\\\/www.immo-invest.ch\\\/fr\\\/\",\"nextItem\":{\"@type\":\"ListItem\",\"@id\":\"https:\\\/\\\/www.immo-invest.ch\\\/fr\\\/categories\\\/trends-fr\\\/#listItem\",\"name\":\"Trends\"}},{\"@type\":\"ListItem\",\"@id\":\"https:\\\/\\\/www.immo-invest.ch\\\/fr\\\/categories\\\/trends-fr\\\/#listItem\",\"position\":2,\"name\":\"Trends\",\"item\":\"https:\\\/\\\/www.immo-invest.ch\\\/fr\\\/categories\\\/trends-fr\\\/\",\"nextItem\":{\"@type\":\"ListItem\",\"@id\":\"https:\\\/\\\/www.immo-invest.ch\\\/fr\\\/categories\\\/trends-fr\\\/durabilite\\\/#listItem\",\"name\":\"Durabilit\\u00e9\"},\"previousItem\":{\"@type\":\"ListItem\",\"@id\":\"https:\\\/\\\/www.immo-invest.ch\\\/fr\\\/#listItem\",\"name\":\"Home\"}},{\"@type\":\"ListItem\",\"@id\":\"https:\\\/\\\/www.immo-invest.ch\\\/fr\\\/categories\\\/trends-fr\\\/durabilite\\\/#listItem\",\"position\":3,\"name\":\"Durabilit\\u00e9\",\"item\":\"https:\\\/\\\/www.immo-invest.ch\\\/fr\\\/categories\\\/trends-fr\\\/durabilite\\\/\",\"nextItem\":{\"@type\":\"ListItem\",\"@id\":\"https:\\\/\\\/www.immo-invest.ch\\\/fr\\\/zehn-jahre-die-das-limmattal-veraendern\\\/#listItem\",\"name\":\"Dix ann\\u00e9es qui ont transform\\u00e9 la vall\\u00e9e de la Limmat\"},\"previousItem\":{\"@type\":\"ListItem\",\"@id\":\"https:\\\/\\\/www.immo-invest.ch\\\/fr\\\/categories\\\/trends-fr\\\/#listItem\",\"name\":\"Trends\"}},{\"@type\":\"ListItem\",\"@id\":\"https:\\\/\\\/www.immo-invest.ch\\\/fr\\\/zehn-jahre-die-das-limmattal-veraendern\\\/#listItem\",\"position\":4,\"name\":\"Dix ann\\u00e9es qui ont transform\\u00e9 la vall\\u00e9e de la Limmat\",\"previousItem\":{\"@type\":\"ListItem\",\"@id\":\"https:\\\/\\\/www.immo-invest.ch\\\/fr\\\/categories\\\/trends-fr\\\/durabilite\\\/#listItem\",\"name\":\"Durabilit\\u00e9\"}}]},{\"@type\":\"Organization\",\"@id\":\"https:\\\/\\\/www.immo-invest.ch\\\/fr\\\/#organization\",\"name\":\"immo!nvest - Die Plattform f\\u00fcr Standorte und Immobilien\",\"description\":\"Die\\u00a0Plattform f\\u00fcr Standorte und Immobilien\",\"url\":\"https:\\\/\\\/www.immo-invest.ch\\\/fr\\\/\",\"email\":\"admin@immomedia.ag\",\"telephone\":\"+41444420002\",\"logo\":{\"@type\":\"ImageObject\",\"url\":\"https:\\\/\\\/www.immo-invest.ch\\\/wp-content\\\/uploads\\\/2024\\\/09\\\/immoinvest_sm-scaled.jpg\",\"@id\":\"https:\\\/\\\/www.immo-invest.ch\\\/fr\\\/zehn-jahre-die-das-limmattal-veraendern\\\/#organizationLogo\",\"width\":2560,\"height\":1340},\"image\":{\"@id\":\"https:\\\/\\\/www.immo-invest.ch\\\/fr\\\/zehn-jahre-die-das-limmattal-veraendern\\\/#organizationLogo\"},\"sameAs\":[\"https:\\\/\\\/www.facebook.com\\\/people\\\/Immoinvest\\\/100077962920504\\\/\",\"https:\\\/\\\/x.com\\\/i\\\/flow\\\/login?redirect_after_login=immoinvest_ch\",\"https:\\\/\\\/www.instagram.com\\\/immoinvest_ch\\\/\",\"https:\\\/\\\/www.linkedin.com\\\/company\\\/immoinvest-swiss\"]},{\"@type\":\"Person\",\"@id\":\"https:\\\/\\\/www.immo-invest.ch\\\/fr\\\/author\\\/immoinv_redakteur\\\/#author\",\"url\":\"https:\\\/\\\/www.immo-invest.ch\\\/fr\\\/author\\\/immoinv_redakteur\\\/\",\"name\":\"immoinv_redakteur\",\"image\":{\"@type\":\"ImageObject\",\"@id\":\"https:\\\/\\\/www.immo-invest.ch\\\/fr\\\/zehn-jahre-die-das-limmattal-veraendern\\\/#authorImage\",\"url\":\"https:\\\/\\\/secure.gravatar.com\\\/avatar\\\/c880e25d853edfb649661cf7cf8a7571fd0af3883a77197f45a3f15520d284a3?s=96&d=mm&r=g\",\"width\":96,\"height\":96,\"caption\":\"immoinv_redakteur\"}},{\"@type\":\"WebPage\",\"@id\":\"https:\\\/\\\/www.immo-invest.ch\\\/fr\\\/zehn-jahre-die-das-limmattal-veraendern\\\/#webpage\",\"url\":\"https:\\\/\\\/www.immo-invest.ch\\\/fr\\\/zehn-jahre-die-das-limmattal-veraendern\\\/\",\"name\":\"Dix ann\\u00e9es qui ont transform\\u00e9 la vall\\u00e9e de la Limmat - immo!nvest - Die Plattform f\\u00fcr Standorte und Immobilien\",\"description\":\"Les rues sont inond\\u00e9es, l\\u2019asphalte est br\\u00fblant, le r\\u00e9seau d\\u2019assainissement est \\u00e0 saturation. Ce qui ressemble \\u00e0 une situation d\\u2019urgence devient la norme si rien n\\u2019est fait. L'institut de recherche sur l'eau Eawag et le syndicat intercommunal de traitement des eaux us\\u00e9es Limeco mettent en place ensemble un laboratoire en conditions r\\u00e9elles destin\\u00e9 \\u00e0 montrer comment une r\\u00e9gion enti\\u00e8re peut devenir plus r\\u00e9siliente face aux ph\\u00e9nom\\u00e8nes climatiques extr\\u00eames. La vall\\u00e9e de la Limmat devient ainsi un site d'exp\\u00e9rimentation et un mod\\u00e8le \\u00e0 suivre.\",\"inLanguage\":\"fr-FR\",\"isPartOf\":{\"@id\":\"https:\\\/\\\/www.immo-invest.ch\\\/fr\\\/#website\"},\"breadcrumb\":{\"@id\":\"https:\\\/\\\/www.immo-invest.ch\\\/fr\\\/zehn-jahre-die-das-limmattal-veraendern\\\/#breadcrumblist\"},\"author\":{\"@id\":\"https:\\\/\\\/www.immo-invest.ch\\\/fr\\\/author\\\/immoinv_redakteur\\\/#author\"},\"creator\":{\"@id\":\"https:\\\/\\\/www.immo-invest.ch\\\/fr\\\/author\\\/immoinv_redakteur\\\/#author\"},\"image\":{\"@type\":\"ImageObject\",\"url\":\"https:\\\/\\\/www.immo-invest.ch\\\/wp-content\\\/uploads\\\/2026\\\/08\\\/limeco-reallabor-bluex_rietpark-1-1-e1788168341782.webp\",\"@id\":\"https:\\\/\\\/www.immo-invest.ch\\\/fr\\\/zehn-jahre-die-das-limmattal-veraendern\\\/#mainImage\",\"width\":1600,\"height\":900},\"primaryImageOfPage\":{\"@id\":\"https:\\\/\\\/www.immo-invest.ch\\\/fr\\\/zehn-jahre-die-das-limmattal-veraendern\\\/#mainImage\"},\"datePublished\":\"2026-09-04T09:00:00+02:00\",\"dateModified\":\"2026-08-31T11:36:11+02:00\"},{\"@type\":\"WebSite\",\"@id\":\"https:\\\/\\\/www.immo-invest.ch\\\/fr\\\/#website\",\"url\":\"https:\\\/\\\/www.immo-invest.ch\\\/fr\\\/\",\"name\":\"immo!nvest - Die Plattform f\\u00fcr Standorte und Immobilien\",\"description\":\"Die\\u00a0Plattform f\\u00fcr Standorte und Immobilien\",\"inLanguage\":\"fr-FR\",\"publisher\":{\"@id\":\"https:\\\/\\\/www.immo-invest.ch\\\/fr\\\/#organization\"}}]}\n\t\t<\/script>\n\t\t<!-- All in One SEO -->\n\n","aioseo_head_json":{"title":"Dix ann\u00e9es qui ont transform\u00e9 la vall\u00e9e de la Limmat - immo!nvest - Die Plattform f\u00fcr Standorte und Immobilien","description":"Les rues sont inond\u00e9es, l\u2019asphalte est br\u00fblant, le r\u00e9seau d\u2019assainissement est \u00e0 saturation. Ce qui ressemble \u00e0 une situation d\u2019urgence devient la norme si rien n\u2019est fait. L'institut de recherche sur l'eau Eawag et le syndicat intercommunal de traitement des eaux us\u00e9es Limeco mettent en place ensemble un laboratoire en conditions r\u00e9elles destin\u00e9 \u00e0 montrer comment une r\u00e9gion enti\u00e8re peut devenir plus r\u00e9siliente face aux ph\u00e9nom\u00e8nes climatiques extr\u00eames. La vall\u00e9e de la Limmat devient ainsi un site d'exp\u00e9rimentation et un mod\u00e8le \u00e0 suivre.","canonical_url":"https:\/\/www.immo-invest.ch\/fr\/zehn-jahre-die-das-limmattal-veraendern\/","robots":"max-image-preview:large","keywords":"","webmasterTools":{"google-site-verification":"fHJKvgWpZCR2zVBHWfkQeFXC11qieUSff0HGNYfuyLA","miscellaneous":""},"schema":{"@context":"https:\/\/schema.org","@graph":[{"@type":"BlogPosting","@id":"https:\/\/www.immo-invest.ch\/fr\/zehn-jahre-die-das-limmattal-veraendern\/#blogposting","name":"Dix ann\u00e9es qui ont transform\u00e9 la vall\u00e9e de la Limmat - immo!nvest - Die Plattform f\u00fcr Standorte und Immobilien","headline":"Dix ann\u00e9es qui ont transform\u00e9 la vall\u00e9e de la Limmat","author":{"@id":"https:\/\/www.immo-invest.ch\/fr\/author\/immoinv_redakteur\/#author"},"publisher":{"@id":"https:\/\/www.immo-invest.ch\/fr\/#organization"},"image":{"@type":"ImageObject","url":"https:\/\/www.immo-invest.ch\/wp-content\/uploads\/2026\/08\/limeco-reallabor-bluex_rietpark-1-1-e1788168341782.webp","width":1600,"height":900},"datePublished":"2026-09-04T09:00:00+02:00","dateModified":"2026-08-31T11:36:11+02:00","inLanguage":"fr-FR","mainEntityOfPage":{"@id":"https:\/\/www.immo-invest.ch\/fr\/zehn-jahre-die-das-limmattal-veraendern\/#webpage"},"isPartOf":{"@id":"https:\/\/www.immo-invest.ch\/fr\/zehn-jahre-die-das-limmattal-veraendern\/#webpage"},"articleSection":"Durabilit\u00e9, \u00c9nergie, Planification \/ D\u00e9veloppement, Immoinvest, immoNews, Infrastruktur, Klimaanpassung, News, Reallabor, Regenwassermanagement, Schwammstadt, Facultatif"},{"@type":"BreadcrumbList","@id":"https:\/\/www.immo-invest.ch\/fr\/zehn-jahre-die-das-limmattal-veraendern\/#breadcrumblist","itemListElement":[{"@type":"ListItem","@id":"https:\/\/www.immo-invest.ch\/fr\/#listItem","position":1,"name":"Home","item":"https:\/\/www.immo-invest.ch\/fr\/","nextItem":{"@type":"ListItem","@id":"https:\/\/www.immo-invest.ch\/fr\/categories\/trends-fr\/#listItem","name":"Trends"}},{"@type":"ListItem","@id":"https:\/\/www.immo-invest.ch\/fr\/categories\/trends-fr\/#listItem","position":2,"name":"Trends","item":"https:\/\/www.immo-invest.ch\/fr\/categories\/trends-fr\/","nextItem":{"@type":"ListItem","@id":"https:\/\/www.immo-invest.ch\/fr\/categories\/trends-fr\/durabilite\/#listItem","name":"Durabilit\u00e9"},"previousItem":{"@type":"ListItem","@id":"https:\/\/www.immo-invest.ch\/fr\/#listItem","name":"Home"}},{"@type":"ListItem","@id":"https:\/\/www.immo-invest.ch\/fr\/categories\/trends-fr\/durabilite\/#listItem","position":3,"name":"Durabilit\u00e9","item":"https:\/\/www.immo-invest.ch\/fr\/categories\/trends-fr\/durabilite\/","nextItem":{"@type":"ListItem","@id":"https:\/\/www.immo-invest.ch\/fr\/zehn-jahre-die-das-limmattal-veraendern\/#listItem","name":"Dix ann\u00e9es qui ont transform\u00e9 la vall\u00e9e de la Limmat"},"previousItem":{"@type":"ListItem","@id":"https:\/\/www.immo-invest.ch\/fr\/categories\/trends-fr\/#listItem","name":"Trends"}},{"@type":"ListItem","@id":"https:\/\/www.immo-invest.ch\/fr\/zehn-jahre-die-das-limmattal-veraendern\/#listItem","position":4,"name":"Dix ann\u00e9es qui ont transform\u00e9 la vall\u00e9e de la Limmat","previousItem":{"@type":"ListItem","@id":"https:\/\/www.immo-invest.ch\/fr\/categories\/trends-fr\/durabilite\/#listItem","name":"Durabilit\u00e9"}}]},{"@type":"Organization","@id":"https:\/\/www.immo-invest.ch\/fr\/#organization","name":"immo!nvest - Die Plattform f\u00fcr Standorte und Immobilien","description":"Die\u00a0Plattform f\u00fcr Standorte und Immobilien","url":"https:\/\/www.immo-invest.ch\/fr\/","email":"admin@immomedia.ag","telephone":"+41444420002","logo":{"@type":"ImageObject","url":"https:\/\/www.immo-invest.ch\/wp-content\/uploads\/2024\/09\/immoinvest_sm-scaled.jpg","@id":"https:\/\/www.immo-invest.ch\/fr\/zehn-jahre-die-das-limmattal-veraendern\/#organizationLogo","width":2560,"height":1340},"image":{"@id":"https:\/\/www.immo-invest.ch\/fr\/zehn-jahre-die-das-limmattal-veraendern\/#organizationLogo"},"sameAs":["https:\/\/www.facebook.com\/people\/Immoinvest\/100077962920504\/","https:\/\/x.com\/i\/flow\/login?redirect_after_login=immoinvest_ch","https:\/\/www.instagram.com\/immoinvest_ch\/","https:\/\/www.linkedin.com\/company\/immoinvest-swiss"]},{"@type":"Person","@id":"https:\/\/www.immo-invest.ch\/fr\/author\/immoinv_redakteur\/#author","url":"https:\/\/www.immo-invest.ch\/fr\/author\/immoinv_redakteur\/","name":"immoinv_redakteur","image":{"@type":"ImageObject","@id":"https:\/\/www.immo-invest.ch\/fr\/zehn-jahre-die-das-limmattal-veraendern\/#authorImage","url":"https:\/\/secure.gravatar.com\/avatar\/c880e25d853edfb649661cf7cf8a7571fd0af3883a77197f45a3f15520d284a3?s=96&d=mm&r=g","width":96,"height":96,"caption":"immoinv_redakteur"}},{"@type":"WebPage","@id":"https:\/\/www.immo-invest.ch\/fr\/zehn-jahre-die-das-limmattal-veraendern\/#webpage","url":"https:\/\/www.immo-invest.ch\/fr\/zehn-jahre-die-das-limmattal-veraendern\/","name":"Dix ann\u00e9es qui ont transform\u00e9 la vall\u00e9e de la Limmat - immo!nvest - Die Plattform f\u00fcr Standorte und Immobilien","description":"Les rues sont inond\u00e9es, l\u2019asphalte est br\u00fblant, le r\u00e9seau d\u2019assainissement est \u00e0 saturation. Ce qui ressemble \u00e0 une situation d\u2019urgence devient la norme si rien n\u2019est fait. L'institut de recherche sur l'eau Eawag et le syndicat intercommunal de traitement des eaux us\u00e9es Limeco mettent en place ensemble un laboratoire en conditions r\u00e9elles destin\u00e9 \u00e0 montrer comment une r\u00e9gion enti\u00e8re peut devenir plus r\u00e9siliente face aux ph\u00e9nom\u00e8nes climatiques extr\u00eames. La vall\u00e9e de la Limmat devient ainsi un site d'exp\u00e9rimentation et un mod\u00e8le \u00e0 suivre.","inLanguage":"fr-FR","isPartOf":{"@id":"https:\/\/www.immo-invest.ch\/fr\/#website"},"breadcrumb":{"@id":"https:\/\/www.immo-invest.ch\/fr\/zehn-jahre-die-das-limmattal-veraendern\/#breadcrumblist"},"author":{"@id":"https:\/\/www.immo-invest.ch\/fr\/author\/immoinv_redakteur\/#author"},"creator":{"@id":"https:\/\/www.immo-invest.ch\/fr\/author\/immoinv_redakteur\/#author"},"image":{"@type":"ImageObject","url":"https:\/\/www.immo-invest.ch\/wp-content\/uploads\/2026\/08\/limeco-reallabor-bluex_rietpark-1-1-e1788168341782.webp","@id":"https:\/\/www.immo-invest.ch\/fr\/zehn-jahre-die-das-limmattal-veraendern\/#mainImage","width":1600,"height":900},"primaryImageOfPage":{"@id":"https:\/\/www.immo-invest.ch\/fr\/zehn-jahre-die-das-limmattal-veraendern\/#mainImage"},"datePublished":"2026-09-04T09:00:00+02:00","dateModified":"2026-08-31T11:36:11+02:00"},{"@type":"WebSite","@id":"https:\/\/www.immo-invest.ch\/fr\/#website","url":"https:\/\/www.immo-invest.ch\/fr\/","name":"immo!nvest - Die Plattform f\u00fcr Standorte und Immobilien","description":"Die\u00a0Plattform f\u00fcr Standorte und Immobilien","inLanguage":"fr-FR","publisher":{"@id":"https:\/\/www.immo-invest.ch\/fr\/#organization"}}]},"og:locale":"fr_FR","og:site_name":"immo!nvest - Die Plattform f\u00fcr Standorte und Immobilien - Die\u00a0Plattform f\u00fcr Standorte und Immobilien","og:type":"article","og:title":"Dix ann\u00e9es qui ont transform\u00e9 la vall\u00e9e de la Limmat - immo!nvest - Die Plattform f\u00fcr Standorte und Immobilien","og:description":"Les rues sont inond\u00e9es, l\u2019asphalte est br\u00fblant, le r\u00e9seau d\u2019assainissement est \u00e0 saturation. Ce qui ressemble \u00e0 une situation d\u2019urgence devient la norme si rien n\u2019est fait. L'institut de recherche sur l'eau Eawag et le syndicat intercommunal de traitement des eaux us\u00e9es Limeco mettent en place ensemble un laboratoire en conditions r\u00e9elles destin\u00e9 \u00e0 montrer comment une r\u00e9gion enti\u00e8re peut devenir plus r\u00e9siliente face aux ph\u00e9nom\u00e8nes climatiques extr\u00eames. La vall\u00e9e de la Limmat devient ainsi un site d'exp\u00e9rimentation et un mod\u00e8le \u00e0 suivre.","og:url":"https:\/\/www.immo-invest.ch\/fr\/zehn-jahre-die-das-limmattal-veraendern\/","og:image":"https:\/\/www.immo-invest.ch\/wp-content\/uploads\/2026\/08\/limeco-reallabor-bluex_rietpark-1-1-e1788168341782.webp","og:image:secure_url":"https:\/\/www.immo-invest.ch\/wp-content\/uploads\/2026\/08\/limeco-reallabor-bluex_rietpark-1-1-e1788168341782.webp","og:image:width":1600,"og:image:height":900,"article:published_time":"2026-09-04T07:00:00+00:00","article:modified_time":"2026-08-31T09:36:11+00:00","article:publisher":"https:\/\/www.facebook.com\/people\/Immoinvest\/100077962920504\/","twitter:card":"summary_large_image","twitter:site":"@i","twitter:title":"Dix ann\u00e9es qui ont transform\u00e9 la vall\u00e9e de la Limmat - immo!nvest - Die Plattform f\u00fcr Standorte und Immobilien","twitter:description":"Les rues sont inond\u00e9es, l\u2019asphalte est br\u00fblant, le r\u00e9seau d\u2019assainissement est \u00e0 saturation. Ce qui ressemble \u00e0 une situation d\u2019urgence devient la norme si rien n\u2019est fait. L'institut de recherche sur l'eau Eawag et le syndicat intercommunal de traitement des eaux us\u00e9es Limeco mettent en place ensemble un laboratoire en conditions r\u00e9elles destin\u00e9 \u00e0 montrer comment une r\u00e9gion enti\u00e8re peut devenir plus r\u00e9siliente face aux ph\u00e9nom\u00e8nes climatiques extr\u00eames. La vall\u00e9e de la Limmat devient ainsi un site d'exp\u00e9rimentation et un mod\u00e8le \u00e0 suivre.","twitter:creator":"@i","twitter:image":"https:\/\/www.immo-invest.ch\/wp-content\/uploads\/2026\/08\/limeco-reallabor-bluex_rietpark-1-1-e1788168341782.webp"},"aioseo_meta_data":{"post_id":"164008","title":null,"description":null,"keywords":null,"keyphrases":{"focus":[],"additional":[]},"primary_term":null,"canonical_url":null,"og_title":null,"og_description":null,"og_object_type":"default","og_image_type":"default","og_image_url":null,"og_image_width":null,"og_image_height":null,"og_image_custom_url":null,"og_image_custom_fields":null,"og_video":null,"og_custom_url":null,"og_article_section":null,"og_article_tags":null,"twitter_use_og":false,"twitter_card":"default","twitter_image_type":"default","twitter_image_url":null,"twitter_image_custom_url":null,"twitter_image_custom_fields":null,"twitter_title":null,"twitter_description":null,"schema":{"blockGraphs":[],"customGraphs":[],"default":{"data":{"Article":[],"Course":[],"Dataset":[],"FAQPage":[],"Movie":[],"Person":[],"Product":[],"ProductReview":[],"Car":[],"Recipe":[],"Service":[],"SoftwareApplication":[],"WebPage":[]},"graphName":"","isEnabled":true},"graphs":[]},"schema_type":"default","schema_type_options":null,"pillar_content":false,"robots_default":true,"robots_noindex":false,"robots_noarchive":false,"robots_nosnippet":false,"robots_nofollow":false,"robots_noimageindex":false,"robots_noodp":false,"robots_notranslate":false,"robots_max_snippet":null,"robots_max_videopreview":null,"robots_max_imagepreview":"large","priority":null,"frequency":null,"local_seo":null,"breadcrumb_settings":null,"limit_modified_date":false,"ai":null,"created":"2026-09-02 07:08:45","updated":"2026-09-04 07:41:21","seo_analyzer_scan_date":null,"focus_keyword":null,"additional_keywords":null,"truseo_locale":null},"aioseo_breadcrumb":"<div class=\"aioseo-breadcrumbs\"><span class=\"aioseo-breadcrumb\">\n\t\t\t<a href=\"https:\/\/www.immo-invest.ch\/fr\/\" title=\"Home\">Home<\/a>\n\t\t<\/span><span class=\"aioseo-breadcrumb-separator\">&raquo;<\/span><span class=\"aioseo-breadcrumb\">\n\t\t\t<a href=\"https:\/\/www.immo-invest.ch\/fr\/categories\/trends-fr\/\" title=\"Trends\">Trends<\/a>\n\t\t<\/span><span class=\"aioseo-breadcrumb-separator\">&raquo;<\/span><span class=\"aioseo-breadcrumb\">\n\t\t\t<a href=\"https:\/\/www.immo-invest.ch\/fr\/categories\/trends-fr\/durabilite\/\" title=\"Durabilit\u00e9\">Durabilit\u00e9<\/a>\n\t\t<\/span><span class=\"aioseo-breadcrumb-separator\">&raquo;<\/span><span class=\"aioseo-breadcrumb\">\n\t\t\tDix ann\u00e9es qui ont transform\u00e9 la vall\u00e9e de la Limmat\n\t\t<\/span><\/div>","aioseo_breadcrumb_json":[{"label":"Home","link":"https:\/\/www.immo-invest.ch\/fr\/"},{"label":"Trends","link":"https:\/\/www.immo-invest.ch\/fr\/categories\/trends-fr\/"},{"label":"Durabilit\u00e9","link":"https:\/\/www.immo-invest.ch\/fr\/categories\/trends-fr\/durabilite\/"},{"label":"Dix ann\u00e9es qui ont transform\u00e9 la vall\u00e9e de la Limmat","link":"https:\/\/www.immo-invest.ch\/fr\/zehn-jahre-die-das-limmattal-veraendern\/"}],"featured_image_src":"https:\/\/www.immo-invest.ch\/wp-content\/uploads\/2026\/08\/limeco-reallabor-bluex_rietpark-1-1-e1788168341782-336x168.webp","_links":{"self":[{"href":"https:\/\/www.immo-invest.ch\/fr\/wp-json\/wp\/v2\/posts\/164008","targetHints":{"allow":["GET"]}}],"collection":[{"href":"https:\/\/www.immo-invest.ch\/fr\/wp-json\/wp\/v2\/posts"}],"about":[{"href":"https:\/\/www.immo-invest.ch\/fr\/wp-json\/wp\/v2\/types\/post"}],"author":[{"embeddable":true,"href":"https:\/\/www.immo-invest.ch\/fr\/wp-json\/wp\/v2\/users\/57"}],"replies":[{"embeddable":true,"href":"https:\/\/www.immo-invest.ch\/fr\/wp-json\/wp\/v2\/comments?post=164008"}],"version-history":[{"count":1,"href":"https:\/\/www.immo-invest.ch\/fr\/wp-json\/wp\/v2\/posts\/164008\/revisions"}],"predecessor-version":[{"id":164012,"href":"https:\/\/www.immo-invest.ch\/fr\/wp-json\/wp\/v2\/posts\/164008\/revisions\/164012"}],"wp:featuredmedia":[{"embeddable":true,"href":"https:\/\/www.immo-invest.ch\/fr\/wp-json\/wp\/v2\/media\/164009"}],"wp:attachment":[{"href":"https:\/\/www.immo-invest.ch\/fr\/wp-json\/wp\/v2\/media?parent=164008"}],"wp:term":[{"taxonomy":"category","embeddable":true,"href":"https:\/\/www.immo-invest.ch\/fr\/wp-json\/wp\/v2\/categories?post=164008"},{"taxonomy":"post_tag","embeddable":true,"href":"https:\/\/www.immo-invest.ch\/fr\/wp-json\/wp\/v2\/tags?post=164008"}],"curies":[{"name":"wp","href":"https:\/\/api.w.org\/{rel}","templated":true}]}}