{"id":163938,"date":"2026-09-01T07:30:00","date_gmt":"2026-09-01T05:30:00","guid":{"rendered":"https:\/\/www.immo-invest.ch\/?p=163938"},"modified":"2026-08-31T09:51:38","modified_gmt":"2026-08-31T07:51:38","slug":"lausanne-will-200-millionen-fuer-zukaeufe-lockern","status":"publish","type":"post","link":"https:\/\/www.immo-invest.ch\/fr\/lausanne-will-200-millionen-fuer-zukaeufe-lockern\/","title":{"rendered":"Lausanne pr\u00e9voit de d\u00e9bloquer 200 millions pour des acquisitions"},"content":{"rendered":"<p class=\"wp-block-paragraph\">Cette initiative intervient dans un contexte de tension sur le march&eacute; du logement. Dans le canton de Vaud, le taux de logements vacants s&rsquo;&eacute;l&egrave;vera &agrave; 0,94 % en 2026, ce qui permettra &agrave; Lausanne de continuer &agrave; recourir au droit de pr&eacute;emption communal pour acqu&eacute;rir des terrains et des immeubles locatifs destin&eacute;s &agrave; la construction de logements d&rsquo;utilit&eacute; publique.<\/p>\n\n\n\n\n\n<p class=\"wp-block-paragraph\">La principale nouveaut&eacute; r&eacute;side dans l&rsquo;ampleur de l&rsquo;op&eacute;ration. Le gouvernement municipal avait de nouveau demand&eacute; 130 millions de francs pour la l&eacute;gislature 2026-2031. La commission des finances du Conseil municipal exige d&eacute;sormais 70 millions de plus et souhaite ainsi porter le cr&eacute;dit &agrave; 200 millions de francs. C&rsquo;est au Conseil municipal qu&rsquo;il revient de se prononcer sur cette demande.<\/p>\n\n\n\n\n\n<p class=\"wp-block-paragraph\"><strong>Le droit de pr&eacute;emption comme levier<br><\/strong>Lausanne m&egrave;ne depuis des ann&eacute;es une politique d&rsquo;acquisition active. Celle-ci s&rsquo;appuie sur la LPPPL vaudoise, en vigueur depuis le 1er janvier 2020, qui accorde aux communes confront&eacute;es &agrave; une p&eacute;nurie de logements un droit de pr&eacute;emption en faveur des logements d&rsquo;utilit&eacute; publique. Selon les informations fournies par la ville, ce droit a d&eacute;j&agrave; &eacute;t&eacute; exerc&eacute; &agrave; onze reprises entre f&eacute;vrier 2020 et fin f&eacute;vrier 2023. Dans son rapport d&rsquo;activit&eacute; 2023, la ville fait &eacute;galement &eacute;tat de quatre acquisitions suppl&eacute;mentaires r&eacute;alis&eacute;es gr&acirc;ce au droit de pr&eacute;emption. Ce m&eacute;canisme a donc continu&eacute; d&rsquo;&ecirc;tre utilis&eacute; jusqu&rsquo;&agrave; r&eacute;cemment.<\/p>\n\n\n\n\n\n<p class=\"wp-block-paragraph\">Pour la l&eacute;gislature en cours (2021-2026), le Conseil municipal avait initialement approuv&eacute; en d&eacute;cembre 2021 une enveloppe de 80 millions de francs, puis avait relev&eacute; ce plafond de 50 millions suppl&eacute;mentaires en mars 2023, pour le porter &agrave; 130 millions. Le montant actuellement &agrave; l&rsquo;&eacute;tude constituerait ainsi la plus importante enveloppe jamais allou&eacute;e aux acquisitions immobili&egrave;res communales &agrave; Lausanne.<\/p>\n\n\n\n\n\n<p class=\"wp-block-paragraph\"><strong>Une politique ayant un impact direct sur l&rsquo;immobilier<br><\/strong>Pour le march&eacute; immobilier, le m&eacute;canisme est concret. La ville ach&egrave;te des biens immobiliers au prix annonc&eacute;, les retire du march&eacute; libre et peut ensuite les affecter &agrave; long terme &agrave; des logements &agrave; loyer mod&eacute;r&eacute;, soit en droit de superficie, soit par l&rsquo;interm&eacute;diaire d&rsquo;organismes d&rsquo;utilit&eacute; publique. Selon une r&eacute;ponse de la ville datant de 2023, 195 logements issus des op&eacute;rations de pr&eacute;emption de l&rsquo;&eacute;poque devaient &ecirc;tre reconnus d&rsquo;utilit&eacute; publique.<\/p>\n\n\n\n\n\n<p class=\"wp-block-paragraph\">Sur le plan juridique, ce levier est &eacute;galement bien &eacute;tabli. En 2023, le canton de Vaud a pr&eacute;cis&eacute; les r&egrave;gles relatives au droit de pr&eacute;emption, et le Tribunal constitutionnel a confirm&eacute; en d&eacute;cembre 2024 que les communes pouvaient financer de telles op&eacute;rations de pr&eacute;emption sans &ecirc;tre tenues de disposer obligatoirement de fonds propres librement disponibles. Cela renforce encore la <span class=\"glossaryLink\"  aria-describedby=\"tt\"  data-cmtooltip=\"&lt;div class=glossaryItemTitle&gt;Marge&lt;\/div&gt;&lt;div class=glossaryItemBody&gt;Gewinnspanne, prozentualer Gewinn je Leistungseinheit; Handel: Handelsspanne, Differenz zwischen An- und Verkaufspreis&lt;\/div&gt;\"  data-mobile-support=\"0\"  data-gt-translate-attributes='[{\"attribute\":\"data-cmtooltip\", \"format\":\"html\"}]' tabindex='0' role='link'>marge<\/span> de man&oelig;uvre des grandes villes.<\/p>\n\n\n\n\n\n<p class=\"wp-block-paragraph\"><strong>Pol&eacute;mique sur l&rsquo;efficacit&eacute; et la port&eacute;e<br><\/strong>Sur le plan politique, le mod&egrave;le reste controvers&eacute;. &Agrave; Lausanne, les forces de gauche r&eacute;clament depuis longtemps une politique fonci&egrave;re plus offensive, tandis que les voix bourgeoises doutent que des cr&eacute;dits d&rsquo;acquisition plus &eacute;lev&eacute;s aient un impact notable sur la p&eacute;nurie de logements ou sur les loyers. C&rsquo;est pr&eacute;cis&eacute;ment sur ce point que le vote au conseil municipal s&rsquo;annonce explosif. Il ne s&rsquo;agit pas seulement de 70 millions suppl&eacute;mentaires, mais de la question de savoir jusqu&rsquo;o&ugrave; une ville, en tant qu&rsquo;acqu&eacute;reuse, doit intervenir sur le march&eacute; du logement.<\/p>\n\n","protected":false},"excerpt":{"rendered":"<p>Lausanne s&rsquo;appr\u00eate \u00e0 disposer d&rsquo;un budget immobilier nettement plus important. La commission des finances du conseil municipal souhaite faire passer le cr\u00e9dit d&rsquo;acquisition pour la p\u00e9riode 2026-2031 de 130 \u00e0 200 millions de francs. Cette mesure s&rsquo;inscrit dans le cadre d&rsquo;une politique fonci\u00e8re et de logement plus stricte, fond\u00e9e sur le droit de pr\u00e9emption.<\/p>\n","protected":false},"author":2,"featured_media":163939,"comment_status":"open","ping_status":"open","sticky":false,"template":"","format":"standard","meta":{"pmpro_default_level":"","inline_featured_image":false,"_monsterinsights_skip_tracking":false,"footnotes":""},"categories":[56027,56003,55964,46427],"tags":[38435,872,3931,1049,61530,2002,38680,59078],"class_list":["post-163938","post","type-post","status-publish","format-standard","has-post-thumbnail","hentry","category-planification-developpement","category-residentiel","category-strategies-de-financement","category-waadt-fr","tag-gemeinderat-fr","tag-immoinvest-fr","tag-immonews-fr","tag-lausanne-fr","tag-lpppl","tag-news-fr","tag-vorkaufsrecht-fr","tag-wohnungspolitik","pmpro-has-access"],"acf":{"bild_mit_ki_erstellt_worden":"","lead":"Lausanne s'appr\u00eate \u00e0 disposer d'un budget immobilier nettement plus important. La commission des finances du conseil municipal souhaite faire passer le cr\u00e9dit d'acquisition pour la p\u00e9riode 2026-2031 de 130 \u00e0 200 millions de francs. Cette mesure s'inscrit dans le cadre d'une politique fonci\u00e8re et de logement plus stricte, fond\u00e9e sur le droit de pr\u00e9emption.","autor":"","ort":"","bildunterschrift":"Patrick William \/ Unsplash","bild_im_grid":false,"gallerie":"","newsim":"3858"},"aioseo_notices":[],"aioseo_head":"\n\t\t<!-- All in One SEO 5.0.0.1 - aioseo.com -->\n\t<meta name=\"description\" content=\"Lausanne s&#039;appr\u00eate \u00e0 disposer d&#039;un budget immobilier nettement plus important. La commission des finances du conseil municipal souhaite faire passer le cr\u00e9dit d&#039;acquisition pour la p\u00e9riode 2026-2031 de 130 \u00e0 200 millions de francs. Cette mesure s&#039;inscrit dans le cadre d&#039;une politique fonci\u00e8re et de logement plus stricte, fond\u00e9e sur le droit de pr\u00e9emption.\" \/>\n\t<meta name=\"robots\" content=\"max-image-preview:large\" \/>\n\t<meta name=\"author\" content=\"immovestuser\"\/>\n\t<meta name=\"google-site-verification\" content=\"fHJKvgWpZCR2zVBHWfkQeFXC11qieUSff0HGNYfuyLA\" \/>\n\t<link rel=\"canonical\" href=\"https:\/\/www.immo-invest.ch\/fr\/lausanne-will-200-millionen-fuer-zukaeufe-lockern\/\" \/>\n\t<meta name=\"generator\" content=\"All in One SEO (AIOSEO) 5.0.0.1\" \/>\n\t\t<meta property=\"og:locale\" content=\"fr_FR\" \/>\n\t\t<meta property=\"og:site_name\" content=\"immo!nvest - Die Plattform f\u00fcr Standorte und Immobilien - Die\u00a0Plattform f\u00fcr Standorte und Immobilien\" \/>\n\t\t<meta property=\"og:type\" content=\"article\" \/>\n\t\t<meta property=\"og:title\" content=\"Lausanne pr\u00e9voit de d\u00e9bloquer 200 millions pour des acquisitions - immo!nvest - Die Plattform f\u00fcr Standorte und Immobilien\" \/>\n\t\t<meta property=\"og:description\" content=\"Lausanne s&#039;appr\u00eate \u00e0 disposer d&#039;un budget immobilier nettement plus important. La commission des finances du conseil municipal souhaite faire passer le cr\u00e9dit d&#039;acquisition pour la p\u00e9riode 2026-2031 de 130 \u00e0 200 millions de francs. Cette mesure s&#039;inscrit dans le cadre d&#039;une politique fonci\u00e8re et de logement plus stricte, fond\u00e9e sur le droit de pr\u00e9emption.\" \/>\n\t\t<meta property=\"og:url\" content=\"https:\/\/www.immo-invest.ch\/fr\/lausanne-will-200-millionen-fuer-zukaeufe-lockern\/\" \/>\n\t\t<meta property=\"og:image\" content=\"https:\/\/www.immo-invest.ch\/wp-content\/uploads\/2026\/09\/patrick-william-NvGAO6E65K0-unsplash.jpg\" \/>\n\t\t<meta property=\"og:image:secure_url\" content=\"https:\/\/www.immo-invest.ch\/wp-content\/uploads\/2026\/09\/patrick-william-NvGAO6E65K0-unsplash.jpg\" \/>\n\t\t<meta property=\"og:image:width\" content=\"1920\" \/>\n\t\t<meta property=\"og:image:height\" content=\"1200\" \/>\n\t\t<meta property=\"article:published_time\" content=\"2026-09-01T05:30:00+00:00\" \/>\n\t\t<meta property=\"article:modified_time\" content=\"2026-08-31T07:51:38+00:00\" \/>\n\t\t<meta property=\"article:publisher\" content=\"https:\/\/www.facebook.com\/people\/Immoinvest\/100077962920504\/\" \/>\n\t\t<meta name=\"twitter:card\" content=\"summary_large_image\" \/>\n\t\t<meta name=\"twitter:site\" content=\"@i\" \/>\n\t\t<meta name=\"twitter:title\" content=\"Lausanne pr\u00e9voit de d\u00e9bloquer 200 millions pour des acquisitions - immo!nvest - Die Plattform f\u00fcr Standorte und Immobilien\" \/>\n\t\t<meta name=\"twitter:description\" content=\"Lausanne s&#039;appr\u00eate \u00e0 disposer d&#039;un budget immobilier nettement plus important. La commission des finances du conseil municipal souhaite faire passer le cr\u00e9dit d&#039;acquisition pour la p\u00e9riode 2026-2031 de 130 \u00e0 200 millions de francs. Cette mesure s&#039;inscrit dans le cadre d&#039;une politique fonci\u00e8re et de logement plus stricte, fond\u00e9e sur le droit de pr\u00e9emption.\" \/>\n\t\t<meta name=\"twitter:creator\" content=\"@i\" \/>\n\t\t<meta name=\"twitter:image\" content=\"https:\/\/www.immo-invest.ch\/wp-content\/uploads\/2026\/09\/patrick-william-NvGAO6E65K0-unsplash.jpg\" \/>\n\t\t<script type=\"application\/ld+json\" class=\"aioseo-schema\">\n\t\t\t{\"@context\":\"https:\\\/\\\/schema.org\",\"@graph\":[{\"@type\":\"BlogPosting\",\"@id\":\"https:\\\/\\\/www.immo-invest.ch\\\/fr\\\/lausanne-will-200-millionen-fuer-zukaeufe-lockern\\\/#blogposting\",\"name\":\"Lausanne pr\\u00e9voit de d\\u00e9bloquer 200 millions pour des acquisitions - immo!nvest - Die Plattform f\\u00fcr Standorte und Immobilien\",\"headline\":\"Lausanne pr\\u00e9voit de d\\u00e9bloquer 200 millions pour des acquisitions\",\"author\":{\"@id\":\"https:\\\/\\\/www.immo-invest.ch\\\/fr\\\/author\\\/immovestuser\\\/#author\"},\"publisher\":{\"@id\":\"https:\\\/\\\/www.immo-invest.ch\\\/fr\\\/#organization\"},\"image\":{\"@type\":\"ImageObject\",\"url\":\"https:\\\/\\\/www.immo-invest.ch\\\/wp-content\\\/uploads\\\/2026\\\/09\\\/patrick-william-NvGAO6E65K0-unsplash.jpg\",\"width\":1920,\"height\":1200},\"datePublished\":\"2026-09-01T07:30:00+02:00\",\"dateModified\":\"2026-08-31T09:51:38+02:00\",\"inLanguage\":\"fr-FR\",\"mainEntityOfPage\":{\"@id\":\"https:\\\/\\\/www.immo-invest.ch\\\/fr\\\/lausanne-will-200-millionen-fuer-zukaeufe-lockern\\\/#webpage\"},\"isPartOf\":{\"@id\":\"https:\\\/\\\/www.immo-invest.ch\\\/fr\\\/lausanne-will-200-millionen-fuer-zukaeufe-lockern\\\/#webpage\"},\"articleSection\":\"Planification \\\/ D\\u00e9veloppement, R\\u00e9sidentiel, Strat\\u00e9gies de financement, Waadt, Gemeinderat, Immoinvest, immoNews, Lausanne, LPPPL, News, Vorkaufsrecht, Wohnungspolitik, Facultatif\"},{\"@type\":\"BreadcrumbList\",\"@id\":\"https:\\\/\\\/www.immo-invest.ch\\\/fr\\\/lausanne-will-200-millionen-fuer-zukaeufe-lockern\\\/#breadcrumblist\",\"itemListElement\":[{\"@type\":\"ListItem\",\"@id\":\"https:\\\/\\\/www.immo-invest.ch\\\/fr\\\/#listItem\",\"position\":1,\"name\":\"Home\",\"item\":\"https:\\\/\\\/www.immo-invest.ch\\\/fr\\\/\",\"nextItem\":{\"@type\":\"ListItem\",\"@id\":\"https:\\\/\\\/www.immo-invest.ch\\\/fr\\\/categories\\\/regions\\\/#listItem\",\"name\":\"R\\u00e9gions\"}},{\"@type\":\"ListItem\",\"@id\":\"https:\\\/\\\/www.immo-invest.ch\\\/fr\\\/categories\\\/regions\\\/#listItem\",\"position\":2,\"name\":\"R\\u00e9gions\",\"item\":\"https:\\\/\\\/www.immo-invest.ch\\\/fr\\\/categories\\\/regions\\\/\",\"nextItem\":{\"@type\":\"ListItem\",\"@id\":\"https:\\\/\\\/www.immo-invest.ch\\\/fr\\\/categories\\\/regions\\\/suisse\\\/#listItem\",\"name\":\"Suisse\"},\"previousItem\":{\"@type\":\"ListItem\",\"@id\":\"https:\\\/\\\/www.immo-invest.ch\\\/fr\\\/#listItem\",\"name\":\"Home\"}},{\"@type\":\"ListItem\",\"@id\":\"https:\\\/\\\/www.immo-invest.ch\\\/fr\\\/categories\\\/regions\\\/suisse\\\/#listItem\",\"position\":3,\"name\":\"Suisse\",\"item\":\"https:\\\/\\\/www.immo-invest.ch\\\/fr\\\/categories\\\/regions\\\/suisse\\\/\",\"nextItem\":{\"@type\":\"ListItem\",\"@id\":\"https:\\\/\\\/www.immo-invest.ch\\\/fr\\\/categories\\\/regions\\\/suisse\\\/region-lemanique\\\/#listItem\",\"name\":\"R\\u00e9gion l\\u00e9manique\"},\"previousItem\":{\"@type\":\"ListItem\",\"@id\":\"https:\\\/\\\/www.immo-invest.ch\\\/fr\\\/categories\\\/regions\\\/#listItem\",\"name\":\"R\\u00e9gions\"}},{\"@type\":\"ListItem\",\"@id\":\"https:\\\/\\\/www.immo-invest.ch\\\/fr\\\/categories\\\/regions\\\/suisse\\\/region-lemanique\\\/#listItem\",\"position\":4,\"name\":\"R\\u00e9gion l\\u00e9manique\",\"item\":\"https:\\\/\\\/www.immo-invest.ch\\\/fr\\\/categories\\\/regions\\\/suisse\\\/region-lemanique\\\/\",\"nextItem\":{\"@type\":\"ListItem\",\"@id\":\"https:\\\/\\\/www.immo-invest.ch\\\/fr\\\/categories\\\/regions\\\/suisse\\\/region-lemanique\\\/waadt-fr\\\/#listItem\",\"name\":\"Waadt\"},\"previousItem\":{\"@type\":\"ListItem\",\"@id\":\"https:\\\/\\\/www.immo-invest.ch\\\/fr\\\/categories\\\/regions\\\/suisse\\\/#listItem\",\"name\":\"Suisse\"}},{\"@type\":\"ListItem\",\"@id\":\"https:\\\/\\\/www.immo-invest.ch\\\/fr\\\/categories\\\/regions\\\/suisse\\\/region-lemanique\\\/waadt-fr\\\/#listItem\",\"position\":5,\"name\":\"Waadt\",\"item\":\"https:\\\/\\\/www.immo-invest.ch\\\/fr\\\/categories\\\/regions\\\/suisse\\\/region-lemanique\\\/waadt-fr\\\/\",\"nextItem\":{\"@type\":\"ListItem\",\"@id\":\"https:\\\/\\\/www.immo-invest.ch\\\/fr\\\/lausanne-will-200-millionen-fuer-zukaeufe-lockern\\\/#listItem\",\"name\":\"Lausanne pr\\u00e9voit de d\\u00e9bloquer 200 millions pour des acquisitions\"},\"previousItem\":{\"@type\":\"ListItem\",\"@id\":\"https:\\\/\\\/www.immo-invest.ch\\\/fr\\\/categories\\\/regions\\\/suisse\\\/region-lemanique\\\/#listItem\",\"name\":\"R\\u00e9gion l\\u00e9manique\"}},{\"@type\":\"ListItem\",\"@id\":\"https:\\\/\\\/www.immo-invest.ch\\\/fr\\\/lausanne-will-200-millionen-fuer-zukaeufe-lockern\\\/#listItem\",\"position\":6,\"name\":\"Lausanne pr\\u00e9voit de d\\u00e9bloquer 200 millions pour des acquisitions\",\"previousItem\":{\"@type\":\"ListItem\",\"@id\":\"https:\\\/\\\/www.immo-invest.ch\\\/fr\\\/categories\\\/regions\\\/suisse\\\/region-lemanique\\\/waadt-fr\\\/#listItem\",\"name\":\"Waadt\"}}]},{\"@type\":\"Organization\",\"@id\":\"https:\\\/\\\/www.immo-invest.ch\\\/fr\\\/#organization\",\"name\":\"immo!nvest - Die Plattform f\\u00fcr Standorte und Immobilien\",\"description\":\"Die\\u00a0Plattform f\\u00fcr Standorte und Immobilien\",\"url\":\"https:\\\/\\\/www.immo-invest.ch\\\/fr\\\/\",\"email\":\"admin@immomedia.ag\",\"telephone\":\"+41444420002\",\"logo\":{\"@type\":\"ImageObject\",\"url\":\"https:\\\/\\\/www.immo-invest.ch\\\/wp-content\\\/uploads\\\/2024\\\/09\\\/immoinvest_sm-scaled.jpg\",\"@id\":\"https:\\\/\\\/www.immo-invest.ch\\\/fr\\\/lausanne-will-200-millionen-fuer-zukaeufe-lockern\\\/#organizationLogo\",\"width\":2560,\"height\":1340},\"image\":{\"@id\":\"https:\\\/\\\/www.immo-invest.ch\\\/fr\\\/lausanne-will-200-millionen-fuer-zukaeufe-lockern\\\/#organizationLogo\"},\"sameAs\":[\"https:\\\/\\\/www.facebook.com\\\/people\\\/Immoinvest\\\/100077962920504\\\/\",\"https:\\\/\\\/x.com\\\/i\\\/flow\\\/login?redirect_after_login=immoinvest_ch\",\"https:\\\/\\\/www.instagram.com\\\/immoinvest_ch\\\/\",\"https:\\\/\\\/www.linkedin.com\\\/company\\\/immoinvest-swiss\"]},{\"@type\":\"Person\",\"@id\":\"https:\\\/\\\/www.immo-invest.ch\\\/fr\\\/author\\\/immovestuser\\\/#author\",\"url\":\"https:\\\/\\\/www.immo-invest.ch\\\/fr\\\/author\\\/immovestuser\\\/\",\"name\":\"immovestuser\",\"image\":{\"@type\":\"ImageObject\",\"@id\":\"https:\\\/\\\/www.immo-invest.ch\\\/fr\\\/lausanne-will-200-millionen-fuer-zukaeufe-lockern\\\/#authorImage\",\"url\":\"https:\\\/\\\/secure.gravatar.com\\\/avatar\\\/8e01f4d99f2eeea7a362ebb93305e1172a70e9293ba250f897a65c39f54cdd1e?s=96&d=mm&r=g\",\"width\":96,\"height\":96,\"caption\":\"immovestuser\"}},{\"@type\":\"WebPage\",\"@id\":\"https:\\\/\\\/www.immo-invest.ch\\\/fr\\\/lausanne-will-200-millionen-fuer-zukaeufe-lockern\\\/#webpage\",\"url\":\"https:\\\/\\\/www.immo-invest.ch\\\/fr\\\/lausanne-will-200-millionen-fuer-zukaeufe-lockern\\\/\",\"name\":\"Lausanne pr\\u00e9voit de d\\u00e9bloquer 200 millions pour des acquisitions - immo!nvest - Die Plattform f\\u00fcr Standorte und Immobilien\",\"description\":\"Lausanne s'appr\\u00eate \\u00e0 disposer d'un budget immobilier nettement plus important. La commission des finances du conseil municipal souhaite faire passer le cr\\u00e9dit d'acquisition pour la p\\u00e9riode 2026-2031 de 130 \\u00e0 200 millions de francs. Cette mesure s'inscrit dans le cadre d'une politique fonci\\u00e8re et de logement plus stricte, fond\\u00e9e sur le droit de pr\\u00e9emption.\",\"inLanguage\":\"fr-FR\",\"isPartOf\":{\"@id\":\"https:\\\/\\\/www.immo-invest.ch\\\/fr\\\/#website\"},\"breadcrumb\":{\"@id\":\"https:\\\/\\\/www.immo-invest.ch\\\/fr\\\/lausanne-will-200-millionen-fuer-zukaeufe-lockern\\\/#breadcrumblist\"},\"author\":{\"@id\":\"https:\\\/\\\/www.immo-invest.ch\\\/fr\\\/author\\\/immovestuser\\\/#author\"},\"creator\":{\"@id\":\"https:\\\/\\\/www.immo-invest.ch\\\/fr\\\/author\\\/immovestuser\\\/#author\"},\"image\":{\"@type\":\"ImageObject\",\"url\":\"https:\\\/\\\/www.immo-invest.ch\\\/wp-content\\\/uploads\\\/2026\\\/09\\\/patrick-william-NvGAO6E65K0-unsplash.jpg\",\"@id\":\"https:\\\/\\\/www.immo-invest.ch\\\/fr\\\/lausanne-will-200-millionen-fuer-zukaeufe-lockern\\\/#mainImage\",\"width\":1920,\"height\":1200},\"primaryImageOfPage\":{\"@id\":\"https:\\\/\\\/www.immo-invest.ch\\\/fr\\\/lausanne-will-200-millionen-fuer-zukaeufe-lockern\\\/#mainImage\"},\"datePublished\":\"2026-09-01T07:30:00+02:00\",\"dateModified\":\"2026-08-31T09:51:38+02:00\"},{\"@type\":\"WebSite\",\"@id\":\"https:\\\/\\\/www.immo-invest.ch\\\/fr\\\/#website\",\"url\":\"https:\\\/\\\/www.immo-invest.ch\\\/fr\\\/\",\"name\":\"immo!nvest - Die Plattform f\\u00fcr Standorte und Immobilien\",\"description\":\"Die\\u00a0Plattform f\\u00fcr Standorte und Immobilien\",\"inLanguage\":\"fr-FR\",\"publisher\":{\"@id\":\"https:\\\/\\\/www.immo-invest.ch\\\/fr\\\/#organization\"}}]}\n\t\t<\/script>\n\t\t<!-- All in One SEO -->\n\n","aioseo_head_json":{"title":"Lausanne pr\u00e9voit de d\u00e9bloquer 200 millions pour des acquisitions - immo!nvest - Die Plattform f\u00fcr Standorte und Immobilien","description":"Lausanne s'appr\u00eate \u00e0 disposer d'un budget immobilier nettement plus important. La commission des finances du conseil municipal souhaite faire passer le cr\u00e9dit d'acquisition pour la p\u00e9riode 2026-2031 de 130 \u00e0 200 millions de francs. Cette mesure s'inscrit dans le cadre d'une politique fonci\u00e8re et de logement plus stricte, fond\u00e9e sur le droit de pr\u00e9emption.","canonical_url":"https:\/\/www.immo-invest.ch\/fr\/lausanne-will-200-millionen-fuer-zukaeufe-lockern\/","robots":"max-image-preview:large","keywords":"","webmasterTools":{"google-site-verification":"fHJKvgWpZCR2zVBHWfkQeFXC11qieUSff0HGNYfuyLA","miscellaneous":""},"schema":{"@context":"https:\/\/schema.org","@graph":[{"@type":"BlogPosting","@id":"https:\/\/www.immo-invest.ch\/fr\/lausanne-will-200-millionen-fuer-zukaeufe-lockern\/#blogposting","name":"Lausanne pr\u00e9voit de d\u00e9bloquer 200 millions pour des acquisitions - immo!nvest - Die Plattform f\u00fcr Standorte und Immobilien","headline":"Lausanne pr\u00e9voit de d\u00e9bloquer 200 millions pour des acquisitions","author":{"@id":"https:\/\/www.immo-invest.ch\/fr\/author\/immovestuser\/#author"},"publisher":{"@id":"https:\/\/www.immo-invest.ch\/fr\/#organization"},"image":{"@type":"ImageObject","url":"https:\/\/www.immo-invest.ch\/wp-content\/uploads\/2026\/09\/patrick-william-NvGAO6E65K0-unsplash.jpg","width":1920,"height":1200},"datePublished":"2026-09-01T07:30:00+02:00","dateModified":"2026-08-31T09:51:38+02:00","inLanguage":"fr-FR","mainEntityOfPage":{"@id":"https:\/\/www.immo-invest.ch\/fr\/lausanne-will-200-millionen-fuer-zukaeufe-lockern\/#webpage"},"isPartOf":{"@id":"https:\/\/www.immo-invest.ch\/fr\/lausanne-will-200-millionen-fuer-zukaeufe-lockern\/#webpage"},"articleSection":"Planification \/ D\u00e9veloppement, R\u00e9sidentiel, Strat\u00e9gies de financement, Waadt, Gemeinderat, Immoinvest, immoNews, Lausanne, LPPPL, News, Vorkaufsrecht, Wohnungspolitik, Facultatif"},{"@type":"BreadcrumbList","@id":"https:\/\/www.immo-invest.ch\/fr\/lausanne-will-200-millionen-fuer-zukaeufe-lockern\/#breadcrumblist","itemListElement":[{"@type":"ListItem","@id":"https:\/\/www.immo-invest.ch\/fr\/#listItem","position":1,"name":"Home","item":"https:\/\/www.immo-invest.ch\/fr\/","nextItem":{"@type":"ListItem","@id":"https:\/\/www.immo-invest.ch\/fr\/categories\/regions\/#listItem","name":"R\u00e9gions"}},{"@type":"ListItem","@id":"https:\/\/www.immo-invest.ch\/fr\/categories\/regions\/#listItem","position":2,"name":"R\u00e9gions","item":"https:\/\/www.immo-invest.ch\/fr\/categories\/regions\/","nextItem":{"@type":"ListItem","@id":"https:\/\/www.immo-invest.ch\/fr\/categories\/regions\/suisse\/#listItem","name":"Suisse"},"previousItem":{"@type":"ListItem","@id":"https:\/\/www.immo-invest.ch\/fr\/#listItem","name":"Home"}},{"@type":"ListItem","@id":"https:\/\/www.immo-invest.ch\/fr\/categories\/regions\/suisse\/#listItem","position":3,"name":"Suisse","item":"https:\/\/www.immo-invest.ch\/fr\/categories\/regions\/suisse\/","nextItem":{"@type":"ListItem","@id":"https:\/\/www.immo-invest.ch\/fr\/categories\/regions\/suisse\/region-lemanique\/#listItem","name":"R\u00e9gion l\u00e9manique"},"previousItem":{"@type":"ListItem","@id":"https:\/\/www.immo-invest.ch\/fr\/categories\/regions\/#listItem","name":"R\u00e9gions"}},{"@type":"ListItem","@id":"https:\/\/www.immo-invest.ch\/fr\/categories\/regions\/suisse\/region-lemanique\/#listItem","position":4,"name":"R\u00e9gion l\u00e9manique","item":"https:\/\/www.immo-invest.ch\/fr\/categories\/regions\/suisse\/region-lemanique\/","nextItem":{"@type":"ListItem","@id":"https:\/\/www.immo-invest.ch\/fr\/categories\/regions\/suisse\/region-lemanique\/waadt-fr\/#listItem","name":"Waadt"},"previousItem":{"@type":"ListItem","@id":"https:\/\/www.immo-invest.ch\/fr\/categories\/regions\/suisse\/#listItem","name":"Suisse"}},{"@type":"ListItem","@id":"https:\/\/www.immo-invest.ch\/fr\/categories\/regions\/suisse\/region-lemanique\/waadt-fr\/#listItem","position":5,"name":"Waadt","item":"https:\/\/www.immo-invest.ch\/fr\/categories\/regions\/suisse\/region-lemanique\/waadt-fr\/","nextItem":{"@type":"ListItem","@id":"https:\/\/www.immo-invest.ch\/fr\/lausanne-will-200-millionen-fuer-zukaeufe-lockern\/#listItem","name":"Lausanne pr\u00e9voit de d\u00e9bloquer 200 millions pour des acquisitions"},"previousItem":{"@type":"ListItem","@id":"https:\/\/www.immo-invest.ch\/fr\/categories\/regions\/suisse\/region-lemanique\/#listItem","name":"R\u00e9gion l\u00e9manique"}},{"@type":"ListItem","@id":"https:\/\/www.immo-invest.ch\/fr\/lausanne-will-200-millionen-fuer-zukaeufe-lockern\/#listItem","position":6,"name":"Lausanne pr\u00e9voit de d\u00e9bloquer 200 millions pour des acquisitions","previousItem":{"@type":"ListItem","@id":"https:\/\/www.immo-invest.ch\/fr\/categories\/regions\/suisse\/region-lemanique\/waadt-fr\/#listItem","name":"Waadt"}}]},{"@type":"Organization","@id":"https:\/\/www.immo-invest.ch\/fr\/#organization","name":"immo!nvest - Die Plattform f\u00fcr Standorte und Immobilien","description":"Die\u00a0Plattform f\u00fcr Standorte und Immobilien","url":"https:\/\/www.immo-invest.ch\/fr\/","email":"admin@immomedia.ag","telephone":"+41444420002","logo":{"@type":"ImageObject","url":"https:\/\/www.immo-invest.ch\/wp-content\/uploads\/2024\/09\/immoinvest_sm-scaled.jpg","@id":"https:\/\/www.immo-invest.ch\/fr\/lausanne-will-200-millionen-fuer-zukaeufe-lockern\/#organizationLogo","width":2560,"height":1340},"image":{"@id":"https:\/\/www.immo-invest.ch\/fr\/lausanne-will-200-millionen-fuer-zukaeufe-lockern\/#organizationLogo"},"sameAs":["https:\/\/www.facebook.com\/people\/Immoinvest\/100077962920504\/","https:\/\/x.com\/i\/flow\/login?redirect_after_login=immoinvest_ch","https:\/\/www.instagram.com\/immoinvest_ch\/","https:\/\/www.linkedin.com\/company\/immoinvest-swiss"]},{"@type":"Person","@id":"https:\/\/www.immo-invest.ch\/fr\/author\/immovestuser\/#author","url":"https:\/\/www.immo-invest.ch\/fr\/author\/immovestuser\/","name":"immovestuser","image":{"@type":"ImageObject","@id":"https:\/\/www.immo-invest.ch\/fr\/lausanne-will-200-millionen-fuer-zukaeufe-lockern\/#authorImage","url":"https:\/\/secure.gravatar.com\/avatar\/8e01f4d99f2eeea7a362ebb93305e1172a70e9293ba250f897a65c39f54cdd1e?s=96&d=mm&r=g","width":96,"height":96,"caption":"immovestuser"}},{"@type":"WebPage","@id":"https:\/\/www.immo-invest.ch\/fr\/lausanne-will-200-millionen-fuer-zukaeufe-lockern\/#webpage","url":"https:\/\/www.immo-invest.ch\/fr\/lausanne-will-200-millionen-fuer-zukaeufe-lockern\/","name":"Lausanne pr\u00e9voit de d\u00e9bloquer 200 millions pour des acquisitions - immo!nvest - Die Plattform f\u00fcr Standorte und Immobilien","description":"Lausanne s'appr\u00eate \u00e0 disposer d'un budget immobilier nettement plus important. La commission des finances du conseil municipal souhaite faire passer le cr\u00e9dit d'acquisition pour la p\u00e9riode 2026-2031 de 130 \u00e0 200 millions de francs. Cette mesure s'inscrit dans le cadre d'une politique fonci\u00e8re et de logement plus stricte, fond\u00e9e sur le droit de pr\u00e9emption.","inLanguage":"fr-FR","isPartOf":{"@id":"https:\/\/www.immo-invest.ch\/fr\/#website"},"breadcrumb":{"@id":"https:\/\/www.immo-invest.ch\/fr\/lausanne-will-200-millionen-fuer-zukaeufe-lockern\/#breadcrumblist"},"author":{"@id":"https:\/\/www.immo-invest.ch\/fr\/author\/immovestuser\/#author"},"creator":{"@id":"https:\/\/www.immo-invest.ch\/fr\/author\/immovestuser\/#author"},"image":{"@type":"ImageObject","url":"https:\/\/www.immo-invest.ch\/wp-content\/uploads\/2026\/09\/patrick-william-NvGAO6E65K0-unsplash.jpg","@id":"https:\/\/www.immo-invest.ch\/fr\/lausanne-will-200-millionen-fuer-zukaeufe-lockern\/#mainImage","width":1920,"height":1200},"primaryImageOfPage":{"@id":"https:\/\/www.immo-invest.ch\/fr\/lausanne-will-200-millionen-fuer-zukaeufe-lockern\/#mainImage"},"datePublished":"2026-09-01T07:30:00+02:00","dateModified":"2026-08-31T09:51:38+02:00"},{"@type":"WebSite","@id":"https:\/\/www.immo-invest.ch\/fr\/#website","url":"https:\/\/www.immo-invest.ch\/fr\/","name":"immo!nvest - Die Plattform f\u00fcr Standorte und Immobilien","description":"Die\u00a0Plattform f\u00fcr Standorte und Immobilien","inLanguage":"fr-FR","publisher":{"@id":"https:\/\/www.immo-invest.ch\/fr\/#organization"}}]},"og:locale":"fr_FR","og:site_name":"immo!nvest - Die Plattform f\u00fcr Standorte und Immobilien - Die\u00a0Plattform f\u00fcr Standorte und Immobilien","og:type":"article","og:title":"Lausanne pr\u00e9voit de d\u00e9bloquer 200 millions pour des acquisitions - immo!nvest - Die Plattform f\u00fcr Standorte und Immobilien","og:description":"Lausanne s'appr\u00eate \u00e0 disposer d'un budget immobilier nettement plus important. La commission des finances du conseil municipal souhaite faire passer le cr\u00e9dit d'acquisition pour la p\u00e9riode 2026-2031 de 130 \u00e0 200 millions de francs. Cette mesure s'inscrit dans le cadre d'une politique fonci\u00e8re et de logement plus stricte, fond\u00e9e sur le droit de pr\u00e9emption.","og:url":"https:\/\/www.immo-invest.ch\/fr\/lausanne-will-200-millionen-fuer-zukaeufe-lockern\/","og:image":"https:\/\/www.immo-invest.ch\/wp-content\/uploads\/2026\/09\/patrick-william-NvGAO6E65K0-unsplash.jpg","og:image:secure_url":"https:\/\/www.immo-invest.ch\/wp-content\/uploads\/2026\/09\/patrick-william-NvGAO6E65K0-unsplash.jpg","og:image:width":1920,"og:image:height":1200,"article:published_time":"2026-09-01T05:30:00+00:00","article:modified_time":"2026-08-31T07:51:38+00:00","article:publisher":"https:\/\/www.facebook.com\/people\/Immoinvest\/100077962920504\/","twitter:card":"summary_large_image","twitter:site":"@i","twitter:title":"Lausanne pr\u00e9voit de d\u00e9bloquer 200 millions pour des acquisitions - immo!nvest - Die Plattform f\u00fcr Standorte und Immobilien","twitter:description":"Lausanne s'appr\u00eate \u00e0 disposer d'un budget immobilier nettement plus important. La commission des finances du conseil municipal souhaite faire passer le cr\u00e9dit d'acquisition pour la p\u00e9riode 2026-2031 de 130 \u00e0 200 millions de francs. Cette mesure s'inscrit dans le cadre d'une politique fonci\u00e8re et de logement plus stricte, fond\u00e9e sur le droit de pr\u00e9emption.","twitter:creator":"@i","twitter:image":"https:\/\/www.immo-invest.ch\/wp-content\/uploads\/2026\/09\/patrick-william-NvGAO6E65K0-unsplash.jpg"},"aioseo_meta_data":{"post_id":"163938","title":null,"description":null,"keywords":null,"keyphrases":{"focus":{"keyphrase":"","score":0,"analysis":{"keyphraseInTitle":{"score":0,"maxScore":9,"error":1}}},"additional":[]},"primary_term":null,"canonical_url":null,"og_title":null,"og_description":null,"og_object_type":"default","og_image_type":"default","og_image_url":null,"og_image_width":null,"og_image_height":null,"og_image_custom_url":null,"og_image_custom_fields":null,"og_video":"","og_custom_url":null,"og_article_section":null,"og_article_tags":null,"twitter_use_og":false,"twitter_card":"default","twitter_image_type":"default","twitter_image_url":null,"twitter_image_custom_url":null,"twitter_image_custom_fields":null,"twitter_title":null,"twitter_description":null,"schema":{"blockGraphs":[],"customGraphs":[],"default":{"data":{"Article":[],"Course":[],"Dataset":[],"FAQPage":[],"Movie":[],"Person":[],"Product":[],"ProductReview":[],"Car":[],"Recipe":[],"Service":[],"SoftwareApplication":[],"WebPage":[]},"graphName":"BlogPosting","isEnabled":true},"graphs":[]},"schema_type":"default","schema_type_options":null,"pillar_content":false,"robots_default":true,"robots_noindex":false,"robots_noarchive":false,"robots_nosnippet":false,"robots_nofollow":false,"robots_noimageindex":false,"robots_noodp":false,"robots_notranslate":false,"robots_max_snippet":"-1","robots_max_videopreview":"-1","robots_max_imagepreview":"large","priority":null,"frequency":"default","local_seo":null,"breadcrumb_settings":null,"limit_modified_date":false,"ai":{"faqs":[],"keyPoints":[],"schemas":[],"titles":[],"descriptions":[],"socialPosts":{"email":{"subject":"","preview":"","content":""},"linkedin":[],"twitter":[],"facebook":[],"instagram":[]}},"created":"2026-08-31 07:51:38","updated":"2026-09-01 05:31:04","seo_analyzer_scan_date":null,"focus_keyword":null,"additional_keywords":null,"truseo_locale":null},"aioseo_breadcrumb":"<div class=\"aioseo-breadcrumbs\"><span class=\"aioseo-breadcrumb\">\n\t\t\t<a href=\"https:\/\/www.immo-invest.ch\/fr\/\" title=\"Home\">Home<\/a>\n\t\t<\/span><span class=\"aioseo-breadcrumb-separator\">&raquo;<\/span><span class=\"aioseo-breadcrumb\">\n\t\t\t<a href=\"https:\/\/www.immo-invest.ch\/fr\/categories\/regions\/\" title=\"R\u00e9gions\">R\u00e9gions<\/a>\n\t\t<\/span><span class=\"aioseo-breadcrumb-separator\">&raquo;<\/span><span class=\"aioseo-breadcrumb\">\n\t\t\t<a href=\"https:\/\/www.immo-invest.ch\/fr\/categories\/regions\/suisse\/\" title=\"Suisse\">Suisse<\/a>\n\t\t<\/span><span class=\"aioseo-breadcrumb-separator\">&raquo;<\/span><span class=\"aioseo-breadcrumb\">\n\t\t\t<a href=\"https:\/\/www.immo-invest.ch\/fr\/categories\/regions\/suisse\/region-lemanique\/\" title=\"R\u00e9gion l\u00e9manique\">R\u00e9gion l\u00e9manique<\/a>\n\t\t<\/span><span class=\"aioseo-breadcrumb-separator\">&raquo;<\/span><span class=\"aioseo-breadcrumb\">\n\t\t\t<a href=\"https:\/\/www.immo-invest.ch\/fr\/categories\/regions\/suisse\/region-lemanique\/waadt-fr\/\" title=\"Waadt\">Waadt<\/a>\n\t\t<\/span><span class=\"aioseo-breadcrumb-separator\">&raquo;<\/span><span class=\"aioseo-breadcrumb\">\n\t\t\tLausanne pr\u00e9voit de d\u00e9bloquer 200 millions pour des acquisitions\n\t\t<\/span><\/div>","aioseo_breadcrumb_json":[{"label":"Home","link":"https:\/\/www.immo-invest.ch\/fr\/"},{"label":"R\u00e9gions","link":"https:\/\/www.immo-invest.ch\/fr\/categories\/regions\/"},{"label":"Suisse","link":"https:\/\/www.immo-invest.ch\/fr\/categories\/regions\/suisse\/"},{"label":"R\u00e9gion l\u00e9manique","link":"https:\/\/www.immo-invest.ch\/fr\/categories\/regions\/suisse\/region-lemanique\/"},{"label":"Waadt","link":"https:\/\/www.immo-invest.ch\/fr\/categories\/regions\/suisse\/region-lemanique\/waadt-fr\/"},{"label":"Lausanne pr\u00e9voit de d\u00e9bloquer 200 millions pour des acquisitions","link":"https:\/\/www.immo-invest.ch\/fr\/lausanne-will-200-millionen-fuer-zukaeufe-lockern\/"}],"featured_image_src":"https:\/\/www.immo-invest.ch\/wp-content\/uploads\/2026\/09\/patrick-william-NvGAO6E65K0-unsplash-336x168.jpg","_links":{"self":[{"href":"https:\/\/www.immo-invest.ch\/fr\/wp-json\/wp\/v2\/posts\/163938","targetHints":{"allow":["GET"]}}],"collection":[{"href":"https:\/\/www.immo-invest.ch\/fr\/wp-json\/wp\/v2\/posts"}],"about":[{"href":"https:\/\/www.immo-invest.ch\/fr\/wp-json\/wp\/v2\/types\/post"}],"author":[{"embeddable":true,"href":"https:\/\/www.immo-invest.ch\/fr\/wp-json\/wp\/v2\/users\/2"}],"replies":[{"embeddable":true,"href":"https:\/\/www.immo-invest.ch\/fr\/wp-json\/wp\/v2\/comments?post=163938"}],"version-history":[{"count":2,"href":"https:\/\/www.immo-invest.ch\/fr\/wp-json\/wp\/v2\/posts\/163938\/revisions"}],"predecessor-version":[{"id":163945,"href":"https:\/\/www.immo-invest.ch\/fr\/wp-json\/wp\/v2\/posts\/163938\/revisions\/163945"}],"wp:featuredmedia":[{"embeddable":true,"href":"https:\/\/www.immo-invest.ch\/fr\/wp-json\/wp\/v2\/media\/163939"}],"wp:attachment":[{"href":"https:\/\/www.immo-invest.ch\/fr\/wp-json\/wp\/v2\/media?parent=163938"}],"wp:term":[{"taxonomy":"category","embeddable":true,"href":"https:\/\/www.immo-invest.ch\/fr\/wp-json\/wp\/v2\/categories?post=163938"},{"taxonomy":"post_tag","embeddable":true,"href":"https:\/\/www.immo-invest.ch\/fr\/wp-json\/wp\/v2\/tags?post=163938"}],"curies":[{"name":"wp","href":"https:\/\/api.w.org\/{rel}","templated":true}]}}