{"id":163842,"date":"2026-08-29T15:00:00","date_gmt":"2026-08-29T13:00:00","guid":{"rendered":"https:\/\/www.immo-invest.ch\/?p=163842"},"modified":"2026-08-27T13:49:04","modified_gmt":"2026-08-27T11:49:04","slug":"nussbaumens-wohntuerme-stecken-tiefer-fest","status":"publish","type":"post","link":"https:\/\/www.immo-invest.ch\/fr\/nussbaumens-wohntuerme-stecken-tiefer-fest\/","title":{"rendered":"Les tours d&rsquo;habitation de Nussbaum sont encore plus enlis\u00e9es"},"content":{"rendered":"<p class=\"wp-block-paragraph\">Les travaux se d&eacute;roulent en sous-sol. Pour le projet immobilier &laquo; Markthof Schild Ost &raquo; &agrave; Nussbaumen, le parking souterrain a d&ucirc; &ecirc;tre &eacute;tendu de un &agrave; deux niveaux, car des abris suppl&eacute;mentaires occupent de l&rsquo;espace et les 48 places de stationnement initialement pr&eacute;vues ne suffisent donc plus.<\/p>\n\n\n\n<p class=\"wp-block-paragraph\">Cela retarde sensiblement le calendrier. Le d&eacute;but des travaux &eacute;tait initialement pr&eacute;vu pour le printemps 2026, mais fin ao&ucirc;t 2026, la proc&eacute;dure d&rsquo;octroi du permis de construire est toujours en cours. Selon la commune d&rsquo;Obersiggenthal, la demande de permis de construire a &eacute;t&eacute; remani&eacute;e dans le cadre de l&rsquo;examen au regard du droit de la construction et de l&rsquo;urbanisme, en raison des exigences de plusieurs services sp&eacute;cialis&eacute;s ainsi que suite &agrave; des objections. La modification du projet a fait l&rsquo;objet d&rsquo;une deuxi&egrave;me mise &agrave; l&rsquo;enqu&ecirc;te publique jusqu&rsquo;au d&eacute;but du mois d&rsquo;ao&ucirc;t 2026.<\/p>\n\n\n\n<p class=\"wp-block-paragraph\"><strong>Plus de places de stationnement, m&ecirc;me projet de construction<br><\/strong>Le c&oelig;ur visible du projet reste inchang&eacute;. Il est toujours pr&eacute;vu de construire trois immeubles r&eacute;sidentiels comprenant 65 appartements locatifs, des locaux commerciaux au rez-de-chauss&eacute;e ainsi qu&rsquo;une cour int&eacute;rieure verdoyante accessible au public, situ&eacute;e au croisement de la Hertensteinstrasse et du Kirchweg. Les b&acirc;timents devraient mesurer entre 22 et un peu moins de 30 m&egrave;tres de haut.<\/p>\n\n\n\n<p class=\"wp-block-paragraph\">Il est d&eacute;sormais pr&eacute;vu un total de 70 places de stationnement au lieu de 48. La modification du projet comprend &eacute;galement des adaptations en mati&egrave;re de protection contre les crues, des exigences issues de l&rsquo;examen par la commune et les services sp&eacute;cialis&eacute;s, ainsi qu&rsquo;une nouvelle expertise acoustique. Selon la commune, aucune nouvelle objection n&rsquo;a &eacute;t&eacute; formul&eacute;e lors de la deuxi&egrave;me phase de consultation. En raison de la proc&eacute;dure en cours, elle ne communique toujours pas de date d&eacute;finitive pour le d&eacute;but des travaux.<\/p>\n\n\n\n<p class=\"wp-block-paragraph\"><strong>Le d&eacute;veloppement du centre-ville se poursuit comme pr&eacute;vu<br><\/strong>Pour Obersiggenthal, il ne s&rsquo;agit pas seulement d&rsquo;une correction technique au niveau du sous-sol. Le plan d&rsquo;am&eacute;nagement partiel pour Markthof Schild Ost est entr&eacute; en vigueur depuis octobre 2023. Ce site est consid&eacute;r&eacute; comme la premi&egrave;re pierre de l&rsquo;urbanisation et de la revalorisation du centre-ville de Nussbaumen. C&rsquo;est pr&eacute;cis&eacute;ment pour cette raison que cette nouvelle r&eacute;vision montre &agrave; quel point m&ecirc;me des projets r&eacute;sidentiels bien avanc&eacute;s peuvent aujourd&rsquo;hui &ecirc;tre frein&eacute;s par des contraintes techniques, des exigences de protection et des corrections de d&eacute;tail dans le cadre de la proc&eacute;dure d&rsquo;autorisation.<\/p>\n","protected":false},"excerpt":{"rendered":"<p>Dans le cadre du projet \u00ab Markthof Schild Ost \u00bb \u00e0 Nussbaumen, pr\u00e8s de Baden, le d\u00e9but des travaux, initialement pr\u00e9vu pour le printemps 2026, est \u00e0 nouveau report\u00e9. La proc\u00e9dure d&rsquo;autorisation en cours ayant rendu n\u00e9cessaire la cr\u00e9ation d&rsquo;un deuxi\u00e8me sous-sol, le parking souterrain passe de 48 \u00e0 70 places.<\/p>\n","protected":false},"author":2,"featured_media":163843,"comment_status":"open","ping_status":"open","sticky":false,"template":"","format":"standard","meta":{"pmpro_default_level":"","inline_featured_image":false,"_monsterinsights_skip_tracking":false,"footnotes":""},"categories":[47467,9824,56027,56003],"tags":[45192,872,3931,61501,1757,2002,61502,61503,34543],"class_list":["post-163842","post","type-post","status-publish","format-standard","has-post-thumbnail","hentry","category-baden-fr","category-nouvelle-construction","category-planification-developpement","category-residentiel","tag-baubewilligungsverfahren-fr","tag-immoinvest-fr","tag-immonews-fr","tag-markthof-schild-ost","tag-mietwohnungen-fr","tag-news-fr","tag-nussbaumen","tag-obersiggenthal","tag-tiefgarage-fr","pmpro-has-access"],"acf":{"bild_mit_ki_erstellt_worden":["Ja"],"lead":"Dans le cadre du projet \u00ab Markthof Schild Ost \u00bb \u00e0 Nussbaumen, pr\u00e8s de Baden, le d\u00e9but des travaux, initialement pr\u00e9vu pour le printemps 2026, est \u00e0 nouveau report\u00e9. La proc\u00e9dure d'autorisation en cours ayant rendu n\u00e9cessaire la cr\u00e9ation d'un deuxi\u00e8me sous-sol, le parking souterrain passe de 48 \u00e0 70 places.","autor":"","ort":"","bildunterschrift":"","bild_im_grid":false,"gallerie":"","newsim":"3848"},"aioseo_notices":[],"aioseo_head":"\n\t\t<!-- All in One SEO 5.0.0.1 - aioseo.com -->\n\t<meta name=\"description\" content=\"Dans le cadre du projet \u00ab Markthof Schild Ost \u00bb \u00e0 Nussbaumen, pr\u00e8s de Baden, le d\u00e9but des travaux, initialement pr\u00e9vu pour le printemps 2026, est \u00e0 nouveau report\u00e9. La proc\u00e9dure d&#039;autorisation en cours ayant rendu n\u00e9cessaire la cr\u00e9ation d&#039;un deuxi\u00e8me sous-sol, le parking souterrain passe de 48 \u00e0 70 places.\" \/>\n\t<meta name=\"robots\" content=\"max-image-preview:large\" \/>\n\t<meta name=\"author\" content=\"immovestuser\"\/>\n\t<meta name=\"google-site-verification\" content=\"fHJKvgWpZCR2zVBHWfkQeFXC11qieUSff0HGNYfuyLA\" \/>\n\t<link rel=\"canonical\" href=\"https:\/\/www.immo-invest.ch\/fr\/nussbaumens-wohntuerme-stecken-tiefer-fest\/\" \/>\n\t<meta name=\"generator\" content=\"All in One SEO (AIOSEO) 5.0.0.1\" \/>\n\t\t<meta property=\"og:locale\" content=\"fr_FR\" \/>\n\t\t<meta property=\"og:site_name\" content=\"immo!nvest - Die Plattform f\u00fcr Standorte und Immobilien - Die\u00a0Plattform f\u00fcr Standorte und Immobilien\" \/>\n\t\t<meta property=\"og:type\" content=\"article\" \/>\n\t\t<meta property=\"og:title\" content=\"Les tours d\u2019habitation de Nussbaum sont encore plus enlis\u00e9es - immo!nvest - Die Plattform f\u00fcr Standorte und Immobilien\" \/>\n\t\t<meta property=\"og:description\" content=\"Dans le cadre du projet \u00ab Markthof Schild Ost \u00bb \u00e0 Nussbaumen, pr\u00e8s de Baden, le d\u00e9but des travaux, initialement pr\u00e9vu pour le printemps 2026, est \u00e0 nouveau report\u00e9. La proc\u00e9dure d&#039;autorisation en cours ayant rendu n\u00e9cessaire la cr\u00e9ation d&#039;un deuxi\u00e8me sous-sol, le parking souterrain passe de 48 \u00e0 70 places.\" \/>\n\t\t<meta property=\"og:url\" content=\"https:\/\/www.immo-invest.ch\/fr\/nussbaumens-wohntuerme-stecken-tiefer-fest\/\" \/>\n\t\t<meta property=\"og:image\" content=\"https:\/\/www.immo-invest.ch\/wp-content\/uploads\/2026\/08\/Nussbaumens-Wohntuerme-stecken-tiefer-fest-immo-invest.png\" \/>\n\t\t<meta property=\"og:image:secure_url\" content=\"https:\/\/www.immo-invest.ch\/wp-content\/uploads\/2026\/08\/Nussbaumens-Wohntuerme-stecken-tiefer-fest-immo-invest.png\" \/>\n\t\t<meta property=\"og:image:width\" content=\"1536\" \/>\n\t\t<meta property=\"og:image:height\" content=\"768\" \/>\n\t\t<meta property=\"article:published_time\" content=\"2026-08-29T13:00:00+00:00\" \/>\n\t\t<meta property=\"article:modified_time\" content=\"2026-08-27T11:49:04+00:00\" \/>\n\t\t<meta property=\"article:publisher\" content=\"https:\/\/www.facebook.com\/people\/Immoinvest\/100077962920504\/\" \/>\n\t\t<meta name=\"twitter:card\" content=\"summary_large_image\" \/>\n\t\t<meta name=\"twitter:site\" content=\"@i\" \/>\n\t\t<meta name=\"twitter:title\" content=\"Les tours d\u2019habitation de Nussbaum sont encore plus enlis\u00e9es - immo!nvest - Die Plattform f\u00fcr Standorte und Immobilien\" \/>\n\t\t<meta name=\"twitter:description\" content=\"Dans le cadre du projet \u00ab Markthof Schild Ost \u00bb \u00e0 Nussbaumen, pr\u00e8s de Baden, le d\u00e9but des travaux, initialement pr\u00e9vu pour le printemps 2026, est \u00e0 nouveau report\u00e9. La proc\u00e9dure d&#039;autorisation en cours ayant rendu n\u00e9cessaire la cr\u00e9ation d&#039;un deuxi\u00e8me sous-sol, le parking souterrain passe de 48 \u00e0 70 places.\" \/>\n\t\t<meta name=\"twitter:creator\" content=\"@i\" \/>\n\t\t<meta name=\"twitter:image\" content=\"https:\/\/www.immo-invest.ch\/wp-content\/uploads\/2026\/08\/Nussbaumens-Wohntuerme-stecken-tiefer-fest-immo-invest.png\" \/>\n\t\t<script type=\"application\/ld+json\" class=\"aioseo-schema\">\n\t\t\t{\"@context\":\"https:\\\/\\\/schema.org\",\"@graph\":[{\"@type\":\"BlogPosting\",\"@id\":\"https:\\\/\\\/www.immo-invest.ch\\\/fr\\\/nussbaumens-wohntuerme-stecken-tiefer-fest\\\/#blogposting\",\"name\":\"Les tours d\\u2019habitation de Nussbaum sont encore plus enlis\\u00e9es - immo!nvest - Die Plattform f\\u00fcr Standorte und Immobilien\",\"headline\":\"Les tours d&rsquo;habitation de Nussbaum sont encore plus enlis\\u00e9es\",\"author\":{\"@id\":\"https:\\\/\\\/www.immo-invest.ch\\\/fr\\\/author\\\/immovestuser\\\/#author\"},\"publisher\":{\"@id\":\"https:\\\/\\\/www.immo-invest.ch\\\/fr\\\/#organization\"},\"image\":{\"@type\":\"ImageObject\",\"url\":\"https:\\\/\\\/www.immo-invest.ch\\\/wp-content\\\/uploads\\\/2026\\\/08\\\/Nussbaumens-Wohntuerme-stecken-tiefer-fest-immo-invest.png\",\"width\":1536,\"height\":768},\"datePublished\":\"2026-08-29T15:00:00+02:00\",\"dateModified\":\"2026-08-27T13:49:04+02:00\",\"inLanguage\":\"fr-FR\",\"mainEntityOfPage\":{\"@id\":\"https:\\\/\\\/www.immo-invest.ch\\\/fr\\\/nussbaumens-wohntuerme-stecken-tiefer-fest\\\/#webpage\"},\"isPartOf\":{\"@id\":\"https:\\\/\\\/www.immo-invest.ch\\\/fr\\\/nussbaumens-wohntuerme-stecken-tiefer-fest\\\/#webpage\"},\"articleSection\":\"Baden, Nouvelle construction, Planification \\\/ D\\u00e9veloppement, R\\u00e9sidentiel, Baubewilligungsverfahren, Immoinvest, immoNews, Markthof Schild Ost, Mietwohnungen, News, Nussbaumen, Obersiggenthal, Tiefgarage, Facultatif\"},{\"@type\":\"BreadcrumbList\",\"@id\":\"https:\\\/\\\/www.immo-invest.ch\\\/fr\\\/nussbaumens-wohntuerme-stecken-tiefer-fest\\\/#breadcrumblist\",\"itemListElement\":[{\"@type\":\"ListItem\",\"@id\":\"https:\\\/\\\/www.immo-invest.ch\\\/fr\\\/#listItem\",\"position\":1,\"name\":\"Home\",\"item\":\"https:\\\/\\\/www.immo-invest.ch\\\/fr\\\/\",\"nextItem\":{\"@type\":\"ListItem\",\"@id\":\"https:\\\/\\\/www.immo-invest.ch\\\/fr\\\/categories\\\/regions\\\/#listItem\",\"name\":\"R\\u00e9gions\"}},{\"@type\":\"ListItem\",\"@id\":\"https:\\\/\\\/www.immo-invest.ch\\\/fr\\\/categories\\\/regions\\\/#listItem\",\"position\":2,\"name\":\"R\\u00e9gions\",\"item\":\"https:\\\/\\\/www.immo-invest.ch\\\/fr\\\/categories\\\/regions\\\/\",\"nextItem\":{\"@type\":\"ListItem\",\"@id\":\"https:\\\/\\\/www.immo-invest.ch\\\/fr\\\/categories\\\/regions\\\/suisse\\\/#listItem\",\"name\":\"Suisse\"},\"previousItem\":{\"@type\":\"ListItem\",\"@id\":\"https:\\\/\\\/www.immo-invest.ch\\\/fr\\\/#listItem\",\"name\":\"Home\"}},{\"@type\":\"ListItem\",\"@id\":\"https:\\\/\\\/www.immo-invest.ch\\\/fr\\\/categories\\\/regions\\\/suisse\\\/#listItem\",\"position\":3,\"name\":\"Suisse\",\"item\":\"https:\\\/\\\/www.immo-invest.ch\\\/fr\\\/categories\\\/regions\\\/suisse\\\/\",\"nextItem\":{\"@type\":\"ListItem\",\"@id\":\"https:\\\/\\\/www.immo-invest.ch\\\/fr\\\/categories\\\/regions\\\/suisse\\\/suisse-du-nord-ouest\\\/#listItem\",\"name\":\"Suisse du Nord-Ouest\"},\"previousItem\":{\"@type\":\"ListItem\",\"@id\":\"https:\\\/\\\/www.immo-invest.ch\\\/fr\\\/categories\\\/regions\\\/#listItem\",\"name\":\"R\\u00e9gions\"}},{\"@type\":\"ListItem\",\"@id\":\"https:\\\/\\\/www.immo-invest.ch\\\/fr\\\/categories\\\/regions\\\/suisse\\\/suisse-du-nord-ouest\\\/#listItem\",\"position\":4,\"name\":\"Suisse du Nord-Ouest\",\"item\":\"https:\\\/\\\/www.immo-invest.ch\\\/fr\\\/categories\\\/regions\\\/suisse\\\/suisse-du-nord-ouest\\\/\",\"nextItem\":{\"@type\":\"ListItem\",\"@id\":\"https:\\\/\\\/www.immo-invest.ch\\\/fr\\\/categories\\\/regions\\\/suisse\\\/suisse-du-nord-ouest\\\/region-aarau\\\/#listItem\",\"name\":\"Aargau\"},\"previousItem\":{\"@type\":\"ListItem\",\"@id\":\"https:\\\/\\\/www.immo-invest.ch\\\/fr\\\/categories\\\/regions\\\/suisse\\\/#listItem\",\"name\":\"Suisse\"}},{\"@type\":\"ListItem\",\"@id\":\"https:\\\/\\\/www.immo-invest.ch\\\/fr\\\/categories\\\/regions\\\/suisse\\\/suisse-du-nord-ouest\\\/region-aarau\\\/#listItem\",\"position\":5,\"name\":\"Aargau\",\"item\":\"https:\\\/\\\/www.immo-invest.ch\\\/fr\\\/categories\\\/regions\\\/suisse\\\/suisse-du-nord-ouest\\\/region-aarau\\\/\",\"nextItem\":{\"@type\":\"ListItem\",\"@id\":\"https:\\\/\\\/www.immo-invest.ch\\\/fr\\\/categories\\\/regions\\\/suisse\\\/suisse-du-nord-ouest\\\/region-aarau\\\/baden-fr\\\/#listItem\",\"name\":\"Baden\"},\"previousItem\":{\"@type\":\"ListItem\",\"@id\":\"https:\\\/\\\/www.immo-invest.ch\\\/fr\\\/categories\\\/regions\\\/suisse\\\/suisse-du-nord-ouest\\\/#listItem\",\"name\":\"Suisse du Nord-Ouest\"}},{\"@type\":\"ListItem\",\"@id\":\"https:\\\/\\\/www.immo-invest.ch\\\/fr\\\/categories\\\/regions\\\/suisse\\\/suisse-du-nord-ouest\\\/region-aarau\\\/baden-fr\\\/#listItem\",\"position\":6,\"name\":\"Baden\",\"item\":\"https:\\\/\\\/www.immo-invest.ch\\\/fr\\\/categories\\\/regions\\\/suisse\\\/suisse-du-nord-ouest\\\/region-aarau\\\/baden-fr\\\/\",\"nextItem\":{\"@type\":\"ListItem\",\"@id\":\"https:\\\/\\\/www.immo-invest.ch\\\/fr\\\/nussbaumens-wohntuerme-stecken-tiefer-fest\\\/#listItem\",\"name\":\"Les tours d&rsquo;habitation de Nussbaum sont encore plus enlis\\u00e9es\"},\"previousItem\":{\"@type\":\"ListItem\",\"@id\":\"https:\\\/\\\/www.immo-invest.ch\\\/fr\\\/categories\\\/regions\\\/suisse\\\/suisse-du-nord-ouest\\\/region-aarau\\\/#listItem\",\"name\":\"Aargau\"}},{\"@type\":\"ListItem\",\"@id\":\"https:\\\/\\\/www.immo-invest.ch\\\/fr\\\/nussbaumens-wohntuerme-stecken-tiefer-fest\\\/#listItem\",\"position\":7,\"name\":\"Les tours d&rsquo;habitation de Nussbaum sont encore plus enlis\\u00e9es\",\"previousItem\":{\"@type\":\"ListItem\",\"@id\":\"https:\\\/\\\/www.immo-invest.ch\\\/fr\\\/categories\\\/regions\\\/suisse\\\/suisse-du-nord-ouest\\\/region-aarau\\\/baden-fr\\\/#listItem\",\"name\":\"Baden\"}}]},{\"@type\":\"Organization\",\"@id\":\"https:\\\/\\\/www.immo-invest.ch\\\/fr\\\/#organization\",\"name\":\"immo!nvest - Die Plattform f\\u00fcr Standorte und Immobilien\",\"description\":\"Die\\u00a0Plattform f\\u00fcr Standorte und Immobilien\",\"url\":\"https:\\\/\\\/www.immo-invest.ch\\\/fr\\\/\",\"email\":\"admin@immomedia.ag\",\"telephone\":\"+41444420002\",\"logo\":{\"@type\":\"ImageObject\",\"url\":\"https:\\\/\\\/www.immo-invest.ch\\\/wp-content\\\/uploads\\\/2024\\\/09\\\/immoinvest_sm-scaled.jpg\",\"@id\":\"https:\\\/\\\/www.immo-invest.ch\\\/fr\\\/nussbaumens-wohntuerme-stecken-tiefer-fest\\\/#organizationLogo\",\"width\":2560,\"height\":1340},\"image\":{\"@id\":\"https:\\\/\\\/www.immo-invest.ch\\\/fr\\\/nussbaumens-wohntuerme-stecken-tiefer-fest\\\/#organizationLogo\"},\"sameAs\":[\"https:\\\/\\\/www.facebook.com\\\/people\\\/Immoinvest\\\/100077962920504\\\/\",\"https:\\\/\\\/x.com\\\/i\\\/flow\\\/login?redirect_after_login=immoinvest_ch\",\"https:\\\/\\\/www.instagram.com\\\/immoinvest_ch\\\/\",\"https:\\\/\\\/www.linkedin.com\\\/company\\\/immoinvest-swiss\"]},{\"@type\":\"Person\",\"@id\":\"https:\\\/\\\/www.immo-invest.ch\\\/fr\\\/author\\\/immovestuser\\\/#author\",\"url\":\"https:\\\/\\\/www.immo-invest.ch\\\/fr\\\/author\\\/immovestuser\\\/\",\"name\":\"immovestuser\",\"image\":{\"@type\":\"ImageObject\",\"@id\":\"https:\\\/\\\/www.immo-invest.ch\\\/fr\\\/nussbaumens-wohntuerme-stecken-tiefer-fest\\\/#authorImage\",\"url\":\"https:\\\/\\\/secure.gravatar.com\\\/avatar\\\/8e01f4d99f2eeea7a362ebb93305e1172a70e9293ba250f897a65c39f54cdd1e?s=96&d=mm&r=g\",\"width\":96,\"height\":96,\"caption\":\"immovestuser\"}},{\"@type\":\"WebPage\",\"@id\":\"https:\\\/\\\/www.immo-invest.ch\\\/fr\\\/nussbaumens-wohntuerme-stecken-tiefer-fest\\\/#webpage\",\"url\":\"https:\\\/\\\/www.immo-invest.ch\\\/fr\\\/nussbaumens-wohntuerme-stecken-tiefer-fest\\\/\",\"name\":\"Les tours d\\u2019habitation de Nussbaum sont encore plus enlis\\u00e9es - immo!nvest - Die Plattform f\\u00fcr Standorte und Immobilien\",\"description\":\"Dans le cadre du projet \\u00ab Markthof Schild Ost \\u00bb \\u00e0 Nussbaumen, pr\\u00e8s de Baden, le d\\u00e9but des travaux, initialement pr\\u00e9vu pour le printemps 2026, est \\u00e0 nouveau report\\u00e9. La proc\\u00e9dure d'autorisation en cours ayant rendu n\\u00e9cessaire la cr\\u00e9ation d'un deuxi\\u00e8me sous-sol, le parking souterrain passe de 48 \\u00e0 70 places.\",\"inLanguage\":\"fr-FR\",\"isPartOf\":{\"@id\":\"https:\\\/\\\/www.immo-invest.ch\\\/fr\\\/#website\"},\"breadcrumb\":{\"@id\":\"https:\\\/\\\/www.immo-invest.ch\\\/fr\\\/nussbaumens-wohntuerme-stecken-tiefer-fest\\\/#breadcrumblist\"},\"author\":{\"@id\":\"https:\\\/\\\/www.immo-invest.ch\\\/fr\\\/author\\\/immovestuser\\\/#author\"},\"creator\":{\"@id\":\"https:\\\/\\\/www.immo-invest.ch\\\/fr\\\/author\\\/immovestuser\\\/#author\"},\"image\":{\"@type\":\"ImageObject\",\"url\":\"https:\\\/\\\/www.immo-invest.ch\\\/wp-content\\\/uploads\\\/2026\\\/08\\\/Nussbaumens-Wohntuerme-stecken-tiefer-fest-immo-invest.png\",\"@id\":\"https:\\\/\\\/www.immo-invest.ch\\\/fr\\\/nussbaumens-wohntuerme-stecken-tiefer-fest\\\/#mainImage\",\"width\":1536,\"height\":768},\"primaryImageOfPage\":{\"@id\":\"https:\\\/\\\/www.immo-invest.ch\\\/fr\\\/nussbaumens-wohntuerme-stecken-tiefer-fest\\\/#mainImage\"},\"datePublished\":\"2026-08-29T15:00:00+02:00\",\"dateModified\":\"2026-08-27T13:49:04+02:00\"},{\"@type\":\"WebSite\",\"@id\":\"https:\\\/\\\/www.immo-invest.ch\\\/fr\\\/#website\",\"url\":\"https:\\\/\\\/www.immo-invest.ch\\\/fr\\\/\",\"name\":\"immo!nvest - Die Plattform f\\u00fcr Standorte und Immobilien\",\"description\":\"Die\\u00a0Plattform f\\u00fcr Standorte und Immobilien\",\"inLanguage\":\"fr-FR\",\"publisher\":{\"@id\":\"https:\\\/\\\/www.immo-invest.ch\\\/fr\\\/#organization\"}}]}\n\t\t<\/script>\n\t\t<!-- All in One SEO -->\n\n","aioseo_head_json":{"title":"Les tours d\u2019habitation de Nussbaum sont encore plus enlis\u00e9es - immo!nvest - Die Plattform f\u00fcr Standorte und Immobilien","description":"Dans le cadre du projet \u00ab Markthof Schild Ost \u00bb \u00e0 Nussbaumen, pr\u00e8s de Baden, le d\u00e9but des travaux, initialement pr\u00e9vu pour le printemps 2026, est \u00e0 nouveau report\u00e9. La proc\u00e9dure d'autorisation en cours ayant rendu n\u00e9cessaire la cr\u00e9ation d'un deuxi\u00e8me sous-sol, le parking souterrain passe de 48 \u00e0 70 places.","canonical_url":"https:\/\/www.immo-invest.ch\/fr\/nussbaumens-wohntuerme-stecken-tiefer-fest\/","robots":"max-image-preview:large","keywords":"","webmasterTools":{"google-site-verification":"fHJKvgWpZCR2zVBHWfkQeFXC11qieUSff0HGNYfuyLA","miscellaneous":""},"schema":{"@context":"https:\/\/schema.org","@graph":[{"@type":"BlogPosting","@id":"https:\/\/www.immo-invest.ch\/fr\/nussbaumens-wohntuerme-stecken-tiefer-fest\/#blogposting","name":"Les tours d\u2019habitation de Nussbaum sont encore plus enlis\u00e9es - immo!nvest - Die Plattform f\u00fcr Standorte und Immobilien","headline":"Les tours d&rsquo;habitation de Nussbaum sont encore plus enlis\u00e9es","author":{"@id":"https:\/\/www.immo-invest.ch\/fr\/author\/immovestuser\/#author"},"publisher":{"@id":"https:\/\/www.immo-invest.ch\/fr\/#organization"},"image":{"@type":"ImageObject","url":"https:\/\/www.immo-invest.ch\/wp-content\/uploads\/2026\/08\/Nussbaumens-Wohntuerme-stecken-tiefer-fest-immo-invest.png","width":1536,"height":768},"datePublished":"2026-08-29T15:00:00+02:00","dateModified":"2026-08-27T13:49:04+02:00","inLanguage":"fr-FR","mainEntityOfPage":{"@id":"https:\/\/www.immo-invest.ch\/fr\/nussbaumens-wohntuerme-stecken-tiefer-fest\/#webpage"},"isPartOf":{"@id":"https:\/\/www.immo-invest.ch\/fr\/nussbaumens-wohntuerme-stecken-tiefer-fest\/#webpage"},"articleSection":"Baden, Nouvelle construction, Planification \/ D\u00e9veloppement, R\u00e9sidentiel, Baubewilligungsverfahren, Immoinvest, immoNews, Markthof Schild Ost, Mietwohnungen, News, Nussbaumen, Obersiggenthal, Tiefgarage, Facultatif"},{"@type":"BreadcrumbList","@id":"https:\/\/www.immo-invest.ch\/fr\/nussbaumens-wohntuerme-stecken-tiefer-fest\/#breadcrumblist","itemListElement":[{"@type":"ListItem","@id":"https:\/\/www.immo-invest.ch\/fr\/#listItem","position":1,"name":"Home","item":"https:\/\/www.immo-invest.ch\/fr\/","nextItem":{"@type":"ListItem","@id":"https:\/\/www.immo-invest.ch\/fr\/categories\/regions\/#listItem","name":"R\u00e9gions"}},{"@type":"ListItem","@id":"https:\/\/www.immo-invest.ch\/fr\/categories\/regions\/#listItem","position":2,"name":"R\u00e9gions","item":"https:\/\/www.immo-invest.ch\/fr\/categories\/regions\/","nextItem":{"@type":"ListItem","@id":"https:\/\/www.immo-invest.ch\/fr\/categories\/regions\/suisse\/#listItem","name":"Suisse"},"previousItem":{"@type":"ListItem","@id":"https:\/\/www.immo-invest.ch\/fr\/#listItem","name":"Home"}},{"@type":"ListItem","@id":"https:\/\/www.immo-invest.ch\/fr\/categories\/regions\/suisse\/#listItem","position":3,"name":"Suisse","item":"https:\/\/www.immo-invest.ch\/fr\/categories\/regions\/suisse\/","nextItem":{"@type":"ListItem","@id":"https:\/\/www.immo-invest.ch\/fr\/categories\/regions\/suisse\/suisse-du-nord-ouest\/#listItem","name":"Suisse du Nord-Ouest"},"previousItem":{"@type":"ListItem","@id":"https:\/\/www.immo-invest.ch\/fr\/categories\/regions\/#listItem","name":"R\u00e9gions"}},{"@type":"ListItem","@id":"https:\/\/www.immo-invest.ch\/fr\/categories\/regions\/suisse\/suisse-du-nord-ouest\/#listItem","position":4,"name":"Suisse du Nord-Ouest","item":"https:\/\/www.immo-invest.ch\/fr\/categories\/regions\/suisse\/suisse-du-nord-ouest\/","nextItem":{"@type":"ListItem","@id":"https:\/\/www.immo-invest.ch\/fr\/categories\/regions\/suisse\/suisse-du-nord-ouest\/region-aarau\/#listItem","name":"Aargau"},"previousItem":{"@type":"ListItem","@id":"https:\/\/www.immo-invest.ch\/fr\/categories\/regions\/suisse\/#listItem","name":"Suisse"}},{"@type":"ListItem","@id":"https:\/\/www.immo-invest.ch\/fr\/categories\/regions\/suisse\/suisse-du-nord-ouest\/region-aarau\/#listItem","position":5,"name":"Aargau","item":"https:\/\/www.immo-invest.ch\/fr\/categories\/regions\/suisse\/suisse-du-nord-ouest\/region-aarau\/","nextItem":{"@type":"ListItem","@id":"https:\/\/www.immo-invest.ch\/fr\/categories\/regions\/suisse\/suisse-du-nord-ouest\/region-aarau\/baden-fr\/#listItem","name":"Baden"},"previousItem":{"@type":"ListItem","@id":"https:\/\/www.immo-invest.ch\/fr\/categories\/regions\/suisse\/suisse-du-nord-ouest\/#listItem","name":"Suisse du Nord-Ouest"}},{"@type":"ListItem","@id":"https:\/\/www.immo-invest.ch\/fr\/categories\/regions\/suisse\/suisse-du-nord-ouest\/region-aarau\/baden-fr\/#listItem","position":6,"name":"Baden","item":"https:\/\/www.immo-invest.ch\/fr\/categories\/regions\/suisse\/suisse-du-nord-ouest\/region-aarau\/baden-fr\/","nextItem":{"@type":"ListItem","@id":"https:\/\/www.immo-invest.ch\/fr\/nussbaumens-wohntuerme-stecken-tiefer-fest\/#listItem","name":"Les tours d&rsquo;habitation de Nussbaum sont encore plus enlis\u00e9es"},"previousItem":{"@type":"ListItem","@id":"https:\/\/www.immo-invest.ch\/fr\/categories\/regions\/suisse\/suisse-du-nord-ouest\/region-aarau\/#listItem","name":"Aargau"}},{"@type":"ListItem","@id":"https:\/\/www.immo-invest.ch\/fr\/nussbaumens-wohntuerme-stecken-tiefer-fest\/#listItem","position":7,"name":"Les tours d&rsquo;habitation de Nussbaum sont encore plus enlis\u00e9es","previousItem":{"@type":"ListItem","@id":"https:\/\/www.immo-invest.ch\/fr\/categories\/regions\/suisse\/suisse-du-nord-ouest\/region-aarau\/baden-fr\/#listItem","name":"Baden"}}]},{"@type":"Organization","@id":"https:\/\/www.immo-invest.ch\/fr\/#organization","name":"immo!nvest - Die Plattform f\u00fcr Standorte und Immobilien","description":"Die\u00a0Plattform f\u00fcr Standorte und Immobilien","url":"https:\/\/www.immo-invest.ch\/fr\/","email":"admin@immomedia.ag","telephone":"+41444420002","logo":{"@type":"ImageObject","url":"https:\/\/www.immo-invest.ch\/wp-content\/uploads\/2024\/09\/immoinvest_sm-scaled.jpg","@id":"https:\/\/www.immo-invest.ch\/fr\/nussbaumens-wohntuerme-stecken-tiefer-fest\/#organizationLogo","width":2560,"height":1340},"image":{"@id":"https:\/\/www.immo-invest.ch\/fr\/nussbaumens-wohntuerme-stecken-tiefer-fest\/#organizationLogo"},"sameAs":["https:\/\/www.facebook.com\/people\/Immoinvest\/100077962920504\/","https:\/\/x.com\/i\/flow\/login?redirect_after_login=immoinvest_ch","https:\/\/www.instagram.com\/immoinvest_ch\/","https:\/\/www.linkedin.com\/company\/immoinvest-swiss"]},{"@type":"Person","@id":"https:\/\/www.immo-invest.ch\/fr\/author\/immovestuser\/#author","url":"https:\/\/www.immo-invest.ch\/fr\/author\/immovestuser\/","name":"immovestuser","image":{"@type":"ImageObject","@id":"https:\/\/www.immo-invest.ch\/fr\/nussbaumens-wohntuerme-stecken-tiefer-fest\/#authorImage","url":"https:\/\/secure.gravatar.com\/avatar\/8e01f4d99f2eeea7a362ebb93305e1172a70e9293ba250f897a65c39f54cdd1e?s=96&d=mm&r=g","width":96,"height":96,"caption":"immovestuser"}},{"@type":"WebPage","@id":"https:\/\/www.immo-invest.ch\/fr\/nussbaumens-wohntuerme-stecken-tiefer-fest\/#webpage","url":"https:\/\/www.immo-invest.ch\/fr\/nussbaumens-wohntuerme-stecken-tiefer-fest\/","name":"Les tours d\u2019habitation de Nussbaum sont encore plus enlis\u00e9es - immo!nvest - Die Plattform f\u00fcr Standorte und Immobilien","description":"Dans le cadre du projet \u00ab Markthof Schild Ost \u00bb \u00e0 Nussbaumen, pr\u00e8s de Baden, le d\u00e9but des travaux, initialement pr\u00e9vu pour le printemps 2026, est \u00e0 nouveau report\u00e9. La proc\u00e9dure d'autorisation en cours ayant rendu n\u00e9cessaire la cr\u00e9ation d'un deuxi\u00e8me sous-sol, le parking souterrain passe de 48 \u00e0 70 places.","inLanguage":"fr-FR","isPartOf":{"@id":"https:\/\/www.immo-invest.ch\/fr\/#website"},"breadcrumb":{"@id":"https:\/\/www.immo-invest.ch\/fr\/nussbaumens-wohntuerme-stecken-tiefer-fest\/#breadcrumblist"},"author":{"@id":"https:\/\/www.immo-invest.ch\/fr\/author\/immovestuser\/#author"},"creator":{"@id":"https:\/\/www.immo-invest.ch\/fr\/author\/immovestuser\/#author"},"image":{"@type":"ImageObject","url":"https:\/\/www.immo-invest.ch\/wp-content\/uploads\/2026\/08\/Nussbaumens-Wohntuerme-stecken-tiefer-fest-immo-invest.png","@id":"https:\/\/www.immo-invest.ch\/fr\/nussbaumens-wohntuerme-stecken-tiefer-fest\/#mainImage","width":1536,"height":768},"primaryImageOfPage":{"@id":"https:\/\/www.immo-invest.ch\/fr\/nussbaumens-wohntuerme-stecken-tiefer-fest\/#mainImage"},"datePublished":"2026-08-29T15:00:00+02:00","dateModified":"2026-08-27T13:49:04+02:00"},{"@type":"WebSite","@id":"https:\/\/www.immo-invest.ch\/fr\/#website","url":"https:\/\/www.immo-invest.ch\/fr\/","name":"immo!nvest - Die Plattform f\u00fcr Standorte und Immobilien","description":"Die\u00a0Plattform f\u00fcr Standorte und Immobilien","inLanguage":"fr-FR","publisher":{"@id":"https:\/\/www.immo-invest.ch\/fr\/#organization"}}]},"og:locale":"fr_FR","og:site_name":"immo!nvest - Die Plattform f\u00fcr Standorte und Immobilien - Die\u00a0Plattform f\u00fcr Standorte und Immobilien","og:type":"article","og:title":"Les tours d\u2019habitation de Nussbaum sont encore plus enlis\u00e9es - immo!nvest - Die Plattform f\u00fcr Standorte und Immobilien","og:description":"Dans le cadre du projet \u00ab Markthof Schild Ost \u00bb \u00e0 Nussbaumen, pr\u00e8s de Baden, le d\u00e9but des travaux, initialement pr\u00e9vu pour le printemps 2026, est \u00e0 nouveau report\u00e9. La proc\u00e9dure d'autorisation en cours ayant rendu n\u00e9cessaire la cr\u00e9ation d'un deuxi\u00e8me sous-sol, le parking souterrain passe de 48 \u00e0 70 places.","og:url":"https:\/\/www.immo-invest.ch\/fr\/nussbaumens-wohntuerme-stecken-tiefer-fest\/","og:image":"https:\/\/www.immo-invest.ch\/wp-content\/uploads\/2026\/08\/Nussbaumens-Wohntuerme-stecken-tiefer-fest-immo-invest.png","og:image:secure_url":"https:\/\/www.immo-invest.ch\/wp-content\/uploads\/2026\/08\/Nussbaumens-Wohntuerme-stecken-tiefer-fest-immo-invest.png","og:image:width":1536,"og:image:height":768,"article:published_time":"2026-08-29T13:00:00+00:00","article:modified_time":"2026-08-27T11:49:04+00:00","article:publisher":"https:\/\/www.facebook.com\/people\/Immoinvest\/100077962920504\/","twitter:card":"summary_large_image","twitter:site":"@i","twitter:title":"Les tours d\u2019habitation de Nussbaum sont encore plus enlis\u00e9es - immo!nvest - Die Plattform f\u00fcr Standorte und Immobilien","twitter:description":"Dans le cadre du projet \u00ab Markthof Schild Ost \u00bb \u00e0 Nussbaumen, pr\u00e8s de Baden, le d\u00e9but des travaux, initialement pr\u00e9vu pour le printemps 2026, est \u00e0 nouveau report\u00e9. La proc\u00e9dure d'autorisation en cours ayant rendu n\u00e9cessaire la cr\u00e9ation d'un deuxi\u00e8me sous-sol, le parking souterrain passe de 48 \u00e0 70 places.","twitter:creator":"@i","twitter:image":"https:\/\/www.immo-invest.ch\/wp-content\/uploads\/2026\/08\/Nussbaumens-Wohntuerme-stecken-tiefer-fest-immo-invest.png"},"aioseo_meta_data":{"post_id":"163842","title":null,"description":null,"keywords":null,"keyphrases":{"focus":{"keyphrase":"","score":0,"analysis":{"keyphraseInTitle":{"score":0,"maxScore":9,"error":1}}},"additional":[]},"primary_term":null,"canonical_url":null,"og_title":null,"og_description":null,"og_object_type":"default","og_image_type":"default","og_image_url":null,"og_image_width":null,"og_image_height":null,"og_image_custom_url":null,"og_image_custom_fields":null,"og_video":"","og_custom_url":null,"og_article_section":null,"og_article_tags":null,"twitter_use_og":false,"twitter_card":"default","twitter_image_type":"default","twitter_image_url":null,"twitter_image_custom_url":null,"twitter_image_custom_fields":null,"twitter_title":null,"twitter_description":null,"schema":{"blockGraphs":[],"customGraphs":[],"default":{"data":{"Article":[],"Course":[],"Dataset":[],"FAQPage":[],"Movie":[],"Person":[],"Product":[],"ProductReview":[],"Car":[],"Recipe":[],"Service":[],"SoftwareApplication":[],"WebPage":[]},"graphName":"BlogPosting","isEnabled":true},"graphs":[]},"schema_type":"default","schema_type_options":null,"pillar_content":false,"robots_default":true,"robots_noindex":false,"robots_noarchive":false,"robots_nosnippet":false,"robots_nofollow":false,"robots_noimageindex":false,"robots_noodp":false,"robots_notranslate":false,"robots_max_snippet":"-1","robots_max_videopreview":"-1","robots_max_imagepreview":"large","priority":null,"frequency":"default","local_seo":null,"breadcrumb_settings":null,"limit_modified_date":false,"ai":{"faqs":[],"keyPoints":[],"schemas":[],"titles":[],"descriptions":[],"socialPosts":{"email":{"subject":"","preview":"","content":""},"linkedin":[],"twitter":[],"facebook":[],"instagram":[]}},"created":"2026-08-27 11:49:04","updated":"2026-08-29 21:40:05","seo_analyzer_scan_date":null,"focus_keyword":null,"additional_keywords":null,"truseo_locale":null},"aioseo_breadcrumb":"<div class=\"aioseo-breadcrumbs\"><span class=\"aioseo-breadcrumb\">\n\t\t\t<a href=\"https:\/\/www.immo-invest.ch\/fr\/\" title=\"Home\">Home<\/a>\n\t\t<\/span><span class=\"aioseo-breadcrumb-separator\">&raquo;<\/span><span class=\"aioseo-breadcrumb\">\n\t\t\t<a href=\"https:\/\/www.immo-invest.ch\/fr\/categories\/regions\/\" title=\"R\u00e9gions\">R\u00e9gions<\/a>\n\t\t<\/span><span class=\"aioseo-breadcrumb-separator\">&raquo;<\/span><span class=\"aioseo-breadcrumb\">\n\t\t\t<a href=\"https:\/\/www.immo-invest.ch\/fr\/categories\/regions\/suisse\/\" title=\"Suisse\">Suisse<\/a>\n\t\t<\/span><span class=\"aioseo-breadcrumb-separator\">&raquo;<\/span><span class=\"aioseo-breadcrumb\">\n\t\t\t<a href=\"https:\/\/www.immo-invest.ch\/fr\/categories\/regions\/suisse\/suisse-du-nord-ouest\/\" title=\"Suisse du Nord-Ouest\">Suisse du Nord-Ouest<\/a>\n\t\t<\/span><span class=\"aioseo-breadcrumb-separator\">&raquo;<\/span><span class=\"aioseo-breadcrumb\">\n\t\t\t<a href=\"https:\/\/www.immo-invest.ch\/fr\/categories\/regions\/suisse\/suisse-du-nord-ouest\/region-aarau\/\" title=\"Aargau\">Aargau<\/a>\n\t\t<\/span><span class=\"aioseo-breadcrumb-separator\">&raquo;<\/span><span class=\"aioseo-breadcrumb\">\n\t\t\t<a href=\"https:\/\/www.immo-invest.ch\/fr\/categories\/regions\/suisse\/suisse-du-nord-ouest\/region-aarau\/baden-fr\/\" title=\"Baden\">Baden<\/a>\n\t\t<\/span><span class=\"aioseo-breadcrumb-separator\">&raquo;<\/span><span class=\"aioseo-breadcrumb\">\n\t\t\tLes tours d\u2019habitation de Nussbaum sont encore plus enlis\u00e9es\n\t\t<\/span><\/div>","aioseo_breadcrumb_json":[{"label":"Home","link":"https:\/\/www.immo-invest.ch\/fr\/"},{"label":"R\u00e9gions","link":"https:\/\/www.immo-invest.ch\/fr\/categories\/regions\/"},{"label":"Suisse","link":"https:\/\/www.immo-invest.ch\/fr\/categories\/regions\/suisse\/"},{"label":"Suisse du Nord-Ouest","link":"https:\/\/www.immo-invest.ch\/fr\/categories\/regions\/suisse\/suisse-du-nord-ouest\/"},{"label":"Aargau","link":"https:\/\/www.immo-invest.ch\/fr\/categories\/regions\/suisse\/suisse-du-nord-ouest\/region-aarau\/"},{"label":"Baden","link":"https:\/\/www.immo-invest.ch\/fr\/categories\/regions\/suisse\/suisse-du-nord-ouest\/region-aarau\/baden-fr\/"},{"label":"Les tours d&rsquo;habitation de Nussbaum sont encore plus enlis\u00e9es","link":"https:\/\/www.immo-invest.ch\/fr\/nussbaumens-wohntuerme-stecken-tiefer-fest\/"}],"featured_image_src":"https:\/\/www.immo-invest.ch\/wp-content\/uploads\/2026\/08\/Nussbaumens-Wohntuerme-stecken-tiefer-fest-immo-invest-336x168.png","_links":{"self":[{"href":"https:\/\/www.immo-invest.ch\/fr\/wp-json\/wp\/v2\/posts\/163842","targetHints":{"allow":["GET"]}}],"collection":[{"href":"https:\/\/www.immo-invest.ch\/fr\/wp-json\/wp\/v2\/posts"}],"about":[{"href":"https:\/\/www.immo-invest.ch\/fr\/wp-json\/wp\/v2\/types\/post"}],"author":[{"embeddable":true,"href":"https:\/\/www.immo-invest.ch\/fr\/wp-json\/wp\/v2\/users\/2"}],"replies":[{"embeddable":true,"href":"https:\/\/www.immo-invest.ch\/fr\/wp-json\/wp\/v2\/comments?post=163842"}],"version-history":[{"count":3,"href":"https:\/\/www.immo-invest.ch\/fr\/wp-json\/wp\/v2\/posts\/163842\/revisions"}],"predecessor-version":[{"id":163850,"href":"https:\/\/www.immo-invest.ch\/fr\/wp-json\/wp\/v2\/posts\/163842\/revisions\/163850"}],"wp:featuredmedia":[{"embeddable":true,"href":"https:\/\/www.immo-invest.ch\/fr\/wp-json\/wp\/v2\/media\/163843"}],"wp:attachment":[{"href":"https:\/\/www.immo-invest.ch\/fr\/wp-json\/wp\/v2\/media?parent=163842"}],"wp:term":[{"taxonomy":"category","embeddable":true,"href":"https:\/\/www.immo-invest.ch\/fr\/wp-json\/wp\/v2\/categories?post=163842"},{"taxonomy":"post_tag","embeddable":true,"href":"https:\/\/www.immo-invest.ch\/fr\/wp-json\/wp\/v2\/tags?post=163842"}],"curies":[{"name":"wp","href":"https:\/\/api.w.org\/{rel}","templated":true}]}}