{"id":163824,"date":"2026-08-29T11:00:00","date_gmt":"2026-08-29T09:00:00","guid":{"rendered":"https:\/\/www.immo-invest.ch\/?p=163824"},"modified":"2026-08-27T13:41:39","modified_gmt":"2026-08-27T11:41:39","slug":"wohnquartier-am-bahnhof-rueckt-einen-schritt-naeher","status":"publish","type":"post","link":"https:\/\/www.immo-invest.ch\/fr\/wohnquartier-am-bahnhof-rueckt-einen-schritt-naeher\/","title":{"rendered":"Le projet de quartier r\u00e9sidentiel pr\u00e8s de la gare fait un pas de plus vers sa concr\u00e9tisation"},"content":{"rendered":"<p class=\"wp-block-paragraph\">Ce changement de propri&eacute;taire donne un nouvel &eacute;lan au d&eacute;veloppement du site situ&eacute; &agrave; proximit&eacute; imm&eacute;diate de la gare de Hitzkirch\/Ermensee. Le projet pr&eacute;voit la construction, par &eacute;tapes, d&rsquo;un <span class=\"glossaryLink\" aria-describedby=\"tt\" data-cmtooltip=\"&lt;div class=glossaryItemTitle&gt;Quartier&lt;\/div&gt;&lt;div class=glossaryItemBody&gt;Amtliches, historisches, soziales oder stadtplanerisches Stadtviertel&lt;\/div&gt;\" data-mobile-support=\"0\" data-gt-translate-attributes='[{\"attribute\":\"data-cmtooltip\", \"format\":\"html\"}]' tabindex=\"0\" role=\"link\">quartier<\/span> comprenant environ 275 appartements locatifs et en copropri&eacute;t&eacute;, ainsi que des surfaces commerciales compl&eacute;mentaires, sur une superficie d&rsquo;environ 36 600 m&egrave;tres carr&eacute;s.<\/p>\n\n\n\n<p class=\"wp-block-paragraph\">Les bases d&rsquo;am&eacute;nagement sont d&eacute;j&agrave; en place. Dans le calendrier des d&eacute;cisions de construction de la commune de Hitzkirch, la d&eacute;cision d&rsquo;approbation du plan d&rsquo;am&eacute;nagement &laquo; Granador-Areal &raquo; est pr&eacute;vue pour mars 2026. Parall&egrave;lement, les documents relatifs &agrave; la r&eacute;vision en cours du plan d&rsquo;am&eacute;nagement local montrent que les communes de Hitzkirch et d&rsquo;Ermensee adaptent techniquement leurs plans de zone &agrave; une modification de limite qui entrera en vigueur d&egrave;s 2022, afin de garantir la possibilit&eacute; future de construction sur ce p&eacute;rim&egrave;tre intercommunal.<\/p>\n\n\n\n<p class=\"wp-block-paragraph\"><strong>D&rsquo;une zone industrielle &agrave; un site<br><\/strong>La soci&eacute;t&eacute; Sayano Family Office AG, de Zoug, qui d&eacute;tenait ce terrain &agrave; d&eacute;velopper depuis 2018, en est la vendeuse. C&rsquo;est d&eacute;sormais Fortimo Invest AG, de Saint-Gall, qui en devient propri&eacute;taire. Selon les informations rendues publiques concernant la transaction, la vente porte sur un terrain d&rsquo;environ 31 000 m&egrave;tres carr&eacute;s destin&eacute; &agrave; un usage r&eacute;sidentiel et commercial, ainsi que sur un terrain commercial adjacent de plus de 5 600 m&egrave;tres carr&eacute;s.<\/p>\n\n\n\n<p class=\"wp-block-paragraph\">Pour ce site, il s&rsquo;agit de bien plus qu&rsquo;un simple changement de propri&eacute;taire. L&rsquo;ancienne zone industrielle situ&eacute;e &agrave; c&ocirc;t&eacute; de la gare n&rsquo;&eacute;tait exploit&eacute;e que partiellement depuis des ann&eacute;es. Gr&acirc;ce &agrave; cette vente, la r&eacute;alisation d&rsquo;un nouveau <span class=\"glossaryLink\" aria-describedby=\"tt\" data-cmtooltip=\"&lt;div class=glossaryItemTitle&gt;Quartier&lt;\/div&gt;&lt;div class=glossaryItemBody&gt;Amtliches, historisches, soziales oder stadtplanerisches Stadtviertel&lt;\/div&gt;\" data-mobile-support=\"0\" data-gt-translate-attributes='[{\"attribute\":\"data-cmtooltip\", \"format\":\"html\"}]' tabindex=\"0\" role=\"link\">quartier<\/span> r&eacute;sidentiel est d&eacute;sormais &agrave; port&eacute;e de main, apr&egrave;s une longue phase de pr&eacute;paration des bases juridiques en mati&egrave;re d&rsquo;urbanisme.<\/p>\n\n\n\n<p class=\"wp-block-paragraph\"><strong>D&eacute;p&ocirc;t du dossier de permis de construire pr&eacute;vu en 2027<br><\/strong>La nouvelle propri&eacute;taire souhaite d&eacute;sormais axer les travaux &agrave; venir sur la concr&eacute;tisation du projet et la pr&eacute;paration du dossier de permis de construire. Le fait que cette &eacute;tape doive avoir lieu d&egrave;s 2027 est particuli&egrave;rement important, car cela permettra de transformer une zone de d&eacute;veloppement longtemps en friche en un projet de construction concret destin&eacute; au march&eacute; du logement lucernois. Reste &agrave; savoir &agrave; quel rythme les diff&eacute;rentes &eacute;tapes seront mises en &oelig;uvre par la suite et quelle sera, au final, l&rsquo;importance accord&eacute;e aux utilisations commerciales compl&eacute;mentaires dans le <span class=\"glossaryLink\" aria-describedby=\"tt\" data-cmtooltip=\"&lt;div class=glossaryItemTitle&gt;Quartier&lt;\/div&gt;&lt;div class=glossaryItemBody&gt;Amtliches, historisches, soziales oder stadtplanerisches Stadtviertel&lt;\/div&gt;\" data-mobile-support=\"0\" data-gt-translate-attributes='[{\"attribute\":\"data-cmtooltip\", \"format\":\"html\"}]' tabindex=\"0\" role=\"link\">quartier<\/span>.<\/p>\n","protected":false},"excerpt":{"rendered":"<p>Le site de Granador, situ\u00e9 pr\u00e8s de Hitzkirch et d\u2019Ermensee, change de propri\u00e9taire, ce qui redonne un nouvel \u00e9lan \u00e0 une zone de d\u00e9veloppement bloqu\u00e9e depuis des ann\u00e9es. Conform\u00e9ment au plan d&rsquo;am\u00e9nagement approuv\u00e9 en mars 2026, la nouvelle propri\u00e9taire pr\u00e9voit de d\u00e9poser la demande de permis de construire pour environ 275 logements d\u00e8s 2027.<\/p>\n","protected":false},"author":2,"featured_media":163825,"comment_status":"open","ping_status":"open","sticky":false,"template":"","format":"standard","meta":{"pmpro_default_level":"","inline_featured_image":false,"_monsterinsights_skip_tracking":false,"footnotes":""},"categories":[9437,9824,56027,55991,56003,55970],"tags":[1242,61492,11896,61493,61494,872,3931,2002,21686],"class_list":["post-163824","post","type-post","status-publish","format-standard","has-post-thumbnail","hentry","category-region-lucerne","category-nouvelle-construction","category-planification-developpement","category-quartiers-zones","category-residentiel","category-transactions-deals","tag-arealentwicklung-fr","tag-ermensee","tag-gestaltungsplan-fr","tag-granador-areal","tag-hitzkirch","tag-immoinvest-fr","tag-immonews-fr","tag-news-fr","tag-wohnungsbau-fr","pmpro-has-access"],"acf":{"bild_mit_ki_erstellt_worden":["Ja"],"lead":"Le site de Granador, situ\u00e9 pr\u00e8s de Hitzkirch et d\u2019Ermensee, change de propri\u00e9taire, ce qui redonne un nouvel \u00e9lan \u00e0 une zone de d\u00e9veloppement bloqu\u00e9e depuis des ann\u00e9es. Conform\u00e9ment au plan d'am\u00e9nagement approuv\u00e9 en mars 2026, la nouvelle propri\u00e9taire pr\u00e9voit de d\u00e9poser la demande de permis de construire pour environ 275 logements d\u00e8s 2027.","autor":"","ort":"","bildunterschrift":"","bild_im_grid":false,"gallerie":"","newsim":"3826"},"aioseo_notices":[],"aioseo_head":"\n\t\t<!-- All in One SEO 5.0.0.1 - aioseo.com -->\n\t<meta name=\"description\" content=\"Le site de Granador, situ\u00e9 pr\u00e8s de Hitzkirch et d\u2019Ermensee, change de propri\u00e9taire, ce qui redonne un nouvel \u00e9lan \u00e0 une zone de d\u00e9veloppement bloqu\u00e9e depuis des ann\u00e9es. Conform\u00e9ment au plan d&#039;am\u00e9nagement approuv\u00e9 en mars 2026, la nouvelle propri\u00e9taire pr\u00e9voit de d\u00e9poser la demande de permis de construire pour environ 275 logements d\u00e8s 2027.\" \/>\n\t<meta name=\"robots\" content=\"max-image-preview:large\" \/>\n\t<meta name=\"author\" content=\"immovestuser\"\/>\n\t<meta name=\"google-site-verification\" content=\"fHJKvgWpZCR2zVBHWfkQeFXC11qieUSff0HGNYfuyLA\" \/>\n\t<link rel=\"canonical\" href=\"https:\/\/www.immo-invest.ch\/fr\/wohnquartier-am-bahnhof-rueckt-einen-schritt-naeher\/\" \/>\n\t<meta name=\"generator\" content=\"All in One SEO (AIOSEO) 5.0.0.1\" \/>\n\t\t<meta property=\"og:locale\" content=\"fr_FR\" \/>\n\t\t<meta property=\"og:site_name\" content=\"immo!nvest - Die Plattform f\u00fcr Standorte und Immobilien - Die\u00a0Plattform f\u00fcr Standorte und Immobilien\" \/>\n\t\t<meta property=\"og:type\" content=\"article\" \/>\n\t\t<meta property=\"og:title\" content=\"Le projet de quartier r\u00e9sidentiel pr\u00e8s de la gare fait un pas de plus vers sa concr\u00e9tisation - immo!nvest - Die Plattform f\u00fcr Standorte und Immobilien\" \/>\n\t\t<meta property=\"og:description\" content=\"Le site de Granador, situ\u00e9 pr\u00e8s de Hitzkirch et d\u2019Ermensee, change de propri\u00e9taire, ce qui redonne un nouvel \u00e9lan \u00e0 une zone de d\u00e9veloppement bloqu\u00e9e depuis des ann\u00e9es. Conform\u00e9ment au plan d&#039;am\u00e9nagement approuv\u00e9 en mars 2026, la nouvelle propri\u00e9taire pr\u00e9voit de d\u00e9poser la demande de permis de construire pour environ 275 logements d\u00e8s 2027.\" \/>\n\t\t<meta property=\"og:url\" content=\"https:\/\/www.immo-invest.ch\/fr\/wohnquartier-am-bahnhof-rueckt-einen-schritt-naeher\/\" \/>\n\t\t<meta property=\"og:image\" content=\"https:\/\/www.immo-invest.ch\/wp-content\/uploads\/2026\/08\/Wohnquartier-am-Bahnhof-rueckt-einen-Schritt-naeher-immo-invest.png\" \/>\n\t\t<meta property=\"og:image:secure_url\" content=\"https:\/\/www.immo-invest.ch\/wp-content\/uploads\/2026\/08\/Wohnquartier-am-Bahnhof-rueckt-einen-Schritt-naeher-immo-invest.png\" \/>\n\t\t<meta property=\"og:image:width\" content=\"1536\" \/>\n\t\t<meta property=\"og:image:height\" content=\"768\" \/>\n\t\t<meta property=\"article:published_time\" content=\"2026-08-29T09:00:00+00:00\" \/>\n\t\t<meta property=\"article:modified_time\" content=\"2026-08-27T11:41:39+00:00\" \/>\n\t\t<meta property=\"article:publisher\" content=\"https:\/\/www.facebook.com\/people\/Immoinvest\/100077962920504\/\" \/>\n\t\t<meta name=\"twitter:card\" content=\"summary_large_image\" \/>\n\t\t<meta name=\"twitter:site\" content=\"@i\" \/>\n\t\t<meta name=\"twitter:title\" content=\"Le projet de quartier r\u00e9sidentiel pr\u00e8s de la gare fait un pas de plus vers sa concr\u00e9tisation - immo!nvest - Die Plattform f\u00fcr Standorte und Immobilien\" \/>\n\t\t<meta name=\"twitter:description\" content=\"Le site de Granador, situ\u00e9 pr\u00e8s de Hitzkirch et d\u2019Ermensee, change de propri\u00e9taire, ce qui redonne un nouvel \u00e9lan \u00e0 une zone de d\u00e9veloppement bloqu\u00e9e depuis des ann\u00e9es. Conform\u00e9ment au plan d&#039;am\u00e9nagement approuv\u00e9 en mars 2026, la nouvelle propri\u00e9taire pr\u00e9voit de d\u00e9poser la demande de permis de construire pour environ 275 logements d\u00e8s 2027.\" \/>\n\t\t<meta name=\"twitter:creator\" content=\"@i\" \/>\n\t\t<meta name=\"twitter:image\" content=\"https:\/\/www.immo-invest.ch\/wp-content\/uploads\/2026\/08\/Wohnquartier-am-Bahnhof-rueckt-einen-Schritt-naeher-immo-invest.png\" \/>\n\t\t<script type=\"application\/ld+json\" class=\"aioseo-schema\">\n\t\t\t{\"@context\":\"https:\\\/\\\/schema.org\",\"@graph\":[{\"@type\":\"BlogPosting\",\"@id\":\"https:\\\/\\\/www.immo-invest.ch\\\/fr\\\/wohnquartier-am-bahnhof-rueckt-einen-schritt-naeher\\\/#blogposting\",\"name\":\"Le projet de quartier r\\u00e9sidentiel pr\\u00e8s de la gare fait un pas de plus vers sa concr\\u00e9tisation - immo!nvest - Die Plattform f\\u00fcr Standorte und Immobilien\",\"headline\":\"Le projet de quartier r\\u00e9sidentiel pr\\u00e8s de la gare fait un pas de plus vers sa concr\\u00e9tisation\",\"author\":{\"@id\":\"https:\\\/\\\/www.immo-invest.ch\\\/fr\\\/author\\\/immovestuser\\\/#author\"},\"publisher\":{\"@id\":\"https:\\\/\\\/www.immo-invest.ch\\\/fr\\\/#organization\"},\"image\":{\"@type\":\"ImageObject\",\"url\":\"https:\\\/\\\/www.immo-invest.ch\\\/wp-content\\\/uploads\\\/2026\\\/08\\\/Wohnquartier-am-Bahnhof-rueckt-einen-Schritt-naeher-immo-invest.png\",\"width\":1536,\"height\":768},\"datePublished\":\"2026-08-29T11:00:00+02:00\",\"dateModified\":\"2026-08-27T13:41:39+02:00\",\"inLanguage\":\"fr-FR\",\"mainEntityOfPage\":{\"@id\":\"https:\\\/\\\/www.immo-invest.ch\\\/fr\\\/wohnquartier-am-bahnhof-rueckt-einen-schritt-naeher\\\/#webpage\"},\"isPartOf\":{\"@id\":\"https:\\\/\\\/www.immo-invest.ch\\\/fr\\\/wohnquartier-am-bahnhof-rueckt-einen-schritt-naeher\\\/#webpage\"},\"articleSection\":\"Lucerne, Nouvelle construction, Planification \\\/ D\\u00e9veloppement, Quartiers \\\/ Zones, R\\u00e9sidentiel, Transactions \\\/ Deals, Arealentwicklung, Ermensee, Gestaltungsplan, Granador-Areal, Hitzkirch, Immoinvest, immoNews, News, Wohnungsbau, Facultatif\"},{\"@type\":\"BreadcrumbList\",\"@id\":\"https:\\\/\\\/www.immo-invest.ch\\\/fr\\\/wohnquartier-am-bahnhof-rueckt-einen-schritt-naeher\\\/#breadcrumblist\",\"itemListElement\":[{\"@type\":\"ListItem\",\"@id\":\"https:\\\/\\\/www.immo-invest.ch\\\/fr\\\/#listItem\",\"position\":1,\"name\":\"Home\",\"item\":\"https:\\\/\\\/www.immo-invest.ch\\\/fr\\\/\",\"nextItem\":{\"@type\":\"ListItem\",\"@id\":\"https:\\\/\\\/www.immo-invest.ch\\\/fr\\\/categories\\\/regions\\\/#listItem\",\"name\":\"R\\u00e9gions\"}},{\"@type\":\"ListItem\",\"@id\":\"https:\\\/\\\/www.immo-invest.ch\\\/fr\\\/categories\\\/regions\\\/#listItem\",\"position\":2,\"name\":\"R\\u00e9gions\",\"item\":\"https:\\\/\\\/www.immo-invest.ch\\\/fr\\\/categories\\\/regions\\\/\",\"nextItem\":{\"@type\":\"ListItem\",\"@id\":\"https:\\\/\\\/www.immo-invest.ch\\\/fr\\\/categories\\\/regions\\\/suisse\\\/#listItem\",\"name\":\"Suisse\"},\"previousItem\":{\"@type\":\"ListItem\",\"@id\":\"https:\\\/\\\/www.immo-invest.ch\\\/fr\\\/#listItem\",\"name\":\"Home\"}},{\"@type\":\"ListItem\",\"@id\":\"https:\\\/\\\/www.immo-invest.ch\\\/fr\\\/categories\\\/regions\\\/suisse\\\/#listItem\",\"position\":3,\"name\":\"Suisse\",\"item\":\"https:\\\/\\\/www.immo-invest.ch\\\/fr\\\/categories\\\/regions\\\/suisse\\\/\",\"nextItem\":{\"@type\":\"ListItem\",\"@id\":\"https:\\\/\\\/www.immo-invest.ch\\\/fr\\\/categories\\\/regions\\\/suisse\\\/region-zentralschweiz\\\/#listItem\",\"name\":\"Zentralschweiz\"},\"previousItem\":{\"@type\":\"ListItem\",\"@id\":\"https:\\\/\\\/www.immo-invest.ch\\\/fr\\\/categories\\\/regions\\\/#listItem\",\"name\":\"R\\u00e9gions\"}},{\"@type\":\"ListItem\",\"@id\":\"https:\\\/\\\/www.immo-invest.ch\\\/fr\\\/categories\\\/regions\\\/suisse\\\/region-zentralschweiz\\\/#listItem\",\"position\":4,\"name\":\"Zentralschweiz\",\"item\":\"https:\\\/\\\/www.immo-invest.ch\\\/fr\\\/categories\\\/regions\\\/suisse\\\/region-zentralschweiz\\\/\",\"nextItem\":{\"@type\":\"ListItem\",\"@id\":\"https:\\\/\\\/www.immo-invest.ch\\\/fr\\\/categories\\\/regions\\\/suisse\\\/region-zentralschweiz\\\/region-lucerne\\\/#listItem\",\"name\":\"Lucerne\"},\"previousItem\":{\"@type\":\"ListItem\",\"@id\":\"https:\\\/\\\/www.immo-invest.ch\\\/fr\\\/categories\\\/regions\\\/suisse\\\/#listItem\",\"name\":\"Suisse\"}},{\"@type\":\"ListItem\",\"@id\":\"https:\\\/\\\/www.immo-invest.ch\\\/fr\\\/categories\\\/regions\\\/suisse\\\/region-zentralschweiz\\\/region-lucerne\\\/#listItem\",\"position\":5,\"name\":\"Lucerne\",\"item\":\"https:\\\/\\\/www.immo-invest.ch\\\/fr\\\/categories\\\/regions\\\/suisse\\\/region-zentralschweiz\\\/region-lucerne\\\/\",\"nextItem\":{\"@type\":\"ListItem\",\"@id\":\"https:\\\/\\\/www.immo-invest.ch\\\/fr\\\/wohnquartier-am-bahnhof-rueckt-einen-schritt-naeher\\\/#listItem\",\"name\":\"Le projet de quartier r\\u00e9sidentiel pr\\u00e8s de la gare fait un pas de plus vers sa concr\\u00e9tisation\"},\"previousItem\":{\"@type\":\"ListItem\",\"@id\":\"https:\\\/\\\/www.immo-invest.ch\\\/fr\\\/categories\\\/regions\\\/suisse\\\/region-zentralschweiz\\\/#listItem\",\"name\":\"Zentralschweiz\"}},{\"@type\":\"ListItem\",\"@id\":\"https:\\\/\\\/www.immo-invest.ch\\\/fr\\\/wohnquartier-am-bahnhof-rueckt-einen-schritt-naeher\\\/#listItem\",\"position\":6,\"name\":\"Le projet de quartier r\\u00e9sidentiel pr\\u00e8s de la gare fait un pas de plus vers sa concr\\u00e9tisation\",\"previousItem\":{\"@type\":\"ListItem\",\"@id\":\"https:\\\/\\\/www.immo-invest.ch\\\/fr\\\/categories\\\/regions\\\/suisse\\\/region-zentralschweiz\\\/region-lucerne\\\/#listItem\",\"name\":\"Lucerne\"}}]},{\"@type\":\"Organization\",\"@id\":\"https:\\\/\\\/www.immo-invest.ch\\\/fr\\\/#organization\",\"name\":\"immo!nvest - Die Plattform f\\u00fcr Standorte und Immobilien\",\"description\":\"Die\\u00a0Plattform f\\u00fcr Standorte und Immobilien\",\"url\":\"https:\\\/\\\/www.immo-invest.ch\\\/fr\\\/\",\"email\":\"admin@immomedia.ag\",\"telephone\":\"+41444420002\",\"logo\":{\"@type\":\"ImageObject\",\"url\":\"https:\\\/\\\/www.immo-invest.ch\\\/wp-content\\\/uploads\\\/2024\\\/09\\\/immoinvest_sm-scaled.jpg\",\"@id\":\"https:\\\/\\\/www.immo-invest.ch\\\/fr\\\/wohnquartier-am-bahnhof-rueckt-einen-schritt-naeher\\\/#organizationLogo\",\"width\":2560,\"height\":1340},\"image\":{\"@id\":\"https:\\\/\\\/www.immo-invest.ch\\\/fr\\\/wohnquartier-am-bahnhof-rueckt-einen-schritt-naeher\\\/#organizationLogo\"},\"sameAs\":[\"https:\\\/\\\/www.facebook.com\\\/people\\\/Immoinvest\\\/100077962920504\\\/\",\"https:\\\/\\\/x.com\\\/i\\\/flow\\\/login?redirect_after_login=immoinvest_ch\",\"https:\\\/\\\/www.instagram.com\\\/immoinvest_ch\\\/\",\"https:\\\/\\\/www.linkedin.com\\\/company\\\/immoinvest-swiss\"]},{\"@type\":\"Person\",\"@id\":\"https:\\\/\\\/www.immo-invest.ch\\\/fr\\\/author\\\/immovestuser\\\/#author\",\"url\":\"https:\\\/\\\/www.immo-invest.ch\\\/fr\\\/author\\\/immovestuser\\\/\",\"name\":\"immovestuser\",\"image\":{\"@type\":\"ImageObject\",\"@id\":\"https:\\\/\\\/www.immo-invest.ch\\\/fr\\\/wohnquartier-am-bahnhof-rueckt-einen-schritt-naeher\\\/#authorImage\",\"url\":\"https:\\\/\\\/secure.gravatar.com\\\/avatar\\\/8e01f4d99f2eeea7a362ebb93305e1172a70e9293ba250f897a65c39f54cdd1e?s=96&d=mm&r=g\",\"width\":96,\"height\":96,\"caption\":\"immovestuser\"}},{\"@type\":\"WebPage\",\"@id\":\"https:\\\/\\\/www.immo-invest.ch\\\/fr\\\/wohnquartier-am-bahnhof-rueckt-einen-schritt-naeher\\\/#webpage\",\"url\":\"https:\\\/\\\/www.immo-invest.ch\\\/fr\\\/wohnquartier-am-bahnhof-rueckt-einen-schritt-naeher\\\/\",\"name\":\"Le projet de quartier r\\u00e9sidentiel pr\\u00e8s de la gare fait un pas de plus vers sa concr\\u00e9tisation - immo!nvest - Die Plattform f\\u00fcr Standorte und Immobilien\",\"description\":\"Le site de Granador, situ\\u00e9 pr\\u00e8s de Hitzkirch et d\\u2019Ermensee, change de propri\\u00e9taire, ce qui redonne un nouvel \\u00e9lan \\u00e0 une zone de d\\u00e9veloppement bloqu\\u00e9e depuis des ann\\u00e9es. Conform\\u00e9ment au plan d'am\\u00e9nagement approuv\\u00e9 en mars 2026, la nouvelle propri\\u00e9taire pr\\u00e9voit de d\\u00e9poser la demande de permis de construire pour environ 275 logements d\\u00e8s 2027.\",\"inLanguage\":\"fr-FR\",\"isPartOf\":{\"@id\":\"https:\\\/\\\/www.immo-invest.ch\\\/fr\\\/#website\"},\"breadcrumb\":{\"@id\":\"https:\\\/\\\/www.immo-invest.ch\\\/fr\\\/wohnquartier-am-bahnhof-rueckt-einen-schritt-naeher\\\/#breadcrumblist\"},\"author\":{\"@id\":\"https:\\\/\\\/www.immo-invest.ch\\\/fr\\\/author\\\/immovestuser\\\/#author\"},\"creator\":{\"@id\":\"https:\\\/\\\/www.immo-invest.ch\\\/fr\\\/author\\\/immovestuser\\\/#author\"},\"image\":{\"@type\":\"ImageObject\",\"url\":\"https:\\\/\\\/www.immo-invest.ch\\\/wp-content\\\/uploads\\\/2026\\\/08\\\/Wohnquartier-am-Bahnhof-rueckt-einen-Schritt-naeher-immo-invest.png\",\"@id\":\"https:\\\/\\\/www.immo-invest.ch\\\/fr\\\/wohnquartier-am-bahnhof-rueckt-einen-schritt-naeher\\\/#mainImage\",\"width\":1536,\"height\":768},\"primaryImageOfPage\":{\"@id\":\"https:\\\/\\\/www.immo-invest.ch\\\/fr\\\/wohnquartier-am-bahnhof-rueckt-einen-schritt-naeher\\\/#mainImage\"},\"datePublished\":\"2026-08-29T11:00:00+02:00\",\"dateModified\":\"2026-08-27T13:41:39+02:00\"},{\"@type\":\"WebSite\",\"@id\":\"https:\\\/\\\/www.immo-invest.ch\\\/fr\\\/#website\",\"url\":\"https:\\\/\\\/www.immo-invest.ch\\\/fr\\\/\",\"name\":\"immo!nvest - Die Plattform f\\u00fcr Standorte und Immobilien\",\"description\":\"Die\\u00a0Plattform f\\u00fcr Standorte und Immobilien\",\"inLanguage\":\"fr-FR\",\"publisher\":{\"@id\":\"https:\\\/\\\/www.immo-invest.ch\\\/fr\\\/#organization\"}}]}\n\t\t<\/script>\n\t\t<!-- All in One SEO -->\n\n","aioseo_head_json":{"title":"Le projet de quartier r\u00e9sidentiel pr\u00e8s de la gare fait un pas de plus vers sa concr\u00e9tisation - immo!nvest - Die Plattform f\u00fcr Standorte und Immobilien","description":"Le site de Granador, situ\u00e9 pr\u00e8s de Hitzkirch et d\u2019Ermensee, change de propri\u00e9taire, ce qui redonne un nouvel \u00e9lan \u00e0 une zone de d\u00e9veloppement bloqu\u00e9e depuis des ann\u00e9es. Conform\u00e9ment au plan d'am\u00e9nagement approuv\u00e9 en mars 2026, la nouvelle propri\u00e9taire pr\u00e9voit de d\u00e9poser la demande de permis de construire pour environ 275 logements d\u00e8s 2027.","canonical_url":"https:\/\/www.immo-invest.ch\/fr\/wohnquartier-am-bahnhof-rueckt-einen-schritt-naeher\/","robots":"max-image-preview:large","keywords":"","webmasterTools":{"google-site-verification":"fHJKvgWpZCR2zVBHWfkQeFXC11qieUSff0HGNYfuyLA","miscellaneous":""},"schema":{"@context":"https:\/\/schema.org","@graph":[{"@type":"BlogPosting","@id":"https:\/\/www.immo-invest.ch\/fr\/wohnquartier-am-bahnhof-rueckt-einen-schritt-naeher\/#blogposting","name":"Le projet de quartier r\u00e9sidentiel pr\u00e8s de la gare fait un pas de plus vers sa concr\u00e9tisation - immo!nvest - Die Plattform f\u00fcr Standorte und Immobilien","headline":"Le projet de quartier r\u00e9sidentiel pr\u00e8s de la gare fait un pas de plus vers sa concr\u00e9tisation","author":{"@id":"https:\/\/www.immo-invest.ch\/fr\/author\/immovestuser\/#author"},"publisher":{"@id":"https:\/\/www.immo-invest.ch\/fr\/#organization"},"image":{"@type":"ImageObject","url":"https:\/\/www.immo-invest.ch\/wp-content\/uploads\/2026\/08\/Wohnquartier-am-Bahnhof-rueckt-einen-Schritt-naeher-immo-invest.png","width":1536,"height":768},"datePublished":"2026-08-29T11:00:00+02:00","dateModified":"2026-08-27T13:41:39+02:00","inLanguage":"fr-FR","mainEntityOfPage":{"@id":"https:\/\/www.immo-invest.ch\/fr\/wohnquartier-am-bahnhof-rueckt-einen-schritt-naeher\/#webpage"},"isPartOf":{"@id":"https:\/\/www.immo-invest.ch\/fr\/wohnquartier-am-bahnhof-rueckt-einen-schritt-naeher\/#webpage"},"articleSection":"Lucerne, Nouvelle construction, Planification \/ D\u00e9veloppement, Quartiers \/ Zones, R\u00e9sidentiel, Transactions \/ Deals, Arealentwicklung, Ermensee, Gestaltungsplan, Granador-Areal, Hitzkirch, Immoinvest, immoNews, News, Wohnungsbau, Facultatif"},{"@type":"BreadcrumbList","@id":"https:\/\/www.immo-invest.ch\/fr\/wohnquartier-am-bahnhof-rueckt-einen-schritt-naeher\/#breadcrumblist","itemListElement":[{"@type":"ListItem","@id":"https:\/\/www.immo-invest.ch\/fr\/#listItem","position":1,"name":"Home","item":"https:\/\/www.immo-invest.ch\/fr\/","nextItem":{"@type":"ListItem","@id":"https:\/\/www.immo-invest.ch\/fr\/categories\/regions\/#listItem","name":"R\u00e9gions"}},{"@type":"ListItem","@id":"https:\/\/www.immo-invest.ch\/fr\/categories\/regions\/#listItem","position":2,"name":"R\u00e9gions","item":"https:\/\/www.immo-invest.ch\/fr\/categories\/regions\/","nextItem":{"@type":"ListItem","@id":"https:\/\/www.immo-invest.ch\/fr\/categories\/regions\/suisse\/#listItem","name":"Suisse"},"previousItem":{"@type":"ListItem","@id":"https:\/\/www.immo-invest.ch\/fr\/#listItem","name":"Home"}},{"@type":"ListItem","@id":"https:\/\/www.immo-invest.ch\/fr\/categories\/regions\/suisse\/#listItem","position":3,"name":"Suisse","item":"https:\/\/www.immo-invest.ch\/fr\/categories\/regions\/suisse\/","nextItem":{"@type":"ListItem","@id":"https:\/\/www.immo-invest.ch\/fr\/categories\/regions\/suisse\/region-zentralschweiz\/#listItem","name":"Zentralschweiz"},"previousItem":{"@type":"ListItem","@id":"https:\/\/www.immo-invest.ch\/fr\/categories\/regions\/#listItem","name":"R\u00e9gions"}},{"@type":"ListItem","@id":"https:\/\/www.immo-invest.ch\/fr\/categories\/regions\/suisse\/region-zentralschweiz\/#listItem","position":4,"name":"Zentralschweiz","item":"https:\/\/www.immo-invest.ch\/fr\/categories\/regions\/suisse\/region-zentralschweiz\/","nextItem":{"@type":"ListItem","@id":"https:\/\/www.immo-invest.ch\/fr\/categories\/regions\/suisse\/region-zentralschweiz\/region-lucerne\/#listItem","name":"Lucerne"},"previousItem":{"@type":"ListItem","@id":"https:\/\/www.immo-invest.ch\/fr\/categories\/regions\/suisse\/#listItem","name":"Suisse"}},{"@type":"ListItem","@id":"https:\/\/www.immo-invest.ch\/fr\/categories\/regions\/suisse\/region-zentralschweiz\/region-lucerne\/#listItem","position":5,"name":"Lucerne","item":"https:\/\/www.immo-invest.ch\/fr\/categories\/regions\/suisse\/region-zentralschweiz\/region-lucerne\/","nextItem":{"@type":"ListItem","@id":"https:\/\/www.immo-invest.ch\/fr\/wohnquartier-am-bahnhof-rueckt-einen-schritt-naeher\/#listItem","name":"Le projet de quartier r\u00e9sidentiel pr\u00e8s de la gare fait un pas de plus vers sa concr\u00e9tisation"},"previousItem":{"@type":"ListItem","@id":"https:\/\/www.immo-invest.ch\/fr\/categories\/regions\/suisse\/region-zentralschweiz\/#listItem","name":"Zentralschweiz"}},{"@type":"ListItem","@id":"https:\/\/www.immo-invest.ch\/fr\/wohnquartier-am-bahnhof-rueckt-einen-schritt-naeher\/#listItem","position":6,"name":"Le projet de quartier r\u00e9sidentiel pr\u00e8s de la gare fait un pas de plus vers sa concr\u00e9tisation","previousItem":{"@type":"ListItem","@id":"https:\/\/www.immo-invest.ch\/fr\/categories\/regions\/suisse\/region-zentralschweiz\/region-lucerne\/#listItem","name":"Lucerne"}}]},{"@type":"Organization","@id":"https:\/\/www.immo-invest.ch\/fr\/#organization","name":"immo!nvest - Die Plattform f\u00fcr Standorte und Immobilien","description":"Die\u00a0Plattform f\u00fcr Standorte und Immobilien","url":"https:\/\/www.immo-invest.ch\/fr\/","email":"admin@immomedia.ag","telephone":"+41444420002","logo":{"@type":"ImageObject","url":"https:\/\/www.immo-invest.ch\/wp-content\/uploads\/2024\/09\/immoinvest_sm-scaled.jpg","@id":"https:\/\/www.immo-invest.ch\/fr\/wohnquartier-am-bahnhof-rueckt-einen-schritt-naeher\/#organizationLogo","width":2560,"height":1340},"image":{"@id":"https:\/\/www.immo-invest.ch\/fr\/wohnquartier-am-bahnhof-rueckt-einen-schritt-naeher\/#organizationLogo"},"sameAs":["https:\/\/www.facebook.com\/people\/Immoinvest\/100077962920504\/","https:\/\/x.com\/i\/flow\/login?redirect_after_login=immoinvest_ch","https:\/\/www.instagram.com\/immoinvest_ch\/","https:\/\/www.linkedin.com\/company\/immoinvest-swiss"]},{"@type":"Person","@id":"https:\/\/www.immo-invest.ch\/fr\/author\/immovestuser\/#author","url":"https:\/\/www.immo-invest.ch\/fr\/author\/immovestuser\/","name":"immovestuser","image":{"@type":"ImageObject","@id":"https:\/\/www.immo-invest.ch\/fr\/wohnquartier-am-bahnhof-rueckt-einen-schritt-naeher\/#authorImage","url":"https:\/\/secure.gravatar.com\/avatar\/8e01f4d99f2eeea7a362ebb93305e1172a70e9293ba250f897a65c39f54cdd1e?s=96&d=mm&r=g","width":96,"height":96,"caption":"immovestuser"}},{"@type":"WebPage","@id":"https:\/\/www.immo-invest.ch\/fr\/wohnquartier-am-bahnhof-rueckt-einen-schritt-naeher\/#webpage","url":"https:\/\/www.immo-invest.ch\/fr\/wohnquartier-am-bahnhof-rueckt-einen-schritt-naeher\/","name":"Le projet de quartier r\u00e9sidentiel pr\u00e8s de la gare fait un pas de plus vers sa concr\u00e9tisation - immo!nvest - Die Plattform f\u00fcr Standorte und Immobilien","description":"Le site de Granador, situ\u00e9 pr\u00e8s de Hitzkirch et d\u2019Ermensee, change de propri\u00e9taire, ce qui redonne un nouvel \u00e9lan \u00e0 une zone de d\u00e9veloppement bloqu\u00e9e depuis des ann\u00e9es. Conform\u00e9ment au plan d'am\u00e9nagement approuv\u00e9 en mars 2026, la nouvelle propri\u00e9taire pr\u00e9voit de d\u00e9poser la demande de permis de construire pour environ 275 logements d\u00e8s 2027.","inLanguage":"fr-FR","isPartOf":{"@id":"https:\/\/www.immo-invest.ch\/fr\/#website"},"breadcrumb":{"@id":"https:\/\/www.immo-invest.ch\/fr\/wohnquartier-am-bahnhof-rueckt-einen-schritt-naeher\/#breadcrumblist"},"author":{"@id":"https:\/\/www.immo-invest.ch\/fr\/author\/immovestuser\/#author"},"creator":{"@id":"https:\/\/www.immo-invest.ch\/fr\/author\/immovestuser\/#author"},"image":{"@type":"ImageObject","url":"https:\/\/www.immo-invest.ch\/wp-content\/uploads\/2026\/08\/Wohnquartier-am-Bahnhof-rueckt-einen-Schritt-naeher-immo-invest.png","@id":"https:\/\/www.immo-invest.ch\/fr\/wohnquartier-am-bahnhof-rueckt-einen-schritt-naeher\/#mainImage","width":1536,"height":768},"primaryImageOfPage":{"@id":"https:\/\/www.immo-invest.ch\/fr\/wohnquartier-am-bahnhof-rueckt-einen-schritt-naeher\/#mainImage"},"datePublished":"2026-08-29T11:00:00+02:00","dateModified":"2026-08-27T13:41:39+02:00"},{"@type":"WebSite","@id":"https:\/\/www.immo-invest.ch\/fr\/#website","url":"https:\/\/www.immo-invest.ch\/fr\/","name":"immo!nvest - Die Plattform f\u00fcr Standorte und Immobilien","description":"Die\u00a0Plattform f\u00fcr Standorte und Immobilien","inLanguage":"fr-FR","publisher":{"@id":"https:\/\/www.immo-invest.ch\/fr\/#organization"}}]},"og:locale":"fr_FR","og:site_name":"immo!nvest - Die Plattform f\u00fcr Standorte und Immobilien - Die\u00a0Plattform f\u00fcr Standorte und Immobilien","og:type":"article","og:title":"Le projet de quartier r\u00e9sidentiel pr\u00e8s de la gare fait un pas de plus vers sa concr\u00e9tisation - immo!nvest - Die Plattform f\u00fcr Standorte und Immobilien","og:description":"Le site de Granador, situ\u00e9 pr\u00e8s de Hitzkirch et d\u2019Ermensee, change de propri\u00e9taire, ce qui redonne un nouvel \u00e9lan \u00e0 une zone de d\u00e9veloppement bloqu\u00e9e depuis des ann\u00e9es. Conform\u00e9ment au plan d'am\u00e9nagement approuv\u00e9 en mars 2026, la nouvelle propri\u00e9taire pr\u00e9voit de d\u00e9poser la demande de permis de construire pour environ 275 logements d\u00e8s 2027.","og:url":"https:\/\/www.immo-invest.ch\/fr\/wohnquartier-am-bahnhof-rueckt-einen-schritt-naeher\/","og:image":"https:\/\/www.immo-invest.ch\/wp-content\/uploads\/2026\/08\/Wohnquartier-am-Bahnhof-rueckt-einen-Schritt-naeher-immo-invest.png","og:image:secure_url":"https:\/\/www.immo-invest.ch\/wp-content\/uploads\/2026\/08\/Wohnquartier-am-Bahnhof-rueckt-einen-Schritt-naeher-immo-invest.png","og:image:width":1536,"og:image:height":768,"article:published_time":"2026-08-29T09:00:00+00:00","article:modified_time":"2026-08-27T11:41:39+00:00","article:publisher":"https:\/\/www.facebook.com\/people\/Immoinvest\/100077962920504\/","twitter:card":"summary_large_image","twitter:site":"@i","twitter:title":"Le projet de quartier r\u00e9sidentiel pr\u00e8s de la gare fait un pas de plus vers sa concr\u00e9tisation - immo!nvest - Die Plattform f\u00fcr Standorte und Immobilien","twitter:description":"Le site de Granador, situ\u00e9 pr\u00e8s de Hitzkirch et d\u2019Ermensee, change de propri\u00e9taire, ce qui redonne un nouvel \u00e9lan \u00e0 une zone de d\u00e9veloppement bloqu\u00e9e depuis des ann\u00e9es. Conform\u00e9ment au plan d'am\u00e9nagement approuv\u00e9 en mars 2026, la nouvelle propri\u00e9taire pr\u00e9voit de d\u00e9poser la demande de permis de construire pour environ 275 logements d\u00e8s 2027.","twitter:creator":"@i","twitter:image":"https:\/\/www.immo-invest.ch\/wp-content\/uploads\/2026\/08\/Wohnquartier-am-Bahnhof-rueckt-einen-Schritt-naeher-immo-invest.png"},"aioseo_meta_data":{"post_id":"163824","title":null,"description":null,"keywords":null,"keyphrases":{"focus":{"keyphrase":"","score":0,"analysis":{"keyphraseInTitle":{"score":0,"maxScore":9,"error":1}}},"additional":[]},"primary_term":null,"canonical_url":null,"og_title":null,"og_description":null,"og_object_type":"default","og_image_type":"default","og_image_url":null,"og_image_width":null,"og_image_height":null,"og_image_custom_url":null,"og_image_custom_fields":null,"og_video":"","og_custom_url":null,"og_article_section":null,"og_article_tags":null,"twitter_use_og":false,"twitter_card":"default","twitter_image_type":"default","twitter_image_url":null,"twitter_image_custom_url":null,"twitter_image_custom_fields":null,"twitter_title":null,"twitter_description":null,"schema":{"blockGraphs":[],"customGraphs":[],"default":{"data":{"Article":[],"Course":[],"Dataset":[],"FAQPage":[],"Movie":[],"Person":[],"Product":[],"ProductReview":[],"Car":[],"Recipe":[],"Service":[],"SoftwareApplication":[],"WebPage":[]},"graphName":"BlogPosting","isEnabled":true},"graphs":[]},"schema_type":"default","schema_type_options":null,"pillar_content":false,"robots_default":true,"robots_noindex":false,"robots_noarchive":false,"robots_nosnippet":false,"robots_nofollow":false,"robots_noimageindex":false,"robots_noodp":false,"robots_notranslate":false,"robots_max_snippet":"-1","robots_max_videopreview":"-1","robots_max_imagepreview":"large","priority":null,"frequency":"default","local_seo":null,"breadcrumb_settings":null,"limit_modified_date":false,"ai":{"faqs":[],"keyPoints":[],"schemas":[],"titles":[],"descriptions":[],"socialPosts":{"email":{"subject":"","preview":"","content":""},"linkedin":[],"twitter":[],"facebook":[],"instagram":[]}},"created":"2026-08-27 11:41:39","updated":"2026-08-29 21:40:05","seo_analyzer_scan_date":null,"focus_keyword":null,"additional_keywords":null,"truseo_locale":null},"aioseo_breadcrumb":"<div class=\"aioseo-breadcrumbs\"><span class=\"aioseo-breadcrumb\">\n\t\t\t<a href=\"https:\/\/www.immo-invest.ch\/fr\/\" title=\"Home\">Home<\/a>\n\t\t<\/span><span class=\"aioseo-breadcrumb-separator\">&raquo;<\/span><span class=\"aioseo-breadcrumb\">\n\t\t\t<a href=\"https:\/\/www.immo-invest.ch\/fr\/categories\/regions\/\" title=\"R\u00e9gions\">R\u00e9gions<\/a>\n\t\t<\/span><span class=\"aioseo-breadcrumb-separator\">&raquo;<\/span><span class=\"aioseo-breadcrumb\">\n\t\t\t<a href=\"https:\/\/www.immo-invest.ch\/fr\/categories\/regions\/suisse\/\" title=\"Suisse\">Suisse<\/a>\n\t\t<\/span><span class=\"aioseo-breadcrumb-separator\">&raquo;<\/span><span class=\"aioseo-breadcrumb\">\n\t\t\t<a href=\"https:\/\/www.immo-invest.ch\/fr\/categories\/regions\/suisse\/region-zentralschweiz\/\" title=\"Zentralschweiz\">Zentralschweiz<\/a>\n\t\t<\/span><span class=\"aioseo-breadcrumb-separator\">&raquo;<\/span><span class=\"aioseo-breadcrumb\">\n\t\t\t<a href=\"https:\/\/www.immo-invest.ch\/fr\/categories\/regions\/suisse\/region-zentralschweiz\/region-lucerne\/\" title=\"Lucerne\">Lucerne<\/a>\n\t\t<\/span><span class=\"aioseo-breadcrumb-separator\">&raquo;<\/span><span class=\"aioseo-breadcrumb\">\n\t\t\tLe projet de quartier r\u00e9sidentiel pr\u00e8s de la gare fait un pas de plus vers sa concr\u00e9tisation\n\t\t<\/span><\/div>","aioseo_breadcrumb_json":[{"label":"Home","link":"https:\/\/www.immo-invest.ch\/fr\/"},{"label":"R\u00e9gions","link":"https:\/\/www.immo-invest.ch\/fr\/categories\/regions\/"},{"label":"Suisse","link":"https:\/\/www.immo-invest.ch\/fr\/categories\/regions\/suisse\/"},{"label":"Zentralschweiz","link":"https:\/\/www.immo-invest.ch\/fr\/categories\/regions\/suisse\/region-zentralschweiz\/"},{"label":"Lucerne","link":"https:\/\/www.immo-invest.ch\/fr\/categories\/regions\/suisse\/region-zentralschweiz\/region-lucerne\/"},{"label":"Le projet de quartier r\u00e9sidentiel pr\u00e8s de la gare fait un pas de plus vers sa concr\u00e9tisation","link":"https:\/\/www.immo-invest.ch\/fr\/wohnquartier-am-bahnhof-rueckt-einen-schritt-naeher\/"}],"featured_image_src":"https:\/\/www.immo-invest.ch\/wp-content\/uploads\/2026\/08\/Wohnquartier-am-Bahnhof-rueckt-einen-Schritt-naeher-immo-invest-336x168.png","_links":{"self":[{"href":"https:\/\/www.immo-invest.ch\/fr\/wp-json\/wp\/v2\/posts\/163824","targetHints":{"allow":["GET"]}}],"collection":[{"href":"https:\/\/www.immo-invest.ch\/fr\/wp-json\/wp\/v2\/posts"}],"about":[{"href":"https:\/\/www.immo-invest.ch\/fr\/wp-json\/wp\/v2\/types\/post"}],"author":[{"embeddable":true,"href":"https:\/\/www.immo-invest.ch\/fr\/wp-json\/wp\/v2\/users\/2"}],"replies":[{"embeddable":true,"href":"https:\/\/www.immo-invest.ch\/fr\/wp-json\/wp\/v2\/comments?post=163824"}],"version-history":[{"count":3,"href":"https:\/\/www.immo-invest.ch\/fr\/wp-json\/wp\/v2\/posts\/163824\/revisions"}],"predecessor-version":[{"id":163833,"href":"https:\/\/www.immo-invest.ch\/fr\/wp-json\/wp\/v2\/posts\/163824\/revisions\/163833"}],"wp:featuredmedia":[{"embeddable":true,"href":"https:\/\/www.immo-invest.ch\/fr\/wp-json\/wp\/v2\/media\/163825"}],"wp:attachment":[{"href":"https:\/\/www.immo-invest.ch\/fr\/wp-json\/wp\/v2\/media?parent=163824"}],"wp:term":[{"taxonomy":"category","embeddable":true,"href":"https:\/\/www.immo-invest.ch\/fr\/wp-json\/wp\/v2\/categories?post=163824"},{"taxonomy":"post_tag","embeddable":true,"href":"https:\/\/www.immo-invest.ch\/fr\/wp-json\/wp\/v2\/tags?post=163824"}],"curies":[{"name":"wp","href":"https:\/\/api.w.org\/{rel}","templated":true}]}}