{"id":161412,"date":"2026-07-17T15:00:00","date_gmt":"2026-07-17T13:00:00","guid":{"rendered":"https:\/\/www.immo-invest.ch\/?p=161412"},"modified":"2026-07-16T10:59:22","modified_gmt":"2026-07-16T08:59:22","slug":"seetalplatz-bekommt-gruenes-licht-fuer-metropool","status":"publish","type":"post","link":"https:\/\/www.immo-invest.ch\/fr\/seetalplatz-bekommt-gruenes-licht-fuer-metropool\/","title":{"rendered":"Seetalplatz obtient le feu vert pour Metropool"},"content":{"rendered":"<p class=\"wp-block-paragraph\">Apr&egrave;s des ann&eacute;es de proc&eacute;dure d&rsquo;autorisation, les travaux peuvent enfin commencer sur la Seetalplatz &agrave; Emmenbr&uuml;cke. La premi&egrave;re phase du projet Metropool devrait d&eacute;marrer &agrave; l&rsquo;automne 2026, alors que la Banque cantonale de Lucerne partait encore, fin 2025, du principe que le permis de construire n&rsquo;&eacute;tait pas encore d&eacute;finitif.<\/p>\n\n\n\n<p class=\"wp-block-paragraph\">Ce long retard n&rsquo;a pas &eacute;t&eacute; caus&eacute; par un nouveau concept d&rsquo;affectation, mais par une correction de la hauteur des b&acirc;timents. Les b&acirc;timents lat&eacute;raux longitudinaux ont d&ucirc; &ecirc;tre revus apr&egrave;s que le tribunal cantonal a jug&eacute; que la hauteur fix&eacute;e dans le plan d&rsquo;am&eacute;nagement &eacute;tait contraignante. Dans le projet adapt&eacute;, ces b&acirc;timents lat&eacute;raux sont moins hauts, tandis que la tour peut accueillir un &eacute;tage suppl&eacute;mentaire dans les limites de la hauteur totale autoris&eacute;e.<\/p>\n\n\n\n<p class=\"wp-block-paragraph\"><strong>Premi&egrave;re &eacute;tape d&rsquo;ici 2030<br><\/strong>La premi&egrave;re phase de construction comprend la tour et un b&acirc;timent longitudinal longeant la gare routi&egrave;re. La mise en service est pr&eacute;vue pour 2030. Pour la deuxi&egrave;me phase, une proc&eacute;dure de permis de construire distincte sera n&eacute;cessaire ult&eacute;rieurement, car sur cette partie du site, le si&egrave;ge social actuel reste en activit&eacute; et ne pourra &ecirc;tre lib&eacute;r&eacute; qu&rsquo;apr&egrave;s le d&eacute;m&eacute;nagement.<\/p>\n\n\n\n<p class=\"wp-block-paragraph\">Pour le site, il s&rsquo;agit de bien plus qu&rsquo;un simple projet de construction. La commune d&rsquo;Emmen d&eacute;crit depuis longtemps la Seetalplatz comme faisant partie de l&rsquo;axe de d&eacute;veloppement &laquo; Lucerne Nord &raquo;, o&ugrave; de nouvelles fonctions administratives, r&eacute;sidentielles et professionnelles transforment l&rsquo;ancien carrefour routier en un <span class=\"glossaryLink\" aria-describedby=\"tt\" data-cmtooltip=\"&lt;div class=glossaryItemTitle&gt;Quartier&lt;\/div&gt;&lt;div class=glossaryItemBody&gt;Amtliches, historisches, soziales oder stadtplanerisches Stadtviertel&lt;\/div&gt;\" data-mobile-support=\"0\" data-gt-translate-attributes='[{\"attribute\":\"data-cmtooltip\", \"format\":\"html\"}]' tabindex=\"0\" role=\"link\">quartier<\/span> urbain. Metropool vient compl&eacute;ter le nouveau b&acirc;timent administratif cantonal et d&rsquo;autres projets autour du p&ocirc;le de transport par bus et de la Seetalstrasse.<\/p>\n\n\n\n<p class=\"wp-block-paragraph\"><strong>Regroupement des postes de travail<br><\/strong>&Agrave; terme, environ 350 collaborateurs devraient travailler &agrave; la Seetalplatz. Une grande partie d&rsquo;entre eux quittera les sites situ&eacute;s dans la ville de Lucerne et &agrave; Root pour s&rsquo;installer &agrave; Emmenbr&uuml;cke. Pour la p&eacute;riode de transition, la Banque cantonale de Lucerne a d&eacute;j&agrave; r&eacute;serv&eacute; des espaces de bureaux dans le complexe Buobenmatt &agrave; Lucerne. Le bail portant sur environ 4 350 m&egrave;tres carr&eacute;s courra d&rsquo;avril 2027 &agrave; fin 2032 et est destin&eacute; &agrave; assurer la transition jusqu&rsquo;&agrave; ce que le nouveau b&acirc;timent de la Seetalplatz soit pr&ecirc;t &agrave; accueillir ses occupants.<\/p>\n\n\n\n<p class=\"wp-block-paragraph\">Le lancement des travaux d&eacute;sormais possible concr&eacute;tise une nouvelle &eacute;tape &agrave; la Seetalplatz, qui permettra notamment de cr&eacute;er, pour Lucerne Nord, des espaces suppl&eacute;mentaires de bureaux et de services dans un emplacement central et bien desservi. Parall&egrave;lement, d&rsquo;autres &eacute;tudes sont en cours &agrave; Emmen concernant le trac&eacute; routier et la densification urbaine le long de la Seetalstrasse, ce qui devrait renforcer encore l&rsquo;importance de ce site en tant que p&ocirc;le d&rsquo;activit&eacute;.<\/p>\n\n\n\n<p class=\"wp-block-paragraph\"><a href=\"https:\/\/www.lukb.ch\/ueber-uns\/medien\/news\/projektwettbewerb-seetalplatz\" target=\"_blank\" rel=\"noopener\" title=\"\">LUKB &agrave; propos du concours pour Metropool<\/a><\/p>\n","protected":false},"excerpt":{"rendered":"<p>Sur la Seetalplatz \u00e0 Emmenbr\u00fccke, la premi\u00e8re phase du projet Metropool peut enfin \u00eatre mise en \u0153uvre apr\u00e8s des ann\u00e9es de retard. Le d\u00e9but des travaux est pr\u00e9vu pour l&rsquo;automne 2026 ; les premiers b\u00e2timents devraient \u00eatre pr\u00eats \u00e0 accueillir leurs occupants en 2030 et regrouperont par la suite environ 350 postes de travail bancaires sur ce site.<\/p>\n","protected":false},"author":2,"featured_media":161413,"comment_status":"open","ping_status":"open","sticky":false,"template":"","format":"standard","meta":{"pmpro_default_level":"","inline_featured_image":false,"_monsterinsights_skip_tracking":false,"footnotes":""},"categories":[55994,9437,9824,56027,55991],"tags":[9694,60570,872,3931,38026,60571,2002,49173],"class_list":["post-161412","post","type-post","status-publish","format-standard","has-post-thumbnail","hentry","category-bureaux-commercial","category-region-lucerne","category-nouvelle-construction","category-planification-developpement","category-quartiers-zones","tag-baubewilligung-fr","tag-burostandort","tag-immoinvest-fr","tag-immonews-fr","tag-luzern-nord-fr","tag-metropool","tag-news-fr","tag-seetalplatz-fr","pmpro-has-access"],"acf":{"bild_mit_ki_erstellt_worden":["Ja"],"lead":"Sur la Seetalplatz \u00e0 Emmenbr\u00fccke, la premi\u00e8re phase du projet Metropool peut enfin \u00eatre mise en \u0153uvre apr\u00e8s des ann\u00e9es de retard. Le d\u00e9but des travaux est pr\u00e9vu pour l'automne 2026 ; les premiers b\u00e2timents devraient \u00eatre pr\u00eats \u00e0 accueillir leurs occupants en 2030 et regrouperont par la suite environ 350 postes de travail bancaires sur ce site.","autor":"","ort":"","bildunterschrift":"","bild_im_grid":false,"gallerie":"","newsim":"3409"},"aioseo_notices":[],"aioseo_head":"\n\t\t<!-- All in One SEO 5.0.0.1 - aioseo.com -->\n\t<meta name=\"description\" content=\"Sur la Seetalplatz \u00e0 Emmenbr\u00fccke, la premi\u00e8re phase du projet Metropool peut enfin \u00eatre mise en \u0153uvre apr\u00e8s des ann\u00e9es de retard. Le d\u00e9but des travaux est pr\u00e9vu pour l&#039;automne 2026 ; les premiers b\u00e2timents devraient \u00eatre pr\u00eats \u00e0 accueillir leurs occupants en 2030 et regrouperont par la suite environ 350 postes de travail bancaires sur ce site.\" \/>\n\t<meta name=\"robots\" content=\"max-image-preview:large\" \/>\n\t<meta name=\"author\" content=\"immovestuser\"\/>\n\t<meta name=\"google-site-verification\" content=\"fHJKvgWpZCR2zVBHWfkQeFXC11qieUSff0HGNYfuyLA\" \/>\n\t<link rel=\"canonical\" href=\"https:\/\/www.immo-invest.ch\/fr\/seetalplatz-bekommt-gruenes-licht-fuer-metropool\/\" \/>\n\t<meta name=\"generator\" content=\"All in One SEO (AIOSEO) 5.0.0.1\" \/>\n\t\t<meta property=\"og:locale\" content=\"fr_FR\" \/>\n\t\t<meta property=\"og:site_name\" content=\"immo!nvest - Die Plattform f\u00fcr Standorte und Immobilien - Die\u00a0Plattform f\u00fcr Standorte und Immobilien\" \/>\n\t\t<meta property=\"og:type\" content=\"article\" \/>\n\t\t<meta property=\"og:title\" content=\"Seetalplatz obtient le feu vert pour Metropool - immo!nvest - Die Plattform f\u00fcr Standorte und Immobilien\" \/>\n\t\t<meta property=\"og:description\" content=\"Sur la Seetalplatz \u00e0 Emmenbr\u00fccke, la premi\u00e8re phase du projet Metropool peut enfin \u00eatre mise en \u0153uvre apr\u00e8s des ann\u00e9es de retard. Le d\u00e9but des travaux est pr\u00e9vu pour l&#039;automne 2026 ; les premiers b\u00e2timents devraient \u00eatre pr\u00eats \u00e0 accueillir leurs occupants en 2030 et regrouperont par la suite environ 350 postes de travail bancaires sur ce site.\" \/>\n\t\t<meta property=\"og:url\" content=\"https:\/\/www.immo-invest.ch\/fr\/seetalplatz-bekommt-gruenes-licht-fuer-metropool\/\" \/>\n\t\t<meta property=\"og:image\" content=\"https:\/\/www.immo-invest.ch\/wp-content\/uploads\/2026\/07\/Seetalplatz-bekommt-gruenes-Licht-fuer-Metropool-immo-invest.png\" \/>\n\t\t<meta property=\"og:image:secure_url\" content=\"https:\/\/www.immo-invest.ch\/wp-content\/uploads\/2026\/07\/Seetalplatz-bekommt-gruenes-Licht-fuer-Metropool-immo-invest.png\" \/>\n\t\t<meta property=\"og:image:width\" content=\"1536\" \/>\n\t\t<meta property=\"og:image:height\" content=\"768\" \/>\n\t\t<meta property=\"article:published_time\" content=\"2026-07-17T13:00:00+00:00\" \/>\n\t\t<meta property=\"article:modified_time\" content=\"2026-07-16T08:59:22+00:00\" \/>\n\t\t<meta property=\"article:publisher\" content=\"https:\/\/www.facebook.com\/people\/Immoinvest\/100077962920504\/\" \/>\n\t\t<meta name=\"twitter:card\" content=\"summary_large_image\" \/>\n\t\t<meta name=\"twitter:site\" content=\"@i\" \/>\n\t\t<meta name=\"twitter:title\" content=\"Seetalplatz obtient le feu vert pour Metropool - immo!nvest - Die Plattform f\u00fcr Standorte und Immobilien\" \/>\n\t\t<meta name=\"twitter:description\" content=\"Sur la Seetalplatz \u00e0 Emmenbr\u00fccke, la premi\u00e8re phase du projet Metropool peut enfin \u00eatre mise en \u0153uvre apr\u00e8s des ann\u00e9es de retard. Le d\u00e9but des travaux est pr\u00e9vu pour l&#039;automne 2026 ; les premiers b\u00e2timents devraient \u00eatre pr\u00eats \u00e0 accueillir leurs occupants en 2030 et regrouperont par la suite environ 350 postes de travail bancaires sur ce site.\" \/>\n\t\t<meta name=\"twitter:creator\" content=\"@i\" \/>\n\t\t<meta name=\"twitter:image\" content=\"https:\/\/www.immo-invest.ch\/wp-content\/uploads\/2026\/07\/Seetalplatz-bekommt-gruenes-Licht-fuer-Metropool-immo-invest.png\" \/>\n\t\t<script type=\"application\/ld+json\" class=\"aioseo-schema\">\n\t\t\t{\"@context\":\"https:\\\/\\\/schema.org\",\"@graph\":[{\"@type\":\"BlogPosting\",\"@id\":\"https:\\\/\\\/www.immo-invest.ch\\\/fr\\\/seetalplatz-bekommt-gruenes-licht-fuer-metropool\\\/#blogposting\",\"name\":\"Seetalplatz obtient le feu vert pour Metropool - immo!nvest - Die Plattform f\\u00fcr Standorte und Immobilien\",\"headline\":\"Seetalplatz obtient le feu vert pour Metropool\",\"author\":{\"@id\":\"https:\\\/\\\/www.immo-invest.ch\\\/fr\\\/author\\\/immovestuser\\\/#author\"},\"publisher\":{\"@id\":\"https:\\\/\\\/www.immo-invest.ch\\\/fr\\\/#organization\"},\"image\":{\"@type\":\"ImageObject\",\"url\":\"https:\\\/\\\/www.immo-invest.ch\\\/wp-content\\\/uploads\\\/2026\\\/07\\\/Seetalplatz-bekommt-gruenes-Licht-fuer-Metropool-immo-invest.png\",\"width\":1536,\"height\":768},\"datePublished\":\"2026-07-17T15:00:00+02:00\",\"dateModified\":\"2026-07-16T10:59:22+02:00\",\"inLanguage\":\"fr-FR\",\"mainEntityOfPage\":{\"@id\":\"https:\\\/\\\/www.immo-invest.ch\\\/fr\\\/seetalplatz-bekommt-gruenes-licht-fuer-metropool\\\/#webpage\"},\"isPartOf\":{\"@id\":\"https:\\\/\\\/www.immo-invest.ch\\\/fr\\\/seetalplatz-bekommt-gruenes-licht-fuer-metropool\\\/#webpage\"},\"articleSection\":\"Bureaux \\\/ Commercial, Lucerne, Nouvelle construction, Planification \\\/ D\\u00e9veloppement, Quartiers \\\/ Zones, Baubewilligung, B\\u00fcrostandort, Immoinvest, immoNews, Luzern Nord, Metropool, News, Seetalplatz, Facultatif\"},{\"@type\":\"BreadcrumbList\",\"@id\":\"https:\\\/\\\/www.immo-invest.ch\\\/fr\\\/seetalplatz-bekommt-gruenes-licht-fuer-metropool\\\/#breadcrumblist\",\"itemListElement\":[{\"@type\":\"ListItem\",\"@id\":\"https:\\\/\\\/www.immo-invest.ch\\\/fr\\\/#listItem\",\"position\":1,\"name\":\"Home\",\"item\":\"https:\\\/\\\/www.immo-invest.ch\\\/fr\\\/\",\"nextItem\":{\"@type\":\"ListItem\",\"@id\":\"https:\\\/\\\/www.immo-invest.ch\\\/fr\\\/categories\\\/regions\\\/#listItem\",\"name\":\"R\\u00e9gions\"}},{\"@type\":\"ListItem\",\"@id\":\"https:\\\/\\\/www.immo-invest.ch\\\/fr\\\/categories\\\/regions\\\/#listItem\",\"position\":2,\"name\":\"R\\u00e9gions\",\"item\":\"https:\\\/\\\/www.immo-invest.ch\\\/fr\\\/categories\\\/regions\\\/\",\"nextItem\":{\"@type\":\"ListItem\",\"@id\":\"https:\\\/\\\/www.immo-invest.ch\\\/fr\\\/categories\\\/regions\\\/suisse\\\/#listItem\",\"name\":\"Suisse\"},\"previousItem\":{\"@type\":\"ListItem\",\"@id\":\"https:\\\/\\\/www.immo-invest.ch\\\/fr\\\/#listItem\",\"name\":\"Home\"}},{\"@type\":\"ListItem\",\"@id\":\"https:\\\/\\\/www.immo-invest.ch\\\/fr\\\/categories\\\/regions\\\/suisse\\\/#listItem\",\"position\":3,\"name\":\"Suisse\",\"item\":\"https:\\\/\\\/www.immo-invest.ch\\\/fr\\\/categories\\\/regions\\\/suisse\\\/\",\"nextItem\":{\"@type\":\"ListItem\",\"@id\":\"https:\\\/\\\/www.immo-invest.ch\\\/fr\\\/categories\\\/regions\\\/suisse\\\/region-zentralschweiz\\\/#listItem\",\"name\":\"Zentralschweiz\"},\"previousItem\":{\"@type\":\"ListItem\",\"@id\":\"https:\\\/\\\/www.immo-invest.ch\\\/fr\\\/categories\\\/regions\\\/#listItem\",\"name\":\"R\\u00e9gions\"}},{\"@type\":\"ListItem\",\"@id\":\"https:\\\/\\\/www.immo-invest.ch\\\/fr\\\/categories\\\/regions\\\/suisse\\\/region-zentralschweiz\\\/#listItem\",\"position\":4,\"name\":\"Zentralschweiz\",\"item\":\"https:\\\/\\\/www.immo-invest.ch\\\/fr\\\/categories\\\/regions\\\/suisse\\\/region-zentralschweiz\\\/\",\"nextItem\":{\"@type\":\"ListItem\",\"@id\":\"https:\\\/\\\/www.immo-invest.ch\\\/fr\\\/categories\\\/regions\\\/suisse\\\/region-zentralschweiz\\\/region-lucerne\\\/#listItem\",\"name\":\"Lucerne\"},\"previousItem\":{\"@type\":\"ListItem\",\"@id\":\"https:\\\/\\\/www.immo-invest.ch\\\/fr\\\/categories\\\/regions\\\/suisse\\\/#listItem\",\"name\":\"Suisse\"}},{\"@type\":\"ListItem\",\"@id\":\"https:\\\/\\\/www.immo-invest.ch\\\/fr\\\/categories\\\/regions\\\/suisse\\\/region-zentralschweiz\\\/region-lucerne\\\/#listItem\",\"position\":5,\"name\":\"Lucerne\",\"item\":\"https:\\\/\\\/www.immo-invest.ch\\\/fr\\\/categories\\\/regions\\\/suisse\\\/region-zentralschweiz\\\/region-lucerne\\\/\",\"nextItem\":{\"@type\":\"ListItem\",\"@id\":\"https:\\\/\\\/www.immo-invest.ch\\\/fr\\\/seetalplatz-bekommt-gruenes-licht-fuer-metropool\\\/#listItem\",\"name\":\"Seetalplatz obtient le feu vert pour Metropool\"},\"previousItem\":{\"@type\":\"ListItem\",\"@id\":\"https:\\\/\\\/www.immo-invest.ch\\\/fr\\\/categories\\\/regions\\\/suisse\\\/region-zentralschweiz\\\/#listItem\",\"name\":\"Zentralschweiz\"}},{\"@type\":\"ListItem\",\"@id\":\"https:\\\/\\\/www.immo-invest.ch\\\/fr\\\/seetalplatz-bekommt-gruenes-licht-fuer-metropool\\\/#listItem\",\"position\":6,\"name\":\"Seetalplatz obtient le feu vert pour Metropool\",\"previousItem\":{\"@type\":\"ListItem\",\"@id\":\"https:\\\/\\\/www.immo-invest.ch\\\/fr\\\/categories\\\/regions\\\/suisse\\\/region-zentralschweiz\\\/region-lucerne\\\/#listItem\",\"name\":\"Lucerne\"}}]},{\"@type\":\"Organization\",\"@id\":\"https:\\\/\\\/www.immo-invest.ch\\\/fr\\\/#organization\",\"name\":\"immo!nvest - Die Plattform f\\u00fcr Standorte und Immobilien\",\"description\":\"Die\\u00a0Plattform f\\u00fcr Standorte und Immobilien\",\"url\":\"https:\\\/\\\/www.immo-invest.ch\\\/fr\\\/\",\"email\":\"admin@immomedia.ag\",\"telephone\":\"+41444420002\",\"logo\":{\"@type\":\"ImageObject\",\"url\":\"https:\\\/\\\/www.immo-invest.ch\\\/wp-content\\\/uploads\\\/2024\\\/09\\\/immoinvest_sm-scaled.jpg\",\"@id\":\"https:\\\/\\\/www.immo-invest.ch\\\/fr\\\/seetalplatz-bekommt-gruenes-licht-fuer-metropool\\\/#organizationLogo\",\"width\":2560,\"height\":1340},\"image\":{\"@id\":\"https:\\\/\\\/www.immo-invest.ch\\\/fr\\\/seetalplatz-bekommt-gruenes-licht-fuer-metropool\\\/#organizationLogo\"},\"sameAs\":[\"https:\\\/\\\/www.facebook.com\\\/people\\\/Immoinvest\\\/100077962920504\\\/\",\"https:\\\/\\\/x.com\\\/i\\\/flow\\\/login?redirect_after_login=immoinvest_ch\",\"https:\\\/\\\/www.instagram.com\\\/immoinvest_ch\\\/\",\"https:\\\/\\\/www.linkedin.com\\\/company\\\/immoinvest-swiss\"]},{\"@type\":\"Person\",\"@id\":\"https:\\\/\\\/www.immo-invest.ch\\\/fr\\\/author\\\/immovestuser\\\/#author\",\"url\":\"https:\\\/\\\/www.immo-invest.ch\\\/fr\\\/author\\\/immovestuser\\\/\",\"name\":\"immovestuser\",\"image\":{\"@type\":\"ImageObject\",\"@id\":\"https:\\\/\\\/www.immo-invest.ch\\\/fr\\\/seetalplatz-bekommt-gruenes-licht-fuer-metropool\\\/#authorImage\",\"url\":\"https:\\\/\\\/secure.gravatar.com\\\/avatar\\\/8e01f4d99f2eeea7a362ebb93305e1172a70e9293ba250f897a65c39f54cdd1e?s=96&d=mm&r=g\",\"width\":96,\"height\":96,\"caption\":\"immovestuser\"}},{\"@type\":\"WebPage\",\"@id\":\"https:\\\/\\\/www.immo-invest.ch\\\/fr\\\/seetalplatz-bekommt-gruenes-licht-fuer-metropool\\\/#webpage\",\"url\":\"https:\\\/\\\/www.immo-invest.ch\\\/fr\\\/seetalplatz-bekommt-gruenes-licht-fuer-metropool\\\/\",\"name\":\"Seetalplatz obtient le feu vert pour Metropool - immo!nvest - Die Plattform f\\u00fcr Standorte und Immobilien\",\"description\":\"Sur la Seetalplatz \\u00e0 Emmenbr\\u00fccke, la premi\\u00e8re phase du projet Metropool peut enfin \\u00eatre mise en \\u0153uvre apr\\u00e8s des ann\\u00e9es de retard. Le d\\u00e9but des travaux est pr\\u00e9vu pour l'automne 2026 ; les premiers b\\u00e2timents devraient \\u00eatre pr\\u00eats \\u00e0 accueillir leurs occupants en 2030 et regrouperont par la suite environ 350 postes de travail bancaires sur ce site.\",\"inLanguage\":\"fr-FR\",\"isPartOf\":{\"@id\":\"https:\\\/\\\/www.immo-invest.ch\\\/fr\\\/#website\"},\"breadcrumb\":{\"@id\":\"https:\\\/\\\/www.immo-invest.ch\\\/fr\\\/seetalplatz-bekommt-gruenes-licht-fuer-metropool\\\/#breadcrumblist\"},\"author\":{\"@id\":\"https:\\\/\\\/www.immo-invest.ch\\\/fr\\\/author\\\/immovestuser\\\/#author\"},\"creator\":{\"@id\":\"https:\\\/\\\/www.immo-invest.ch\\\/fr\\\/author\\\/immovestuser\\\/#author\"},\"image\":{\"@type\":\"ImageObject\",\"url\":\"https:\\\/\\\/www.immo-invest.ch\\\/wp-content\\\/uploads\\\/2026\\\/07\\\/Seetalplatz-bekommt-gruenes-Licht-fuer-Metropool-immo-invest.png\",\"@id\":\"https:\\\/\\\/www.immo-invest.ch\\\/fr\\\/seetalplatz-bekommt-gruenes-licht-fuer-metropool\\\/#mainImage\",\"width\":1536,\"height\":768},\"primaryImageOfPage\":{\"@id\":\"https:\\\/\\\/www.immo-invest.ch\\\/fr\\\/seetalplatz-bekommt-gruenes-licht-fuer-metropool\\\/#mainImage\"},\"datePublished\":\"2026-07-17T15:00:00+02:00\",\"dateModified\":\"2026-07-16T10:59:22+02:00\"},{\"@type\":\"WebSite\",\"@id\":\"https:\\\/\\\/www.immo-invest.ch\\\/fr\\\/#website\",\"url\":\"https:\\\/\\\/www.immo-invest.ch\\\/fr\\\/\",\"name\":\"immo!nvest - Die Plattform f\\u00fcr Standorte und Immobilien\",\"description\":\"Die\\u00a0Plattform f\\u00fcr Standorte und Immobilien\",\"inLanguage\":\"fr-FR\",\"publisher\":{\"@id\":\"https:\\\/\\\/www.immo-invest.ch\\\/fr\\\/#organization\"}}]}\n\t\t<\/script>\n\t\t<!-- All in One SEO -->\n\n","aioseo_head_json":{"title":"Seetalplatz obtient le feu vert pour Metropool - immo!nvest - Die Plattform f\u00fcr Standorte und Immobilien","description":"Sur la Seetalplatz \u00e0 Emmenbr\u00fccke, la premi\u00e8re phase du projet Metropool peut enfin \u00eatre mise en \u0153uvre apr\u00e8s des ann\u00e9es de retard. Le d\u00e9but des travaux est pr\u00e9vu pour l'automne 2026 ; les premiers b\u00e2timents devraient \u00eatre pr\u00eats \u00e0 accueillir leurs occupants en 2030 et regrouperont par la suite environ 350 postes de travail bancaires sur ce site.","canonical_url":"https:\/\/www.immo-invest.ch\/fr\/seetalplatz-bekommt-gruenes-licht-fuer-metropool\/","robots":"max-image-preview:large","keywords":"","webmasterTools":{"google-site-verification":"fHJKvgWpZCR2zVBHWfkQeFXC11qieUSff0HGNYfuyLA","miscellaneous":""},"schema":{"@context":"https:\/\/schema.org","@graph":[{"@type":"BlogPosting","@id":"https:\/\/www.immo-invest.ch\/fr\/seetalplatz-bekommt-gruenes-licht-fuer-metropool\/#blogposting","name":"Seetalplatz obtient le feu vert pour Metropool - immo!nvest - Die Plattform f\u00fcr Standorte und Immobilien","headline":"Seetalplatz obtient le feu vert pour Metropool","author":{"@id":"https:\/\/www.immo-invest.ch\/fr\/author\/immovestuser\/#author"},"publisher":{"@id":"https:\/\/www.immo-invest.ch\/fr\/#organization"},"image":{"@type":"ImageObject","url":"https:\/\/www.immo-invest.ch\/wp-content\/uploads\/2026\/07\/Seetalplatz-bekommt-gruenes-Licht-fuer-Metropool-immo-invest.png","width":1536,"height":768},"datePublished":"2026-07-17T15:00:00+02:00","dateModified":"2026-07-16T10:59:22+02:00","inLanguage":"fr-FR","mainEntityOfPage":{"@id":"https:\/\/www.immo-invest.ch\/fr\/seetalplatz-bekommt-gruenes-licht-fuer-metropool\/#webpage"},"isPartOf":{"@id":"https:\/\/www.immo-invest.ch\/fr\/seetalplatz-bekommt-gruenes-licht-fuer-metropool\/#webpage"},"articleSection":"Bureaux \/ Commercial, Lucerne, Nouvelle construction, Planification \/ D\u00e9veloppement, Quartiers \/ Zones, Baubewilligung, B\u00fcrostandort, Immoinvest, immoNews, Luzern Nord, Metropool, News, Seetalplatz, Facultatif"},{"@type":"BreadcrumbList","@id":"https:\/\/www.immo-invest.ch\/fr\/seetalplatz-bekommt-gruenes-licht-fuer-metropool\/#breadcrumblist","itemListElement":[{"@type":"ListItem","@id":"https:\/\/www.immo-invest.ch\/fr\/#listItem","position":1,"name":"Home","item":"https:\/\/www.immo-invest.ch\/fr\/","nextItem":{"@type":"ListItem","@id":"https:\/\/www.immo-invest.ch\/fr\/categories\/regions\/#listItem","name":"R\u00e9gions"}},{"@type":"ListItem","@id":"https:\/\/www.immo-invest.ch\/fr\/categories\/regions\/#listItem","position":2,"name":"R\u00e9gions","item":"https:\/\/www.immo-invest.ch\/fr\/categories\/regions\/","nextItem":{"@type":"ListItem","@id":"https:\/\/www.immo-invest.ch\/fr\/categories\/regions\/suisse\/#listItem","name":"Suisse"},"previousItem":{"@type":"ListItem","@id":"https:\/\/www.immo-invest.ch\/fr\/#listItem","name":"Home"}},{"@type":"ListItem","@id":"https:\/\/www.immo-invest.ch\/fr\/categories\/regions\/suisse\/#listItem","position":3,"name":"Suisse","item":"https:\/\/www.immo-invest.ch\/fr\/categories\/regions\/suisse\/","nextItem":{"@type":"ListItem","@id":"https:\/\/www.immo-invest.ch\/fr\/categories\/regions\/suisse\/region-zentralschweiz\/#listItem","name":"Zentralschweiz"},"previousItem":{"@type":"ListItem","@id":"https:\/\/www.immo-invest.ch\/fr\/categories\/regions\/#listItem","name":"R\u00e9gions"}},{"@type":"ListItem","@id":"https:\/\/www.immo-invest.ch\/fr\/categories\/regions\/suisse\/region-zentralschweiz\/#listItem","position":4,"name":"Zentralschweiz","item":"https:\/\/www.immo-invest.ch\/fr\/categories\/regions\/suisse\/region-zentralschweiz\/","nextItem":{"@type":"ListItem","@id":"https:\/\/www.immo-invest.ch\/fr\/categories\/regions\/suisse\/region-zentralschweiz\/region-lucerne\/#listItem","name":"Lucerne"},"previousItem":{"@type":"ListItem","@id":"https:\/\/www.immo-invest.ch\/fr\/categories\/regions\/suisse\/#listItem","name":"Suisse"}},{"@type":"ListItem","@id":"https:\/\/www.immo-invest.ch\/fr\/categories\/regions\/suisse\/region-zentralschweiz\/region-lucerne\/#listItem","position":5,"name":"Lucerne","item":"https:\/\/www.immo-invest.ch\/fr\/categories\/regions\/suisse\/region-zentralschweiz\/region-lucerne\/","nextItem":{"@type":"ListItem","@id":"https:\/\/www.immo-invest.ch\/fr\/seetalplatz-bekommt-gruenes-licht-fuer-metropool\/#listItem","name":"Seetalplatz obtient le feu vert pour Metropool"},"previousItem":{"@type":"ListItem","@id":"https:\/\/www.immo-invest.ch\/fr\/categories\/regions\/suisse\/region-zentralschweiz\/#listItem","name":"Zentralschweiz"}},{"@type":"ListItem","@id":"https:\/\/www.immo-invest.ch\/fr\/seetalplatz-bekommt-gruenes-licht-fuer-metropool\/#listItem","position":6,"name":"Seetalplatz obtient le feu vert pour Metropool","previousItem":{"@type":"ListItem","@id":"https:\/\/www.immo-invest.ch\/fr\/categories\/regions\/suisse\/region-zentralschweiz\/region-lucerne\/#listItem","name":"Lucerne"}}]},{"@type":"Organization","@id":"https:\/\/www.immo-invest.ch\/fr\/#organization","name":"immo!nvest - Die Plattform f\u00fcr Standorte und Immobilien","description":"Die\u00a0Plattform f\u00fcr Standorte und Immobilien","url":"https:\/\/www.immo-invest.ch\/fr\/","email":"admin@immomedia.ag","telephone":"+41444420002","logo":{"@type":"ImageObject","url":"https:\/\/www.immo-invest.ch\/wp-content\/uploads\/2024\/09\/immoinvest_sm-scaled.jpg","@id":"https:\/\/www.immo-invest.ch\/fr\/seetalplatz-bekommt-gruenes-licht-fuer-metropool\/#organizationLogo","width":2560,"height":1340},"image":{"@id":"https:\/\/www.immo-invest.ch\/fr\/seetalplatz-bekommt-gruenes-licht-fuer-metropool\/#organizationLogo"},"sameAs":["https:\/\/www.facebook.com\/people\/Immoinvest\/100077962920504\/","https:\/\/x.com\/i\/flow\/login?redirect_after_login=immoinvest_ch","https:\/\/www.instagram.com\/immoinvest_ch\/","https:\/\/www.linkedin.com\/company\/immoinvest-swiss"]},{"@type":"Person","@id":"https:\/\/www.immo-invest.ch\/fr\/author\/immovestuser\/#author","url":"https:\/\/www.immo-invest.ch\/fr\/author\/immovestuser\/","name":"immovestuser","image":{"@type":"ImageObject","@id":"https:\/\/www.immo-invest.ch\/fr\/seetalplatz-bekommt-gruenes-licht-fuer-metropool\/#authorImage","url":"https:\/\/secure.gravatar.com\/avatar\/8e01f4d99f2eeea7a362ebb93305e1172a70e9293ba250f897a65c39f54cdd1e?s=96&d=mm&r=g","width":96,"height":96,"caption":"immovestuser"}},{"@type":"WebPage","@id":"https:\/\/www.immo-invest.ch\/fr\/seetalplatz-bekommt-gruenes-licht-fuer-metropool\/#webpage","url":"https:\/\/www.immo-invest.ch\/fr\/seetalplatz-bekommt-gruenes-licht-fuer-metropool\/","name":"Seetalplatz obtient le feu vert pour Metropool - immo!nvest - Die Plattform f\u00fcr Standorte und Immobilien","description":"Sur la Seetalplatz \u00e0 Emmenbr\u00fccke, la premi\u00e8re phase du projet Metropool peut enfin \u00eatre mise en \u0153uvre apr\u00e8s des ann\u00e9es de retard. Le d\u00e9but des travaux est pr\u00e9vu pour l'automne 2026 ; les premiers b\u00e2timents devraient \u00eatre pr\u00eats \u00e0 accueillir leurs occupants en 2030 et regrouperont par la suite environ 350 postes de travail bancaires sur ce site.","inLanguage":"fr-FR","isPartOf":{"@id":"https:\/\/www.immo-invest.ch\/fr\/#website"},"breadcrumb":{"@id":"https:\/\/www.immo-invest.ch\/fr\/seetalplatz-bekommt-gruenes-licht-fuer-metropool\/#breadcrumblist"},"author":{"@id":"https:\/\/www.immo-invest.ch\/fr\/author\/immovestuser\/#author"},"creator":{"@id":"https:\/\/www.immo-invest.ch\/fr\/author\/immovestuser\/#author"},"image":{"@type":"ImageObject","url":"https:\/\/www.immo-invest.ch\/wp-content\/uploads\/2026\/07\/Seetalplatz-bekommt-gruenes-Licht-fuer-Metropool-immo-invest.png","@id":"https:\/\/www.immo-invest.ch\/fr\/seetalplatz-bekommt-gruenes-licht-fuer-metropool\/#mainImage","width":1536,"height":768},"primaryImageOfPage":{"@id":"https:\/\/www.immo-invest.ch\/fr\/seetalplatz-bekommt-gruenes-licht-fuer-metropool\/#mainImage"},"datePublished":"2026-07-17T15:00:00+02:00","dateModified":"2026-07-16T10:59:22+02:00"},{"@type":"WebSite","@id":"https:\/\/www.immo-invest.ch\/fr\/#website","url":"https:\/\/www.immo-invest.ch\/fr\/","name":"immo!nvest - Die Plattform f\u00fcr Standorte und Immobilien","description":"Die\u00a0Plattform f\u00fcr Standorte und Immobilien","inLanguage":"fr-FR","publisher":{"@id":"https:\/\/www.immo-invest.ch\/fr\/#organization"}}]},"og:locale":"fr_FR","og:site_name":"immo!nvest - Die Plattform f\u00fcr Standorte und Immobilien - Die\u00a0Plattform f\u00fcr Standorte und Immobilien","og:type":"article","og:title":"Seetalplatz obtient le feu vert pour Metropool - immo!nvest - Die Plattform f\u00fcr Standorte und Immobilien","og:description":"Sur la Seetalplatz \u00e0 Emmenbr\u00fccke, la premi\u00e8re phase du projet Metropool peut enfin \u00eatre mise en \u0153uvre apr\u00e8s des ann\u00e9es de retard. Le d\u00e9but des travaux est pr\u00e9vu pour l'automne 2026 ; les premiers b\u00e2timents devraient \u00eatre pr\u00eats \u00e0 accueillir leurs occupants en 2030 et regrouperont par la suite environ 350 postes de travail bancaires sur ce site.","og:url":"https:\/\/www.immo-invest.ch\/fr\/seetalplatz-bekommt-gruenes-licht-fuer-metropool\/","og:image":"https:\/\/www.immo-invest.ch\/wp-content\/uploads\/2026\/07\/Seetalplatz-bekommt-gruenes-Licht-fuer-Metropool-immo-invest.png","og:image:secure_url":"https:\/\/www.immo-invest.ch\/wp-content\/uploads\/2026\/07\/Seetalplatz-bekommt-gruenes-Licht-fuer-Metropool-immo-invest.png","og:image:width":1536,"og:image:height":768,"article:published_time":"2026-07-17T13:00:00+00:00","article:modified_time":"2026-07-16T08:59:22+00:00","article:publisher":"https:\/\/www.facebook.com\/people\/Immoinvest\/100077962920504\/","twitter:card":"summary_large_image","twitter:site":"@i","twitter:title":"Seetalplatz obtient le feu vert pour Metropool - immo!nvest - Die Plattform f\u00fcr Standorte und Immobilien","twitter:description":"Sur la Seetalplatz \u00e0 Emmenbr\u00fccke, la premi\u00e8re phase du projet Metropool peut enfin \u00eatre mise en \u0153uvre apr\u00e8s des ann\u00e9es de retard. Le d\u00e9but des travaux est pr\u00e9vu pour l'automne 2026 ; les premiers b\u00e2timents devraient \u00eatre pr\u00eats \u00e0 accueillir leurs occupants en 2030 et regrouperont par la suite environ 350 postes de travail bancaires sur ce site.","twitter:creator":"@i","twitter:image":"https:\/\/www.immo-invest.ch\/wp-content\/uploads\/2026\/07\/Seetalplatz-bekommt-gruenes-Licht-fuer-Metropool-immo-invest.png"},"aioseo_meta_data":{"post_id":"161412","title":null,"description":null,"keywords":null,"keyphrases":{"focus":{"keyphrase":"","score":0,"analysis":{"keyphraseInTitle":{"score":0,"maxScore":9,"error":1}}},"additional":[]},"primary_term":null,"canonical_url":null,"og_title":null,"og_description":null,"og_object_type":"default","og_image_type":"default","og_image_url":null,"og_image_width":null,"og_image_height":null,"og_image_custom_url":null,"og_image_custom_fields":null,"og_video":"","og_custom_url":null,"og_article_section":null,"og_article_tags":null,"twitter_use_og":false,"twitter_card":"default","twitter_image_type":"default","twitter_image_url":null,"twitter_image_custom_url":null,"twitter_image_custom_fields":null,"twitter_title":null,"twitter_description":null,"schema":{"blockGraphs":[],"customGraphs":[],"default":{"data":{"Article":[],"Course":[],"Dataset":[],"FAQPage":[],"Movie":[],"Person":[],"Product":[],"ProductReview":[],"Car":[],"Recipe":[],"Service":[],"SoftwareApplication":[],"WebPage":[]},"graphName":"BlogPosting","isEnabled":true},"graphs":[]},"schema_type":"default","schema_type_options":null,"pillar_content":false,"robots_default":true,"robots_noindex":false,"robots_noarchive":false,"robots_nosnippet":false,"robots_nofollow":false,"robots_noimageindex":false,"robots_noodp":false,"robots_notranslate":false,"robots_max_snippet":"-1","robots_max_videopreview":"-1","robots_max_imagepreview":"large","priority":null,"frequency":"default","local_seo":null,"breadcrumb_settings":null,"limit_modified_date":false,"ai":{"faqs":[],"keyPoints":[],"schemas":[],"titles":[],"descriptions":[],"socialPosts":{"email":{"subject":"","preview":"","content":""},"linkedin":[],"twitter":[],"facebook":[],"instagram":[]}},"created":"2026-07-16 08:59:25","updated":"2026-07-17 13:25:53","seo_analyzer_scan_date":null,"focus_keyword":null,"additional_keywords":null,"truseo_locale":null},"aioseo_breadcrumb":"<div class=\"aioseo-breadcrumbs\"><span class=\"aioseo-breadcrumb\">\n\t\t\t<a href=\"https:\/\/www.immo-invest.ch\/fr\/\" title=\"Home\">Home<\/a>\n\t\t<\/span><span class=\"aioseo-breadcrumb-separator\">&raquo;<\/span><span class=\"aioseo-breadcrumb\">\n\t\t\t<a href=\"https:\/\/www.immo-invest.ch\/fr\/categories\/regions\/\" title=\"R\u00e9gions\">R\u00e9gions<\/a>\n\t\t<\/span><span class=\"aioseo-breadcrumb-separator\">&raquo;<\/span><span class=\"aioseo-breadcrumb\">\n\t\t\t<a href=\"https:\/\/www.immo-invest.ch\/fr\/categories\/regions\/suisse\/\" title=\"Suisse\">Suisse<\/a>\n\t\t<\/span><span class=\"aioseo-breadcrumb-separator\">&raquo;<\/span><span class=\"aioseo-breadcrumb\">\n\t\t\t<a href=\"https:\/\/www.immo-invest.ch\/fr\/categories\/regions\/suisse\/region-zentralschweiz\/\" title=\"Zentralschweiz\">Zentralschweiz<\/a>\n\t\t<\/span><span class=\"aioseo-breadcrumb-separator\">&raquo;<\/span><span class=\"aioseo-breadcrumb\">\n\t\t\t<a href=\"https:\/\/www.immo-invest.ch\/fr\/categories\/regions\/suisse\/region-zentralschweiz\/region-lucerne\/\" title=\"Lucerne\">Lucerne<\/a>\n\t\t<\/span><span class=\"aioseo-breadcrumb-separator\">&raquo;<\/span><span class=\"aioseo-breadcrumb\">\n\t\t\tSeetalplatz obtient le feu vert pour Metropool\n\t\t<\/span><\/div>","aioseo_breadcrumb_json":[{"label":"Home","link":"https:\/\/www.immo-invest.ch\/fr\/"},{"label":"R\u00e9gions","link":"https:\/\/www.immo-invest.ch\/fr\/categories\/regions\/"},{"label":"Suisse","link":"https:\/\/www.immo-invest.ch\/fr\/categories\/regions\/suisse\/"},{"label":"Zentralschweiz","link":"https:\/\/www.immo-invest.ch\/fr\/categories\/regions\/suisse\/region-zentralschweiz\/"},{"label":"Lucerne","link":"https:\/\/www.immo-invest.ch\/fr\/categories\/regions\/suisse\/region-zentralschweiz\/region-lucerne\/"},{"label":"Seetalplatz obtient le feu vert pour Metropool","link":"https:\/\/www.immo-invest.ch\/fr\/seetalplatz-bekommt-gruenes-licht-fuer-metropool\/"}],"featured_image_src":"https:\/\/www.immo-invest.ch\/wp-content\/uploads\/2026\/07\/Seetalplatz-bekommt-gruenes-Licht-fuer-Metropool-immo-invest-336x168.png","_links":{"self":[{"href":"https:\/\/www.immo-invest.ch\/fr\/wp-json\/wp\/v2\/posts\/161412","targetHints":{"allow":["GET"]}}],"collection":[{"href":"https:\/\/www.immo-invest.ch\/fr\/wp-json\/wp\/v2\/posts"}],"about":[{"href":"https:\/\/www.immo-invest.ch\/fr\/wp-json\/wp\/v2\/types\/post"}],"author":[{"embeddable":true,"href":"https:\/\/www.immo-invest.ch\/fr\/wp-json\/wp\/v2\/users\/2"}],"replies":[{"embeddable":true,"href":"https:\/\/www.immo-invest.ch\/fr\/wp-json\/wp\/v2\/comments?post=161412"}],"version-history":[{"count":3,"href":"https:\/\/www.immo-invest.ch\/fr\/wp-json\/wp\/v2\/posts\/161412\/revisions"}],"predecessor-version":[{"id":161421,"href":"https:\/\/www.immo-invest.ch\/fr\/wp-json\/wp\/v2\/posts\/161412\/revisions\/161421"}],"wp:featuredmedia":[{"embeddable":true,"href":"https:\/\/www.immo-invest.ch\/fr\/wp-json\/wp\/v2\/media\/161413"}],"wp:attachment":[{"href":"https:\/\/www.immo-invest.ch\/fr\/wp-json\/wp\/v2\/media?parent=161412"}],"wp:term":[{"taxonomy":"category","embeddable":true,"href":"https:\/\/www.immo-invest.ch\/fr\/wp-json\/wp\/v2\/categories?post=161412"},{"taxonomy":"post_tag","embeddable":true,"href":"https:\/\/www.immo-invest.ch\/fr\/wp-json\/wp\/v2\/tags?post=161412"}],"curies":[{"name":"wp","href":"https:\/\/api.w.org\/{rel}","templated":true}]}}