{"id":161365,"date":"2026-07-16T15:00:00","date_gmt":"2026-07-16T13:00:00","guid":{"rendered":"https:\/\/www.immo-invest.ch\/?p=161365"},"modified":"2026-07-16T09:47:47","modified_gmt":"2026-07-16T07:47:47","slug":"subingen-kann-das-dorfzentrum-neu-ordnen","status":"publish","type":"post","link":"https:\/\/www.immo-invest.ch\/fr\/subingen-kann-das-dorfzentrum-neu-ordnen\/","title":{"rendered":"Subingen peut r\u00e9am\u00e9nager le centre du village"},"content":{"rendered":"<p class=\"wp-block-paragraph\">Par sa d&eacute;cision du 30 juin 2026, le Conseil d&rsquo;&Eacute;tat de Soleure a statu&eacute; sur les recours encore en suspens concernant le plan d&rsquo;am&eacute;nagement de Subingen. Apr&egrave;s des ann&eacute;es de retard, la commune dispose ainsi &agrave; nouveau d&rsquo;une base juridique solide en mati&egrave;re d&rsquo;urbanisme pour les demandes de permis de construire, les changements d&rsquo;affectation et le d&eacute;veloppement du centre.<\/p>\n\n\n\n<p class=\"wp-block-paragraph\">Cela rev&ecirc;t une importance particuli&egrave;re pour la zone du centre. Le r&egrave;glement de zonage publi&eacute; d&eacute;crit ces surfaces comme des quartiers destin&eacute;s au d&eacute;veloppement et &agrave; la cr&eacute;ation d&rsquo;un centre de village. Dans son plan directeur territorial de 2013, Subingen avait d&eacute;j&agrave; stipul&eacute; que l&rsquo;offre au c&oelig;ur du village devait &ecirc;tre pr&eacute;serv&eacute;e et que le centre-ville devait &ecirc;tre revaloris&eacute; sur le plan architectural.<\/p>\n\n\n\n<p class=\"wp-block-paragraph\"><strong>La densification du centre-ville redevient possible<br><\/strong>Cette conclusion politique et juridique est particuli&egrave;rement importante pour le secteur immobilier, car elle permet de r&eacute;int&eacute;grer les projets bloqu&eacute;s dans les proc&eacute;dures ordinaires. En droit de l&rsquo;am&eacute;nagement du territoire soleurois, tout plan d&rsquo;affectation doit &ecirc;tre approuv&eacute; par le Conseil d&rsquo;&Eacute;tat. Les d&eacute;cisions communales peuvent faire l&rsquo;objet de recours. Ce n&rsquo;est qu&rsquo;une fois l&rsquo;approbation d&eacute;finitive obtenue que les propri&eacute;taires, les investisseurs et les ma&icirc;tres d&rsquo;ouvrage b&eacute;n&eacute;ficient &agrave; nouveau d&rsquo;une s&eacute;curit&eacute; en mati&egrave;re d&rsquo;am&eacute;nagement.<\/p>\n\n\n\n<p class=\"wp-block-paragraph\">Cette affaire montre &eacute;galement &agrave; quel point de longues proc&eacute;dures de recours peuvent freiner la mise en &oelig;uvre des objectifs de d&eacute;veloppement locaux. &Agrave; Subingen, la r&eacute;vision a dur&eacute; plus d&rsquo;une d&eacute;cennie, alors que le plan d&rsquo;am&eacute;nagement local en vigueur jusqu&rsquo;&agrave; pr&eacute;sent datait de 2002. Pour les projets dans le centre, cette conclusion repr&eacute;sente donc bien plus qu&rsquo;une simple &eacute;tape formelle. Elle jette les bases n&eacute;cessaires &agrave; la r&eacute;organisation des affectations, des viabilisations et de la densification urbaine au c&oelig;ur du village.<\/p>\n\n\n\n<p class=\"wp-block-paragraph\"><strong>Le centre reste le point le plus sensible<br><\/strong>Selon les documents disponibles, le c&oelig;ur du litige portait sur l&rsquo;am&eacute;nagement du centre du village autour de la zone centrale et sur la revalorisation pr&eacute;vue du secteur situ&eacute; pr&egrave;s du restaurant Kreuz. Ce sont pr&eacute;cis&eacute;ment ces emplacements qui sont sensibles sur le plan immobilier dans les petites communes, car c&rsquo;est l&agrave; que se rencontrent directement les int&eacute;r&ecirc;ts des propri&eacute;taires, les droits d&rsquo;utilisation, les viabilisations et les b&acirc;timents qui caract&eacute;risent le paysage urbain.<\/p>\n\n\n\n<p class=\"wp-block-paragraph\">La question n&rsquo;est d&eacute;sormais plus de savoir si le plan d&rsquo;am&eacute;nagement a force de loi, mais &agrave; quelle vitesse il se traduira par des projets concrets. Pour la commune, cette d&eacute;cision signifie que les demandes de permis de construire et les &eacute;tapes de d&eacute;veloppement dans le centre du village peuvent &agrave; nouveau &ecirc;tre &eacute;valu&eacute;es sur la base d&rsquo;un plan d&rsquo;am&eacute;nagement valide.<\/p>\n","protected":false},"excerpt":{"rendered":"<p>Suite \u00e0 la d\u00e9cision rendue par le Conseil d&rsquo;\u00c9tat de Soleure sur le recours, la r\u00e9vision totale du plan d&rsquo;am\u00e9nagement de Subingen est d\u00e9sormais d\u00e9finitive. Cela met fin \u00e0 une proc\u00e9dure qui a dur\u00e9 plus de dix ans et permet \u00e0 la commune de se pencher \u00e0 nouveau de mani\u00e8re contraignante sur les projets de d\u00e9veloppement interne et de r\u00e9am\u00e9nagement du centre du village.<\/p>\n","protected":false},"author":2,"featured_media":161366,"comment_status":"open","ping_status":"open","sticky":false,"template":"","format":"standard","meta":{"pmpro_default_level":"","inline_featured_image":false,"_monsterinsights_skip_tracking":false,"footnotes":""},"categories":[56027,55991,56003,9441],"tags":[59984,872,3931,16976,2002,52823,60556,60557],"class_list":["post-161365","post","type-post","status-publish","format-standard","has-post-thumbnail","hentry","category-planification-developpement","category-quartiers-zones","category-residentiel","category-region-soleure","tag-dorfzentrum","tag-immoinvest-fr","tag-immonews-fr","tag-innenentwicklung-fr","tag-news-fr","tag-ortsplanung-fr","tag-subingen","tag-zentrumszone","pmpro-has-access"],"acf":{"bild_mit_ki_erstellt_worden":["Ja"],"lead":"Suite \u00e0 la d\u00e9cision rendue par le Conseil d'\u00c9tat de Soleure sur le recours, la r\u00e9vision totale du plan d'am\u00e9nagement de Subingen est d\u00e9sormais d\u00e9finitive. Cela met fin \u00e0 une proc\u00e9dure qui a dur\u00e9 plus de dix ans et permet \u00e0 la commune de se pencher \u00e0 nouveau de mani\u00e8re contraignante sur les projets de d\u00e9veloppement interne et de r\u00e9am\u00e9nagement du centre du village.","autor":"","ort":"","bildunterschrift":"","bild_im_grid":false,"gallerie":"","newsim":"3403"},"aioseo_notices":[],"aioseo_head":"\n\t\t<!-- All in One SEO 5.0.0.1 - aioseo.com -->\n\t<meta name=\"description\" content=\"Suite \u00e0 la d\u00e9cision rendue par le Conseil d&#039;\u00c9tat de Soleure sur le recours, la r\u00e9vision totale du plan d&#039;am\u00e9nagement de Subingen est d\u00e9sormais d\u00e9finitive. Cela met fin \u00e0 une proc\u00e9dure qui a dur\u00e9 plus de dix ans et permet \u00e0 la commune de se pencher \u00e0 nouveau de mani\u00e8re contraignante sur les projets de d\u00e9veloppement interne et de r\u00e9am\u00e9nagement du centre du village.\" \/>\n\t<meta name=\"robots\" content=\"max-image-preview:large\" \/>\n\t<meta name=\"author\" content=\"immovestuser\"\/>\n\t<meta name=\"google-site-verification\" content=\"fHJKvgWpZCR2zVBHWfkQeFXC11qieUSff0HGNYfuyLA\" \/>\n\t<link rel=\"canonical\" href=\"https:\/\/www.immo-invest.ch\/fr\/subingen-kann-das-dorfzentrum-neu-ordnen\/\" \/>\n\t<meta name=\"generator\" content=\"All in One SEO (AIOSEO) 5.0.0.1\" \/>\n\t\t<meta property=\"og:locale\" content=\"fr_FR\" \/>\n\t\t<meta property=\"og:site_name\" content=\"immo!nvest - Die Plattform f\u00fcr Standorte und Immobilien - Die\u00a0Plattform f\u00fcr Standorte und Immobilien\" \/>\n\t\t<meta property=\"og:type\" content=\"article\" \/>\n\t\t<meta property=\"og:title\" content=\"Subingen peut r\u00e9am\u00e9nager le centre du village - immo!nvest - Die Plattform f\u00fcr Standorte und Immobilien\" \/>\n\t\t<meta property=\"og:description\" content=\"Suite \u00e0 la d\u00e9cision rendue par le Conseil d&#039;\u00c9tat de Soleure sur le recours, la r\u00e9vision totale du plan d&#039;am\u00e9nagement de Subingen est d\u00e9sormais d\u00e9finitive. Cela met fin \u00e0 une proc\u00e9dure qui a dur\u00e9 plus de dix ans et permet \u00e0 la commune de se pencher \u00e0 nouveau de mani\u00e8re contraignante sur les projets de d\u00e9veloppement interne et de r\u00e9am\u00e9nagement du centre du village.\" \/>\n\t\t<meta property=\"og:url\" content=\"https:\/\/www.immo-invest.ch\/fr\/subingen-kann-das-dorfzentrum-neu-ordnen\/\" \/>\n\t\t<meta property=\"og:image\" content=\"https:\/\/www.immo-invest.ch\/wp-content\/uploads\/2026\/07\/Subingen-kann-das-Dorfzentrum-neu-ordnen-immo-invest.png\" \/>\n\t\t<meta property=\"og:image:secure_url\" content=\"https:\/\/www.immo-invest.ch\/wp-content\/uploads\/2026\/07\/Subingen-kann-das-Dorfzentrum-neu-ordnen-immo-invest.png\" \/>\n\t\t<meta property=\"og:image:width\" content=\"1536\" \/>\n\t\t<meta property=\"og:image:height\" content=\"768\" \/>\n\t\t<meta property=\"article:published_time\" content=\"2026-07-16T13:00:00+00:00\" \/>\n\t\t<meta property=\"article:modified_time\" content=\"2026-07-16T07:47:47+00:00\" \/>\n\t\t<meta property=\"article:publisher\" content=\"https:\/\/www.facebook.com\/people\/Immoinvest\/100077962920504\/\" \/>\n\t\t<meta name=\"twitter:card\" content=\"summary_large_image\" \/>\n\t\t<meta name=\"twitter:site\" content=\"@i\" \/>\n\t\t<meta name=\"twitter:title\" content=\"Subingen peut r\u00e9am\u00e9nager le centre du village - immo!nvest - Die Plattform f\u00fcr Standorte und Immobilien\" \/>\n\t\t<meta name=\"twitter:description\" content=\"Suite \u00e0 la d\u00e9cision rendue par le Conseil d&#039;\u00c9tat de Soleure sur le recours, la r\u00e9vision totale du plan d&#039;am\u00e9nagement de Subingen est d\u00e9sormais d\u00e9finitive. Cela met fin \u00e0 une proc\u00e9dure qui a dur\u00e9 plus de dix ans et permet \u00e0 la commune de se pencher \u00e0 nouveau de mani\u00e8re contraignante sur les projets de d\u00e9veloppement interne et de r\u00e9am\u00e9nagement du centre du village.\" \/>\n\t\t<meta name=\"twitter:creator\" content=\"@i\" \/>\n\t\t<meta name=\"twitter:image\" content=\"https:\/\/www.immo-invest.ch\/wp-content\/uploads\/2026\/07\/Subingen-kann-das-Dorfzentrum-neu-ordnen-immo-invest.png\" \/>\n\t\t<script type=\"application\/ld+json\" class=\"aioseo-schema\">\n\t\t\t{\"@context\":\"https:\\\/\\\/schema.org\",\"@graph\":[{\"@type\":\"BlogPosting\",\"@id\":\"https:\\\/\\\/www.immo-invest.ch\\\/fr\\\/subingen-kann-das-dorfzentrum-neu-ordnen\\\/#blogposting\",\"name\":\"Subingen peut r\\u00e9am\\u00e9nager le centre du village - immo!nvest - Die Plattform f\\u00fcr Standorte und Immobilien\",\"headline\":\"Subingen peut r\\u00e9am\\u00e9nager le centre du village\",\"author\":{\"@id\":\"https:\\\/\\\/www.immo-invest.ch\\\/fr\\\/author\\\/immovestuser\\\/#author\"},\"publisher\":{\"@id\":\"https:\\\/\\\/www.immo-invest.ch\\\/fr\\\/#organization\"},\"image\":{\"@type\":\"ImageObject\",\"url\":\"https:\\\/\\\/www.immo-invest.ch\\\/wp-content\\\/uploads\\\/2026\\\/07\\\/Subingen-kann-das-Dorfzentrum-neu-ordnen-immo-invest.png\",\"width\":1536,\"height\":768},\"datePublished\":\"2026-07-16T15:00:00+02:00\",\"dateModified\":\"2026-07-16T09:47:47+02:00\",\"inLanguage\":\"fr-FR\",\"mainEntityOfPage\":{\"@id\":\"https:\\\/\\\/www.immo-invest.ch\\\/fr\\\/subingen-kann-das-dorfzentrum-neu-ordnen\\\/#webpage\"},\"isPartOf\":{\"@id\":\"https:\\\/\\\/www.immo-invest.ch\\\/fr\\\/subingen-kann-das-dorfzentrum-neu-ordnen\\\/#webpage\"},\"articleSection\":\"Planification \\\/ D\\u00e9veloppement, Quartiers \\\/ Zones, R\\u00e9sidentiel, Soleure, Dorfzentrum, Immoinvest, immoNews, Innenentwicklung, News, Ortsplanung, Subingen, Zentrumszone, Facultatif\"},{\"@type\":\"BreadcrumbList\",\"@id\":\"https:\\\/\\\/www.immo-invest.ch\\\/fr\\\/subingen-kann-das-dorfzentrum-neu-ordnen\\\/#breadcrumblist\",\"itemListElement\":[{\"@type\":\"ListItem\",\"@id\":\"https:\\\/\\\/www.immo-invest.ch\\\/fr\\\/#listItem\",\"position\":1,\"name\":\"Home\",\"item\":\"https:\\\/\\\/www.immo-invest.ch\\\/fr\\\/\",\"nextItem\":{\"@type\":\"ListItem\",\"@id\":\"https:\\\/\\\/www.immo-invest.ch\\\/fr\\\/categories\\\/regions\\\/#listItem\",\"name\":\"R\\u00e9gions\"}},{\"@type\":\"ListItem\",\"@id\":\"https:\\\/\\\/www.immo-invest.ch\\\/fr\\\/categories\\\/regions\\\/#listItem\",\"position\":2,\"name\":\"R\\u00e9gions\",\"item\":\"https:\\\/\\\/www.immo-invest.ch\\\/fr\\\/categories\\\/regions\\\/\",\"nextItem\":{\"@type\":\"ListItem\",\"@id\":\"https:\\\/\\\/www.immo-invest.ch\\\/fr\\\/categories\\\/regions\\\/suisse\\\/#listItem\",\"name\":\"Suisse\"},\"previousItem\":{\"@type\":\"ListItem\",\"@id\":\"https:\\\/\\\/www.immo-invest.ch\\\/fr\\\/#listItem\",\"name\":\"Home\"}},{\"@type\":\"ListItem\",\"@id\":\"https:\\\/\\\/www.immo-invest.ch\\\/fr\\\/categories\\\/regions\\\/suisse\\\/#listItem\",\"position\":3,\"name\":\"Suisse\",\"item\":\"https:\\\/\\\/www.immo-invest.ch\\\/fr\\\/categories\\\/regions\\\/suisse\\\/\",\"nextItem\":{\"@type\":\"ListItem\",\"@id\":\"https:\\\/\\\/www.immo-invest.ch\\\/fr\\\/categories\\\/regions\\\/suisse\\\/espace-mittelland\\\/#listItem\",\"name\":\"Espace Mittelland\"},\"previousItem\":{\"@type\":\"ListItem\",\"@id\":\"https:\\\/\\\/www.immo-invest.ch\\\/fr\\\/categories\\\/regions\\\/#listItem\",\"name\":\"R\\u00e9gions\"}},{\"@type\":\"ListItem\",\"@id\":\"https:\\\/\\\/www.immo-invest.ch\\\/fr\\\/categories\\\/regions\\\/suisse\\\/espace-mittelland\\\/#listItem\",\"position\":4,\"name\":\"Espace Mittelland\",\"item\":\"https:\\\/\\\/www.immo-invest.ch\\\/fr\\\/categories\\\/regions\\\/suisse\\\/espace-mittelland\\\/\",\"nextItem\":{\"@type\":\"ListItem\",\"@id\":\"https:\\\/\\\/www.immo-invest.ch\\\/fr\\\/categories\\\/regions\\\/suisse\\\/espace-mittelland\\\/region-soleure\\\/#listItem\",\"name\":\"Soleure\"},\"previousItem\":{\"@type\":\"ListItem\",\"@id\":\"https:\\\/\\\/www.immo-invest.ch\\\/fr\\\/categories\\\/regions\\\/suisse\\\/#listItem\",\"name\":\"Suisse\"}},{\"@type\":\"ListItem\",\"@id\":\"https:\\\/\\\/www.immo-invest.ch\\\/fr\\\/categories\\\/regions\\\/suisse\\\/espace-mittelland\\\/region-soleure\\\/#listItem\",\"position\":5,\"name\":\"Soleure\",\"item\":\"https:\\\/\\\/www.immo-invest.ch\\\/fr\\\/categories\\\/regions\\\/suisse\\\/espace-mittelland\\\/region-soleure\\\/\",\"nextItem\":{\"@type\":\"ListItem\",\"@id\":\"https:\\\/\\\/www.immo-invest.ch\\\/fr\\\/subingen-kann-das-dorfzentrum-neu-ordnen\\\/#listItem\",\"name\":\"Subingen peut r\\u00e9am\\u00e9nager le centre du village\"},\"previousItem\":{\"@type\":\"ListItem\",\"@id\":\"https:\\\/\\\/www.immo-invest.ch\\\/fr\\\/categories\\\/regions\\\/suisse\\\/espace-mittelland\\\/#listItem\",\"name\":\"Espace Mittelland\"}},{\"@type\":\"ListItem\",\"@id\":\"https:\\\/\\\/www.immo-invest.ch\\\/fr\\\/subingen-kann-das-dorfzentrum-neu-ordnen\\\/#listItem\",\"position\":6,\"name\":\"Subingen peut r\\u00e9am\\u00e9nager le centre du village\",\"previousItem\":{\"@type\":\"ListItem\",\"@id\":\"https:\\\/\\\/www.immo-invest.ch\\\/fr\\\/categories\\\/regions\\\/suisse\\\/espace-mittelland\\\/region-soleure\\\/#listItem\",\"name\":\"Soleure\"}}]},{\"@type\":\"Organization\",\"@id\":\"https:\\\/\\\/www.immo-invest.ch\\\/fr\\\/#organization\",\"name\":\"immo!nvest - Die Plattform f\\u00fcr Standorte und Immobilien\",\"description\":\"Die\\u00a0Plattform f\\u00fcr Standorte und Immobilien\",\"url\":\"https:\\\/\\\/www.immo-invest.ch\\\/fr\\\/\",\"email\":\"admin@immomedia.ag\",\"telephone\":\"+41444420002\",\"logo\":{\"@type\":\"ImageObject\",\"url\":\"https:\\\/\\\/www.immo-invest.ch\\\/wp-content\\\/uploads\\\/2024\\\/09\\\/immoinvest_sm-scaled.jpg\",\"@id\":\"https:\\\/\\\/www.immo-invest.ch\\\/fr\\\/subingen-kann-das-dorfzentrum-neu-ordnen\\\/#organizationLogo\",\"width\":2560,\"height\":1340},\"image\":{\"@id\":\"https:\\\/\\\/www.immo-invest.ch\\\/fr\\\/subingen-kann-das-dorfzentrum-neu-ordnen\\\/#organizationLogo\"},\"sameAs\":[\"https:\\\/\\\/www.facebook.com\\\/people\\\/Immoinvest\\\/100077962920504\\\/\",\"https:\\\/\\\/x.com\\\/i\\\/flow\\\/login?redirect_after_login=immoinvest_ch\",\"https:\\\/\\\/www.instagram.com\\\/immoinvest_ch\\\/\",\"https:\\\/\\\/www.linkedin.com\\\/company\\\/immoinvest-swiss\"]},{\"@type\":\"Person\",\"@id\":\"https:\\\/\\\/www.immo-invest.ch\\\/fr\\\/author\\\/immovestuser\\\/#author\",\"url\":\"https:\\\/\\\/www.immo-invest.ch\\\/fr\\\/author\\\/immovestuser\\\/\",\"name\":\"immovestuser\",\"image\":{\"@type\":\"ImageObject\",\"@id\":\"https:\\\/\\\/www.immo-invest.ch\\\/fr\\\/subingen-kann-das-dorfzentrum-neu-ordnen\\\/#authorImage\",\"url\":\"https:\\\/\\\/secure.gravatar.com\\\/avatar\\\/8e01f4d99f2eeea7a362ebb93305e1172a70e9293ba250f897a65c39f54cdd1e?s=96&d=mm&r=g\",\"width\":96,\"height\":96,\"caption\":\"immovestuser\"}},{\"@type\":\"WebPage\",\"@id\":\"https:\\\/\\\/www.immo-invest.ch\\\/fr\\\/subingen-kann-das-dorfzentrum-neu-ordnen\\\/#webpage\",\"url\":\"https:\\\/\\\/www.immo-invest.ch\\\/fr\\\/subingen-kann-das-dorfzentrum-neu-ordnen\\\/\",\"name\":\"Subingen peut r\\u00e9am\\u00e9nager le centre du village - immo!nvest - Die Plattform f\\u00fcr Standorte und Immobilien\",\"description\":\"Suite \\u00e0 la d\\u00e9cision rendue par le Conseil d'\\u00c9tat de Soleure sur le recours, la r\\u00e9vision totale du plan d'am\\u00e9nagement de Subingen est d\\u00e9sormais d\\u00e9finitive. Cela met fin \\u00e0 une proc\\u00e9dure qui a dur\\u00e9 plus de dix ans et permet \\u00e0 la commune de se pencher \\u00e0 nouveau de mani\\u00e8re contraignante sur les projets de d\\u00e9veloppement interne et de r\\u00e9am\\u00e9nagement du centre du village.\",\"inLanguage\":\"fr-FR\",\"isPartOf\":{\"@id\":\"https:\\\/\\\/www.immo-invest.ch\\\/fr\\\/#website\"},\"breadcrumb\":{\"@id\":\"https:\\\/\\\/www.immo-invest.ch\\\/fr\\\/subingen-kann-das-dorfzentrum-neu-ordnen\\\/#breadcrumblist\"},\"author\":{\"@id\":\"https:\\\/\\\/www.immo-invest.ch\\\/fr\\\/author\\\/immovestuser\\\/#author\"},\"creator\":{\"@id\":\"https:\\\/\\\/www.immo-invest.ch\\\/fr\\\/author\\\/immovestuser\\\/#author\"},\"image\":{\"@type\":\"ImageObject\",\"url\":\"https:\\\/\\\/www.immo-invest.ch\\\/wp-content\\\/uploads\\\/2026\\\/07\\\/Subingen-kann-das-Dorfzentrum-neu-ordnen-immo-invest.png\",\"@id\":\"https:\\\/\\\/www.immo-invest.ch\\\/fr\\\/subingen-kann-das-dorfzentrum-neu-ordnen\\\/#mainImage\",\"width\":1536,\"height\":768},\"primaryImageOfPage\":{\"@id\":\"https:\\\/\\\/www.immo-invest.ch\\\/fr\\\/subingen-kann-das-dorfzentrum-neu-ordnen\\\/#mainImage\"},\"datePublished\":\"2026-07-16T15:00:00+02:00\",\"dateModified\":\"2026-07-16T09:47:47+02:00\"},{\"@type\":\"WebSite\",\"@id\":\"https:\\\/\\\/www.immo-invest.ch\\\/fr\\\/#website\",\"url\":\"https:\\\/\\\/www.immo-invest.ch\\\/fr\\\/\",\"name\":\"immo!nvest - Die Plattform f\\u00fcr Standorte und Immobilien\",\"description\":\"Die\\u00a0Plattform f\\u00fcr Standorte und Immobilien\",\"inLanguage\":\"fr-FR\",\"publisher\":{\"@id\":\"https:\\\/\\\/www.immo-invest.ch\\\/fr\\\/#organization\"}}]}\n\t\t<\/script>\n\t\t<!-- All in One SEO -->\n\n","aioseo_head_json":{"title":"Subingen peut r\u00e9am\u00e9nager le centre du village - immo!nvest - Die Plattform f\u00fcr Standorte und Immobilien","description":"Suite \u00e0 la d\u00e9cision rendue par le Conseil d'\u00c9tat de Soleure sur le recours, la r\u00e9vision totale du plan d'am\u00e9nagement de Subingen est d\u00e9sormais d\u00e9finitive. Cela met fin \u00e0 une proc\u00e9dure qui a dur\u00e9 plus de dix ans et permet \u00e0 la commune de se pencher \u00e0 nouveau de mani\u00e8re contraignante sur les projets de d\u00e9veloppement interne et de r\u00e9am\u00e9nagement du centre du village.","canonical_url":"https:\/\/www.immo-invest.ch\/fr\/subingen-kann-das-dorfzentrum-neu-ordnen\/","robots":"max-image-preview:large","keywords":"","webmasterTools":{"google-site-verification":"fHJKvgWpZCR2zVBHWfkQeFXC11qieUSff0HGNYfuyLA","miscellaneous":""},"schema":{"@context":"https:\/\/schema.org","@graph":[{"@type":"BlogPosting","@id":"https:\/\/www.immo-invest.ch\/fr\/subingen-kann-das-dorfzentrum-neu-ordnen\/#blogposting","name":"Subingen peut r\u00e9am\u00e9nager le centre du village - immo!nvest - Die Plattform f\u00fcr Standorte und Immobilien","headline":"Subingen peut r\u00e9am\u00e9nager le centre du village","author":{"@id":"https:\/\/www.immo-invest.ch\/fr\/author\/immovestuser\/#author"},"publisher":{"@id":"https:\/\/www.immo-invest.ch\/fr\/#organization"},"image":{"@type":"ImageObject","url":"https:\/\/www.immo-invest.ch\/wp-content\/uploads\/2026\/07\/Subingen-kann-das-Dorfzentrum-neu-ordnen-immo-invest.png","width":1536,"height":768},"datePublished":"2026-07-16T15:00:00+02:00","dateModified":"2026-07-16T09:47:47+02:00","inLanguage":"fr-FR","mainEntityOfPage":{"@id":"https:\/\/www.immo-invest.ch\/fr\/subingen-kann-das-dorfzentrum-neu-ordnen\/#webpage"},"isPartOf":{"@id":"https:\/\/www.immo-invest.ch\/fr\/subingen-kann-das-dorfzentrum-neu-ordnen\/#webpage"},"articleSection":"Planification \/ D\u00e9veloppement, Quartiers \/ Zones, R\u00e9sidentiel, Soleure, Dorfzentrum, Immoinvest, immoNews, Innenentwicklung, News, Ortsplanung, Subingen, Zentrumszone, Facultatif"},{"@type":"BreadcrumbList","@id":"https:\/\/www.immo-invest.ch\/fr\/subingen-kann-das-dorfzentrum-neu-ordnen\/#breadcrumblist","itemListElement":[{"@type":"ListItem","@id":"https:\/\/www.immo-invest.ch\/fr\/#listItem","position":1,"name":"Home","item":"https:\/\/www.immo-invest.ch\/fr\/","nextItem":{"@type":"ListItem","@id":"https:\/\/www.immo-invest.ch\/fr\/categories\/regions\/#listItem","name":"R\u00e9gions"}},{"@type":"ListItem","@id":"https:\/\/www.immo-invest.ch\/fr\/categories\/regions\/#listItem","position":2,"name":"R\u00e9gions","item":"https:\/\/www.immo-invest.ch\/fr\/categories\/regions\/","nextItem":{"@type":"ListItem","@id":"https:\/\/www.immo-invest.ch\/fr\/categories\/regions\/suisse\/#listItem","name":"Suisse"},"previousItem":{"@type":"ListItem","@id":"https:\/\/www.immo-invest.ch\/fr\/#listItem","name":"Home"}},{"@type":"ListItem","@id":"https:\/\/www.immo-invest.ch\/fr\/categories\/regions\/suisse\/#listItem","position":3,"name":"Suisse","item":"https:\/\/www.immo-invest.ch\/fr\/categories\/regions\/suisse\/","nextItem":{"@type":"ListItem","@id":"https:\/\/www.immo-invest.ch\/fr\/categories\/regions\/suisse\/espace-mittelland\/#listItem","name":"Espace Mittelland"},"previousItem":{"@type":"ListItem","@id":"https:\/\/www.immo-invest.ch\/fr\/categories\/regions\/#listItem","name":"R\u00e9gions"}},{"@type":"ListItem","@id":"https:\/\/www.immo-invest.ch\/fr\/categories\/regions\/suisse\/espace-mittelland\/#listItem","position":4,"name":"Espace Mittelland","item":"https:\/\/www.immo-invest.ch\/fr\/categories\/regions\/suisse\/espace-mittelland\/","nextItem":{"@type":"ListItem","@id":"https:\/\/www.immo-invest.ch\/fr\/categories\/regions\/suisse\/espace-mittelland\/region-soleure\/#listItem","name":"Soleure"},"previousItem":{"@type":"ListItem","@id":"https:\/\/www.immo-invest.ch\/fr\/categories\/regions\/suisse\/#listItem","name":"Suisse"}},{"@type":"ListItem","@id":"https:\/\/www.immo-invest.ch\/fr\/categories\/regions\/suisse\/espace-mittelland\/region-soleure\/#listItem","position":5,"name":"Soleure","item":"https:\/\/www.immo-invest.ch\/fr\/categories\/regions\/suisse\/espace-mittelland\/region-soleure\/","nextItem":{"@type":"ListItem","@id":"https:\/\/www.immo-invest.ch\/fr\/subingen-kann-das-dorfzentrum-neu-ordnen\/#listItem","name":"Subingen peut r\u00e9am\u00e9nager le centre du village"},"previousItem":{"@type":"ListItem","@id":"https:\/\/www.immo-invest.ch\/fr\/categories\/regions\/suisse\/espace-mittelland\/#listItem","name":"Espace Mittelland"}},{"@type":"ListItem","@id":"https:\/\/www.immo-invest.ch\/fr\/subingen-kann-das-dorfzentrum-neu-ordnen\/#listItem","position":6,"name":"Subingen peut r\u00e9am\u00e9nager le centre du village","previousItem":{"@type":"ListItem","@id":"https:\/\/www.immo-invest.ch\/fr\/categories\/regions\/suisse\/espace-mittelland\/region-soleure\/#listItem","name":"Soleure"}}]},{"@type":"Organization","@id":"https:\/\/www.immo-invest.ch\/fr\/#organization","name":"immo!nvest - Die Plattform f\u00fcr Standorte und Immobilien","description":"Die\u00a0Plattform f\u00fcr Standorte und Immobilien","url":"https:\/\/www.immo-invest.ch\/fr\/","email":"admin@immomedia.ag","telephone":"+41444420002","logo":{"@type":"ImageObject","url":"https:\/\/www.immo-invest.ch\/wp-content\/uploads\/2024\/09\/immoinvest_sm-scaled.jpg","@id":"https:\/\/www.immo-invest.ch\/fr\/subingen-kann-das-dorfzentrum-neu-ordnen\/#organizationLogo","width":2560,"height":1340},"image":{"@id":"https:\/\/www.immo-invest.ch\/fr\/subingen-kann-das-dorfzentrum-neu-ordnen\/#organizationLogo"},"sameAs":["https:\/\/www.facebook.com\/people\/Immoinvest\/100077962920504\/","https:\/\/x.com\/i\/flow\/login?redirect_after_login=immoinvest_ch","https:\/\/www.instagram.com\/immoinvest_ch\/","https:\/\/www.linkedin.com\/company\/immoinvest-swiss"]},{"@type":"Person","@id":"https:\/\/www.immo-invest.ch\/fr\/author\/immovestuser\/#author","url":"https:\/\/www.immo-invest.ch\/fr\/author\/immovestuser\/","name":"immovestuser","image":{"@type":"ImageObject","@id":"https:\/\/www.immo-invest.ch\/fr\/subingen-kann-das-dorfzentrum-neu-ordnen\/#authorImage","url":"https:\/\/secure.gravatar.com\/avatar\/8e01f4d99f2eeea7a362ebb93305e1172a70e9293ba250f897a65c39f54cdd1e?s=96&d=mm&r=g","width":96,"height":96,"caption":"immovestuser"}},{"@type":"WebPage","@id":"https:\/\/www.immo-invest.ch\/fr\/subingen-kann-das-dorfzentrum-neu-ordnen\/#webpage","url":"https:\/\/www.immo-invest.ch\/fr\/subingen-kann-das-dorfzentrum-neu-ordnen\/","name":"Subingen peut r\u00e9am\u00e9nager le centre du village - immo!nvest - Die Plattform f\u00fcr Standorte und Immobilien","description":"Suite \u00e0 la d\u00e9cision rendue par le Conseil d'\u00c9tat de Soleure sur le recours, la r\u00e9vision totale du plan d'am\u00e9nagement de Subingen est d\u00e9sormais d\u00e9finitive. Cela met fin \u00e0 une proc\u00e9dure qui a dur\u00e9 plus de dix ans et permet \u00e0 la commune de se pencher \u00e0 nouveau de mani\u00e8re contraignante sur les projets de d\u00e9veloppement interne et de r\u00e9am\u00e9nagement du centre du village.","inLanguage":"fr-FR","isPartOf":{"@id":"https:\/\/www.immo-invest.ch\/fr\/#website"},"breadcrumb":{"@id":"https:\/\/www.immo-invest.ch\/fr\/subingen-kann-das-dorfzentrum-neu-ordnen\/#breadcrumblist"},"author":{"@id":"https:\/\/www.immo-invest.ch\/fr\/author\/immovestuser\/#author"},"creator":{"@id":"https:\/\/www.immo-invest.ch\/fr\/author\/immovestuser\/#author"},"image":{"@type":"ImageObject","url":"https:\/\/www.immo-invest.ch\/wp-content\/uploads\/2026\/07\/Subingen-kann-das-Dorfzentrum-neu-ordnen-immo-invest.png","@id":"https:\/\/www.immo-invest.ch\/fr\/subingen-kann-das-dorfzentrum-neu-ordnen\/#mainImage","width":1536,"height":768},"primaryImageOfPage":{"@id":"https:\/\/www.immo-invest.ch\/fr\/subingen-kann-das-dorfzentrum-neu-ordnen\/#mainImage"},"datePublished":"2026-07-16T15:00:00+02:00","dateModified":"2026-07-16T09:47:47+02:00"},{"@type":"WebSite","@id":"https:\/\/www.immo-invest.ch\/fr\/#website","url":"https:\/\/www.immo-invest.ch\/fr\/","name":"immo!nvest - Die Plattform f\u00fcr Standorte und Immobilien","description":"Die\u00a0Plattform f\u00fcr Standorte und Immobilien","inLanguage":"fr-FR","publisher":{"@id":"https:\/\/www.immo-invest.ch\/fr\/#organization"}}]},"og:locale":"fr_FR","og:site_name":"immo!nvest - Die Plattform f\u00fcr Standorte und Immobilien - Die\u00a0Plattform f\u00fcr Standorte und Immobilien","og:type":"article","og:title":"Subingen peut r\u00e9am\u00e9nager le centre du village - immo!nvest - Die Plattform f\u00fcr Standorte und Immobilien","og:description":"Suite \u00e0 la d\u00e9cision rendue par le Conseil d'\u00c9tat de Soleure sur le recours, la r\u00e9vision totale du plan d'am\u00e9nagement de Subingen est d\u00e9sormais d\u00e9finitive. Cela met fin \u00e0 une proc\u00e9dure qui a dur\u00e9 plus de dix ans et permet \u00e0 la commune de se pencher \u00e0 nouveau de mani\u00e8re contraignante sur les projets de d\u00e9veloppement interne et de r\u00e9am\u00e9nagement du centre du village.","og:url":"https:\/\/www.immo-invest.ch\/fr\/subingen-kann-das-dorfzentrum-neu-ordnen\/","og:image":"https:\/\/www.immo-invest.ch\/wp-content\/uploads\/2026\/07\/Subingen-kann-das-Dorfzentrum-neu-ordnen-immo-invest.png","og:image:secure_url":"https:\/\/www.immo-invest.ch\/wp-content\/uploads\/2026\/07\/Subingen-kann-das-Dorfzentrum-neu-ordnen-immo-invest.png","og:image:width":1536,"og:image:height":768,"article:published_time":"2026-07-16T13:00:00+00:00","article:modified_time":"2026-07-16T07:47:47+00:00","article:publisher":"https:\/\/www.facebook.com\/people\/Immoinvest\/100077962920504\/","twitter:card":"summary_large_image","twitter:site":"@i","twitter:title":"Subingen peut r\u00e9am\u00e9nager le centre du village - immo!nvest - Die Plattform f\u00fcr Standorte und Immobilien","twitter:description":"Suite \u00e0 la d\u00e9cision rendue par le Conseil d'\u00c9tat de Soleure sur le recours, la r\u00e9vision totale du plan d'am\u00e9nagement de Subingen est d\u00e9sormais d\u00e9finitive. Cela met fin \u00e0 une proc\u00e9dure qui a dur\u00e9 plus de dix ans et permet \u00e0 la commune de se pencher \u00e0 nouveau de mani\u00e8re contraignante sur les projets de d\u00e9veloppement interne et de r\u00e9am\u00e9nagement du centre du village.","twitter:creator":"@i","twitter:image":"https:\/\/www.immo-invest.ch\/wp-content\/uploads\/2026\/07\/Subingen-kann-das-Dorfzentrum-neu-ordnen-immo-invest.png"},"aioseo_meta_data":{"post_id":"161365","title":null,"description":null,"keywords":null,"keyphrases":{"focus":{"keyphrase":"","score":0,"analysis":{"keyphraseInTitle":{"score":0,"maxScore":9,"error":1}}},"additional":[]},"primary_term":null,"canonical_url":null,"og_title":null,"og_description":null,"og_object_type":"default","og_image_type":"default","og_image_url":null,"og_image_width":null,"og_image_height":null,"og_image_custom_url":null,"og_image_custom_fields":null,"og_video":"","og_custom_url":null,"og_article_section":null,"og_article_tags":null,"twitter_use_og":false,"twitter_card":"default","twitter_image_type":"default","twitter_image_url":null,"twitter_image_custom_url":null,"twitter_image_custom_fields":null,"twitter_title":null,"twitter_description":null,"schema":{"blockGraphs":[],"customGraphs":[],"default":{"data":{"Article":[],"Course":[],"Dataset":[],"FAQPage":[],"Movie":[],"Person":[],"Product":[],"ProductReview":[],"Car":[],"Recipe":[],"Service":[],"SoftwareApplication":[],"WebPage":[]},"graphName":"BlogPosting","isEnabled":true},"graphs":[]},"schema_type":"default","schema_type_options":null,"pillar_content":false,"robots_default":true,"robots_noindex":false,"robots_noarchive":false,"robots_nosnippet":false,"robots_nofollow":false,"robots_noimageindex":false,"robots_noodp":false,"robots_notranslate":false,"robots_max_snippet":"-1","robots_max_videopreview":"-1","robots_max_imagepreview":"large","priority":null,"frequency":"default","local_seo":null,"breadcrumb_settings":null,"limit_modified_date":false,"ai":{"faqs":[],"keyPoints":[],"schemas":[],"titles":[],"descriptions":[],"socialPosts":{"email":{"subject":"","preview":"","content":""},"linkedin":[],"twitter":[],"facebook":[],"instagram":[]}},"created":"2026-07-16 07:47:47","updated":"2026-07-16 13:03:23","seo_analyzer_scan_date":null,"focus_keyword":null,"additional_keywords":null,"truseo_locale":null},"aioseo_breadcrumb":"<div class=\"aioseo-breadcrumbs\"><span class=\"aioseo-breadcrumb\">\n\t\t\t<a href=\"https:\/\/www.immo-invest.ch\/fr\/\" title=\"Home\">Home<\/a>\n\t\t<\/span><span class=\"aioseo-breadcrumb-separator\">&raquo;<\/span><span class=\"aioseo-breadcrumb\">\n\t\t\t<a href=\"https:\/\/www.immo-invest.ch\/fr\/categories\/regions\/\" title=\"R\u00e9gions\">R\u00e9gions<\/a>\n\t\t<\/span><span class=\"aioseo-breadcrumb-separator\">&raquo;<\/span><span class=\"aioseo-breadcrumb\">\n\t\t\t<a href=\"https:\/\/www.immo-invest.ch\/fr\/categories\/regions\/suisse\/\" title=\"Suisse\">Suisse<\/a>\n\t\t<\/span><span class=\"aioseo-breadcrumb-separator\">&raquo;<\/span><span class=\"aioseo-breadcrumb\">\n\t\t\t<a href=\"https:\/\/www.immo-invest.ch\/fr\/categories\/regions\/suisse\/espace-mittelland\/\" title=\"Espace Mittelland\">Espace Mittelland<\/a>\n\t\t<\/span><span class=\"aioseo-breadcrumb-separator\">&raquo;<\/span><span class=\"aioseo-breadcrumb\">\n\t\t\t<a href=\"https:\/\/www.immo-invest.ch\/fr\/categories\/regions\/suisse\/espace-mittelland\/region-soleure\/\" title=\"Soleure\">Soleure<\/a>\n\t\t<\/span><span class=\"aioseo-breadcrumb-separator\">&raquo;<\/span><span class=\"aioseo-breadcrumb\">\n\t\t\tSubingen peut r\u00e9am\u00e9nager le centre du village\n\t\t<\/span><\/div>","aioseo_breadcrumb_json":[{"label":"Home","link":"https:\/\/www.immo-invest.ch\/fr\/"},{"label":"R\u00e9gions","link":"https:\/\/www.immo-invest.ch\/fr\/categories\/regions\/"},{"label":"Suisse","link":"https:\/\/www.immo-invest.ch\/fr\/categories\/regions\/suisse\/"},{"label":"Espace Mittelland","link":"https:\/\/www.immo-invest.ch\/fr\/categories\/regions\/suisse\/espace-mittelland\/"},{"label":"Soleure","link":"https:\/\/www.immo-invest.ch\/fr\/categories\/regions\/suisse\/espace-mittelland\/region-soleure\/"},{"label":"Subingen peut r\u00e9am\u00e9nager le centre du village","link":"https:\/\/www.immo-invest.ch\/fr\/subingen-kann-das-dorfzentrum-neu-ordnen\/"}],"featured_image_src":"https:\/\/www.immo-invest.ch\/wp-content\/uploads\/2026\/07\/Subingen-kann-das-Dorfzentrum-neu-ordnen-immo-invest-336x168.png","_links":{"self":[{"href":"https:\/\/www.immo-invest.ch\/fr\/wp-json\/wp\/v2\/posts\/161365","targetHints":{"allow":["GET"]}}],"collection":[{"href":"https:\/\/www.immo-invest.ch\/fr\/wp-json\/wp\/v2\/posts"}],"about":[{"href":"https:\/\/www.immo-invest.ch\/fr\/wp-json\/wp\/v2\/types\/post"}],"author":[{"embeddable":true,"href":"https:\/\/www.immo-invest.ch\/fr\/wp-json\/wp\/v2\/users\/2"}],"replies":[{"embeddable":true,"href":"https:\/\/www.immo-invest.ch\/fr\/wp-json\/wp\/v2\/comments?post=161365"}],"version-history":[{"count":3,"href":"https:\/\/www.immo-invest.ch\/fr\/wp-json\/wp\/v2\/posts\/161365\/revisions"}],"predecessor-version":[{"id":161372,"href":"https:\/\/www.immo-invest.ch\/fr\/wp-json\/wp\/v2\/posts\/161365\/revisions\/161372"}],"wp:featuredmedia":[{"embeddable":true,"href":"https:\/\/www.immo-invest.ch\/fr\/wp-json\/wp\/v2\/media\/161366"}],"wp:attachment":[{"href":"https:\/\/www.immo-invest.ch\/fr\/wp-json\/wp\/v2\/media?parent=161365"}],"wp:term":[{"taxonomy":"category","embeddable":true,"href":"https:\/\/www.immo-invest.ch\/fr\/wp-json\/wp\/v2\/categories?post=161365"},{"taxonomy":"post_tag","embeddable":true,"href":"https:\/\/www.immo-invest.ch\/fr\/wp-json\/wp\/v2\/tags?post=161365"}],"curies":[{"name":"wp","href":"https:\/\/api.w.org\/{rel}","templated":true}]}}