{"id":161352,"date":"2026-07-16T11:00:00","date_gmt":"2026-07-16T09:00:00","guid":{"rendered":"https:\/\/www.immo-invest.ch\/?p=161352"},"modified":"2026-07-16T09:34:10","modified_gmt":"2026-07-16T07:34:10","slug":"luzerner-vorkaufsrecht-landet-vor-gericht","status":"publish","type":"post","link":"https:\/\/www.immo-invest.ch\/fr\/luzerner-vorkaufsrecht-landet-vor-gericht\/","title":{"rendered":"Le droit de pr\u00e9emption de Lucerne devant les tribunaux"},"content":{"rendered":"<p>&Agrave; Lucerne, le nouveau droit de pr&eacute;emption communal sur les biens immobiliers fait l&rsquo;objet d&rsquo;une bataille juridique. Apr&egrave;s le &laquo; oui &raquo; des &eacute;lecteurs du 14 juin 2026, un recours contre l&rsquo;arr&ecirc;t&eacute; porte devant le tribunal cantonal la question de savoir si cette mesure est admissible en l&rsquo;absence de base l&eacute;gale cantonale et si la r&eacute;glementation peut entrer en vigueur comme pr&eacute;vu &agrave; partir de janvier 2027.<\/p>\n<div class=\"pmpro\">\n<div class=\"pmpro_card pmpro_content_message\">\n<h2 class=\"pmpro_card_title pmpro_font-large\"><svg xmlns=\"http:\/\/www.w3.org\/2000\/svg\" width=\"24\" height=\"24\" viewbox=\"0 0 24 24\" fill=\"none\" stroke=\"var(--pmpro--color--accent)\" stroke-width=\"2\" stroke-linecap=\"round\" stroke-linejoin=\"round\" class=\"feather feather-lock\"><rect x=\"3\" y=\"11\" width=\"18\" height=\"11\" rx=\"2\" ry=\"2\"><\/rect><path d=\"M7 11V7a5 5 0 0 1 10 0v4\"><\/path><\/svg>Adh&eacute;sion requise<\/h2>\n<div class=\"pmpro_card_content\">En vous abonnant, vous b&eacute;n&eacute;ficiez d&rsquo;un acc&egrave;s exclusif &agrave; tous les articles.\n<div class=\"buttons\"><a href=\"https:\/\/www.immo-invest.ch\/fr\/login\/\">S&rsquo;inscrire<\/a> <a href=\"https:\/\/www.immo-invest.ch\/fr\/abo-bestellen\/\">S&rsquo;abonner<\/a><\/div>\n<\/div>\n<div class=\"pmpro_card_actions pmpro_font-medium\">Vous &ecirc;tes d&eacute;j&agrave; membre ? <a href=\"https:\/\/www.immo-invest.ch\/fr\/login-2\/?redirect_to=https%3A%2F%2Fwww.immo-invest.ch%2Ffr%2Fluzerner-vorkaufsrecht-landet-vor-gericht%2F\">Connectez-vous ici<\/a><\/div>\n<\/div>\n<\/div>\n","protected":false},"excerpt":{"rendered":"<p>\u00c0 Lucerne, le nouveau droit de pr\u00e9emption communal sur les biens immobiliers fait l'objet d'une bataille juridique. Apr\u00e8s le \u00ab oui \u00bb des \u00e9lecteurs du 14 juin 2026, un recours contre l'arr\u00eat\u00e9 porte devant le tribunal cantonal la question de savoir si cette mesure est admissible en l'absence de base l\u00e9gale cantonale et si la r\u00e9glementation peut entrer en vigueur comme pr\u00e9vu \u00e0 partir de janvier 2027.<\/p>\n<div class=\"pmpro\"><div class=\"pmpro_card pmpro_content_message\"><h2 class=\"pmpro_card_title pmpro_font-large\"><svg xmlns=\"http:\/\/www.w3.org\/2000\/svg\" width=\"24\" height=\"24\" viewBox=\"0 0 24 24\" fill=\"none\" stroke=\"var(--pmpro--color--accent)\" stroke-width=\"2\" stroke-linecap=\"round\" stroke-linejoin=\"round\" class=\"feather feather-lock\"><rect x=\"3\" y=\"11\" width=\"18\" height=\"11\" rx=\"2\" ry=\"2\"><\/rect><path d=\"M7 11V7a5 5 0 0 1 10 0v4\"><\/path><\/svg>Adh\u00e9sion requise<\/h2><div class=\"pmpro_card_content\">En vous abonnant, vous b\u00e9n\u00e9ficiez d'un acc\u00e8s exclusif \u00e0 tous les articles.<br \/><div class=\"buttons\"><a href=\"https:\/\/www.immo-invest.ch\/fr\/login\/\">S'inscrire<\/a> <a href=\"https:\/\/www.immo-invest.ch\/fr\/abo-bestellen\/\">S'abonner<\/a><\/div> <\/div><div class=\"pmpro_card_actions pmpro_font-medium\">Vous \u00eates d\u00e9j\u00e0 membre ? <a href=\"https:\/\/www.immo-invest.ch\/fr\/login-2\/?redirect_to=https%3A%2F%2Fwww.immo-invest.ch%2Ffr%2Fluzerner-vorkaufsrecht-landet-vor-gericht%2F\">Connectez-vous ici<\/a><\/div><\/div><\/div>","protected":false},"author":2,"featured_media":161353,"comment_status":"open","ping_status":"open","sticky":false,"template":"","format":"standard","meta":{"pmpro_default_level":"","inline_featured_image":false,"_monsterinsights_skip_tracking":false,"footnotes":""},"categories":[55982,22306,9437,56027,56003],"tags":[872,3931,60550,2002,60551,38680,57843,38873],"class_list":["post-161352","post","type-post","status-publish","format-standard","has-post-thumbnail","hentry","category-associations","category-immo-invest-plus","category-region-lucerne","category-planification-developpement","category-residentiel","tag-immoinvest-fr","tag-immonews-fr","tag-kantonsgericht-luzern","tag-news-fr","tag-stadt-luzern","tag-vorkaufsrecht-fr","tag-wohnraumpolitik","tag-wohnungsknappheit-fr","pmpro-level-required","pmpro-level-2","pmpro-level-4","pmpro-level-5","pmpro-level-6","pmpro-level-7","pmpro-level-8","pmpro-no-access"],"acf":{"bild_mit_ki_erstellt_worden":["Ja"],"lead":"\u00c0 Lucerne, le nouveau droit de pr\u00e9emption communal sur les biens immobiliers fait l'objet d'une bataille juridique. Apr\u00e8s le \u00ab oui \u00bb des \u00e9lecteurs du 14 juin 2026, un recours contre l'arr\u00eat\u00e9 porte devant le tribunal cantonal la question de savoir si cette mesure est admissible en l'absence de base l\u00e9gale cantonale et si la r\u00e9glementation peut entrer en vigueur comme pr\u00e9vu \u00e0 partir de janvier 2027.","autor":"","ort":"","bildunterschrift":"","bild_im_grid":false,"gallerie":"","newsim":"3389"},"aioseo_notices":[],"aioseo_head":"\n\t\t<!-- All in One SEO 5.0.0.1 - aioseo.com -->\n\t<meta name=\"description\" content=\"\u00c0 Lucerne, le nouveau droit de pr\u00e9emption communal sur les biens immobiliers fait l&#039;objet d&#039;une bataille juridique. Apr\u00e8s le \u00ab oui \u00bb des \u00e9lecteurs du 14 juin 2026, un recours contre l&#039;arr\u00eat\u00e9 porte devant le tribunal cantonal la question de savoir si cette mesure est admissible en l&#039;absence de base l\u00e9gale cantonale et si la r\u00e9glementation peut entrer en vigueur comme pr\u00e9vu \u00e0 partir de janvier 2027.\" \/>\n\t<meta name=\"robots\" content=\"max-image-preview:large\" \/>\n\t<meta name=\"author\" content=\"immovestuser\"\/>\n\t<meta name=\"google-site-verification\" content=\"fHJKvgWpZCR2zVBHWfkQeFXC11qieUSff0HGNYfuyLA\" \/>\n\t<link rel=\"canonical\" href=\"https:\/\/www.immo-invest.ch\/fr\/luzerner-vorkaufsrecht-landet-vor-gericht\/\" \/>\n\t<meta name=\"generator\" content=\"All in One SEO (AIOSEO) 5.0.0.1\" \/>\n\t\t<meta property=\"og:locale\" content=\"fr_FR\" \/>\n\t\t<meta property=\"og:site_name\" content=\"immo!nvest - Die Plattform f\u00fcr Standorte und Immobilien - Die\u00a0Plattform f\u00fcr Standorte und Immobilien\" \/>\n\t\t<meta property=\"og:type\" content=\"article\" \/>\n\t\t<meta property=\"og:title\" content=\"Le droit de pr\u00e9emption de Lucerne devant les tribunaux - immo!nvest - Die Plattform f\u00fcr Standorte und Immobilien\" \/>\n\t\t<meta property=\"og:description\" content=\"\u00c0 Lucerne, le nouveau droit de pr\u00e9emption communal sur les biens immobiliers fait l&#039;objet d&#039;une bataille juridique. Apr\u00e8s le \u00ab oui \u00bb des \u00e9lecteurs du 14 juin 2026, un recours contre l&#039;arr\u00eat\u00e9 porte devant le tribunal cantonal la question de savoir si cette mesure est admissible en l&#039;absence de base l\u00e9gale cantonale et si la r\u00e9glementation peut entrer en vigueur comme pr\u00e9vu \u00e0 partir de janvier 2027.\" \/>\n\t\t<meta property=\"og:url\" content=\"https:\/\/www.immo-invest.ch\/fr\/luzerner-vorkaufsrecht-landet-vor-gericht\/\" \/>\n\t\t<meta property=\"og:image\" content=\"https:\/\/www.immo-invest.ch\/wp-content\/uploads\/2026\/07\/Luzerner-Vorkaufsrecht-landet-vor-Gericht-immo-invest.png\" \/>\n\t\t<meta property=\"og:image:secure_url\" content=\"https:\/\/www.immo-invest.ch\/wp-content\/uploads\/2026\/07\/Luzerner-Vorkaufsrecht-landet-vor-Gericht-immo-invest.png\" \/>\n\t\t<meta property=\"og:image:width\" content=\"1536\" \/>\n\t\t<meta property=\"og:image:height\" content=\"768\" \/>\n\t\t<meta property=\"article:published_time\" content=\"2026-07-16T09:00:00+00:00\" \/>\n\t\t<meta property=\"article:modified_time\" content=\"2026-07-16T07:34:10+00:00\" \/>\n\t\t<meta property=\"article:publisher\" content=\"https:\/\/www.facebook.com\/people\/Immoinvest\/100077962920504\/\" \/>\n\t\t<meta name=\"twitter:card\" content=\"summary_large_image\" \/>\n\t\t<meta name=\"twitter:site\" content=\"@i\" \/>\n\t\t<meta name=\"twitter:title\" content=\"Le droit de pr\u00e9emption de Lucerne devant les tribunaux - immo!nvest - Die Plattform f\u00fcr Standorte und Immobilien\" \/>\n\t\t<meta name=\"twitter:description\" content=\"\u00c0 Lucerne, le nouveau droit de pr\u00e9emption communal sur les biens immobiliers fait l&#039;objet d&#039;une bataille juridique. Apr\u00e8s le \u00ab oui \u00bb des \u00e9lecteurs du 14 juin 2026, un recours contre l&#039;arr\u00eat\u00e9 porte devant le tribunal cantonal la question de savoir si cette mesure est admissible en l&#039;absence de base l\u00e9gale cantonale et si la r\u00e9glementation peut entrer en vigueur comme pr\u00e9vu \u00e0 partir de janvier 2027.\" \/>\n\t\t<meta name=\"twitter:creator\" content=\"@i\" \/>\n\t\t<meta name=\"twitter:image\" content=\"https:\/\/www.immo-invest.ch\/wp-content\/uploads\/2026\/07\/Luzerner-Vorkaufsrecht-landet-vor-Gericht-immo-invest.png\" \/>\n\t\t<script type=\"application\/ld+json\" class=\"aioseo-schema\">\n\t\t\t{\"@context\":\"https:\\\/\\\/schema.org\",\"@graph\":[{\"@type\":\"BlogPosting\",\"@id\":\"https:\\\/\\\/www.immo-invest.ch\\\/fr\\\/luzerner-vorkaufsrecht-landet-vor-gericht\\\/#blogposting\",\"name\":\"Le droit de pr\\u00e9emption de Lucerne devant les tribunaux - immo!nvest - Die Plattform f\\u00fcr Standorte und Immobilien\",\"headline\":\"Le droit de pr\\u00e9emption de Lucerne devant les tribunaux\",\"author\":{\"@id\":\"https:\\\/\\\/www.immo-invest.ch\\\/fr\\\/author\\\/immovestuser\\\/#author\"},\"publisher\":{\"@id\":\"https:\\\/\\\/www.immo-invest.ch\\\/fr\\\/#organization\"},\"image\":{\"@type\":\"ImageObject\",\"url\":\"https:\\\/\\\/www.immo-invest.ch\\\/wp-content\\\/uploads\\\/2026\\\/07\\\/Luzerner-Vorkaufsrecht-landet-vor-Gericht-immo-invest.png\",\"width\":1536,\"height\":768},\"datePublished\":\"2026-07-16T11:00:00+02:00\",\"dateModified\":\"2026-07-16T09:34:10+02:00\",\"inLanguage\":\"fr-FR\",\"mainEntityOfPage\":{\"@id\":\"https:\\\/\\\/www.immo-invest.ch\\\/fr\\\/luzerner-vorkaufsrecht-landet-vor-gericht\\\/#webpage\"},\"isPartOf\":{\"@id\":\"https:\\\/\\\/www.immo-invest.ch\\\/fr\\\/luzerner-vorkaufsrecht-landet-vor-gericht\\\/#webpage\"},\"articleSection\":\"Associations, immo!nvest+, Lucerne, Planification \\\/ D\\u00e9veloppement, R\\u00e9sidentiel, Immoinvest, immoNews, Kantonsgericht Luzern, News, Stadt Luzern, Vorkaufsrecht, Wohnraumpolitik, Wohnungsknappheit, Facultatif\"},{\"@type\":\"BreadcrumbList\",\"@id\":\"https:\\\/\\\/www.immo-invest.ch\\\/fr\\\/luzerner-vorkaufsrecht-landet-vor-gericht\\\/#breadcrumblist\",\"itemListElement\":[{\"@type\":\"ListItem\",\"@id\":\"https:\\\/\\\/www.immo-invest.ch\\\/fr\\\/#listItem\",\"position\":1,\"name\":\"Home\",\"item\":\"https:\\\/\\\/www.immo-invest.ch\\\/fr\\\/\",\"nextItem\":{\"@type\":\"ListItem\",\"@id\":\"https:\\\/\\\/www.immo-invest.ch\\\/fr\\\/categories\\\/regions\\\/#listItem\",\"name\":\"R\\u00e9gions\"}},{\"@type\":\"ListItem\",\"@id\":\"https:\\\/\\\/www.immo-invest.ch\\\/fr\\\/categories\\\/regions\\\/#listItem\",\"position\":2,\"name\":\"R\\u00e9gions\",\"item\":\"https:\\\/\\\/www.immo-invest.ch\\\/fr\\\/categories\\\/regions\\\/\",\"nextItem\":{\"@type\":\"ListItem\",\"@id\":\"https:\\\/\\\/www.immo-invest.ch\\\/fr\\\/categories\\\/regions\\\/suisse\\\/#listItem\",\"name\":\"Suisse\"},\"previousItem\":{\"@type\":\"ListItem\",\"@id\":\"https:\\\/\\\/www.immo-invest.ch\\\/fr\\\/#listItem\",\"name\":\"Home\"}},{\"@type\":\"ListItem\",\"@id\":\"https:\\\/\\\/www.immo-invest.ch\\\/fr\\\/categories\\\/regions\\\/suisse\\\/#listItem\",\"position\":3,\"name\":\"Suisse\",\"item\":\"https:\\\/\\\/www.immo-invest.ch\\\/fr\\\/categories\\\/regions\\\/suisse\\\/\",\"nextItem\":{\"@type\":\"ListItem\",\"@id\":\"https:\\\/\\\/www.immo-invest.ch\\\/fr\\\/categories\\\/regions\\\/suisse\\\/region-zentralschweiz\\\/#listItem\",\"name\":\"Zentralschweiz\"},\"previousItem\":{\"@type\":\"ListItem\",\"@id\":\"https:\\\/\\\/www.immo-invest.ch\\\/fr\\\/categories\\\/regions\\\/#listItem\",\"name\":\"R\\u00e9gions\"}},{\"@type\":\"ListItem\",\"@id\":\"https:\\\/\\\/www.immo-invest.ch\\\/fr\\\/categories\\\/regions\\\/suisse\\\/region-zentralschweiz\\\/#listItem\",\"position\":4,\"name\":\"Zentralschweiz\",\"item\":\"https:\\\/\\\/www.immo-invest.ch\\\/fr\\\/categories\\\/regions\\\/suisse\\\/region-zentralschweiz\\\/\",\"nextItem\":{\"@type\":\"ListItem\",\"@id\":\"https:\\\/\\\/www.immo-invest.ch\\\/fr\\\/categories\\\/regions\\\/suisse\\\/region-zentralschweiz\\\/region-lucerne\\\/#listItem\",\"name\":\"Lucerne\"},\"previousItem\":{\"@type\":\"ListItem\",\"@id\":\"https:\\\/\\\/www.immo-invest.ch\\\/fr\\\/categories\\\/regions\\\/suisse\\\/#listItem\",\"name\":\"Suisse\"}},{\"@type\":\"ListItem\",\"@id\":\"https:\\\/\\\/www.immo-invest.ch\\\/fr\\\/categories\\\/regions\\\/suisse\\\/region-zentralschweiz\\\/region-lucerne\\\/#listItem\",\"position\":5,\"name\":\"Lucerne\",\"item\":\"https:\\\/\\\/www.immo-invest.ch\\\/fr\\\/categories\\\/regions\\\/suisse\\\/region-zentralschweiz\\\/region-lucerne\\\/\",\"nextItem\":{\"@type\":\"ListItem\",\"@id\":\"https:\\\/\\\/www.immo-invest.ch\\\/fr\\\/luzerner-vorkaufsrecht-landet-vor-gericht\\\/#listItem\",\"name\":\"Le droit de pr\\u00e9emption de Lucerne devant les tribunaux\"},\"previousItem\":{\"@type\":\"ListItem\",\"@id\":\"https:\\\/\\\/www.immo-invest.ch\\\/fr\\\/categories\\\/regions\\\/suisse\\\/region-zentralschweiz\\\/#listItem\",\"name\":\"Zentralschweiz\"}},{\"@type\":\"ListItem\",\"@id\":\"https:\\\/\\\/www.immo-invest.ch\\\/fr\\\/luzerner-vorkaufsrecht-landet-vor-gericht\\\/#listItem\",\"position\":6,\"name\":\"Le droit de pr\\u00e9emption de Lucerne devant les tribunaux\",\"previousItem\":{\"@type\":\"ListItem\",\"@id\":\"https:\\\/\\\/www.immo-invest.ch\\\/fr\\\/categories\\\/regions\\\/suisse\\\/region-zentralschweiz\\\/region-lucerne\\\/#listItem\",\"name\":\"Lucerne\"}}]},{\"@type\":\"Organization\",\"@id\":\"https:\\\/\\\/www.immo-invest.ch\\\/fr\\\/#organization\",\"name\":\"immo!nvest - Die Plattform f\\u00fcr Standorte und Immobilien\",\"description\":\"Die\\u00a0Plattform f\\u00fcr Standorte und Immobilien\",\"url\":\"https:\\\/\\\/www.immo-invest.ch\\\/fr\\\/\",\"email\":\"admin@immomedia.ag\",\"telephone\":\"+41444420002\",\"logo\":{\"@type\":\"ImageObject\",\"url\":\"https:\\\/\\\/www.immo-invest.ch\\\/wp-content\\\/uploads\\\/2024\\\/09\\\/immoinvest_sm-scaled.jpg\",\"@id\":\"https:\\\/\\\/www.immo-invest.ch\\\/fr\\\/luzerner-vorkaufsrecht-landet-vor-gericht\\\/#organizationLogo\",\"width\":2560,\"height\":1340},\"image\":{\"@id\":\"https:\\\/\\\/www.immo-invest.ch\\\/fr\\\/luzerner-vorkaufsrecht-landet-vor-gericht\\\/#organizationLogo\"},\"sameAs\":[\"https:\\\/\\\/www.facebook.com\\\/people\\\/Immoinvest\\\/100077962920504\\\/\",\"https:\\\/\\\/x.com\\\/i\\\/flow\\\/login?redirect_after_login=immoinvest_ch\",\"https:\\\/\\\/www.instagram.com\\\/immoinvest_ch\\\/\",\"https:\\\/\\\/www.linkedin.com\\\/company\\\/immoinvest-swiss\"]},{\"@type\":\"Person\",\"@id\":\"https:\\\/\\\/www.immo-invest.ch\\\/fr\\\/author\\\/immovestuser\\\/#author\",\"url\":\"https:\\\/\\\/www.immo-invest.ch\\\/fr\\\/author\\\/immovestuser\\\/\",\"name\":\"immovestuser\",\"image\":{\"@type\":\"ImageObject\",\"@id\":\"https:\\\/\\\/www.immo-invest.ch\\\/fr\\\/luzerner-vorkaufsrecht-landet-vor-gericht\\\/#authorImage\",\"url\":\"https:\\\/\\\/secure.gravatar.com\\\/avatar\\\/8e01f4d99f2eeea7a362ebb93305e1172a70e9293ba250f897a65c39f54cdd1e?s=96&d=mm&r=g\",\"width\":96,\"height\":96,\"caption\":\"immovestuser\"}},{\"@type\":\"WebPage\",\"@id\":\"https:\\\/\\\/www.immo-invest.ch\\\/fr\\\/luzerner-vorkaufsrecht-landet-vor-gericht\\\/#webpage\",\"url\":\"https:\\\/\\\/www.immo-invest.ch\\\/fr\\\/luzerner-vorkaufsrecht-landet-vor-gericht\\\/\",\"name\":\"Le droit de pr\\u00e9emption de Lucerne devant les tribunaux - immo!nvest - Die Plattform f\\u00fcr Standorte und Immobilien\",\"description\":\"\\u00c0 Lucerne, le nouveau droit de pr\\u00e9emption communal sur les biens immobiliers fait l'objet d'une bataille juridique. Apr\\u00e8s le \\u00ab oui \\u00bb des \\u00e9lecteurs du 14 juin 2026, un recours contre l'arr\\u00eat\\u00e9 porte devant le tribunal cantonal la question de savoir si cette mesure est admissible en l'absence de base l\\u00e9gale cantonale et si la r\\u00e9glementation peut entrer en vigueur comme pr\\u00e9vu \\u00e0 partir de janvier 2027.\",\"inLanguage\":\"fr-FR\",\"isPartOf\":{\"@id\":\"https:\\\/\\\/www.immo-invest.ch\\\/fr\\\/#website\"},\"breadcrumb\":{\"@id\":\"https:\\\/\\\/www.immo-invest.ch\\\/fr\\\/luzerner-vorkaufsrecht-landet-vor-gericht\\\/#breadcrumblist\"},\"author\":{\"@id\":\"https:\\\/\\\/www.immo-invest.ch\\\/fr\\\/author\\\/immovestuser\\\/#author\"},\"creator\":{\"@id\":\"https:\\\/\\\/www.immo-invest.ch\\\/fr\\\/author\\\/immovestuser\\\/#author\"},\"image\":{\"@type\":\"ImageObject\",\"url\":\"https:\\\/\\\/www.immo-invest.ch\\\/wp-content\\\/uploads\\\/2026\\\/07\\\/Luzerner-Vorkaufsrecht-landet-vor-Gericht-immo-invest.png\",\"@id\":\"https:\\\/\\\/www.immo-invest.ch\\\/fr\\\/luzerner-vorkaufsrecht-landet-vor-gericht\\\/#mainImage\",\"width\":1536,\"height\":768},\"primaryImageOfPage\":{\"@id\":\"https:\\\/\\\/www.immo-invest.ch\\\/fr\\\/luzerner-vorkaufsrecht-landet-vor-gericht\\\/#mainImage\"},\"datePublished\":\"2026-07-16T11:00:00+02:00\",\"dateModified\":\"2026-07-16T09:34:10+02:00\"},{\"@type\":\"WebSite\",\"@id\":\"https:\\\/\\\/www.immo-invest.ch\\\/fr\\\/#website\",\"url\":\"https:\\\/\\\/www.immo-invest.ch\\\/fr\\\/\",\"name\":\"immo!nvest - Die Plattform f\\u00fcr Standorte und Immobilien\",\"description\":\"Die\\u00a0Plattform f\\u00fcr Standorte und Immobilien\",\"inLanguage\":\"fr-FR\",\"publisher\":{\"@id\":\"https:\\\/\\\/www.immo-invest.ch\\\/fr\\\/#organization\"}}]}\n\t\t<\/script>\n\t\t<!-- All in One SEO -->\n\n","aioseo_head_json":{"title":"Le droit de pr\u00e9emption de Lucerne devant les tribunaux - immo!nvest - Die Plattform f\u00fcr Standorte und Immobilien","description":"\u00c0 Lucerne, le nouveau droit de pr\u00e9emption communal sur les biens immobiliers fait l'objet d'une bataille juridique. Apr\u00e8s le \u00ab oui \u00bb des \u00e9lecteurs du 14 juin 2026, un recours contre l'arr\u00eat\u00e9 porte devant le tribunal cantonal la question de savoir si cette mesure est admissible en l'absence de base l\u00e9gale cantonale et si la r\u00e9glementation peut entrer en vigueur comme pr\u00e9vu \u00e0 partir de janvier 2027.","canonical_url":"https:\/\/www.immo-invest.ch\/fr\/luzerner-vorkaufsrecht-landet-vor-gericht\/","robots":"max-image-preview:large","keywords":"","webmasterTools":{"google-site-verification":"fHJKvgWpZCR2zVBHWfkQeFXC11qieUSff0HGNYfuyLA","miscellaneous":""},"schema":{"@context":"https:\/\/schema.org","@graph":[{"@type":"BlogPosting","@id":"https:\/\/www.immo-invest.ch\/fr\/luzerner-vorkaufsrecht-landet-vor-gericht\/#blogposting","name":"Le droit de pr\u00e9emption de Lucerne devant les tribunaux - immo!nvest - Die Plattform f\u00fcr Standorte und Immobilien","headline":"Le droit de pr\u00e9emption de Lucerne devant les tribunaux","author":{"@id":"https:\/\/www.immo-invest.ch\/fr\/author\/immovestuser\/#author"},"publisher":{"@id":"https:\/\/www.immo-invest.ch\/fr\/#organization"},"image":{"@type":"ImageObject","url":"https:\/\/www.immo-invest.ch\/wp-content\/uploads\/2026\/07\/Luzerner-Vorkaufsrecht-landet-vor-Gericht-immo-invest.png","width":1536,"height":768},"datePublished":"2026-07-16T11:00:00+02:00","dateModified":"2026-07-16T09:34:10+02:00","inLanguage":"fr-FR","mainEntityOfPage":{"@id":"https:\/\/www.immo-invest.ch\/fr\/luzerner-vorkaufsrecht-landet-vor-gericht\/#webpage"},"isPartOf":{"@id":"https:\/\/www.immo-invest.ch\/fr\/luzerner-vorkaufsrecht-landet-vor-gericht\/#webpage"},"articleSection":"Associations, immo!nvest+, Lucerne, Planification \/ D\u00e9veloppement, R\u00e9sidentiel, Immoinvest, immoNews, Kantonsgericht Luzern, News, Stadt Luzern, Vorkaufsrecht, Wohnraumpolitik, Wohnungsknappheit, Facultatif"},{"@type":"BreadcrumbList","@id":"https:\/\/www.immo-invest.ch\/fr\/luzerner-vorkaufsrecht-landet-vor-gericht\/#breadcrumblist","itemListElement":[{"@type":"ListItem","@id":"https:\/\/www.immo-invest.ch\/fr\/#listItem","position":1,"name":"Home","item":"https:\/\/www.immo-invest.ch\/fr\/","nextItem":{"@type":"ListItem","@id":"https:\/\/www.immo-invest.ch\/fr\/categories\/regions\/#listItem","name":"R\u00e9gions"}},{"@type":"ListItem","@id":"https:\/\/www.immo-invest.ch\/fr\/categories\/regions\/#listItem","position":2,"name":"R\u00e9gions","item":"https:\/\/www.immo-invest.ch\/fr\/categories\/regions\/","nextItem":{"@type":"ListItem","@id":"https:\/\/www.immo-invest.ch\/fr\/categories\/regions\/suisse\/#listItem","name":"Suisse"},"previousItem":{"@type":"ListItem","@id":"https:\/\/www.immo-invest.ch\/fr\/#listItem","name":"Home"}},{"@type":"ListItem","@id":"https:\/\/www.immo-invest.ch\/fr\/categories\/regions\/suisse\/#listItem","position":3,"name":"Suisse","item":"https:\/\/www.immo-invest.ch\/fr\/categories\/regions\/suisse\/","nextItem":{"@type":"ListItem","@id":"https:\/\/www.immo-invest.ch\/fr\/categories\/regions\/suisse\/region-zentralschweiz\/#listItem","name":"Zentralschweiz"},"previousItem":{"@type":"ListItem","@id":"https:\/\/www.immo-invest.ch\/fr\/categories\/regions\/#listItem","name":"R\u00e9gions"}},{"@type":"ListItem","@id":"https:\/\/www.immo-invest.ch\/fr\/categories\/regions\/suisse\/region-zentralschweiz\/#listItem","position":4,"name":"Zentralschweiz","item":"https:\/\/www.immo-invest.ch\/fr\/categories\/regions\/suisse\/region-zentralschweiz\/","nextItem":{"@type":"ListItem","@id":"https:\/\/www.immo-invest.ch\/fr\/categories\/regions\/suisse\/region-zentralschweiz\/region-lucerne\/#listItem","name":"Lucerne"},"previousItem":{"@type":"ListItem","@id":"https:\/\/www.immo-invest.ch\/fr\/categories\/regions\/suisse\/#listItem","name":"Suisse"}},{"@type":"ListItem","@id":"https:\/\/www.immo-invest.ch\/fr\/categories\/regions\/suisse\/region-zentralschweiz\/region-lucerne\/#listItem","position":5,"name":"Lucerne","item":"https:\/\/www.immo-invest.ch\/fr\/categories\/regions\/suisse\/region-zentralschweiz\/region-lucerne\/","nextItem":{"@type":"ListItem","@id":"https:\/\/www.immo-invest.ch\/fr\/luzerner-vorkaufsrecht-landet-vor-gericht\/#listItem","name":"Le droit de pr\u00e9emption de Lucerne devant les tribunaux"},"previousItem":{"@type":"ListItem","@id":"https:\/\/www.immo-invest.ch\/fr\/categories\/regions\/suisse\/region-zentralschweiz\/#listItem","name":"Zentralschweiz"}},{"@type":"ListItem","@id":"https:\/\/www.immo-invest.ch\/fr\/luzerner-vorkaufsrecht-landet-vor-gericht\/#listItem","position":6,"name":"Le droit de pr\u00e9emption de Lucerne devant les tribunaux","previousItem":{"@type":"ListItem","@id":"https:\/\/www.immo-invest.ch\/fr\/categories\/regions\/suisse\/region-zentralschweiz\/region-lucerne\/#listItem","name":"Lucerne"}}]},{"@type":"Organization","@id":"https:\/\/www.immo-invest.ch\/fr\/#organization","name":"immo!nvest - Die Plattform f\u00fcr Standorte und Immobilien","description":"Die\u00a0Plattform f\u00fcr Standorte und Immobilien","url":"https:\/\/www.immo-invest.ch\/fr\/","email":"admin@immomedia.ag","telephone":"+41444420002","logo":{"@type":"ImageObject","url":"https:\/\/www.immo-invest.ch\/wp-content\/uploads\/2024\/09\/immoinvest_sm-scaled.jpg","@id":"https:\/\/www.immo-invest.ch\/fr\/luzerner-vorkaufsrecht-landet-vor-gericht\/#organizationLogo","width":2560,"height":1340},"image":{"@id":"https:\/\/www.immo-invest.ch\/fr\/luzerner-vorkaufsrecht-landet-vor-gericht\/#organizationLogo"},"sameAs":["https:\/\/www.facebook.com\/people\/Immoinvest\/100077962920504\/","https:\/\/x.com\/i\/flow\/login?redirect_after_login=immoinvest_ch","https:\/\/www.instagram.com\/immoinvest_ch\/","https:\/\/www.linkedin.com\/company\/immoinvest-swiss"]},{"@type":"Person","@id":"https:\/\/www.immo-invest.ch\/fr\/author\/immovestuser\/#author","url":"https:\/\/www.immo-invest.ch\/fr\/author\/immovestuser\/","name":"immovestuser","image":{"@type":"ImageObject","@id":"https:\/\/www.immo-invest.ch\/fr\/luzerner-vorkaufsrecht-landet-vor-gericht\/#authorImage","url":"https:\/\/secure.gravatar.com\/avatar\/8e01f4d99f2eeea7a362ebb93305e1172a70e9293ba250f897a65c39f54cdd1e?s=96&d=mm&r=g","width":96,"height":96,"caption":"immovestuser"}},{"@type":"WebPage","@id":"https:\/\/www.immo-invest.ch\/fr\/luzerner-vorkaufsrecht-landet-vor-gericht\/#webpage","url":"https:\/\/www.immo-invest.ch\/fr\/luzerner-vorkaufsrecht-landet-vor-gericht\/","name":"Le droit de pr\u00e9emption de Lucerne devant les tribunaux - immo!nvest - Die Plattform f\u00fcr Standorte und Immobilien","description":"\u00c0 Lucerne, le nouveau droit de pr\u00e9emption communal sur les biens immobiliers fait l'objet d'une bataille juridique. Apr\u00e8s le \u00ab oui \u00bb des \u00e9lecteurs du 14 juin 2026, un recours contre l'arr\u00eat\u00e9 porte devant le tribunal cantonal la question de savoir si cette mesure est admissible en l'absence de base l\u00e9gale cantonale et si la r\u00e9glementation peut entrer en vigueur comme pr\u00e9vu \u00e0 partir de janvier 2027.","inLanguage":"fr-FR","isPartOf":{"@id":"https:\/\/www.immo-invest.ch\/fr\/#website"},"breadcrumb":{"@id":"https:\/\/www.immo-invest.ch\/fr\/luzerner-vorkaufsrecht-landet-vor-gericht\/#breadcrumblist"},"author":{"@id":"https:\/\/www.immo-invest.ch\/fr\/author\/immovestuser\/#author"},"creator":{"@id":"https:\/\/www.immo-invest.ch\/fr\/author\/immovestuser\/#author"},"image":{"@type":"ImageObject","url":"https:\/\/www.immo-invest.ch\/wp-content\/uploads\/2026\/07\/Luzerner-Vorkaufsrecht-landet-vor-Gericht-immo-invest.png","@id":"https:\/\/www.immo-invest.ch\/fr\/luzerner-vorkaufsrecht-landet-vor-gericht\/#mainImage","width":1536,"height":768},"primaryImageOfPage":{"@id":"https:\/\/www.immo-invest.ch\/fr\/luzerner-vorkaufsrecht-landet-vor-gericht\/#mainImage"},"datePublished":"2026-07-16T11:00:00+02:00","dateModified":"2026-07-16T09:34:10+02:00"},{"@type":"WebSite","@id":"https:\/\/www.immo-invest.ch\/fr\/#website","url":"https:\/\/www.immo-invest.ch\/fr\/","name":"immo!nvest - Die Plattform f\u00fcr Standorte und Immobilien","description":"Die\u00a0Plattform f\u00fcr Standorte und Immobilien","inLanguage":"fr-FR","publisher":{"@id":"https:\/\/www.immo-invest.ch\/fr\/#organization"}}]},"og:locale":"fr_FR","og:site_name":"immo!nvest - Die Plattform f\u00fcr Standorte und Immobilien - Die\u00a0Plattform f\u00fcr Standorte und Immobilien","og:type":"article","og:title":"Le droit de pr\u00e9emption de Lucerne devant les tribunaux - immo!nvest - Die Plattform f\u00fcr Standorte und Immobilien","og:description":"\u00c0 Lucerne, le nouveau droit de pr\u00e9emption communal sur les biens immobiliers fait l'objet d'une bataille juridique. Apr\u00e8s le \u00ab oui \u00bb des \u00e9lecteurs du 14 juin 2026, un recours contre l'arr\u00eat\u00e9 porte devant le tribunal cantonal la question de savoir si cette mesure est admissible en l'absence de base l\u00e9gale cantonale et si la r\u00e9glementation peut entrer en vigueur comme pr\u00e9vu \u00e0 partir de janvier 2027.","og:url":"https:\/\/www.immo-invest.ch\/fr\/luzerner-vorkaufsrecht-landet-vor-gericht\/","og:image":"https:\/\/www.immo-invest.ch\/wp-content\/uploads\/2026\/07\/Luzerner-Vorkaufsrecht-landet-vor-Gericht-immo-invest.png","og:image:secure_url":"https:\/\/www.immo-invest.ch\/wp-content\/uploads\/2026\/07\/Luzerner-Vorkaufsrecht-landet-vor-Gericht-immo-invest.png","og:image:width":1536,"og:image:height":768,"article:published_time":"2026-07-16T09:00:00+00:00","article:modified_time":"2026-07-16T07:34:10+00:00","article:publisher":"https:\/\/www.facebook.com\/people\/Immoinvest\/100077962920504\/","twitter:card":"summary_large_image","twitter:site":"@i","twitter:title":"Le droit de pr\u00e9emption de Lucerne devant les tribunaux - immo!nvest - Die Plattform f\u00fcr Standorte und Immobilien","twitter:description":"\u00c0 Lucerne, le nouveau droit de pr\u00e9emption communal sur les biens immobiliers fait l'objet d'une bataille juridique. Apr\u00e8s le \u00ab oui \u00bb des \u00e9lecteurs du 14 juin 2026, un recours contre l'arr\u00eat\u00e9 porte devant le tribunal cantonal la question de savoir si cette mesure est admissible en l'absence de base l\u00e9gale cantonale et si la r\u00e9glementation peut entrer en vigueur comme pr\u00e9vu \u00e0 partir de janvier 2027.","twitter:creator":"@i","twitter:image":"https:\/\/www.immo-invest.ch\/wp-content\/uploads\/2026\/07\/Luzerner-Vorkaufsrecht-landet-vor-Gericht-immo-invest.png"},"aioseo_meta_data":{"post_id":"161352","title":null,"description":null,"keywords":null,"keyphrases":{"focus":{"keyphrase":"","score":0,"analysis":{"keyphraseInTitle":{"score":0,"maxScore":9,"error":1}}},"additional":[]},"primary_term":null,"canonical_url":null,"og_title":null,"og_description":null,"og_object_type":"default","og_image_type":"default","og_image_url":null,"og_image_width":null,"og_image_height":null,"og_image_custom_url":null,"og_image_custom_fields":null,"og_video":"","og_custom_url":null,"og_article_section":null,"og_article_tags":null,"twitter_use_og":false,"twitter_card":"default","twitter_image_type":"default","twitter_image_url":null,"twitter_image_custom_url":null,"twitter_image_custom_fields":null,"twitter_title":null,"twitter_description":null,"schema":{"blockGraphs":[],"customGraphs":[],"default":{"data":{"Article":[],"Course":[],"Dataset":[],"FAQPage":[],"Movie":[],"Person":[],"Product":[],"ProductReview":[],"Car":[],"Recipe":[],"Service":[],"SoftwareApplication":[],"WebPage":[]},"graphName":"BlogPosting","isEnabled":true},"graphs":[]},"schema_type":"default","schema_type_options":null,"pillar_content":false,"robots_default":true,"robots_noindex":false,"robots_noarchive":false,"robots_nosnippet":false,"robots_nofollow":false,"robots_noimageindex":false,"robots_noodp":false,"robots_notranslate":false,"robots_max_snippet":"-1","robots_max_videopreview":"-1","robots_max_imagepreview":"large","priority":null,"frequency":"default","local_seo":null,"breadcrumb_settings":null,"limit_modified_date":false,"ai":{"faqs":[],"keyPoints":[],"schemas":[],"titles":[],"descriptions":[],"socialPosts":{"email":{"subject":"","preview":"","content":""},"linkedin":[],"twitter":[],"facebook":[],"instagram":[]}},"created":"2026-07-16 07:34:10","updated":"2026-07-16 09:41:17","seo_analyzer_scan_date":null,"focus_keyword":null,"additional_keywords":null,"truseo_locale":null},"aioseo_breadcrumb":"<div class=\"aioseo-breadcrumbs\"><span class=\"aioseo-breadcrumb\">\n\t\t\t<a href=\"https:\/\/www.immo-invest.ch\/fr\/\" title=\"Home\">Home<\/a>\n\t\t<\/span><span class=\"aioseo-breadcrumb-separator\">&raquo;<\/span><span class=\"aioseo-breadcrumb\">\n\t\t\t<a href=\"https:\/\/www.immo-invest.ch\/fr\/categories\/regions\/\" title=\"R\u00e9gions\">R\u00e9gions<\/a>\n\t\t<\/span><span class=\"aioseo-breadcrumb-separator\">&raquo;<\/span><span class=\"aioseo-breadcrumb\">\n\t\t\t<a href=\"https:\/\/www.immo-invest.ch\/fr\/categories\/regions\/suisse\/\" title=\"Suisse\">Suisse<\/a>\n\t\t<\/span><span class=\"aioseo-breadcrumb-separator\">&raquo;<\/span><span class=\"aioseo-breadcrumb\">\n\t\t\t<a href=\"https:\/\/www.immo-invest.ch\/fr\/categories\/regions\/suisse\/region-zentralschweiz\/\" title=\"Zentralschweiz\">Zentralschweiz<\/a>\n\t\t<\/span><span class=\"aioseo-breadcrumb-separator\">&raquo;<\/span><span class=\"aioseo-breadcrumb\">\n\t\t\t<a href=\"https:\/\/www.immo-invest.ch\/fr\/categories\/regions\/suisse\/region-zentralschweiz\/region-lucerne\/\" title=\"Lucerne\">Lucerne<\/a>\n\t\t<\/span><span class=\"aioseo-breadcrumb-separator\">&raquo;<\/span><span class=\"aioseo-breadcrumb\">\n\t\t\tLe droit de pr\u00e9emption de Lucerne devant les tribunaux\n\t\t<\/span><\/div>","aioseo_breadcrumb_json":[{"label":"Home","link":"https:\/\/www.immo-invest.ch\/fr\/"},{"label":"R\u00e9gions","link":"https:\/\/www.immo-invest.ch\/fr\/categories\/regions\/"},{"label":"Suisse","link":"https:\/\/www.immo-invest.ch\/fr\/categories\/regions\/suisse\/"},{"label":"Zentralschweiz","link":"https:\/\/www.immo-invest.ch\/fr\/categories\/regions\/suisse\/region-zentralschweiz\/"},{"label":"Lucerne","link":"https:\/\/www.immo-invest.ch\/fr\/categories\/regions\/suisse\/region-zentralschweiz\/region-lucerne\/"},{"label":"Le droit de pr\u00e9emption de Lucerne devant les tribunaux","link":"https:\/\/www.immo-invest.ch\/fr\/luzerner-vorkaufsrecht-landet-vor-gericht\/"}],"featured_image_src":"https:\/\/www.immo-invest.ch\/wp-content\/uploads\/2026\/07\/Luzerner-Vorkaufsrecht-landet-vor-Gericht-immo-invest-336x168.png","_links":{"self":[{"href":"https:\/\/www.immo-invest.ch\/fr\/wp-json\/wp\/v2\/posts\/161352","targetHints":{"allow":["GET"]}}],"collection":[{"href":"https:\/\/www.immo-invest.ch\/fr\/wp-json\/wp\/v2\/posts"}],"about":[{"href":"https:\/\/www.immo-invest.ch\/fr\/wp-json\/wp\/v2\/types\/post"}],"author":[{"embeddable":true,"href":"https:\/\/www.immo-invest.ch\/fr\/wp-json\/wp\/v2\/users\/2"}],"replies":[{"embeddable":true,"href":"https:\/\/www.immo-invest.ch\/fr\/wp-json\/wp\/v2\/comments?post=161352"}],"version-history":[{"count":2,"href":"https:\/\/www.immo-invest.ch\/fr\/wp-json\/wp\/v2\/posts\/161352\/revisions"}],"predecessor-version":[{"id":161360,"href":"https:\/\/www.immo-invest.ch\/fr\/wp-json\/wp\/v2\/posts\/161352\/revisions\/161360"}],"wp:featuredmedia":[{"embeddable":true,"href":"https:\/\/www.immo-invest.ch\/fr\/wp-json\/wp\/v2\/media\/161353"}],"wp:attachment":[{"href":"https:\/\/www.immo-invest.ch\/fr\/wp-json\/wp\/v2\/media?parent=161352"}],"wp:term":[{"taxonomy":"category","embeddable":true,"href":"https:\/\/www.immo-invest.ch\/fr\/wp-json\/wp\/v2\/categories?post=161352"},{"taxonomy":"post_tag","embeddable":true,"href":"https:\/\/www.immo-invest.ch\/fr\/wp-json\/wp\/v2\/tags?post=161352"}],"curies":[{"name":"wp","href":"https:\/\/api.w.org\/{rel}","templated":true}]}}