{"id":161337,"date":"2026-07-16T09:00:00","date_gmt":"2026-07-16T07:00:00","guid":{"rendered":"https:\/\/www.immo-invest.ch\/?p=161337"},"modified":"2026-07-16T09:23:08","modified_gmt":"2026-07-16T07:23:08","slug":"zuerich-kippt-die-alte-regel-zu-miete-und-kauf","status":"publish","type":"post","link":"https:\/\/www.immo-invest.ch\/fr\/zuerich-kippt-die-alte-regel-zu-miete-und-kauf\/","title":{"rendered":"Zurich abroge l&rsquo;ancienne r\u00e8gle relative \u00e0 la location et \u00e0 l&rsquo;achat"},"content":{"rendered":"<p class=\"wp-block-paragraph\">Dans le canton de Zurich, l&rsquo;ancienne r&egrave;gle empirique selon laquelle il est plus avantageux d&rsquo;&ecirc;tre propri&eacute;taire ne s&rsquo;applique plus dans toutes les situations. Alors que les prix de l&rsquo;immobilier ont de nouveau augment&eacute; au deuxi&egrave;me trimestre 2026, de nombreux locataires de longue date ont m&ecirc;me pay&eacute; moins cher qu&rsquo;auparavant. Ce qui est donc d&eacute;terminant, ce n&rsquo;est plus seulement la comparaison des co&ucirc;ts mensuels, mais la question de savoir si l&rsquo;on peut rester ou si l&rsquo;on doit chercher un nouveau logement.<\/p>\n\n\n\n<p class=\"wp-block-paragraph\">Les derni&egrave;res donn&eacute;es montrent une &eacute;volution divergente. L&rsquo;indice zurichois de la propri&eacute;t&eacute; immobili&egrave;re a augment&eacute; de 0,4 % au deuxi&egrave;me trimestre 2026 par rapport au trimestre pr&eacute;c&eacute;dent et s&rsquo;est &eacute;tabli &agrave; 2,2 % au-dessus du niveau de l&rsquo;ann&eacute;e pr&eacute;c&eacute;dente. Les emplacements au bord du lac de Zurich et dans la ville de Zurich restent particuli&egrave;rement chers. Dans le m&ecirc;me temps, l&rsquo;indice des loyers des logements anciens dans le canton de Zurich a baiss&eacute; de 0,4 % par rapport au trimestre pr&eacute;c&eacute;dent et s&rsquo;est &eacute;tabli &agrave; 1,1 % en dessous du niveau du deuxi&egrave;me trimestre 2025. Cela modifie sensiblement la logique des co&ucirc;ts sur le march&eacute; du logement.<\/p>\n\n\n\n<p class=\"wp-block-paragraph\"><strong>Rester locataire reste avantageux sur le plan<br><\/strong>Pour de nombreux m&eacute;nages, l&rsquo;avantage financier ne r&eacute;side plus aujourd&rsquo;hui principalement dans l&rsquo;accession &agrave; la propri&eacute;t&eacute;, mais dans le fait de rester dans leur logement locatif actuel. C&rsquo;est ce qu&rsquo;on appelle le &laquo; bonus de fid&eacute;lit&eacute; &raquo;. Les loyers des logements existants sont souvent nettement inf&eacute;rieurs aux prix exig&eacute;s pour la signature d&rsquo;un nouveau bail pour des logements comparables. Cet &eacute;cart s&rsquo;est r&eacute;cemment creus&eacute; plut&ocirc;t que r&eacute;duit. Pour les propri&eacute;taires, les promoteurs et les investisseurs, c&rsquo;est un signal important, car la disposition &agrave; payer sur le march&eacute; se divise de plus en plus en deux segments : d&rsquo;un c&ocirc;t&eacute;, les logements anciens abordables ; de l&rsquo;autre, les nouvelles locations on&eacute;reuses et les logements en propri&eacute;t&eacute;, qui se font rares.<\/p>\n\n\n\n<p class=\"wp-block-paragraph\"><strong>Ceux qui doivent d&eacute;m&eacute;nager calculent autrement<br><\/strong>Le calcul est diff&eacute;rent pour les m&eacute;nages qui doivent changer de lieu de r&eacute;sidence. Dans ce cas, ce ne sont pas les loyers plus bas des logements existants qui servent de r&eacute;f&eacute;rence, mais les loyers d&rsquo;offre plus &eacute;lev&eacute;s. Dans de tels cas, l&rsquo;accession &agrave; la propri&eacute;t&eacute; peut redevenir comp&eacute;titive malgr&eacute; des prix d&rsquo;entr&eacute;e &eacute;lev&eacute;s, &agrave; condition de disposer de fonds propres et d&rsquo;une capacit&eacute; financi&egrave;re suffisante. La diff&eacute;rence entre les loyers du parc immobilier existant et les loyers propos&eacute;s n&rsquo;est donc pas seulement un enjeu pour les locataires, mais aussi pour la commercialisation des appartements neufs, la fixation des prix lors des transactions et le positionnement strat&eacute;gique des projets immobiliers r&eacute;sidentiels.<\/p>\n\n\n\n<p class=\"wp-block-paragraph\"><strong>L&rsquo;all&egrave;gement des taux d&rsquo;int&eacute;r&ecirc;t n&rsquo;a d&rsquo;effet mod&eacute;rateur que sur le parc immobilier existant<br><\/strong>&Agrave; cela s&rsquo;ajoute le taux d&rsquo;int&eacute;r&ecirc;t de r&eacute;f&eacute;rence, qui est rest&eacute; inchang&eacute; &agrave; 1,25 % en Suisse depuis le 2 juin 2026. Il agit principalement sur les baux existants et y a favoris&eacute; de nouvelles baisses. Pour le march&eacute; de l&rsquo;offre, cela ne r&eacute;sout toutefois pas la p&eacute;nurie. Les pr&eacute;visions disponibles tablent plut&ocirc;t sur une poursuite de la hausse des loyers propos&eacute;s dans le canton de Zurich, ainsi que sur une augmentation des prix de l&rsquo;immobilier r&eacute;sidentiel, m&ecirc;me si celle-ci devrait &ecirc;tre plus mod&eacute;r&eacute;e que ces derni&egrave;res ann&eacute;es. Pour le secteur, cela signifie que le march&eacute; reste tendu, mais que les arguments li&eacute;s aux prix, qu&rsquo;il s&rsquo;agisse de la location ou de l&rsquo;achat, varient nettement plus qu&rsquo;auparavant selon les m&eacute;nages.<\/p>\n\n\n\n<p class=\"wp-block-paragraph\">Pour le march&eacute; du logement zurichois, il ne s&rsquo;agit pas seulement d&rsquo;une question de consommation. Si les loyers des baux de longue dur&eacute;e restent d&eacute;coupl&eacute;s des nouveaux contrats en termes de prix et que l&rsquo;accession &agrave; la propri&eacute;t&eacute; reste en m&ecirc;me temps on&eacute;reuse, la mobilit&eacute; au sein du parc immobilier existant s&rsquo;en trouve restreinte. C&rsquo;est pr&eacute;cis&eacute;ment l&agrave; que naissent les frictions qui devraient continuer &agrave; marquer le march&eacute; locatif, le d&eacute;veloppement de projets immobiliers et le march&eacute; de l&rsquo;accession &agrave; la propri&eacute;t&eacute; au cours des prochains trimestres.<\/p>\n","protected":false},"excerpt":{"rendered":"<p>Dans le canton de Zurich, l&rsquo;accession \u00e0 la propri\u00e9t\u00e9 a encore rench\u00e9ri au deuxi\u00e8me trimestre 2026. Dans le m\u00eame temps, les loyers des logements existants baissent l\u00e9g\u00e8rement. L&rsquo;achat n&rsquo;est donc plus automatiquement avantageux. Ceux qui restent longtemps dans le m\u00eame appartement s&rsquo;en sortent souvent moins cher. Ceux qui doivent d\u00e9m\u00e9nager doivent s&rsquo;attendre \u00e0 une autre situation financi\u00e8re.<\/p>\n","protected":false},"author":2,"featured_media":161338,"comment_status":"open","ping_status":"open","sticky":false,"template":"","format":"standard","meta":{"pmpro_default_level":"","inline_featured_image":false,"_monsterinsights_skip_tracking":false,"footnotes":""},"categories":[55961,56003,55973,4957],"tags":[872,3931,46660,2002,40222,60544,6170,60545],"class_list":["post-161337","post","type-post","status-publish","format-standard","has-post-thumbnail","hentry","category-evaluations-analyses-de-marche","category-residentiel","category-taux-dinteret-marches-des-capitaux","category-region-zurich","tag-immoinvest-fr","tag-immonews-fr","tag-mietmarkt-fr","tag-news-fr","tag-referenzzinssatz-fr","tag-verweilbonus","tag-wohneigentum-fr","tag-zwex","pmpro-has-access"],"acf":{"bild_mit_ki_erstellt_worden":["Ja"],"lead":"Dans le canton de Zurich, l'accession \u00e0 la propri\u00e9t\u00e9 a encore rench\u00e9ri au deuxi\u00e8me trimestre 2026. Dans le m\u00eame temps, les loyers des logements existants baissent l\u00e9g\u00e8rement. L'achat n'est donc plus automatiquement avantageux. Ceux qui restent longtemps dans le m\u00eame appartement s'en sortent souvent moins cher. Ceux qui doivent d\u00e9m\u00e9nager doivent s'attendre \u00e0 une autre situation financi\u00e8re.","autor":"","ort":"","bildunterschrift":"","bild_im_grid":false,"gallerie":"","newsim":"3351"},"aioseo_notices":[],"aioseo_head":"\n\t\t<!-- All in One SEO 5.0.0.1 - aioseo.com -->\n\t<meta name=\"description\" content=\"Dans le canton de Zurich, l&#039;accession \u00e0 la propri\u00e9t\u00e9 a encore rench\u00e9ri au deuxi\u00e8me trimestre 2026. Dans le m\u00eame temps, les loyers des logements existants baissent l\u00e9g\u00e8rement. L&#039;achat n&#039;est donc plus automatiquement avantageux. Ceux qui restent longtemps dans le m\u00eame appartement s&#039;en sortent souvent moins cher. Ceux qui doivent d\u00e9m\u00e9nager doivent s&#039;attendre \u00e0 une autre situation financi\u00e8re.\" \/>\n\t<meta name=\"robots\" content=\"max-image-preview:large\" \/>\n\t<meta name=\"author\" content=\"immovestuser\"\/>\n\t<meta name=\"google-site-verification\" content=\"fHJKvgWpZCR2zVBHWfkQeFXC11qieUSff0HGNYfuyLA\" \/>\n\t<link rel=\"canonical\" href=\"https:\/\/www.immo-invest.ch\/fr\/zuerich-kippt-die-alte-regel-zu-miete-und-kauf\/\" \/>\n\t<meta name=\"generator\" content=\"All in One SEO (AIOSEO) 5.0.0.1\" \/>\n\t\t<meta property=\"og:locale\" content=\"fr_FR\" \/>\n\t\t<meta property=\"og:site_name\" content=\"immo!nvest - Die Plattform f\u00fcr Standorte und Immobilien - Die\u00a0Plattform f\u00fcr Standorte und Immobilien\" \/>\n\t\t<meta property=\"og:type\" content=\"article\" \/>\n\t\t<meta property=\"og:title\" content=\"Zurich abroge l\u2019ancienne r\u00e8gle relative \u00e0 la location et \u00e0 l\u2019achat - immo!nvest - Die Plattform f\u00fcr Standorte und Immobilien\" \/>\n\t\t<meta property=\"og:description\" content=\"Dans le canton de Zurich, l&#039;accession \u00e0 la propri\u00e9t\u00e9 a encore rench\u00e9ri au deuxi\u00e8me trimestre 2026. Dans le m\u00eame temps, les loyers des logements existants baissent l\u00e9g\u00e8rement. L&#039;achat n&#039;est donc plus automatiquement avantageux. Ceux qui restent longtemps dans le m\u00eame appartement s&#039;en sortent souvent moins cher. Ceux qui doivent d\u00e9m\u00e9nager doivent s&#039;attendre \u00e0 une autre situation financi\u00e8re.\" \/>\n\t\t<meta property=\"og:url\" content=\"https:\/\/www.immo-invest.ch\/fr\/zuerich-kippt-die-alte-regel-zu-miete-und-kauf\/\" \/>\n\t\t<meta property=\"og:image\" content=\"https:\/\/www.immo-invest.ch\/wp-content\/uploads\/2026\/07\/Zuerich-kippt-die-alte-Regel-zu-Miete-und-Kauf-immo-invest.png\" \/>\n\t\t<meta property=\"og:image:secure_url\" content=\"https:\/\/www.immo-invest.ch\/wp-content\/uploads\/2026\/07\/Zuerich-kippt-die-alte-Regel-zu-Miete-und-Kauf-immo-invest.png\" \/>\n\t\t<meta property=\"og:image:width\" content=\"1536\" \/>\n\t\t<meta property=\"og:image:height\" content=\"768\" \/>\n\t\t<meta property=\"article:published_time\" content=\"2026-07-16T07:00:00+00:00\" \/>\n\t\t<meta property=\"article:modified_time\" content=\"2026-07-16T07:23:08+00:00\" \/>\n\t\t<meta property=\"article:publisher\" content=\"https:\/\/www.facebook.com\/people\/Immoinvest\/100077962920504\/\" \/>\n\t\t<meta name=\"twitter:card\" content=\"summary_large_image\" \/>\n\t\t<meta name=\"twitter:site\" content=\"@i\" \/>\n\t\t<meta name=\"twitter:title\" content=\"Zurich abroge l\u2019ancienne r\u00e8gle relative \u00e0 la location et \u00e0 l\u2019achat - immo!nvest - Die Plattform f\u00fcr Standorte und Immobilien\" \/>\n\t\t<meta name=\"twitter:description\" content=\"Dans le canton de Zurich, l&#039;accession \u00e0 la propri\u00e9t\u00e9 a encore rench\u00e9ri au deuxi\u00e8me trimestre 2026. Dans le m\u00eame temps, les loyers des logements existants baissent l\u00e9g\u00e8rement. L&#039;achat n&#039;est donc plus automatiquement avantageux. Ceux qui restent longtemps dans le m\u00eame appartement s&#039;en sortent souvent moins cher. Ceux qui doivent d\u00e9m\u00e9nager doivent s&#039;attendre \u00e0 une autre situation financi\u00e8re.\" \/>\n\t\t<meta name=\"twitter:creator\" content=\"@i\" \/>\n\t\t<meta name=\"twitter:image\" content=\"https:\/\/www.immo-invest.ch\/wp-content\/uploads\/2026\/07\/Zuerich-kippt-die-alte-Regel-zu-Miete-und-Kauf-immo-invest.png\" \/>\n\t\t<script type=\"application\/ld+json\" class=\"aioseo-schema\">\n\t\t\t{\"@context\":\"https:\\\/\\\/schema.org\",\"@graph\":[{\"@type\":\"BlogPosting\",\"@id\":\"https:\\\/\\\/www.immo-invest.ch\\\/fr\\\/zuerich-kippt-die-alte-regel-zu-miete-und-kauf\\\/#blogposting\",\"name\":\"Zurich abroge l\\u2019ancienne r\\u00e8gle relative \\u00e0 la location et \\u00e0 l\\u2019achat - immo!nvest - Die Plattform f\\u00fcr Standorte und Immobilien\",\"headline\":\"Zurich abroge l&rsquo;ancienne r\\u00e8gle relative \\u00e0 la location et \\u00e0 l&rsquo;achat\",\"author\":{\"@id\":\"https:\\\/\\\/www.immo-invest.ch\\\/fr\\\/author\\\/immovestuser\\\/#author\"},\"publisher\":{\"@id\":\"https:\\\/\\\/www.immo-invest.ch\\\/fr\\\/#organization\"},\"image\":{\"@type\":\"ImageObject\",\"url\":\"https:\\\/\\\/www.immo-invest.ch\\\/wp-content\\\/uploads\\\/2026\\\/07\\\/Zuerich-kippt-die-alte-Regel-zu-Miete-und-Kauf-immo-invest.png\",\"width\":1536,\"height\":768},\"datePublished\":\"2026-07-16T09:00:00+02:00\",\"dateModified\":\"2026-07-16T09:23:08+02:00\",\"inLanguage\":\"fr-FR\",\"mainEntityOfPage\":{\"@id\":\"https:\\\/\\\/www.immo-invest.ch\\\/fr\\\/zuerich-kippt-die-alte-regel-zu-miete-und-kauf\\\/#webpage\"},\"isPartOf\":{\"@id\":\"https:\\\/\\\/www.immo-invest.ch\\\/fr\\\/zuerich-kippt-die-alte-regel-zu-miete-und-kauf\\\/#webpage\"},\"articleSection\":\"\\u00c9valuations &amp; analyses de march\\u00e9, R\\u00e9sidentiel, Taux d\\u2019int\\u00e9r\\u00eat \\\/ March\\u00e9s des capitaux, Zurich, Immoinvest, immoNews, Mietmarkt, News, Referenzzinssatz, Verweilbonus, Wohneigentum, ZWEX, Facultatif\"},{\"@type\":\"BreadcrumbList\",\"@id\":\"https:\\\/\\\/www.immo-invest.ch\\\/fr\\\/zuerich-kippt-die-alte-regel-zu-miete-und-kauf\\\/#breadcrumblist\",\"itemListElement\":[{\"@type\":\"ListItem\",\"@id\":\"https:\\\/\\\/www.immo-invest.ch\\\/fr\\\/#listItem\",\"position\":1,\"name\":\"Home\",\"item\":\"https:\\\/\\\/www.immo-invest.ch\\\/fr\\\/\",\"nextItem\":{\"@type\":\"ListItem\",\"@id\":\"https:\\\/\\\/www.immo-invest.ch\\\/fr\\\/categories\\\/regions\\\/#listItem\",\"name\":\"R\\u00e9gions\"}},{\"@type\":\"ListItem\",\"@id\":\"https:\\\/\\\/www.immo-invest.ch\\\/fr\\\/categories\\\/regions\\\/#listItem\",\"position\":2,\"name\":\"R\\u00e9gions\",\"item\":\"https:\\\/\\\/www.immo-invest.ch\\\/fr\\\/categories\\\/regions\\\/\",\"nextItem\":{\"@type\":\"ListItem\",\"@id\":\"https:\\\/\\\/www.immo-invest.ch\\\/fr\\\/categories\\\/regions\\\/suisse\\\/#listItem\",\"name\":\"Suisse\"},\"previousItem\":{\"@type\":\"ListItem\",\"@id\":\"https:\\\/\\\/www.immo-invest.ch\\\/fr\\\/#listItem\",\"name\":\"Home\"}},{\"@type\":\"ListItem\",\"@id\":\"https:\\\/\\\/www.immo-invest.ch\\\/fr\\\/categories\\\/regions\\\/suisse\\\/#listItem\",\"position\":3,\"name\":\"Suisse\",\"item\":\"https:\\\/\\\/www.immo-invest.ch\\\/fr\\\/categories\\\/regions\\\/suisse\\\/\",\"nextItem\":{\"@type\":\"ListItem\",\"@id\":\"https:\\\/\\\/www.immo-invest.ch\\\/fr\\\/categories\\\/regions\\\/suisse\\\/region-zurich\\\/#listItem\",\"name\":\"Zurich\"},\"previousItem\":{\"@type\":\"ListItem\",\"@id\":\"https:\\\/\\\/www.immo-invest.ch\\\/fr\\\/categories\\\/regions\\\/#listItem\",\"name\":\"R\\u00e9gions\"}},{\"@type\":\"ListItem\",\"@id\":\"https:\\\/\\\/www.immo-invest.ch\\\/fr\\\/categories\\\/regions\\\/suisse\\\/region-zurich\\\/#listItem\",\"position\":4,\"name\":\"Zurich\",\"item\":\"https:\\\/\\\/www.immo-invest.ch\\\/fr\\\/categories\\\/regions\\\/suisse\\\/region-zurich\\\/\",\"nextItem\":{\"@type\":\"ListItem\",\"@id\":\"https:\\\/\\\/www.immo-invest.ch\\\/fr\\\/zuerich-kippt-die-alte-regel-zu-miete-und-kauf\\\/#listItem\",\"name\":\"Zurich abroge l&rsquo;ancienne r\\u00e8gle relative \\u00e0 la location et \\u00e0 l&rsquo;achat\"},\"previousItem\":{\"@type\":\"ListItem\",\"@id\":\"https:\\\/\\\/www.immo-invest.ch\\\/fr\\\/categories\\\/regions\\\/suisse\\\/#listItem\",\"name\":\"Suisse\"}},{\"@type\":\"ListItem\",\"@id\":\"https:\\\/\\\/www.immo-invest.ch\\\/fr\\\/zuerich-kippt-die-alte-regel-zu-miete-und-kauf\\\/#listItem\",\"position\":5,\"name\":\"Zurich abroge l&rsquo;ancienne r\\u00e8gle relative \\u00e0 la location et \\u00e0 l&rsquo;achat\",\"previousItem\":{\"@type\":\"ListItem\",\"@id\":\"https:\\\/\\\/www.immo-invest.ch\\\/fr\\\/categories\\\/regions\\\/suisse\\\/region-zurich\\\/#listItem\",\"name\":\"Zurich\"}}]},{\"@type\":\"Organization\",\"@id\":\"https:\\\/\\\/www.immo-invest.ch\\\/fr\\\/#organization\",\"name\":\"immo!nvest - Die Plattform f\\u00fcr Standorte und Immobilien\",\"description\":\"Die\\u00a0Plattform f\\u00fcr Standorte und Immobilien\",\"url\":\"https:\\\/\\\/www.immo-invest.ch\\\/fr\\\/\",\"email\":\"admin@immomedia.ag\",\"telephone\":\"+41444420002\",\"logo\":{\"@type\":\"ImageObject\",\"url\":\"https:\\\/\\\/www.immo-invest.ch\\\/wp-content\\\/uploads\\\/2024\\\/09\\\/immoinvest_sm-scaled.jpg\",\"@id\":\"https:\\\/\\\/www.immo-invest.ch\\\/fr\\\/zuerich-kippt-die-alte-regel-zu-miete-und-kauf\\\/#organizationLogo\",\"width\":2560,\"height\":1340},\"image\":{\"@id\":\"https:\\\/\\\/www.immo-invest.ch\\\/fr\\\/zuerich-kippt-die-alte-regel-zu-miete-und-kauf\\\/#organizationLogo\"},\"sameAs\":[\"https:\\\/\\\/www.facebook.com\\\/people\\\/Immoinvest\\\/100077962920504\\\/\",\"https:\\\/\\\/x.com\\\/i\\\/flow\\\/login?redirect_after_login=immoinvest_ch\",\"https:\\\/\\\/www.instagram.com\\\/immoinvest_ch\\\/\",\"https:\\\/\\\/www.linkedin.com\\\/company\\\/immoinvest-swiss\"]},{\"@type\":\"Person\",\"@id\":\"https:\\\/\\\/www.immo-invest.ch\\\/fr\\\/author\\\/immovestuser\\\/#author\",\"url\":\"https:\\\/\\\/www.immo-invest.ch\\\/fr\\\/author\\\/immovestuser\\\/\",\"name\":\"immovestuser\",\"image\":{\"@type\":\"ImageObject\",\"@id\":\"https:\\\/\\\/www.immo-invest.ch\\\/fr\\\/zuerich-kippt-die-alte-regel-zu-miete-und-kauf\\\/#authorImage\",\"url\":\"https:\\\/\\\/secure.gravatar.com\\\/avatar\\\/8e01f4d99f2eeea7a362ebb93305e1172a70e9293ba250f897a65c39f54cdd1e?s=96&d=mm&r=g\",\"width\":96,\"height\":96,\"caption\":\"immovestuser\"}},{\"@type\":\"WebPage\",\"@id\":\"https:\\\/\\\/www.immo-invest.ch\\\/fr\\\/zuerich-kippt-die-alte-regel-zu-miete-und-kauf\\\/#webpage\",\"url\":\"https:\\\/\\\/www.immo-invest.ch\\\/fr\\\/zuerich-kippt-die-alte-regel-zu-miete-und-kauf\\\/\",\"name\":\"Zurich abroge l\\u2019ancienne r\\u00e8gle relative \\u00e0 la location et \\u00e0 l\\u2019achat - immo!nvest - Die Plattform f\\u00fcr Standorte und Immobilien\",\"description\":\"Dans le canton de Zurich, l'accession \\u00e0 la propri\\u00e9t\\u00e9 a encore rench\\u00e9ri au deuxi\\u00e8me trimestre 2026. Dans le m\\u00eame temps, les loyers des logements existants baissent l\\u00e9g\\u00e8rement. L'achat n'est donc plus automatiquement avantageux. Ceux qui restent longtemps dans le m\\u00eame appartement s'en sortent souvent moins cher. Ceux qui doivent d\\u00e9m\\u00e9nager doivent s'attendre \\u00e0 une autre situation financi\\u00e8re.\",\"inLanguage\":\"fr-FR\",\"isPartOf\":{\"@id\":\"https:\\\/\\\/www.immo-invest.ch\\\/fr\\\/#website\"},\"breadcrumb\":{\"@id\":\"https:\\\/\\\/www.immo-invest.ch\\\/fr\\\/zuerich-kippt-die-alte-regel-zu-miete-und-kauf\\\/#breadcrumblist\"},\"author\":{\"@id\":\"https:\\\/\\\/www.immo-invest.ch\\\/fr\\\/author\\\/immovestuser\\\/#author\"},\"creator\":{\"@id\":\"https:\\\/\\\/www.immo-invest.ch\\\/fr\\\/author\\\/immovestuser\\\/#author\"},\"image\":{\"@type\":\"ImageObject\",\"url\":\"https:\\\/\\\/www.immo-invest.ch\\\/wp-content\\\/uploads\\\/2026\\\/07\\\/Zuerich-kippt-die-alte-Regel-zu-Miete-und-Kauf-immo-invest.png\",\"@id\":\"https:\\\/\\\/www.immo-invest.ch\\\/fr\\\/zuerich-kippt-die-alte-regel-zu-miete-und-kauf\\\/#mainImage\",\"width\":1536,\"height\":768},\"primaryImageOfPage\":{\"@id\":\"https:\\\/\\\/www.immo-invest.ch\\\/fr\\\/zuerich-kippt-die-alte-regel-zu-miete-und-kauf\\\/#mainImage\"},\"datePublished\":\"2026-07-16T09:00:00+02:00\",\"dateModified\":\"2026-07-16T09:23:08+02:00\"},{\"@type\":\"WebSite\",\"@id\":\"https:\\\/\\\/www.immo-invest.ch\\\/fr\\\/#website\",\"url\":\"https:\\\/\\\/www.immo-invest.ch\\\/fr\\\/\",\"name\":\"immo!nvest - Die Plattform f\\u00fcr Standorte und Immobilien\",\"description\":\"Die\\u00a0Plattform f\\u00fcr Standorte und Immobilien\",\"inLanguage\":\"fr-FR\",\"publisher\":{\"@id\":\"https:\\\/\\\/www.immo-invest.ch\\\/fr\\\/#organization\"}}]}\n\t\t<\/script>\n\t\t<!-- All in One SEO -->\n\n","aioseo_head_json":{"title":"Zurich abroge l\u2019ancienne r\u00e8gle relative \u00e0 la location et \u00e0 l\u2019achat - immo!nvest - Die Plattform f\u00fcr Standorte und Immobilien","description":"Dans le canton de Zurich, l'accession \u00e0 la propri\u00e9t\u00e9 a encore rench\u00e9ri au deuxi\u00e8me trimestre 2026. Dans le m\u00eame temps, les loyers des logements existants baissent l\u00e9g\u00e8rement. L'achat n'est donc plus automatiquement avantageux. Ceux qui restent longtemps dans le m\u00eame appartement s'en sortent souvent moins cher. Ceux qui doivent d\u00e9m\u00e9nager doivent s'attendre \u00e0 une autre situation financi\u00e8re.","canonical_url":"https:\/\/www.immo-invest.ch\/fr\/zuerich-kippt-die-alte-regel-zu-miete-und-kauf\/","robots":"max-image-preview:large","keywords":"","webmasterTools":{"google-site-verification":"fHJKvgWpZCR2zVBHWfkQeFXC11qieUSff0HGNYfuyLA","miscellaneous":""},"schema":{"@context":"https:\/\/schema.org","@graph":[{"@type":"BlogPosting","@id":"https:\/\/www.immo-invest.ch\/fr\/zuerich-kippt-die-alte-regel-zu-miete-und-kauf\/#blogposting","name":"Zurich abroge l\u2019ancienne r\u00e8gle relative \u00e0 la location et \u00e0 l\u2019achat - immo!nvest - Die Plattform f\u00fcr Standorte und Immobilien","headline":"Zurich abroge l&rsquo;ancienne r\u00e8gle relative \u00e0 la location et \u00e0 l&rsquo;achat","author":{"@id":"https:\/\/www.immo-invest.ch\/fr\/author\/immovestuser\/#author"},"publisher":{"@id":"https:\/\/www.immo-invest.ch\/fr\/#organization"},"image":{"@type":"ImageObject","url":"https:\/\/www.immo-invest.ch\/wp-content\/uploads\/2026\/07\/Zuerich-kippt-die-alte-Regel-zu-Miete-und-Kauf-immo-invest.png","width":1536,"height":768},"datePublished":"2026-07-16T09:00:00+02:00","dateModified":"2026-07-16T09:23:08+02:00","inLanguage":"fr-FR","mainEntityOfPage":{"@id":"https:\/\/www.immo-invest.ch\/fr\/zuerich-kippt-die-alte-regel-zu-miete-und-kauf\/#webpage"},"isPartOf":{"@id":"https:\/\/www.immo-invest.ch\/fr\/zuerich-kippt-die-alte-regel-zu-miete-und-kauf\/#webpage"},"articleSection":"\u00c9valuations &amp; analyses de march\u00e9, R\u00e9sidentiel, Taux d\u2019int\u00e9r\u00eat \/ March\u00e9s des capitaux, Zurich, Immoinvest, immoNews, Mietmarkt, News, Referenzzinssatz, Verweilbonus, Wohneigentum, ZWEX, Facultatif"},{"@type":"BreadcrumbList","@id":"https:\/\/www.immo-invest.ch\/fr\/zuerich-kippt-die-alte-regel-zu-miete-und-kauf\/#breadcrumblist","itemListElement":[{"@type":"ListItem","@id":"https:\/\/www.immo-invest.ch\/fr\/#listItem","position":1,"name":"Home","item":"https:\/\/www.immo-invest.ch\/fr\/","nextItem":{"@type":"ListItem","@id":"https:\/\/www.immo-invest.ch\/fr\/categories\/regions\/#listItem","name":"R\u00e9gions"}},{"@type":"ListItem","@id":"https:\/\/www.immo-invest.ch\/fr\/categories\/regions\/#listItem","position":2,"name":"R\u00e9gions","item":"https:\/\/www.immo-invest.ch\/fr\/categories\/regions\/","nextItem":{"@type":"ListItem","@id":"https:\/\/www.immo-invest.ch\/fr\/categories\/regions\/suisse\/#listItem","name":"Suisse"},"previousItem":{"@type":"ListItem","@id":"https:\/\/www.immo-invest.ch\/fr\/#listItem","name":"Home"}},{"@type":"ListItem","@id":"https:\/\/www.immo-invest.ch\/fr\/categories\/regions\/suisse\/#listItem","position":3,"name":"Suisse","item":"https:\/\/www.immo-invest.ch\/fr\/categories\/regions\/suisse\/","nextItem":{"@type":"ListItem","@id":"https:\/\/www.immo-invest.ch\/fr\/categories\/regions\/suisse\/region-zurich\/#listItem","name":"Zurich"},"previousItem":{"@type":"ListItem","@id":"https:\/\/www.immo-invest.ch\/fr\/categories\/regions\/#listItem","name":"R\u00e9gions"}},{"@type":"ListItem","@id":"https:\/\/www.immo-invest.ch\/fr\/categories\/regions\/suisse\/region-zurich\/#listItem","position":4,"name":"Zurich","item":"https:\/\/www.immo-invest.ch\/fr\/categories\/regions\/suisse\/region-zurich\/","nextItem":{"@type":"ListItem","@id":"https:\/\/www.immo-invest.ch\/fr\/zuerich-kippt-die-alte-regel-zu-miete-und-kauf\/#listItem","name":"Zurich abroge l&rsquo;ancienne r\u00e8gle relative \u00e0 la location et \u00e0 l&rsquo;achat"},"previousItem":{"@type":"ListItem","@id":"https:\/\/www.immo-invest.ch\/fr\/categories\/regions\/suisse\/#listItem","name":"Suisse"}},{"@type":"ListItem","@id":"https:\/\/www.immo-invest.ch\/fr\/zuerich-kippt-die-alte-regel-zu-miete-und-kauf\/#listItem","position":5,"name":"Zurich abroge l&rsquo;ancienne r\u00e8gle relative \u00e0 la location et \u00e0 l&rsquo;achat","previousItem":{"@type":"ListItem","@id":"https:\/\/www.immo-invest.ch\/fr\/categories\/regions\/suisse\/region-zurich\/#listItem","name":"Zurich"}}]},{"@type":"Organization","@id":"https:\/\/www.immo-invest.ch\/fr\/#organization","name":"immo!nvest - Die Plattform f\u00fcr Standorte und Immobilien","description":"Die\u00a0Plattform f\u00fcr Standorte und Immobilien","url":"https:\/\/www.immo-invest.ch\/fr\/","email":"admin@immomedia.ag","telephone":"+41444420002","logo":{"@type":"ImageObject","url":"https:\/\/www.immo-invest.ch\/wp-content\/uploads\/2024\/09\/immoinvest_sm-scaled.jpg","@id":"https:\/\/www.immo-invest.ch\/fr\/zuerich-kippt-die-alte-regel-zu-miete-und-kauf\/#organizationLogo","width":2560,"height":1340},"image":{"@id":"https:\/\/www.immo-invest.ch\/fr\/zuerich-kippt-die-alte-regel-zu-miete-und-kauf\/#organizationLogo"},"sameAs":["https:\/\/www.facebook.com\/people\/Immoinvest\/100077962920504\/","https:\/\/x.com\/i\/flow\/login?redirect_after_login=immoinvest_ch","https:\/\/www.instagram.com\/immoinvest_ch\/","https:\/\/www.linkedin.com\/company\/immoinvest-swiss"]},{"@type":"Person","@id":"https:\/\/www.immo-invest.ch\/fr\/author\/immovestuser\/#author","url":"https:\/\/www.immo-invest.ch\/fr\/author\/immovestuser\/","name":"immovestuser","image":{"@type":"ImageObject","@id":"https:\/\/www.immo-invest.ch\/fr\/zuerich-kippt-die-alte-regel-zu-miete-und-kauf\/#authorImage","url":"https:\/\/secure.gravatar.com\/avatar\/8e01f4d99f2eeea7a362ebb93305e1172a70e9293ba250f897a65c39f54cdd1e?s=96&d=mm&r=g","width":96,"height":96,"caption":"immovestuser"}},{"@type":"WebPage","@id":"https:\/\/www.immo-invest.ch\/fr\/zuerich-kippt-die-alte-regel-zu-miete-und-kauf\/#webpage","url":"https:\/\/www.immo-invest.ch\/fr\/zuerich-kippt-die-alte-regel-zu-miete-und-kauf\/","name":"Zurich abroge l\u2019ancienne r\u00e8gle relative \u00e0 la location et \u00e0 l\u2019achat - immo!nvest - Die Plattform f\u00fcr Standorte und Immobilien","description":"Dans le canton de Zurich, l'accession \u00e0 la propri\u00e9t\u00e9 a encore rench\u00e9ri au deuxi\u00e8me trimestre 2026. Dans le m\u00eame temps, les loyers des logements existants baissent l\u00e9g\u00e8rement. L'achat n'est donc plus automatiquement avantageux. Ceux qui restent longtemps dans le m\u00eame appartement s'en sortent souvent moins cher. Ceux qui doivent d\u00e9m\u00e9nager doivent s'attendre \u00e0 une autre situation financi\u00e8re.","inLanguage":"fr-FR","isPartOf":{"@id":"https:\/\/www.immo-invest.ch\/fr\/#website"},"breadcrumb":{"@id":"https:\/\/www.immo-invest.ch\/fr\/zuerich-kippt-die-alte-regel-zu-miete-und-kauf\/#breadcrumblist"},"author":{"@id":"https:\/\/www.immo-invest.ch\/fr\/author\/immovestuser\/#author"},"creator":{"@id":"https:\/\/www.immo-invest.ch\/fr\/author\/immovestuser\/#author"},"image":{"@type":"ImageObject","url":"https:\/\/www.immo-invest.ch\/wp-content\/uploads\/2026\/07\/Zuerich-kippt-die-alte-Regel-zu-Miete-und-Kauf-immo-invest.png","@id":"https:\/\/www.immo-invest.ch\/fr\/zuerich-kippt-die-alte-regel-zu-miete-und-kauf\/#mainImage","width":1536,"height":768},"primaryImageOfPage":{"@id":"https:\/\/www.immo-invest.ch\/fr\/zuerich-kippt-die-alte-regel-zu-miete-und-kauf\/#mainImage"},"datePublished":"2026-07-16T09:00:00+02:00","dateModified":"2026-07-16T09:23:08+02:00"},{"@type":"WebSite","@id":"https:\/\/www.immo-invest.ch\/fr\/#website","url":"https:\/\/www.immo-invest.ch\/fr\/","name":"immo!nvest - Die Plattform f\u00fcr Standorte und Immobilien","description":"Die\u00a0Plattform f\u00fcr Standorte und Immobilien","inLanguage":"fr-FR","publisher":{"@id":"https:\/\/www.immo-invest.ch\/fr\/#organization"}}]},"og:locale":"fr_FR","og:site_name":"immo!nvest - Die Plattform f\u00fcr Standorte und Immobilien - Die\u00a0Plattform f\u00fcr Standorte und Immobilien","og:type":"article","og:title":"Zurich abroge l\u2019ancienne r\u00e8gle relative \u00e0 la location et \u00e0 l\u2019achat - immo!nvest - Die Plattform f\u00fcr Standorte und Immobilien","og:description":"Dans le canton de Zurich, l'accession \u00e0 la propri\u00e9t\u00e9 a encore rench\u00e9ri au deuxi\u00e8me trimestre 2026. Dans le m\u00eame temps, les loyers des logements existants baissent l\u00e9g\u00e8rement. L'achat n'est donc plus automatiquement avantageux. Ceux qui restent longtemps dans le m\u00eame appartement s'en sortent souvent moins cher. Ceux qui doivent d\u00e9m\u00e9nager doivent s'attendre \u00e0 une autre situation financi\u00e8re.","og:url":"https:\/\/www.immo-invest.ch\/fr\/zuerich-kippt-die-alte-regel-zu-miete-und-kauf\/","og:image":"https:\/\/www.immo-invest.ch\/wp-content\/uploads\/2026\/07\/Zuerich-kippt-die-alte-Regel-zu-Miete-und-Kauf-immo-invest.png","og:image:secure_url":"https:\/\/www.immo-invest.ch\/wp-content\/uploads\/2026\/07\/Zuerich-kippt-die-alte-Regel-zu-Miete-und-Kauf-immo-invest.png","og:image:width":1536,"og:image:height":768,"article:published_time":"2026-07-16T07:00:00+00:00","article:modified_time":"2026-07-16T07:23:08+00:00","article:publisher":"https:\/\/www.facebook.com\/people\/Immoinvest\/100077962920504\/","twitter:card":"summary_large_image","twitter:site":"@i","twitter:title":"Zurich abroge l\u2019ancienne r\u00e8gle relative \u00e0 la location et \u00e0 l\u2019achat - immo!nvest - Die Plattform f\u00fcr Standorte und Immobilien","twitter:description":"Dans le canton de Zurich, l'accession \u00e0 la propri\u00e9t\u00e9 a encore rench\u00e9ri au deuxi\u00e8me trimestre 2026. Dans le m\u00eame temps, les loyers des logements existants baissent l\u00e9g\u00e8rement. L'achat n'est donc plus automatiquement avantageux. Ceux qui restent longtemps dans le m\u00eame appartement s'en sortent souvent moins cher. Ceux qui doivent d\u00e9m\u00e9nager doivent s'attendre \u00e0 une autre situation financi\u00e8re.","twitter:creator":"@i","twitter:image":"https:\/\/www.immo-invest.ch\/wp-content\/uploads\/2026\/07\/Zuerich-kippt-die-alte-Regel-zu-Miete-und-Kauf-immo-invest.png"},"aioseo_meta_data":{"post_id":"161337","title":null,"description":null,"keywords":null,"keyphrases":{"focus":{"keyphrase":"","score":0,"analysis":{"keyphraseInTitle":{"score":0,"maxScore":9,"error":1}}},"additional":[]},"primary_term":null,"canonical_url":null,"og_title":null,"og_description":null,"og_object_type":"default","og_image_type":"default","og_image_url":null,"og_image_width":null,"og_image_height":null,"og_image_custom_url":null,"og_image_custom_fields":null,"og_video":"","og_custom_url":null,"og_article_section":null,"og_article_tags":null,"twitter_use_og":false,"twitter_card":"default","twitter_image_type":"default","twitter_image_url":null,"twitter_image_custom_url":null,"twitter_image_custom_fields":null,"twitter_title":null,"twitter_description":null,"schema":{"blockGraphs":[],"customGraphs":[],"default":{"data":{"Article":[],"Course":[],"Dataset":[],"FAQPage":[],"Movie":[],"Person":[],"Product":[],"ProductReview":[],"Car":[],"Recipe":[],"Service":[],"SoftwareApplication":[],"WebPage":[]},"graphName":"BlogPosting","isEnabled":true},"graphs":[]},"schema_type":"default","schema_type_options":null,"pillar_content":false,"robots_default":true,"robots_noindex":false,"robots_noarchive":false,"robots_nosnippet":false,"robots_nofollow":false,"robots_noimageindex":false,"robots_noodp":false,"robots_notranslate":false,"robots_max_snippet":"-1","robots_max_videopreview":"-1","robots_max_imagepreview":"large","priority":null,"frequency":"default","local_seo":null,"breadcrumb_settings":null,"limit_modified_date":false,"ai":{"faqs":[],"keyPoints":[],"schemas":[],"titles":[],"descriptions":[],"socialPosts":{"email":{"subject":"","preview":"","content":""},"linkedin":[],"twitter":[],"facebook":[],"instagram":[]}},"created":"2026-07-16 07:23:09","updated":"2026-07-16 07:27:13","seo_analyzer_scan_date":null,"focus_keyword":null,"additional_keywords":null,"truseo_locale":null},"aioseo_breadcrumb":"<div class=\"aioseo-breadcrumbs\"><span class=\"aioseo-breadcrumb\">\n\t\t\t<a href=\"https:\/\/www.immo-invest.ch\/fr\/\" title=\"Home\">Home<\/a>\n\t\t<\/span><span class=\"aioseo-breadcrumb-separator\">&raquo;<\/span><span class=\"aioseo-breadcrumb\">\n\t\t\t<a href=\"https:\/\/www.immo-invest.ch\/fr\/categories\/regions\/\" title=\"R\u00e9gions\">R\u00e9gions<\/a>\n\t\t<\/span><span class=\"aioseo-breadcrumb-separator\">&raquo;<\/span><span class=\"aioseo-breadcrumb\">\n\t\t\t<a href=\"https:\/\/www.immo-invest.ch\/fr\/categories\/regions\/suisse\/\" title=\"Suisse\">Suisse<\/a>\n\t\t<\/span><span class=\"aioseo-breadcrumb-separator\">&raquo;<\/span><span class=\"aioseo-breadcrumb\">\n\t\t\t<a href=\"https:\/\/www.immo-invest.ch\/fr\/categories\/regions\/suisse\/region-zurich\/\" title=\"Zurich\">Zurich<\/a>\n\t\t<\/span><span class=\"aioseo-breadcrumb-separator\">&raquo;<\/span><span class=\"aioseo-breadcrumb\">\n\t\t\tZurich abroge l\u2019ancienne r\u00e8gle relative \u00e0 la location et \u00e0 l\u2019achat\n\t\t<\/span><\/div>","aioseo_breadcrumb_json":[{"label":"Home","link":"https:\/\/www.immo-invest.ch\/fr\/"},{"label":"R\u00e9gions","link":"https:\/\/www.immo-invest.ch\/fr\/categories\/regions\/"},{"label":"Suisse","link":"https:\/\/www.immo-invest.ch\/fr\/categories\/regions\/suisse\/"},{"label":"Zurich","link":"https:\/\/www.immo-invest.ch\/fr\/categories\/regions\/suisse\/region-zurich\/"},{"label":"Zurich abroge l&rsquo;ancienne r\u00e8gle relative \u00e0 la location et \u00e0 l&rsquo;achat","link":"https:\/\/www.immo-invest.ch\/fr\/zuerich-kippt-die-alte-regel-zu-miete-und-kauf\/"}],"featured_image_src":"https:\/\/www.immo-invest.ch\/wp-content\/uploads\/2026\/07\/Zuerich-kippt-die-alte-Regel-zu-Miete-und-Kauf-immo-invest-336x168.png","_links":{"self":[{"href":"https:\/\/www.immo-invest.ch\/fr\/wp-json\/wp\/v2\/posts\/161337","targetHints":{"allow":["GET"]}}],"collection":[{"href":"https:\/\/www.immo-invest.ch\/fr\/wp-json\/wp\/v2\/posts"}],"about":[{"href":"https:\/\/www.immo-invest.ch\/fr\/wp-json\/wp\/v2\/types\/post"}],"author":[{"embeddable":true,"href":"https:\/\/www.immo-invest.ch\/fr\/wp-json\/wp\/v2\/users\/2"}],"replies":[{"embeddable":true,"href":"https:\/\/www.immo-invest.ch\/fr\/wp-json\/wp\/v2\/comments?post=161337"}],"version-history":[{"count":3,"href":"https:\/\/www.immo-invest.ch\/fr\/wp-json\/wp\/v2\/posts\/161337\/revisions"}],"predecessor-version":[{"id":161347,"href":"https:\/\/www.immo-invest.ch\/fr\/wp-json\/wp\/v2\/posts\/161337\/revisions\/161347"}],"wp:featuredmedia":[{"embeddable":true,"href":"https:\/\/www.immo-invest.ch\/fr\/wp-json\/wp\/v2\/media\/161338"}],"wp:attachment":[{"href":"https:\/\/www.immo-invest.ch\/fr\/wp-json\/wp\/v2\/media?parent=161337"}],"wp:term":[{"taxonomy":"category","embeddable":true,"href":"https:\/\/www.immo-invest.ch\/fr\/wp-json\/wp\/v2\/categories?post=161337"},{"taxonomy":"post_tag","embeddable":true,"href":"https:\/\/www.immo-invest.ch\/fr\/wp-json\/wp\/v2\/tags?post=161337"}],"curies":[{"name":"wp","href":"https:\/\/api.w.org\/{rel}","templated":true}]}}