{"id":161227,"date":"2026-07-14T10:44:08","date_gmt":"2026-07-14T08:44:08","guid":{"rendered":"https:\/\/www.immo-invest.ch\/der-eigenmietwert-trick-der-vor-gericht-scheiterte\/"},"modified":"2026-07-14T11:06:37","modified_gmt":"2026-07-14T09:06:37","slug":"der-eigenmietwert-trick-der-vor-gericht-scheiterte","status":"publish","type":"post","link":"https:\/\/www.immo-invest.ch\/fr\/der-eigenmietwert-trick-der-vor-gericht-scheiterte\/","title":{"rendered":"L&rsquo;astuce de la valeur locative, qui a \u00e9chou\u00e9 devant les tribunaux"},"content":{"rendered":"<p class=\"wp-block-paragraph\">Pour la premi&egrave;re fois depuis pr&egrave;s de trente ans, tous les biens immobiliers du canton d&rsquo;Argovie ont fait l&rsquo;objet d&rsquo;une nouvelle &eacute;valuation. Cette mesure fait suite &agrave; un arr&ecirc;t de justice. Les anciennes valeurs &eacute;taient bien inf&eacute;rieures aux valeurs v&eacute;nales et enfreignaient ainsi le droit f&eacute;d&eacute;ral. La mise en &oelig;uvre a toutefois rencontr&eacute; d&rsquo;&eacute;normes difficult&eacute;s, avec des adresses erron&eacute;es, des parts incorrectes et des d&eacute;lais d&rsquo;attente de plusieurs mois pour obtenir les d&eacute;cisions.<\/p>\n\n\n\n<p class=\"wp-block-paragraph\"><strong>Le canton reconna&icirc;t ses erreurs<br><\/strong>Sur les 285 000 estimations pr&eacute;vues, environ 11 600 restent en suspens, soit 4 %, selon le canton. Le directeur des finances, Markus Dieth, pr&eacute;sente ses excuses pour les d&eacute;sagr&eacute;ments caus&eacute;s. Le prestataire informatique ELCA reconna&icirc;t &eacute;galement que, malgr&eacute; des tests intensifs, les cas complexes n&rsquo;ont pas &eacute;t&eacute; correctement pris en compte d&egrave;s le d&eacute;part.<\/p>\n\n\n\n<p class=\"wp-block-paragraph\"><strong>Pourquoi les valeurs ont-elles augment&eacute;<br><\/strong>Le d&eacute;clencheur a &eacute;t&eacute; un arr&ecirc;t rendu par le Tribunal administratif en 2020. Celui-ci a constat&eacute; que de nombreuses valeurs locatives &eacute;taient inf&eacute;rieures au seuil minimum fix&eacute; par le droit f&eacute;d&eacute;ral, &agrave; savoir 60 % du loyer du march&eacute;. La valeur n&rsquo;a toutefois pas augment&eacute; partout. Elle a m&ecirc;me baiss&eacute; pour 38,3 % des biens immobiliers, tandis qu&rsquo;elle a augment&eacute; pour 60,5 % d&rsquo;entre eux.<\/p>\n\n\n\n<p class=\"wp-block-paragraph\"><strong>L&rsquo;expertise est sans &eacute;quivoque<br><\/strong>Le PLR et l&rsquo;UDC voulaient mettre un terme &agrave; cette augmentation jusqu&rsquo;&agrave; la suppression de la valeur locative au niveau f&eacute;d&eacute;ral en 2029. Une expertise du professeur de droit constitutionnel Felix Uhlmann confirme d&eacute;sormais ce que le gouvernement affirme depuis longtemps. Cette initiative est contraire au droit f&eacute;d&eacute;ral et ne peut &ecirc;tre mise en &oelig;uvre.<\/p>\n\n\n\n<p class=\"wp-block-paragraph\"><strong>Les partis poursuivent leurs actions<br><\/strong>L&rsquo;UDC accepte le r&eacute;sultat, mais r&eacute;clame des alternatives telles qu&rsquo;une mise en &oelig;uvre &eacute;chelonn&eacute;e ou des d&eacute;ductions fiscales temporaires. Dans le m&ecirc;me temps, le parti annonce qu&rsquo;il demandera, lors des d&eacute;bats sur le budget, une baisse du taux d&rsquo;imposition de 5 &agrave; 10 %. Adrian Schoop, d&eacute;put&eacute; PLR au Grand Conseil, se montre d&eacute;&ccedil;u par la qualit&eacute; des d&eacute;cisions, mais salue la culture de l&rsquo;erreur adopt&eacute;e par le gouvernement.<\/p>\n\n\n\n<p class=\"wp-block-paragraph\"><strong>Le prochain vote se profile d&eacute;j&agrave; &agrave; l&rsquo;horizon<br><\/strong>Parall&egrave;lement au d&eacute;bat sur la valeur locative, le canton d&rsquo;Argovie se pr&eacute;pare &agrave; la r&eacute;vision de la loi fiscale de 2027. Le taux maximal de l&rsquo;imp&ocirc;t sur le revenu devrait passer de 11 &agrave; 9,75 %, compl&eacute;t&eacute; par une d&eacute;duction pour les petits revenus jusqu&rsquo;&agrave; 75 000 francs. Ce projet all&egrave;ge la charge fiscale des contribuables d&rsquo;environ 80 millions de francs par an, mais il sera soumis au vote en raison d&rsquo;un r&eacute;f&eacute;rendum d&rsquo;initiative des autorit&eacute;s lanc&eacute; par le PS, les Verts et le PEV.<\/p>\n","protected":false},"excerpt":{"rendered":"<p>Augmentation des imp\u00f4ts fonciers, retard dans les d\u00e9cisions, querelles politiques. En proc\u00e9dant \u00e0 la plus importante r\u00e9\u00e9valuation de son parc immobilier depuis 1998, le canton d\u2019Argovie a mis le doigt dans un nid de gu\u00eapes. Une expertise externe apporte d\u00e9sormais un verdict clair sur une initiative politique controvers\u00e9e. La demande du PLR et de l&rsquo;UDC visant \u00e0 geler la valeur locative est tout simplement irr\u00e9alisable.<\/p>\n","protected":false},"author":2,"featured_media":161228,"comment_status":"open","ping_status":"open","sticky":false,"template":"","format":"standard","meta":{"pmpro_default_level":"","inline_featured_image":false,"_monsterinsights_skip_tracking":false,"footnotes":""},"categories":[55961,55976],"tags":[1999,12157,60496,872,3931,60497,60498,2002,60499,60500,60501],"class_list":["post-161227","post","type-post","status-publish","format-standard","has-post-thumbnail","hentry","category-evaluations-analyses-de-marche","category-institutions-formation","tag-aargau-fr","tag-eigenmietwert-fr","tag-finanzdirektion","tag-immoinvest-fr","tag-immonews-fr","tag-liegenschaftenbewertung","tag-marktmiete","tag-news-fr","tag-steuerfuss","tag-steuerrevision","tag-verwaltungsgerichtsurteil","pmpro-has-access"],"acf":{"bild_mit_ki_erstellt_worden":["Ja"],"lead":"Augmentation des imp\u00f4ts fonciers, retard dans les d\u00e9cisions, querelles politiques. En proc\u00e9dant \u00e0 la plus importante r\u00e9\u00e9valuation de son parc immobilier depuis 1998, le canton d\u2019Argovie a mis le doigt dans un nid de gu\u00eapes. Une expertise externe apporte d\u00e9sormais un verdict clair sur une initiative politique controvers\u00e9e. La demande du PLR et de l'UDC visant \u00e0 geler la valeur locative est tout simplement irr\u00e9alisable.","autor":"","ort":"","bildunterschrift":"","bild_im_grid":false,"gallerie":"","newsim":"3338"},"aioseo_notices":[],"aioseo_head":"\n\t\t<!-- All in One SEO 5.0.0.1 - aioseo.com -->\n\t<meta name=\"description\" content=\"Augmentation des imp\u00f4ts fonciers, retard dans les d\u00e9cisions, querelles politiques. En proc\u00e9dant \u00e0 la plus importante r\u00e9\u00e9valuation de son parc immobilier depuis 1998, le canton d\u2019Argovie a mis le doigt dans un nid de gu\u00eapes. Une expertise externe apporte d\u00e9sormais un verdict clair sur une initiative politique controvers\u00e9e. La demande du PLR et de l&#039;UDC visant \u00e0 geler la valeur locative est tout simplement irr\u00e9alisable.\" \/>\n\t<meta name=\"robots\" content=\"max-image-preview:large\" \/>\n\t<meta name=\"author\" content=\"immovestuser\"\/>\n\t<meta name=\"google-site-verification\" content=\"fHJKvgWpZCR2zVBHWfkQeFXC11qieUSff0HGNYfuyLA\" \/>\n\t<link rel=\"canonical\" href=\"https:\/\/www.immo-invest.ch\/fr\/der-eigenmietwert-trick-der-vor-gericht-scheiterte\/\" \/>\n\t<meta name=\"generator\" content=\"All in One SEO (AIOSEO) 5.0.0.1\" \/>\n\t\t<meta property=\"og:locale\" content=\"fr_FR\" \/>\n\t\t<meta property=\"og:site_name\" content=\"immo!nvest - Die Plattform f\u00fcr Standorte und Immobilien - Die\u00a0Plattform f\u00fcr Standorte und Immobilien\" \/>\n\t\t<meta property=\"og:type\" content=\"article\" \/>\n\t\t<meta property=\"og:title\" content=\"L\u2019astuce de la valeur locative, qui a \u00e9chou\u00e9 devant les tribunaux - immo!nvest - Die Plattform f\u00fcr Standorte und Immobilien\" \/>\n\t\t<meta property=\"og:description\" content=\"Augmentation des imp\u00f4ts fonciers, retard dans les d\u00e9cisions, querelles politiques. En proc\u00e9dant \u00e0 la plus importante r\u00e9\u00e9valuation de son parc immobilier depuis 1998, le canton d\u2019Argovie a mis le doigt dans un nid de gu\u00eapes. Une expertise externe apporte d\u00e9sormais un verdict clair sur une initiative politique controvers\u00e9e. La demande du PLR et de l&#039;UDC visant \u00e0 geler la valeur locative est tout simplement irr\u00e9alisable.\" \/>\n\t\t<meta property=\"og:url\" content=\"https:\/\/www.immo-invest.ch\/fr\/der-eigenmietwert-trick-der-vor-gericht-scheiterte\/\" \/>\n\t\t<meta property=\"og:image\" content=\"https:\/\/www.immo-invest.ch\/wp-content\/uploads\/2026\/07\/Der-Eigenmietwert-Trick-der-vor-Gericht-scheiterte-immo-invest.png\" \/>\n\t\t<meta property=\"og:image:secure_url\" content=\"https:\/\/www.immo-invest.ch\/wp-content\/uploads\/2026\/07\/Der-Eigenmietwert-Trick-der-vor-Gericht-scheiterte-immo-invest.png\" \/>\n\t\t<meta property=\"og:image:width\" content=\"1536\" \/>\n\t\t<meta property=\"og:image:height\" content=\"768\" \/>\n\t\t<meta property=\"article:published_time\" content=\"2026-07-14T08:44:08+00:00\" \/>\n\t\t<meta property=\"article:modified_time\" content=\"2026-07-14T09:06:37+00:00\" \/>\n\t\t<meta property=\"article:publisher\" content=\"https:\/\/www.facebook.com\/people\/Immoinvest\/100077962920504\/\" \/>\n\t\t<meta name=\"twitter:card\" content=\"summary_large_image\" \/>\n\t\t<meta name=\"twitter:site\" content=\"@i\" \/>\n\t\t<meta name=\"twitter:title\" content=\"L\u2019astuce de la valeur locative, qui a \u00e9chou\u00e9 devant les tribunaux - immo!nvest - Die Plattform f\u00fcr Standorte und Immobilien\" \/>\n\t\t<meta name=\"twitter:description\" content=\"Augmentation des imp\u00f4ts fonciers, retard dans les d\u00e9cisions, querelles politiques. En proc\u00e9dant \u00e0 la plus importante r\u00e9\u00e9valuation de son parc immobilier depuis 1998, le canton d\u2019Argovie a mis le doigt dans un nid de gu\u00eapes. Une expertise externe apporte d\u00e9sormais un verdict clair sur une initiative politique controvers\u00e9e. La demande du PLR et de l&#039;UDC visant \u00e0 geler la valeur locative est tout simplement irr\u00e9alisable.\" \/>\n\t\t<meta name=\"twitter:creator\" content=\"@i\" \/>\n\t\t<meta name=\"twitter:image\" content=\"https:\/\/www.immo-invest.ch\/wp-content\/uploads\/2026\/07\/Der-Eigenmietwert-Trick-der-vor-Gericht-scheiterte-immo-invest.png\" \/>\n\t\t<script type=\"application\/ld+json\" class=\"aioseo-schema\">\n\t\t\t{\"@context\":\"https:\\\/\\\/schema.org\",\"@graph\":[{\"@type\":\"BlogPosting\",\"@id\":\"https:\\\/\\\/www.immo-invest.ch\\\/fr\\\/der-eigenmietwert-trick-der-vor-gericht-scheiterte\\\/#blogposting\",\"name\":\"L\\u2019astuce de la valeur locative, qui a \\u00e9chou\\u00e9 devant les tribunaux - immo!nvest - Die Plattform f\\u00fcr Standorte und Immobilien\",\"headline\":\"L&rsquo;astuce de la valeur locative, qui a \\u00e9chou\\u00e9 devant les tribunaux\",\"author\":{\"@id\":\"https:\\\/\\\/www.immo-invest.ch\\\/fr\\\/author\\\/immovestuser\\\/#author\"},\"publisher\":{\"@id\":\"https:\\\/\\\/www.immo-invest.ch\\\/fr\\\/#organization\"},\"image\":{\"@type\":\"ImageObject\",\"url\":\"https:\\\/\\\/www.immo-invest.ch\\\/wp-content\\\/uploads\\\/2026\\\/07\\\/Der-Eigenmietwert-Trick-der-vor-Gericht-scheiterte-immo-invest.png\",\"width\":1536,\"height\":768},\"datePublished\":\"2026-07-14T10:44:08+02:00\",\"dateModified\":\"2026-07-14T11:06:37+02:00\",\"inLanguage\":\"fr-FR\",\"mainEntityOfPage\":{\"@id\":\"https:\\\/\\\/www.immo-invest.ch\\\/fr\\\/der-eigenmietwert-trick-der-vor-gericht-scheiterte\\\/#webpage\"},\"isPartOf\":{\"@id\":\"https:\\\/\\\/www.immo-invest.ch\\\/fr\\\/der-eigenmietwert-trick-der-vor-gericht-scheiterte\\\/#webpage\"},\"articleSection\":\"\\u00c9valuations &amp; analyses de march\\u00e9, Institutions &amp; Formation, aargau, Eigenmietwert, Finanzdirektion, Immoinvest, immoNews, Liegenschaftenbewertung, Marktmiete, News, Steuerfuss, Steuerrevision, Verwaltungsgerichtsurteil, Facultatif\"},{\"@type\":\"BreadcrumbList\",\"@id\":\"https:\\\/\\\/www.immo-invest.ch\\\/fr\\\/der-eigenmietwert-trick-der-vor-gericht-scheiterte\\\/#breadcrumblist\",\"itemListElement\":[{\"@type\":\"ListItem\",\"@id\":\"https:\\\/\\\/www.immo-invest.ch\\\/fr\\\/#listItem\",\"position\":1,\"name\":\"Home\",\"item\":\"https:\\\/\\\/www.immo-invest.ch\\\/fr\\\/\",\"nextItem\":{\"@type\":\"ListItem\",\"@id\":\"https:\\\/\\\/www.immo-invest.ch\\\/fr\\\/categories\\\/business-fr\\\/#listItem\",\"name\":\"Business\"}},{\"@type\":\"ListItem\",\"@id\":\"https:\\\/\\\/www.immo-invest.ch\\\/fr\\\/categories\\\/business-fr\\\/#listItem\",\"position\":2,\"name\":\"Business\",\"item\":\"https:\\\/\\\/www.immo-invest.ch\\\/fr\\\/categories\\\/business-fr\\\/\",\"nextItem\":{\"@type\":\"ListItem\",\"@id\":\"https:\\\/\\\/www.immo-invest.ch\\\/fr\\\/categories\\\/business-fr\\\/evaluations-analyses-de-marche\\\/#listItem\",\"name\":\"\\u00c9valuations &amp; analyses de march\\u00e9\"},\"previousItem\":{\"@type\":\"ListItem\",\"@id\":\"https:\\\/\\\/www.immo-invest.ch\\\/fr\\\/#listItem\",\"name\":\"Home\"}},{\"@type\":\"ListItem\",\"@id\":\"https:\\\/\\\/www.immo-invest.ch\\\/fr\\\/categories\\\/business-fr\\\/evaluations-analyses-de-marche\\\/#listItem\",\"position\":3,\"name\":\"\\u00c9valuations &amp; analyses de march\\u00e9\",\"item\":\"https:\\\/\\\/www.immo-invest.ch\\\/fr\\\/categories\\\/business-fr\\\/evaluations-analyses-de-marche\\\/\",\"nextItem\":{\"@type\":\"ListItem\",\"@id\":\"https:\\\/\\\/www.immo-invest.ch\\\/fr\\\/der-eigenmietwert-trick-der-vor-gericht-scheiterte\\\/#listItem\",\"name\":\"L&rsquo;astuce de la valeur locative, qui a \\u00e9chou\\u00e9 devant les tribunaux\"},\"previousItem\":{\"@type\":\"ListItem\",\"@id\":\"https:\\\/\\\/www.immo-invest.ch\\\/fr\\\/categories\\\/business-fr\\\/#listItem\",\"name\":\"Business\"}},{\"@type\":\"ListItem\",\"@id\":\"https:\\\/\\\/www.immo-invest.ch\\\/fr\\\/der-eigenmietwert-trick-der-vor-gericht-scheiterte\\\/#listItem\",\"position\":4,\"name\":\"L&rsquo;astuce de la valeur locative, qui a \\u00e9chou\\u00e9 devant les tribunaux\",\"previousItem\":{\"@type\":\"ListItem\",\"@id\":\"https:\\\/\\\/www.immo-invest.ch\\\/fr\\\/categories\\\/business-fr\\\/evaluations-analyses-de-marche\\\/#listItem\",\"name\":\"\\u00c9valuations &amp; analyses de march\\u00e9\"}}]},{\"@type\":\"Organization\",\"@id\":\"https:\\\/\\\/www.immo-invest.ch\\\/fr\\\/#organization\",\"name\":\"immo!nvest - Die Plattform f\\u00fcr Standorte und Immobilien\",\"description\":\"Die\\u00a0Plattform f\\u00fcr Standorte und Immobilien\",\"url\":\"https:\\\/\\\/www.immo-invest.ch\\\/fr\\\/\",\"email\":\"admin@immomedia.ag\",\"telephone\":\"+41444420002\",\"logo\":{\"@type\":\"ImageObject\",\"url\":\"https:\\\/\\\/www.immo-invest.ch\\\/wp-content\\\/uploads\\\/2024\\\/09\\\/immoinvest_sm-scaled.jpg\",\"@id\":\"https:\\\/\\\/www.immo-invest.ch\\\/fr\\\/der-eigenmietwert-trick-der-vor-gericht-scheiterte\\\/#organizationLogo\",\"width\":2560,\"height\":1340},\"image\":{\"@id\":\"https:\\\/\\\/www.immo-invest.ch\\\/fr\\\/der-eigenmietwert-trick-der-vor-gericht-scheiterte\\\/#organizationLogo\"},\"sameAs\":[\"https:\\\/\\\/www.facebook.com\\\/people\\\/Immoinvest\\\/100077962920504\\\/\",\"https:\\\/\\\/x.com\\\/i\\\/flow\\\/login?redirect_after_login=immoinvest_ch\",\"https:\\\/\\\/www.instagram.com\\\/immoinvest_ch\\\/\",\"https:\\\/\\\/www.linkedin.com\\\/company\\\/immoinvest-swiss\"]},{\"@type\":\"Person\",\"@id\":\"https:\\\/\\\/www.immo-invest.ch\\\/fr\\\/author\\\/immovestuser\\\/#author\",\"url\":\"https:\\\/\\\/www.immo-invest.ch\\\/fr\\\/author\\\/immovestuser\\\/\",\"name\":\"immovestuser\",\"image\":{\"@type\":\"ImageObject\",\"@id\":\"https:\\\/\\\/www.immo-invest.ch\\\/fr\\\/der-eigenmietwert-trick-der-vor-gericht-scheiterte\\\/#authorImage\",\"url\":\"https:\\\/\\\/secure.gravatar.com\\\/avatar\\\/8e01f4d99f2eeea7a362ebb93305e1172a70e9293ba250f897a65c39f54cdd1e?s=96&d=mm&r=g\",\"width\":96,\"height\":96,\"caption\":\"immovestuser\"}},{\"@type\":\"WebPage\",\"@id\":\"https:\\\/\\\/www.immo-invest.ch\\\/fr\\\/der-eigenmietwert-trick-der-vor-gericht-scheiterte\\\/#webpage\",\"url\":\"https:\\\/\\\/www.immo-invest.ch\\\/fr\\\/der-eigenmietwert-trick-der-vor-gericht-scheiterte\\\/\",\"name\":\"L\\u2019astuce de la valeur locative, qui a \\u00e9chou\\u00e9 devant les tribunaux - immo!nvest - Die Plattform f\\u00fcr Standorte und Immobilien\",\"description\":\"Augmentation des imp\\u00f4ts fonciers, retard dans les d\\u00e9cisions, querelles politiques. En proc\\u00e9dant \\u00e0 la plus importante r\\u00e9\\u00e9valuation de son parc immobilier depuis 1998, le canton d\\u2019Argovie a mis le doigt dans un nid de gu\\u00eapes. Une expertise externe apporte d\\u00e9sormais un verdict clair sur une initiative politique controvers\\u00e9e. La demande du PLR et de l'UDC visant \\u00e0 geler la valeur locative est tout simplement irr\\u00e9alisable.\",\"inLanguage\":\"fr-FR\",\"isPartOf\":{\"@id\":\"https:\\\/\\\/www.immo-invest.ch\\\/fr\\\/#website\"},\"breadcrumb\":{\"@id\":\"https:\\\/\\\/www.immo-invest.ch\\\/fr\\\/der-eigenmietwert-trick-der-vor-gericht-scheiterte\\\/#breadcrumblist\"},\"author\":{\"@id\":\"https:\\\/\\\/www.immo-invest.ch\\\/fr\\\/author\\\/immovestuser\\\/#author\"},\"creator\":{\"@id\":\"https:\\\/\\\/www.immo-invest.ch\\\/fr\\\/author\\\/immovestuser\\\/#author\"},\"image\":{\"@type\":\"ImageObject\",\"url\":\"https:\\\/\\\/www.immo-invest.ch\\\/wp-content\\\/uploads\\\/2026\\\/07\\\/Der-Eigenmietwert-Trick-der-vor-Gericht-scheiterte-immo-invest.png\",\"@id\":\"https:\\\/\\\/www.immo-invest.ch\\\/fr\\\/der-eigenmietwert-trick-der-vor-gericht-scheiterte\\\/#mainImage\",\"width\":1536,\"height\":768},\"primaryImageOfPage\":{\"@id\":\"https:\\\/\\\/www.immo-invest.ch\\\/fr\\\/der-eigenmietwert-trick-der-vor-gericht-scheiterte\\\/#mainImage\"},\"datePublished\":\"2026-07-14T10:44:08+02:00\",\"dateModified\":\"2026-07-14T11:06:37+02:00\"},{\"@type\":\"WebSite\",\"@id\":\"https:\\\/\\\/www.immo-invest.ch\\\/fr\\\/#website\",\"url\":\"https:\\\/\\\/www.immo-invest.ch\\\/fr\\\/\",\"name\":\"immo!nvest - Die Plattform f\\u00fcr Standorte und Immobilien\",\"description\":\"Die\\u00a0Plattform f\\u00fcr Standorte und Immobilien\",\"inLanguage\":\"fr-FR\",\"publisher\":{\"@id\":\"https:\\\/\\\/www.immo-invest.ch\\\/fr\\\/#organization\"}}]}\n\t\t<\/script>\n\t\t<!-- All in One SEO -->\n\n","aioseo_head_json":{"title":"L\u2019astuce de la valeur locative, qui a \u00e9chou\u00e9 devant les tribunaux - immo!nvest - Die Plattform f\u00fcr Standorte und Immobilien","description":"Augmentation des imp\u00f4ts fonciers, retard dans les d\u00e9cisions, querelles politiques. En proc\u00e9dant \u00e0 la plus importante r\u00e9\u00e9valuation de son parc immobilier depuis 1998, le canton d\u2019Argovie a mis le doigt dans un nid de gu\u00eapes. Une expertise externe apporte d\u00e9sormais un verdict clair sur une initiative politique controvers\u00e9e. La demande du PLR et de l'UDC visant \u00e0 geler la valeur locative est tout simplement irr\u00e9alisable.","canonical_url":"https:\/\/www.immo-invest.ch\/fr\/der-eigenmietwert-trick-der-vor-gericht-scheiterte\/","robots":"max-image-preview:large","keywords":"","webmasterTools":{"google-site-verification":"fHJKvgWpZCR2zVBHWfkQeFXC11qieUSff0HGNYfuyLA","miscellaneous":""},"schema":{"@context":"https:\/\/schema.org","@graph":[{"@type":"BlogPosting","@id":"https:\/\/www.immo-invest.ch\/fr\/der-eigenmietwert-trick-der-vor-gericht-scheiterte\/#blogposting","name":"L\u2019astuce de la valeur locative, qui a \u00e9chou\u00e9 devant les tribunaux - immo!nvest - Die Plattform f\u00fcr Standorte und Immobilien","headline":"L&rsquo;astuce de la valeur locative, qui a \u00e9chou\u00e9 devant les tribunaux","author":{"@id":"https:\/\/www.immo-invest.ch\/fr\/author\/immovestuser\/#author"},"publisher":{"@id":"https:\/\/www.immo-invest.ch\/fr\/#organization"},"image":{"@type":"ImageObject","url":"https:\/\/www.immo-invest.ch\/wp-content\/uploads\/2026\/07\/Der-Eigenmietwert-Trick-der-vor-Gericht-scheiterte-immo-invest.png","width":1536,"height":768},"datePublished":"2026-07-14T10:44:08+02:00","dateModified":"2026-07-14T11:06:37+02:00","inLanguage":"fr-FR","mainEntityOfPage":{"@id":"https:\/\/www.immo-invest.ch\/fr\/der-eigenmietwert-trick-der-vor-gericht-scheiterte\/#webpage"},"isPartOf":{"@id":"https:\/\/www.immo-invest.ch\/fr\/der-eigenmietwert-trick-der-vor-gericht-scheiterte\/#webpage"},"articleSection":"\u00c9valuations &amp; analyses de march\u00e9, Institutions &amp; Formation, aargau, Eigenmietwert, Finanzdirektion, Immoinvest, immoNews, Liegenschaftenbewertung, Marktmiete, News, Steuerfuss, Steuerrevision, Verwaltungsgerichtsurteil, Facultatif"},{"@type":"BreadcrumbList","@id":"https:\/\/www.immo-invest.ch\/fr\/der-eigenmietwert-trick-der-vor-gericht-scheiterte\/#breadcrumblist","itemListElement":[{"@type":"ListItem","@id":"https:\/\/www.immo-invest.ch\/fr\/#listItem","position":1,"name":"Home","item":"https:\/\/www.immo-invest.ch\/fr\/","nextItem":{"@type":"ListItem","@id":"https:\/\/www.immo-invest.ch\/fr\/categories\/business-fr\/#listItem","name":"Business"}},{"@type":"ListItem","@id":"https:\/\/www.immo-invest.ch\/fr\/categories\/business-fr\/#listItem","position":2,"name":"Business","item":"https:\/\/www.immo-invest.ch\/fr\/categories\/business-fr\/","nextItem":{"@type":"ListItem","@id":"https:\/\/www.immo-invest.ch\/fr\/categories\/business-fr\/evaluations-analyses-de-marche\/#listItem","name":"\u00c9valuations &amp; analyses de march\u00e9"},"previousItem":{"@type":"ListItem","@id":"https:\/\/www.immo-invest.ch\/fr\/#listItem","name":"Home"}},{"@type":"ListItem","@id":"https:\/\/www.immo-invest.ch\/fr\/categories\/business-fr\/evaluations-analyses-de-marche\/#listItem","position":3,"name":"\u00c9valuations &amp; analyses de march\u00e9","item":"https:\/\/www.immo-invest.ch\/fr\/categories\/business-fr\/evaluations-analyses-de-marche\/","nextItem":{"@type":"ListItem","@id":"https:\/\/www.immo-invest.ch\/fr\/der-eigenmietwert-trick-der-vor-gericht-scheiterte\/#listItem","name":"L&rsquo;astuce de la valeur locative, qui a \u00e9chou\u00e9 devant les tribunaux"},"previousItem":{"@type":"ListItem","@id":"https:\/\/www.immo-invest.ch\/fr\/categories\/business-fr\/#listItem","name":"Business"}},{"@type":"ListItem","@id":"https:\/\/www.immo-invest.ch\/fr\/der-eigenmietwert-trick-der-vor-gericht-scheiterte\/#listItem","position":4,"name":"L&rsquo;astuce de la valeur locative, qui a \u00e9chou\u00e9 devant les tribunaux","previousItem":{"@type":"ListItem","@id":"https:\/\/www.immo-invest.ch\/fr\/categories\/business-fr\/evaluations-analyses-de-marche\/#listItem","name":"\u00c9valuations &amp; analyses de march\u00e9"}}]},{"@type":"Organization","@id":"https:\/\/www.immo-invest.ch\/fr\/#organization","name":"immo!nvest - Die Plattform f\u00fcr Standorte und Immobilien","description":"Die\u00a0Plattform f\u00fcr Standorte und Immobilien","url":"https:\/\/www.immo-invest.ch\/fr\/","email":"admin@immomedia.ag","telephone":"+41444420002","logo":{"@type":"ImageObject","url":"https:\/\/www.immo-invest.ch\/wp-content\/uploads\/2024\/09\/immoinvest_sm-scaled.jpg","@id":"https:\/\/www.immo-invest.ch\/fr\/der-eigenmietwert-trick-der-vor-gericht-scheiterte\/#organizationLogo","width":2560,"height":1340},"image":{"@id":"https:\/\/www.immo-invest.ch\/fr\/der-eigenmietwert-trick-der-vor-gericht-scheiterte\/#organizationLogo"},"sameAs":["https:\/\/www.facebook.com\/people\/Immoinvest\/100077962920504\/","https:\/\/x.com\/i\/flow\/login?redirect_after_login=immoinvest_ch","https:\/\/www.instagram.com\/immoinvest_ch\/","https:\/\/www.linkedin.com\/company\/immoinvest-swiss"]},{"@type":"Person","@id":"https:\/\/www.immo-invest.ch\/fr\/author\/immovestuser\/#author","url":"https:\/\/www.immo-invest.ch\/fr\/author\/immovestuser\/","name":"immovestuser","image":{"@type":"ImageObject","@id":"https:\/\/www.immo-invest.ch\/fr\/der-eigenmietwert-trick-der-vor-gericht-scheiterte\/#authorImage","url":"https:\/\/secure.gravatar.com\/avatar\/8e01f4d99f2eeea7a362ebb93305e1172a70e9293ba250f897a65c39f54cdd1e?s=96&d=mm&r=g","width":96,"height":96,"caption":"immovestuser"}},{"@type":"WebPage","@id":"https:\/\/www.immo-invest.ch\/fr\/der-eigenmietwert-trick-der-vor-gericht-scheiterte\/#webpage","url":"https:\/\/www.immo-invest.ch\/fr\/der-eigenmietwert-trick-der-vor-gericht-scheiterte\/","name":"L\u2019astuce de la valeur locative, qui a \u00e9chou\u00e9 devant les tribunaux - immo!nvest - Die Plattform f\u00fcr Standorte und Immobilien","description":"Augmentation des imp\u00f4ts fonciers, retard dans les d\u00e9cisions, querelles politiques. En proc\u00e9dant \u00e0 la plus importante r\u00e9\u00e9valuation de son parc immobilier depuis 1998, le canton d\u2019Argovie a mis le doigt dans un nid de gu\u00eapes. Une expertise externe apporte d\u00e9sormais un verdict clair sur une initiative politique controvers\u00e9e. La demande du PLR et de l'UDC visant \u00e0 geler la valeur locative est tout simplement irr\u00e9alisable.","inLanguage":"fr-FR","isPartOf":{"@id":"https:\/\/www.immo-invest.ch\/fr\/#website"},"breadcrumb":{"@id":"https:\/\/www.immo-invest.ch\/fr\/der-eigenmietwert-trick-der-vor-gericht-scheiterte\/#breadcrumblist"},"author":{"@id":"https:\/\/www.immo-invest.ch\/fr\/author\/immovestuser\/#author"},"creator":{"@id":"https:\/\/www.immo-invest.ch\/fr\/author\/immovestuser\/#author"},"image":{"@type":"ImageObject","url":"https:\/\/www.immo-invest.ch\/wp-content\/uploads\/2026\/07\/Der-Eigenmietwert-Trick-der-vor-Gericht-scheiterte-immo-invest.png","@id":"https:\/\/www.immo-invest.ch\/fr\/der-eigenmietwert-trick-der-vor-gericht-scheiterte\/#mainImage","width":1536,"height":768},"primaryImageOfPage":{"@id":"https:\/\/www.immo-invest.ch\/fr\/der-eigenmietwert-trick-der-vor-gericht-scheiterte\/#mainImage"},"datePublished":"2026-07-14T10:44:08+02:00","dateModified":"2026-07-14T11:06:37+02:00"},{"@type":"WebSite","@id":"https:\/\/www.immo-invest.ch\/fr\/#website","url":"https:\/\/www.immo-invest.ch\/fr\/","name":"immo!nvest - Die Plattform f\u00fcr Standorte und Immobilien","description":"Die\u00a0Plattform f\u00fcr Standorte und Immobilien","inLanguage":"fr-FR","publisher":{"@id":"https:\/\/www.immo-invest.ch\/fr\/#organization"}}]},"og:locale":"fr_FR","og:site_name":"immo!nvest - Die Plattform f\u00fcr Standorte und Immobilien - Die\u00a0Plattform f\u00fcr Standorte und Immobilien","og:type":"article","og:title":"L\u2019astuce de la valeur locative, qui a \u00e9chou\u00e9 devant les tribunaux - immo!nvest - Die Plattform f\u00fcr Standorte und Immobilien","og:description":"Augmentation des imp\u00f4ts fonciers, retard dans les d\u00e9cisions, querelles politiques. En proc\u00e9dant \u00e0 la plus importante r\u00e9\u00e9valuation de son parc immobilier depuis 1998, le canton d\u2019Argovie a mis le doigt dans un nid de gu\u00eapes. Une expertise externe apporte d\u00e9sormais un verdict clair sur une initiative politique controvers\u00e9e. La demande du PLR et de l'UDC visant \u00e0 geler la valeur locative est tout simplement irr\u00e9alisable.","og:url":"https:\/\/www.immo-invest.ch\/fr\/der-eigenmietwert-trick-der-vor-gericht-scheiterte\/","og:image":"https:\/\/www.immo-invest.ch\/wp-content\/uploads\/2026\/07\/Der-Eigenmietwert-Trick-der-vor-Gericht-scheiterte-immo-invest.png","og:image:secure_url":"https:\/\/www.immo-invest.ch\/wp-content\/uploads\/2026\/07\/Der-Eigenmietwert-Trick-der-vor-Gericht-scheiterte-immo-invest.png","og:image:width":1536,"og:image:height":768,"article:published_time":"2026-07-14T08:44:08+00:00","article:modified_time":"2026-07-14T09:06:37+00:00","article:publisher":"https:\/\/www.facebook.com\/people\/Immoinvest\/100077962920504\/","twitter:card":"summary_large_image","twitter:site":"@i","twitter:title":"L\u2019astuce de la valeur locative, qui a \u00e9chou\u00e9 devant les tribunaux - immo!nvest - Die Plattform f\u00fcr Standorte und Immobilien","twitter:description":"Augmentation des imp\u00f4ts fonciers, retard dans les d\u00e9cisions, querelles politiques. En proc\u00e9dant \u00e0 la plus importante r\u00e9\u00e9valuation de son parc immobilier depuis 1998, le canton d\u2019Argovie a mis le doigt dans un nid de gu\u00eapes. Une expertise externe apporte d\u00e9sormais un verdict clair sur une initiative politique controvers\u00e9e. La demande du PLR et de l'UDC visant \u00e0 geler la valeur locative est tout simplement irr\u00e9alisable.","twitter:creator":"@i","twitter:image":"https:\/\/www.immo-invest.ch\/wp-content\/uploads\/2026\/07\/Der-Eigenmietwert-Trick-der-vor-Gericht-scheiterte-immo-invest.png"},"aioseo_meta_data":{"post_id":"161227","title":null,"description":null,"keywords":null,"keyphrases":{"focus":{"keyphrase":"","score":0,"analysis":{"keyphraseInTitle":{"score":0,"maxScore":9,"error":1}}},"additional":[]},"primary_term":null,"canonical_url":null,"og_title":null,"og_description":null,"og_object_type":"default","og_image_type":"default","og_image_url":null,"og_image_width":null,"og_image_height":null,"og_image_custom_url":null,"og_image_custom_fields":null,"og_video":"","og_custom_url":null,"og_article_section":null,"og_article_tags":null,"twitter_use_og":false,"twitter_card":"default","twitter_image_type":"default","twitter_image_url":null,"twitter_image_custom_url":null,"twitter_image_custom_fields":null,"twitter_title":null,"twitter_description":null,"schema":{"blockGraphs":[],"customGraphs":[],"default":{"data":{"Article":[],"Course":[],"Dataset":[],"FAQPage":[],"Movie":[],"Person":[],"Product":[],"ProductReview":[],"Car":[],"Recipe":[],"Service":[],"SoftwareApplication":[],"WebPage":[]},"graphName":"BlogPosting","isEnabled":true},"graphs":[]},"schema_type":"default","schema_type_options":null,"pillar_content":false,"robots_default":true,"robots_noindex":false,"robots_noarchive":false,"robots_nosnippet":false,"robots_nofollow":false,"robots_noimageindex":false,"robots_noodp":false,"robots_notranslate":false,"robots_max_snippet":"-1","robots_max_videopreview":"-1","robots_max_imagepreview":"large","priority":null,"frequency":"default","local_seo":null,"breadcrumb_settings":null,"limit_modified_date":false,"ai":{"faqs":[],"keyPoints":[],"schemas":[],"titles":[],"descriptions":[],"socialPosts":{"email":{"subject":"","preview":"","content":""},"linkedin":[],"twitter":[],"facebook":[],"instagram":[]}},"created":"2026-07-14 09:06:38","updated":"2026-07-14 09:27:47","seo_analyzer_scan_date":null,"focus_keyword":null,"additional_keywords":null,"truseo_locale":null},"aioseo_breadcrumb":"<div class=\"aioseo-breadcrumbs\"><span class=\"aioseo-breadcrumb\">\n\t\t\t<a href=\"https:\/\/www.immo-invest.ch\/fr\/\" title=\"Home\">Home<\/a>\n\t\t<\/span><span class=\"aioseo-breadcrumb-separator\">&raquo;<\/span><span class=\"aioseo-breadcrumb\">\n\t\t\t<a href=\"https:\/\/www.immo-invest.ch\/fr\/categories\/business-fr\/\" title=\"Business\">Business<\/a>\n\t\t<\/span><span class=\"aioseo-breadcrumb-separator\">&raquo;<\/span><span class=\"aioseo-breadcrumb\">\n\t\t\t<a href=\"https:\/\/www.immo-invest.ch\/fr\/categories\/business-fr\/evaluations-analyses-de-marche\/\" title=\"\u00c9valuations &amp; analyses de march\u00e9\">\u00c9valuations &amp; analyses de march\u00e9<\/a>\n\t\t<\/span><span class=\"aioseo-breadcrumb-separator\">&raquo;<\/span><span class=\"aioseo-breadcrumb\">\n\t\t\tL\u2019astuce de la valeur locative, qui a \u00e9chou\u00e9 devant les tribunaux\n\t\t<\/span><\/div>","aioseo_breadcrumb_json":[{"label":"Home","link":"https:\/\/www.immo-invest.ch\/fr\/"},{"label":"Business","link":"https:\/\/www.immo-invest.ch\/fr\/categories\/business-fr\/"},{"label":"\u00c9valuations &amp; analyses de march\u00e9","link":"https:\/\/www.immo-invest.ch\/fr\/categories\/business-fr\/evaluations-analyses-de-marche\/"},{"label":"L&rsquo;astuce de la valeur locative, qui a \u00e9chou\u00e9 devant les tribunaux","link":"https:\/\/www.immo-invest.ch\/fr\/der-eigenmietwert-trick-der-vor-gericht-scheiterte\/"}],"featured_image_src":"https:\/\/www.immo-invest.ch\/wp-content\/uploads\/2026\/07\/Der-Eigenmietwert-Trick-der-vor-Gericht-scheiterte-immo-invest-336x168.png","_links":{"self":[{"href":"https:\/\/www.immo-invest.ch\/fr\/wp-json\/wp\/v2\/posts\/161227","targetHints":{"allow":["GET"]}}],"collection":[{"href":"https:\/\/www.immo-invest.ch\/fr\/wp-json\/wp\/v2\/posts"}],"about":[{"href":"https:\/\/www.immo-invest.ch\/fr\/wp-json\/wp\/v2\/types\/post"}],"author":[{"embeddable":true,"href":"https:\/\/www.immo-invest.ch\/fr\/wp-json\/wp\/v2\/users\/2"}],"replies":[{"embeddable":true,"href":"https:\/\/www.immo-invest.ch\/fr\/wp-json\/wp\/v2\/comments?post=161227"}],"version-history":[{"count":3,"href":"https:\/\/www.immo-invest.ch\/fr\/wp-json\/wp\/v2\/posts\/161227\/revisions"}],"predecessor-version":[{"id":161235,"href":"https:\/\/www.immo-invest.ch\/fr\/wp-json\/wp\/v2\/posts\/161227\/revisions\/161235"}],"wp:featuredmedia":[{"embeddable":true,"href":"https:\/\/www.immo-invest.ch\/fr\/wp-json\/wp\/v2\/media\/161228"}],"wp:attachment":[{"href":"https:\/\/www.immo-invest.ch\/fr\/wp-json\/wp\/v2\/media?parent=161227"}],"wp:term":[{"taxonomy":"category","embeddable":true,"href":"https:\/\/www.immo-invest.ch\/fr\/wp-json\/wp\/v2\/categories?post=161227"},{"taxonomy":"post_tag","embeddable":true,"href":"https:\/\/www.immo-invest.ch\/fr\/wp-json\/wp\/v2\/tags?post=161227"}],"curies":[{"name":"wp","href":"https:\/\/api.w.org\/{rel}","templated":true}]}}