{"id":161037,"date":"2026-07-11T17:30:00","date_gmt":"2026-07-11T15:30:00","guid":{"rendered":"https:\/\/www.immo-invest.ch\/?p=161037"},"modified":"2026-07-09T15:01:15","modified_gmt":"2026-07-09T13:01:15","slug":"biel-stimmt-ueber-schaerfere-wohnregeln-ab","status":"publish","type":"post","link":"https:\/\/www.immo-invest.ch\/fr\/biel-stimmt-ueber-schaerfere-wohnregeln-ab\/","title":{"rendered":"Bienne se prononce sur un durcissement de la r\u00e9glementation en mati\u00e8re de logement"},"content":{"rendered":"<p>&Agrave; Bienne, la politique du logement est entr&eacute;e dans une nouvelle phase avec le d&eacute;p&ocirc;t de deux initiatives populaires. Le comit&eacute; &agrave; l&rsquo;origine de ces projets a remis, d&eacute;but juillet 2026, environ 2 600 signatures. L&rsquo;obstacle formel des 2 000 signatures par initiative est ainsi franchi. Sur le fond, ces initiatives visent &agrave; renforcer consid&eacute;rablement l&rsquo;intervention de la collectivit&eacute; en mati&egrave;re de politique fonci&egrave;re, d&rsquo;aide &agrave; la construction de logements et de plus-values urbanistiques.<\/p>\n<p>Le principe est clair : &agrave; Bienne, le logement abordable doit &ecirc;tre garanti de mani&egrave;re contraignante non seulement sur les terrains publics, mais aussi dans le cadre des projets d&rsquo;am&eacute;nagement priv&eacute;s. Cela concerne aussi bien les propri&eacute;taires, les promoteurs, les coop&eacute;ratives que la ville, car les initiatives visent &agrave; red&eacute;finir tant la gestion du sol urbain que les r&egrave;gles relatives aux changements d&rsquo;affectation et aux reclassements.<\/p>\n<p><strong>2055, une &eacute;ch&eacute;ance politique<br>\n<\/strong>L&rsquo;initiative sur le logement exige que d&rsquo;ici 2055, la part de logements d&rsquo;utilit&eacute; publique atteigne 25 %, &agrave; laquelle s&rsquo;ajouteraient 5 % de logements municipaux. &Agrave; cette fin, les terrains publics situ&eacute;s dans les zones r&eacute;sidentielles ne devraient plus &ecirc;tre vendus et devraient &ecirc;tre davantage r&eacute;serv&eacute;s &agrave; des usages r&eacute;sidentiels d&rsquo;utilit&eacute; publique ou municipaux. &Agrave; cela s&rsquo;ajoute la demande de cr&eacute;ation d&rsquo;un fonds municipal pour le logement. Pour Bienne, il ne s&rsquo;agirait pas d&rsquo;une correction ponctuelle, mais d&rsquo;une orientation &agrave; long terme en mati&egrave;re de politique fonci&egrave;re et de logement.<\/p>\n<p><strong>Les terrains priv&eacute;s font l&rsquo;objet d&rsquo;une attention accrue<br>\n<\/strong>Le deuxi&egrave;me projet s&rsquo;inscrit directement dans la pratique de l&rsquo;am&eacute;nagement. En cas de changement d&rsquo;affectation ou de reclassement en zone &agrave; usage r&eacute;sidentiel, au moins un tiers de l&rsquo;usage r&eacute;sidentiel sur les terrains priv&eacute;s devra &ecirc;tre r&eacute;serv&eacute; &agrave; des logements &agrave; loyer mod&eacute;r&eacute; ou d&rsquo;utilit&eacute; publique. Ainsi, &agrave; Bienne, la r&eacute;cup&eacute;ration des plus-values urbanistiques serait davantage li&eacute;e &agrave; des exigences en mati&egrave;re de politique du logement. Pour les promoteurs, l&rsquo;importance de la mixit&eacute; des usages, de la structure des revenus et du calcul du co&ucirc;t du terrain s&rsquo;accro&icirc;t d&egrave;s les premi&egrave;res phases de planification.<\/p>\n<p>Le moment choisi n&rsquo;est pas le fruit du hasard. Le march&eacute; du logement reste tendu dans toute la Suisse, et ce sont pr&eacute;cis&eacute;ment les m&eacute;nages &agrave; faible pouvoir d&rsquo;achat qui continuent &agrave; rencontrer des difficult&eacute;s pour trouver un logement. Si Bienne vise d&eacute;sormais &agrave; instaurer des quotas contraignants par le biais du droit de l&rsquo;urbanisme et de la politique fonci&egrave;re, la ville s&rsquo;inscrit dans une tendance plus large en mati&egrave;re de politique du logement, tout en la renfor&ccedil;ant au niveau local gr&acirc;ce &agrave; des objectifs clairement mesurables.<\/p>\n<p><strong>Une d&eacute;cision aux cons&eacute;quences pour les projets<\/strong><strong><br>\n<\/strong>Sur le plan politique, le dossier n&rsquo;est pas encore tranch&eacute;. Apr&egrave;s le d&eacute;p&ocirc;t de la proposition, le Conseil communal dispose d&rsquo;un d&eacute;lai pouvant aller jusqu&rsquo;&agrave; deux ans pour soumettre les projets au Conseil de ville, puis aux &eacute;lecteurs. Pour la pratique immobili&egrave;re, cette affaire rev&ecirc;t n&eacute;anmoins d&eacute;j&agrave; une importance particuli&egrave;re. Si Bienne donnait suite &agrave; ces initiatives, les futurs projets de d&eacute;veloppement seraient davantage li&eacute;s &agrave; des organismes d&rsquo;int&eacute;r&ecirc;t g&eacute;n&eacute;ral, &agrave; des loyers fix&eacute;s en fonction des co&ucirc;ts et &agrave; une gestion strat&eacute;gique du sol urbain. Le d&eacute;bat ne porte donc plus uniquement sur la promotion, mais sur des r&egrave;gles contraignantes en mati&egrave;re de construction de logements.<\/p>\n","protected":false},"excerpt":{"rendered":"<p>\u00c0 Bienne, deux initiatives communales en mati\u00e8re de logement ont \u00e9t\u00e9 d\u00e9pos\u00e9es, accompagn\u00e9es d\u2019environ 2 600 signatures. Elles r\u00e9clament une augmentation significative du nombre de logements d\u2019utilit\u00e9 publique et municipaux d\u2019ici 2055, ainsi que des quotas obligatoires de logements abordables sur des terrains priv\u00e9s.<\/p>\n","protected":false},"author":2,"featured_media":161038,"comment_status":"open","ping_status":"open","sticky":false,"template":"","format":"standard","meta":{"pmpro_default_level":"","inline_featured_image":false,"_monsterinsights_skip_tracking":false,"footnotes":""},"categories":[9439,56027,56003],"tags":[52421,24596,872,3931,60459,2002,53121,60460],"class_list":["post-161037","post","type-post","status-publish","format-standard","has-post-thumbnail","hentry","category-region-berne","category-planification-developpement","category-residentiel","tag-bezahlbarer-wohnraum-fr","tag-biel-fr","tag-immoinvest-fr","tag-immonews-fr","tag-mietinitiative","tag-news-fr","tag-umzonung-fr","tag-wohninitiative","pmpro-has-access"],"acf":{"bild_mit_ki_erstellt_worden":["Ja"],"lead":"\u00c0 Bienne, deux initiatives communales en mati\u00e8re de logement ont \u00e9t\u00e9 d\u00e9pos\u00e9es, accompagn\u00e9es d\u2019environ 2 600 signatures. Elles r\u00e9clament une augmentation significative du nombre de logements d\u2019utilit\u00e9 publique et municipaux d\u2019ici 2055, ainsi que des quotas obligatoires de logements abordables sur des terrains priv\u00e9s.","autor":"","ort":"","bildunterschrift":"","bild_im_grid":false,"gallerie":"","newsim":"3300"},"aioseo_notices":[],"aioseo_head":"\n\t\t<!-- All in One SEO 5.0.0.1 - aioseo.com -->\n\t<meta name=\"description\" content=\"\u00c0 Bienne, deux initiatives communales en mati\u00e8re de logement ont \u00e9t\u00e9 d\u00e9pos\u00e9es, accompagn\u00e9es d\u2019environ 2 600 signatures. Elles r\u00e9clament une augmentation significative du nombre de logements d\u2019utilit\u00e9 publique et municipaux d\u2019ici 2055, ainsi que des quotas obligatoires de logements abordables sur des terrains priv\u00e9s.\" \/>\n\t<meta name=\"robots\" content=\"max-image-preview:large\" \/>\n\t<meta name=\"author\" content=\"immovestuser\"\/>\n\t<meta name=\"google-site-verification\" content=\"fHJKvgWpZCR2zVBHWfkQeFXC11qieUSff0HGNYfuyLA\" \/>\n\t<link rel=\"canonical\" href=\"https:\/\/www.immo-invest.ch\/fr\/biel-stimmt-ueber-schaerfere-wohnregeln-ab\/\" \/>\n\t<meta name=\"generator\" content=\"All in One SEO (AIOSEO) 5.0.0.1\" \/>\n\t\t<meta property=\"og:locale\" content=\"fr_FR\" \/>\n\t\t<meta property=\"og:site_name\" content=\"immo!nvest - Die Plattform f\u00fcr Standorte und Immobilien - Die\u00a0Plattform f\u00fcr Standorte und Immobilien\" \/>\n\t\t<meta property=\"og:type\" content=\"article\" \/>\n\t\t<meta property=\"og:title\" content=\"Bienne se prononce sur un durcissement de la r\u00e9glementation en mati\u00e8re de logement - immo!nvest - Die Plattform f\u00fcr Standorte und Immobilien\" \/>\n\t\t<meta property=\"og:description\" content=\"\u00c0 Bienne, deux initiatives communales en mati\u00e8re de logement ont \u00e9t\u00e9 d\u00e9pos\u00e9es, accompagn\u00e9es d\u2019environ 2 600 signatures. Elles r\u00e9clament une augmentation significative du nombre de logements d\u2019utilit\u00e9 publique et municipaux d\u2019ici 2055, ainsi que des quotas obligatoires de logements abordables sur des terrains priv\u00e9s.\" \/>\n\t\t<meta property=\"og:url\" content=\"https:\/\/www.immo-invest.ch\/fr\/biel-stimmt-ueber-schaerfere-wohnregeln-ab\/\" \/>\n\t\t<meta property=\"og:image\" content=\"https:\/\/www.immo-invest.ch\/wp-content\/uploads\/2026\/07\/Biel-stimmt-ueber-schaerfere-Wohnregeln-ab-immo-invest.png\" \/>\n\t\t<meta property=\"og:image:secure_url\" content=\"https:\/\/www.immo-invest.ch\/wp-content\/uploads\/2026\/07\/Biel-stimmt-ueber-schaerfere-Wohnregeln-ab-immo-invest.png\" \/>\n\t\t<meta property=\"og:image:width\" content=\"1536\" \/>\n\t\t<meta property=\"og:image:height\" content=\"768\" \/>\n\t\t<meta property=\"article:published_time\" content=\"2026-07-11T15:30:00+00:00\" \/>\n\t\t<meta property=\"article:modified_time\" content=\"2026-07-09T13:01:15+00:00\" \/>\n\t\t<meta property=\"article:publisher\" content=\"https:\/\/www.facebook.com\/people\/Immoinvest\/100077962920504\/\" \/>\n\t\t<meta name=\"twitter:card\" content=\"summary_large_image\" \/>\n\t\t<meta name=\"twitter:site\" content=\"@i\" \/>\n\t\t<meta name=\"twitter:title\" content=\"Bienne se prononce sur un durcissement de la r\u00e9glementation en mati\u00e8re de logement - immo!nvest - Die Plattform f\u00fcr Standorte und Immobilien\" \/>\n\t\t<meta name=\"twitter:description\" content=\"\u00c0 Bienne, deux initiatives communales en mati\u00e8re de logement ont \u00e9t\u00e9 d\u00e9pos\u00e9es, accompagn\u00e9es d\u2019environ 2 600 signatures. Elles r\u00e9clament une augmentation significative du nombre de logements d\u2019utilit\u00e9 publique et municipaux d\u2019ici 2055, ainsi que des quotas obligatoires de logements abordables sur des terrains priv\u00e9s.\" \/>\n\t\t<meta name=\"twitter:creator\" content=\"@i\" \/>\n\t\t<meta name=\"twitter:image\" content=\"https:\/\/www.immo-invest.ch\/wp-content\/uploads\/2026\/07\/Biel-stimmt-ueber-schaerfere-Wohnregeln-ab-immo-invest.png\" \/>\n\t\t<script type=\"application\/ld+json\" class=\"aioseo-schema\">\n\t\t\t{\"@context\":\"https:\\\/\\\/schema.org\",\"@graph\":[{\"@type\":\"BlogPosting\",\"@id\":\"https:\\\/\\\/www.immo-invest.ch\\\/fr\\\/biel-stimmt-ueber-schaerfere-wohnregeln-ab\\\/#blogposting\",\"name\":\"Bienne se prononce sur un durcissement de la r\\u00e9glementation en mati\\u00e8re de logement - immo!nvest - Die Plattform f\\u00fcr Standorte und Immobilien\",\"headline\":\"Bienne se prononce sur un durcissement de la r\\u00e9glementation en mati\\u00e8re de logement\",\"author\":{\"@id\":\"https:\\\/\\\/www.immo-invest.ch\\\/fr\\\/author\\\/immovestuser\\\/#author\"},\"publisher\":{\"@id\":\"https:\\\/\\\/www.immo-invest.ch\\\/fr\\\/#organization\"},\"image\":{\"@type\":\"ImageObject\",\"url\":\"https:\\\/\\\/www.immo-invest.ch\\\/wp-content\\\/uploads\\\/2026\\\/07\\\/Biel-stimmt-ueber-schaerfere-Wohnregeln-ab-immo-invest.png\",\"width\":1536,\"height\":768},\"datePublished\":\"2026-07-11T17:30:00+02:00\",\"dateModified\":\"2026-07-09T15:01:15+02:00\",\"inLanguage\":\"fr-FR\",\"mainEntityOfPage\":{\"@id\":\"https:\\\/\\\/www.immo-invest.ch\\\/fr\\\/biel-stimmt-ueber-schaerfere-wohnregeln-ab\\\/#webpage\"},\"isPartOf\":{\"@id\":\"https:\\\/\\\/www.immo-invest.ch\\\/fr\\\/biel-stimmt-ueber-schaerfere-wohnregeln-ab\\\/#webpage\"},\"articleSection\":\"Berne, Planification \\\/ D\\u00e9veloppement, R\\u00e9sidentiel, bezahlbarer Wohnraum, Biel, Immoinvest, immoNews, Mietinitiative, News, Umzonung, Wohninitiative, Facultatif\"},{\"@type\":\"BreadcrumbList\",\"@id\":\"https:\\\/\\\/www.immo-invest.ch\\\/fr\\\/biel-stimmt-ueber-schaerfere-wohnregeln-ab\\\/#breadcrumblist\",\"itemListElement\":[{\"@type\":\"ListItem\",\"@id\":\"https:\\\/\\\/www.immo-invest.ch\\\/fr\\\/#listItem\",\"position\":1,\"name\":\"Home\",\"item\":\"https:\\\/\\\/www.immo-invest.ch\\\/fr\\\/\",\"nextItem\":{\"@type\":\"ListItem\",\"@id\":\"https:\\\/\\\/www.immo-invest.ch\\\/fr\\\/categories\\\/regions\\\/#listItem\",\"name\":\"R\\u00e9gions\"}},{\"@type\":\"ListItem\",\"@id\":\"https:\\\/\\\/www.immo-invest.ch\\\/fr\\\/categories\\\/regions\\\/#listItem\",\"position\":2,\"name\":\"R\\u00e9gions\",\"item\":\"https:\\\/\\\/www.immo-invest.ch\\\/fr\\\/categories\\\/regions\\\/\",\"nextItem\":{\"@type\":\"ListItem\",\"@id\":\"https:\\\/\\\/www.immo-invest.ch\\\/fr\\\/categories\\\/regions\\\/suisse\\\/#listItem\",\"name\":\"Suisse\"},\"previousItem\":{\"@type\":\"ListItem\",\"@id\":\"https:\\\/\\\/www.immo-invest.ch\\\/fr\\\/#listItem\",\"name\":\"Home\"}},{\"@type\":\"ListItem\",\"@id\":\"https:\\\/\\\/www.immo-invest.ch\\\/fr\\\/categories\\\/regions\\\/suisse\\\/#listItem\",\"position\":3,\"name\":\"Suisse\",\"item\":\"https:\\\/\\\/www.immo-invest.ch\\\/fr\\\/categories\\\/regions\\\/suisse\\\/\",\"nextItem\":{\"@type\":\"ListItem\",\"@id\":\"https:\\\/\\\/www.immo-invest.ch\\\/fr\\\/categories\\\/regions\\\/suisse\\\/espace-mittelland\\\/#listItem\",\"name\":\"Espace Mittelland\"},\"previousItem\":{\"@type\":\"ListItem\",\"@id\":\"https:\\\/\\\/www.immo-invest.ch\\\/fr\\\/categories\\\/regions\\\/#listItem\",\"name\":\"R\\u00e9gions\"}},{\"@type\":\"ListItem\",\"@id\":\"https:\\\/\\\/www.immo-invest.ch\\\/fr\\\/categories\\\/regions\\\/suisse\\\/espace-mittelland\\\/#listItem\",\"position\":4,\"name\":\"Espace Mittelland\",\"item\":\"https:\\\/\\\/www.immo-invest.ch\\\/fr\\\/categories\\\/regions\\\/suisse\\\/espace-mittelland\\\/\",\"nextItem\":{\"@type\":\"ListItem\",\"@id\":\"https:\\\/\\\/www.immo-invest.ch\\\/fr\\\/categories\\\/regions\\\/suisse\\\/espace-mittelland\\\/region-berne\\\/#listItem\",\"name\":\"Berne\"},\"previousItem\":{\"@type\":\"ListItem\",\"@id\":\"https:\\\/\\\/www.immo-invest.ch\\\/fr\\\/categories\\\/regions\\\/suisse\\\/#listItem\",\"name\":\"Suisse\"}},{\"@type\":\"ListItem\",\"@id\":\"https:\\\/\\\/www.immo-invest.ch\\\/fr\\\/categories\\\/regions\\\/suisse\\\/espace-mittelland\\\/region-berne\\\/#listItem\",\"position\":5,\"name\":\"Berne\",\"item\":\"https:\\\/\\\/www.immo-invest.ch\\\/fr\\\/categories\\\/regions\\\/suisse\\\/espace-mittelland\\\/region-berne\\\/\",\"nextItem\":{\"@type\":\"ListItem\",\"@id\":\"https:\\\/\\\/www.immo-invest.ch\\\/fr\\\/biel-stimmt-ueber-schaerfere-wohnregeln-ab\\\/#listItem\",\"name\":\"Bienne se prononce sur un durcissement de la r\\u00e9glementation en mati\\u00e8re de logement\"},\"previousItem\":{\"@type\":\"ListItem\",\"@id\":\"https:\\\/\\\/www.immo-invest.ch\\\/fr\\\/categories\\\/regions\\\/suisse\\\/espace-mittelland\\\/#listItem\",\"name\":\"Espace Mittelland\"}},{\"@type\":\"ListItem\",\"@id\":\"https:\\\/\\\/www.immo-invest.ch\\\/fr\\\/biel-stimmt-ueber-schaerfere-wohnregeln-ab\\\/#listItem\",\"position\":6,\"name\":\"Bienne se prononce sur un durcissement de la r\\u00e9glementation en mati\\u00e8re de logement\",\"previousItem\":{\"@type\":\"ListItem\",\"@id\":\"https:\\\/\\\/www.immo-invest.ch\\\/fr\\\/categories\\\/regions\\\/suisse\\\/espace-mittelland\\\/region-berne\\\/#listItem\",\"name\":\"Berne\"}}]},{\"@type\":\"Organization\",\"@id\":\"https:\\\/\\\/www.immo-invest.ch\\\/fr\\\/#organization\",\"name\":\"immo!nvest - Die Plattform f\\u00fcr Standorte und Immobilien\",\"description\":\"Die\\u00a0Plattform f\\u00fcr Standorte und Immobilien\",\"url\":\"https:\\\/\\\/www.immo-invest.ch\\\/fr\\\/\",\"email\":\"admin@immomedia.ag\",\"telephone\":\"+41444420002\",\"logo\":{\"@type\":\"ImageObject\",\"url\":\"https:\\\/\\\/www.immo-invest.ch\\\/wp-content\\\/uploads\\\/2024\\\/09\\\/immoinvest_sm-scaled.jpg\",\"@id\":\"https:\\\/\\\/www.immo-invest.ch\\\/fr\\\/biel-stimmt-ueber-schaerfere-wohnregeln-ab\\\/#organizationLogo\",\"width\":2560,\"height\":1340},\"image\":{\"@id\":\"https:\\\/\\\/www.immo-invest.ch\\\/fr\\\/biel-stimmt-ueber-schaerfere-wohnregeln-ab\\\/#organizationLogo\"},\"sameAs\":[\"https:\\\/\\\/www.facebook.com\\\/people\\\/Immoinvest\\\/100077962920504\\\/\",\"https:\\\/\\\/x.com\\\/i\\\/flow\\\/login?redirect_after_login=immoinvest_ch\",\"https:\\\/\\\/www.instagram.com\\\/immoinvest_ch\\\/\",\"https:\\\/\\\/www.linkedin.com\\\/company\\\/immoinvest-swiss\"]},{\"@type\":\"Person\",\"@id\":\"https:\\\/\\\/www.immo-invest.ch\\\/fr\\\/author\\\/immovestuser\\\/#author\",\"url\":\"https:\\\/\\\/www.immo-invest.ch\\\/fr\\\/author\\\/immovestuser\\\/\",\"name\":\"immovestuser\",\"image\":{\"@type\":\"ImageObject\",\"@id\":\"https:\\\/\\\/www.immo-invest.ch\\\/fr\\\/biel-stimmt-ueber-schaerfere-wohnregeln-ab\\\/#authorImage\",\"url\":\"https:\\\/\\\/secure.gravatar.com\\\/avatar\\\/8e01f4d99f2eeea7a362ebb93305e1172a70e9293ba250f897a65c39f54cdd1e?s=96&d=mm&r=g\",\"width\":96,\"height\":96,\"caption\":\"immovestuser\"}},{\"@type\":\"WebPage\",\"@id\":\"https:\\\/\\\/www.immo-invest.ch\\\/fr\\\/biel-stimmt-ueber-schaerfere-wohnregeln-ab\\\/#webpage\",\"url\":\"https:\\\/\\\/www.immo-invest.ch\\\/fr\\\/biel-stimmt-ueber-schaerfere-wohnregeln-ab\\\/\",\"name\":\"Bienne se prononce sur un durcissement de la r\\u00e9glementation en mati\\u00e8re de logement - immo!nvest - Die Plattform f\\u00fcr Standorte und Immobilien\",\"description\":\"\\u00c0 Bienne, deux initiatives communales en mati\\u00e8re de logement ont \\u00e9t\\u00e9 d\\u00e9pos\\u00e9es, accompagn\\u00e9es d\\u2019environ 2 600 signatures. Elles r\\u00e9clament une augmentation significative du nombre de logements d\\u2019utilit\\u00e9 publique et municipaux d\\u2019ici 2055, ainsi que des quotas obligatoires de logements abordables sur des terrains priv\\u00e9s.\",\"inLanguage\":\"fr-FR\",\"isPartOf\":{\"@id\":\"https:\\\/\\\/www.immo-invest.ch\\\/fr\\\/#website\"},\"breadcrumb\":{\"@id\":\"https:\\\/\\\/www.immo-invest.ch\\\/fr\\\/biel-stimmt-ueber-schaerfere-wohnregeln-ab\\\/#breadcrumblist\"},\"author\":{\"@id\":\"https:\\\/\\\/www.immo-invest.ch\\\/fr\\\/author\\\/immovestuser\\\/#author\"},\"creator\":{\"@id\":\"https:\\\/\\\/www.immo-invest.ch\\\/fr\\\/author\\\/immovestuser\\\/#author\"},\"image\":{\"@type\":\"ImageObject\",\"url\":\"https:\\\/\\\/www.immo-invest.ch\\\/wp-content\\\/uploads\\\/2026\\\/07\\\/Biel-stimmt-ueber-schaerfere-Wohnregeln-ab-immo-invest.png\",\"@id\":\"https:\\\/\\\/www.immo-invest.ch\\\/fr\\\/biel-stimmt-ueber-schaerfere-wohnregeln-ab\\\/#mainImage\",\"width\":1536,\"height\":768},\"primaryImageOfPage\":{\"@id\":\"https:\\\/\\\/www.immo-invest.ch\\\/fr\\\/biel-stimmt-ueber-schaerfere-wohnregeln-ab\\\/#mainImage\"},\"datePublished\":\"2026-07-11T17:30:00+02:00\",\"dateModified\":\"2026-07-09T15:01:15+02:00\"},{\"@type\":\"WebSite\",\"@id\":\"https:\\\/\\\/www.immo-invest.ch\\\/fr\\\/#website\",\"url\":\"https:\\\/\\\/www.immo-invest.ch\\\/fr\\\/\",\"name\":\"immo!nvest - Die Plattform f\\u00fcr Standorte und Immobilien\",\"description\":\"Die\\u00a0Plattform f\\u00fcr Standorte und Immobilien\",\"inLanguage\":\"fr-FR\",\"publisher\":{\"@id\":\"https:\\\/\\\/www.immo-invest.ch\\\/fr\\\/#organization\"}}]}\n\t\t<\/script>\n\t\t<!-- All in One SEO -->\n\n","aioseo_head_json":{"title":"Bienne se prononce sur un durcissement de la r\u00e9glementation en mati\u00e8re de logement - immo!nvest - Die Plattform f\u00fcr Standorte und Immobilien","description":"\u00c0 Bienne, deux initiatives communales en mati\u00e8re de logement ont \u00e9t\u00e9 d\u00e9pos\u00e9es, accompagn\u00e9es d\u2019environ 2 600 signatures. Elles r\u00e9clament une augmentation significative du nombre de logements d\u2019utilit\u00e9 publique et municipaux d\u2019ici 2055, ainsi que des quotas obligatoires de logements abordables sur des terrains priv\u00e9s.","canonical_url":"https:\/\/www.immo-invest.ch\/fr\/biel-stimmt-ueber-schaerfere-wohnregeln-ab\/","robots":"max-image-preview:large","keywords":"","webmasterTools":{"google-site-verification":"fHJKvgWpZCR2zVBHWfkQeFXC11qieUSff0HGNYfuyLA","miscellaneous":""},"schema":{"@context":"https:\/\/schema.org","@graph":[{"@type":"BlogPosting","@id":"https:\/\/www.immo-invest.ch\/fr\/biel-stimmt-ueber-schaerfere-wohnregeln-ab\/#blogposting","name":"Bienne se prononce sur un durcissement de la r\u00e9glementation en mati\u00e8re de logement - immo!nvest - Die Plattform f\u00fcr Standorte und Immobilien","headline":"Bienne se prononce sur un durcissement de la r\u00e9glementation en mati\u00e8re de logement","author":{"@id":"https:\/\/www.immo-invest.ch\/fr\/author\/immovestuser\/#author"},"publisher":{"@id":"https:\/\/www.immo-invest.ch\/fr\/#organization"},"image":{"@type":"ImageObject","url":"https:\/\/www.immo-invest.ch\/wp-content\/uploads\/2026\/07\/Biel-stimmt-ueber-schaerfere-Wohnregeln-ab-immo-invest.png","width":1536,"height":768},"datePublished":"2026-07-11T17:30:00+02:00","dateModified":"2026-07-09T15:01:15+02:00","inLanguage":"fr-FR","mainEntityOfPage":{"@id":"https:\/\/www.immo-invest.ch\/fr\/biel-stimmt-ueber-schaerfere-wohnregeln-ab\/#webpage"},"isPartOf":{"@id":"https:\/\/www.immo-invest.ch\/fr\/biel-stimmt-ueber-schaerfere-wohnregeln-ab\/#webpage"},"articleSection":"Berne, Planification \/ D\u00e9veloppement, R\u00e9sidentiel, bezahlbarer Wohnraum, Biel, Immoinvest, immoNews, Mietinitiative, News, Umzonung, Wohninitiative, Facultatif"},{"@type":"BreadcrumbList","@id":"https:\/\/www.immo-invest.ch\/fr\/biel-stimmt-ueber-schaerfere-wohnregeln-ab\/#breadcrumblist","itemListElement":[{"@type":"ListItem","@id":"https:\/\/www.immo-invest.ch\/fr\/#listItem","position":1,"name":"Home","item":"https:\/\/www.immo-invest.ch\/fr\/","nextItem":{"@type":"ListItem","@id":"https:\/\/www.immo-invest.ch\/fr\/categories\/regions\/#listItem","name":"R\u00e9gions"}},{"@type":"ListItem","@id":"https:\/\/www.immo-invest.ch\/fr\/categories\/regions\/#listItem","position":2,"name":"R\u00e9gions","item":"https:\/\/www.immo-invest.ch\/fr\/categories\/regions\/","nextItem":{"@type":"ListItem","@id":"https:\/\/www.immo-invest.ch\/fr\/categories\/regions\/suisse\/#listItem","name":"Suisse"},"previousItem":{"@type":"ListItem","@id":"https:\/\/www.immo-invest.ch\/fr\/#listItem","name":"Home"}},{"@type":"ListItem","@id":"https:\/\/www.immo-invest.ch\/fr\/categories\/regions\/suisse\/#listItem","position":3,"name":"Suisse","item":"https:\/\/www.immo-invest.ch\/fr\/categories\/regions\/suisse\/","nextItem":{"@type":"ListItem","@id":"https:\/\/www.immo-invest.ch\/fr\/categories\/regions\/suisse\/espace-mittelland\/#listItem","name":"Espace Mittelland"},"previousItem":{"@type":"ListItem","@id":"https:\/\/www.immo-invest.ch\/fr\/categories\/regions\/#listItem","name":"R\u00e9gions"}},{"@type":"ListItem","@id":"https:\/\/www.immo-invest.ch\/fr\/categories\/regions\/suisse\/espace-mittelland\/#listItem","position":4,"name":"Espace Mittelland","item":"https:\/\/www.immo-invest.ch\/fr\/categories\/regions\/suisse\/espace-mittelland\/","nextItem":{"@type":"ListItem","@id":"https:\/\/www.immo-invest.ch\/fr\/categories\/regions\/suisse\/espace-mittelland\/region-berne\/#listItem","name":"Berne"},"previousItem":{"@type":"ListItem","@id":"https:\/\/www.immo-invest.ch\/fr\/categories\/regions\/suisse\/#listItem","name":"Suisse"}},{"@type":"ListItem","@id":"https:\/\/www.immo-invest.ch\/fr\/categories\/regions\/suisse\/espace-mittelland\/region-berne\/#listItem","position":5,"name":"Berne","item":"https:\/\/www.immo-invest.ch\/fr\/categories\/regions\/suisse\/espace-mittelland\/region-berne\/","nextItem":{"@type":"ListItem","@id":"https:\/\/www.immo-invest.ch\/fr\/biel-stimmt-ueber-schaerfere-wohnregeln-ab\/#listItem","name":"Bienne se prononce sur un durcissement de la r\u00e9glementation en mati\u00e8re de logement"},"previousItem":{"@type":"ListItem","@id":"https:\/\/www.immo-invest.ch\/fr\/categories\/regions\/suisse\/espace-mittelland\/#listItem","name":"Espace Mittelland"}},{"@type":"ListItem","@id":"https:\/\/www.immo-invest.ch\/fr\/biel-stimmt-ueber-schaerfere-wohnregeln-ab\/#listItem","position":6,"name":"Bienne se prononce sur un durcissement de la r\u00e9glementation en mati\u00e8re de logement","previousItem":{"@type":"ListItem","@id":"https:\/\/www.immo-invest.ch\/fr\/categories\/regions\/suisse\/espace-mittelland\/region-berne\/#listItem","name":"Berne"}}]},{"@type":"Organization","@id":"https:\/\/www.immo-invest.ch\/fr\/#organization","name":"immo!nvest - Die Plattform f\u00fcr Standorte und Immobilien","description":"Die\u00a0Plattform f\u00fcr Standorte und Immobilien","url":"https:\/\/www.immo-invest.ch\/fr\/","email":"admin@immomedia.ag","telephone":"+41444420002","logo":{"@type":"ImageObject","url":"https:\/\/www.immo-invest.ch\/wp-content\/uploads\/2024\/09\/immoinvest_sm-scaled.jpg","@id":"https:\/\/www.immo-invest.ch\/fr\/biel-stimmt-ueber-schaerfere-wohnregeln-ab\/#organizationLogo","width":2560,"height":1340},"image":{"@id":"https:\/\/www.immo-invest.ch\/fr\/biel-stimmt-ueber-schaerfere-wohnregeln-ab\/#organizationLogo"},"sameAs":["https:\/\/www.facebook.com\/people\/Immoinvest\/100077962920504\/","https:\/\/x.com\/i\/flow\/login?redirect_after_login=immoinvest_ch","https:\/\/www.instagram.com\/immoinvest_ch\/","https:\/\/www.linkedin.com\/company\/immoinvest-swiss"]},{"@type":"Person","@id":"https:\/\/www.immo-invest.ch\/fr\/author\/immovestuser\/#author","url":"https:\/\/www.immo-invest.ch\/fr\/author\/immovestuser\/","name":"immovestuser","image":{"@type":"ImageObject","@id":"https:\/\/www.immo-invest.ch\/fr\/biel-stimmt-ueber-schaerfere-wohnregeln-ab\/#authorImage","url":"https:\/\/secure.gravatar.com\/avatar\/8e01f4d99f2eeea7a362ebb93305e1172a70e9293ba250f897a65c39f54cdd1e?s=96&d=mm&r=g","width":96,"height":96,"caption":"immovestuser"}},{"@type":"WebPage","@id":"https:\/\/www.immo-invest.ch\/fr\/biel-stimmt-ueber-schaerfere-wohnregeln-ab\/#webpage","url":"https:\/\/www.immo-invest.ch\/fr\/biel-stimmt-ueber-schaerfere-wohnregeln-ab\/","name":"Bienne se prononce sur un durcissement de la r\u00e9glementation en mati\u00e8re de logement - immo!nvest - Die Plattform f\u00fcr Standorte und Immobilien","description":"\u00c0 Bienne, deux initiatives communales en mati\u00e8re de logement ont \u00e9t\u00e9 d\u00e9pos\u00e9es, accompagn\u00e9es d\u2019environ 2 600 signatures. Elles r\u00e9clament une augmentation significative du nombre de logements d\u2019utilit\u00e9 publique et municipaux d\u2019ici 2055, ainsi que des quotas obligatoires de logements abordables sur des terrains priv\u00e9s.","inLanguage":"fr-FR","isPartOf":{"@id":"https:\/\/www.immo-invest.ch\/fr\/#website"},"breadcrumb":{"@id":"https:\/\/www.immo-invest.ch\/fr\/biel-stimmt-ueber-schaerfere-wohnregeln-ab\/#breadcrumblist"},"author":{"@id":"https:\/\/www.immo-invest.ch\/fr\/author\/immovestuser\/#author"},"creator":{"@id":"https:\/\/www.immo-invest.ch\/fr\/author\/immovestuser\/#author"},"image":{"@type":"ImageObject","url":"https:\/\/www.immo-invest.ch\/wp-content\/uploads\/2026\/07\/Biel-stimmt-ueber-schaerfere-Wohnregeln-ab-immo-invest.png","@id":"https:\/\/www.immo-invest.ch\/fr\/biel-stimmt-ueber-schaerfere-wohnregeln-ab\/#mainImage","width":1536,"height":768},"primaryImageOfPage":{"@id":"https:\/\/www.immo-invest.ch\/fr\/biel-stimmt-ueber-schaerfere-wohnregeln-ab\/#mainImage"},"datePublished":"2026-07-11T17:30:00+02:00","dateModified":"2026-07-09T15:01:15+02:00"},{"@type":"WebSite","@id":"https:\/\/www.immo-invest.ch\/fr\/#website","url":"https:\/\/www.immo-invest.ch\/fr\/","name":"immo!nvest - Die Plattform f\u00fcr Standorte und Immobilien","description":"Die\u00a0Plattform f\u00fcr Standorte und Immobilien","inLanguage":"fr-FR","publisher":{"@id":"https:\/\/www.immo-invest.ch\/fr\/#organization"}}]},"og:locale":"fr_FR","og:site_name":"immo!nvest - Die Plattform f\u00fcr Standorte und Immobilien - Die\u00a0Plattform f\u00fcr Standorte und Immobilien","og:type":"article","og:title":"Bienne se prononce sur un durcissement de la r\u00e9glementation en mati\u00e8re de logement - immo!nvest - Die Plattform f\u00fcr Standorte und Immobilien","og:description":"\u00c0 Bienne, deux initiatives communales en mati\u00e8re de logement ont \u00e9t\u00e9 d\u00e9pos\u00e9es, accompagn\u00e9es d\u2019environ 2 600 signatures. Elles r\u00e9clament une augmentation significative du nombre de logements d\u2019utilit\u00e9 publique et municipaux d\u2019ici 2055, ainsi que des quotas obligatoires de logements abordables sur des terrains priv\u00e9s.","og:url":"https:\/\/www.immo-invest.ch\/fr\/biel-stimmt-ueber-schaerfere-wohnregeln-ab\/","og:image":"https:\/\/www.immo-invest.ch\/wp-content\/uploads\/2026\/07\/Biel-stimmt-ueber-schaerfere-Wohnregeln-ab-immo-invest.png","og:image:secure_url":"https:\/\/www.immo-invest.ch\/wp-content\/uploads\/2026\/07\/Biel-stimmt-ueber-schaerfere-Wohnregeln-ab-immo-invest.png","og:image:width":1536,"og:image:height":768,"article:published_time":"2026-07-11T15:30:00+00:00","article:modified_time":"2026-07-09T13:01:15+00:00","article:publisher":"https:\/\/www.facebook.com\/people\/Immoinvest\/100077962920504\/","twitter:card":"summary_large_image","twitter:site":"@i","twitter:title":"Bienne se prononce sur un durcissement de la r\u00e9glementation en mati\u00e8re de logement - immo!nvest - Die Plattform f\u00fcr Standorte und Immobilien","twitter:description":"\u00c0 Bienne, deux initiatives communales en mati\u00e8re de logement ont \u00e9t\u00e9 d\u00e9pos\u00e9es, accompagn\u00e9es d\u2019environ 2 600 signatures. Elles r\u00e9clament une augmentation significative du nombre de logements d\u2019utilit\u00e9 publique et municipaux d\u2019ici 2055, ainsi que des quotas obligatoires de logements abordables sur des terrains priv\u00e9s.","twitter:creator":"@i","twitter:image":"https:\/\/www.immo-invest.ch\/wp-content\/uploads\/2026\/07\/Biel-stimmt-ueber-schaerfere-Wohnregeln-ab-immo-invest.png"},"aioseo_meta_data":{"post_id":"161037","title":null,"description":null,"keywords":null,"keyphrases":{"focus":{"keyphrase":"","score":0,"analysis":{"keyphraseInTitle":{"score":0,"maxScore":9,"error":1}}},"additional":[]},"primary_term":null,"canonical_url":null,"og_title":null,"og_description":null,"og_object_type":"default","og_image_type":"default","og_image_url":null,"og_image_width":null,"og_image_height":null,"og_image_custom_url":null,"og_image_custom_fields":null,"og_video":"","og_custom_url":null,"og_article_section":null,"og_article_tags":null,"twitter_use_og":false,"twitter_card":"default","twitter_image_type":"default","twitter_image_url":null,"twitter_image_custom_url":null,"twitter_image_custom_fields":null,"twitter_title":null,"twitter_description":null,"schema":{"blockGraphs":[],"customGraphs":[],"default":{"data":{"Article":[],"Course":[],"Dataset":[],"FAQPage":[],"Movie":[],"Person":[],"Product":[],"ProductReview":[],"Car":[],"Recipe":[],"Service":[],"SoftwareApplication":[],"WebPage":[]},"graphName":"BlogPosting","isEnabled":true},"graphs":[]},"schema_type":"default","schema_type_options":null,"pillar_content":false,"robots_default":true,"robots_noindex":false,"robots_noarchive":false,"robots_nosnippet":false,"robots_nofollow":false,"robots_noimageindex":false,"robots_noodp":false,"robots_notranslate":false,"robots_max_snippet":"-1","robots_max_videopreview":"-1","robots_max_imagepreview":"large","priority":null,"frequency":"default","local_seo":null,"breadcrumb_settings":null,"limit_modified_date":false,"ai":{"faqs":[],"keyPoints":[],"schemas":[],"titles":[],"descriptions":[],"socialPosts":{"email":{"subject":"","preview":"","content":""},"linkedin":[],"twitter":[],"facebook":[],"instagram":[]}},"created":"2026-07-09 13:01:17","updated":"2026-07-12 05:09:47","seo_analyzer_scan_date":null,"focus_keyword":null,"additional_keywords":null,"truseo_locale":null},"aioseo_breadcrumb":"<div class=\"aioseo-breadcrumbs\"><span class=\"aioseo-breadcrumb\">\n\t\t\t<a href=\"https:\/\/www.immo-invest.ch\/fr\/\" title=\"Home\">Home<\/a>\n\t\t<\/span><span class=\"aioseo-breadcrumb-separator\">&raquo;<\/span><span class=\"aioseo-breadcrumb\">\n\t\t\t<a href=\"https:\/\/www.immo-invest.ch\/fr\/categories\/regions\/\" title=\"R\u00e9gions\">R\u00e9gions<\/a>\n\t\t<\/span><span class=\"aioseo-breadcrumb-separator\">&raquo;<\/span><span class=\"aioseo-breadcrumb\">\n\t\t\t<a href=\"https:\/\/www.immo-invest.ch\/fr\/categories\/regions\/suisse\/\" title=\"Suisse\">Suisse<\/a>\n\t\t<\/span><span class=\"aioseo-breadcrumb-separator\">&raquo;<\/span><span class=\"aioseo-breadcrumb\">\n\t\t\t<a href=\"https:\/\/www.immo-invest.ch\/fr\/categories\/regions\/suisse\/espace-mittelland\/\" title=\"Espace Mittelland\">Espace Mittelland<\/a>\n\t\t<\/span><span class=\"aioseo-breadcrumb-separator\">&raquo;<\/span><span class=\"aioseo-breadcrumb\">\n\t\t\t<a href=\"https:\/\/www.immo-invest.ch\/fr\/categories\/regions\/suisse\/espace-mittelland\/region-berne\/\" title=\"Berne\">Berne<\/a>\n\t\t<\/span><span class=\"aioseo-breadcrumb-separator\">&raquo;<\/span><span class=\"aioseo-breadcrumb\">\n\t\t\tBienne se prononce sur un durcissement de la r\u00e9glementation en mati\u00e8re de logement\n\t\t<\/span><\/div>","aioseo_breadcrumb_json":[{"label":"Home","link":"https:\/\/www.immo-invest.ch\/fr\/"},{"label":"R\u00e9gions","link":"https:\/\/www.immo-invest.ch\/fr\/categories\/regions\/"},{"label":"Suisse","link":"https:\/\/www.immo-invest.ch\/fr\/categories\/regions\/suisse\/"},{"label":"Espace Mittelland","link":"https:\/\/www.immo-invest.ch\/fr\/categories\/regions\/suisse\/espace-mittelland\/"},{"label":"Berne","link":"https:\/\/www.immo-invest.ch\/fr\/categories\/regions\/suisse\/espace-mittelland\/region-berne\/"},{"label":"Bienne se prononce sur un durcissement de la r\u00e9glementation en mati\u00e8re de logement","link":"https:\/\/www.immo-invest.ch\/fr\/biel-stimmt-ueber-schaerfere-wohnregeln-ab\/"}],"featured_image_src":"https:\/\/www.immo-invest.ch\/wp-content\/uploads\/2026\/07\/Biel-stimmt-ueber-schaerfere-Wohnregeln-ab-immo-invest-336x168.png","_links":{"self":[{"href":"https:\/\/www.immo-invest.ch\/fr\/wp-json\/wp\/v2\/posts\/161037","targetHints":{"allow":["GET"]}}],"collection":[{"href":"https:\/\/www.immo-invest.ch\/fr\/wp-json\/wp\/v2\/posts"}],"about":[{"href":"https:\/\/www.immo-invest.ch\/fr\/wp-json\/wp\/v2\/types\/post"}],"author":[{"embeddable":true,"href":"https:\/\/www.immo-invest.ch\/fr\/wp-json\/wp\/v2\/users\/2"}],"replies":[{"embeddable":true,"href":"https:\/\/www.immo-invest.ch\/fr\/wp-json\/wp\/v2\/comments?post=161037"}],"version-history":[{"count":3,"href":"https:\/\/www.immo-invest.ch\/fr\/wp-json\/wp\/v2\/posts\/161037\/revisions"}],"predecessor-version":[{"id":161045,"href":"https:\/\/www.immo-invest.ch\/fr\/wp-json\/wp\/v2\/posts\/161037\/revisions\/161045"}],"wp:featuredmedia":[{"embeddable":true,"href":"https:\/\/www.immo-invest.ch\/fr\/wp-json\/wp\/v2\/media\/161038"}],"wp:attachment":[{"href":"https:\/\/www.immo-invest.ch\/fr\/wp-json\/wp\/v2\/media?parent=161037"}],"wp:term":[{"taxonomy":"category","embeddable":true,"href":"https:\/\/www.immo-invest.ch\/fr\/wp-json\/wp\/v2\/categories?post=161037"},{"taxonomy":"post_tag","embeddable":true,"href":"https:\/\/www.immo-invest.ch\/fr\/wp-json\/wp\/v2\/tags?post=161037"}],"curies":[{"name":"wp","href":"https:\/\/api.w.org\/{rel}","templated":true}]}}