{"id":160596,"date":"2026-07-17T09:00:00","date_gmt":"2026-07-17T07:00:00","guid":{"rendered":"https:\/\/www.immo-invest.ch\/?p=160596"},"modified":"2026-07-06T16:19:25","modified_gmt":"2026-07-06T14:19:25","slug":"die-stadt-im-dorf-2","status":"publish","type":"post","link":"https:\/\/www.immo-invest.ch\/fr\/die-stadt-im-dorf-2\/","title":{"rendered":"La ville au c\u0153ur du village"},"content":{"rendered":"<p class=\"wp-block-paragraph\">Il y a encore quelques ann&eacute;es, une friche industrielle dominait le paysage d&rsquo;Urdorf-Nord. La transformation n&rsquo;a pas commenc&eacute; par un simple plan directeur sur papier, mais concr&egrave;tement avec un conteneur. Sur le site de Luberzen, au c&oelig;ur de la zone de d&eacute;veloppement, la commune a ouvert une sup&eacute;rette en libre-service ouverte 24 heures sur 24 et g&eacute;r&eacute;e par une entreprise priv&eacute;e. Des food trucks ont suivi, qui ont rapidement rencontr&eacute; un franc succ&egrave;s aupr&egrave;s des employ&eacute;s du <span class=\"glossaryLink\" aria-describedby=\"tt\" data-cmtooltip=\"&lt;div class=glossaryItemTitle&gt;Quartier&lt;\/div&gt;&lt;div class=glossaryItemBody&gt;Amtliches, historisches, soziales oder stadtplanerisches Stadtviertel&lt;\/div&gt;\" data-mobile-support=\"0\" data-gt-translate-attributes='[{\"attribute\":\"data-cmtooltip\", \"format\":\"html\"}]' tabindex=\"0\" role=\"link\">quartier<\/span>. Pendant les mois d&rsquo;&eacute;t&eacute;, de juin &agrave; septembre, un salon d&rsquo;&eacute;t&eacute; et des soir&eacute;es de concerts sont venus compl&eacute;ter le programme. Cette utilisation temporaire, qui conna&icirc;t un d&eacute;veloppement dynamique, n&rsquo;est pas une solution de fortune, mais un catalyseur qui montre ce que Urdorf-Nord peut devenir.<\/p>\n\n\n\n<p class=\"wp-block-paragraph\"><strong>Une situation g&eacute;ographique qui fait la force<br><\/strong>Ce qui distingue strat&eacute;giquement Urdorf-Nord, c&rsquo;est son r&eacute;seau de transport exceptionnel. Le tramway de la vall&eacute;e de la Limmat dessert la zone avec deux arr&ecirc;ts, et l&rsquo;autoroute, le RER ainsi que l&rsquo;a&eacute;roport de Zurich sont &agrave; proximit&eacute; imm&eacute;diate. La Schule Limmattal et l&rsquo;h&ocirc;pital Limmattal, deux des plus importantes institutions &eacute;ducatives et de sant&eacute; de la r&eacute;gion, se trouvent juste &agrave; c&ocirc;t&eacute;. Cette combinaison d&rsquo;accessibilit&eacute; et de proximit&eacute; institutionnelle rend le site tout aussi attractif pour les entreprises, les &eacute;tablissements d&rsquo;enseignement et les usages r&eacute;sidentiels.<\/p>\n\n\n\n<p class=\"wp-block-paragraph\"><strong>La r&eacute;vision du r&egrave;glement de construction et de zonage ouvre de nouvelles perspectives<br><\/strong>Les orientations en mati&egrave;re d&rsquo;am&eacute;nagement ont &eacute;t&eacute; d&eacute;finies d&egrave;s 2017, lorsque la commune a adopt&eacute; une strat&eacute;gie de d&eacute;veloppement sp&eacute;cifique au site pour Urdorf-Nord. Depuis lors, le plan directeur r&eacute;gional, puis le plan directeur communal, autorisent autour de la station LTB &laquo;Kantiallee&raquo; ce que l&rsquo;on appelle des &laquo;usages mixtes&raquo;, c&rsquo;est-&agrave;-dire la combinaison de lieux de travail et de logements sur un m&ecirc;me site. La modification du r&egrave;glement communal de construction et de zonage, n&eacute;cessaire &agrave; la mise en &oelig;uvre de cette mixit&eacute;, est pr&eacute;vue pour l&rsquo;assembl&eacute;e communale du 17 juin 2026. Si celle-ci est approuv&eacute;e, la voie sera juridiquement libre pour un d&eacute;veloppement urbain dense, vivant et abordable dans l&rsquo;un des endroits les mieux desservis de la vall&eacute;e de la Limmat.<\/p>\n\n\n\n<p class=\"wp-block-paragraph\"><strong>Investissements dans l&rsquo;ensemble de la commune<br><\/strong>Urdorf-Nord ne doit pas &ecirc;tre consid&eacute;r&eacute; isol&eacute;ment. &Agrave; l&rsquo;automne 2024, le conseil communal a approuv&eacute; la strat&eacute;gie immobili&egrave;re &laquo; Urdorf 2030 &raquo;, qui pr&eacute;voit des investissements pouvant atteindre 110 millions de francs sur dix sites r&eacute;partis sur l&rsquo;ensemble du territoire communal. Sont concern&eacute;s les &eacute;coles, les &eacute;coles maternelles, le centre-ville et la caserne des pompiers, ainsi que les infrastructures de football et un lieu de d&eacute;tente et de rencontre. La mise en &oelig;uvre est divis&eacute;e en deux phases : de 2025 &agrave; 2029 et de 2030 &agrave; 2033. Cette strat&eacute;gie confirme qu&rsquo;Urdorf ne se contente pas de rafistoler ponctuellement, mais investit de mani&egrave;re structurelle dans son avenir.<\/p>\n\n\n\n<p class=\"wp-block-paragraph\"><strong>Le logement coop&eacute;ratif, un signal fort<br><\/strong>Parall&egrave;lement au d&eacute;veloppement public, le secteur priv&eacute; donne lui aussi le ton &agrave; Urdorf. La coop&eacute;rative syndicale de logement et de construction de Zurich et la coop&eacute;rative de logement et d&rsquo;am&eacute;nagement de Zurich r&eacute;alisent, dans le sud d&rsquo;Urdorf, des constructions de remplacement dont le plan d&rsquo;am&eacute;nagement a &eacute;t&eacute; approuv&eacute; par l&rsquo;assembl&eacute;e communale en novembre 2024. Le projet laur&eacute;at, sign&eacute; Duplex Architekten, mise sur des pompes &agrave; chaleur g&eacute;othermiques dot&eacute;es de la technologie &laquo; free cooling &raquo;. Le coup d&rsquo;envoi des travaux est pr&eacute;vu pour 2027, et la quatri&egrave;me et derni&egrave;re phase de construction devrait s&rsquo;achever d&rsquo;ici fin 2036. La construction coop&eacute;rative de logements respectueuse du d&eacute;veloppement durable s&rsquo;inscrit ainsi dans un <span class=\"glossaryLink\" aria-describedby=\"tt\" data-cmtooltip=\"&lt;div class=glossaryItemTitle&gt;Quartier&lt;\/div&gt;&lt;div class=glossaryItemBody&gt;Amtliches, historisches, soziales oder stadtplanerisches Stadtviertel&lt;\/div&gt;\" data-mobile-support=\"0\" data-gt-translate-attributes='[{\"attribute\":\"data-cmtooltip\", \"format\":\"html\"}]' tabindex=\"0\" role=\"link\">quartier<\/span> en pleine mutation. D&rsquo;autres projets priv&eacute;s de r&eacute;novation urbaine visant &agrave; am&eacute;liorer la qualit&eacute; de vie &agrave; Urdorf sont en cours d&rsquo;&eacute;laboration.<\/p>\n\n\n\n<p class=\"wp-block-paragraph\"><strong>Un mod&egrave;le pour la r&eacute;gion<br><\/strong>Revenons &agrave; Urdorf-Nord : ce qui voit le jour &agrave; Urdorf-Nord est bien plus qu&rsquo;un simple projet de construction local. Il s&rsquo;agit d&rsquo;un laboratoire d&rsquo;exp&eacute;rimentation visant &agrave; d&eacute;terminer comment les communes de l&rsquo;agglom&eacute;ration de la vall&eacute;e de la Limmat peuvent red&eacute;finir leur identit&eacute;. Construire la ville au c&oelig;ur du village, c&rsquo;est opter pour la densification sans anonymisation, l&rsquo;urbanit&eacute; sans gentrification, la croissance sans perte de qualit&eacute;. Urdorf montre que ce grand &eacute;cart est possible lorsque strat&eacute;gie, planification et utilisation provisoire s&rsquo;articulent harmonieusement.<\/p>\n","protected":false},"excerpt":{"rendered":"<p>Urdorf a longtemps \u00e9t\u00e9 consid\u00e9r\u00e9e comme une commune tranquille de l&rsquo;agglom\u00e9ration, situ\u00e9e dans la vall\u00e9e de la Limmat. Mais lorsqu&rsquo;on se prom\u00e8ne aujourd&rsquo;hui dans le quartier Nord, on sent imm\u00e9diatement qu&rsquo;il y a du mouvement ici. Sur une ancienne zone industrielle, un espace de vie et de travail urbain voit progressivement le jour, susceptible de donner un nouvel \u00e9lan \u00e0 toute la vall\u00e9e de la Limmat. La commune a simplement baptis\u00e9 son projet \u00ab La ville dans le village \u00bb et elle ne plaisante pas.<\/p>\n","protected":false},"author":2,"featured_media":160597,"comment_status":"open","ping_status":"open","sticky":false,"template":"","format":"standard","meta":{"pmpro_default_level":"","inline_featured_image":false,"_monsterinsights_skip_tracking":false,"footnotes":""},"categories":[22699,56027,55991,56003,4957],"tags":[60305,872,3931,1653,57582,2002,4101,1801,3848,28597,48399],"class_list":["post-160596","post","type-post","status-publish","format-standard","has-post-thumbnail","hentry","category-durabilite","category-planification-developpement","category-quartiers-zones","category-residentiel","category-region-zurich","tag-genossenschaftswohnen","tag-immoinvest-fr","tag-immonews-fr","tag-limmattal-fr","tag-mischnutzung","tag-news-fr","tag-quartierentwicklung-fr","tag-urdorf-fr","tag-urdorf-nord-fr","tag-zonenordnung-fr","tag-zwischennutzung-fr","pmpro-has-access"],"acf":{"bild_mit_ki_erstellt_worden":"","lead":"Urdorf a longtemps \u00e9t\u00e9 consid\u00e9r\u00e9e comme une commune tranquille de l'agglom\u00e9ration, situ\u00e9e dans la vall\u00e9e de la Limmat. Mais lorsqu'on se prom\u00e8ne aujourd'hui dans le quartier Nord, on sent imm\u00e9diatement qu'il y a du mouvement ici. Sur une ancienne zone industrielle, un espace de vie et de travail urbain voit progressivement le jour, susceptible de donner un nouvel \u00e9lan \u00e0 toute la vall\u00e9e de la Limmat. La commune a simplement baptis\u00e9 son projet \u00ab La ville dans le village \u00bb et elle ne plaisante pas.","autor":"Texte : Sabine Billeter \u2022 Photos : mises \u00e0 disposition","ort":"","bildunterschrift":"","bild_im_grid":false,"gallerie":"","newsim":"3217"},"aioseo_notices":[],"aioseo_head":"\n\t\t<!-- All in One SEO 5.0.0.1 - aioseo.com -->\n\t<meta name=\"description\" content=\"Urdorf a longtemps \u00e9t\u00e9 consid\u00e9r\u00e9e comme une commune tranquille de l&#039;agglom\u00e9ration, situ\u00e9e dans la vall\u00e9e de la Limmat. Mais lorsqu&#039;on se prom\u00e8ne aujourd&#039;hui dans le quartier Nord, on sent imm\u00e9diatement qu&#039;il y a du mouvement ici. Sur une ancienne zone industrielle, un espace de vie et de travail urbain voit progressivement le jour, susceptible de donner un nouvel \u00e9lan \u00e0 toute la vall\u00e9e de la Limmat. La commune a simplement baptis\u00e9 son projet \u00ab La ville dans le village \u00bb et elle ne plaisante pas.\" \/>\n\t<meta name=\"robots\" content=\"max-image-preview:large\" \/>\n\t<meta name=\"author\" content=\"immovestuser\"\/>\n\t<meta name=\"google-site-verification\" content=\"fHJKvgWpZCR2zVBHWfkQeFXC11qieUSff0HGNYfuyLA\" \/>\n\t<link rel=\"canonical\" href=\"https:\/\/www.immo-invest.ch\/fr\/die-stadt-im-dorf-2\/\" \/>\n\t<meta name=\"generator\" content=\"All in One SEO (AIOSEO) 5.0.0.1\" \/>\n\t\t<meta property=\"og:locale\" content=\"fr_FR\" \/>\n\t\t<meta property=\"og:site_name\" content=\"immo!nvest - Die Plattform f\u00fcr Standorte und Immobilien - Die\u00a0Plattform f\u00fcr Standorte und Immobilien\" \/>\n\t\t<meta property=\"og:type\" content=\"article\" \/>\n\t\t<meta property=\"og:title\" content=\"La ville au c\u0153ur du village - immo!nvest - Die Plattform f\u00fcr Standorte und Immobilien\" \/>\n\t\t<meta property=\"og:description\" content=\"Urdorf a longtemps \u00e9t\u00e9 consid\u00e9r\u00e9e comme une commune tranquille de l&#039;agglom\u00e9ration, situ\u00e9e dans la vall\u00e9e de la Limmat. Mais lorsqu&#039;on se prom\u00e8ne aujourd&#039;hui dans le quartier Nord, on sent imm\u00e9diatement qu&#039;il y a du mouvement ici. Sur une ancienne zone industrielle, un espace de vie et de travail urbain voit progressivement le jour, susceptible de donner un nouvel \u00e9lan \u00e0 toute la vall\u00e9e de la Limmat. La commune a simplement baptis\u00e9 son projet \u00ab La ville dans le village \u00bb et elle ne plaisante pas.\" \/>\n\t\t<meta property=\"og:url\" content=\"https:\/\/www.immo-invest.ch\/fr\/die-stadt-im-dorf-2\/\" \/>\n\t\t<meta property=\"og:image\" content=\"https:\/\/www.immo-invest.ch\/wp-content\/uploads\/2026\/07\/26_Bild.jpg\" \/>\n\t\t<meta property=\"og:image:secure_url\" content=\"https:\/\/www.immo-invest.ch\/wp-content\/uploads\/2026\/07\/26_Bild.jpg\" \/>\n\t\t<meta property=\"og:image:width\" content=\"1000\" \/>\n\t\t<meta property=\"og:image:height\" content=\"571\" \/>\n\t\t<meta property=\"article:published_time\" content=\"2026-07-17T07:00:00+00:00\" \/>\n\t\t<meta property=\"article:modified_time\" content=\"2026-07-06T14:19:25+00:00\" \/>\n\t\t<meta property=\"article:publisher\" content=\"https:\/\/www.facebook.com\/people\/Immoinvest\/100077962920504\/\" \/>\n\t\t<meta name=\"twitter:card\" content=\"summary_large_image\" \/>\n\t\t<meta name=\"twitter:site\" content=\"@i\" \/>\n\t\t<meta name=\"twitter:title\" content=\"La ville au c\u0153ur du village - immo!nvest - Die Plattform f\u00fcr Standorte und Immobilien\" \/>\n\t\t<meta name=\"twitter:description\" content=\"Urdorf a longtemps \u00e9t\u00e9 consid\u00e9r\u00e9e comme une commune tranquille de l&#039;agglom\u00e9ration, situ\u00e9e dans la vall\u00e9e de la Limmat. Mais lorsqu&#039;on se prom\u00e8ne aujourd&#039;hui dans le quartier Nord, on sent imm\u00e9diatement qu&#039;il y a du mouvement ici. Sur une ancienne zone industrielle, un espace de vie et de travail urbain voit progressivement le jour, susceptible de donner un nouvel \u00e9lan \u00e0 toute la vall\u00e9e de la Limmat. La commune a simplement baptis\u00e9 son projet \u00ab La ville dans le village \u00bb et elle ne plaisante pas.\" \/>\n\t\t<meta name=\"twitter:creator\" content=\"@i\" \/>\n\t\t<meta name=\"twitter:image\" content=\"https:\/\/www.immo-invest.ch\/wp-content\/uploads\/2026\/07\/26_Bild.jpg\" \/>\n\t\t<script type=\"application\/ld+json\" class=\"aioseo-schema\">\n\t\t\t{\"@context\":\"https:\\\/\\\/schema.org\",\"@graph\":[{\"@type\":\"BlogPosting\",\"@id\":\"https:\\\/\\\/www.immo-invest.ch\\\/fr\\\/die-stadt-im-dorf-2\\\/#blogposting\",\"name\":\"La ville au c\\u0153ur du village - immo!nvest - Die Plattform f\\u00fcr Standorte und Immobilien\",\"headline\":\"La ville au c\\u0153ur du village\",\"author\":{\"@id\":\"https:\\\/\\\/www.immo-invest.ch\\\/fr\\\/author\\\/immovestuser\\\/#author\"},\"publisher\":{\"@id\":\"https:\\\/\\\/www.immo-invest.ch\\\/fr\\\/#organization\"},\"image\":{\"@type\":\"ImageObject\",\"url\":\"https:\\\/\\\/www.immo-invest.ch\\\/wp-content\\\/uploads\\\/2026\\\/07\\\/26_Bild.jpg\",\"width\":1000,\"height\":571},\"datePublished\":\"2026-07-17T09:00:00+02:00\",\"dateModified\":\"2026-07-06T16:19:25+02:00\",\"inLanguage\":\"fr-FR\",\"mainEntityOfPage\":{\"@id\":\"https:\\\/\\\/www.immo-invest.ch\\\/fr\\\/die-stadt-im-dorf-2\\\/#webpage\"},\"isPartOf\":{\"@id\":\"https:\\\/\\\/www.immo-invest.ch\\\/fr\\\/die-stadt-im-dorf-2\\\/#webpage\"},\"articleSection\":\"Durabilit\\u00e9, Planification \\\/ D\\u00e9veloppement, Quartiers \\\/ Zones, R\\u00e9sidentiel, Zurich, Genossenschaftswohnen, Immoinvest, immoNews, Limmattal, Mischnutzung, News, Quartierentwicklung, Urdorf, Urdorf-Nord, Zonenordnung, Zwischennutzung, Facultatif\"},{\"@type\":\"BreadcrumbList\",\"@id\":\"https:\\\/\\\/www.immo-invest.ch\\\/fr\\\/die-stadt-im-dorf-2\\\/#breadcrumblist\",\"itemListElement\":[{\"@type\":\"ListItem\",\"@id\":\"https:\\\/\\\/www.immo-invest.ch\\\/fr\\\/#listItem\",\"position\":1,\"name\":\"Home\",\"item\":\"https:\\\/\\\/www.immo-invest.ch\\\/fr\\\/\",\"nextItem\":{\"@type\":\"ListItem\",\"@id\":\"https:\\\/\\\/www.immo-invest.ch\\\/fr\\\/categories\\\/regions\\\/#listItem\",\"name\":\"R\\u00e9gions\"}},{\"@type\":\"ListItem\",\"@id\":\"https:\\\/\\\/www.immo-invest.ch\\\/fr\\\/categories\\\/regions\\\/#listItem\",\"position\":2,\"name\":\"R\\u00e9gions\",\"item\":\"https:\\\/\\\/www.immo-invest.ch\\\/fr\\\/categories\\\/regions\\\/\",\"nextItem\":{\"@type\":\"ListItem\",\"@id\":\"https:\\\/\\\/www.immo-invest.ch\\\/fr\\\/categories\\\/regions\\\/suisse\\\/#listItem\",\"name\":\"Suisse\"},\"previousItem\":{\"@type\":\"ListItem\",\"@id\":\"https:\\\/\\\/www.immo-invest.ch\\\/fr\\\/#listItem\",\"name\":\"Home\"}},{\"@type\":\"ListItem\",\"@id\":\"https:\\\/\\\/www.immo-invest.ch\\\/fr\\\/categories\\\/regions\\\/suisse\\\/#listItem\",\"position\":3,\"name\":\"Suisse\",\"item\":\"https:\\\/\\\/www.immo-invest.ch\\\/fr\\\/categories\\\/regions\\\/suisse\\\/\",\"nextItem\":{\"@type\":\"ListItem\",\"@id\":\"https:\\\/\\\/www.immo-invest.ch\\\/fr\\\/categories\\\/regions\\\/suisse\\\/region-zurich\\\/#listItem\",\"name\":\"Zurich\"},\"previousItem\":{\"@type\":\"ListItem\",\"@id\":\"https:\\\/\\\/www.immo-invest.ch\\\/fr\\\/categories\\\/regions\\\/#listItem\",\"name\":\"R\\u00e9gions\"}},{\"@type\":\"ListItem\",\"@id\":\"https:\\\/\\\/www.immo-invest.ch\\\/fr\\\/categories\\\/regions\\\/suisse\\\/region-zurich\\\/#listItem\",\"position\":4,\"name\":\"Zurich\",\"item\":\"https:\\\/\\\/www.immo-invest.ch\\\/fr\\\/categories\\\/regions\\\/suisse\\\/region-zurich\\\/\",\"nextItem\":{\"@type\":\"ListItem\",\"@id\":\"https:\\\/\\\/www.immo-invest.ch\\\/fr\\\/die-stadt-im-dorf-2\\\/#listItem\",\"name\":\"La ville au c\\u0153ur du village\"},\"previousItem\":{\"@type\":\"ListItem\",\"@id\":\"https:\\\/\\\/www.immo-invest.ch\\\/fr\\\/categories\\\/regions\\\/suisse\\\/#listItem\",\"name\":\"Suisse\"}},{\"@type\":\"ListItem\",\"@id\":\"https:\\\/\\\/www.immo-invest.ch\\\/fr\\\/die-stadt-im-dorf-2\\\/#listItem\",\"position\":5,\"name\":\"La ville au c\\u0153ur du village\",\"previousItem\":{\"@type\":\"ListItem\",\"@id\":\"https:\\\/\\\/www.immo-invest.ch\\\/fr\\\/categories\\\/regions\\\/suisse\\\/region-zurich\\\/#listItem\",\"name\":\"Zurich\"}}]},{\"@type\":\"Organization\",\"@id\":\"https:\\\/\\\/www.immo-invest.ch\\\/fr\\\/#organization\",\"name\":\"immo!nvest - Die Plattform f\\u00fcr Standorte und Immobilien\",\"description\":\"Die\\u00a0Plattform f\\u00fcr Standorte und Immobilien\",\"url\":\"https:\\\/\\\/www.immo-invest.ch\\\/fr\\\/\",\"email\":\"admin@immomedia.ag\",\"telephone\":\"+41444420002\",\"logo\":{\"@type\":\"ImageObject\",\"url\":\"https:\\\/\\\/www.immo-invest.ch\\\/wp-content\\\/uploads\\\/2024\\\/09\\\/immoinvest_sm-scaled.jpg\",\"@id\":\"https:\\\/\\\/www.immo-invest.ch\\\/fr\\\/die-stadt-im-dorf-2\\\/#organizationLogo\",\"width\":2560,\"height\":1340},\"image\":{\"@id\":\"https:\\\/\\\/www.immo-invest.ch\\\/fr\\\/die-stadt-im-dorf-2\\\/#organizationLogo\"},\"sameAs\":[\"https:\\\/\\\/www.facebook.com\\\/people\\\/Immoinvest\\\/100077962920504\\\/\",\"https:\\\/\\\/x.com\\\/i\\\/flow\\\/login?redirect_after_login=immoinvest_ch\",\"https:\\\/\\\/www.instagram.com\\\/immoinvest_ch\\\/\",\"https:\\\/\\\/www.linkedin.com\\\/company\\\/immoinvest-swiss\"]},{\"@type\":\"Person\",\"@id\":\"https:\\\/\\\/www.immo-invest.ch\\\/fr\\\/author\\\/immovestuser\\\/#author\",\"url\":\"https:\\\/\\\/www.immo-invest.ch\\\/fr\\\/author\\\/immovestuser\\\/\",\"name\":\"immovestuser\",\"image\":{\"@type\":\"ImageObject\",\"@id\":\"https:\\\/\\\/www.immo-invest.ch\\\/fr\\\/die-stadt-im-dorf-2\\\/#authorImage\",\"url\":\"https:\\\/\\\/secure.gravatar.com\\\/avatar\\\/8e01f4d99f2eeea7a362ebb93305e1172a70e9293ba250f897a65c39f54cdd1e?s=96&d=mm&r=g\",\"width\":96,\"height\":96,\"caption\":\"immovestuser\"}},{\"@type\":\"WebPage\",\"@id\":\"https:\\\/\\\/www.immo-invest.ch\\\/fr\\\/die-stadt-im-dorf-2\\\/#webpage\",\"url\":\"https:\\\/\\\/www.immo-invest.ch\\\/fr\\\/die-stadt-im-dorf-2\\\/\",\"name\":\"La ville au c\\u0153ur du village - immo!nvest - Die Plattform f\\u00fcr Standorte und Immobilien\",\"description\":\"Urdorf a longtemps \\u00e9t\\u00e9 consid\\u00e9r\\u00e9e comme une commune tranquille de l'agglom\\u00e9ration, situ\\u00e9e dans la vall\\u00e9e de la Limmat. Mais lorsqu'on se prom\\u00e8ne aujourd'hui dans le quartier Nord, on sent imm\\u00e9diatement qu'il y a du mouvement ici. Sur une ancienne zone industrielle, un espace de vie et de travail urbain voit progressivement le jour, susceptible de donner un nouvel \\u00e9lan \\u00e0 toute la vall\\u00e9e de la Limmat. La commune a simplement baptis\\u00e9 son projet \\u00ab La ville dans le village \\u00bb et elle ne plaisante pas.\",\"inLanguage\":\"fr-FR\",\"isPartOf\":{\"@id\":\"https:\\\/\\\/www.immo-invest.ch\\\/fr\\\/#website\"},\"breadcrumb\":{\"@id\":\"https:\\\/\\\/www.immo-invest.ch\\\/fr\\\/die-stadt-im-dorf-2\\\/#breadcrumblist\"},\"author\":{\"@id\":\"https:\\\/\\\/www.immo-invest.ch\\\/fr\\\/author\\\/immovestuser\\\/#author\"},\"creator\":{\"@id\":\"https:\\\/\\\/www.immo-invest.ch\\\/fr\\\/author\\\/immovestuser\\\/#author\"},\"image\":{\"@type\":\"ImageObject\",\"url\":\"https:\\\/\\\/www.immo-invest.ch\\\/wp-content\\\/uploads\\\/2026\\\/07\\\/26_Bild.jpg\",\"@id\":\"https:\\\/\\\/www.immo-invest.ch\\\/fr\\\/die-stadt-im-dorf-2\\\/#mainImage\",\"width\":1000,\"height\":571},\"primaryImageOfPage\":{\"@id\":\"https:\\\/\\\/www.immo-invest.ch\\\/fr\\\/die-stadt-im-dorf-2\\\/#mainImage\"},\"datePublished\":\"2026-07-17T09:00:00+02:00\",\"dateModified\":\"2026-07-06T16:19:25+02:00\"},{\"@type\":\"WebSite\",\"@id\":\"https:\\\/\\\/www.immo-invest.ch\\\/fr\\\/#website\",\"url\":\"https:\\\/\\\/www.immo-invest.ch\\\/fr\\\/\",\"name\":\"immo!nvest - Die Plattform f\\u00fcr Standorte und Immobilien\",\"description\":\"Die\\u00a0Plattform f\\u00fcr Standorte und Immobilien\",\"inLanguage\":\"fr-FR\",\"publisher\":{\"@id\":\"https:\\\/\\\/www.immo-invest.ch\\\/fr\\\/#organization\"}}]}\n\t\t<\/script>\n\t\t<!-- All in One SEO -->\n\n","aioseo_head_json":{"title":"La ville au c\u0153ur du village - immo!nvest - Die Plattform f\u00fcr Standorte und Immobilien","description":"Urdorf a longtemps \u00e9t\u00e9 consid\u00e9r\u00e9e comme une commune tranquille de l'agglom\u00e9ration, situ\u00e9e dans la vall\u00e9e de la Limmat. Mais lorsqu'on se prom\u00e8ne aujourd'hui dans le quartier Nord, on sent imm\u00e9diatement qu'il y a du mouvement ici. Sur une ancienne zone industrielle, un espace de vie et de travail urbain voit progressivement le jour, susceptible de donner un nouvel \u00e9lan \u00e0 toute la vall\u00e9e de la Limmat. La commune a simplement baptis\u00e9 son projet \u00ab La ville dans le village \u00bb et elle ne plaisante pas.","canonical_url":"https:\/\/www.immo-invest.ch\/fr\/die-stadt-im-dorf-2\/","robots":"max-image-preview:large","keywords":"","webmasterTools":{"google-site-verification":"fHJKvgWpZCR2zVBHWfkQeFXC11qieUSff0HGNYfuyLA","miscellaneous":""},"schema":{"@context":"https:\/\/schema.org","@graph":[{"@type":"BlogPosting","@id":"https:\/\/www.immo-invest.ch\/fr\/die-stadt-im-dorf-2\/#blogposting","name":"La ville au c\u0153ur du village - immo!nvest - Die Plattform f\u00fcr Standorte und Immobilien","headline":"La ville au c\u0153ur du village","author":{"@id":"https:\/\/www.immo-invest.ch\/fr\/author\/immovestuser\/#author"},"publisher":{"@id":"https:\/\/www.immo-invest.ch\/fr\/#organization"},"image":{"@type":"ImageObject","url":"https:\/\/www.immo-invest.ch\/wp-content\/uploads\/2026\/07\/26_Bild.jpg","width":1000,"height":571},"datePublished":"2026-07-17T09:00:00+02:00","dateModified":"2026-07-06T16:19:25+02:00","inLanguage":"fr-FR","mainEntityOfPage":{"@id":"https:\/\/www.immo-invest.ch\/fr\/die-stadt-im-dorf-2\/#webpage"},"isPartOf":{"@id":"https:\/\/www.immo-invest.ch\/fr\/die-stadt-im-dorf-2\/#webpage"},"articleSection":"Durabilit\u00e9, Planification \/ D\u00e9veloppement, Quartiers \/ Zones, R\u00e9sidentiel, Zurich, Genossenschaftswohnen, Immoinvest, immoNews, Limmattal, Mischnutzung, News, Quartierentwicklung, Urdorf, Urdorf-Nord, Zonenordnung, Zwischennutzung, Facultatif"},{"@type":"BreadcrumbList","@id":"https:\/\/www.immo-invest.ch\/fr\/die-stadt-im-dorf-2\/#breadcrumblist","itemListElement":[{"@type":"ListItem","@id":"https:\/\/www.immo-invest.ch\/fr\/#listItem","position":1,"name":"Home","item":"https:\/\/www.immo-invest.ch\/fr\/","nextItem":{"@type":"ListItem","@id":"https:\/\/www.immo-invest.ch\/fr\/categories\/regions\/#listItem","name":"R\u00e9gions"}},{"@type":"ListItem","@id":"https:\/\/www.immo-invest.ch\/fr\/categories\/regions\/#listItem","position":2,"name":"R\u00e9gions","item":"https:\/\/www.immo-invest.ch\/fr\/categories\/regions\/","nextItem":{"@type":"ListItem","@id":"https:\/\/www.immo-invest.ch\/fr\/categories\/regions\/suisse\/#listItem","name":"Suisse"},"previousItem":{"@type":"ListItem","@id":"https:\/\/www.immo-invest.ch\/fr\/#listItem","name":"Home"}},{"@type":"ListItem","@id":"https:\/\/www.immo-invest.ch\/fr\/categories\/regions\/suisse\/#listItem","position":3,"name":"Suisse","item":"https:\/\/www.immo-invest.ch\/fr\/categories\/regions\/suisse\/","nextItem":{"@type":"ListItem","@id":"https:\/\/www.immo-invest.ch\/fr\/categories\/regions\/suisse\/region-zurich\/#listItem","name":"Zurich"},"previousItem":{"@type":"ListItem","@id":"https:\/\/www.immo-invest.ch\/fr\/categories\/regions\/#listItem","name":"R\u00e9gions"}},{"@type":"ListItem","@id":"https:\/\/www.immo-invest.ch\/fr\/categories\/regions\/suisse\/region-zurich\/#listItem","position":4,"name":"Zurich","item":"https:\/\/www.immo-invest.ch\/fr\/categories\/regions\/suisse\/region-zurich\/","nextItem":{"@type":"ListItem","@id":"https:\/\/www.immo-invest.ch\/fr\/die-stadt-im-dorf-2\/#listItem","name":"La ville au c\u0153ur du village"},"previousItem":{"@type":"ListItem","@id":"https:\/\/www.immo-invest.ch\/fr\/categories\/regions\/suisse\/#listItem","name":"Suisse"}},{"@type":"ListItem","@id":"https:\/\/www.immo-invest.ch\/fr\/die-stadt-im-dorf-2\/#listItem","position":5,"name":"La ville au c\u0153ur du village","previousItem":{"@type":"ListItem","@id":"https:\/\/www.immo-invest.ch\/fr\/categories\/regions\/suisse\/region-zurich\/#listItem","name":"Zurich"}}]},{"@type":"Organization","@id":"https:\/\/www.immo-invest.ch\/fr\/#organization","name":"immo!nvest - Die Plattform f\u00fcr Standorte und Immobilien","description":"Die\u00a0Plattform f\u00fcr Standorte und Immobilien","url":"https:\/\/www.immo-invest.ch\/fr\/","email":"admin@immomedia.ag","telephone":"+41444420002","logo":{"@type":"ImageObject","url":"https:\/\/www.immo-invest.ch\/wp-content\/uploads\/2024\/09\/immoinvest_sm-scaled.jpg","@id":"https:\/\/www.immo-invest.ch\/fr\/die-stadt-im-dorf-2\/#organizationLogo","width":2560,"height":1340},"image":{"@id":"https:\/\/www.immo-invest.ch\/fr\/die-stadt-im-dorf-2\/#organizationLogo"},"sameAs":["https:\/\/www.facebook.com\/people\/Immoinvest\/100077962920504\/","https:\/\/x.com\/i\/flow\/login?redirect_after_login=immoinvest_ch","https:\/\/www.instagram.com\/immoinvest_ch\/","https:\/\/www.linkedin.com\/company\/immoinvest-swiss"]},{"@type":"Person","@id":"https:\/\/www.immo-invest.ch\/fr\/author\/immovestuser\/#author","url":"https:\/\/www.immo-invest.ch\/fr\/author\/immovestuser\/","name":"immovestuser","image":{"@type":"ImageObject","@id":"https:\/\/www.immo-invest.ch\/fr\/die-stadt-im-dorf-2\/#authorImage","url":"https:\/\/secure.gravatar.com\/avatar\/8e01f4d99f2eeea7a362ebb93305e1172a70e9293ba250f897a65c39f54cdd1e?s=96&d=mm&r=g","width":96,"height":96,"caption":"immovestuser"}},{"@type":"WebPage","@id":"https:\/\/www.immo-invest.ch\/fr\/die-stadt-im-dorf-2\/#webpage","url":"https:\/\/www.immo-invest.ch\/fr\/die-stadt-im-dorf-2\/","name":"La ville au c\u0153ur du village - immo!nvest - Die Plattform f\u00fcr Standorte und Immobilien","description":"Urdorf a longtemps \u00e9t\u00e9 consid\u00e9r\u00e9e comme une commune tranquille de l'agglom\u00e9ration, situ\u00e9e dans la vall\u00e9e de la Limmat. Mais lorsqu'on se prom\u00e8ne aujourd'hui dans le quartier Nord, on sent imm\u00e9diatement qu'il y a du mouvement ici. Sur une ancienne zone industrielle, un espace de vie et de travail urbain voit progressivement le jour, susceptible de donner un nouvel \u00e9lan \u00e0 toute la vall\u00e9e de la Limmat. La commune a simplement baptis\u00e9 son projet \u00ab La ville dans le village \u00bb et elle ne plaisante pas.","inLanguage":"fr-FR","isPartOf":{"@id":"https:\/\/www.immo-invest.ch\/fr\/#website"},"breadcrumb":{"@id":"https:\/\/www.immo-invest.ch\/fr\/die-stadt-im-dorf-2\/#breadcrumblist"},"author":{"@id":"https:\/\/www.immo-invest.ch\/fr\/author\/immovestuser\/#author"},"creator":{"@id":"https:\/\/www.immo-invest.ch\/fr\/author\/immovestuser\/#author"},"image":{"@type":"ImageObject","url":"https:\/\/www.immo-invest.ch\/wp-content\/uploads\/2026\/07\/26_Bild.jpg","@id":"https:\/\/www.immo-invest.ch\/fr\/die-stadt-im-dorf-2\/#mainImage","width":1000,"height":571},"primaryImageOfPage":{"@id":"https:\/\/www.immo-invest.ch\/fr\/die-stadt-im-dorf-2\/#mainImage"},"datePublished":"2026-07-17T09:00:00+02:00","dateModified":"2026-07-06T16:19:25+02:00"},{"@type":"WebSite","@id":"https:\/\/www.immo-invest.ch\/fr\/#website","url":"https:\/\/www.immo-invest.ch\/fr\/","name":"immo!nvest - Die Plattform f\u00fcr Standorte und Immobilien","description":"Die\u00a0Plattform f\u00fcr Standorte und Immobilien","inLanguage":"fr-FR","publisher":{"@id":"https:\/\/www.immo-invest.ch\/fr\/#organization"}}]},"og:locale":"fr_FR","og:site_name":"immo!nvest - Die Plattform f\u00fcr Standorte und Immobilien - Die\u00a0Plattform f\u00fcr Standorte und Immobilien","og:type":"article","og:title":"La ville au c\u0153ur du village - immo!nvest - Die Plattform f\u00fcr Standorte und Immobilien","og:description":"Urdorf a longtemps \u00e9t\u00e9 consid\u00e9r\u00e9e comme une commune tranquille de l'agglom\u00e9ration, situ\u00e9e dans la vall\u00e9e de la Limmat. Mais lorsqu'on se prom\u00e8ne aujourd'hui dans le quartier Nord, on sent imm\u00e9diatement qu'il y a du mouvement ici. Sur une ancienne zone industrielle, un espace de vie et de travail urbain voit progressivement le jour, susceptible de donner un nouvel \u00e9lan \u00e0 toute la vall\u00e9e de la Limmat. La commune a simplement baptis\u00e9 son projet \u00ab La ville dans le village \u00bb et elle ne plaisante pas.","og:url":"https:\/\/www.immo-invest.ch\/fr\/die-stadt-im-dorf-2\/","og:image":"https:\/\/www.immo-invest.ch\/wp-content\/uploads\/2026\/07\/26_Bild.jpg","og:image:secure_url":"https:\/\/www.immo-invest.ch\/wp-content\/uploads\/2026\/07\/26_Bild.jpg","og:image:width":1000,"og:image:height":571,"article:published_time":"2026-07-17T07:00:00+00:00","article:modified_time":"2026-07-06T14:19:25+00:00","article:publisher":"https:\/\/www.facebook.com\/people\/Immoinvest\/100077962920504\/","twitter:card":"summary_large_image","twitter:site":"@i","twitter:title":"La ville au c\u0153ur du village - immo!nvest - Die Plattform f\u00fcr Standorte und Immobilien","twitter:description":"Urdorf a longtemps \u00e9t\u00e9 consid\u00e9r\u00e9e comme une commune tranquille de l'agglom\u00e9ration, situ\u00e9e dans la vall\u00e9e de la Limmat. Mais lorsqu'on se prom\u00e8ne aujourd'hui dans le quartier Nord, on sent imm\u00e9diatement qu'il y a du mouvement ici. Sur une ancienne zone industrielle, un espace de vie et de travail urbain voit progressivement le jour, susceptible de donner un nouvel \u00e9lan \u00e0 toute la vall\u00e9e de la Limmat. La commune a simplement baptis\u00e9 son projet \u00ab La ville dans le village \u00bb et elle ne plaisante pas.","twitter:creator":"@i","twitter:image":"https:\/\/www.immo-invest.ch\/wp-content\/uploads\/2026\/07\/26_Bild.jpg"},"aioseo_meta_data":{"post_id":"160596","title":null,"description":null,"keywords":null,"keyphrases":{"focus":{"keyphrase":"","score":0,"analysis":{"keyphraseInTitle":{"score":0,"maxScore":9,"error":1}}},"additional":[]},"primary_term":null,"canonical_url":null,"og_title":null,"og_description":null,"og_object_type":"default","og_image_type":"default","og_image_url":null,"og_image_width":null,"og_image_height":null,"og_image_custom_url":null,"og_image_custom_fields":null,"og_video":"","og_custom_url":null,"og_article_section":null,"og_article_tags":null,"twitter_use_og":false,"twitter_card":"default","twitter_image_type":"default","twitter_image_url":null,"twitter_image_custom_url":null,"twitter_image_custom_fields":null,"twitter_title":null,"twitter_description":null,"schema":{"blockGraphs":[],"customGraphs":[],"default":{"data":{"Article":[],"Course":[],"Dataset":[],"FAQPage":[],"Movie":[],"Person":[],"Product":[],"ProductReview":[],"Car":[],"Recipe":[],"Service":[],"SoftwareApplication":[],"WebPage":[]},"graphName":"BlogPosting","isEnabled":true},"graphs":[]},"schema_type":"default","schema_type_options":null,"pillar_content":false,"robots_default":true,"robots_noindex":false,"robots_noarchive":false,"robots_nosnippet":false,"robots_nofollow":false,"robots_noimageindex":false,"robots_noodp":false,"robots_notranslate":false,"robots_max_snippet":"-1","robots_max_videopreview":"-1","robots_max_imagepreview":"large","priority":null,"frequency":"default","local_seo":null,"breadcrumb_settings":null,"limit_modified_date":false,"ai":{"faqs":[],"keyPoints":[],"schemas":[],"titles":[],"descriptions":[],"socialPosts":{"email":{"subject":"","preview":"","content":""},"linkedin":[],"twitter":[],"facebook":[],"instagram":[]}},"created":"2026-07-06 14:19:26","updated":"2026-07-17 07:51:39","seo_analyzer_scan_date":null,"focus_keyword":null,"additional_keywords":null,"truseo_locale":null},"aioseo_breadcrumb":"<div class=\"aioseo-breadcrumbs\"><span class=\"aioseo-breadcrumb\">\n\t\t\t<a href=\"https:\/\/www.immo-invest.ch\/fr\/\" title=\"Home\">Home<\/a>\n\t\t<\/span><span class=\"aioseo-breadcrumb-separator\">&raquo;<\/span><span class=\"aioseo-breadcrumb\">\n\t\t\t<a href=\"https:\/\/www.immo-invest.ch\/fr\/categories\/regions\/\" title=\"R\u00e9gions\">R\u00e9gions<\/a>\n\t\t<\/span><span class=\"aioseo-breadcrumb-separator\">&raquo;<\/span><span class=\"aioseo-breadcrumb\">\n\t\t\t<a href=\"https:\/\/www.immo-invest.ch\/fr\/categories\/regions\/suisse\/\" title=\"Suisse\">Suisse<\/a>\n\t\t<\/span><span class=\"aioseo-breadcrumb-separator\">&raquo;<\/span><span class=\"aioseo-breadcrumb\">\n\t\t\t<a href=\"https:\/\/www.immo-invest.ch\/fr\/categories\/regions\/suisse\/region-zurich\/\" title=\"Zurich\">Zurich<\/a>\n\t\t<\/span><span class=\"aioseo-breadcrumb-separator\">&raquo;<\/span><span class=\"aioseo-breadcrumb\">\n\t\t\tLa ville au c\u0153ur du village\n\t\t<\/span><\/div>","aioseo_breadcrumb_json":[{"label":"Home","link":"https:\/\/www.immo-invest.ch\/fr\/"},{"label":"R\u00e9gions","link":"https:\/\/www.immo-invest.ch\/fr\/categories\/regions\/"},{"label":"Suisse","link":"https:\/\/www.immo-invest.ch\/fr\/categories\/regions\/suisse\/"},{"label":"Zurich","link":"https:\/\/www.immo-invest.ch\/fr\/categories\/regions\/suisse\/region-zurich\/"},{"label":"La ville au c\u0153ur du village","link":"https:\/\/www.immo-invest.ch\/fr\/die-stadt-im-dorf-2\/"}],"featured_image_src":"https:\/\/www.immo-invest.ch\/wp-content\/uploads\/2026\/07\/26_Bild-336x168.jpg","_links":{"self":[{"href":"https:\/\/www.immo-invest.ch\/fr\/wp-json\/wp\/v2\/posts\/160596","targetHints":{"allow":["GET"]}}],"collection":[{"href":"https:\/\/www.immo-invest.ch\/fr\/wp-json\/wp\/v2\/posts"}],"about":[{"href":"https:\/\/www.immo-invest.ch\/fr\/wp-json\/wp\/v2\/types\/post"}],"author":[{"embeddable":true,"href":"https:\/\/www.immo-invest.ch\/fr\/wp-json\/wp\/v2\/users\/2"}],"replies":[{"embeddable":true,"href":"https:\/\/www.immo-invest.ch\/fr\/wp-json\/wp\/v2\/comments?post=160596"}],"version-history":[{"count":3,"href":"https:\/\/www.immo-invest.ch\/fr\/wp-json\/wp\/v2\/posts\/160596\/revisions"}],"predecessor-version":[{"id":160605,"href":"https:\/\/www.immo-invest.ch\/fr\/wp-json\/wp\/v2\/posts\/160596\/revisions\/160605"}],"wp:featuredmedia":[{"embeddable":true,"href":"https:\/\/www.immo-invest.ch\/fr\/wp-json\/wp\/v2\/media\/160597"}],"wp:attachment":[{"href":"https:\/\/www.immo-invest.ch\/fr\/wp-json\/wp\/v2\/media?parent=160596"}],"wp:term":[{"taxonomy":"category","embeddable":true,"href":"https:\/\/www.immo-invest.ch\/fr\/wp-json\/wp\/v2\/categories?post=160596"},{"taxonomy":"post_tag","embeddable":true,"href":"https:\/\/www.immo-invest.ch\/fr\/wp-json\/wp\/v2\/tags?post=160596"}],"curies":[{"name":"wp","href":"https:\/\/api.w.org\/{rel}","templated":true}]}}