{"id":160582,"date":"2026-07-15T09:00:00","date_gmt":"2026-07-15T07:00:00","guid":{"rendered":"https:\/\/www.immo-invest.ch\/?p=160582"},"modified":"2026-07-06T16:02:02","modified_gmt":"2026-07-06T14:02:02","slug":"dietikon-baut-die-schule-der-zukunft","status":"publish","type":"post","link":"https:\/\/www.immo-invest.ch\/fr\/dietikon-baut-die-schule-der-zukunft\/","title":{"rendered":"Dietikon construit l&rsquo;\u00e9cole de demain"},"content":{"rendered":"<p class=\"wp-block-paragraph\">L&rsquo;architecte Georges K&uuml;nzler a con&ccedil;u ce centre de formation professionnelle en 1969 comme un t&eacute;moignage fonctionnel du miracle &eacute;conomique. Aujourd&rsquo;hui, il se pr&eacute;sente dans son &eacute;tat d&rsquo;origine, avec toutes ses contradictions. Une <span class=\"glossaryLink\" aria-describedby=\"tt\" data-cmtooltip=\"&lt;div class=glossaryItemTitle&gt;Isolation&lt;\/div&gt;&lt;div class=glossaryItemBody&gt;Abdichtung zur Verhinderung des Durchgangs von Gas, Wasser, W&auml;rme, Elektrizit&auml;t etc., z.B. Ummantelung von Elektrokabeln oder Rohrleitungen, W&auml;rmeisolation&lt;\/div&gt;\" data-mobile-support=\"0\" data-gt-translate-attributes='[{\"attribute\":\"data-cmtooltip\", \"format\":\"html\"}]' tabindex=\"0\" role=\"link\">isolation<\/span> insuffisante et des faiblesses structurelles, mais une fa&ccedil;ade que l&rsquo;inventaire cantonal des monuments historiques classe express&eacute;ment comme digne de protection.<\/p>\n\n\n\n<p class=\"wp-block-paragraph\"><strong>Les coordonn&eacute;es d&rsquo;une nouvelle culture de l&rsquo;apprentissage<br><\/strong>Bien avant le premier coup de pioche, le BZLT s&rsquo;est interrog&eacute; sur la mani&egrave;re dont l&rsquo;apprentissage fonctionne aujourd&rsquo;hui. La r&eacute;ponse s&rsquo;appelle n47e8, du nom des coordonn&eacute;es g&eacute;ographiques de Dietikon. Ce concept allie individualisation, autonomie d&rsquo;action et infrastructure num&eacute;rique. Les apprenants travaillent &agrave; leur propre rythme, &agrave; travers des &laquo; missions &raquo;, via un syst&egrave;me de gestion de l&rsquo;apprentissage (LMS), tant dans l&rsquo;enseignement g&eacute;n&eacute;ral que professionnel. Le b&acirc;timent concr&eacute;tise d&eacute;sormais ce que la p&eacute;dagogie avait d&eacute;j&agrave; envisag&eacute;.<\/p>\n\n\n\n<p class=\"wp-block-paragraph\"><strong>Les combles, un manifeste<br><\/strong>Le dernier &eacute;tage se transforme en espace d&rsquo;apprentissage ouvert. Finies les salles de classe : place &agrave; des zones flexibles d&eacute;di&eacute;es au travail collaboratif et autonome. Environ 1 250 apprenants issus des m&eacute;tiers de la logistique, du transport routier et du recyclage utiliseront cet espace quotidiennement.<\/p>\n\n\n\n<p class=\"wp-block-paragraph\"><strong>La durabilit&eacute; sans compromis<br><\/strong>Certification <span class=\"glossaryLink\"  aria-describedby=\"tt\"  data-cmtooltip=\"&lt;div class=glossaryItemTitle&gt;SNBS&lt;\/div&gt;&lt;div class=glossaryItemBody&gt;Standard nachhaltiges Bauen Schweiz; Ziel des Standards ist es, die drei Dimensionen des nachhaltigen Bauens (Gesellschaft, Wirtschaft, Umwelt) m&ouml;glichst umfassend in Planung, Bau und Betrieb mit einzubeziehen&lt;\/div&gt;\"  data-mobile-support=\"0\"  data-gt-translate-attributes='[{\"attribute\":\"data-cmtooltip\", \"format\":\"html\"}]' tabindex='0' role='link'>SNBS<\/span> Or, <span class=\"glossaryLink\" aria-describedby=\"tt\" data-cmtooltip=\"&lt;div class=glossaryItemTitle&gt;Minergie-Eco&lt;\/div&gt;&lt;div class=glossaryItemBody&gt;Erg&auml;nzender Baustandard zum Minergie oder Minergie-P-Standard. Dabei werden Anforderungen einer gesunden und &ouml;kologischen Bauweise ber&uuml;cksichtigt&lt;\/div&gt;\" data-mobile-support=\"0\" data-gt-translate-attributes='[{\"attribute\":\"data-cmtooltip\", \"format\":\"html\"}]' tabindex=\"0\" role=\"link\">Minergie-ECO<\/span>, installation photovolta&iuml;que sur le toit-terrasse, raccordement au r&eacute;seau de chauffage urbain Limeco et toitures v&eacute;g&eacute;talis&eacute;es pour le refroidissement et la biodiversit&eacute;. Il ne s&rsquo;agit pas de &laquo; greenwashing &raquo;, mais d&rsquo;un engagement ferme qui caract&eacute;rise l&rsquo;ensemble du cycle de vie du b&acirc;timent.<\/p>\n\n\n\n<p class=\"wp-block-paragraph\"><strong>L&rsquo;art comme programme<br><\/strong>Le duo d&rsquo;artistes Veli &amp; Amos am&eacute;nage les sous-faces des escaliers de l&rsquo;atrium avec des peintures &laquo; flip-flop &raquo; et des enseignes au n&eacute;on. Pour une &eacute;cole qui accompagne quotidiennement des personnes en d&eacute;but de carri&egrave;re ou en reconversion professionnelle, ce n&rsquo;est pas de la simple d&eacute;coration.<\/p>\n\n\n\n<p class=\"wp-block-paragraph\"><strong>Ach&egrave;vement pr&eacute;vu &agrave; l&rsquo;&eacute;t&eacute; 2027<br><\/strong>&Agrave; partir d&rsquo;ao&ucirc;t 2027, l&rsquo;&eacute;cole ouvrira ses portes et Dietikon ne r&eacute;cup&eacute;rera pas simplement un b&acirc;timent scolaire r&eacute;nov&eacute;. Elle obtiendra la preuve que la protection du patrimoine, la durabilit&eacute; et la p&eacute;dagogie d&rsquo;avenir ne sont pas contradictoires, mais qu&rsquo;elles peuvent au contraire s&rsquo;allier avec succ&egrave;s.<\/p>\n","protected":false},"excerpt":{"rendered":"<p>Depuis 1969, un imposant cube de b\u00e9ton marque le paysage urbain de Dietikon. En passant devant le centre de formation Limmattal, on ne voit au premier abord qu&rsquo;une architecture d&rsquo;apr\u00e8s-guerre. Mais pour un montant de 42 millions de francs, le canton de Zurich r\u00e9nove ce b\u00e2timent class\u00e9 monument historique pour en faire un lieu d&rsquo;apprentissage du XXIe si\u00e8cle.<\/p>\n","protected":false},"author":2,"featured_media":160583,"comment_status":"open","ping_status":"open","sticky":false,"template":"","format":"standard","meta":{"pmpro_default_level":"","inline_featured_image":false,"_monsterinsights_skip_tracking":false,"footnotes":""},"categories":[22699,9824,56027,9652,4957],"tags":[60300,44207,977,872,3931,60301,53584,2002,873,1158,10373],"class_list":["post-160582","post","type-post","status-publish","format-standard","has-post-thumbnail","hentry","category-durabilite","category-nouvelle-construction","category-planification-developpement","category-renovation","category-region-zurich","tag-bildungszentrum-limmattal","tag-denkmalpflege-fr","tag-dietikon-fr","tag-immoinvest-fr","tag-immonews-fr","tag-lernlandschaft","tag-minergie-eco-fr","tag-news-fr","tag-photovoltaik-fr","tag-schulhaus-fr","tag-snbs-gold-fr","pmpro-has-access"],"acf":{"bild_mit_ki_erstellt_worden":"","lead":"Depuis 1969, un imposant cube de b\u00e9ton marque le paysage urbain de Dietikon. En passant devant le centre de formation Limmattal, on ne voit au premier abord qu'une architecture d'apr\u00e8s-guerre. Mais pour un montant de 42 millions de francs, le canton de Zurich r\u00e9nove ce b\u00e2timent class\u00e9 monument historique pour en faire un lieu d'apprentissage du XXIe si\u00e8cle.","autor":"Texte : Karin Ibach \u2022 Photo : Marcel Rickli","ort":"","bildunterschrift":"","bild_im_grid":false,"gallerie":"","newsim":"3213"},"aioseo_notices":[],"aioseo_head":"\n\t\t<!-- All in One SEO 5.0.0.1 - aioseo.com -->\n\t<meta name=\"description\" content=\"Depuis 1969, un imposant cube de b\u00e9ton marque le paysage urbain de Dietikon. En passant devant le centre de formation Limmattal, on ne voit au premier abord qu&#039;une architecture d&#039;apr\u00e8s-guerre. Mais pour un montant de 42 millions de francs, le canton de Zurich r\u00e9nove ce b\u00e2timent class\u00e9 monument historique pour en faire un lieu d&#039;apprentissage du XXIe si\u00e8cle.\" \/>\n\t<meta name=\"robots\" content=\"max-image-preview:large\" \/>\n\t<meta name=\"author\" content=\"immovestuser\"\/>\n\t<meta name=\"google-site-verification\" content=\"fHJKvgWpZCR2zVBHWfkQeFXC11qieUSff0HGNYfuyLA\" \/>\n\t<link rel=\"canonical\" href=\"https:\/\/www.immo-invest.ch\/fr\/dietikon-baut-die-schule-der-zukunft\/\" \/>\n\t<meta name=\"generator\" content=\"All in One SEO (AIOSEO) 5.0.0.1\" \/>\n\t\t<meta property=\"og:locale\" content=\"fr_FR\" \/>\n\t\t<meta property=\"og:site_name\" content=\"immo!nvest - Die Plattform f\u00fcr Standorte und Immobilien - Die\u00a0Plattform f\u00fcr Standorte und Immobilien\" \/>\n\t\t<meta property=\"og:type\" content=\"article\" \/>\n\t\t<meta property=\"og:title\" content=\"Dietikon construit l\u2019\u00e9cole de demain - immo!nvest - Die Plattform f\u00fcr Standorte und Immobilien\" \/>\n\t\t<meta property=\"og:description\" content=\"Depuis 1969, un imposant cube de b\u00e9ton marque le paysage urbain de Dietikon. En passant devant le centre de formation Limmattal, on ne voit au premier abord qu&#039;une architecture d&#039;apr\u00e8s-guerre. Mais pour un montant de 42 millions de francs, le canton de Zurich r\u00e9nove ce b\u00e2timent class\u00e9 monument historique pour en faire un lieu d&#039;apprentissage du XXIe si\u00e8cle.\" \/>\n\t\t<meta property=\"og:url\" content=\"https:\/\/www.immo-invest.ch\/fr\/dietikon-baut-die-schule-der-zukunft\/\" \/>\n\t\t<meta property=\"og:image\" content=\"https:\/\/www.immo-invest.ch\/wp-content\/uploads\/2026\/07\/Bild_01.1747804799786.jpeg\" \/>\n\t\t<meta property=\"og:image:secure_url\" content=\"https:\/\/www.immo-invest.ch\/wp-content\/uploads\/2026\/07\/Bild_01.1747804799786.jpeg\" \/>\n\t\t<meta property=\"og:image:width\" content=\"1800\" \/>\n\t\t<meta property=\"og:image:height\" content=\"1200\" \/>\n\t\t<meta property=\"article:published_time\" content=\"2026-07-15T07:00:00+00:00\" \/>\n\t\t<meta property=\"article:modified_time\" content=\"2026-07-06T14:02:02+00:00\" \/>\n\t\t<meta property=\"article:publisher\" content=\"https:\/\/www.facebook.com\/people\/Immoinvest\/100077962920504\/\" \/>\n\t\t<meta name=\"twitter:card\" content=\"summary_large_image\" \/>\n\t\t<meta name=\"twitter:site\" content=\"@i\" \/>\n\t\t<meta name=\"twitter:title\" content=\"Dietikon construit l\u2019\u00e9cole de demain - immo!nvest - Die Plattform f\u00fcr Standorte und Immobilien\" \/>\n\t\t<meta name=\"twitter:description\" content=\"Depuis 1969, un imposant cube de b\u00e9ton marque le paysage urbain de Dietikon. En passant devant le centre de formation Limmattal, on ne voit au premier abord qu&#039;une architecture d&#039;apr\u00e8s-guerre. Mais pour un montant de 42 millions de francs, le canton de Zurich r\u00e9nove ce b\u00e2timent class\u00e9 monument historique pour en faire un lieu d&#039;apprentissage du XXIe si\u00e8cle.\" \/>\n\t\t<meta name=\"twitter:creator\" content=\"@i\" \/>\n\t\t<meta name=\"twitter:image\" content=\"https:\/\/www.immo-invest.ch\/wp-content\/uploads\/2026\/07\/Bild_01.1747804799786.jpeg\" \/>\n\t\t<script type=\"application\/ld+json\" class=\"aioseo-schema\">\n\t\t\t{\"@context\":\"https:\\\/\\\/schema.org\",\"@graph\":[{\"@type\":\"BlogPosting\",\"@id\":\"https:\\\/\\\/www.immo-invest.ch\\\/fr\\\/dietikon-baut-die-schule-der-zukunft\\\/#blogposting\",\"name\":\"Dietikon construit l\\u2019\\u00e9cole de demain - immo!nvest - Die Plattform f\\u00fcr Standorte und Immobilien\",\"headline\":\"Dietikon construit l&rsquo;\\u00e9cole de demain\",\"author\":{\"@id\":\"https:\\\/\\\/www.immo-invest.ch\\\/fr\\\/author\\\/immovestuser\\\/#author\"},\"publisher\":{\"@id\":\"https:\\\/\\\/www.immo-invest.ch\\\/fr\\\/#organization\"},\"image\":{\"@type\":\"ImageObject\",\"url\":\"https:\\\/\\\/www.immo-invest.ch\\\/wp-content\\\/uploads\\\/2026\\\/07\\\/Bild_01.1747804799786.jpeg\",\"width\":1800,\"height\":1200},\"datePublished\":\"2026-07-15T09:00:00+02:00\",\"dateModified\":\"2026-07-06T16:02:02+02:00\",\"inLanguage\":\"fr-FR\",\"mainEntityOfPage\":{\"@id\":\"https:\\\/\\\/www.immo-invest.ch\\\/fr\\\/dietikon-baut-die-schule-der-zukunft\\\/#webpage\"},\"isPartOf\":{\"@id\":\"https:\\\/\\\/www.immo-invest.ch\\\/fr\\\/dietikon-baut-die-schule-der-zukunft\\\/#webpage\"},\"articleSection\":\"Durabilit\\u00e9, Nouvelle construction, Planification \\\/ D\\u00e9veloppement, R\\u00e9novation, Zurich, Bildungszentrum Limmattal, Denkmalpflege, Dietikon, Immoinvest, immoNews, Lernlandschaft, Minergie-ECO, News, Photovoltaik, Schulhaus, SNBS Gold, Facultatif\"},{\"@type\":\"BreadcrumbList\",\"@id\":\"https:\\\/\\\/www.immo-invest.ch\\\/fr\\\/dietikon-baut-die-schule-der-zukunft\\\/#breadcrumblist\",\"itemListElement\":[{\"@type\":\"ListItem\",\"@id\":\"https:\\\/\\\/www.immo-invest.ch\\\/fr\\\/#listItem\",\"position\":1,\"name\":\"Home\",\"item\":\"https:\\\/\\\/www.immo-invest.ch\\\/fr\\\/\",\"nextItem\":{\"@type\":\"ListItem\",\"@id\":\"https:\\\/\\\/www.immo-invest.ch\\\/fr\\\/categories\\\/regions\\\/#listItem\",\"name\":\"R\\u00e9gions\"}},{\"@type\":\"ListItem\",\"@id\":\"https:\\\/\\\/www.immo-invest.ch\\\/fr\\\/categories\\\/regions\\\/#listItem\",\"position\":2,\"name\":\"R\\u00e9gions\",\"item\":\"https:\\\/\\\/www.immo-invest.ch\\\/fr\\\/categories\\\/regions\\\/\",\"nextItem\":{\"@type\":\"ListItem\",\"@id\":\"https:\\\/\\\/www.immo-invest.ch\\\/fr\\\/categories\\\/regions\\\/suisse\\\/#listItem\",\"name\":\"Suisse\"},\"previousItem\":{\"@type\":\"ListItem\",\"@id\":\"https:\\\/\\\/www.immo-invest.ch\\\/fr\\\/#listItem\",\"name\":\"Home\"}},{\"@type\":\"ListItem\",\"@id\":\"https:\\\/\\\/www.immo-invest.ch\\\/fr\\\/categories\\\/regions\\\/suisse\\\/#listItem\",\"position\":3,\"name\":\"Suisse\",\"item\":\"https:\\\/\\\/www.immo-invest.ch\\\/fr\\\/categories\\\/regions\\\/suisse\\\/\",\"nextItem\":{\"@type\":\"ListItem\",\"@id\":\"https:\\\/\\\/www.immo-invest.ch\\\/fr\\\/categories\\\/regions\\\/suisse\\\/region-zurich\\\/#listItem\",\"name\":\"Zurich\"},\"previousItem\":{\"@type\":\"ListItem\",\"@id\":\"https:\\\/\\\/www.immo-invest.ch\\\/fr\\\/categories\\\/regions\\\/#listItem\",\"name\":\"R\\u00e9gions\"}},{\"@type\":\"ListItem\",\"@id\":\"https:\\\/\\\/www.immo-invest.ch\\\/fr\\\/categories\\\/regions\\\/suisse\\\/region-zurich\\\/#listItem\",\"position\":4,\"name\":\"Zurich\",\"item\":\"https:\\\/\\\/www.immo-invest.ch\\\/fr\\\/categories\\\/regions\\\/suisse\\\/region-zurich\\\/\",\"nextItem\":{\"@type\":\"ListItem\",\"@id\":\"https:\\\/\\\/www.immo-invest.ch\\\/fr\\\/dietikon-baut-die-schule-der-zukunft\\\/#listItem\",\"name\":\"Dietikon construit l&rsquo;\\u00e9cole de demain\"},\"previousItem\":{\"@type\":\"ListItem\",\"@id\":\"https:\\\/\\\/www.immo-invest.ch\\\/fr\\\/categories\\\/regions\\\/suisse\\\/#listItem\",\"name\":\"Suisse\"}},{\"@type\":\"ListItem\",\"@id\":\"https:\\\/\\\/www.immo-invest.ch\\\/fr\\\/dietikon-baut-die-schule-der-zukunft\\\/#listItem\",\"position\":5,\"name\":\"Dietikon construit l&rsquo;\\u00e9cole de demain\",\"previousItem\":{\"@type\":\"ListItem\",\"@id\":\"https:\\\/\\\/www.immo-invest.ch\\\/fr\\\/categories\\\/regions\\\/suisse\\\/region-zurich\\\/#listItem\",\"name\":\"Zurich\"}}]},{\"@type\":\"Organization\",\"@id\":\"https:\\\/\\\/www.immo-invest.ch\\\/fr\\\/#organization\",\"name\":\"immo!nvest - Die Plattform f\\u00fcr Standorte und Immobilien\",\"description\":\"Die\\u00a0Plattform f\\u00fcr Standorte und Immobilien\",\"url\":\"https:\\\/\\\/www.immo-invest.ch\\\/fr\\\/\",\"email\":\"admin@immomedia.ag\",\"telephone\":\"+41444420002\",\"logo\":{\"@type\":\"ImageObject\",\"url\":\"https:\\\/\\\/www.immo-invest.ch\\\/wp-content\\\/uploads\\\/2024\\\/09\\\/immoinvest_sm-scaled.jpg\",\"@id\":\"https:\\\/\\\/www.immo-invest.ch\\\/fr\\\/dietikon-baut-die-schule-der-zukunft\\\/#organizationLogo\",\"width\":2560,\"height\":1340},\"image\":{\"@id\":\"https:\\\/\\\/www.immo-invest.ch\\\/fr\\\/dietikon-baut-die-schule-der-zukunft\\\/#organizationLogo\"},\"sameAs\":[\"https:\\\/\\\/www.facebook.com\\\/people\\\/Immoinvest\\\/100077962920504\\\/\",\"https:\\\/\\\/x.com\\\/i\\\/flow\\\/login?redirect_after_login=immoinvest_ch\",\"https:\\\/\\\/www.instagram.com\\\/immoinvest_ch\\\/\",\"https:\\\/\\\/www.linkedin.com\\\/company\\\/immoinvest-swiss\"]},{\"@type\":\"Person\",\"@id\":\"https:\\\/\\\/www.immo-invest.ch\\\/fr\\\/author\\\/immovestuser\\\/#author\",\"url\":\"https:\\\/\\\/www.immo-invest.ch\\\/fr\\\/author\\\/immovestuser\\\/\",\"name\":\"immovestuser\",\"image\":{\"@type\":\"ImageObject\",\"@id\":\"https:\\\/\\\/www.immo-invest.ch\\\/fr\\\/dietikon-baut-die-schule-der-zukunft\\\/#authorImage\",\"url\":\"https:\\\/\\\/secure.gravatar.com\\\/avatar\\\/8e01f4d99f2eeea7a362ebb93305e1172a70e9293ba250f897a65c39f54cdd1e?s=96&d=mm&r=g\",\"width\":96,\"height\":96,\"caption\":\"immovestuser\"}},{\"@type\":\"WebPage\",\"@id\":\"https:\\\/\\\/www.immo-invest.ch\\\/fr\\\/dietikon-baut-die-schule-der-zukunft\\\/#webpage\",\"url\":\"https:\\\/\\\/www.immo-invest.ch\\\/fr\\\/dietikon-baut-die-schule-der-zukunft\\\/\",\"name\":\"Dietikon construit l\\u2019\\u00e9cole de demain - immo!nvest - Die Plattform f\\u00fcr Standorte und Immobilien\",\"description\":\"Depuis 1969, un imposant cube de b\\u00e9ton marque le paysage urbain de Dietikon. En passant devant le centre de formation Limmattal, on ne voit au premier abord qu'une architecture d'apr\\u00e8s-guerre. Mais pour un montant de 42 millions de francs, le canton de Zurich r\\u00e9nove ce b\\u00e2timent class\\u00e9 monument historique pour en faire un lieu d'apprentissage du XXIe si\\u00e8cle.\",\"inLanguage\":\"fr-FR\",\"isPartOf\":{\"@id\":\"https:\\\/\\\/www.immo-invest.ch\\\/fr\\\/#website\"},\"breadcrumb\":{\"@id\":\"https:\\\/\\\/www.immo-invest.ch\\\/fr\\\/dietikon-baut-die-schule-der-zukunft\\\/#breadcrumblist\"},\"author\":{\"@id\":\"https:\\\/\\\/www.immo-invest.ch\\\/fr\\\/author\\\/immovestuser\\\/#author\"},\"creator\":{\"@id\":\"https:\\\/\\\/www.immo-invest.ch\\\/fr\\\/author\\\/immovestuser\\\/#author\"},\"image\":{\"@type\":\"ImageObject\",\"url\":\"https:\\\/\\\/www.immo-invest.ch\\\/wp-content\\\/uploads\\\/2026\\\/07\\\/Bild_01.1747804799786.jpeg\",\"@id\":\"https:\\\/\\\/www.immo-invest.ch\\\/fr\\\/dietikon-baut-die-schule-der-zukunft\\\/#mainImage\",\"width\":1800,\"height\":1200},\"primaryImageOfPage\":{\"@id\":\"https:\\\/\\\/www.immo-invest.ch\\\/fr\\\/dietikon-baut-die-schule-der-zukunft\\\/#mainImage\"},\"datePublished\":\"2026-07-15T09:00:00+02:00\",\"dateModified\":\"2026-07-06T16:02:02+02:00\"},{\"@type\":\"WebSite\",\"@id\":\"https:\\\/\\\/www.immo-invest.ch\\\/fr\\\/#website\",\"url\":\"https:\\\/\\\/www.immo-invest.ch\\\/fr\\\/\",\"name\":\"immo!nvest - Die Plattform f\\u00fcr Standorte und Immobilien\",\"description\":\"Die\\u00a0Plattform f\\u00fcr Standorte und Immobilien\",\"inLanguage\":\"fr-FR\",\"publisher\":{\"@id\":\"https:\\\/\\\/www.immo-invest.ch\\\/fr\\\/#organization\"}}]}\n\t\t<\/script>\n\t\t<!-- All in One SEO -->\n\n","aioseo_head_json":{"title":"Dietikon construit l\u2019\u00e9cole de demain - immo!nvest - Die Plattform f\u00fcr Standorte und Immobilien","description":"Depuis 1969, un imposant cube de b\u00e9ton marque le paysage urbain de Dietikon. En passant devant le centre de formation Limmattal, on ne voit au premier abord qu'une architecture d'apr\u00e8s-guerre. Mais pour un montant de 42 millions de francs, le canton de Zurich r\u00e9nove ce b\u00e2timent class\u00e9 monument historique pour en faire un lieu d'apprentissage du XXIe si\u00e8cle.","canonical_url":"https:\/\/www.immo-invest.ch\/fr\/dietikon-baut-die-schule-der-zukunft\/","robots":"max-image-preview:large","keywords":"","webmasterTools":{"google-site-verification":"fHJKvgWpZCR2zVBHWfkQeFXC11qieUSff0HGNYfuyLA","miscellaneous":""},"schema":{"@context":"https:\/\/schema.org","@graph":[{"@type":"BlogPosting","@id":"https:\/\/www.immo-invest.ch\/fr\/dietikon-baut-die-schule-der-zukunft\/#blogposting","name":"Dietikon construit l\u2019\u00e9cole de demain - immo!nvest - Die Plattform f\u00fcr Standorte und Immobilien","headline":"Dietikon construit l&rsquo;\u00e9cole de demain","author":{"@id":"https:\/\/www.immo-invest.ch\/fr\/author\/immovestuser\/#author"},"publisher":{"@id":"https:\/\/www.immo-invest.ch\/fr\/#organization"},"image":{"@type":"ImageObject","url":"https:\/\/www.immo-invest.ch\/wp-content\/uploads\/2026\/07\/Bild_01.1747804799786.jpeg","width":1800,"height":1200},"datePublished":"2026-07-15T09:00:00+02:00","dateModified":"2026-07-06T16:02:02+02:00","inLanguage":"fr-FR","mainEntityOfPage":{"@id":"https:\/\/www.immo-invest.ch\/fr\/dietikon-baut-die-schule-der-zukunft\/#webpage"},"isPartOf":{"@id":"https:\/\/www.immo-invest.ch\/fr\/dietikon-baut-die-schule-der-zukunft\/#webpage"},"articleSection":"Durabilit\u00e9, Nouvelle construction, Planification \/ D\u00e9veloppement, R\u00e9novation, Zurich, Bildungszentrum Limmattal, Denkmalpflege, Dietikon, Immoinvest, immoNews, Lernlandschaft, Minergie-ECO, News, Photovoltaik, Schulhaus, SNBS Gold, Facultatif"},{"@type":"BreadcrumbList","@id":"https:\/\/www.immo-invest.ch\/fr\/dietikon-baut-die-schule-der-zukunft\/#breadcrumblist","itemListElement":[{"@type":"ListItem","@id":"https:\/\/www.immo-invest.ch\/fr\/#listItem","position":1,"name":"Home","item":"https:\/\/www.immo-invest.ch\/fr\/","nextItem":{"@type":"ListItem","@id":"https:\/\/www.immo-invest.ch\/fr\/categories\/regions\/#listItem","name":"R\u00e9gions"}},{"@type":"ListItem","@id":"https:\/\/www.immo-invest.ch\/fr\/categories\/regions\/#listItem","position":2,"name":"R\u00e9gions","item":"https:\/\/www.immo-invest.ch\/fr\/categories\/regions\/","nextItem":{"@type":"ListItem","@id":"https:\/\/www.immo-invest.ch\/fr\/categories\/regions\/suisse\/#listItem","name":"Suisse"},"previousItem":{"@type":"ListItem","@id":"https:\/\/www.immo-invest.ch\/fr\/#listItem","name":"Home"}},{"@type":"ListItem","@id":"https:\/\/www.immo-invest.ch\/fr\/categories\/regions\/suisse\/#listItem","position":3,"name":"Suisse","item":"https:\/\/www.immo-invest.ch\/fr\/categories\/regions\/suisse\/","nextItem":{"@type":"ListItem","@id":"https:\/\/www.immo-invest.ch\/fr\/categories\/regions\/suisse\/region-zurich\/#listItem","name":"Zurich"},"previousItem":{"@type":"ListItem","@id":"https:\/\/www.immo-invest.ch\/fr\/categories\/regions\/#listItem","name":"R\u00e9gions"}},{"@type":"ListItem","@id":"https:\/\/www.immo-invest.ch\/fr\/categories\/regions\/suisse\/region-zurich\/#listItem","position":4,"name":"Zurich","item":"https:\/\/www.immo-invest.ch\/fr\/categories\/regions\/suisse\/region-zurich\/","nextItem":{"@type":"ListItem","@id":"https:\/\/www.immo-invest.ch\/fr\/dietikon-baut-die-schule-der-zukunft\/#listItem","name":"Dietikon construit l&rsquo;\u00e9cole de demain"},"previousItem":{"@type":"ListItem","@id":"https:\/\/www.immo-invest.ch\/fr\/categories\/regions\/suisse\/#listItem","name":"Suisse"}},{"@type":"ListItem","@id":"https:\/\/www.immo-invest.ch\/fr\/dietikon-baut-die-schule-der-zukunft\/#listItem","position":5,"name":"Dietikon construit l&rsquo;\u00e9cole de demain","previousItem":{"@type":"ListItem","@id":"https:\/\/www.immo-invest.ch\/fr\/categories\/regions\/suisse\/region-zurich\/#listItem","name":"Zurich"}}]},{"@type":"Organization","@id":"https:\/\/www.immo-invest.ch\/fr\/#organization","name":"immo!nvest - Die Plattform f\u00fcr Standorte und Immobilien","description":"Die\u00a0Plattform f\u00fcr Standorte und Immobilien","url":"https:\/\/www.immo-invest.ch\/fr\/","email":"admin@immomedia.ag","telephone":"+41444420002","logo":{"@type":"ImageObject","url":"https:\/\/www.immo-invest.ch\/wp-content\/uploads\/2024\/09\/immoinvest_sm-scaled.jpg","@id":"https:\/\/www.immo-invest.ch\/fr\/dietikon-baut-die-schule-der-zukunft\/#organizationLogo","width":2560,"height":1340},"image":{"@id":"https:\/\/www.immo-invest.ch\/fr\/dietikon-baut-die-schule-der-zukunft\/#organizationLogo"},"sameAs":["https:\/\/www.facebook.com\/people\/Immoinvest\/100077962920504\/","https:\/\/x.com\/i\/flow\/login?redirect_after_login=immoinvest_ch","https:\/\/www.instagram.com\/immoinvest_ch\/","https:\/\/www.linkedin.com\/company\/immoinvest-swiss"]},{"@type":"Person","@id":"https:\/\/www.immo-invest.ch\/fr\/author\/immovestuser\/#author","url":"https:\/\/www.immo-invest.ch\/fr\/author\/immovestuser\/","name":"immovestuser","image":{"@type":"ImageObject","@id":"https:\/\/www.immo-invest.ch\/fr\/dietikon-baut-die-schule-der-zukunft\/#authorImage","url":"https:\/\/secure.gravatar.com\/avatar\/8e01f4d99f2eeea7a362ebb93305e1172a70e9293ba250f897a65c39f54cdd1e?s=96&d=mm&r=g","width":96,"height":96,"caption":"immovestuser"}},{"@type":"WebPage","@id":"https:\/\/www.immo-invest.ch\/fr\/dietikon-baut-die-schule-der-zukunft\/#webpage","url":"https:\/\/www.immo-invest.ch\/fr\/dietikon-baut-die-schule-der-zukunft\/","name":"Dietikon construit l\u2019\u00e9cole de demain - immo!nvest - Die Plattform f\u00fcr Standorte und Immobilien","description":"Depuis 1969, un imposant cube de b\u00e9ton marque le paysage urbain de Dietikon. En passant devant le centre de formation Limmattal, on ne voit au premier abord qu'une architecture d'apr\u00e8s-guerre. Mais pour un montant de 42 millions de francs, le canton de Zurich r\u00e9nove ce b\u00e2timent class\u00e9 monument historique pour en faire un lieu d'apprentissage du XXIe si\u00e8cle.","inLanguage":"fr-FR","isPartOf":{"@id":"https:\/\/www.immo-invest.ch\/fr\/#website"},"breadcrumb":{"@id":"https:\/\/www.immo-invest.ch\/fr\/dietikon-baut-die-schule-der-zukunft\/#breadcrumblist"},"author":{"@id":"https:\/\/www.immo-invest.ch\/fr\/author\/immovestuser\/#author"},"creator":{"@id":"https:\/\/www.immo-invest.ch\/fr\/author\/immovestuser\/#author"},"image":{"@type":"ImageObject","url":"https:\/\/www.immo-invest.ch\/wp-content\/uploads\/2026\/07\/Bild_01.1747804799786.jpeg","@id":"https:\/\/www.immo-invest.ch\/fr\/dietikon-baut-die-schule-der-zukunft\/#mainImage","width":1800,"height":1200},"primaryImageOfPage":{"@id":"https:\/\/www.immo-invest.ch\/fr\/dietikon-baut-die-schule-der-zukunft\/#mainImage"},"datePublished":"2026-07-15T09:00:00+02:00","dateModified":"2026-07-06T16:02:02+02:00"},{"@type":"WebSite","@id":"https:\/\/www.immo-invest.ch\/fr\/#website","url":"https:\/\/www.immo-invest.ch\/fr\/","name":"immo!nvest - Die Plattform f\u00fcr Standorte und Immobilien","description":"Die\u00a0Plattform f\u00fcr Standorte und Immobilien","inLanguage":"fr-FR","publisher":{"@id":"https:\/\/www.immo-invest.ch\/fr\/#organization"}}]},"og:locale":"fr_FR","og:site_name":"immo!nvest - Die Plattform f\u00fcr Standorte und Immobilien - Die\u00a0Plattform f\u00fcr Standorte und Immobilien","og:type":"article","og:title":"Dietikon construit l\u2019\u00e9cole de demain - immo!nvest - Die Plattform f\u00fcr Standorte und Immobilien","og:description":"Depuis 1969, un imposant cube de b\u00e9ton marque le paysage urbain de Dietikon. En passant devant le centre de formation Limmattal, on ne voit au premier abord qu'une architecture d'apr\u00e8s-guerre. Mais pour un montant de 42 millions de francs, le canton de Zurich r\u00e9nove ce b\u00e2timent class\u00e9 monument historique pour en faire un lieu d'apprentissage du XXIe si\u00e8cle.","og:url":"https:\/\/www.immo-invest.ch\/fr\/dietikon-baut-die-schule-der-zukunft\/","og:image":"https:\/\/www.immo-invest.ch\/wp-content\/uploads\/2026\/07\/Bild_01.1747804799786.jpeg","og:image:secure_url":"https:\/\/www.immo-invest.ch\/wp-content\/uploads\/2026\/07\/Bild_01.1747804799786.jpeg","og:image:width":1800,"og:image:height":1200,"article:published_time":"2026-07-15T07:00:00+00:00","article:modified_time":"2026-07-06T14:02:02+00:00","article:publisher":"https:\/\/www.facebook.com\/people\/Immoinvest\/100077962920504\/","twitter:card":"summary_large_image","twitter:site":"@i","twitter:title":"Dietikon construit l\u2019\u00e9cole de demain - immo!nvest - Die Plattform f\u00fcr Standorte und Immobilien","twitter:description":"Depuis 1969, un imposant cube de b\u00e9ton marque le paysage urbain de Dietikon. En passant devant le centre de formation Limmattal, on ne voit au premier abord qu'une architecture d'apr\u00e8s-guerre. Mais pour un montant de 42 millions de francs, le canton de Zurich r\u00e9nove ce b\u00e2timent class\u00e9 monument historique pour en faire un lieu d'apprentissage du XXIe si\u00e8cle.","twitter:creator":"@i","twitter:image":"https:\/\/www.immo-invest.ch\/wp-content\/uploads\/2026\/07\/Bild_01.1747804799786.jpeg"},"aioseo_meta_data":{"post_id":"160582","title":null,"description":null,"keywords":null,"keyphrases":{"focus":{"keyphrase":"","score":0,"analysis":{"keyphraseInTitle":{"score":0,"maxScore":9,"error":1}}},"additional":[]},"primary_term":null,"canonical_url":null,"og_title":null,"og_description":null,"og_object_type":"default","og_image_type":"default","og_image_url":null,"og_image_width":null,"og_image_height":null,"og_image_custom_url":null,"og_image_custom_fields":null,"og_video":"","og_custom_url":null,"og_article_section":null,"og_article_tags":null,"twitter_use_og":false,"twitter_card":"default","twitter_image_type":"default","twitter_image_url":null,"twitter_image_custom_url":null,"twitter_image_custom_fields":null,"twitter_title":null,"twitter_description":null,"schema":{"blockGraphs":[],"customGraphs":[],"default":{"data":{"Article":[],"Course":[],"Dataset":[],"FAQPage":[],"Movie":[],"Person":[],"Product":[],"ProductReview":[],"Car":[],"Recipe":[],"Service":[],"SoftwareApplication":[],"WebPage":[]},"graphName":"BlogPosting","isEnabled":true},"graphs":[]},"schema_type":"default","schema_type_options":null,"pillar_content":false,"robots_default":true,"robots_noindex":false,"robots_noarchive":false,"robots_nosnippet":false,"robots_nofollow":false,"robots_noimageindex":false,"robots_noodp":false,"robots_notranslate":false,"robots_max_snippet":"-1","robots_max_videopreview":"-1","robots_max_imagepreview":"large","priority":null,"frequency":"default","local_seo":null,"breadcrumb_settings":null,"limit_modified_date":false,"ai":{"faqs":[],"keyPoints":[],"schemas":[],"titles":[],"descriptions":[],"socialPosts":{"email":{"subject":"","preview":"","content":""},"linkedin":[],"twitter":[],"facebook":[],"instagram":[]}},"created":"2026-07-06 14:02:05","updated":"2026-07-15 07:33:33","seo_analyzer_scan_date":null,"focus_keyword":null,"additional_keywords":null,"truseo_locale":null},"aioseo_breadcrumb":"<div class=\"aioseo-breadcrumbs\"><span class=\"aioseo-breadcrumb\">\n\t\t\t<a href=\"https:\/\/www.immo-invest.ch\/fr\/\" title=\"Home\">Home<\/a>\n\t\t<\/span><span class=\"aioseo-breadcrumb-separator\">&raquo;<\/span><span class=\"aioseo-breadcrumb\">\n\t\t\t<a href=\"https:\/\/www.immo-invest.ch\/fr\/categories\/regions\/\" title=\"R\u00e9gions\">R\u00e9gions<\/a>\n\t\t<\/span><span class=\"aioseo-breadcrumb-separator\">&raquo;<\/span><span class=\"aioseo-breadcrumb\">\n\t\t\t<a href=\"https:\/\/www.immo-invest.ch\/fr\/categories\/regions\/suisse\/\" title=\"Suisse\">Suisse<\/a>\n\t\t<\/span><span class=\"aioseo-breadcrumb-separator\">&raquo;<\/span><span class=\"aioseo-breadcrumb\">\n\t\t\t<a href=\"https:\/\/www.immo-invest.ch\/fr\/categories\/regions\/suisse\/region-zurich\/\" title=\"Zurich\">Zurich<\/a>\n\t\t<\/span><span class=\"aioseo-breadcrumb-separator\">&raquo;<\/span><span class=\"aioseo-breadcrumb\">\n\t\t\tDietikon construit l\u2019\u00e9cole de demain\n\t\t<\/span><\/div>","aioseo_breadcrumb_json":[{"label":"Home","link":"https:\/\/www.immo-invest.ch\/fr\/"},{"label":"R\u00e9gions","link":"https:\/\/www.immo-invest.ch\/fr\/categories\/regions\/"},{"label":"Suisse","link":"https:\/\/www.immo-invest.ch\/fr\/categories\/regions\/suisse\/"},{"label":"Zurich","link":"https:\/\/www.immo-invest.ch\/fr\/categories\/regions\/suisse\/region-zurich\/"},{"label":"Dietikon construit l&rsquo;\u00e9cole de demain","link":"https:\/\/www.immo-invest.ch\/fr\/dietikon-baut-die-schule-der-zukunft\/"}],"featured_image_src":"https:\/\/www.immo-invest.ch\/wp-content\/uploads\/2026\/07\/Bild_01.1747804799786-336x168.jpeg","_links":{"self":[{"href":"https:\/\/www.immo-invest.ch\/fr\/wp-json\/wp\/v2\/posts\/160582","targetHints":{"allow":["GET"]}}],"collection":[{"href":"https:\/\/www.immo-invest.ch\/fr\/wp-json\/wp\/v2\/posts"}],"about":[{"href":"https:\/\/www.immo-invest.ch\/fr\/wp-json\/wp\/v2\/types\/post"}],"author":[{"embeddable":true,"href":"https:\/\/www.immo-invest.ch\/fr\/wp-json\/wp\/v2\/users\/2"}],"replies":[{"embeddable":true,"href":"https:\/\/www.immo-invest.ch\/fr\/wp-json\/wp\/v2\/comments?post=160582"}],"version-history":[{"count":3,"href":"https:\/\/www.immo-invest.ch\/fr\/wp-json\/wp\/v2\/posts\/160582\/revisions"}],"predecessor-version":[{"id":160591,"href":"https:\/\/www.immo-invest.ch\/fr\/wp-json\/wp\/v2\/posts\/160582\/revisions\/160591"}],"wp:featuredmedia":[{"embeddable":true,"href":"https:\/\/www.immo-invest.ch\/fr\/wp-json\/wp\/v2\/media\/160583"}],"wp:attachment":[{"href":"https:\/\/www.immo-invest.ch\/fr\/wp-json\/wp\/v2\/media?parent=160582"}],"wp:term":[{"taxonomy":"category","embeddable":true,"href":"https:\/\/www.immo-invest.ch\/fr\/wp-json\/wp\/v2\/categories?post=160582"},{"taxonomy":"post_tag","embeddable":true,"href":"https:\/\/www.immo-invest.ch\/fr\/wp-json\/wp\/v2\/tags?post=160582"}],"curies":[{"name":"wp","href":"https:\/\/api.w.org\/{rel}","templated":true}]}}