{"id":160267,"date":"2026-07-02T11:00:00","date_gmt":"2026-07-02T09:00:00","guid":{"rendered":"https:\/\/www.immo-invest.ch\/?p=160267"},"modified":"2026-07-01T09:14:42","modified_gmt":"2026-07-01T07:14:42","slug":"niederlenz-stellt-die-bauzonen-neu-schaerfer-ein","status":"publish","type":"post","link":"https:\/\/www.immo-invest.ch\/fr\/niederlenz-stellt-die-bauzonen-neu-schaerfer-ein\/","title":{"rendered":"Niederlenz resserre les crit\u00e8res d&rsquo;attribution des zones \u00e0 b\u00e2tir"},"content":{"rendered":"<p>Niederlenz a red&eacute;fini ses orientations en mati&egrave;re d&rsquo;am&eacute;nagement du territoire. L&rsquo;assembl&eacute;e communale du 25 juin 2026 a approuv&eacute; le r&egrave;glement r&eacute;vis&eacute; d&rsquo;urbanisme et d&rsquo;affectation des sols, pla&ccedil;ant ainsi le d&eacute;veloppement interne au c&oelig;ur des futures activit&eacute;s de construction. Pour les propri&eacute;taires, les promoteurs et les urbanistes, l&rsquo;accent est d&eacute;sormais moins mis sur l&rsquo;extension de la zone urbanis&eacute;e que sur une utilisation plus pr&eacute;cise du parc immobilier d&eacute;j&agrave; zon&eacute;.<\/p>\n<p>Pour le march&eacute; immobilier local, cette d&eacute;cision repr&eacute;sente bien plus qu&rsquo;une simple &eacute;tape formelle de planification. Les documents relatifs &agrave; la r&eacute;vision globale montrent que Niederlenz ne se contente pas d&rsquo;autoriser la densification, mais entend &eacute;galement la piloter de mani&egrave;re qualitative. Les directives associent le d&eacute;veloppement urbain vers l&rsquo;int&eacute;rieur &agrave; la qualit&eacute; des espaces libres, &agrave; des m&eacute;thodes de construction adapt&eacute;es au climat, &agrave; la qualit&eacute; des transports ainsi qu&rsquo;&agrave; un am&eacute;nagement soign&eacute; du centre-ville et de la p&eacute;riph&eacute;rie urbaine.<\/p>\n<p><strong>Une densification encadr&eacute;e<br><\/strong>La nouvelle<strong>r&eacute;glementation<\/strong>s&rsquo;appuie sur les principes d&rsquo;am&eacute;nagement. La construction densifi&eacute;e doit &ecirc;tre encourag&eacute;e avant tout sur les sites bien desservis par les transports publics. Parall&egrave;lement, la commune exige un examen plus approfondi des aspects d&rsquo;am&eacute;nagement pour les lotissements, les plans d&rsquo;affectation sp&eacute;ciaux et les projets ayant une incidence sur le caract&egrave;re du site. Cela am&eacute;liore la pr&eacute;visibilit&eacute; de la planification, mais renforce &eacute;galement les exigences impos&eacute;es aux projets destin&eacute;s &agrave; &ecirc;tre d&eacute;velopp&eacute;s dans le tissu urbain existant ou dans des zones de transition sensibles.<\/p>\n<p>Cette approche est particuli&egrave;rement visible dans la zone de d&eacute;veloppement &laquo; Ortskern Ost &raquo;. L&agrave;-bas, le d&eacute;veloppement urbain doit s&rsquo;inscrire dans une d&eacute;marche contemporaine et adapt&eacute;e au changement climatique, sans pour autant empi&eacute;ter sur l&rsquo;espace routier caract&eacute;ristique ni sur le bord de la pente. Pour les investisseurs et les ma&icirc;tres d&rsquo;ouvrage, cela signifie que les potentiels demeurent, mais que la qualit&eacute; de l&rsquo;int&eacute;gration devient le v&eacute;ritable enjeu de l&rsquo;octroi des autorisations.<\/p>\n<p><strong>La desserte fait toujours partie du d&eacute;veloppement interne<\/strong>d&rsquo;<strong><br> Outre le BNO, l&rsquo;assembl&eacute;e a &eacute;galement approuv&eacute;, selon les informations disponibles, un cr&eacute;dit de 1,01 million de francs pour la desserte d&rsquo;Unterer Steinler, y compris la r&eacute;novation du R&ouml;merweg, du Thujaweg et de Langeichen. Cela souligne le fait que, dans la pratique, le d&eacute;veloppement interne ne fonctionne pas uniquement gr&acirc;ce au droit de zonage. Il a besoin d&rsquo;espace routier, de r&eacute;seaux de services publics et d&rsquo;infrastructures de <span class=\"glossaryLink\" aria-describedby=\"tt\" data-cmtooltip=\"&lt;div class=glossaryItemTitle&gt;Quartier&lt;\/div&gt;&lt;div class=glossaryItemBody&gt;Amtliches, historisches, soziales oder stadtplanerisches Stadtviertel&lt;\/div&gt;\" data-mobile-support=\"0\" data-gt-translate-attributes='[{\"attribute\":\"data-cmtooltip\", \"format\":\"html\"}]' tabindex=\"0\" role=\"link\">quartier<\/span> fonctionnelles pour que toute utilisation suppl&eacute;mentaire soit viable.<\/strong><\/p>\n<p>D&rsquo;autres d&eacute;cisions, telles que l&rsquo;annexe compl&eacute;t&eacute;e au r&egrave;glement sur le stationnement ou le cr&eacute;dit destin&eacute; &agrave; l&rsquo;&eacute;clairage public le long de la piste cyclable, viennent &eacute;tayer cette interpr&eacute;tation. La commune associe la densification urbaine aux questions d&rsquo;accessibilit&eacute;, de mobilit&eacute; et de qualit&eacute; de vie. L&rsquo;accent n&rsquo;est ainsi plus mis sur la simple exploitation de parcelles individuelles, mais sur la <span class=\"glossaryLink\" aria-describedby=\"tt\" data-cmtooltip=\"&lt;div class=glossaryItemTitle&gt;Performance&lt;\/div&gt;&lt;div class=glossaryItemBody&gt;Wertentwicklung eines Portfolios&lt;\/div&gt;\" data-mobile-support=\"0\" data-gt-translate-attributes='[{\"attribute\":\"data-cmtooltip\", \"format\":\"html\"}]' tabindex=\"0\" role=\"link\">performance<\/span> de l&rsquo;ensemble du tissu urbain.<\/p>\n<p><strong>Cons&eacute;quences pour les projets dans le parc immobilier existant<br><\/strong>Pour le secteur, c&rsquo;est avant tout l&rsquo;orientation qui est d&eacute;terminante. Niederlenz profite de cette r&eacute;vision pour mieux exploiter les zones &agrave; b&acirc;tir existantes tout en renfor&ccedil;ant les obstacles pour les projets peu aboutis sur le plan architectural ou insuffisamment int&eacute;gr&eacute;s au r&eacute;seau de circulation. Quiconque souhaite d&eacute;velopper son projet au sein de la commune devra donc, &agrave; l&rsquo;avenir, anticiper plus t&ocirc;t les enjeux li&eacute;s aux espaces libres, &agrave; la mobilit&eacute;, au paysage urbain et &agrave; la compatibilit&eacute; avec le voisinage. C&rsquo;est pr&eacute;cis&eacute;ment l&agrave; que se jouera si le d&eacute;veloppement interne sera acc&eacute;l&eacute;r&eacute; ou frein&eacute; au cours de la proc&eacute;dure.<\/p>\n","protected":false},"excerpt":{"rendered":"<p>Le 25 juin 2026, la commune de Niederlenz a adopt\u00e9 son r\u00e8glement r\u00e9vis\u00e9 en mati\u00e8re de construction et d&rsquo;affectation des sols. L&rsquo;essentiel est clair : privil\u00e9gier le d\u00e9veloppement interne, densifier l&rsquo;occupation des sols dans les zones appropri\u00e9es et imposer des exigences de qualit\u00e9 plus strictes en mati\u00e8re de paysage urbain, d&rsquo;espaces ouverts et de mobilit\u00e9.<\/p>\n","protected":false},"author":2,"featured_media":160268,"comment_status":"open","ping_status":"open","sticky":false,"template":"","format":"standard","meta":{"pmpro_default_level":"","inline_featured_image":false,"_monsterinsights_skip_tracking":false,"footnotes":""},"categories":[22703,56027,56003],"tags":[60095,47640,60096,872,3931,16976,2002,60097,60098],"class_list":["post-160267","post","type-post","status-publish","format-standard","has-post-thumbnail","hentry","category-mobilite","category-planification-developpement","category-residentiel","tag-bau-und-nutzungsordnung","tag-bauzonen-fr","tag-erschliessung","tag-immoinvest-fr","tag-immonews-fr","tag-innenentwicklung-fr","tag-news-fr","tag-niederlenz","tag-ortskern-ost","pmpro-has-access"],"acf":{"bild_mit_ki_erstellt_worden":["Ja"],"lead":"Le 25 juin 2026, la commune de Niederlenz a adopt\u00e9 son r\u00e8glement r\u00e9vis\u00e9 en mati\u00e8re de construction et d'affectation des sols. L'essentiel est clair : privil\u00e9gier le d\u00e9veloppement interne, densifier l'occupation des sols dans les zones appropri\u00e9es et imposer des exigences de qualit\u00e9 plus strictes en mati\u00e8re de paysage urbain, d'espaces ouverts et de mobilit\u00e9.","autor":"","ort":"","bildunterschrift":"","bild_im_grid":false,"gallerie":"","newsim":"3095"},"aioseo_notices":[],"aioseo_head":"\n\t\t<!-- All in One SEO 5.0.0.1 - aioseo.com -->\n\t<meta name=\"description\" content=\"Le 25 juin 2026, la commune de Niederlenz a adopt\u00e9 son r\u00e8glement r\u00e9vis\u00e9 en mati\u00e8re de construction et d&#039;affectation des sols. L&#039;essentiel est clair : privil\u00e9gier le d\u00e9veloppement interne, densifier l&#039;occupation des sols dans les zones appropri\u00e9es et imposer des exigences de qualit\u00e9 plus strictes en mati\u00e8re de paysage urbain, d&#039;espaces ouverts et de mobilit\u00e9.\" \/>\n\t<meta name=\"robots\" content=\"max-image-preview:large\" \/>\n\t<meta name=\"author\" content=\"immovestuser\"\/>\n\t<meta name=\"google-site-verification\" content=\"fHJKvgWpZCR2zVBHWfkQeFXC11qieUSff0HGNYfuyLA\" \/>\n\t<link rel=\"canonical\" href=\"https:\/\/www.immo-invest.ch\/fr\/niederlenz-stellt-die-bauzonen-neu-schaerfer-ein\/\" \/>\n\t<meta name=\"generator\" content=\"All in One SEO (AIOSEO) 5.0.0.1\" \/>\n\t\t<meta property=\"og:locale\" content=\"fr_FR\" \/>\n\t\t<meta property=\"og:site_name\" content=\"immo!nvest - Die Plattform f\u00fcr Standorte und Immobilien - Die\u00a0Plattform f\u00fcr Standorte und Immobilien\" \/>\n\t\t<meta property=\"og:type\" content=\"article\" \/>\n\t\t<meta property=\"og:title\" content=\"Niederlenz resserre les crit\u00e8res d\u2019attribution des zones \u00e0 b\u00e2tir - immo!nvest - Die Plattform f\u00fcr Standorte und Immobilien\" \/>\n\t\t<meta property=\"og:description\" content=\"Le 25 juin 2026, la commune de Niederlenz a adopt\u00e9 son r\u00e8glement r\u00e9vis\u00e9 en mati\u00e8re de construction et d&#039;affectation des sols. L&#039;essentiel est clair : privil\u00e9gier le d\u00e9veloppement interne, densifier l&#039;occupation des sols dans les zones appropri\u00e9es et imposer des exigences de qualit\u00e9 plus strictes en mati\u00e8re de paysage urbain, d&#039;espaces ouverts et de mobilit\u00e9.\" \/>\n\t\t<meta property=\"og:url\" content=\"https:\/\/www.immo-invest.ch\/fr\/niederlenz-stellt-die-bauzonen-neu-schaerfer-ein\/\" \/>\n\t\t<meta property=\"og:image\" content=\"https:\/\/www.immo-invest.ch\/wp-content\/uploads\/2026\/07\/Niederlenz-stellt-die-Bauzonen-neu-schaerfer-ein-immo-invest.png\" \/>\n\t\t<meta property=\"og:image:secure_url\" content=\"https:\/\/www.immo-invest.ch\/wp-content\/uploads\/2026\/07\/Niederlenz-stellt-die-Bauzonen-neu-schaerfer-ein-immo-invest.png\" \/>\n\t\t<meta property=\"og:image:width\" content=\"1536\" \/>\n\t\t<meta property=\"og:image:height\" content=\"768\" \/>\n\t\t<meta property=\"article:published_time\" content=\"2026-07-02T09:00:00+00:00\" \/>\n\t\t<meta property=\"article:modified_time\" content=\"2026-07-01T07:14:42+00:00\" \/>\n\t\t<meta property=\"article:publisher\" content=\"https:\/\/www.facebook.com\/people\/Immoinvest\/100077962920504\/\" \/>\n\t\t<meta name=\"twitter:card\" content=\"summary_large_image\" \/>\n\t\t<meta name=\"twitter:site\" content=\"@i\" \/>\n\t\t<meta name=\"twitter:title\" content=\"Niederlenz resserre les crit\u00e8res d\u2019attribution des zones \u00e0 b\u00e2tir - immo!nvest - Die Plattform f\u00fcr Standorte und Immobilien\" \/>\n\t\t<meta name=\"twitter:description\" content=\"Le 25 juin 2026, la commune de Niederlenz a adopt\u00e9 son r\u00e8glement r\u00e9vis\u00e9 en mati\u00e8re de construction et d&#039;affectation des sols. L&#039;essentiel est clair : privil\u00e9gier le d\u00e9veloppement interne, densifier l&#039;occupation des sols dans les zones appropri\u00e9es et imposer des exigences de qualit\u00e9 plus strictes en mati\u00e8re de paysage urbain, d&#039;espaces ouverts et de mobilit\u00e9.\" \/>\n\t\t<meta name=\"twitter:creator\" content=\"@i\" \/>\n\t\t<meta name=\"twitter:image\" content=\"https:\/\/www.immo-invest.ch\/wp-content\/uploads\/2026\/07\/Niederlenz-stellt-die-Bauzonen-neu-schaerfer-ein-immo-invest.png\" \/>\n\t\t<script type=\"application\/ld+json\" class=\"aioseo-schema\">\n\t\t\t{\"@context\":\"https:\\\/\\\/schema.org\",\"@graph\":[{\"@type\":\"BlogPosting\",\"@id\":\"https:\\\/\\\/www.immo-invest.ch\\\/fr\\\/niederlenz-stellt-die-bauzonen-neu-schaerfer-ein\\\/#blogposting\",\"name\":\"Niederlenz resserre les crit\\u00e8res d\\u2019attribution des zones \\u00e0 b\\u00e2tir - immo!nvest - Die Plattform f\\u00fcr Standorte und Immobilien\",\"headline\":\"Niederlenz resserre les crit\\u00e8res d&rsquo;attribution des zones \\u00e0 b\\u00e2tir\",\"author\":{\"@id\":\"https:\\\/\\\/www.immo-invest.ch\\\/fr\\\/author\\\/immovestuser\\\/#author\"},\"publisher\":{\"@id\":\"https:\\\/\\\/www.immo-invest.ch\\\/fr\\\/#organization\"},\"image\":{\"@type\":\"ImageObject\",\"url\":\"https:\\\/\\\/www.immo-invest.ch\\\/wp-content\\\/uploads\\\/2026\\\/07\\\/Niederlenz-stellt-die-Bauzonen-neu-schaerfer-ein-immo-invest.png\",\"width\":1536,\"height\":768},\"datePublished\":\"2026-07-02T11:00:00+02:00\",\"dateModified\":\"2026-07-01T09:14:42+02:00\",\"inLanguage\":\"fr-FR\",\"mainEntityOfPage\":{\"@id\":\"https:\\\/\\\/www.immo-invest.ch\\\/fr\\\/niederlenz-stellt-die-bauzonen-neu-schaerfer-ein\\\/#webpage\"},\"isPartOf\":{\"@id\":\"https:\\\/\\\/www.immo-invest.ch\\\/fr\\\/niederlenz-stellt-die-bauzonen-neu-schaerfer-ein\\\/#webpage\"},\"articleSection\":\"Mobilit\\u00e9, Planification \\\/ D\\u00e9veloppement, R\\u00e9sidentiel, Bau- und Nutzungsordnung, Bauzonen, Erschliessung, Immoinvest, immoNews, Innenentwicklung, News, Niederlenz, Ortskern Ost, Facultatif\"},{\"@type\":\"BreadcrumbList\",\"@id\":\"https:\\\/\\\/www.immo-invest.ch\\\/fr\\\/niederlenz-stellt-die-bauzonen-neu-schaerfer-ein\\\/#breadcrumblist\",\"itemListElement\":[{\"@type\":\"ListItem\",\"@id\":\"https:\\\/\\\/www.immo-invest.ch\\\/fr\\\/#listItem\",\"position\":1,\"name\":\"Home\",\"item\":\"https:\\\/\\\/www.immo-invest.ch\\\/fr\\\/\",\"nextItem\":{\"@type\":\"ListItem\",\"@id\":\"https:\\\/\\\/www.immo-invest.ch\\\/fr\\\/categories\\\/trends-fr\\\/#listItem\",\"name\":\"Trends\"}},{\"@type\":\"ListItem\",\"@id\":\"https:\\\/\\\/www.immo-invest.ch\\\/fr\\\/categories\\\/trends-fr\\\/#listItem\",\"position\":2,\"name\":\"Trends\",\"item\":\"https:\\\/\\\/www.immo-invest.ch\\\/fr\\\/categories\\\/trends-fr\\\/\",\"nextItem\":{\"@type\":\"ListItem\",\"@id\":\"https:\\\/\\\/www.immo-invest.ch\\\/fr\\\/categories\\\/trends-fr\\\/mobilite\\\/#listItem\",\"name\":\"Mobilit\\u00e9\"},\"previousItem\":{\"@type\":\"ListItem\",\"@id\":\"https:\\\/\\\/www.immo-invest.ch\\\/fr\\\/#listItem\",\"name\":\"Home\"}},{\"@type\":\"ListItem\",\"@id\":\"https:\\\/\\\/www.immo-invest.ch\\\/fr\\\/categories\\\/trends-fr\\\/mobilite\\\/#listItem\",\"position\":3,\"name\":\"Mobilit\\u00e9\",\"item\":\"https:\\\/\\\/www.immo-invest.ch\\\/fr\\\/categories\\\/trends-fr\\\/mobilite\\\/\",\"nextItem\":{\"@type\":\"ListItem\",\"@id\":\"https:\\\/\\\/www.immo-invest.ch\\\/fr\\\/niederlenz-stellt-die-bauzonen-neu-schaerfer-ein\\\/#listItem\",\"name\":\"Niederlenz resserre les crit\\u00e8res d&rsquo;attribution des zones \\u00e0 b\\u00e2tir\"},\"previousItem\":{\"@type\":\"ListItem\",\"@id\":\"https:\\\/\\\/www.immo-invest.ch\\\/fr\\\/categories\\\/trends-fr\\\/#listItem\",\"name\":\"Trends\"}},{\"@type\":\"ListItem\",\"@id\":\"https:\\\/\\\/www.immo-invest.ch\\\/fr\\\/niederlenz-stellt-die-bauzonen-neu-schaerfer-ein\\\/#listItem\",\"position\":4,\"name\":\"Niederlenz resserre les crit\\u00e8res d&rsquo;attribution des zones \\u00e0 b\\u00e2tir\",\"previousItem\":{\"@type\":\"ListItem\",\"@id\":\"https:\\\/\\\/www.immo-invest.ch\\\/fr\\\/categories\\\/trends-fr\\\/mobilite\\\/#listItem\",\"name\":\"Mobilit\\u00e9\"}}]},{\"@type\":\"Organization\",\"@id\":\"https:\\\/\\\/www.immo-invest.ch\\\/fr\\\/#organization\",\"name\":\"immo!nvest - Die Plattform f\\u00fcr Standorte und Immobilien\",\"description\":\"Die\\u00a0Plattform f\\u00fcr Standorte und Immobilien\",\"url\":\"https:\\\/\\\/www.immo-invest.ch\\\/fr\\\/\",\"email\":\"admin@immomedia.ag\",\"telephone\":\"+41444420002\",\"logo\":{\"@type\":\"ImageObject\",\"url\":\"https:\\\/\\\/www.immo-invest.ch\\\/wp-content\\\/uploads\\\/2024\\\/09\\\/immoinvest_sm-scaled.jpg\",\"@id\":\"https:\\\/\\\/www.immo-invest.ch\\\/fr\\\/niederlenz-stellt-die-bauzonen-neu-schaerfer-ein\\\/#organizationLogo\",\"width\":2560,\"height\":1340},\"image\":{\"@id\":\"https:\\\/\\\/www.immo-invest.ch\\\/fr\\\/niederlenz-stellt-die-bauzonen-neu-schaerfer-ein\\\/#organizationLogo\"},\"sameAs\":[\"https:\\\/\\\/www.facebook.com\\\/people\\\/Immoinvest\\\/100077962920504\\\/\",\"https:\\\/\\\/x.com\\\/i\\\/flow\\\/login?redirect_after_login=immoinvest_ch\",\"https:\\\/\\\/www.instagram.com\\\/immoinvest_ch\\\/\",\"https:\\\/\\\/www.linkedin.com\\\/company\\\/immoinvest-swiss\"]},{\"@type\":\"Person\",\"@id\":\"https:\\\/\\\/www.immo-invest.ch\\\/fr\\\/author\\\/immovestuser\\\/#author\",\"url\":\"https:\\\/\\\/www.immo-invest.ch\\\/fr\\\/author\\\/immovestuser\\\/\",\"name\":\"immovestuser\",\"image\":{\"@type\":\"ImageObject\",\"@id\":\"https:\\\/\\\/www.immo-invest.ch\\\/fr\\\/niederlenz-stellt-die-bauzonen-neu-schaerfer-ein\\\/#authorImage\",\"url\":\"https:\\\/\\\/secure.gravatar.com\\\/avatar\\\/8e01f4d99f2eeea7a362ebb93305e1172a70e9293ba250f897a65c39f54cdd1e?s=96&d=mm&r=g\",\"width\":96,\"height\":96,\"caption\":\"immovestuser\"}},{\"@type\":\"WebPage\",\"@id\":\"https:\\\/\\\/www.immo-invest.ch\\\/fr\\\/niederlenz-stellt-die-bauzonen-neu-schaerfer-ein\\\/#webpage\",\"url\":\"https:\\\/\\\/www.immo-invest.ch\\\/fr\\\/niederlenz-stellt-die-bauzonen-neu-schaerfer-ein\\\/\",\"name\":\"Niederlenz resserre les crit\\u00e8res d\\u2019attribution des zones \\u00e0 b\\u00e2tir - immo!nvest - Die Plattform f\\u00fcr Standorte und Immobilien\",\"description\":\"Le 25 juin 2026, la commune de Niederlenz a adopt\\u00e9 son r\\u00e8glement r\\u00e9vis\\u00e9 en mati\\u00e8re de construction et d'affectation des sols. L'essentiel est clair : privil\\u00e9gier le d\\u00e9veloppement interne, densifier l'occupation des sols dans les zones appropri\\u00e9es et imposer des exigences de qualit\\u00e9 plus strictes en mati\\u00e8re de paysage urbain, d'espaces ouverts et de mobilit\\u00e9.\",\"inLanguage\":\"fr-FR\",\"isPartOf\":{\"@id\":\"https:\\\/\\\/www.immo-invest.ch\\\/fr\\\/#website\"},\"breadcrumb\":{\"@id\":\"https:\\\/\\\/www.immo-invest.ch\\\/fr\\\/niederlenz-stellt-die-bauzonen-neu-schaerfer-ein\\\/#breadcrumblist\"},\"author\":{\"@id\":\"https:\\\/\\\/www.immo-invest.ch\\\/fr\\\/author\\\/immovestuser\\\/#author\"},\"creator\":{\"@id\":\"https:\\\/\\\/www.immo-invest.ch\\\/fr\\\/author\\\/immovestuser\\\/#author\"},\"image\":{\"@type\":\"ImageObject\",\"url\":\"https:\\\/\\\/www.immo-invest.ch\\\/wp-content\\\/uploads\\\/2026\\\/07\\\/Niederlenz-stellt-die-Bauzonen-neu-schaerfer-ein-immo-invest.png\",\"@id\":\"https:\\\/\\\/www.immo-invest.ch\\\/fr\\\/niederlenz-stellt-die-bauzonen-neu-schaerfer-ein\\\/#mainImage\",\"width\":1536,\"height\":768},\"primaryImageOfPage\":{\"@id\":\"https:\\\/\\\/www.immo-invest.ch\\\/fr\\\/niederlenz-stellt-die-bauzonen-neu-schaerfer-ein\\\/#mainImage\"},\"datePublished\":\"2026-07-02T11:00:00+02:00\",\"dateModified\":\"2026-07-01T09:14:42+02:00\"},{\"@type\":\"WebSite\",\"@id\":\"https:\\\/\\\/www.immo-invest.ch\\\/fr\\\/#website\",\"url\":\"https:\\\/\\\/www.immo-invest.ch\\\/fr\\\/\",\"name\":\"immo!nvest - Die Plattform f\\u00fcr Standorte und Immobilien\",\"description\":\"Die\\u00a0Plattform f\\u00fcr Standorte und Immobilien\",\"inLanguage\":\"fr-FR\",\"publisher\":{\"@id\":\"https:\\\/\\\/www.immo-invest.ch\\\/fr\\\/#organization\"}}]}\n\t\t<\/script>\n\t\t<!-- All in One SEO -->\n\n","aioseo_head_json":{"title":"Niederlenz resserre les crit\u00e8res d\u2019attribution des zones \u00e0 b\u00e2tir - immo!nvest - Die Plattform f\u00fcr Standorte und Immobilien","description":"Le 25 juin 2026, la commune de Niederlenz a adopt\u00e9 son r\u00e8glement r\u00e9vis\u00e9 en mati\u00e8re de construction et d'affectation des sols. L'essentiel est clair : privil\u00e9gier le d\u00e9veloppement interne, densifier l'occupation des sols dans les zones appropri\u00e9es et imposer des exigences de qualit\u00e9 plus strictes en mati\u00e8re de paysage urbain, d'espaces ouverts et de mobilit\u00e9.","canonical_url":"https:\/\/www.immo-invest.ch\/fr\/niederlenz-stellt-die-bauzonen-neu-schaerfer-ein\/","robots":"max-image-preview:large","keywords":"","webmasterTools":{"google-site-verification":"fHJKvgWpZCR2zVBHWfkQeFXC11qieUSff0HGNYfuyLA","miscellaneous":""},"schema":{"@context":"https:\/\/schema.org","@graph":[{"@type":"BlogPosting","@id":"https:\/\/www.immo-invest.ch\/fr\/niederlenz-stellt-die-bauzonen-neu-schaerfer-ein\/#blogposting","name":"Niederlenz resserre les crit\u00e8res d\u2019attribution des zones \u00e0 b\u00e2tir - immo!nvest - Die Plattform f\u00fcr Standorte und Immobilien","headline":"Niederlenz resserre les crit\u00e8res d&rsquo;attribution des zones \u00e0 b\u00e2tir","author":{"@id":"https:\/\/www.immo-invest.ch\/fr\/author\/immovestuser\/#author"},"publisher":{"@id":"https:\/\/www.immo-invest.ch\/fr\/#organization"},"image":{"@type":"ImageObject","url":"https:\/\/www.immo-invest.ch\/wp-content\/uploads\/2026\/07\/Niederlenz-stellt-die-Bauzonen-neu-schaerfer-ein-immo-invest.png","width":1536,"height":768},"datePublished":"2026-07-02T11:00:00+02:00","dateModified":"2026-07-01T09:14:42+02:00","inLanguage":"fr-FR","mainEntityOfPage":{"@id":"https:\/\/www.immo-invest.ch\/fr\/niederlenz-stellt-die-bauzonen-neu-schaerfer-ein\/#webpage"},"isPartOf":{"@id":"https:\/\/www.immo-invest.ch\/fr\/niederlenz-stellt-die-bauzonen-neu-schaerfer-ein\/#webpage"},"articleSection":"Mobilit\u00e9, Planification \/ D\u00e9veloppement, R\u00e9sidentiel, Bau- und Nutzungsordnung, Bauzonen, Erschliessung, Immoinvest, immoNews, Innenentwicklung, News, Niederlenz, Ortskern Ost, Facultatif"},{"@type":"BreadcrumbList","@id":"https:\/\/www.immo-invest.ch\/fr\/niederlenz-stellt-die-bauzonen-neu-schaerfer-ein\/#breadcrumblist","itemListElement":[{"@type":"ListItem","@id":"https:\/\/www.immo-invest.ch\/fr\/#listItem","position":1,"name":"Home","item":"https:\/\/www.immo-invest.ch\/fr\/","nextItem":{"@type":"ListItem","@id":"https:\/\/www.immo-invest.ch\/fr\/categories\/trends-fr\/#listItem","name":"Trends"}},{"@type":"ListItem","@id":"https:\/\/www.immo-invest.ch\/fr\/categories\/trends-fr\/#listItem","position":2,"name":"Trends","item":"https:\/\/www.immo-invest.ch\/fr\/categories\/trends-fr\/","nextItem":{"@type":"ListItem","@id":"https:\/\/www.immo-invest.ch\/fr\/categories\/trends-fr\/mobilite\/#listItem","name":"Mobilit\u00e9"},"previousItem":{"@type":"ListItem","@id":"https:\/\/www.immo-invest.ch\/fr\/#listItem","name":"Home"}},{"@type":"ListItem","@id":"https:\/\/www.immo-invest.ch\/fr\/categories\/trends-fr\/mobilite\/#listItem","position":3,"name":"Mobilit\u00e9","item":"https:\/\/www.immo-invest.ch\/fr\/categories\/trends-fr\/mobilite\/","nextItem":{"@type":"ListItem","@id":"https:\/\/www.immo-invest.ch\/fr\/niederlenz-stellt-die-bauzonen-neu-schaerfer-ein\/#listItem","name":"Niederlenz resserre les crit\u00e8res d&rsquo;attribution des zones \u00e0 b\u00e2tir"},"previousItem":{"@type":"ListItem","@id":"https:\/\/www.immo-invest.ch\/fr\/categories\/trends-fr\/#listItem","name":"Trends"}},{"@type":"ListItem","@id":"https:\/\/www.immo-invest.ch\/fr\/niederlenz-stellt-die-bauzonen-neu-schaerfer-ein\/#listItem","position":4,"name":"Niederlenz resserre les crit\u00e8res d&rsquo;attribution des zones \u00e0 b\u00e2tir","previousItem":{"@type":"ListItem","@id":"https:\/\/www.immo-invest.ch\/fr\/categories\/trends-fr\/mobilite\/#listItem","name":"Mobilit\u00e9"}}]},{"@type":"Organization","@id":"https:\/\/www.immo-invest.ch\/fr\/#organization","name":"immo!nvest - Die Plattform f\u00fcr Standorte und Immobilien","description":"Die\u00a0Plattform f\u00fcr Standorte und Immobilien","url":"https:\/\/www.immo-invest.ch\/fr\/","email":"admin@immomedia.ag","telephone":"+41444420002","logo":{"@type":"ImageObject","url":"https:\/\/www.immo-invest.ch\/wp-content\/uploads\/2024\/09\/immoinvest_sm-scaled.jpg","@id":"https:\/\/www.immo-invest.ch\/fr\/niederlenz-stellt-die-bauzonen-neu-schaerfer-ein\/#organizationLogo","width":2560,"height":1340},"image":{"@id":"https:\/\/www.immo-invest.ch\/fr\/niederlenz-stellt-die-bauzonen-neu-schaerfer-ein\/#organizationLogo"},"sameAs":["https:\/\/www.facebook.com\/people\/Immoinvest\/100077962920504\/","https:\/\/x.com\/i\/flow\/login?redirect_after_login=immoinvest_ch","https:\/\/www.instagram.com\/immoinvest_ch\/","https:\/\/www.linkedin.com\/company\/immoinvest-swiss"]},{"@type":"Person","@id":"https:\/\/www.immo-invest.ch\/fr\/author\/immovestuser\/#author","url":"https:\/\/www.immo-invest.ch\/fr\/author\/immovestuser\/","name":"immovestuser","image":{"@type":"ImageObject","@id":"https:\/\/www.immo-invest.ch\/fr\/niederlenz-stellt-die-bauzonen-neu-schaerfer-ein\/#authorImage","url":"https:\/\/secure.gravatar.com\/avatar\/8e01f4d99f2eeea7a362ebb93305e1172a70e9293ba250f897a65c39f54cdd1e?s=96&d=mm&r=g","width":96,"height":96,"caption":"immovestuser"}},{"@type":"WebPage","@id":"https:\/\/www.immo-invest.ch\/fr\/niederlenz-stellt-die-bauzonen-neu-schaerfer-ein\/#webpage","url":"https:\/\/www.immo-invest.ch\/fr\/niederlenz-stellt-die-bauzonen-neu-schaerfer-ein\/","name":"Niederlenz resserre les crit\u00e8res d\u2019attribution des zones \u00e0 b\u00e2tir - immo!nvest - Die Plattform f\u00fcr Standorte und Immobilien","description":"Le 25 juin 2026, la commune de Niederlenz a adopt\u00e9 son r\u00e8glement r\u00e9vis\u00e9 en mati\u00e8re de construction et d'affectation des sols. L'essentiel est clair : privil\u00e9gier le d\u00e9veloppement interne, densifier l'occupation des sols dans les zones appropri\u00e9es et imposer des exigences de qualit\u00e9 plus strictes en mati\u00e8re de paysage urbain, d'espaces ouverts et de mobilit\u00e9.","inLanguage":"fr-FR","isPartOf":{"@id":"https:\/\/www.immo-invest.ch\/fr\/#website"},"breadcrumb":{"@id":"https:\/\/www.immo-invest.ch\/fr\/niederlenz-stellt-die-bauzonen-neu-schaerfer-ein\/#breadcrumblist"},"author":{"@id":"https:\/\/www.immo-invest.ch\/fr\/author\/immovestuser\/#author"},"creator":{"@id":"https:\/\/www.immo-invest.ch\/fr\/author\/immovestuser\/#author"},"image":{"@type":"ImageObject","url":"https:\/\/www.immo-invest.ch\/wp-content\/uploads\/2026\/07\/Niederlenz-stellt-die-Bauzonen-neu-schaerfer-ein-immo-invest.png","@id":"https:\/\/www.immo-invest.ch\/fr\/niederlenz-stellt-die-bauzonen-neu-schaerfer-ein\/#mainImage","width":1536,"height":768},"primaryImageOfPage":{"@id":"https:\/\/www.immo-invest.ch\/fr\/niederlenz-stellt-die-bauzonen-neu-schaerfer-ein\/#mainImage"},"datePublished":"2026-07-02T11:00:00+02:00","dateModified":"2026-07-01T09:14:42+02:00"},{"@type":"WebSite","@id":"https:\/\/www.immo-invest.ch\/fr\/#website","url":"https:\/\/www.immo-invest.ch\/fr\/","name":"immo!nvest - Die Plattform f\u00fcr Standorte und Immobilien","description":"Die\u00a0Plattform f\u00fcr Standorte und Immobilien","inLanguage":"fr-FR","publisher":{"@id":"https:\/\/www.immo-invest.ch\/fr\/#organization"}}]},"og:locale":"fr_FR","og:site_name":"immo!nvest - Die Plattform f\u00fcr Standorte und Immobilien - Die\u00a0Plattform f\u00fcr Standorte und Immobilien","og:type":"article","og:title":"Niederlenz resserre les crit\u00e8res d\u2019attribution des zones \u00e0 b\u00e2tir - immo!nvest - Die Plattform f\u00fcr Standorte und Immobilien","og:description":"Le 25 juin 2026, la commune de Niederlenz a adopt\u00e9 son r\u00e8glement r\u00e9vis\u00e9 en mati\u00e8re de construction et d'affectation des sols. L'essentiel est clair : privil\u00e9gier le d\u00e9veloppement interne, densifier l'occupation des sols dans les zones appropri\u00e9es et imposer des exigences de qualit\u00e9 plus strictes en mati\u00e8re de paysage urbain, d'espaces ouverts et de mobilit\u00e9.","og:url":"https:\/\/www.immo-invest.ch\/fr\/niederlenz-stellt-die-bauzonen-neu-schaerfer-ein\/","og:image":"https:\/\/www.immo-invest.ch\/wp-content\/uploads\/2026\/07\/Niederlenz-stellt-die-Bauzonen-neu-schaerfer-ein-immo-invest.png","og:image:secure_url":"https:\/\/www.immo-invest.ch\/wp-content\/uploads\/2026\/07\/Niederlenz-stellt-die-Bauzonen-neu-schaerfer-ein-immo-invest.png","og:image:width":1536,"og:image:height":768,"article:published_time":"2026-07-02T09:00:00+00:00","article:modified_time":"2026-07-01T07:14:42+00:00","article:publisher":"https:\/\/www.facebook.com\/people\/Immoinvest\/100077962920504\/","twitter:card":"summary_large_image","twitter:site":"@i","twitter:title":"Niederlenz resserre les crit\u00e8res d\u2019attribution des zones \u00e0 b\u00e2tir - immo!nvest - Die Plattform f\u00fcr Standorte und Immobilien","twitter:description":"Le 25 juin 2026, la commune de Niederlenz a adopt\u00e9 son r\u00e8glement r\u00e9vis\u00e9 en mati\u00e8re de construction et d'affectation des sols. L'essentiel est clair : privil\u00e9gier le d\u00e9veloppement interne, densifier l'occupation des sols dans les zones appropri\u00e9es et imposer des exigences de qualit\u00e9 plus strictes en mati\u00e8re de paysage urbain, d'espaces ouverts et de mobilit\u00e9.","twitter:creator":"@i","twitter:image":"https:\/\/www.immo-invest.ch\/wp-content\/uploads\/2026\/07\/Niederlenz-stellt-die-Bauzonen-neu-schaerfer-ein-immo-invest.png"},"aioseo_meta_data":{"post_id":"160267","title":null,"description":null,"keywords":null,"keyphrases":{"focus":{"keyphrase":"","score":0,"analysis":{"keyphraseInTitle":{"score":0,"maxScore":9,"error":1}}},"additional":[]},"primary_term":null,"canonical_url":null,"og_title":null,"og_description":null,"og_object_type":"default","og_image_type":"default","og_image_url":null,"og_image_width":null,"og_image_height":null,"og_image_custom_url":null,"og_image_custom_fields":null,"og_video":"","og_custom_url":null,"og_article_section":null,"og_article_tags":null,"twitter_use_og":false,"twitter_card":"default","twitter_image_type":"default","twitter_image_url":null,"twitter_image_custom_url":null,"twitter_image_custom_fields":null,"twitter_title":null,"twitter_description":null,"schema":{"blockGraphs":[],"customGraphs":[],"default":{"data":{"Article":[],"Course":[],"Dataset":[],"FAQPage":[],"Movie":[],"Person":[],"Product":[],"ProductReview":[],"Car":[],"Recipe":[],"Service":[],"SoftwareApplication":[],"WebPage":[]},"graphName":"BlogPosting","isEnabled":true},"graphs":[]},"schema_type":"default","schema_type_options":null,"pillar_content":false,"robots_default":true,"robots_noindex":false,"robots_noarchive":false,"robots_nosnippet":false,"robots_nofollow":false,"robots_noimageindex":false,"robots_noodp":false,"robots_notranslate":false,"robots_max_snippet":"-1","robots_max_videopreview":"-1","robots_max_imagepreview":"large","priority":null,"frequency":"default","local_seo":null,"breadcrumb_settings":null,"limit_modified_date":false,"ai":{"faqs":[],"keyPoints":[],"schemas":[],"titles":[],"descriptions":[],"socialPosts":{"email":{"subject":"","preview":"","content":""},"linkedin":[],"twitter":[],"facebook":[],"instagram":[]}},"created":"2026-07-01 07:14:42","updated":"2026-07-02 12:44:01","seo_analyzer_scan_date":null,"focus_keyword":null,"additional_keywords":null,"truseo_locale":null},"aioseo_breadcrumb":"<div class=\"aioseo-breadcrumbs\"><span class=\"aioseo-breadcrumb\">\n\t\t\t<a href=\"https:\/\/www.immo-invest.ch\/fr\/\" title=\"Home\">Home<\/a>\n\t\t<\/span><span class=\"aioseo-breadcrumb-separator\">&raquo;<\/span><span class=\"aioseo-breadcrumb\">\n\t\t\t<a href=\"https:\/\/www.immo-invest.ch\/fr\/categories\/trends-fr\/\" title=\"Trends\">Trends<\/a>\n\t\t<\/span><span class=\"aioseo-breadcrumb-separator\">&raquo;<\/span><span class=\"aioseo-breadcrumb\">\n\t\t\t<a href=\"https:\/\/www.immo-invest.ch\/fr\/categories\/trends-fr\/mobilite\/\" title=\"Mobilit\u00e9\">Mobilit\u00e9<\/a>\n\t\t<\/span><span class=\"aioseo-breadcrumb-separator\">&raquo;<\/span><span class=\"aioseo-breadcrumb\">\n\t\t\tNiederlenz resserre les crit\u00e8res d\u2019attribution des zones \u00e0 b\u00e2tir\n\t\t<\/span><\/div>","aioseo_breadcrumb_json":[{"label":"Home","link":"https:\/\/www.immo-invest.ch\/fr\/"},{"label":"Trends","link":"https:\/\/www.immo-invest.ch\/fr\/categories\/trends-fr\/"},{"label":"Mobilit\u00e9","link":"https:\/\/www.immo-invest.ch\/fr\/categories\/trends-fr\/mobilite\/"},{"label":"Niederlenz resserre les crit\u00e8res d&rsquo;attribution des zones \u00e0 b\u00e2tir","link":"https:\/\/www.immo-invest.ch\/fr\/niederlenz-stellt-die-bauzonen-neu-schaerfer-ein\/"}],"featured_image_src":"https:\/\/www.immo-invest.ch\/wp-content\/uploads\/2026\/07\/Niederlenz-stellt-die-Bauzonen-neu-schaerfer-ein-immo-invest-336x168.png","_links":{"self":[{"href":"https:\/\/www.immo-invest.ch\/fr\/wp-json\/wp\/v2\/posts\/160267","targetHints":{"allow":["GET"]}}],"collection":[{"href":"https:\/\/www.immo-invest.ch\/fr\/wp-json\/wp\/v2\/posts"}],"about":[{"href":"https:\/\/www.immo-invest.ch\/fr\/wp-json\/wp\/v2\/types\/post"}],"author":[{"embeddable":true,"href":"https:\/\/www.immo-invest.ch\/fr\/wp-json\/wp\/v2\/users\/2"}],"replies":[{"embeddable":true,"href":"https:\/\/www.immo-invest.ch\/fr\/wp-json\/wp\/v2\/comments?post=160267"}],"version-history":[{"count":2,"href":"https:\/\/www.immo-invest.ch\/fr\/wp-json\/wp\/v2\/posts\/160267\/revisions"}],"predecessor-version":[{"id":160274,"href":"https:\/\/www.immo-invest.ch\/fr\/wp-json\/wp\/v2\/posts\/160267\/revisions\/160274"}],"wp:featuredmedia":[{"embeddable":true,"href":"https:\/\/www.immo-invest.ch\/fr\/wp-json\/wp\/v2\/media\/160268"}],"wp:attachment":[{"href":"https:\/\/www.immo-invest.ch\/fr\/wp-json\/wp\/v2\/media?parent=160267"}],"wp:term":[{"taxonomy":"category","embeddable":true,"href":"https:\/\/www.immo-invest.ch\/fr\/wp-json\/wp\/v2\/categories?post=160267"},{"taxonomy":"post_tag","embeddable":true,"href":"https:\/\/www.immo-invest.ch\/fr\/wp-json\/wp\/v2\/tags?post=160267"}],"curies":[{"name":"wp","href":"https:\/\/api.w.org\/{rel}","templated":true}]}}