{"id":158191,"date":"2026-06-02T10:38:40","date_gmt":"2026-06-02T08:38:40","guid":{"rendered":"https:\/\/www.immo-invest.ch\/im-tessin-zu-leben-erfordert-weitsicht\/"},"modified":"2026-06-02T10:48:30","modified_gmt":"2026-06-02T08:48:30","slug":"im-tessin-zu-leben-erfordert-weitsicht","status":"publish","type":"post","link":"https:\/\/www.immo-invest.ch\/fr\/im-tessin-zu-leben-erfordert-weitsicht\/","title":{"rendered":"Vivre au Tessin demande de la clairvoyance"},"content":{"rendered":"<p class=\"wp-block-paragraph\"><strong>Vous &ecirc;tes pr&eacute;sidente de la CASSI, les Coop&eacute;ratives d&rsquo;habitation suisses, association r&eacute;gionale de la Suisse italienne. De quoi s&rsquo;occupe exactement cette association ?<\/strong><br>En bref, l&rsquo;objectif de l&rsquo;association r&eacute;gionale est de promouvoir la construction de logements d&rsquo;utilit&eacute; publique en Suisse italienne, de soutenir ses membres dans leurs d&eacute;marches, de leur offrir des services et de d&eacute;fendre leurs int&eacute;r&ecirc;ts aupr&egrave;s des milieux politiques et du public. La CASSI encourage &eacute;galement la solidarit&eacute;, la coop&eacute;ration et l&rsquo;&eacute;change d&rsquo;informations entre ses membres. Comme la r&eacute;alit&eacute; des coop&eacute;ratives d&rsquo;habitation est encore peu connue au Tessin, elle effectue en outre un travail d&rsquo;information et organise des manifestations sur des th&egrave;mes li&eacute;s &agrave; la soci&eacute;t&eacute;, au d&eacute;veloppement territorial, au logement et donc aux relations entre les personnes, &agrave; une &eacute;poque o&ugrave; la population vieillit rapidement et o&ugrave; la pr&eacute;voyance semble &ecirc;tre sous pression.<\/p>\n\n\n\n<p class=\"wp-block-paragraph\"><strong>Comment d&eacute;cririez-vous la situation actuelle du logement au Tessin ?<\/strong><br>Je pense qu&rsquo;il r&egrave;gne toujours une certaine confusion en ce qui concerne les donn&eacute;es relatives &agrave; la situation du logement au Tessin. Les chiffres publi&eacute;s sont incomplets. Depuis des ann&eacute;es, on affirme qu&rsquo;il n&rsquo;y a pas ici de probl&egrave;me de logements vacants comme ailleurs en Suisse, mais on ne mentionne presque jamais que le standard des logements vacants peut ne pas correspondre aux besoins des familles en raison d&rsquo;une situation d&eacute;favorable et de co&ucirc;ts trop &eacute;lev&eacute;s par rapport aux revenus. De plus, les aides subjectives sont consid&eacute;r&eacute;es comme des revenus, ce qui fausse les chiffres r&eacute;els concernant le besoin de logements &agrave; des co&ucirc;ts mod&eacute;r&eacute;s. On ne parle pas assez de la grave p&eacute;nurie de logements sociaux, qui repr&eacute;sentent moins d&rsquo;un pour cent du parc total, ni du parc immobilier v&eacute;tuste et des immeubles locatifs non r&eacute;nov&eacute;s, qui offrent aujourd&rsquo;hui des logements abordables, mais qui n&eacute;cessiteront bient&ocirc;t d&rsquo;importants travaux de r&eacute;novation, ce qui entra&icirc;nera une hausse des loyers. On ne parle pas assez de la sous-occupation des logements par les personnes &acirc;g&eacute;es, du manque de solutions pour une population qui vieillit rapidement et du ph&eacute;nom&egrave;ne qui pousse les habitants du Tessin &agrave; partir vivre en Italie voisine tout en continuant &agrave; travailler ici, notamment en raison du co&ucirc;t trop &eacute;lev&eacute; du logement.<\/p>\n\n\n\n<p class=\"wp-block-paragraph\"><strong>Pourquoi les coop&eacute;ratives sont-elles nettement moins r&eacute;pandues au Tessin qu&rsquo;en Suisse al&eacute;manique ?<\/strong> <br>Je n&rsquo;ai certes jamais men&eacute; d&rsquo;&eacute;tude scientifique sur ce sujet, mais je pense qu&rsquo;il existe diff&eacute;rents facteurs qui ont frein&eacute; la croissance des coop&eacute;ratives d&rsquo;habitation au Tessin. La raison ne se limite pas au fait que, comme je l&rsquo;entends souvent, elles &laquo;&nbsp;ne font pas partie de notre culture&nbsp;&raquo;. Il y a encore quelques d&eacute;cennies, de nombreux Tessinois &eacute;taient si pauvres que l&rsquo;utilisation commune d&rsquo;outils et de locaux &eacute;tait tr&egrave;s r&eacute;pandue. Le Tessin n&rsquo;est pas un canton o&ugrave; l&rsquo;industrie s&rsquo;est d&eacute;velopp&eacute;e, et il n&rsquo;y a donc pas eu ici cette crise du logement de la classe ouvri&egrave;re qui a favoris&eacute; ailleurs l&rsquo;&eacute;mergence des coop&eacute;ratives. Hormis les coop&eacute;ratives historiques du personnel de la Conf&eacute;d&eacute;ration, il n&rsquo;y en a presque pas au Tessin. Peut-&ecirc;tre aussi que la prosp&eacute;rit&eacute; cr&eacute;&eacute;e par l&rsquo;industrie bancaire a favoris&eacute; les maisons individuelles diss&eacute;min&eacute;es sur le territoire, avec des co&ucirc;ts d&rsquo;infrastructure &eacute;normes et une augmentation de l&rsquo;individualisme. De plus, les politiques ne se penchent pas sur la question du logement d&rsquo;utilit&eacute; publique et ne l&rsquo;encouragent donc pas, peut-&ecirc;tre parce qu&rsquo;ils n&rsquo;ont pas encore compris les avantages qu&rsquo;il apporte &agrave; l&rsquo;ensemble de la soci&eacute;t&eacute;.<\/p>\n\n\n\n<p class=\"wp-block-paragraph\"><strong>Concr&egrave;tement, qu&rsquo;est-ce qui diff&eacute;rencie un projet coop&eacute;ratif d&rsquo;un projet immobilier classique, notamment en termes de financement et d&rsquo;objectifs &agrave; long terme ?<\/strong><br>Les projets immobiliers classiques sont g&eacute;n&eacute;ralement &agrave; but lucratif, alors que les coop&eacute;ratives, par d&eacute;finition, ne le sont pas. Les coop&eacute;ratives ne doivent pas &ecirc;tre confondues avec les logements sociaux construits par les pouvoirs publics, car elles constituent une troisi&egrave;me forme de logement entre la propri&eacute;t&eacute; et la location. Elles cherchent &agrave; satisfaire les besoins de leurs membres en mati&egrave;re de logement, m&ecirc;me &agrave; long terme, et investissent donc souvent dans la qualit&eacute;. En moyenne, ils proposent des logements &agrave; des co&ucirc;ts inf&eacute;rieurs d&rsquo;environ 20 %, car ils ne r&eacute;alisent pas de b&eacute;n&eacute;fices ; les loyers sont calcul&eacute;s sur la base des co&ucirc;ts r&eacute;els et non de l&rsquo;augmentation de la valeur du terrain. Les coop&eacute;ratives reconnues d&rsquo;utilit&eacute; publique par l&rsquo;OFL peuvent en outre b&eacute;n&eacute;ficier de pr&ecirc;ts avantageux par le biais du fonds de rotation et d&rsquo;un fonds de solidarit&eacute;, ce qui r&eacute;duit les besoins initiaux en fonds propres. M&ecirc;me si cela reste limit&eacute;, les projets de logements d&rsquo;utilit&eacute; publique contribuent ainsi &agrave; apaiser le march&eacute;.<\/p>\n\n\n\n<p class=\"wp-block-paragraph\"><strong>Le canton du Tessin a-t-il sous-estim&eacute; politiquement le th&egrave;me du logement au cours des dix derni&egrave;res ann&eacute;es ?<\/strong> <br>A mon avis, on devrait et pourrait faire beaucoup plus. Il me semble que non seulement il n&rsquo;y a pas de v&eacute;ritable politique du logement, mais qu&rsquo;il n&rsquo;y a pas non plus de v&eacute;ritable &eacute;change d&rsquo;id&eacute;es sur ce sujet. Il me semble &eacute;galement que les instruments pour les promouvoir sont trop peu connus. C&rsquo;est ainsi qu&rsquo;est n&eacute;e l&rsquo;id&eacute;e de cr&eacute;er le groupe de travail &laquo;&nbsp;Politique du logement au Tessin&nbsp;&raquo;, ouvert &agrave; toutes les personnes int&eacute;ress&eacute;es, afin de faire conna&icirc;tre l&rsquo;importance du sujet et les moyens de le traiter. L&rsquo;une des raisons pour lesquelles les politiques ne se sont pas pench&eacute;s sur la question est le manque de pression de la base. La population ne le r&eacute;clame pas suffisamment. Cela s&rsquo;explique notamment par le fait que de nombreuses familles en difficult&eacute; re&ccedil;oivent des aides subjectives, li&eacute;es &agrave; la personne, qui couvrent certes les besoins imm&eacute;diats, mais ne tiennent pas compte des difficult&eacute;s futures. En revanche, il manque une aide objective et concr&egrave;te qui favorise les projets de logement qui restent d&rsquo;utilit&eacute; publique &agrave; long terme et qui ont un impact positif sur la coh&eacute;sion sociale, l&rsquo;entraide et le bien-&ecirc;tre collectif.<\/p>\n\n\n\n<p class=\"wp-block-paragraph\"><strong>Qui est le plus touch&eacute; aujourd&rsquo;hui : les jeunes adultes, les familles, les personnes &acirc;g&eacute;es ou la classe moyenne ?<\/strong> <br>La soci&eacute;t&eacute; en g&eacute;n&eacute;ral. Le logement n&rsquo;est pas seulement une question de toit. Il s&rsquo;agit de relations entre les personnes, d&rsquo;&eacute;changes, d&rsquo;interactions, de sentiment d&rsquo;appartenance, d&rsquo;identit&eacute;, mais aussi de d&eacute;veloppement &eacute;conomique. La soci&eacute;t&eacute; vieillit tr&egrave;s rapidement, n&rsquo;offre pas de conditions de travail suffisantes pour faire face aux nombreuses d&eacute;penses croissantes, dont le logement et la sant&eacute;, et le nombre de familles en difficult&eacute; augmente consid&eacute;rablement. J&rsquo;ai l&rsquo;impression que la classe moyenne conna&icirc;t &eacute;galement des difficult&eacute;s, et il est tr&egrave;s important de la soutenir, car je pense qu&rsquo;elle constitue la base de notre syst&egrave;me d&eacute;mocratique. Si les familles d&eacute;pensaient moins pour le logement, elles pourraient d&eacute;penser plus pour d&rsquo;autres besoins et contribuer ainsi davantage &agrave; l&rsquo;&eacute;conomie et &agrave; une meilleure r&eacute;partition des richesses.<\/p>\n\n\n\n<p class=\"wp-block-paragraph\"><strong>Selon vous, o&ugrave; se situe le probl&egrave;me principal : dans l&rsquo;am&eacute;nagement du territoire, dans les permis de construire, dans les recours ou dans le manque de volont&eacute; politique ?<br><\/strong>Tous ces aspects sont importants. Sans volont&eacute; politique, il n&rsquo;y a pas de planification. L&rsquo;augmentation de la bureaucratie est inqui&eacute;tante. D&rsquo;autre part, le manque de protection du territoire et du patrimoine historique, qui nous donne un sentiment d&rsquo;identit&eacute;, est &eacute;galement tr&egrave;s pr&eacute;occupant. Les processus participatifs font d&eacute;faut, tandis que la d&eacute;sinformation et la m&eacute;connaissance des instruments appropri&eacute;s sont frappantes. Il manque &eacute;galement des donn&eacute;es et leur analyse, qui permettraient de d&eacute;velopper une vision. Je pense que le Tessin n&rsquo;a pas encore de vision, du moins pas de vision commune.<\/p>\n\n\n\n<p class=\"wp-block-paragraph\"><strong>Les investisseurs priv&eacute;s peuvent-ils faire partie de la solution ou aggravent-ils structurellement le probl&egrave;me ?<\/strong> <br>Je pense que les investisseurs priv&eacute;s sont une partie tr&egrave;s importante de la solution au manque de logements abordables au Tessin. Il est important que les conditions-cadres permettent le d&eacute;veloppement de projets PPP qui apportent des solutions aux besoins r&eacute;els de la population actuelle et future. Il convient de rappeler que les coop&eacute;ratives d&eacute;veloppent &eacute;galement des projets sur fonds propres et ne doivent pas &ecirc;tre confondues avec les investisseurs publics. Parmi les investisseurs institutionnels qui ont contribu&eacute; &agrave; l&rsquo;augmentation de la valeur de l&rsquo;immobilier, on trouve &eacute;galement les caisses de pension, qui doivent &agrave; juste titre r&eacute;aliser des b&eacute;n&eacute;fices pour payer les retraites. Mais si ces b&eacute;n&eacute;fices font augmenter les co&ucirc;ts du logement plus que les augmentations des pensions, nous finirons par avoir un probl&egrave;me encore plus grave. Je me pose &eacute;galement la question de savoir comment les pouvoirs publics investissent pour maintenir leur parc immobilier, non seulement en termes de qualit&eacute;, mais aussi de quantit&eacute;. Il me semble qu&rsquo;au Tessin, on n&rsquo;a pas encore compris l&rsquo;importance pour les pouvoirs publics de disposer d&rsquo;immeubles qui pourraient peut-&ecirc;tre &ecirc;tre attribu&eacute;s en droit de superficie.<\/p>\n\n\n\n<p class=\"wp-block-paragraph\"><strong>Nombreux sont ceux qui affirment que la construction de logements abordables est presque impossible sur le plan &eacute;conomique. Est-ce vrai, ou manque-t-il simplement un cadre clair et des incitations ?<\/strong> <br>J&rsquo;aimerais savoir pourquoi on affirme que la construction de logements abordables est presque impossible sur le plan &eacute;conomique. Il est certain que des conditions-cadres appropri&eacute;es et peut-&ecirc;tre aussi des incitations sont importantes, mais le facteur d&eacute;cisif reste la valeur du terrain, qui a un impact trop important sur les co&ucirc;ts des projets et donc sur les loyers. Si nous ne discutons pas &agrave; nouveau de la question de savoir &agrave; qui appartient le sol et si nous ne mettons pas dans la balance les co&ucirc;ts sociaux et environnementaux r&eacute;els du logement, je pense que le d&eacute;bat restera d&eacute;s&eacute;quilibr&eacute;. Il ne s&rsquo;agit pas seulement de logements abordables, mais de solutions de logement adapt&eacute;es, accessibles et de qualit&eacute;, qui apportent du bien-&ecirc;tre aux personnes tout en respectant la nature et le territoire. Il convient de d&eacute;velopper des projets qui consomment moins d&rsquo;espace par habitant et qui ont un impact environnemental moindre, mais qui ont un impact social plus important, notamment gr&acirc;ce &agrave; des espaces et des services partag&eacute;s.<\/p>\n\n\n\n<p class=\"wp-block-paragraph\"><strong>De quels instruments les communes et le canton disposent-ils d&eacute;j&agrave; aujourd&rsquo;hui pour mettre plus rapidement &agrave; disposition des logements abordables, et pourquoi sont-ils trop peu utilis&eacute;s ?<br><\/strong>Il ne s&rsquo;agit pas seulement d&rsquo;instruments, mais aussi de clarifier le r&ocirc;le des pouvoirs publics et l&rsquo;importance d&rsquo;une strat&eacute;gie en mati&egrave;re de logement. L&rsquo;OFL a publi&eacute; une nouvelle &eacute;dition de la brochure &laquo;&nbsp;Le logement abordable. Une bo&icirc;te &agrave; outils modulaire pour les villes et les communes&nbsp;&raquo;, qui constitue un outil tr&egrave;s pr&eacute;cieux pour tous ceux qui souhaitent promouvoir une politique du logement ax&eacute;e sur les besoins r&eacute;els de la population. Les exemples montrent concr&egrave;tement comment proc&eacute;der. Cette bo&icirc;te &agrave; outils est &eacute;galement tr&egrave;s utile pour les communes tessinoises. Avec le groupe de travail &laquo;&nbsp;Politique du logement au Tessin&nbsp;&raquo;, des &eacute;v&eacute;nements seront organis&eacute;s sur place afin de pr&eacute;senter aux politiciens, aux fonctionnaires, aux sp&eacute;cialistes et &agrave; la population les instruments disponibles aujourd&rsquo;hui. Les communes peuvent promouvoir le logement &agrave; loyer mod&eacute;r&eacute; &agrave; l&rsquo;aide de nombreux instruments qui rel&egrave;vent de trois cat&eacute;gories : &laquo;&nbsp;orienter&nbsp;&raquo;, &laquo;&nbsp;financer&nbsp;&raquo; et &laquo;&nbsp;communiquer&nbsp;&raquo;. Le kit pr&eacute;sente 10 modules, dont le droit de pr&eacute;emption, le droit de construction, la cr&eacute;ation de promoteurs, les logements communaux, les pr&ecirc;ts et le conseil.<\/p>\n\n\n\n<p class=\"wp-block-paragraph\"><strong>Le Tessin vieillit rapidement. Le march&eacute; immobilier est-il pr&eacute;par&eacute; &agrave; cette &eacute;volution d&eacute;mographique ?<br><\/strong>A mon avis, absolument pas. Il n&rsquo;y a m&ecirc;me pas de travail d&rsquo;information sur ce sujet. On ne parle pas des alternatives possibles qui pourraient &eacute;veiller la curiosit&eacute; des futures personnes &acirc;g&eacute;es, qui sont tr&egrave;s nombreuses. Aucune alternative de logement &agrave; un co&ucirc;t abordable et avec un moindre isolement social n&rsquo;est &eacute;tudi&eacute;e, ce qui entra&icirc;ne en outre une augmentation des co&ucirc;ts de sant&eacute; due &agrave; la solitude et &agrave; la d&eacute;pression. La question des nombreuses personnes &acirc;g&eacute;es isol&eacute;es qui vivent dans de grands appartements anciens et emp&ecirc;chent ainsi les jeunes familles d&rsquo;y acc&eacute;der n&rsquo;est pas non plus abord&eacute;e. Il n&rsquo;y a pas de prise de conscience du fait qu&rsquo;un lit dans une maison de retraite co&ucirc;te 8 000 francs ou plus par personne et que ce mod&egrave;le, s&rsquo;il s&rsquo;applique &agrave; un grand nombre, n&rsquo;est pas &eacute;conomiquement viable dans une soci&eacute;t&eacute; o&ugrave; plus d&rsquo;un tiers de la population sera compos&eacute; de personnes &acirc;g&eacute;es dans quelques ann&eacute;es. Nous devons r&eacute;fl&eacute;chir &agrave; des solutions alternatives qui soient financi&egrave;rement supportables et qui permettent davantage d&rsquo;&eacute;changes et d&rsquo;entraide entre les g&eacute;n&eacute;rations. Mais pour cela, il faut de la volont&eacute;.<\/p>\n\n\n\n<p class=\"wp-block-paragraph\"><strong>Selon vous, que faudrait-il changer au Tessin pour qu&rsquo;il ne soit plus per&ccedil;u comme un march&eacute; de r&eacute;sidences secondaires et de logements de vacances, mais comme un espace &eacute;conomique &agrave; part enti&egrave;re ?<br><\/strong>Il devrait y avoir une vision commune de ce qu&rsquo;il veut devenir. Sans une telle vision, on ne sait pas o&ugrave; et comment engager ses forces. A mon avis, le Tessin a beaucoup de potentiel, mais il ne doit pas oublier qu&rsquo;il se trouve entre Milan et Zurich. Il ne devrait pas essayer d&rsquo;entrer en concurrence, mais plut&ocirc;t de renforcer les nombreux aspects positifs qu&rsquo;il poss&egrave;de. Il devrait y avoir un large d&eacute;bat sur l&rsquo;avenir du Tessin, mais je ne le per&ccedil;ois malheureusement pas. Les architectes pourraient contribuer &agrave; un large &eacute;change d&rsquo;id&eacute;es entre diff&eacute;rentes disciplines, et pas seulement entre l&rsquo;&eacute;conomie et l&rsquo;immobilier.<\/p>\n\n\n\n<p class=\"wp-block-paragraph\"><strong>Le Tessin a-t-il un probl&egrave;me de logement ou un probl&egrave;me de courage politique ?<br><\/strong>Les deux, mais pas seulement. Je pense qu&rsquo;il y a aussi un probl&egrave;me d&rsquo;identit&eacute; et de conscience. Il faudrait des donn&eacute;es transparentes sur lesquelles fonder un d&eacute;bat qui soit marqu&eacute; par des discussions constructives qui ne se limitent pas &agrave; des interviews. Merci beaucoup pour cette opportunit&eacute;.<\/p>\n","protected":false},"excerpt":{"rendered":"<p>Le probl\u00e8me du logement au Tessin ne concerne pas seulement les loyers ou le nombre de logements vacants. Il s&rsquo;agit de la qualit\u00e9, de l&rsquo;accessibilit\u00e9, de la coh\u00e9sion sociale, du d\u00e9veloppement territorial et de l&rsquo;avenir d\u00e9mographique. Monique Bosco-von Allmen invite \u00e0 consid\u00e9rer le th\u00e8me du logement dans un contexte plus large et plus politique.<\/p>\n","protected":false},"author":2,"featured_media":158192,"comment_status":"open","ping_status":"open","sticky":false,"template":"","format":"standard","meta":{"pmpro_default_level":"","inline_featured_image":false,"_monsterinsights_skip_tracking":false,"footnotes":""},"categories":[55982,55988,56027,56003,9456],"tags":[52421,57048,872,3931,2002,11765,4969,59250,59078],"class_list":["post-158191","post","type-post","status-publish","format-standard","has-post-thumbnail","hentry","category-associations","category-interviews","category-planification-developpement","category-residentiel","category-region-tessin","tag-bezahlbarer-wohnraum-fr","tag-demografie","tag-immoinvest-fr","tag-immonews-fr","tag-news-fr","tag-raumentwicklung-fr","tag-tessin-fr","tag-wohnungsbaugenossenschaften","tag-wohnungspolitik","pmpro-has-access"],"acf":{"bild_mit_ki_erstellt_worden":"","lead":"Le probl\u00e8me du logement au Tessin ne concerne pas seulement les loyers ou le nombre de logements vacants. Il s'agit de la qualit\u00e9, de l'accessibilit\u00e9, de la coh\u00e9sion sociale, du d\u00e9veloppement territorial et de l'avenir d\u00e9mographique. Monique Bosco-von Allmen invite \u00e0 consid\u00e9rer le th\u00e8me du logement dans un contexte plus large et plus politique.","autor":"R\u00e9daction : immoMedia \u2022 Photo : fournie par l'auteur","ort":"","bildunterschrift":"","bild_im_grid":false,"gallerie":"","newsim":"2604"},"aioseo_notices":[],"aioseo_head":"\n\t\t<!-- All in One SEO 5.0.0.1 - aioseo.com -->\n\t<meta name=\"description\" content=\"Le probl\u00e8me du logement au Tessin ne concerne pas seulement les loyers ou le nombre de logements vacants. Il s&#039;agit de la qualit\u00e9, de l&#039;accessibilit\u00e9, de la coh\u00e9sion sociale, du d\u00e9veloppement territorial et de l&#039;avenir d\u00e9mographique. Monique Bosco-von Allmen invite \u00e0 consid\u00e9rer le th\u00e8me du logement dans un contexte plus large et plus politique.\" \/>\n\t<meta name=\"robots\" content=\"max-image-preview:large\" \/>\n\t<meta name=\"author\" content=\"immovestuser\"\/>\n\t<meta name=\"google-site-verification\" content=\"fHJKvgWpZCR2zVBHWfkQeFXC11qieUSff0HGNYfuyLA\" \/>\n\t<link rel=\"canonical\" href=\"https:\/\/www.immo-invest.ch\/fr\/im-tessin-zu-leben-erfordert-weitsicht\/\" \/>\n\t<meta name=\"generator\" content=\"All in One SEO (AIOSEO) 5.0.0.1\" \/>\n\t\t<meta property=\"og:locale\" content=\"fr_FR\" \/>\n\t\t<meta property=\"og:site_name\" content=\"immo!nvest - Die Plattform f\u00fcr Standorte und Immobilien - Die\u00a0Plattform f\u00fcr Standorte und Immobilien\" \/>\n\t\t<meta property=\"og:type\" content=\"article\" \/>\n\t\t<meta property=\"og:title\" content=\"Vivre au Tessin demande de la clairvoyance - immo!nvest - Die Plattform f\u00fcr Standorte und Immobilien\" \/>\n\t\t<meta property=\"og:description\" content=\"Le probl\u00e8me du logement au Tessin ne concerne pas seulement les loyers ou le nombre de logements vacants. Il s&#039;agit de la qualit\u00e9, de l&#039;accessibilit\u00e9, de la coh\u00e9sion sociale, du d\u00e9veloppement territorial et de l&#039;avenir d\u00e9mographique. Monique Bosco-von Allmen invite \u00e0 consid\u00e9rer le th\u00e8me du logement dans un contexte plus large et plus politique.\" \/>\n\t\t<meta property=\"og:url\" content=\"https:\/\/www.immo-invest.ch\/fr\/im-tessin-zu-leben-erfordert-weitsicht\/\" \/>\n\t\t<meta property=\"og:image\" content=\"https:\/\/www.immo-invest.ch\/wp-content\/uploads\/2026\/06\/Bosco-von-Allmen.jpg\" \/>\n\t\t<meta property=\"og:image:secure_url\" content=\"https:\/\/www.immo-invest.ch\/wp-content\/uploads\/2026\/06\/Bosco-von-Allmen.jpg\" \/>\n\t\t<meta property=\"og:image:width\" content=\"1500\" \/>\n\t\t<meta property=\"og:image:height\" content=\"844\" \/>\n\t\t<meta property=\"article:published_time\" content=\"2026-06-02T08:38:40+00:00\" \/>\n\t\t<meta property=\"article:modified_time\" content=\"2026-06-02T08:48:30+00:00\" \/>\n\t\t<meta property=\"article:publisher\" content=\"https:\/\/www.facebook.com\/people\/Immoinvest\/100077962920504\/\" \/>\n\t\t<meta name=\"twitter:card\" content=\"summary_large_image\" \/>\n\t\t<meta name=\"twitter:site\" content=\"@i\" \/>\n\t\t<meta name=\"twitter:title\" content=\"Vivre au Tessin demande de la clairvoyance - immo!nvest - Die Plattform f\u00fcr Standorte und Immobilien\" \/>\n\t\t<meta name=\"twitter:description\" content=\"Le probl\u00e8me du logement au Tessin ne concerne pas seulement les loyers ou le nombre de logements vacants. Il s&#039;agit de la qualit\u00e9, de l&#039;accessibilit\u00e9, de la coh\u00e9sion sociale, du d\u00e9veloppement territorial et de l&#039;avenir d\u00e9mographique. Monique Bosco-von Allmen invite \u00e0 consid\u00e9rer le th\u00e8me du logement dans un contexte plus large et plus politique.\" \/>\n\t\t<meta name=\"twitter:creator\" content=\"@i\" \/>\n\t\t<meta name=\"twitter:image\" content=\"https:\/\/www.immo-invest.ch\/wp-content\/uploads\/2026\/06\/Bosco-von-Allmen.jpg\" \/>\n\t\t<script type=\"application\/ld+json\" class=\"aioseo-schema\">\n\t\t\t{\"@context\":\"https:\\\/\\\/schema.org\",\"@graph\":[{\"@type\":\"BlogPosting\",\"@id\":\"https:\\\/\\\/www.immo-invest.ch\\\/fr\\\/im-tessin-zu-leben-erfordert-weitsicht\\\/#blogposting\",\"name\":\"Vivre au Tessin demande de la clairvoyance - immo!nvest - Die Plattform f\\u00fcr Standorte und Immobilien\",\"headline\":\"Vivre au Tessin demande de la clairvoyance\",\"author\":{\"@id\":\"https:\\\/\\\/www.immo-invest.ch\\\/fr\\\/author\\\/immovestuser\\\/#author\"},\"publisher\":{\"@id\":\"https:\\\/\\\/www.immo-invest.ch\\\/fr\\\/#organization\"},\"image\":{\"@type\":\"ImageObject\",\"url\":\"https:\\\/\\\/www.immo-invest.ch\\\/wp-content\\\/uploads\\\/2026\\\/06\\\/Bosco-von-Allmen.jpg\",\"width\":1500,\"height\":844},\"datePublished\":\"2026-06-02T10:38:40+02:00\",\"dateModified\":\"2026-06-02T10:48:30+02:00\",\"inLanguage\":\"fr-FR\",\"mainEntityOfPage\":{\"@id\":\"https:\\\/\\\/www.immo-invest.ch\\\/fr\\\/im-tessin-zu-leben-erfordert-weitsicht\\\/#webpage\"},\"isPartOf\":{\"@id\":\"https:\\\/\\\/www.immo-invest.ch\\\/fr\\\/im-tessin-zu-leben-erfordert-weitsicht\\\/#webpage\"},\"articleSection\":\"Associations, Interviews, Planification \\\/ D\\u00e9veloppement, R\\u00e9sidentiel, Ticino, bezahlbarer Wohnraum, Demografie, Immoinvest, immoNews, News, raumentwicklung, Tessin, Wohnungsbaugenossenschaften, Wohnungspolitik, Facultatif\"},{\"@type\":\"BreadcrumbList\",\"@id\":\"https:\\\/\\\/www.immo-invest.ch\\\/fr\\\/im-tessin-zu-leben-erfordert-weitsicht\\\/#breadcrumblist\",\"itemListElement\":[{\"@type\":\"ListItem\",\"@id\":\"https:\\\/\\\/www.immo-invest.ch\\\/fr\\\/#listItem\",\"position\":1,\"name\":\"Home\",\"item\":\"https:\\\/\\\/www.immo-invest.ch\\\/fr\\\/\",\"nextItem\":{\"@type\":\"ListItem\",\"@id\":\"https:\\\/\\\/www.immo-invest.ch\\\/fr\\\/categories\\\/regions\\\/#listItem\",\"name\":\"R\\u00e9gions\"}},{\"@type\":\"ListItem\",\"@id\":\"https:\\\/\\\/www.immo-invest.ch\\\/fr\\\/categories\\\/regions\\\/#listItem\",\"position\":2,\"name\":\"R\\u00e9gions\",\"item\":\"https:\\\/\\\/www.immo-invest.ch\\\/fr\\\/categories\\\/regions\\\/\",\"nextItem\":{\"@type\":\"ListItem\",\"@id\":\"https:\\\/\\\/www.immo-invest.ch\\\/fr\\\/categories\\\/regions\\\/suisse\\\/#listItem\",\"name\":\"Suisse\"},\"previousItem\":{\"@type\":\"ListItem\",\"@id\":\"https:\\\/\\\/www.immo-invest.ch\\\/fr\\\/#listItem\",\"name\":\"Home\"}},{\"@type\":\"ListItem\",\"@id\":\"https:\\\/\\\/www.immo-invest.ch\\\/fr\\\/categories\\\/regions\\\/suisse\\\/#listItem\",\"position\":3,\"name\":\"Suisse\",\"item\":\"https:\\\/\\\/www.immo-invest.ch\\\/fr\\\/categories\\\/regions\\\/suisse\\\/\",\"nextItem\":{\"@type\":\"ListItem\",\"@id\":\"https:\\\/\\\/www.immo-invest.ch\\\/fr\\\/categories\\\/regions\\\/suisse\\\/region-tessin\\\/#listItem\",\"name\":\"Ticino\"},\"previousItem\":{\"@type\":\"ListItem\",\"@id\":\"https:\\\/\\\/www.immo-invest.ch\\\/fr\\\/categories\\\/regions\\\/#listItem\",\"name\":\"R\\u00e9gions\"}},{\"@type\":\"ListItem\",\"@id\":\"https:\\\/\\\/www.immo-invest.ch\\\/fr\\\/categories\\\/regions\\\/suisse\\\/region-tessin\\\/#listItem\",\"position\":4,\"name\":\"Ticino\",\"item\":\"https:\\\/\\\/www.immo-invest.ch\\\/fr\\\/categories\\\/regions\\\/suisse\\\/region-tessin\\\/\",\"nextItem\":{\"@type\":\"ListItem\",\"@id\":\"https:\\\/\\\/www.immo-invest.ch\\\/fr\\\/im-tessin-zu-leben-erfordert-weitsicht\\\/#listItem\",\"name\":\"Vivre au Tessin demande de la clairvoyance\"},\"previousItem\":{\"@type\":\"ListItem\",\"@id\":\"https:\\\/\\\/www.immo-invest.ch\\\/fr\\\/categories\\\/regions\\\/suisse\\\/#listItem\",\"name\":\"Suisse\"}},{\"@type\":\"ListItem\",\"@id\":\"https:\\\/\\\/www.immo-invest.ch\\\/fr\\\/im-tessin-zu-leben-erfordert-weitsicht\\\/#listItem\",\"position\":5,\"name\":\"Vivre au Tessin demande de la clairvoyance\",\"previousItem\":{\"@type\":\"ListItem\",\"@id\":\"https:\\\/\\\/www.immo-invest.ch\\\/fr\\\/categories\\\/regions\\\/suisse\\\/region-tessin\\\/#listItem\",\"name\":\"Ticino\"}}]},{\"@type\":\"Organization\",\"@id\":\"https:\\\/\\\/www.immo-invest.ch\\\/fr\\\/#organization\",\"name\":\"immo!nvest - Die Plattform f\\u00fcr Standorte und Immobilien\",\"description\":\"Die\\u00a0Plattform f\\u00fcr Standorte und Immobilien\",\"url\":\"https:\\\/\\\/www.immo-invest.ch\\\/fr\\\/\",\"email\":\"admin@immomedia.ag\",\"telephone\":\"+41444420002\",\"logo\":{\"@type\":\"ImageObject\",\"url\":\"https:\\\/\\\/www.immo-invest.ch\\\/wp-content\\\/uploads\\\/2024\\\/09\\\/immoinvest_sm-scaled.jpg\",\"@id\":\"https:\\\/\\\/www.immo-invest.ch\\\/fr\\\/im-tessin-zu-leben-erfordert-weitsicht\\\/#organizationLogo\",\"width\":2560,\"height\":1340},\"image\":{\"@id\":\"https:\\\/\\\/www.immo-invest.ch\\\/fr\\\/im-tessin-zu-leben-erfordert-weitsicht\\\/#organizationLogo\"},\"sameAs\":[\"https:\\\/\\\/www.facebook.com\\\/people\\\/Immoinvest\\\/100077962920504\\\/\",\"https:\\\/\\\/x.com\\\/i\\\/flow\\\/login?redirect_after_login=immoinvest_ch\",\"https:\\\/\\\/www.instagram.com\\\/immoinvest_ch\\\/\",\"https:\\\/\\\/www.linkedin.com\\\/company\\\/immoinvest-swiss\"]},{\"@type\":\"Person\",\"@id\":\"https:\\\/\\\/www.immo-invest.ch\\\/fr\\\/author\\\/immovestuser\\\/#author\",\"url\":\"https:\\\/\\\/www.immo-invest.ch\\\/fr\\\/author\\\/immovestuser\\\/\",\"name\":\"immovestuser\",\"image\":{\"@type\":\"ImageObject\",\"@id\":\"https:\\\/\\\/www.immo-invest.ch\\\/fr\\\/im-tessin-zu-leben-erfordert-weitsicht\\\/#authorImage\",\"url\":\"https:\\\/\\\/secure.gravatar.com\\\/avatar\\\/8e01f4d99f2eeea7a362ebb93305e1172a70e9293ba250f897a65c39f54cdd1e?s=96&d=mm&r=g\",\"width\":96,\"height\":96,\"caption\":\"immovestuser\"}},{\"@type\":\"WebPage\",\"@id\":\"https:\\\/\\\/www.immo-invest.ch\\\/fr\\\/im-tessin-zu-leben-erfordert-weitsicht\\\/#webpage\",\"url\":\"https:\\\/\\\/www.immo-invest.ch\\\/fr\\\/im-tessin-zu-leben-erfordert-weitsicht\\\/\",\"name\":\"Vivre au Tessin demande de la clairvoyance - immo!nvest - Die Plattform f\\u00fcr Standorte und Immobilien\",\"description\":\"Le probl\\u00e8me du logement au Tessin ne concerne pas seulement les loyers ou le nombre de logements vacants. Il s'agit de la qualit\\u00e9, de l'accessibilit\\u00e9, de la coh\\u00e9sion sociale, du d\\u00e9veloppement territorial et de l'avenir d\\u00e9mographique. Monique Bosco-von Allmen invite \\u00e0 consid\\u00e9rer le th\\u00e8me du logement dans un contexte plus large et plus politique.\",\"inLanguage\":\"fr-FR\",\"isPartOf\":{\"@id\":\"https:\\\/\\\/www.immo-invest.ch\\\/fr\\\/#website\"},\"breadcrumb\":{\"@id\":\"https:\\\/\\\/www.immo-invest.ch\\\/fr\\\/im-tessin-zu-leben-erfordert-weitsicht\\\/#breadcrumblist\"},\"author\":{\"@id\":\"https:\\\/\\\/www.immo-invest.ch\\\/fr\\\/author\\\/immovestuser\\\/#author\"},\"creator\":{\"@id\":\"https:\\\/\\\/www.immo-invest.ch\\\/fr\\\/author\\\/immovestuser\\\/#author\"},\"image\":{\"@type\":\"ImageObject\",\"url\":\"https:\\\/\\\/www.immo-invest.ch\\\/wp-content\\\/uploads\\\/2026\\\/06\\\/Bosco-von-Allmen.jpg\",\"@id\":\"https:\\\/\\\/www.immo-invest.ch\\\/fr\\\/im-tessin-zu-leben-erfordert-weitsicht\\\/#mainImage\",\"width\":1500,\"height\":844},\"primaryImageOfPage\":{\"@id\":\"https:\\\/\\\/www.immo-invest.ch\\\/fr\\\/im-tessin-zu-leben-erfordert-weitsicht\\\/#mainImage\"},\"datePublished\":\"2026-06-02T10:38:40+02:00\",\"dateModified\":\"2026-06-02T10:48:30+02:00\"},{\"@type\":\"WebSite\",\"@id\":\"https:\\\/\\\/www.immo-invest.ch\\\/fr\\\/#website\",\"url\":\"https:\\\/\\\/www.immo-invest.ch\\\/fr\\\/\",\"name\":\"immo!nvest - Die Plattform f\\u00fcr Standorte und Immobilien\",\"description\":\"Die\\u00a0Plattform f\\u00fcr Standorte und Immobilien\",\"inLanguage\":\"fr-FR\",\"publisher\":{\"@id\":\"https:\\\/\\\/www.immo-invest.ch\\\/fr\\\/#organization\"}}]}\n\t\t<\/script>\n\t\t<!-- All in One SEO -->\n\n","aioseo_head_json":{"title":"Vivre au Tessin demande de la clairvoyance - immo!nvest - Die Plattform f\u00fcr Standorte und Immobilien","description":"Le probl\u00e8me du logement au Tessin ne concerne pas seulement les loyers ou le nombre de logements vacants. Il s'agit de la qualit\u00e9, de l'accessibilit\u00e9, de la coh\u00e9sion sociale, du d\u00e9veloppement territorial et de l'avenir d\u00e9mographique. Monique Bosco-von Allmen invite \u00e0 consid\u00e9rer le th\u00e8me du logement dans un contexte plus large et plus politique.","canonical_url":"https:\/\/www.immo-invest.ch\/fr\/im-tessin-zu-leben-erfordert-weitsicht\/","robots":"max-image-preview:large","keywords":"","webmasterTools":{"google-site-verification":"fHJKvgWpZCR2zVBHWfkQeFXC11qieUSff0HGNYfuyLA","miscellaneous":""},"schema":{"@context":"https:\/\/schema.org","@graph":[{"@type":"BlogPosting","@id":"https:\/\/www.immo-invest.ch\/fr\/im-tessin-zu-leben-erfordert-weitsicht\/#blogposting","name":"Vivre au Tessin demande de la clairvoyance - immo!nvest - Die Plattform f\u00fcr Standorte und Immobilien","headline":"Vivre au Tessin demande de la clairvoyance","author":{"@id":"https:\/\/www.immo-invest.ch\/fr\/author\/immovestuser\/#author"},"publisher":{"@id":"https:\/\/www.immo-invest.ch\/fr\/#organization"},"image":{"@type":"ImageObject","url":"https:\/\/www.immo-invest.ch\/wp-content\/uploads\/2026\/06\/Bosco-von-Allmen.jpg","width":1500,"height":844},"datePublished":"2026-06-02T10:38:40+02:00","dateModified":"2026-06-02T10:48:30+02:00","inLanguage":"fr-FR","mainEntityOfPage":{"@id":"https:\/\/www.immo-invest.ch\/fr\/im-tessin-zu-leben-erfordert-weitsicht\/#webpage"},"isPartOf":{"@id":"https:\/\/www.immo-invest.ch\/fr\/im-tessin-zu-leben-erfordert-weitsicht\/#webpage"},"articleSection":"Associations, Interviews, Planification \/ D\u00e9veloppement, R\u00e9sidentiel, Ticino, bezahlbarer Wohnraum, Demografie, Immoinvest, immoNews, News, raumentwicklung, Tessin, Wohnungsbaugenossenschaften, Wohnungspolitik, Facultatif"},{"@type":"BreadcrumbList","@id":"https:\/\/www.immo-invest.ch\/fr\/im-tessin-zu-leben-erfordert-weitsicht\/#breadcrumblist","itemListElement":[{"@type":"ListItem","@id":"https:\/\/www.immo-invest.ch\/fr\/#listItem","position":1,"name":"Home","item":"https:\/\/www.immo-invest.ch\/fr\/","nextItem":{"@type":"ListItem","@id":"https:\/\/www.immo-invest.ch\/fr\/categories\/regions\/#listItem","name":"R\u00e9gions"}},{"@type":"ListItem","@id":"https:\/\/www.immo-invest.ch\/fr\/categories\/regions\/#listItem","position":2,"name":"R\u00e9gions","item":"https:\/\/www.immo-invest.ch\/fr\/categories\/regions\/","nextItem":{"@type":"ListItem","@id":"https:\/\/www.immo-invest.ch\/fr\/categories\/regions\/suisse\/#listItem","name":"Suisse"},"previousItem":{"@type":"ListItem","@id":"https:\/\/www.immo-invest.ch\/fr\/#listItem","name":"Home"}},{"@type":"ListItem","@id":"https:\/\/www.immo-invest.ch\/fr\/categories\/regions\/suisse\/#listItem","position":3,"name":"Suisse","item":"https:\/\/www.immo-invest.ch\/fr\/categories\/regions\/suisse\/","nextItem":{"@type":"ListItem","@id":"https:\/\/www.immo-invest.ch\/fr\/categories\/regions\/suisse\/region-tessin\/#listItem","name":"Ticino"},"previousItem":{"@type":"ListItem","@id":"https:\/\/www.immo-invest.ch\/fr\/categories\/regions\/#listItem","name":"R\u00e9gions"}},{"@type":"ListItem","@id":"https:\/\/www.immo-invest.ch\/fr\/categories\/regions\/suisse\/region-tessin\/#listItem","position":4,"name":"Ticino","item":"https:\/\/www.immo-invest.ch\/fr\/categories\/regions\/suisse\/region-tessin\/","nextItem":{"@type":"ListItem","@id":"https:\/\/www.immo-invest.ch\/fr\/im-tessin-zu-leben-erfordert-weitsicht\/#listItem","name":"Vivre au Tessin demande de la clairvoyance"},"previousItem":{"@type":"ListItem","@id":"https:\/\/www.immo-invest.ch\/fr\/categories\/regions\/suisse\/#listItem","name":"Suisse"}},{"@type":"ListItem","@id":"https:\/\/www.immo-invest.ch\/fr\/im-tessin-zu-leben-erfordert-weitsicht\/#listItem","position":5,"name":"Vivre au Tessin demande de la clairvoyance","previousItem":{"@type":"ListItem","@id":"https:\/\/www.immo-invest.ch\/fr\/categories\/regions\/suisse\/region-tessin\/#listItem","name":"Ticino"}}]},{"@type":"Organization","@id":"https:\/\/www.immo-invest.ch\/fr\/#organization","name":"immo!nvest - Die Plattform f\u00fcr Standorte und Immobilien","description":"Die\u00a0Plattform f\u00fcr Standorte und Immobilien","url":"https:\/\/www.immo-invest.ch\/fr\/","email":"admin@immomedia.ag","telephone":"+41444420002","logo":{"@type":"ImageObject","url":"https:\/\/www.immo-invest.ch\/wp-content\/uploads\/2024\/09\/immoinvest_sm-scaled.jpg","@id":"https:\/\/www.immo-invest.ch\/fr\/im-tessin-zu-leben-erfordert-weitsicht\/#organizationLogo","width":2560,"height":1340},"image":{"@id":"https:\/\/www.immo-invest.ch\/fr\/im-tessin-zu-leben-erfordert-weitsicht\/#organizationLogo"},"sameAs":["https:\/\/www.facebook.com\/people\/Immoinvest\/100077962920504\/","https:\/\/x.com\/i\/flow\/login?redirect_after_login=immoinvest_ch","https:\/\/www.instagram.com\/immoinvest_ch\/","https:\/\/www.linkedin.com\/company\/immoinvest-swiss"]},{"@type":"Person","@id":"https:\/\/www.immo-invest.ch\/fr\/author\/immovestuser\/#author","url":"https:\/\/www.immo-invest.ch\/fr\/author\/immovestuser\/","name":"immovestuser","image":{"@type":"ImageObject","@id":"https:\/\/www.immo-invest.ch\/fr\/im-tessin-zu-leben-erfordert-weitsicht\/#authorImage","url":"https:\/\/secure.gravatar.com\/avatar\/8e01f4d99f2eeea7a362ebb93305e1172a70e9293ba250f897a65c39f54cdd1e?s=96&d=mm&r=g","width":96,"height":96,"caption":"immovestuser"}},{"@type":"WebPage","@id":"https:\/\/www.immo-invest.ch\/fr\/im-tessin-zu-leben-erfordert-weitsicht\/#webpage","url":"https:\/\/www.immo-invest.ch\/fr\/im-tessin-zu-leben-erfordert-weitsicht\/","name":"Vivre au Tessin demande de la clairvoyance - immo!nvest - Die Plattform f\u00fcr Standorte und Immobilien","description":"Le probl\u00e8me du logement au Tessin ne concerne pas seulement les loyers ou le nombre de logements vacants. Il s'agit de la qualit\u00e9, de l'accessibilit\u00e9, de la coh\u00e9sion sociale, du d\u00e9veloppement territorial et de l'avenir d\u00e9mographique. Monique Bosco-von Allmen invite \u00e0 consid\u00e9rer le th\u00e8me du logement dans un contexte plus large et plus politique.","inLanguage":"fr-FR","isPartOf":{"@id":"https:\/\/www.immo-invest.ch\/fr\/#website"},"breadcrumb":{"@id":"https:\/\/www.immo-invest.ch\/fr\/im-tessin-zu-leben-erfordert-weitsicht\/#breadcrumblist"},"author":{"@id":"https:\/\/www.immo-invest.ch\/fr\/author\/immovestuser\/#author"},"creator":{"@id":"https:\/\/www.immo-invest.ch\/fr\/author\/immovestuser\/#author"},"image":{"@type":"ImageObject","url":"https:\/\/www.immo-invest.ch\/wp-content\/uploads\/2026\/06\/Bosco-von-Allmen.jpg","@id":"https:\/\/www.immo-invest.ch\/fr\/im-tessin-zu-leben-erfordert-weitsicht\/#mainImage","width":1500,"height":844},"primaryImageOfPage":{"@id":"https:\/\/www.immo-invest.ch\/fr\/im-tessin-zu-leben-erfordert-weitsicht\/#mainImage"},"datePublished":"2026-06-02T10:38:40+02:00","dateModified":"2026-06-02T10:48:30+02:00"},{"@type":"WebSite","@id":"https:\/\/www.immo-invest.ch\/fr\/#website","url":"https:\/\/www.immo-invest.ch\/fr\/","name":"immo!nvest - Die Plattform f\u00fcr Standorte und Immobilien","description":"Die\u00a0Plattform f\u00fcr Standorte und Immobilien","inLanguage":"fr-FR","publisher":{"@id":"https:\/\/www.immo-invest.ch\/fr\/#organization"}}]},"og:locale":"fr_FR","og:site_name":"immo!nvest - Die Plattform f\u00fcr Standorte und Immobilien - Die\u00a0Plattform f\u00fcr Standorte und Immobilien","og:type":"article","og:title":"Vivre au Tessin demande de la clairvoyance - immo!nvest - Die Plattform f\u00fcr Standorte und Immobilien","og:description":"Le probl\u00e8me du logement au Tessin ne concerne pas seulement les loyers ou le nombre de logements vacants. Il s'agit de la qualit\u00e9, de l'accessibilit\u00e9, de la coh\u00e9sion sociale, du d\u00e9veloppement territorial et de l'avenir d\u00e9mographique. Monique Bosco-von Allmen invite \u00e0 consid\u00e9rer le th\u00e8me du logement dans un contexte plus large et plus politique.","og:url":"https:\/\/www.immo-invest.ch\/fr\/im-tessin-zu-leben-erfordert-weitsicht\/","og:image":"https:\/\/www.immo-invest.ch\/wp-content\/uploads\/2026\/06\/Bosco-von-Allmen.jpg","og:image:secure_url":"https:\/\/www.immo-invest.ch\/wp-content\/uploads\/2026\/06\/Bosco-von-Allmen.jpg","og:image:width":1500,"og:image:height":844,"article:published_time":"2026-06-02T08:38:40+00:00","article:modified_time":"2026-06-02T08:48:30+00:00","article:publisher":"https:\/\/www.facebook.com\/people\/Immoinvest\/100077962920504\/","twitter:card":"summary_large_image","twitter:site":"@i","twitter:title":"Vivre au Tessin demande de la clairvoyance - immo!nvest - Die Plattform f\u00fcr Standorte und Immobilien","twitter:description":"Le probl\u00e8me du logement au Tessin ne concerne pas seulement les loyers ou le nombre de logements vacants. Il s'agit de la qualit\u00e9, de l'accessibilit\u00e9, de la coh\u00e9sion sociale, du d\u00e9veloppement territorial et de l'avenir d\u00e9mographique. Monique Bosco-von Allmen invite \u00e0 consid\u00e9rer le th\u00e8me du logement dans un contexte plus large et plus politique.","twitter:creator":"@i","twitter:image":"https:\/\/www.immo-invest.ch\/wp-content\/uploads\/2026\/06\/Bosco-von-Allmen.jpg"},"aioseo_meta_data":{"post_id":"158191","title":null,"description":null,"keywords":null,"keyphrases":{"focus":{"keyphrase":"","score":0,"analysis":{"keyphraseInTitle":{"score":0,"maxScore":9,"error":1}}},"additional":[]},"primary_term":null,"canonical_url":null,"og_title":null,"og_description":null,"og_object_type":"default","og_image_type":"default","og_image_url":null,"og_image_width":null,"og_image_height":null,"og_image_custom_url":null,"og_image_custom_fields":null,"og_video":"","og_custom_url":null,"og_article_section":null,"og_article_tags":null,"twitter_use_og":false,"twitter_card":"default","twitter_image_type":"default","twitter_image_url":null,"twitter_image_custom_url":null,"twitter_image_custom_fields":null,"twitter_title":null,"twitter_description":null,"schema":{"blockGraphs":[],"customGraphs":[],"default":{"data":{"Article":[],"Course":[],"Dataset":[],"FAQPage":[],"Movie":[],"Person":[],"Product":[],"ProductReview":[],"Car":[],"Recipe":[],"Service":[],"SoftwareApplication":[],"WebPage":[]},"graphName":"BlogPosting","isEnabled":true},"graphs":[]},"schema_type":"default","schema_type_options":null,"pillar_content":false,"robots_default":true,"robots_noindex":false,"robots_noarchive":false,"robots_nosnippet":false,"robots_nofollow":false,"robots_noimageindex":false,"robots_noodp":false,"robots_notranslate":false,"robots_max_snippet":"-1","robots_max_videopreview":"-1","robots_max_imagepreview":"large","priority":null,"frequency":"default","local_seo":null,"breadcrumb_settings":null,"limit_modified_date":false,"ai":{"faqs":[],"keyPoints":[],"schemas":[],"titles":[],"descriptions":[],"socialPosts":{"email":[],"linkedin":[],"twitter":[],"facebook":[],"instagram":[]}},"created":"2026-06-02 08:48:30","updated":"2026-06-02 09:14:33","seo_analyzer_scan_date":null,"focus_keyword":null,"additional_keywords":null,"truseo_locale":null},"aioseo_breadcrumb":"<div class=\"aioseo-breadcrumbs\"><span class=\"aioseo-breadcrumb\">\n\t\t\t<a href=\"https:\/\/www.immo-invest.ch\/fr\/\" title=\"Home\">Home<\/a>\n\t\t<\/span><span class=\"aioseo-breadcrumb-separator\">&raquo;<\/span><span class=\"aioseo-breadcrumb\">\n\t\t\t<a href=\"https:\/\/www.immo-invest.ch\/fr\/categories\/regions\/\" title=\"R\u00e9gions\">R\u00e9gions<\/a>\n\t\t<\/span><span class=\"aioseo-breadcrumb-separator\">&raquo;<\/span><span class=\"aioseo-breadcrumb\">\n\t\t\t<a href=\"https:\/\/www.immo-invest.ch\/fr\/categories\/regions\/suisse\/\" title=\"Suisse\">Suisse<\/a>\n\t\t<\/span><span class=\"aioseo-breadcrumb-separator\">&raquo;<\/span><span class=\"aioseo-breadcrumb\">\n\t\t\t<a href=\"https:\/\/www.immo-invest.ch\/fr\/categories\/regions\/suisse\/region-tessin\/\" title=\"Ticino\">Ticino<\/a>\n\t\t<\/span><span class=\"aioseo-breadcrumb-separator\">&raquo;<\/span><span class=\"aioseo-breadcrumb\">\n\t\t\tVivre au Tessin demande de la clairvoyance\n\t\t<\/span><\/div>","aioseo_breadcrumb_json":[{"label":"Home","link":"https:\/\/www.immo-invest.ch\/fr\/"},{"label":"R\u00e9gions","link":"https:\/\/www.immo-invest.ch\/fr\/categories\/regions\/"},{"label":"Suisse","link":"https:\/\/www.immo-invest.ch\/fr\/categories\/regions\/suisse\/"},{"label":"Ticino","link":"https:\/\/www.immo-invest.ch\/fr\/categories\/regions\/suisse\/region-tessin\/"},{"label":"Vivre au Tessin demande de la clairvoyance","link":"https:\/\/www.immo-invest.ch\/fr\/im-tessin-zu-leben-erfordert-weitsicht\/"}],"featured_image_src":"https:\/\/www.immo-invest.ch\/wp-content\/uploads\/2026\/06\/Bosco-von-Allmen-336x168.jpg","_links":{"self":[{"href":"https:\/\/www.immo-invest.ch\/fr\/wp-json\/wp\/v2\/posts\/158191","targetHints":{"allow":["GET"]}}],"collection":[{"href":"https:\/\/www.immo-invest.ch\/fr\/wp-json\/wp\/v2\/posts"}],"about":[{"href":"https:\/\/www.immo-invest.ch\/fr\/wp-json\/wp\/v2\/types\/post"}],"author":[{"embeddable":true,"href":"https:\/\/www.immo-invest.ch\/fr\/wp-json\/wp\/v2\/users\/2"}],"replies":[{"embeddable":true,"href":"https:\/\/www.immo-invest.ch\/fr\/wp-json\/wp\/v2\/comments?post=158191"}],"version-history":[{"count":3,"href":"https:\/\/www.immo-invest.ch\/fr\/wp-json\/wp\/v2\/posts\/158191\/revisions"}],"predecessor-version":[{"id":158202,"href":"https:\/\/www.immo-invest.ch\/fr\/wp-json\/wp\/v2\/posts\/158191\/revisions\/158202"}],"wp:featuredmedia":[{"embeddable":true,"href":"https:\/\/www.immo-invest.ch\/fr\/wp-json\/wp\/v2\/media\/158192"}],"wp:attachment":[{"href":"https:\/\/www.immo-invest.ch\/fr\/wp-json\/wp\/v2\/media?parent=158191"}],"wp:term":[{"taxonomy":"category","embeddable":true,"href":"https:\/\/www.immo-invest.ch\/fr\/wp-json\/wp\/v2\/categories?post=158191"},{"taxonomy":"post_tag","embeddable":true,"href":"https:\/\/www.immo-invest.ch\/fr\/wp-json\/wp\/v2\/tags?post=158191"}],"curies":[{"name":"wp","href":"https:\/\/api.w.org\/{rel}","templated":true}]}}