{"id":158176,"date":"2026-06-02T10:17:33","date_gmt":"2026-06-02T08:17:33","guid":{"rendered":"https:\/\/www.immo-invest.ch\/der-kanton-der-mehr-will\/"},"modified":"2026-06-02T10:34:35","modified_gmt":"2026-06-02T08:34:35","slug":"der-kanton-der-mehr-will","status":"publish","type":"post","link":"https:\/\/www.immo-invest.ch\/fr\/der-kanton-der-mehr-will\/","title":{"rendered":"Le canton qui en veut plus"},"content":{"rendered":"<p class=\"wp-block-paragraph\">En lisant l&rsquo;espace &eacute;conomique du Tessin &agrave; travers les grands slogans, on a l&rsquo;impression d&rsquo;un canton en plein essor. <span class=\"glossaryLink\" aria-describedby=\"tt\" data-cmtooltip=\"&lt;div class=glossaryItemTitle&gt;Innovation&lt;\/div&gt;&lt;div class=glossaryItemBody&gt;Innovation in der heutigen Immobilienwelt bedeutet vor allem Digitalisierung von Prozessen. Zum Beispiel das Eliminieren von Tausenden von Excel-Bl&auml;ttern f&uuml;r Portfolio- und Asset-Manager oder das Erstellen einer Anwendung (App) f&uuml;r alle Formalit&auml;ten rund um die Beziehung zwischen Immobilieneigent&uuml;mern, - verwaltung und -mietern.&lt;\/div&gt;\" data-mobile-support=\"0\" data-gt-translate-attributes='[{\"attribute\":\"data-cmtooltip\", \"format\":\"html\"}]' tabindex=\"0\" role=\"link\">Innovation<\/span> Park, nouvelle infrastructure ferroviaire, d&eacute;veloppement de sites &agrave; Bellinzona et Lugano, projets h&ocirc;teliers et marketing local clair sont autant d&rsquo;arguments en faveur de cette constatation. Le canton est devenu plus visible, les th&egrave;mes li&eacute;s &agrave; la technologie ont gagn&eacute; en importance, plusieurs projets cl&eacute;s sont men&eacute;s en parall&egrave;le.<\/p>\n\n\n\n\n\n<p class=\"wp-block-paragraph\"><strong>755 millions en rase campagne<br><\/strong>En septembre 2025, le premier coup de pioche a &eacute;t&eacute; donn&eacute; pour la nouvelle usine CFF d&rsquo;Arbedo-Castione. 755 millions de francs seront investis dans l&rsquo;usine ferroviaire la plus moderne d&rsquo;Europe, qui assurera quelque 360 emplois et 80 places de formation &agrave; partir de la mi-2028. Parall&egrave;lement, le site Officine de Bellinzone sera lib&eacute;r&eacute; pour une transformation urbaine sur 150 000 m&egrave;tres carr&eacute;s.<\/p>\n\n\n\n\n\n<p class=\"wp-block-paragraph\"><strong>Progr&egrave;s visibles &agrave; Lugano<br><\/strong>Le projet de stade Cornaredo a atteint la barre des 80% et devrait ouvrir ses portes en 2026. 130 millions de francs sont investis dans le Polo Sportivo e degli Eventi, qui donne des impulsions urbanistiques bien au-del&agrave; du sport. Le tourisme confirme la tendance avec 998 234 nuit&eacute;es dans la r&eacute;gion de Lugano, soit une augmentation de 2,5 % par rapport &agrave; 2024.<\/p>\n\n\n\n\n\n<p class=\"wp-block-paragraph\"><strong>L&rsquo;ambition rencontre les proc&eacute;dures<br><\/strong>Parall&egrave;lement, le contr&ocirc;le de la r&eacute;alit&eacute; r&eacute;v&egrave;le des lacunes. En 2024, les investissements dans la construction en Suisse ont diminu&eacute; de 0,7 pour cent en termes nominaux, les investissements priv&eacute;s dans le b&acirc;timent de 2,5 pour cent. Le projet de tram-train a &eacute;t&eacute; retard&eacute; &agrave; plusieurs reprises avant que le Tribunal administratif f&eacute;d&eacute;ral ne donne son feu vert fin mars 2026. De tels processus ralentissent sensiblement la dynamique.<\/p>\n\n\n\n\n\n<p class=\"wp-block-paragraph\"><strong>La diversit&eacute; comme atout<br><\/strong>Bellinzone mise sur la transformation industrielle, Lugano sur la densification urbaine et la lifestyle tech, Locarno sur le repositionnement touristique. Si le canton parvient &agrave; combiner <span class=\"glossaryLink\" aria-describedby=\"tt\" data-cmtooltip=\"&lt;div class=glossaryItemTitle&gt;Innovation&lt;\/div&gt;&lt;div class=glossaryItemBody&gt;Innovation in der heutigen Immobilienwelt bedeutet vor allem Digitalisierung von Prozessen. Zum Beispiel das Eliminieren von Tausenden von Excel-Bl&auml;ttern f&uuml;r Portfolio- und Asset-Manager oder das Erstellen einer Anwendung (App) f&uuml;r alle Formalit&auml;ten rund um die Beziehung zwischen Immobilieneigent&uuml;mern, - verwaltung und -mietern.&lt;\/div&gt;\" data-mobile-support=\"0\" data-gt-translate-attributes='[{\"attribute\":\"data-cmtooltip\", \"format\":\"html\"}]' tabindex=\"0\" role=\"link\">innovation<\/span>, infrastructure, &eacute;nergie et d&eacute;veloppement immobilier, il consolidera sa position dans la concurrence nationale entre les sites. C&rsquo;est pr&eacute;cis&eacute;ment cette tension qui rend l&rsquo;espace &eacute;conomique Ticino 2026 si agr&eacute;able &agrave; lire.<\/p>\n\n","protected":false},"excerpt":{"rendered":"<p>Le Tessin s&rsquo;est positionn\u00e9 comme un canton d&rsquo;avenir. Parc d&rsquo;innovation, usine des CFF, Cornaredo, tram-train, la liste des grands projets est longue. Mais les visions \u00e0 elles seules ne changent pas un m\u00e8tre carr\u00e9 avant que les pelleteuses ne se mettent \u00e0 rouler. en 2026, on verra o\u00f9 le papier se transformera en b\u00e9ton.<\/p>\n","protected":false},"author":2,"featured_media":158177,"comment_status":"open","ping_status":"open","sticky":false,"template":"","format":"standard","meta":{"pmpro_default_level":"","inline_featured_image":false,"_monsterinsights_skip_tracking":false,"footnotes":""},"categories":[22357,22703,56027,55991,9456],"tags":[3943,16252,872,3931,15928,1050,2002,59245,4969,58924,59246],"class_list":["post-158176","post","type-post","status-publish","format-standard","has-post-thumbnail","hentry","category-industrie-du-batiment","category-mobilite","category-planification-developpement","category-quartiers-zones","category-region-tessin","tag-bellinzona-fr","tag-cornaredo-fr","tag-immoinvest-fr","tag-immonews-fr","tag-innovation-park-fr","tag-lugano-fr","tag-news-fr","tag-sbb-werk","tag-tessin-fr","tag-tram-treno","tag-wirtschaftsraum-ticino","pmpro-has-access"],"acf":{"bild_mit_ki_erstellt_worden":"","lead":"Le Tessin s'est positionn\u00e9 comme un canton d'avenir. Parc d'innovation, usine des CFF, Cornaredo, tram-train, la liste des grands projets est longue. Mais les visions \u00e0 elles seules ne changent pas un m\u00e8tre carr\u00e9 avant que les pelleteuses ne se mettent \u00e0 rouler. en 2026, on verra o\u00f9 le papier se transformera en b\u00e9ton.","autor":"Sources : Canton du Tessin, immo-invest.ch, RTTL, CFF, Lugano, Bellinzone et sources sp\u00e9cifiques aux projets \u2022 Photo : Ascona Locarno Tourism - Alessio Pizzicannella","ort":"","bildunterschrift":"","bild_im_grid":false,"gallerie":"","newsim":"2602"},"aioseo_notices":[],"aioseo_head":"\n\t\t<!-- All in One SEO 5.0.0.1 - aioseo.com -->\n\t<meta name=\"description\" content=\"Le Tessin s&#039;est positionn\u00e9 comme un canton d&#039;avenir. Parc d&#039;innovation, usine des CFF, Cornaredo, tram-train, la liste des grands projets est longue. Mais les visions \u00e0 elles seules ne changent pas un m\u00e8tre carr\u00e9 avant que les pelleteuses ne se mettent \u00e0 rouler. en 2026, on verra o\u00f9 le papier se transformera en b\u00e9ton.\" \/>\n\t<meta name=\"robots\" content=\"max-image-preview:large\" \/>\n\t<meta name=\"author\" content=\"immovestuser\"\/>\n\t<meta name=\"google-site-verification\" content=\"fHJKvgWpZCR2zVBHWfkQeFXC11qieUSff0HGNYfuyLA\" \/>\n\t<link rel=\"canonical\" href=\"https:\/\/www.immo-invest.ch\/fr\/der-kanton-der-mehr-will\/\" \/>\n\t<meta name=\"generator\" content=\"All in One SEO (AIOSEO) 5.0.0.1\" \/>\n\t\t<meta property=\"og:locale\" content=\"fr_FR\" \/>\n\t\t<meta property=\"og:site_name\" content=\"immo!nvest - Die Plattform f\u00fcr Standorte und Immobilien - Die\u00a0Plattform f\u00fcr Standorte und Immobilien\" \/>\n\t\t<meta property=\"og:type\" content=\"article\" \/>\n\t\t<meta property=\"og:title\" content=\"Le canton qui en veut plus - immo!nvest - Die Plattform f\u00fcr Standorte und Immobilien\" \/>\n\t\t<meta property=\"og:description\" content=\"Le Tessin s&#039;est positionn\u00e9 comme un canton d&#039;avenir. Parc d&#039;innovation, usine des CFF, Cornaredo, tram-train, la liste des grands projets est longue. Mais les visions \u00e0 elles seules ne changent pas un m\u00e8tre carr\u00e9 avant que les pelleteuses ne se mettent \u00e0 rouler. en 2026, on verra o\u00f9 le papier se transformera en b\u00e9ton.\" \/>\n\t\t<meta property=\"og:url\" content=\"https:\/\/www.immo-invest.ch\/fr\/der-kanton-der-mehr-will\/\" \/>\n\t\t<meta property=\"og:image\" content=\"https:\/\/www.immo-invest.ch\/wp-content\/uploads\/2026\/06\/Web-Version-Locarno-Piazza-Grande-Copyright-Ascona-Locarno-Tourism-Foto-Alessio-Pizzicannella.jpg\" \/>\n\t\t<meta property=\"og:image:secure_url\" content=\"https:\/\/www.immo-invest.ch\/wp-content\/uploads\/2026\/06\/Web-Version-Locarno-Piazza-Grande-Copyright-Ascona-Locarno-Tourism-Foto-Alessio-Pizzicannella.jpg\" \/>\n\t\t<meta property=\"og:image:width\" content=\"2500\" \/>\n\t\t<meta property=\"og:image:height\" content=\"1667\" \/>\n\t\t<meta property=\"article:published_time\" content=\"2026-06-02T08:17:33+00:00\" \/>\n\t\t<meta property=\"article:modified_time\" content=\"2026-06-02T08:34:35+00:00\" \/>\n\t\t<meta property=\"article:publisher\" content=\"https:\/\/www.facebook.com\/people\/Immoinvest\/100077962920504\/\" \/>\n\t\t<meta name=\"twitter:card\" content=\"summary_large_image\" \/>\n\t\t<meta name=\"twitter:site\" content=\"@i\" \/>\n\t\t<meta name=\"twitter:title\" content=\"Le canton qui en veut plus - immo!nvest - Die Plattform f\u00fcr Standorte und Immobilien\" \/>\n\t\t<meta name=\"twitter:description\" content=\"Le Tessin s&#039;est positionn\u00e9 comme un canton d&#039;avenir. Parc d&#039;innovation, usine des CFF, Cornaredo, tram-train, la liste des grands projets est longue. Mais les visions \u00e0 elles seules ne changent pas un m\u00e8tre carr\u00e9 avant que les pelleteuses ne se mettent \u00e0 rouler. en 2026, on verra o\u00f9 le papier se transformera en b\u00e9ton.\" \/>\n\t\t<meta name=\"twitter:creator\" content=\"@i\" \/>\n\t\t<meta name=\"twitter:image\" content=\"https:\/\/www.immo-invest.ch\/wp-content\/uploads\/2026\/06\/Web-Version-Locarno-Piazza-Grande-Copyright-Ascona-Locarno-Tourism-Foto-Alessio-Pizzicannella.jpg\" \/>\n\t\t<script type=\"application\/ld+json\" class=\"aioseo-schema\">\n\t\t\t{\"@context\":\"https:\\\/\\\/schema.org\",\"@graph\":[{\"@type\":\"BlogPosting\",\"@id\":\"https:\\\/\\\/www.immo-invest.ch\\\/fr\\\/der-kanton-der-mehr-will\\\/#blogposting\",\"name\":\"Le canton qui en veut plus - immo!nvest - Die Plattform f\\u00fcr Standorte und Immobilien\",\"headline\":\"Le canton qui en veut plus\",\"author\":{\"@id\":\"https:\\\/\\\/www.immo-invest.ch\\\/fr\\\/author\\\/immovestuser\\\/#author\"},\"publisher\":{\"@id\":\"https:\\\/\\\/www.immo-invest.ch\\\/fr\\\/#organization\"},\"image\":{\"@type\":\"ImageObject\",\"url\":\"https:\\\/\\\/www.immo-invest.ch\\\/wp-content\\\/uploads\\\/2026\\\/06\\\/Web-Version-Locarno-Piazza-Grande-Copyright-Ascona-Locarno-Tourism-Foto-Alessio-Pizzicannella.jpg\",\"width\":2500,\"height\":1667},\"datePublished\":\"2026-06-02T10:17:33+02:00\",\"dateModified\":\"2026-06-02T10:34:35+02:00\",\"inLanguage\":\"fr-FR\",\"mainEntityOfPage\":{\"@id\":\"https:\\\/\\\/www.immo-invest.ch\\\/fr\\\/der-kanton-der-mehr-will\\\/#webpage\"},\"isPartOf\":{\"@id\":\"https:\\\/\\\/www.immo-invest.ch\\\/fr\\\/der-kanton-der-mehr-will\\\/#webpage\"},\"articleSection\":\"Industrie du b\\u00e2timent, Mobilit\\u00e9, Planification \\\/ D\\u00e9veloppement, Quartiers \\\/ Zones, Ticino, Bellinzona, Cornaredo, Immoinvest, immoNews, Innovation Park, Lugano, News, SBB-Werk, Tessin, Tram-Treno, Wirtschaftsraum Ticino, Facultatif\"},{\"@type\":\"BreadcrumbList\",\"@id\":\"https:\\\/\\\/www.immo-invest.ch\\\/fr\\\/der-kanton-der-mehr-will\\\/#breadcrumblist\",\"itemListElement\":[{\"@type\":\"ListItem\",\"@id\":\"https:\\\/\\\/www.immo-invest.ch\\\/fr\\\/#listItem\",\"position\":1,\"name\":\"Home\",\"item\":\"https:\\\/\\\/www.immo-invest.ch\\\/fr\\\/\",\"nextItem\":{\"@type\":\"ListItem\",\"@id\":\"https:\\\/\\\/www.immo-invest.ch\\\/fr\\\/categories\\\/regions\\\/#listItem\",\"name\":\"R\\u00e9gions\"}},{\"@type\":\"ListItem\",\"@id\":\"https:\\\/\\\/www.immo-invest.ch\\\/fr\\\/categories\\\/regions\\\/#listItem\",\"position\":2,\"name\":\"R\\u00e9gions\",\"item\":\"https:\\\/\\\/www.immo-invest.ch\\\/fr\\\/categories\\\/regions\\\/\",\"nextItem\":{\"@type\":\"ListItem\",\"@id\":\"https:\\\/\\\/www.immo-invest.ch\\\/fr\\\/categories\\\/regions\\\/suisse\\\/#listItem\",\"name\":\"Suisse\"},\"previousItem\":{\"@type\":\"ListItem\",\"@id\":\"https:\\\/\\\/www.immo-invest.ch\\\/fr\\\/#listItem\",\"name\":\"Home\"}},{\"@type\":\"ListItem\",\"@id\":\"https:\\\/\\\/www.immo-invest.ch\\\/fr\\\/categories\\\/regions\\\/suisse\\\/#listItem\",\"position\":3,\"name\":\"Suisse\",\"item\":\"https:\\\/\\\/www.immo-invest.ch\\\/fr\\\/categories\\\/regions\\\/suisse\\\/\",\"nextItem\":{\"@type\":\"ListItem\",\"@id\":\"https:\\\/\\\/www.immo-invest.ch\\\/fr\\\/categories\\\/regions\\\/suisse\\\/region-tessin\\\/#listItem\",\"name\":\"Ticino\"},\"previousItem\":{\"@type\":\"ListItem\",\"@id\":\"https:\\\/\\\/www.immo-invest.ch\\\/fr\\\/categories\\\/regions\\\/#listItem\",\"name\":\"R\\u00e9gions\"}},{\"@type\":\"ListItem\",\"@id\":\"https:\\\/\\\/www.immo-invest.ch\\\/fr\\\/categories\\\/regions\\\/suisse\\\/region-tessin\\\/#listItem\",\"position\":4,\"name\":\"Ticino\",\"item\":\"https:\\\/\\\/www.immo-invest.ch\\\/fr\\\/categories\\\/regions\\\/suisse\\\/region-tessin\\\/\",\"nextItem\":{\"@type\":\"ListItem\",\"@id\":\"https:\\\/\\\/www.immo-invest.ch\\\/fr\\\/der-kanton-der-mehr-will\\\/#listItem\",\"name\":\"Le canton qui en veut plus\"},\"previousItem\":{\"@type\":\"ListItem\",\"@id\":\"https:\\\/\\\/www.immo-invest.ch\\\/fr\\\/categories\\\/regions\\\/suisse\\\/#listItem\",\"name\":\"Suisse\"}},{\"@type\":\"ListItem\",\"@id\":\"https:\\\/\\\/www.immo-invest.ch\\\/fr\\\/der-kanton-der-mehr-will\\\/#listItem\",\"position\":5,\"name\":\"Le canton qui en veut plus\",\"previousItem\":{\"@type\":\"ListItem\",\"@id\":\"https:\\\/\\\/www.immo-invest.ch\\\/fr\\\/categories\\\/regions\\\/suisse\\\/region-tessin\\\/#listItem\",\"name\":\"Ticino\"}}]},{\"@type\":\"Organization\",\"@id\":\"https:\\\/\\\/www.immo-invest.ch\\\/fr\\\/#organization\",\"name\":\"immo!nvest - Die Plattform f\\u00fcr Standorte und Immobilien\",\"description\":\"Die\\u00a0Plattform f\\u00fcr Standorte und Immobilien\",\"url\":\"https:\\\/\\\/www.immo-invest.ch\\\/fr\\\/\",\"email\":\"admin@immomedia.ag\",\"telephone\":\"+41444420002\",\"logo\":{\"@type\":\"ImageObject\",\"url\":\"https:\\\/\\\/www.immo-invest.ch\\\/wp-content\\\/uploads\\\/2024\\\/09\\\/immoinvest_sm-scaled.jpg\",\"@id\":\"https:\\\/\\\/www.immo-invest.ch\\\/fr\\\/der-kanton-der-mehr-will\\\/#organizationLogo\",\"width\":2560,\"height\":1340},\"image\":{\"@id\":\"https:\\\/\\\/www.immo-invest.ch\\\/fr\\\/der-kanton-der-mehr-will\\\/#organizationLogo\"},\"sameAs\":[\"https:\\\/\\\/www.facebook.com\\\/people\\\/Immoinvest\\\/100077962920504\\\/\",\"https:\\\/\\\/x.com\\\/i\\\/flow\\\/login?redirect_after_login=immoinvest_ch\",\"https:\\\/\\\/www.instagram.com\\\/immoinvest_ch\\\/\",\"https:\\\/\\\/www.linkedin.com\\\/company\\\/immoinvest-swiss\"]},{\"@type\":\"Person\",\"@id\":\"https:\\\/\\\/www.immo-invest.ch\\\/fr\\\/author\\\/immovestuser\\\/#author\",\"url\":\"https:\\\/\\\/www.immo-invest.ch\\\/fr\\\/author\\\/immovestuser\\\/\",\"name\":\"immovestuser\",\"image\":{\"@type\":\"ImageObject\",\"@id\":\"https:\\\/\\\/www.immo-invest.ch\\\/fr\\\/der-kanton-der-mehr-will\\\/#authorImage\",\"url\":\"https:\\\/\\\/secure.gravatar.com\\\/avatar\\\/8e01f4d99f2eeea7a362ebb93305e1172a70e9293ba250f897a65c39f54cdd1e?s=96&d=mm&r=g\",\"width\":96,\"height\":96,\"caption\":\"immovestuser\"}},{\"@type\":\"WebPage\",\"@id\":\"https:\\\/\\\/www.immo-invest.ch\\\/fr\\\/der-kanton-der-mehr-will\\\/#webpage\",\"url\":\"https:\\\/\\\/www.immo-invest.ch\\\/fr\\\/der-kanton-der-mehr-will\\\/\",\"name\":\"Le canton qui en veut plus - immo!nvest - Die Plattform f\\u00fcr Standorte und Immobilien\",\"description\":\"Le Tessin s'est positionn\\u00e9 comme un canton d'avenir. Parc d'innovation, usine des CFF, Cornaredo, tram-train, la liste des grands projets est longue. Mais les visions \\u00e0 elles seules ne changent pas un m\\u00e8tre carr\\u00e9 avant que les pelleteuses ne se mettent \\u00e0 rouler. en 2026, on verra o\\u00f9 le papier se transformera en b\\u00e9ton.\",\"inLanguage\":\"fr-FR\",\"isPartOf\":{\"@id\":\"https:\\\/\\\/www.immo-invest.ch\\\/fr\\\/#website\"},\"breadcrumb\":{\"@id\":\"https:\\\/\\\/www.immo-invest.ch\\\/fr\\\/der-kanton-der-mehr-will\\\/#breadcrumblist\"},\"author\":{\"@id\":\"https:\\\/\\\/www.immo-invest.ch\\\/fr\\\/author\\\/immovestuser\\\/#author\"},\"creator\":{\"@id\":\"https:\\\/\\\/www.immo-invest.ch\\\/fr\\\/author\\\/immovestuser\\\/#author\"},\"image\":{\"@type\":\"ImageObject\",\"url\":\"https:\\\/\\\/www.immo-invest.ch\\\/wp-content\\\/uploads\\\/2026\\\/06\\\/Web-Version-Locarno-Piazza-Grande-Copyright-Ascona-Locarno-Tourism-Foto-Alessio-Pizzicannella.jpg\",\"@id\":\"https:\\\/\\\/www.immo-invest.ch\\\/fr\\\/der-kanton-der-mehr-will\\\/#mainImage\",\"width\":2500,\"height\":1667},\"primaryImageOfPage\":{\"@id\":\"https:\\\/\\\/www.immo-invest.ch\\\/fr\\\/der-kanton-der-mehr-will\\\/#mainImage\"},\"datePublished\":\"2026-06-02T10:17:33+02:00\",\"dateModified\":\"2026-06-02T10:34:35+02:00\"},{\"@type\":\"WebSite\",\"@id\":\"https:\\\/\\\/www.immo-invest.ch\\\/fr\\\/#website\",\"url\":\"https:\\\/\\\/www.immo-invest.ch\\\/fr\\\/\",\"name\":\"immo!nvest - Die Plattform f\\u00fcr Standorte und Immobilien\",\"description\":\"Die\\u00a0Plattform f\\u00fcr Standorte und Immobilien\",\"inLanguage\":\"fr-FR\",\"publisher\":{\"@id\":\"https:\\\/\\\/www.immo-invest.ch\\\/fr\\\/#organization\"}}]}\n\t\t<\/script>\n\t\t<!-- All in One SEO -->\n\n","aioseo_head_json":{"title":"Le canton qui en veut plus - immo!nvest - Die Plattform f\u00fcr Standorte und Immobilien","description":"Le Tessin s'est positionn\u00e9 comme un canton d'avenir. Parc d'innovation, usine des CFF, Cornaredo, tram-train, la liste des grands projets est longue. Mais les visions \u00e0 elles seules ne changent pas un m\u00e8tre carr\u00e9 avant que les pelleteuses ne se mettent \u00e0 rouler. en 2026, on verra o\u00f9 le papier se transformera en b\u00e9ton.","canonical_url":"https:\/\/www.immo-invest.ch\/fr\/der-kanton-der-mehr-will\/","robots":"max-image-preview:large","keywords":"","webmasterTools":{"google-site-verification":"fHJKvgWpZCR2zVBHWfkQeFXC11qieUSff0HGNYfuyLA","miscellaneous":""},"schema":{"@context":"https:\/\/schema.org","@graph":[{"@type":"BlogPosting","@id":"https:\/\/www.immo-invest.ch\/fr\/der-kanton-der-mehr-will\/#blogposting","name":"Le canton qui en veut plus - immo!nvest - Die Plattform f\u00fcr Standorte und Immobilien","headline":"Le canton qui en veut plus","author":{"@id":"https:\/\/www.immo-invest.ch\/fr\/author\/immovestuser\/#author"},"publisher":{"@id":"https:\/\/www.immo-invest.ch\/fr\/#organization"},"image":{"@type":"ImageObject","url":"https:\/\/www.immo-invest.ch\/wp-content\/uploads\/2026\/06\/Web-Version-Locarno-Piazza-Grande-Copyright-Ascona-Locarno-Tourism-Foto-Alessio-Pizzicannella.jpg","width":2500,"height":1667},"datePublished":"2026-06-02T10:17:33+02:00","dateModified":"2026-06-02T10:34:35+02:00","inLanguage":"fr-FR","mainEntityOfPage":{"@id":"https:\/\/www.immo-invest.ch\/fr\/der-kanton-der-mehr-will\/#webpage"},"isPartOf":{"@id":"https:\/\/www.immo-invest.ch\/fr\/der-kanton-der-mehr-will\/#webpage"},"articleSection":"Industrie du b\u00e2timent, Mobilit\u00e9, Planification \/ D\u00e9veloppement, Quartiers \/ Zones, Ticino, Bellinzona, Cornaredo, Immoinvest, immoNews, Innovation Park, Lugano, News, SBB-Werk, Tessin, Tram-Treno, Wirtschaftsraum Ticino, Facultatif"},{"@type":"BreadcrumbList","@id":"https:\/\/www.immo-invest.ch\/fr\/der-kanton-der-mehr-will\/#breadcrumblist","itemListElement":[{"@type":"ListItem","@id":"https:\/\/www.immo-invest.ch\/fr\/#listItem","position":1,"name":"Home","item":"https:\/\/www.immo-invest.ch\/fr\/","nextItem":{"@type":"ListItem","@id":"https:\/\/www.immo-invest.ch\/fr\/categories\/regions\/#listItem","name":"R\u00e9gions"}},{"@type":"ListItem","@id":"https:\/\/www.immo-invest.ch\/fr\/categories\/regions\/#listItem","position":2,"name":"R\u00e9gions","item":"https:\/\/www.immo-invest.ch\/fr\/categories\/regions\/","nextItem":{"@type":"ListItem","@id":"https:\/\/www.immo-invest.ch\/fr\/categories\/regions\/suisse\/#listItem","name":"Suisse"},"previousItem":{"@type":"ListItem","@id":"https:\/\/www.immo-invest.ch\/fr\/#listItem","name":"Home"}},{"@type":"ListItem","@id":"https:\/\/www.immo-invest.ch\/fr\/categories\/regions\/suisse\/#listItem","position":3,"name":"Suisse","item":"https:\/\/www.immo-invest.ch\/fr\/categories\/regions\/suisse\/","nextItem":{"@type":"ListItem","@id":"https:\/\/www.immo-invest.ch\/fr\/categories\/regions\/suisse\/region-tessin\/#listItem","name":"Ticino"},"previousItem":{"@type":"ListItem","@id":"https:\/\/www.immo-invest.ch\/fr\/categories\/regions\/#listItem","name":"R\u00e9gions"}},{"@type":"ListItem","@id":"https:\/\/www.immo-invest.ch\/fr\/categories\/regions\/suisse\/region-tessin\/#listItem","position":4,"name":"Ticino","item":"https:\/\/www.immo-invest.ch\/fr\/categories\/regions\/suisse\/region-tessin\/","nextItem":{"@type":"ListItem","@id":"https:\/\/www.immo-invest.ch\/fr\/der-kanton-der-mehr-will\/#listItem","name":"Le canton qui en veut plus"},"previousItem":{"@type":"ListItem","@id":"https:\/\/www.immo-invest.ch\/fr\/categories\/regions\/suisse\/#listItem","name":"Suisse"}},{"@type":"ListItem","@id":"https:\/\/www.immo-invest.ch\/fr\/der-kanton-der-mehr-will\/#listItem","position":5,"name":"Le canton qui en veut plus","previousItem":{"@type":"ListItem","@id":"https:\/\/www.immo-invest.ch\/fr\/categories\/regions\/suisse\/region-tessin\/#listItem","name":"Ticino"}}]},{"@type":"Organization","@id":"https:\/\/www.immo-invest.ch\/fr\/#organization","name":"immo!nvest - Die Plattform f\u00fcr Standorte und Immobilien","description":"Die\u00a0Plattform f\u00fcr Standorte und Immobilien","url":"https:\/\/www.immo-invest.ch\/fr\/","email":"admin@immomedia.ag","telephone":"+41444420002","logo":{"@type":"ImageObject","url":"https:\/\/www.immo-invest.ch\/wp-content\/uploads\/2024\/09\/immoinvest_sm-scaled.jpg","@id":"https:\/\/www.immo-invest.ch\/fr\/der-kanton-der-mehr-will\/#organizationLogo","width":2560,"height":1340},"image":{"@id":"https:\/\/www.immo-invest.ch\/fr\/der-kanton-der-mehr-will\/#organizationLogo"},"sameAs":["https:\/\/www.facebook.com\/people\/Immoinvest\/100077962920504\/","https:\/\/x.com\/i\/flow\/login?redirect_after_login=immoinvest_ch","https:\/\/www.instagram.com\/immoinvest_ch\/","https:\/\/www.linkedin.com\/company\/immoinvest-swiss"]},{"@type":"Person","@id":"https:\/\/www.immo-invest.ch\/fr\/author\/immovestuser\/#author","url":"https:\/\/www.immo-invest.ch\/fr\/author\/immovestuser\/","name":"immovestuser","image":{"@type":"ImageObject","@id":"https:\/\/www.immo-invest.ch\/fr\/der-kanton-der-mehr-will\/#authorImage","url":"https:\/\/secure.gravatar.com\/avatar\/8e01f4d99f2eeea7a362ebb93305e1172a70e9293ba250f897a65c39f54cdd1e?s=96&d=mm&r=g","width":96,"height":96,"caption":"immovestuser"}},{"@type":"WebPage","@id":"https:\/\/www.immo-invest.ch\/fr\/der-kanton-der-mehr-will\/#webpage","url":"https:\/\/www.immo-invest.ch\/fr\/der-kanton-der-mehr-will\/","name":"Le canton qui en veut plus - immo!nvest - Die Plattform f\u00fcr Standorte und Immobilien","description":"Le Tessin s'est positionn\u00e9 comme un canton d'avenir. Parc d'innovation, usine des CFF, Cornaredo, tram-train, la liste des grands projets est longue. Mais les visions \u00e0 elles seules ne changent pas un m\u00e8tre carr\u00e9 avant que les pelleteuses ne se mettent \u00e0 rouler. en 2026, on verra o\u00f9 le papier se transformera en b\u00e9ton.","inLanguage":"fr-FR","isPartOf":{"@id":"https:\/\/www.immo-invest.ch\/fr\/#website"},"breadcrumb":{"@id":"https:\/\/www.immo-invest.ch\/fr\/der-kanton-der-mehr-will\/#breadcrumblist"},"author":{"@id":"https:\/\/www.immo-invest.ch\/fr\/author\/immovestuser\/#author"},"creator":{"@id":"https:\/\/www.immo-invest.ch\/fr\/author\/immovestuser\/#author"},"image":{"@type":"ImageObject","url":"https:\/\/www.immo-invest.ch\/wp-content\/uploads\/2026\/06\/Web-Version-Locarno-Piazza-Grande-Copyright-Ascona-Locarno-Tourism-Foto-Alessio-Pizzicannella.jpg","@id":"https:\/\/www.immo-invest.ch\/fr\/der-kanton-der-mehr-will\/#mainImage","width":2500,"height":1667},"primaryImageOfPage":{"@id":"https:\/\/www.immo-invest.ch\/fr\/der-kanton-der-mehr-will\/#mainImage"},"datePublished":"2026-06-02T10:17:33+02:00","dateModified":"2026-06-02T10:34:35+02:00"},{"@type":"WebSite","@id":"https:\/\/www.immo-invest.ch\/fr\/#website","url":"https:\/\/www.immo-invest.ch\/fr\/","name":"immo!nvest - Die Plattform f\u00fcr Standorte und Immobilien","description":"Die\u00a0Plattform f\u00fcr Standorte und Immobilien","inLanguage":"fr-FR","publisher":{"@id":"https:\/\/www.immo-invest.ch\/fr\/#organization"}}]},"og:locale":"fr_FR","og:site_name":"immo!nvest - Die Plattform f\u00fcr Standorte und Immobilien - Die\u00a0Plattform f\u00fcr Standorte und Immobilien","og:type":"article","og:title":"Le canton qui en veut plus - immo!nvest - Die Plattform f\u00fcr Standorte und Immobilien","og:description":"Le Tessin s'est positionn\u00e9 comme un canton d'avenir. Parc d'innovation, usine des CFF, Cornaredo, tram-train, la liste des grands projets est longue. Mais les visions \u00e0 elles seules ne changent pas un m\u00e8tre carr\u00e9 avant que les pelleteuses ne se mettent \u00e0 rouler. en 2026, on verra o\u00f9 le papier se transformera en b\u00e9ton.","og:url":"https:\/\/www.immo-invest.ch\/fr\/der-kanton-der-mehr-will\/","og:image":"https:\/\/www.immo-invest.ch\/wp-content\/uploads\/2026\/06\/Web-Version-Locarno-Piazza-Grande-Copyright-Ascona-Locarno-Tourism-Foto-Alessio-Pizzicannella.jpg","og:image:secure_url":"https:\/\/www.immo-invest.ch\/wp-content\/uploads\/2026\/06\/Web-Version-Locarno-Piazza-Grande-Copyright-Ascona-Locarno-Tourism-Foto-Alessio-Pizzicannella.jpg","og:image:width":2500,"og:image:height":1667,"article:published_time":"2026-06-02T08:17:33+00:00","article:modified_time":"2026-06-02T08:34:35+00:00","article:publisher":"https:\/\/www.facebook.com\/people\/Immoinvest\/100077962920504\/","twitter:card":"summary_large_image","twitter:site":"@i","twitter:title":"Le canton qui en veut plus - immo!nvest - Die Plattform f\u00fcr Standorte und Immobilien","twitter:description":"Le Tessin s'est positionn\u00e9 comme un canton d'avenir. Parc d'innovation, usine des CFF, Cornaredo, tram-train, la liste des grands projets est longue. Mais les visions \u00e0 elles seules ne changent pas un m\u00e8tre carr\u00e9 avant que les pelleteuses ne se mettent \u00e0 rouler. en 2026, on verra o\u00f9 le papier se transformera en b\u00e9ton.","twitter:creator":"@i","twitter:image":"https:\/\/www.immo-invest.ch\/wp-content\/uploads\/2026\/06\/Web-Version-Locarno-Piazza-Grande-Copyright-Ascona-Locarno-Tourism-Foto-Alessio-Pizzicannella.jpg"},"aioseo_meta_data":{"post_id":"158176","title":null,"description":null,"keywords":null,"keyphrases":{"focus":{"keyphrase":"","score":0,"analysis":{"keyphraseInTitle":{"score":0,"maxScore":9,"error":1}}},"additional":[]},"primary_term":null,"canonical_url":null,"og_title":null,"og_description":null,"og_object_type":"default","og_image_type":"default","og_image_url":null,"og_image_width":null,"og_image_height":null,"og_image_custom_url":null,"og_image_custom_fields":null,"og_video":"","og_custom_url":null,"og_article_section":null,"og_article_tags":null,"twitter_use_og":false,"twitter_card":"default","twitter_image_type":"default","twitter_image_url":null,"twitter_image_custom_url":null,"twitter_image_custom_fields":null,"twitter_title":null,"twitter_description":null,"schema":{"blockGraphs":[],"customGraphs":[],"default":{"data":{"Article":[],"Course":[],"Dataset":[],"FAQPage":[],"Movie":[],"Person":[],"Product":[],"ProductReview":[],"Car":[],"Recipe":[],"Service":[],"SoftwareApplication":[],"WebPage":[]},"graphName":"BlogPosting","isEnabled":true},"graphs":[]},"schema_type":"default","schema_type_options":null,"pillar_content":false,"robots_default":true,"robots_noindex":false,"robots_noarchive":false,"robots_nosnippet":false,"robots_nofollow":false,"robots_noimageindex":false,"robots_noodp":false,"robots_notranslate":false,"robots_max_snippet":"-1","robots_max_videopreview":"-1","robots_max_imagepreview":"large","priority":null,"frequency":"default","local_seo":null,"breadcrumb_settings":null,"limit_modified_date":false,"ai":{"faqs":[],"keyPoints":[],"schemas":[],"titles":[],"descriptions":[],"socialPosts":{"email":[],"linkedin":[],"twitter":[],"facebook":[],"instagram":[]}},"created":"2026-06-02 08:34:36","updated":"2026-06-02 09:13:19","seo_analyzer_scan_date":null,"focus_keyword":null,"additional_keywords":null,"truseo_locale":null},"aioseo_breadcrumb":"<div class=\"aioseo-breadcrumbs\"><span class=\"aioseo-breadcrumb\">\n\t\t\t<a href=\"https:\/\/www.immo-invest.ch\/fr\/\" title=\"Home\">Home<\/a>\n\t\t<\/span><span class=\"aioseo-breadcrumb-separator\">&raquo;<\/span><span class=\"aioseo-breadcrumb\">\n\t\t\t<a href=\"https:\/\/www.immo-invest.ch\/fr\/categories\/regions\/\" title=\"R\u00e9gions\">R\u00e9gions<\/a>\n\t\t<\/span><span class=\"aioseo-breadcrumb-separator\">&raquo;<\/span><span class=\"aioseo-breadcrumb\">\n\t\t\t<a href=\"https:\/\/www.immo-invest.ch\/fr\/categories\/regions\/suisse\/\" title=\"Suisse\">Suisse<\/a>\n\t\t<\/span><span class=\"aioseo-breadcrumb-separator\">&raquo;<\/span><span class=\"aioseo-breadcrumb\">\n\t\t\t<a href=\"https:\/\/www.immo-invest.ch\/fr\/categories\/regions\/suisse\/region-tessin\/\" title=\"Ticino\">Ticino<\/a>\n\t\t<\/span><span class=\"aioseo-breadcrumb-separator\">&raquo;<\/span><span class=\"aioseo-breadcrumb\">\n\t\t\tLe canton qui en veut plus\n\t\t<\/span><\/div>","aioseo_breadcrumb_json":[{"label":"Home","link":"https:\/\/www.immo-invest.ch\/fr\/"},{"label":"R\u00e9gions","link":"https:\/\/www.immo-invest.ch\/fr\/categories\/regions\/"},{"label":"Suisse","link":"https:\/\/www.immo-invest.ch\/fr\/categories\/regions\/suisse\/"},{"label":"Ticino","link":"https:\/\/www.immo-invest.ch\/fr\/categories\/regions\/suisse\/region-tessin\/"},{"label":"Le canton qui en veut plus","link":"https:\/\/www.immo-invest.ch\/fr\/der-kanton-der-mehr-will\/"}],"featured_image_src":"https:\/\/www.immo-invest.ch\/wp-content\/uploads\/2026\/06\/Web-Version-Locarno-Piazza-Grande-Copyright-Ascona-Locarno-Tourism-Foto-Alessio-Pizzicannella-336x168.jpg","_links":{"self":[{"href":"https:\/\/www.immo-invest.ch\/fr\/wp-json\/wp\/v2\/posts\/158176","targetHints":{"allow":["GET"]}}],"collection":[{"href":"https:\/\/www.immo-invest.ch\/fr\/wp-json\/wp\/v2\/posts"}],"about":[{"href":"https:\/\/www.immo-invest.ch\/fr\/wp-json\/wp\/v2\/types\/post"}],"author":[{"embeddable":true,"href":"https:\/\/www.immo-invest.ch\/fr\/wp-json\/wp\/v2\/users\/2"}],"replies":[{"embeddable":true,"href":"https:\/\/www.immo-invest.ch\/fr\/wp-json\/wp\/v2\/comments?post=158176"}],"version-history":[{"count":2,"href":"https:\/\/www.immo-invest.ch\/fr\/wp-json\/wp\/v2\/posts\/158176\/revisions"}],"predecessor-version":[{"id":158183,"href":"https:\/\/www.immo-invest.ch\/fr\/wp-json\/wp\/v2\/posts\/158176\/revisions\/158183"}],"wp:featuredmedia":[{"embeddable":true,"href":"https:\/\/www.immo-invest.ch\/fr\/wp-json\/wp\/v2\/media\/158177"}],"wp:attachment":[{"href":"https:\/\/www.immo-invest.ch\/fr\/wp-json\/wp\/v2\/media?parent=158176"}],"wp:term":[{"taxonomy":"category","embeddable":true,"href":"https:\/\/www.immo-invest.ch\/fr\/wp-json\/wp\/v2\/categories?post=158176"},{"taxonomy":"post_tag","embeddable":true,"href":"https:\/\/www.immo-invest.ch\/fr\/wp-json\/wp\/v2\/tags?post=158176"}],"curies":[{"name":"wp","href":"https:\/\/api.w.org\/{rel}","templated":true}]}}