{"id":157944,"date":"2026-06-01T16:20:00","date_gmt":"2026-06-01T14:20:00","guid":{"rendered":"https:\/\/www.immo-invest.ch\/?p=157944"},"modified":"2026-05-29T09:47:50","modified_gmt":"2026-05-29T07:47:50","slug":"fachveranstaltung-zeigt-wege-zu-zirkulaerem-bauen","status":"publish","type":"post","link":"https:\/\/www.immo-invest.ch\/fr\/fachveranstaltung-zeigt-wege-zu-zirkulaerem-bauen\/","title":{"rendered":"Une conf\u00e9rence sp\u00e9cialis\u00e9e pr\u00e9sente les voies vers la construction circulaire"},"content":{"rendered":"<p class=\"bodytext\"><a href=\"https:\/\/www.oxara.earth\/en\/home.html\" target=\"_blank\" rel=\"noopener\">Oxara<\/a> et le <a href=\"https:\/\/stadt.winterthur.ch\/gemeinde\/verwaltung\/bau\/baubewilligungen\" target=\"_blank\" rel=\"noopener\">service de l&rsquo;urbanisme de Winterthur<\/a> vous invitent le 9 juin au <a href=\"https:\/\/stadt.winterthur.ch\/gemeinde\/verwaltung\/stadtkanzlei\/kommunikation-stadt-winterthur\/medienmitteilungen-stadt-winterthur\/das-innovationslabor-grueze-treffpunkt-fuer-ein-quartier-im-wandel\" target=\"_blank\" rel=\"noopener\">laboratoire d&rsquo;<span class=\"glossaryLink\" aria-describedby=\"tt\" data-cmtooltip=\"&lt;div class=glossaryItemTitle&gt;Innovation&lt;\/div&gt;&lt;div class=glossaryItemBody&gt;Innovation in der heutigen Immobilienwelt bedeutet vor allem Digitalisierung von Prozessen. Zum Beispiel das Eliminieren von Tausenden von Excel-Bl&auml;ttern f&uuml;r Portfolio- und Asset-Manager oder das Erstellen einer Anwendung (App) f&uuml;r alle Formalit&auml;ten rund um die Beziehung zwischen Immobilieneigent&uuml;mern, - verwaltung und -mietern.&lt;\/div&gt;\" data-mobile-support=\"0\" data-gt-translate-attributes='[{\"attribute\":\"data-cmtooltip\", \"format\":\"html\"}]' tabindex=\"0\" role=\"link\">innovation<\/span> de Winterthur Gr&uuml;ze<\/a>. Ce lieu de rencontre, situ&eacute; juste &agrave; c&ocirc;t&eacute; de la gare de Gr&uuml;ze, a &eacute;t&eacute; con&ccedil;u par <a href=\"https:\/\/stadt.winterthur.ch\/gemeinde\/verwaltung\/bau\/tiefbauamt\" target=\"_blank\" rel=\"noopener\">le service des travaux publics de Winterthur<\/a> en collaboration avec le <a href=\"https:\/\/www.zhaw.ch\/de\/archbau\" target=\"_blank\" rel=\"noopener\">d&eacute;partement d&rsquo;architecture, de design et de g&eacute;nie civil<\/a> de <a href=\"http:\/\/www.zhaw.ch\/\" target=\"_blank\" rel=\"noopener\">la Haute &eacute;cole des sciences appliqu&eacute;es de Zurich<\/a> et <a href=\"https:\/\/www.holcim.ch\/de\" target=\"_blank\" rel=\"noopener\">Holcim Suisse<\/a>, et sera inaugur&eacute; en 2024. Il servira de cadre &agrave; cet &eacute;v&eacute;nement de trois heures et demie qui abordera la question suivante : <a href=\"https:\/\/oxara.earth\/de-ch\/news\/fachveranstaltung-winterthur-wie-wollen-wir-leben-renaissanc.html\" target=\"_blank\" rel=\"noopener\">comment voulons-nous construire &ndash; et vivre &ndash; &agrave; l&rsquo;avenir ?<\/a><\/p>\n<p class=\"bodytext\">Dans son <a href=\"https:\/\/oxara.earth\/en\/news\/event-winterthur-how-do-we-want-live-renaissance-natural-bui.html\" target=\"_blank\" rel=\"noopener\">invitation<\/a>, l&rsquo;entreprise Oxara, bas&eacute;e &agrave; Dietikon et sp&eacute;cialis&eacute;e dans la construction durable et circulaire, souligne que l&rsquo;<span class=\"glossaryLink\" aria-describedby=\"tt\" data-cmtooltip=\"&lt;div class=glossaryItemTitle&gt;Innovation&lt;\/div&gt;&lt;div class=glossaryItemBody&gt;Innovation in der heutigen Immobilienwelt bedeutet vor allem Digitalisierung von Prozessen. Zum Beispiel das Eliminieren von Tausenden von Excel-Bl&auml;ttern f&uuml;r Portfolio- und Asset-Manager oder das Erstellen einer Anwendung (App) f&uuml;r alle Formalit&auml;ten rund um die Beziehung zwischen Immobilieneigent&uuml;mern, - verwaltung und -mietern.&lt;\/div&gt;\" data-mobile-support=\"0\" data-gt-translate-attributes='[{\"attribute\":\"data-cmtooltip\", \"format\":\"html\"}]' tabindex=\"0\" role=\"link\">innovation<\/span> ne consiste pas toujours &agrave; inventer quelque chose de totalement nouveau : &laquo; Parfois, elle consiste &agrave; repenser des mat&eacute;riaux &eacute;prouv&eacute;s, &agrave; les combiner avec des technologies de construction modernes et &agrave; les faire passer d&rsquo;applications de niche &agrave; la pratique. &raquo; Cette entreprise, sp&eacute;cialis&eacute;e dans l&rsquo;utilisation de mat&eacute;riaux de construction naturels et recycl&eacute;s, <a href=\"https:\/\/www.linkedin.com\/posts\/lehmbau-circularconstruction-knowledgetransfer-ugcPost-7438194031198826497-QDFp\/?utm_source=share&amp;utm_medium=member_desktop&amp;rcm=ACoAADV234EBTMZGREpMdSvNwR5J-1B26araGHM\" target=\"_blank\" rel=\"noopener\">participe<\/a> actuellement de mani&egrave;re d&eacute;terminante &agrave; la construction du nouvel ambassade de Suisse &agrave; Yaound&eacute;, la capitale du Cameroun.<\/p>\n<p class=\"bodytext\">Pour ouvrir cette manifestation sp&eacute;cialis&eacute;e, Bettina Baggenstos rendra compte de la construction de l&rsquo;immeuble de bureaux <a href=\"https:\/\/www.blumer-lehmann.com\/bauprojekte-realisieren\/bauen\/holzelementbau-und-tragwerke\/hortus.html\" target=\"_blank\" rel=\"noopener\">Hortus<\/a> (house of research, technology, utopia and sustainability) &agrave; Allschwil (BL). Hortus a &eacute;t&eacute; con&ccedil;u par les &eacute;quipes de projet de <a href=\"https:\/\/www.herzogdemeuron.com\/\" target=\"_blank\" rel=\"noopener\">Herzog &amp; de Meuron<\/a> et <a href=\"https:\/\/www.zpfing.ch\/de.html\" target=\"_blank\" rel=\"noopener\">de ZPF Ingenieure<\/a>, et r&eacute;alis&eacute; notamment par <a href=\"https:\/\/www.blumer-lehmann.com\/\" target=\"_blank\" rel=\"noopener\">Blumer Lehmann Holzbau<\/a> de Gossau (SG) et la <a href=\"https:\/\/www.lehmit.com\/\" target=\"_blank\" rel=\"noopener\">soci&eacute;t&eacute;<\/a> autrichienne <a href=\"https:\/\/www.lehmit.com\/\" target=\"_blank\" rel=\"noopener\">Lehmit GmbH<\/a>.<\/p>\n<p class=\"bodytext\">Franz Schneider, de la soci&eacute;t&eacute; <a href=\"https:\/\/arento.ch\/\" target=\"_blank\" rel=\"noopener\">arento AG<\/a> de Hinwil (ZH), contribuera &agrave; l&rsquo;&eacute;v&eacute;nement avec son expos&eacute; intitul&eacute; &laquo; Claywood &ndash; un &eacute;chec couronn&eacute; de succ&egrave;s : un immeuble collectif en argile, bois et mat&eacute;riaux recycl&eacute;s &ndash; et les enseignements honn&ecirc;tes tir&eacute;s de la mise en &oelig;uvre &raquo;. Christoph Neururer, de la soci&eacute;t&eacute; <a href=\"https:\/\/www.openly.systems\/\" target=\"_blank\" rel=\"noopener\">OPENLY AG<\/a> de Widnau (SG), s&rsquo;exprimera sur le th&egrave;me &laquo; Mat&eacute;riaux de construction renouvelables &ndash; puits de carbone et transition vers le z&eacute;ro net &raquo;. Rosanna May, du cabinet d&rsquo;architecture zurichois <a href=\"https:\/\/kollektiv-zebra.ch\/\" target=\"_blank\" rel=\"noopener\">Kollektiv Zebra<\/a>, enrichira la r&eacute;flexion sur la question &laquo; Mat&eacute;riaux de construction traditionnels : comment passer d&rsquo;un march&eacute; de niche &agrave; un march&eacute; de masse &raquo; par ses pistes de r&eacute;flexion. Un ap&eacute;ritif cl&ocirc;turera cet &eacute;v&eacute;nement professionnel.<\/p>\n","protected":false},"excerpt":{"rendered":"<p>Oxara et le service de l&rsquo;urbanisme de Winterthour organisent, au laboratoire d&rsquo;innovation de Winterthour Gr\u00fcze, une rencontre professionnelle consacr\u00e9e aux mat\u00e9riaux de construction naturels. Le 9 juin, quatre experts y pr\u00e9senteront leurs projets et discuteront de la mani\u00e8re dont l&rsquo;utilisation des mat\u00e9riaux traditionnels peut \u00eatre repens\u00e9e dans une perspective moderne.<\/p>\n","protected":false},"author":2,"featured_media":157945,"comment_status":"open","ping_status":"open","sticky":false,"template":"","format":"standard","meta":{"pmpro_default_level":"","inline_featured_image":false,"_monsterinsights_skip_tracking":false,"footnotes":""},"categories":[22699,743,22357,55979],"tags":[872,3931,47026,2002,7527],"class_list":["post-157944","post","type-post","status-publish","format-standard","has-post-thumbnail","hentry","category-durabilite","category-immonews-fr","category-industrie-du-batiment","category-promotion-du-site","tag-immoinvest-fr","tag-immonews-fr","tag-lehmbau-fr","tag-news-fr","tag-zirkulaeres-bauen-fr","pmpro-has-access"],"acf":{"bild_mit_ki_erstellt_worden":["Ja"],"lead":"Oxara et le service de l'urbanisme de Winterthour organisent, au laboratoire d'innovation de Winterthour Gr\u00fcze, une rencontre professionnelle consacr\u00e9e aux mat\u00e9riaux de construction naturels. Le 9 juin, quatre experts y pr\u00e9senteront leurs projets et discuteront de la mani\u00e8re dont l'utilisation des mat\u00e9riaux traditionnels peut \u00eatre repens\u00e9e dans une perspective moderne.","autor":"ce\/mm","ort":"Winterthur\/Dietikon ZH","bildunterschrift":"","bild_im_grid":false,"gallerie":"","newsim":""},"aioseo_notices":[],"aioseo_head":"\n\t\t<!-- All in One SEO 5.0.0.1 - aioseo.com -->\n\t<meta name=\"description\" content=\"Oxara et le service de l&#039;urbanisme de Winterthour organisent, au laboratoire d&#039;innovation de Winterthour Gr\u00fcze, une rencontre professionnelle consacr\u00e9e aux mat\u00e9riaux de construction naturels. Le 9 juin, quatre experts y pr\u00e9senteront leurs projets et discuteront de la mani\u00e8re dont l&#039;utilisation des mat\u00e9riaux traditionnels peut \u00eatre repens\u00e9e dans une perspective moderne.\" \/>\n\t<meta name=\"robots\" content=\"max-image-preview:large\" \/>\n\t<meta name=\"author\" content=\"immovestuser\"\/>\n\t<meta name=\"google-site-verification\" content=\"fHJKvgWpZCR2zVBHWfkQeFXC11qieUSff0HGNYfuyLA\" \/>\n\t<link rel=\"canonical\" href=\"https:\/\/www.immo-invest.ch\/fr\/fachveranstaltung-zeigt-wege-zu-zirkulaerem-bauen\/\" \/>\n\t<meta name=\"generator\" content=\"All in One SEO (AIOSEO) 5.0.0.1\" \/>\n\t\t<meta property=\"og:locale\" content=\"fr_FR\" \/>\n\t\t<meta property=\"og:site_name\" content=\"immo!nvest - Die Plattform f\u00fcr Standorte und Immobilien - Die\u00a0Plattform f\u00fcr Standorte und Immobilien\" \/>\n\t\t<meta property=\"og:type\" content=\"article\" \/>\n\t\t<meta property=\"og:title\" content=\"Une conf\u00e9rence sp\u00e9cialis\u00e9e pr\u00e9sente les voies vers la construction circulaire - immo!nvest - Die Plattform f\u00fcr Standorte und Immobilien\" \/>\n\t\t<meta property=\"og:description\" content=\"Oxara et le service de l&#039;urbanisme de Winterthour organisent, au laboratoire d&#039;innovation de Winterthour Gr\u00fcze, une rencontre professionnelle consacr\u00e9e aux mat\u00e9riaux de construction naturels. Le 9 juin, quatre experts y pr\u00e9senteront leurs projets et discuteront de la mani\u00e8re dont l&#039;utilisation des mat\u00e9riaux traditionnels peut \u00eatre repens\u00e9e dans une perspective moderne.\" \/>\n\t\t<meta property=\"og:url\" content=\"https:\/\/www.immo-invest.ch\/fr\/fachveranstaltung-zeigt-wege-zu-zirkulaerem-bauen\/\" \/>\n\t\t<meta property=\"og:image\" content=\"https:\/\/www.immo-invest.ch\/wp-content\/uploads\/2026\/05\/banoviag_MIDJOURNEY-PROMPT_sustainable_construction_innovatio_c8d80cf8-0fc9-4641-b10e-be9fc39e33ce_3.png\" \/>\n\t\t<meta property=\"og:image:secure_url\" content=\"https:\/\/www.immo-invest.ch\/wp-content\/uploads\/2026\/05\/banoviag_MIDJOURNEY-PROMPT_sustainable_construction_innovatio_c8d80cf8-0fc9-4641-b10e-be9fc39e33ce_3.png\" \/>\n\t\t<meta property=\"og:image:width\" content=\"1536\" \/>\n\t\t<meta property=\"og:image:height\" content=\"768\" \/>\n\t\t<meta property=\"article:published_time\" content=\"2026-06-01T14:20:00+00:00\" \/>\n\t\t<meta property=\"article:modified_time\" content=\"2026-05-29T07:47:50+00:00\" \/>\n\t\t<meta property=\"article:publisher\" content=\"https:\/\/www.facebook.com\/people\/Immoinvest\/100077962920504\/\" \/>\n\t\t<meta name=\"twitter:card\" content=\"summary_large_image\" \/>\n\t\t<meta name=\"twitter:site\" content=\"@i\" \/>\n\t\t<meta name=\"twitter:title\" content=\"Une conf\u00e9rence sp\u00e9cialis\u00e9e pr\u00e9sente les voies vers la construction circulaire - immo!nvest - Die Plattform f\u00fcr Standorte und Immobilien\" \/>\n\t\t<meta name=\"twitter:description\" content=\"Oxara et le service de l&#039;urbanisme de Winterthour organisent, au laboratoire d&#039;innovation de Winterthour Gr\u00fcze, une rencontre professionnelle consacr\u00e9e aux mat\u00e9riaux de construction naturels. Le 9 juin, quatre experts y pr\u00e9senteront leurs projets et discuteront de la mani\u00e8re dont l&#039;utilisation des mat\u00e9riaux traditionnels peut \u00eatre repens\u00e9e dans une perspective moderne.\" \/>\n\t\t<meta name=\"twitter:creator\" content=\"@i\" \/>\n\t\t<meta name=\"twitter:image\" content=\"https:\/\/www.immo-invest.ch\/wp-content\/uploads\/2026\/05\/banoviag_MIDJOURNEY-PROMPT_sustainable_construction_innovatio_c8d80cf8-0fc9-4641-b10e-be9fc39e33ce_3.png\" \/>\n\t\t<script type=\"application\/ld+json\" class=\"aioseo-schema\">\n\t\t\t{\"@context\":\"https:\\\/\\\/schema.org\",\"@graph\":[{\"@type\":\"BlogPosting\",\"@id\":\"https:\\\/\\\/www.immo-invest.ch\\\/fr\\\/fachveranstaltung-zeigt-wege-zu-zirkulaerem-bauen\\\/#blogposting\",\"name\":\"Une conf\\u00e9rence sp\\u00e9cialis\\u00e9e pr\\u00e9sente les voies vers la construction circulaire - immo!nvest - Die Plattform f\\u00fcr Standorte und Immobilien\",\"headline\":\"Une conf\\u00e9rence sp\\u00e9cialis\\u00e9e pr\\u00e9sente les voies vers la construction circulaire\",\"author\":{\"@id\":\"https:\\\/\\\/www.immo-invest.ch\\\/fr\\\/author\\\/immovestuser\\\/#author\"},\"publisher\":{\"@id\":\"https:\\\/\\\/www.immo-invest.ch\\\/fr\\\/#organization\"},\"image\":{\"@type\":\"ImageObject\",\"url\":\"https:\\\/\\\/www.immo-invest.ch\\\/wp-content\\\/uploads\\\/2026\\\/05\\\/banoviag_MIDJOURNEY-PROMPT_sustainable_construction_innovatio_c8d80cf8-0fc9-4641-b10e-be9fc39e33ce_3.png\",\"width\":1536,\"height\":768},\"datePublished\":\"2026-06-01T16:20:00+02:00\",\"dateModified\":\"2026-05-29T09:47:50+02:00\",\"inLanguage\":\"fr-FR\",\"mainEntityOfPage\":{\"@id\":\"https:\\\/\\\/www.immo-invest.ch\\\/fr\\\/fachveranstaltung-zeigt-wege-zu-zirkulaerem-bauen\\\/#webpage\"},\"isPartOf\":{\"@id\":\"https:\\\/\\\/www.immo-invest.ch\\\/fr\\\/fachveranstaltung-zeigt-wege-zu-zirkulaerem-bauen\\\/#webpage\"},\"articleSection\":\"Durabilit\\u00e9, immoNews, Industrie du b\\u00e2timent, Promotion du site, Immoinvest, immoNews, Lehmbau, News, zirkul\\u00e4res Bauen, Facultatif\"},{\"@type\":\"BreadcrumbList\",\"@id\":\"https:\\\/\\\/www.immo-invest.ch\\\/fr\\\/fachveranstaltung-zeigt-wege-zu-zirkulaerem-bauen\\\/#breadcrumblist\",\"itemListElement\":[{\"@type\":\"ListItem\",\"@id\":\"https:\\\/\\\/www.immo-invest.ch\\\/fr\\\/#listItem\",\"position\":1,\"name\":\"Home\",\"item\":\"https:\\\/\\\/www.immo-invest.ch\\\/fr\\\/\",\"nextItem\":{\"@type\":\"ListItem\",\"@id\":\"https:\\\/\\\/www.immo-invest.ch\\\/fr\\\/categories\\\/trends-fr\\\/#listItem\",\"name\":\"Trends\"}},{\"@type\":\"ListItem\",\"@id\":\"https:\\\/\\\/www.immo-invest.ch\\\/fr\\\/categories\\\/trends-fr\\\/#listItem\",\"position\":2,\"name\":\"Trends\",\"item\":\"https:\\\/\\\/www.immo-invest.ch\\\/fr\\\/categories\\\/trends-fr\\\/\",\"nextItem\":{\"@type\":\"ListItem\",\"@id\":\"https:\\\/\\\/www.immo-invest.ch\\\/fr\\\/categories\\\/trends-fr\\\/industrie-du-batiment\\\/#listItem\",\"name\":\"Industrie du b\\u00e2timent\"},\"previousItem\":{\"@type\":\"ListItem\",\"@id\":\"https:\\\/\\\/www.immo-invest.ch\\\/fr\\\/#listItem\",\"name\":\"Home\"}},{\"@type\":\"ListItem\",\"@id\":\"https:\\\/\\\/www.immo-invest.ch\\\/fr\\\/categories\\\/trends-fr\\\/industrie-du-batiment\\\/#listItem\",\"position\":3,\"name\":\"Industrie du b\\u00e2timent\",\"item\":\"https:\\\/\\\/www.immo-invest.ch\\\/fr\\\/categories\\\/trends-fr\\\/industrie-du-batiment\\\/\",\"nextItem\":{\"@type\":\"ListItem\",\"@id\":\"https:\\\/\\\/www.immo-invest.ch\\\/fr\\\/fachveranstaltung-zeigt-wege-zu-zirkulaerem-bauen\\\/#listItem\",\"name\":\"Une conf\\u00e9rence sp\\u00e9cialis\\u00e9e pr\\u00e9sente les voies vers la construction circulaire\"},\"previousItem\":{\"@type\":\"ListItem\",\"@id\":\"https:\\\/\\\/www.immo-invest.ch\\\/fr\\\/categories\\\/trends-fr\\\/#listItem\",\"name\":\"Trends\"}},{\"@type\":\"ListItem\",\"@id\":\"https:\\\/\\\/www.immo-invest.ch\\\/fr\\\/fachveranstaltung-zeigt-wege-zu-zirkulaerem-bauen\\\/#listItem\",\"position\":4,\"name\":\"Une conf\\u00e9rence sp\\u00e9cialis\\u00e9e pr\\u00e9sente les voies vers la construction circulaire\",\"previousItem\":{\"@type\":\"ListItem\",\"@id\":\"https:\\\/\\\/www.immo-invest.ch\\\/fr\\\/categories\\\/trends-fr\\\/industrie-du-batiment\\\/#listItem\",\"name\":\"Industrie du b\\u00e2timent\"}}]},{\"@type\":\"Organization\",\"@id\":\"https:\\\/\\\/www.immo-invest.ch\\\/fr\\\/#organization\",\"name\":\"immo!nvest - Die Plattform f\\u00fcr Standorte und Immobilien\",\"description\":\"Die\\u00a0Plattform f\\u00fcr Standorte und Immobilien\",\"url\":\"https:\\\/\\\/www.immo-invest.ch\\\/fr\\\/\",\"email\":\"admin@immomedia.ag\",\"telephone\":\"+41444420002\",\"logo\":{\"@type\":\"ImageObject\",\"url\":\"https:\\\/\\\/www.immo-invest.ch\\\/wp-content\\\/uploads\\\/2024\\\/09\\\/immoinvest_sm-scaled.jpg\",\"@id\":\"https:\\\/\\\/www.immo-invest.ch\\\/fr\\\/fachveranstaltung-zeigt-wege-zu-zirkulaerem-bauen\\\/#organizationLogo\",\"width\":2560,\"height\":1340},\"image\":{\"@id\":\"https:\\\/\\\/www.immo-invest.ch\\\/fr\\\/fachveranstaltung-zeigt-wege-zu-zirkulaerem-bauen\\\/#organizationLogo\"},\"sameAs\":[\"https:\\\/\\\/www.facebook.com\\\/people\\\/Immoinvest\\\/100077962920504\\\/\",\"https:\\\/\\\/x.com\\\/i\\\/flow\\\/login?redirect_after_login=immoinvest_ch\",\"https:\\\/\\\/www.instagram.com\\\/immoinvest_ch\\\/\",\"https:\\\/\\\/www.linkedin.com\\\/company\\\/immoinvest-swiss\"]},{\"@type\":\"Person\",\"@id\":\"https:\\\/\\\/www.immo-invest.ch\\\/fr\\\/author\\\/immovestuser\\\/#author\",\"url\":\"https:\\\/\\\/www.immo-invest.ch\\\/fr\\\/author\\\/immovestuser\\\/\",\"name\":\"immovestuser\",\"image\":{\"@type\":\"ImageObject\",\"@id\":\"https:\\\/\\\/www.immo-invest.ch\\\/fr\\\/fachveranstaltung-zeigt-wege-zu-zirkulaerem-bauen\\\/#authorImage\",\"url\":\"https:\\\/\\\/secure.gravatar.com\\\/avatar\\\/8e01f4d99f2eeea7a362ebb93305e1172a70e9293ba250f897a65c39f54cdd1e?s=96&d=mm&r=g\",\"width\":96,\"height\":96,\"caption\":\"immovestuser\"}},{\"@type\":\"WebPage\",\"@id\":\"https:\\\/\\\/www.immo-invest.ch\\\/fr\\\/fachveranstaltung-zeigt-wege-zu-zirkulaerem-bauen\\\/#webpage\",\"url\":\"https:\\\/\\\/www.immo-invest.ch\\\/fr\\\/fachveranstaltung-zeigt-wege-zu-zirkulaerem-bauen\\\/\",\"name\":\"Une conf\\u00e9rence sp\\u00e9cialis\\u00e9e pr\\u00e9sente les voies vers la construction circulaire - immo!nvest - Die Plattform f\\u00fcr Standorte und Immobilien\",\"description\":\"Oxara et le service de l'urbanisme de Winterthour organisent, au laboratoire d'innovation de Winterthour Gr\\u00fcze, une rencontre professionnelle consacr\\u00e9e aux mat\\u00e9riaux de construction naturels. Le 9 juin, quatre experts y pr\\u00e9senteront leurs projets et discuteront de la mani\\u00e8re dont l'utilisation des mat\\u00e9riaux traditionnels peut \\u00eatre repens\\u00e9e dans une perspective moderne.\",\"inLanguage\":\"fr-FR\",\"isPartOf\":{\"@id\":\"https:\\\/\\\/www.immo-invest.ch\\\/fr\\\/#website\"},\"breadcrumb\":{\"@id\":\"https:\\\/\\\/www.immo-invest.ch\\\/fr\\\/fachveranstaltung-zeigt-wege-zu-zirkulaerem-bauen\\\/#breadcrumblist\"},\"author\":{\"@id\":\"https:\\\/\\\/www.immo-invest.ch\\\/fr\\\/author\\\/immovestuser\\\/#author\"},\"creator\":{\"@id\":\"https:\\\/\\\/www.immo-invest.ch\\\/fr\\\/author\\\/immovestuser\\\/#author\"},\"image\":{\"@type\":\"ImageObject\",\"url\":\"https:\\\/\\\/www.immo-invest.ch\\\/wp-content\\\/uploads\\\/2026\\\/05\\\/banoviag_MIDJOURNEY-PROMPT_sustainable_construction_innovatio_c8d80cf8-0fc9-4641-b10e-be9fc39e33ce_3.png\",\"@id\":\"https:\\\/\\\/www.immo-invest.ch\\\/fr\\\/fachveranstaltung-zeigt-wege-zu-zirkulaerem-bauen\\\/#mainImage\",\"width\":1536,\"height\":768},\"primaryImageOfPage\":{\"@id\":\"https:\\\/\\\/www.immo-invest.ch\\\/fr\\\/fachveranstaltung-zeigt-wege-zu-zirkulaerem-bauen\\\/#mainImage\"},\"datePublished\":\"2026-06-01T16:20:00+02:00\",\"dateModified\":\"2026-05-29T09:47:50+02:00\"},{\"@type\":\"WebSite\",\"@id\":\"https:\\\/\\\/www.immo-invest.ch\\\/fr\\\/#website\",\"url\":\"https:\\\/\\\/www.immo-invest.ch\\\/fr\\\/\",\"name\":\"immo!nvest - Die Plattform f\\u00fcr Standorte und Immobilien\",\"description\":\"Die\\u00a0Plattform f\\u00fcr Standorte und Immobilien\",\"inLanguage\":\"fr-FR\",\"publisher\":{\"@id\":\"https:\\\/\\\/www.immo-invest.ch\\\/fr\\\/#organization\"}}]}\n\t\t<\/script>\n\t\t<!-- All in One SEO -->\n\n","aioseo_head_json":{"title":"Une conf\u00e9rence sp\u00e9cialis\u00e9e pr\u00e9sente les voies vers la construction circulaire - immo!nvest - Die Plattform f\u00fcr Standorte und Immobilien","description":"Oxara et le service de l'urbanisme de Winterthour organisent, au laboratoire d'innovation de Winterthour Gr\u00fcze, une rencontre professionnelle consacr\u00e9e aux mat\u00e9riaux de construction naturels. Le 9 juin, quatre experts y pr\u00e9senteront leurs projets et discuteront de la mani\u00e8re dont l'utilisation des mat\u00e9riaux traditionnels peut \u00eatre repens\u00e9e dans une perspective moderne.","canonical_url":"https:\/\/www.immo-invest.ch\/fr\/fachveranstaltung-zeigt-wege-zu-zirkulaerem-bauen\/","robots":"max-image-preview:large","keywords":"","webmasterTools":{"google-site-verification":"fHJKvgWpZCR2zVBHWfkQeFXC11qieUSff0HGNYfuyLA","miscellaneous":""},"schema":{"@context":"https:\/\/schema.org","@graph":[{"@type":"BlogPosting","@id":"https:\/\/www.immo-invest.ch\/fr\/fachveranstaltung-zeigt-wege-zu-zirkulaerem-bauen\/#blogposting","name":"Une conf\u00e9rence sp\u00e9cialis\u00e9e pr\u00e9sente les voies vers la construction circulaire - immo!nvest - Die Plattform f\u00fcr Standorte und Immobilien","headline":"Une conf\u00e9rence sp\u00e9cialis\u00e9e pr\u00e9sente les voies vers la construction circulaire","author":{"@id":"https:\/\/www.immo-invest.ch\/fr\/author\/immovestuser\/#author"},"publisher":{"@id":"https:\/\/www.immo-invest.ch\/fr\/#organization"},"image":{"@type":"ImageObject","url":"https:\/\/www.immo-invest.ch\/wp-content\/uploads\/2026\/05\/banoviag_MIDJOURNEY-PROMPT_sustainable_construction_innovatio_c8d80cf8-0fc9-4641-b10e-be9fc39e33ce_3.png","width":1536,"height":768},"datePublished":"2026-06-01T16:20:00+02:00","dateModified":"2026-05-29T09:47:50+02:00","inLanguage":"fr-FR","mainEntityOfPage":{"@id":"https:\/\/www.immo-invest.ch\/fr\/fachveranstaltung-zeigt-wege-zu-zirkulaerem-bauen\/#webpage"},"isPartOf":{"@id":"https:\/\/www.immo-invest.ch\/fr\/fachveranstaltung-zeigt-wege-zu-zirkulaerem-bauen\/#webpage"},"articleSection":"Durabilit\u00e9, immoNews, Industrie du b\u00e2timent, Promotion du site, Immoinvest, immoNews, Lehmbau, News, zirkul\u00e4res Bauen, Facultatif"},{"@type":"BreadcrumbList","@id":"https:\/\/www.immo-invest.ch\/fr\/fachveranstaltung-zeigt-wege-zu-zirkulaerem-bauen\/#breadcrumblist","itemListElement":[{"@type":"ListItem","@id":"https:\/\/www.immo-invest.ch\/fr\/#listItem","position":1,"name":"Home","item":"https:\/\/www.immo-invest.ch\/fr\/","nextItem":{"@type":"ListItem","@id":"https:\/\/www.immo-invest.ch\/fr\/categories\/trends-fr\/#listItem","name":"Trends"}},{"@type":"ListItem","@id":"https:\/\/www.immo-invest.ch\/fr\/categories\/trends-fr\/#listItem","position":2,"name":"Trends","item":"https:\/\/www.immo-invest.ch\/fr\/categories\/trends-fr\/","nextItem":{"@type":"ListItem","@id":"https:\/\/www.immo-invest.ch\/fr\/categories\/trends-fr\/industrie-du-batiment\/#listItem","name":"Industrie du b\u00e2timent"},"previousItem":{"@type":"ListItem","@id":"https:\/\/www.immo-invest.ch\/fr\/#listItem","name":"Home"}},{"@type":"ListItem","@id":"https:\/\/www.immo-invest.ch\/fr\/categories\/trends-fr\/industrie-du-batiment\/#listItem","position":3,"name":"Industrie du b\u00e2timent","item":"https:\/\/www.immo-invest.ch\/fr\/categories\/trends-fr\/industrie-du-batiment\/","nextItem":{"@type":"ListItem","@id":"https:\/\/www.immo-invest.ch\/fr\/fachveranstaltung-zeigt-wege-zu-zirkulaerem-bauen\/#listItem","name":"Une conf\u00e9rence sp\u00e9cialis\u00e9e pr\u00e9sente les voies vers la construction circulaire"},"previousItem":{"@type":"ListItem","@id":"https:\/\/www.immo-invest.ch\/fr\/categories\/trends-fr\/#listItem","name":"Trends"}},{"@type":"ListItem","@id":"https:\/\/www.immo-invest.ch\/fr\/fachveranstaltung-zeigt-wege-zu-zirkulaerem-bauen\/#listItem","position":4,"name":"Une conf\u00e9rence sp\u00e9cialis\u00e9e pr\u00e9sente les voies vers la construction circulaire","previousItem":{"@type":"ListItem","@id":"https:\/\/www.immo-invest.ch\/fr\/categories\/trends-fr\/industrie-du-batiment\/#listItem","name":"Industrie du b\u00e2timent"}}]},{"@type":"Organization","@id":"https:\/\/www.immo-invest.ch\/fr\/#organization","name":"immo!nvest - Die Plattform f\u00fcr Standorte und Immobilien","description":"Die\u00a0Plattform f\u00fcr Standorte und Immobilien","url":"https:\/\/www.immo-invest.ch\/fr\/","email":"admin@immomedia.ag","telephone":"+41444420002","logo":{"@type":"ImageObject","url":"https:\/\/www.immo-invest.ch\/wp-content\/uploads\/2024\/09\/immoinvest_sm-scaled.jpg","@id":"https:\/\/www.immo-invest.ch\/fr\/fachveranstaltung-zeigt-wege-zu-zirkulaerem-bauen\/#organizationLogo","width":2560,"height":1340},"image":{"@id":"https:\/\/www.immo-invest.ch\/fr\/fachveranstaltung-zeigt-wege-zu-zirkulaerem-bauen\/#organizationLogo"},"sameAs":["https:\/\/www.facebook.com\/people\/Immoinvest\/100077962920504\/","https:\/\/x.com\/i\/flow\/login?redirect_after_login=immoinvest_ch","https:\/\/www.instagram.com\/immoinvest_ch\/","https:\/\/www.linkedin.com\/company\/immoinvest-swiss"]},{"@type":"Person","@id":"https:\/\/www.immo-invest.ch\/fr\/author\/immovestuser\/#author","url":"https:\/\/www.immo-invest.ch\/fr\/author\/immovestuser\/","name":"immovestuser","image":{"@type":"ImageObject","@id":"https:\/\/www.immo-invest.ch\/fr\/fachveranstaltung-zeigt-wege-zu-zirkulaerem-bauen\/#authorImage","url":"https:\/\/secure.gravatar.com\/avatar\/8e01f4d99f2eeea7a362ebb93305e1172a70e9293ba250f897a65c39f54cdd1e?s=96&d=mm&r=g","width":96,"height":96,"caption":"immovestuser"}},{"@type":"WebPage","@id":"https:\/\/www.immo-invest.ch\/fr\/fachveranstaltung-zeigt-wege-zu-zirkulaerem-bauen\/#webpage","url":"https:\/\/www.immo-invest.ch\/fr\/fachveranstaltung-zeigt-wege-zu-zirkulaerem-bauen\/","name":"Une conf\u00e9rence sp\u00e9cialis\u00e9e pr\u00e9sente les voies vers la construction circulaire - immo!nvest - Die Plattform f\u00fcr Standorte und Immobilien","description":"Oxara et le service de l'urbanisme de Winterthour organisent, au laboratoire d'innovation de Winterthour Gr\u00fcze, une rencontre professionnelle consacr\u00e9e aux mat\u00e9riaux de construction naturels. Le 9 juin, quatre experts y pr\u00e9senteront leurs projets et discuteront de la mani\u00e8re dont l'utilisation des mat\u00e9riaux traditionnels peut \u00eatre repens\u00e9e dans une perspective moderne.","inLanguage":"fr-FR","isPartOf":{"@id":"https:\/\/www.immo-invest.ch\/fr\/#website"},"breadcrumb":{"@id":"https:\/\/www.immo-invest.ch\/fr\/fachveranstaltung-zeigt-wege-zu-zirkulaerem-bauen\/#breadcrumblist"},"author":{"@id":"https:\/\/www.immo-invest.ch\/fr\/author\/immovestuser\/#author"},"creator":{"@id":"https:\/\/www.immo-invest.ch\/fr\/author\/immovestuser\/#author"},"image":{"@type":"ImageObject","url":"https:\/\/www.immo-invest.ch\/wp-content\/uploads\/2026\/05\/banoviag_MIDJOURNEY-PROMPT_sustainable_construction_innovatio_c8d80cf8-0fc9-4641-b10e-be9fc39e33ce_3.png","@id":"https:\/\/www.immo-invest.ch\/fr\/fachveranstaltung-zeigt-wege-zu-zirkulaerem-bauen\/#mainImage","width":1536,"height":768},"primaryImageOfPage":{"@id":"https:\/\/www.immo-invest.ch\/fr\/fachveranstaltung-zeigt-wege-zu-zirkulaerem-bauen\/#mainImage"},"datePublished":"2026-06-01T16:20:00+02:00","dateModified":"2026-05-29T09:47:50+02:00"},{"@type":"WebSite","@id":"https:\/\/www.immo-invest.ch\/fr\/#website","url":"https:\/\/www.immo-invest.ch\/fr\/","name":"immo!nvest - Die Plattform f\u00fcr Standorte und Immobilien","description":"Die\u00a0Plattform f\u00fcr Standorte und Immobilien","inLanguage":"fr-FR","publisher":{"@id":"https:\/\/www.immo-invest.ch\/fr\/#organization"}}]},"og:locale":"fr_FR","og:site_name":"immo!nvest - Die Plattform f\u00fcr Standorte und Immobilien - Die\u00a0Plattform f\u00fcr Standorte und Immobilien","og:type":"article","og:title":"Une conf\u00e9rence sp\u00e9cialis\u00e9e pr\u00e9sente les voies vers la construction circulaire - immo!nvest - Die Plattform f\u00fcr Standorte und Immobilien","og:description":"Oxara et le service de l'urbanisme de Winterthour organisent, au laboratoire d'innovation de Winterthour Gr\u00fcze, une rencontre professionnelle consacr\u00e9e aux mat\u00e9riaux de construction naturels. Le 9 juin, quatre experts y pr\u00e9senteront leurs projets et discuteront de la mani\u00e8re dont l'utilisation des mat\u00e9riaux traditionnels peut \u00eatre repens\u00e9e dans une perspective moderne.","og:url":"https:\/\/www.immo-invest.ch\/fr\/fachveranstaltung-zeigt-wege-zu-zirkulaerem-bauen\/","og:image":"https:\/\/www.immo-invest.ch\/wp-content\/uploads\/2026\/05\/banoviag_MIDJOURNEY-PROMPT_sustainable_construction_innovatio_c8d80cf8-0fc9-4641-b10e-be9fc39e33ce_3.png","og:image:secure_url":"https:\/\/www.immo-invest.ch\/wp-content\/uploads\/2026\/05\/banoviag_MIDJOURNEY-PROMPT_sustainable_construction_innovatio_c8d80cf8-0fc9-4641-b10e-be9fc39e33ce_3.png","og:image:width":1536,"og:image:height":768,"article:published_time":"2026-06-01T14:20:00+00:00","article:modified_time":"2026-05-29T07:47:50+00:00","article:publisher":"https:\/\/www.facebook.com\/people\/Immoinvest\/100077962920504\/","twitter:card":"summary_large_image","twitter:site":"@i","twitter:title":"Une conf\u00e9rence sp\u00e9cialis\u00e9e pr\u00e9sente les voies vers la construction circulaire - immo!nvest - Die Plattform f\u00fcr Standorte und Immobilien","twitter:description":"Oxara et le service de l'urbanisme de Winterthour organisent, au laboratoire d'innovation de Winterthour Gr\u00fcze, une rencontre professionnelle consacr\u00e9e aux mat\u00e9riaux de construction naturels. Le 9 juin, quatre experts y pr\u00e9senteront leurs projets et discuteront de la mani\u00e8re dont l'utilisation des mat\u00e9riaux traditionnels peut \u00eatre repens\u00e9e dans une perspective moderne.","twitter:creator":"@i","twitter:image":"https:\/\/www.immo-invest.ch\/wp-content\/uploads\/2026\/05\/banoviag_MIDJOURNEY-PROMPT_sustainable_construction_innovatio_c8d80cf8-0fc9-4641-b10e-be9fc39e33ce_3.png"},"aioseo_meta_data":{"post_id":"157944","title":null,"description":null,"keywords":null,"keyphrases":{"focus":{"keyphrase":"","score":0,"analysis":{"keyphraseInTitle":{"score":0,"maxScore":9,"error":1}}},"additional":[]},"primary_term":null,"canonical_url":null,"og_title":null,"og_description":null,"og_object_type":"default","og_image_type":"default","og_image_url":null,"og_image_width":null,"og_image_height":null,"og_image_custom_url":null,"og_image_custom_fields":null,"og_video":"","og_custom_url":null,"og_article_section":null,"og_article_tags":null,"twitter_use_og":false,"twitter_card":"default","twitter_image_type":"default","twitter_image_url":null,"twitter_image_custom_url":null,"twitter_image_custom_fields":null,"twitter_title":null,"twitter_description":null,"schema":{"blockGraphs":[],"customGraphs":[],"default":{"data":{"Article":[],"Course":[],"Dataset":[],"FAQPage":[],"Movie":[],"Person":[],"Product":[],"ProductReview":[],"Car":[],"Recipe":[],"Service":[],"SoftwareApplication":[],"WebPage":[]},"graphName":"BlogPosting","isEnabled":true},"graphs":[]},"schema_type":"default","schema_type_options":null,"pillar_content":false,"robots_default":true,"robots_noindex":false,"robots_noarchive":false,"robots_nosnippet":false,"robots_nofollow":false,"robots_noimageindex":false,"robots_noodp":false,"robots_notranslate":false,"robots_max_snippet":"-1","robots_max_videopreview":"-1","robots_max_imagepreview":"large","priority":null,"frequency":"default","local_seo":null,"breadcrumb_settings":null,"limit_modified_date":false,"ai":{"faqs":[],"keyPoints":[],"schemas":[],"titles":[],"descriptions":[],"socialPosts":{"email":[],"linkedin":[],"twitter":[],"facebook":[],"instagram":[]}},"created":"2026-05-29 07:46:46","updated":"2026-06-01 20:06:31","seo_analyzer_scan_date":null,"focus_keyword":null,"additional_keywords":null,"truseo_locale":null},"aioseo_breadcrumb":"<div class=\"aioseo-breadcrumbs\"><span class=\"aioseo-breadcrumb\">\n\t\t\t<a href=\"https:\/\/www.immo-invest.ch\/fr\/\" title=\"Home\">Home<\/a>\n\t\t<\/span><span class=\"aioseo-breadcrumb-separator\">&raquo;<\/span><span class=\"aioseo-breadcrumb\">\n\t\t\t<a href=\"https:\/\/www.immo-invest.ch\/fr\/categories\/trends-fr\/\" title=\"Trends\">Trends<\/a>\n\t\t<\/span><span class=\"aioseo-breadcrumb-separator\">&raquo;<\/span><span class=\"aioseo-breadcrumb\">\n\t\t\t<a href=\"https:\/\/www.immo-invest.ch\/fr\/categories\/trends-fr\/industrie-du-batiment\/\" title=\"Industrie du b\u00e2timent\">Industrie du b\u00e2timent<\/a>\n\t\t<\/span><span class=\"aioseo-breadcrumb-separator\">&raquo;<\/span><span class=\"aioseo-breadcrumb\">\n\t\t\tUne conf\u00e9rence sp\u00e9cialis\u00e9e pr\u00e9sente les voies vers la construction circulaire\n\t\t<\/span><\/div>","aioseo_breadcrumb_json":[{"label":"Home","link":"https:\/\/www.immo-invest.ch\/fr\/"},{"label":"Trends","link":"https:\/\/www.immo-invest.ch\/fr\/categories\/trends-fr\/"},{"label":"Industrie du b\u00e2timent","link":"https:\/\/www.immo-invest.ch\/fr\/categories\/trends-fr\/industrie-du-batiment\/"},{"label":"Une conf\u00e9rence sp\u00e9cialis\u00e9e pr\u00e9sente les voies vers la construction circulaire","link":"https:\/\/www.immo-invest.ch\/fr\/fachveranstaltung-zeigt-wege-zu-zirkulaerem-bauen\/"}],"featured_image_src":"https:\/\/www.immo-invest.ch\/wp-content\/uploads\/2026\/05\/banoviag_MIDJOURNEY-PROMPT_sustainable_construction_innovatio_c8d80cf8-0fc9-4641-b10e-be9fc39e33ce_3-336x168.png","_links":{"self":[{"href":"https:\/\/www.immo-invest.ch\/fr\/wp-json\/wp\/v2\/posts\/157944","targetHints":{"allow":["GET"]}}],"collection":[{"href":"https:\/\/www.immo-invest.ch\/fr\/wp-json\/wp\/v2\/posts"}],"about":[{"href":"https:\/\/www.immo-invest.ch\/fr\/wp-json\/wp\/v2\/types\/post"}],"author":[{"embeddable":true,"href":"https:\/\/www.immo-invest.ch\/fr\/wp-json\/wp\/v2\/users\/2"}],"replies":[{"embeddable":true,"href":"https:\/\/www.immo-invest.ch\/fr\/wp-json\/wp\/v2\/comments?post=157944"}],"version-history":[{"count":4,"href":"https:\/\/www.immo-invest.ch\/fr\/wp-json\/wp\/v2\/posts\/157944\/revisions"}],"predecessor-version":[{"id":157959,"href":"https:\/\/www.immo-invest.ch\/fr\/wp-json\/wp\/v2\/posts\/157944\/revisions\/157959"}],"wp:featuredmedia":[{"embeddable":true,"href":"https:\/\/www.immo-invest.ch\/fr\/wp-json\/wp\/v2\/media\/157945"}],"wp:attachment":[{"href":"https:\/\/www.immo-invest.ch\/fr\/wp-json\/wp\/v2\/media?parent=157944"}],"wp:term":[{"taxonomy":"category","embeddable":true,"href":"https:\/\/www.immo-invest.ch\/fr\/wp-json\/wp\/v2\/categories?post=157944"},{"taxonomy":"post_tag","embeddable":true,"href":"https:\/\/www.immo-invest.ch\/fr\/wp-json\/wp\/v2\/tags?post=157944"}],"curies":[{"name":"wp","href":"https:\/\/api.w.org\/{rel}","templated":true}]}}