{"id":157865,"date":"2026-05-29T16:20:00","date_gmt":"2026-05-29T14:20:00","guid":{"rendered":"https:\/\/www.immo-invest.ch\/?p=157865"},"modified":"2026-05-27T11:58:02","modified_gmt":"2026-05-27T09:58:02","slug":"neue-wirtschaftsallianz-staerkt-die-stimme-des-berner-oberlands","status":"publish","type":"post","link":"https:\/\/www.immo-invest.ch\/fr\/neue-wirtschaftsallianz-staerkt-die-stimme-des-berner-oberlands\/","title":{"rendered":"Une nouvelle alliance \u00e9conomique renforce la voix de l&rsquo;Oberland bernois"},"content":{"rendered":"<p class=\"bodytext\"><a href=\"https:\/\/www.bern-cci.ch\/thun-oberland\" target=\"_blank\" rel=\"noopener\">L&rsquo;association &eacute;conomique de Thoune-Oberland<\/a> et la Soci&eacute;t&eacute; du commerce et de l&rsquo;industrie du canton de Berne (HIV), section Interlaken-Oberhasli, ont fusionn&eacute;. Selon un communiqu&eacute;, la fusion a &eacute;t&eacute; approuv&eacute;e &agrave; l&rsquo;unanimit&eacute;.<\/p>\n<p class=\"bodytext\">Pendant une phase de transition, l&rsquo;organisation continuera d&rsquo;utiliser les deux noms. &Agrave; partir de d&eacute;but 2027, elle portera le nom de Chambre de commerce et d&rsquo;industrie (IHK) de l&rsquo;Oberland bernois. Elle est membre de <a href=\"https:\/\/www.bern-cci.ch\/\" target=\"_blank\" rel=\"noopener\">l&rsquo;Association du commerce et de l&rsquo;industrie du canton de Berne<\/a>.<\/p>\n<p class=\"bodytext\">L&rsquo;assembl&eacute;e constitutive du 13 mai a approuv&eacute; les statuts et &eacute;lu le nouveau comit&eacute;. Celui-ci est compos&eacute; de Bruno Abb&uuml;hl, Sandro Bolton, Sandro Bottazzo, Daniel Eschmann, Luc Frutiger, Alex Kipfer, Remo Kobluk, Louis Krebser, Carlos Reinhard, Nicole Wenger, Christian Zenger et Andrea Zimmermann.<\/p>\n<p class=\"bodytext\"><a href=\"https:\/\/www.carlosreinhard.ch\/\" target=\"_blank\" rel=\"noopener\">Carlos Reinhard<\/a>, jusqu&rsquo;alors pr&eacute;sident de Wirtschaft Thun Oberland, a &eacute;t&eacute; &eacute;lu pr&eacute;sident de la nouvelle association. &laquo; Nous ne cr&eacute;ons pas une structure pour le simple plaisir de la structure &raquo;, d&eacute;clare-t-il dans le communiqu&eacute;. &laquo; Nous unissons nos forces, mettons les entreprises en r&eacute;seau et donnons &agrave; l&rsquo;&eacute;conomie de l&rsquo;Oberland bernois une voix claire et forte. &raquo;<\/p>\n","protected":false},"excerpt":{"rendered":"<p>\u00abWirtschaft Thun Oberland\u00bb et \u00abHIV Interlaken-Oberhasli\u00bb fusionnent. \u00c0 partir de 2027, elles formeront la Chambre de commerce et d&rsquo;industrie de l&rsquo;Oberland bernois. Cette organisation d\u00e9fend les int\u00e9r\u00eats du commerce, de l&rsquo;industrie, de l&rsquo;artisanat, des services et du tourisme. Elle est pr\u00e9sid\u00e9e par Carlos Reinhard.<\/p>\n","protected":false},"author":2,"featured_media":157866,"comment_status":"open","ping_status":"open","sticky":false,"template":"","format":"standard","meta":{"pmpro_default_level":"","inline_featured_image":false,"_monsterinsights_skip_tracking":false,"footnotes":""},"categories":[55982,22696,743,55979],"tags":[52630,13637,872,3931,2002,59163],"class_list":["post-157865","post","type-post","status-publish","format-standard","has-post-thumbnail","hentry","category-associations","category-entreprise","category-immonews-fr","category-promotion-du-site","tag-berner-oberland-fr","tag-fusion-fr","tag-immoinvest-fr","tag-immonews-fr","tag-news-fr","tag-wirtschaftsverband","pmpro-has-access"],"acf":{"bild_mit_ki_erstellt_worden":["Ja"],"lead":"\u00abWirtschaft Thun Oberland\u00bb et \u00abHIV Interlaken-Oberhasli\u00bb fusionnent. \u00c0 partir de 2027, elles formeront la Chambre de commerce et d'industrie de l'Oberland bernois. Cette organisation d\u00e9fend les int\u00e9r\u00eats du commerce, de l'industrie, de l'artisanat, des services et du tourisme. Elle est pr\u00e9sid\u00e9e par Carlos Reinhard.","autor":"ce\/ug","ort":"Thun\/Interlaken","bildunterschrift":"","bild_im_grid":false,"gallerie":"","newsim":""},"aioseo_notices":[],"aioseo_head":"\n\t\t<!-- All in One SEO 5.0.0.1 - aioseo.com -->\n\t<meta name=\"description\" content=\"\u00abWirtschaft Thun Oberland\u00bb et \u00abHIV Interlaken-Oberhasli\u00bb fusionnent. \u00c0 partir de 2027, elles formeront la Chambre de commerce et d&#039;industrie de l&#039;Oberland bernois. Cette organisation d\u00e9fend les int\u00e9r\u00eats du commerce, de l&#039;industrie, de l&#039;artisanat, des services et du tourisme. Elle est pr\u00e9sid\u00e9e par Carlos Reinhard.\" \/>\n\t<meta name=\"robots\" content=\"max-image-preview:large\" \/>\n\t<meta name=\"author\" content=\"immovestuser\"\/>\n\t<meta name=\"google-site-verification\" content=\"fHJKvgWpZCR2zVBHWfkQeFXC11qieUSff0HGNYfuyLA\" \/>\n\t<link rel=\"canonical\" href=\"https:\/\/www.immo-invest.ch\/fr\/neue-wirtschaftsallianz-staerkt-die-stimme-des-berner-oberlands\/\" \/>\n\t<meta name=\"generator\" content=\"All in One SEO (AIOSEO) 5.0.0.1\" \/>\n\t\t<meta property=\"og:locale\" content=\"fr_FR\" \/>\n\t\t<meta property=\"og:site_name\" content=\"immo!nvest - Die Plattform f\u00fcr Standorte und Immobilien - Die\u00a0Plattform f\u00fcr Standorte und Immobilien\" \/>\n\t\t<meta property=\"og:type\" content=\"article\" \/>\n\t\t<meta property=\"og:title\" content=\"Une nouvelle alliance \u00e9conomique renforce la voix de l\u2019Oberland bernois - immo!nvest - Die Plattform f\u00fcr Standorte und Immobilien\" \/>\n\t\t<meta property=\"og:description\" content=\"\u00abWirtschaft Thun Oberland\u00bb et \u00abHIV Interlaken-Oberhasli\u00bb fusionnent. \u00c0 partir de 2027, elles formeront la Chambre de commerce et d&#039;industrie de l&#039;Oberland bernois. Cette organisation d\u00e9fend les int\u00e9r\u00eats du commerce, de l&#039;industrie, de l&#039;artisanat, des services et du tourisme. Elle est pr\u00e9sid\u00e9e par Carlos Reinhard.\" \/>\n\t\t<meta property=\"og:url\" content=\"https:\/\/www.immo-invest.ch\/fr\/neue-wirtschaftsallianz-staerkt-die-stimme-des-berner-oberlands\/\" \/>\n\t\t<meta property=\"og:image\" content=\"https:\/\/www.immo-invest.ch\/wp-content\/uploads\/2026\/05\/banoviag_realistic_business_association_event_in_the_Bernese__7b654ed3-d7f3-49f9-b345-c78bbc3607ea_1.png\" \/>\n\t\t<meta property=\"og:image:secure_url\" content=\"https:\/\/www.immo-invest.ch\/wp-content\/uploads\/2026\/05\/banoviag_realistic_business_association_event_in_the_Bernese__7b654ed3-d7f3-49f9-b345-c78bbc3607ea_1.png\" \/>\n\t\t<meta property=\"og:image:width\" content=\"1536\" \/>\n\t\t<meta property=\"og:image:height\" content=\"768\" \/>\n\t\t<meta property=\"article:published_time\" content=\"2026-05-29T14:20:00+00:00\" \/>\n\t\t<meta property=\"article:modified_time\" content=\"2026-05-27T09:58:02+00:00\" \/>\n\t\t<meta property=\"article:publisher\" content=\"https:\/\/www.facebook.com\/people\/Immoinvest\/100077962920504\/\" \/>\n\t\t<meta name=\"twitter:card\" content=\"summary_large_image\" \/>\n\t\t<meta name=\"twitter:site\" content=\"@i\" \/>\n\t\t<meta name=\"twitter:title\" content=\"Une nouvelle alliance \u00e9conomique renforce la voix de l\u2019Oberland bernois - immo!nvest - Die Plattform f\u00fcr Standorte und Immobilien\" \/>\n\t\t<meta name=\"twitter:description\" content=\"\u00abWirtschaft Thun Oberland\u00bb et \u00abHIV Interlaken-Oberhasli\u00bb fusionnent. \u00c0 partir de 2027, elles formeront la Chambre de commerce et d&#039;industrie de l&#039;Oberland bernois. Cette organisation d\u00e9fend les int\u00e9r\u00eats du commerce, de l&#039;industrie, de l&#039;artisanat, des services et du tourisme. Elle est pr\u00e9sid\u00e9e par Carlos Reinhard.\" \/>\n\t\t<meta name=\"twitter:creator\" content=\"@i\" \/>\n\t\t<meta name=\"twitter:image\" content=\"https:\/\/www.immo-invest.ch\/wp-content\/uploads\/2026\/05\/banoviag_realistic_business_association_event_in_the_Bernese__7b654ed3-d7f3-49f9-b345-c78bbc3607ea_1.png\" \/>\n\t\t<script type=\"application\/ld+json\" class=\"aioseo-schema\">\n\t\t\t{\"@context\":\"https:\\\/\\\/schema.org\",\"@graph\":[{\"@type\":\"BlogPosting\",\"@id\":\"https:\\\/\\\/www.immo-invest.ch\\\/fr\\\/neue-wirtschaftsallianz-staerkt-die-stimme-des-berner-oberlands\\\/#blogposting\",\"name\":\"Une nouvelle alliance \\u00e9conomique renforce la voix de l\\u2019Oberland bernois - immo!nvest - Die Plattform f\\u00fcr Standorte und Immobilien\",\"headline\":\"Une nouvelle alliance \\u00e9conomique renforce la voix de l&rsquo;Oberland bernois\",\"author\":{\"@id\":\"https:\\\/\\\/www.immo-invest.ch\\\/fr\\\/author\\\/immovestuser\\\/#author\"},\"publisher\":{\"@id\":\"https:\\\/\\\/www.immo-invest.ch\\\/fr\\\/#organization\"},\"image\":{\"@type\":\"ImageObject\",\"url\":\"https:\\\/\\\/www.immo-invest.ch\\\/wp-content\\\/uploads\\\/2026\\\/05\\\/banoviag_realistic_business_association_event_in_the_Bernese__7b654ed3-d7f3-49f9-b345-c78bbc3607ea_1.png\",\"width\":1536,\"height\":768},\"datePublished\":\"2026-05-29T16:20:00+02:00\",\"dateModified\":\"2026-05-27T11:58:02+02:00\",\"inLanguage\":\"fr-FR\",\"mainEntityOfPage\":{\"@id\":\"https:\\\/\\\/www.immo-invest.ch\\\/fr\\\/neue-wirtschaftsallianz-staerkt-die-stimme-des-berner-oberlands\\\/#webpage\"},\"isPartOf\":{\"@id\":\"https:\\\/\\\/www.immo-invest.ch\\\/fr\\\/neue-wirtschaftsallianz-staerkt-die-stimme-des-berner-oberlands\\\/#webpage\"},\"articleSection\":\"Associations, Entreprise, immoNews, Promotion du site, Berner Oberland, Fusion, Immoinvest, immoNews, News, Wirtschaftsverband, Facultatif\"},{\"@type\":\"BreadcrumbList\",\"@id\":\"https:\\\/\\\/www.immo-invest.ch\\\/fr\\\/neue-wirtschaftsallianz-staerkt-die-stimme-des-berner-oberlands\\\/#breadcrumblist\",\"itemListElement\":[{\"@type\":\"ListItem\",\"@id\":\"https:\\\/\\\/www.immo-invest.ch\\\/fr\\\/#listItem\",\"position\":1,\"name\":\"Home\",\"item\":\"https:\\\/\\\/www.immo-invest.ch\\\/fr\\\/\",\"nextItem\":{\"@type\":\"ListItem\",\"@id\":\"https:\\\/\\\/www.immo-invest.ch\\\/fr\\\/categories\\\/trends-fr\\\/#listItem\",\"name\":\"Trends\"}},{\"@type\":\"ListItem\",\"@id\":\"https:\\\/\\\/www.immo-invest.ch\\\/fr\\\/categories\\\/trends-fr\\\/#listItem\",\"position\":2,\"name\":\"Trends\",\"item\":\"https:\\\/\\\/www.immo-invest.ch\\\/fr\\\/categories\\\/trends-fr\\\/\",\"nextItem\":{\"@type\":\"ListItem\",\"@id\":\"https:\\\/\\\/www.immo-invest.ch\\\/fr\\\/categories\\\/trends-fr\\\/entreprise\\\/#listItem\",\"name\":\"Entreprise\"},\"previousItem\":{\"@type\":\"ListItem\",\"@id\":\"https:\\\/\\\/www.immo-invest.ch\\\/fr\\\/#listItem\",\"name\":\"Home\"}},{\"@type\":\"ListItem\",\"@id\":\"https:\\\/\\\/www.immo-invest.ch\\\/fr\\\/categories\\\/trends-fr\\\/entreprise\\\/#listItem\",\"position\":3,\"name\":\"Entreprise\",\"item\":\"https:\\\/\\\/www.immo-invest.ch\\\/fr\\\/categories\\\/trends-fr\\\/entreprise\\\/\",\"nextItem\":{\"@type\":\"ListItem\",\"@id\":\"https:\\\/\\\/www.immo-invest.ch\\\/fr\\\/neue-wirtschaftsallianz-staerkt-die-stimme-des-berner-oberlands\\\/#listItem\",\"name\":\"Une nouvelle alliance \\u00e9conomique renforce la voix de l&rsquo;Oberland bernois\"},\"previousItem\":{\"@type\":\"ListItem\",\"@id\":\"https:\\\/\\\/www.immo-invest.ch\\\/fr\\\/categories\\\/trends-fr\\\/#listItem\",\"name\":\"Trends\"}},{\"@type\":\"ListItem\",\"@id\":\"https:\\\/\\\/www.immo-invest.ch\\\/fr\\\/neue-wirtschaftsallianz-staerkt-die-stimme-des-berner-oberlands\\\/#listItem\",\"position\":4,\"name\":\"Une nouvelle alliance \\u00e9conomique renforce la voix de l&rsquo;Oberland bernois\",\"previousItem\":{\"@type\":\"ListItem\",\"@id\":\"https:\\\/\\\/www.immo-invest.ch\\\/fr\\\/categories\\\/trends-fr\\\/entreprise\\\/#listItem\",\"name\":\"Entreprise\"}}]},{\"@type\":\"Organization\",\"@id\":\"https:\\\/\\\/www.immo-invest.ch\\\/fr\\\/#organization\",\"name\":\"immo!nvest - Die Plattform f\\u00fcr Standorte und Immobilien\",\"description\":\"Die\\u00a0Plattform f\\u00fcr Standorte und Immobilien\",\"url\":\"https:\\\/\\\/www.immo-invest.ch\\\/fr\\\/\",\"email\":\"admin@immomedia.ag\",\"telephone\":\"+41444420002\",\"logo\":{\"@type\":\"ImageObject\",\"url\":\"https:\\\/\\\/www.immo-invest.ch\\\/wp-content\\\/uploads\\\/2024\\\/09\\\/immoinvest_sm-scaled.jpg\",\"@id\":\"https:\\\/\\\/www.immo-invest.ch\\\/fr\\\/neue-wirtschaftsallianz-staerkt-die-stimme-des-berner-oberlands\\\/#organizationLogo\",\"width\":2560,\"height\":1340},\"image\":{\"@id\":\"https:\\\/\\\/www.immo-invest.ch\\\/fr\\\/neue-wirtschaftsallianz-staerkt-die-stimme-des-berner-oberlands\\\/#organizationLogo\"},\"sameAs\":[\"https:\\\/\\\/www.facebook.com\\\/people\\\/Immoinvest\\\/100077962920504\\\/\",\"https:\\\/\\\/x.com\\\/i\\\/flow\\\/login?redirect_after_login=immoinvest_ch\",\"https:\\\/\\\/www.instagram.com\\\/immoinvest_ch\\\/\",\"https:\\\/\\\/www.linkedin.com\\\/company\\\/immoinvest-swiss\"]},{\"@type\":\"Person\",\"@id\":\"https:\\\/\\\/www.immo-invest.ch\\\/fr\\\/author\\\/immovestuser\\\/#author\",\"url\":\"https:\\\/\\\/www.immo-invest.ch\\\/fr\\\/author\\\/immovestuser\\\/\",\"name\":\"immovestuser\",\"image\":{\"@type\":\"ImageObject\",\"@id\":\"https:\\\/\\\/www.immo-invest.ch\\\/fr\\\/neue-wirtschaftsallianz-staerkt-die-stimme-des-berner-oberlands\\\/#authorImage\",\"url\":\"https:\\\/\\\/secure.gravatar.com\\\/avatar\\\/8e01f4d99f2eeea7a362ebb93305e1172a70e9293ba250f897a65c39f54cdd1e?s=96&d=mm&r=g\",\"width\":96,\"height\":96,\"caption\":\"immovestuser\"}},{\"@type\":\"WebPage\",\"@id\":\"https:\\\/\\\/www.immo-invest.ch\\\/fr\\\/neue-wirtschaftsallianz-staerkt-die-stimme-des-berner-oberlands\\\/#webpage\",\"url\":\"https:\\\/\\\/www.immo-invest.ch\\\/fr\\\/neue-wirtschaftsallianz-staerkt-die-stimme-des-berner-oberlands\\\/\",\"name\":\"Une nouvelle alliance \\u00e9conomique renforce la voix de l\\u2019Oberland bernois - immo!nvest - Die Plattform f\\u00fcr Standorte und Immobilien\",\"description\":\"\\u00abWirtschaft Thun Oberland\\u00bb et \\u00abHIV Interlaken-Oberhasli\\u00bb fusionnent. \\u00c0 partir de 2027, elles formeront la Chambre de commerce et d'industrie de l'Oberland bernois. Cette organisation d\\u00e9fend les int\\u00e9r\\u00eats du commerce, de l'industrie, de l'artisanat, des services et du tourisme. Elle est pr\\u00e9sid\\u00e9e par Carlos Reinhard.\",\"inLanguage\":\"fr-FR\",\"isPartOf\":{\"@id\":\"https:\\\/\\\/www.immo-invest.ch\\\/fr\\\/#website\"},\"breadcrumb\":{\"@id\":\"https:\\\/\\\/www.immo-invest.ch\\\/fr\\\/neue-wirtschaftsallianz-staerkt-die-stimme-des-berner-oberlands\\\/#breadcrumblist\"},\"author\":{\"@id\":\"https:\\\/\\\/www.immo-invest.ch\\\/fr\\\/author\\\/immovestuser\\\/#author\"},\"creator\":{\"@id\":\"https:\\\/\\\/www.immo-invest.ch\\\/fr\\\/author\\\/immovestuser\\\/#author\"},\"image\":{\"@type\":\"ImageObject\",\"url\":\"https:\\\/\\\/www.immo-invest.ch\\\/wp-content\\\/uploads\\\/2026\\\/05\\\/banoviag_realistic_business_association_event_in_the_Bernese__7b654ed3-d7f3-49f9-b345-c78bbc3607ea_1.png\",\"@id\":\"https:\\\/\\\/www.immo-invest.ch\\\/fr\\\/neue-wirtschaftsallianz-staerkt-die-stimme-des-berner-oberlands\\\/#mainImage\",\"width\":1536,\"height\":768},\"primaryImageOfPage\":{\"@id\":\"https:\\\/\\\/www.immo-invest.ch\\\/fr\\\/neue-wirtschaftsallianz-staerkt-die-stimme-des-berner-oberlands\\\/#mainImage\"},\"datePublished\":\"2026-05-29T16:20:00+02:00\",\"dateModified\":\"2026-05-27T11:58:02+02:00\"},{\"@type\":\"WebSite\",\"@id\":\"https:\\\/\\\/www.immo-invest.ch\\\/fr\\\/#website\",\"url\":\"https:\\\/\\\/www.immo-invest.ch\\\/fr\\\/\",\"name\":\"immo!nvest - Die Plattform f\\u00fcr Standorte und Immobilien\",\"description\":\"Die\\u00a0Plattform f\\u00fcr Standorte und Immobilien\",\"inLanguage\":\"fr-FR\",\"publisher\":{\"@id\":\"https:\\\/\\\/www.immo-invest.ch\\\/fr\\\/#organization\"}}]}\n\t\t<\/script>\n\t\t<!-- All in One SEO -->\n\n","aioseo_head_json":{"title":"Une nouvelle alliance \u00e9conomique renforce la voix de l\u2019Oberland bernois - immo!nvest - Die Plattform f\u00fcr Standorte und Immobilien","description":"\u00abWirtschaft Thun Oberland\u00bb et \u00abHIV Interlaken-Oberhasli\u00bb fusionnent. \u00c0 partir de 2027, elles formeront la Chambre de commerce et d'industrie de l'Oberland bernois. Cette organisation d\u00e9fend les int\u00e9r\u00eats du commerce, de l'industrie, de l'artisanat, des services et du tourisme. Elle est pr\u00e9sid\u00e9e par Carlos Reinhard.","canonical_url":"https:\/\/www.immo-invest.ch\/fr\/neue-wirtschaftsallianz-staerkt-die-stimme-des-berner-oberlands\/","robots":"max-image-preview:large","keywords":"","webmasterTools":{"google-site-verification":"fHJKvgWpZCR2zVBHWfkQeFXC11qieUSff0HGNYfuyLA","miscellaneous":""},"schema":{"@context":"https:\/\/schema.org","@graph":[{"@type":"BlogPosting","@id":"https:\/\/www.immo-invest.ch\/fr\/neue-wirtschaftsallianz-staerkt-die-stimme-des-berner-oberlands\/#blogposting","name":"Une nouvelle alliance \u00e9conomique renforce la voix de l\u2019Oberland bernois - immo!nvest - Die Plattform f\u00fcr Standorte und Immobilien","headline":"Une nouvelle alliance \u00e9conomique renforce la voix de l&rsquo;Oberland bernois","author":{"@id":"https:\/\/www.immo-invest.ch\/fr\/author\/immovestuser\/#author"},"publisher":{"@id":"https:\/\/www.immo-invest.ch\/fr\/#organization"},"image":{"@type":"ImageObject","url":"https:\/\/www.immo-invest.ch\/wp-content\/uploads\/2026\/05\/banoviag_realistic_business_association_event_in_the_Bernese__7b654ed3-d7f3-49f9-b345-c78bbc3607ea_1.png","width":1536,"height":768},"datePublished":"2026-05-29T16:20:00+02:00","dateModified":"2026-05-27T11:58:02+02:00","inLanguage":"fr-FR","mainEntityOfPage":{"@id":"https:\/\/www.immo-invest.ch\/fr\/neue-wirtschaftsallianz-staerkt-die-stimme-des-berner-oberlands\/#webpage"},"isPartOf":{"@id":"https:\/\/www.immo-invest.ch\/fr\/neue-wirtschaftsallianz-staerkt-die-stimme-des-berner-oberlands\/#webpage"},"articleSection":"Associations, Entreprise, immoNews, Promotion du site, Berner Oberland, Fusion, Immoinvest, immoNews, News, Wirtschaftsverband, Facultatif"},{"@type":"BreadcrumbList","@id":"https:\/\/www.immo-invest.ch\/fr\/neue-wirtschaftsallianz-staerkt-die-stimme-des-berner-oberlands\/#breadcrumblist","itemListElement":[{"@type":"ListItem","@id":"https:\/\/www.immo-invest.ch\/fr\/#listItem","position":1,"name":"Home","item":"https:\/\/www.immo-invest.ch\/fr\/","nextItem":{"@type":"ListItem","@id":"https:\/\/www.immo-invest.ch\/fr\/categories\/trends-fr\/#listItem","name":"Trends"}},{"@type":"ListItem","@id":"https:\/\/www.immo-invest.ch\/fr\/categories\/trends-fr\/#listItem","position":2,"name":"Trends","item":"https:\/\/www.immo-invest.ch\/fr\/categories\/trends-fr\/","nextItem":{"@type":"ListItem","@id":"https:\/\/www.immo-invest.ch\/fr\/categories\/trends-fr\/entreprise\/#listItem","name":"Entreprise"},"previousItem":{"@type":"ListItem","@id":"https:\/\/www.immo-invest.ch\/fr\/#listItem","name":"Home"}},{"@type":"ListItem","@id":"https:\/\/www.immo-invest.ch\/fr\/categories\/trends-fr\/entreprise\/#listItem","position":3,"name":"Entreprise","item":"https:\/\/www.immo-invest.ch\/fr\/categories\/trends-fr\/entreprise\/","nextItem":{"@type":"ListItem","@id":"https:\/\/www.immo-invest.ch\/fr\/neue-wirtschaftsallianz-staerkt-die-stimme-des-berner-oberlands\/#listItem","name":"Une nouvelle alliance \u00e9conomique renforce la voix de l&rsquo;Oberland bernois"},"previousItem":{"@type":"ListItem","@id":"https:\/\/www.immo-invest.ch\/fr\/categories\/trends-fr\/#listItem","name":"Trends"}},{"@type":"ListItem","@id":"https:\/\/www.immo-invest.ch\/fr\/neue-wirtschaftsallianz-staerkt-die-stimme-des-berner-oberlands\/#listItem","position":4,"name":"Une nouvelle alliance \u00e9conomique renforce la voix de l&rsquo;Oberland bernois","previousItem":{"@type":"ListItem","@id":"https:\/\/www.immo-invest.ch\/fr\/categories\/trends-fr\/entreprise\/#listItem","name":"Entreprise"}}]},{"@type":"Organization","@id":"https:\/\/www.immo-invest.ch\/fr\/#organization","name":"immo!nvest - Die Plattform f\u00fcr Standorte und Immobilien","description":"Die\u00a0Plattform f\u00fcr Standorte und Immobilien","url":"https:\/\/www.immo-invest.ch\/fr\/","email":"admin@immomedia.ag","telephone":"+41444420002","logo":{"@type":"ImageObject","url":"https:\/\/www.immo-invest.ch\/wp-content\/uploads\/2024\/09\/immoinvest_sm-scaled.jpg","@id":"https:\/\/www.immo-invest.ch\/fr\/neue-wirtschaftsallianz-staerkt-die-stimme-des-berner-oberlands\/#organizationLogo","width":2560,"height":1340},"image":{"@id":"https:\/\/www.immo-invest.ch\/fr\/neue-wirtschaftsallianz-staerkt-die-stimme-des-berner-oberlands\/#organizationLogo"},"sameAs":["https:\/\/www.facebook.com\/people\/Immoinvest\/100077962920504\/","https:\/\/x.com\/i\/flow\/login?redirect_after_login=immoinvest_ch","https:\/\/www.instagram.com\/immoinvest_ch\/","https:\/\/www.linkedin.com\/company\/immoinvest-swiss"]},{"@type":"Person","@id":"https:\/\/www.immo-invest.ch\/fr\/author\/immovestuser\/#author","url":"https:\/\/www.immo-invest.ch\/fr\/author\/immovestuser\/","name":"immovestuser","image":{"@type":"ImageObject","@id":"https:\/\/www.immo-invest.ch\/fr\/neue-wirtschaftsallianz-staerkt-die-stimme-des-berner-oberlands\/#authorImage","url":"https:\/\/secure.gravatar.com\/avatar\/8e01f4d99f2eeea7a362ebb93305e1172a70e9293ba250f897a65c39f54cdd1e?s=96&d=mm&r=g","width":96,"height":96,"caption":"immovestuser"}},{"@type":"WebPage","@id":"https:\/\/www.immo-invest.ch\/fr\/neue-wirtschaftsallianz-staerkt-die-stimme-des-berner-oberlands\/#webpage","url":"https:\/\/www.immo-invest.ch\/fr\/neue-wirtschaftsallianz-staerkt-die-stimme-des-berner-oberlands\/","name":"Une nouvelle alliance \u00e9conomique renforce la voix de l\u2019Oberland bernois - immo!nvest - Die Plattform f\u00fcr Standorte und Immobilien","description":"\u00abWirtschaft Thun Oberland\u00bb et \u00abHIV Interlaken-Oberhasli\u00bb fusionnent. \u00c0 partir de 2027, elles formeront la Chambre de commerce et d'industrie de l'Oberland bernois. Cette organisation d\u00e9fend les int\u00e9r\u00eats du commerce, de l'industrie, de l'artisanat, des services et du tourisme. Elle est pr\u00e9sid\u00e9e par Carlos Reinhard.","inLanguage":"fr-FR","isPartOf":{"@id":"https:\/\/www.immo-invest.ch\/fr\/#website"},"breadcrumb":{"@id":"https:\/\/www.immo-invest.ch\/fr\/neue-wirtschaftsallianz-staerkt-die-stimme-des-berner-oberlands\/#breadcrumblist"},"author":{"@id":"https:\/\/www.immo-invest.ch\/fr\/author\/immovestuser\/#author"},"creator":{"@id":"https:\/\/www.immo-invest.ch\/fr\/author\/immovestuser\/#author"},"image":{"@type":"ImageObject","url":"https:\/\/www.immo-invest.ch\/wp-content\/uploads\/2026\/05\/banoviag_realistic_business_association_event_in_the_Bernese__7b654ed3-d7f3-49f9-b345-c78bbc3607ea_1.png","@id":"https:\/\/www.immo-invest.ch\/fr\/neue-wirtschaftsallianz-staerkt-die-stimme-des-berner-oberlands\/#mainImage","width":1536,"height":768},"primaryImageOfPage":{"@id":"https:\/\/www.immo-invest.ch\/fr\/neue-wirtschaftsallianz-staerkt-die-stimme-des-berner-oberlands\/#mainImage"},"datePublished":"2026-05-29T16:20:00+02:00","dateModified":"2026-05-27T11:58:02+02:00"},{"@type":"WebSite","@id":"https:\/\/www.immo-invest.ch\/fr\/#website","url":"https:\/\/www.immo-invest.ch\/fr\/","name":"immo!nvest - Die Plattform f\u00fcr Standorte und Immobilien","description":"Die\u00a0Plattform f\u00fcr Standorte und Immobilien","inLanguage":"fr-FR","publisher":{"@id":"https:\/\/www.immo-invest.ch\/fr\/#organization"}}]},"og:locale":"fr_FR","og:site_name":"immo!nvest - Die Plattform f\u00fcr Standorte und Immobilien - Die\u00a0Plattform f\u00fcr Standorte und Immobilien","og:type":"article","og:title":"Une nouvelle alliance \u00e9conomique renforce la voix de l\u2019Oberland bernois - immo!nvest - Die Plattform f\u00fcr Standorte und Immobilien","og:description":"\u00abWirtschaft Thun Oberland\u00bb et \u00abHIV Interlaken-Oberhasli\u00bb fusionnent. \u00c0 partir de 2027, elles formeront la Chambre de commerce et d'industrie de l'Oberland bernois. Cette organisation d\u00e9fend les int\u00e9r\u00eats du commerce, de l'industrie, de l'artisanat, des services et du tourisme. Elle est pr\u00e9sid\u00e9e par Carlos Reinhard.","og:url":"https:\/\/www.immo-invest.ch\/fr\/neue-wirtschaftsallianz-staerkt-die-stimme-des-berner-oberlands\/","og:image":"https:\/\/www.immo-invest.ch\/wp-content\/uploads\/2026\/05\/banoviag_realistic_business_association_event_in_the_Bernese__7b654ed3-d7f3-49f9-b345-c78bbc3607ea_1.png","og:image:secure_url":"https:\/\/www.immo-invest.ch\/wp-content\/uploads\/2026\/05\/banoviag_realistic_business_association_event_in_the_Bernese__7b654ed3-d7f3-49f9-b345-c78bbc3607ea_1.png","og:image:width":1536,"og:image:height":768,"article:published_time":"2026-05-29T14:20:00+00:00","article:modified_time":"2026-05-27T09:58:02+00:00","article:publisher":"https:\/\/www.facebook.com\/people\/Immoinvest\/100077962920504\/","twitter:card":"summary_large_image","twitter:site":"@i","twitter:title":"Une nouvelle alliance \u00e9conomique renforce la voix de l\u2019Oberland bernois - immo!nvest - Die Plattform f\u00fcr Standorte und Immobilien","twitter:description":"\u00abWirtschaft Thun Oberland\u00bb et \u00abHIV Interlaken-Oberhasli\u00bb fusionnent. \u00c0 partir de 2027, elles formeront la Chambre de commerce et d'industrie de l'Oberland bernois. Cette organisation d\u00e9fend les int\u00e9r\u00eats du commerce, de l'industrie, de l'artisanat, des services et du tourisme. Elle est pr\u00e9sid\u00e9e par Carlos Reinhard.","twitter:creator":"@i","twitter:image":"https:\/\/www.immo-invest.ch\/wp-content\/uploads\/2026\/05\/banoviag_realistic_business_association_event_in_the_Bernese__7b654ed3-d7f3-49f9-b345-c78bbc3607ea_1.png"},"aioseo_meta_data":{"post_id":"157865","title":null,"description":null,"keywords":null,"keyphrases":{"focus":{"keyphrase":"","score":0,"analysis":{"keyphraseInTitle":{"score":0,"maxScore":9,"error":1}}},"additional":[]},"primary_term":null,"canonical_url":null,"og_title":null,"og_description":null,"og_object_type":"default","og_image_type":"default","og_image_url":null,"og_image_width":null,"og_image_height":null,"og_image_custom_url":null,"og_image_custom_fields":null,"og_video":"","og_custom_url":null,"og_article_section":null,"og_article_tags":null,"twitter_use_og":false,"twitter_card":"default","twitter_image_type":"default","twitter_image_url":null,"twitter_image_custom_url":null,"twitter_image_custom_fields":null,"twitter_title":null,"twitter_description":null,"schema":{"blockGraphs":[],"customGraphs":[],"default":{"data":{"Article":[],"Course":[],"Dataset":[],"FAQPage":[],"Movie":[],"Person":[],"Product":[],"ProductReview":[],"Car":[],"Recipe":[],"Service":[],"SoftwareApplication":[],"WebPage":[]},"graphName":"BlogPosting","isEnabled":true},"graphs":[]},"schema_type":"default","schema_type_options":null,"pillar_content":false,"robots_default":true,"robots_noindex":false,"robots_noarchive":false,"robots_nosnippet":false,"robots_nofollow":false,"robots_noimageindex":false,"robots_noodp":false,"robots_notranslate":false,"robots_max_snippet":"-1","robots_max_videopreview":"-1","robots_max_imagepreview":"large","priority":null,"frequency":"default","local_seo":null,"breadcrumb_settings":null,"limit_modified_date":false,"ai":{"faqs":[],"keyPoints":[],"schemas":[],"titles":[],"descriptions":[],"socialPosts":{"email":[],"linkedin":[],"twitter":[],"facebook":[],"instagram":[]}},"created":"2026-05-27 09:58:07","updated":"2026-05-30 07:36:24","seo_analyzer_scan_date":null,"focus_keyword":null,"additional_keywords":null,"truseo_locale":null},"aioseo_breadcrumb":"<div class=\"aioseo-breadcrumbs\"><span class=\"aioseo-breadcrumb\">\n\t\t\t<a href=\"https:\/\/www.immo-invest.ch\/fr\/\" title=\"Home\">Home<\/a>\n\t\t<\/span><span class=\"aioseo-breadcrumb-separator\">&raquo;<\/span><span class=\"aioseo-breadcrumb\">\n\t\t\t<a href=\"https:\/\/www.immo-invest.ch\/fr\/categories\/trends-fr\/\" title=\"Trends\">Trends<\/a>\n\t\t<\/span><span class=\"aioseo-breadcrumb-separator\">&raquo;<\/span><span class=\"aioseo-breadcrumb\">\n\t\t\t<a href=\"https:\/\/www.immo-invest.ch\/fr\/categories\/trends-fr\/entreprise\/\" title=\"Entreprise\">Entreprise<\/a>\n\t\t<\/span><span class=\"aioseo-breadcrumb-separator\">&raquo;<\/span><span class=\"aioseo-breadcrumb\">\n\t\t\tUne nouvelle alliance \u00e9conomique renforce la voix de l\u2019Oberland bernois\n\t\t<\/span><\/div>","aioseo_breadcrumb_json":[{"label":"Home","link":"https:\/\/www.immo-invest.ch\/fr\/"},{"label":"Trends","link":"https:\/\/www.immo-invest.ch\/fr\/categories\/trends-fr\/"},{"label":"Entreprise","link":"https:\/\/www.immo-invest.ch\/fr\/categories\/trends-fr\/entreprise\/"},{"label":"Une nouvelle alliance \u00e9conomique renforce la voix de l&rsquo;Oberland bernois","link":"https:\/\/www.immo-invest.ch\/fr\/neue-wirtschaftsallianz-staerkt-die-stimme-des-berner-oberlands\/"}],"featured_image_src":"https:\/\/www.immo-invest.ch\/wp-content\/uploads\/2026\/05\/banoviag_realistic_business_association_event_in_the_Bernese__7b654ed3-d7f3-49f9-b345-c78bbc3607ea_1-336x168.png","_links":{"self":[{"href":"https:\/\/www.immo-invest.ch\/fr\/wp-json\/wp\/v2\/posts\/157865","targetHints":{"allow":["GET"]}}],"collection":[{"href":"https:\/\/www.immo-invest.ch\/fr\/wp-json\/wp\/v2\/posts"}],"about":[{"href":"https:\/\/www.immo-invest.ch\/fr\/wp-json\/wp\/v2\/types\/post"}],"author":[{"embeddable":true,"href":"https:\/\/www.immo-invest.ch\/fr\/wp-json\/wp\/v2\/users\/2"}],"replies":[{"embeddable":true,"href":"https:\/\/www.immo-invest.ch\/fr\/wp-json\/wp\/v2\/comments?post=157865"}],"version-history":[{"count":2,"href":"https:\/\/www.immo-invest.ch\/fr\/wp-json\/wp\/v2\/posts\/157865\/revisions"}],"predecessor-version":[{"id":157874,"href":"https:\/\/www.immo-invest.ch\/fr\/wp-json\/wp\/v2\/posts\/157865\/revisions\/157874"}],"wp:featuredmedia":[{"embeddable":true,"href":"https:\/\/www.immo-invest.ch\/fr\/wp-json\/wp\/v2\/media\/157866"}],"wp:attachment":[{"href":"https:\/\/www.immo-invest.ch\/fr\/wp-json\/wp\/v2\/media?parent=157865"}],"wp:term":[{"taxonomy":"category","embeddable":true,"href":"https:\/\/www.immo-invest.ch\/fr\/wp-json\/wp\/v2\/categories?post=157865"},{"taxonomy":"post_tag","embeddable":true,"href":"https:\/\/www.immo-invest.ch\/fr\/wp-json\/wp\/v2\/tags?post=157865"}],"curies":[{"name":"wp","href":"https:\/\/api.w.org\/{rel}","templated":true}]}}