{"id":157492,"date":"2026-05-27T08:20:00","date_gmt":"2026-05-27T06:20:00","guid":{"rendered":"https:\/\/www.immo-invest.ch\/?p=157492"},"modified":"2026-05-21T09:14:27","modified_gmt":"2026-05-21T07:14:27","slug":"modernisierung-verbessert-vertikale-mobilitaet-in-hochhauskomplex","status":"publish","type":"post","link":"https:\/\/www.immo-invest.ch\/fr\/modernisierung-verbessert-vertikale-mobilitaet-in-hochhauskomplex\/","title":{"rendered":"La modernisation am\u00e9liore la mobilit\u00e9 verticale dans un complexe de gratte-ciel"},"content":{"rendered":"<p class=\"bodytext\">Le projet de modernisation de l&rsquo;UOB Plaza men&eacute; par <a href=\"https:\/\/www.schindler.ch\/de.html\" target=\"_blank\" rel=\"noopener\">Schindler<\/a> a &eacute;t&eacute; pr&eacute;sent&eacute; dans un <a href=\"https:\/\/www.linkedin.com\/posts\/schindler-singapore-uob-ugcPost-7449687014787956736-9I6Q\/?utm_source=share&amp;utm_medium=member_desktop&amp;rcm=ACoAAAaugTUBpXj5ntq0p8vlLRNxUYUMbSuy9zI\" target=\"_blank\" rel=\"noopener\">article<\/a> paru dans le num&eacute;ro d&rsquo;avril du magazine <a href=\"https:\/\/elevatorworld.com\/\" target=\"_blank\" rel=\"noopener\">&laquo; Elevator World<\/a><a href=\"http:\/\/elevatorworld.com\">&raquo;<\/a>. Le projet a &eacute;t&eacute; r&eacute;alis&eacute; par <a href=\"https:\/\/www.schindler.sg\/en.html\" target=\"_blank\" rel=\"noopener\">Schindler Lifts (Singapore) Pte Ltd<\/a> entre mai 2022 et ao&ucirc;t 2025. Un syst&egrave;me de mobilit&eacute; verticale modernis&eacute;, comprenant 33 nouveaux ascenseurs, 11 nouveaux escaliers m&eacute;caniques et la technologie Schindler PORT, a &eacute;t&eacute; install&eacute; dans les imposantes tours jumelles de l&rsquo;UOB Plaza &agrave; Singapour.<\/p>\n<p class=\"bodytext\">&laquo; L&rsquo;article intitul&eacute; <a href=\"https:\/\/elevatorworld.com\/article\/preserving-the-past-building-for-the-future\/\">&laquo;&nbsp;<\/a><a href=\"https:\/\/elevatorworld.com\/article\/preserving-the-past-building-for-the-future\/\" target=\"_blank\" rel=\"noopener\">Preserving the Past, Building for the Future &raquo;<\/a> (Pr&eacute;server le pass&eacute;, construire pour l&rsquo;avenir) pr&eacute;sente une approche &eacute;quilibr&eacute;e de la modernisation et de l&rsquo;ing&eacute;nierie qui am&eacute;liore &agrave; la fois l&rsquo;exploitation et l&rsquo;exp&eacute;rience des locataires &raquo;, explique Schindler dans son communiqu&eacute;.<\/p>\n<p class=\"bodytext\">Dans le cadre de ce projet, Schindler a remplac&eacute; l&rsquo;ancien syst&egrave;me par 33 nouveaux ascenseurs, dont des ascenseurs &agrave; deux cabines, ainsi que par onze escaliers m&eacute;caniques, dont deux mod&egrave;les Schindler INTRUSS. De plus, les technologies de mobilit&eacute; intelligente Schindler PORT et Schindler Lobby Vision ont &eacute;t&eacute; int&eacute;gr&eacute;es, permettant la reconnaissance faciale, la surveillance en temps r&eacute;el, l&rsquo;interconnexion des syst&egrave;mes et la maintenance pr&eacute;dictive.<\/p>\n<p class=\"bodytext\">Gr&acirc;ce &agrave; cette modernisation, le temps d&rsquo;attente moyen a pu &ecirc;tre r&eacute;duit de 45 %, am&eacute;liorant ainsi l&rsquo;exp&eacute;rience des usagers. De plus, la fluidit&eacute; du trafic aux heures de pointe a &eacute;t&eacute; consid&eacute;rablement am&eacute;lior&eacute;e gr&acirc;ce &agrave; une augmentation de 15 &agrave; 20 % des capacit&eacute;s de transport.<\/p>\n","protected":false},"excerpt":{"rendered":"<p>Le projet de modernisation de l&rsquo;UOB Plaza fait l&rsquo;objet d&rsquo;un article dans le num\u00e9ro d&rsquo;avril du magazine \u00ab Elevator World \u00bb. Dans le cadre de ce projet, Schindler a \u00e9quip\u00e9 les tours jumelles de l&rsquo;UOB Plaza \u00e0 Singapour de nouveaux ascenseurs, d&rsquo;escaliers m\u00e9caniques et de technologies de mobilit\u00e9 intelligentes entre 2022 et 2025.<\/p>\n","protected":false},"author":2,"featured_media":157493,"comment_status":"open","ping_status":"open","sticky":false,"template":"","format":"standard","meta":{"pmpro_default_level":"","inline_featured_image":false,"_monsterinsights_skip_tracking":false,"footnotes":""},"categories":[743,56006,739,8735],"tags":[54357,59053,872,3931,2002,49642],"class_list":["post-157492","post","type-post","status-publish","format-standard","has-post-thumbnail","hentry","category-immonews-fr","category-international","category-projects","category-proptech-fr","tag-aufzugstechnologie-fr","tag-gebaeudemodernisierung-2","tag-immoinvest-fr","tag-immonews-fr","tag-news-fr","tag-smart-building-fr","pmpro-has-access"],"acf":{"bild_mit_ki_erstellt_worden":["Ja"],"lead":"Le projet de modernisation de l'UOB Plaza fait l'objet d'un article dans le num\u00e9ro d'avril du magazine \u00ab Elevator World \u00bb. Dans le cadre de ce projet, Schindler a \u00e9quip\u00e9 les tours jumelles de l'UOB Plaza \u00e0 Singapour de nouveaux ascenseurs, d'escaliers m\u00e9caniques et de technologies de mobilit\u00e9 intelligentes entre 2022 et 2025.","autor":"ce\/nta","ort":"Ebikon LU\/Singapur","bildunterschrift":"","bild_im_grid":false,"gallerie":"","newsim":""},"aioseo_notices":[],"aioseo_head":"\n\t\t<!-- All in One SEO 5.0.0.1 - aioseo.com -->\n\t<meta name=\"description\" content=\"Le projet de modernisation de l&#039;UOB Plaza fait l&#039;objet d&#039;un article dans le num\u00e9ro d&#039;avril du magazine \u00ab Elevator World \u00bb. Dans le cadre de ce projet, Schindler a \u00e9quip\u00e9 les tours jumelles de l&#039;UOB Plaza \u00e0 Singapour de nouveaux ascenseurs, d&#039;escaliers m\u00e9caniques et de technologies de mobilit\u00e9 intelligentes entre 2022 et 2025.\" \/>\n\t<meta name=\"robots\" content=\"max-image-preview:large\" \/>\n\t<meta name=\"author\" content=\"immovestuser\"\/>\n\t<meta name=\"google-site-verification\" content=\"fHJKvgWpZCR2zVBHWfkQeFXC11qieUSff0HGNYfuyLA\" \/>\n\t<link rel=\"canonical\" href=\"https:\/\/www.immo-invest.ch\/fr\/modernisierung-verbessert-vertikale-mobilitaet-in-hochhauskomplex\/\" \/>\n\t<meta name=\"generator\" content=\"All in One SEO (AIOSEO) 5.0.0.1\" \/>\n\t\t<meta property=\"og:locale\" content=\"fr_FR\" \/>\n\t\t<meta property=\"og:site_name\" content=\"immo!nvest - Die Plattform f\u00fcr Standorte und Immobilien - Die\u00a0Plattform f\u00fcr Standorte und Immobilien\" \/>\n\t\t<meta property=\"og:type\" content=\"article\" \/>\n\t\t<meta property=\"og:title\" content=\"La modernisation am\u00e9liore la mobilit\u00e9 verticale dans un complexe de gratte-ciel - immo!nvest - Die Plattform f\u00fcr Standorte und Immobilien\" \/>\n\t\t<meta property=\"og:description\" content=\"Le projet de modernisation de l&#039;UOB Plaza fait l&#039;objet d&#039;un article dans le num\u00e9ro d&#039;avril du magazine \u00ab Elevator World \u00bb. Dans le cadre de ce projet, Schindler a \u00e9quip\u00e9 les tours jumelles de l&#039;UOB Plaza \u00e0 Singapour de nouveaux ascenseurs, d&#039;escaliers m\u00e9caniques et de technologies de mobilit\u00e9 intelligentes entre 2022 et 2025.\" \/>\n\t\t<meta property=\"og:url\" content=\"https:\/\/www.immo-invest.ch\/fr\/modernisierung-verbessert-vertikale-mobilitaet-in-hochhauskomplex\/\" \/>\n\t\t<meta property=\"og:image\" content=\"https:\/\/www.immo-invest.ch\/wp-content\/uploads\/2026\/05\/banoviag_futuristic_high-rise_lobby_in_Singapore_with_smart_e_cc3401b5-8188-4565-ba3e-e34b5b7fa61d_3.png\" \/>\n\t\t<meta property=\"og:image:secure_url\" content=\"https:\/\/www.immo-invest.ch\/wp-content\/uploads\/2026\/05\/banoviag_futuristic_high-rise_lobby_in_Singapore_with_smart_e_cc3401b5-8188-4565-ba3e-e34b5b7fa61d_3.png\" \/>\n\t\t<meta property=\"og:image:width\" content=\"1536\" \/>\n\t\t<meta property=\"og:image:height\" content=\"768\" \/>\n\t\t<meta property=\"article:published_time\" content=\"2026-05-27T06:20:00+00:00\" \/>\n\t\t<meta property=\"article:modified_time\" content=\"2026-05-21T07:14:27+00:00\" \/>\n\t\t<meta property=\"article:publisher\" content=\"https:\/\/www.facebook.com\/people\/Immoinvest\/100077962920504\/\" \/>\n\t\t<meta name=\"twitter:card\" content=\"summary_large_image\" \/>\n\t\t<meta name=\"twitter:site\" content=\"@i\" \/>\n\t\t<meta name=\"twitter:title\" content=\"La modernisation am\u00e9liore la mobilit\u00e9 verticale dans un complexe de gratte-ciel - immo!nvest - Die Plattform f\u00fcr Standorte und Immobilien\" \/>\n\t\t<meta name=\"twitter:description\" content=\"Le projet de modernisation de l&#039;UOB Plaza fait l&#039;objet d&#039;un article dans le num\u00e9ro d&#039;avril du magazine \u00ab Elevator World \u00bb. Dans le cadre de ce projet, Schindler a \u00e9quip\u00e9 les tours jumelles de l&#039;UOB Plaza \u00e0 Singapour de nouveaux ascenseurs, d&#039;escaliers m\u00e9caniques et de technologies de mobilit\u00e9 intelligentes entre 2022 et 2025.\" \/>\n\t\t<meta name=\"twitter:creator\" content=\"@i\" \/>\n\t\t<meta name=\"twitter:image\" content=\"https:\/\/www.immo-invest.ch\/wp-content\/uploads\/2026\/05\/banoviag_futuristic_high-rise_lobby_in_Singapore_with_smart_e_cc3401b5-8188-4565-ba3e-e34b5b7fa61d_3.png\" \/>\n\t\t<script type=\"application\/ld+json\" class=\"aioseo-schema\">\n\t\t\t{\"@context\":\"https:\\\/\\\/schema.org\",\"@graph\":[{\"@type\":\"BlogPosting\",\"@id\":\"https:\\\/\\\/www.immo-invest.ch\\\/fr\\\/modernisierung-verbessert-vertikale-mobilitaet-in-hochhauskomplex\\\/#blogposting\",\"name\":\"La modernisation am\\u00e9liore la mobilit\\u00e9 verticale dans un complexe de gratte-ciel - immo!nvest - Die Plattform f\\u00fcr Standorte und Immobilien\",\"headline\":\"La modernisation am\\u00e9liore la mobilit\\u00e9 verticale dans un complexe de gratte-ciel\",\"author\":{\"@id\":\"https:\\\/\\\/www.immo-invest.ch\\\/fr\\\/author\\\/immovestuser\\\/#author\"},\"publisher\":{\"@id\":\"https:\\\/\\\/www.immo-invest.ch\\\/fr\\\/#organization\"},\"image\":{\"@type\":\"ImageObject\",\"url\":\"https:\\\/\\\/www.immo-invest.ch\\\/wp-content\\\/uploads\\\/2026\\\/05\\\/banoviag_futuristic_high-rise_lobby_in_Singapore_with_smart_e_cc3401b5-8188-4565-ba3e-e34b5b7fa61d_3.png\",\"width\":1536,\"height\":768},\"datePublished\":\"2026-05-27T08:20:00+02:00\",\"dateModified\":\"2026-05-21T09:14:27+02:00\",\"inLanguage\":\"fr-FR\",\"mainEntityOfPage\":{\"@id\":\"https:\\\/\\\/www.immo-invest.ch\\\/fr\\\/modernisierung-verbessert-vertikale-mobilitaet-in-hochhauskomplex\\\/#webpage\"},\"isPartOf\":{\"@id\":\"https:\\\/\\\/www.immo-invest.ch\\\/fr\\\/modernisierung-verbessert-vertikale-mobilitaet-in-hochhauskomplex\\\/#webpage\"},\"articleSection\":\"immoNews, International, Projects, propTech, Aufzugstechnologie, Gebaeudemodernisierung, Immoinvest, immoNews, News, Smart Building, Facultatif\"},{\"@type\":\"BreadcrumbList\",\"@id\":\"https:\\\/\\\/www.immo-invest.ch\\\/fr\\\/modernisierung-verbessert-vertikale-mobilitaet-in-hochhauskomplex\\\/#breadcrumblist\",\"itemListElement\":[{\"@type\":\"ListItem\",\"@id\":\"https:\\\/\\\/www.immo-invest.ch\\\/fr\\\/#listItem\",\"position\":1,\"name\":\"Home\",\"item\":\"https:\\\/\\\/www.immo-invest.ch\\\/fr\\\/\",\"nextItem\":{\"@type\":\"ListItem\",\"@id\":\"https:\\\/\\\/www.immo-invest.ch\\\/fr\\\/categories\\\/trends-fr\\\/#listItem\",\"name\":\"Trends\"}},{\"@type\":\"ListItem\",\"@id\":\"https:\\\/\\\/www.immo-invest.ch\\\/fr\\\/categories\\\/trends-fr\\\/#listItem\",\"position\":2,\"name\":\"Trends\",\"item\":\"https:\\\/\\\/www.immo-invest.ch\\\/fr\\\/categories\\\/trends-fr\\\/\",\"nextItem\":{\"@type\":\"ListItem\",\"@id\":\"https:\\\/\\\/www.immo-invest.ch\\\/fr\\\/categories\\\/trends-fr\\\/proptech-fr\\\/#listItem\",\"name\":\"propTech\"},\"previousItem\":{\"@type\":\"ListItem\",\"@id\":\"https:\\\/\\\/www.immo-invest.ch\\\/fr\\\/#listItem\",\"name\":\"Home\"}},{\"@type\":\"ListItem\",\"@id\":\"https:\\\/\\\/www.immo-invest.ch\\\/fr\\\/categories\\\/trends-fr\\\/proptech-fr\\\/#listItem\",\"position\":3,\"name\":\"propTech\",\"item\":\"https:\\\/\\\/www.immo-invest.ch\\\/fr\\\/categories\\\/trends-fr\\\/proptech-fr\\\/\",\"nextItem\":{\"@type\":\"ListItem\",\"@id\":\"https:\\\/\\\/www.immo-invest.ch\\\/fr\\\/modernisierung-verbessert-vertikale-mobilitaet-in-hochhauskomplex\\\/#listItem\",\"name\":\"La modernisation am\\u00e9liore la mobilit\\u00e9 verticale dans un complexe de gratte-ciel\"},\"previousItem\":{\"@type\":\"ListItem\",\"@id\":\"https:\\\/\\\/www.immo-invest.ch\\\/fr\\\/categories\\\/trends-fr\\\/#listItem\",\"name\":\"Trends\"}},{\"@type\":\"ListItem\",\"@id\":\"https:\\\/\\\/www.immo-invest.ch\\\/fr\\\/modernisierung-verbessert-vertikale-mobilitaet-in-hochhauskomplex\\\/#listItem\",\"position\":4,\"name\":\"La modernisation am\\u00e9liore la mobilit\\u00e9 verticale dans un complexe de gratte-ciel\",\"previousItem\":{\"@type\":\"ListItem\",\"@id\":\"https:\\\/\\\/www.immo-invest.ch\\\/fr\\\/categories\\\/trends-fr\\\/proptech-fr\\\/#listItem\",\"name\":\"propTech\"}}]},{\"@type\":\"Organization\",\"@id\":\"https:\\\/\\\/www.immo-invest.ch\\\/fr\\\/#organization\",\"name\":\"immo!nvest - Die Plattform f\\u00fcr Standorte und Immobilien\",\"description\":\"Die\\u00a0Plattform f\\u00fcr Standorte und Immobilien\",\"url\":\"https:\\\/\\\/www.immo-invest.ch\\\/fr\\\/\",\"email\":\"admin@immomedia.ag\",\"telephone\":\"+41444420002\",\"logo\":{\"@type\":\"ImageObject\",\"url\":\"https:\\\/\\\/www.immo-invest.ch\\\/wp-content\\\/uploads\\\/2024\\\/09\\\/immoinvest_sm-scaled.jpg\",\"@id\":\"https:\\\/\\\/www.immo-invest.ch\\\/fr\\\/modernisierung-verbessert-vertikale-mobilitaet-in-hochhauskomplex\\\/#organizationLogo\",\"width\":2560,\"height\":1340},\"image\":{\"@id\":\"https:\\\/\\\/www.immo-invest.ch\\\/fr\\\/modernisierung-verbessert-vertikale-mobilitaet-in-hochhauskomplex\\\/#organizationLogo\"},\"sameAs\":[\"https:\\\/\\\/www.facebook.com\\\/people\\\/Immoinvest\\\/100077962920504\\\/\",\"https:\\\/\\\/x.com\\\/i\\\/flow\\\/login?redirect_after_login=immoinvest_ch\",\"https:\\\/\\\/www.instagram.com\\\/immoinvest_ch\\\/\",\"https:\\\/\\\/www.linkedin.com\\\/company\\\/immoinvest-swiss\"]},{\"@type\":\"Person\",\"@id\":\"https:\\\/\\\/www.immo-invest.ch\\\/fr\\\/author\\\/immovestuser\\\/#author\",\"url\":\"https:\\\/\\\/www.immo-invest.ch\\\/fr\\\/author\\\/immovestuser\\\/\",\"name\":\"immovestuser\",\"image\":{\"@type\":\"ImageObject\",\"@id\":\"https:\\\/\\\/www.immo-invest.ch\\\/fr\\\/modernisierung-verbessert-vertikale-mobilitaet-in-hochhauskomplex\\\/#authorImage\",\"url\":\"https:\\\/\\\/secure.gravatar.com\\\/avatar\\\/8e01f4d99f2eeea7a362ebb93305e1172a70e9293ba250f897a65c39f54cdd1e?s=96&d=mm&r=g\",\"width\":96,\"height\":96,\"caption\":\"immovestuser\"}},{\"@type\":\"WebPage\",\"@id\":\"https:\\\/\\\/www.immo-invest.ch\\\/fr\\\/modernisierung-verbessert-vertikale-mobilitaet-in-hochhauskomplex\\\/#webpage\",\"url\":\"https:\\\/\\\/www.immo-invest.ch\\\/fr\\\/modernisierung-verbessert-vertikale-mobilitaet-in-hochhauskomplex\\\/\",\"name\":\"La modernisation am\\u00e9liore la mobilit\\u00e9 verticale dans un complexe de gratte-ciel - immo!nvest - Die Plattform f\\u00fcr Standorte und Immobilien\",\"description\":\"Le projet de modernisation de l'UOB Plaza fait l'objet d'un article dans le num\\u00e9ro d'avril du magazine \\u00ab Elevator World \\u00bb. Dans le cadre de ce projet, Schindler a \\u00e9quip\\u00e9 les tours jumelles de l'UOB Plaza \\u00e0 Singapour de nouveaux ascenseurs, d'escaliers m\\u00e9caniques et de technologies de mobilit\\u00e9 intelligentes entre 2022 et 2025.\",\"inLanguage\":\"fr-FR\",\"isPartOf\":{\"@id\":\"https:\\\/\\\/www.immo-invest.ch\\\/fr\\\/#website\"},\"breadcrumb\":{\"@id\":\"https:\\\/\\\/www.immo-invest.ch\\\/fr\\\/modernisierung-verbessert-vertikale-mobilitaet-in-hochhauskomplex\\\/#breadcrumblist\"},\"author\":{\"@id\":\"https:\\\/\\\/www.immo-invest.ch\\\/fr\\\/author\\\/immovestuser\\\/#author\"},\"creator\":{\"@id\":\"https:\\\/\\\/www.immo-invest.ch\\\/fr\\\/author\\\/immovestuser\\\/#author\"},\"image\":{\"@type\":\"ImageObject\",\"url\":\"https:\\\/\\\/www.immo-invest.ch\\\/wp-content\\\/uploads\\\/2026\\\/05\\\/banoviag_futuristic_high-rise_lobby_in_Singapore_with_smart_e_cc3401b5-8188-4565-ba3e-e34b5b7fa61d_3.png\",\"@id\":\"https:\\\/\\\/www.immo-invest.ch\\\/fr\\\/modernisierung-verbessert-vertikale-mobilitaet-in-hochhauskomplex\\\/#mainImage\",\"width\":1536,\"height\":768},\"primaryImageOfPage\":{\"@id\":\"https:\\\/\\\/www.immo-invest.ch\\\/fr\\\/modernisierung-verbessert-vertikale-mobilitaet-in-hochhauskomplex\\\/#mainImage\"},\"datePublished\":\"2026-05-27T08:20:00+02:00\",\"dateModified\":\"2026-05-21T09:14:27+02:00\"},{\"@type\":\"WebSite\",\"@id\":\"https:\\\/\\\/www.immo-invest.ch\\\/fr\\\/#website\",\"url\":\"https:\\\/\\\/www.immo-invest.ch\\\/fr\\\/\",\"name\":\"immo!nvest - Die Plattform f\\u00fcr Standorte und Immobilien\",\"description\":\"Die\\u00a0Plattform f\\u00fcr Standorte und Immobilien\",\"inLanguage\":\"fr-FR\",\"publisher\":{\"@id\":\"https:\\\/\\\/www.immo-invest.ch\\\/fr\\\/#organization\"}}]}\n\t\t<\/script>\n\t\t<!-- All in One SEO -->\n\n","aioseo_head_json":{"title":"La modernisation am\u00e9liore la mobilit\u00e9 verticale dans un complexe de gratte-ciel - immo!nvest - Die Plattform f\u00fcr Standorte und Immobilien","description":"Le projet de modernisation de l'UOB Plaza fait l'objet d'un article dans le num\u00e9ro d'avril du magazine \u00ab Elevator World \u00bb. Dans le cadre de ce projet, Schindler a \u00e9quip\u00e9 les tours jumelles de l'UOB Plaza \u00e0 Singapour de nouveaux ascenseurs, d'escaliers m\u00e9caniques et de technologies de mobilit\u00e9 intelligentes entre 2022 et 2025.","canonical_url":"https:\/\/www.immo-invest.ch\/fr\/modernisierung-verbessert-vertikale-mobilitaet-in-hochhauskomplex\/","robots":"max-image-preview:large","keywords":"","webmasterTools":{"google-site-verification":"fHJKvgWpZCR2zVBHWfkQeFXC11qieUSff0HGNYfuyLA","miscellaneous":""},"schema":{"@context":"https:\/\/schema.org","@graph":[{"@type":"BlogPosting","@id":"https:\/\/www.immo-invest.ch\/fr\/modernisierung-verbessert-vertikale-mobilitaet-in-hochhauskomplex\/#blogposting","name":"La modernisation am\u00e9liore la mobilit\u00e9 verticale dans un complexe de gratte-ciel - immo!nvest - Die Plattform f\u00fcr Standorte und Immobilien","headline":"La modernisation am\u00e9liore la mobilit\u00e9 verticale dans un complexe de gratte-ciel","author":{"@id":"https:\/\/www.immo-invest.ch\/fr\/author\/immovestuser\/#author"},"publisher":{"@id":"https:\/\/www.immo-invest.ch\/fr\/#organization"},"image":{"@type":"ImageObject","url":"https:\/\/www.immo-invest.ch\/wp-content\/uploads\/2026\/05\/banoviag_futuristic_high-rise_lobby_in_Singapore_with_smart_e_cc3401b5-8188-4565-ba3e-e34b5b7fa61d_3.png","width":1536,"height":768},"datePublished":"2026-05-27T08:20:00+02:00","dateModified":"2026-05-21T09:14:27+02:00","inLanguage":"fr-FR","mainEntityOfPage":{"@id":"https:\/\/www.immo-invest.ch\/fr\/modernisierung-verbessert-vertikale-mobilitaet-in-hochhauskomplex\/#webpage"},"isPartOf":{"@id":"https:\/\/www.immo-invest.ch\/fr\/modernisierung-verbessert-vertikale-mobilitaet-in-hochhauskomplex\/#webpage"},"articleSection":"immoNews, International, Projects, propTech, Aufzugstechnologie, Gebaeudemodernisierung, Immoinvest, immoNews, News, Smart Building, Facultatif"},{"@type":"BreadcrumbList","@id":"https:\/\/www.immo-invest.ch\/fr\/modernisierung-verbessert-vertikale-mobilitaet-in-hochhauskomplex\/#breadcrumblist","itemListElement":[{"@type":"ListItem","@id":"https:\/\/www.immo-invest.ch\/fr\/#listItem","position":1,"name":"Home","item":"https:\/\/www.immo-invest.ch\/fr\/","nextItem":{"@type":"ListItem","@id":"https:\/\/www.immo-invest.ch\/fr\/categories\/trends-fr\/#listItem","name":"Trends"}},{"@type":"ListItem","@id":"https:\/\/www.immo-invest.ch\/fr\/categories\/trends-fr\/#listItem","position":2,"name":"Trends","item":"https:\/\/www.immo-invest.ch\/fr\/categories\/trends-fr\/","nextItem":{"@type":"ListItem","@id":"https:\/\/www.immo-invest.ch\/fr\/categories\/trends-fr\/proptech-fr\/#listItem","name":"propTech"},"previousItem":{"@type":"ListItem","@id":"https:\/\/www.immo-invest.ch\/fr\/#listItem","name":"Home"}},{"@type":"ListItem","@id":"https:\/\/www.immo-invest.ch\/fr\/categories\/trends-fr\/proptech-fr\/#listItem","position":3,"name":"propTech","item":"https:\/\/www.immo-invest.ch\/fr\/categories\/trends-fr\/proptech-fr\/","nextItem":{"@type":"ListItem","@id":"https:\/\/www.immo-invest.ch\/fr\/modernisierung-verbessert-vertikale-mobilitaet-in-hochhauskomplex\/#listItem","name":"La modernisation am\u00e9liore la mobilit\u00e9 verticale dans un complexe de gratte-ciel"},"previousItem":{"@type":"ListItem","@id":"https:\/\/www.immo-invest.ch\/fr\/categories\/trends-fr\/#listItem","name":"Trends"}},{"@type":"ListItem","@id":"https:\/\/www.immo-invest.ch\/fr\/modernisierung-verbessert-vertikale-mobilitaet-in-hochhauskomplex\/#listItem","position":4,"name":"La modernisation am\u00e9liore la mobilit\u00e9 verticale dans un complexe de gratte-ciel","previousItem":{"@type":"ListItem","@id":"https:\/\/www.immo-invest.ch\/fr\/categories\/trends-fr\/proptech-fr\/#listItem","name":"propTech"}}]},{"@type":"Organization","@id":"https:\/\/www.immo-invest.ch\/fr\/#organization","name":"immo!nvest - Die Plattform f\u00fcr Standorte und Immobilien","description":"Die\u00a0Plattform f\u00fcr Standorte und Immobilien","url":"https:\/\/www.immo-invest.ch\/fr\/","email":"admin@immomedia.ag","telephone":"+41444420002","logo":{"@type":"ImageObject","url":"https:\/\/www.immo-invest.ch\/wp-content\/uploads\/2024\/09\/immoinvest_sm-scaled.jpg","@id":"https:\/\/www.immo-invest.ch\/fr\/modernisierung-verbessert-vertikale-mobilitaet-in-hochhauskomplex\/#organizationLogo","width":2560,"height":1340},"image":{"@id":"https:\/\/www.immo-invest.ch\/fr\/modernisierung-verbessert-vertikale-mobilitaet-in-hochhauskomplex\/#organizationLogo"},"sameAs":["https:\/\/www.facebook.com\/people\/Immoinvest\/100077962920504\/","https:\/\/x.com\/i\/flow\/login?redirect_after_login=immoinvest_ch","https:\/\/www.instagram.com\/immoinvest_ch\/","https:\/\/www.linkedin.com\/company\/immoinvest-swiss"]},{"@type":"Person","@id":"https:\/\/www.immo-invest.ch\/fr\/author\/immovestuser\/#author","url":"https:\/\/www.immo-invest.ch\/fr\/author\/immovestuser\/","name":"immovestuser","image":{"@type":"ImageObject","@id":"https:\/\/www.immo-invest.ch\/fr\/modernisierung-verbessert-vertikale-mobilitaet-in-hochhauskomplex\/#authorImage","url":"https:\/\/secure.gravatar.com\/avatar\/8e01f4d99f2eeea7a362ebb93305e1172a70e9293ba250f897a65c39f54cdd1e?s=96&d=mm&r=g","width":96,"height":96,"caption":"immovestuser"}},{"@type":"WebPage","@id":"https:\/\/www.immo-invest.ch\/fr\/modernisierung-verbessert-vertikale-mobilitaet-in-hochhauskomplex\/#webpage","url":"https:\/\/www.immo-invest.ch\/fr\/modernisierung-verbessert-vertikale-mobilitaet-in-hochhauskomplex\/","name":"La modernisation am\u00e9liore la mobilit\u00e9 verticale dans un complexe de gratte-ciel - immo!nvest - Die Plattform f\u00fcr Standorte und Immobilien","description":"Le projet de modernisation de l'UOB Plaza fait l'objet d'un article dans le num\u00e9ro d'avril du magazine \u00ab Elevator World \u00bb. Dans le cadre de ce projet, Schindler a \u00e9quip\u00e9 les tours jumelles de l'UOB Plaza \u00e0 Singapour de nouveaux ascenseurs, d'escaliers m\u00e9caniques et de technologies de mobilit\u00e9 intelligentes entre 2022 et 2025.","inLanguage":"fr-FR","isPartOf":{"@id":"https:\/\/www.immo-invest.ch\/fr\/#website"},"breadcrumb":{"@id":"https:\/\/www.immo-invest.ch\/fr\/modernisierung-verbessert-vertikale-mobilitaet-in-hochhauskomplex\/#breadcrumblist"},"author":{"@id":"https:\/\/www.immo-invest.ch\/fr\/author\/immovestuser\/#author"},"creator":{"@id":"https:\/\/www.immo-invest.ch\/fr\/author\/immovestuser\/#author"},"image":{"@type":"ImageObject","url":"https:\/\/www.immo-invest.ch\/wp-content\/uploads\/2026\/05\/banoviag_futuristic_high-rise_lobby_in_Singapore_with_smart_e_cc3401b5-8188-4565-ba3e-e34b5b7fa61d_3.png","@id":"https:\/\/www.immo-invest.ch\/fr\/modernisierung-verbessert-vertikale-mobilitaet-in-hochhauskomplex\/#mainImage","width":1536,"height":768},"primaryImageOfPage":{"@id":"https:\/\/www.immo-invest.ch\/fr\/modernisierung-verbessert-vertikale-mobilitaet-in-hochhauskomplex\/#mainImage"},"datePublished":"2026-05-27T08:20:00+02:00","dateModified":"2026-05-21T09:14:27+02:00"},{"@type":"WebSite","@id":"https:\/\/www.immo-invest.ch\/fr\/#website","url":"https:\/\/www.immo-invest.ch\/fr\/","name":"immo!nvest - Die Plattform f\u00fcr Standorte und Immobilien","description":"Die\u00a0Plattform f\u00fcr Standorte und Immobilien","inLanguage":"fr-FR","publisher":{"@id":"https:\/\/www.immo-invest.ch\/fr\/#organization"}}]},"og:locale":"fr_FR","og:site_name":"immo!nvest - Die Plattform f\u00fcr Standorte und Immobilien - Die\u00a0Plattform f\u00fcr Standorte und Immobilien","og:type":"article","og:title":"La modernisation am\u00e9liore la mobilit\u00e9 verticale dans un complexe de gratte-ciel - immo!nvest - Die Plattform f\u00fcr Standorte und Immobilien","og:description":"Le projet de modernisation de l'UOB Plaza fait l'objet d'un article dans le num\u00e9ro d'avril du magazine \u00ab Elevator World \u00bb. Dans le cadre de ce projet, Schindler a \u00e9quip\u00e9 les tours jumelles de l'UOB Plaza \u00e0 Singapour de nouveaux ascenseurs, d'escaliers m\u00e9caniques et de technologies de mobilit\u00e9 intelligentes entre 2022 et 2025.","og:url":"https:\/\/www.immo-invest.ch\/fr\/modernisierung-verbessert-vertikale-mobilitaet-in-hochhauskomplex\/","og:image":"https:\/\/www.immo-invest.ch\/wp-content\/uploads\/2026\/05\/banoviag_futuristic_high-rise_lobby_in_Singapore_with_smart_e_cc3401b5-8188-4565-ba3e-e34b5b7fa61d_3.png","og:image:secure_url":"https:\/\/www.immo-invest.ch\/wp-content\/uploads\/2026\/05\/banoviag_futuristic_high-rise_lobby_in_Singapore_with_smart_e_cc3401b5-8188-4565-ba3e-e34b5b7fa61d_3.png","og:image:width":1536,"og:image:height":768,"article:published_time":"2026-05-27T06:20:00+00:00","article:modified_time":"2026-05-21T07:14:27+00:00","article:publisher":"https:\/\/www.facebook.com\/people\/Immoinvest\/100077962920504\/","twitter:card":"summary_large_image","twitter:site":"@i","twitter:title":"La modernisation am\u00e9liore la mobilit\u00e9 verticale dans un complexe de gratte-ciel - immo!nvest - Die Plattform f\u00fcr Standorte und Immobilien","twitter:description":"Le projet de modernisation de l'UOB Plaza fait l'objet d'un article dans le num\u00e9ro d'avril du magazine \u00ab Elevator World \u00bb. Dans le cadre de ce projet, Schindler a \u00e9quip\u00e9 les tours jumelles de l'UOB Plaza \u00e0 Singapour de nouveaux ascenseurs, d'escaliers m\u00e9caniques et de technologies de mobilit\u00e9 intelligentes entre 2022 et 2025.","twitter:creator":"@i","twitter:image":"https:\/\/www.immo-invest.ch\/wp-content\/uploads\/2026\/05\/banoviag_futuristic_high-rise_lobby_in_Singapore_with_smart_e_cc3401b5-8188-4565-ba3e-e34b5b7fa61d_3.png"},"aioseo_meta_data":{"post_id":"157492","title":null,"description":null,"keywords":null,"keyphrases":{"focus":{"keyphrase":"","score":0,"analysis":{"keyphraseInTitle":{"score":0,"maxScore":9,"error":1}}},"additional":[]},"primary_term":null,"canonical_url":null,"og_title":null,"og_description":null,"og_object_type":"default","og_image_type":"default","og_image_url":null,"og_image_width":null,"og_image_height":null,"og_image_custom_url":null,"og_image_custom_fields":null,"og_video":"","og_custom_url":null,"og_article_section":null,"og_article_tags":null,"twitter_use_og":false,"twitter_card":"default","twitter_image_type":"default","twitter_image_url":null,"twitter_image_custom_url":null,"twitter_image_custom_fields":null,"twitter_title":null,"twitter_description":null,"schema":{"blockGraphs":[],"customGraphs":[],"default":{"data":{"Article":[],"Course":[],"Dataset":[],"FAQPage":[],"Movie":[],"Person":[],"Product":[],"ProductReview":[],"Car":[],"Recipe":[],"Service":[],"SoftwareApplication":[],"WebPage":[]},"graphName":"BlogPosting","isEnabled":true},"graphs":[]},"schema_type":"default","schema_type_options":null,"pillar_content":false,"robots_default":true,"robots_noindex":false,"robots_noarchive":false,"robots_nosnippet":false,"robots_nofollow":false,"robots_noimageindex":false,"robots_noodp":false,"robots_notranslate":false,"robots_max_snippet":"-1","robots_max_videopreview":"-1","robots_max_imagepreview":"large","priority":null,"frequency":"default","local_seo":null,"breadcrumb_settings":null,"limit_modified_date":false,"ai":{"faqs":[],"keyPoints":[],"schemas":[],"titles":[],"descriptions":[],"socialPosts":{"email":[],"linkedin":[],"twitter":[],"facebook":[],"instagram":[]}},"created":"2026-05-21 07:10:06","updated":"2026-05-27 07:21:34","seo_analyzer_scan_date":null,"focus_keyword":null,"additional_keywords":null,"truseo_locale":null},"aioseo_breadcrumb":"<div class=\"aioseo-breadcrumbs\"><span class=\"aioseo-breadcrumb\">\n\t\t\t<a href=\"https:\/\/www.immo-invest.ch\/fr\/\" title=\"Home\">Home<\/a>\n\t\t<\/span><span class=\"aioseo-breadcrumb-separator\">&raquo;<\/span><span class=\"aioseo-breadcrumb\">\n\t\t\t<a href=\"https:\/\/www.immo-invest.ch\/fr\/categories\/trends-fr\/\" title=\"Trends\">Trends<\/a>\n\t\t<\/span><span class=\"aioseo-breadcrumb-separator\">&raquo;<\/span><span class=\"aioseo-breadcrumb\">\n\t\t\t<a href=\"https:\/\/www.immo-invest.ch\/fr\/categories\/trends-fr\/proptech-fr\/\" title=\"propTech\">propTech<\/a>\n\t\t<\/span><span class=\"aioseo-breadcrumb-separator\">&raquo;<\/span><span class=\"aioseo-breadcrumb\">\n\t\t\tLa modernisation am\u00e9liore la mobilit\u00e9 verticale dans un complexe de gratte-ciel\n\t\t<\/span><\/div>","aioseo_breadcrumb_json":[{"label":"Home","link":"https:\/\/www.immo-invest.ch\/fr\/"},{"label":"Trends","link":"https:\/\/www.immo-invest.ch\/fr\/categories\/trends-fr\/"},{"label":"propTech","link":"https:\/\/www.immo-invest.ch\/fr\/categories\/trends-fr\/proptech-fr\/"},{"label":"La modernisation am\u00e9liore la mobilit\u00e9 verticale dans un complexe de gratte-ciel","link":"https:\/\/www.immo-invest.ch\/fr\/modernisierung-verbessert-vertikale-mobilitaet-in-hochhauskomplex\/"}],"featured_image_src":"https:\/\/www.immo-invest.ch\/wp-content\/uploads\/2026\/05\/banoviag_futuristic_high-rise_lobby_in_Singapore_with_smart_e_cc3401b5-8188-4565-ba3e-e34b5b7fa61d_3-336x168.png","_links":{"self":[{"href":"https:\/\/www.immo-invest.ch\/fr\/wp-json\/wp\/v2\/posts\/157492","targetHints":{"allow":["GET"]}}],"collection":[{"href":"https:\/\/www.immo-invest.ch\/fr\/wp-json\/wp\/v2\/posts"}],"about":[{"href":"https:\/\/www.immo-invest.ch\/fr\/wp-json\/wp\/v2\/types\/post"}],"author":[{"embeddable":true,"href":"https:\/\/www.immo-invest.ch\/fr\/wp-json\/wp\/v2\/users\/2"}],"replies":[{"embeddable":true,"href":"https:\/\/www.immo-invest.ch\/fr\/wp-json\/wp\/v2\/comments?post=157492"}],"version-history":[{"count":4,"href":"https:\/\/www.immo-invest.ch\/fr\/wp-json\/wp\/v2\/posts\/157492\/revisions"}],"predecessor-version":[{"id":157528,"href":"https:\/\/www.immo-invest.ch\/fr\/wp-json\/wp\/v2\/posts\/157492\/revisions\/157528"}],"wp:featuredmedia":[{"embeddable":true,"href":"https:\/\/www.immo-invest.ch\/fr\/wp-json\/wp\/v2\/media\/157493"}],"wp:attachment":[{"href":"https:\/\/www.immo-invest.ch\/fr\/wp-json\/wp\/v2\/media?parent=157492"}],"wp:term":[{"taxonomy":"category","embeddable":true,"href":"https:\/\/www.immo-invest.ch\/fr\/wp-json\/wp\/v2\/categories?post=157492"},{"taxonomy":"post_tag","embeddable":true,"href":"https:\/\/www.immo-invest.ch\/fr\/wp-json\/wp\/v2\/tags?post=157492"}],"curies":[{"name":"wp","href":"https:\/\/api.w.org\/{rel}","templated":true}]}}