{"id":153936,"date":"2026-04-17T16:20:00","date_gmt":"2026-04-17T14:20:00","guid":{"rendered":"https:\/\/www.immo-invest.ch\/?p=153936"},"modified":"2026-04-16T10:15:27","modified_gmt":"2026-04-16T08:15:27","slug":"akquisition-baut-praesenz-in-der-bauindustrie-gezielt-aus","status":"publish","type":"post","link":"https:\/\/www.immo-invest.ch\/fr\/akquisition-baut-praesenz-in-der-bauindustrie-gezielt-aus\/","title":{"rendered":"Cette acquisition renforce de mani\u00e8re cibl\u00e9e la pr\u00e9sence de l&rsquo;entreprise dans le secteur de la construction"},"content":{"rendered":"<p class=\"bodytext\">Le <a href=\"https:\/\/www.sfs.com\/ch\/de\/\" target=\"_blank\" rel=\"noopener\">groupe SFS<\/a>, bas&eacute; &agrave; Heerbrugg, a rachet&eacute; la <a href=\"https:\/\/www.zahngmbh.com\/\" target=\"_blank\" rel=\"noopener\">soci&eacute;t&eacute; Harald Zahn GmbH<\/a>, dont le si&egrave;ge se trouve &agrave; Wiesloch. En rachetant ce sp&eacute;cialiste des fixations pour toitures plates, originaire du nord du Bade-Wurtemberg, SFS entend renforcer sa position sur le march&eacute; de la construction en Allemagne et en Autriche, indique un <a href=\"https:\/\/www.sfs.com\/ch\/de\/media-newsroom\/sfs-%C3%BCbernimmt-deutschen-anbieter-von-flachdach-befestigungssystemen.html\" target=\"_blank\" rel=\"noopener\">communiqu&eacute;<\/a>.<\/p>\n<p class=\"bodytext\">Fond&eacute;e en 1981, la soci&eacute;t&eacute; Harald Zahn GmbH d&eacute;veloppe et produit des &eacute;l&eacute;ments de fixation haut de gamme pour toitures plates. En 2025, l&rsquo;entreprise a r&eacute;alis&eacute; un chiffre d&rsquo;affaires de 8 millions d&rsquo;euros avec 45 collaborateurs. &Agrave; l&rsquo;avenir, elle sera int&eacute;gr&eacute;e au segment Fastening Systems de SFS sur son site de Wiesloch.<\/p>\n<p class=\"bodytext\">Le groupe SFS est pr&eacute;sent dans 35 pays d&rsquo;Asie, d&rsquo;Europe et d&rsquo;Am&eacute;rique du Nord, avec 150 sites de distribution et de production. Selon ses propres informations, il a r&eacute;alis&eacute; en 2025 un chiffre d&rsquo;affaires de plus de 3 milliards de francs.<\/p>\n","protected":false},"excerpt":{"rendered":"<p>Le groupe SFS a rachet\u00e9 la soci\u00e9t\u00e9 Harald Zahn GmbH. En acqu\u00e9rant ce sp\u00e9cialiste allemand des fixations pour toitures plates, SFS entend renforcer sa part de march\u00e9 en Allemagne et en Autriche.<\/p>\n","protected":false},"author":2,"featured_media":153937,"comment_status":"open","ping_status":"open","sticky":false,"template":"","format":"standard","meta":{"pmpro_default_level":"","inline_featured_image":false,"_monsterinsights_skip_tracking":false,"footnotes":""},"categories":[22696,743,22357,55970],"tags":[58490,872,3931,58491,2002,58492],"class_list":["post-153936","post","type-post","status-publish","format-standard","has-post-thumbnail","hentry","category-entreprise","category-immonews-fr","category-industrie-du-batiment","category-transactions-deals","tag-flachdachbefestigung","tag-immoinvest-fr","tag-immonews-fr","tag-marktausbau","tag-news-fr","tag-uebernahme-bauindustrie","pmpro-has-access"],"acf":{"bild_mit_ki_erstellt_worden":["Ja"],"lead":"Le groupe SFS a rachet\u00e9 la soci\u00e9t\u00e9 Harald Zahn GmbH. En acqu\u00e9rant ce sp\u00e9cialiste allemand des fixations pour toitures plates, SFS entend renforcer sa part de march\u00e9 en Allemagne et en Autriche.","autor":"ce\/ww","ort":"Heerbrugg SG\/Wiesloch ","bildunterschrift":"","bild_im_grid":false,"gallerie":"","newsim":""},"aioseo_notices":[],"aioseo_head":"\n\t\t<!-- All in One SEO 5.0.0.1 - aioseo.com -->\n\t<meta name=\"description\" content=\"Le groupe SFS a rachet\u00e9 la soci\u00e9t\u00e9 Harald Zahn GmbH. En acqu\u00e9rant ce sp\u00e9cialiste allemand des fixations pour toitures plates, SFS entend renforcer sa part de march\u00e9 en Allemagne et en Autriche.\" \/>\n\t<meta name=\"robots\" content=\"max-image-preview:large\" \/>\n\t<meta name=\"author\" content=\"immovestuser\"\/>\n\t<meta name=\"google-site-verification\" content=\"fHJKvgWpZCR2zVBHWfkQeFXC11qieUSff0HGNYfuyLA\" \/>\n\t<link rel=\"canonical\" href=\"https:\/\/www.immo-invest.ch\/fr\/akquisition-baut-praesenz-in-der-bauindustrie-gezielt-aus\/\" \/>\n\t<meta name=\"generator\" content=\"All in One SEO (AIOSEO) 5.0.0.1\" \/>\n\t\t<meta property=\"og:locale\" content=\"fr_FR\" \/>\n\t\t<meta property=\"og:site_name\" content=\"immo!nvest - Die Plattform f\u00fcr Standorte und Immobilien - Die\u00a0Plattform f\u00fcr Standorte und Immobilien\" \/>\n\t\t<meta property=\"og:type\" content=\"article\" \/>\n\t\t<meta property=\"og:title\" content=\"Cette acquisition renforce de mani\u00e8re cibl\u00e9e la pr\u00e9sence de l\u2019entreprise dans le secteur de la construction - immo!nvest - Die Plattform f\u00fcr Standorte und Immobilien\" \/>\n\t\t<meta property=\"og:description\" content=\"Le groupe SFS a rachet\u00e9 la soci\u00e9t\u00e9 Harald Zahn GmbH. En acqu\u00e9rant ce sp\u00e9cialiste allemand des fixations pour toitures plates, SFS entend renforcer sa part de march\u00e9 en Allemagne et en Autriche.\" \/>\n\t\t<meta property=\"og:url\" content=\"https:\/\/www.immo-invest.ch\/fr\/akquisition-baut-praesenz-in-der-bauindustrie-gezielt-aus\/\" \/>\n\t\t<meta property=\"og:image\" content=\"https:\/\/www.immo-invest.ch\/wp-content\/uploads\/2026\/04\/banoviag_modern_industrial_production_facility_for_roofing_fa_568a969d-0712-4b92-9c1e-8828b01ad283_1.png\" \/>\n\t\t<meta property=\"og:image:secure_url\" content=\"https:\/\/www.immo-invest.ch\/wp-content\/uploads\/2026\/04\/banoviag_modern_industrial_production_facility_for_roofing_fa_568a969d-0712-4b92-9c1e-8828b01ad283_1.png\" \/>\n\t\t<meta property=\"og:image:width\" content=\"1536\" \/>\n\t\t<meta property=\"og:image:height\" content=\"768\" \/>\n\t\t<meta property=\"article:published_time\" content=\"2026-04-17T14:20:00+00:00\" \/>\n\t\t<meta property=\"article:modified_time\" content=\"2026-04-16T08:15:27+00:00\" \/>\n\t\t<meta property=\"article:publisher\" content=\"https:\/\/www.facebook.com\/people\/Immoinvest\/100077962920504\/\" \/>\n\t\t<meta name=\"twitter:card\" content=\"summary_large_image\" \/>\n\t\t<meta name=\"twitter:site\" content=\"@i\" \/>\n\t\t<meta name=\"twitter:title\" content=\"Cette acquisition renforce de mani\u00e8re cibl\u00e9e la pr\u00e9sence de l\u2019entreprise dans le secteur de la construction - immo!nvest - Die Plattform f\u00fcr Standorte und Immobilien\" \/>\n\t\t<meta name=\"twitter:description\" content=\"Le groupe SFS a rachet\u00e9 la soci\u00e9t\u00e9 Harald Zahn GmbH. En acqu\u00e9rant ce sp\u00e9cialiste allemand des fixations pour toitures plates, SFS entend renforcer sa part de march\u00e9 en Allemagne et en Autriche.\" \/>\n\t\t<meta name=\"twitter:creator\" content=\"@i\" \/>\n\t\t<meta name=\"twitter:image\" content=\"https:\/\/www.immo-invest.ch\/wp-content\/uploads\/2026\/04\/banoviag_modern_industrial_production_facility_for_roofing_fa_568a969d-0712-4b92-9c1e-8828b01ad283_1.png\" \/>\n\t\t<script type=\"application\/ld+json\" class=\"aioseo-schema\">\n\t\t\t{\"@context\":\"https:\\\/\\\/schema.org\",\"@graph\":[{\"@type\":\"BlogPosting\",\"@id\":\"https:\\\/\\\/www.immo-invest.ch\\\/fr\\\/akquisition-baut-praesenz-in-der-bauindustrie-gezielt-aus\\\/#blogposting\",\"name\":\"Cette acquisition renforce de mani\\u00e8re cibl\\u00e9e la pr\\u00e9sence de l\\u2019entreprise dans le secteur de la construction - immo!nvest - Die Plattform f\\u00fcr Standorte und Immobilien\",\"headline\":\"Cette acquisition renforce de mani\\u00e8re cibl\\u00e9e la pr\\u00e9sence de l&rsquo;entreprise dans le secteur de la construction\",\"author\":{\"@id\":\"https:\\\/\\\/www.immo-invest.ch\\\/fr\\\/author\\\/immovestuser\\\/#author\"},\"publisher\":{\"@id\":\"https:\\\/\\\/www.immo-invest.ch\\\/fr\\\/#organization\"},\"image\":{\"@type\":\"ImageObject\",\"url\":\"https:\\\/\\\/www.immo-invest.ch\\\/wp-content\\\/uploads\\\/2026\\\/04\\\/banoviag_modern_industrial_production_facility_for_roofing_fa_568a969d-0712-4b92-9c1e-8828b01ad283_1.png\",\"width\":1536,\"height\":768},\"datePublished\":\"2026-04-17T16:20:00+02:00\",\"dateModified\":\"2026-04-16T10:15:27+02:00\",\"inLanguage\":\"fr-FR\",\"mainEntityOfPage\":{\"@id\":\"https:\\\/\\\/www.immo-invest.ch\\\/fr\\\/akquisition-baut-praesenz-in-der-bauindustrie-gezielt-aus\\\/#webpage\"},\"isPartOf\":{\"@id\":\"https:\\\/\\\/www.immo-invest.ch\\\/fr\\\/akquisition-baut-praesenz-in-der-bauindustrie-gezielt-aus\\\/#webpage\"},\"articleSection\":\"Entreprise, immoNews, Industrie du b\\u00e2timent, Transactions \\\/ Deals, Flachdachbefestigung, Immoinvest, immoNews, Marktausbau, News, Uebernahme Bauindustrie, Facultatif\"},{\"@type\":\"BreadcrumbList\",\"@id\":\"https:\\\/\\\/www.immo-invest.ch\\\/fr\\\/akquisition-baut-praesenz-in-der-bauindustrie-gezielt-aus\\\/#breadcrumblist\",\"itemListElement\":[{\"@type\":\"ListItem\",\"@id\":\"https:\\\/\\\/www.immo-invest.ch\\\/fr\\\/#listItem\",\"position\":1,\"name\":\"Home\",\"item\":\"https:\\\/\\\/www.immo-invest.ch\\\/fr\\\/\",\"nextItem\":{\"@type\":\"ListItem\",\"@id\":\"https:\\\/\\\/www.immo-invest.ch\\\/fr\\\/categories\\\/trends-fr\\\/#listItem\",\"name\":\"Trends\"}},{\"@type\":\"ListItem\",\"@id\":\"https:\\\/\\\/www.immo-invest.ch\\\/fr\\\/categories\\\/trends-fr\\\/#listItem\",\"position\":2,\"name\":\"Trends\",\"item\":\"https:\\\/\\\/www.immo-invest.ch\\\/fr\\\/categories\\\/trends-fr\\\/\",\"nextItem\":{\"@type\":\"ListItem\",\"@id\":\"https:\\\/\\\/www.immo-invest.ch\\\/fr\\\/categories\\\/trends-fr\\\/industrie-du-batiment\\\/#listItem\",\"name\":\"Industrie du b\\u00e2timent\"},\"previousItem\":{\"@type\":\"ListItem\",\"@id\":\"https:\\\/\\\/www.immo-invest.ch\\\/fr\\\/#listItem\",\"name\":\"Home\"}},{\"@type\":\"ListItem\",\"@id\":\"https:\\\/\\\/www.immo-invest.ch\\\/fr\\\/categories\\\/trends-fr\\\/industrie-du-batiment\\\/#listItem\",\"position\":3,\"name\":\"Industrie du b\\u00e2timent\",\"item\":\"https:\\\/\\\/www.immo-invest.ch\\\/fr\\\/categories\\\/trends-fr\\\/industrie-du-batiment\\\/\",\"nextItem\":{\"@type\":\"ListItem\",\"@id\":\"https:\\\/\\\/www.immo-invest.ch\\\/fr\\\/akquisition-baut-praesenz-in-der-bauindustrie-gezielt-aus\\\/#listItem\",\"name\":\"Cette acquisition renforce de mani\\u00e8re cibl\\u00e9e la pr\\u00e9sence de l&rsquo;entreprise dans le secteur de la construction\"},\"previousItem\":{\"@type\":\"ListItem\",\"@id\":\"https:\\\/\\\/www.immo-invest.ch\\\/fr\\\/categories\\\/trends-fr\\\/#listItem\",\"name\":\"Trends\"}},{\"@type\":\"ListItem\",\"@id\":\"https:\\\/\\\/www.immo-invest.ch\\\/fr\\\/akquisition-baut-praesenz-in-der-bauindustrie-gezielt-aus\\\/#listItem\",\"position\":4,\"name\":\"Cette acquisition renforce de mani\\u00e8re cibl\\u00e9e la pr\\u00e9sence de l&rsquo;entreprise dans le secteur de la construction\",\"previousItem\":{\"@type\":\"ListItem\",\"@id\":\"https:\\\/\\\/www.immo-invest.ch\\\/fr\\\/categories\\\/trends-fr\\\/industrie-du-batiment\\\/#listItem\",\"name\":\"Industrie du b\\u00e2timent\"}}]},{\"@type\":\"Organization\",\"@id\":\"https:\\\/\\\/www.immo-invest.ch\\\/fr\\\/#organization\",\"name\":\"immo!nvest - Die Plattform f\\u00fcr Standorte und Immobilien\",\"description\":\"Die\\u00a0Plattform f\\u00fcr Standorte und Immobilien\",\"url\":\"https:\\\/\\\/www.immo-invest.ch\\\/fr\\\/\",\"email\":\"admin@immomedia.ag\",\"telephone\":\"+41444420002\",\"logo\":{\"@type\":\"ImageObject\",\"url\":\"https:\\\/\\\/www.immo-invest.ch\\\/wp-content\\\/uploads\\\/2024\\\/09\\\/immoinvest_sm-scaled.jpg\",\"@id\":\"https:\\\/\\\/www.immo-invest.ch\\\/fr\\\/akquisition-baut-praesenz-in-der-bauindustrie-gezielt-aus\\\/#organizationLogo\",\"width\":2560,\"height\":1340},\"image\":{\"@id\":\"https:\\\/\\\/www.immo-invest.ch\\\/fr\\\/akquisition-baut-praesenz-in-der-bauindustrie-gezielt-aus\\\/#organizationLogo\"},\"sameAs\":[\"https:\\\/\\\/www.facebook.com\\\/people\\\/Immoinvest\\\/100077962920504\\\/\",\"https:\\\/\\\/x.com\\\/i\\\/flow\\\/login?redirect_after_login=immoinvest_ch\",\"https:\\\/\\\/www.instagram.com\\\/immoinvest_ch\\\/\",\"https:\\\/\\\/www.linkedin.com\\\/company\\\/immoinvest-swiss\"]},{\"@type\":\"Person\",\"@id\":\"https:\\\/\\\/www.immo-invest.ch\\\/fr\\\/author\\\/immovestuser\\\/#author\",\"url\":\"https:\\\/\\\/www.immo-invest.ch\\\/fr\\\/author\\\/immovestuser\\\/\",\"name\":\"immovestuser\",\"image\":{\"@type\":\"ImageObject\",\"@id\":\"https:\\\/\\\/www.immo-invest.ch\\\/fr\\\/akquisition-baut-praesenz-in-der-bauindustrie-gezielt-aus\\\/#authorImage\",\"url\":\"https:\\\/\\\/secure.gravatar.com\\\/avatar\\\/8e01f4d99f2eeea7a362ebb93305e1172a70e9293ba250f897a65c39f54cdd1e?s=96&d=mm&r=g\",\"width\":96,\"height\":96,\"caption\":\"immovestuser\"}},{\"@type\":\"WebPage\",\"@id\":\"https:\\\/\\\/www.immo-invest.ch\\\/fr\\\/akquisition-baut-praesenz-in-der-bauindustrie-gezielt-aus\\\/#webpage\",\"url\":\"https:\\\/\\\/www.immo-invest.ch\\\/fr\\\/akquisition-baut-praesenz-in-der-bauindustrie-gezielt-aus\\\/\",\"name\":\"Cette acquisition renforce de mani\\u00e8re cibl\\u00e9e la pr\\u00e9sence de l\\u2019entreprise dans le secteur de la construction - immo!nvest - Die Plattform f\\u00fcr Standorte und Immobilien\",\"description\":\"Le groupe SFS a rachet\\u00e9 la soci\\u00e9t\\u00e9 Harald Zahn GmbH. En acqu\\u00e9rant ce sp\\u00e9cialiste allemand des fixations pour toitures plates, SFS entend renforcer sa part de march\\u00e9 en Allemagne et en Autriche.\",\"inLanguage\":\"fr-FR\",\"isPartOf\":{\"@id\":\"https:\\\/\\\/www.immo-invest.ch\\\/fr\\\/#website\"},\"breadcrumb\":{\"@id\":\"https:\\\/\\\/www.immo-invest.ch\\\/fr\\\/akquisition-baut-praesenz-in-der-bauindustrie-gezielt-aus\\\/#breadcrumblist\"},\"author\":{\"@id\":\"https:\\\/\\\/www.immo-invest.ch\\\/fr\\\/author\\\/immovestuser\\\/#author\"},\"creator\":{\"@id\":\"https:\\\/\\\/www.immo-invest.ch\\\/fr\\\/author\\\/immovestuser\\\/#author\"},\"image\":{\"@type\":\"ImageObject\",\"url\":\"https:\\\/\\\/www.immo-invest.ch\\\/wp-content\\\/uploads\\\/2026\\\/04\\\/banoviag_modern_industrial_production_facility_for_roofing_fa_568a969d-0712-4b92-9c1e-8828b01ad283_1.png\",\"@id\":\"https:\\\/\\\/www.immo-invest.ch\\\/fr\\\/akquisition-baut-praesenz-in-der-bauindustrie-gezielt-aus\\\/#mainImage\",\"width\":1536,\"height\":768},\"primaryImageOfPage\":{\"@id\":\"https:\\\/\\\/www.immo-invest.ch\\\/fr\\\/akquisition-baut-praesenz-in-der-bauindustrie-gezielt-aus\\\/#mainImage\"},\"datePublished\":\"2026-04-17T16:20:00+02:00\",\"dateModified\":\"2026-04-16T10:15:27+02:00\"},{\"@type\":\"WebSite\",\"@id\":\"https:\\\/\\\/www.immo-invest.ch\\\/fr\\\/#website\",\"url\":\"https:\\\/\\\/www.immo-invest.ch\\\/fr\\\/\",\"name\":\"immo!nvest - Die Plattform f\\u00fcr Standorte und Immobilien\",\"description\":\"Die\\u00a0Plattform f\\u00fcr Standorte und Immobilien\",\"inLanguage\":\"fr-FR\",\"publisher\":{\"@id\":\"https:\\\/\\\/www.immo-invest.ch\\\/fr\\\/#organization\"}}]}\n\t\t<\/script>\n\t\t<!-- All in One SEO -->\n\n","aioseo_head_json":{"title":"Cette acquisition renforce de mani\u00e8re cibl\u00e9e la pr\u00e9sence de l\u2019entreprise dans le secteur de la construction - immo!nvest - Die Plattform f\u00fcr Standorte und Immobilien","description":"Le groupe SFS a rachet\u00e9 la soci\u00e9t\u00e9 Harald Zahn GmbH. En acqu\u00e9rant ce sp\u00e9cialiste allemand des fixations pour toitures plates, SFS entend renforcer sa part de march\u00e9 en Allemagne et en Autriche.","canonical_url":"https:\/\/www.immo-invest.ch\/fr\/akquisition-baut-praesenz-in-der-bauindustrie-gezielt-aus\/","robots":"max-image-preview:large","keywords":"","webmasterTools":{"google-site-verification":"fHJKvgWpZCR2zVBHWfkQeFXC11qieUSff0HGNYfuyLA","miscellaneous":""},"schema":{"@context":"https:\/\/schema.org","@graph":[{"@type":"BlogPosting","@id":"https:\/\/www.immo-invest.ch\/fr\/akquisition-baut-praesenz-in-der-bauindustrie-gezielt-aus\/#blogposting","name":"Cette acquisition renforce de mani\u00e8re cibl\u00e9e la pr\u00e9sence de l\u2019entreprise dans le secteur de la construction - immo!nvest - Die Plattform f\u00fcr Standorte und Immobilien","headline":"Cette acquisition renforce de mani\u00e8re cibl\u00e9e la pr\u00e9sence de l&rsquo;entreprise dans le secteur de la construction","author":{"@id":"https:\/\/www.immo-invest.ch\/fr\/author\/immovestuser\/#author"},"publisher":{"@id":"https:\/\/www.immo-invest.ch\/fr\/#organization"},"image":{"@type":"ImageObject","url":"https:\/\/www.immo-invest.ch\/wp-content\/uploads\/2026\/04\/banoviag_modern_industrial_production_facility_for_roofing_fa_568a969d-0712-4b92-9c1e-8828b01ad283_1.png","width":1536,"height":768},"datePublished":"2026-04-17T16:20:00+02:00","dateModified":"2026-04-16T10:15:27+02:00","inLanguage":"fr-FR","mainEntityOfPage":{"@id":"https:\/\/www.immo-invest.ch\/fr\/akquisition-baut-praesenz-in-der-bauindustrie-gezielt-aus\/#webpage"},"isPartOf":{"@id":"https:\/\/www.immo-invest.ch\/fr\/akquisition-baut-praesenz-in-der-bauindustrie-gezielt-aus\/#webpage"},"articleSection":"Entreprise, immoNews, Industrie du b\u00e2timent, Transactions \/ Deals, Flachdachbefestigung, Immoinvest, immoNews, Marktausbau, News, Uebernahme Bauindustrie, Facultatif"},{"@type":"BreadcrumbList","@id":"https:\/\/www.immo-invest.ch\/fr\/akquisition-baut-praesenz-in-der-bauindustrie-gezielt-aus\/#breadcrumblist","itemListElement":[{"@type":"ListItem","@id":"https:\/\/www.immo-invest.ch\/fr\/#listItem","position":1,"name":"Home","item":"https:\/\/www.immo-invest.ch\/fr\/","nextItem":{"@type":"ListItem","@id":"https:\/\/www.immo-invest.ch\/fr\/categories\/trends-fr\/#listItem","name":"Trends"}},{"@type":"ListItem","@id":"https:\/\/www.immo-invest.ch\/fr\/categories\/trends-fr\/#listItem","position":2,"name":"Trends","item":"https:\/\/www.immo-invest.ch\/fr\/categories\/trends-fr\/","nextItem":{"@type":"ListItem","@id":"https:\/\/www.immo-invest.ch\/fr\/categories\/trends-fr\/industrie-du-batiment\/#listItem","name":"Industrie du b\u00e2timent"},"previousItem":{"@type":"ListItem","@id":"https:\/\/www.immo-invest.ch\/fr\/#listItem","name":"Home"}},{"@type":"ListItem","@id":"https:\/\/www.immo-invest.ch\/fr\/categories\/trends-fr\/industrie-du-batiment\/#listItem","position":3,"name":"Industrie du b\u00e2timent","item":"https:\/\/www.immo-invest.ch\/fr\/categories\/trends-fr\/industrie-du-batiment\/","nextItem":{"@type":"ListItem","@id":"https:\/\/www.immo-invest.ch\/fr\/akquisition-baut-praesenz-in-der-bauindustrie-gezielt-aus\/#listItem","name":"Cette acquisition renforce de mani\u00e8re cibl\u00e9e la pr\u00e9sence de l&rsquo;entreprise dans le secteur de la construction"},"previousItem":{"@type":"ListItem","@id":"https:\/\/www.immo-invest.ch\/fr\/categories\/trends-fr\/#listItem","name":"Trends"}},{"@type":"ListItem","@id":"https:\/\/www.immo-invest.ch\/fr\/akquisition-baut-praesenz-in-der-bauindustrie-gezielt-aus\/#listItem","position":4,"name":"Cette acquisition renforce de mani\u00e8re cibl\u00e9e la pr\u00e9sence de l&rsquo;entreprise dans le secteur de la construction","previousItem":{"@type":"ListItem","@id":"https:\/\/www.immo-invest.ch\/fr\/categories\/trends-fr\/industrie-du-batiment\/#listItem","name":"Industrie du b\u00e2timent"}}]},{"@type":"Organization","@id":"https:\/\/www.immo-invest.ch\/fr\/#organization","name":"immo!nvest - Die Plattform f\u00fcr Standorte und Immobilien","description":"Die\u00a0Plattform f\u00fcr Standorte und Immobilien","url":"https:\/\/www.immo-invest.ch\/fr\/","email":"admin@immomedia.ag","telephone":"+41444420002","logo":{"@type":"ImageObject","url":"https:\/\/www.immo-invest.ch\/wp-content\/uploads\/2024\/09\/immoinvest_sm-scaled.jpg","@id":"https:\/\/www.immo-invest.ch\/fr\/akquisition-baut-praesenz-in-der-bauindustrie-gezielt-aus\/#organizationLogo","width":2560,"height":1340},"image":{"@id":"https:\/\/www.immo-invest.ch\/fr\/akquisition-baut-praesenz-in-der-bauindustrie-gezielt-aus\/#organizationLogo"},"sameAs":["https:\/\/www.facebook.com\/people\/Immoinvest\/100077962920504\/","https:\/\/x.com\/i\/flow\/login?redirect_after_login=immoinvest_ch","https:\/\/www.instagram.com\/immoinvest_ch\/","https:\/\/www.linkedin.com\/company\/immoinvest-swiss"]},{"@type":"Person","@id":"https:\/\/www.immo-invest.ch\/fr\/author\/immovestuser\/#author","url":"https:\/\/www.immo-invest.ch\/fr\/author\/immovestuser\/","name":"immovestuser","image":{"@type":"ImageObject","@id":"https:\/\/www.immo-invest.ch\/fr\/akquisition-baut-praesenz-in-der-bauindustrie-gezielt-aus\/#authorImage","url":"https:\/\/secure.gravatar.com\/avatar\/8e01f4d99f2eeea7a362ebb93305e1172a70e9293ba250f897a65c39f54cdd1e?s=96&d=mm&r=g","width":96,"height":96,"caption":"immovestuser"}},{"@type":"WebPage","@id":"https:\/\/www.immo-invest.ch\/fr\/akquisition-baut-praesenz-in-der-bauindustrie-gezielt-aus\/#webpage","url":"https:\/\/www.immo-invest.ch\/fr\/akquisition-baut-praesenz-in-der-bauindustrie-gezielt-aus\/","name":"Cette acquisition renforce de mani\u00e8re cibl\u00e9e la pr\u00e9sence de l\u2019entreprise dans le secteur de la construction - immo!nvest - Die Plattform f\u00fcr Standorte und Immobilien","description":"Le groupe SFS a rachet\u00e9 la soci\u00e9t\u00e9 Harald Zahn GmbH. En acqu\u00e9rant ce sp\u00e9cialiste allemand des fixations pour toitures plates, SFS entend renforcer sa part de march\u00e9 en Allemagne et en Autriche.","inLanguage":"fr-FR","isPartOf":{"@id":"https:\/\/www.immo-invest.ch\/fr\/#website"},"breadcrumb":{"@id":"https:\/\/www.immo-invest.ch\/fr\/akquisition-baut-praesenz-in-der-bauindustrie-gezielt-aus\/#breadcrumblist"},"author":{"@id":"https:\/\/www.immo-invest.ch\/fr\/author\/immovestuser\/#author"},"creator":{"@id":"https:\/\/www.immo-invest.ch\/fr\/author\/immovestuser\/#author"},"image":{"@type":"ImageObject","url":"https:\/\/www.immo-invest.ch\/wp-content\/uploads\/2026\/04\/banoviag_modern_industrial_production_facility_for_roofing_fa_568a969d-0712-4b92-9c1e-8828b01ad283_1.png","@id":"https:\/\/www.immo-invest.ch\/fr\/akquisition-baut-praesenz-in-der-bauindustrie-gezielt-aus\/#mainImage","width":1536,"height":768},"primaryImageOfPage":{"@id":"https:\/\/www.immo-invest.ch\/fr\/akquisition-baut-praesenz-in-der-bauindustrie-gezielt-aus\/#mainImage"},"datePublished":"2026-04-17T16:20:00+02:00","dateModified":"2026-04-16T10:15:27+02:00"},{"@type":"WebSite","@id":"https:\/\/www.immo-invest.ch\/fr\/#website","url":"https:\/\/www.immo-invest.ch\/fr\/","name":"immo!nvest - Die Plattform f\u00fcr Standorte und Immobilien","description":"Die\u00a0Plattform f\u00fcr Standorte und Immobilien","inLanguage":"fr-FR","publisher":{"@id":"https:\/\/www.immo-invest.ch\/fr\/#organization"}}]},"og:locale":"fr_FR","og:site_name":"immo!nvest - Die Plattform f\u00fcr Standorte und Immobilien - Die\u00a0Plattform f\u00fcr Standorte und Immobilien","og:type":"article","og:title":"Cette acquisition renforce de mani\u00e8re cibl\u00e9e la pr\u00e9sence de l\u2019entreprise dans le secteur de la construction - immo!nvest - Die Plattform f\u00fcr Standorte und Immobilien","og:description":"Le groupe SFS a rachet\u00e9 la soci\u00e9t\u00e9 Harald Zahn GmbH. En acqu\u00e9rant ce sp\u00e9cialiste allemand des fixations pour toitures plates, SFS entend renforcer sa part de march\u00e9 en Allemagne et en Autriche.","og:url":"https:\/\/www.immo-invest.ch\/fr\/akquisition-baut-praesenz-in-der-bauindustrie-gezielt-aus\/","og:image":"https:\/\/www.immo-invest.ch\/wp-content\/uploads\/2026\/04\/banoviag_modern_industrial_production_facility_for_roofing_fa_568a969d-0712-4b92-9c1e-8828b01ad283_1.png","og:image:secure_url":"https:\/\/www.immo-invest.ch\/wp-content\/uploads\/2026\/04\/banoviag_modern_industrial_production_facility_for_roofing_fa_568a969d-0712-4b92-9c1e-8828b01ad283_1.png","og:image:width":1536,"og:image:height":768,"article:published_time":"2026-04-17T14:20:00+00:00","article:modified_time":"2026-04-16T08:15:27+00:00","article:publisher":"https:\/\/www.facebook.com\/people\/Immoinvest\/100077962920504\/","twitter:card":"summary_large_image","twitter:site":"@i","twitter:title":"Cette acquisition renforce de mani\u00e8re cibl\u00e9e la pr\u00e9sence de l\u2019entreprise dans le secteur de la construction - immo!nvest - Die Plattform f\u00fcr Standorte und Immobilien","twitter:description":"Le groupe SFS a rachet\u00e9 la soci\u00e9t\u00e9 Harald Zahn GmbH. En acqu\u00e9rant ce sp\u00e9cialiste allemand des fixations pour toitures plates, SFS entend renforcer sa part de march\u00e9 en Allemagne et en Autriche.","twitter:creator":"@i","twitter:image":"https:\/\/www.immo-invest.ch\/wp-content\/uploads\/2026\/04\/banoviag_modern_industrial_production_facility_for_roofing_fa_568a969d-0712-4b92-9c1e-8828b01ad283_1.png"},"aioseo_meta_data":{"post_id":"153936","title":null,"description":null,"keywords":null,"keyphrases":{"focus":{"keyphrase":"","score":0,"analysis":{"keyphraseInTitle":{"score":0,"maxScore":9,"error":1}}},"additional":[]},"primary_term":null,"canonical_url":null,"og_title":null,"og_description":null,"og_object_type":"default","og_image_type":"default","og_image_url":null,"og_image_width":null,"og_image_height":null,"og_image_custom_url":null,"og_image_custom_fields":null,"og_video":"","og_custom_url":null,"og_article_section":null,"og_article_tags":null,"twitter_use_og":false,"twitter_card":"default","twitter_image_type":"default","twitter_image_url":null,"twitter_image_custom_url":null,"twitter_image_custom_fields":null,"twitter_title":null,"twitter_description":null,"schema":{"blockGraphs":[],"customGraphs":[],"default":{"data":{"Article":[],"Course":[],"Dataset":[],"FAQPage":[],"Movie":[],"Person":[],"Product":[],"ProductReview":[],"Car":[],"Recipe":[],"Service":[],"SoftwareApplication":[],"WebPage":[]},"graphName":"BlogPosting","isEnabled":true},"graphs":[]},"schema_type":"default","schema_type_options":null,"pillar_content":false,"robots_default":true,"robots_noindex":false,"robots_noarchive":false,"robots_nosnippet":false,"robots_nofollow":false,"robots_noimageindex":false,"robots_noodp":false,"robots_notranslate":false,"robots_max_snippet":"-1","robots_max_videopreview":"-1","robots_max_imagepreview":"large","priority":null,"frequency":"default","local_seo":null,"breadcrumb_settings":null,"limit_modified_date":false,"ai":{"faqs":[],"keyPoints":[],"titles":[],"descriptions":[],"socialPosts":{"email":[],"linkedin":[],"twitter":[],"facebook":[],"instagram":[]}},"created":"2026-04-16 08:15:31","updated":"2026-04-17 16:32:36","seo_analyzer_scan_date":null,"focus_keyword":null,"additional_keywords":null,"truseo_locale":null},"aioseo_breadcrumb":"<div class=\"aioseo-breadcrumbs\"><span class=\"aioseo-breadcrumb\">\n\t\t\t<a href=\"https:\/\/www.immo-invest.ch\/fr\/\" title=\"Home\">Home<\/a>\n\t\t<\/span><span class=\"aioseo-breadcrumb-separator\">&raquo;<\/span><span class=\"aioseo-breadcrumb\">\n\t\t\t<a href=\"https:\/\/www.immo-invest.ch\/fr\/categories\/trends-fr\/\" title=\"Trends\">Trends<\/a>\n\t\t<\/span><span class=\"aioseo-breadcrumb-separator\">&raquo;<\/span><span class=\"aioseo-breadcrumb\">\n\t\t\t<a href=\"https:\/\/www.immo-invest.ch\/fr\/categories\/trends-fr\/industrie-du-batiment\/\" title=\"Industrie du b\u00e2timent\">Industrie du b\u00e2timent<\/a>\n\t\t<\/span><span class=\"aioseo-breadcrumb-separator\">&raquo;<\/span><span class=\"aioseo-breadcrumb\">\n\t\t\tCette acquisition renforce de mani\u00e8re cibl\u00e9e la pr\u00e9sence de l\u2019entreprise dans le secteur de la construction\n\t\t<\/span><\/div>","aioseo_breadcrumb_json":[{"label":"Home","link":"https:\/\/www.immo-invest.ch\/fr\/"},{"label":"Trends","link":"https:\/\/www.immo-invest.ch\/fr\/categories\/trends-fr\/"},{"label":"Industrie du b\u00e2timent","link":"https:\/\/www.immo-invest.ch\/fr\/categories\/trends-fr\/industrie-du-batiment\/"},{"label":"Cette acquisition renforce de mani\u00e8re cibl\u00e9e la pr\u00e9sence de l&rsquo;entreprise dans le secteur de la construction","link":"https:\/\/www.immo-invest.ch\/fr\/akquisition-baut-praesenz-in-der-bauindustrie-gezielt-aus\/"}],"featured_image_src":"https:\/\/www.immo-invest.ch\/wp-content\/uploads\/2026\/04\/banoviag_modern_industrial_production_facility_for_roofing_fa_568a969d-0712-4b92-9c1e-8828b01ad283_1-336x168.png","_links":{"self":[{"href":"https:\/\/www.immo-invest.ch\/fr\/wp-json\/wp\/v2\/posts\/153936","targetHints":{"allow":["GET"]}}],"collection":[{"href":"https:\/\/www.immo-invest.ch\/fr\/wp-json\/wp\/v2\/posts"}],"about":[{"href":"https:\/\/www.immo-invest.ch\/fr\/wp-json\/wp\/v2\/types\/post"}],"author":[{"embeddable":true,"href":"https:\/\/www.immo-invest.ch\/fr\/wp-json\/wp\/v2\/users\/2"}],"replies":[{"embeddable":true,"href":"https:\/\/www.immo-invest.ch\/fr\/wp-json\/wp\/v2\/comments?post=153936"}],"version-history":[{"count":2,"href":"https:\/\/www.immo-invest.ch\/fr\/wp-json\/wp\/v2\/posts\/153936\/revisions"}],"predecessor-version":[{"id":153944,"href":"https:\/\/www.immo-invest.ch\/fr\/wp-json\/wp\/v2\/posts\/153936\/revisions\/153944"}],"wp:featuredmedia":[{"embeddable":true,"href":"https:\/\/www.immo-invest.ch\/fr\/wp-json\/wp\/v2\/media\/153937"}],"wp:attachment":[{"href":"https:\/\/www.immo-invest.ch\/fr\/wp-json\/wp\/v2\/media?parent=153936"}],"wp:term":[{"taxonomy":"category","embeddable":true,"href":"https:\/\/www.immo-invest.ch\/fr\/wp-json\/wp\/v2\/categories?post=153936"},{"taxonomy":"post_tag","embeddable":true,"href":"https:\/\/www.immo-invest.ch\/fr\/wp-json\/wp\/v2\/tags?post=153936"}],"curies":[{"name":"wp","href":"https:\/\/api.w.org\/{rel}","templated":true}]}}