{"id":153851,"date":"2026-04-16T13:30:00","date_gmt":"2026-04-16T11:30:00","guid":{"rendered":"https:\/\/www.immo-invest.ch\/?p=153851"},"modified":"2026-04-15T16:47:21","modified_gmt":"2026-04-15T14:47:21","slug":"neues-freiraumkonzept-staerkt-lebensqualitaet-und-biodiversitaet","status":"publish","type":"post","link":"https:\/\/www.immo-invest.ch\/fr\/neues-freiraumkonzept-staerkt-lebensqualitaet-und-biodiversitaet\/","title":{"rendered":"Un nouveau concept d&rsquo;espaces verts am\u00e9liore la qualit\u00e9 de vie et favorise la biodiversit\u00e9"},"content":{"rendered":"<p class=\"bodytext\">Selon un <a href=\"https:\/\/www.spreitenbach.ch\/aktuelles\/aktuelles\/news-detail\/artikel\/freiraumkonzept-grundlage-fuer-lebenswerte-und-klimaresiliente-freiraeume\/\" target=\"_blank\" rel=\"noopener\">communiqu&eacute;<\/a>, le conseil municipal <a href=\"https:\/\/www.spreitenbach.ch\/\" target=\"_blank\" rel=\"noopener\">de Spreitenbach<\/a> a adopt&eacute; le concept d&rsquo;espaces libres. Celui-ci &eacute;tablit un cadre contraignant pour les autorit&eacute;s en vue du d&eacute;veloppement futur des espaces libres dans la zone urbanis&eacute;e de la commune. L&rsquo;objectif est de garantir et d&rsquo;am&eacute;liorer la qualit&eacute; et l&rsquo;utilisation des espaces libres et des espaces verts.<\/p>\n<p class=\"bodytext\">Parmi les objectifs du concept figurent le renforcement de l&rsquo;identit&eacute; des quartiers, la promotion de la biodiversit&eacute; et le renforcement de la r&eacute;silience climatique selon le principe de la &laquo; ville-&eacute;ponge &raquo; : l&rsquo;eau de pluie s&rsquo;&eacute;coulant doit pouvoir &ecirc;tre absorb&eacute;e autant que possible localement.<\/p>\n<p class=\"bodytext\">Le concept comprend &eacute;galement un catalogue de 21 mesures concr&egrave;tes. Parmi les premi&egrave;res mesures figurent la planification et la mise en &oelig;uvre du Neumattpark, le d&eacute;veloppement du site de la Ziegelei, mais aussi la cr&eacute;ation d&rsquo;espaces libres temporaires. Des mesures imm&eacute;diates visent &agrave; am&eacute;liorer la qualit&eacute; de vie, tandis qu&rsquo;une meilleure signalisation permettra de mettre en &eacute;vidence les liaisons pi&eacute;tonnes. D&rsquo;ici fin 2026, les responsabilit&eacute;s doivent &ecirc;tre clarifi&eacute;es, les priorit&eacute;s fix&eacute;es et les premi&egrave;res mesures pr&eacute;par&eacute;es.<\/p>\n<p class=\"bodytext\">L&rsquo;assembl&eacute;e communale a approuv&eacute; le 28 novembre 2023 le cr&eacute;dit d&rsquo;engagement de 170 000 francs destin&eacute; au concept d&rsquo;espaces libres. Une &eacute;quipe de planification interdisciplinaire a ensuite &eacute;labor&eacute; le concept avec un groupe d&rsquo;accompagnement b&eacute;n&eacute;ficiant d&rsquo;un large soutien.<\/p>\n","protected":false},"excerpt":{"rendered":"<p>Le conseil municipal a adopt\u00e9 le plan d&rsquo;am\u00e9nagement des espaces publics de Spreitenbach, qui servira de base contraignante pour les autorit\u00e9s en vue du d\u00e9veloppement futur. Ce plan vise \u00e0 renforcer l&rsquo;identit\u00e9 des quartiers, \u00e0 favoriser la biodiversit\u00e9 et \u00e0 rendre l&rsquo;espace urbain r\u00e9silient face au changement climatique.<\/p>\n","protected":false},"author":2,"featured_media":153852,"comment_status":"open","ping_status":"open","sticky":false,"template":"","format":"standard","meta":{"pmpro_default_level":"","inline_featured_image":false,"_monsterinsights_skip_tracking":false,"footnotes":""},"categories":[22699,743,56027,55979],"tags":[51024,872,3931,2002,5141,41495],"class_list":["post-153851","post","type-post","status-publish","format-standard","has-post-thumbnail","hentry","category-durabilite","category-immonews-fr","category-planification-developpement","category-promotion-du-site","tag-freiraumplanung-fr","tag-immoinvest-fr","tag-immonews-fr","tag-news-fr","tag-schwammstadt-fr","tag-siedlungsentwicklung-fr","pmpro-has-access"],"acf":{"bild_mit_ki_erstellt_worden":["Ja"],"lead":"Le conseil municipal a adopt\u00e9 le plan d'am\u00e9nagement des espaces publics de Spreitenbach, qui servira de base contraignante pour les autorit\u00e9s en vue du d\u00e9veloppement futur. Ce plan vise \u00e0 renforcer l'identit\u00e9 des quartiers, \u00e0 favoriser la biodiversit\u00e9 et \u00e0 rendre l'espace urbain r\u00e9silient face au changement climatique.","autor":"ce\/ug","ort":"Spreitenbach AG","bildunterschrift":"","bild_im_grid":false,"gallerie":"","newsim":""},"aioseo_notices":[],"aioseo_head":"\n\t\t<!-- All in One SEO 5.0.0.1 - aioseo.com -->\n\t<meta name=\"description\" content=\"Le conseil municipal a adopt\u00e9 le plan d&#039;am\u00e9nagement des espaces publics de Spreitenbach, qui servira de base contraignante pour les autorit\u00e9s en vue du d\u00e9veloppement futur. Ce plan vise \u00e0 renforcer l&#039;identit\u00e9 des quartiers, \u00e0 favoriser la biodiversit\u00e9 et \u00e0 rendre l&#039;espace urbain r\u00e9silient face au changement climatique.\" \/>\n\t<meta name=\"robots\" content=\"max-image-preview:large\" \/>\n\t<meta name=\"author\" content=\"immovestuser\"\/>\n\t<meta name=\"google-site-verification\" content=\"fHJKvgWpZCR2zVBHWfkQeFXC11qieUSff0HGNYfuyLA\" \/>\n\t<link rel=\"canonical\" href=\"https:\/\/www.immo-invest.ch\/fr\/neues-freiraumkonzept-staerkt-lebensqualitaet-und-biodiversitaet\/\" \/>\n\t<meta name=\"generator\" content=\"All in One SEO (AIOSEO) 5.0.0.1\" \/>\n\t\t<meta property=\"og:locale\" content=\"fr_FR\" \/>\n\t\t<meta property=\"og:site_name\" content=\"immo!nvest - Die Plattform f\u00fcr Standorte und Immobilien - Die\u00a0Plattform f\u00fcr Standorte und Immobilien\" \/>\n\t\t<meta property=\"og:type\" content=\"article\" \/>\n\t\t<meta property=\"og:title\" content=\"Un nouveau concept d\u2019espaces verts am\u00e9liore la qualit\u00e9 de vie et favorise la biodiversit\u00e9 - immo!nvest - Die Plattform f\u00fcr Standorte und Immobilien\" \/>\n\t\t<meta property=\"og:description\" content=\"Le conseil municipal a adopt\u00e9 le plan d&#039;am\u00e9nagement des espaces publics de Spreitenbach, qui servira de base contraignante pour les autorit\u00e9s en vue du d\u00e9veloppement futur. Ce plan vise \u00e0 renforcer l&#039;identit\u00e9 des quartiers, \u00e0 favoriser la biodiversit\u00e9 et \u00e0 rendre l&#039;espace urbain r\u00e9silient face au changement climatique.\" \/>\n\t\t<meta property=\"og:url\" content=\"https:\/\/www.immo-invest.ch\/fr\/neues-freiraumkonzept-staerkt-lebensqualitaet-und-biodiversitaet\/\" \/>\n\t\t<meta property=\"og:image\" content=\"https:\/\/www.immo-invest.ch\/wp-content\/uploads\/2026\/04\/banoviag_urban_green_spaces_with_sustainable_landscape_design_2aeaa73e-d0be-48b1-8d7d-12a6c9866bb2_3.png\" \/>\n\t\t<meta property=\"og:image:secure_url\" content=\"https:\/\/www.immo-invest.ch\/wp-content\/uploads\/2026\/04\/banoviag_urban_green_spaces_with_sustainable_landscape_design_2aeaa73e-d0be-48b1-8d7d-12a6c9866bb2_3.png\" \/>\n\t\t<meta property=\"og:image:width\" content=\"1536\" \/>\n\t\t<meta property=\"og:image:height\" content=\"768\" \/>\n\t\t<meta property=\"article:published_time\" content=\"2026-04-16T11:30:00+00:00\" \/>\n\t\t<meta property=\"article:modified_time\" content=\"2026-04-15T14:47:21+00:00\" \/>\n\t\t<meta property=\"article:publisher\" content=\"https:\/\/www.facebook.com\/people\/Immoinvest\/100077962920504\/\" \/>\n\t\t<meta name=\"twitter:card\" content=\"summary_large_image\" \/>\n\t\t<meta name=\"twitter:site\" content=\"@i\" \/>\n\t\t<meta name=\"twitter:title\" content=\"Un nouveau concept d\u2019espaces verts am\u00e9liore la qualit\u00e9 de vie et favorise la biodiversit\u00e9 - immo!nvest - Die Plattform f\u00fcr Standorte und Immobilien\" \/>\n\t\t<meta name=\"twitter:description\" content=\"Le conseil municipal a adopt\u00e9 le plan d&#039;am\u00e9nagement des espaces publics de Spreitenbach, qui servira de base contraignante pour les autorit\u00e9s en vue du d\u00e9veloppement futur. Ce plan vise \u00e0 renforcer l&#039;identit\u00e9 des quartiers, \u00e0 favoriser la biodiversit\u00e9 et \u00e0 rendre l&#039;espace urbain r\u00e9silient face au changement climatique.\" \/>\n\t\t<meta name=\"twitter:creator\" content=\"@i\" \/>\n\t\t<meta name=\"twitter:image\" content=\"https:\/\/www.immo-invest.ch\/wp-content\/uploads\/2026\/04\/banoviag_urban_green_spaces_with_sustainable_landscape_design_2aeaa73e-d0be-48b1-8d7d-12a6c9866bb2_3.png\" \/>\n\t\t<script type=\"application\/ld+json\" class=\"aioseo-schema\">\n\t\t\t{\"@context\":\"https:\\\/\\\/schema.org\",\"@graph\":[{\"@type\":\"BlogPosting\",\"@id\":\"https:\\\/\\\/www.immo-invest.ch\\\/fr\\\/neues-freiraumkonzept-staerkt-lebensqualitaet-und-biodiversitaet\\\/#blogposting\",\"name\":\"Un nouveau concept d\\u2019espaces verts am\\u00e9liore la qualit\\u00e9 de vie et favorise la biodiversit\\u00e9 - immo!nvest - Die Plattform f\\u00fcr Standorte und Immobilien\",\"headline\":\"Un nouveau concept d&rsquo;espaces verts am\\u00e9liore la qualit\\u00e9 de vie et favorise la biodiversit\\u00e9\",\"author\":{\"@id\":\"https:\\\/\\\/www.immo-invest.ch\\\/fr\\\/author\\\/immovestuser\\\/#author\"},\"publisher\":{\"@id\":\"https:\\\/\\\/www.immo-invest.ch\\\/fr\\\/#organization\"},\"image\":{\"@type\":\"ImageObject\",\"url\":\"https:\\\/\\\/www.immo-invest.ch\\\/wp-content\\\/uploads\\\/2026\\\/04\\\/banoviag_urban_green_spaces_with_sustainable_landscape_design_2aeaa73e-d0be-48b1-8d7d-12a6c9866bb2_3.png\",\"width\":1536,\"height\":768},\"datePublished\":\"2026-04-16T13:30:00+02:00\",\"dateModified\":\"2026-04-15T16:47:21+02:00\",\"inLanguage\":\"fr-FR\",\"mainEntityOfPage\":{\"@id\":\"https:\\\/\\\/www.immo-invest.ch\\\/fr\\\/neues-freiraumkonzept-staerkt-lebensqualitaet-und-biodiversitaet\\\/#webpage\"},\"isPartOf\":{\"@id\":\"https:\\\/\\\/www.immo-invest.ch\\\/fr\\\/neues-freiraumkonzept-staerkt-lebensqualitaet-und-biodiversitaet\\\/#webpage\"},\"articleSection\":\"Durabilit\\u00e9, immoNews, Planification \\\/ D\\u00e9veloppement, Promotion du site, freiraumplanung, Immoinvest, immoNews, News, Schwammstadt, Siedlungsentwicklung, Facultatif\"},{\"@type\":\"BreadcrumbList\",\"@id\":\"https:\\\/\\\/www.immo-invest.ch\\\/fr\\\/neues-freiraumkonzept-staerkt-lebensqualitaet-und-biodiversitaet\\\/#breadcrumblist\",\"itemListElement\":[{\"@type\":\"ListItem\",\"@id\":\"https:\\\/\\\/www.immo-invest.ch\\\/fr\\\/#listItem\",\"position\":1,\"name\":\"Home\",\"item\":\"https:\\\/\\\/www.immo-invest.ch\\\/fr\\\/\",\"nextItem\":{\"@type\":\"ListItem\",\"@id\":\"https:\\\/\\\/www.immo-invest.ch\\\/fr\\\/categories\\\/trends-fr\\\/#listItem\",\"name\":\"Trends\"}},{\"@type\":\"ListItem\",\"@id\":\"https:\\\/\\\/www.immo-invest.ch\\\/fr\\\/categories\\\/trends-fr\\\/#listItem\",\"position\":2,\"name\":\"Trends\",\"item\":\"https:\\\/\\\/www.immo-invest.ch\\\/fr\\\/categories\\\/trends-fr\\\/\",\"nextItem\":{\"@type\":\"ListItem\",\"@id\":\"https:\\\/\\\/www.immo-invest.ch\\\/fr\\\/categories\\\/trends-fr\\\/durabilite\\\/#listItem\",\"name\":\"Durabilit\\u00e9\"},\"previousItem\":{\"@type\":\"ListItem\",\"@id\":\"https:\\\/\\\/www.immo-invest.ch\\\/fr\\\/#listItem\",\"name\":\"Home\"}},{\"@type\":\"ListItem\",\"@id\":\"https:\\\/\\\/www.immo-invest.ch\\\/fr\\\/categories\\\/trends-fr\\\/durabilite\\\/#listItem\",\"position\":3,\"name\":\"Durabilit\\u00e9\",\"item\":\"https:\\\/\\\/www.immo-invest.ch\\\/fr\\\/categories\\\/trends-fr\\\/durabilite\\\/\",\"nextItem\":{\"@type\":\"ListItem\",\"@id\":\"https:\\\/\\\/www.immo-invest.ch\\\/fr\\\/neues-freiraumkonzept-staerkt-lebensqualitaet-und-biodiversitaet\\\/#listItem\",\"name\":\"Un nouveau concept d&rsquo;espaces verts am\\u00e9liore la qualit\\u00e9 de vie et favorise la biodiversit\\u00e9\"},\"previousItem\":{\"@type\":\"ListItem\",\"@id\":\"https:\\\/\\\/www.immo-invest.ch\\\/fr\\\/categories\\\/trends-fr\\\/#listItem\",\"name\":\"Trends\"}},{\"@type\":\"ListItem\",\"@id\":\"https:\\\/\\\/www.immo-invest.ch\\\/fr\\\/neues-freiraumkonzept-staerkt-lebensqualitaet-und-biodiversitaet\\\/#listItem\",\"position\":4,\"name\":\"Un nouveau concept d&rsquo;espaces verts am\\u00e9liore la qualit\\u00e9 de vie et favorise la biodiversit\\u00e9\",\"previousItem\":{\"@type\":\"ListItem\",\"@id\":\"https:\\\/\\\/www.immo-invest.ch\\\/fr\\\/categories\\\/trends-fr\\\/durabilite\\\/#listItem\",\"name\":\"Durabilit\\u00e9\"}}]},{\"@type\":\"Organization\",\"@id\":\"https:\\\/\\\/www.immo-invest.ch\\\/fr\\\/#organization\",\"name\":\"immo!nvest - Die Plattform f\\u00fcr Standorte und Immobilien\",\"description\":\"Die\\u00a0Plattform f\\u00fcr Standorte und Immobilien\",\"url\":\"https:\\\/\\\/www.immo-invest.ch\\\/fr\\\/\",\"email\":\"admin@immomedia.ag\",\"telephone\":\"+41444420002\",\"logo\":{\"@type\":\"ImageObject\",\"url\":\"https:\\\/\\\/www.immo-invest.ch\\\/wp-content\\\/uploads\\\/2024\\\/09\\\/immoinvest_sm-scaled.jpg\",\"@id\":\"https:\\\/\\\/www.immo-invest.ch\\\/fr\\\/neues-freiraumkonzept-staerkt-lebensqualitaet-und-biodiversitaet\\\/#organizationLogo\",\"width\":2560,\"height\":1340},\"image\":{\"@id\":\"https:\\\/\\\/www.immo-invest.ch\\\/fr\\\/neues-freiraumkonzept-staerkt-lebensqualitaet-und-biodiversitaet\\\/#organizationLogo\"},\"sameAs\":[\"https:\\\/\\\/www.facebook.com\\\/people\\\/Immoinvest\\\/100077962920504\\\/\",\"https:\\\/\\\/x.com\\\/i\\\/flow\\\/login?redirect_after_login=immoinvest_ch\",\"https:\\\/\\\/www.instagram.com\\\/immoinvest_ch\\\/\",\"https:\\\/\\\/www.linkedin.com\\\/company\\\/immoinvest-swiss\"]},{\"@type\":\"Person\",\"@id\":\"https:\\\/\\\/www.immo-invest.ch\\\/fr\\\/author\\\/immovestuser\\\/#author\",\"url\":\"https:\\\/\\\/www.immo-invest.ch\\\/fr\\\/author\\\/immovestuser\\\/\",\"name\":\"immovestuser\",\"image\":{\"@type\":\"ImageObject\",\"@id\":\"https:\\\/\\\/www.immo-invest.ch\\\/fr\\\/neues-freiraumkonzept-staerkt-lebensqualitaet-und-biodiversitaet\\\/#authorImage\",\"url\":\"https:\\\/\\\/secure.gravatar.com\\\/avatar\\\/8e01f4d99f2eeea7a362ebb93305e1172a70e9293ba250f897a65c39f54cdd1e?s=96&d=mm&r=g\",\"width\":96,\"height\":96,\"caption\":\"immovestuser\"}},{\"@type\":\"WebPage\",\"@id\":\"https:\\\/\\\/www.immo-invest.ch\\\/fr\\\/neues-freiraumkonzept-staerkt-lebensqualitaet-und-biodiversitaet\\\/#webpage\",\"url\":\"https:\\\/\\\/www.immo-invest.ch\\\/fr\\\/neues-freiraumkonzept-staerkt-lebensqualitaet-und-biodiversitaet\\\/\",\"name\":\"Un nouveau concept d\\u2019espaces verts am\\u00e9liore la qualit\\u00e9 de vie et favorise la biodiversit\\u00e9 - immo!nvest - Die Plattform f\\u00fcr Standorte und Immobilien\",\"description\":\"Le conseil municipal a adopt\\u00e9 le plan d'am\\u00e9nagement des espaces publics de Spreitenbach, qui servira de base contraignante pour les autorit\\u00e9s en vue du d\\u00e9veloppement futur. Ce plan vise \\u00e0 renforcer l'identit\\u00e9 des quartiers, \\u00e0 favoriser la biodiversit\\u00e9 et \\u00e0 rendre l'espace urbain r\\u00e9silient face au changement climatique.\",\"inLanguage\":\"fr-FR\",\"isPartOf\":{\"@id\":\"https:\\\/\\\/www.immo-invest.ch\\\/fr\\\/#website\"},\"breadcrumb\":{\"@id\":\"https:\\\/\\\/www.immo-invest.ch\\\/fr\\\/neues-freiraumkonzept-staerkt-lebensqualitaet-und-biodiversitaet\\\/#breadcrumblist\"},\"author\":{\"@id\":\"https:\\\/\\\/www.immo-invest.ch\\\/fr\\\/author\\\/immovestuser\\\/#author\"},\"creator\":{\"@id\":\"https:\\\/\\\/www.immo-invest.ch\\\/fr\\\/author\\\/immovestuser\\\/#author\"},\"image\":{\"@type\":\"ImageObject\",\"url\":\"https:\\\/\\\/www.immo-invest.ch\\\/wp-content\\\/uploads\\\/2026\\\/04\\\/banoviag_urban_green_spaces_with_sustainable_landscape_design_2aeaa73e-d0be-48b1-8d7d-12a6c9866bb2_3.png\",\"@id\":\"https:\\\/\\\/www.immo-invest.ch\\\/fr\\\/neues-freiraumkonzept-staerkt-lebensqualitaet-und-biodiversitaet\\\/#mainImage\",\"width\":1536,\"height\":768},\"primaryImageOfPage\":{\"@id\":\"https:\\\/\\\/www.immo-invest.ch\\\/fr\\\/neues-freiraumkonzept-staerkt-lebensqualitaet-und-biodiversitaet\\\/#mainImage\"},\"datePublished\":\"2026-04-16T13:30:00+02:00\",\"dateModified\":\"2026-04-15T16:47:21+02:00\"},{\"@type\":\"WebSite\",\"@id\":\"https:\\\/\\\/www.immo-invest.ch\\\/fr\\\/#website\",\"url\":\"https:\\\/\\\/www.immo-invest.ch\\\/fr\\\/\",\"name\":\"immo!nvest - Die Plattform f\\u00fcr Standorte und Immobilien\",\"description\":\"Die\\u00a0Plattform f\\u00fcr Standorte und Immobilien\",\"inLanguage\":\"fr-FR\",\"publisher\":{\"@id\":\"https:\\\/\\\/www.immo-invest.ch\\\/fr\\\/#organization\"}}]}\n\t\t<\/script>\n\t\t<!-- All in One SEO -->\n\n","aioseo_head_json":{"title":"Un nouveau concept d\u2019espaces verts am\u00e9liore la qualit\u00e9 de vie et favorise la biodiversit\u00e9 - immo!nvest - Die Plattform f\u00fcr Standorte und Immobilien","description":"Le conseil municipal a adopt\u00e9 le plan d'am\u00e9nagement des espaces publics de Spreitenbach, qui servira de base contraignante pour les autorit\u00e9s en vue du d\u00e9veloppement futur. Ce plan vise \u00e0 renforcer l'identit\u00e9 des quartiers, \u00e0 favoriser la biodiversit\u00e9 et \u00e0 rendre l'espace urbain r\u00e9silient face au changement climatique.","canonical_url":"https:\/\/www.immo-invest.ch\/fr\/neues-freiraumkonzept-staerkt-lebensqualitaet-und-biodiversitaet\/","robots":"max-image-preview:large","keywords":"","webmasterTools":{"google-site-verification":"fHJKvgWpZCR2zVBHWfkQeFXC11qieUSff0HGNYfuyLA","miscellaneous":""},"schema":{"@context":"https:\/\/schema.org","@graph":[{"@type":"BlogPosting","@id":"https:\/\/www.immo-invest.ch\/fr\/neues-freiraumkonzept-staerkt-lebensqualitaet-und-biodiversitaet\/#blogposting","name":"Un nouveau concept d\u2019espaces verts am\u00e9liore la qualit\u00e9 de vie et favorise la biodiversit\u00e9 - immo!nvest - Die Plattform f\u00fcr Standorte und Immobilien","headline":"Un nouveau concept d&rsquo;espaces verts am\u00e9liore la qualit\u00e9 de vie et favorise la biodiversit\u00e9","author":{"@id":"https:\/\/www.immo-invest.ch\/fr\/author\/immovestuser\/#author"},"publisher":{"@id":"https:\/\/www.immo-invest.ch\/fr\/#organization"},"image":{"@type":"ImageObject","url":"https:\/\/www.immo-invest.ch\/wp-content\/uploads\/2026\/04\/banoviag_urban_green_spaces_with_sustainable_landscape_design_2aeaa73e-d0be-48b1-8d7d-12a6c9866bb2_3.png","width":1536,"height":768},"datePublished":"2026-04-16T13:30:00+02:00","dateModified":"2026-04-15T16:47:21+02:00","inLanguage":"fr-FR","mainEntityOfPage":{"@id":"https:\/\/www.immo-invest.ch\/fr\/neues-freiraumkonzept-staerkt-lebensqualitaet-und-biodiversitaet\/#webpage"},"isPartOf":{"@id":"https:\/\/www.immo-invest.ch\/fr\/neues-freiraumkonzept-staerkt-lebensqualitaet-und-biodiversitaet\/#webpage"},"articleSection":"Durabilit\u00e9, immoNews, Planification \/ D\u00e9veloppement, Promotion du site, freiraumplanung, Immoinvest, immoNews, News, Schwammstadt, Siedlungsentwicklung, Facultatif"},{"@type":"BreadcrumbList","@id":"https:\/\/www.immo-invest.ch\/fr\/neues-freiraumkonzept-staerkt-lebensqualitaet-und-biodiversitaet\/#breadcrumblist","itemListElement":[{"@type":"ListItem","@id":"https:\/\/www.immo-invest.ch\/fr\/#listItem","position":1,"name":"Home","item":"https:\/\/www.immo-invest.ch\/fr\/","nextItem":{"@type":"ListItem","@id":"https:\/\/www.immo-invest.ch\/fr\/categories\/trends-fr\/#listItem","name":"Trends"}},{"@type":"ListItem","@id":"https:\/\/www.immo-invest.ch\/fr\/categories\/trends-fr\/#listItem","position":2,"name":"Trends","item":"https:\/\/www.immo-invest.ch\/fr\/categories\/trends-fr\/","nextItem":{"@type":"ListItem","@id":"https:\/\/www.immo-invest.ch\/fr\/categories\/trends-fr\/durabilite\/#listItem","name":"Durabilit\u00e9"},"previousItem":{"@type":"ListItem","@id":"https:\/\/www.immo-invest.ch\/fr\/#listItem","name":"Home"}},{"@type":"ListItem","@id":"https:\/\/www.immo-invest.ch\/fr\/categories\/trends-fr\/durabilite\/#listItem","position":3,"name":"Durabilit\u00e9","item":"https:\/\/www.immo-invest.ch\/fr\/categories\/trends-fr\/durabilite\/","nextItem":{"@type":"ListItem","@id":"https:\/\/www.immo-invest.ch\/fr\/neues-freiraumkonzept-staerkt-lebensqualitaet-und-biodiversitaet\/#listItem","name":"Un nouveau concept d&rsquo;espaces verts am\u00e9liore la qualit\u00e9 de vie et favorise la biodiversit\u00e9"},"previousItem":{"@type":"ListItem","@id":"https:\/\/www.immo-invest.ch\/fr\/categories\/trends-fr\/#listItem","name":"Trends"}},{"@type":"ListItem","@id":"https:\/\/www.immo-invest.ch\/fr\/neues-freiraumkonzept-staerkt-lebensqualitaet-und-biodiversitaet\/#listItem","position":4,"name":"Un nouveau concept d&rsquo;espaces verts am\u00e9liore la qualit\u00e9 de vie et favorise la biodiversit\u00e9","previousItem":{"@type":"ListItem","@id":"https:\/\/www.immo-invest.ch\/fr\/categories\/trends-fr\/durabilite\/#listItem","name":"Durabilit\u00e9"}}]},{"@type":"Organization","@id":"https:\/\/www.immo-invest.ch\/fr\/#organization","name":"immo!nvest - Die Plattform f\u00fcr Standorte und Immobilien","description":"Die\u00a0Plattform f\u00fcr Standorte und Immobilien","url":"https:\/\/www.immo-invest.ch\/fr\/","email":"admin@immomedia.ag","telephone":"+41444420002","logo":{"@type":"ImageObject","url":"https:\/\/www.immo-invest.ch\/wp-content\/uploads\/2024\/09\/immoinvest_sm-scaled.jpg","@id":"https:\/\/www.immo-invest.ch\/fr\/neues-freiraumkonzept-staerkt-lebensqualitaet-und-biodiversitaet\/#organizationLogo","width":2560,"height":1340},"image":{"@id":"https:\/\/www.immo-invest.ch\/fr\/neues-freiraumkonzept-staerkt-lebensqualitaet-und-biodiversitaet\/#organizationLogo"},"sameAs":["https:\/\/www.facebook.com\/people\/Immoinvest\/100077962920504\/","https:\/\/x.com\/i\/flow\/login?redirect_after_login=immoinvest_ch","https:\/\/www.instagram.com\/immoinvest_ch\/","https:\/\/www.linkedin.com\/company\/immoinvest-swiss"]},{"@type":"Person","@id":"https:\/\/www.immo-invest.ch\/fr\/author\/immovestuser\/#author","url":"https:\/\/www.immo-invest.ch\/fr\/author\/immovestuser\/","name":"immovestuser","image":{"@type":"ImageObject","@id":"https:\/\/www.immo-invest.ch\/fr\/neues-freiraumkonzept-staerkt-lebensqualitaet-und-biodiversitaet\/#authorImage","url":"https:\/\/secure.gravatar.com\/avatar\/8e01f4d99f2eeea7a362ebb93305e1172a70e9293ba250f897a65c39f54cdd1e?s=96&d=mm&r=g","width":96,"height":96,"caption":"immovestuser"}},{"@type":"WebPage","@id":"https:\/\/www.immo-invest.ch\/fr\/neues-freiraumkonzept-staerkt-lebensqualitaet-und-biodiversitaet\/#webpage","url":"https:\/\/www.immo-invest.ch\/fr\/neues-freiraumkonzept-staerkt-lebensqualitaet-und-biodiversitaet\/","name":"Un nouveau concept d\u2019espaces verts am\u00e9liore la qualit\u00e9 de vie et favorise la biodiversit\u00e9 - immo!nvest - Die Plattform f\u00fcr Standorte und Immobilien","description":"Le conseil municipal a adopt\u00e9 le plan d'am\u00e9nagement des espaces publics de Spreitenbach, qui servira de base contraignante pour les autorit\u00e9s en vue du d\u00e9veloppement futur. Ce plan vise \u00e0 renforcer l'identit\u00e9 des quartiers, \u00e0 favoriser la biodiversit\u00e9 et \u00e0 rendre l'espace urbain r\u00e9silient face au changement climatique.","inLanguage":"fr-FR","isPartOf":{"@id":"https:\/\/www.immo-invest.ch\/fr\/#website"},"breadcrumb":{"@id":"https:\/\/www.immo-invest.ch\/fr\/neues-freiraumkonzept-staerkt-lebensqualitaet-und-biodiversitaet\/#breadcrumblist"},"author":{"@id":"https:\/\/www.immo-invest.ch\/fr\/author\/immovestuser\/#author"},"creator":{"@id":"https:\/\/www.immo-invest.ch\/fr\/author\/immovestuser\/#author"},"image":{"@type":"ImageObject","url":"https:\/\/www.immo-invest.ch\/wp-content\/uploads\/2026\/04\/banoviag_urban_green_spaces_with_sustainable_landscape_design_2aeaa73e-d0be-48b1-8d7d-12a6c9866bb2_3.png","@id":"https:\/\/www.immo-invest.ch\/fr\/neues-freiraumkonzept-staerkt-lebensqualitaet-und-biodiversitaet\/#mainImage","width":1536,"height":768},"primaryImageOfPage":{"@id":"https:\/\/www.immo-invest.ch\/fr\/neues-freiraumkonzept-staerkt-lebensqualitaet-und-biodiversitaet\/#mainImage"},"datePublished":"2026-04-16T13:30:00+02:00","dateModified":"2026-04-15T16:47:21+02:00"},{"@type":"WebSite","@id":"https:\/\/www.immo-invest.ch\/fr\/#website","url":"https:\/\/www.immo-invest.ch\/fr\/","name":"immo!nvest - Die Plattform f\u00fcr Standorte und Immobilien","description":"Die\u00a0Plattform f\u00fcr Standorte und Immobilien","inLanguage":"fr-FR","publisher":{"@id":"https:\/\/www.immo-invest.ch\/fr\/#organization"}}]},"og:locale":"fr_FR","og:site_name":"immo!nvest - Die Plattform f\u00fcr Standorte und Immobilien - Die\u00a0Plattform f\u00fcr Standorte und Immobilien","og:type":"article","og:title":"Un nouveau concept d\u2019espaces verts am\u00e9liore la qualit\u00e9 de vie et favorise la biodiversit\u00e9 - immo!nvest - Die Plattform f\u00fcr Standorte und Immobilien","og:description":"Le conseil municipal a adopt\u00e9 le plan d'am\u00e9nagement des espaces publics de Spreitenbach, qui servira de base contraignante pour les autorit\u00e9s en vue du d\u00e9veloppement futur. Ce plan vise \u00e0 renforcer l'identit\u00e9 des quartiers, \u00e0 favoriser la biodiversit\u00e9 et \u00e0 rendre l'espace urbain r\u00e9silient face au changement climatique.","og:url":"https:\/\/www.immo-invest.ch\/fr\/neues-freiraumkonzept-staerkt-lebensqualitaet-und-biodiversitaet\/","og:image":"https:\/\/www.immo-invest.ch\/wp-content\/uploads\/2026\/04\/banoviag_urban_green_spaces_with_sustainable_landscape_design_2aeaa73e-d0be-48b1-8d7d-12a6c9866bb2_3.png","og:image:secure_url":"https:\/\/www.immo-invest.ch\/wp-content\/uploads\/2026\/04\/banoviag_urban_green_spaces_with_sustainable_landscape_design_2aeaa73e-d0be-48b1-8d7d-12a6c9866bb2_3.png","og:image:width":1536,"og:image:height":768,"article:published_time":"2026-04-16T11:30:00+00:00","article:modified_time":"2026-04-15T14:47:21+00:00","article:publisher":"https:\/\/www.facebook.com\/people\/Immoinvest\/100077962920504\/","twitter:card":"summary_large_image","twitter:site":"@i","twitter:title":"Un nouveau concept d\u2019espaces verts am\u00e9liore la qualit\u00e9 de vie et favorise la biodiversit\u00e9 - immo!nvest - Die Plattform f\u00fcr Standorte und Immobilien","twitter:description":"Le conseil municipal a adopt\u00e9 le plan d'am\u00e9nagement des espaces publics de Spreitenbach, qui servira de base contraignante pour les autorit\u00e9s en vue du d\u00e9veloppement futur. Ce plan vise \u00e0 renforcer l'identit\u00e9 des quartiers, \u00e0 favoriser la biodiversit\u00e9 et \u00e0 rendre l'espace urbain r\u00e9silient face au changement climatique.","twitter:creator":"@i","twitter:image":"https:\/\/www.immo-invest.ch\/wp-content\/uploads\/2026\/04\/banoviag_urban_green_spaces_with_sustainable_landscape_design_2aeaa73e-d0be-48b1-8d7d-12a6c9866bb2_3.png"},"aioseo_meta_data":{"post_id":"153851","title":null,"description":null,"keywords":null,"keyphrases":{"focus":{"keyphrase":"","score":0,"analysis":{"keyphraseInTitle":{"score":0,"maxScore":9,"error":1}}},"additional":[]},"primary_term":null,"canonical_url":null,"og_title":null,"og_description":null,"og_object_type":"default","og_image_type":"default","og_image_url":null,"og_image_width":null,"og_image_height":null,"og_image_custom_url":null,"og_image_custom_fields":null,"og_video":"","og_custom_url":null,"og_article_section":null,"og_article_tags":null,"twitter_use_og":false,"twitter_card":"default","twitter_image_type":"default","twitter_image_url":null,"twitter_image_custom_url":null,"twitter_image_custom_fields":null,"twitter_title":null,"twitter_description":null,"schema":{"blockGraphs":[],"customGraphs":[],"default":{"data":{"Article":[],"Course":[],"Dataset":[],"FAQPage":[],"Movie":[],"Person":[],"Product":[],"ProductReview":[],"Car":[],"Recipe":[],"Service":[],"SoftwareApplication":[],"WebPage":[]},"graphName":"BlogPosting","isEnabled":true},"graphs":[]},"schema_type":"default","schema_type_options":null,"pillar_content":false,"robots_default":true,"robots_noindex":false,"robots_noarchive":false,"robots_nosnippet":false,"robots_nofollow":false,"robots_noimageindex":false,"robots_noodp":false,"robots_notranslate":false,"robots_max_snippet":"-1","robots_max_videopreview":"-1","robots_max_imagepreview":"large","priority":null,"frequency":"default","local_seo":null,"breadcrumb_settings":null,"limit_modified_date":false,"ai":{"faqs":[],"keyPoints":[],"titles":[],"descriptions":[],"socialPosts":{"email":[],"linkedin":[],"twitter":[],"facebook":[],"instagram":[]}},"created":"2026-04-15 14:47:23","updated":"2026-04-16 11:31:23","seo_analyzer_scan_date":null,"focus_keyword":null,"additional_keywords":null,"truseo_locale":null},"aioseo_breadcrumb":"<div class=\"aioseo-breadcrumbs\"><span class=\"aioseo-breadcrumb\">\n\t\t\t<a href=\"https:\/\/www.immo-invest.ch\/fr\/\" title=\"Home\">Home<\/a>\n\t\t<\/span><span class=\"aioseo-breadcrumb-separator\">&raquo;<\/span><span class=\"aioseo-breadcrumb\">\n\t\t\t<a href=\"https:\/\/www.immo-invest.ch\/fr\/categories\/trends-fr\/\" title=\"Trends\">Trends<\/a>\n\t\t<\/span><span class=\"aioseo-breadcrumb-separator\">&raquo;<\/span><span class=\"aioseo-breadcrumb\">\n\t\t\t<a href=\"https:\/\/www.immo-invest.ch\/fr\/categories\/trends-fr\/durabilite\/\" title=\"Durabilit\u00e9\">Durabilit\u00e9<\/a>\n\t\t<\/span><span class=\"aioseo-breadcrumb-separator\">&raquo;<\/span><span class=\"aioseo-breadcrumb\">\n\t\t\tUn nouveau concept d\u2019espaces verts am\u00e9liore la qualit\u00e9 de vie et favorise la biodiversit\u00e9\n\t\t<\/span><\/div>","aioseo_breadcrumb_json":[{"label":"Home","link":"https:\/\/www.immo-invest.ch\/fr\/"},{"label":"Trends","link":"https:\/\/www.immo-invest.ch\/fr\/categories\/trends-fr\/"},{"label":"Durabilit\u00e9","link":"https:\/\/www.immo-invest.ch\/fr\/categories\/trends-fr\/durabilite\/"},{"label":"Un nouveau concept d&rsquo;espaces verts am\u00e9liore la qualit\u00e9 de vie et favorise la biodiversit\u00e9","link":"https:\/\/www.immo-invest.ch\/fr\/neues-freiraumkonzept-staerkt-lebensqualitaet-und-biodiversitaet\/"}],"featured_image_src":"https:\/\/www.immo-invest.ch\/wp-content\/uploads\/2026\/04\/banoviag_urban_green_spaces_with_sustainable_landscape_design_2aeaa73e-d0be-48b1-8d7d-12a6c9866bb2_3-336x168.png","_links":{"self":[{"href":"https:\/\/www.immo-invest.ch\/fr\/wp-json\/wp\/v2\/posts\/153851","targetHints":{"allow":["GET"]}}],"collection":[{"href":"https:\/\/www.immo-invest.ch\/fr\/wp-json\/wp\/v2\/posts"}],"about":[{"href":"https:\/\/www.immo-invest.ch\/fr\/wp-json\/wp\/v2\/types\/post"}],"author":[{"embeddable":true,"href":"https:\/\/www.immo-invest.ch\/fr\/wp-json\/wp\/v2\/users\/2"}],"replies":[{"embeddable":true,"href":"https:\/\/www.immo-invest.ch\/fr\/wp-json\/wp\/v2\/comments?post=153851"}],"version-history":[{"count":2,"href":"https:\/\/www.immo-invest.ch\/fr\/wp-json\/wp\/v2\/posts\/153851\/revisions"}],"predecessor-version":[{"id":153860,"href":"https:\/\/www.immo-invest.ch\/fr\/wp-json\/wp\/v2\/posts\/153851\/revisions\/153860"}],"wp:featuredmedia":[{"embeddable":true,"href":"https:\/\/www.immo-invest.ch\/fr\/wp-json\/wp\/v2\/media\/153852"}],"wp:attachment":[{"href":"https:\/\/www.immo-invest.ch\/fr\/wp-json\/wp\/v2\/media?parent=153851"}],"wp:term":[{"taxonomy":"category","embeddable":true,"href":"https:\/\/www.immo-invest.ch\/fr\/wp-json\/wp\/v2\/categories?post=153851"},{"taxonomy":"post_tag","embeddable":true,"href":"https:\/\/www.immo-invest.ch\/fr\/wp-json\/wp\/v2\/tags?post=153851"}],"curies":[{"name":"wp","href":"https:\/\/api.w.org\/{rel}","templated":true}]}}