{"id":153319,"date":"2026-04-14T10:08:59","date_gmt":"2026-04-14T08:08:59","guid":{"rendered":"https:\/\/www.immo-invest.ch\/die-baustelle-will-auch-flexibilitaet\/"},"modified":"2026-04-14T15:00:26","modified_gmt":"2026-04-14T13:00:26","slug":"die-baustelle-will-auch-flexibilitaet","status":"publish","type":"post","link":"https:\/\/www.immo-invest.ch\/fr\/die-baustelle-will-auch-flexibilitaet\/","title":{"rendered":"Le chantier veut aussi de la flexibilit\u00e9"},"content":{"rendered":"<p class=\"wp-block-paragraph\">Adrian Dinkelmann, directeur d&rsquo;Infra Suisse, a mis les choses au point. La conciliation ne r&eacute;ussit pas par des mesures isol&eacute;es, mais par un ancrage fondamental dans la culture d&rsquo;entreprise. Deux projets soutenus par la Conf&eacute;d&eacute;ration montrent des champs d&rsquo;action concrets. Le cadre doit &ecirc;tre con&ccedil;u de mani&egrave;re &agrave; ce que les diff&eacute;rentes r&eacute;alit&eacute;s de vie des collaborateurs y trouvent leur place.<\/p>\n\n\n\n\n\n<p class=\"wp-block-paragraph\"><strong>Tout le monde ne veut pas la m&ecirc;me chose<br><\/strong>Jan Malmstr&ouml;m, CEO du groupe JMS, a pos&eacute; la question dans son entreprise. Le r&eacute;sultat est surprenant. Le souhait de travailler &agrave; temps partiel est tr&egrave;s marqu&eacute; au bureau, nettement moins sur les chantiers. Mais l&agrave; aussi, il existe un besoin &eacute;vident de plus de flexibilit&eacute; au quotidien. Les mod&egrave;les standard ne sont pas suffisants. Si l&rsquo;on traite tous les collaborateurs de la m&ecirc;me mani&egrave;re, on passe &agrave; c&ocirc;t&eacute; de l&rsquo;essentiel.<\/p>\n\n\n\n\n\n<p class=\"wp-block-paragraph\"><strong>Co-CEO comme test de r&eacute;alit&eacute;<br><\/strong>Sandra Werneyer et Lea Ott montrent ce qu&rsquo;il est possible de faire chez werneyer ott <span class=\"glossaryLink\" aria-describedby=\"tt\" data-cmtooltip=\"&lt;div class=glossaryItemTitle&gt;Architektur&lt;\/div&gt;&lt;div class=glossaryItemBody&gt;Entwurf und Gestaltung von Bauwerken unter Ber&uuml;cksichtigung &auml;sthetischer, technischer, sozialer, wirtschaftlicher und &ouml;kologischer Belange. Im Unterschied zum &laquo;blossen&raquo; Bauen bem&uuml;ht sich Architektur um die Koordination vielf&auml;ltiger Werte, Anspr&uuml;che und Erfahrungen&lt;\/div&gt;\" data-mobile-support=\"0\" data-gt-translate-attributes='[{\"attribute\":\"data-cmtooltip\", \"format\":\"html\"}]' tabindex=\"0\" role=\"link\">architektur<\/span> gmbh, &agrave; savoir une direction partag&eacute;e dans un mod&egrave;le de co-CEO. Cela fonctionne avec des exigences &eacute;lev&eacute;es en mati&egrave;re d&rsquo;organisation et de communication. Leur pr&eacute;sentation a clairement montr&eacute; que les nouvelles formes de travail ne vont pas de soi. Elles exigent de la clart&eacute; sur les responsabilit&eacute;s qui peuvent vraiment &ecirc;tre partag&eacute;es.<\/p>\n\n\n\n\n\n<p class=\"wp-block-paragraph\"><strong>Les st&eacute;r&eacute;otypes freinent le secteur<br><\/strong>D&ouml;rte Resch, professeur de psychologie appliqu&eacute;e &agrave; la FHNW, a clairement expliqu&eacute; que les campagnes d&rsquo;images ne changent rien &agrave; elles seules. Les st&eacute;r&eacute;otypes qui ne correspondent plus &agrave; la r&eacute;alit&eacute; des m&eacute;tiers du b&acirc;timent doivent &ecirc;tre abord&eacute;s activement. Il faut un marketing professionnel authentique qui mette en &eacute;vidence les aspects attrayants du secteur pour tous. Caroline Farberger, entrepreneuse su&eacute;doise, a compl&eacute;t&eacute; avec une perspective personnelle. L&rsquo;inclusion commence par la remise en question des mod&egrave;les de pens&eacute;e existants.<\/p>\n\n\n\n\n\n<p class=\"wp-block-paragraph\"><strong>La culture l&rsquo;emporte sur le concept<br><\/strong>Le podium a clairement montr&eacute; ce qui fait la diff&eacute;rence. Olivier Imboden, CEO Ulrich Imboden AG, la d&eacute;crit ainsi. Lorsque les collaborateurs adh&egrave;rent aux valeurs d&rsquo;une entreprise, cela se r&eacute;percute directement sur son attractivit&eacute; en tant qu&rsquo;employeur. Sven Stingelin de Frutiger AG a compl&eacute;t&eacute; la perspective du chantier en &eacute;voquant les conditions cadres qui sont diff&eacute;rentes de celles du bureau. Thomas Weber de Walo Bertschinger a soulign&eacute; que les d&eacute;roulements de projets marquent consid&eacute;rablement la <span class=\"glossaryLink\"  aria-describedby=\"tt\"  data-cmtooltip=\"&lt;div class=glossaryItemTitle&gt;Marge&lt;\/div&gt;&lt;div class=glossaryItemBody&gt;Gewinnspanne, prozentualer Gewinn je Leistungseinheit; Handel: Handelsspanne, Differenz zwischen An- und Verkaufspreis&lt;\/div&gt;\"  data-mobile-support=\"0\"  data-gt-translate-attributes='[{\"attribute\":\"data-cmtooltip\", \"format\":\"html\"}]' tabindex='0' role='link'>marge<\/span> de man&oelig;uvre. Cornel M&uuml;ller, fondateur de Work-ID AG, a montr&eacute; comment un marketing professionnel cibl&eacute; permet d&rsquo;atteindre de nouveaux groupes cibles, notamment gr&acirc;ce &agrave; une orientation professionnelle pr&eacute;coce.<\/p>\n\n","protected":false},"excerpt":{"rendered":"<p>Le travail \u00e0 temps partiel ne suffit pas \u00e0 r\u00e9soudre le probl\u00e8me. Lors de l&rsquo;\u00e9v\u00e9nement \u00ab Wir bauen auf dich ! \u00bb qui s&rsquo;est tenu le 26 mars 2026 au CAMPUS SURSEE, il est apparu clairement que le secteur de la construction et des infrastructures est \u00e0 l&rsquo;aube d&rsquo;un changement de culture. Pour rester comp\u00e9titif dans la course aux talents, il faut consid\u00e9rer la conciliation entre vie professionnelle et vie priv\u00e9e comme une mission strat\u00e9gique de direction, et non comme une simple prestation sociale accessoire.<\/p>\n","protected":false},"author":2,"featured_media":153320,"comment_status":"open","ping_status":"open","sticky":false,"template":"","format":"standard","meta":{"pmpro_default_level":"","inline_featured_image":false,"_monsterinsights_skip_tracking":false,"footnotes":""},"categories":[55982,22696,22357,22303],"tags":[58408,56648,872,3931,2002,53767],"class_list":["post-153319","post","type-post","status-publish","format-standard","has-post-thumbnail","hentry","category-associations","category-entreprise","category-industrie-du-batiment","category-suisse","tag-arbeitsmodelle","tag-fachkraeftemangel-2","tag-immoinvest-fr","tag-immonews-fr","tag-news-fr","tag-unternehmenskultur-fr","pmpro-has-access"],"acf":{"bild_mit_ki_erstellt_worden":"","lead":"Le travail \u00e0 temps partiel ne suffit pas \u00e0 r\u00e9soudre le probl\u00e8me. Lors de l'\u00e9v\u00e9nement \u00ab Wir bauen auf dich ! \u00bb qui s'est tenu le 26 mars 2026 au CAMPUS SURSEE, il est apparu clairement que le secteur de la construction et des infrastructures est \u00e0 l'aube d'un changement de culture. Pour rester comp\u00e9titif dans la course aux talents, il faut consid\u00e9rer la conciliation entre vie professionnelle et vie priv\u00e9e comme une mission strat\u00e9gique de direction, et non comme une simple prestation sociale accessoire.","autor":"","ort":"","bildunterschrift":"Image : <a href=\"https:\/\/www.campus-sursee.ch\/bildergalerien\/bildergalerie-wir-bauen-auf-dich-2026\/\" target=\"_blank\" rel=\"noopener noreferrer\">CAMPUS SURSEE, Bildergalerie \u00abWir bauen auf dich!\u00bb 2026<\/a>","bild_im_grid":false,"gallerie":"","newsim":""},"aioseo_notices":[],"aioseo_head":"\n\t\t<!-- All in One SEO 5.0.0.1 - aioseo.com -->\n\t<meta name=\"description\" content=\"Le travail \u00e0 temps partiel ne suffit pas \u00e0 r\u00e9soudre le probl\u00e8me. Lors de l&#039;\u00e9v\u00e9nement \u00ab Wir bauen auf dich ! \u00bb qui s&#039;est tenu le 26 mars 2026 au CAMPUS SURSEE, il est apparu clairement que le secteur de la construction et des infrastructures est \u00e0 l&#039;aube d&#039;un changement de culture. Pour rester comp\u00e9titif dans la course aux talents, il faut consid\u00e9rer la conciliation entre vie professionnelle et vie priv\u00e9e comme une mission strat\u00e9gique de direction, et non comme une simple prestation sociale accessoire.\" \/>\n\t<meta name=\"robots\" content=\"max-image-preview:large\" \/>\n\t<meta name=\"author\" content=\"immovestuser\"\/>\n\t<meta name=\"google-site-verification\" content=\"fHJKvgWpZCR2zVBHWfkQeFXC11qieUSff0HGNYfuyLA\" \/>\n\t<link rel=\"canonical\" href=\"https:\/\/www.immo-invest.ch\/fr\/die-baustelle-will-auch-flexibilitaet\/\" \/>\n\t<meta name=\"generator\" content=\"All in One SEO (AIOSEO) 5.0.0.1\" \/>\n\t\t<meta property=\"og:locale\" content=\"fr_FR\" \/>\n\t\t<meta property=\"og:site_name\" content=\"immo!nvest - Die Plattform f\u00fcr Standorte und Immobilien - Die\u00a0Plattform f\u00fcr Standorte und Immobilien\" \/>\n\t\t<meta property=\"og:type\" content=\"article\" \/>\n\t\t<meta property=\"og:title\" content=\"Le chantier veut aussi de la flexibilit\u00e9 - immo!nvest - Die Plattform f\u00fcr Standorte und Immobilien\" \/>\n\t\t<meta property=\"og:description\" content=\"Le travail \u00e0 temps partiel ne suffit pas \u00e0 r\u00e9soudre le probl\u00e8me. Lors de l&#039;\u00e9v\u00e9nement \u00ab Wir bauen auf dich ! \u00bb qui s&#039;est tenu le 26 mars 2026 au CAMPUS SURSEE, il est apparu clairement que le secteur de la construction et des infrastructures est \u00e0 l&#039;aube d&#039;un changement de culture. Pour rester comp\u00e9titif dans la course aux talents, il faut consid\u00e9rer la conciliation entre vie professionnelle et vie priv\u00e9e comme une mission strat\u00e9gique de direction, et non comme une simple prestation sociale accessoire.\" \/>\n\t\t<meta property=\"og:url\" content=\"https:\/\/www.immo-invest.ch\/fr\/die-baustelle-will-auch-flexibilitaet\/\" \/>\n\t\t<meta property=\"og:image\" content=\"https:\/\/www.immo-invest.ch\/wp-content\/uploads\/2026\/04\/Campus-Sursee-Wir-bauen-auf-dich-26.03.26-79-1.jpg\" \/>\n\t\t<meta property=\"og:image:secure_url\" content=\"https:\/\/www.immo-invest.ch\/wp-content\/uploads\/2026\/04\/Campus-Sursee-Wir-bauen-auf-dich-26.03.26-79-1.jpg\" \/>\n\t\t<meta property=\"og:image:width\" content=\"1200\" \/>\n\t\t<meta property=\"og:image:height\" content=\"800\" \/>\n\t\t<meta property=\"article:published_time\" content=\"2026-04-14T08:08:59+00:00\" \/>\n\t\t<meta property=\"article:modified_time\" content=\"2026-04-14T13:00:26+00:00\" \/>\n\t\t<meta property=\"article:publisher\" content=\"https:\/\/www.facebook.com\/people\/Immoinvest\/100077962920504\/\" \/>\n\t\t<meta name=\"twitter:card\" content=\"summary_large_image\" \/>\n\t\t<meta name=\"twitter:site\" content=\"@i\" \/>\n\t\t<meta name=\"twitter:title\" content=\"Le chantier veut aussi de la flexibilit\u00e9 - immo!nvest - Die Plattform f\u00fcr Standorte und Immobilien\" \/>\n\t\t<meta name=\"twitter:description\" content=\"Le travail \u00e0 temps partiel ne suffit pas \u00e0 r\u00e9soudre le probl\u00e8me. Lors de l&#039;\u00e9v\u00e9nement \u00ab Wir bauen auf dich ! \u00bb qui s&#039;est tenu le 26 mars 2026 au CAMPUS SURSEE, il est apparu clairement que le secteur de la construction et des infrastructures est \u00e0 l&#039;aube d&#039;un changement de culture. Pour rester comp\u00e9titif dans la course aux talents, il faut consid\u00e9rer la conciliation entre vie professionnelle et vie priv\u00e9e comme une mission strat\u00e9gique de direction, et non comme une simple prestation sociale accessoire.\" \/>\n\t\t<meta name=\"twitter:creator\" content=\"@i\" \/>\n\t\t<meta name=\"twitter:image\" content=\"https:\/\/www.immo-invest.ch\/wp-content\/uploads\/2026\/04\/Campus-Sursee-Wir-bauen-auf-dich-26.03.26-79-1.jpg\" \/>\n\t\t<script type=\"application\/ld+json\" class=\"aioseo-schema\">\n\t\t\t{\"@context\":\"https:\\\/\\\/schema.org\",\"@graph\":[{\"@type\":\"BlogPosting\",\"@id\":\"https:\\\/\\\/www.immo-invest.ch\\\/fr\\\/die-baustelle-will-auch-flexibilitaet\\\/#blogposting\",\"name\":\"Le chantier veut aussi de la flexibilit\\u00e9 - immo!nvest - Die Plattform f\\u00fcr Standorte und Immobilien\",\"headline\":\"Le chantier veut aussi de la flexibilit\\u00e9\",\"author\":{\"@id\":\"https:\\\/\\\/www.immo-invest.ch\\\/fr\\\/author\\\/immovestuser\\\/#author\"},\"publisher\":{\"@id\":\"https:\\\/\\\/www.immo-invest.ch\\\/fr\\\/#organization\"},\"image\":{\"@type\":\"ImageObject\",\"url\":\"https:\\\/\\\/www.immo-invest.ch\\\/wp-content\\\/uploads\\\/2026\\\/04\\\/Campus-Sursee-Wir-bauen-auf-dich-26.03.26-79-1.jpg\",\"width\":1200,\"height\":800},\"datePublished\":\"2026-04-14T10:08:59+02:00\",\"dateModified\":\"2026-04-14T15:00:26+02:00\",\"inLanguage\":\"fr-FR\",\"mainEntityOfPage\":{\"@id\":\"https:\\\/\\\/www.immo-invest.ch\\\/fr\\\/die-baustelle-will-auch-flexibilitaet\\\/#webpage\"},\"isPartOf\":{\"@id\":\"https:\\\/\\\/www.immo-invest.ch\\\/fr\\\/die-baustelle-will-auch-flexibilitaet\\\/#webpage\"},\"articleSection\":\"Associations, Entreprise, Industrie du b\\u00e2timent, Suisse, Arbeitsmodelle, Fachkraeftemangel, Immoinvest, immoNews, News, Unternehmenskultur, Facultatif\"},{\"@type\":\"BreadcrumbList\",\"@id\":\"https:\\\/\\\/www.immo-invest.ch\\\/fr\\\/die-baustelle-will-auch-flexibilitaet\\\/#breadcrumblist\",\"itemListElement\":[{\"@type\":\"ListItem\",\"@id\":\"https:\\\/\\\/www.immo-invest.ch\\\/fr\\\/#listItem\",\"position\":1,\"name\":\"Home\",\"item\":\"https:\\\/\\\/www.immo-invest.ch\\\/fr\\\/\",\"nextItem\":{\"@type\":\"ListItem\",\"@id\":\"https:\\\/\\\/www.immo-invest.ch\\\/fr\\\/categories\\\/regions\\\/#listItem\",\"name\":\"R\\u00e9gions\"}},{\"@type\":\"ListItem\",\"@id\":\"https:\\\/\\\/www.immo-invest.ch\\\/fr\\\/categories\\\/regions\\\/#listItem\",\"position\":2,\"name\":\"R\\u00e9gions\",\"item\":\"https:\\\/\\\/www.immo-invest.ch\\\/fr\\\/categories\\\/regions\\\/\",\"nextItem\":{\"@type\":\"ListItem\",\"@id\":\"https:\\\/\\\/www.immo-invest.ch\\\/fr\\\/categories\\\/regions\\\/suisse\\\/#listItem\",\"name\":\"Suisse\"},\"previousItem\":{\"@type\":\"ListItem\",\"@id\":\"https:\\\/\\\/www.immo-invest.ch\\\/fr\\\/#listItem\",\"name\":\"Home\"}},{\"@type\":\"ListItem\",\"@id\":\"https:\\\/\\\/www.immo-invest.ch\\\/fr\\\/categories\\\/regions\\\/suisse\\\/#listItem\",\"position\":3,\"name\":\"Suisse\",\"item\":\"https:\\\/\\\/www.immo-invest.ch\\\/fr\\\/categories\\\/regions\\\/suisse\\\/\",\"nextItem\":{\"@type\":\"ListItem\",\"@id\":\"https:\\\/\\\/www.immo-invest.ch\\\/fr\\\/die-baustelle-will-auch-flexibilitaet\\\/#listItem\",\"name\":\"Le chantier veut aussi de la flexibilit\\u00e9\"},\"previousItem\":{\"@type\":\"ListItem\",\"@id\":\"https:\\\/\\\/www.immo-invest.ch\\\/fr\\\/categories\\\/regions\\\/#listItem\",\"name\":\"R\\u00e9gions\"}},{\"@type\":\"ListItem\",\"@id\":\"https:\\\/\\\/www.immo-invest.ch\\\/fr\\\/die-baustelle-will-auch-flexibilitaet\\\/#listItem\",\"position\":4,\"name\":\"Le chantier veut aussi de la flexibilit\\u00e9\",\"previousItem\":{\"@type\":\"ListItem\",\"@id\":\"https:\\\/\\\/www.immo-invest.ch\\\/fr\\\/categories\\\/regions\\\/suisse\\\/#listItem\",\"name\":\"Suisse\"}}]},{\"@type\":\"Organization\",\"@id\":\"https:\\\/\\\/www.immo-invest.ch\\\/fr\\\/#organization\",\"name\":\"immo!nvest - Die Plattform f\\u00fcr Standorte und Immobilien\",\"description\":\"Die\\u00a0Plattform f\\u00fcr Standorte und Immobilien\",\"url\":\"https:\\\/\\\/www.immo-invest.ch\\\/fr\\\/\",\"email\":\"admin@immomedia.ag\",\"telephone\":\"+41444420002\",\"logo\":{\"@type\":\"ImageObject\",\"url\":\"https:\\\/\\\/www.immo-invest.ch\\\/wp-content\\\/uploads\\\/2024\\\/09\\\/immoinvest_sm-scaled.jpg\",\"@id\":\"https:\\\/\\\/www.immo-invest.ch\\\/fr\\\/die-baustelle-will-auch-flexibilitaet\\\/#organizationLogo\",\"width\":2560,\"height\":1340},\"image\":{\"@id\":\"https:\\\/\\\/www.immo-invest.ch\\\/fr\\\/die-baustelle-will-auch-flexibilitaet\\\/#organizationLogo\"},\"sameAs\":[\"https:\\\/\\\/www.facebook.com\\\/people\\\/Immoinvest\\\/100077962920504\\\/\",\"https:\\\/\\\/x.com\\\/i\\\/flow\\\/login?redirect_after_login=immoinvest_ch\",\"https:\\\/\\\/www.instagram.com\\\/immoinvest_ch\\\/\",\"https:\\\/\\\/www.linkedin.com\\\/company\\\/immoinvest-swiss\"]},{\"@type\":\"Person\",\"@id\":\"https:\\\/\\\/www.immo-invest.ch\\\/fr\\\/author\\\/immovestuser\\\/#author\",\"url\":\"https:\\\/\\\/www.immo-invest.ch\\\/fr\\\/author\\\/immovestuser\\\/\",\"name\":\"immovestuser\",\"image\":{\"@type\":\"ImageObject\",\"@id\":\"https:\\\/\\\/www.immo-invest.ch\\\/fr\\\/die-baustelle-will-auch-flexibilitaet\\\/#authorImage\",\"url\":\"https:\\\/\\\/secure.gravatar.com\\\/avatar\\\/8e01f4d99f2eeea7a362ebb93305e1172a70e9293ba250f897a65c39f54cdd1e?s=96&d=mm&r=g\",\"width\":96,\"height\":96,\"caption\":\"immovestuser\"}},{\"@type\":\"WebPage\",\"@id\":\"https:\\\/\\\/www.immo-invest.ch\\\/fr\\\/die-baustelle-will-auch-flexibilitaet\\\/#webpage\",\"url\":\"https:\\\/\\\/www.immo-invest.ch\\\/fr\\\/die-baustelle-will-auch-flexibilitaet\\\/\",\"name\":\"Le chantier veut aussi de la flexibilit\\u00e9 - immo!nvest - Die Plattform f\\u00fcr Standorte und Immobilien\",\"description\":\"Le travail \\u00e0 temps partiel ne suffit pas \\u00e0 r\\u00e9soudre le probl\\u00e8me. Lors de l'\\u00e9v\\u00e9nement \\u00ab Wir bauen auf dich ! \\u00bb qui s'est tenu le 26 mars 2026 au CAMPUS SURSEE, il est apparu clairement que le secteur de la construction et des infrastructures est \\u00e0 l'aube d'un changement de culture. Pour rester comp\\u00e9titif dans la course aux talents, il faut consid\\u00e9rer la conciliation entre vie professionnelle et vie priv\\u00e9e comme une mission strat\\u00e9gique de direction, et non comme une simple prestation sociale accessoire.\",\"inLanguage\":\"fr-FR\",\"isPartOf\":{\"@id\":\"https:\\\/\\\/www.immo-invest.ch\\\/fr\\\/#website\"},\"breadcrumb\":{\"@id\":\"https:\\\/\\\/www.immo-invest.ch\\\/fr\\\/die-baustelle-will-auch-flexibilitaet\\\/#breadcrumblist\"},\"author\":{\"@id\":\"https:\\\/\\\/www.immo-invest.ch\\\/fr\\\/author\\\/immovestuser\\\/#author\"},\"creator\":{\"@id\":\"https:\\\/\\\/www.immo-invest.ch\\\/fr\\\/author\\\/immovestuser\\\/#author\"},\"image\":{\"@type\":\"ImageObject\",\"url\":\"https:\\\/\\\/www.immo-invest.ch\\\/wp-content\\\/uploads\\\/2026\\\/04\\\/Campus-Sursee-Wir-bauen-auf-dich-26.03.26-79-1.jpg\",\"@id\":\"https:\\\/\\\/www.immo-invest.ch\\\/fr\\\/die-baustelle-will-auch-flexibilitaet\\\/#mainImage\",\"width\":1200,\"height\":800},\"primaryImageOfPage\":{\"@id\":\"https:\\\/\\\/www.immo-invest.ch\\\/fr\\\/die-baustelle-will-auch-flexibilitaet\\\/#mainImage\"},\"datePublished\":\"2026-04-14T10:08:59+02:00\",\"dateModified\":\"2026-04-14T15:00:26+02:00\"},{\"@type\":\"WebSite\",\"@id\":\"https:\\\/\\\/www.immo-invest.ch\\\/fr\\\/#website\",\"url\":\"https:\\\/\\\/www.immo-invest.ch\\\/fr\\\/\",\"name\":\"immo!nvest - Die Plattform f\\u00fcr Standorte und Immobilien\",\"description\":\"Die\\u00a0Plattform f\\u00fcr Standorte und Immobilien\",\"inLanguage\":\"fr-FR\",\"publisher\":{\"@id\":\"https:\\\/\\\/www.immo-invest.ch\\\/fr\\\/#organization\"}}]}\n\t\t<\/script>\n\t\t<!-- All in One SEO -->\n\n","aioseo_head_json":{"title":"Le chantier veut aussi de la flexibilit\u00e9 - immo!nvest - Die Plattform f\u00fcr Standorte und Immobilien","description":"Le travail \u00e0 temps partiel ne suffit pas \u00e0 r\u00e9soudre le probl\u00e8me. Lors de l'\u00e9v\u00e9nement \u00ab Wir bauen auf dich ! \u00bb qui s'est tenu le 26 mars 2026 au CAMPUS SURSEE, il est apparu clairement que le secteur de la construction et des infrastructures est \u00e0 l'aube d'un changement de culture. Pour rester comp\u00e9titif dans la course aux talents, il faut consid\u00e9rer la conciliation entre vie professionnelle et vie priv\u00e9e comme une mission strat\u00e9gique de direction, et non comme une simple prestation sociale accessoire.","canonical_url":"https:\/\/www.immo-invest.ch\/fr\/die-baustelle-will-auch-flexibilitaet\/","robots":"max-image-preview:large","keywords":"","webmasterTools":{"google-site-verification":"fHJKvgWpZCR2zVBHWfkQeFXC11qieUSff0HGNYfuyLA","miscellaneous":""},"schema":{"@context":"https:\/\/schema.org","@graph":[{"@type":"BlogPosting","@id":"https:\/\/www.immo-invest.ch\/fr\/die-baustelle-will-auch-flexibilitaet\/#blogposting","name":"Le chantier veut aussi de la flexibilit\u00e9 - immo!nvest - Die Plattform f\u00fcr Standorte und Immobilien","headline":"Le chantier veut aussi de la flexibilit\u00e9","author":{"@id":"https:\/\/www.immo-invest.ch\/fr\/author\/immovestuser\/#author"},"publisher":{"@id":"https:\/\/www.immo-invest.ch\/fr\/#organization"},"image":{"@type":"ImageObject","url":"https:\/\/www.immo-invest.ch\/wp-content\/uploads\/2026\/04\/Campus-Sursee-Wir-bauen-auf-dich-26.03.26-79-1.jpg","width":1200,"height":800},"datePublished":"2026-04-14T10:08:59+02:00","dateModified":"2026-04-14T15:00:26+02:00","inLanguage":"fr-FR","mainEntityOfPage":{"@id":"https:\/\/www.immo-invest.ch\/fr\/die-baustelle-will-auch-flexibilitaet\/#webpage"},"isPartOf":{"@id":"https:\/\/www.immo-invest.ch\/fr\/die-baustelle-will-auch-flexibilitaet\/#webpage"},"articleSection":"Associations, Entreprise, Industrie du b\u00e2timent, Suisse, Arbeitsmodelle, Fachkraeftemangel, Immoinvest, immoNews, News, Unternehmenskultur, Facultatif"},{"@type":"BreadcrumbList","@id":"https:\/\/www.immo-invest.ch\/fr\/die-baustelle-will-auch-flexibilitaet\/#breadcrumblist","itemListElement":[{"@type":"ListItem","@id":"https:\/\/www.immo-invest.ch\/fr\/#listItem","position":1,"name":"Home","item":"https:\/\/www.immo-invest.ch\/fr\/","nextItem":{"@type":"ListItem","@id":"https:\/\/www.immo-invest.ch\/fr\/categories\/regions\/#listItem","name":"R\u00e9gions"}},{"@type":"ListItem","@id":"https:\/\/www.immo-invest.ch\/fr\/categories\/regions\/#listItem","position":2,"name":"R\u00e9gions","item":"https:\/\/www.immo-invest.ch\/fr\/categories\/regions\/","nextItem":{"@type":"ListItem","@id":"https:\/\/www.immo-invest.ch\/fr\/categories\/regions\/suisse\/#listItem","name":"Suisse"},"previousItem":{"@type":"ListItem","@id":"https:\/\/www.immo-invest.ch\/fr\/#listItem","name":"Home"}},{"@type":"ListItem","@id":"https:\/\/www.immo-invest.ch\/fr\/categories\/regions\/suisse\/#listItem","position":3,"name":"Suisse","item":"https:\/\/www.immo-invest.ch\/fr\/categories\/regions\/suisse\/","nextItem":{"@type":"ListItem","@id":"https:\/\/www.immo-invest.ch\/fr\/die-baustelle-will-auch-flexibilitaet\/#listItem","name":"Le chantier veut aussi de la flexibilit\u00e9"},"previousItem":{"@type":"ListItem","@id":"https:\/\/www.immo-invest.ch\/fr\/categories\/regions\/#listItem","name":"R\u00e9gions"}},{"@type":"ListItem","@id":"https:\/\/www.immo-invest.ch\/fr\/die-baustelle-will-auch-flexibilitaet\/#listItem","position":4,"name":"Le chantier veut aussi de la flexibilit\u00e9","previousItem":{"@type":"ListItem","@id":"https:\/\/www.immo-invest.ch\/fr\/categories\/regions\/suisse\/#listItem","name":"Suisse"}}]},{"@type":"Organization","@id":"https:\/\/www.immo-invest.ch\/fr\/#organization","name":"immo!nvest - Die Plattform f\u00fcr Standorte und Immobilien","description":"Die\u00a0Plattform f\u00fcr Standorte und Immobilien","url":"https:\/\/www.immo-invest.ch\/fr\/","email":"admin@immomedia.ag","telephone":"+41444420002","logo":{"@type":"ImageObject","url":"https:\/\/www.immo-invest.ch\/wp-content\/uploads\/2024\/09\/immoinvest_sm-scaled.jpg","@id":"https:\/\/www.immo-invest.ch\/fr\/die-baustelle-will-auch-flexibilitaet\/#organizationLogo","width":2560,"height":1340},"image":{"@id":"https:\/\/www.immo-invest.ch\/fr\/die-baustelle-will-auch-flexibilitaet\/#organizationLogo"},"sameAs":["https:\/\/www.facebook.com\/people\/Immoinvest\/100077962920504\/","https:\/\/x.com\/i\/flow\/login?redirect_after_login=immoinvest_ch","https:\/\/www.instagram.com\/immoinvest_ch\/","https:\/\/www.linkedin.com\/company\/immoinvest-swiss"]},{"@type":"Person","@id":"https:\/\/www.immo-invest.ch\/fr\/author\/immovestuser\/#author","url":"https:\/\/www.immo-invest.ch\/fr\/author\/immovestuser\/","name":"immovestuser","image":{"@type":"ImageObject","@id":"https:\/\/www.immo-invest.ch\/fr\/die-baustelle-will-auch-flexibilitaet\/#authorImage","url":"https:\/\/secure.gravatar.com\/avatar\/8e01f4d99f2eeea7a362ebb93305e1172a70e9293ba250f897a65c39f54cdd1e?s=96&d=mm&r=g","width":96,"height":96,"caption":"immovestuser"}},{"@type":"WebPage","@id":"https:\/\/www.immo-invest.ch\/fr\/die-baustelle-will-auch-flexibilitaet\/#webpage","url":"https:\/\/www.immo-invest.ch\/fr\/die-baustelle-will-auch-flexibilitaet\/","name":"Le chantier veut aussi de la flexibilit\u00e9 - immo!nvest - Die Plattform f\u00fcr Standorte und Immobilien","description":"Le travail \u00e0 temps partiel ne suffit pas \u00e0 r\u00e9soudre le probl\u00e8me. Lors de l'\u00e9v\u00e9nement \u00ab Wir bauen auf dich ! \u00bb qui s'est tenu le 26 mars 2026 au CAMPUS SURSEE, il est apparu clairement que le secteur de la construction et des infrastructures est \u00e0 l'aube d'un changement de culture. Pour rester comp\u00e9titif dans la course aux talents, il faut consid\u00e9rer la conciliation entre vie professionnelle et vie priv\u00e9e comme une mission strat\u00e9gique de direction, et non comme une simple prestation sociale accessoire.","inLanguage":"fr-FR","isPartOf":{"@id":"https:\/\/www.immo-invest.ch\/fr\/#website"},"breadcrumb":{"@id":"https:\/\/www.immo-invest.ch\/fr\/die-baustelle-will-auch-flexibilitaet\/#breadcrumblist"},"author":{"@id":"https:\/\/www.immo-invest.ch\/fr\/author\/immovestuser\/#author"},"creator":{"@id":"https:\/\/www.immo-invest.ch\/fr\/author\/immovestuser\/#author"},"image":{"@type":"ImageObject","url":"https:\/\/www.immo-invest.ch\/wp-content\/uploads\/2026\/04\/Campus-Sursee-Wir-bauen-auf-dich-26.03.26-79-1.jpg","@id":"https:\/\/www.immo-invest.ch\/fr\/die-baustelle-will-auch-flexibilitaet\/#mainImage","width":1200,"height":800},"primaryImageOfPage":{"@id":"https:\/\/www.immo-invest.ch\/fr\/die-baustelle-will-auch-flexibilitaet\/#mainImage"},"datePublished":"2026-04-14T10:08:59+02:00","dateModified":"2026-04-14T15:00:26+02:00"},{"@type":"WebSite","@id":"https:\/\/www.immo-invest.ch\/fr\/#website","url":"https:\/\/www.immo-invest.ch\/fr\/","name":"immo!nvest - Die Plattform f\u00fcr Standorte und Immobilien","description":"Die\u00a0Plattform f\u00fcr Standorte und Immobilien","inLanguage":"fr-FR","publisher":{"@id":"https:\/\/www.immo-invest.ch\/fr\/#organization"}}]},"og:locale":"fr_FR","og:site_name":"immo!nvest - Die Plattform f\u00fcr Standorte und Immobilien - Die\u00a0Plattform f\u00fcr Standorte und Immobilien","og:type":"article","og:title":"Le chantier veut aussi de la flexibilit\u00e9 - immo!nvest - Die Plattform f\u00fcr Standorte und Immobilien","og:description":"Le travail \u00e0 temps partiel ne suffit pas \u00e0 r\u00e9soudre le probl\u00e8me. Lors de l'\u00e9v\u00e9nement \u00ab Wir bauen auf dich ! \u00bb qui s'est tenu le 26 mars 2026 au CAMPUS SURSEE, il est apparu clairement que le secteur de la construction et des infrastructures est \u00e0 l'aube d'un changement de culture. Pour rester comp\u00e9titif dans la course aux talents, il faut consid\u00e9rer la conciliation entre vie professionnelle et vie priv\u00e9e comme une mission strat\u00e9gique de direction, et non comme une simple prestation sociale accessoire.","og:url":"https:\/\/www.immo-invest.ch\/fr\/die-baustelle-will-auch-flexibilitaet\/","og:image":"https:\/\/www.immo-invest.ch\/wp-content\/uploads\/2026\/04\/Campus-Sursee-Wir-bauen-auf-dich-26.03.26-79-1.jpg","og:image:secure_url":"https:\/\/www.immo-invest.ch\/wp-content\/uploads\/2026\/04\/Campus-Sursee-Wir-bauen-auf-dich-26.03.26-79-1.jpg","og:image:width":1200,"og:image:height":800,"article:published_time":"2026-04-14T08:08:59+00:00","article:modified_time":"2026-04-14T13:00:26+00:00","article:publisher":"https:\/\/www.facebook.com\/people\/Immoinvest\/100077962920504\/","twitter:card":"summary_large_image","twitter:site":"@i","twitter:title":"Le chantier veut aussi de la flexibilit\u00e9 - immo!nvest - Die Plattform f\u00fcr Standorte und Immobilien","twitter:description":"Le travail \u00e0 temps partiel ne suffit pas \u00e0 r\u00e9soudre le probl\u00e8me. Lors de l'\u00e9v\u00e9nement \u00ab Wir bauen auf dich ! \u00bb qui s'est tenu le 26 mars 2026 au CAMPUS SURSEE, il est apparu clairement que le secteur de la construction et des infrastructures est \u00e0 l'aube d'un changement de culture. Pour rester comp\u00e9titif dans la course aux talents, il faut consid\u00e9rer la conciliation entre vie professionnelle et vie priv\u00e9e comme une mission strat\u00e9gique de direction, et non comme une simple prestation sociale accessoire.","twitter:creator":"@i","twitter:image":"https:\/\/www.immo-invest.ch\/wp-content\/uploads\/2026\/04\/Campus-Sursee-Wir-bauen-auf-dich-26.03.26-79-1.jpg"},"aioseo_meta_data":{"post_id":"153319","title":null,"description":null,"keywords":null,"keyphrases":{"focus":{"keyphrase":"","score":0,"analysis":{"keyphraseInTitle":{"score":0,"maxScore":9,"error":1}}},"additional":[]},"primary_term":null,"canonical_url":null,"og_title":null,"og_description":null,"og_object_type":"default","og_image_type":"default","og_image_url":null,"og_image_width":null,"og_image_height":null,"og_image_custom_url":null,"og_image_custom_fields":null,"og_video":"","og_custom_url":null,"og_article_section":null,"og_article_tags":null,"twitter_use_og":false,"twitter_card":"default","twitter_image_type":"default","twitter_image_url":null,"twitter_image_custom_url":null,"twitter_image_custom_fields":null,"twitter_title":null,"twitter_description":null,"schema":{"blockGraphs":[],"customGraphs":[],"default":{"data":{"Article":[],"Course":[],"Dataset":[],"FAQPage":[],"Movie":[],"Person":[],"Product":[],"ProductReview":[],"Car":[],"Recipe":[],"Service":[],"SoftwareApplication":[],"WebPage":[]},"graphName":"BlogPosting","isEnabled":true},"graphs":[]},"schema_type":"default","schema_type_options":null,"pillar_content":false,"robots_default":true,"robots_noindex":false,"robots_noarchive":false,"robots_nosnippet":false,"robots_nofollow":false,"robots_noimageindex":false,"robots_noodp":false,"robots_notranslate":false,"robots_max_snippet":"-1","robots_max_videopreview":"-1","robots_max_imagepreview":"large","priority":null,"frequency":"default","local_seo":null,"breadcrumb_settings":null,"limit_modified_date":false,"ai":{"faqs":[],"keyPoints":[],"titles":[],"descriptions":[],"socialPosts":{"email":[],"linkedin":[],"twitter":[],"facebook":[],"instagram":[]}},"created":"2026-04-14 09:42:37","updated":"2026-04-14 13:27:32","seo_analyzer_scan_date":null,"focus_keyword":null,"additional_keywords":null,"truseo_locale":null},"aioseo_breadcrumb":"<div class=\"aioseo-breadcrumbs\"><span class=\"aioseo-breadcrumb\">\n\t\t\t<a href=\"https:\/\/www.immo-invest.ch\/fr\/\" title=\"Home\">Home<\/a>\n\t\t<\/span><span class=\"aioseo-breadcrumb-separator\">&raquo;<\/span><span class=\"aioseo-breadcrumb\">\n\t\t\t<a href=\"https:\/\/www.immo-invest.ch\/fr\/categories\/regions\/\" title=\"R\u00e9gions\">R\u00e9gions<\/a>\n\t\t<\/span><span class=\"aioseo-breadcrumb-separator\">&raquo;<\/span><span class=\"aioseo-breadcrumb\">\n\t\t\t<a href=\"https:\/\/www.immo-invest.ch\/fr\/categories\/regions\/suisse\/\" title=\"Suisse\">Suisse<\/a>\n\t\t<\/span><span class=\"aioseo-breadcrumb-separator\">&raquo;<\/span><span class=\"aioseo-breadcrumb\">\n\t\t\tLe chantier veut aussi de la flexibilit\u00e9\n\t\t<\/span><\/div>","aioseo_breadcrumb_json":[{"label":"Home","link":"https:\/\/www.immo-invest.ch\/fr\/"},{"label":"R\u00e9gions","link":"https:\/\/www.immo-invest.ch\/fr\/categories\/regions\/"},{"label":"Suisse","link":"https:\/\/www.immo-invest.ch\/fr\/categories\/regions\/suisse\/"},{"label":"Le chantier veut aussi de la flexibilit\u00e9","link":"https:\/\/www.immo-invest.ch\/fr\/die-baustelle-will-auch-flexibilitaet\/"}],"featured_image_src":"https:\/\/www.immo-invest.ch\/wp-content\/uploads\/2026\/04\/Campus-Sursee-Wir-bauen-auf-dich-26.03.26-79-1-336x168.jpg","_links":{"self":[{"href":"https:\/\/www.immo-invest.ch\/fr\/wp-json\/wp\/v2\/posts\/153319","targetHints":{"allow":["GET"]}}],"collection":[{"href":"https:\/\/www.immo-invest.ch\/fr\/wp-json\/wp\/v2\/posts"}],"about":[{"href":"https:\/\/www.immo-invest.ch\/fr\/wp-json\/wp\/v2\/types\/post"}],"author":[{"embeddable":true,"href":"https:\/\/www.immo-invest.ch\/fr\/wp-json\/wp\/v2\/users\/2"}],"replies":[{"embeddable":true,"href":"https:\/\/www.immo-invest.ch\/fr\/wp-json\/wp\/v2\/comments?post=153319"}],"version-history":[{"count":4,"href":"https:\/\/www.immo-invest.ch\/fr\/wp-json\/wp\/v2\/posts\/153319\/revisions"}],"predecessor-version":[{"id":153413,"href":"https:\/\/www.immo-invest.ch\/fr\/wp-json\/wp\/v2\/posts\/153319\/revisions\/153413"}],"wp:featuredmedia":[{"embeddable":true,"href":"https:\/\/www.immo-invest.ch\/fr\/wp-json\/wp\/v2\/media\/153320"}],"wp:attachment":[{"href":"https:\/\/www.immo-invest.ch\/fr\/wp-json\/wp\/v2\/media?parent=153319"}],"wp:term":[{"taxonomy":"category","embeddable":true,"href":"https:\/\/www.immo-invest.ch\/fr\/wp-json\/wp\/v2\/categories?post=153319"},{"taxonomy":"post_tag","embeddable":true,"href":"https:\/\/www.immo-invest.ch\/fr\/wp-json\/wp\/v2\/tags?post=153319"}],"curies":[{"name":"wp","href":"https:\/\/api.w.org\/{rel}","templated":true}]}}