{"id":153097,"date":"2026-04-10T11:30:00","date_gmt":"2026-04-10T09:30:00","guid":{"rendered":"https:\/\/www.immo-invest.ch\/?p=153097"},"modified":"2026-04-10T11:06:08","modified_gmt":"2026-04-10T09:06:08","slug":"winterthur-setzt-auf-solarstrom-aus-der-nachbarschaft","status":"publish","type":"post","link":"https:\/\/www.immo-invest.ch\/fr\/winterthur-setzt-auf-solarstrom-aus-der-nachbarschaft\/","title":{"rendered":"Winterthur mise sur l&rsquo;\u00e9nergie solaire produite localement"},"content":{"rendered":"<p class=\"bodytext\">Depuis le d&eacute;but de l&rsquo;ann&eacute;e, il est possible &agrave; Winterthur de vendre son &eacute;lectricit&eacute; solaire &agrave; son voisinage. Pour cela, il faut inscrire son installation solaire aupr&egrave;s d&rsquo;une communaut&eacute; d&rsquo;&eacute;lectricit&eacute; locale (LEG) g&eacute;r&eacute;e par <a href=\"https:\/\/stadt.winterthur.ch\/gemeinde\/verwaltung\/technische-betriebe\/stadtwerk-winterthur\" target=\"_blank\" rel=\"noopener\">les services municipaux de Winterthur<\/a>. &Agrave; l&rsquo;heure actuelle, les services municipaux proposent d&eacute;j&agrave; 155 <a href=\"https:\/\/stadtwerk.winterthur.ch\/Angebot\/Strom\/Eigenverbrauch-EVG-ZEV-vZEV-LEG\/Lokale-Elektrizitaetsgemeinschaft-LEG.html\" target=\"_blank\" rel=\"noopener\">LEG<\/a> sur l&rsquo;ensemble du territoire, comme l&rsquo;indique <a href=\"https:\/\/stadt.winterthur.ch\/\" target=\"_blank\" rel=\"noopener\">l&rsquo;administration municipale de Winterthur<\/a> dans un <a href=\"https:\/\/stadt.winterthur.ch\/gemeinde\/verwaltung\/stadtkanzlei\/kommunikation-stadt-winterthur\/medienmitteilungen-stadt-winterthur\/schon-70-prozent-der-winterthurer-haushalte-haben-zugang-zu-solarstrom-aus-der-nachbarschaft\" target=\"_blank\" rel=\"noopener\">communiqu&eacute;<\/a>. Ainsi, environ sept m&eacute;nages sur dix &agrave; Winterthur ont la possibilit&eacute; de s&rsquo;approvisionner en &eacute;lectricit&eacute; solaire produite dans leur <span class=\"glossaryLink\" aria-describedby=\"tt\" data-cmtooltip=\"&lt;div class=glossaryItemTitle&gt;Quartier&lt;\/div&gt;&lt;div class=glossaryItemBody&gt;Amtliches, historisches, soziales oder stadtplanerisches Stadtviertel&lt;\/div&gt;\" data-mobile-support=\"0\" data-gt-translate-attributes='[{\"attribute\":\"data-cmtooltip\", \"format\":\"html\"}]' tabindex=\"0\" role=\"link\">quartier<\/span>.<\/p>\n<p class=\"bodytext\">Sur les 155 LEG existantes, 535 des 2 500 installations photovolta&iuml;ques install&eacute;es dans la zone urbaine sont actuellement enregistr&eacute;es. Les personnes souhaitant enregistrer leur propre installation ou s&rsquo;approvisionner en &eacute;lectricit&eacute; aupr&egrave;s d&rsquo;une LEG peuvent le faire sur la plateforme <a href=\"https:\/\/www.leghub.ch\/\" target=\"_blank\" rel=\"noopener\">leghub.ch<\/a>. La cr&eacute;ation de sa propre LEG est &eacute;galement possible via cette plateforme.<\/p>\n<p class=\"bodytext\">La Conf&eacute;d&eacute;ration encourage l&rsquo;achat d&rsquo;&eacute;lectricit&eacute; solaire produite dans le voisinage en accordant une r&eacute;duction sur la composante &laquo; utilisation du r&eacute;seau &raquo; du prix de l&rsquo;&eacute;lectricit&eacute;. Le prix de l&rsquo;&eacute;lectricit&eacute; solaire des LEG est ainsi jusqu&rsquo;&agrave; 15 % inf&eacute;rieur au prix normal de l&rsquo;&eacute;lectricit&eacute;. Dans le communiqu&eacute;, le chef du d&eacute;partement des services techniques de Winterthour, Stefan Fritschi, souligne un autre avantage des communaut&eacute;s d&rsquo;&eacute;lectricit&eacute; : &laquo; Les LEG permettent &eacute;galement aux locataires et aux propri&eacute;taires qui ne disposent pas de leur propre installation d&rsquo;acc&eacute;der &agrave; de l&rsquo;&eacute;lectricit&eacute; solaire produite localement &raquo;.<\/p>\n","protected":false},"excerpt":{"rendered":"<p>Sept m\u00e9nages sur dix \u00e0 Winterthur ont actuellement acc\u00e8s \u00e0 de l&rsquo;\u00e9lectricit\u00e9 solaire produite dans leur quartier. Celle-ci est fournie par 155 communaut\u00e9s locales, qui regroupent 535 des 2 500 installations solaires install\u00e9es \u00e0 Winterthur. La Conf\u00e9d\u00e9ration soutient la consommation locale en accordant une remise.<\/p>\n","protected":false},"author":2,"featured_media":153098,"comment_status":"open","ping_status":"open","sticky":false,"template":"","format":"standard","meta":{"pmpro_default_level":"","inline_featured_image":false,"_monsterinsights_skip_tracking":false,"footnotes":""},"categories":[22699,8747,743,56027],"tags":[58332,58333,872,3931,58334,2002],"class_list":["post-153097","post","type-post","status-publish","format-standard","has-post-thumbnail","hentry","category-durabilite","category-energie","category-immonews-fr","category-planification-developpement","tag-dezentrale-energieversorgung","tag-elektrizitaetsgemeinschaft-2","tag-immoinvest-fr","tag-immonews-fr","tag-lokaler-solarstrom","tag-news-fr","pmpro-has-access"],"acf":{"bild_mit_ki_erstellt_worden":["Ja"],"lead":"Sept m\u00e9nages sur dix \u00e0 Winterthur ont actuellement acc\u00e8s \u00e0 de l'\u00e9lectricit\u00e9 solaire produite dans leur quartier. Celle-ci est fournie par 155 communaut\u00e9s locales, qui regroupent 535 des 2 500 installations solaires install\u00e9es \u00e0 Winterthur. La Conf\u00e9d\u00e9ration soutient la consommation locale en accordant une remise.","autor":"ce\/hs","ort":"Winterthur","bildunterschrift":"","bild_im_grid":false,"gallerie":"","newsim":""},"aioseo_notices":[],"aioseo_head":"\n\t\t<!-- All in One SEO 5.0.0.1 - aioseo.com -->\n\t<meta name=\"description\" content=\"Sept m\u00e9nages sur dix \u00e0 Winterthur ont actuellement acc\u00e8s \u00e0 de l&#039;\u00e9lectricit\u00e9 solaire produite dans leur quartier. Celle-ci est fournie par 155 communaut\u00e9s locales, qui regroupent 535 des 2 500 installations solaires install\u00e9es \u00e0 Winterthur. La Conf\u00e9d\u00e9ration soutient la consommation locale en accordant une remise.\" \/>\n\t<meta name=\"robots\" content=\"max-image-preview:large\" \/>\n\t<meta name=\"author\" content=\"immovestuser\"\/>\n\t<meta name=\"google-site-verification\" content=\"fHJKvgWpZCR2zVBHWfkQeFXC11qieUSff0HGNYfuyLA\" \/>\n\t<link rel=\"canonical\" href=\"https:\/\/www.immo-invest.ch\/fr\/winterthur-setzt-auf-solarstrom-aus-der-nachbarschaft\/\" \/>\n\t<meta name=\"generator\" content=\"All in One SEO (AIOSEO) 5.0.0.1\" \/>\n\t\t<meta property=\"og:locale\" content=\"fr_FR\" \/>\n\t\t<meta property=\"og:site_name\" content=\"immo!nvest - Die Plattform f\u00fcr Standorte und Immobilien - Die\u00a0Plattform f\u00fcr Standorte und Immobilien\" \/>\n\t\t<meta property=\"og:type\" content=\"article\" \/>\n\t\t<meta property=\"og:title\" content=\"Winterthur mise sur l\u2019\u00e9nergie solaire produite localement - immo!nvest - Die Plattform f\u00fcr Standorte und Immobilien\" \/>\n\t\t<meta property=\"og:description\" content=\"Sept m\u00e9nages sur dix \u00e0 Winterthur ont actuellement acc\u00e8s \u00e0 de l&#039;\u00e9lectricit\u00e9 solaire produite dans leur quartier. Celle-ci est fournie par 155 communaut\u00e9s locales, qui regroupent 535 des 2 500 installations solaires install\u00e9es \u00e0 Winterthur. La Conf\u00e9d\u00e9ration soutient la consommation locale en accordant une remise.\" \/>\n\t\t<meta property=\"og:url\" content=\"https:\/\/www.immo-invest.ch\/fr\/winterthur-setzt-auf-solarstrom-aus-der-nachbarschaft\/\" \/>\n\t\t<meta property=\"og:image\" content=\"https:\/\/www.immo-invest.ch\/wp-content\/uploads\/2026\/03\/banoviag_urban_residential_neighborhood_in_Switzerland_with_r_d54cba70-1397-47f1-b476-986606fe0838_2.png\" \/>\n\t\t<meta property=\"og:image:secure_url\" content=\"https:\/\/www.immo-invest.ch\/wp-content\/uploads\/2026\/03\/banoviag_urban_residential_neighborhood_in_Switzerland_with_r_d54cba70-1397-47f1-b476-986606fe0838_2.png\" \/>\n\t\t<meta property=\"og:image:width\" content=\"1536\" \/>\n\t\t<meta property=\"og:image:height\" content=\"768\" \/>\n\t\t<meta property=\"article:published_time\" content=\"2026-04-10T09:30:00+00:00\" \/>\n\t\t<meta property=\"article:modified_time\" content=\"2026-04-10T09:06:08+00:00\" \/>\n\t\t<meta property=\"article:publisher\" content=\"https:\/\/www.facebook.com\/people\/Immoinvest\/100077962920504\/\" \/>\n\t\t<meta name=\"twitter:card\" content=\"summary_large_image\" \/>\n\t\t<meta name=\"twitter:site\" content=\"@i\" \/>\n\t\t<meta name=\"twitter:title\" content=\"Winterthur mise sur l\u2019\u00e9nergie solaire produite localement - immo!nvest - Die Plattform f\u00fcr Standorte und Immobilien\" \/>\n\t\t<meta name=\"twitter:description\" content=\"Sept m\u00e9nages sur dix \u00e0 Winterthur ont actuellement acc\u00e8s \u00e0 de l&#039;\u00e9lectricit\u00e9 solaire produite dans leur quartier. Celle-ci est fournie par 155 communaut\u00e9s locales, qui regroupent 535 des 2 500 installations solaires install\u00e9es \u00e0 Winterthur. La Conf\u00e9d\u00e9ration soutient la consommation locale en accordant une remise.\" \/>\n\t\t<meta name=\"twitter:creator\" content=\"@i\" \/>\n\t\t<meta name=\"twitter:image\" content=\"https:\/\/www.immo-invest.ch\/wp-content\/uploads\/2026\/03\/banoviag_urban_residential_neighborhood_in_Switzerland_with_r_d54cba70-1397-47f1-b476-986606fe0838_2.png\" \/>\n\t\t<script type=\"application\/ld+json\" class=\"aioseo-schema\">\n\t\t\t{\"@context\":\"https:\\\/\\\/schema.org\",\"@graph\":[{\"@type\":\"BlogPosting\",\"@id\":\"https:\\\/\\\/www.immo-invest.ch\\\/fr\\\/winterthur-setzt-auf-solarstrom-aus-der-nachbarschaft\\\/#blogposting\",\"name\":\"Winterthur mise sur l\\u2019\\u00e9nergie solaire produite localement - immo!nvest - Die Plattform f\\u00fcr Standorte und Immobilien\",\"headline\":\"Winterthur mise sur l&rsquo;\\u00e9nergie solaire produite localement\",\"author\":{\"@id\":\"https:\\\/\\\/www.immo-invest.ch\\\/fr\\\/author\\\/immovestuser\\\/#author\"},\"publisher\":{\"@id\":\"https:\\\/\\\/www.immo-invest.ch\\\/fr\\\/#organization\"},\"image\":{\"@type\":\"ImageObject\",\"url\":\"https:\\\/\\\/www.immo-invest.ch\\\/wp-content\\\/uploads\\\/2026\\\/03\\\/banoviag_urban_residential_neighborhood_in_Switzerland_with_r_d54cba70-1397-47f1-b476-986606fe0838_2.png\",\"width\":1536,\"height\":768},\"datePublished\":\"2026-04-10T11:30:00+02:00\",\"dateModified\":\"2026-04-10T11:06:08+02:00\",\"inLanguage\":\"fr-FR\",\"mainEntityOfPage\":{\"@id\":\"https:\\\/\\\/www.immo-invest.ch\\\/fr\\\/winterthur-setzt-auf-solarstrom-aus-der-nachbarschaft\\\/#webpage\"},\"isPartOf\":{\"@id\":\"https:\\\/\\\/www.immo-invest.ch\\\/fr\\\/winterthur-setzt-auf-solarstrom-aus-der-nachbarschaft\\\/#webpage\"},\"articleSection\":\"Durabilit\\u00e9, \\u00c9nergie, immoNews, Planification \\\/ D\\u00e9veloppement, dezentrale Energieversorgung, Elektrizitaetsgemeinschaft, Immoinvest, immoNews, lokaler Solarstrom, News, Facultatif\"},{\"@type\":\"BreadcrumbList\",\"@id\":\"https:\\\/\\\/www.immo-invest.ch\\\/fr\\\/winterthur-setzt-auf-solarstrom-aus-der-nachbarschaft\\\/#breadcrumblist\",\"itemListElement\":[{\"@type\":\"ListItem\",\"@id\":\"https:\\\/\\\/www.immo-invest.ch\\\/fr\\\/#listItem\",\"position\":1,\"name\":\"Home\",\"item\":\"https:\\\/\\\/www.immo-invest.ch\\\/fr\\\/\",\"nextItem\":{\"@type\":\"ListItem\",\"@id\":\"https:\\\/\\\/www.immo-invest.ch\\\/fr\\\/categories\\\/trends-fr\\\/#listItem\",\"name\":\"Trends\"}},{\"@type\":\"ListItem\",\"@id\":\"https:\\\/\\\/www.immo-invest.ch\\\/fr\\\/categories\\\/trends-fr\\\/#listItem\",\"position\":2,\"name\":\"Trends\",\"item\":\"https:\\\/\\\/www.immo-invest.ch\\\/fr\\\/categories\\\/trends-fr\\\/\",\"nextItem\":{\"@type\":\"ListItem\",\"@id\":\"https:\\\/\\\/www.immo-invest.ch\\\/fr\\\/categories\\\/trends-fr\\\/durabilite\\\/#listItem\",\"name\":\"Durabilit\\u00e9\"},\"previousItem\":{\"@type\":\"ListItem\",\"@id\":\"https:\\\/\\\/www.immo-invest.ch\\\/fr\\\/#listItem\",\"name\":\"Home\"}},{\"@type\":\"ListItem\",\"@id\":\"https:\\\/\\\/www.immo-invest.ch\\\/fr\\\/categories\\\/trends-fr\\\/durabilite\\\/#listItem\",\"position\":3,\"name\":\"Durabilit\\u00e9\",\"item\":\"https:\\\/\\\/www.immo-invest.ch\\\/fr\\\/categories\\\/trends-fr\\\/durabilite\\\/\",\"nextItem\":{\"@type\":\"ListItem\",\"@id\":\"https:\\\/\\\/www.immo-invest.ch\\\/fr\\\/winterthur-setzt-auf-solarstrom-aus-der-nachbarschaft\\\/#listItem\",\"name\":\"Winterthur mise sur l&rsquo;\\u00e9nergie solaire produite localement\"},\"previousItem\":{\"@type\":\"ListItem\",\"@id\":\"https:\\\/\\\/www.immo-invest.ch\\\/fr\\\/categories\\\/trends-fr\\\/#listItem\",\"name\":\"Trends\"}},{\"@type\":\"ListItem\",\"@id\":\"https:\\\/\\\/www.immo-invest.ch\\\/fr\\\/winterthur-setzt-auf-solarstrom-aus-der-nachbarschaft\\\/#listItem\",\"position\":4,\"name\":\"Winterthur mise sur l&rsquo;\\u00e9nergie solaire produite localement\",\"previousItem\":{\"@type\":\"ListItem\",\"@id\":\"https:\\\/\\\/www.immo-invest.ch\\\/fr\\\/categories\\\/trends-fr\\\/durabilite\\\/#listItem\",\"name\":\"Durabilit\\u00e9\"}}]},{\"@type\":\"Organization\",\"@id\":\"https:\\\/\\\/www.immo-invest.ch\\\/fr\\\/#organization\",\"name\":\"immo!nvest - Die Plattform f\\u00fcr Standorte und Immobilien\",\"description\":\"Die\\u00a0Plattform f\\u00fcr Standorte und Immobilien\",\"url\":\"https:\\\/\\\/www.immo-invest.ch\\\/fr\\\/\",\"email\":\"admin@immomedia.ag\",\"telephone\":\"+41444420002\",\"logo\":{\"@type\":\"ImageObject\",\"url\":\"https:\\\/\\\/www.immo-invest.ch\\\/wp-content\\\/uploads\\\/2024\\\/09\\\/immoinvest_sm-scaled.jpg\",\"@id\":\"https:\\\/\\\/www.immo-invest.ch\\\/fr\\\/winterthur-setzt-auf-solarstrom-aus-der-nachbarschaft\\\/#organizationLogo\",\"width\":2560,\"height\":1340},\"image\":{\"@id\":\"https:\\\/\\\/www.immo-invest.ch\\\/fr\\\/winterthur-setzt-auf-solarstrom-aus-der-nachbarschaft\\\/#organizationLogo\"},\"sameAs\":[\"https:\\\/\\\/www.facebook.com\\\/people\\\/Immoinvest\\\/100077962920504\\\/\",\"https:\\\/\\\/x.com\\\/i\\\/flow\\\/login?redirect_after_login=immoinvest_ch\",\"https:\\\/\\\/www.instagram.com\\\/immoinvest_ch\\\/\",\"https:\\\/\\\/www.linkedin.com\\\/company\\\/immoinvest-swiss\"]},{\"@type\":\"Person\",\"@id\":\"https:\\\/\\\/www.immo-invest.ch\\\/fr\\\/author\\\/immovestuser\\\/#author\",\"url\":\"https:\\\/\\\/www.immo-invest.ch\\\/fr\\\/author\\\/immovestuser\\\/\",\"name\":\"immovestuser\",\"image\":{\"@type\":\"ImageObject\",\"@id\":\"https:\\\/\\\/www.immo-invest.ch\\\/fr\\\/winterthur-setzt-auf-solarstrom-aus-der-nachbarschaft\\\/#authorImage\",\"url\":\"https:\\\/\\\/secure.gravatar.com\\\/avatar\\\/8e01f4d99f2eeea7a362ebb93305e1172a70e9293ba250f897a65c39f54cdd1e?s=96&d=mm&r=g\",\"width\":96,\"height\":96,\"caption\":\"immovestuser\"}},{\"@type\":\"WebPage\",\"@id\":\"https:\\\/\\\/www.immo-invest.ch\\\/fr\\\/winterthur-setzt-auf-solarstrom-aus-der-nachbarschaft\\\/#webpage\",\"url\":\"https:\\\/\\\/www.immo-invest.ch\\\/fr\\\/winterthur-setzt-auf-solarstrom-aus-der-nachbarschaft\\\/\",\"name\":\"Winterthur mise sur l\\u2019\\u00e9nergie solaire produite localement - immo!nvest - Die Plattform f\\u00fcr Standorte und Immobilien\",\"description\":\"Sept m\\u00e9nages sur dix \\u00e0 Winterthur ont actuellement acc\\u00e8s \\u00e0 de l'\\u00e9lectricit\\u00e9 solaire produite dans leur quartier. Celle-ci est fournie par 155 communaut\\u00e9s locales, qui regroupent 535 des 2 500 installations solaires install\\u00e9es \\u00e0 Winterthur. La Conf\\u00e9d\\u00e9ration soutient la consommation locale en accordant une remise.\",\"inLanguage\":\"fr-FR\",\"isPartOf\":{\"@id\":\"https:\\\/\\\/www.immo-invest.ch\\\/fr\\\/#website\"},\"breadcrumb\":{\"@id\":\"https:\\\/\\\/www.immo-invest.ch\\\/fr\\\/winterthur-setzt-auf-solarstrom-aus-der-nachbarschaft\\\/#breadcrumblist\"},\"author\":{\"@id\":\"https:\\\/\\\/www.immo-invest.ch\\\/fr\\\/author\\\/immovestuser\\\/#author\"},\"creator\":{\"@id\":\"https:\\\/\\\/www.immo-invest.ch\\\/fr\\\/author\\\/immovestuser\\\/#author\"},\"image\":{\"@type\":\"ImageObject\",\"url\":\"https:\\\/\\\/www.immo-invest.ch\\\/wp-content\\\/uploads\\\/2026\\\/03\\\/banoviag_urban_residential_neighborhood_in_Switzerland_with_r_d54cba70-1397-47f1-b476-986606fe0838_2.png\",\"@id\":\"https:\\\/\\\/www.immo-invest.ch\\\/fr\\\/winterthur-setzt-auf-solarstrom-aus-der-nachbarschaft\\\/#mainImage\",\"width\":1536,\"height\":768},\"primaryImageOfPage\":{\"@id\":\"https:\\\/\\\/www.immo-invest.ch\\\/fr\\\/winterthur-setzt-auf-solarstrom-aus-der-nachbarschaft\\\/#mainImage\"},\"datePublished\":\"2026-04-10T11:30:00+02:00\",\"dateModified\":\"2026-04-10T11:06:08+02:00\"},{\"@type\":\"WebSite\",\"@id\":\"https:\\\/\\\/www.immo-invest.ch\\\/fr\\\/#website\",\"url\":\"https:\\\/\\\/www.immo-invest.ch\\\/fr\\\/\",\"name\":\"immo!nvest - Die Plattform f\\u00fcr Standorte und Immobilien\",\"description\":\"Die\\u00a0Plattform f\\u00fcr Standorte und Immobilien\",\"inLanguage\":\"fr-FR\",\"publisher\":{\"@id\":\"https:\\\/\\\/www.immo-invest.ch\\\/fr\\\/#organization\"}}]}\n\t\t<\/script>\n\t\t<!-- All in One SEO -->\n\n","aioseo_head_json":{"title":"Winterthur mise sur l\u2019\u00e9nergie solaire produite localement - immo!nvest - Die Plattform f\u00fcr Standorte und Immobilien","description":"Sept m\u00e9nages sur dix \u00e0 Winterthur ont actuellement acc\u00e8s \u00e0 de l'\u00e9lectricit\u00e9 solaire produite dans leur quartier. Celle-ci est fournie par 155 communaut\u00e9s locales, qui regroupent 535 des 2 500 installations solaires install\u00e9es \u00e0 Winterthur. La Conf\u00e9d\u00e9ration soutient la consommation locale en accordant une remise.","canonical_url":"https:\/\/www.immo-invest.ch\/fr\/winterthur-setzt-auf-solarstrom-aus-der-nachbarschaft\/","robots":"max-image-preview:large","keywords":"","webmasterTools":{"google-site-verification":"fHJKvgWpZCR2zVBHWfkQeFXC11qieUSff0HGNYfuyLA","miscellaneous":""},"schema":{"@context":"https:\/\/schema.org","@graph":[{"@type":"BlogPosting","@id":"https:\/\/www.immo-invest.ch\/fr\/winterthur-setzt-auf-solarstrom-aus-der-nachbarschaft\/#blogposting","name":"Winterthur mise sur l\u2019\u00e9nergie solaire produite localement - immo!nvest - Die Plattform f\u00fcr Standorte und Immobilien","headline":"Winterthur mise sur l&rsquo;\u00e9nergie solaire produite localement","author":{"@id":"https:\/\/www.immo-invest.ch\/fr\/author\/immovestuser\/#author"},"publisher":{"@id":"https:\/\/www.immo-invest.ch\/fr\/#organization"},"image":{"@type":"ImageObject","url":"https:\/\/www.immo-invest.ch\/wp-content\/uploads\/2026\/03\/banoviag_urban_residential_neighborhood_in_Switzerland_with_r_d54cba70-1397-47f1-b476-986606fe0838_2.png","width":1536,"height":768},"datePublished":"2026-04-10T11:30:00+02:00","dateModified":"2026-04-10T11:06:08+02:00","inLanguage":"fr-FR","mainEntityOfPage":{"@id":"https:\/\/www.immo-invest.ch\/fr\/winterthur-setzt-auf-solarstrom-aus-der-nachbarschaft\/#webpage"},"isPartOf":{"@id":"https:\/\/www.immo-invest.ch\/fr\/winterthur-setzt-auf-solarstrom-aus-der-nachbarschaft\/#webpage"},"articleSection":"Durabilit\u00e9, \u00c9nergie, immoNews, Planification \/ D\u00e9veloppement, dezentrale Energieversorgung, Elektrizitaetsgemeinschaft, Immoinvest, immoNews, lokaler Solarstrom, News, Facultatif"},{"@type":"BreadcrumbList","@id":"https:\/\/www.immo-invest.ch\/fr\/winterthur-setzt-auf-solarstrom-aus-der-nachbarschaft\/#breadcrumblist","itemListElement":[{"@type":"ListItem","@id":"https:\/\/www.immo-invest.ch\/fr\/#listItem","position":1,"name":"Home","item":"https:\/\/www.immo-invest.ch\/fr\/","nextItem":{"@type":"ListItem","@id":"https:\/\/www.immo-invest.ch\/fr\/categories\/trends-fr\/#listItem","name":"Trends"}},{"@type":"ListItem","@id":"https:\/\/www.immo-invest.ch\/fr\/categories\/trends-fr\/#listItem","position":2,"name":"Trends","item":"https:\/\/www.immo-invest.ch\/fr\/categories\/trends-fr\/","nextItem":{"@type":"ListItem","@id":"https:\/\/www.immo-invest.ch\/fr\/categories\/trends-fr\/durabilite\/#listItem","name":"Durabilit\u00e9"},"previousItem":{"@type":"ListItem","@id":"https:\/\/www.immo-invest.ch\/fr\/#listItem","name":"Home"}},{"@type":"ListItem","@id":"https:\/\/www.immo-invest.ch\/fr\/categories\/trends-fr\/durabilite\/#listItem","position":3,"name":"Durabilit\u00e9","item":"https:\/\/www.immo-invest.ch\/fr\/categories\/trends-fr\/durabilite\/","nextItem":{"@type":"ListItem","@id":"https:\/\/www.immo-invest.ch\/fr\/winterthur-setzt-auf-solarstrom-aus-der-nachbarschaft\/#listItem","name":"Winterthur mise sur l&rsquo;\u00e9nergie solaire produite localement"},"previousItem":{"@type":"ListItem","@id":"https:\/\/www.immo-invest.ch\/fr\/categories\/trends-fr\/#listItem","name":"Trends"}},{"@type":"ListItem","@id":"https:\/\/www.immo-invest.ch\/fr\/winterthur-setzt-auf-solarstrom-aus-der-nachbarschaft\/#listItem","position":4,"name":"Winterthur mise sur l&rsquo;\u00e9nergie solaire produite localement","previousItem":{"@type":"ListItem","@id":"https:\/\/www.immo-invest.ch\/fr\/categories\/trends-fr\/durabilite\/#listItem","name":"Durabilit\u00e9"}}]},{"@type":"Organization","@id":"https:\/\/www.immo-invest.ch\/fr\/#organization","name":"immo!nvest - Die Plattform f\u00fcr Standorte und Immobilien","description":"Die\u00a0Plattform f\u00fcr Standorte und Immobilien","url":"https:\/\/www.immo-invest.ch\/fr\/","email":"admin@immomedia.ag","telephone":"+41444420002","logo":{"@type":"ImageObject","url":"https:\/\/www.immo-invest.ch\/wp-content\/uploads\/2024\/09\/immoinvest_sm-scaled.jpg","@id":"https:\/\/www.immo-invest.ch\/fr\/winterthur-setzt-auf-solarstrom-aus-der-nachbarschaft\/#organizationLogo","width":2560,"height":1340},"image":{"@id":"https:\/\/www.immo-invest.ch\/fr\/winterthur-setzt-auf-solarstrom-aus-der-nachbarschaft\/#organizationLogo"},"sameAs":["https:\/\/www.facebook.com\/people\/Immoinvest\/100077962920504\/","https:\/\/x.com\/i\/flow\/login?redirect_after_login=immoinvest_ch","https:\/\/www.instagram.com\/immoinvest_ch\/","https:\/\/www.linkedin.com\/company\/immoinvest-swiss"]},{"@type":"Person","@id":"https:\/\/www.immo-invest.ch\/fr\/author\/immovestuser\/#author","url":"https:\/\/www.immo-invest.ch\/fr\/author\/immovestuser\/","name":"immovestuser","image":{"@type":"ImageObject","@id":"https:\/\/www.immo-invest.ch\/fr\/winterthur-setzt-auf-solarstrom-aus-der-nachbarschaft\/#authorImage","url":"https:\/\/secure.gravatar.com\/avatar\/8e01f4d99f2eeea7a362ebb93305e1172a70e9293ba250f897a65c39f54cdd1e?s=96&d=mm&r=g","width":96,"height":96,"caption":"immovestuser"}},{"@type":"WebPage","@id":"https:\/\/www.immo-invest.ch\/fr\/winterthur-setzt-auf-solarstrom-aus-der-nachbarschaft\/#webpage","url":"https:\/\/www.immo-invest.ch\/fr\/winterthur-setzt-auf-solarstrom-aus-der-nachbarschaft\/","name":"Winterthur mise sur l\u2019\u00e9nergie solaire produite localement - immo!nvest - Die Plattform f\u00fcr Standorte und Immobilien","description":"Sept m\u00e9nages sur dix \u00e0 Winterthur ont actuellement acc\u00e8s \u00e0 de l'\u00e9lectricit\u00e9 solaire produite dans leur quartier. Celle-ci est fournie par 155 communaut\u00e9s locales, qui regroupent 535 des 2 500 installations solaires install\u00e9es \u00e0 Winterthur. La Conf\u00e9d\u00e9ration soutient la consommation locale en accordant une remise.","inLanguage":"fr-FR","isPartOf":{"@id":"https:\/\/www.immo-invest.ch\/fr\/#website"},"breadcrumb":{"@id":"https:\/\/www.immo-invest.ch\/fr\/winterthur-setzt-auf-solarstrom-aus-der-nachbarschaft\/#breadcrumblist"},"author":{"@id":"https:\/\/www.immo-invest.ch\/fr\/author\/immovestuser\/#author"},"creator":{"@id":"https:\/\/www.immo-invest.ch\/fr\/author\/immovestuser\/#author"},"image":{"@type":"ImageObject","url":"https:\/\/www.immo-invest.ch\/wp-content\/uploads\/2026\/03\/banoviag_urban_residential_neighborhood_in_Switzerland_with_r_d54cba70-1397-47f1-b476-986606fe0838_2.png","@id":"https:\/\/www.immo-invest.ch\/fr\/winterthur-setzt-auf-solarstrom-aus-der-nachbarschaft\/#mainImage","width":1536,"height":768},"primaryImageOfPage":{"@id":"https:\/\/www.immo-invest.ch\/fr\/winterthur-setzt-auf-solarstrom-aus-der-nachbarschaft\/#mainImage"},"datePublished":"2026-04-10T11:30:00+02:00","dateModified":"2026-04-10T11:06:08+02:00"},{"@type":"WebSite","@id":"https:\/\/www.immo-invest.ch\/fr\/#website","url":"https:\/\/www.immo-invest.ch\/fr\/","name":"immo!nvest - Die Plattform f\u00fcr Standorte und Immobilien","description":"Die\u00a0Plattform f\u00fcr Standorte und Immobilien","inLanguage":"fr-FR","publisher":{"@id":"https:\/\/www.immo-invest.ch\/fr\/#organization"}}]},"og:locale":"fr_FR","og:site_name":"immo!nvest - Die Plattform f\u00fcr Standorte und Immobilien - Die\u00a0Plattform f\u00fcr Standorte und Immobilien","og:type":"article","og:title":"Winterthur mise sur l\u2019\u00e9nergie solaire produite localement - immo!nvest - Die Plattform f\u00fcr Standorte und Immobilien","og:description":"Sept m\u00e9nages sur dix \u00e0 Winterthur ont actuellement acc\u00e8s \u00e0 de l'\u00e9lectricit\u00e9 solaire produite dans leur quartier. Celle-ci est fournie par 155 communaut\u00e9s locales, qui regroupent 535 des 2 500 installations solaires install\u00e9es \u00e0 Winterthur. La Conf\u00e9d\u00e9ration soutient la consommation locale en accordant une remise.","og:url":"https:\/\/www.immo-invest.ch\/fr\/winterthur-setzt-auf-solarstrom-aus-der-nachbarschaft\/","og:image":"https:\/\/www.immo-invest.ch\/wp-content\/uploads\/2026\/03\/banoviag_urban_residential_neighborhood_in_Switzerland_with_r_d54cba70-1397-47f1-b476-986606fe0838_2.png","og:image:secure_url":"https:\/\/www.immo-invest.ch\/wp-content\/uploads\/2026\/03\/banoviag_urban_residential_neighborhood_in_Switzerland_with_r_d54cba70-1397-47f1-b476-986606fe0838_2.png","og:image:width":1536,"og:image:height":768,"article:published_time":"2026-04-10T09:30:00+00:00","article:modified_time":"2026-04-10T09:06:08+00:00","article:publisher":"https:\/\/www.facebook.com\/people\/Immoinvest\/100077962920504\/","twitter:card":"summary_large_image","twitter:site":"@i","twitter:title":"Winterthur mise sur l\u2019\u00e9nergie solaire produite localement - immo!nvest - Die Plattform f\u00fcr Standorte und Immobilien","twitter:description":"Sept m\u00e9nages sur dix \u00e0 Winterthur ont actuellement acc\u00e8s \u00e0 de l'\u00e9lectricit\u00e9 solaire produite dans leur quartier. Celle-ci est fournie par 155 communaut\u00e9s locales, qui regroupent 535 des 2 500 installations solaires install\u00e9es \u00e0 Winterthur. La Conf\u00e9d\u00e9ration soutient la consommation locale en accordant une remise.","twitter:creator":"@i","twitter:image":"https:\/\/www.immo-invest.ch\/wp-content\/uploads\/2026\/03\/banoviag_urban_residential_neighborhood_in_Switzerland_with_r_d54cba70-1397-47f1-b476-986606fe0838_2.png"},"aioseo_meta_data":{"post_id":"153097","title":null,"description":null,"keywords":null,"keyphrases":{"focus":{"keyphrase":"","score":0,"analysis":{"keyphraseInTitle":{"score":0,"maxScore":9,"error":1}}},"additional":[]},"primary_term":null,"canonical_url":null,"og_title":null,"og_description":null,"og_object_type":"default","og_image_type":"default","og_image_url":null,"og_image_width":null,"og_image_height":null,"og_image_custom_url":null,"og_image_custom_fields":null,"og_video":"","og_custom_url":null,"og_article_section":null,"og_article_tags":null,"twitter_use_og":false,"twitter_card":"default","twitter_image_type":"default","twitter_image_url":null,"twitter_image_custom_url":null,"twitter_image_custom_fields":null,"twitter_title":null,"twitter_description":null,"schema":{"blockGraphs":[],"customGraphs":[],"default":{"data":{"Article":[],"Course":[],"Dataset":[],"FAQPage":[],"Movie":[],"Person":[],"Product":[],"ProductReview":[],"Car":[],"Recipe":[],"Service":[],"SoftwareApplication":[],"WebPage":[]},"graphName":"BlogPosting","isEnabled":true},"graphs":[]},"schema_type":"default","schema_type_options":null,"pillar_content":false,"robots_default":true,"robots_noindex":false,"robots_noarchive":false,"robots_nosnippet":false,"robots_nofollow":false,"robots_noimageindex":false,"robots_noodp":false,"robots_notranslate":false,"robots_max_snippet":"-1","robots_max_videopreview":"-1","robots_max_imagepreview":"large","priority":null,"frequency":"default","local_seo":null,"breadcrumb_settings":null,"limit_modified_date":false,"ai":{"faqs":[],"keyPoints":[],"titles":[],"descriptions":[],"socialPosts":{"email":[],"linkedin":[],"twitter":[],"facebook":[],"instagram":[]}},"created":"2026-04-10 09:06:10","updated":"2026-04-10 11:06:30","seo_analyzer_scan_date":null,"focus_keyword":null,"additional_keywords":null,"truseo_locale":null},"aioseo_breadcrumb":"<div class=\"aioseo-breadcrumbs\"><span class=\"aioseo-breadcrumb\">\n\t\t\t<a href=\"https:\/\/www.immo-invest.ch\/fr\/\" title=\"Home\">Home<\/a>\n\t\t<\/span><span class=\"aioseo-breadcrumb-separator\">&raquo;<\/span><span class=\"aioseo-breadcrumb\">\n\t\t\t<a href=\"https:\/\/www.immo-invest.ch\/fr\/categories\/trends-fr\/\" title=\"Trends\">Trends<\/a>\n\t\t<\/span><span class=\"aioseo-breadcrumb-separator\">&raquo;<\/span><span class=\"aioseo-breadcrumb\">\n\t\t\t<a href=\"https:\/\/www.immo-invest.ch\/fr\/categories\/trends-fr\/durabilite\/\" title=\"Durabilit\u00e9\">Durabilit\u00e9<\/a>\n\t\t<\/span><span class=\"aioseo-breadcrumb-separator\">&raquo;<\/span><span class=\"aioseo-breadcrumb\">\n\t\t\tWinterthur mise sur l\u2019\u00e9nergie solaire produite localement\n\t\t<\/span><\/div>","aioseo_breadcrumb_json":[{"label":"Home","link":"https:\/\/www.immo-invest.ch\/fr\/"},{"label":"Trends","link":"https:\/\/www.immo-invest.ch\/fr\/categories\/trends-fr\/"},{"label":"Durabilit\u00e9","link":"https:\/\/www.immo-invest.ch\/fr\/categories\/trends-fr\/durabilite\/"},{"label":"Winterthur mise sur l&rsquo;\u00e9nergie solaire produite localement","link":"https:\/\/www.immo-invest.ch\/fr\/winterthur-setzt-auf-solarstrom-aus-der-nachbarschaft\/"}],"featured_image_src":"https:\/\/www.immo-invest.ch\/wp-content\/uploads\/2026\/03\/banoviag_urban_residential_neighborhood_in_Switzerland_with_r_d54cba70-1397-47f1-b476-986606fe0838_2-336x168.png","_links":{"self":[{"href":"https:\/\/www.immo-invest.ch\/fr\/wp-json\/wp\/v2\/posts\/153097","targetHints":{"allow":["GET"]}}],"collection":[{"href":"https:\/\/www.immo-invest.ch\/fr\/wp-json\/wp\/v2\/posts"}],"about":[{"href":"https:\/\/www.immo-invest.ch\/fr\/wp-json\/wp\/v2\/types\/post"}],"author":[{"embeddable":true,"href":"https:\/\/www.immo-invest.ch\/fr\/wp-json\/wp\/v2\/users\/2"}],"replies":[{"embeddable":true,"href":"https:\/\/www.immo-invest.ch\/fr\/wp-json\/wp\/v2\/comments?post=153097"}],"version-history":[{"count":2,"href":"https:\/\/www.immo-invest.ch\/fr\/wp-json\/wp\/v2\/posts\/153097\/revisions"}],"predecessor-version":[{"id":153105,"href":"https:\/\/www.immo-invest.ch\/fr\/wp-json\/wp\/v2\/posts\/153097\/revisions\/153105"}],"wp:featuredmedia":[{"embeddable":true,"href":"https:\/\/www.immo-invest.ch\/fr\/wp-json\/wp\/v2\/media\/153098"}],"wp:attachment":[{"href":"https:\/\/www.immo-invest.ch\/fr\/wp-json\/wp\/v2\/media?parent=153097"}],"wp:term":[{"taxonomy":"category","embeddable":true,"href":"https:\/\/www.immo-invest.ch\/fr\/wp-json\/wp\/v2\/categories?post=153097"},{"taxonomy":"post_tag","embeddable":true,"href":"https:\/\/www.immo-invest.ch\/fr\/wp-json\/wp\/v2\/tags?post=153097"}],"curies":[{"name":"wp","href":"https:\/\/api.w.org\/{rel}","templated":true}]}}