{"id":153049,"date":"2026-04-09T16:20:00","date_gmt":"2026-04-09T14:20:00","guid":{"rendered":"https:\/\/www.immo-invest.ch\/?p=153049"},"modified":"2026-04-09T10:35:16","modified_gmt":"2026-04-09T08:35:16","slug":"ehemaliges-industrieareal-wird-zum-gemischten-quartier","status":"publish","type":"post","link":"https:\/\/www.immo-invest.ch\/fr\/ehemaliges-industrieareal-wird-zum-gemischten-quartier\/","title":{"rendered":"Une ancienne zone industrielle se transforme en quartier mixte"},"content":{"rendered":"<p class=\"bodytext\">Selon un <a href=\"https:\/\/www.linkedin.com\/posts\/halter-ag_%F0%9D%90%85%F0%9D%90%9E%F0%9D%90%A2%F0%9D%90%9E%F0%9D%90%AB%F0%9D%90%A5%F0%9D%90%A2%F0%9D%90%9C%F0%9D%90%A1%F0%9D%90%9E-%F0%9D%90%80%F0%9D%90%AE%F0%9D%90%9F%F0%9D%90%AB%F0%9D%90%A2%F0%9D%90%9C%F0%9D%90%A1%F0%9D%90%AD%F0%9D%90%9E-activity-7442508188157022208-Kf3e\/?utm_source=share&amp;utm_medium=member_desktop&amp;rcm=ACoAADV234EBTMZGREpMdSvNwR5J-1B26araGHM\" target=\"_blank\" rel=\"noopener\">communiqu&eacute;<\/a>, la soci&eacute;t&eacute; <a href=\"https:\/\/www.halter.ch\/\" target=\"_blank\" rel=\"noopener\">Halter AG<\/a> a c&eacute;l&eacute;br&eacute; la f&ecirc;te de la charpente sur le site Aebi. L&rsquo;entreprise de construction, dont le si&egrave;ge se trouve &agrave; Schlieren, r&eacute;alise sur ce site de vastes espaces commerciaux, de bureaux et d&rsquo;habitation, dont la livraison est pr&eacute;vue d&eacute;but 2027. Le premier coup de pioche a &eacute;t&eacute; donn&eacute; en f&eacute;vrier 2025. Jusqu&rsquo;en 2010, l&rsquo;entreprise Aebi y produisait des machines agricoles. Lors de la c&eacute;r&eacute;monie, le maire de Burgdorf, Stefan Berger, ainsi que Marcel-Jann Blattert et Marc Weber, de Halter AG, ont remerci&eacute; toutes les personnes impliqu&eacute;es pour leur engagement.<\/p>\n<p class=\"bodytext\">Au total, le site accueillera 26 appartements en propri&eacute;t&eacute; et 79 appartements en location, ainsi qu&rsquo;environ 3 625 m&egrave;tres carr&eacute;s de surface utile destin&eacute;s &agrave; des espaces commerciaux, de bureaux et de vente polyvalents. Ces surfaces utiles peuvent &ecirc;tre en partie lou&eacute;es ou acquises en propri&eacute;t&eacute;. Selon <a href=\"https:\/\/aebi-burgdorf.ch\/gewerbe\/#timeline\" target=\"_blank\" rel=\"noopener\">la description du projet<\/a>, l&rsquo;emplacement central pr&egrave;s de la gare et la proximit&eacute; de Berne (conditions id&eacute;ales pour les entreprises) sont particuli&egrave;rement attractifs pour celles qui accordent de l&rsquo;importance &agrave; leur pr&eacute;sence, &agrave; leur accessibilit&eacute; et &agrave; un environnement dynamique.<\/p>\n<p class=\"bodytext\">Halter AG est une soci&eacute;t&eacute; immobili&egrave;re et de construction active dans toute la Suisse. L&rsquo;entreprise g&egrave;re un volume de construction d&rsquo;environ 800 millions de francs par an sur sept sites et compte actuellement quelque 320 projets en cours de d&eacute;veloppement et de r&eacute;alisation.<\/p>\n","protected":false},"excerpt":{"rendered":"<p>279 jours ouvr\u00e9s apr\u00e8s le premier coup de pioche, la soci\u00e9t\u00e9 Halter AG a c\u00e9l\u00e9br\u00e9 la f\u00eate de la charpente sur le site Aebi \u00e0 Burgdorf. D&rsquo;ici d\u00e9but 2027, des locaux commerciaux et des bureaux ainsi que 105 appartements devraient voir le jour sur ce site.<\/p>\n","protected":false},"author":2,"featured_media":153050,"comment_status":"open","ping_status":"open","sticky":false,"template":"","format":"standard","meta":{"pmpro_default_level":"","inline_featured_image":false,"_monsterinsights_skip_tracking":false,"footnotes":""},"categories":[743,22357,9824,739],"tags":[58312,872,3931,58313,2002,58314],"class_list":["post-153049","post","type-post","status-publish","format-standard","has-post-thumbnail","hentry","category-immonews-fr","category-industrie-du-batiment","category-nouvelle-construction","category-projects","tag-arealentwicklung-burgdorf","tag-immoinvest-fr","tag-immonews-fr","tag-neubau-quartier","tag-news-fr","tag-wohn-und-gewerbeprojekt","pmpro-has-access"],"acf":{"bild_mit_ki_erstellt_worden":["Ja"],"lead":"279 jours ouvr\u00e9s apr\u00e8s le premier coup de pioche, la soci\u00e9t\u00e9 Halter AG a c\u00e9l\u00e9br\u00e9 la f\u00eate de la charpente sur le site Aebi \u00e0 Burgdorf. D'ici d\u00e9but 2027, des locaux commerciaux et des bureaux ainsi que 105 appartements devraient voir le jour sur ce site.","autor":"ce\/ja","ort":"Schlieren ZH\/Burgdorf BE","bildunterschrift":"","bild_im_grid":false,"gallerie":"","newsim":""},"aioseo_notices":[],"aioseo_head":"\n\t\t<!-- All in One SEO 5.0.0.1 - aioseo.com -->\n\t<meta name=\"description\" content=\"279 jours ouvr\u00e9s apr\u00e8s le premier coup de pioche, la soci\u00e9t\u00e9 Halter AG a c\u00e9l\u00e9br\u00e9 la f\u00eate de la charpente sur le site Aebi \u00e0 Burgdorf. D&#039;ici d\u00e9but 2027, des locaux commerciaux et des bureaux ainsi que 105 appartements devraient voir le jour sur ce site.\" \/>\n\t<meta name=\"robots\" content=\"max-image-preview:large\" \/>\n\t<meta name=\"author\" content=\"immovestuser\"\/>\n\t<meta name=\"google-site-verification\" content=\"fHJKvgWpZCR2zVBHWfkQeFXC11qieUSff0HGNYfuyLA\" \/>\n\t<link rel=\"canonical\" href=\"https:\/\/www.immo-invest.ch\/fr\/ehemaliges-industrieareal-wird-zum-gemischten-quartier\/\" \/>\n\t<meta name=\"generator\" content=\"All in One SEO (AIOSEO) 5.0.0.1\" \/>\n\t\t<meta property=\"og:locale\" content=\"fr_FR\" \/>\n\t\t<meta property=\"og:site_name\" content=\"immo!nvest - Die Plattform f\u00fcr Standorte und Immobilien - Die\u00a0Plattform f\u00fcr Standorte und Immobilien\" \/>\n\t\t<meta property=\"og:type\" content=\"article\" \/>\n\t\t<meta property=\"og:title\" content=\"Une ancienne zone industrielle se transforme en quartier mixte - immo!nvest - Die Plattform f\u00fcr Standorte und Immobilien\" \/>\n\t\t<meta property=\"og:description\" content=\"279 jours ouvr\u00e9s apr\u00e8s le premier coup de pioche, la soci\u00e9t\u00e9 Halter AG a c\u00e9l\u00e9br\u00e9 la f\u00eate de la charpente sur le site Aebi \u00e0 Burgdorf. D&#039;ici d\u00e9but 2027, des locaux commerciaux et des bureaux ainsi que 105 appartements devraient voir le jour sur ce site.\" \/>\n\t\t<meta property=\"og:url\" content=\"https:\/\/www.immo-invest.ch\/fr\/ehemaliges-industrieareal-wird-zum-gemischten-quartier\/\" \/>\n\t\t<meta property=\"og:image\" content=\"https:\/\/www.immo-invest.ch\/wp-content\/uploads\/2026\/03\/banoviag_modern_mixed-use_development_on_former_industrial_si_7f3ec6f8-8a8a-44fe-8b1a-bac88534c6e1_1.png\" \/>\n\t\t<meta property=\"og:image:secure_url\" content=\"https:\/\/www.immo-invest.ch\/wp-content\/uploads\/2026\/03\/banoviag_modern_mixed-use_development_on_former_industrial_si_7f3ec6f8-8a8a-44fe-8b1a-bac88534c6e1_1.png\" \/>\n\t\t<meta property=\"og:image:width\" content=\"1536\" \/>\n\t\t<meta property=\"og:image:height\" content=\"768\" \/>\n\t\t<meta property=\"article:published_time\" content=\"2026-04-09T14:20:00+00:00\" \/>\n\t\t<meta property=\"article:modified_time\" content=\"2026-04-09T08:35:16+00:00\" \/>\n\t\t<meta property=\"article:publisher\" content=\"https:\/\/www.facebook.com\/people\/Immoinvest\/100077962920504\/\" \/>\n\t\t<meta name=\"twitter:card\" content=\"summary_large_image\" \/>\n\t\t<meta name=\"twitter:site\" content=\"@i\" \/>\n\t\t<meta name=\"twitter:title\" content=\"Une ancienne zone industrielle se transforme en quartier mixte - immo!nvest - Die Plattform f\u00fcr Standorte und Immobilien\" \/>\n\t\t<meta name=\"twitter:description\" content=\"279 jours ouvr\u00e9s apr\u00e8s le premier coup de pioche, la soci\u00e9t\u00e9 Halter AG a c\u00e9l\u00e9br\u00e9 la f\u00eate de la charpente sur le site Aebi \u00e0 Burgdorf. D&#039;ici d\u00e9but 2027, des locaux commerciaux et des bureaux ainsi que 105 appartements devraient voir le jour sur ce site.\" \/>\n\t\t<meta name=\"twitter:creator\" content=\"@i\" \/>\n\t\t<meta name=\"twitter:image\" content=\"https:\/\/www.immo-invest.ch\/wp-content\/uploads\/2026\/03\/banoviag_modern_mixed-use_development_on_former_industrial_si_7f3ec6f8-8a8a-44fe-8b1a-bac88534c6e1_1.png\" \/>\n\t\t<script type=\"application\/ld+json\" class=\"aioseo-schema\">\n\t\t\t{\"@context\":\"https:\\\/\\\/schema.org\",\"@graph\":[{\"@type\":\"BlogPosting\",\"@id\":\"https:\\\/\\\/www.immo-invest.ch\\\/fr\\\/ehemaliges-industrieareal-wird-zum-gemischten-quartier\\\/#blogposting\",\"name\":\"Une ancienne zone industrielle se transforme en quartier mixte - immo!nvest - Die Plattform f\\u00fcr Standorte und Immobilien\",\"headline\":\"Une ancienne zone industrielle se transforme en quartier mixte\",\"author\":{\"@id\":\"https:\\\/\\\/www.immo-invest.ch\\\/fr\\\/author\\\/immovestuser\\\/#author\"},\"publisher\":{\"@id\":\"https:\\\/\\\/www.immo-invest.ch\\\/fr\\\/#organization\"},\"image\":{\"@type\":\"ImageObject\",\"url\":\"https:\\\/\\\/www.immo-invest.ch\\\/wp-content\\\/uploads\\\/2026\\\/03\\\/banoviag_modern_mixed-use_development_on_former_industrial_si_7f3ec6f8-8a8a-44fe-8b1a-bac88534c6e1_1.png\",\"width\":1536,\"height\":768},\"datePublished\":\"2026-04-09T16:20:00+02:00\",\"dateModified\":\"2026-04-09T10:35:16+02:00\",\"inLanguage\":\"fr-FR\",\"mainEntityOfPage\":{\"@id\":\"https:\\\/\\\/www.immo-invest.ch\\\/fr\\\/ehemaliges-industrieareal-wird-zum-gemischten-quartier\\\/#webpage\"},\"isPartOf\":{\"@id\":\"https:\\\/\\\/www.immo-invest.ch\\\/fr\\\/ehemaliges-industrieareal-wird-zum-gemischten-quartier\\\/#webpage\"},\"articleSection\":\"immoNews, Industrie du b\\u00e2timent, Nouvelle construction, Projects, Arealentwicklung Burgdorf, Immoinvest, immoNews, Neubau Quartier, News, Wohn und Gewerbeprojekt, Facultatif\"},{\"@type\":\"BreadcrumbList\",\"@id\":\"https:\\\/\\\/www.immo-invest.ch\\\/fr\\\/ehemaliges-industrieareal-wird-zum-gemischten-quartier\\\/#breadcrumblist\",\"itemListElement\":[{\"@type\":\"ListItem\",\"@id\":\"https:\\\/\\\/www.immo-invest.ch\\\/fr\\\/#listItem\",\"position\":1,\"name\":\"Home\",\"item\":\"https:\\\/\\\/www.immo-invest.ch\\\/fr\\\/\",\"nextItem\":{\"@type\":\"ListItem\",\"@id\":\"https:\\\/\\\/www.immo-invest.ch\\\/fr\\\/categories\\\/projects\\\/#listItem\",\"name\":\"Projects\"}},{\"@type\":\"ListItem\",\"@id\":\"https:\\\/\\\/www.immo-invest.ch\\\/fr\\\/categories\\\/projects\\\/#listItem\",\"position\":2,\"name\":\"Projects\",\"item\":\"https:\\\/\\\/www.immo-invest.ch\\\/fr\\\/categories\\\/projects\\\/\",\"nextItem\":{\"@type\":\"ListItem\",\"@id\":\"https:\\\/\\\/www.immo-invest.ch\\\/fr\\\/categories\\\/projects\\\/nouvelle-construction\\\/#listItem\",\"name\":\"Nouvelle construction\"},\"previousItem\":{\"@type\":\"ListItem\",\"@id\":\"https:\\\/\\\/www.immo-invest.ch\\\/fr\\\/#listItem\",\"name\":\"Home\"}},{\"@type\":\"ListItem\",\"@id\":\"https:\\\/\\\/www.immo-invest.ch\\\/fr\\\/categories\\\/projects\\\/nouvelle-construction\\\/#listItem\",\"position\":3,\"name\":\"Nouvelle construction\",\"item\":\"https:\\\/\\\/www.immo-invest.ch\\\/fr\\\/categories\\\/projects\\\/nouvelle-construction\\\/\",\"nextItem\":{\"@type\":\"ListItem\",\"@id\":\"https:\\\/\\\/www.immo-invest.ch\\\/fr\\\/ehemaliges-industrieareal-wird-zum-gemischten-quartier\\\/#listItem\",\"name\":\"Une ancienne zone industrielle se transforme en quartier mixte\"},\"previousItem\":{\"@type\":\"ListItem\",\"@id\":\"https:\\\/\\\/www.immo-invest.ch\\\/fr\\\/categories\\\/projects\\\/#listItem\",\"name\":\"Projects\"}},{\"@type\":\"ListItem\",\"@id\":\"https:\\\/\\\/www.immo-invest.ch\\\/fr\\\/ehemaliges-industrieareal-wird-zum-gemischten-quartier\\\/#listItem\",\"position\":4,\"name\":\"Une ancienne zone industrielle se transforme en quartier mixte\",\"previousItem\":{\"@type\":\"ListItem\",\"@id\":\"https:\\\/\\\/www.immo-invest.ch\\\/fr\\\/categories\\\/projects\\\/nouvelle-construction\\\/#listItem\",\"name\":\"Nouvelle construction\"}}]},{\"@type\":\"Organization\",\"@id\":\"https:\\\/\\\/www.immo-invest.ch\\\/fr\\\/#organization\",\"name\":\"immo!nvest - Die Plattform f\\u00fcr Standorte und Immobilien\",\"description\":\"Die\\u00a0Plattform f\\u00fcr Standorte und Immobilien\",\"url\":\"https:\\\/\\\/www.immo-invest.ch\\\/fr\\\/\",\"email\":\"admin@immomedia.ag\",\"telephone\":\"+41444420002\",\"logo\":{\"@type\":\"ImageObject\",\"url\":\"https:\\\/\\\/www.immo-invest.ch\\\/wp-content\\\/uploads\\\/2024\\\/09\\\/immoinvest_sm-scaled.jpg\",\"@id\":\"https:\\\/\\\/www.immo-invest.ch\\\/fr\\\/ehemaliges-industrieareal-wird-zum-gemischten-quartier\\\/#organizationLogo\",\"width\":2560,\"height\":1340},\"image\":{\"@id\":\"https:\\\/\\\/www.immo-invest.ch\\\/fr\\\/ehemaliges-industrieareal-wird-zum-gemischten-quartier\\\/#organizationLogo\"},\"sameAs\":[\"https:\\\/\\\/www.facebook.com\\\/people\\\/Immoinvest\\\/100077962920504\\\/\",\"https:\\\/\\\/x.com\\\/i\\\/flow\\\/login?redirect_after_login=immoinvest_ch\",\"https:\\\/\\\/www.instagram.com\\\/immoinvest_ch\\\/\",\"https:\\\/\\\/www.linkedin.com\\\/company\\\/immoinvest-swiss\"]},{\"@type\":\"Person\",\"@id\":\"https:\\\/\\\/www.immo-invest.ch\\\/fr\\\/author\\\/immovestuser\\\/#author\",\"url\":\"https:\\\/\\\/www.immo-invest.ch\\\/fr\\\/author\\\/immovestuser\\\/\",\"name\":\"immovestuser\",\"image\":{\"@type\":\"ImageObject\",\"@id\":\"https:\\\/\\\/www.immo-invest.ch\\\/fr\\\/ehemaliges-industrieareal-wird-zum-gemischten-quartier\\\/#authorImage\",\"url\":\"https:\\\/\\\/secure.gravatar.com\\\/avatar\\\/8e01f4d99f2eeea7a362ebb93305e1172a70e9293ba250f897a65c39f54cdd1e?s=96&d=mm&r=g\",\"width\":96,\"height\":96,\"caption\":\"immovestuser\"}},{\"@type\":\"WebPage\",\"@id\":\"https:\\\/\\\/www.immo-invest.ch\\\/fr\\\/ehemaliges-industrieareal-wird-zum-gemischten-quartier\\\/#webpage\",\"url\":\"https:\\\/\\\/www.immo-invest.ch\\\/fr\\\/ehemaliges-industrieareal-wird-zum-gemischten-quartier\\\/\",\"name\":\"Une ancienne zone industrielle se transforme en quartier mixte - immo!nvest - Die Plattform f\\u00fcr Standorte und Immobilien\",\"description\":\"279 jours ouvr\\u00e9s apr\\u00e8s le premier coup de pioche, la soci\\u00e9t\\u00e9 Halter AG a c\\u00e9l\\u00e9br\\u00e9 la f\\u00eate de la charpente sur le site Aebi \\u00e0 Burgdorf. D'ici d\\u00e9but 2027, des locaux commerciaux et des bureaux ainsi que 105 appartements devraient voir le jour sur ce site.\",\"inLanguage\":\"fr-FR\",\"isPartOf\":{\"@id\":\"https:\\\/\\\/www.immo-invest.ch\\\/fr\\\/#website\"},\"breadcrumb\":{\"@id\":\"https:\\\/\\\/www.immo-invest.ch\\\/fr\\\/ehemaliges-industrieareal-wird-zum-gemischten-quartier\\\/#breadcrumblist\"},\"author\":{\"@id\":\"https:\\\/\\\/www.immo-invest.ch\\\/fr\\\/author\\\/immovestuser\\\/#author\"},\"creator\":{\"@id\":\"https:\\\/\\\/www.immo-invest.ch\\\/fr\\\/author\\\/immovestuser\\\/#author\"},\"image\":{\"@type\":\"ImageObject\",\"url\":\"https:\\\/\\\/www.immo-invest.ch\\\/wp-content\\\/uploads\\\/2026\\\/03\\\/banoviag_modern_mixed-use_development_on_former_industrial_si_7f3ec6f8-8a8a-44fe-8b1a-bac88534c6e1_1.png\",\"@id\":\"https:\\\/\\\/www.immo-invest.ch\\\/fr\\\/ehemaliges-industrieareal-wird-zum-gemischten-quartier\\\/#mainImage\",\"width\":1536,\"height\":768},\"primaryImageOfPage\":{\"@id\":\"https:\\\/\\\/www.immo-invest.ch\\\/fr\\\/ehemaliges-industrieareal-wird-zum-gemischten-quartier\\\/#mainImage\"},\"datePublished\":\"2026-04-09T16:20:00+02:00\",\"dateModified\":\"2026-04-09T10:35:16+02:00\"},{\"@type\":\"WebSite\",\"@id\":\"https:\\\/\\\/www.immo-invest.ch\\\/fr\\\/#website\",\"url\":\"https:\\\/\\\/www.immo-invest.ch\\\/fr\\\/\",\"name\":\"immo!nvest - Die Plattform f\\u00fcr Standorte und Immobilien\",\"description\":\"Die\\u00a0Plattform f\\u00fcr Standorte und Immobilien\",\"inLanguage\":\"fr-FR\",\"publisher\":{\"@id\":\"https:\\\/\\\/www.immo-invest.ch\\\/fr\\\/#organization\"}}]}\n\t\t<\/script>\n\t\t<!-- All in One SEO -->\n\n","aioseo_head_json":{"title":"Une ancienne zone industrielle se transforme en quartier mixte - immo!nvest - Die Plattform f\u00fcr Standorte und Immobilien","description":"279 jours ouvr\u00e9s apr\u00e8s le premier coup de pioche, la soci\u00e9t\u00e9 Halter AG a c\u00e9l\u00e9br\u00e9 la f\u00eate de la charpente sur le site Aebi \u00e0 Burgdorf. D'ici d\u00e9but 2027, des locaux commerciaux et des bureaux ainsi que 105 appartements devraient voir le jour sur ce site.","canonical_url":"https:\/\/www.immo-invest.ch\/fr\/ehemaliges-industrieareal-wird-zum-gemischten-quartier\/","robots":"max-image-preview:large","keywords":"","webmasterTools":{"google-site-verification":"fHJKvgWpZCR2zVBHWfkQeFXC11qieUSff0HGNYfuyLA","miscellaneous":""},"schema":{"@context":"https:\/\/schema.org","@graph":[{"@type":"BlogPosting","@id":"https:\/\/www.immo-invest.ch\/fr\/ehemaliges-industrieareal-wird-zum-gemischten-quartier\/#blogposting","name":"Une ancienne zone industrielle se transforme en quartier mixte - immo!nvest - Die Plattform f\u00fcr Standorte und Immobilien","headline":"Une ancienne zone industrielle se transforme en quartier mixte","author":{"@id":"https:\/\/www.immo-invest.ch\/fr\/author\/immovestuser\/#author"},"publisher":{"@id":"https:\/\/www.immo-invest.ch\/fr\/#organization"},"image":{"@type":"ImageObject","url":"https:\/\/www.immo-invest.ch\/wp-content\/uploads\/2026\/03\/banoviag_modern_mixed-use_development_on_former_industrial_si_7f3ec6f8-8a8a-44fe-8b1a-bac88534c6e1_1.png","width":1536,"height":768},"datePublished":"2026-04-09T16:20:00+02:00","dateModified":"2026-04-09T10:35:16+02:00","inLanguage":"fr-FR","mainEntityOfPage":{"@id":"https:\/\/www.immo-invest.ch\/fr\/ehemaliges-industrieareal-wird-zum-gemischten-quartier\/#webpage"},"isPartOf":{"@id":"https:\/\/www.immo-invest.ch\/fr\/ehemaliges-industrieareal-wird-zum-gemischten-quartier\/#webpage"},"articleSection":"immoNews, Industrie du b\u00e2timent, Nouvelle construction, Projects, Arealentwicklung Burgdorf, Immoinvest, immoNews, Neubau Quartier, News, Wohn und Gewerbeprojekt, Facultatif"},{"@type":"BreadcrumbList","@id":"https:\/\/www.immo-invest.ch\/fr\/ehemaliges-industrieareal-wird-zum-gemischten-quartier\/#breadcrumblist","itemListElement":[{"@type":"ListItem","@id":"https:\/\/www.immo-invest.ch\/fr\/#listItem","position":1,"name":"Home","item":"https:\/\/www.immo-invest.ch\/fr\/","nextItem":{"@type":"ListItem","@id":"https:\/\/www.immo-invest.ch\/fr\/categories\/projects\/#listItem","name":"Projects"}},{"@type":"ListItem","@id":"https:\/\/www.immo-invest.ch\/fr\/categories\/projects\/#listItem","position":2,"name":"Projects","item":"https:\/\/www.immo-invest.ch\/fr\/categories\/projects\/","nextItem":{"@type":"ListItem","@id":"https:\/\/www.immo-invest.ch\/fr\/categories\/projects\/nouvelle-construction\/#listItem","name":"Nouvelle construction"},"previousItem":{"@type":"ListItem","@id":"https:\/\/www.immo-invest.ch\/fr\/#listItem","name":"Home"}},{"@type":"ListItem","@id":"https:\/\/www.immo-invest.ch\/fr\/categories\/projects\/nouvelle-construction\/#listItem","position":3,"name":"Nouvelle construction","item":"https:\/\/www.immo-invest.ch\/fr\/categories\/projects\/nouvelle-construction\/","nextItem":{"@type":"ListItem","@id":"https:\/\/www.immo-invest.ch\/fr\/ehemaliges-industrieareal-wird-zum-gemischten-quartier\/#listItem","name":"Une ancienne zone industrielle se transforme en quartier mixte"},"previousItem":{"@type":"ListItem","@id":"https:\/\/www.immo-invest.ch\/fr\/categories\/projects\/#listItem","name":"Projects"}},{"@type":"ListItem","@id":"https:\/\/www.immo-invest.ch\/fr\/ehemaliges-industrieareal-wird-zum-gemischten-quartier\/#listItem","position":4,"name":"Une ancienne zone industrielle se transforme en quartier mixte","previousItem":{"@type":"ListItem","@id":"https:\/\/www.immo-invest.ch\/fr\/categories\/projects\/nouvelle-construction\/#listItem","name":"Nouvelle construction"}}]},{"@type":"Organization","@id":"https:\/\/www.immo-invest.ch\/fr\/#organization","name":"immo!nvest - Die Plattform f\u00fcr Standorte und Immobilien","description":"Die\u00a0Plattform f\u00fcr Standorte und Immobilien","url":"https:\/\/www.immo-invest.ch\/fr\/","email":"admin@immomedia.ag","telephone":"+41444420002","logo":{"@type":"ImageObject","url":"https:\/\/www.immo-invest.ch\/wp-content\/uploads\/2024\/09\/immoinvest_sm-scaled.jpg","@id":"https:\/\/www.immo-invest.ch\/fr\/ehemaliges-industrieareal-wird-zum-gemischten-quartier\/#organizationLogo","width":2560,"height":1340},"image":{"@id":"https:\/\/www.immo-invest.ch\/fr\/ehemaliges-industrieareal-wird-zum-gemischten-quartier\/#organizationLogo"},"sameAs":["https:\/\/www.facebook.com\/people\/Immoinvest\/100077962920504\/","https:\/\/x.com\/i\/flow\/login?redirect_after_login=immoinvest_ch","https:\/\/www.instagram.com\/immoinvest_ch\/","https:\/\/www.linkedin.com\/company\/immoinvest-swiss"]},{"@type":"Person","@id":"https:\/\/www.immo-invest.ch\/fr\/author\/immovestuser\/#author","url":"https:\/\/www.immo-invest.ch\/fr\/author\/immovestuser\/","name":"immovestuser","image":{"@type":"ImageObject","@id":"https:\/\/www.immo-invest.ch\/fr\/ehemaliges-industrieareal-wird-zum-gemischten-quartier\/#authorImage","url":"https:\/\/secure.gravatar.com\/avatar\/8e01f4d99f2eeea7a362ebb93305e1172a70e9293ba250f897a65c39f54cdd1e?s=96&d=mm&r=g","width":96,"height":96,"caption":"immovestuser"}},{"@type":"WebPage","@id":"https:\/\/www.immo-invest.ch\/fr\/ehemaliges-industrieareal-wird-zum-gemischten-quartier\/#webpage","url":"https:\/\/www.immo-invest.ch\/fr\/ehemaliges-industrieareal-wird-zum-gemischten-quartier\/","name":"Une ancienne zone industrielle se transforme en quartier mixte - immo!nvest - Die Plattform f\u00fcr Standorte und Immobilien","description":"279 jours ouvr\u00e9s apr\u00e8s le premier coup de pioche, la soci\u00e9t\u00e9 Halter AG a c\u00e9l\u00e9br\u00e9 la f\u00eate de la charpente sur le site Aebi \u00e0 Burgdorf. D'ici d\u00e9but 2027, des locaux commerciaux et des bureaux ainsi que 105 appartements devraient voir le jour sur ce site.","inLanguage":"fr-FR","isPartOf":{"@id":"https:\/\/www.immo-invest.ch\/fr\/#website"},"breadcrumb":{"@id":"https:\/\/www.immo-invest.ch\/fr\/ehemaliges-industrieareal-wird-zum-gemischten-quartier\/#breadcrumblist"},"author":{"@id":"https:\/\/www.immo-invest.ch\/fr\/author\/immovestuser\/#author"},"creator":{"@id":"https:\/\/www.immo-invest.ch\/fr\/author\/immovestuser\/#author"},"image":{"@type":"ImageObject","url":"https:\/\/www.immo-invest.ch\/wp-content\/uploads\/2026\/03\/banoviag_modern_mixed-use_development_on_former_industrial_si_7f3ec6f8-8a8a-44fe-8b1a-bac88534c6e1_1.png","@id":"https:\/\/www.immo-invest.ch\/fr\/ehemaliges-industrieareal-wird-zum-gemischten-quartier\/#mainImage","width":1536,"height":768},"primaryImageOfPage":{"@id":"https:\/\/www.immo-invest.ch\/fr\/ehemaliges-industrieareal-wird-zum-gemischten-quartier\/#mainImage"},"datePublished":"2026-04-09T16:20:00+02:00","dateModified":"2026-04-09T10:35:16+02:00"},{"@type":"WebSite","@id":"https:\/\/www.immo-invest.ch\/fr\/#website","url":"https:\/\/www.immo-invest.ch\/fr\/","name":"immo!nvest - Die Plattform f\u00fcr Standorte und Immobilien","description":"Die\u00a0Plattform f\u00fcr Standorte und Immobilien","inLanguage":"fr-FR","publisher":{"@id":"https:\/\/www.immo-invest.ch\/fr\/#organization"}}]},"og:locale":"fr_FR","og:site_name":"immo!nvest - Die Plattform f\u00fcr Standorte und Immobilien - Die\u00a0Plattform f\u00fcr Standorte und Immobilien","og:type":"article","og:title":"Une ancienne zone industrielle se transforme en quartier mixte - immo!nvest - Die Plattform f\u00fcr Standorte und Immobilien","og:description":"279 jours ouvr\u00e9s apr\u00e8s le premier coup de pioche, la soci\u00e9t\u00e9 Halter AG a c\u00e9l\u00e9br\u00e9 la f\u00eate de la charpente sur le site Aebi \u00e0 Burgdorf. D'ici d\u00e9but 2027, des locaux commerciaux et des bureaux ainsi que 105 appartements devraient voir le jour sur ce site.","og:url":"https:\/\/www.immo-invest.ch\/fr\/ehemaliges-industrieareal-wird-zum-gemischten-quartier\/","og:image":"https:\/\/www.immo-invest.ch\/wp-content\/uploads\/2026\/03\/banoviag_modern_mixed-use_development_on_former_industrial_si_7f3ec6f8-8a8a-44fe-8b1a-bac88534c6e1_1.png","og:image:secure_url":"https:\/\/www.immo-invest.ch\/wp-content\/uploads\/2026\/03\/banoviag_modern_mixed-use_development_on_former_industrial_si_7f3ec6f8-8a8a-44fe-8b1a-bac88534c6e1_1.png","og:image:width":1536,"og:image:height":768,"article:published_time":"2026-04-09T14:20:00+00:00","article:modified_time":"2026-04-09T08:35:16+00:00","article:publisher":"https:\/\/www.facebook.com\/people\/Immoinvest\/100077962920504\/","twitter:card":"summary_large_image","twitter:site":"@i","twitter:title":"Une ancienne zone industrielle se transforme en quartier mixte - immo!nvest - Die Plattform f\u00fcr Standorte und Immobilien","twitter:description":"279 jours ouvr\u00e9s apr\u00e8s le premier coup de pioche, la soci\u00e9t\u00e9 Halter AG a c\u00e9l\u00e9br\u00e9 la f\u00eate de la charpente sur le site Aebi \u00e0 Burgdorf. D'ici d\u00e9but 2027, des locaux commerciaux et des bureaux ainsi que 105 appartements devraient voir le jour sur ce site.","twitter:creator":"@i","twitter:image":"https:\/\/www.immo-invest.ch\/wp-content\/uploads\/2026\/03\/banoviag_modern_mixed-use_development_on_former_industrial_si_7f3ec6f8-8a8a-44fe-8b1a-bac88534c6e1_1.png"},"aioseo_meta_data":{"post_id":"153049","title":null,"description":null,"keywords":null,"keyphrases":{"focus":{"keyphrase":"","score":0,"analysis":{"keyphraseInTitle":{"score":0,"maxScore":9,"error":1}}},"additional":[]},"primary_term":null,"canonical_url":null,"og_title":null,"og_description":null,"og_object_type":"default","og_image_type":"default","og_image_url":null,"og_image_width":null,"og_image_height":null,"og_image_custom_url":null,"og_image_custom_fields":null,"og_video":"","og_custom_url":null,"og_article_section":null,"og_article_tags":null,"twitter_use_og":false,"twitter_card":"default","twitter_image_type":"default","twitter_image_url":null,"twitter_image_custom_url":null,"twitter_image_custom_fields":null,"twitter_title":null,"twitter_description":null,"schema":{"blockGraphs":[],"customGraphs":[],"default":{"data":{"Article":[],"Course":[],"Dataset":[],"FAQPage":[],"Movie":[],"Person":[],"Product":[],"ProductReview":[],"Car":[],"Recipe":[],"Service":[],"SoftwareApplication":[],"WebPage":[]},"graphName":"BlogPosting","isEnabled":true},"graphs":[]},"schema_type":"default","schema_type_options":null,"pillar_content":false,"robots_default":true,"robots_noindex":false,"robots_noarchive":false,"robots_nosnippet":false,"robots_nofollow":false,"robots_noimageindex":false,"robots_noodp":false,"robots_notranslate":false,"robots_max_snippet":"-1","robots_max_videopreview":"-1","robots_max_imagepreview":"large","priority":null,"frequency":"default","local_seo":null,"breadcrumb_settings":null,"limit_modified_date":false,"ai":{"faqs":[],"keyPoints":[],"titles":[],"descriptions":[],"socialPosts":{"email":[],"linkedin":[],"twitter":[],"facebook":[],"instagram":[]}},"created":"2026-04-09 08:35:25","updated":"2026-04-09 15:04:15","seo_analyzer_scan_date":null,"focus_keyword":null,"additional_keywords":null,"truseo_locale":null},"aioseo_breadcrumb":"<div class=\"aioseo-breadcrumbs\"><span class=\"aioseo-breadcrumb\">\n\t\t\t<a href=\"https:\/\/www.immo-invest.ch\/fr\/\" title=\"Home\">Home<\/a>\n\t\t<\/span><span class=\"aioseo-breadcrumb-separator\">&raquo;<\/span><span class=\"aioseo-breadcrumb\">\n\t\t\t<a href=\"https:\/\/www.immo-invest.ch\/fr\/categories\/projects\/\" title=\"Projects\">Projects<\/a>\n\t\t<\/span><span class=\"aioseo-breadcrumb-separator\">&raquo;<\/span><span class=\"aioseo-breadcrumb\">\n\t\t\t<a href=\"https:\/\/www.immo-invest.ch\/fr\/categories\/projects\/nouvelle-construction\/\" title=\"Nouvelle construction\">Nouvelle construction<\/a>\n\t\t<\/span><span class=\"aioseo-breadcrumb-separator\">&raquo;<\/span><span class=\"aioseo-breadcrumb\">\n\t\t\tUne ancienne zone industrielle se transforme en quartier mixte\n\t\t<\/span><\/div>","aioseo_breadcrumb_json":[{"label":"Home","link":"https:\/\/www.immo-invest.ch\/fr\/"},{"label":"Projects","link":"https:\/\/www.immo-invest.ch\/fr\/categories\/projects\/"},{"label":"Nouvelle construction","link":"https:\/\/www.immo-invest.ch\/fr\/categories\/projects\/nouvelle-construction\/"},{"label":"Une ancienne zone industrielle se transforme en quartier mixte","link":"https:\/\/www.immo-invest.ch\/fr\/ehemaliges-industrieareal-wird-zum-gemischten-quartier\/"}],"featured_image_src":"https:\/\/www.immo-invest.ch\/wp-content\/uploads\/2026\/03\/banoviag_modern_mixed-use_development_on_former_industrial_si_7f3ec6f8-8a8a-44fe-8b1a-bac88534c6e1_1-336x168.png","_links":{"self":[{"href":"https:\/\/www.immo-invest.ch\/fr\/wp-json\/wp\/v2\/posts\/153049","targetHints":{"allow":["GET"]}}],"collection":[{"href":"https:\/\/www.immo-invest.ch\/fr\/wp-json\/wp\/v2\/posts"}],"about":[{"href":"https:\/\/www.immo-invest.ch\/fr\/wp-json\/wp\/v2\/types\/post"}],"author":[{"embeddable":true,"href":"https:\/\/www.immo-invest.ch\/fr\/wp-json\/wp\/v2\/users\/2"}],"replies":[{"embeddable":true,"href":"https:\/\/www.immo-invest.ch\/fr\/wp-json\/wp\/v2\/comments?post=153049"}],"version-history":[{"count":3,"href":"https:\/\/www.immo-invest.ch\/fr\/wp-json\/wp\/v2\/posts\/153049\/revisions"}],"predecessor-version":[{"id":153062,"href":"https:\/\/www.immo-invest.ch\/fr\/wp-json\/wp\/v2\/posts\/153049\/revisions\/153062"}],"wp:featuredmedia":[{"embeddable":true,"href":"https:\/\/www.immo-invest.ch\/fr\/wp-json\/wp\/v2\/media\/153050"}],"wp:attachment":[{"href":"https:\/\/www.immo-invest.ch\/fr\/wp-json\/wp\/v2\/media?parent=153049"}],"wp:term":[{"taxonomy":"category","embeddable":true,"href":"https:\/\/www.immo-invest.ch\/fr\/wp-json\/wp\/v2\/categories?post=153049"},{"taxonomy":"post_tag","embeddable":true,"href":"https:\/\/www.immo-invest.ch\/fr\/wp-json\/wp\/v2\/tags?post=153049"}],"curies":[{"name":"wp","href":"https:\/\/api.w.org\/{rel}","templated":true}]}}