{"id":152878,"date":"2026-04-08T10:00:00","date_gmt":"2026-04-08T08:00:00","guid":{"rendered":"https:\/\/www.immo-invest.ch\/?p=152878"},"modified":"2026-04-08T09:51:01","modified_gmt":"2026-04-08T07:51:01","slug":"strategische-neuausrichtung-mit-fokus-auf-energie-und-technologie","status":"publish","type":"post","link":"https:\/\/www.immo-invest.ch\/fr\/strategische-neuausrichtung-mit-fokus-auf-energie-und-technologie\/","title":{"rendered":"R\u00e9orientation strat\u00e9gique ax\u00e9e sur l&rsquo;\u00e9nergie et la technologie"},"content":{"rendered":"<p class=\"bodytext\"><a href=\"https:\/\/www.bkw.ch\/de\" target=\"_blank\" rel=\"noopener\">FMB<\/a> annonce un changement au sein de sa direction du groupe : Le 1er avril prochain, Margarita Aleksieva succ&eacute;dera &agrave; Philipp H&auml;nggi &agrave; la t&ecirc;te du secteur d&rsquo;activit&eacute; Energy Production, informe l&rsquo;entreprise d&rsquo;approvisionnement en &eacute;nergie bernoise dans un <a href=\"https:\/\/www.bkw.ch\/de\/ueber-uns\/aktuell\/medien\/medienmitteilungen\/wechsel-in-der-konzernleitung-der-bkw\" target=\"_blank\" rel=\"noopener\">communiqu&eacute;<\/a>. Parall&egrave;lement, Aleksieva fera son entr&eacute;e &agrave; la direction du groupe FMB. Actuellement, la responsable d&eacute;sign&eacute;e du secteur d&rsquo;activit&eacute; est &agrave; la t&ecirc;te de l&rsquo;unit&eacute; op&eacute;rationnelle Eolien &amp; Solaire de FMB.<\/p>\n<p class=\"bodytext\">&laquo;&nbsp;La production d&rsquo;&eacute;nergie renouvelable me tient particuli&egrave;rement &agrave; c&oelig;ur&nbsp;&raquo;, d&eacute;clare Aleksieva, cit&eacute;e dans le communiqu&eacute;. &laquo;&nbsp;Je me r&eacute;jouis d&rsquo;autant plus de pouvoir participer activement &agrave; la transition &eacute;nerg&eacute;tique au sein de la direction du groupe FMB&nbsp;&raquo; Avant de rejoindre FMB, Aleksieva a occup&eacute;, selon le communiqu&eacute;, &laquo;&nbsp;diff&eacute;rents postes de direction dans des entreprises &eacute;nerg&eacute;tiques internationales&nbsp;&raquo;, dont <a href=\"https:\/\/www.alpiq.com\/de\/\" target=\"_blank\" rel=\"noopener\">Alpiq<\/a>.<\/p>\n<p class=\"bodytext\">Philipp H&auml;nggi, qui a rejoint FMB en 2014, se retire de la direction du groupe apr&egrave;s avoir dirig&eacute; pendant six ans le secteur d&rsquo;activit&eacute; Energy Production. Il souhaite se concentrer &agrave; l&rsquo;avenir sur des t&acirc;ches strat&eacute;giques, notamment dans le domaine de l&rsquo;&eacute;nergie nucl&eacute;aire et de la gestion des d&eacute;chets radioactifs, et se consacrer &laquo;&nbsp;davantage &agrave; des th&egrave;mes li&eacute;s &agrave; l&rsquo;intelligence artificielle&nbsp;&raquo;, pr&eacute;cise le communiqu&eacute;. Durant son activit&eacute; au sein de la direction du groupe, H&auml;nggi s&rsquo;&eacute;tait d&eacute;j&agrave; engag&eacute; dans la conception et l&rsquo;utilisation de l&rsquo;intelligence artificielle au sein de FMB.<\/p>\n","protected":false},"excerpt":{"rendered":"<p>D\u00e9but avril, Margarita Aleksieva prendra la t\u00eate du secteur d&rsquo;activit\u00e9 Energy Production de FMB. Elle acc\u00e8de ainsi \u00e9galement \u00e0 la Direction du groupe. L&rsquo;actuelle cheffe du secteur \u00e9olien et solaire de l&rsquo;entreprise d&rsquo;approvisionnement en \u00e9nergie bernoise succ\u00e8de \u00e0 Philipp H\u00e4nggi.<\/p>\n","protected":false},"author":2,"featured_media":152879,"comment_status":"open","ping_status":"open","sticky":false,"template":"","format":"standard","meta":{"pmpro_default_level":"","inline_featured_image":false,"_monsterinsights_skip_tracking":false,"footnotes":""},"categories":[22699,8747,12482,4464,743,55984,22698],"tags":[24435,13822,19282,12525,12526,41860,12528,58261,58262],"class_list":["post-152878","post","type-post","status-publish","format-standard","has-post-thumbnail","hentry","category-durabilite","category-energie","category-energy","category-gens","category-immonews-fr","category-people-2","category-sustainability","tag-energiewende-2-en","tag-erneuerbare-energie-en","tag-fuehrungswechsel-en","tag-immoinvest-en","tag-immonews-en","tag-konzernleitung-en","tag-news-en","tag-wind-und-solar","pmpro-has-access"],"acf":{"bild_mit_ki_erstellt_worden":["Ja"],"lead":"D\u00e9but avril, Margarita Aleksieva prendra la t\u00eate du secteur d'activit\u00e9 Energy Production de FMB. Elle acc\u00e8de ainsi \u00e9galement \u00e0 la Direction du groupe. L'actuelle cheffe du secteur \u00e9olien et solaire de l'entreprise d'approvisionnement en \u00e9nergie bernoise succ\u00e8de \u00e0 Philipp H\u00e4nggi.","autor":"ce\/hs","ort":"Bern","bildunterschrift":"","bild_im_grid":false,"gallerie":"","newsim":""},"aioseo_notices":[],"aioseo_head":"\n\t\t<!-- All in One SEO 5.0.0.1 - aioseo.com -->\n\t<meta name=\"description\" content=\"D\u00e9but avril, Margarita Aleksieva prendra la t\u00eate du secteur d&#039;activit\u00e9 Energy Production de FMB. Elle acc\u00e8de ainsi \u00e9galement \u00e0 la Direction du groupe. L&#039;actuelle cheffe du secteur \u00e9olien et solaire de l&#039;entreprise d&#039;approvisionnement en \u00e9nergie bernoise succ\u00e8de \u00e0 Philipp H\u00e4nggi.\" \/>\n\t<meta name=\"robots\" content=\"max-image-preview:large\" \/>\n\t<meta name=\"author\" content=\"immovestuser\"\/>\n\t<meta name=\"google-site-verification\" content=\"fHJKvgWpZCR2zVBHWfkQeFXC11qieUSff0HGNYfuyLA\" \/>\n\t<link rel=\"canonical\" href=\"https:\/\/www.immo-invest.ch\/fr\/strategische-neuausrichtung-mit-fokus-auf-energie-und-technologie\/\" \/>\n\t<meta name=\"generator\" content=\"All in One SEO (AIOSEO) 5.0.0.1\" \/>\n\t\t<meta property=\"og:locale\" content=\"fr_FR\" \/>\n\t\t<meta property=\"og:site_name\" content=\"immo!nvest - Die Plattform f\u00fcr Standorte und Immobilien - Die\u00a0Plattform f\u00fcr Standorte und Immobilien\" \/>\n\t\t<meta property=\"og:type\" content=\"article\" \/>\n\t\t<meta property=\"og:title\" content=\"R\u00e9orientation strat\u00e9gique ax\u00e9e sur l\u2019\u00e9nergie et la technologie - immo!nvest - Die Plattform f\u00fcr Standorte und Immobilien\" \/>\n\t\t<meta property=\"og:description\" content=\"D\u00e9but avril, Margarita Aleksieva prendra la t\u00eate du secteur d&#039;activit\u00e9 Energy Production de FMB. Elle acc\u00e8de ainsi \u00e9galement \u00e0 la Direction du groupe. L&#039;actuelle cheffe du secteur \u00e9olien et solaire de l&#039;entreprise d&#039;approvisionnement en \u00e9nergie bernoise succ\u00e8de \u00e0 Philipp H\u00e4nggi.\" \/>\n\t\t<meta property=\"og:url\" content=\"https:\/\/www.immo-invest.ch\/fr\/strategische-neuausrichtung-mit-fokus-auf-energie-und-technologie\/\" \/>\n\t\t<meta property=\"og:image\" content=\"https:\/\/www.immo-invest.ch\/wp-content\/uploads\/2026\/03\/banoviag_modern_renewable_energy_production_facility_with_win_bf225ac1-f1ef-42d2-9a68-baecfabd31a4_0.png\" \/>\n\t\t<meta property=\"og:image:secure_url\" content=\"https:\/\/www.immo-invest.ch\/wp-content\/uploads\/2026\/03\/banoviag_modern_renewable_energy_production_facility_with_win_bf225ac1-f1ef-42d2-9a68-baecfabd31a4_0.png\" \/>\n\t\t<meta property=\"og:image:width\" content=\"1536\" \/>\n\t\t<meta property=\"og:image:height\" content=\"768\" \/>\n\t\t<meta property=\"article:published_time\" content=\"2026-04-08T08:00:00+00:00\" \/>\n\t\t<meta property=\"article:modified_time\" content=\"2026-04-08T07:51:01+00:00\" \/>\n\t\t<meta property=\"article:publisher\" content=\"https:\/\/www.facebook.com\/people\/Immoinvest\/100077962920504\/\" \/>\n\t\t<meta name=\"twitter:card\" content=\"summary_large_image\" \/>\n\t\t<meta name=\"twitter:site\" content=\"@i\" \/>\n\t\t<meta name=\"twitter:title\" content=\"R\u00e9orientation strat\u00e9gique ax\u00e9e sur l\u2019\u00e9nergie et la technologie - immo!nvest - Die Plattform f\u00fcr Standorte und Immobilien\" \/>\n\t\t<meta name=\"twitter:description\" content=\"D\u00e9but avril, Margarita Aleksieva prendra la t\u00eate du secteur d&#039;activit\u00e9 Energy Production de FMB. Elle acc\u00e8de ainsi \u00e9galement \u00e0 la Direction du groupe. L&#039;actuelle cheffe du secteur \u00e9olien et solaire de l&#039;entreprise d&#039;approvisionnement en \u00e9nergie bernoise succ\u00e8de \u00e0 Philipp H\u00e4nggi.\" \/>\n\t\t<meta name=\"twitter:creator\" content=\"@i\" \/>\n\t\t<meta name=\"twitter:image\" content=\"https:\/\/www.immo-invest.ch\/wp-content\/uploads\/2026\/03\/banoviag_modern_renewable_energy_production_facility_with_win_bf225ac1-f1ef-42d2-9a68-baecfabd31a4_0.png\" \/>\n\t\t<script type=\"application\/ld+json\" class=\"aioseo-schema\">\n\t\t\t{\"@context\":\"https:\\\/\\\/schema.org\",\"@graph\":[{\"@type\":\"BlogPosting\",\"@id\":\"https:\\\/\\\/www.immo-invest.ch\\\/fr\\\/strategische-neuausrichtung-mit-fokus-auf-energie-und-technologie\\\/#blogposting\",\"name\":\"R\\u00e9orientation strat\\u00e9gique ax\\u00e9e sur l\\u2019\\u00e9nergie et la technologie - immo!nvest - Die Plattform f\\u00fcr Standorte und Immobilien\",\"headline\":\"R\\u00e9orientation strat\\u00e9gique ax\\u00e9e sur l&rsquo;\\u00e9nergie et la technologie\",\"author\":{\"@id\":\"https:\\\/\\\/www.immo-invest.ch\\\/fr\\\/author\\\/immovestuser\\\/#author\"},\"publisher\":{\"@id\":\"https:\\\/\\\/www.immo-invest.ch\\\/fr\\\/#organization\"},\"image\":{\"@type\":\"ImageObject\",\"url\":\"https:\\\/\\\/www.immo-invest.ch\\\/wp-content\\\/uploads\\\/2026\\\/03\\\/banoviag_modern_renewable_energy_production_facility_with_win_bf225ac1-f1ef-42d2-9a68-baecfabd31a4_0.png\",\"width\":1536,\"height\":768},\"datePublished\":\"2026-04-08T10:00:00+02:00\",\"dateModified\":\"2026-04-08T09:51:01+02:00\",\"inLanguage\":\"fr-FR\",\"mainEntityOfPage\":{\"@id\":\"https:\\\/\\\/www.immo-invest.ch\\\/fr\\\/strategische-neuausrichtung-mit-fokus-auf-energie-und-technologie\\\/#webpage\"},\"isPartOf\":{\"@id\":\"https:\\\/\\\/www.immo-invest.ch\\\/fr\\\/strategische-neuausrichtung-mit-fokus-auf-energie-und-technologie\\\/#webpage\"},\"articleSection\":\"Durabilit\\u00e9, \\u00c9nergie, Energy, Gens, immoNews, People, Sustainability, energiewende, erneuerbare Energie, F\\u00fchrungswechsel, Immoinvest, immoNews, Konzernleitung, News, Wind und Solar, Wind und Solar, Facultatif\"},{\"@type\":\"BreadcrumbList\",\"@id\":\"https:\\\/\\\/www.immo-invest.ch\\\/fr\\\/strategische-neuausrichtung-mit-fokus-auf-energie-und-technologie\\\/#breadcrumblist\",\"itemListElement\":[{\"@type\":\"ListItem\",\"@id\":\"https:\\\/\\\/www.immo-invest.ch\\\/fr\\\/#listItem\",\"position\":1,\"name\":\"Home\",\"item\":\"https:\\\/\\\/www.immo-invest.ch\\\/fr\\\/\",\"nextItem\":{\"@type\":\"ListItem\",\"@id\":\"https:\\\/\\\/www.immo-invest.ch\\\/fr\\\/categories\\\/personnes\\\/#listItem\",\"name\":\"Personnes\"}},{\"@type\":\"ListItem\",\"@id\":\"https:\\\/\\\/www.immo-invest.ch\\\/fr\\\/categories\\\/personnes\\\/#listItem\",\"position\":2,\"name\":\"Personnes\",\"item\":\"https:\\\/\\\/www.immo-invest.ch\\\/fr\\\/categories\\\/personnes\\\/\",\"nextItem\":{\"@type\":\"ListItem\",\"@id\":\"https:\\\/\\\/www.immo-invest.ch\\\/fr\\\/categories\\\/personnes\\\/gens\\\/#listItem\",\"name\":\"Gens\"},\"previousItem\":{\"@type\":\"ListItem\",\"@id\":\"https:\\\/\\\/www.immo-invest.ch\\\/fr\\\/#listItem\",\"name\":\"Home\"}},{\"@type\":\"ListItem\",\"@id\":\"https:\\\/\\\/www.immo-invest.ch\\\/fr\\\/categories\\\/personnes\\\/gens\\\/#listItem\",\"position\":3,\"name\":\"Gens\",\"item\":\"https:\\\/\\\/www.immo-invest.ch\\\/fr\\\/categories\\\/personnes\\\/gens\\\/\",\"nextItem\":{\"@type\":\"ListItem\",\"@id\":\"https:\\\/\\\/www.immo-invest.ch\\\/fr\\\/strategische-neuausrichtung-mit-fokus-auf-energie-und-technologie\\\/#listItem\",\"name\":\"R\\u00e9orientation strat\\u00e9gique ax\\u00e9e sur l&rsquo;\\u00e9nergie et la technologie\"},\"previousItem\":{\"@type\":\"ListItem\",\"@id\":\"https:\\\/\\\/www.immo-invest.ch\\\/fr\\\/categories\\\/personnes\\\/#listItem\",\"name\":\"Personnes\"}},{\"@type\":\"ListItem\",\"@id\":\"https:\\\/\\\/www.immo-invest.ch\\\/fr\\\/strategische-neuausrichtung-mit-fokus-auf-energie-und-technologie\\\/#listItem\",\"position\":4,\"name\":\"R\\u00e9orientation strat\\u00e9gique ax\\u00e9e sur l&rsquo;\\u00e9nergie et la technologie\",\"previousItem\":{\"@type\":\"ListItem\",\"@id\":\"https:\\\/\\\/www.immo-invest.ch\\\/fr\\\/categories\\\/personnes\\\/gens\\\/#listItem\",\"name\":\"Gens\"}}]},{\"@type\":\"Organization\",\"@id\":\"https:\\\/\\\/www.immo-invest.ch\\\/fr\\\/#organization\",\"name\":\"immo!nvest - Die Plattform f\\u00fcr Standorte und Immobilien\",\"description\":\"Die\\u00a0Plattform f\\u00fcr Standorte und Immobilien\",\"url\":\"https:\\\/\\\/www.immo-invest.ch\\\/fr\\\/\",\"email\":\"admin@immomedia.ag\",\"telephone\":\"+41444420002\",\"logo\":{\"@type\":\"ImageObject\",\"url\":\"https:\\\/\\\/www.immo-invest.ch\\\/wp-content\\\/uploads\\\/2024\\\/09\\\/immoinvest_sm-scaled.jpg\",\"@id\":\"https:\\\/\\\/www.immo-invest.ch\\\/fr\\\/strategische-neuausrichtung-mit-fokus-auf-energie-und-technologie\\\/#organizationLogo\",\"width\":2560,\"height\":1340},\"image\":{\"@id\":\"https:\\\/\\\/www.immo-invest.ch\\\/fr\\\/strategische-neuausrichtung-mit-fokus-auf-energie-und-technologie\\\/#organizationLogo\"},\"sameAs\":[\"https:\\\/\\\/www.facebook.com\\\/people\\\/Immoinvest\\\/100077962920504\\\/\",\"https:\\\/\\\/x.com\\\/i\\\/flow\\\/login?redirect_after_login=immoinvest_ch\",\"https:\\\/\\\/www.instagram.com\\\/immoinvest_ch\\\/\",\"https:\\\/\\\/www.linkedin.com\\\/company\\\/immoinvest-swiss\"]},{\"@type\":\"Person\",\"@id\":\"https:\\\/\\\/www.immo-invest.ch\\\/fr\\\/author\\\/immovestuser\\\/#author\",\"url\":\"https:\\\/\\\/www.immo-invest.ch\\\/fr\\\/author\\\/immovestuser\\\/\",\"name\":\"immovestuser\",\"image\":{\"@type\":\"ImageObject\",\"@id\":\"https:\\\/\\\/www.immo-invest.ch\\\/fr\\\/strategische-neuausrichtung-mit-fokus-auf-energie-und-technologie\\\/#authorImage\",\"url\":\"https:\\\/\\\/secure.gravatar.com\\\/avatar\\\/8e01f4d99f2eeea7a362ebb93305e1172a70e9293ba250f897a65c39f54cdd1e?s=96&d=mm&r=g\",\"width\":96,\"height\":96,\"caption\":\"immovestuser\"}},{\"@type\":\"WebPage\",\"@id\":\"https:\\\/\\\/www.immo-invest.ch\\\/fr\\\/strategische-neuausrichtung-mit-fokus-auf-energie-und-technologie\\\/#webpage\",\"url\":\"https:\\\/\\\/www.immo-invest.ch\\\/fr\\\/strategische-neuausrichtung-mit-fokus-auf-energie-und-technologie\\\/\",\"name\":\"R\\u00e9orientation strat\\u00e9gique ax\\u00e9e sur l\\u2019\\u00e9nergie et la technologie - immo!nvest - Die Plattform f\\u00fcr Standorte und Immobilien\",\"description\":\"D\\u00e9but avril, Margarita Aleksieva prendra la t\\u00eate du secteur d'activit\\u00e9 Energy Production de FMB. Elle acc\\u00e8de ainsi \\u00e9galement \\u00e0 la Direction du groupe. L'actuelle cheffe du secteur \\u00e9olien et solaire de l'entreprise d'approvisionnement en \\u00e9nergie bernoise succ\\u00e8de \\u00e0 Philipp H\\u00e4nggi.\",\"inLanguage\":\"fr-FR\",\"isPartOf\":{\"@id\":\"https:\\\/\\\/www.immo-invest.ch\\\/fr\\\/#website\"},\"breadcrumb\":{\"@id\":\"https:\\\/\\\/www.immo-invest.ch\\\/fr\\\/strategische-neuausrichtung-mit-fokus-auf-energie-und-technologie\\\/#breadcrumblist\"},\"author\":{\"@id\":\"https:\\\/\\\/www.immo-invest.ch\\\/fr\\\/author\\\/immovestuser\\\/#author\"},\"creator\":{\"@id\":\"https:\\\/\\\/www.immo-invest.ch\\\/fr\\\/author\\\/immovestuser\\\/#author\"},\"image\":{\"@type\":\"ImageObject\",\"url\":\"https:\\\/\\\/www.immo-invest.ch\\\/wp-content\\\/uploads\\\/2026\\\/03\\\/banoviag_modern_renewable_energy_production_facility_with_win_bf225ac1-f1ef-42d2-9a68-baecfabd31a4_0.png\",\"@id\":\"https:\\\/\\\/www.immo-invest.ch\\\/fr\\\/strategische-neuausrichtung-mit-fokus-auf-energie-und-technologie\\\/#mainImage\",\"width\":1536,\"height\":768},\"primaryImageOfPage\":{\"@id\":\"https:\\\/\\\/www.immo-invest.ch\\\/fr\\\/strategische-neuausrichtung-mit-fokus-auf-energie-und-technologie\\\/#mainImage\"},\"datePublished\":\"2026-04-08T10:00:00+02:00\",\"dateModified\":\"2026-04-08T09:51:01+02:00\"},{\"@type\":\"WebSite\",\"@id\":\"https:\\\/\\\/www.immo-invest.ch\\\/fr\\\/#website\",\"url\":\"https:\\\/\\\/www.immo-invest.ch\\\/fr\\\/\",\"name\":\"immo!nvest - Die Plattform f\\u00fcr Standorte und Immobilien\",\"description\":\"Die\\u00a0Plattform f\\u00fcr Standorte und Immobilien\",\"inLanguage\":\"fr-FR\",\"publisher\":{\"@id\":\"https:\\\/\\\/www.immo-invest.ch\\\/fr\\\/#organization\"}}]}\n\t\t<\/script>\n\t\t<!-- All in One SEO -->\n\n","aioseo_head_json":{"title":"R\u00e9orientation strat\u00e9gique ax\u00e9e sur l\u2019\u00e9nergie et la technologie - immo!nvest - Die Plattform f\u00fcr Standorte und Immobilien","description":"D\u00e9but avril, Margarita Aleksieva prendra la t\u00eate du secteur d'activit\u00e9 Energy Production de FMB. Elle acc\u00e8de ainsi \u00e9galement \u00e0 la Direction du groupe. L'actuelle cheffe du secteur \u00e9olien et solaire de l'entreprise d'approvisionnement en \u00e9nergie bernoise succ\u00e8de \u00e0 Philipp H\u00e4nggi.","canonical_url":"https:\/\/www.immo-invest.ch\/fr\/strategische-neuausrichtung-mit-fokus-auf-energie-und-technologie\/","robots":"max-image-preview:large","keywords":"","webmasterTools":{"google-site-verification":"fHJKvgWpZCR2zVBHWfkQeFXC11qieUSff0HGNYfuyLA","miscellaneous":""},"schema":{"@context":"https:\/\/schema.org","@graph":[{"@type":"BlogPosting","@id":"https:\/\/www.immo-invest.ch\/fr\/strategische-neuausrichtung-mit-fokus-auf-energie-und-technologie\/#blogposting","name":"R\u00e9orientation strat\u00e9gique ax\u00e9e sur l\u2019\u00e9nergie et la technologie - immo!nvest - Die Plattform f\u00fcr Standorte und Immobilien","headline":"R\u00e9orientation strat\u00e9gique ax\u00e9e sur l&rsquo;\u00e9nergie et la technologie","author":{"@id":"https:\/\/www.immo-invest.ch\/fr\/author\/immovestuser\/#author"},"publisher":{"@id":"https:\/\/www.immo-invest.ch\/fr\/#organization"},"image":{"@type":"ImageObject","url":"https:\/\/www.immo-invest.ch\/wp-content\/uploads\/2026\/03\/banoviag_modern_renewable_energy_production_facility_with_win_bf225ac1-f1ef-42d2-9a68-baecfabd31a4_0.png","width":1536,"height":768},"datePublished":"2026-04-08T10:00:00+02:00","dateModified":"2026-04-08T09:51:01+02:00","inLanguage":"fr-FR","mainEntityOfPage":{"@id":"https:\/\/www.immo-invest.ch\/fr\/strategische-neuausrichtung-mit-fokus-auf-energie-und-technologie\/#webpage"},"isPartOf":{"@id":"https:\/\/www.immo-invest.ch\/fr\/strategische-neuausrichtung-mit-fokus-auf-energie-und-technologie\/#webpage"},"articleSection":"Durabilit\u00e9, \u00c9nergie, Energy, Gens, immoNews, People, Sustainability, energiewende, erneuerbare Energie, F\u00fchrungswechsel, Immoinvest, immoNews, Konzernleitung, News, Wind und Solar, Wind und Solar, Facultatif"},{"@type":"BreadcrumbList","@id":"https:\/\/www.immo-invest.ch\/fr\/strategische-neuausrichtung-mit-fokus-auf-energie-und-technologie\/#breadcrumblist","itemListElement":[{"@type":"ListItem","@id":"https:\/\/www.immo-invest.ch\/fr\/#listItem","position":1,"name":"Home","item":"https:\/\/www.immo-invest.ch\/fr\/","nextItem":{"@type":"ListItem","@id":"https:\/\/www.immo-invest.ch\/fr\/categories\/personnes\/#listItem","name":"Personnes"}},{"@type":"ListItem","@id":"https:\/\/www.immo-invest.ch\/fr\/categories\/personnes\/#listItem","position":2,"name":"Personnes","item":"https:\/\/www.immo-invest.ch\/fr\/categories\/personnes\/","nextItem":{"@type":"ListItem","@id":"https:\/\/www.immo-invest.ch\/fr\/categories\/personnes\/gens\/#listItem","name":"Gens"},"previousItem":{"@type":"ListItem","@id":"https:\/\/www.immo-invest.ch\/fr\/#listItem","name":"Home"}},{"@type":"ListItem","@id":"https:\/\/www.immo-invest.ch\/fr\/categories\/personnes\/gens\/#listItem","position":3,"name":"Gens","item":"https:\/\/www.immo-invest.ch\/fr\/categories\/personnes\/gens\/","nextItem":{"@type":"ListItem","@id":"https:\/\/www.immo-invest.ch\/fr\/strategische-neuausrichtung-mit-fokus-auf-energie-und-technologie\/#listItem","name":"R\u00e9orientation strat\u00e9gique ax\u00e9e sur l&rsquo;\u00e9nergie et la technologie"},"previousItem":{"@type":"ListItem","@id":"https:\/\/www.immo-invest.ch\/fr\/categories\/personnes\/#listItem","name":"Personnes"}},{"@type":"ListItem","@id":"https:\/\/www.immo-invest.ch\/fr\/strategische-neuausrichtung-mit-fokus-auf-energie-und-technologie\/#listItem","position":4,"name":"R\u00e9orientation strat\u00e9gique ax\u00e9e sur l&rsquo;\u00e9nergie et la technologie","previousItem":{"@type":"ListItem","@id":"https:\/\/www.immo-invest.ch\/fr\/categories\/personnes\/gens\/#listItem","name":"Gens"}}]},{"@type":"Organization","@id":"https:\/\/www.immo-invest.ch\/fr\/#organization","name":"immo!nvest - Die Plattform f\u00fcr Standorte und Immobilien","description":"Die\u00a0Plattform f\u00fcr Standorte und Immobilien","url":"https:\/\/www.immo-invest.ch\/fr\/","email":"admin@immomedia.ag","telephone":"+41444420002","logo":{"@type":"ImageObject","url":"https:\/\/www.immo-invest.ch\/wp-content\/uploads\/2024\/09\/immoinvest_sm-scaled.jpg","@id":"https:\/\/www.immo-invest.ch\/fr\/strategische-neuausrichtung-mit-fokus-auf-energie-und-technologie\/#organizationLogo","width":2560,"height":1340},"image":{"@id":"https:\/\/www.immo-invest.ch\/fr\/strategische-neuausrichtung-mit-fokus-auf-energie-und-technologie\/#organizationLogo"},"sameAs":["https:\/\/www.facebook.com\/people\/Immoinvest\/100077962920504\/","https:\/\/x.com\/i\/flow\/login?redirect_after_login=immoinvest_ch","https:\/\/www.instagram.com\/immoinvest_ch\/","https:\/\/www.linkedin.com\/company\/immoinvest-swiss"]},{"@type":"Person","@id":"https:\/\/www.immo-invest.ch\/fr\/author\/immovestuser\/#author","url":"https:\/\/www.immo-invest.ch\/fr\/author\/immovestuser\/","name":"immovestuser","image":{"@type":"ImageObject","@id":"https:\/\/www.immo-invest.ch\/fr\/strategische-neuausrichtung-mit-fokus-auf-energie-und-technologie\/#authorImage","url":"https:\/\/secure.gravatar.com\/avatar\/8e01f4d99f2eeea7a362ebb93305e1172a70e9293ba250f897a65c39f54cdd1e?s=96&d=mm&r=g","width":96,"height":96,"caption":"immovestuser"}},{"@type":"WebPage","@id":"https:\/\/www.immo-invest.ch\/fr\/strategische-neuausrichtung-mit-fokus-auf-energie-und-technologie\/#webpage","url":"https:\/\/www.immo-invest.ch\/fr\/strategische-neuausrichtung-mit-fokus-auf-energie-und-technologie\/","name":"R\u00e9orientation strat\u00e9gique ax\u00e9e sur l\u2019\u00e9nergie et la technologie - immo!nvest - Die Plattform f\u00fcr Standorte und Immobilien","description":"D\u00e9but avril, Margarita Aleksieva prendra la t\u00eate du secteur d'activit\u00e9 Energy Production de FMB. Elle acc\u00e8de ainsi \u00e9galement \u00e0 la Direction du groupe. L'actuelle cheffe du secteur \u00e9olien et solaire de l'entreprise d'approvisionnement en \u00e9nergie bernoise succ\u00e8de \u00e0 Philipp H\u00e4nggi.","inLanguage":"fr-FR","isPartOf":{"@id":"https:\/\/www.immo-invest.ch\/fr\/#website"},"breadcrumb":{"@id":"https:\/\/www.immo-invest.ch\/fr\/strategische-neuausrichtung-mit-fokus-auf-energie-und-technologie\/#breadcrumblist"},"author":{"@id":"https:\/\/www.immo-invest.ch\/fr\/author\/immovestuser\/#author"},"creator":{"@id":"https:\/\/www.immo-invest.ch\/fr\/author\/immovestuser\/#author"},"image":{"@type":"ImageObject","url":"https:\/\/www.immo-invest.ch\/wp-content\/uploads\/2026\/03\/banoviag_modern_renewable_energy_production_facility_with_win_bf225ac1-f1ef-42d2-9a68-baecfabd31a4_0.png","@id":"https:\/\/www.immo-invest.ch\/fr\/strategische-neuausrichtung-mit-fokus-auf-energie-und-technologie\/#mainImage","width":1536,"height":768},"primaryImageOfPage":{"@id":"https:\/\/www.immo-invest.ch\/fr\/strategische-neuausrichtung-mit-fokus-auf-energie-und-technologie\/#mainImage"},"datePublished":"2026-04-08T10:00:00+02:00","dateModified":"2026-04-08T09:51:01+02:00"},{"@type":"WebSite","@id":"https:\/\/www.immo-invest.ch\/fr\/#website","url":"https:\/\/www.immo-invest.ch\/fr\/","name":"immo!nvest - Die Plattform f\u00fcr Standorte und Immobilien","description":"Die\u00a0Plattform f\u00fcr Standorte und Immobilien","inLanguage":"fr-FR","publisher":{"@id":"https:\/\/www.immo-invest.ch\/fr\/#organization"}}]},"og:locale":"fr_FR","og:site_name":"immo!nvest - Die Plattform f\u00fcr Standorte und Immobilien - Die\u00a0Plattform f\u00fcr Standorte und Immobilien","og:type":"article","og:title":"R\u00e9orientation strat\u00e9gique ax\u00e9e sur l\u2019\u00e9nergie et la technologie - immo!nvest - Die Plattform f\u00fcr Standorte und Immobilien","og:description":"D\u00e9but avril, Margarita Aleksieva prendra la t\u00eate du secteur d'activit\u00e9 Energy Production de FMB. Elle acc\u00e8de ainsi \u00e9galement \u00e0 la Direction du groupe. L'actuelle cheffe du secteur \u00e9olien et solaire de l'entreprise d'approvisionnement en \u00e9nergie bernoise succ\u00e8de \u00e0 Philipp H\u00e4nggi.","og:url":"https:\/\/www.immo-invest.ch\/fr\/strategische-neuausrichtung-mit-fokus-auf-energie-und-technologie\/","og:image":"https:\/\/www.immo-invest.ch\/wp-content\/uploads\/2026\/03\/banoviag_modern_renewable_energy_production_facility_with_win_bf225ac1-f1ef-42d2-9a68-baecfabd31a4_0.png","og:image:secure_url":"https:\/\/www.immo-invest.ch\/wp-content\/uploads\/2026\/03\/banoviag_modern_renewable_energy_production_facility_with_win_bf225ac1-f1ef-42d2-9a68-baecfabd31a4_0.png","og:image:width":1536,"og:image:height":768,"article:published_time":"2026-04-08T08:00:00+00:00","article:modified_time":"2026-04-08T07:51:01+00:00","article:publisher":"https:\/\/www.facebook.com\/people\/Immoinvest\/100077962920504\/","twitter:card":"summary_large_image","twitter:site":"@i","twitter:title":"R\u00e9orientation strat\u00e9gique ax\u00e9e sur l\u2019\u00e9nergie et la technologie - immo!nvest - Die Plattform f\u00fcr Standorte und Immobilien","twitter:description":"D\u00e9but avril, Margarita Aleksieva prendra la t\u00eate du secteur d'activit\u00e9 Energy Production de FMB. Elle acc\u00e8de ainsi \u00e9galement \u00e0 la Direction du groupe. L'actuelle cheffe du secteur \u00e9olien et solaire de l'entreprise d'approvisionnement en \u00e9nergie bernoise succ\u00e8de \u00e0 Philipp H\u00e4nggi.","twitter:creator":"@i","twitter:image":"https:\/\/www.immo-invest.ch\/wp-content\/uploads\/2026\/03\/banoviag_modern_renewable_energy_production_facility_with_win_bf225ac1-f1ef-42d2-9a68-baecfabd31a4_0.png"},"aioseo_meta_data":{"post_id":"152878","title":null,"description":null,"keywords":null,"keyphrases":{"focus":{"keyphrase":"","score":0,"analysis":{"keyphraseInTitle":{"score":0,"maxScore":9,"error":1}}},"additional":[]},"primary_term":null,"canonical_url":null,"og_title":null,"og_description":null,"og_object_type":"default","og_image_type":"default","og_image_url":null,"og_image_width":null,"og_image_height":null,"og_image_custom_url":null,"og_image_custom_fields":null,"og_video":"","og_custom_url":null,"og_article_section":null,"og_article_tags":null,"twitter_use_og":false,"twitter_card":"default","twitter_image_type":"default","twitter_image_url":null,"twitter_image_custom_url":null,"twitter_image_custom_fields":null,"twitter_title":null,"twitter_description":null,"schema":{"blockGraphs":[],"customGraphs":[],"default":{"data":{"Article":[],"Course":[],"Dataset":[],"FAQPage":[],"Movie":[],"Person":[],"Product":[],"ProductReview":[],"Car":[],"Recipe":[],"Service":[],"SoftwareApplication":[],"WebPage":[]},"graphName":"BlogPosting","isEnabled":true},"graphs":[]},"schema_type":"default","schema_type_options":null,"pillar_content":false,"robots_default":true,"robots_noindex":false,"robots_noarchive":false,"robots_nosnippet":false,"robots_nofollow":false,"robots_noimageindex":false,"robots_noodp":false,"robots_notranslate":false,"robots_max_snippet":"-1","robots_max_videopreview":"-1","robots_max_imagepreview":"large","priority":null,"frequency":"default","local_seo":null,"breadcrumb_settings":null,"limit_modified_date":false,"ai":{"faqs":[],"keyPoints":[],"titles":[],"descriptions":[],"socialPosts":{"email":[],"linkedin":[],"twitter":[],"facebook":[],"instagram":[]}},"created":"2026-04-08 07:32:49","updated":"2026-04-08 08:18:32","seo_analyzer_scan_date":null,"focus_keyword":null,"additional_keywords":null,"truseo_locale":null},"aioseo_breadcrumb":"<div class=\"aioseo-breadcrumbs\"><span class=\"aioseo-breadcrumb\">\n\t\t\t<a href=\"https:\/\/www.immo-invest.ch\/fr\/\" title=\"Home\">Home<\/a>\n\t\t<\/span><span class=\"aioseo-breadcrumb-separator\">&raquo;<\/span><span class=\"aioseo-breadcrumb\">\n\t\t\t<a href=\"https:\/\/www.immo-invest.ch\/fr\/categories\/personnes\/\" title=\"Personnes\">Personnes<\/a>\n\t\t<\/span><span class=\"aioseo-breadcrumb-separator\">&raquo;<\/span><span class=\"aioseo-breadcrumb\">\n\t\t\t<a href=\"https:\/\/www.immo-invest.ch\/fr\/categories\/personnes\/gens\/\" title=\"Gens\">Gens<\/a>\n\t\t<\/span><span class=\"aioseo-breadcrumb-separator\">&raquo;<\/span><span class=\"aioseo-breadcrumb\">\n\t\t\tR\u00e9orientation strat\u00e9gique ax\u00e9e sur l\u2019\u00e9nergie et la technologie\n\t\t<\/span><\/div>","aioseo_breadcrumb_json":[{"label":"Home","link":"https:\/\/www.immo-invest.ch\/fr\/"},{"label":"Personnes","link":"https:\/\/www.immo-invest.ch\/fr\/categories\/personnes\/"},{"label":"Gens","link":"https:\/\/www.immo-invest.ch\/fr\/categories\/personnes\/gens\/"},{"label":"R\u00e9orientation strat\u00e9gique ax\u00e9e sur l&rsquo;\u00e9nergie et la technologie","link":"https:\/\/www.immo-invest.ch\/fr\/strategische-neuausrichtung-mit-fokus-auf-energie-und-technologie\/"}],"featured_image_src":"https:\/\/www.immo-invest.ch\/wp-content\/uploads\/2026\/03\/banoviag_modern_renewable_energy_production_facility_with_win_bf225ac1-f1ef-42d2-9a68-baecfabd31a4_0-336x168.png","_links":{"self":[{"href":"https:\/\/www.immo-invest.ch\/fr\/wp-json\/wp\/v2\/posts\/152878","targetHints":{"allow":["GET"]}}],"collection":[{"href":"https:\/\/www.immo-invest.ch\/fr\/wp-json\/wp\/v2\/posts"}],"about":[{"href":"https:\/\/www.immo-invest.ch\/fr\/wp-json\/wp\/v2\/types\/post"}],"author":[{"embeddable":true,"href":"https:\/\/www.immo-invest.ch\/fr\/wp-json\/wp\/v2\/users\/2"}],"replies":[{"embeddable":true,"href":"https:\/\/www.immo-invest.ch\/fr\/wp-json\/wp\/v2\/comments?post=152878"}],"version-history":[{"count":4,"href":"https:\/\/www.immo-invest.ch\/fr\/wp-json\/wp\/v2\/posts\/152878\/revisions"}],"predecessor-version":[{"id":152902,"href":"https:\/\/www.immo-invest.ch\/fr\/wp-json\/wp\/v2\/posts\/152878\/revisions\/152902"}],"wp:featuredmedia":[{"embeddable":true,"href":"https:\/\/www.immo-invest.ch\/fr\/wp-json\/wp\/v2\/media\/152879"}],"wp:attachment":[{"href":"https:\/\/www.immo-invest.ch\/fr\/wp-json\/wp\/v2\/media?parent=152878"}],"wp:term":[{"taxonomy":"category","embeddable":true,"href":"https:\/\/www.immo-invest.ch\/fr\/wp-json\/wp\/v2\/categories?post=152878"},{"taxonomy":"post_tag","embeddable":true,"href":"https:\/\/www.immo-invest.ch\/fr\/wp-json\/wp\/v2\/tags?post=152878"}],"curies":[{"name":"wp","href":"https:\/\/api.w.org\/{rel}","templated":true}]}}