{"id":152862,"date":"2026-04-07T14:41:16","date_gmt":"2026-04-07T12:41:16","guid":{"rendered":"https:\/\/www.immo-invest.ch\/neue-stiftung-soll-kmu-nach-vorne-bringen\/"},"modified":"2026-04-07T15:06:16","modified_gmt":"2026-04-07T13:06:16","slug":"neue-stiftung-soll-kmu-nach-vorne-bringen","status":"publish","type":"post","link":"https:\/\/www.immo-invest.ch\/fr\/neue-stiftung-soll-kmu-nach-vorne-bringen\/","title":{"rendered":"Une nouvelle fondation pour faire avancer les PME"},"content":{"rendered":"<p class=\"wp-block-paragraph\">Dans les classements nationaux sur la comp&eacute;titivit&eacute;, Lucerne obtient de bons r&eacute;sultats. Mais en ce qui concerne la force d&rsquo;<span class=\"glossaryLink\" aria-describedby=\"tt\" data-cmtooltip=\"&lt;div class=glossaryItemTitle&gt;Innovation&lt;\/div&gt;&lt;div class=glossaryItemBody&gt;Innovation in der heutigen Immobilienwelt bedeutet vor allem Digitalisierung von Prozessen. Zum Beispiel das Eliminieren von Tausenden von Excel-Bl&auml;ttern f&uuml;r Portfolio- und Asset-Manager oder das Erstellen einer Anwendung (App) f&uuml;r alle Formalit&auml;ten rund um die Beziehung zwischen Immobilieneigent&uuml;mern, - verwaltung und -mietern.&lt;\/div&gt;\" data-mobile-support=\"0\" data-gt-translate-attributes='[{\"attribute\":\"data-cmtooltip\", \"format\":\"html\"}]' tabindex=\"0\" role=\"link\">innovation<\/span>, le canton occupe le bas du classement. Ne pas combler ce retard, c&rsquo;est s&rsquo;exposer &agrave; des pertes &agrave; long terme dans la concurrence entre les sites. Ce constat est &agrave; l&rsquo;origine du projet de fondation Luzern <span class=\"glossaryLink\" aria-describedby=\"tt\" data-cmtooltip=\"&lt;div class=glossaryItemTitle&gt;Innovation&lt;\/div&gt;&lt;div class=glossaryItemBody&gt;Innovation in der heutigen Immobilienwelt bedeutet vor allem Digitalisierung von Prozessen. Zum Beispiel das Eliminieren von Tausenden von Excel-Bl&auml;ttern f&uuml;r Portfolio- und Asset-Manager oder das Erstellen einer Anwendung (App) f&uuml;r alle Formalit&auml;ten rund um die Beziehung zwischen Immobilieneigent&uuml;mern, - verwaltung und -mietern.&lt;\/div&gt;\" data-mobile-support=\"0\" data-gt-translate-attributes='[{\"attribute\":\"data-cmtooltip\", \"format\":\"html\"}]' tabindex=\"0\" role=\"link\">Innovation<\/span> et du cr&eacute;dit sp&eacute;cial que le Conseil d&rsquo;&Eacute;tat propose maintenant.<\/p>\n\n\n\n\n\n<p class=\"wp-block-paragraph\"><strong>La fondation comme pivot<br><\/strong>La nouvelle fondation ne doit pas cr&eacute;er de structure parall&egrave;le, mais coordonner les organisations partenaires existantes et mieux mettre en r&eacute;seau leurs offres. L&rsquo;accent est mis sur les entreprises dans les premi&egrave;res phases de d&eacute;veloppement. C&rsquo;est-&agrave;-dire l&agrave; o&ugrave; les besoins sont les plus importants et les ressources les plus limit&eacute;es. Outre la coordination, la fondation peut &eacute;galement cofinancer des projets de mise en &oelig;uvre concrets tels que des &eacute;tudes de faisabilit&eacute;. Le conseil de fondation doit &ecirc;tre compos&eacute; d&rsquo;au moins cinq membres, un contrat de prestations sur quatre ans assure la s&eacute;curit&eacute; de la planification.<\/p>\n\n\n\n\n\n<p class=\"wp-block-paragraph\"><strong>24 millions avec une affectation claire<br><\/strong>Sur les 24 millions de francs demand&eacute;s, un million sera vers&eacute; au capital de la fondation. Les 23 millions de francs restants sont destin&eacute;s aux prestations de la fondation pour les ann&eacute;es 2026 &agrave; 2029. Lucerne se positionne ainsi comme un canton qui n&rsquo;attend pas le soutien de la Conf&eacute;d&eacute;ration, mais qui agit lui-m&ecirc;me. En compl&eacute;ment des programmes nationaux comme ceux d&rsquo;Innosuisse, qui soutiennent l&rsquo;<span class=\"glossaryLink\" aria-describedby=\"tt\" data-cmtooltip=\"&lt;div class=glossaryItemTitle&gt;Innovation&lt;\/div&gt;&lt;div class=glossaryItemBody&gt;Innovation in der heutigen Immobilienwelt bedeutet vor allem Digitalisierung von Prozessen. Zum Beispiel das Eliminieren von Tausenden von Excel-Bl&auml;ttern f&uuml;r Portfolio- und Asset-Manager oder das Erstellen einer Anwendung (App) f&uuml;r alle Formalit&auml;ten rund um die Beziehung zwischen Immobilieneigent&uuml;mern, - verwaltung und -mietern.&lt;\/div&gt;\" data-mobile-support=\"0\" data-gt-translate-attributes='[{\"attribute\":\"data-cmtooltip\", \"format\":\"html\"}]' tabindex=\"0\" role=\"link\">innovation<\/span> des PME dans toute la Suisse.<\/p>\n\n\n\n\n\n<p class=\"wp-block-paragraph\"><strong>Partie d&rsquo;une restructuration plus large<br><\/strong>La fondation est int&eacute;gr&eacute;e dans le paquet plus large de promotion du site du canton. En janvier 2026, le Grand Conseil a adopt&eacute; un train de mesures d&rsquo;environ 300 millions de francs par an. Ceci en r&eacute;action &agrave; l&rsquo;imposition minimale de l&rsquo;OCDE, qui affaiblit les avantages fiscaux existants. La contribution lucernoise &agrave; l&rsquo;<span class=\"glossaryLink\" aria-describedby=\"tt\" data-cmtooltip=\"&lt;div class=glossaryItemTitle&gt;Innovation&lt;\/div&gt;&lt;div class=glossaryItemBody&gt;Innovation in der heutigen Immobilienwelt bedeutet vor allem Digitalisierung von Prozessen. Zum Beispiel das Eliminieren von Tausenden von Excel-Bl&auml;ttern f&uuml;r Portfolio- und Asset-Manager oder das Erstellen einer Anwendung (App) f&uuml;r alle Formalit&auml;ten rund um die Beziehung zwischen Immobilieneigent&uuml;mern, - verwaltung und -mietern.&lt;\/div&gt;\" data-mobile-support=\"0\" data-gt-translate-attributes='[{\"attribute\":\"data-cmtooltip\", \"format\":\"html\"}]' tabindex=\"0\" role=\"link\">innovation<\/span> comprend &agrave; elle seule 110 &agrave; 160 millions de francs par an pour les entreprises qui investissent dans la recherche et le d&eacute;veloppement. La Fondation Lucerne <span class=\"glossaryLink\" aria-describedby=\"tt\" data-cmtooltip=\"&lt;div class=glossaryItemTitle&gt;Innovation&lt;\/div&gt;&lt;div class=glossaryItemBody&gt;Innovation in der heutigen Immobilienwelt bedeutet vor allem Digitalisierung von Prozessen. Zum Beispiel das Eliminieren von Tausenden von Excel-Bl&auml;ttern f&uuml;r Portfolio- und Asset-Manager oder das Erstellen einer Anwendung (App) f&uuml;r alle Formalit&auml;ten rund um die Beziehung zwischen Immobilieneigent&uuml;mern, - verwaltung und -mietern.&lt;\/div&gt;\" data-mobile-support=\"0\" data-gt-translate-attributes='[{\"attribute\":\"data-cmtooltip\", \"format\":\"html\"}]' tabindex=\"0\" role=\"link\">Innovation<\/span> n&rsquo;est donc pas une mesure isol&eacute;e, mais fait partie d&rsquo;une offensive coordonn&eacute;e.<\/p>\n\n\n\n\n\n<p class=\"wp-block-paragraph\"><strong>Votation populaire en septembre<br><\/strong>La loi sup&eacute;rieure sur la promotion &eacute;conomique a d&eacute;j&agrave; &eacute;t&eacute; approuv&eacute;e par le Grand Conseil. Le dernier mot revient toutefois aux &eacute;lecteurs. Le vote est pr&eacute;vu pour septembre 2026, l&rsquo;entr&eacute;e en vigueur pour octobre 2026. La fondation peut toutefois d&eacute;j&agrave; &ecirc;tre cr&eacute;&eacute;e sur la base des bases juridiques actuellement en vigueur. Le coup d&rsquo;envoi ne doit pas attendre le vote populaire.<\/p>\n\n","protected":false},"excerpt":{"rendered":"<p>En mati\u00e8re de comp\u00e9titivit\u00e9, Lucerne se situe tout juste dans le premier tiers des cantons. Mais en mati\u00e8re de capacit\u00e9 d&rsquo;innovation, il est loin derri\u00e8re. Cela doit changer. Le Conseil d&rsquo;Etat demande au Grand Conseil un cr\u00e9dit sp\u00e9cial de 24 millions de francs pour une nouvelle fondation qui doit soutenir de mani\u00e8re cibl\u00e9e les PME dans leurs projets d&rsquo;innovation. Un projet de rattrapage avec le vent politique en poupe &#8211; et une votation populaire en automne.<\/p>\n","protected":false},"author":2,"featured_media":111460,"comment_status":"open","ping_status":"open","sticky":false,"template":"","format":"standard","meta":{"pmpro_default_level":"","inline_featured_image":false,"_monsterinsights_skip_tracking":false,"footnotes":""},"categories":[22696,9437,55979,55964],"tags":[3931,56131,5512],"class_list":["post-152862","post","type-post","status-publish","format-standard","has-post-thumbnail","hentry","category-entreprise","category-region-lucerne","category-promotion-du-site","category-strategies-de-financement","tag-immonews-fr","tag-innovationspolitik","tag-standortentwicklung-fr","pmpro-has-access"],"acf":{"bild_mit_ki_erstellt_worden":"","lead":"Luzern liegt in der Wettbewerbsf\u00e4higkeit unter den Kantonen knapp im vordersten Drittel. Bei der Innovationskraft aber weit hinten. Das soll sich \u00e4ndern. Der Regierungsrat beantragt beim Kantonsrat einen Sonderkredit von 24 Millionen Franken f\u00fcr eine neue Stiftung, die KMU bei Innovationsprojekten gezielt unterst\u00fctzen soll. Ein Aufholprojekt mit politischem R\u00fcckenwind \u2013 und Volksabstimmung im Herbst.","autor":"","ort":"","bildunterschrift":"","bild_im_grid":false,"gallerie":"","newsim":""},"aioseo_notices":[],"aioseo_head":"\n\t\t<!-- All in One SEO 5.0.0.1 - aioseo.com -->\n\t<meta name=\"description\" content=\"En mati\u00e8re de comp\u00e9titivit\u00e9, Lucerne se situe tout juste dans le premier tiers des cantons. Mais en mati\u00e8re de capacit\u00e9 d&#039;innovation, il est loin derri\u00e8re. Cela doit changer. Le Conseil d&#039;Etat demande au Grand Conseil un cr\u00e9dit sp\u00e9cial de 24 millions de francs pour une nouvelle fondation qui doit soutenir de mani\u00e8re cibl\u00e9e les PME dans leurs projets d&#039;innovation. Un projet de rattrapage avec le vent politique en poupe - et une votation populaire en automne.\" \/>\n\t<meta name=\"robots\" content=\"max-image-preview:large\" \/>\n\t<meta name=\"author\" content=\"immovestuser\"\/>\n\t<meta name=\"google-site-verification\" content=\"fHJKvgWpZCR2zVBHWfkQeFXC11qieUSff0HGNYfuyLA\" \/>\n\t<link rel=\"canonical\" href=\"https:\/\/www.immo-invest.ch\/fr\/neue-stiftung-soll-kmu-nach-vorne-bringen\/\" \/>\n\t<meta name=\"generator\" content=\"All in One SEO (AIOSEO) 5.0.0.1\" \/>\n\t\t<meta property=\"og:locale\" content=\"fr_FR\" \/>\n\t\t<meta property=\"og:site_name\" content=\"immo!nvest - Die Plattform f\u00fcr Standorte und Immobilien - Die\u00a0Plattform f\u00fcr Standorte und Immobilien\" \/>\n\t\t<meta property=\"og:type\" content=\"article\" \/>\n\t\t<meta property=\"og:title\" content=\"Une nouvelle fondation pour faire avancer les PME - immo!nvest - Die Plattform f\u00fcr Standorte und Immobilien\" \/>\n\t\t<meta property=\"og:description\" content=\"En mati\u00e8re de comp\u00e9titivit\u00e9, Lucerne se situe tout juste dans le premier tiers des cantons. Mais en mati\u00e8re de capacit\u00e9 d&#039;innovation, il est loin derri\u00e8re. Cela doit changer. Le Conseil d&#039;Etat demande au Grand Conseil un cr\u00e9dit sp\u00e9cial de 24 millions de francs pour une nouvelle fondation qui doit soutenir de mani\u00e8re cibl\u00e9e les PME dans leurs projets d&#039;innovation. Un projet de rattrapage avec le vent politique en poupe - et une votation populaire en automne.\" \/>\n\t\t<meta property=\"og:url\" content=\"https:\/\/www.immo-invest.ch\/fr\/neue-stiftung-soll-kmu-nach-vorne-bringen\/\" \/>\n\t\t<meta property=\"og:image\" content=\"https:\/\/www.immo-invest.ch\/wp-content\/uploads\/2024\/08\/unsplash_luzern-scaled.jpg\" \/>\n\t\t<meta property=\"og:image:secure_url\" content=\"https:\/\/www.immo-invest.ch\/wp-content\/uploads\/2024\/08\/unsplash_luzern-scaled.jpg\" \/>\n\t\t<meta property=\"og:image:width\" content=\"2560\" \/>\n\t\t<meta property=\"og:image:height\" content=\"1707\" \/>\n\t\t<meta property=\"article:published_time\" content=\"2026-04-07T12:41:16+00:00\" \/>\n\t\t<meta property=\"article:modified_time\" content=\"2026-04-07T13:06:16+00:00\" \/>\n\t\t<meta property=\"article:publisher\" content=\"https:\/\/www.facebook.com\/people\/Immoinvest\/100077962920504\/\" \/>\n\t\t<meta name=\"twitter:card\" content=\"summary_large_image\" \/>\n\t\t<meta name=\"twitter:site\" content=\"@i\" \/>\n\t\t<meta name=\"twitter:title\" content=\"Une nouvelle fondation pour faire avancer les PME - immo!nvest - Die Plattform f\u00fcr Standorte und Immobilien\" \/>\n\t\t<meta name=\"twitter:description\" content=\"En mati\u00e8re de comp\u00e9titivit\u00e9, Lucerne se situe tout juste dans le premier tiers des cantons. Mais en mati\u00e8re de capacit\u00e9 d&#039;innovation, il est loin derri\u00e8re. Cela doit changer. Le Conseil d&#039;Etat demande au Grand Conseil un cr\u00e9dit sp\u00e9cial de 24 millions de francs pour une nouvelle fondation qui doit soutenir de mani\u00e8re cibl\u00e9e les PME dans leurs projets d&#039;innovation. Un projet de rattrapage avec le vent politique en poupe - et une votation populaire en automne.\" \/>\n\t\t<meta name=\"twitter:creator\" content=\"@i\" \/>\n\t\t<meta name=\"twitter:image\" content=\"https:\/\/www.immo-invest.ch\/wp-content\/uploads\/2024\/08\/unsplash_luzern-scaled.jpg\" \/>\n\t\t<script type=\"application\/ld+json\" class=\"aioseo-schema\">\n\t\t\t{\"@context\":\"https:\\\/\\\/schema.org\",\"@graph\":[{\"@type\":\"BlogPosting\",\"@id\":\"https:\\\/\\\/www.immo-invest.ch\\\/fr\\\/neue-stiftung-soll-kmu-nach-vorne-bringen\\\/#blogposting\",\"name\":\"Une nouvelle fondation pour faire avancer les PME - immo!nvest - Die Plattform f\\u00fcr Standorte und Immobilien\",\"headline\":\"Une nouvelle fondation pour faire avancer les PME\",\"author\":{\"@id\":\"https:\\\/\\\/www.immo-invest.ch\\\/fr\\\/author\\\/immovestuser\\\/#author\"},\"publisher\":{\"@id\":\"https:\\\/\\\/www.immo-invest.ch\\\/fr\\\/#organization\"},\"image\":{\"@type\":\"ImageObject\",\"url\":\"https:\\\/\\\/www.immo-invest.ch\\\/wp-content\\\/uploads\\\/2024\\\/08\\\/unsplash_luzern-scaled.jpg\",\"width\":2560,\"height\":1707},\"datePublished\":\"2026-04-07T14:41:16+02:00\",\"dateModified\":\"2026-04-07T15:06:16+02:00\",\"inLanguage\":\"fr-FR\",\"mainEntityOfPage\":{\"@id\":\"https:\\\/\\\/www.immo-invest.ch\\\/fr\\\/neue-stiftung-soll-kmu-nach-vorne-bringen\\\/#webpage\"},\"isPartOf\":{\"@id\":\"https:\\\/\\\/www.immo-invest.ch\\\/fr\\\/neue-stiftung-soll-kmu-nach-vorne-bringen\\\/#webpage\"},\"articleSection\":\"Entreprise, Lucerne, Promotion du site, Strat\\u00e9gies de financement, immoNews, Innovationspolitik, Standortentwicklung, Facultatif\"},{\"@type\":\"BreadcrumbList\",\"@id\":\"https:\\\/\\\/www.immo-invest.ch\\\/fr\\\/neue-stiftung-soll-kmu-nach-vorne-bringen\\\/#breadcrumblist\",\"itemListElement\":[{\"@type\":\"ListItem\",\"@id\":\"https:\\\/\\\/www.immo-invest.ch\\\/fr\\\/#listItem\",\"position\":1,\"name\":\"Home\",\"item\":\"https:\\\/\\\/www.immo-invest.ch\\\/fr\\\/\",\"nextItem\":{\"@type\":\"ListItem\",\"@id\":\"https:\\\/\\\/www.immo-invest.ch\\\/fr\\\/categories\\\/regions\\\/#listItem\",\"name\":\"R\\u00e9gions\"}},{\"@type\":\"ListItem\",\"@id\":\"https:\\\/\\\/www.immo-invest.ch\\\/fr\\\/categories\\\/regions\\\/#listItem\",\"position\":2,\"name\":\"R\\u00e9gions\",\"item\":\"https:\\\/\\\/www.immo-invest.ch\\\/fr\\\/categories\\\/regions\\\/\",\"nextItem\":{\"@type\":\"ListItem\",\"@id\":\"https:\\\/\\\/www.immo-invest.ch\\\/fr\\\/categories\\\/regions\\\/suisse\\\/#listItem\",\"name\":\"Suisse\"},\"previousItem\":{\"@type\":\"ListItem\",\"@id\":\"https:\\\/\\\/www.immo-invest.ch\\\/fr\\\/#listItem\",\"name\":\"Home\"}},{\"@type\":\"ListItem\",\"@id\":\"https:\\\/\\\/www.immo-invest.ch\\\/fr\\\/categories\\\/regions\\\/suisse\\\/#listItem\",\"position\":3,\"name\":\"Suisse\",\"item\":\"https:\\\/\\\/www.immo-invest.ch\\\/fr\\\/categories\\\/regions\\\/suisse\\\/\",\"nextItem\":{\"@type\":\"ListItem\",\"@id\":\"https:\\\/\\\/www.immo-invest.ch\\\/fr\\\/categories\\\/regions\\\/suisse\\\/region-zentralschweiz\\\/#listItem\",\"name\":\"Zentralschweiz\"},\"previousItem\":{\"@type\":\"ListItem\",\"@id\":\"https:\\\/\\\/www.immo-invest.ch\\\/fr\\\/categories\\\/regions\\\/#listItem\",\"name\":\"R\\u00e9gions\"}},{\"@type\":\"ListItem\",\"@id\":\"https:\\\/\\\/www.immo-invest.ch\\\/fr\\\/categories\\\/regions\\\/suisse\\\/region-zentralschweiz\\\/#listItem\",\"position\":4,\"name\":\"Zentralschweiz\",\"item\":\"https:\\\/\\\/www.immo-invest.ch\\\/fr\\\/categories\\\/regions\\\/suisse\\\/region-zentralschweiz\\\/\",\"nextItem\":{\"@type\":\"ListItem\",\"@id\":\"https:\\\/\\\/www.immo-invest.ch\\\/fr\\\/categories\\\/regions\\\/suisse\\\/region-zentralschweiz\\\/region-lucerne\\\/#listItem\",\"name\":\"Lucerne\"},\"previousItem\":{\"@type\":\"ListItem\",\"@id\":\"https:\\\/\\\/www.immo-invest.ch\\\/fr\\\/categories\\\/regions\\\/suisse\\\/#listItem\",\"name\":\"Suisse\"}},{\"@type\":\"ListItem\",\"@id\":\"https:\\\/\\\/www.immo-invest.ch\\\/fr\\\/categories\\\/regions\\\/suisse\\\/region-zentralschweiz\\\/region-lucerne\\\/#listItem\",\"position\":5,\"name\":\"Lucerne\",\"item\":\"https:\\\/\\\/www.immo-invest.ch\\\/fr\\\/categories\\\/regions\\\/suisse\\\/region-zentralschweiz\\\/region-lucerne\\\/\",\"nextItem\":{\"@type\":\"ListItem\",\"@id\":\"https:\\\/\\\/www.immo-invest.ch\\\/fr\\\/neue-stiftung-soll-kmu-nach-vorne-bringen\\\/#listItem\",\"name\":\"Une nouvelle fondation pour faire avancer les PME\"},\"previousItem\":{\"@type\":\"ListItem\",\"@id\":\"https:\\\/\\\/www.immo-invest.ch\\\/fr\\\/categories\\\/regions\\\/suisse\\\/region-zentralschweiz\\\/#listItem\",\"name\":\"Zentralschweiz\"}},{\"@type\":\"ListItem\",\"@id\":\"https:\\\/\\\/www.immo-invest.ch\\\/fr\\\/neue-stiftung-soll-kmu-nach-vorne-bringen\\\/#listItem\",\"position\":6,\"name\":\"Une nouvelle fondation pour faire avancer les PME\",\"previousItem\":{\"@type\":\"ListItem\",\"@id\":\"https:\\\/\\\/www.immo-invest.ch\\\/fr\\\/categories\\\/regions\\\/suisse\\\/region-zentralschweiz\\\/region-lucerne\\\/#listItem\",\"name\":\"Lucerne\"}}]},{\"@type\":\"Organization\",\"@id\":\"https:\\\/\\\/www.immo-invest.ch\\\/fr\\\/#organization\",\"name\":\"immo!nvest - Die Plattform f\\u00fcr Standorte und Immobilien\",\"description\":\"Die\\u00a0Plattform f\\u00fcr Standorte und Immobilien\",\"url\":\"https:\\\/\\\/www.immo-invest.ch\\\/fr\\\/\",\"email\":\"admin@immomedia.ag\",\"telephone\":\"+41444420002\",\"logo\":{\"@type\":\"ImageObject\",\"url\":\"https:\\\/\\\/www.immo-invest.ch\\\/wp-content\\\/uploads\\\/2024\\\/09\\\/immoinvest_sm-scaled.jpg\",\"@id\":\"https:\\\/\\\/www.immo-invest.ch\\\/fr\\\/neue-stiftung-soll-kmu-nach-vorne-bringen\\\/#organizationLogo\",\"width\":2560,\"height\":1340},\"image\":{\"@id\":\"https:\\\/\\\/www.immo-invest.ch\\\/fr\\\/neue-stiftung-soll-kmu-nach-vorne-bringen\\\/#organizationLogo\"},\"sameAs\":[\"https:\\\/\\\/www.facebook.com\\\/people\\\/Immoinvest\\\/100077962920504\\\/\",\"https:\\\/\\\/x.com\\\/i\\\/flow\\\/login?redirect_after_login=immoinvest_ch\",\"https:\\\/\\\/www.instagram.com\\\/immoinvest_ch\\\/\",\"https:\\\/\\\/www.linkedin.com\\\/company\\\/immoinvest-swiss\"]},{\"@type\":\"Person\",\"@id\":\"https:\\\/\\\/www.immo-invest.ch\\\/fr\\\/author\\\/immovestuser\\\/#author\",\"url\":\"https:\\\/\\\/www.immo-invest.ch\\\/fr\\\/author\\\/immovestuser\\\/\",\"name\":\"immovestuser\",\"image\":{\"@type\":\"ImageObject\",\"@id\":\"https:\\\/\\\/www.immo-invest.ch\\\/fr\\\/neue-stiftung-soll-kmu-nach-vorne-bringen\\\/#authorImage\",\"url\":\"https:\\\/\\\/secure.gravatar.com\\\/avatar\\\/8e01f4d99f2eeea7a362ebb93305e1172a70e9293ba250f897a65c39f54cdd1e?s=96&d=mm&r=g\",\"width\":96,\"height\":96,\"caption\":\"immovestuser\"}},{\"@type\":\"WebPage\",\"@id\":\"https:\\\/\\\/www.immo-invest.ch\\\/fr\\\/neue-stiftung-soll-kmu-nach-vorne-bringen\\\/#webpage\",\"url\":\"https:\\\/\\\/www.immo-invest.ch\\\/fr\\\/neue-stiftung-soll-kmu-nach-vorne-bringen\\\/\",\"name\":\"Une nouvelle fondation pour faire avancer les PME - immo!nvest - Die Plattform f\\u00fcr Standorte und Immobilien\",\"description\":\"En mati\\u00e8re de comp\\u00e9titivit\\u00e9, Lucerne se situe tout juste dans le premier tiers des cantons. Mais en mati\\u00e8re de capacit\\u00e9 d'innovation, il est loin derri\\u00e8re. Cela doit changer. Le Conseil d'Etat demande au Grand Conseil un cr\\u00e9dit sp\\u00e9cial de 24 millions de francs pour une nouvelle fondation qui doit soutenir de mani\\u00e8re cibl\\u00e9e les PME dans leurs projets d'innovation. Un projet de rattrapage avec le vent politique en poupe - et une votation populaire en automne.\",\"inLanguage\":\"fr-FR\",\"isPartOf\":{\"@id\":\"https:\\\/\\\/www.immo-invest.ch\\\/fr\\\/#website\"},\"breadcrumb\":{\"@id\":\"https:\\\/\\\/www.immo-invest.ch\\\/fr\\\/neue-stiftung-soll-kmu-nach-vorne-bringen\\\/#breadcrumblist\"},\"author\":{\"@id\":\"https:\\\/\\\/www.immo-invest.ch\\\/fr\\\/author\\\/immovestuser\\\/#author\"},\"creator\":{\"@id\":\"https:\\\/\\\/www.immo-invest.ch\\\/fr\\\/author\\\/immovestuser\\\/#author\"},\"image\":{\"@type\":\"ImageObject\",\"url\":\"https:\\\/\\\/www.immo-invest.ch\\\/wp-content\\\/uploads\\\/2024\\\/08\\\/unsplash_luzern-scaled.jpg\",\"@id\":\"https:\\\/\\\/www.immo-invest.ch\\\/fr\\\/neue-stiftung-soll-kmu-nach-vorne-bringen\\\/#mainImage\",\"width\":2560,\"height\":1707},\"primaryImageOfPage\":{\"@id\":\"https:\\\/\\\/www.immo-invest.ch\\\/fr\\\/neue-stiftung-soll-kmu-nach-vorne-bringen\\\/#mainImage\"},\"datePublished\":\"2026-04-07T14:41:16+02:00\",\"dateModified\":\"2026-04-07T15:06:16+02:00\"},{\"@type\":\"WebSite\",\"@id\":\"https:\\\/\\\/www.immo-invest.ch\\\/fr\\\/#website\",\"url\":\"https:\\\/\\\/www.immo-invest.ch\\\/fr\\\/\",\"name\":\"immo!nvest - Die Plattform f\\u00fcr Standorte und Immobilien\",\"description\":\"Die\\u00a0Plattform f\\u00fcr Standorte und Immobilien\",\"inLanguage\":\"fr-FR\",\"publisher\":{\"@id\":\"https:\\\/\\\/www.immo-invest.ch\\\/fr\\\/#organization\"}}]}\n\t\t<\/script>\n\t\t<!-- All in One SEO -->\n\n","aioseo_head_json":{"title":"Une nouvelle fondation pour faire avancer les PME - immo!nvest - Die Plattform f\u00fcr Standorte und Immobilien","description":"En mati\u00e8re de comp\u00e9titivit\u00e9, Lucerne se situe tout juste dans le premier tiers des cantons. Mais en mati\u00e8re de capacit\u00e9 d'innovation, il est loin derri\u00e8re. Cela doit changer. Le Conseil d'Etat demande au Grand Conseil un cr\u00e9dit sp\u00e9cial de 24 millions de francs pour une nouvelle fondation qui doit soutenir de mani\u00e8re cibl\u00e9e les PME dans leurs projets d'innovation. Un projet de rattrapage avec le vent politique en poupe - et une votation populaire en automne.","canonical_url":"https:\/\/www.immo-invest.ch\/fr\/neue-stiftung-soll-kmu-nach-vorne-bringen\/","robots":"max-image-preview:large","keywords":"","webmasterTools":{"google-site-verification":"fHJKvgWpZCR2zVBHWfkQeFXC11qieUSff0HGNYfuyLA","miscellaneous":""},"schema":{"@context":"https:\/\/schema.org","@graph":[{"@type":"BlogPosting","@id":"https:\/\/www.immo-invest.ch\/fr\/neue-stiftung-soll-kmu-nach-vorne-bringen\/#blogposting","name":"Une nouvelle fondation pour faire avancer les PME - immo!nvest - Die Plattform f\u00fcr Standorte und Immobilien","headline":"Une nouvelle fondation pour faire avancer les PME","author":{"@id":"https:\/\/www.immo-invest.ch\/fr\/author\/immovestuser\/#author"},"publisher":{"@id":"https:\/\/www.immo-invest.ch\/fr\/#organization"},"image":{"@type":"ImageObject","url":"https:\/\/www.immo-invest.ch\/wp-content\/uploads\/2024\/08\/unsplash_luzern-scaled.jpg","width":2560,"height":1707},"datePublished":"2026-04-07T14:41:16+02:00","dateModified":"2026-04-07T15:06:16+02:00","inLanguage":"fr-FR","mainEntityOfPage":{"@id":"https:\/\/www.immo-invest.ch\/fr\/neue-stiftung-soll-kmu-nach-vorne-bringen\/#webpage"},"isPartOf":{"@id":"https:\/\/www.immo-invest.ch\/fr\/neue-stiftung-soll-kmu-nach-vorne-bringen\/#webpage"},"articleSection":"Entreprise, Lucerne, Promotion du site, Strat\u00e9gies de financement, immoNews, Innovationspolitik, Standortentwicklung, Facultatif"},{"@type":"BreadcrumbList","@id":"https:\/\/www.immo-invest.ch\/fr\/neue-stiftung-soll-kmu-nach-vorne-bringen\/#breadcrumblist","itemListElement":[{"@type":"ListItem","@id":"https:\/\/www.immo-invest.ch\/fr\/#listItem","position":1,"name":"Home","item":"https:\/\/www.immo-invest.ch\/fr\/","nextItem":{"@type":"ListItem","@id":"https:\/\/www.immo-invest.ch\/fr\/categories\/regions\/#listItem","name":"R\u00e9gions"}},{"@type":"ListItem","@id":"https:\/\/www.immo-invest.ch\/fr\/categories\/regions\/#listItem","position":2,"name":"R\u00e9gions","item":"https:\/\/www.immo-invest.ch\/fr\/categories\/regions\/","nextItem":{"@type":"ListItem","@id":"https:\/\/www.immo-invest.ch\/fr\/categories\/regions\/suisse\/#listItem","name":"Suisse"},"previousItem":{"@type":"ListItem","@id":"https:\/\/www.immo-invest.ch\/fr\/#listItem","name":"Home"}},{"@type":"ListItem","@id":"https:\/\/www.immo-invest.ch\/fr\/categories\/regions\/suisse\/#listItem","position":3,"name":"Suisse","item":"https:\/\/www.immo-invest.ch\/fr\/categories\/regions\/suisse\/","nextItem":{"@type":"ListItem","@id":"https:\/\/www.immo-invest.ch\/fr\/categories\/regions\/suisse\/region-zentralschweiz\/#listItem","name":"Zentralschweiz"},"previousItem":{"@type":"ListItem","@id":"https:\/\/www.immo-invest.ch\/fr\/categories\/regions\/#listItem","name":"R\u00e9gions"}},{"@type":"ListItem","@id":"https:\/\/www.immo-invest.ch\/fr\/categories\/regions\/suisse\/region-zentralschweiz\/#listItem","position":4,"name":"Zentralschweiz","item":"https:\/\/www.immo-invest.ch\/fr\/categories\/regions\/suisse\/region-zentralschweiz\/","nextItem":{"@type":"ListItem","@id":"https:\/\/www.immo-invest.ch\/fr\/categories\/regions\/suisse\/region-zentralschweiz\/region-lucerne\/#listItem","name":"Lucerne"},"previousItem":{"@type":"ListItem","@id":"https:\/\/www.immo-invest.ch\/fr\/categories\/regions\/suisse\/#listItem","name":"Suisse"}},{"@type":"ListItem","@id":"https:\/\/www.immo-invest.ch\/fr\/categories\/regions\/suisse\/region-zentralschweiz\/region-lucerne\/#listItem","position":5,"name":"Lucerne","item":"https:\/\/www.immo-invest.ch\/fr\/categories\/regions\/suisse\/region-zentralschweiz\/region-lucerne\/","nextItem":{"@type":"ListItem","@id":"https:\/\/www.immo-invest.ch\/fr\/neue-stiftung-soll-kmu-nach-vorne-bringen\/#listItem","name":"Une nouvelle fondation pour faire avancer les PME"},"previousItem":{"@type":"ListItem","@id":"https:\/\/www.immo-invest.ch\/fr\/categories\/regions\/suisse\/region-zentralschweiz\/#listItem","name":"Zentralschweiz"}},{"@type":"ListItem","@id":"https:\/\/www.immo-invest.ch\/fr\/neue-stiftung-soll-kmu-nach-vorne-bringen\/#listItem","position":6,"name":"Une nouvelle fondation pour faire avancer les PME","previousItem":{"@type":"ListItem","@id":"https:\/\/www.immo-invest.ch\/fr\/categories\/regions\/suisse\/region-zentralschweiz\/region-lucerne\/#listItem","name":"Lucerne"}}]},{"@type":"Organization","@id":"https:\/\/www.immo-invest.ch\/fr\/#organization","name":"immo!nvest - Die Plattform f\u00fcr Standorte und Immobilien","description":"Die\u00a0Plattform f\u00fcr Standorte und Immobilien","url":"https:\/\/www.immo-invest.ch\/fr\/","email":"admin@immomedia.ag","telephone":"+41444420002","logo":{"@type":"ImageObject","url":"https:\/\/www.immo-invest.ch\/wp-content\/uploads\/2024\/09\/immoinvest_sm-scaled.jpg","@id":"https:\/\/www.immo-invest.ch\/fr\/neue-stiftung-soll-kmu-nach-vorne-bringen\/#organizationLogo","width":2560,"height":1340},"image":{"@id":"https:\/\/www.immo-invest.ch\/fr\/neue-stiftung-soll-kmu-nach-vorne-bringen\/#organizationLogo"},"sameAs":["https:\/\/www.facebook.com\/people\/Immoinvest\/100077962920504\/","https:\/\/x.com\/i\/flow\/login?redirect_after_login=immoinvest_ch","https:\/\/www.instagram.com\/immoinvest_ch\/","https:\/\/www.linkedin.com\/company\/immoinvest-swiss"]},{"@type":"Person","@id":"https:\/\/www.immo-invest.ch\/fr\/author\/immovestuser\/#author","url":"https:\/\/www.immo-invest.ch\/fr\/author\/immovestuser\/","name":"immovestuser","image":{"@type":"ImageObject","@id":"https:\/\/www.immo-invest.ch\/fr\/neue-stiftung-soll-kmu-nach-vorne-bringen\/#authorImage","url":"https:\/\/secure.gravatar.com\/avatar\/8e01f4d99f2eeea7a362ebb93305e1172a70e9293ba250f897a65c39f54cdd1e?s=96&d=mm&r=g","width":96,"height":96,"caption":"immovestuser"}},{"@type":"WebPage","@id":"https:\/\/www.immo-invest.ch\/fr\/neue-stiftung-soll-kmu-nach-vorne-bringen\/#webpage","url":"https:\/\/www.immo-invest.ch\/fr\/neue-stiftung-soll-kmu-nach-vorne-bringen\/","name":"Une nouvelle fondation pour faire avancer les PME - immo!nvest - Die Plattform f\u00fcr Standorte und Immobilien","description":"En mati\u00e8re de comp\u00e9titivit\u00e9, Lucerne se situe tout juste dans le premier tiers des cantons. Mais en mati\u00e8re de capacit\u00e9 d'innovation, il est loin derri\u00e8re. Cela doit changer. Le Conseil d'Etat demande au Grand Conseil un cr\u00e9dit sp\u00e9cial de 24 millions de francs pour une nouvelle fondation qui doit soutenir de mani\u00e8re cibl\u00e9e les PME dans leurs projets d'innovation. Un projet de rattrapage avec le vent politique en poupe - et une votation populaire en automne.","inLanguage":"fr-FR","isPartOf":{"@id":"https:\/\/www.immo-invest.ch\/fr\/#website"},"breadcrumb":{"@id":"https:\/\/www.immo-invest.ch\/fr\/neue-stiftung-soll-kmu-nach-vorne-bringen\/#breadcrumblist"},"author":{"@id":"https:\/\/www.immo-invest.ch\/fr\/author\/immovestuser\/#author"},"creator":{"@id":"https:\/\/www.immo-invest.ch\/fr\/author\/immovestuser\/#author"},"image":{"@type":"ImageObject","url":"https:\/\/www.immo-invest.ch\/wp-content\/uploads\/2024\/08\/unsplash_luzern-scaled.jpg","@id":"https:\/\/www.immo-invest.ch\/fr\/neue-stiftung-soll-kmu-nach-vorne-bringen\/#mainImage","width":2560,"height":1707},"primaryImageOfPage":{"@id":"https:\/\/www.immo-invest.ch\/fr\/neue-stiftung-soll-kmu-nach-vorne-bringen\/#mainImage"},"datePublished":"2026-04-07T14:41:16+02:00","dateModified":"2026-04-07T15:06:16+02:00"},{"@type":"WebSite","@id":"https:\/\/www.immo-invest.ch\/fr\/#website","url":"https:\/\/www.immo-invest.ch\/fr\/","name":"immo!nvest - Die Plattform f\u00fcr Standorte und Immobilien","description":"Die\u00a0Plattform f\u00fcr Standorte und Immobilien","inLanguage":"fr-FR","publisher":{"@id":"https:\/\/www.immo-invest.ch\/fr\/#organization"}}]},"og:locale":"fr_FR","og:site_name":"immo!nvest - Die Plattform f\u00fcr Standorte und Immobilien - Die\u00a0Plattform f\u00fcr Standorte und Immobilien","og:type":"article","og:title":"Une nouvelle fondation pour faire avancer les PME - immo!nvest - Die Plattform f\u00fcr Standorte und Immobilien","og:description":"En mati\u00e8re de comp\u00e9titivit\u00e9, Lucerne se situe tout juste dans le premier tiers des cantons. Mais en mati\u00e8re de capacit\u00e9 d'innovation, il est loin derri\u00e8re. Cela doit changer. Le Conseil d'Etat demande au Grand Conseil un cr\u00e9dit sp\u00e9cial de 24 millions de francs pour une nouvelle fondation qui doit soutenir de mani\u00e8re cibl\u00e9e les PME dans leurs projets d'innovation. Un projet de rattrapage avec le vent politique en poupe - et une votation populaire en automne.","og:url":"https:\/\/www.immo-invest.ch\/fr\/neue-stiftung-soll-kmu-nach-vorne-bringen\/","og:image":"https:\/\/www.immo-invest.ch\/wp-content\/uploads\/2024\/08\/unsplash_luzern-scaled.jpg","og:image:secure_url":"https:\/\/www.immo-invest.ch\/wp-content\/uploads\/2024\/08\/unsplash_luzern-scaled.jpg","og:image:width":2560,"og:image:height":1707,"article:published_time":"2026-04-07T12:41:16+00:00","article:modified_time":"2026-04-07T13:06:16+00:00","article:publisher":"https:\/\/www.facebook.com\/people\/Immoinvest\/100077962920504\/","twitter:card":"summary_large_image","twitter:site":"@i","twitter:title":"Une nouvelle fondation pour faire avancer les PME - immo!nvest - Die Plattform f\u00fcr Standorte und Immobilien","twitter:description":"En mati\u00e8re de comp\u00e9titivit\u00e9, Lucerne se situe tout juste dans le premier tiers des cantons. Mais en mati\u00e8re de capacit\u00e9 d'innovation, il est loin derri\u00e8re. Cela doit changer. Le Conseil d'Etat demande au Grand Conseil un cr\u00e9dit sp\u00e9cial de 24 millions de francs pour une nouvelle fondation qui doit soutenir de mani\u00e8re cibl\u00e9e les PME dans leurs projets d'innovation. Un projet de rattrapage avec le vent politique en poupe - et une votation populaire en automne.","twitter:creator":"@i","twitter:image":"https:\/\/www.immo-invest.ch\/wp-content\/uploads\/2024\/08\/unsplash_luzern-scaled.jpg"},"aioseo_meta_data":{"post_id":"152862","title":null,"description":null,"keywords":null,"keyphrases":null,"primary_term":null,"canonical_url":null,"og_title":null,"og_description":null,"og_object_type":"default","og_image_type":"default","og_image_url":null,"og_image_width":null,"og_image_height":null,"og_image_custom_url":null,"og_image_custom_fields":null,"og_video":null,"og_custom_url":null,"og_article_section":null,"og_article_tags":null,"twitter_use_og":false,"twitter_card":"default","twitter_image_type":"default","twitter_image_url":null,"twitter_image_custom_url":null,"twitter_image_custom_fields":null,"twitter_title":null,"twitter_description":null,"schema":{"blockGraphs":[],"customGraphs":[],"default":{"data":{"Article":[],"Course":[],"Dataset":[],"FAQPage":[],"Movie":[],"Person":[],"Product":[],"ProductReview":[],"Car":[],"Recipe":[],"Service":[],"SoftwareApplication":[],"WebPage":[]},"graphName":"","isEnabled":true},"graphs":[]},"schema_type":"default","schema_type_options":null,"pillar_content":false,"robots_default":true,"robots_noindex":false,"robots_noarchive":false,"robots_nosnippet":false,"robots_nofollow":false,"robots_noimageindex":false,"robots_noodp":false,"robots_notranslate":false,"robots_max_snippet":null,"robots_max_videopreview":null,"robots_max_imagepreview":"large","priority":null,"frequency":null,"local_seo":null,"breadcrumb_settings":null,"limit_modified_date":false,"ai":null,"created":"2026-04-07 12:57:50","updated":"2026-04-07 14:01:03","seo_analyzer_scan_date":null,"focus_keyword":null,"additional_keywords":null,"truseo_locale":null},"aioseo_breadcrumb":"<div class=\"aioseo-breadcrumbs\"><span class=\"aioseo-breadcrumb\">\n\t\t\t<a href=\"https:\/\/www.immo-invest.ch\/fr\/\" title=\"Home\">Home<\/a>\n\t\t<\/span><span class=\"aioseo-breadcrumb-separator\">&raquo;<\/span><span class=\"aioseo-breadcrumb\">\n\t\t\t<a href=\"https:\/\/www.immo-invest.ch\/fr\/categories\/regions\/\" title=\"R\u00e9gions\">R\u00e9gions<\/a>\n\t\t<\/span><span class=\"aioseo-breadcrumb-separator\">&raquo;<\/span><span class=\"aioseo-breadcrumb\">\n\t\t\t<a href=\"https:\/\/www.immo-invest.ch\/fr\/categories\/regions\/suisse\/\" title=\"Suisse\">Suisse<\/a>\n\t\t<\/span><span class=\"aioseo-breadcrumb-separator\">&raquo;<\/span><span class=\"aioseo-breadcrumb\">\n\t\t\t<a href=\"https:\/\/www.immo-invest.ch\/fr\/categories\/regions\/suisse\/region-zentralschweiz\/\" title=\"Zentralschweiz\">Zentralschweiz<\/a>\n\t\t<\/span><span class=\"aioseo-breadcrumb-separator\">&raquo;<\/span><span class=\"aioseo-breadcrumb\">\n\t\t\t<a href=\"https:\/\/www.immo-invest.ch\/fr\/categories\/regions\/suisse\/region-zentralschweiz\/region-lucerne\/\" title=\"Lucerne\">Lucerne<\/a>\n\t\t<\/span><span class=\"aioseo-breadcrumb-separator\">&raquo;<\/span><span class=\"aioseo-breadcrumb\">\n\t\t\tUne nouvelle fondation pour faire avancer les PME\n\t\t<\/span><\/div>","aioseo_breadcrumb_json":[{"label":"Home","link":"https:\/\/www.immo-invest.ch\/fr\/"},{"label":"R\u00e9gions","link":"https:\/\/www.immo-invest.ch\/fr\/categories\/regions\/"},{"label":"Suisse","link":"https:\/\/www.immo-invest.ch\/fr\/categories\/regions\/suisse\/"},{"label":"Zentralschweiz","link":"https:\/\/www.immo-invest.ch\/fr\/categories\/regions\/suisse\/region-zentralschweiz\/"},{"label":"Lucerne","link":"https:\/\/www.immo-invest.ch\/fr\/categories\/regions\/suisse\/region-zentralschweiz\/region-lucerne\/"},{"label":"Une nouvelle fondation pour faire avancer les PME","link":"https:\/\/www.immo-invest.ch\/fr\/neue-stiftung-soll-kmu-nach-vorne-bringen\/"}],"featured_image_src":"https:\/\/www.immo-invest.ch\/wp-content\/uploads\/2024\/08\/unsplash_luzern-336x168.jpg","_links":{"self":[{"href":"https:\/\/www.immo-invest.ch\/fr\/wp-json\/wp\/v2\/posts\/152862","targetHints":{"allow":["GET"]}}],"collection":[{"href":"https:\/\/www.immo-invest.ch\/fr\/wp-json\/wp\/v2\/posts"}],"about":[{"href":"https:\/\/www.immo-invest.ch\/fr\/wp-json\/wp\/v2\/types\/post"}],"author":[{"embeddable":true,"href":"https:\/\/www.immo-invest.ch\/fr\/wp-json\/wp\/v2\/users\/2"}],"replies":[{"embeddable":true,"href":"https:\/\/www.immo-invest.ch\/fr\/wp-json\/wp\/v2\/comments?post=152862"}],"version-history":[{"count":1,"href":"https:\/\/www.immo-invest.ch\/fr\/wp-json\/wp\/v2\/posts\/152862\/revisions"}],"predecessor-version":[{"id":152866,"href":"https:\/\/www.immo-invest.ch\/fr\/wp-json\/wp\/v2\/posts\/152862\/revisions\/152866"}],"wp:featuredmedia":[{"embeddable":true,"href":"https:\/\/www.immo-invest.ch\/fr\/wp-json\/wp\/v2\/media\/111460"}],"wp:attachment":[{"href":"https:\/\/www.immo-invest.ch\/fr\/wp-json\/wp\/v2\/media?parent=152862"}],"wp:term":[{"taxonomy":"category","embeddable":true,"href":"https:\/\/www.immo-invest.ch\/fr\/wp-json\/wp\/v2\/categories?post=152862"},{"taxonomy":"post_tag","embeddable":true,"href":"https:\/\/www.immo-invest.ch\/fr\/wp-json\/wp\/v2\/tags?post=152862"}],"curies":[{"name":"wp","href":"https:\/\/api.w.org\/{rel}","templated":true}]}}