{"id":152654,"date":"2026-04-06T08:20:00","date_gmt":"2026-04-06T06:20:00","guid":{"rendered":"https:\/\/www.immo-invest.ch\/?p=152654"},"modified":"2026-04-01T11:20:38","modified_gmt":"2026-04-01T09:20:38","slug":"aargau-verkehr-setzt-auf-eigenstrom-fuer-e-busse","status":"publish","type":"post","link":"https:\/\/www.immo-invest.ch\/fr\/aargau-verkehr-setzt-auf-eigenstrom-fuer-e-busse\/","title":{"rendered":"Aargau Verkehr mise sur sa propre production d&rsquo;\u00e9lectricit\u00e9 pour ses bus \u00e9lectriques"},"content":{"rendered":"<p class=\"bodytext\">La soci&eacute;t&eacute; Aargau Verkehr AG (<a href=\"http:\/\/www.aargauverkehr.ch\" target=\"_blank\" rel=\"noopener\">AVA<\/a>) a install&eacute;, en collaboration avec le prestataire de services &eacute;nerg&eacute;tiques AEW Energie AG (<a href=\"http:\/\/www.aew.ch\" target=\"_blank\" rel=\"noopener\">AEW<\/a>), une installation photovolta&iuml;que sur le site du d&eacute;p&ocirc;t de bus de Fahrwangen. Selon un <a href=\"http:\/\/www.aargauverkehr.ch\/aktuell\/blog\/aargau-verkehr-installiert-photovoltaikanlage-auf-dem-busdepot-fahrwangen-1\" target=\"_blank\" rel=\"noopener\">communiqu&eacute;<\/a>, l&rsquo;installation a &eacute;t&eacute; mise en service en mars. &Agrave; partir d&rsquo;octobre, elle devrait fonctionner &agrave; plein r&eacute;gime et produire elle-m&ecirc;me une partie de l&rsquo;&eacute;lectricit&eacute; n&eacute;cessaire &agrave; la recharge des bus &eacute;lectriques qui y seront stationn&eacute;s &agrave; l&rsquo;avenir.<\/p>\n<p class=\"bodytext\">L&rsquo;investissement dans l&rsquo;installation solaire elle-m&ecirc;me s&rsquo;&eacute;l&egrave;ve &agrave; environ 100 000 francs. Le raccordement &eacute;lectrique et le raccordement au r&eacute;seau pour l&rsquo;installation solaire et l&rsquo;infrastructure de recharge co&ucirc;tent 60 000 francs suppl&eacute;mentaires.<\/p>\n<p class=\"bodytext\">&laquo; Cette installation constitue une &eacute;tape importante vers l&rsquo;autosuffisance &eacute;nerg&eacute;tique &raquo;, d&eacute;clare Mathias Gr&uuml;nenfelder dans le communiqu&eacute;. &laquo; M&ecirc;me si nous n&rsquo;utiliserons pleinement l&rsquo;&eacute;lectricit&eacute; solaire qu&rsquo;avec les nouveaux v&eacute;hicules &agrave; partir de 2026, la d&eacute;cision &eacute;tait claire : les besoins en &eacute;lectricit&eacute; augmentent &ndash; et nous voulons les couvrir de la mani&egrave;re la plus durable possible &raquo;, explique le directeur g&eacute;n&eacute;ral adjoint et responsable des grands projets chez Aargau Verkehr AG.<\/p>\n","protected":false},"excerpt":{"rendered":"<p>La soci\u00e9t\u00e9 Aargau Verkehr AG a construit, en collaboration avec AEW Energie AG, une installation photovolta\u00efque sur le d\u00e9p\u00f4t de bus de Fahrwangen. Depuis mars, cette installation produit de l&rsquo;\u00e9lectricit\u00e9 solaire. Elle devrait fonctionner \u00e0 plein r\u00e9gime d&rsquo;ici le lancement des nouveaux bus \u00e9lectriques, pr\u00e9vu en octobre 2026.<\/p>\n","protected":false},"author":2,"featured_media":152655,"comment_status":"open","ping_status":"open","sticky":false,"template":"","format":"standard","meta":{"pmpro_default_level":"","inline_featured_image":false,"_monsterinsights_skip_tracking":false,"footnotes":""},"categories":[22699,8747,743,22438],"tags":[58206,872,3931,2002,58207,58208],"class_list":["post-152654","post","type-post","status-publish","format-standard","has-post-thumbnail","hentry","category-durabilite","category-energie","category-immonews-fr","category-trends-fr","tag-elektromobilitaet-aargau","tag-immoinvest-fr","tag-immonews-fr","tag-news-fr","tag-photovoltaik-busdepot","tag-solarstrom-verkehr","pmpro-has-access"],"acf":{"bild_mit_ki_erstellt_worden":["Ja"],"lead":"Die Aargau Verkehr AG hat mit der AEW Energie AG eine Photovoltaikanlage auf dem Busdepot in Fahrwangen errichtet. Seit M\u00e4rz liefert die Anlage den ersten Solarstrom. Beim Starttermin der neuen Elektrobusse im Oktober 2026 soll die Anlage vollst\u00e4ndig genutzt werden.","autor":"ce\/heg","ort":"Aarau\/Fahrwangen AG","bildunterschrift":"","bild_im_grid":false,"gallerie":"","newsim":""},"aioseo_notices":[],"aioseo_head":"\n\t\t<!-- All in One SEO 5.0.0.1 - aioseo.com -->\n\t<meta name=\"description\" content=\"La soci\u00e9t\u00e9 Aargau Verkehr AG a construit, en collaboration avec AEW Energie AG, une installation photovolta\u00efque sur le d\u00e9p\u00f4t de bus de Fahrwangen. Depuis mars, cette installation produit de l&#039;\u00e9lectricit\u00e9 solaire. Elle devrait fonctionner \u00e0 plein r\u00e9gime d&#039;ici le lancement des nouveaux bus \u00e9lectriques, pr\u00e9vu en octobre 2026.\" \/>\n\t<meta name=\"robots\" content=\"max-image-preview:large\" \/>\n\t<meta name=\"author\" content=\"immovestuser\"\/>\n\t<meta name=\"google-site-verification\" content=\"fHJKvgWpZCR2zVBHWfkQeFXC11qieUSff0HGNYfuyLA\" \/>\n\t<link rel=\"canonical\" href=\"https:\/\/www.immo-invest.ch\/fr\/aargau-verkehr-setzt-auf-eigenstrom-fuer-e-busse\/\" \/>\n\t<meta name=\"generator\" content=\"All in One SEO (AIOSEO) 5.0.0.1\" \/>\n\t\t<meta property=\"og:locale\" content=\"fr_FR\" \/>\n\t\t<meta property=\"og:site_name\" content=\"immo!nvest - Die Plattform f\u00fcr Standorte und Immobilien - Die\u00a0Plattform f\u00fcr Standorte und Immobilien\" \/>\n\t\t<meta property=\"og:type\" content=\"article\" \/>\n\t\t<meta property=\"og:title\" content=\"Aargau Verkehr mise sur sa propre production d\u2019\u00e9lectricit\u00e9 pour ses bus \u00e9lectriques - immo!nvest - Die Plattform f\u00fcr Standorte und Immobilien\" \/>\n\t\t<meta property=\"og:description\" content=\"La soci\u00e9t\u00e9 Aargau Verkehr AG a construit, en collaboration avec AEW Energie AG, une installation photovolta\u00efque sur le d\u00e9p\u00f4t de bus de Fahrwangen. Depuis mars, cette installation produit de l&#039;\u00e9lectricit\u00e9 solaire. Elle devrait fonctionner \u00e0 plein r\u00e9gime d&#039;ici le lancement des nouveaux bus \u00e9lectriques, pr\u00e9vu en octobre 2026.\" \/>\n\t\t<meta property=\"og:url\" content=\"https:\/\/www.immo-invest.ch\/fr\/aargau-verkehr-setzt-auf-eigenstrom-fuer-e-busse\/\" \/>\n\t\t<meta property=\"og:image\" content=\"https:\/\/www.immo-invest.ch\/wp-content\/uploads\/2026\/03\/ChatGPT01.png\" \/>\n\t\t<meta property=\"og:image:secure_url\" content=\"https:\/\/www.immo-invest.ch\/wp-content\/uploads\/2026\/03\/ChatGPT01.png\" \/>\n\t\t<meta property=\"og:image:width\" content=\"1536\" \/>\n\t\t<meta property=\"og:image:height\" content=\"768\" \/>\n\t\t<meta property=\"article:published_time\" content=\"2026-04-06T06:20:00+00:00\" \/>\n\t\t<meta property=\"article:modified_time\" content=\"2026-04-01T09:20:38+00:00\" \/>\n\t\t<meta property=\"article:publisher\" content=\"https:\/\/www.facebook.com\/people\/Immoinvest\/100077962920504\/\" \/>\n\t\t<meta name=\"twitter:card\" content=\"summary_large_image\" \/>\n\t\t<meta name=\"twitter:site\" content=\"@i\" \/>\n\t\t<meta name=\"twitter:title\" content=\"Aargau Verkehr mise sur sa propre production d\u2019\u00e9lectricit\u00e9 pour ses bus \u00e9lectriques - immo!nvest - Die Plattform f\u00fcr Standorte und Immobilien\" \/>\n\t\t<meta name=\"twitter:description\" content=\"La soci\u00e9t\u00e9 Aargau Verkehr AG a construit, en collaboration avec AEW Energie AG, une installation photovolta\u00efque sur le d\u00e9p\u00f4t de bus de Fahrwangen. Depuis mars, cette installation produit de l&#039;\u00e9lectricit\u00e9 solaire. Elle devrait fonctionner \u00e0 plein r\u00e9gime d&#039;ici le lancement des nouveaux bus \u00e9lectriques, pr\u00e9vu en octobre 2026.\" \/>\n\t\t<meta name=\"twitter:creator\" content=\"@i\" \/>\n\t\t<meta name=\"twitter:image\" content=\"https:\/\/www.immo-invest.ch\/wp-content\/uploads\/2026\/03\/ChatGPT01.png\" \/>\n\t\t<script type=\"application\/ld+json\" class=\"aioseo-schema\">\n\t\t\t{\"@context\":\"https:\\\/\\\/schema.org\",\"@graph\":[{\"@type\":\"BlogPosting\",\"@id\":\"https:\\\/\\\/www.immo-invest.ch\\\/fr\\\/aargau-verkehr-setzt-auf-eigenstrom-fuer-e-busse\\\/#blogposting\",\"name\":\"Aargau Verkehr mise sur sa propre production d\\u2019\\u00e9lectricit\\u00e9 pour ses bus \\u00e9lectriques - immo!nvest - Die Plattform f\\u00fcr Standorte und Immobilien\",\"headline\":\"Aargau Verkehr mise sur sa propre production d&rsquo;\\u00e9lectricit\\u00e9 pour ses bus \\u00e9lectriques\",\"author\":{\"@id\":\"https:\\\/\\\/www.immo-invest.ch\\\/fr\\\/author\\\/immovestuser\\\/#author\"},\"publisher\":{\"@id\":\"https:\\\/\\\/www.immo-invest.ch\\\/fr\\\/#organization\"},\"image\":{\"@type\":\"ImageObject\",\"url\":\"https:\\\/\\\/www.immo-invest.ch\\\/wp-content\\\/uploads\\\/2026\\\/03\\\/ChatGPT01.png\",\"width\":1536,\"height\":768},\"datePublished\":\"2026-04-06T08:20:00+02:00\",\"dateModified\":\"2026-04-01T11:20:38+02:00\",\"inLanguage\":\"fr-FR\",\"mainEntityOfPage\":{\"@id\":\"https:\\\/\\\/www.immo-invest.ch\\\/fr\\\/aargau-verkehr-setzt-auf-eigenstrom-fuer-e-busse\\\/#webpage\"},\"isPartOf\":{\"@id\":\"https:\\\/\\\/www.immo-invest.ch\\\/fr\\\/aargau-verkehr-setzt-auf-eigenstrom-fuer-e-busse\\\/#webpage\"},\"articleSection\":\"Durabilit\\u00e9, \\u00c9nergie, immoNews, Trends, Elektromobilitaet Aargau, Immoinvest, immoNews, News, Photovoltaik Busdepot, Solarstrom Verkehr, Facultatif\"},{\"@type\":\"BreadcrumbList\",\"@id\":\"https:\\\/\\\/www.immo-invest.ch\\\/fr\\\/aargau-verkehr-setzt-auf-eigenstrom-fuer-e-busse\\\/#breadcrumblist\",\"itemListElement\":[{\"@type\":\"ListItem\",\"@id\":\"https:\\\/\\\/www.immo-invest.ch\\\/fr\\\/#listItem\",\"position\":1,\"name\":\"Home\",\"item\":\"https:\\\/\\\/www.immo-invest.ch\\\/fr\\\/\",\"nextItem\":{\"@type\":\"ListItem\",\"@id\":\"https:\\\/\\\/www.immo-invest.ch\\\/fr\\\/categories\\\/trends-fr\\\/#listItem\",\"name\":\"Trends\"}},{\"@type\":\"ListItem\",\"@id\":\"https:\\\/\\\/www.immo-invest.ch\\\/fr\\\/categories\\\/trends-fr\\\/#listItem\",\"position\":2,\"name\":\"Trends\",\"item\":\"https:\\\/\\\/www.immo-invest.ch\\\/fr\\\/categories\\\/trends-fr\\\/\",\"nextItem\":{\"@type\":\"ListItem\",\"@id\":\"https:\\\/\\\/www.immo-invest.ch\\\/fr\\\/categories\\\/trends-fr\\\/durabilite\\\/#listItem\",\"name\":\"Durabilit\\u00e9\"},\"previousItem\":{\"@type\":\"ListItem\",\"@id\":\"https:\\\/\\\/www.immo-invest.ch\\\/fr\\\/#listItem\",\"name\":\"Home\"}},{\"@type\":\"ListItem\",\"@id\":\"https:\\\/\\\/www.immo-invest.ch\\\/fr\\\/categories\\\/trends-fr\\\/durabilite\\\/#listItem\",\"position\":3,\"name\":\"Durabilit\\u00e9\",\"item\":\"https:\\\/\\\/www.immo-invest.ch\\\/fr\\\/categories\\\/trends-fr\\\/durabilite\\\/\",\"nextItem\":{\"@type\":\"ListItem\",\"@id\":\"https:\\\/\\\/www.immo-invest.ch\\\/fr\\\/aargau-verkehr-setzt-auf-eigenstrom-fuer-e-busse\\\/#listItem\",\"name\":\"Aargau Verkehr mise sur sa propre production d&rsquo;\\u00e9lectricit\\u00e9 pour ses bus \\u00e9lectriques\"},\"previousItem\":{\"@type\":\"ListItem\",\"@id\":\"https:\\\/\\\/www.immo-invest.ch\\\/fr\\\/categories\\\/trends-fr\\\/#listItem\",\"name\":\"Trends\"}},{\"@type\":\"ListItem\",\"@id\":\"https:\\\/\\\/www.immo-invest.ch\\\/fr\\\/aargau-verkehr-setzt-auf-eigenstrom-fuer-e-busse\\\/#listItem\",\"position\":4,\"name\":\"Aargau Verkehr mise sur sa propre production d&rsquo;\\u00e9lectricit\\u00e9 pour ses bus \\u00e9lectriques\",\"previousItem\":{\"@type\":\"ListItem\",\"@id\":\"https:\\\/\\\/www.immo-invest.ch\\\/fr\\\/categories\\\/trends-fr\\\/durabilite\\\/#listItem\",\"name\":\"Durabilit\\u00e9\"}}]},{\"@type\":\"Organization\",\"@id\":\"https:\\\/\\\/www.immo-invest.ch\\\/fr\\\/#organization\",\"name\":\"immo!nvest - Die Plattform f\\u00fcr Standorte und Immobilien\",\"description\":\"Die\\u00a0Plattform f\\u00fcr Standorte und Immobilien\",\"url\":\"https:\\\/\\\/www.immo-invest.ch\\\/fr\\\/\",\"email\":\"admin@immomedia.ag\",\"telephone\":\"+41444420002\",\"logo\":{\"@type\":\"ImageObject\",\"url\":\"https:\\\/\\\/www.immo-invest.ch\\\/wp-content\\\/uploads\\\/2024\\\/09\\\/immoinvest_sm-scaled.jpg\",\"@id\":\"https:\\\/\\\/www.immo-invest.ch\\\/fr\\\/aargau-verkehr-setzt-auf-eigenstrom-fuer-e-busse\\\/#organizationLogo\",\"width\":2560,\"height\":1340},\"image\":{\"@id\":\"https:\\\/\\\/www.immo-invest.ch\\\/fr\\\/aargau-verkehr-setzt-auf-eigenstrom-fuer-e-busse\\\/#organizationLogo\"},\"sameAs\":[\"https:\\\/\\\/www.facebook.com\\\/people\\\/Immoinvest\\\/100077962920504\\\/\",\"https:\\\/\\\/x.com\\\/i\\\/flow\\\/login?redirect_after_login=immoinvest_ch\",\"https:\\\/\\\/www.instagram.com\\\/immoinvest_ch\\\/\",\"https:\\\/\\\/www.linkedin.com\\\/company\\\/immoinvest-swiss\"]},{\"@type\":\"Person\",\"@id\":\"https:\\\/\\\/www.immo-invest.ch\\\/fr\\\/author\\\/immovestuser\\\/#author\",\"url\":\"https:\\\/\\\/www.immo-invest.ch\\\/fr\\\/author\\\/immovestuser\\\/\",\"name\":\"immovestuser\",\"image\":{\"@type\":\"ImageObject\",\"@id\":\"https:\\\/\\\/www.immo-invest.ch\\\/fr\\\/aargau-verkehr-setzt-auf-eigenstrom-fuer-e-busse\\\/#authorImage\",\"url\":\"https:\\\/\\\/secure.gravatar.com\\\/avatar\\\/8e01f4d99f2eeea7a362ebb93305e1172a70e9293ba250f897a65c39f54cdd1e?s=96&d=mm&r=g\",\"width\":96,\"height\":96,\"caption\":\"immovestuser\"}},{\"@type\":\"WebPage\",\"@id\":\"https:\\\/\\\/www.immo-invest.ch\\\/fr\\\/aargau-verkehr-setzt-auf-eigenstrom-fuer-e-busse\\\/#webpage\",\"url\":\"https:\\\/\\\/www.immo-invest.ch\\\/fr\\\/aargau-verkehr-setzt-auf-eigenstrom-fuer-e-busse\\\/\",\"name\":\"Aargau Verkehr mise sur sa propre production d\\u2019\\u00e9lectricit\\u00e9 pour ses bus \\u00e9lectriques - immo!nvest - Die Plattform f\\u00fcr Standorte und Immobilien\",\"description\":\"La soci\\u00e9t\\u00e9 Aargau Verkehr AG a construit, en collaboration avec AEW Energie AG, une installation photovolta\\u00efque sur le d\\u00e9p\\u00f4t de bus de Fahrwangen. Depuis mars, cette installation produit de l'\\u00e9lectricit\\u00e9 solaire. Elle devrait fonctionner \\u00e0 plein r\\u00e9gime d'ici le lancement des nouveaux bus \\u00e9lectriques, pr\\u00e9vu en octobre 2026.\",\"inLanguage\":\"fr-FR\",\"isPartOf\":{\"@id\":\"https:\\\/\\\/www.immo-invest.ch\\\/fr\\\/#website\"},\"breadcrumb\":{\"@id\":\"https:\\\/\\\/www.immo-invest.ch\\\/fr\\\/aargau-verkehr-setzt-auf-eigenstrom-fuer-e-busse\\\/#breadcrumblist\"},\"author\":{\"@id\":\"https:\\\/\\\/www.immo-invest.ch\\\/fr\\\/author\\\/immovestuser\\\/#author\"},\"creator\":{\"@id\":\"https:\\\/\\\/www.immo-invest.ch\\\/fr\\\/author\\\/immovestuser\\\/#author\"},\"image\":{\"@type\":\"ImageObject\",\"url\":\"https:\\\/\\\/www.immo-invest.ch\\\/wp-content\\\/uploads\\\/2026\\\/03\\\/ChatGPT01.png\",\"@id\":\"https:\\\/\\\/www.immo-invest.ch\\\/fr\\\/aargau-verkehr-setzt-auf-eigenstrom-fuer-e-busse\\\/#mainImage\",\"width\":1536,\"height\":768},\"primaryImageOfPage\":{\"@id\":\"https:\\\/\\\/www.immo-invest.ch\\\/fr\\\/aargau-verkehr-setzt-auf-eigenstrom-fuer-e-busse\\\/#mainImage\"},\"datePublished\":\"2026-04-06T08:20:00+02:00\",\"dateModified\":\"2026-04-01T11:20:38+02:00\"},{\"@type\":\"WebSite\",\"@id\":\"https:\\\/\\\/www.immo-invest.ch\\\/fr\\\/#website\",\"url\":\"https:\\\/\\\/www.immo-invest.ch\\\/fr\\\/\",\"name\":\"immo!nvest - Die Plattform f\\u00fcr Standorte und Immobilien\",\"description\":\"Die\\u00a0Plattform f\\u00fcr Standorte und Immobilien\",\"inLanguage\":\"fr-FR\",\"publisher\":{\"@id\":\"https:\\\/\\\/www.immo-invest.ch\\\/fr\\\/#organization\"}}]}\n\t\t<\/script>\n\t\t<!-- All in One SEO -->\n\n","aioseo_head_json":{"title":"Aargau Verkehr mise sur sa propre production d\u2019\u00e9lectricit\u00e9 pour ses bus \u00e9lectriques - immo!nvest - Die Plattform f\u00fcr Standorte und Immobilien","description":"La soci\u00e9t\u00e9 Aargau Verkehr AG a construit, en collaboration avec AEW Energie AG, une installation photovolta\u00efque sur le d\u00e9p\u00f4t de bus de Fahrwangen. Depuis mars, cette installation produit de l'\u00e9lectricit\u00e9 solaire. Elle devrait fonctionner \u00e0 plein r\u00e9gime d'ici le lancement des nouveaux bus \u00e9lectriques, pr\u00e9vu en octobre 2026.","canonical_url":"https:\/\/www.immo-invest.ch\/fr\/aargau-verkehr-setzt-auf-eigenstrom-fuer-e-busse\/","robots":"max-image-preview:large","keywords":"","webmasterTools":{"google-site-verification":"fHJKvgWpZCR2zVBHWfkQeFXC11qieUSff0HGNYfuyLA","miscellaneous":""},"schema":{"@context":"https:\/\/schema.org","@graph":[{"@type":"BlogPosting","@id":"https:\/\/www.immo-invest.ch\/fr\/aargau-verkehr-setzt-auf-eigenstrom-fuer-e-busse\/#blogposting","name":"Aargau Verkehr mise sur sa propre production d\u2019\u00e9lectricit\u00e9 pour ses bus \u00e9lectriques - immo!nvest - Die Plattform f\u00fcr Standorte und Immobilien","headline":"Aargau Verkehr mise sur sa propre production d&rsquo;\u00e9lectricit\u00e9 pour ses bus \u00e9lectriques","author":{"@id":"https:\/\/www.immo-invest.ch\/fr\/author\/immovestuser\/#author"},"publisher":{"@id":"https:\/\/www.immo-invest.ch\/fr\/#organization"},"image":{"@type":"ImageObject","url":"https:\/\/www.immo-invest.ch\/wp-content\/uploads\/2026\/03\/ChatGPT01.png","width":1536,"height":768},"datePublished":"2026-04-06T08:20:00+02:00","dateModified":"2026-04-01T11:20:38+02:00","inLanguage":"fr-FR","mainEntityOfPage":{"@id":"https:\/\/www.immo-invest.ch\/fr\/aargau-verkehr-setzt-auf-eigenstrom-fuer-e-busse\/#webpage"},"isPartOf":{"@id":"https:\/\/www.immo-invest.ch\/fr\/aargau-verkehr-setzt-auf-eigenstrom-fuer-e-busse\/#webpage"},"articleSection":"Durabilit\u00e9, \u00c9nergie, immoNews, Trends, Elektromobilitaet Aargau, Immoinvest, immoNews, News, Photovoltaik Busdepot, Solarstrom Verkehr, Facultatif"},{"@type":"BreadcrumbList","@id":"https:\/\/www.immo-invest.ch\/fr\/aargau-verkehr-setzt-auf-eigenstrom-fuer-e-busse\/#breadcrumblist","itemListElement":[{"@type":"ListItem","@id":"https:\/\/www.immo-invest.ch\/fr\/#listItem","position":1,"name":"Home","item":"https:\/\/www.immo-invest.ch\/fr\/","nextItem":{"@type":"ListItem","@id":"https:\/\/www.immo-invest.ch\/fr\/categories\/trends-fr\/#listItem","name":"Trends"}},{"@type":"ListItem","@id":"https:\/\/www.immo-invest.ch\/fr\/categories\/trends-fr\/#listItem","position":2,"name":"Trends","item":"https:\/\/www.immo-invest.ch\/fr\/categories\/trends-fr\/","nextItem":{"@type":"ListItem","@id":"https:\/\/www.immo-invest.ch\/fr\/categories\/trends-fr\/durabilite\/#listItem","name":"Durabilit\u00e9"},"previousItem":{"@type":"ListItem","@id":"https:\/\/www.immo-invest.ch\/fr\/#listItem","name":"Home"}},{"@type":"ListItem","@id":"https:\/\/www.immo-invest.ch\/fr\/categories\/trends-fr\/durabilite\/#listItem","position":3,"name":"Durabilit\u00e9","item":"https:\/\/www.immo-invest.ch\/fr\/categories\/trends-fr\/durabilite\/","nextItem":{"@type":"ListItem","@id":"https:\/\/www.immo-invest.ch\/fr\/aargau-verkehr-setzt-auf-eigenstrom-fuer-e-busse\/#listItem","name":"Aargau Verkehr mise sur sa propre production d&rsquo;\u00e9lectricit\u00e9 pour ses bus \u00e9lectriques"},"previousItem":{"@type":"ListItem","@id":"https:\/\/www.immo-invest.ch\/fr\/categories\/trends-fr\/#listItem","name":"Trends"}},{"@type":"ListItem","@id":"https:\/\/www.immo-invest.ch\/fr\/aargau-verkehr-setzt-auf-eigenstrom-fuer-e-busse\/#listItem","position":4,"name":"Aargau Verkehr mise sur sa propre production d&rsquo;\u00e9lectricit\u00e9 pour ses bus \u00e9lectriques","previousItem":{"@type":"ListItem","@id":"https:\/\/www.immo-invest.ch\/fr\/categories\/trends-fr\/durabilite\/#listItem","name":"Durabilit\u00e9"}}]},{"@type":"Organization","@id":"https:\/\/www.immo-invest.ch\/fr\/#organization","name":"immo!nvest - Die Plattform f\u00fcr Standorte und Immobilien","description":"Die\u00a0Plattform f\u00fcr Standorte und Immobilien","url":"https:\/\/www.immo-invest.ch\/fr\/","email":"admin@immomedia.ag","telephone":"+41444420002","logo":{"@type":"ImageObject","url":"https:\/\/www.immo-invest.ch\/wp-content\/uploads\/2024\/09\/immoinvest_sm-scaled.jpg","@id":"https:\/\/www.immo-invest.ch\/fr\/aargau-verkehr-setzt-auf-eigenstrom-fuer-e-busse\/#organizationLogo","width":2560,"height":1340},"image":{"@id":"https:\/\/www.immo-invest.ch\/fr\/aargau-verkehr-setzt-auf-eigenstrom-fuer-e-busse\/#organizationLogo"},"sameAs":["https:\/\/www.facebook.com\/people\/Immoinvest\/100077962920504\/","https:\/\/x.com\/i\/flow\/login?redirect_after_login=immoinvest_ch","https:\/\/www.instagram.com\/immoinvest_ch\/","https:\/\/www.linkedin.com\/company\/immoinvest-swiss"]},{"@type":"Person","@id":"https:\/\/www.immo-invest.ch\/fr\/author\/immovestuser\/#author","url":"https:\/\/www.immo-invest.ch\/fr\/author\/immovestuser\/","name":"immovestuser","image":{"@type":"ImageObject","@id":"https:\/\/www.immo-invest.ch\/fr\/aargau-verkehr-setzt-auf-eigenstrom-fuer-e-busse\/#authorImage","url":"https:\/\/secure.gravatar.com\/avatar\/8e01f4d99f2eeea7a362ebb93305e1172a70e9293ba250f897a65c39f54cdd1e?s=96&d=mm&r=g","width":96,"height":96,"caption":"immovestuser"}},{"@type":"WebPage","@id":"https:\/\/www.immo-invest.ch\/fr\/aargau-verkehr-setzt-auf-eigenstrom-fuer-e-busse\/#webpage","url":"https:\/\/www.immo-invest.ch\/fr\/aargau-verkehr-setzt-auf-eigenstrom-fuer-e-busse\/","name":"Aargau Verkehr mise sur sa propre production d\u2019\u00e9lectricit\u00e9 pour ses bus \u00e9lectriques - immo!nvest - Die Plattform f\u00fcr Standorte und Immobilien","description":"La soci\u00e9t\u00e9 Aargau Verkehr AG a construit, en collaboration avec AEW Energie AG, une installation photovolta\u00efque sur le d\u00e9p\u00f4t de bus de Fahrwangen. Depuis mars, cette installation produit de l'\u00e9lectricit\u00e9 solaire. Elle devrait fonctionner \u00e0 plein r\u00e9gime d'ici le lancement des nouveaux bus \u00e9lectriques, pr\u00e9vu en octobre 2026.","inLanguage":"fr-FR","isPartOf":{"@id":"https:\/\/www.immo-invest.ch\/fr\/#website"},"breadcrumb":{"@id":"https:\/\/www.immo-invest.ch\/fr\/aargau-verkehr-setzt-auf-eigenstrom-fuer-e-busse\/#breadcrumblist"},"author":{"@id":"https:\/\/www.immo-invest.ch\/fr\/author\/immovestuser\/#author"},"creator":{"@id":"https:\/\/www.immo-invest.ch\/fr\/author\/immovestuser\/#author"},"image":{"@type":"ImageObject","url":"https:\/\/www.immo-invest.ch\/wp-content\/uploads\/2026\/03\/ChatGPT01.png","@id":"https:\/\/www.immo-invest.ch\/fr\/aargau-verkehr-setzt-auf-eigenstrom-fuer-e-busse\/#mainImage","width":1536,"height":768},"primaryImageOfPage":{"@id":"https:\/\/www.immo-invest.ch\/fr\/aargau-verkehr-setzt-auf-eigenstrom-fuer-e-busse\/#mainImage"},"datePublished":"2026-04-06T08:20:00+02:00","dateModified":"2026-04-01T11:20:38+02:00"},{"@type":"WebSite","@id":"https:\/\/www.immo-invest.ch\/fr\/#website","url":"https:\/\/www.immo-invest.ch\/fr\/","name":"immo!nvest - Die Plattform f\u00fcr Standorte und Immobilien","description":"Die\u00a0Plattform f\u00fcr Standorte und Immobilien","inLanguage":"fr-FR","publisher":{"@id":"https:\/\/www.immo-invest.ch\/fr\/#organization"}}]},"og:locale":"fr_FR","og:site_name":"immo!nvest - Die Plattform f\u00fcr Standorte und Immobilien - Die\u00a0Plattform f\u00fcr Standorte und Immobilien","og:type":"article","og:title":"Aargau Verkehr mise sur sa propre production d\u2019\u00e9lectricit\u00e9 pour ses bus \u00e9lectriques - immo!nvest - Die Plattform f\u00fcr Standorte und Immobilien","og:description":"La soci\u00e9t\u00e9 Aargau Verkehr AG a construit, en collaboration avec AEW Energie AG, une installation photovolta\u00efque sur le d\u00e9p\u00f4t de bus de Fahrwangen. Depuis mars, cette installation produit de l'\u00e9lectricit\u00e9 solaire. Elle devrait fonctionner \u00e0 plein r\u00e9gime d'ici le lancement des nouveaux bus \u00e9lectriques, pr\u00e9vu en octobre 2026.","og:url":"https:\/\/www.immo-invest.ch\/fr\/aargau-verkehr-setzt-auf-eigenstrom-fuer-e-busse\/","og:image":"https:\/\/www.immo-invest.ch\/wp-content\/uploads\/2026\/03\/ChatGPT01.png","og:image:secure_url":"https:\/\/www.immo-invest.ch\/wp-content\/uploads\/2026\/03\/ChatGPT01.png","og:image:width":1536,"og:image:height":768,"article:published_time":"2026-04-06T06:20:00+00:00","article:modified_time":"2026-04-01T09:20:38+00:00","article:publisher":"https:\/\/www.facebook.com\/people\/Immoinvest\/100077962920504\/","twitter:card":"summary_large_image","twitter:site":"@i","twitter:title":"Aargau Verkehr mise sur sa propre production d\u2019\u00e9lectricit\u00e9 pour ses bus \u00e9lectriques - immo!nvest - Die Plattform f\u00fcr Standorte und Immobilien","twitter:description":"La soci\u00e9t\u00e9 Aargau Verkehr AG a construit, en collaboration avec AEW Energie AG, une installation photovolta\u00efque sur le d\u00e9p\u00f4t de bus de Fahrwangen. Depuis mars, cette installation produit de l'\u00e9lectricit\u00e9 solaire. Elle devrait fonctionner \u00e0 plein r\u00e9gime d'ici le lancement des nouveaux bus \u00e9lectriques, pr\u00e9vu en octobre 2026.","twitter:creator":"@i","twitter:image":"https:\/\/www.immo-invest.ch\/wp-content\/uploads\/2026\/03\/ChatGPT01.png"},"aioseo_meta_data":{"post_id":"152654","title":null,"description":null,"keywords":null,"keyphrases":null,"primary_term":null,"canonical_url":null,"og_title":null,"og_description":null,"og_object_type":"default","og_image_type":"default","og_image_url":null,"og_image_width":null,"og_image_height":null,"og_image_custom_url":null,"og_image_custom_fields":null,"og_video":null,"og_custom_url":null,"og_article_section":null,"og_article_tags":null,"twitter_use_og":false,"twitter_card":"default","twitter_image_type":"default","twitter_image_url":null,"twitter_image_custom_url":null,"twitter_image_custom_fields":null,"twitter_title":null,"twitter_description":null,"schema":{"blockGraphs":[],"customGraphs":[],"default":{"data":{"Article":[],"Course":[],"Dataset":[],"FAQPage":[],"Movie":[],"Person":[],"Product":[],"ProductReview":[],"Car":[],"Recipe":[],"Service":[],"SoftwareApplication":[],"WebPage":[]},"graphName":"","isEnabled":true},"graphs":[]},"schema_type":"default","schema_type_options":null,"pillar_content":false,"robots_default":true,"robots_noindex":false,"robots_noarchive":false,"robots_nosnippet":false,"robots_nofollow":false,"robots_noimageindex":false,"robots_noodp":false,"robots_notranslate":false,"robots_max_snippet":null,"robots_max_videopreview":null,"robots_max_imagepreview":"large","priority":null,"frequency":null,"local_seo":null,"breadcrumb_settings":null,"limit_modified_date":false,"ai":null,"created":"2026-04-06 06:20:36","updated":"2026-04-06 06:20:36","seo_analyzer_scan_date":null,"focus_keyword":null,"additional_keywords":null,"truseo_locale":null},"aioseo_breadcrumb":"<div class=\"aioseo-breadcrumbs\"><span class=\"aioseo-breadcrumb\">\n\t\t\t<a href=\"https:\/\/www.immo-invest.ch\/fr\/\" title=\"Home\">Home<\/a>\n\t\t<\/span><span class=\"aioseo-breadcrumb-separator\">&raquo;<\/span><span class=\"aioseo-breadcrumb\">\n\t\t\t<a href=\"https:\/\/www.immo-invest.ch\/fr\/categories\/trends-fr\/\" title=\"Trends\">Trends<\/a>\n\t\t<\/span><span class=\"aioseo-breadcrumb-separator\">&raquo;<\/span><span class=\"aioseo-breadcrumb\">\n\t\t\t<a href=\"https:\/\/www.immo-invest.ch\/fr\/categories\/trends-fr\/durabilite\/\" title=\"Durabilit\u00e9\">Durabilit\u00e9<\/a>\n\t\t<\/span><span class=\"aioseo-breadcrumb-separator\">&raquo;<\/span><span class=\"aioseo-breadcrumb\">\n\t\t\tAargau Verkehr mise sur sa propre production d\u2019\u00e9lectricit\u00e9 pour ses bus \u00e9lectriques\n\t\t<\/span><\/div>","aioseo_breadcrumb_json":[{"label":"Home","link":"https:\/\/www.immo-invest.ch\/fr\/"},{"label":"Trends","link":"https:\/\/www.immo-invest.ch\/fr\/categories\/trends-fr\/"},{"label":"Durabilit\u00e9","link":"https:\/\/www.immo-invest.ch\/fr\/categories\/trends-fr\/durabilite\/"},{"label":"Aargau Verkehr mise sur sa propre production d&rsquo;\u00e9lectricit\u00e9 pour ses bus \u00e9lectriques","link":"https:\/\/www.immo-invest.ch\/fr\/aargau-verkehr-setzt-auf-eigenstrom-fuer-e-busse\/"}],"featured_image_src":"https:\/\/www.immo-invest.ch\/wp-content\/uploads\/2026\/03\/ChatGPT01-336x168.png","_links":{"self":[{"href":"https:\/\/www.immo-invest.ch\/fr\/wp-json\/wp\/v2\/posts\/152654","targetHints":{"allow":["GET"]}}],"collection":[{"href":"https:\/\/www.immo-invest.ch\/fr\/wp-json\/wp\/v2\/posts"}],"about":[{"href":"https:\/\/www.immo-invest.ch\/fr\/wp-json\/wp\/v2\/types\/post"}],"author":[{"embeddable":true,"href":"https:\/\/www.immo-invest.ch\/fr\/wp-json\/wp\/v2\/users\/2"}],"replies":[{"embeddable":true,"href":"https:\/\/www.immo-invest.ch\/fr\/wp-json\/wp\/v2\/comments?post=152654"}],"version-history":[{"count":1,"href":"https:\/\/www.immo-invest.ch\/fr\/wp-json\/wp\/v2\/posts\/152654\/revisions"}],"predecessor-version":[{"id":152659,"href":"https:\/\/www.immo-invest.ch\/fr\/wp-json\/wp\/v2\/posts\/152654\/revisions\/152659"}],"wp:featuredmedia":[{"embeddable":true,"href":"https:\/\/www.immo-invest.ch\/fr\/wp-json\/wp\/v2\/media\/152655"}],"wp:attachment":[{"href":"https:\/\/www.immo-invest.ch\/fr\/wp-json\/wp\/v2\/media?parent=152654"}],"wp:term":[{"taxonomy":"category","embeddable":true,"href":"https:\/\/www.immo-invest.ch\/fr\/wp-json\/wp\/v2\/categories?post=152654"},{"taxonomy":"post_tag","embeddable":true,"href":"https:\/\/www.immo-invest.ch\/fr\/wp-json\/wp\/v2\/tags?post=152654"}],"curies":[{"name":"wp","href":"https:\/\/api.w.org\/{rel}","templated":true}]}}