{"id":152549,"date":"2026-04-02T16:20:00","date_gmt":"2026-04-02T14:20:00","guid":{"rendered":"https:\/\/www.immo-invest.ch\/?p=152549"},"modified":"2026-04-01T09:37:06","modified_gmt":"2026-04-01T07:37:06","slug":"fernwaermeprojekt-staerkt-energieversorgung-in-adligenswil","status":"publish","type":"post","link":"https:\/\/www.immo-invest.ch\/fr\/fernwaermeprojekt-staerkt-energieversorgung-in-adligenswil\/","title":{"rendered":"Un projet de chauffage urbain renforce l&rsquo;approvisionnement \u00e9nerg\u00e9tique \u00e0 Adligenswil"},"content":{"rendered":"<p class=\"bodytext\">Le 17 mars, <a href=\"https:\/\/www.ebl-rigi.ch\/\" target=\"_blank\" rel=\"noopener\">EBL Energie Rigi<\/a> a donn&eacute; le coup d&rsquo;envoi de la premi&egrave;re phase de construction du r&eacute;seau de chauffage urbain &eacute;largi. Une nouvelle conduite principale reliera &agrave; l&rsquo;avenir la centrale &eacute;nerg&eacute;tique de Haltikon au r&eacute;seau de chauffage urbain existant &agrave; Adligenswil (LU). Elle permettra de remplacer la centrale de chauffage obsol&egrave;te d&rsquo;Adligenswil.&nbsp;L&rsquo;EBL Energie Rigi pose ainsi les bases d&rsquo;un approvisionnement en chaleur renouvelable et fiable &agrave; long terme dans la r&eacute;gion, indique un <a href=\"https:\/\/www.ebl.ch\/de\/ueber-uns\/news\/medienmitteilungen\/spatenstich-fuer-erweiterten-waermeverbund-ebl-energie-rigi-startet-den-ersten-bauabschnitt?utm_content=373493591&amp;utm_medium=social&amp;utm_source=linkedin&amp;hss_channel=lcp-1285115\" target=\"_blank\" rel=\"noopener\">communiqu&eacute;<\/a>. Parall&egrave;lement, cela permettra de r&eacute;pondre &agrave; la demande croissante de nouveaux raccordements au r&eacute;seau de chauffage urbain &agrave; Adligenswil et de garantir la s&eacute;curit&eacute; d&rsquo;approvisionnement pour tous les clients &agrave; long terme. Selon le calendrier actuel, la dur&eacute;e des travaux est d&rsquo;environ deux ans.<\/p>\n<p class=\"bodytext\">La vice-pr&eacute;sidente du conseil communal, Felicitas Marbach, ainsi que des membres du conseil d&rsquo;administration d&rsquo;EBL Fernw&auml;rme Rigi AG ont notamment particip&eacute; au coup d&rsquo;envoi des travaux.&nbsp;&laquo; Le coup d&rsquo;envoi donn&eacute; aujourd&rsquo;hui est bien plus que le d&eacute;but d&rsquo;un projet de construction : c&rsquo;est un signe tangible d&rsquo;un avenir &eacute;nerg&eacute;tique commun. Avec la nouvelle conduite principale entre Haltikon et Adligenswil, nous posons les bases d&rsquo;un approvisionnement en chaleur fiable, renouvelable et ancr&eacute; dans la r&eacute;gion &raquo;, a d&eacute;clar&eacute; Philipp Zgraggen, directeur g&eacute;n&eacute;ral d&rsquo;EBL Energie Rigi, selon le communiqu&eacute;.<\/p>\n<p class=\"bodytext\">EBL Energie Rigi regroupe les comp&eacute;tences de trois filiales de l&rsquo;EBL (coop&eacute;rative Elektra Baselland), dont le si&egrave;ge est &agrave; Liestal : EBL Fernw&auml;rme Rigi AG alimente K&uuml;ssnacht am Rigi, Greppen et Adligenswil en chauffage urbain neutre en CO2. EBL Energiezentrum Rigi AG produit de l&rsquo;&eacute;lectricit&eacute; et de la chaleur &agrave; partir de bois usag&eacute; et de r&eacute;sidus de bois r&eacute;gionaux. EBL Pellets Rigi AG fabrique des granul&eacute;s de bois &agrave; partir de r&eacute;sidus de bois r&eacute;gionaux.<\/p>\n","protected":false},"excerpt":{"rendered":"<p>EBL Energie Rigi a donn\u00e9 le premier coup de pioche pour la conduite de raccordement entre le centre \u00e9nerg\u00e9tique de Halti-kon et le r\u00e9seau de chauffage urbain d&rsquo;Adligenswil. Cette conduite constitue la premi\u00e8re phase de construction du r\u00e9seau de chauffage \u00e9largi. Elle permet de remplacer la centrale de chauffage obsol\u00e8te d&rsquo;Adligenswil.<\/p>\n","protected":false},"author":2,"featured_media":152550,"comment_status":"open","ping_status":"open","sticky":false,"template":"","format":"standard","meta":{"pmpro_default_level":"","inline_featured_image":false,"_monsterinsights_skip_tracking":false,"footnotes":""},"categories":[22699,8747,743,739],"tags":[58150,58151,872,3931,2002,58152],"class_list":["post-152549","post","type-post","status-publish","format-standard","has-post-thumbnail","hentry","category-durabilite","category-energie","category-immonews-fr","category-projects","tag-erneuerbare-energie-schweiz","tag-fernwaerme-adligenswil","tag-immoinvest-fr","tag-immonews-fr","tag-news-fr","tag-waermeverbund-ausbau","pmpro-has-access"],"acf":{"bild_mit_ki_erstellt_worden":["Ja"],"lead":"EBL Energie Rigi a donn\u00e9 le premier coup de pioche pour la conduite de raccordement entre le centre \u00e9nerg\u00e9tique de Halti-kon et le r\u00e9seau de chauffage urbain d'Adligenswil. Cette conduite constitue la premi\u00e8re phase de construction du r\u00e9seau de chauffage \u00e9largi. Elle permet de remplacer la centrale de chauffage obsol\u00e8te d'Adligenswil.","autor":"ce\/ja","ort":"K\u00fcssnacht SZ","bildunterschrift":"","bild_im_grid":false,"gallerie":"","newsim":""},"aioseo_notices":[],"aioseo_head":"\n\t\t<!-- All in One SEO 5.0.0.1 - aioseo.com -->\n\t<meta name=\"description\" content=\"EBL Energie Rigi a donn\u00e9 le premier coup de pioche pour la conduite de raccordement entre le centre \u00e9nerg\u00e9tique de Halti-kon et le r\u00e9seau de chauffage urbain d&#039;Adligenswil. Cette conduite constitue la premi\u00e8re phase de construction du r\u00e9seau de chauffage \u00e9largi. Elle permet de remplacer la centrale de chauffage obsol\u00e8te d&#039;Adligenswil.\" \/>\n\t<meta name=\"robots\" content=\"max-image-preview:large\" \/>\n\t<meta name=\"author\" content=\"immovestuser\"\/>\n\t<meta name=\"google-site-verification\" content=\"fHJKvgWpZCR2zVBHWfkQeFXC11qieUSff0HGNYfuyLA\" \/>\n\t<link rel=\"canonical\" href=\"https:\/\/www.immo-invest.ch\/fr\/fernwaermeprojekt-staerkt-energieversorgung-in-adligenswil\/\" \/>\n\t<meta name=\"generator\" content=\"All in One SEO (AIOSEO) 5.0.0.1\" \/>\n\t\t<meta property=\"og:locale\" content=\"fr_FR\" \/>\n\t\t<meta property=\"og:site_name\" content=\"immo!nvest - Die Plattform f\u00fcr Standorte und Immobilien - Die\u00a0Plattform f\u00fcr Standorte und Immobilien\" \/>\n\t\t<meta property=\"og:type\" content=\"article\" \/>\n\t\t<meta property=\"og:title\" content=\"Un projet de chauffage urbain renforce l\u2019approvisionnement \u00e9nerg\u00e9tique \u00e0 Adligenswil - immo!nvest - Die Plattform f\u00fcr Standorte und Immobilien\" \/>\n\t\t<meta property=\"og:description\" content=\"EBL Energie Rigi a donn\u00e9 le premier coup de pioche pour la conduite de raccordement entre le centre \u00e9nerg\u00e9tique de Halti-kon et le r\u00e9seau de chauffage urbain d&#039;Adligenswil. Cette conduite constitue la premi\u00e8re phase de construction du r\u00e9seau de chauffage \u00e9largi. Elle permet de remplacer la centrale de chauffage obsol\u00e8te d&#039;Adligenswil.\" \/>\n\t\t<meta property=\"og:url\" content=\"https:\/\/www.immo-invest.ch\/fr\/fernwaermeprojekt-staerkt-energieversorgung-in-adligenswil\/\" \/>\n\t\t<meta property=\"og:image\" content=\"https:\/\/www.immo-invest.ch\/wp-content\/uploads\/2026\/03\/banoviag_district_heating_infrastructure_construction_undergr_4260636a-1948-4153-9411-e38913c4ed00_3.png\" \/>\n\t\t<meta property=\"og:image:secure_url\" content=\"https:\/\/www.immo-invest.ch\/wp-content\/uploads\/2026\/03\/banoviag_district_heating_infrastructure_construction_undergr_4260636a-1948-4153-9411-e38913c4ed00_3.png\" \/>\n\t\t<meta property=\"og:image:width\" content=\"1536\" \/>\n\t\t<meta property=\"og:image:height\" content=\"768\" \/>\n\t\t<meta property=\"article:published_time\" content=\"2026-04-02T14:20:00+00:00\" \/>\n\t\t<meta property=\"article:modified_time\" content=\"2026-04-01T07:37:06+00:00\" \/>\n\t\t<meta property=\"article:publisher\" content=\"https:\/\/www.facebook.com\/people\/Immoinvest\/100077962920504\/\" \/>\n\t\t<meta name=\"twitter:card\" content=\"summary_large_image\" \/>\n\t\t<meta name=\"twitter:site\" content=\"@i\" \/>\n\t\t<meta name=\"twitter:title\" content=\"Un projet de chauffage urbain renforce l\u2019approvisionnement \u00e9nerg\u00e9tique \u00e0 Adligenswil - immo!nvest - Die Plattform f\u00fcr Standorte und Immobilien\" \/>\n\t\t<meta name=\"twitter:description\" content=\"EBL Energie Rigi a donn\u00e9 le premier coup de pioche pour la conduite de raccordement entre le centre \u00e9nerg\u00e9tique de Halti-kon et le r\u00e9seau de chauffage urbain d&#039;Adligenswil. Cette conduite constitue la premi\u00e8re phase de construction du r\u00e9seau de chauffage \u00e9largi. Elle permet de remplacer la centrale de chauffage obsol\u00e8te d&#039;Adligenswil.\" \/>\n\t\t<meta name=\"twitter:creator\" content=\"@i\" \/>\n\t\t<meta name=\"twitter:image\" content=\"https:\/\/www.immo-invest.ch\/wp-content\/uploads\/2026\/03\/banoviag_district_heating_infrastructure_construction_undergr_4260636a-1948-4153-9411-e38913c4ed00_3.png\" \/>\n\t\t<script type=\"application\/ld+json\" class=\"aioseo-schema\">\n\t\t\t{\"@context\":\"https:\\\/\\\/schema.org\",\"@graph\":[{\"@type\":\"BlogPosting\",\"@id\":\"https:\\\/\\\/www.immo-invest.ch\\\/fr\\\/fernwaermeprojekt-staerkt-energieversorgung-in-adligenswil\\\/#blogposting\",\"name\":\"Un projet de chauffage urbain renforce l\\u2019approvisionnement \\u00e9nerg\\u00e9tique \\u00e0 Adligenswil - immo!nvest - Die Plattform f\\u00fcr Standorte und Immobilien\",\"headline\":\"Un projet de chauffage urbain renforce l&rsquo;approvisionnement \\u00e9nerg\\u00e9tique \\u00e0 Adligenswil\",\"author\":{\"@id\":\"https:\\\/\\\/www.immo-invest.ch\\\/fr\\\/author\\\/immovestuser\\\/#author\"},\"publisher\":{\"@id\":\"https:\\\/\\\/www.immo-invest.ch\\\/fr\\\/#organization\"},\"image\":{\"@type\":\"ImageObject\",\"url\":\"https:\\\/\\\/www.immo-invest.ch\\\/wp-content\\\/uploads\\\/2026\\\/03\\\/banoviag_district_heating_infrastructure_construction_undergr_4260636a-1948-4153-9411-e38913c4ed00_3.png\",\"width\":1536,\"height\":768},\"datePublished\":\"2026-04-02T16:20:00+02:00\",\"dateModified\":\"2026-04-01T09:37:06+02:00\",\"inLanguage\":\"fr-FR\",\"mainEntityOfPage\":{\"@id\":\"https:\\\/\\\/www.immo-invest.ch\\\/fr\\\/fernwaermeprojekt-staerkt-energieversorgung-in-adligenswil\\\/#webpage\"},\"isPartOf\":{\"@id\":\"https:\\\/\\\/www.immo-invest.ch\\\/fr\\\/fernwaermeprojekt-staerkt-energieversorgung-in-adligenswil\\\/#webpage\"},\"articleSection\":\"Durabilit\\u00e9, \\u00c9nergie, immoNews, Projects, erneuerbare Energie Schweiz, Fernwaerme Adligenswil, Immoinvest, immoNews, News, Waermeverbund Ausbau, Facultatif\"},{\"@type\":\"BreadcrumbList\",\"@id\":\"https:\\\/\\\/www.immo-invest.ch\\\/fr\\\/fernwaermeprojekt-staerkt-energieversorgung-in-adligenswil\\\/#breadcrumblist\",\"itemListElement\":[{\"@type\":\"ListItem\",\"@id\":\"https:\\\/\\\/www.immo-invest.ch\\\/fr\\\/#listItem\",\"position\":1,\"name\":\"Home\",\"item\":\"https:\\\/\\\/www.immo-invest.ch\\\/fr\\\/\",\"nextItem\":{\"@type\":\"ListItem\",\"@id\":\"https:\\\/\\\/www.immo-invest.ch\\\/fr\\\/categories\\\/trends-fr\\\/#listItem\",\"name\":\"Trends\"}},{\"@type\":\"ListItem\",\"@id\":\"https:\\\/\\\/www.immo-invest.ch\\\/fr\\\/categories\\\/trends-fr\\\/#listItem\",\"position\":2,\"name\":\"Trends\",\"item\":\"https:\\\/\\\/www.immo-invest.ch\\\/fr\\\/categories\\\/trends-fr\\\/\",\"nextItem\":{\"@type\":\"ListItem\",\"@id\":\"https:\\\/\\\/www.immo-invest.ch\\\/fr\\\/categories\\\/trends-fr\\\/durabilite\\\/#listItem\",\"name\":\"Durabilit\\u00e9\"},\"previousItem\":{\"@type\":\"ListItem\",\"@id\":\"https:\\\/\\\/www.immo-invest.ch\\\/fr\\\/#listItem\",\"name\":\"Home\"}},{\"@type\":\"ListItem\",\"@id\":\"https:\\\/\\\/www.immo-invest.ch\\\/fr\\\/categories\\\/trends-fr\\\/durabilite\\\/#listItem\",\"position\":3,\"name\":\"Durabilit\\u00e9\",\"item\":\"https:\\\/\\\/www.immo-invest.ch\\\/fr\\\/categories\\\/trends-fr\\\/durabilite\\\/\",\"nextItem\":{\"@type\":\"ListItem\",\"@id\":\"https:\\\/\\\/www.immo-invest.ch\\\/fr\\\/fernwaermeprojekt-staerkt-energieversorgung-in-adligenswil\\\/#listItem\",\"name\":\"Un projet de chauffage urbain renforce l&rsquo;approvisionnement \\u00e9nerg\\u00e9tique \\u00e0 Adligenswil\"},\"previousItem\":{\"@type\":\"ListItem\",\"@id\":\"https:\\\/\\\/www.immo-invest.ch\\\/fr\\\/categories\\\/trends-fr\\\/#listItem\",\"name\":\"Trends\"}},{\"@type\":\"ListItem\",\"@id\":\"https:\\\/\\\/www.immo-invest.ch\\\/fr\\\/fernwaermeprojekt-staerkt-energieversorgung-in-adligenswil\\\/#listItem\",\"position\":4,\"name\":\"Un projet de chauffage urbain renforce l&rsquo;approvisionnement \\u00e9nerg\\u00e9tique \\u00e0 Adligenswil\",\"previousItem\":{\"@type\":\"ListItem\",\"@id\":\"https:\\\/\\\/www.immo-invest.ch\\\/fr\\\/categories\\\/trends-fr\\\/durabilite\\\/#listItem\",\"name\":\"Durabilit\\u00e9\"}}]},{\"@type\":\"Organization\",\"@id\":\"https:\\\/\\\/www.immo-invest.ch\\\/fr\\\/#organization\",\"name\":\"immo!nvest - Die Plattform f\\u00fcr Standorte und Immobilien\",\"description\":\"Die\\u00a0Plattform f\\u00fcr Standorte und Immobilien\",\"url\":\"https:\\\/\\\/www.immo-invest.ch\\\/fr\\\/\",\"email\":\"admin@immomedia.ag\",\"telephone\":\"+41444420002\",\"logo\":{\"@type\":\"ImageObject\",\"url\":\"https:\\\/\\\/www.immo-invest.ch\\\/wp-content\\\/uploads\\\/2024\\\/09\\\/immoinvest_sm-scaled.jpg\",\"@id\":\"https:\\\/\\\/www.immo-invest.ch\\\/fr\\\/fernwaermeprojekt-staerkt-energieversorgung-in-adligenswil\\\/#organizationLogo\",\"width\":2560,\"height\":1340},\"image\":{\"@id\":\"https:\\\/\\\/www.immo-invest.ch\\\/fr\\\/fernwaermeprojekt-staerkt-energieversorgung-in-adligenswil\\\/#organizationLogo\"},\"sameAs\":[\"https:\\\/\\\/www.facebook.com\\\/people\\\/Immoinvest\\\/100077962920504\\\/\",\"https:\\\/\\\/x.com\\\/i\\\/flow\\\/login?redirect_after_login=immoinvest_ch\",\"https:\\\/\\\/www.instagram.com\\\/immoinvest_ch\\\/\",\"https:\\\/\\\/www.linkedin.com\\\/company\\\/immoinvest-swiss\"]},{\"@type\":\"Person\",\"@id\":\"https:\\\/\\\/www.immo-invest.ch\\\/fr\\\/author\\\/immovestuser\\\/#author\",\"url\":\"https:\\\/\\\/www.immo-invest.ch\\\/fr\\\/author\\\/immovestuser\\\/\",\"name\":\"immovestuser\",\"image\":{\"@type\":\"ImageObject\",\"@id\":\"https:\\\/\\\/www.immo-invest.ch\\\/fr\\\/fernwaermeprojekt-staerkt-energieversorgung-in-adligenswil\\\/#authorImage\",\"url\":\"https:\\\/\\\/secure.gravatar.com\\\/avatar\\\/8e01f4d99f2eeea7a362ebb93305e1172a70e9293ba250f897a65c39f54cdd1e?s=96&d=mm&r=g\",\"width\":96,\"height\":96,\"caption\":\"immovestuser\"}},{\"@type\":\"WebPage\",\"@id\":\"https:\\\/\\\/www.immo-invest.ch\\\/fr\\\/fernwaermeprojekt-staerkt-energieversorgung-in-adligenswil\\\/#webpage\",\"url\":\"https:\\\/\\\/www.immo-invest.ch\\\/fr\\\/fernwaermeprojekt-staerkt-energieversorgung-in-adligenswil\\\/\",\"name\":\"Un projet de chauffage urbain renforce l\\u2019approvisionnement \\u00e9nerg\\u00e9tique \\u00e0 Adligenswil - immo!nvest - Die Plattform f\\u00fcr Standorte und Immobilien\",\"description\":\"EBL Energie Rigi a donn\\u00e9 le premier coup de pioche pour la conduite de raccordement entre le centre \\u00e9nerg\\u00e9tique de Halti-kon et le r\\u00e9seau de chauffage urbain d'Adligenswil. Cette conduite constitue la premi\\u00e8re phase de construction du r\\u00e9seau de chauffage \\u00e9largi. Elle permet de remplacer la centrale de chauffage obsol\\u00e8te d'Adligenswil.\",\"inLanguage\":\"fr-FR\",\"isPartOf\":{\"@id\":\"https:\\\/\\\/www.immo-invest.ch\\\/fr\\\/#website\"},\"breadcrumb\":{\"@id\":\"https:\\\/\\\/www.immo-invest.ch\\\/fr\\\/fernwaermeprojekt-staerkt-energieversorgung-in-adligenswil\\\/#breadcrumblist\"},\"author\":{\"@id\":\"https:\\\/\\\/www.immo-invest.ch\\\/fr\\\/author\\\/immovestuser\\\/#author\"},\"creator\":{\"@id\":\"https:\\\/\\\/www.immo-invest.ch\\\/fr\\\/author\\\/immovestuser\\\/#author\"},\"image\":{\"@type\":\"ImageObject\",\"url\":\"https:\\\/\\\/www.immo-invest.ch\\\/wp-content\\\/uploads\\\/2026\\\/03\\\/banoviag_district_heating_infrastructure_construction_undergr_4260636a-1948-4153-9411-e38913c4ed00_3.png\",\"@id\":\"https:\\\/\\\/www.immo-invest.ch\\\/fr\\\/fernwaermeprojekt-staerkt-energieversorgung-in-adligenswil\\\/#mainImage\",\"width\":1536,\"height\":768},\"primaryImageOfPage\":{\"@id\":\"https:\\\/\\\/www.immo-invest.ch\\\/fr\\\/fernwaermeprojekt-staerkt-energieversorgung-in-adligenswil\\\/#mainImage\"},\"datePublished\":\"2026-04-02T16:20:00+02:00\",\"dateModified\":\"2026-04-01T09:37:06+02:00\"},{\"@type\":\"WebSite\",\"@id\":\"https:\\\/\\\/www.immo-invest.ch\\\/fr\\\/#website\",\"url\":\"https:\\\/\\\/www.immo-invest.ch\\\/fr\\\/\",\"name\":\"immo!nvest - Die Plattform f\\u00fcr Standorte und Immobilien\",\"description\":\"Die\\u00a0Plattform f\\u00fcr Standorte und Immobilien\",\"inLanguage\":\"fr-FR\",\"publisher\":{\"@id\":\"https:\\\/\\\/www.immo-invest.ch\\\/fr\\\/#organization\"}}]}\n\t\t<\/script>\n\t\t<!-- All in One SEO -->\n\n","aioseo_head_json":{"title":"Un projet de chauffage urbain renforce l\u2019approvisionnement \u00e9nerg\u00e9tique \u00e0 Adligenswil - immo!nvest - Die Plattform f\u00fcr Standorte und Immobilien","description":"EBL Energie Rigi a donn\u00e9 le premier coup de pioche pour la conduite de raccordement entre le centre \u00e9nerg\u00e9tique de Halti-kon et le r\u00e9seau de chauffage urbain d'Adligenswil. Cette conduite constitue la premi\u00e8re phase de construction du r\u00e9seau de chauffage \u00e9largi. Elle permet de remplacer la centrale de chauffage obsol\u00e8te d'Adligenswil.","canonical_url":"https:\/\/www.immo-invest.ch\/fr\/fernwaermeprojekt-staerkt-energieversorgung-in-adligenswil\/","robots":"max-image-preview:large","keywords":"","webmasterTools":{"google-site-verification":"fHJKvgWpZCR2zVBHWfkQeFXC11qieUSff0HGNYfuyLA","miscellaneous":""},"schema":{"@context":"https:\/\/schema.org","@graph":[{"@type":"BlogPosting","@id":"https:\/\/www.immo-invest.ch\/fr\/fernwaermeprojekt-staerkt-energieversorgung-in-adligenswil\/#blogposting","name":"Un projet de chauffage urbain renforce l\u2019approvisionnement \u00e9nerg\u00e9tique \u00e0 Adligenswil - immo!nvest - Die Plattform f\u00fcr Standorte und Immobilien","headline":"Un projet de chauffage urbain renforce l&rsquo;approvisionnement \u00e9nerg\u00e9tique \u00e0 Adligenswil","author":{"@id":"https:\/\/www.immo-invest.ch\/fr\/author\/immovestuser\/#author"},"publisher":{"@id":"https:\/\/www.immo-invest.ch\/fr\/#organization"},"image":{"@type":"ImageObject","url":"https:\/\/www.immo-invest.ch\/wp-content\/uploads\/2026\/03\/banoviag_district_heating_infrastructure_construction_undergr_4260636a-1948-4153-9411-e38913c4ed00_3.png","width":1536,"height":768},"datePublished":"2026-04-02T16:20:00+02:00","dateModified":"2026-04-01T09:37:06+02:00","inLanguage":"fr-FR","mainEntityOfPage":{"@id":"https:\/\/www.immo-invest.ch\/fr\/fernwaermeprojekt-staerkt-energieversorgung-in-adligenswil\/#webpage"},"isPartOf":{"@id":"https:\/\/www.immo-invest.ch\/fr\/fernwaermeprojekt-staerkt-energieversorgung-in-adligenswil\/#webpage"},"articleSection":"Durabilit\u00e9, \u00c9nergie, immoNews, Projects, erneuerbare Energie Schweiz, Fernwaerme Adligenswil, Immoinvest, immoNews, News, Waermeverbund Ausbau, Facultatif"},{"@type":"BreadcrumbList","@id":"https:\/\/www.immo-invest.ch\/fr\/fernwaermeprojekt-staerkt-energieversorgung-in-adligenswil\/#breadcrumblist","itemListElement":[{"@type":"ListItem","@id":"https:\/\/www.immo-invest.ch\/fr\/#listItem","position":1,"name":"Home","item":"https:\/\/www.immo-invest.ch\/fr\/","nextItem":{"@type":"ListItem","@id":"https:\/\/www.immo-invest.ch\/fr\/categories\/trends-fr\/#listItem","name":"Trends"}},{"@type":"ListItem","@id":"https:\/\/www.immo-invest.ch\/fr\/categories\/trends-fr\/#listItem","position":2,"name":"Trends","item":"https:\/\/www.immo-invest.ch\/fr\/categories\/trends-fr\/","nextItem":{"@type":"ListItem","@id":"https:\/\/www.immo-invest.ch\/fr\/categories\/trends-fr\/durabilite\/#listItem","name":"Durabilit\u00e9"},"previousItem":{"@type":"ListItem","@id":"https:\/\/www.immo-invest.ch\/fr\/#listItem","name":"Home"}},{"@type":"ListItem","@id":"https:\/\/www.immo-invest.ch\/fr\/categories\/trends-fr\/durabilite\/#listItem","position":3,"name":"Durabilit\u00e9","item":"https:\/\/www.immo-invest.ch\/fr\/categories\/trends-fr\/durabilite\/","nextItem":{"@type":"ListItem","@id":"https:\/\/www.immo-invest.ch\/fr\/fernwaermeprojekt-staerkt-energieversorgung-in-adligenswil\/#listItem","name":"Un projet de chauffage urbain renforce l&rsquo;approvisionnement \u00e9nerg\u00e9tique \u00e0 Adligenswil"},"previousItem":{"@type":"ListItem","@id":"https:\/\/www.immo-invest.ch\/fr\/categories\/trends-fr\/#listItem","name":"Trends"}},{"@type":"ListItem","@id":"https:\/\/www.immo-invest.ch\/fr\/fernwaermeprojekt-staerkt-energieversorgung-in-adligenswil\/#listItem","position":4,"name":"Un projet de chauffage urbain renforce l&rsquo;approvisionnement \u00e9nerg\u00e9tique \u00e0 Adligenswil","previousItem":{"@type":"ListItem","@id":"https:\/\/www.immo-invest.ch\/fr\/categories\/trends-fr\/durabilite\/#listItem","name":"Durabilit\u00e9"}}]},{"@type":"Organization","@id":"https:\/\/www.immo-invest.ch\/fr\/#organization","name":"immo!nvest - Die Plattform f\u00fcr Standorte und Immobilien","description":"Die\u00a0Plattform f\u00fcr Standorte und Immobilien","url":"https:\/\/www.immo-invest.ch\/fr\/","email":"admin@immomedia.ag","telephone":"+41444420002","logo":{"@type":"ImageObject","url":"https:\/\/www.immo-invest.ch\/wp-content\/uploads\/2024\/09\/immoinvest_sm-scaled.jpg","@id":"https:\/\/www.immo-invest.ch\/fr\/fernwaermeprojekt-staerkt-energieversorgung-in-adligenswil\/#organizationLogo","width":2560,"height":1340},"image":{"@id":"https:\/\/www.immo-invest.ch\/fr\/fernwaermeprojekt-staerkt-energieversorgung-in-adligenswil\/#organizationLogo"},"sameAs":["https:\/\/www.facebook.com\/people\/Immoinvest\/100077962920504\/","https:\/\/x.com\/i\/flow\/login?redirect_after_login=immoinvest_ch","https:\/\/www.instagram.com\/immoinvest_ch\/","https:\/\/www.linkedin.com\/company\/immoinvest-swiss"]},{"@type":"Person","@id":"https:\/\/www.immo-invest.ch\/fr\/author\/immovestuser\/#author","url":"https:\/\/www.immo-invest.ch\/fr\/author\/immovestuser\/","name":"immovestuser","image":{"@type":"ImageObject","@id":"https:\/\/www.immo-invest.ch\/fr\/fernwaermeprojekt-staerkt-energieversorgung-in-adligenswil\/#authorImage","url":"https:\/\/secure.gravatar.com\/avatar\/8e01f4d99f2eeea7a362ebb93305e1172a70e9293ba250f897a65c39f54cdd1e?s=96&d=mm&r=g","width":96,"height":96,"caption":"immovestuser"}},{"@type":"WebPage","@id":"https:\/\/www.immo-invest.ch\/fr\/fernwaermeprojekt-staerkt-energieversorgung-in-adligenswil\/#webpage","url":"https:\/\/www.immo-invest.ch\/fr\/fernwaermeprojekt-staerkt-energieversorgung-in-adligenswil\/","name":"Un projet de chauffage urbain renforce l\u2019approvisionnement \u00e9nerg\u00e9tique \u00e0 Adligenswil - immo!nvest - Die Plattform f\u00fcr Standorte und Immobilien","description":"EBL Energie Rigi a donn\u00e9 le premier coup de pioche pour la conduite de raccordement entre le centre \u00e9nerg\u00e9tique de Halti-kon et le r\u00e9seau de chauffage urbain d'Adligenswil. Cette conduite constitue la premi\u00e8re phase de construction du r\u00e9seau de chauffage \u00e9largi. Elle permet de remplacer la centrale de chauffage obsol\u00e8te d'Adligenswil.","inLanguage":"fr-FR","isPartOf":{"@id":"https:\/\/www.immo-invest.ch\/fr\/#website"},"breadcrumb":{"@id":"https:\/\/www.immo-invest.ch\/fr\/fernwaermeprojekt-staerkt-energieversorgung-in-adligenswil\/#breadcrumblist"},"author":{"@id":"https:\/\/www.immo-invest.ch\/fr\/author\/immovestuser\/#author"},"creator":{"@id":"https:\/\/www.immo-invest.ch\/fr\/author\/immovestuser\/#author"},"image":{"@type":"ImageObject","url":"https:\/\/www.immo-invest.ch\/wp-content\/uploads\/2026\/03\/banoviag_district_heating_infrastructure_construction_undergr_4260636a-1948-4153-9411-e38913c4ed00_3.png","@id":"https:\/\/www.immo-invest.ch\/fr\/fernwaermeprojekt-staerkt-energieversorgung-in-adligenswil\/#mainImage","width":1536,"height":768},"primaryImageOfPage":{"@id":"https:\/\/www.immo-invest.ch\/fr\/fernwaermeprojekt-staerkt-energieversorgung-in-adligenswil\/#mainImage"},"datePublished":"2026-04-02T16:20:00+02:00","dateModified":"2026-04-01T09:37:06+02:00"},{"@type":"WebSite","@id":"https:\/\/www.immo-invest.ch\/fr\/#website","url":"https:\/\/www.immo-invest.ch\/fr\/","name":"immo!nvest - Die Plattform f\u00fcr Standorte und Immobilien","description":"Die\u00a0Plattform f\u00fcr Standorte und Immobilien","inLanguage":"fr-FR","publisher":{"@id":"https:\/\/www.immo-invest.ch\/fr\/#organization"}}]},"og:locale":"fr_FR","og:site_name":"immo!nvest - Die Plattform f\u00fcr Standorte und Immobilien - Die\u00a0Plattform f\u00fcr Standorte und Immobilien","og:type":"article","og:title":"Un projet de chauffage urbain renforce l\u2019approvisionnement \u00e9nerg\u00e9tique \u00e0 Adligenswil - immo!nvest - Die Plattform f\u00fcr Standorte und Immobilien","og:description":"EBL Energie Rigi a donn\u00e9 le premier coup de pioche pour la conduite de raccordement entre le centre \u00e9nerg\u00e9tique de Halti-kon et le r\u00e9seau de chauffage urbain d'Adligenswil. Cette conduite constitue la premi\u00e8re phase de construction du r\u00e9seau de chauffage \u00e9largi. Elle permet de remplacer la centrale de chauffage obsol\u00e8te d'Adligenswil.","og:url":"https:\/\/www.immo-invest.ch\/fr\/fernwaermeprojekt-staerkt-energieversorgung-in-adligenswil\/","og:image":"https:\/\/www.immo-invest.ch\/wp-content\/uploads\/2026\/03\/banoviag_district_heating_infrastructure_construction_undergr_4260636a-1948-4153-9411-e38913c4ed00_3.png","og:image:secure_url":"https:\/\/www.immo-invest.ch\/wp-content\/uploads\/2026\/03\/banoviag_district_heating_infrastructure_construction_undergr_4260636a-1948-4153-9411-e38913c4ed00_3.png","og:image:width":1536,"og:image:height":768,"article:published_time":"2026-04-02T14:20:00+00:00","article:modified_time":"2026-04-01T07:37:06+00:00","article:publisher":"https:\/\/www.facebook.com\/people\/Immoinvest\/100077962920504\/","twitter:card":"summary_large_image","twitter:site":"@i","twitter:title":"Un projet de chauffage urbain renforce l\u2019approvisionnement \u00e9nerg\u00e9tique \u00e0 Adligenswil - immo!nvest - Die Plattform f\u00fcr Standorte und Immobilien","twitter:description":"EBL Energie Rigi a donn\u00e9 le premier coup de pioche pour la conduite de raccordement entre le centre \u00e9nerg\u00e9tique de Halti-kon et le r\u00e9seau de chauffage urbain d'Adligenswil. Cette conduite constitue la premi\u00e8re phase de construction du r\u00e9seau de chauffage \u00e9largi. Elle permet de remplacer la centrale de chauffage obsol\u00e8te d'Adligenswil.","twitter:creator":"@i","twitter:image":"https:\/\/www.immo-invest.ch\/wp-content\/uploads\/2026\/03\/banoviag_district_heating_infrastructure_construction_undergr_4260636a-1948-4153-9411-e38913c4ed00_3.png"},"aioseo_meta_data":{"post_id":"152549","title":null,"description":null,"keywords":null,"keyphrases":{"focus":{"keyphrase":"","score":0,"analysis":{"keyphraseInTitle":{"score":0,"maxScore":9,"error":1}}},"additional":[]},"primary_term":null,"canonical_url":null,"og_title":null,"og_description":null,"og_object_type":"default","og_image_type":"default","og_image_url":null,"og_image_width":null,"og_image_height":null,"og_image_custom_url":null,"og_image_custom_fields":null,"og_video":"","og_custom_url":null,"og_article_section":null,"og_article_tags":null,"twitter_use_og":false,"twitter_card":"default","twitter_image_type":"default","twitter_image_url":null,"twitter_image_custom_url":null,"twitter_image_custom_fields":null,"twitter_title":null,"twitter_description":null,"schema":{"blockGraphs":[],"customGraphs":[],"default":{"data":{"Article":[],"Course":[],"Dataset":[],"FAQPage":[],"Movie":[],"Person":[],"Product":[],"ProductReview":[],"Car":[],"Recipe":[],"Service":[],"SoftwareApplication":[],"WebPage":[]},"graphName":"BlogPosting","isEnabled":true},"graphs":[]},"schema_type":"default","schema_type_options":null,"pillar_content":false,"robots_default":true,"robots_noindex":false,"robots_noarchive":false,"robots_nosnippet":false,"robots_nofollow":false,"robots_noimageindex":false,"robots_noodp":false,"robots_notranslate":false,"robots_max_snippet":"-1","robots_max_videopreview":"-1","robots_max_imagepreview":"large","priority":null,"frequency":"default","local_seo":null,"breadcrumb_settings":null,"limit_modified_date":false,"ai":{"faqs":[],"keyPoints":[],"titles":[],"descriptions":[],"socialPosts":{"email":[],"linkedin":[],"twitter":[],"facebook":[],"instagram":[]}},"created":"2026-04-01 07:26:53","updated":"2026-04-02 14:24:54","seo_analyzer_scan_date":null,"focus_keyword":null,"additional_keywords":null,"truseo_locale":null},"aioseo_breadcrumb":"<div class=\"aioseo-breadcrumbs\"><span class=\"aioseo-breadcrumb\">\n\t\t\t<a href=\"https:\/\/www.immo-invest.ch\/fr\/\" title=\"Home\">Home<\/a>\n\t\t<\/span><span class=\"aioseo-breadcrumb-separator\">&raquo;<\/span><span class=\"aioseo-breadcrumb\">\n\t\t\t<a href=\"https:\/\/www.immo-invest.ch\/fr\/categories\/trends-fr\/\" title=\"Trends\">Trends<\/a>\n\t\t<\/span><span class=\"aioseo-breadcrumb-separator\">&raquo;<\/span><span class=\"aioseo-breadcrumb\">\n\t\t\t<a href=\"https:\/\/www.immo-invest.ch\/fr\/categories\/trends-fr\/durabilite\/\" title=\"Durabilit\u00e9\">Durabilit\u00e9<\/a>\n\t\t<\/span><span class=\"aioseo-breadcrumb-separator\">&raquo;<\/span><span class=\"aioseo-breadcrumb\">\n\t\t\tUn projet de chauffage urbain renforce l\u2019approvisionnement \u00e9nerg\u00e9tique \u00e0 Adligenswil\n\t\t<\/span><\/div>","aioseo_breadcrumb_json":[{"label":"Home","link":"https:\/\/www.immo-invest.ch\/fr\/"},{"label":"Trends","link":"https:\/\/www.immo-invest.ch\/fr\/categories\/trends-fr\/"},{"label":"Durabilit\u00e9","link":"https:\/\/www.immo-invest.ch\/fr\/categories\/trends-fr\/durabilite\/"},{"label":"Un projet de chauffage urbain renforce l&rsquo;approvisionnement \u00e9nerg\u00e9tique \u00e0 Adligenswil","link":"https:\/\/www.immo-invest.ch\/fr\/fernwaermeprojekt-staerkt-energieversorgung-in-adligenswil\/"}],"featured_image_src":"https:\/\/www.immo-invest.ch\/wp-content\/uploads\/2026\/03\/banoviag_district_heating_infrastructure_construction_undergr_4260636a-1948-4153-9411-e38913c4ed00_3-336x168.png","_links":{"self":[{"href":"https:\/\/www.immo-invest.ch\/fr\/wp-json\/wp\/v2\/posts\/152549","targetHints":{"allow":["GET"]}}],"collection":[{"href":"https:\/\/www.immo-invest.ch\/fr\/wp-json\/wp\/v2\/posts"}],"about":[{"href":"https:\/\/www.immo-invest.ch\/fr\/wp-json\/wp\/v2\/types\/post"}],"author":[{"embeddable":true,"href":"https:\/\/www.immo-invest.ch\/fr\/wp-json\/wp\/v2\/users\/2"}],"replies":[{"embeddable":true,"href":"https:\/\/www.immo-invest.ch\/fr\/wp-json\/wp\/v2\/comments?post=152549"}],"version-history":[{"count":4,"href":"https:\/\/www.immo-invest.ch\/fr\/wp-json\/wp\/v2\/posts\/152549\/revisions"}],"predecessor-version":[{"id":152565,"href":"https:\/\/www.immo-invest.ch\/fr\/wp-json\/wp\/v2\/posts\/152549\/revisions\/152565"}],"wp:featuredmedia":[{"embeddable":true,"href":"https:\/\/www.immo-invest.ch\/fr\/wp-json\/wp\/v2\/media\/152550"}],"wp:attachment":[{"href":"https:\/\/www.immo-invest.ch\/fr\/wp-json\/wp\/v2\/media?parent=152549"}],"wp:term":[{"taxonomy":"category","embeddable":true,"href":"https:\/\/www.immo-invest.ch\/fr\/wp-json\/wp\/v2\/categories?post=152549"},{"taxonomy":"post_tag","embeddable":true,"href":"https:\/\/www.immo-invest.ch\/fr\/wp-json\/wp\/v2\/tags?post=152549"}],"curies":[{"name":"wp","href":"https:\/\/api.w.org\/{rel}","templated":true}]}}