{"id":152432,"date":"2026-03-30T14:44:22","date_gmt":"2026-03-30T12:44:22","guid":{"rendered":"https:\/\/www.immo-invest.ch\/schaltzentrale-der-elektrobranche\/"},"modified":"2026-03-30T15:51:51","modified_gmt":"2026-03-30T13:51:51","slug":"schaltzentrale-der-elektrobranche","status":"publish","type":"post","link":"https:\/\/www.immo-invest.ch\/fr\/schaltzentrale-der-elektrobranche\/","title":{"rendered":"Centrale de commande du secteur \u00e9lectrique"},"content":{"rendered":"<p class=\"wp-block-paragraph\">En raison de la forte demande, Ineltec 2026 occupera d&eacute;sormais les halles 3 &agrave; 6. Au niveau 1, de nouvelles marques, un secteur sp&eacute;cialis&eacute; &laquo;&nbsp;Lumi&egrave;re&nbsp;&raquo; &eacute;largi avec sa propre place de march&eacute; th&eacute;matique ainsi que des pr&eacute;sentations dans le Speakers Corner attendent les visiteurs. Le niveau 2 correspond &agrave; peu pr&egrave;s &agrave; la surface de 2024 en termes de taille et d&rsquo;agencement et offre un espace pour les &eacute;changes personnels et le r&eacute;seautage. La directrice du salon No&euml;lle Marti le r&eacute;sume ainsi : les entreprises qui h&eacute;sitaient encore en 2024 seront pr&eacute;sentes en 2026.<\/p>\n\n\n\n\n\n<p class=\"wp-block-paragraph\"><strong>EIT.swiss comme soutien national<br><\/strong>Un contrat de partenariat r&eacute;cemment conclu avec l&rsquo;association fa&icirc;ti&egrave;re EIT.swiss approfondit l&rsquo;interaction entre les connaissances de la branche et les comp&eacute;tences du salon. Le directeur Simon H&auml;mmerli et la directrice du salon No&euml;lle Marti sont responsables ensemble des th&egrave;mes sp&eacute;cialis&eacute;s, de la communication avec les visiteurs et du d&eacute;veloppement durable de la branche. Les visites de la rel&egrave;ve, les offres de formation continue et le transfert de connaissances assurent la profondeur des contenus au-del&agrave; de la surface d&rsquo;exposition classique.<\/p>\n\n\n\n\n\n<p class=\"wp-block-paragraph\"><strong>Focus au lieu de pertes de diffusion<br><\/strong>En se concentrant sur deux jours de salon, Ineltec mise d&eacute;lib&eacute;r&eacute;ment sur l&rsquo;efficacit&eacute;. Un site &eacute;conomiquement pertinent et un public sp&eacute;cialis&eacute; national sans pertes de diffusion. Les sept domaines sp&eacute;cialis&eacute;s vont de l&rsquo;&eacute;lectrotechnique et de la domotique aux solutions et outils informatiques en passant par l&rsquo;e-mobilit&eacute; et l&rsquo;infrastructure. Pour les cadres et les sp&eacute;cialistes du b&acirc;timent et de l&rsquo;installation, le salon est le rendez-vous le plus dense de la branche en Suisse en 2026.<\/p>\n\n\n\n\n\n<p class=\"wp-block-paragraph\"><strong>S&rsquo;assurer un emplacement d&egrave;s maintenant<br><\/strong>L&rsquo;&eacute;quipe du salon travaille actuellement de mani&egrave;re intensive &agrave; l&rsquo;emplacement des stands. Les entreprises int&eacute;ress&eacute;es peuvent s&rsquo;inscrire et r&eacute;server leur emplacement sur ineltec.ch. Ceux qui &eacute;taient pr&eacute;sents en 2024 savent que deux jours suffisent pour nouer des contacts, voir des innovations et pr&eacute;parer des d&eacute;cisions. Celles qui h&eacute;sitent encore risquent de rester sur la touche &agrave; l&rsquo;automne.<\/p>\n\n","protected":false},"excerpt":{"rendered":"<p>Deux jours, quatre halles, toute une branche sous un m\u00eame toit. Ineltec revient \u00e0 la Messe Z\u00fcrich les 9 et 10 septembre 2026, plus grand que lors de son red\u00e9marrage en 2024 et avec un partenariat qui lui conf\u00e8re un rayonnement national. Le nombre d&rsquo;exposants d&rsquo;il y a deux ans est d\u00e9j\u00e0 d\u00e9pass\u00e9, avant m\u00eame que le premier stand ne soit mont\u00e9.<\/p>\n","protected":false},"author":2,"featured_media":152434,"comment_status":"open","ping_status":"open","sticky":false,"template":"","format":"standard","meta":{"pmpro_default_level":"","inline_featured_image":false,"_monsterinsights_skip_tracking":false,"footnotes":""},"categories":[22357,22438],"tags":[58096,872,3931,58098,2002],"class_list":["post-152432","post","type-post","status-publish","format-standard","has-post-thumbnail","hentry","category-industrie-du-batiment","category-trends-fr","tag-fachmesse-zuerich","tag-immoinvest-fr","tag-immonews-fr","tag-ineltec-messe","tag-news-fr","pmpro-has-access"],"acf":{"bild_mit_ki_erstellt_worden":"","lead":"Deux jours, quatre halles, toute une branche sous un m\u00eame toit. Ineltec revient \u00e0 la Messe Z\u00fcrich les 9 et 10 septembre 2026, plus grand que lors de son red\u00e9marrage en 2024 et avec un partenariat qui lui conf\u00e8re un rayonnement national. Le nombre d'exposants d'il y a deux ans est d\u00e9j\u00e0 d\u00e9pass\u00e9, avant m\u00eame que le premier stand ne soit mont\u00e9.","autor":"Text: immoMedia","ort":"","bildunterschrift":"Bild: ineltec","bild_im_grid":false,"gallerie":"","newsim":""},"aioseo_notices":[],"aioseo_head":"\n\t\t<!-- All in One SEO 5.0.1.1 - aioseo.com -->\n\t<meta name=\"description\" content=\"Deux jours, quatre halles, toute une branche sous un m\u00eame toit. Ineltec revient \u00e0 la Messe Z\u00fcrich les 9 et 10 septembre 2026, plus grand que lors de son red\u00e9marrage en 2024 et avec un partenariat qui lui conf\u00e8re un rayonnement national. Le nombre d&#039;exposants d&#039;il y a deux ans est d\u00e9j\u00e0 d\u00e9pass\u00e9, avant m\u00eame que le premier stand ne soit mont\u00e9.\" \/>\n\t<meta name=\"robots\" content=\"max-image-preview:large\" \/>\n\t<meta name=\"author\" content=\"immovestuser\"\/>\n\t<meta name=\"google-site-verification\" content=\"fHJKvgWpZCR2zVBHWfkQeFXC11qieUSff0HGNYfuyLA\" \/>\n\t<link rel=\"canonical\" href=\"https:\/\/www.immo-invest.ch\/fr\/schaltzentrale-der-elektrobranche\/\" \/>\n\t<meta name=\"generator\" content=\"All in One SEO (AIOSEO) 5.0.1.1\" \/>\n\t\t<meta property=\"og:locale\" content=\"fr_FR\" \/>\n\t\t<meta property=\"og:site_name\" content=\"immo!nvest - Die Plattform f\u00fcr Standorte und Immobilien - Die\u00a0Plattform f\u00fcr Standorte und Immobilien\" \/>\n\t\t<meta property=\"og:type\" content=\"article\" \/>\n\t\t<meta property=\"og:title\" content=\"Centrale de commande du secteur \u00e9lectrique - immo!nvest - Die Plattform f\u00fcr Standorte und Immobilien\" \/>\n\t\t<meta property=\"og:description\" content=\"Deux jours, quatre halles, toute une branche sous un m\u00eame toit. Ineltec revient \u00e0 la Messe Z\u00fcrich les 9 et 10 septembre 2026, plus grand que lors de son red\u00e9marrage en 2024 et avec un partenariat qui lui conf\u00e8re un rayonnement national. Le nombre d&#039;exposants d&#039;il y a deux ans est d\u00e9j\u00e0 d\u00e9pass\u00e9, avant m\u00eame que le premier stand ne soit mont\u00e9.\" \/>\n\t\t<meta property=\"og:url\" content=\"https:\/\/www.immo-invest.ch\/fr\/schaltzentrale-der-elektrobranche\/\" \/>\n\t\t<meta property=\"og:image\" content=\"https:\/\/www.immo-invest.ch\/wp-content\/uploads\/2026\/03\/Office-approx-21-x-14-cm-Ineltec24_SBU_01_024.jpg\" \/>\n\t\t<meta property=\"og:image:secure_url\" content=\"https:\/\/www.immo-invest.ch\/wp-content\/uploads\/2026\/03\/Office-approx-21-x-14-cm-Ineltec24_SBU_01_024.jpg\" \/>\n\t\t<meta property=\"og:image:width\" content=\"1240\" \/>\n\t\t<meta property=\"og:image:height\" content=\"827\" \/>\n\t\t<meta property=\"article:published_time\" content=\"2026-03-30T12:44:22+00:00\" \/>\n\t\t<meta property=\"article:modified_time\" content=\"2026-03-30T13:51:51+00:00\" \/>\n\t\t<meta property=\"article:publisher\" content=\"https:\/\/www.facebook.com\/people\/Immoinvest\/100077962920504\/\" \/>\n\t\t<meta name=\"twitter:card\" content=\"summary_large_image\" \/>\n\t\t<meta name=\"twitter:site\" content=\"@i\" \/>\n\t\t<meta name=\"twitter:title\" content=\"Centrale de commande du secteur \u00e9lectrique - immo!nvest - Die Plattform f\u00fcr Standorte und Immobilien\" \/>\n\t\t<meta name=\"twitter:description\" content=\"Deux jours, quatre halles, toute une branche sous un m\u00eame toit. Ineltec revient \u00e0 la Messe Z\u00fcrich les 9 et 10 septembre 2026, plus grand que lors de son red\u00e9marrage en 2024 et avec un partenariat qui lui conf\u00e8re un rayonnement national. Le nombre d&#039;exposants d&#039;il y a deux ans est d\u00e9j\u00e0 d\u00e9pass\u00e9, avant m\u00eame que le premier stand ne soit mont\u00e9.\" \/>\n\t\t<meta name=\"twitter:creator\" content=\"@i\" \/>\n\t\t<meta name=\"twitter:image\" content=\"https:\/\/www.immo-invest.ch\/wp-content\/uploads\/2026\/03\/Office-approx-21-x-14-cm-Ineltec24_SBU_01_024.jpg\" \/>\n\t\t<script type=\"application\/ld+json\" class=\"aioseo-schema\">\n\t\t\t{\"@context\":\"https:\\\/\\\/schema.org\",\"@graph\":[{\"@type\":\"BlogPosting\",\"@id\":\"https:\\\/\\\/www.immo-invest.ch\\\/fr\\\/schaltzentrale-der-elektrobranche\\\/#blogposting\",\"name\":\"Centrale de commande du secteur \\u00e9lectrique - immo!nvest - Die Plattform f\\u00fcr Standorte und Immobilien\",\"headline\":\"Centrale de commande du secteur \\u00e9lectrique\",\"author\":{\"@id\":\"https:\\\/\\\/www.immo-invest.ch\\\/fr\\\/author\\\/immovestuser\\\/#author\"},\"publisher\":{\"@id\":\"https:\\\/\\\/www.immo-invest.ch\\\/fr\\\/#organization\"},\"image\":{\"@type\":\"ImageObject\",\"url\":\"https:\\\/\\\/www.immo-invest.ch\\\/wp-content\\\/uploads\\\/2026\\\/03\\\/Office-approx-21-x-14-cm-Ineltec24_SBU_01_024.jpg\",\"width\":1240,\"height\":827},\"datePublished\":\"2026-03-30T14:44:22+02:00\",\"dateModified\":\"2026-03-30T15:51:51+02:00\",\"inLanguage\":\"fr-FR\",\"mainEntityOfPage\":{\"@id\":\"https:\\\/\\\/www.immo-invest.ch\\\/fr\\\/schaltzentrale-der-elektrobranche\\\/#webpage\"},\"isPartOf\":{\"@id\":\"https:\\\/\\\/www.immo-invest.ch\\\/fr\\\/schaltzentrale-der-elektrobranche\\\/#webpage\"},\"articleSection\":\"Industrie du b\\u00e2timent, Trends, Fachmesse Z\\u00fcrich, Immoinvest, immoNews, Ineltec Messe, News, Facultatif\"},{\"@type\":\"BreadcrumbList\",\"@id\":\"https:\\\/\\\/www.immo-invest.ch\\\/fr\\\/schaltzentrale-der-elektrobranche\\\/#breadcrumblist\",\"itemListElement\":[{\"@type\":\"ListItem\",\"@id\":\"https:\\\/\\\/www.immo-invest.ch\\\/fr\\\/#listItem\",\"position\":1,\"name\":\"Home\",\"item\":\"https:\\\/\\\/www.immo-invest.ch\\\/fr\\\/\",\"nextItem\":{\"@type\":\"ListItem\",\"@id\":\"https:\\\/\\\/www.immo-invest.ch\\\/fr\\\/categories\\\/trends-fr\\\/#listItem\",\"name\":\"Trends\"}},{\"@type\":\"ListItem\",\"@id\":\"https:\\\/\\\/www.immo-invest.ch\\\/fr\\\/categories\\\/trends-fr\\\/#listItem\",\"position\":2,\"name\":\"Trends\",\"item\":\"https:\\\/\\\/www.immo-invest.ch\\\/fr\\\/categories\\\/trends-fr\\\/\",\"nextItem\":{\"@type\":\"ListItem\",\"@id\":\"https:\\\/\\\/www.immo-invest.ch\\\/fr\\\/categories\\\/trends-fr\\\/industrie-du-batiment\\\/#listItem\",\"name\":\"Industrie du b\\u00e2timent\"},\"previousItem\":{\"@type\":\"ListItem\",\"@id\":\"https:\\\/\\\/www.immo-invest.ch\\\/fr\\\/#listItem\",\"name\":\"Home\"}},{\"@type\":\"ListItem\",\"@id\":\"https:\\\/\\\/www.immo-invest.ch\\\/fr\\\/categories\\\/trends-fr\\\/industrie-du-batiment\\\/#listItem\",\"position\":3,\"name\":\"Industrie du b\\u00e2timent\",\"item\":\"https:\\\/\\\/www.immo-invest.ch\\\/fr\\\/categories\\\/trends-fr\\\/industrie-du-batiment\\\/\",\"nextItem\":{\"@type\":\"ListItem\",\"@id\":\"https:\\\/\\\/www.immo-invest.ch\\\/fr\\\/schaltzentrale-der-elektrobranche\\\/#listItem\",\"name\":\"Centrale de commande du secteur \\u00e9lectrique\"},\"previousItem\":{\"@type\":\"ListItem\",\"@id\":\"https:\\\/\\\/www.immo-invest.ch\\\/fr\\\/categories\\\/trends-fr\\\/#listItem\",\"name\":\"Trends\"}},{\"@type\":\"ListItem\",\"@id\":\"https:\\\/\\\/www.immo-invest.ch\\\/fr\\\/schaltzentrale-der-elektrobranche\\\/#listItem\",\"position\":4,\"name\":\"Centrale de commande du secteur \\u00e9lectrique\",\"previousItem\":{\"@type\":\"ListItem\",\"@id\":\"https:\\\/\\\/www.immo-invest.ch\\\/fr\\\/categories\\\/trends-fr\\\/industrie-du-batiment\\\/#listItem\",\"name\":\"Industrie du b\\u00e2timent\"}}]},{\"@type\":\"Organization\",\"@id\":\"https:\\\/\\\/www.immo-invest.ch\\\/fr\\\/#organization\",\"name\":\"immo!nvest - Die Plattform f\\u00fcr Standorte und Immobilien\",\"description\":\"Die\\u00a0Plattform f\\u00fcr Standorte und Immobilien\",\"url\":\"https:\\\/\\\/www.immo-invest.ch\\\/fr\\\/\",\"email\":\"admin@immomedia.ag\",\"telephone\":\"+41444420002\",\"logo\":{\"@type\":\"ImageObject\",\"url\":\"https:\\\/\\\/www.immo-invest.ch\\\/wp-content\\\/uploads\\\/2024\\\/09\\\/immoinvest_sm-scaled.jpg\",\"@id\":\"https:\\\/\\\/www.immo-invest.ch\\\/fr\\\/schaltzentrale-der-elektrobranche\\\/#organizationLogo\",\"width\":2560,\"height\":1340},\"image\":{\"@id\":\"https:\\\/\\\/www.immo-invest.ch\\\/fr\\\/schaltzentrale-der-elektrobranche\\\/#organizationLogo\"},\"sameAs\":[\"https:\\\/\\\/www.facebook.com\\\/people\\\/Immoinvest\\\/100077962920504\\\/\",\"https:\\\/\\\/x.com\\\/i\\\/flow\\\/login?redirect_after_login=immoinvest_ch\",\"https:\\\/\\\/www.instagram.com\\\/immoinvest_ch\\\/\",\"https:\\\/\\\/www.linkedin.com\\\/company\\\/immoinvest-swiss\"]},{\"@type\":\"Person\",\"@id\":\"https:\\\/\\\/www.immo-invest.ch\\\/fr\\\/author\\\/immovestuser\\\/#author\",\"url\":\"https:\\\/\\\/www.immo-invest.ch\\\/fr\\\/author\\\/immovestuser\\\/\",\"name\":\"immovestuser\",\"image\":{\"@type\":\"ImageObject\",\"@id\":\"https:\\\/\\\/www.immo-invest.ch\\\/fr\\\/schaltzentrale-der-elektrobranche\\\/#authorImage\",\"url\":\"https:\\\/\\\/secure.gravatar.com\\\/avatar\\\/8e01f4d99f2eeea7a362ebb93305e1172a70e9293ba250f897a65c39f54cdd1e?s=96&d=mm&r=g\",\"width\":96,\"height\":96,\"caption\":\"immovestuser\"}},{\"@type\":\"WebPage\",\"@id\":\"https:\\\/\\\/www.immo-invest.ch\\\/fr\\\/schaltzentrale-der-elektrobranche\\\/#webpage\",\"url\":\"https:\\\/\\\/www.immo-invest.ch\\\/fr\\\/schaltzentrale-der-elektrobranche\\\/\",\"name\":\"Centrale de commande du secteur \\u00e9lectrique - immo!nvest - Die Plattform f\\u00fcr Standorte und Immobilien\",\"description\":\"Deux jours, quatre halles, toute une branche sous un m\\u00eame toit. Ineltec revient \\u00e0 la Messe Z\\u00fcrich les 9 et 10 septembre 2026, plus grand que lors de son red\\u00e9marrage en 2024 et avec un partenariat qui lui conf\\u00e8re un rayonnement national. Le nombre d'exposants d'il y a deux ans est d\\u00e9j\\u00e0 d\\u00e9pass\\u00e9, avant m\\u00eame que le premier stand ne soit mont\\u00e9.\",\"inLanguage\":\"fr-FR\",\"isPartOf\":{\"@id\":\"https:\\\/\\\/www.immo-invest.ch\\\/fr\\\/#website\"},\"breadcrumb\":{\"@id\":\"https:\\\/\\\/www.immo-invest.ch\\\/fr\\\/schaltzentrale-der-elektrobranche\\\/#breadcrumblist\"},\"author\":{\"@id\":\"https:\\\/\\\/www.immo-invest.ch\\\/fr\\\/author\\\/immovestuser\\\/#author\"},\"creator\":{\"@id\":\"https:\\\/\\\/www.immo-invest.ch\\\/fr\\\/author\\\/immovestuser\\\/#author\"},\"image\":{\"@type\":\"ImageObject\",\"url\":\"https:\\\/\\\/www.immo-invest.ch\\\/wp-content\\\/uploads\\\/2026\\\/03\\\/Office-approx-21-x-14-cm-Ineltec24_SBU_01_024.jpg\",\"@id\":\"https:\\\/\\\/www.immo-invest.ch\\\/fr\\\/schaltzentrale-der-elektrobranche\\\/#mainImage\",\"width\":1240,\"height\":827},\"primaryImageOfPage\":{\"@id\":\"https:\\\/\\\/www.immo-invest.ch\\\/fr\\\/schaltzentrale-der-elektrobranche\\\/#mainImage\"},\"datePublished\":\"2026-03-30T14:44:22+02:00\",\"dateModified\":\"2026-03-30T15:51:51+02:00\"},{\"@type\":\"WebSite\",\"@id\":\"https:\\\/\\\/www.immo-invest.ch\\\/fr\\\/#website\",\"url\":\"https:\\\/\\\/www.immo-invest.ch\\\/fr\\\/\",\"name\":\"immo!nvest - Die Plattform f\\u00fcr Standorte und Immobilien\",\"description\":\"Die\\u00a0Plattform f\\u00fcr Standorte und Immobilien\",\"inLanguage\":\"fr-FR\",\"publisher\":{\"@id\":\"https:\\\/\\\/www.immo-invest.ch\\\/fr\\\/#organization\"}}]}\n\t\t<\/script>\n\t\t<!-- All in One SEO -->\n\n","aioseo_head_json":{"title":"Centrale de commande du secteur \u00e9lectrique - immo!nvest - Die Plattform f\u00fcr Standorte und Immobilien","description":"Deux jours, quatre halles, toute une branche sous un m\u00eame toit. Ineltec revient \u00e0 la Messe Z\u00fcrich les 9 et 10 septembre 2026, plus grand que lors de son red\u00e9marrage en 2024 et avec un partenariat qui lui conf\u00e8re un rayonnement national. Le nombre d'exposants d'il y a deux ans est d\u00e9j\u00e0 d\u00e9pass\u00e9, avant m\u00eame que le premier stand ne soit mont\u00e9.","canonical_url":"https:\/\/www.immo-invest.ch\/fr\/schaltzentrale-der-elektrobranche\/","robots":"max-image-preview:large","keywords":"","webmasterTools":{"google-site-verification":"fHJKvgWpZCR2zVBHWfkQeFXC11qieUSff0HGNYfuyLA","miscellaneous":""},"schema":{"@context":"https:\/\/schema.org","@graph":[{"@type":"BlogPosting","@id":"https:\/\/www.immo-invest.ch\/fr\/schaltzentrale-der-elektrobranche\/#blogposting","name":"Centrale de commande du secteur \u00e9lectrique - immo!nvest - Die Plattform f\u00fcr Standorte und Immobilien","headline":"Centrale de commande du secteur \u00e9lectrique","author":{"@id":"https:\/\/www.immo-invest.ch\/fr\/author\/immovestuser\/#author"},"publisher":{"@id":"https:\/\/www.immo-invest.ch\/fr\/#organization"},"image":{"@type":"ImageObject","url":"https:\/\/www.immo-invest.ch\/wp-content\/uploads\/2026\/03\/Office-approx-21-x-14-cm-Ineltec24_SBU_01_024.jpg","width":1240,"height":827},"datePublished":"2026-03-30T14:44:22+02:00","dateModified":"2026-03-30T15:51:51+02:00","inLanguage":"fr-FR","mainEntityOfPage":{"@id":"https:\/\/www.immo-invest.ch\/fr\/schaltzentrale-der-elektrobranche\/#webpage"},"isPartOf":{"@id":"https:\/\/www.immo-invest.ch\/fr\/schaltzentrale-der-elektrobranche\/#webpage"},"articleSection":"Industrie du b\u00e2timent, Trends, Fachmesse Z\u00fcrich, Immoinvest, immoNews, Ineltec Messe, News, Facultatif"},{"@type":"BreadcrumbList","@id":"https:\/\/www.immo-invest.ch\/fr\/schaltzentrale-der-elektrobranche\/#breadcrumblist","itemListElement":[{"@type":"ListItem","@id":"https:\/\/www.immo-invest.ch\/fr\/#listItem","position":1,"name":"Home","item":"https:\/\/www.immo-invest.ch\/fr\/","nextItem":{"@type":"ListItem","@id":"https:\/\/www.immo-invest.ch\/fr\/categories\/trends-fr\/#listItem","name":"Trends"}},{"@type":"ListItem","@id":"https:\/\/www.immo-invest.ch\/fr\/categories\/trends-fr\/#listItem","position":2,"name":"Trends","item":"https:\/\/www.immo-invest.ch\/fr\/categories\/trends-fr\/","nextItem":{"@type":"ListItem","@id":"https:\/\/www.immo-invest.ch\/fr\/categories\/trends-fr\/industrie-du-batiment\/#listItem","name":"Industrie du b\u00e2timent"},"previousItem":{"@type":"ListItem","@id":"https:\/\/www.immo-invest.ch\/fr\/#listItem","name":"Home"}},{"@type":"ListItem","@id":"https:\/\/www.immo-invest.ch\/fr\/categories\/trends-fr\/industrie-du-batiment\/#listItem","position":3,"name":"Industrie du b\u00e2timent","item":"https:\/\/www.immo-invest.ch\/fr\/categories\/trends-fr\/industrie-du-batiment\/","nextItem":{"@type":"ListItem","@id":"https:\/\/www.immo-invest.ch\/fr\/schaltzentrale-der-elektrobranche\/#listItem","name":"Centrale de commande du secteur \u00e9lectrique"},"previousItem":{"@type":"ListItem","@id":"https:\/\/www.immo-invest.ch\/fr\/categories\/trends-fr\/#listItem","name":"Trends"}},{"@type":"ListItem","@id":"https:\/\/www.immo-invest.ch\/fr\/schaltzentrale-der-elektrobranche\/#listItem","position":4,"name":"Centrale de commande du secteur \u00e9lectrique","previousItem":{"@type":"ListItem","@id":"https:\/\/www.immo-invest.ch\/fr\/categories\/trends-fr\/industrie-du-batiment\/#listItem","name":"Industrie du b\u00e2timent"}}]},{"@type":"Organization","@id":"https:\/\/www.immo-invest.ch\/fr\/#organization","name":"immo!nvest - Die Plattform f\u00fcr Standorte und Immobilien","description":"Die\u00a0Plattform f\u00fcr Standorte und Immobilien","url":"https:\/\/www.immo-invest.ch\/fr\/","email":"admin@immomedia.ag","telephone":"+41444420002","logo":{"@type":"ImageObject","url":"https:\/\/www.immo-invest.ch\/wp-content\/uploads\/2024\/09\/immoinvest_sm-scaled.jpg","@id":"https:\/\/www.immo-invest.ch\/fr\/schaltzentrale-der-elektrobranche\/#organizationLogo","width":2560,"height":1340},"image":{"@id":"https:\/\/www.immo-invest.ch\/fr\/schaltzentrale-der-elektrobranche\/#organizationLogo"},"sameAs":["https:\/\/www.facebook.com\/people\/Immoinvest\/100077962920504\/","https:\/\/x.com\/i\/flow\/login?redirect_after_login=immoinvest_ch","https:\/\/www.instagram.com\/immoinvest_ch\/","https:\/\/www.linkedin.com\/company\/immoinvest-swiss"]},{"@type":"Person","@id":"https:\/\/www.immo-invest.ch\/fr\/author\/immovestuser\/#author","url":"https:\/\/www.immo-invest.ch\/fr\/author\/immovestuser\/","name":"immovestuser","image":{"@type":"ImageObject","@id":"https:\/\/www.immo-invest.ch\/fr\/schaltzentrale-der-elektrobranche\/#authorImage","url":"https:\/\/secure.gravatar.com\/avatar\/8e01f4d99f2eeea7a362ebb93305e1172a70e9293ba250f897a65c39f54cdd1e?s=96&d=mm&r=g","width":96,"height":96,"caption":"immovestuser"}},{"@type":"WebPage","@id":"https:\/\/www.immo-invest.ch\/fr\/schaltzentrale-der-elektrobranche\/#webpage","url":"https:\/\/www.immo-invest.ch\/fr\/schaltzentrale-der-elektrobranche\/","name":"Centrale de commande du secteur \u00e9lectrique - immo!nvest - Die Plattform f\u00fcr Standorte und Immobilien","description":"Deux jours, quatre halles, toute une branche sous un m\u00eame toit. Ineltec revient \u00e0 la Messe Z\u00fcrich les 9 et 10 septembre 2026, plus grand que lors de son red\u00e9marrage en 2024 et avec un partenariat qui lui conf\u00e8re un rayonnement national. Le nombre d'exposants d'il y a deux ans est d\u00e9j\u00e0 d\u00e9pass\u00e9, avant m\u00eame que le premier stand ne soit mont\u00e9.","inLanguage":"fr-FR","isPartOf":{"@id":"https:\/\/www.immo-invest.ch\/fr\/#website"},"breadcrumb":{"@id":"https:\/\/www.immo-invest.ch\/fr\/schaltzentrale-der-elektrobranche\/#breadcrumblist"},"author":{"@id":"https:\/\/www.immo-invest.ch\/fr\/author\/immovestuser\/#author"},"creator":{"@id":"https:\/\/www.immo-invest.ch\/fr\/author\/immovestuser\/#author"},"image":{"@type":"ImageObject","url":"https:\/\/www.immo-invest.ch\/wp-content\/uploads\/2026\/03\/Office-approx-21-x-14-cm-Ineltec24_SBU_01_024.jpg","@id":"https:\/\/www.immo-invest.ch\/fr\/schaltzentrale-der-elektrobranche\/#mainImage","width":1240,"height":827},"primaryImageOfPage":{"@id":"https:\/\/www.immo-invest.ch\/fr\/schaltzentrale-der-elektrobranche\/#mainImage"},"datePublished":"2026-03-30T14:44:22+02:00","dateModified":"2026-03-30T15:51:51+02:00"},{"@type":"WebSite","@id":"https:\/\/www.immo-invest.ch\/fr\/#website","url":"https:\/\/www.immo-invest.ch\/fr\/","name":"immo!nvest - Die Plattform f\u00fcr Standorte und Immobilien","description":"Die\u00a0Plattform f\u00fcr Standorte und Immobilien","inLanguage":"fr-FR","publisher":{"@id":"https:\/\/www.immo-invest.ch\/fr\/#organization"}}]},"og:locale":"fr_FR","og:site_name":"immo!nvest - Die Plattform f\u00fcr Standorte und Immobilien - Die\u00a0Plattform f\u00fcr Standorte und Immobilien","og:type":"article","og:title":"Centrale de commande du secteur \u00e9lectrique - immo!nvest - Die Plattform f\u00fcr Standorte und Immobilien","og:description":"Deux jours, quatre halles, toute une branche sous un m\u00eame toit. Ineltec revient \u00e0 la Messe Z\u00fcrich les 9 et 10 septembre 2026, plus grand que lors de son red\u00e9marrage en 2024 et avec un partenariat qui lui conf\u00e8re un rayonnement national. Le nombre d'exposants d'il y a deux ans est d\u00e9j\u00e0 d\u00e9pass\u00e9, avant m\u00eame que le premier stand ne soit mont\u00e9.","og:url":"https:\/\/www.immo-invest.ch\/fr\/schaltzentrale-der-elektrobranche\/","og:image":"https:\/\/www.immo-invest.ch\/wp-content\/uploads\/2026\/03\/Office-approx-21-x-14-cm-Ineltec24_SBU_01_024.jpg","og:image:secure_url":"https:\/\/www.immo-invest.ch\/wp-content\/uploads\/2026\/03\/Office-approx-21-x-14-cm-Ineltec24_SBU_01_024.jpg","og:image:width":1240,"og:image:height":827,"article:published_time":"2026-03-30T12:44:22+00:00","article:modified_time":"2026-03-30T13:51:51+00:00","article:publisher":"https:\/\/www.facebook.com\/people\/Immoinvest\/100077962920504\/","twitter:card":"summary_large_image","twitter:site":"@i","twitter:title":"Centrale de commande du secteur \u00e9lectrique - immo!nvest - Die Plattform f\u00fcr Standorte und Immobilien","twitter:description":"Deux jours, quatre halles, toute une branche sous un m\u00eame toit. Ineltec revient \u00e0 la Messe Z\u00fcrich les 9 et 10 septembre 2026, plus grand que lors de son red\u00e9marrage en 2024 et avec un partenariat qui lui conf\u00e8re un rayonnement national. Le nombre d'exposants d'il y a deux ans est d\u00e9j\u00e0 d\u00e9pass\u00e9, avant m\u00eame que le premier stand ne soit mont\u00e9.","twitter:creator":"@i","twitter:image":"https:\/\/www.immo-invest.ch\/wp-content\/uploads\/2026\/03\/Office-approx-21-x-14-cm-Ineltec24_SBU_01_024.jpg"},"aioseo_meta_data":{"post_id":"152432","title":null,"description":null,"keywords":null,"keyphrases":{"focus":{"keyphrase":"","score":0,"analysis":{"keyphraseInTitle":{"score":0,"maxScore":9,"error":1}}},"additional":[]},"primary_term":null,"canonical_url":null,"og_title":null,"og_description":null,"og_object_type":"default","og_image_type":"default","og_image_url":null,"og_image_width":null,"og_image_height":null,"og_image_custom_url":null,"og_image_custom_fields":null,"og_video":"","og_custom_url":null,"og_article_section":null,"og_article_tags":null,"twitter_use_og":false,"twitter_card":"default","twitter_image_type":"default","twitter_image_url":null,"twitter_image_custom_url":null,"twitter_image_custom_fields":null,"twitter_title":null,"twitter_description":null,"schema":{"blockGraphs":[],"customGraphs":[],"default":{"data":{"Article":[],"Course":[],"Dataset":[],"FAQPage":[],"Movie":[],"Person":[],"Product":[],"ProductReview":[],"Car":[],"Recipe":[],"Service":[],"SoftwareApplication":[],"WebPage":[]},"graphName":"BlogPosting","isEnabled":true},"graphs":[]},"schema_type":"default","schema_type_options":null,"pillar_content":false,"robots_default":true,"robots_noindex":false,"robots_noarchive":false,"robots_nosnippet":false,"robots_nofollow":false,"robots_noimageindex":false,"robots_noodp":false,"robots_notranslate":false,"robots_max_snippet":"-1","robots_max_videopreview":"-1","robots_max_imagepreview":"large","priority":null,"frequency":"default","local_seo":null,"breadcrumb_settings":null,"limit_modified_date":false,"ai":{"faqs":[],"keyPoints":[],"titles":[],"descriptions":[],"socialPosts":{"email":[],"linkedin":[],"twitter":[],"facebook":[],"instagram":[]}},"created":"2026-03-30 13:51:53","updated":"2026-03-30 14:07:37","seo_analyzer_scan_date":null,"focus_keyword":null,"additional_keywords":null,"truseo_locale":null},"aioseo_breadcrumb":"<div class=\"aioseo-breadcrumbs\"><span class=\"aioseo-breadcrumb\">\n\t\t\t<a href=\"https:\/\/www.immo-invest.ch\/fr\/\" title=\"Home\">Home<\/a>\n\t\t<\/span><span class=\"aioseo-breadcrumb-separator\">&raquo;<\/span><span class=\"aioseo-breadcrumb\">\n\t\t\t<a href=\"https:\/\/www.immo-invest.ch\/fr\/categories\/trends-fr\/\" title=\"Trends\">Trends<\/a>\n\t\t<\/span><span class=\"aioseo-breadcrumb-separator\">&raquo;<\/span><span class=\"aioseo-breadcrumb\">\n\t\t\t<a href=\"https:\/\/www.immo-invest.ch\/fr\/categories\/trends-fr\/industrie-du-batiment\/\" title=\"Industrie du b\u00e2timent\">Industrie du b\u00e2timent<\/a>\n\t\t<\/span><span class=\"aioseo-breadcrumb-separator\">&raquo;<\/span><span class=\"aioseo-breadcrumb\">\n\t\t\tCentrale de commande du secteur \u00e9lectrique\n\t\t<\/span><\/div>","aioseo_breadcrumb_json":[{"label":"Home","link":"https:\/\/www.immo-invest.ch\/fr\/"},{"label":"Trends","link":"https:\/\/www.immo-invest.ch\/fr\/categories\/trends-fr\/"},{"label":"Industrie du b\u00e2timent","link":"https:\/\/www.immo-invest.ch\/fr\/categories\/trends-fr\/industrie-du-batiment\/"},{"label":"Centrale de commande du secteur \u00e9lectrique","link":"https:\/\/www.immo-invest.ch\/fr\/schaltzentrale-der-elektrobranche\/"}],"featured_image_src":"https:\/\/www.immo-invest.ch\/wp-content\/uploads\/2026\/03\/Office-approx-21-x-14-cm-Ineltec24_SBU_01_024-336x168.jpg","_links":{"self":[{"href":"https:\/\/www.immo-invest.ch\/fr\/wp-json\/wp\/v2\/posts\/152432","targetHints":{"allow":["GET"]}}],"collection":[{"href":"https:\/\/www.immo-invest.ch\/fr\/wp-json\/wp\/v2\/posts"}],"about":[{"href":"https:\/\/www.immo-invest.ch\/fr\/wp-json\/wp\/v2\/types\/post"}],"author":[{"embeddable":true,"href":"https:\/\/www.immo-invest.ch\/fr\/wp-json\/wp\/v2\/users\/2"}],"replies":[{"embeddable":true,"href":"https:\/\/www.immo-invest.ch\/fr\/wp-json\/wp\/v2\/comments?post=152432"}],"version-history":[{"count":2,"href":"https:\/\/www.immo-invest.ch\/fr\/wp-json\/wp\/v2\/posts\/152432\/revisions"}],"predecessor-version":[{"id":152448,"href":"https:\/\/www.immo-invest.ch\/fr\/wp-json\/wp\/v2\/posts\/152432\/revisions\/152448"}],"wp:featuredmedia":[{"embeddable":true,"href":"https:\/\/www.immo-invest.ch\/fr\/wp-json\/wp\/v2\/media\/152434"}],"wp:attachment":[{"href":"https:\/\/www.immo-invest.ch\/fr\/wp-json\/wp\/v2\/media?parent=152432"}],"wp:term":[{"taxonomy":"category","embeddable":true,"href":"https:\/\/www.immo-invest.ch\/fr\/wp-json\/wp\/v2\/categories?post=152432"},{"taxonomy":"post_tag","embeddable":true,"href":"https:\/\/www.immo-invest.ch\/fr\/wp-json\/wp\/v2\/tags?post=152432"}],"curies":[{"name":"wp","href":"https:\/\/api.w.org\/{rel}","templated":true}]}}