{"id":152171,"date":"2026-03-30T08:20:00","date_gmt":"2026-03-30T06:20:00","guid":{"rendered":"https:\/\/www.immo-invest.ch\/?p=152171"},"modified":"2026-03-27T08:47:40","modified_gmt":"2026-03-27T07:47:40","slug":"grossprojekt-staerkt-bahnkapazitaet-im-raum-zuerich-nachhaltig","status":"publish","type":"post","link":"https:\/\/www.immo-invest.ch\/fr\/grossprojekt-staerkt-bahnkapazitaet-im-raum-zuerich-nachhaltig\/","title":{"rendered":"Un grand projet renforce durablement la capacit\u00e9 ferroviaire dans la r\u00e9gion de Zurich"},"content":{"rendered":"<p class=\"bodytext\">Selon un <a href=\"https:\/\/news.sbb.ch\/medien\/artikel\/140220\/mehrspur-zuerich-winterthur-bauarbeiten-fuer-grossprojekt-starten\" target=\"_blank\" rel=\"noopener\">communiqu&eacute;<\/a>, les <a href=\"https:\/\/company.sbb.ch\" target=\"_blank\" rel=\"noopener\">CFF<\/a> ont entam&eacute; l&rsquo;&eacute;largissement de la ligne entre Zurich et Winterthour pour la porter &agrave; quatre voies sur toute sa longueur. Dans le cadre du projet <a href=\"https:\/\/company.sbb.ch\/de\/bahnentwicklung\/projekte\/deutschschweiz\/region-zuerich\/zue%5B%E2%80%A6%5Dnterthur-bruettenertunnel.html?tracking-marketingurl=mehrspur\" target=\"_blank\" rel=\"noopener\">&laquo; MehrSpur Zurich-Winterthour &raquo;<\/a>, les CFF construisent un nouveau tunnel, agrandissent plusieurs gares et proc&egrave;dent &agrave; d&rsquo;autres am&eacute;nagements.<\/p>\n<p class=\"bodytext\">Les CFF et les entreprises de construction concern&eacute;es ont d&eacute;sormais entam&eacute; l&rsquo;extension des gares de Wallisellen, Dietlikon, Bassersdorf et Winterthur T&ouml;ss. Il s&rsquo;agit notamment d&rsquo;&eacute;largir les quais, de construire ou d&rsquo;adapter des passages souterrains, ainsi que des passerelles et des ponts. Les travaux &agrave; Bassersdorf devraient s&rsquo;achever d&rsquo;ici 2030, ceux de Wallisellen et Dietlikon d&rsquo;ici 2031 et ceux de T&ouml;ss d&rsquo;ici 2034.<\/p>\n<p class=\"bodytext\">Le tunnel de Br&uuml;tten devrait mesurer 9 kilom&egrave;tres de long. Le d&eacute;but du creusement du tunnel est pr&eacute;vu pour 2029, et sa mise en service pour 2037.<\/p>\n<p class=\"bodytext\">L&rsquo;extension devrait co&ucirc;ter au total 3,3 milliards de francs. Ce grand projet, associ&eacute; &agrave; d&rsquo;autres projets tels que l&rsquo;extension de la gare de Zurich Stadelhofen, devrait am&eacute;liorer consid&eacute;rablement l&rsquo;offre ferroviaire dans l&rsquo;agglom&eacute;ration zurichoise.<\/p>\n","protected":false},"excerpt":{"rendered":"<p>Les CFF et les entreprises de construction concern\u00e9es entament les travaux d&rsquo;extension des gares de Wallisellen, Dietlikon, Bassersdorf et Winterthur T\u00f6ss. Les travaux pr\u00e9paratoires du tunnel de Br\u00fctten sont sur le point de commencer. D&rsquo;ici 2037, la ligne entre Zurich et Winterthur devrait \u00eatre enti\u00e8rement am\u00e9nag\u00e9e en quatre voies.<\/p>\n","protected":false},"author":2,"featured_media":152172,"comment_status":"open","ping_status":"open","sticky":false,"template":"","format":"standard","meta":{"pmpro_default_level":"","inline_featured_image":false,"_monsterinsights_skip_tracking":false,"footnotes":""},"categories":[743,22703,9824,55964],"tags":[55050,872,3931,48888,2002,52196],"class_list":["post-152171","post","type-post","status-publish","format-standard","has-post-thumbnail","hentry","category-immonews-fr","category-mobilite","category-nouvelle-construction","category-strategies-de-financement","tag-bahnausbau","tag-immoinvest-fr","tag-immonews-fr","tag-infrastrukturprojekt-fr","tag-news-fr","tag-schienenverkehr-fr","pmpro-has-access"],"acf":{"bild_mit_ki_erstellt_worden":["Ja"],"lead":"Les CFF et les entreprises de construction concern\u00e9es entament les travaux d'extension des gares de Wallisellen, Dietlikon, Bassersdorf et Winterthur T\u00f6ss. Les travaux pr\u00e9paratoires du tunnel de Br\u00fctten sont sur le point de commencer. D'ici 2037, la ligne entre Zurich et Winterthur devrait \u00eatre enti\u00e8rement am\u00e9nag\u00e9e en quatre voies.","autor":"ce\/ug","ort":"Bern\/Winterthur","bildunterschrift":"","bild_im_grid":false,"gallerie":"","newsim":""},"aioseo_notices":[],"aioseo_head":"\n\t\t<!-- All in One SEO 5.0.0.1 - aioseo.com -->\n\t<meta name=\"description\" content=\"Les CFF et les entreprises de construction concern\u00e9es entament les travaux d&#039;extension des gares de Wallisellen, Dietlikon, Bassersdorf et Winterthur T\u00f6ss. Les travaux pr\u00e9paratoires du tunnel de Br\u00fctten sont sur le point de commencer. D&#039;ici 2037, la ligne entre Zurich et Winterthur devrait \u00eatre enti\u00e8rement am\u00e9nag\u00e9e en quatre voies.\" \/>\n\t<meta name=\"robots\" content=\"max-image-preview:large\" \/>\n\t<meta name=\"author\" content=\"immovestuser\"\/>\n\t<meta name=\"google-site-verification\" content=\"fHJKvgWpZCR2zVBHWfkQeFXC11qieUSff0HGNYfuyLA\" \/>\n\t<link rel=\"canonical\" href=\"https:\/\/www.immo-invest.ch\/fr\/grossprojekt-staerkt-bahnkapazitaet-im-raum-zuerich-nachhaltig\/\" \/>\n\t<meta name=\"generator\" content=\"All in One SEO (AIOSEO) 5.0.0.1\" \/>\n\t\t<meta property=\"og:locale\" content=\"fr_FR\" \/>\n\t\t<meta property=\"og:site_name\" content=\"immo!nvest - Die Plattform f\u00fcr Standorte und Immobilien - Die\u00a0Plattform f\u00fcr Standorte und Immobilien\" \/>\n\t\t<meta property=\"og:type\" content=\"article\" \/>\n\t\t<meta property=\"og:title\" content=\"Un grand projet renforce durablement la capacit\u00e9 ferroviaire dans la r\u00e9gion de Zurich - immo!nvest - Die Plattform f\u00fcr Standorte und Immobilien\" \/>\n\t\t<meta property=\"og:description\" content=\"Les CFF et les entreprises de construction concern\u00e9es entament les travaux d&#039;extension des gares de Wallisellen, Dietlikon, Bassersdorf et Winterthur T\u00f6ss. Les travaux pr\u00e9paratoires du tunnel de Br\u00fctten sont sur le point de commencer. D&#039;ici 2037, la ligne entre Zurich et Winterthur devrait \u00eatre enti\u00e8rement am\u00e9nag\u00e9e en quatre voies.\" \/>\n\t\t<meta property=\"og:url\" content=\"https:\/\/www.immo-invest.ch\/fr\/grossprojekt-staerkt-bahnkapazitaet-im-raum-zuerich-nachhaltig\/\" \/>\n\t\t<meta property=\"og:image\" content=\"https:\/\/www.immo-invest.ch\/wp-content\/uploads\/2026\/03\/banoviag_major_railway_infrastructure_construction_in_Switzer_f4041c2f-3b47-4e6e-8806-188fd9ba0d17_3.png\" \/>\n\t\t<meta property=\"og:image:secure_url\" content=\"https:\/\/www.immo-invest.ch\/wp-content\/uploads\/2026\/03\/banoviag_major_railway_infrastructure_construction_in_Switzer_f4041c2f-3b47-4e6e-8806-188fd9ba0d17_3.png\" \/>\n\t\t<meta property=\"og:image:width\" content=\"1536\" \/>\n\t\t<meta property=\"og:image:height\" content=\"768\" \/>\n\t\t<meta property=\"article:published_time\" content=\"2026-03-30T06:20:00+00:00\" \/>\n\t\t<meta property=\"article:modified_time\" content=\"2026-03-27T07:47:40+00:00\" \/>\n\t\t<meta property=\"article:publisher\" content=\"https:\/\/www.facebook.com\/people\/Immoinvest\/100077962920504\/\" \/>\n\t\t<meta name=\"twitter:card\" content=\"summary_large_image\" \/>\n\t\t<meta name=\"twitter:site\" content=\"@i\" \/>\n\t\t<meta name=\"twitter:title\" content=\"Un grand projet renforce durablement la capacit\u00e9 ferroviaire dans la r\u00e9gion de Zurich - immo!nvest - Die Plattform f\u00fcr Standorte und Immobilien\" \/>\n\t\t<meta name=\"twitter:description\" content=\"Les CFF et les entreprises de construction concern\u00e9es entament les travaux d&#039;extension des gares de Wallisellen, Dietlikon, Bassersdorf et Winterthur T\u00f6ss. Les travaux pr\u00e9paratoires du tunnel de Br\u00fctten sont sur le point de commencer. D&#039;ici 2037, la ligne entre Zurich et Winterthur devrait \u00eatre enti\u00e8rement am\u00e9nag\u00e9e en quatre voies.\" \/>\n\t\t<meta name=\"twitter:creator\" content=\"@i\" \/>\n\t\t<meta name=\"twitter:image\" content=\"https:\/\/www.immo-invest.ch\/wp-content\/uploads\/2026\/03\/banoviag_major_railway_infrastructure_construction_in_Switzer_f4041c2f-3b47-4e6e-8806-188fd9ba0d17_3.png\" \/>\n\t\t<script type=\"application\/ld+json\" class=\"aioseo-schema\">\n\t\t\t{\"@context\":\"https:\\\/\\\/schema.org\",\"@graph\":[{\"@type\":\"BlogPosting\",\"@id\":\"https:\\\/\\\/www.immo-invest.ch\\\/fr\\\/grossprojekt-staerkt-bahnkapazitaet-im-raum-zuerich-nachhaltig\\\/#blogposting\",\"name\":\"Un grand projet renforce durablement la capacit\\u00e9 ferroviaire dans la r\\u00e9gion de Zurich - immo!nvest - Die Plattform f\\u00fcr Standorte und Immobilien\",\"headline\":\"Un grand projet renforce durablement la capacit\\u00e9 ferroviaire dans la r\\u00e9gion de Zurich\",\"author\":{\"@id\":\"https:\\\/\\\/www.immo-invest.ch\\\/fr\\\/author\\\/immovestuser\\\/#author\"},\"publisher\":{\"@id\":\"https:\\\/\\\/www.immo-invest.ch\\\/fr\\\/#organization\"},\"image\":{\"@type\":\"ImageObject\",\"url\":\"https:\\\/\\\/www.immo-invest.ch\\\/wp-content\\\/uploads\\\/2026\\\/03\\\/banoviag_major_railway_infrastructure_construction_in_Switzer_f4041c2f-3b47-4e6e-8806-188fd9ba0d17_3.png\",\"width\":1536,\"height\":768},\"datePublished\":\"2026-03-30T08:20:00+02:00\",\"dateModified\":\"2026-03-27T08:47:40+01:00\",\"inLanguage\":\"fr-FR\",\"mainEntityOfPage\":{\"@id\":\"https:\\\/\\\/www.immo-invest.ch\\\/fr\\\/grossprojekt-staerkt-bahnkapazitaet-im-raum-zuerich-nachhaltig\\\/#webpage\"},\"isPartOf\":{\"@id\":\"https:\\\/\\\/www.immo-invest.ch\\\/fr\\\/grossprojekt-staerkt-bahnkapazitaet-im-raum-zuerich-nachhaltig\\\/#webpage\"},\"articleSection\":\"immoNews, Mobilit\\u00e9, Nouvelle construction, Strat\\u00e9gies de financement, Bahnausbau, Immoinvest, immoNews, Infrastrukturprojekt, News, Schienenverkehr, Facultatif\"},{\"@type\":\"BreadcrumbList\",\"@id\":\"https:\\\/\\\/www.immo-invest.ch\\\/fr\\\/grossprojekt-staerkt-bahnkapazitaet-im-raum-zuerich-nachhaltig\\\/#breadcrumblist\",\"itemListElement\":[{\"@type\":\"ListItem\",\"@id\":\"https:\\\/\\\/www.immo-invest.ch\\\/fr\\\/#listItem\",\"position\":1,\"name\":\"Home\",\"item\":\"https:\\\/\\\/www.immo-invest.ch\\\/fr\\\/\",\"nextItem\":{\"@type\":\"ListItem\",\"@id\":\"https:\\\/\\\/www.immo-invest.ch\\\/fr\\\/categories\\\/projects\\\/#listItem\",\"name\":\"Projects\"}},{\"@type\":\"ListItem\",\"@id\":\"https:\\\/\\\/www.immo-invest.ch\\\/fr\\\/categories\\\/projects\\\/#listItem\",\"position\":2,\"name\":\"Projects\",\"item\":\"https:\\\/\\\/www.immo-invest.ch\\\/fr\\\/categories\\\/projects\\\/\",\"nextItem\":{\"@type\":\"ListItem\",\"@id\":\"https:\\\/\\\/www.immo-invest.ch\\\/fr\\\/categories\\\/projects\\\/nouvelle-construction\\\/#listItem\",\"name\":\"Nouvelle construction\"},\"previousItem\":{\"@type\":\"ListItem\",\"@id\":\"https:\\\/\\\/www.immo-invest.ch\\\/fr\\\/#listItem\",\"name\":\"Home\"}},{\"@type\":\"ListItem\",\"@id\":\"https:\\\/\\\/www.immo-invest.ch\\\/fr\\\/categories\\\/projects\\\/nouvelle-construction\\\/#listItem\",\"position\":3,\"name\":\"Nouvelle construction\",\"item\":\"https:\\\/\\\/www.immo-invest.ch\\\/fr\\\/categories\\\/projects\\\/nouvelle-construction\\\/\",\"nextItem\":{\"@type\":\"ListItem\",\"@id\":\"https:\\\/\\\/www.immo-invest.ch\\\/fr\\\/grossprojekt-staerkt-bahnkapazitaet-im-raum-zuerich-nachhaltig\\\/#listItem\",\"name\":\"Un grand projet renforce durablement la capacit\\u00e9 ferroviaire dans la r\\u00e9gion de Zurich\"},\"previousItem\":{\"@type\":\"ListItem\",\"@id\":\"https:\\\/\\\/www.immo-invest.ch\\\/fr\\\/categories\\\/projects\\\/#listItem\",\"name\":\"Projects\"}},{\"@type\":\"ListItem\",\"@id\":\"https:\\\/\\\/www.immo-invest.ch\\\/fr\\\/grossprojekt-staerkt-bahnkapazitaet-im-raum-zuerich-nachhaltig\\\/#listItem\",\"position\":4,\"name\":\"Un grand projet renforce durablement la capacit\\u00e9 ferroviaire dans la r\\u00e9gion de Zurich\",\"previousItem\":{\"@type\":\"ListItem\",\"@id\":\"https:\\\/\\\/www.immo-invest.ch\\\/fr\\\/categories\\\/projects\\\/nouvelle-construction\\\/#listItem\",\"name\":\"Nouvelle construction\"}}]},{\"@type\":\"Organization\",\"@id\":\"https:\\\/\\\/www.immo-invest.ch\\\/fr\\\/#organization\",\"name\":\"immo!nvest - Die Plattform f\\u00fcr Standorte und Immobilien\",\"description\":\"Die\\u00a0Plattform f\\u00fcr Standorte und Immobilien\",\"url\":\"https:\\\/\\\/www.immo-invest.ch\\\/fr\\\/\",\"email\":\"admin@immomedia.ag\",\"telephone\":\"+41444420002\",\"logo\":{\"@type\":\"ImageObject\",\"url\":\"https:\\\/\\\/www.immo-invest.ch\\\/wp-content\\\/uploads\\\/2024\\\/09\\\/immoinvest_sm-scaled.jpg\",\"@id\":\"https:\\\/\\\/www.immo-invest.ch\\\/fr\\\/grossprojekt-staerkt-bahnkapazitaet-im-raum-zuerich-nachhaltig\\\/#organizationLogo\",\"width\":2560,\"height\":1340},\"image\":{\"@id\":\"https:\\\/\\\/www.immo-invest.ch\\\/fr\\\/grossprojekt-staerkt-bahnkapazitaet-im-raum-zuerich-nachhaltig\\\/#organizationLogo\"},\"sameAs\":[\"https:\\\/\\\/www.facebook.com\\\/people\\\/Immoinvest\\\/100077962920504\\\/\",\"https:\\\/\\\/x.com\\\/i\\\/flow\\\/login?redirect_after_login=immoinvest_ch\",\"https:\\\/\\\/www.instagram.com\\\/immoinvest_ch\\\/\",\"https:\\\/\\\/www.linkedin.com\\\/company\\\/immoinvest-swiss\"]},{\"@type\":\"Person\",\"@id\":\"https:\\\/\\\/www.immo-invest.ch\\\/fr\\\/author\\\/immovestuser\\\/#author\",\"url\":\"https:\\\/\\\/www.immo-invest.ch\\\/fr\\\/author\\\/immovestuser\\\/\",\"name\":\"immovestuser\",\"image\":{\"@type\":\"ImageObject\",\"@id\":\"https:\\\/\\\/www.immo-invest.ch\\\/fr\\\/grossprojekt-staerkt-bahnkapazitaet-im-raum-zuerich-nachhaltig\\\/#authorImage\",\"url\":\"https:\\\/\\\/secure.gravatar.com\\\/avatar\\\/8e01f4d99f2eeea7a362ebb93305e1172a70e9293ba250f897a65c39f54cdd1e?s=96&d=mm&r=g\",\"width\":96,\"height\":96,\"caption\":\"immovestuser\"}},{\"@type\":\"WebPage\",\"@id\":\"https:\\\/\\\/www.immo-invest.ch\\\/fr\\\/grossprojekt-staerkt-bahnkapazitaet-im-raum-zuerich-nachhaltig\\\/#webpage\",\"url\":\"https:\\\/\\\/www.immo-invest.ch\\\/fr\\\/grossprojekt-staerkt-bahnkapazitaet-im-raum-zuerich-nachhaltig\\\/\",\"name\":\"Un grand projet renforce durablement la capacit\\u00e9 ferroviaire dans la r\\u00e9gion de Zurich - immo!nvest - Die Plattform f\\u00fcr Standorte und Immobilien\",\"description\":\"Les CFF et les entreprises de construction concern\\u00e9es entament les travaux d'extension des gares de Wallisellen, Dietlikon, Bassersdorf et Winterthur T\\u00f6ss. Les travaux pr\\u00e9paratoires du tunnel de Br\\u00fctten sont sur le point de commencer. D'ici 2037, la ligne entre Zurich et Winterthur devrait \\u00eatre enti\\u00e8rement am\\u00e9nag\\u00e9e en quatre voies.\",\"inLanguage\":\"fr-FR\",\"isPartOf\":{\"@id\":\"https:\\\/\\\/www.immo-invest.ch\\\/fr\\\/#website\"},\"breadcrumb\":{\"@id\":\"https:\\\/\\\/www.immo-invest.ch\\\/fr\\\/grossprojekt-staerkt-bahnkapazitaet-im-raum-zuerich-nachhaltig\\\/#breadcrumblist\"},\"author\":{\"@id\":\"https:\\\/\\\/www.immo-invest.ch\\\/fr\\\/author\\\/immovestuser\\\/#author\"},\"creator\":{\"@id\":\"https:\\\/\\\/www.immo-invest.ch\\\/fr\\\/author\\\/immovestuser\\\/#author\"},\"image\":{\"@type\":\"ImageObject\",\"url\":\"https:\\\/\\\/www.immo-invest.ch\\\/wp-content\\\/uploads\\\/2026\\\/03\\\/banoviag_major_railway_infrastructure_construction_in_Switzer_f4041c2f-3b47-4e6e-8806-188fd9ba0d17_3.png\",\"@id\":\"https:\\\/\\\/www.immo-invest.ch\\\/fr\\\/grossprojekt-staerkt-bahnkapazitaet-im-raum-zuerich-nachhaltig\\\/#mainImage\",\"width\":1536,\"height\":768},\"primaryImageOfPage\":{\"@id\":\"https:\\\/\\\/www.immo-invest.ch\\\/fr\\\/grossprojekt-staerkt-bahnkapazitaet-im-raum-zuerich-nachhaltig\\\/#mainImage\"},\"datePublished\":\"2026-03-30T08:20:00+02:00\",\"dateModified\":\"2026-03-27T08:47:40+01:00\"},{\"@type\":\"WebSite\",\"@id\":\"https:\\\/\\\/www.immo-invest.ch\\\/fr\\\/#website\",\"url\":\"https:\\\/\\\/www.immo-invest.ch\\\/fr\\\/\",\"name\":\"immo!nvest - Die Plattform f\\u00fcr Standorte und Immobilien\",\"description\":\"Die\\u00a0Plattform f\\u00fcr Standorte und Immobilien\",\"inLanguage\":\"fr-FR\",\"publisher\":{\"@id\":\"https:\\\/\\\/www.immo-invest.ch\\\/fr\\\/#organization\"}}]}\n\t\t<\/script>\n\t\t<!-- All in One SEO -->\n\n","aioseo_head_json":{"title":"Un grand projet renforce durablement la capacit\u00e9 ferroviaire dans la r\u00e9gion de Zurich - immo!nvest - Die Plattform f\u00fcr Standorte und Immobilien","description":"Les CFF et les entreprises de construction concern\u00e9es entament les travaux d'extension des gares de Wallisellen, Dietlikon, Bassersdorf et Winterthur T\u00f6ss. Les travaux pr\u00e9paratoires du tunnel de Br\u00fctten sont sur le point de commencer. D'ici 2037, la ligne entre Zurich et Winterthur devrait \u00eatre enti\u00e8rement am\u00e9nag\u00e9e en quatre voies.","canonical_url":"https:\/\/www.immo-invest.ch\/fr\/grossprojekt-staerkt-bahnkapazitaet-im-raum-zuerich-nachhaltig\/","robots":"max-image-preview:large","keywords":"","webmasterTools":{"google-site-verification":"fHJKvgWpZCR2zVBHWfkQeFXC11qieUSff0HGNYfuyLA","miscellaneous":""},"schema":{"@context":"https:\/\/schema.org","@graph":[{"@type":"BlogPosting","@id":"https:\/\/www.immo-invest.ch\/fr\/grossprojekt-staerkt-bahnkapazitaet-im-raum-zuerich-nachhaltig\/#blogposting","name":"Un grand projet renforce durablement la capacit\u00e9 ferroviaire dans la r\u00e9gion de Zurich - immo!nvest - Die Plattform f\u00fcr Standorte und Immobilien","headline":"Un grand projet renforce durablement la capacit\u00e9 ferroviaire dans la r\u00e9gion de Zurich","author":{"@id":"https:\/\/www.immo-invest.ch\/fr\/author\/immovestuser\/#author"},"publisher":{"@id":"https:\/\/www.immo-invest.ch\/fr\/#organization"},"image":{"@type":"ImageObject","url":"https:\/\/www.immo-invest.ch\/wp-content\/uploads\/2026\/03\/banoviag_major_railway_infrastructure_construction_in_Switzer_f4041c2f-3b47-4e6e-8806-188fd9ba0d17_3.png","width":1536,"height":768},"datePublished":"2026-03-30T08:20:00+02:00","dateModified":"2026-03-27T08:47:40+01:00","inLanguage":"fr-FR","mainEntityOfPage":{"@id":"https:\/\/www.immo-invest.ch\/fr\/grossprojekt-staerkt-bahnkapazitaet-im-raum-zuerich-nachhaltig\/#webpage"},"isPartOf":{"@id":"https:\/\/www.immo-invest.ch\/fr\/grossprojekt-staerkt-bahnkapazitaet-im-raum-zuerich-nachhaltig\/#webpage"},"articleSection":"immoNews, Mobilit\u00e9, Nouvelle construction, Strat\u00e9gies de financement, Bahnausbau, Immoinvest, immoNews, Infrastrukturprojekt, News, Schienenverkehr, Facultatif"},{"@type":"BreadcrumbList","@id":"https:\/\/www.immo-invest.ch\/fr\/grossprojekt-staerkt-bahnkapazitaet-im-raum-zuerich-nachhaltig\/#breadcrumblist","itemListElement":[{"@type":"ListItem","@id":"https:\/\/www.immo-invest.ch\/fr\/#listItem","position":1,"name":"Home","item":"https:\/\/www.immo-invest.ch\/fr\/","nextItem":{"@type":"ListItem","@id":"https:\/\/www.immo-invest.ch\/fr\/categories\/projects\/#listItem","name":"Projects"}},{"@type":"ListItem","@id":"https:\/\/www.immo-invest.ch\/fr\/categories\/projects\/#listItem","position":2,"name":"Projects","item":"https:\/\/www.immo-invest.ch\/fr\/categories\/projects\/","nextItem":{"@type":"ListItem","@id":"https:\/\/www.immo-invest.ch\/fr\/categories\/projects\/nouvelle-construction\/#listItem","name":"Nouvelle construction"},"previousItem":{"@type":"ListItem","@id":"https:\/\/www.immo-invest.ch\/fr\/#listItem","name":"Home"}},{"@type":"ListItem","@id":"https:\/\/www.immo-invest.ch\/fr\/categories\/projects\/nouvelle-construction\/#listItem","position":3,"name":"Nouvelle construction","item":"https:\/\/www.immo-invest.ch\/fr\/categories\/projects\/nouvelle-construction\/","nextItem":{"@type":"ListItem","@id":"https:\/\/www.immo-invest.ch\/fr\/grossprojekt-staerkt-bahnkapazitaet-im-raum-zuerich-nachhaltig\/#listItem","name":"Un grand projet renforce durablement la capacit\u00e9 ferroviaire dans la r\u00e9gion de Zurich"},"previousItem":{"@type":"ListItem","@id":"https:\/\/www.immo-invest.ch\/fr\/categories\/projects\/#listItem","name":"Projects"}},{"@type":"ListItem","@id":"https:\/\/www.immo-invest.ch\/fr\/grossprojekt-staerkt-bahnkapazitaet-im-raum-zuerich-nachhaltig\/#listItem","position":4,"name":"Un grand projet renforce durablement la capacit\u00e9 ferroviaire dans la r\u00e9gion de Zurich","previousItem":{"@type":"ListItem","@id":"https:\/\/www.immo-invest.ch\/fr\/categories\/projects\/nouvelle-construction\/#listItem","name":"Nouvelle construction"}}]},{"@type":"Organization","@id":"https:\/\/www.immo-invest.ch\/fr\/#organization","name":"immo!nvest - Die Plattform f\u00fcr Standorte und Immobilien","description":"Die\u00a0Plattform f\u00fcr Standorte und Immobilien","url":"https:\/\/www.immo-invest.ch\/fr\/","email":"admin@immomedia.ag","telephone":"+41444420002","logo":{"@type":"ImageObject","url":"https:\/\/www.immo-invest.ch\/wp-content\/uploads\/2024\/09\/immoinvest_sm-scaled.jpg","@id":"https:\/\/www.immo-invest.ch\/fr\/grossprojekt-staerkt-bahnkapazitaet-im-raum-zuerich-nachhaltig\/#organizationLogo","width":2560,"height":1340},"image":{"@id":"https:\/\/www.immo-invest.ch\/fr\/grossprojekt-staerkt-bahnkapazitaet-im-raum-zuerich-nachhaltig\/#organizationLogo"},"sameAs":["https:\/\/www.facebook.com\/people\/Immoinvest\/100077962920504\/","https:\/\/x.com\/i\/flow\/login?redirect_after_login=immoinvest_ch","https:\/\/www.instagram.com\/immoinvest_ch\/","https:\/\/www.linkedin.com\/company\/immoinvest-swiss"]},{"@type":"Person","@id":"https:\/\/www.immo-invest.ch\/fr\/author\/immovestuser\/#author","url":"https:\/\/www.immo-invest.ch\/fr\/author\/immovestuser\/","name":"immovestuser","image":{"@type":"ImageObject","@id":"https:\/\/www.immo-invest.ch\/fr\/grossprojekt-staerkt-bahnkapazitaet-im-raum-zuerich-nachhaltig\/#authorImage","url":"https:\/\/secure.gravatar.com\/avatar\/8e01f4d99f2eeea7a362ebb93305e1172a70e9293ba250f897a65c39f54cdd1e?s=96&d=mm&r=g","width":96,"height":96,"caption":"immovestuser"}},{"@type":"WebPage","@id":"https:\/\/www.immo-invest.ch\/fr\/grossprojekt-staerkt-bahnkapazitaet-im-raum-zuerich-nachhaltig\/#webpage","url":"https:\/\/www.immo-invest.ch\/fr\/grossprojekt-staerkt-bahnkapazitaet-im-raum-zuerich-nachhaltig\/","name":"Un grand projet renforce durablement la capacit\u00e9 ferroviaire dans la r\u00e9gion de Zurich - immo!nvest - Die Plattform f\u00fcr Standorte und Immobilien","description":"Les CFF et les entreprises de construction concern\u00e9es entament les travaux d'extension des gares de Wallisellen, Dietlikon, Bassersdorf et Winterthur T\u00f6ss. Les travaux pr\u00e9paratoires du tunnel de Br\u00fctten sont sur le point de commencer. D'ici 2037, la ligne entre Zurich et Winterthur devrait \u00eatre enti\u00e8rement am\u00e9nag\u00e9e en quatre voies.","inLanguage":"fr-FR","isPartOf":{"@id":"https:\/\/www.immo-invest.ch\/fr\/#website"},"breadcrumb":{"@id":"https:\/\/www.immo-invest.ch\/fr\/grossprojekt-staerkt-bahnkapazitaet-im-raum-zuerich-nachhaltig\/#breadcrumblist"},"author":{"@id":"https:\/\/www.immo-invest.ch\/fr\/author\/immovestuser\/#author"},"creator":{"@id":"https:\/\/www.immo-invest.ch\/fr\/author\/immovestuser\/#author"},"image":{"@type":"ImageObject","url":"https:\/\/www.immo-invest.ch\/wp-content\/uploads\/2026\/03\/banoviag_major_railway_infrastructure_construction_in_Switzer_f4041c2f-3b47-4e6e-8806-188fd9ba0d17_3.png","@id":"https:\/\/www.immo-invest.ch\/fr\/grossprojekt-staerkt-bahnkapazitaet-im-raum-zuerich-nachhaltig\/#mainImage","width":1536,"height":768},"primaryImageOfPage":{"@id":"https:\/\/www.immo-invest.ch\/fr\/grossprojekt-staerkt-bahnkapazitaet-im-raum-zuerich-nachhaltig\/#mainImage"},"datePublished":"2026-03-30T08:20:00+02:00","dateModified":"2026-03-27T08:47:40+01:00"},{"@type":"WebSite","@id":"https:\/\/www.immo-invest.ch\/fr\/#website","url":"https:\/\/www.immo-invest.ch\/fr\/","name":"immo!nvest - Die Plattform f\u00fcr Standorte und Immobilien","description":"Die\u00a0Plattform f\u00fcr Standorte und Immobilien","inLanguage":"fr-FR","publisher":{"@id":"https:\/\/www.immo-invest.ch\/fr\/#organization"}}]},"og:locale":"fr_FR","og:site_name":"immo!nvest - Die Plattform f\u00fcr Standorte und Immobilien - Die\u00a0Plattform f\u00fcr Standorte und Immobilien","og:type":"article","og:title":"Un grand projet renforce durablement la capacit\u00e9 ferroviaire dans la r\u00e9gion de Zurich - immo!nvest - Die Plattform f\u00fcr Standorte und Immobilien","og:description":"Les CFF et les entreprises de construction concern\u00e9es entament les travaux d'extension des gares de Wallisellen, Dietlikon, Bassersdorf et Winterthur T\u00f6ss. Les travaux pr\u00e9paratoires du tunnel de Br\u00fctten sont sur le point de commencer. D'ici 2037, la ligne entre Zurich et Winterthur devrait \u00eatre enti\u00e8rement am\u00e9nag\u00e9e en quatre voies.","og:url":"https:\/\/www.immo-invest.ch\/fr\/grossprojekt-staerkt-bahnkapazitaet-im-raum-zuerich-nachhaltig\/","og:image":"https:\/\/www.immo-invest.ch\/wp-content\/uploads\/2026\/03\/banoviag_major_railway_infrastructure_construction_in_Switzer_f4041c2f-3b47-4e6e-8806-188fd9ba0d17_3.png","og:image:secure_url":"https:\/\/www.immo-invest.ch\/wp-content\/uploads\/2026\/03\/banoviag_major_railway_infrastructure_construction_in_Switzer_f4041c2f-3b47-4e6e-8806-188fd9ba0d17_3.png","og:image:width":1536,"og:image:height":768,"article:published_time":"2026-03-30T06:20:00+00:00","article:modified_time":"2026-03-27T07:47:40+00:00","article:publisher":"https:\/\/www.facebook.com\/people\/Immoinvest\/100077962920504\/","twitter:card":"summary_large_image","twitter:site":"@i","twitter:title":"Un grand projet renforce durablement la capacit\u00e9 ferroviaire dans la r\u00e9gion de Zurich - immo!nvest - Die Plattform f\u00fcr Standorte und Immobilien","twitter:description":"Les CFF et les entreprises de construction concern\u00e9es entament les travaux d'extension des gares de Wallisellen, Dietlikon, Bassersdorf et Winterthur T\u00f6ss. Les travaux pr\u00e9paratoires du tunnel de Br\u00fctten sont sur le point de commencer. D'ici 2037, la ligne entre Zurich et Winterthur devrait \u00eatre enti\u00e8rement am\u00e9nag\u00e9e en quatre voies.","twitter:creator":"@i","twitter:image":"https:\/\/www.immo-invest.ch\/wp-content\/uploads\/2026\/03\/banoviag_major_railway_infrastructure_construction_in_Switzer_f4041c2f-3b47-4e6e-8806-188fd9ba0d17_3.png"},"aioseo_meta_data":{"post_id":"152171","title":null,"description":null,"keywords":null,"keyphrases":{"focus":{"keyphrase":"","score":0,"analysis":{"keyphraseInTitle":{"score":0,"maxScore":9,"error":1}}},"additional":[]},"primary_term":null,"canonical_url":null,"og_title":null,"og_description":null,"og_object_type":"default","og_image_type":"default","og_image_url":null,"og_image_width":null,"og_image_height":null,"og_image_custom_url":null,"og_image_custom_fields":null,"og_video":"","og_custom_url":null,"og_article_section":null,"og_article_tags":null,"twitter_use_og":false,"twitter_card":"default","twitter_image_type":"default","twitter_image_url":null,"twitter_image_custom_url":null,"twitter_image_custom_fields":null,"twitter_title":null,"twitter_description":null,"schema":{"blockGraphs":[],"customGraphs":[],"default":{"data":{"Article":[],"Course":[],"Dataset":[],"FAQPage":[],"Movie":[],"Person":[],"Product":[],"ProductReview":[],"Car":[],"Recipe":[],"Service":[],"SoftwareApplication":[],"WebPage":[]},"graphName":"BlogPosting","isEnabled":true},"graphs":[]},"schema_type":"default","schema_type_options":null,"pillar_content":false,"robots_default":true,"robots_noindex":false,"robots_noarchive":false,"robots_nosnippet":false,"robots_nofollow":false,"robots_noimageindex":false,"robots_noodp":false,"robots_notranslate":false,"robots_max_snippet":"-1","robots_max_videopreview":"-1","robots_max_imagepreview":"large","priority":null,"frequency":"default","local_seo":null,"breadcrumb_settings":null,"limit_modified_date":false,"ai":{"faqs":[],"keyPoints":[],"titles":[],"descriptions":[],"socialPosts":{"email":[],"linkedin":[],"twitter":[],"facebook":[],"instagram":[]}},"created":"2026-03-27 07:47:47","updated":"2026-03-30 06:22:22","seo_analyzer_scan_date":null,"focus_keyword":null,"additional_keywords":null,"truseo_locale":null},"aioseo_breadcrumb":"<div class=\"aioseo-breadcrumbs\"><span class=\"aioseo-breadcrumb\">\n\t\t\t<a href=\"https:\/\/www.immo-invest.ch\/fr\/\" title=\"Home\">Home<\/a>\n\t\t<\/span><span class=\"aioseo-breadcrumb-separator\">&raquo;<\/span><span class=\"aioseo-breadcrumb\">\n\t\t\t<a href=\"https:\/\/www.immo-invest.ch\/fr\/categories\/projects\/\" title=\"Projects\">Projects<\/a>\n\t\t<\/span><span class=\"aioseo-breadcrumb-separator\">&raquo;<\/span><span class=\"aioseo-breadcrumb\">\n\t\t\t<a href=\"https:\/\/www.immo-invest.ch\/fr\/categories\/projects\/nouvelle-construction\/\" title=\"Nouvelle construction\">Nouvelle construction<\/a>\n\t\t<\/span><span class=\"aioseo-breadcrumb-separator\">&raquo;<\/span><span class=\"aioseo-breadcrumb\">\n\t\t\tUn grand projet renforce durablement la capacit\u00e9 ferroviaire dans la r\u00e9gion de Zurich\n\t\t<\/span><\/div>","aioseo_breadcrumb_json":[{"label":"Home","link":"https:\/\/www.immo-invest.ch\/fr\/"},{"label":"Projects","link":"https:\/\/www.immo-invest.ch\/fr\/categories\/projects\/"},{"label":"Nouvelle construction","link":"https:\/\/www.immo-invest.ch\/fr\/categories\/projects\/nouvelle-construction\/"},{"label":"Un grand projet renforce durablement la capacit\u00e9 ferroviaire dans la r\u00e9gion de Zurich","link":"https:\/\/www.immo-invest.ch\/fr\/grossprojekt-staerkt-bahnkapazitaet-im-raum-zuerich-nachhaltig\/"}],"featured_image_src":"https:\/\/www.immo-invest.ch\/wp-content\/uploads\/2026\/03\/banoviag_major_railway_infrastructure_construction_in_Switzer_f4041c2f-3b47-4e6e-8806-188fd9ba0d17_3-336x168.png","_links":{"self":[{"href":"https:\/\/www.immo-invest.ch\/fr\/wp-json\/wp\/v2\/posts\/152171","targetHints":{"allow":["GET"]}}],"collection":[{"href":"https:\/\/www.immo-invest.ch\/fr\/wp-json\/wp\/v2\/posts"}],"about":[{"href":"https:\/\/www.immo-invest.ch\/fr\/wp-json\/wp\/v2\/types\/post"}],"author":[{"embeddable":true,"href":"https:\/\/www.immo-invest.ch\/fr\/wp-json\/wp\/v2\/users\/2"}],"replies":[{"embeddable":true,"href":"https:\/\/www.immo-invest.ch\/fr\/wp-json\/wp\/v2\/comments?post=152171"}],"version-history":[{"count":2,"href":"https:\/\/www.immo-invest.ch\/fr\/wp-json\/wp\/v2\/posts\/152171\/revisions"}],"predecessor-version":[{"id":152179,"href":"https:\/\/www.immo-invest.ch\/fr\/wp-json\/wp\/v2\/posts\/152171\/revisions\/152179"}],"wp:featuredmedia":[{"embeddable":true,"href":"https:\/\/www.immo-invest.ch\/fr\/wp-json\/wp\/v2\/media\/152172"}],"wp:attachment":[{"href":"https:\/\/www.immo-invest.ch\/fr\/wp-json\/wp\/v2\/media?parent=152171"}],"wp:term":[{"taxonomy":"category","embeddable":true,"href":"https:\/\/www.immo-invest.ch\/fr\/wp-json\/wp\/v2\/categories?post=152171"},{"taxonomy":"post_tag","embeddable":true,"href":"https:\/\/www.immo-invest.ch\/fr\/wp-json\/wp\/v2\/tags?post=152171"}],"curies":[{"name":"wp","href":"https:\/\/api.w.org\/{rel}","templated":true}]}}