{"id":151742,"date":"2026-03-20T16:20:00","date_gmt":"2026-03-20T15:20:00","guid":{"rendered":"https:\/\/www.immo-invest.ch\/?p=151742"},"modified":"2026-03-18T15:43:09","modified_gmt":"2026-03-18T14:43:09","slug":"windmessungen-schaffen-grundlage-fuer-neue-energieprojekte","status":"publish","type":"post","link":"https:\/\/www.immo-invest.ch\/fr\/windmessungen-schaffen-grundlage-fuer-neue-energieprojekte\/","title":{"rendered":"Les mesures du vent constituent la base de nouveaux projets \u00e9nerg\u00e9tiques"},"content":{"rendered":"<p class=\"bodytext\">Selon un <a href=\"https:\/\/www.zuerichwind.ch\/dam\/zuerichwind\/medien\/medienmitteilungen\/260310_MM_Z-rich-Wind-Start-Windmessungen.pdf\" target=\"_blank\" rel=\"noopener\">communiqu&eacute;,<\/a><a href=\"https:\/\/www.zuerichwind.ch\" target=\"_blank\" rel=\"noopener\">Z&uuml;rich Wind<\/a> commencera &agrave; effectuer des mesures de vent &agrave; Z&uuml;nikon, dans la commune de Wiesendangen, au cours de la semaine du 16 mars. Le m&acirc;t, haut de 125 m&egrave;tres, n&rsquo;a pas besoin d&rsquo;&ecirc;tre raccord&eacute; au r&eacute;seau &eacute;lectrique. Il est enti&egrave;rement aliment&eacute; par des panneaux solaires et un syst&egrave;me de stockage par batterie. Deux autres m&acirc;ts de mesure devraient &ecirc;tre install&eacute;s apr&egrave;s les vacances de P&acirc;ques &agrave; Ossingen et &agrave; Rickenbach.<\/p>\n<p class=\"bodytext\">Ces m&acirc;ts collecteront pendant au moins un an des donn&eacute;es sur les conditions de vent et l&rsquo;activit&eacute; des chauves-souris &agrave; leur emplacement. Ces donn&eacute;es serviront de base &agrave; une pr&eacute;vision de rendement. Si celle-ci montre qu&rsquo;une exploitation de l&rsquo;&eacute;nergie &eacute;olienne est &eacute;conomiquement viable &agrave; cet emplacement, Z&uuml;rich Wind commandera dans un deuxi&egrave;me temps une &eacute;tude d&rsquo;impact sur l&rsquo;environnement.<\/p>\n<p class=\"bodytext\">Z&uuml;rich Wind publie les valeurs mesur&eacute;es sur son site Internet. &laquo; Z&uuml;rich Wind fait partie des premiers d&eacute;veloppeurs de projets dans le domaine de l&rsquo;&eacute;nergie &eacute;olienne en Suisse &agrave; publier les donn&eacute;es des mesures du vent d&egrave;s la phase de collecte &raquo;, d&eacute;clare Pascal M&uuml;ller de Z&uuml;rich Wind dans le communiqu&eacute;.<\/p>\n<p class=\"bodytext\">Z&uuml;rich Wind est une coop&eacute;ration entre les services &eacute;lectriques du canton et de la ville de Zurich, <a href=\"https:\/\/www.ekz.ch\/\" target=\"_blank\" rel=\"noopener\">EKZ<\/a> et <a href=\"https:\/\/www.ewz.ch\/\" target=\"_blank\" rel=\"noopener\">ewz<\/a>, ainsi que les <a href=\"https:\/\/stadtwerk.winterthur.ch\/\" target=\"_blank\" rel=\"noopener\">services municipaux de Winterthur<\/a>.<\/p>\n","protected":false},"excerpt":{"rendered":"<p>Zurich Wind commencera ses mesures \u00e0 Z\u00fcnikon au cours de la semaine du 16 mars. Ce m\u00e2t de mesure de 125 m\u00e8tres de haut permettra de recueillir des donn\u00e9es sur les conditions de vent et les d\u00e9placements des chauves-souris. Deux autres sites, \u00e0 Ossingen et \u00e0 Rickenbach (ZH), suivront.<\/p>\n","protected":false},"author":2,"featured_media":151743,"comment_status":"open","ping_status":"open","sticky":false,"template":"","format":"standard","meta":{"pmpro_default_level":"","inline_featured_image":false,"_monsterinsights_skip_tracking":false,"footnotes":""},"categories":[22699,8747,743,56027],"tags":[57927,872,3931,2002,57928,57929],"class_list":["post-151742","post","type-post","status-publish","format-standard","has-post-thumbnail","hentry","category-durabilite","category-energie","category-immonews-fr","category-planification-developpement","tag-energieprojekte","tag-immoinvest-fr","tag-immonews-fr","tag-news-fr","tag-standortanalyse-wind","tag-windenergie-schweiz","pmpro-has-access"],"acf":{"bild_mit_ki_erstellt_worden":["Ja"],"lead":"Zurich Wind commencera ses mesures \u00e0 Z\u00fcnikon au cours de la semaine du 16 mars. Ce m\u00e2t de mesure de 125 m\u00e8tres de haut permettra de recueillir des donn\u00e9es sur les conditions de vent et les d\u00e9placements des chauves-souris. Deux autres sites, \u00e0 Ossingen et \u00e0 Rickenbach (ZH), suivront.","autor":"ce\/ug","ort":"Wiesendangen ZH ","bildunterschrift":"","bild_im_grid":false,"gallerie":"","newsim":""},"aioseo_notices":[],"aioseo_head":"\n\t\t<!-- All in One SEO 5.0.1.1 - aioseo.com -->\n\t<meta name=\"description\" content=\"Zurich Wind commencera ses mesures \u00e0 Z\u00fcnikon au cours de la semaine du 16 mars. Ce m\u00e2t de mesure de 125 m\u00e8tres de haut permettra de recueillir des donn\u00e9es sur les conditions de vent et les d\u00e9placements des chauves-souris. Deux autres sites, \u00e0 Ossingen et \u00e0 Rickenbach (ZH), suivront.\" \/>\n\t<meta name=\"robots\" content=\"max-image-preview:large\" \/>\n\t<meta name=\"author\" content=\"immovestuser\"\/>\n\t<meta name=\"google-site-verification\" content=\"fHJKvgWpZCR2zVBHWfkQeFXC11qieUSff0HGNYfuyLA\" \/>\n\t<link rel=\"canonical\" href=\"https:\/\/www.immo-invest.ch\/fr\/windmessungen-schaffen-grundlage-fuer-neue-energieprojekte\/\" \/>\n\t<meta name=\"generator\" content=\"All in One SEO (AIOSEO) 5.0.1.1\" \/>\n\t\t<meta property=\"og:locale\" content=\"fr_FR\" \/>\n\t\t<meta property=\"og:site_name\" content=\"immo!nvest - Die Plattform f\u00fcr Standorte und Immobilien - Die\u00a0Plattform f\u00fcr Standorte und Immobilien\" \/>\n\t\t<meta property=\"og:type\" content=\"article\" \/>\n\t\t<meta property=\"og:title\" content=\"Les mesures du vent constituent la base de nouveaux projets \u00e9nerg\u00e9tiques - immo!nvest - Die Plattform f\u00fcr Standorte und Immobilien\" \/>\n\t\t<meta property=\"og:description\" content=\"Zurich Wind commencera ses mesures \u00e0 Z\u00fcnikon au cours de la semaine du 16 mars. Ce m\u00e2t de mesure de 125 m\u00e8tres de haut permettra de recueillir des donn\u00e9es sur les conditions de vent et les d\u00e9placements des chauves-souris. Deux autres sites, \u00e0 Ossingen et \u00e0 Rickenbach (ZH), suivront.\" \/>\n\t\t<meta property=\"og:url\" content=\"https:\/\/www.immo-invest.ch\/fr\/windmessungen-schaffen-grundlage-fuer-neue-energieprojekte\/\" \/>\n\t\t<meta property=\"og:image\" content=\"https:\/\/www.immo-invest.ch\/wp-content\/uploads\/2026\/03\/banoviag_tall_wind_measurement_mast_with_sensors_and_solar_pa_64088fcb-386d-4a07-b13e-897a3007575f_0.png\" \/>\n\t\t<meta property=\"og:image:secure_url\" content=\"https:\/\/www.immo-invest.ch\/wp-content\/uploads\/2026\/03\/banoviag_tall_wind_measurement_mast_with_sensors_and_solar_pa_64088fcb-386d-4a07-b13e-897a3007575f_0.png\" \/>\n\t\t<meta property=\"og:image:width\" content=\"1536\" \/>\n\t\t<meta property=\"og:image:height\" content=\"768\" \/>\n\t\t<meta property=\"article:published_time\" content=\"2026-03-20T15:20:00+00:00\" \/>\n\t\t<meta property=\"article:modified_time\" content=\"2026-03-18T14:43:09+00:00\" \/>\n\t\t<meta property=\"article:publisher\" content=\"https:\/\/www.facebook.com\/people\/Immoinvest\/100077962920504\/\" \/>\n\t\t<meta name=\"twitter:card\" content=\"summary_large_image\" \/>\n\t\t<meta name=\"twitter:site\" content=\"@i\" \/>\n\t\t<meta name=\"twitter:title\" content=\"Les mesures du vent constituent la base de nouveaux projets \u00e9nerg\u00e9tiques - immo!nvest - Die Plattform f\u00fcr Standorte und Immobilien\" \/>\n\t\t<meta name=\"twitter:description\" content=\"Zurich Wind commencera ses mesures \u00e0 Z\u00fcnikon au cours de la semaine du 16 mars. Ce m\u00e2t de mesure de 125 m\u00e8tres de haut permettra de recueillir des donn\u00e9es sur les conditions de vent et les d\u00e9placements des chauves-souris. Deux autres sites, \u00e0 Ossingen et \u00e0 Rickenbach (ZH), suivront.\" \/>\n\t\t<meta name=\"twitter:creator\" content=\"@i\" \/>\n\t\t<meta name=\"twitter:image\" content=\"https:\/\/www.immo-invest.ch\/wp-content\/uploads\/2026\/03\/banoviag_tall_wind_measurement_mast_with_sensors_and_solar_pa_64088fcb-386d-4a07-b13e-897a3007575f_0.png\" \/>\n\t\t<script type=\"application\/ld+json\" class=\"aioseo-schema\">\n\t\t\t{\"@context\":\"https:\\\/\\\/schema.org\",\"@graph\":[{\"@type\":\"BlogPosting\",\"@id\":\"https:\\\/\\\/www.immo-invest.ch\\\/fr\\\/windmessungen-schaffen-grundlage-fuer-neue-energieprojekte\\\/#blogposting\",\"name\":\"Les mesures du vent constituent la base de nouveaux projets \\u00e9nerg\\u00e9tiques - immo!nvest - Die Plattform f\\u00fcr Standorte und Immobilien\",\"headline\":\"Les mesures du vent constituent la base de nouveaux projets \\u00e9nerg\\u00e9tiques\",\"author\":{\"@id\":\"https:\\\/\\\/www.immo-invest.ch\\\/fr\\\/author\\\/immovestuser\\\/#author\"},\"publisher\":{\"@id\":\"https:\\\/\\\/www.immo-invest.ch\\\/fr\\\/#organization\"},\"image\":{\"@type\":\"ImageObject\",\"url\":\"https:\\\/\\\/www.immo-invest.ch\\\/wp-content\\\/uploads\\\/2026\\\/03\\\/banoviag_tall_wind_measurement_mast_with_sensors_and_solar_pa_64088fcb-386d-4a07-b13e-897a3007575f_0.png\",\"width\":1536,\"height\":768},\"datePublished\":\"2026-03-20T16:20:00+01:00\",\"dateModified\":\"2026-03-18T15:43:09+01:00\",\"inLanguage\":\"fr-FR\",\"mainEntityOfPage\":{\"@id\":\"https:\\\/\\\/www.immo-invest.ch\\\/fr\\\/windmessungen-schaffen-grundlage-fuer-neue-energieprojekte\\\/#webpage\"},\"isPartOf\":{\"@id\":\"https:\\\/\\\/www.immo-invest.ch\\\/fr\\\/windmessungen-schaffen-grundlage-fuer-neue-energieprojekte\\\/#webpage\"},\"articleSection\":\"Durabilit\\u00e9, \\u00c9nergie, immoNews, Planification \\\/ D\\u00e9veloppement, Energieprojekte, Immoinvest, immoNews, News, Standortanalyse Wind, Windenergie Schweiz, Facultatif\"},{\"@type\":\"BreadcrumbList\",\"@id\":\"https:\\\/\\\/www.immo-invest.ch\\\/fr\\\/windmessungen-schaffen-grundlage-fuer-neue-energieprojekte\\\/#breadcrumblist\",\"itemListElement\":[{\"@type\":\"ListItem\",\"@id\":\"https:\\\/\\\/www.immo-invest.ch\\\/fr\\\/#listItem\",\"position\":1,\"name\":\"Home\",\"item\":\"https:\\\/\\\/www.immo-invest.ch\\\/fr\\\/\",\"nextItem\":{\"@type\":\"ListItem\",\"@id\":\"https:\\\/\\\/www.immo-invest.ch\\\/fr\\\/categories\\\/trends-fr\\\/#listItem\",\"name\":\"Trends\"}},{\"@type\":\"ListItem\",\"@id\":\"https:\\\/\\\/www.immo-invest.ch\\\/fr\\\/categories\\\/trends-fr\\\/#listItem\",\"position\":2,\"name\":\"Trends\",\"item\":\"https:\\\/\\\/www.immo-invest.ch\\\/fr\\\/categories\\\/trends-fr\\\/\",\"nextItem\":{\"@type\":\"ListItem\",\"@id\":\"https:\\\/\\\/www.immo-invest.ch\\\/fr\\\/categories\\\/trends-fr\\\/durabilite\\\/#listItem\",\"name\":\"Durabilit\\u00e9\"},\"previousItem\":{\"@type\":\"ListItem\",\"@id\":\"https:\\\/\\\/www.immo-invest.ch\\\/fr\\\/#listItem\",\"name\":\"Home\"}},{\"@type\":\"ListItem\",\"@id\":\"https:\\\/\\\/www.immo-invest.ch\\\/fr\\\/categories\\\/trends-fr\\\/durabilite\\\/#listItem\",\"position\":3,\"name\":\"Durabilit\\u00e9\",\"item\":\"https:\\\/\\\/www.immo-invest.ch\\\/fr\\\/categories\\\/trends-fr\\\/durabilite\\\/\",\"nextItem\":{\"@type\":\"ListItem\",\"@id\":\"https:\\\/\\\/www.immo-invest.ch\\\/fr\\\/windmessungen-schaffen-grundlage-fuer-neue-energieprojekte\\\/#listItem\",\"name\":\"Les mesures du vent constituent la base de nouveaux projets \\u00e9nerg\\u00e9tiques\"},\"previousItem\":{\"@type\":\"ListItem\",\"@id\":\"https:\\\/\\\/www.immo-invest.ch\\\/fr\\\/categories\\\/trends-fr\\\/#listItem\",\"name\":\"Trends\"}},{\"@type\":\"ListItem\",\"@id\":\"https:\\\/\\\/www.immo-invest.ch\\\/fr\\\/windmessungen-schaffen-grundlage-fuer-neue-energieprojekte\\\/#listItem\",\"position\":4,\"name\":\"Les mesures du vent constituent la base de nouveaux projets \\u00e9nerg\\u00e9tiques\",\"previousItem\":{\"@type\":\"ListItem\",\"@id\":\"https:\\\/\\\/www.immo-invest.ch\\\/fr\\\/categories\\\/trends-fr\\\/durabilite\\\/#listItem\",\"name\":\"Durabilit\\u00e9\"}}]},{\"@type\":\"Organization\",\"@id\":\"https:\\\/\\\/www.immo-invest.ch\\\/fr\\\/#organization\",\"name\":\"immo!nvest - Die Plattform f\\u00fcr Standorte und Immobilien\",\"description\":\"Die\\u00a0Plattform f\\u00fcr Standorte und Immobilien\",\"url\":\"https:\\\/\\\/www.immo-invest.ch\\\/fr\\\/\",\"email\":\"admin@immomedia.ag\",\"telephone\":\"+41444420002\",\"logo\":{\"@type\":\"ImageObject\",\"url\":\"https:\\\/\\\/www.immo-invest.ch\\\/wp-content\\\/uploads\\\/2024\\\/09\\\/immoinvest_sm-scaled.jpg\",\"@id\":\"https:\\\/\\\/www.immo-invest.ch\\\/fr\\\/windmessungen-schaffen-grundlage-fuer-neue-energieprojekte\\\/#organizationLogo\",\"width\":2560,\"height\":1340},\"image\":{\"@id\":\"https:\\\/\\\/www.immo-invest.ch\\\/fr\\\/windmessungen-schaffen-grundlage-fuer-neue-energieprojekte\\\/#organizationLogo\"},\"sameAs\":[\"https:\\\/\\\/www.facebook.com\\\/people\\\/Immoinvest\\\/100077962920504\\\/\",\"https:\\\/\\\/x.com\\\/i\\\/flow\\\/login?redirect_after_login=immoinvest_ch\",\"https:\\\/\\\/www.instagram.com\\\/immoinvest_ch\\\/\",\"https:\\\/\\\/www.linkedin.com\\\/company\\\/immoinvest-swiss\"]},{\"@type\":\"Person\",\"@id\":\"https:\\\/\\\/www.immo-invest.ch\\\/fr\\\/author\\\/immovestuser\\\/#author\",\"url\":\"https:\\\/\\\/www.immo-invest.ch\\\/fr\\\/author\\\/immovestuser\\\/\",\"name\":\"immovestuser\",\"image\":{\"@type\":\"ImageObject\",\"@id\":\"https:\\\/\\\/www.immo-invest.ch\\\/fr\\\/windmessungen-schaffen-grundlage-fuer-neue-energieprojekte\\\/#authorImage\",\"url\":\"https:\\\/\\\/secure.gravatar.com\\\/avatar\\\/8e01f4d99f2eeea7a362ebb93305e1172a70e9293ba250f897a65c39f54cdd1e?s=96&d=mm&r=g\",\"width\":96,\"height\":96,\"caption\":\"immovestuser\"}},{\"@type\":\"WebPage\",\"@id\":\"https:\\\/\\\/www.immo-invest.ch\\\/fr\\\/windmessungen-schaffen-grundlage-fuer-neue-energieprojekte\\\/#webpage\",\"url\":\"https:\\\/\\\/www.immo-invest.ch\\\/fr\\\/windmessungen-schaffen-grundlage-fuer-neue-energieprojekte\\\/\",\"name\":\"Les mesures du vent constituent la base de nouveaux projets \\u00e9nerg\\u00e9tiques - immo!nvest - Die Plattform f\\u00fcr Standorte und Immobilien\",\"description\":\"Zurich Wind commencera ses mesures \\u00e0 Z\\u00fcnikon au cours de la semaine du 16 mars. Ce m\\u00e2t de mesure de 125 m\\u00e8tres de haut permettra de recueillir des donn\\u00e9es sur les conditions de vent et les d\\u00e9placements des chauves-souris. Deux autres sites, \\u00e0 Ossingen et \\u00e0 Rickenbach (ZH), suivront.\",\"inLanguage\":\"fr-FR\",\"isPartOf\":{\"@id\":\"https:\\\/\\\/www.immo-invest.ch\\\/fr\\\/#website\"},\"breadcrumb\":{\"@id\":\"https:\\\/\\\/www.immo-invest.ch\\\/fr\\\/windmessungen-schaffen-grundlage-fuer-neue-energieprojekte\\\/#breadcrumblist\"},\"author\":{\"@id\":\"https:\\\/\\\/www.immo-invest.ch\\\/fr\\\/author\\\/immovestuser\\\/#author\"},\"creator\":{\"@id\":\"https:\\\/\\\/www.immo-invest.ch\\\/fr\\\/author\\\/immovestuser\\\/#author\"},\"image\":{\"@type\":\"ImageObject\",\"url\":\"https:\\\/\\\/www.immo-invest.ch\\\/wp-content\\\/uploads\\\/2026\\\/03\\\/banoviag_tall_wind_measurement_mast_with_sensors_and_solar_pa_64088fcb-386d-4a07-b13e-897a3007575f_0.png\",\"@id\":\"https:\\\/\\\/www.immo-invest.ch\\\/fr\\\/windmessungen-schaffen-grundlage-fuer-neue-energieprojekte\\\/#mainImage\",\"width\":1536,\"height\":768},\"primaryImageOfPage\":{\"@id\":\"https:\\\/\\\/www.immo-invest.ch\\\/fr\\\/windmessungen-schaffen-grundlage-fuer-neue-energieprojekte\\\/#mainImage\"},\"datePublished\":\"2026-03-20T16:20:00+01:00\",\"dateModified\":\"2026-03-18T15:43:09+01:00\"},{\"@type\":\"WebSite\",\"@id\":\"https:\\\/\\\/www.immo-invest.ch\\\/fr\\\/#website\",\"url\":\"https:\\\/\\\/www.immo-invest.ch\\\/fr\\\/\",\"name\":\"immo!nvest - Die Plattform f\\u00fcr Standorte und Immobilien\",\"description\":\"Die\\u00a0Plattform f\\u00fcr Standorte und Immobilien\",\"inLanguage\":\"fr-FR\",\"publisher\":{\"@id\":\"https:\\\/\\\/www.immo-invest.ch\\\/fr\\\/#organization\"}}]}\n\t\t<\/script>\n\t\t<!-- All in One SEO -->\n\n","aioseo_head_json":{"title":"Les mesures du vent constituent la base de nouveaux projets \u00e9nerg\u00e9tiques - immo!nvest - Die Plattform f\u00fcr Standorte und Immobilien","description":"Zurich Wind commencera ses mesures \u00e0 Z\u00fcnikon au cours de la semaine du 16 mars. Ce m\u00e2t de mesure de 125 m\u00e8tres de haut permettra de recueillir des donn\u00e9es sur les conditions de vent et les d\u00e9placements des chauves-souris. Deux autres sites, \u00e0 Ossingen et \u00e0 Rickenbach (ZH), suivront.","canonical_url":"https:\/\/www.immo-invest.ch\/fr\/windmessungen-schaffen-grundlage-fuer-neue-energieprojekte\/","robots":"max-image-preview:large","keywords":"","webmasterTools":{"google-site-verification":"fHJKvgWpZCR2zVBHWfkQeFXC11qieUSff0HGNYfuyLA","miscellaneous":""},"schema":{"@context":"https:\/\/schema.org","@graph":[{"@type":"BlogPosting","@id":"https:\/\/www.immo-invest.ch\/fr\/windmessungen-schaffen-grundlage-fuer-neue-energieprojekte\/#blogposting","name":"Les mesures du vent constituent la base de nouveaux projets \u00e9nerg\u00e9tiques - immo!nvest - Die Plattform f\u00fcr Standorte und Immobilien","headline":"Les mesures du vent constituent la base de nouveaux projets \u00e9nerg\u00e9tiques","author":{"@id":"https:\/\/www.immo-invest.ch\/fr\/author\/immovestuser\/#author"},"publisher":{"@id":"https:\/\/www.immo-invest.ch\/fr\/#organization"},"image":{"@type":"ImageObject","url":"https:\/\/www.immo-invest.ch\/wp-content\/uploads\/2026\/03\/banoviag_tall_wind_measurement_mast_with_sensors_and_solar_pa_64088fcb-386d-4a07-b13e-897a3007575f_0.png","width":1536,"height":768},"datePublished":"2026-03-20T16:20:00+01:00","dateModified":"2026-03-18T15:43:09+01:00","inLanguage":"fr-FR","mainEntityOfPage":{"@id":"https:\/\/www.immo-invest.ch\/fr\/windmessungen-schaffen-grundlage-fuer-neue-energieprojekte\/#webpage"},"isPartOf":{"@id":"https:\/\/www.immo-invest.ch\/fr\/windmessungen-schaffen-grundlage-fuer-neue-energieprojekte\/#webpage"},"articleSection":"Durabilit\u00e9, \u00c9nergie, immoNews, Planification \/ D\u00e9veloppement, Energieprojekte, Immoinvest, immoNews, News, Standortanalyse Wind, Windenergie Schweiz, Facultatif"},{"@type":"BreadcrumbList","@id":"https:\/\/www.immo-invest.ch\/fr\/windmessungen-schaffen-grundlage-fuer-neue-energieprojekte\/#breadcrumblist","itemListElement":[{"@type":"ListItem","@id":"https:\/\/www.immo-invest.ch\/fr\/#listItem","position":1,"name":"Home","item":"https:\/\/www.immo-invest.ch\/fr\/","nextItem":{"@type":"ListItem","@id":"https:\/\/www.immo-invest.ch\/fr\/categories\/trends-fr\/#listItem","name":"Trends"}},{"@type":"ListItem","@id":"https:\/\/www.immo-invest.ch\/fr\/categories\/trends-fr\/#listItem","position":2,"name":"Trends","item":"https:\/\/www.immo-invest.ch\/fr\/categories\/trends-fr\/","nextItem":{"@type":"ListItem","@id":"https:\/\/www.immo-invest.ch\/fr\/categories\/trends-fr\/durabilite\/#listItem","name":"Durabilit\u00e9"},"previousItem":{"@type":"ListItem","@id":"https:\/\/www.immo-invest.ch\/fr\/#listItem","name":"Home"}},{"@type":"ListItem","@id":"https:\/\/www.immo-invest.ch\/fr\/categories\/trends-fr\/durabilite\/#listItem","position":3,"name":"Durabilit\u00e9","item":"https:\/\/www.immo-invest.ch\/fr\/categories\/trends-fr\/durabilite\/","nextItem":{"@type":"ListItem","@id":"https:\/\/www.immo-invest.ch\/fr\/windmessungen-schaffen-grundlage-fuer-neue-energieprojekte\/#listItem","name":"Les mesures du vent constituent la base de nouveaux projets \u00e9nerg\u00e9tiques"},"previousItem":{"@type":"ListItem","@id":"https:\/\/www.immo-invest.ch\/fr\/categories\/trends-fr\/#listItem","name":"Trends"}},{"@type":"ListItem","@id":"https:\/\/www.immo-invest.ch\/fr\/windmessungen-schaffen-grundlage-fuer-neue-energieprojekte\/#listItem","position":4,"name":"Les mesures du vent constituent la base de nouveaux projets \u00e9nerg\u00e9tiques","previousItem":{"@type":"ListItem","@id":"https:\/\/www.immo-invest.ch\/fr\/categories\/trends-fr\/durabilite\/#listItem","name":"Durabilit\u00e9"}}]},{"@type":"Organization","@id":"https:\/\/www.immo-invest.ch\/fr\/#organization","name":"immo!nvest - Die Plattform f\u00fcr Standorte und Immobilien","description":"Die\u00a0Plattform f\u00fcr Standorte und Immobilien","url":"https:\/\/www.immo-invest.ch\/fr\/","email":"admin@immomedia.ag","telephone":"+41444420002","logo":{"@type":"ImageObject","url":"https:\/\/www.immo-invest.ch\/wp-content\/uploads\/2024\/09\/immoinvest_sm-scaled.jpg","@id":"https:\/\/www.immo-invest.ch\/fr\/windmessungen-schaffen-grundlage-fuer-neue-energieprojekte\/#organizationLogo","width":2560,"height":1340},"image":{"@id":"https:\/\/www.immo-invest.ch\/fr\/windmessungen-schaffen-grundlage-fuer-neue-energieprojekte\/#organizationLogo"},"sameAs":["https:\/\/www.facebook.com\/people\/Immoinvest\/100077962920504\/","https:\/\/x.com\/i\/flow\/login?redirect_after_login=immoinvest_ch","https:\/\/www.instagram.com\/immoinvest_ch\/","https:\/\/www.linkedin.com\/company\/immoinvest-swiss"]},{"@type":"Person","@id":"https:\/\/www.immo-invest.ch\/fr\/author\/immovestuser\/#author","url":"https:\/\/www.immo-invest.ch\/fr\/author\/immovestuser\/","name":"immovestuser","image":{"@type":"ImageObject","@id":"https:\/\/www.immo-invest.ch\/fr\/windmessungen-schaffen-grundlage-fuer-neue-energieprojekte\/#authorImage","url":"https:\/\/secure.gravatar.com\/avatar\/8e01f4d99f2eeea7a362ebb93305e1172a70e9293ba250f897a65c39f54cdd1e?s=96&d=mm&r=g","width":96,"height":96,"caption":"immovestuser"}},{"@type":"WebPage","@id":"https:\/\/www.immo-invest.ch\/fr\/windmessungen-schaffen-grundlage-fuer-neue-energieprojekte\/#webpage","url":"https:\/\/www.immo-invest.ch\/fr\/windmessungen-schaffen-grundlage-fuer-neue-energieprojekte\/","name":"Les mesures du vent constituent la base de nouveaux projets \u00e9nerg\u00e9tiques - immo!nvest - Die Plattform f\u00fcr Standorte und Immobilien","description":"Zurich Wind commencera ses mesures \u00e0 Z\u00fcnikon au cours de la semaine du 16 mars. Ce m\u00e2t de mesure de 125 m\u00e8tres de haut permettra de recueillir des donn\u00e9es sur les conditions de vent et les d\u00e9placements des chauves-souris. Deux autres sites, \u00e0 Ossingen et \u00e0 Rickenbach (ZH), suivront.","inLanguage":"fr-FR","isPartOf":{"@id":"https:\/\/www.immo-invest.ch\/fr\/#website"},"breadcrumb":{"@id":"https:\/\/www.immo-invest.ch\/fr\/windmessungen-schaffen-grundlage-fuer-neue-energieprojekte\/#breadcrumblist"},"author":{"@id":"https:\/\/www.immo-invest.ch\/fr\/author\/immovestuser\/#author"},"creator":{"@id":"https:\/\/www.immo-invest.ch\/fr\/author\/immovestuser\/#author"},"image":{"@type":"ImageObject","url":"https:\/\/www.immo-invest.ch\/wp-content\/uploads\/2026\/03\/banoviag_tall_wind_measurement_mast_with_sensors_and_solar_pa_64088fcb-386d-4a07-b13e-897a3007575f_0.png","@id":"https:\/\/www.immo-invest.ch\/fr\/windmessungen-schaffen-grundlage-fuer-neue-energieprojekte\/#mainImage","width":1536,"height":768},"primaryImageOfPage":{"@id":"https:\/\/www.immo-invest.ch\/fr\/windmessungen-schaffen-grundlage-fuer-neue-energieprojekte\/#mainImage"},"datePublished":"2026-03-20T16:20:00+01:00","dateModified":"2026-03-18T15:43:09+01:00"},{"@type":"WebSite","@id":"https:\/\/www.immo-invest.ch\/fr\/#website","url":"https:\/\/www.immo-invest.ch\/fr\/","name":"immo!nvest - Die Plattform f\u00fcr Standorte und Immobilien","description":"Die\u00a0Plattform f\u00fcr Standorte und Immobilien","inLanguage":"fr-FR","publisher":{"@id":"https:\/\/www.immo-invest.ch\/fr\/#organization"}}]},"og:locale":"fr_FR","og:site_name":"immo!nvest - Die Plattform f\u00fcr Standorte und Immobilien - Die\u00a0Plattform f\u00fcr Standorte und Immobilien","og:type":"article","og:title":"Les mesures du vent constituent la base de nouveaux projets \u00e9nerg\u00e9tiques - immo!nvest - Die Plattform f\u00fcr Standorte und Immobilien","og:description":"Zurich Wind commencera ses mesures \u00e0 Z\u00fcnikon au cours de la semaine du 16 mars. Ce m\u00e2t de mesure de 125 m\u00e8tres de haut permettra de recueillir des donn\u00e9es sur les conditions de vent et les d\u00e9placements des chauves-souris. Deux autres sites, \u00e0 Ossingen et \u00e0 Rickenbach (ZH), suivront.","og:url":"https:\/\/www.immo-invest.ch\/fr\/windmessungen-schaffen-grundlage-fuer-neue-energieprojekte\/","og:image":"https:\/\/www.immo-invest.ch\/wp-content\/uploads\/2026\/03\/banoviag_tall_wind_measurement_mast_with_sensors_and_solar_pa_64088fcb-386d-4a07-b13e-897a3007575f_0.png","og:image:secure_url":"https:\/\/www.immo-invest.ch\/wp-content\/uploads\/2026\/03\/banoviag_tall_wind_measurement_mast_with_sensors_and_solar_pa_64088fcb-386d-4a07-b13e-897a3007575f_0.png","og:image:width":1536,"og:image:height":768,"article:published_time":"2026-03-20T15:20:00+00:00","article:modified_time":"2026-03-18T14:43:09+00:00","article:publisher":"https:\/\/www.facebook.com\/people\/Immoinvest\/100077962920504\/","twitter:card":"summary_large_image","twitter:site":"@i","twitter:title":"Les mesures du vent constituent la base de nouveaux projets \u00e9nerg\u00e9tiques - immo!nvest - Die Plattform f\u00fcr Standorte und Immobilien","twitter:description":"Zurich Wind commencera ses mesures \u00e0 Z\u00fcnikon au cours de la semaine du 16 mars. Ce m\u00e2t de mesure de 125 m\u00e8tres de haut permettra de recueillir des donn\u00e9es sur les conditions de vent et les d\u00e9placements des chauves-souris. Deux autres sites, \u00e0 Ossingen et \u00e0 Rickenbach (ZH), suivront.","twitter:creator":"@i","twitter:image":"https:\/\/www.immo-invest.ch\/wp-content\/uploads\/2026\/03\/banoviag_tall_wind_measurement_mast_with_sensors_and_solar_pa_64088fcb-386d-4a07-b13e-897a3007575f_0.png"},"aioseo_meta_data":{"post_id":"151742","title":null,"description":null,"keywords":null,"keyphrases":{"focus":{"keyphrase":"","score":0,"analysis":{"keyphraseInTitle":{"score":0,"maxScore":9,"error":1}}},"additional":[]},"primary_term":null,"canonical_url":null,"og_title":null,"og_description":null,"og_object_type":"default","og_image_type":"default","og_image_url":null,"og_image_width":null,"og_image_height":null,"og_image_custom_url":null,"og_image_custom_fields":null,"og_video":"","og_custom_url":null,"og_article_section":null,"og_article_tags":null,"twitter_use_og":false,"twitter_card":"default","twitter_image_type":"default","twitter_image_url":null,"twitter_image_custom_url":null,"twitter_image_custom_fields":null,"twitter_title":null,"twitter_description":null,"schema":{"blockGraphs":[],"customGraphs":[],"default":{"data":{"Article":[],"Course":[],"Dataset":[],"FAQPage":[],"Movie":[],"Person":[],"Product":[],"ProductReview":[],"Car":[],"Recipe":[],"Service":[],"SoftwareApplication":[],"WebPage":[]},"graphName":"BlogPosting","isEnabled":true},"graphs":[]},"schema_type":"default","schema_type_options":null,"pillar_content":false,"robots_default":true,"robots_noindex":false,"robots_noarchive":false,"robots_nosnippet":false,"robots_nofollow":false,"robots_noimageindex":false,"robots_noodp":false,"robots_notranslate":false,"robots_max_snippet":"-1","robots_max_videopreview":"-1","robots_max_imagepreview":"large","priority":null,"frequency":"default","local_seo":null,"breadcrumb_settings":null,"limit_modified_date":false,"ai":{"faqs":[],"keyPoints":[],"titles":[],"descriptions":[],"socialPosts":{"email":[],"linkedin":[],"twitter":[],"facebook":[],"instagram":[]}},"created":"2026-03-18 14:43:10","updated":"2026-03-20 15:29:30","seo_analyzer_scan_date":null,"focus_keyword":null,"additional_keywords":null,"truseo_locale":null},"aioseo_breadcrumb":"<div class=\"aioseo-breadcrumbs\"><span class=\"aioseo-breadcrumb\">\n\t\t\t<a href=\"https:\/\/www.immo-invest.ch\/fr\/\" title=\"Home\">Home<\/a>\n\t\t<\/span><span class=\"aioseo-breadcrumb-separator\">&raquo;<\/span><span class=\"aioseo-breadcrumb\">\n\t\t\t<a href=\"https:\/\/www.immo-invest.ch\/fr\/categories\/trends-fr\/\" title=\"Trends\">Trends<\/a>\n\t\t<\/span><span class=\"aioseo-breadcrumb-separator\">&raquo;<\/span><span class=\"aioseo-breadcrumb\">\n\t\t\t<a href=\"https:\/\/www.immo-invest.ch\/fr\/categories\/trends-fr\/durabilite\/\" title=\"Durabilit\u00e9\">Durabilit\u00e9<\/a>\n\t\t<\/span><span class=\"aioseo-breadcrumb-separator\">&raquo;<\/span><span class=\"aioseo-breadcrumb\">\n\t\t\tLes mesures du vent constituent la base de nouveaux projets \u00e9nerg\u00e9tiques\n\t\t<\/span><\/div>","aioseo_breadcrumb_json":[{"label":"Home","link":"https:\/\/www.immo-invest.ch\/fr\/"},{"label":"Trends","link":"https:\/\/www.immo-invest.ch\/fr\/categories\/trends-fr\/"},{"label":"Durabilit\u00e9","link":"https:\/\/www.immo-invest.ch\/fr\/categories\/trends-fr\/durabilite\/"},{"label":"Les mesures du vent constituent la base de nouveaux projets \u00e9nerg\u00e9tiques","link":"https:\/\/www.immo-invest.ch\/fr\/windmessungen-schaffen-grundlage-fuer-neue-energieprojekte\/"}],"featured_image_src":"https:\/\/www.immo-invest.ch\/wp-content\/uploads\/2026\/03\/banoviag_tall_wind_measurement_mast_with_sensors_and_solar_pa_64088fcb-386d-4a07-b13e-897a3007575f_0-336x168.png","_links":{"self":[{"href":"https:\/\/www.immo-invest.ch\/fr\/wp-json\/wp\/v2\/posts\/151742","targetHints":{"allow":["GET"]}}],"collection":[{"href":"https:\/\/www.immo-invest.ch\/fr\/wp-json\/wp\/v2\/posts"}],"about":[{"href":"https:\/\/www.immo-invest.ch\/fr\/wp-json\/wp\/v2\/types\/post"}],"author":[{"embeddable":true,"href":"https:\/\/www.immo-invest.ch\/fr\/wp-json\/wp\/v2\/users\/2"}],"replies":[{"embeddable":true,"href":"https:\/\/www.immo-invest.ch\/fr\/wp-json\/wp\/v2\/comments?post=151742"}],"version-history":[{"count":3,"href":"https:\/\/www.immo-invest.ch\/fr\/wp-json\/wp\/v2\/posts\/151742\/revisions"}],"predecessor-version":[{"id":151757,"href":"https:\/\/www.immo-invest.ch\/fr\/wp-json\/wp\/v2\/posts\/151742\/revisions\/151757"}],"wp:featuredmedia":[{"embeddable":true,"href":"https:\/\/www.immo-invest.ch\/fr\/wp-json\/wp\/v2\/media\/151743"}],"wp:attachment":[{"href":"https:\/\/www.immo-invest.ch\/fr\/wp-json\/wp\/v2\/media?parent=151742"}],"wp:term":[{"taxonomy":"category","embeddable":true,"href":"https:\/\/www.immo-invest.ch\/fr\/wp-json\/wp\/v2\/categories?post=151742"},{"taxonomy":"post_tag","embeddable":true,"href":"https:\/\/www.immo-invest.ch\/fr\/wp-json\/wp\/v2\/tags?post=151742"}],"curies":[{"name":"wp","href":"https:\/\/api.w.org\/{rel}","templated":true}]}}