{"id":151724,"date":"2026-03-20T13:30:00","date_gmt":"2026-03-20T12:30:00","guid":{"rendered":"https:\/\/www.immo-invest.ch\/?p=151724"},"modified":"2026-03-18T14:32:54","modified_gmt":"2026-03-18T13:32:54","slug":"spektakulaerer-kulturbau-setzt-neue-architektonische-akzente","status":"publish","type":"post","link":"https:\/\/www.immo-invest.ch\/fr\/spektakulaerer-kulturbau-setzt-neue-architektonische-akzente\/","title":{"rendered":"Un \u00e9difice culturel spectaculaire apporte une nouvelle touche architecturale"},"content":{"rendered":"<p class=\"bodytext\">Le 8 mars 2026, l&rsquo;entreprise de construction <a href=\"http:\/\/www.nussli.ch\" target=\"_blank\" rel=\"noopener\">N&uuml;ssli<\/a>, bas&eacute;e &agrave; H&uuml;ttwilen, a c&eacute;l&eacute;br&eacute; la c&eacute;r&eacute;monie d&rsquo;inauguration des travaux d&rsquo;agrandissement de la Mack-Pyramide &agrave; Monheim-am-Rhein, en pr&eacute;sence de Heinz Mack, qui a donn&eacute; son nom &agrave; l&rsquo;&eacute;difice. Avec cette extension, l&rsquo;entreprise sp&eacute;cialis&eacute;e dans les structures &eacute;v&eacute;nementielles temporaires r&eacute;alise un &laquo; projet architectural et culturel ambitieux &raquo;, &eacute;crit N&uuml;ssli dans un communiqu&eacute;.<\/p>\n<p class=\"bodytext\">Gr&acirc;ce au montage d&rsquo;une structure porteuse en acier r&eacute;alis&eacute; peu avant la c&eacute;r&eacute;monie, la double pyramide marque d&eacute;j&agrave; le paysage urbain. &laquo; La construction se caract&eacute;rise par une g&eacute;om&eacute;trie sophistiqu&eacute;e, des exigences &eacute;lev&eacute;es en mati&egrave;re de conception et une mise en &oelig;uvre statique complexe &raquo;, pr&eacute;cise-t-on. Selon ses propres d&eacute;clarations, la ville devrait ainsi se doter d&rsquo;un lieu culturel &agrave; l&rsquo;architecture singuli&egrave;re. Des espaces d&rsquo;exposition d&eacute;di&eacute;s &agrave; l&rsquo;art contemporain y seront am&eacute;nag&eacute;s.<\/p>\n<p class=\"bodytext\">Selon le communiqu&eacute;, l&rsquo;entreprise thurgovienne apporte son exp&eacute;rience dans le domaine des constructions sp&eacute;ciales complexes telles que l&rsquo;architecture de pavillons, l&rsquo;am&eacute;nagement d&rsquo;expositions ainsi que la conception de fa&ccedil;ades, de sculptures et d&rsquo;objets d&rsquo;exposition. &laquo; Lors de diverses expositions universelles, nous avons appris &agrave; concr&eacute;tiser des formes extraordinaires et des constructions complexes. C&rsquo;est pr&eacute;cis&eacute;ment ce savoir-faire qui est d&eacute;sormais pleinement mis &agrave; profit pour la pyramide Mack &raquo;, d&eacute;clare Udo Baader, responsable de la gestion des projets sp&eacute;ciaux. L&rsquo;inauguration est pr&eacute;vue pour juin 2027.<\/p>\n<p class=\"bodytext\">Outre l&rsquo;avancement des travaux, l&rsquo;attention s&rsquo;est &eacute;galement port&eacute;e ce jour-l&agrave; sur Heinz Mack, qui a donn&eacute; son nom &agrave; l&rsquo;&eacute;difice. Le sculpteur &eacute;tait pr&eacute;sent parmi les visiteurs, o&ugrave; il a f&ecirc;t&eacute; son 95e anniversaire. &laquo; Malgr&eacute; tous les plans, je n&rsquo;arrive pas encore tout &agrave; fait &agrave; me l&rsquo;imaginer. L&rsquo;essentiel est que la lumi&egrave;re continue de p&eacute;n&eacute;trer &raquo;, a-t-il d&eacute;clar&eacute;. La lumi&egrave;re qui p&eacute;n&egrave;tre &agrave; l&rsquo;int&eacute;rieur du b&acirc;timent fait partie int&eacute;grante de son &oelig;uvre d&rsquo;art, pr&eacute;cise le communiqu&eacute;.<\/p>\n","protected":false},"excerpt":{"rendered":"<p>Peu apr\u00e8s le montage des poteaux porteurs en acier, N\u00fcssli a c\u00e9l\u00e9br\u00e9 la c\u00e9r\u00e9monie d&rsquo;inauguration des travaux d&rsquo;am\u00e9nagement de la \u00ab Mack-Pyramide \u00bb \u00e0 Monheim-am-Rhein, en Allemagne. Ce b\u00e2timent est destin\u00e9 \u00e0 accueillir un espace d&rsquo;exposition et culturel.<\/p>\n","protected":false},"author":2,"featured_media":151725,"comment_status":"open","ping_status":"open","sticky":false,"template":"","format":"standard","meta":{"pmpro_default_level":"","inline_featured_image":false,"_monsterinsights_skip_tracking":false,"footnotes":""},"categories":[743,22357,9824,56027],"tags":[872,3931,2002,25742,57919],"class_list":["post-151724","post","type-post","status-publish","format-standard","has-post-thumbnail","hentry","category-immonews-fr","category-industrie-du-batiment","category-nouvelle-construction","category-planification-developpement","tag-immoinvest-fr","tag-immonews-fr","tag-news-fr","tag-sonderbau-fr","tag-stahlkonstruktion","pmpro-has-access"],"acf":{"bild_mit_ki_erstellt_worden":["Ja"],"lead":"Peu apr\u00e8s le montage des poteaux porteurs en acier, N\u00fcssli a c\u00e9l\u00e9br\u00e9 la c\u00e9r\u00e9monie d'inauguration des travaux d'am\u00e9nagement de la \u00ab Mack-Pyramide \u00bb \u00e0 Monheim-am-Rhein, en Allemagne. Ce b\u00e2timent est destin\u00e9 \u00e0 accueillir un espace d'exposition et culturel.","autor":"ce\/heg","ort":"H\u00fcttwilen TG\/Monheim am Rhein","bildunterschrift":"","bild_im_grid":false,"gallerie":"","newsim":""},"aioseo_notices":[],"aioseo_head":"\n\t\t<!-- All in One SEO 5.0.1.1 - aioseo.com -->\n\t<meta name=\"description\" content=\"Peu apr\u00e8s le montage des poteaux porteurs en acier, N\u00fcssli a c\u00e9l\u00e9br\u00e9 la c\u00e9r\u00e9monie d&#039;inauguration des travaux d&#039;am\u00e9nagement de la \u00ab Mack-Pyramide \u00bb \u00e0 Monheim-am-Rhein, en Allemagne. Ce b\u00e2timent est destin\u00e9 \u00e0 accueillir un espace d&#039;exposition et culturel.\" \/>\n\t<meta name=\"robots\" content=\"max-image-preview:large\" \/>\n\t<meta name=\"author\" content=\"immovestuser\"\/>\n\t<meta name=\"google-site-verification\" content=\"fHJKvgWpZCR2zVBHWfkQeFXC11qieUSff0HGNYfuyLA\" \/>\n\t<link rel=\"canonical\" href=\"https:\/\/www.immo-invest.ch\/fr\/spektakulaerer-kulturbau-setzt-neue-architektonische-akzente\/\" \/>\n\t<meta name=\"generator\" content=\"All in One SEO (AIOSEO) 5.0.1.1\" \/>\n\t\t<meta property=\"og:locale\" content=\"fr_FR\" \/>\n\t\t<meta property=\"og:site_name\" content=\"immo!nvest - Die Plattform f\u00fcr Standorte und Immobilien - Die\u00a0Plattform f\u00fcr Standorte und Immobilien\" \/>\n\t\t<meta property=\"og:type\" content=\"article\" \/>\n\t\t<meta property=\"og:title\" content=\"Un \u00e9difice culturel spectaculaire apporte une nouvelle touche architecturale - immo!nvest - Die Plattform f\u00fcr Standorte und Immobilien\" \/>\n\t\t<meta property=\"og:description\" content=\"Peu apr\u00e8s le montage des poteaux porteurs en acier, N\u00fcssli a c\u00e9l\u00e9br\u00e9 la c\u00e9r\u00e9monie d&#039;inauguration des travaux d&#039;am\u00e9nagement de la \u00ab Mack-Pyramide \u00bb \u00e0 Monheim-am-Rhein, en Allemagne. Ce b\u00e2timent est destin\u00e9 \u00e0 accueillir un espace d&#039;exposition et culturel.\" \/>\n\t\t<meta property=\"og:url\" content=\"https:\/\/www.immo-invest.ch\/fr\/spektakulaerer-kulturbau-setzt-neue-architektonische-akzente\/\" \/>\n\t\t<meta property=\"og:image\" content=\"https:\/\/www.immo-invest.ch\/wp-content\/uploads\/2026\/03\/banoviag_futuristic_double_pyramid_architectural_structure_ma_4fd181db-69d3-4f84-bdec-108252f8f68a_3.png\" \/>\n\t\t<meta property=\"og:image:secure_url\" content=\"https:\/\/www.immo-invest.ch\/wp-content\/uploads\/2026\/03\/banoviag_futuristic_double_pyramid_architectural_structure_ma_4fd181db-69d3-4f84-bdec-108252f8f68a_3.png\" \/>\n\t\t<meta property=\"og:image:width\" content=\"1536\" \/>\n\t\t<meta property=\"og:image:height\" content=\"768\" \/>\n\t\t<meta property=\"article:published_time\" content=\"2026-03-20T12:30:00+00:00\" \/>\n\t\t<meta property=\"article:modified_time\" content=\"2026-03-18T13:32:54+00:00\" \/>\n\t\t<meta property=\"article:publisher\" content=\"https:\/\/www.facebook.com\/people\/Immoinvest\/100077962920504\/\" \/>\n\t\t<meta name=\"twitter:card\" content=\"summary_large_image\" \/>\n\t\t<meta name=\"twitter:site\" content=\"@i\" \/>\n\t\t<meta name=\"twitter:title\" content=\"Un \u00e9difice culturel spectaculaire apporte une nouvelle touche architecturale - immo!nvest - Die Plattform f\u00fcr Standorte und Immobilien\" \/>\n\t\t<meta name=\"twitter:description\" content=\"Peu apr\u00e8s le montage des poteaux porteurs en acier, N\u00fcssli a c\u00e9l\u00e9br\u00e9 la c\u00e9r\u00e9monie d&#039;inauguration des travaux d&#039;am\u00e9nagement de la \u00ab Mack-Pyramide \u00bb \u00e0 Monheim-am-Rhein, en Allemagne. Ce b\u00e2timent est destin\u00e9 \u00e0 accueillir un espace d&#039;exposition et culturel.\" \/>\n\t\t<meta name=\"twitter:creator\" content=\"@i\" \/>\n\t\t<meta name=\"twitter:image\" content=\"https:\/\/www.immo-invest.ch\/wp-content\/uploads\/2026\/03\/banoviag_futuristic_double_pyramid_architectural_structure_ma_4fd181db-69d3-4f84-bdec-108252f8f68a_3.png\" \/>\n\t\t<script type=\"application\/ld+json\" class=\"aioseo-schema\">\n\t\t\t{\"@context\":\"https:\\\/\\\/schema.org\",\"@graph\":[{\"@type\":\"BlogPosting\",\"@id\":\"https:\\\/\\\/www.immo-invest.ch\\\/fr\\\/spektakulaerer-kulturbau-setzt-neue-architektonische-akzente\\\/#blogposting\",\"name\":\"Un \\u00e9difice culturel spectaculaire apporte une nouvelle touche architecturale - immo!nvest - Die Plattform f\\u00fcr Standorte und Immobilien\",\"headline\":\"Un \\u00e9difice culturel spectaculaire apporte une nouvelle touche architecturale\",\"author\":{\"@id\":\"https:\\\/\\\/www.immo-invest.ch\\\/fr\\\/author\\\/immovestuser\\\/#author\"},\"publisher\":{\"@id\":\"https:\\\/\\\/www.immo-invest.ch\\\/fr\\\/#organization\"},\"image\":{\"@type\":\"ImageObject\",\"url\":\"https:\\\/\\\/www.immo-invest.ch\\\/wp-content\\\/uploads\\\/2026\\\/03\\\/banoviag_futuristic_double_pyramid_architectural_structure_ma_4fd181db-69d3-4f84-bdec-108252f8f68a_3.png\",\"width\":1536,\"height\":768},\"datePublished\":\"2026-03-20T13:30:00+01:00\",\"dateModified\":\"2026-03-18T14:32:54+01:00\",\"inLanguage\":\"fr-FR\",\"mainEntityOfPage\":{\"@id\":\"https:\\\/\\\/www.immo-invest.ch\\\/fr\\\/spektakulaerer-kulturbau-setzt-neue-architektonische-akzente\\\/#webpage\"},\"isPartOf\":{\"@id\":\"https:\\\/\\\/www.immo-invest.ch\\\/fr\\\/spektakulaerer-kulturbau-setzt-neue-architektonische-akzente\\\/#webpage\"},\"articleSection\":\"immoNews, Industrie du b\\u00e2timent, Nouvelle construction, Planification \\\/ D\\u00e9veloppement, Immoinvest, immoNews, News, Sonderbau, Stahlkonstruktion, Facultatif\"},{\"@type\":\"BreadcrumbList\",\"@id\":\"https:\\\/\\\/www.immo-invest.ch\\\/fr\\\/spektakulaerer-kulturbau-setzt-neue-architektonische-akzente\\\/#breadcrumblist\",\"itemListElement\":[{\"@type\":\"ListItem\",\"@id\":\"https:\\\/\\\/www.immo-invest.ch\\\/fr\\\/#listItem\",\"position\":1,\"name\":\"Home\",\"item\":\"https:\\\/\\\/www.immo-invest.ch\\\/fr\\\/\",\"nextItem\":{\"@type\":\"ListItem\",\"@id\":\"https:\\\/\\\/www.immo-invest.ch\\\/fr\\\/categories\\\/projects\\\/#listItem\",\"name\":\"Projects\"}},{\"@type\":\"ListItem\",\"@id\":\"https:\\\/\\\/www.immo-invest.ch\\\/fr\\\/categories\\\/projects\\\/#listItem\",\"position\":2,\"name\":\"Projects\",\"item\":\"https:\\\/\\\/www.immo-invest.ch\\\/fr\\\/categories\\\/projects\\\/\",\"nextItem\":{\"@type\":\"ListItem\",\"@id\":\"https:\\\/\\\/www.immo-invest.ch\\\/fr\\\/categories\\\/projects\\\/nouvelle-construction\\\/#listItem\",\"name\":\"Nouvelle construction\"},\"previousItem\":{\"@type\":\"ListItem\",\"@id\":\"https:\\\/\\\/www.immo-invest.ch\\\/fr\\\/#listItem\",\"name\":\"Home\"}},{\"@type\":\"ListItem\",\"@id\":\"https:\\\/\\\/www.immo-invest.ch\\\/fr\\\/categories\\\/projects\\\/nouvelle-construction\\\/#listItem\",\"position\":3,\"name\":\"Nouvelle construction\",\"item\":\"https:\\\/\\\/www.immo-invest.ch\\\/fr\\\/categories\\\/projects\\\/nouvelle-construction\\\/\",\"nextItem\":{\"@type\":\"ListItem\",\"@id\":\"https:\\\/\\\/www.immo-invest.ch\\\/fr\\\/spektakulaerer-kulturbau-setzt-neue-architektonische-akzente\\\/#listItem\",\"name\":\"Un \\u00e9difice culturel spectaculaire apporte une nouvelle touche architecturale\"},\"previousItem\":{\"@type\":\"ListItem\",\"@id\":\"https:\\\/\\\/www.immo-invest.ch\\\/fr\\\/categories\\\/projects\\\/#listItem\",\"name\":\"Projects\"}},{\"@type\":\"ListItem\",\"@id\":\"https:\\\/\\\/www.immo-invest.ch\\\/fr\\\/spektakulaerer-kulturbau-setzt-neue-architektonische-akzente\\\/#listItem\",\"position\":4,\"name\":\"Un \\u00e9difice culturel spectaculaire apporte une nouvelle touche architecturale\",\"previousItem\":{\"@type\":\"ListItem\",\"@id\":\"https:\\\/\\\/www.immo-invest.ch\\\/fr\\\/categories\\\/projects\\\/nouvelle-construction\\\/#listItem\",\"name\":\"Nouvelle construction\"}}]},{\"@type\":\"Organization\",\"@id\":\"https:\\\/\\\/www.immo-invest.ch\\\/fr\\\/#organization\",\"name\":\"immo!nvest - Die Plattform f\\u00fcr Standorte und Immobilien\",\"description\":\"Die\\u00a0Plattform f\\u00fcr Standorte und Immobilien\",\"url\":\"https:\\\/\\\/www.immo-invest.ch\\\/fr\\\/\",\"email\":\"admin@immomedia.ag\",\"telephone\":\"+41444420002\",\"logo\":{\"@type\":\"ImageObject\",\"url\":\"https:\\\/\\\/www.immo-invest.ch\\\/wp-content\\\/uploads\\\/2024\\\/09\\\/immoinvest_sm-scaled.jpg\",\"@id\":\"https:\\\/\\\/www.immo-invest.ch\\\/fr\\\/spektakulaerer-kulturbau-setzt-neue-architektonische-akzente\\\/#organizationLogo\",\"width\":2560,\"height\":1340},\"image\":{\"@id\":\"https:\\\/\\\/www.immo-invest.ch\\\/fr\\\/spektakulaerer-kulturbau-setzt-neue-architektonische-akzente\\\/#organizationLogo\"},\"sameAs\":[\"https:\\\/\\\/www.facebook.com\\\/people\\\/Immoinvest\\\/100077962920504\\\/\",\"https:\\\/\\\/x.com\\\/i\\\/flow\\\/login?redirect_after_login=immoinvest_ch\",\"https:\\\/\\\/www.instagram.com\\\/immoinvest_ch\\\/\",\"https:\\\/\\\/www.linkedin.com\\\/company\\\/immoinvest-swiss\"]},{\"@type\":\"Person\",\"@id\":\"https:\\\/\\\/www.immo-invest.ch\\\/fr\\\/author\\\/immovestuser\\\/#author\",\"url\":\"https:\\\/\\\/www.immo-invest.ch\\\/fr\\\/author\\\/immovestuser\\\/\",\"name\":\"immovestuser\",\"image\":{\"@type\":\"ImageObject\",\"@id\":\"https:\\\/\\\/www.immo-invest.ch\\\/fr\\\/spektakulaerer-kulturbau-setzt-neue-architektonische-akzente\\\/#authorImage\",\"url\":\"https:\\\/\\\/secure.gravatar.com\\\/avatar\\\/8e01f4d99f2eeea7a362ebb93305e1172a70e9293ba250f897a65c39f54cdd1e?s=96&d=mm&r=g\",\"width\":96,\"height\":96,\"caption\":\"immovestuser\"}},{\"@type\":\"WebPage\",\"@id\":\"https:\\\/\\\/www.immo-invest.ch\\\/fr\\\/spektakulaerer-kulturbau-setzt-neue-architektonische-akzente\\\/#webpage\",\"url\":\"https:\\\/\\\/www.immo-invest.ch\\\/fr\\\/spektakulaerer-kulturbau-setzt-neue-architektonische-akzente\\\/\",\"name\":\"Un \\u00e9difice culturel spectaculaire apporte une nouvelle touche architecturale - immo!nvest - Die Plattform f\\u00fcr Standorte und Immobilien\",\"description\":\"Peu apr\\u00e8s le montage des poteaux porteurs en acier, N\\u00fcssli a c\\u00e9l\\u00e9br\\u00e9 la c\\u00e9r\\u00e9monie d'inauguration des travaux d'am\\u00e9nagement de la \\u00ab Mack-Pyramide \\u00bb \\u00e0 Monheim-am-Rhein, en Allemagne. Ce b\\u00e2timent est destin\\u00e9 \\u00e0 accueillir un espace d'exposition et culturel.\",\"inLanguage\":\"fr-FR\",\"isPartOf\":{\"@id\":\"https:\\\/\\\/www.immo-invest.ch\\\/fr\\\/#website\"},\"breadcrumb\":{\"@id\":\"https:\\\/\\\/www.immo-invest.ch\\\/fr\\\/spektakulaerer-kulturbau-setzt-neue-architektonische-akzente\\\/#breadcrumblist\"},\"author\":{\"@id\":\"https:\\\/\\\/www.immo-invest.ch\\\/fr\\\/author\\\/immovestuser\\\/#author\"},\"creator\":{\"@id\":\"https:\\\/\\\/www.immo-invest.ch\\\/fr\\\/author\\\/immovestuser\\\/#author\"},\"image\":{\"@type\":\"ImageObject\",\"url\":\"https:\\\/\\\/www.immo-invest.ch\\\/wp-content\\\/uploads\\\/2026\\\/03\\\/banoviag_futuristic_double_pyramid_architectural_structure_ma_4fd181db-69d3-4f84-bdec-108252f8f68a_3.png\",\"@id\":\"https:\\\/\\\/www.immo-invest.ch\\\/fr\\\/spektakulaerer-kulturbau-setzt-neue-architektonische-akzente\\\/#mainImage\",\"width\":1536,\"height\":768},\"primaryImageOfPage\":{\"@id\":\"https:\\\/\\\/www.immo-invest.ch\\\/fr\\\/spektakulaerer-kulturbau-setzt-neue-architektonische-akzente\\\/#mainImage\"},\"datePublished\":\"2026-03-20T13:30:00+01:00\",\"dateModified\":\"2026-03-18T14:32:54+01:00\"},{\"@type\":\"WebSite\",\"@id\":\"https:\\\/\\\/www.immo-invest.ch\\\/fr\\\/#website\",\"url\":\"https:\\\/\\\/www.immo-invest.ch\\\/fr\\\/\",\"name\":\"immo!nvest - Die Plattform f\\u00fcr Standorte und Immobilien\",\"description\":\"Die\\u00a0Plattform f\\u00fcr Standorte und Immobilien\",\"inLanguage\":\"fr-FR\",\"publisher\":{\"@id\":\"https:\\\/\\\/www.immo-invest.ch\\\/fr\\\/#organization\"}}]}\n\t\t<\/script>\n\t\t<!-- All in One SEO -->\n\n","aioseo_head_json":{"title":"Un \u00e9difice culturel spectaculaire apporte une nouvelle touche architecturale - immo!nvest - Die Plattform f\u00fcr Standorte und Immobilien","description":"Peu apr\u00e8s le montage des poteaux porteurs en acier, N\u00fcssli a c\u00e9l\u00e9br\u00e9 la c\u00e9r\u00e9monie d'inauguration des travaux d'am\u00e9nagement de la \u00ab Mack-Pyramide \u00bb \u00e0 Monheim-am-Rhein, en Allemagne. Ce b\u00e2timent est destin\u00e9 \u00e0 accueillir un espace d'exposition et culturel.","canonical_url":"https:\/\/www.immo-invest.ch\/fr\/spektakulaerer-kulturbau-setzt-neue-architektonische-akzente\/","robots":"max-image-preview:large","keywords":"","webmasterTools":{"google-site-verification":"fHJKvgWpZCR2zVBHWfkQeFXC11qieUSff0HGNYfuyLA","miscellaneous":""},"schema":{"@context":"https:\/\/schema.org","@graph":[{"@type":"BlogPosting","@id":"https:\/\/www.immo-invest.ch\/fr\/spektakulaerer-kulturbau-setzt-neue-architektonische-akzente\/#blogposting","name":"Un \u00e9difice culturel spectaculaire apporte une nouvelle touche architecturale - immo!nvest - Die Plattform f\u00fcr Standorte und Immobilien","headline":"Un \u00e9difice culturel spectaculaire apporte une nouvelle touche architecturale","author":{"@id":"https:\/\/www.immo-invest.ch\/fr\/author\/immovestuser\/#author"},"publisher":{"@id":"https:\/\/www.immo-invest.ch\/fr\/#organization"},"image":{"@type":"ImageObject","url":"https:\/\/www.immo-invest.ch\/wp-content\/uploads\/2026\/03\/banoviag_futuristic_double_pyramid_architectural_structure_ma_4fd181db-69d3-4f84-bdec-108252f8f68a_3.png","width":1536,"height":768},"datePublished":"2026-03-20T13:30:00+01:00","dateModified":"2026-03-18T14:32:54+01:00","inLanguage":"fr-FR","mainEntityOfPage":{"@id":"https:\/\/www.immo-invest.ch\/fr\/spektakulaerer-kulturbau-setzt-neue-architektonische-akzente\/#webpage"},"isPartOf":{"@id":"https:\/\/www.immo-invest.ch\/fr\/spektakulaerer-kulturbau-setzt-neue-architektonische-akzente\/#webpage"},"articleSection":"immoNews, Industrie du b\u00e2timent, Nouvelle construction, Planification \/ D\u00e9veloppement, Immoinvest, immoNews, News, Sonderbau, Stahlkonstruktion, Facultatif"},{"@type":"BreadcrumbList","@id":"https:\/\/www.immo-invest.ch\/fr\/spektakulaerer-kulturbau-setzt-neue-architektonische-akzente\/#breadcrumblist","itemListElement":[{"@type":"ListItem","@id":"https:\/\/www.immo-invest.ch\/fr\/#listItem","position":1,"name":"Home","item":"https:\/\/www.immo-invest.ch\/fr\/","nextItem":{"@type":"ListItem","@id":"https:\/\/www.immo-invest.ch\/fr\/categories\/projects\/#listItem","name":"Projects"}},{"@type":"ListItem","@id":"https:\/\/www.immo-invest.ch\/fr\/categories\/projects\/#listItem","position":2,"name":"Projects","item":"https:\/\/www.immo-invest.ch\/fr\/categories\/projects\/","nextItem":{"@type":"ListItem","@id":"https:\/\/www.immo-invest.ch\/fr\/categories\/projects\/nouvelle-construction\/#listItem","name":"Nouvelle construction"},"previousItem":{"@type":"ListItem","@id":"https:\/\/www.immo-invest.ch\/fr\/#listItem","name":"Home"}},{"@type":"ListItem","@id":"https:\/\/www.immo-invest.ch\/fr\/categories\/projects\/nouvelle-construction\/#listItem","position":3,"name":"Nouvelle construction","item":"https:\/\/www.immo-invest.ch\/fr\/categories\/projects\/nouvelle-construction\/","nextItem":{"@type":"ListItem","@id":"https:\/\/www.immo-invest.ch\/fr\/spektakulaerer-kulturbau-setzt-neue-architektonische-akzente\/#listItem","name":"Un \u00e9difice culturel spectaculaire apporte une nouvelle touche architecturale"},"previousItem":{"@type":"ListItem","@id":"https:\/\/www.immo-invest.ch\/fr\/categories\/projects\/#listItem","name":"Projects"}},{"@type":"ListItem","@id":"https:\/\/www.immo-invest.ch\/fr\/spektakulaerer-kulturbau-setzt-neue-architektonische-akzente\/#listItem","position":4,"name":"Un \u00e9difice culturel spectaculaire apporte une nouvelle touche architecturale","previousItem":{"@type":"ListItem","@id":"https:\/\/www.immo-invest.ch\/fr\/categories\/projects\/nouvelle-construction\/#listItem","name":"Nouvelle construction"}}]},{"@type":"Organization","@id":"https:\/\/www.immo-invest.ch\/fr\/#organization","name":"immo!nvest - Die Plattform f\u00fcr Standorte und Immobilien","description":"Die\u00a0Plattform f\u00fcr Standorte und Immobilien","url":"https:\/\/www.immo-invest.ch\/fr\/","email":"admin@immomedia.ag","telephone":"+41444420002","logo":{"@type":"ImageObject","url":"https:\/\/www.immo-invest.ch\/wp-content\/uploads\/2024\/09\/immoinvest_sm-scaled.jpg","@id":"https:\/\/www.immo-invest.ch\/fr\/spektakulaerer-kulturbau-setzt-neue-architektonische-akzente\/#organizationLogo","width":2560,"height":1340},"image":{"@id":"https:\/\/www.immo-invest.ch\/fr\/spektakulaerer-kulturbau-setzt-neue-architektonische-akzente\/#organizationLogo"},"sameAs":["https:\/\/www.facebook.com\/people\/Immoinvest\/100077962920504\/","https:\/\/x.com\/i\/flow\/login?redirect_after_login=immoinvest_ch","https:\/\/www.instagram.com\/immoinvest_ch\/","https:\/\/www.linkedin.com\/company\/immoinvest-swiss"]},{"@type":"Person","@id":"https:\/\/www.immo-invest.ch\/fr\/author\/immovestuser\/#author","url":"https:\/\/www.immo-invest.ch\/fr\/author\/immovestuser\/","name":"immovestuser","image":{"@type":"ImageObject","@id":"https:\/\/www.immo-invest.ch\/fr\/spektakulaerer-kulturbau-setzt-neue-architektonische-akzente\/#authorImage","url":"https:\/\/secure.gravatar.com\/avatar\/8e01f4d99f2eeea7a362ebb93305e1172a70e9293ba250f897a65c39f54cdd1e?s=96&d=mm&r=g","width":96,"height":96,"caption":"immovestuser"}},{"@type":"WebPage","@id":"https:\/\/www.immo-invest.ch\/fr\/spektakulaerer-kulturbau-setzt-neue-architektonische-akzente\/#webpage","url":"https:\/\/www.immo-invest.ch\/fr\/spektakulaerer-kulturbau-setzt-neue-architektonische-akzente\/","name":"Un \u00e9difice culturel spectaculaire apporte une nouvelle touche architecturale - immo!nvest - Die Plattform f\u00fcr Standorte und Immobilien","description":"Peu apr\u00e8s le montage des poteaux porteurs en acier, N\u00fcssli a c\u00e9l\u00e9br\u00e9 la c\u00e9r\u00e9monie d'inauguration des travaux d'am\u00e9nagement de la \u00ab Mack-Pyramide \u00bb \u00e0 Monheim-am-Rhein, en Allemagne. Ce b\u00e2timent est destin\u00e9 \u00e0 accueillir un espace d'exposition et culturel.","inLanguage":"fr-FR","isPartOf":{"@id":"https:\/\/www.immo-invest.ch\/fr\/#website"},"breadcrumb":{"@id":"https:\/\/www.immo-invest.ch\/fr\/spektakulaerer-kulturbau-setzt-neue-architektonische-akzente\/#breadcrumblist"},"author":{"@id":"https:\/\/www.immo-invest.ch\/fr\/author\/immovestuser\/#author"},"creator":{"@id":"https:\/\/www.immo-invest.ch\/fr\/author\/immovestuser\/#author"},"image":{"@type":"ImageObject","url":"https:\/\/www.immo-invest.ch\/wp-content\/uploads\/2026\/03\/banoviag_futuristic_double_pyramid_architectural_structure_ma_4fd181db-69d3-4f84-bdec-108252f8f68a_3.png","@id":"https:\/\/www.immo-invest.ch\/fr\/spektakulaerer-kulturbau-setzt-neue-architektonische-akzente\/#mainImage","width":1536,"height":768},"primaryImageOfPage":{"@id":"https:\/\/www.immo-invest.ch\/fr\/spektakulaerer-kulturbau-setzt-neue-architektonische-akzente\/#mainImage"},"datePublished":"2026-03-20T13:30:00+01:00","dateModified":"2026-03-18T14:32:54+01:00"},{"@type":"WebSite","@id":"https:\/\/www.immo-invest.ch\/fr\/#website","url":"https:\/\/www.immo-invest.ch\/fr\/","name":"immo!nvest - Die Plattform f\u00fcr Standorte und Immobilien","description":"Die\u00a0Plattform f\u00fcr Standorte und Immobilien","inLanguage":"fr-FR","publisher":{"@id":"https:\/\/www.immo-invest.ch\/fr\/#organization"}}]},"og:locale":"fr_FR","og:site_name":"immo!nvest - Die Plattform f\u00fcr Standorte und Immobilien - Die\u00a0Plattform f\u00fcr Standorte und Immobilien","og:type":"article","og:title":"Un \u00e9difice culturel spectaculaire apporte une nouvelle touche architecturale - immo!nvest - Die Plattform f\u00fcr Standorte und Immobilien","og:description":"Peu apr\u00e8s le montage des poteaux porteurs en acier, N\u00fcssli a c\u00e9l\u00e9br\u00e9 la c\u00e9r\u00e9monie d'inauguration des travaux d'am\u00e9nagement de la \u00ab Mack-Pyramide \u00bb \u00e0 Monheim-am-Rhein, en Allemagne. Ce b\u00e2timent est destin\u00e9 \u00e0 accueillir un espace d'exposition et culturel.","og:url":"https:\/\/www.immo-invest.ch\/fr\/spektakulaerer-kulturbau-setzt-neue-architektonische-akzente\/","og:image":"https:\/\/www.immo-invest.ch\/wp-content\/uploads\/2026\/03\/banoviag_futuristic_double_pyramid_architectural_structure_ma_4fd181db-69d3-4f84-bdec-108252f8f68a_3.png","og:image:secure_url":"https:\/\/www.immo-invest.ch\/wp-content\/uploads\/2026\/03\/banoviag_futuristic_double_pyramid_architectural_structure_ma_4fd181db-69d3-4f84-bdec-108252f8f68a_3.png","og:image:width":1536,"og:image:height":768,"article:published_time":"2026-03-20T12:30:00+00:00","article:modified_time":"2026-03-18T13:32:54+00:00","article:publisher":"https:\/\/www.facebook.com\/people\/Immoinvest\/100077962920504\/","twitter:card":"summary_large_image","twitter:site":"@i","twitter:title":"Un \u00e9difice culturel spectaculaire apporte une nouvelle touche architecturale - immo!nvest - Die Plattform f\u00fcr Standorte und Immobilien","twitter:description":"Peu apr\u00e8s le montage des poteaux porteurs en acier, N\u00fcssli a c\u00e9l\u00e9br\u00e9 la c\u00e9r\u00e9monie d'inauguration des travaux d'am\u00e9nagement de la \u00ab Mack-Pyramide \u00bb \u00e0 Monheim-am-Rhein, en Allemagne. Ce b\u00e2timent est destin\u00e9 \u00e0 accueillir un espace d'exposition et culturel.","twitter:creator":"@i","twitter:image":"https:\/\/www.immo-invest.ch\/wp-content\/uploads\/2026\/03\/banoviag_futuristic_double_pyramid_architectural_structure_ma_4fd181db-69d3-4f84-bdec-108252f8f68a_3.png"},"aioseo_meta_data":{"post_id":"151724","title":null,"description":null,"keywords":null,"keyphrases":{"focus":{"keyphrase":"","score":0,"analysis":{"keyphraseInTitle":{"score":0,"maxScore":9,"error":1}}},"additional":[]},"primary_term":null,"canonical_url":null,"og_title":null,"og_description":null,"og_object_type":"default","og_image_type":"default","og_image_url":null,"og_image_width":null,"og_image_height":null,"og_image_custom_url":null,"og_image_custom_fields":null,"og_video":"","og_custom_url":null,"og_article_section":null,"og_article_tags":null,"twitter_use_og":false,"twitter_card":"default","twitter_image_type":"default","twitter_image_url":null,"twitter_image_custom_url":null,"twitter_image_custom_fields":null,"twitter_title":null,"twitter_description":null,"schema":{"blockGraphs":[],"customGraphs":[],"default":{"data":{"Article":[],"Course":[],"Dataset":[],"FAQPage":[],"Movie":[],"Person":[],"Product":[],"ProductReview":[],"Car":[],"Recipe":[],"Service":[],"SoftwareApplication":[],"WebPage":[]},"graphName":"BlogPosting","isEnabled":true},"graphs":[]},"schema_type":"default","schema_type_options":null,"pillar_content":false,"robots_default":true,"robots_noindex":false,"robots_noarchive":false,"robots_nosnippet":false,"robots_nofollow":false,"robots_noimageindex":false,"robots_noodp":false,"robots_notranslate":false,"robots_max_snippet":"-1","robots_max_videopreview":"-1","robots_max_imagepreview":"large","priority":null,"frequency":"default","local_seo":null,"breadcrumb_settings":null,"limit_modified_date":false,"ai":{"faqs":[],"keyPoints":[],"titles":[],"descriptions":[],"socialPosts":{"email":[],"linkedin":[],"twitter":[],"facebook":[],"instagram":[]}},"created":"2026-03-18 13:32:56","updated":"2026-03-20 13:24:37","seo_analyzer_scan_date":null,"focus_keyword":null,"additional_keywords":null,"truseo_locale":null},"aioseo_breadcrumb":"<div class=\"aioseo-breadcrumbs\"><span class=\"aioseo-breadcrumb\">\n\t\t\t<a href=\"https:\/\/www.immo-invest.ch\/fr\/\" title=\"Home\">Home<\/a>\n\t\t<\/span><span class=\"aioseo-breadcrumb-separator\">&raquo;<\/span><span class=\"aioseo-breadcrumb\">\n\t\t\t<a href=\"https:\/\/www.immo-invest.ch\/fr\/categories\/projects\/\" title=\"Projects\">Projects<\/a>\n\t\t<\/span><span class=\"aioseo-breadcrumb-separator\">&raquo;<\/span><span class=\"aioseo-breadcrumb\">\n\t\t\t<a href=\"https:\/\/www.immo-invest.ch\/fr\/categories\/projects\/nouvelle-construction\/\" title=\"Nouvelle construction\">Nouvelle construction<\/a>\n\t\t<\/span><span class=\"aioseo-breadcrumb-separator\">&raquo;<\/span><span class=\"aioseo-breadcrumb\">\n\t\t\tUn \u00e9difice culturel spectaculaire apporte une nouvelle touche architecturale\n\t\t<\/span><\/div>","aioseo_breadcrumb_json":[{"label":"Home","link":"https:\/\/www.immo-invest.ch\/fr\/"},{"label":"Projects","link":"https:\/\/www.immo-invest.ch\/fr\/categories\/projects\/"},{"label":"Nouvelle construction","link":"https:\/\/www.immo-invest.ch\/fr\/categories\/projects\/nouvelle-construction\/"},{"label":"Un \u00e9difice culturel spectaculaire apporte une nouvelle touche architecturale","link":"https:\/\/www.immo-invest.ch\/fr\/spektakulaerer-kulturbau-setzt-neue-architektonische-akzente\/"}],"featured_image_src":"https:\/\/www.immo-invest.ch\/wp-content\/uploads\/2026\/03\/banoviag_futuristic_double_pyramid_architectural_structure_ma_4fd181db-69d3-4f84-bdec-108252f8f68a_3-336x168.png","_links":{"self":[{"href":"https:\/\/www.immo-invest.ch\/fr\/wp-json\/wp\/v2\/posts\/151724","targetHints":{"allow":["GET"]}}],"collection":[{"href":"https:\/\/www.immo-invest.ch\/fr\/wp-json\/wp\/v2\/posts"}],"about":[{"href":"https:\/\/www.immo-invest.ch\/fr\/wp-json\/wp\/v2\/types\/post"}],"author":[{"embeddable":true,"href":"https:\/\/www.immo-invest.ch\/fr\/wp-json\/wp\/v2\/users\/2"}],"replies":[{"embeddable":true,"href":"https:\/\/www.immo-invest.ch\/fr\/wp-json\/wp\/v2\/comments?post=151724"}],"version-history":[{"count":2,"href":"https:\/\/www.immo-invest.ch\/fr\/wp-json\/wp\/v2\/posts\/151724\/revisions"}],"predecessor-version":[{"id":151732,"href":"https:\/\/www.immo-invest.ch\/fr\/wp-json\/wp\/v2\/posts\/151724\/revisions\/151732"}],"wp:featuredmedia":[{"embeddable":true,"href":"https:\/\/www.immo-invest.ch\/fr\/wp-json\/wp\/v2\/media\/151725"}],"wp:attachment":[{"href":"https:\/\/www.immo-invest.ch\/fr\/wp-json\/wp\/v2\/media?parent=151724"}],"wp:term":[{"taxonomy":"category","embeddable":true,"href":"https:\/\/www.immo-invest.ch\/fr\/wp-json\/wp\/v2\/categories?post=151724"},{"taxonomy":"post_tag","embeddable":true,"href":"https:\/\/www.immo-invest.ch\/fr\/wp-json\/wp\/v2\/tags?post=151724"}],"curies":[{"name":"wp","href":"https:\/\/api.w.org\/{rel}","templated":true}]}}