{"id":151548,"date":"2026-03-18T11:30:00","date_gmt":"2026-03-18T10:30:00","guid":{"rendered":"https:\/\/www.immo-invest.ch\/?p=151548"},"modified":"2026-03-18T08:42:27","modified_gmt":"2026-03-18T07:42:27","slug":"globale-arbeitgeberbewertung-staerkt-position-im-wettbewerb-um-talente","status":"publish","type":"post","link":"https:\/\/www.immo-invest.ch\/fr\/globale-arbeitgeberbewertung-staerkt-position-im-wettbewerb-um-talente\/","title":{"rendered":"L&rsquo;\u00e9valuation globale de l&#8217;employeur renforce sa position dans la course aux talents"},"content":{"rendered":"<p class=\"bodytext\">Pour la deuxi&egrave;me ann&eacute;e cons&eacute;cutive,<a href=\"https:\/\/www.holcim.com\/\" target=\"_blank\" rel=\"noopener\">Holcim <\/a>remporte le titre de &laquo; Global Top Employer &raquo; d&eacute;cern&eacute; par <a href=\"https:\/\/www.top-employers.com\/\" target=\"_blank\" rel=\"noopener\">le Top Employers Institute<\/a>. Selon un <a href=\"https:\/\/www.holcim.com\/media\/media-releases\/holcim-recognized-as-global-top-employer-2026\" target=\"_blank\" rel=\"noopener\">communiqu&eacute;<\/a>, 27 filiales nationales de Holcim ont &eacute;t&eacute; certifi&eacute;es &laquo; Top Employer &raquo; dans toutes les r&eacute;gions. Avec 27 march&eacute;s certifi&eacute;s, Holcim a obtenu un score global de 87 % et a ainsi d&eacute;pass&eacute; la r&eacute;f&eacute;rence mondiale.<\/p>\n<p class=\"bodytext\">Le Top Employers Institute a particuli&egrave;rement bien not&eacute; Holcim dans les domaines de l&rsquo;&eacute;thique et de l&rsquo;int&eacute;grit&eacute;, de la formation ainsi que de la strat&eacute;gie d&rsquo;entreprise. Ces r&eacute;sultats refl&egrave;tent la culture d&rsquo;entreprise ax&eacute;e sur la <span class=\"glossaryLink\" aria-describedby=\"tt\" data-cmtooltip=\"&lt;div class=glossaryItemTitle&gt;Performance&lt;\/div&gt;&lt;div class=glossaryItemBody&gt;Wertentwicklung eines Portfolios&lt;\/div&gt;\" data-mobile-support=\"0\" data-gt-translate-attributes='[{\"attribute\":\"data-cmtooltip\", \"format\":\"html\"}]' tabindex=\"0\" role=\"link\">performance<\/span> qui sous-tend la strat&eacute;gie de croissance NextGen Growth 2030 du groupe, indique le communiqu&eacute;.<\/p>\n<p class=\"bodytext\">&laquo; Notre culture de la <span class=\"glossaryLink\" aria-describedby=\"tt\" data-cmtooltip=\"&lt;div class=glossaryItemTitle&gt;Performance&lt;\/div&gt;&lt;div class=glossaryItemBody&gt;Wertentwicklung eines Portfolios&lt;\/div&gt;\" data-mobile-support=\"0\" data-gt-translate-attributes='[{\"attribute\":\"data-cmtooltip\", \"format\":\"html\"}]' tabindex=\"0\" role=\"link\">performance<\/span> et la valeur que nous cr&eacute;ons pour nos collaborateurs, nos clients et nos actionnaires constituent un moteur strat&eacute;gique de notre strat&eacute;gie NextGen Growth 2030. C&rsquo;est ce que nous appelons l&rsquo;esprit Holcim, ax&eacute; sur le sens, les personnes et la <span class=\"glossaryLink\" aria-describedby=\"tt\" data-cmtooltip=\"&lt;div class=glossaryItemTitle&gt;Performance&lt;\/div&gt;&lt;div class=glossaryItemBody&gt;Wertentwicklung eines Portfolios&lt;\/div&gt;\" data-mobile-support=\"0\" data-gt-translate-attributes='[{\"attribute\":\"data-cmtooltip\", \"format\":\"html\"}]' tabindex=\"0\" role=\"link\">performance<\/span> &raquo;, d&eacute;clare le PDG Miljan Gutovic.&nbsp;&laquo; Cette distinction revient &agrave; nos plus de 45 000 coll&egrave;gues qui incarnent chaque jour l&rsquo;esprit Holcim et font de Holcim un lieu de travail exceptionnel. &raquo;<\/p>\n<p class=\"bodytext\">Pour obtenir le titre de &laquo; Top Employer &raquo;, les entreprises sont &eacute;valu&eacute;es selon des normes mondiales dans les domaines du d&eacute;veloppement de carri&egrave;re, de la formation, du bien-&ecirc;tre et de la r&eacute;mun&eacute;ration. Les entreprises d&eacute;sign&eacute;es &laquo; Global Top Employer &raquo; doivent en outre &ecirc;tre certifi&eacute;es &laquo; Top Employer &raquo; r&eacute;gional dans un nombre minimum de pays et de r&eacute;gions, dont le pays o&ugrave; se trouve leur si&egrave;ge mondial.<\/p>\n<p class=\"bodytext\">Holcim a son si&egrave;ge social &agrave; Zoug, en Suisse, et emploie plus de 45 000 collaborateurs dans 43 march&eacute;s &agrave; travers le monde, notamment en Europe, en Am&eacute;rique latine, en Asie, au Moyen-Orient et en Afrique.<\/p>\n","protected":false},"excerpt":{"rendered":"<p>Le groupe de mat\u00e9riaux de construction Holcim figure parmi les 17 entreprises mondiales \u00e0 avoir \u00e9t\u00e9 d\u00e9sign\u00e9es \u00ab Global Top Employer \u00bb par le Top Employers Institute. L&rsquo;entreprise obtient ainsi cette certification pour la deuxi\u00e8me ann\u00e9e cons\u00e9cutive.<\/p>\n","protected":false},"author":2,"featured_media":151549,"comment_status":"open","ping_status":"open","sticky":false,"template":"","format":"standard","meta":{"pmpro_default_level":"","inline_featured_image":false,"_monsterinsights_skip_tracking":false,"footnotes":""},"categories":[55982,22696,4464,743],"tags":[57855,56648,872,3931,2002,53767],"class_list":["post-151548","post","type-post","status-publish","format-standard","has-post-thumbnail","hentry","category-associations","category-entreprise","category-gens","category-immonews-fr","tag-arbeitgeberattraktivitaet","tag-fachkraeftemangel-2","tag-immoinvest-fr","tag-immonews-fr","tag-news-fr","tag-unternehmenskultur-fr","pmpro-has-access"],"acf":{"bild_mit_ki_erstellt_worden":["Ja"],"lead":"Le groupe de mat\u00e9riaux de construction Holcim figure parmi les 17 entreprises mondiales \u00e0 avoir \u00e9t\u00e9 d\u00e9sign\u00e9es \u00ab Global Top Employer \u00bb par le Top Employers Institute. L'entreprise obtient ainsi cette certification pour la deuxi\u00e8me ann\u00e9e cons\u00e9cutive.","autor":"ce\/ja","ort":"Zug ","bildunterschrift":"","bild_im_grid":false,"gallerie":"","newsim":""},"aioseo_notices":[],"aioseo_head":"\n\t\t<!-- All in One SEO 5.0.0.1 - aioseo.com -->\n\t<meta name=\"description\" content=\"Le groupe de mat\u00e9riaux de construction Holcim figure parmi les 17 entreprises mondiales \u00e0 avoir \u00e9t\u00e9 d\u00e9sign\u00e9es \u00ab Global Top Employer \u00bb par le Top Employers Institute. L&#039;entreprise obtient ainsi cette certification pour la deuxi\u00e8me ann\u00e9e cons\u00e9cutive.\" \/>\n\t<meta name=\"robots\" content=\"max-image-preview:large\" \/>\n\t<meta name=\"author\" content=\"immovestuser\"\/>\n\t<meta name=\"google-site-verification\" content=\"fHJKvgWpZCR2zVBHWfkQeFXC11qieUSff0HGNYfuyLA\" \/>\n\t<link rel=\"canonical\" href=\"https:\/\/www.immo-invest.ch\/fr\/globale-arbeitgeberbewertung-staerkt-position-im-wettbewerb-um-talente\/\" \/>\n\t<meta name=\"generator\" content=\"All in One SEO (AIOSEO) 5.0.0.1\" \/>\n\t\t<meta property=\"og:locale\" content=\"fr_FR\" \/>\n\t\t<meta property=\"og:site_name\" content=\"immo!nvest - Die Plattform f\u00fcr Standorte und Immobilien - Die\u00a0Plattform f\u00fcr Standorte und Immobilien\" \/>\n\t\t<meta property=\"og:type\" content=\"article\" \/>\n\t\t<meta property=\"og:title\" content=\"L\u2019\u00e9valuation globale de l\u2019employeur renforce sa position dans la course aux talents - immo!nvest - Die Plattform f\u00fcr Standorte und Immobilien\" \/>\n\t\t<meta property=\"og:description\" content=\"Le groupe de mat\u00e9riaux de construction Holcim figure parmi les 17 entreprises mondiales \u00e0 avoir \u00e9t\u00e9 d\u00e9sign\u00e9es \u00ab Global Top Employer \u00bb par le Top Employers Institute. L&#039;entreprise obtient ainsi cette certification pour la deuxi\u00e8me ann\u00e9e cons\u00e9cutive.\" \/>\n\t\t<meta property=\"og:url\" content=\"https:\/\/www.immo-invest.ch\/fr\/globale-arbeitgeberbewertung-staerkt-position-im-wettbewerb-um-talente\/\" \/>\n\t\t<meta property=\"og:image\" content=\"https:\/\/www.immo-invest.ch\/wp-content\/uploads\/2026\/03\/banoviag_modern_corporate_headquarters_building_in_Switzerlan_1ff285f9-f404-47f0-befd-598116e61557_0.png\" \/>\n\t\t<meta property=\"og:image:secure_url\" content=\"https:\/\/www.immo-invest.ch\/wp-content\/uploads\/2026\/03\/banoviag_modern_corporate_headquarters_building_in_Switzerlan_1ff285f9-f404-47f0-befd-598116e61557_0.png\" \/>\n\t\t<meta property=\"og:image:width\" content=\"1536\" \/>\n\t\t<meta property=\"og:image:height\" content=\"768\" \/>\n\t\t<meta property=\"article:published_time\" content=\"2026-03-18T10:30:00+00:00\" \/>\n\t\t<meta property=\"article:modified_time\" content=\"2026-03-18T07:42:27+00:00\" \/>\n\t\t<meta property=\"article:publisher\" content=\"https:\/\/www.facebook.com\/people\/Immoinvest\/100077962920504\/\" \/>\n\t\t<meta name=\"twitter:card\" content=\"summary_large_image\" \/>\n\t\t<meta name=\"twitter:site\" content=\"@i\" \/>\n\t\t<meta name=\"twitter:title\" content=\"L\u2019\u00e9valuation globale de l\u2019employeur renforce sa position dans la course aux talents - immo!nvest - Die Plattform f\u00fcr Standorte und Immobilien\" \/>\n\t\t<meta name=\"twitter:description\" content=\"Le groupe de mat\u00e9riaux de construction Holcim figure parmi les 17 entreprises mondiales \u00e0 avoir \u00e9t\u00e9 d\u00e9sign\u00e9es \u00ab Global Top Employer \u00bb par le Top Employers Institute. L&#039;entreprise obtient ainsi cette certification pour la deuxi\u00e8me ann\u00e9e cons\u00e9cutive.\" \/>\n\t\t<meta name=\"twitter:creator\" content=\"@i\" \/>\n\t\t<meta name=\"twitter:image\" content=\"https:\/\/www.immo-invest.ch\/wp-content\/uploads\/2026\/03\/banoviag_modern_corporate_headquarters_building_in_Switzerlan_1ff285f9-f404-47f0-befd-598116e61557_0.png\" \/>\n\t\t<script type=\"application\/ld+json\" class=\"aioseo-schema\">\n\t\t\t{\"@context\":\"https:\\\/\\\/schema.org\",\"@graph\":[{\"@type\":\"BlogPosting\",\"@id\":\"https:\\\/\\\/www.immo-invest.ch\\\/fr\\\/globale-arbeitgeberbewertung-staerkt-position-im-wettbewerb-um-talente\\\/#blogposting\",\"name\":\"L\\u2019\\u00e9valuation globale de l\\u2019employeur renforce sa position dans la course aux talents - immo!nvest - Die Plattform f\\u00fcr Standorte und Immobilien\",\"headline\":\"L&rsquo;\\u00e9valuation globale de l&#8217;employeur renforce sa position dans la course aux talents\",\"author\":{\"@id\":\"https:\\\/\\\/www.immo-invest.ch\\\/fr\\\/author\\\/immovestuser\\\/#author\"},\"publisher\":{\"@id\":\"https:\\\/\\\/www.immo-invest.ch\\\/fr\\\/#organization\"},\"image\":{\"@type\":\"ImageObject\",\"url\":\"https:\\\/\\\/www.immo-invest.ch\\\/wp-content\\\/uploads\\\/2026\\\/03\\\/banoviag_modern_corporate_headquarters_building_in_Switzerlan_1ff285f9-f404-47f0-befd-598116e61557_0.png\",\"width\":1536,\"height\":768},\"datePublished\":\"2026-03-18T11:30:00+01:00\",\"dateModified\":\"2026-03-18T08:42:27+01:00\",\"inLanguage\":\"fr-FR\",\"mainEntityOfPage\":{\"@id\":\"https:\\\/\\\/www.immo-invest.ch\\\/fr\\\/globale-arbeitgeberbewertung-staerkt-position-im-wettbewerb-um-talente\\\/#webpage\"},\"isPartOf\":{\"@id\":\"https:\\\/\\\/www.immo-invest.ch\\\/fr\\\/globale-arbeitgeberbewertung-staerkt-position-im-wettbewerb-um-talente\\\/#webpage\"},\"articleSection\":\"Associations, Entreprise, Gens, immoNews, Arbeitgeberattraktivitaet, Fachkraeftemangel, Immoinvest, immoNews, News, Unternehmenskultur, Facultatif\"},{\"@type\":\"BreadcrumbList\",\"@id\":\"https:\\\/\\\/www.immo-invest.ch\\\/fr\\\/globale-arbeitgeberbewertung-staerkt-position-im-wettbewerb-um-talente\\\/#breadcrumblist\",\"itemListElement\":[{\"@type\":\"ListItem\",\"@id\":\"https:\\\/\\\/www.immo-invest.ch\\\/fr\\\/#listItem\",\"position\":1,\"name\":\"Home\",\"item\":\"https:\\\/\\\/www.immo-invest.ch\\\/fr\\\/\",\"nextItem\":{\"@type\":\"ListItem\",\"@id\":\"https:\\\/\\\/www.immo-invest.ch\\\/fr\\\/categories\\\/personnes\\\/#listItem\",\"name\":\"Personnes\"}},{\"@type\":\"ListItem\",\"@id\":\"https:\\\/\\\/www.immo-invest.ch\\\/fr\\\/categories\\\/personnes\\\/#listItem\",\"position\":2,\"name\":\"Personnes\",\"item\":\"https:\\\/\\\/www.immo-invest.ch\\\/fr\\\/categories\\\/personnes\\\/\",\"nextItem\":{\"@type\":\"ListItem\",\"@id\":\"https:\\\/\\\/www.immo-invest.ch\\\/fr\\\/categories\\\/personnes\\\/gens\\\/#listItem\",\"name\":\"Gens\"},\"previousItem\":{\"@type\":\"ListItem\",\"@id\":\"https:\\\/\\\/www.immo-invest.ch\\\/fr\\\/#listItem\",\"name\":\"Home\"}},{\"@type\":\"ListItem\",\"@id\":\"https:\\\/\\\/www.immo-invest.ch\\\/fr\\\/categories\\\/personnes\\\/gens\\\/#listItem\",\"position\":3,\"name\":\"Gens\",\"item\":\"https:\\\/\\\/www.immo-invest.ch\\\/fr\\\/categories\\\/personnes\\\/gens\\\/\",\"nextItem\":{\"@type\":\"ListItem\",\"@id\":\"https:\\\/\\\/www.immo-invest.ch\\\/fr\\\/globale-arbeitgeberbewertung-staerkt-position-im-wettbewerb-um-talente\\\/#listItem\",\"name\":\"L&rsquo;\\u00e9valuation globale de l&#8217;employeur renforce sa position dans la course aux talents\"},\"previousItem\":{\"@type\":\"ListItem\",\"@id\":\"https:\\\/\\\/www.immo-invest.ch\\\/fr\\\/categories\\\/personnes\\\/#listItem\",\"name\":\"Personnes\"}},{\"@type\":\"ListItem\",\"@id\":\"https:\\\/\\\/www.immo-invest.ch\\\/fr\\\/globale-arbeitgeberbewertung-staerkt-position-im-wettbewerb-um-talente\\\/#listItem\",\"position\":4,\"name\":\"L&rsquo;\\u00e9valuation globale de l&#8217;employeur renforce sa position dans la course aux talents\",\"previousItem\":{\"@type\":\"ListItem\",\"@id\":\"https:\\\/\\\/www.immo-invest.ch\\\/fr\\\/categories\\\/personnes\\\/gens\\\/#listItem\",\"name\":\"Gens\"}}]},{\"@type\":\"Organization\",\"@id\":\"https:\\\/\\\/www.immo-invest.ch\\\/fr\\\/#organization\",\"name\":\"immo!nvest - Die Plattform f\\u00fcr Standorte und Immobilien\",\"description\":\"Die\\u00a0Plattform f\\u00fcr Standorte und Immobilien\",\"url\":\"https:\\\/\\\/www.immo-invest.ch\\\/fr\\\/\",\"email\":\"admin@immomedia.ag\",\"telephone\":\"+41444420002\",\"logo\":{\"@type\":\"ImageObject\",\"url\":\"https:\\\/\\\/www.immo-invest.ch\\\/wp-content\\\/uploads\\\/2024\\\/09\\\/immoinvest_sm-scaled.jpg\",\"@id\":\"https:\\\/\\\/www.immo-invest.ch\\\/fr\\\/globale-arbeitgeberbewertung-staerkt-position-im-wettbewerb-um-talente\\\/#organizationLogo\",\"width\":2560,\"height\":1340},\"image\":{\"@id\":\"https:\\\/\\\/www.immo-invest.ch\\\/fr\\\/globale-arbeitgeberbewertung-staerkt-position-im-wettbewerb-um-talente\\\/#organizationLogo\"},\"sameAs\":[\"https:\\\/\\\/www.facebook.com\\\/people\\\/Immoinvest\\\/100077962920504\\\/\",\"https:\\\/\\\/x.com\\\/i\\\/flow\\\/login?redirect_after_login=immoinvest_ch\",\"https:\\\/\\\/www.instagram.com\\\/immoinvest_ch\\\/\",\"https:\\\/\\\/www.linkedin.com\\\/company\\\/immoinvest-swiss\"]},{\"@type\":\"Person\",\"@id\":\"https:\\\/\\\/www.immo-invest.ch\\\/fr\\\/author\\\/immovestuser\\\/#author\",\"url\":\"https:\\\/\\\/www.immo-invest.ch\\\/fr\\\/author\\\/immovestuser\\\/\",\"name\":\"immovestuser\",\"image\":{\"@type\":\"ImageObject\",\"@id\":\"https:\\\/\\\/www.immo-invest.ch\\\/fr\\\/globale-arbeitgeberbewertung-staerkt-position-im-wettbewerb-um-talente\\\/#authorImage\",\"url\":\"https:\\\/\\\/secure.gravatar.com\\\/avatar\\\/8e01f4d99f2eeea7a362ebb93305e1172a70e9293ba250f897a65c39f54cdd1e?s=96&d=mm&r=g\",\"width\":96,\"height\":96,\"caption\":\"immovestuser\"}},{\"@type\":\"WebPage\",\"@id\":\"https:\\\/\\\/www.immo-invest.ch\\\/fr\\\/globale-arbeitgeberbewertung-staerkt-position-im-wettbewerb-um-talente\\\/#webpage\",\"url\":\"https:\\\/\\\/www.immo-invest.ch\\\/fr\\\/globale-arbeitgeberbewertung-staerkt-position-im-wettbewerb-um-talente\\\/\",\"name\":\"L\\u2019\\u00e9valuation globale de l\\u2019employeur renforce sa position dans la course aux talents - immo!nvest - Die Plattform f\\u00fcr Standorte und Immobilien\",\"description\":\"Le groupe de mat\\u00e9riaux de construction Holcim figure parmi les 17 entreprises mondiales \\u00e0 avoir \\u00e9t\\u00e9 d\\u00e9sign\\u00e9es \\u00ab Global Top Employer \\u00bb par le Top Employers Institute. L'entreprise obtient ainsi cette certification pour la deuxi\\u00e8me ann\\u00e9e cons\\u00e9cutive.\",\"inLanguage\":\"fr-FR\",\"isPartOf\":{\"@id\":\"https:\\\/\\\/www.immo-invest.ch\\\/fr\\\/#website\"},\"breadcrumb\":{\"@id\":\"https:\\\/\\\/www.immo-invest.ch\\\/fr\\\/globale-arbeitgeberbewertung-staerkt-position-im-wettbewerb-um-talente\\\/#breadcrumblist\"},\"author\":{\"@id\":\"https:\\\/\\\/www.immo-invest.ch\\\/fr\\\/author\\\/immovestuser\\\/#author\"},\"creator\":{\"@id\":\"https:\\\/\\\/www.immo-invest.ch\\\/fr\\\/author\\\/immovestuser\\\/#author\"},\"image\":{\"@type\":\"ImageObject\",\"url\":\"https:\\\/\\\/www.immo-invest.ch\\\/wp-content\\\/uploads\\\/2026\\\/03\\\/banoviag_modern_corporate_headquarters_building_in_Switzerlan_1ff285f9-f404-47f0-befd-598116e61557_0.png\",\"@id\":\"https:\\\/\\\/www.immo-invest.ch\\\/fr\\\/globale-arbeitgeberbewertung-staerkt-position-im-wettbewerb-um-talente\\\/#mainImage\",\"width\":1536,\"height\":768},\"primaryImageOfPage\":{\"@id\":\"https:\\\/\\\/www.immo-invest.ch\\\/fr\\\/globale-arbeitgeberbewertung-staerkt-position-im-wettbewerb-um-talente\\\/#mainImage\"},\"datePublished\":\"2026-03-18T11:30:00+01:00\",\"dateModified\":\"2026-03-18T08:42:27+01:00\"},{\"@type\":\"WebSite\",\"@id\":\"https:\\\/\\\/www.immo-invest.ch\\\/fr\\\/#website\",\"url\":\"https:\\\/\\\/www.immo-invest.ch\\\/fr\\\/\",\"name\":\"immo!nvest - Die Plattform f\\u00fcr Standorte und Immobilien\",\"description\":\"Die\\u00a0Plattform f\\u00fcr Standorte und Immobilien\",\"inLanguage\":\"fr-FR\",\"publisher\":{\"@id\":\"https:\\\/\\\/www.immo-invest.ch\\\/fr\\\/#organization\"}}]}\n\t\t<\/script>\n\t\t<!-- All in One SEO -->\n\n","aioseo_head_json":{"title":"L\u2019\u00e9valuation globale de l\u2019employeur renforce sa position dans la course aux talents - immo!nvest - Die Plattform f\u00fcr Standorte und Immobilien","description":"Le groupe de mat\u00e9riaux de construction Holcim figure parmi les 17 entreprises mondiales \u00e0 avoir \u00e9t\u00e9 d\u00e9sign\u00e9es \u00ab Global Top Employer \u00bb par le Top Employers Institute. L'entreprise obtient ainsi cette certification pour la deuxi\u00e8me ann\u00e9e cons\u00e9cutive.","canonical_url":"https:\/\/www.immo-invest.ch\/fr\/globale-arbeitgeberbewertung-staerkt-position-im-wettbewerb-um-talente\/","robots":"max-image-preview:large","keywords":"","webmasterTools":{"google-site-verification":"fHJKvgWpZCR2zVBHWfkQeFXC11qieUSff0HGNYfuyLA","miscellaneous":""},"schema":{"@context":"https:\/\/schema.org","@graph":[{"@type":"BlogPosting","@id":"https:\/\/www.immo-invest.ch\/fr\/globale-arbeitgeberbewertung-staerkt-position-im-wettbewerb-um-talente\/#blogposting","name":"L\u2019\u00e9valuation globale de l\u2019employeur renforce sa position dans la course aux talents - immo!nvest - Die Plattform f\u00fcr Standorte und Immobilien","headline":"L&rsquo;\u00e9valuation globale de l&#8217;employeur renforce sa position dans la course aux talents","author":{"@id":"https:\/\/www.immo-invest.ch\/fr\/author\/immovestuser\/#author"},"publisher":{"@id":"https:\/\/www.immo-invest.ch\/fr\/#organization"},"image":{"@type":"ImageObject","url":"https:\/\/www.immo-invest.ch\/wp-content\/uploads\/2026\/03\/banoviag_modern_corporate_headquarters_building_in_Switzerlan_1ff285f9-f404-47f0-befd-598116e61557_0.png","width":1536,"height":768},"datePublished":"2026-03-18T11:30:00+01:00","dateModified":"2026-03-18T08:42:27+01:00","inLanguage":"fr-FR","mainEntityOfPage":{"@id":"https:\/\/www.immo-invest.ch\/fr\/globale-arbeitgeberbewertung-staerkt-position-im-wettbewerb-um-talente\/#webpage"},"isPartOf":{"@id":"https:\/\/www.immo-invest.ch\/fr\/globale-arbeitgeberbewertung-staerkt-position-im-wettbewerb-um-talente\/#webpage"},"articleSection":"Associations, Entreprise, Gens, immoNews, Arbeitgeberattraktivitaet, Fachkraeftemangel, Immoinvest, immoNews, News, Unternehmenskultur, Facultatif"},{"@type":"BreadcrumbList","@id":"https:\/\/www.immo-invest.ch\/fr\/globale-arbeitgeberbewertung-staerkt-position-im-wettbewerb-um-talente\/#breadcrumblist","itemListElement":[{"@type":"ListItem","@id":"https:\/\/www.immo-invest.ch\/fr\/#listItem","position":1,"name":"Home","item":"https:\/\/www.immo-invest.ch\/fr\/","nextItem":{"@type":"ListItem","@id":"https:\/\/www.immo-invest.ch\/fr\/categories\/personnes\/#listItem","name":"Personnes"}},{"@type":"ListItem","@id":"https:\/\/www.immo-invest.ch\/fr\/categories\/personnes\/#listItem","position":2,"name":"Personnes","item":"https:\/\/www.immo-invest.ch\/fr\/categories\/personnes\/","nextItem":{"@type":"ListItem","@id":"https:\/\/www.immo-invest.ch\/fr\/categories\/personnes\/gens\/#listItem","name":"Gens"},"previousItem":{"@type":"ListItem","@id":"https:\/\/www.immo-invest.ch\/fr\/#listItem","name":"Home"}},{"@type":"ListItem","@id":"https:\/\/www.immo-invest.ch\/fr\/categories\/personnes\/gens\/#listItem","position":3,"name":"Gens","item":"https:\/\/www.immo-invest.ch\/fr\/categories\/personnes\/gens\/","nextItem":{"@type":"ListItem","@id":"https:\/\/www.immo-invest.ch\/fr\/globale-arbeitgeberbewertung-staerkt-position-im-wettbewerb-um-talente\/#listItem","name":"L&rsquo;\u00e9valuation globale de l&#8217;employeur renforce sa position dans la course aux talents"},"previousItem":{"@type":"ListItem","@id":"https:\/\/www.immo-invest.ch\/fr\/categories\/personnes\/#listItem","name":"Personnes"}},{"@type":"ListItem","@id":"https:\/\/www.immo-invest.ch\/fr\/globale-arbeitgeberbewertung-staerkt-position-im-wettbewerb-um-talente\/#listItem","position":4,"name":"L&rsquo;\u00e9valuation globale de l&#8217;employeur renforce sa position dans la course aux talents","previousItem":{"@type":"ListItem","@id":"https:\/\/www.immo-invest.ch\/fr\/categories\/personnes\/gens\/#listItem","name":"Gens"}}]},{"@type":"Organization","@id":"https:\/\/www.immo-invest.ch\/fr\/#organization","name":"immo!nvest - Die Plattform f\u00fcr Standorte und Immobilien","description":"Die\u00a0Plattform f\u00fcr Standorte und Immobilien","url":"https:\/\/www.immo-invest.ch\/fr\/","email":"admin@immomedia.ag","telephone":"+41444420002","logo":{"@type":"ImageObject","url":"https:\/\/www.immo-invest.ch\/wp-content\/uploads\/2024\/09\/immoinvest_sm-scaled.jpg","@id":"https:\/\/www.immo-invest.ch\/fr\/globale-arbeitgeberbewertung-staerkt-position-im-wettbewerb-um-talente\/#organizationLogo","width":2560,"height":1340},"image":{"@id":"https:\/\/www.immo-invest.ch\/fr\/globale-arbeitgeberbewertung-staerkt-position-im-wettbewerb-um-talente\/#organizationLogo"},"sameAs":["https:\/\/www.facebook.com\/people\/Immoinvest\/100077962920504\/","https:\/\/x.com\/i\/flow\/login?redirect_after_login=immoinvest_ch","https:\/\/www.instagram.com\/immoinvest_ch\/","https:\/\/www.linkedin.com\/company\/immoinvest-swiss"]},{"@type":"Person","@id":"https:\/\/www.immo-invest.ch\/fr\/author\/immovestuser\/#author","url":"https:\/\/www.immo-invest.ch\/fr\/author\/immovestuser\/","name":"immovestuser","image":{"@type":"ImageObject","@id":"https:\/\/www.immo-invest.ch\/fr\/globale-arbeitgeberbewertung-staerkt-position-im-wettbewerb-um-talente\/#authorImage","url":"https:\/\/secure.gravatar.com\/avatar\/8e01f4d99f2eeea7a362ebb93305e1172a70e9293ba250f897a65c39f54cdd1e?s=96&d=mm&r=g","width":96,"height":96,"caption":"immovestuser"}},{"@type":"WebPage","@id":"https:\/\/www.immo-invest.ch\/fr\/globale-arbeitgeberbewertung-staerkt-position-im-wettbewerb-um-talente\/#webpage","url":"https:\/\/www.immo-invest.ch\/fr\/globale-arbeitgeberbewertung-staerkt-position-im-wettbewerb-um-talente\/","name":"L\u2019\u00e9valuation globale de l\u2019employeur renforce sa position dans la course aux talents - immo!nvest - Die Plattform f\u00fcr Standorte und Immobilien","description":"Le groupe de mat\u00e9riaux de construction Holcim figure parmi les 17 entreprises mondiales \u00e0 avoir \u00e9t\u00e9 d\u00e9sign\u00e9es \u00ab Global Top Employer \u00bb par le Top Employers Institute. L'entreprise obtient ainsi cette certification pour la deuxi\u00e8me ann\u00e9e cons\u00e9cutive.","inLanguage":"fr-FR","isPartOf":{"@id":"https:\/\/www.immo-invest.ch\/fr\/#website"},"breadcrumb":{"@id":"https:\/\/www.immo-invest.ch\/fr\/globale-arbeitgeberbewertung-staerkt-position-im-wettbewerb-um-talente\/#breadcrumblist"},"author":{"@id":"https:\/\/www.immo-invest.ch\/fr\/author\/immovestuser\/#author"},"creator":{"@id":"https:\/\/www.immo-invest.ch\/fr\/author\/immovestuser\/#author"},"image":{"@type":"ImageObject","url":"https:\/\/www.immo-invest.ch\/wp-content\/uploads\/2026\/03\/banoviag_modern_corporate_headquarters_building_in_Switzerlan_1ff285f9-f404-47f0-befd-598116e61557_0.png","@id":"https:\/\/www.immo-invest.ch\/fr\/globale-arbeitgeberbewertung-staerkt-position-im-wettbewerb-um-talente\/#mainImage","width":1536,"height":768},"primaryImageOfPage":{"@id":"https:\/\/www.immo-invest.ch\/fr\/globale-arbeitgeberbewertung-staerkt-position-im-wettbewerb-um-talente\/#mainImage"},"datePublished":"2026-03-18T11:30:00+01:00","dateModified":"2026-03-18T08:42:27+01:00"},{"@type":"WebSite","@id":"https:\/\/www.immo-invest.ch\/fr\/#website","url":"https:\/\/www.immo-invest.ch\/fr\/","name":"immo!nvest - Die Plattform f\u00fcr Standorte und Immobilien","description":"Die\u00a0Plattform f\u00fcr Standorte und Immobilien","inLanguage":"fr-FR","publisher":{"@id":"https:\/\/www.immo-invest.ch\/fr\/#organization"}}]},"og:locale":"fr_FR","og:site_name":"immo!nvest - Die Plattform f\u00fcr Standorte und Immobilien - Die\u00a0Plattform f\u00fcr Standorte und Immobilien","og:type":"article","og:title":"L\u2019\u00e9valuation globale de l\u2019employeur renforce sa position dans la course aux talents - immo!nvest - Die Plattform f\u00fcr Standorte und Immobilien","og:description":"Le groupe de mat\u00e9riaux de construction Holcim figure parmi les 17 entreprises mondiales \u00e0 avoir \u00e9t\u00e9 d\u00e9sign\u00e9es \u00ab Global Top Employer \u00bb par le Top Employers Institute. L'entreprise obtient ainsi cette certification pour la deuxi\u00e8me ann\u00e9e cons\u00e9cutive.","og:url":"https:\/\/www.immo-invest.ch\/fr\/globale-arbeitgeberbewertung-staerkt-position-im-wettbewerb-um-talente\/","og:image":"https:\/\/www.immo-invest.ch\/wp-content\/uploads\/2026\/03\/banoviag_modern_corporate_headquarters_building_in_Switzerlan_1ff285f9-f404-47f0-befd-598116e61557_0.png","og:image:secure_url":"https:\/\/www.immo-invest.ch\/wp-content\/uploads\/2026\/03\/banoviag_modern_corporate_headquarters_building_in_Switzerlan_1ff285f9-f404-47f0-befd-598116e61557_0.png","og:image:width":1536,"og:image:height":768,"article:published_time":"2026-03-18T10:30:00+00:00","article:modified_time":"2026-03-18T07:42:27+00:00","article:publisher":"https:\/\/www.facebook.com\/people\/Immoinvest\/100077962920504\/","twitter:card":"summary_large_image","twitter:site":"@i","twitter:title":"L\u2019\u00e9valuation globale de l\u2019employeur renforce sa position dans la course aux talents - immo!nvest - Die Plattform f\u00fcr Standorte und Immobilien","twitter:description":"Le groupe de mat\u00e9riaux de construction Holcim figure parmi les 17 entreprises mondiales \u00e0 avoir \u00e9t\u00e9 d\u00e9sign\u00e9es \u00ab Global Top Employer \u00bb par le Top Employers Institute. L'entreprise obtient ainsi cette certification pour la deuxi\u00e8me ann\u00e9e cons\u00e9cutive.","twitter:creator":"@i","twitter:image":"https:\/\/www.immo-invest.ch\/wp-content\/uploads\/2026\/03\/banoviag_modern_corporate_headquarters_building_in_Switzerlan_1ff285f9-f404-47f0-befd-598116e61557_0.png"},"aioseo_meta_data":{"post_id":"151548","title":null,"description":null,"keywords":null,"keyphrases":{"focus":{"keyphrase":"","score":0,"analysis":{"keyphraseInTitle":{"score":0,"maxScore":9,"error":1}}},"additional":[]},"primary_term":null,"canonical_url":null,"og_title":null,"og_description":null,"og_object_type":"default","og_image_type":"default","og_image_url":null,"og_image_width":null,"og_image_height":null,"og_image_custom_url":null,"og_image_custom_fields":null,"og_video":"","og_custom_url":null,"og_article_section":null,"og_article_tags":null,"twitter_use_og":false,"twitter_card":"default","twitter_image_type":"default","twitter_image_url":null,"twitter_image_custom_url":null,"twitter_image_custom_fields":null,"twitter_title":null,"twitter_description":null,"schema":{"blockGraphs":[],"customGraphs":[],"default":{"data":{"Article":[],"Course":[],"Dataset":[],"FAQPage":[],"Movie":[],"Person":[],"Product":[],"ProductReview":[],"Car":[],"Recipe":[],"Service":[],"SoftwareApplication":[],"WebPage":[]},"graphName":"BlogPosting","isEnabled":true},"graphs":[]},"schema_type":"default","schema_type_options":null,"pillar_content":false,"robots_default":true,"robots_noindex":false,"robots_noarchive":false,"robots_nosnippet":false,"robots_nofollow":false,"robots_noimageindex":false,"robots_noodp":false,"robots_notranslate":false,"robots_max_snippet":"-1","robots_max_videopreview":"-1","robots_max_imagepreview":"large","priority":null,"frequency":"default","local_seo":null,"breadcrumb_settings":null,"limit_modified_date":false,"ai":{"faqs":[],"keyPoints":[],"titles":[],"descriptions":[],"socialPosts":{"email":[],"linkedin":[],"twitter":[],"facebook":[],"instagram":[]}},"created":"2026-03-18 07:42:31","updated":"2026-03-18 11:27:32","seo_analyzer_scan_date":null,"focus_keyword":null,"additional_keywords":null,"truseo_locale":null},"aioseo_breadcrumb":"<div class=\"aioseo-breadcrumbs\"><span class=\"aioseo-breadcrumb\">\n\t\t\t<a href=\"https:\/\/www.immo-invest.ch\/fr\/\" title=\"Home\">Home<\/a>\n\t\t<\/span><span class=\"aioseo-breadcrumb-separator\">&raquo;<\/span><span class=\"aioseo-breadcrumb\">\n\t\t\t<a href=\"https:\/\/www.immo-invest.ch\/fr\/categories\/personnes\/\" title=\"Personnes\">Personnes<\/a>\n\t\t<\/span><span class=\"aioseo-breadcrumb-separator\">&raquo;<\/span><span class=\"aioseo-breadcrumb\">\n\t\t\t<a href=\"https:\/\/www.immo-invest.ch\/fr\/categories\/personnes\/gens\/\" title=\"Gens\">Gens<\/a>\n\t\t<\/span><span class=\"aioseo-breadcrumb-separator\">&raquo;<\/span><span class=\"aioseo-breadcrumb\">\n\t\t\tL\u2019\u00e9valuation globale de l\u2019employeur renforce sa position dans la course aux talents\n\t\t<\/span><\/div>","aioseo_breadcrumb_json":[{"label":"Home","link":"https:\/\/www.immo-invest.ch\/fr\/"},{"label":"Personnes","link":"https:\/\/www.immo-invest.ch\/fr\/categories\/personnes\/"},{"label":"Gens","link":"https:\/\/www.immo-invest.ch\/fr\/categories\/personnes\/gens\/"},{"label":"L&rsquo;\u00e9valuation globale de l&#8217;employeur renforce sa position dans la course aux talents","link":"https:\/\/www.immo-invest.ch\/fr\/globale-arbeitgeberbewertung-staerkt-position-im-wettbewerb-um-talente\/"}],"featured_image_src":"https:\/\/www.immo-invest.ch\/wp-content\/uploads\/2026\/03\/banoviag_modern_corporate_headquarters_building_in_Switzerlan_1ff285f9-f404-47f0-befd-598116e61557_0-336x168.png","_links":{"self":[{"href":"https:\/\/www.immo-invest.ch\/fr\/wp-json\/wp\/v2\/posts\/151548","targetHints":{"allow":["GET"]}}],"collection":[{"href":"https:\/\/www.immo-invest.ch\/fr\/wp-json\/wp\/v2\/posts"}],"about":[{"href":"https:\/\/www.immo-invest.ch\/fr\/wp-json\/wp\/v2\/types\/post"}],"author":[{"embeddable":true,"href":"https:\/\/www.immo-invest.ch\/fr\/wp-json\/wp\/v2\/users\/2"}],"replies":[{"embeddable":true,"href":"https:\/\/www.immo-invest.ch\/fr\/wp-json\/wp\/v2\/comments?post=151548"}],"version-history":[{"count":3,"href":"https:\/\/www.immo-invest.ch\/fr\/wp-json\/wp\/v2\/posts\/151548\/revisions"}],"predecessor-version":[{"id":151560,"href":"https:\/\/www.immo-invest.ch\/fr\/wp-json\/wp\/v2\/posts\/151548\/revisions\/151560"}],"wp:featuredmedia":[{"embeddable":true,"href":"https:\/\/www.immo-invest.ch\/fr\/wp-json\/wp\/v2\/media\/151549"}],"wp:attachment":[{"href":"https:\/\/www.immo-invest.ch\/fr\/wp-json\/wp\/v2\/media?parent=151548"}],"wp:term":[{"taxonomy":"category","embeddable":true,"href":"https:\/\/www.immo-invest.ch\/fr\/wp-json\/wp\/v2\/categories?post=151548"},{"taxonomy":"post_tag","embeddable":true,"href":"https:\/\/www.immo-invest.ch\/fr\/wp-json\/wp\/v2\/tags?post=151548"}],"curies":[{"name":"wp","href":"https:\/\/api.w.org\/{rel}","templated":true}]}}