{"id":151496,"date":"2026-03-17T10:09:05","date_gmt":"2026-03-17T09:09:05","guid":{"rendered":"https:\/\/www.immo-invest.ch\/land-gehoert-allen-ausser-der-sbb-gehoert-es-sich-selbst\/"},"modified":"2026-03-17T14:22:46","modified_gmt":"2026-03-17T13:22:46","slug":"land-gehoert-allen-ausser-der-sbb-gehoert-es-sich-selbst","status":"publish","type":"post","link":"https:\/\/www.immo-invest.ch\/fr\/land-gehoert-allen-ausser-der-sbb-gehoert-es-sich-selbst\/","title":{"rendered":"Le pays appartient \u00e0 tout le monde &#8211; sauf aux CFF qui se l&rsquo;approprient"},"content":{"rendered":"<p class=\"wp-block-paragraph\">A la fin des ann&eacute;es 1990, le Parlement a d&eacute;tach&eacute; les CFF de la Conf&eacute;d&eacute;ration. Ils ont ainsi obtenu la libert&eacute; d&rsquo;exploiter leur bien le plus pr&eacute;cieux. D&rsquo;immenses terrains situ&eacute;s aux meilleurs endroits de toute la Suisse. Il n&rsquo;y avait pas de directives claires sur le nombre de logements &agrave; construire et &agrave; quel prix. Le Conseil f&eacute;d&eacute;ral exigeait simplement que les recettes soient affect&eacute;es &agrave; la caisse de pension et &agrave; l&rsquo;infrastructure ferroviaire. C&rsquo;est ainsi qu&rsquo;est n&eacute; un syst&egrave;me qui continue aujourd&rsquo;hui encore &agrave; faire des &eacute;tincelles.<\/p>\n\n\n\n\n\n<p class=\"wp-block-paragraph\"><strong>3,5 milliards pour qui ?<br><\/strong>Depuis 2003, 3,5 milliards de francs provenant du portefeuille immobilier des CFF ont &eacute;t&eacute; investis dans l&rsquo;infrastructure ferroviaire. Les CFF y voient une contribution &agrave; la soci&eacute;t&eacute;. Carlo Sommaruga, conseiller aux Etats socialiste et pr&eacute;sident de l&rsquo;Association suisse des locataires, voit les choses autrement. Selon lui, les CFF ont &laquo;&nbsp;presque exploit&eacute; au maximum la valeur financi&egrave;re de leurs biens immobiliers&nbsp;&raquo;, au d&eacute;triment de la composante sociale. Il est particuli&egrave;rement choquant que certaines parties de ces terrains aient &eacute;t&eacute; autrefois expropri&eacute;es au profit de l&rsquo;entreprise publique de l&rsquo;&eacute;poque.<\/p>\n\n\n\n\n\n<p class=\"wp-block-paragraph\"><strong>L&rsquo;Europaallee comme miroir<br><\/strong>L&rsquo;exemple parfait se trouve au c&oelig;ur de Zurich. Sur l&rsquo;Europaallee, un appartement de 4 pi&egrave;ces co&ucirc;te environ 5000 francs par mois. Pour l&rsquo;association des locataires, ce projet est devenu le symbole de la sp&eacute;culation immobili&egrave;re sur les terrains publics. Les CFF r&eacute;torquent qu&rsquo;ils sont un bailleur &eacute;quitable et que leurs appartements sont en moyenne en dessous du prix du march&eacute;. Mais l&rsquo;impression d&rsquo;une densification maximale pour des profits maximaux est tenace.<\/p>\n\n\n\n\n\n<p class=\"wp-block-paragraph\"><strong>Lausanne s&rsquo;envenime<br><\/strong>A Lausanne, le conflit s&rsquo;envenime. Le projet &laquo;&nbsp;La Rasude&nbsp;&raquo;, situ&eacute; directement &agrave; c&ocirc;t&eacute; de la gare, doit accueillir environ 500 habitants et 1200 emplois. Mais seuls 20 pour cent de la surface habitable sont pr&eacute;vus &agrave; des loyers mod&eacute;r&eacute;s, bien que les CFF promettent officiellement de louer plus de la moiti&eacute; de leurs logements &agrave; des prix avantageux. Le r&eacute;sultat est maintenant pr&egrave;s de 1000 oppositions. Les travaux de construction pourraient commencer au plus t&ocirc;t en 2029.<\/p>\n\n\n\n\n\n<p class=\"wp-block-paragraph\"><strong>Le cadre manque<br><\/strong>Salom&eacute; Mall, responsable du d&eacute;veloppement chez CFF Immobilier, souligne que les b&eacute;n&eacute;fices servent &agrave; l&rsquo;exploitation ferroviaire et d&eacute;chargent les pouvoirs publics. L&rsquo;argument est compr&eacute;hensible, mais ne va pas assez loin. Tant qu&rsquo;il n&rsquo;y aura pas de cadre l&eacute;gal pour les parts de logements et les loyers, l&rsquo;orientation vers l&rsquo;int&eacute;r&ecirc;t g&eacute;n&eacute;ral restera volontaire.<\/p>\n\n","protected":false},"excerpt":{"rendered":"<p>Les CFF font rouler des trains, g\u00e8rent des gares et sont devenus discr\u00e8tement l&rsquo;un des groupes immobiliers les plus puissants de Suisse. Ce qui appartenait autrefois \u00e0 la collectivit\u00e9 rapporte aujourd&rsquo;hui des milliards. A Lausanne, la r\u00e9sistance est en \u00e9bullition. Pr\u00e8s de 1000 oppositions contre un seul projet.<\/p>\n","protected":false},"author":2,"featured_media":151497,"comment_status":"open","ping_status":"open","sticky":false,"template":"","format":"standard","meta":{"pmpro_default_level":"","inline_featured_image":false,"_monsterinsights_skip_tracking":false,"footnotes":""},"categories":[22696,56027,22303,55970],"tags":[57841,872,3931,2002,57842,57843],"class_list":["post-151496","post","type-post","status-publish","format-standard","has-post-thumbnail","hentry","category-entreprise","category-planification-developpement","category-suisse","category-transactions-deals","tag-immobilienrendite","tag-immoinvest-fr","tag-immonews-fr","tag-news-fr","tag-oeffentlicher-boden","tag-wohnraumpolitik","pmpro-has-access"],"acf":{"bild_mit_ki_erstellt_worden":"","lead":"Les CFF font rouler des trains, g\u00e8rent des gares et sont devenus discr\u00e8tement l'un des groupes immobiliers les plus puissants de Suisse. Ce qui appartenait autrefois \u00e0 la collectivit\u00e9 rapporte aujourd'hui des milliards. A Lausanne, la r\u00e9sistance est en \u00e9bullition. Pr\u00e8s de 1000 oppositions contre un seul projet.","autor":"","ort":"","bildunterschrift":"Foto: Daniel Reust \/ Wikimedia Commons \/ CC BY-SA 4.0","bild_im_grid":false,"gallerie":"","newsim":""},"aioseo_notices":[],"aioseo_head":"\n\t\t<!-- All in One SEO 5.0.0.1 - aioseo.com -->\n\t<meta name=\"description\" content=\"Les CFF font rouler des trains, g\u00e8rent des gares et sont devenus discr\u00e8tement l&#039;un des groupes immobiliers les plus puissants de Suisse. Ce qui appartenait autrefois \u00e0 la collectivit\u00e9 rapporte aujourd&#039;hui des milliards. A Lausanne, la r\u00e9sistance est en \u00e9bullition. Pr\u00e8s de 1000 oppositions contre un seul projet.\" \/>\n\t<meta name=\"robots\" content=\"max-image-preview:large\" \/>\n\t<meta name=\"author\" content=\"immovestuser\"\/>\n\t<meta name=\"google-site-verification\" content=\"fHJKvgWpZCR2zVBHWfkQeFXC11qieUSff0HGNYfuyLA\" \/>\n\t<link rel=\"canonical\" href=\"https:\/\/www.immo-invest.ch\/fr\/land-gehoert-allen-ausser-der-sbb-gehoert-es-sich-selbst\/\" \/>\n\t<meta name=\"generator\" content=\"All in One SEO (AIOSEO) 5.0.0.1\" \/>\n\t\t<meta property=\"og:locale\" content=\"fr_FR\" \/>\n\t\t<meta property=\"og:site_name\" content=\"immo!nvest - Die Plattform f\u00fcr Standorte und Immobilien - Die\u00a0Plattform f\u00fcr Standorte und Immobilien\" \/>\n\t\t<meta property=\"og:type\" content=\"article\" \/>\n\t\t<meta property=\"og:title\" content=\"Le pays appartient \u00e0 tout le monde \u2013 sauf aux CFF qui se l\u2019approprient - immo!nvest - Die Plattform f\u00fcr Standorte und Immobilien\" \/>\n\t\t<meta property=\"og:description\" content=\"Les CFF font rouler des trains, g\u00e8rent des gares et sont devenus discr\u00e8tement l&#039;un des groupes immobiliers les plus puissants de Suisse. Ce qui appartenait autrefois \u00e0 la collectivit\u00e9 rapporte aujourd&#039;hui des milliards. A Lausanne, la r\u00e9sistance est en \u00e9bullition. Pr\u00e8s de 1000 oppositions contre un seul projet.\" \/>\n\t\t<meta property=\"og:url\" content=\"https:\/\/www.immo-invest.ch\/fr\/land-gehoert-allen-ausser-der-sbb-gehoert-es-sich-selbst\/\" \/>\n\t\t<meta property=\"og:image\" content=\"https:\/\/www.immo-invest.ch\/wp-content\/uploads\/2026\/03\/Europaallee_Zuerich-scaled.jpg\" \/>\n\t\t<meta property=\"og:image:secure_url\" content=\"https:\/\/www.immo-invest.ch\/wp-content\/uploads\/2026\/03\/Europaallee_Zuerich-scaled.jpg\" \/>\n\t\t<meta property=\"og:image:width\" content=\"2560\" \/>\n\t\t<meta property=\"og:image:height\" content=\"1440\" \/>\n\t\t<meta property=\"article:published_time\" content=\"2026-03-17T09:09:05+00:00\" \/>\n\t\t<meta property=\"article:modified_time\" content=\"2026-03-17T13:22:46+00:00\" \/>\n\t\t<meta property=\"article:publisher\" content=\"https:\/\/www.facebook.com\/people\/Immoinvest\/100077962920504\/\" \/>\n\t\t<meta name=\"twitter:card\" content=\"summary_large_image\" \/>\n\t\t<meta name=\"twitter:site\" content=\"@i\" \/>\n\t\t<meta name=\"twitter:title\" content=\"Le pays appartient \u00e0 tout le monde \u2013 sauf aux CFF qui se l\u2019approprient - immo!nvest - Die Plattform f\u00fcr Standorte und Immobilien\" \/>\n\t\t<meta name=\"twitter:description\" content=\"Les CFF font rouler des trains, g\u00e8rent des gares et sont devenus discr\u00e8tement l&#039;un des groupes immobiliers les plus puissants de Suisse. Ce qui appartenait autrefois \u00e0 la collectivit\u00e9 rapporte aujourd&#039;hui des milliards. A Lausanne, la r\u00e9sistance est en \u00e9bullition. Pr\u00e8s de 1000 oppositions contre un seul projet.\" \/>\n\t\t<meta name=\"twitter:creator\" content=\"@i\" \/>\n\t\t<meta name=\"twitter:image\" content=\"https:\/\/www.immo-invest.ch\/wp-content\/uploads\/2026\/03\/Europaallee_Zuerich-scaled.jpg\" \/>\n\t\t<script type=\"application\/ld+json\" class=\"aioseo-schema\">\n\t\t\t{\"@context\":\"https:\\\/\\\/schema.org\",\"@graph\":[{\"@type\":\"BlogPosting\",\"@id\":\"https:\\\/\\\/www.immo-invest.ch\\\/fr\\\/land-gehoert-allen-ausser-der-sbb-gehoert-es-sich-selbst\\\/#blogposting\",\"name\":\"Le pays appartient \\u00e0 tout le monde \\u2013 sauf aux CFF qui se l\\u2019approprient - immo!nvest - Die Plattform f\\u00fcr Standorte und Immobilien\",\"headline\":\"Le pays appartient \\u00e0 tout le monde &#8211; sauf aux CFF qui se l&rsquo;approprient\",\"author\":{\"@id\":\"https:\\\/\\\/www.immo-invest.ch\\\/fr\\\/author\\\/immovestuser\\\/#author\"},\"publisher\":{\"@id\":\"https:\\\/\\\/www.immo-invest.ch\\\/fr\\\/#organization\"},\"image\":{\"@type\":\"ImageObject\",\"url\":\"https:\\\/\\\/www.immo-invest.ch\\\/wp-content\\\/uploads\\\/2026\\\/03\\\/Europaallee_Zuerich-scaled.jpg\",\"width\":2560,\"height\":1440},\"datePublished\":\"2026-03-17T10:09:05+01:00\",\"dateModified\":\"2026-03-17T14:22:46+01:00\",\"inLanguage\":\"fr-FR\",\"mainEntityOfPage\":{\"@id\":\"https:\\\/\\\/www.immo-invest.ch\\\/fr\\\/land-gehoert-allen-ausser-der-sbb-gehoert-es-sich-selbst\\\/#webpage\"},\"isPartOf\":{\"@id\":\"https:\\\/\\\/www.immo-invest.ch\\\/fr\\\/land-gehoert-allen-ausser-der-sbb-gehoert-es-sich-selbst\\\/#webpage\"},\"articleSection\":\"Entreprise, Planification \\\/ D\\u00e9veloppement, Suisse, Transactions \\\/ Deals, Immobilienrendite, Immoinvest, immoNews, News, oeffentlicher Boden, Wohnraumpolitik, Facultatif\"},{\"@type\":\"BreadcrumbList\",\"@id\":\"https:\\\/\\\/www.immo-invest.ch\\\/fr\\\/land-gehoert-allen-ausser-der-sbb-gehoert-es-sich-selbst\\\/#breadcrumblist\",\"itemListElement\":[{\"@type\":\"ListItem\",\"@id\":\"https:\\\/\\\/www.immo-invest.ch\\\/fr\\\/#listItem\",\"position\":1,\"name\":\"Home\",\"item\":\"https:\\\/\\\/www.immo-invest.ch\\\/fr\\\/\",\"nextItem\":{\"@type\":\"ListItem\",\"@id\":\"https:\\\/\\\/www.immo-invest.ch\\\/fr\\\/categories\\\/regions\\\/#listItem\",\"name\":\"R\\u00e9gions\"}},{\"@type\":\"ListItem\",\"@id\":\"https:\\\/\\\/www.immo-invest.ch\\\/fr\\\/categories\\\/regions\\\/#listItem\",\"position\":2,\"name\":\"R\\u00e9gions\",\"item\":\"https:\\\/\\\/www.immo-invest.ch\\\/fr\\\/categories\\\/regions\\\/\",\"nextItem\":{\"@type\":\"ListItem\",\"@id\":\"https:\\\/\\\/www.immo-invest.ch\\\/fr\\\/categories\\\/regions\\\/suisse\\\/#listItem\",\"name\":\"Suisse\"},\"previousItem\":{\"@type\":\"ListItem\",\"@id\":\"https:\\\/\\\/www.immo-invest.ch\\\/fr\\\/#listItem\",\"name\":\"Home\"}},{\"@type\":\"ListItem\",\"@id\":\"https:\\\/\\\/www.immo-invest.ch\\\/fr\\\/categories\\\/regions\\\/suisse\\\/#listItem\",\"position\":3,\"name\":\"Suisse\",\"item\":\"https:\\\/\\\/www.immo-invest.ch\\\/fr\\\/categories\\\/regions\\\/suisse\\\/\",\"nextItem\":{\"@type\":\"ListItem\",\"@id\":\"https:\\\/\\\/www.immo-invest.ch\\\/fr\\\/land-gehoert-allen-ausser-der-sbb-gehoert-es-sich-selbst\\\/#listItem\",\"name\":\"Le pays appartient \\u00e0 tout le monde &#8211; sauf aux CFF qui se l&rsquo;approprient\"},\"previousItem\":{\"@type\":\"ListItem\",\"@id\":\"https:\\\/\\\/www.immo-invest.ch\\\/fr\\\/categories\\\/regions\\\/#listItem\",\"name\":\"R\\u00e9gions\"}},{\"@type\":\"ListItem\",\"@id\":\"https:\\\/\\\/www.immo-invest.ch\\\/fr\\\/land-gehoert-allen-ausser-der-sbb-gehoert-es-sich-selbst\\\/#listItem\",\"position\":4,\"name\":\"Le pays appartient \\u00e0 tout le monde &#8211; sauf aux CFF qui se l&rsquo;approprient\",\"previousItem\":{\"@type\":\"ListItem\",\"@id\":\"https:\\\/\\\/www.immo-invest.ch\\\/fr\\\/categories\\\/regions\\\/suisse\\\/#listItem\",\"name\":\"Suisse\"}}]},{\"@type\":\"Organization\",\"@id\":\"https:\\\/\\\/www.immo-invest.ch\\\/fr\\\/#organization\",\"name\":\"immo!nvest - Die Plattform f\\u00fcr Standorte und Immobilien\",\"description\":\"Die\\u00a0Plattform f\\u00fcr Standorte und Immobilien\",\"url\":\"https:\\\/\\\/www.immo-invest.ch\\\/fr\\\/\",\"email\":\"admin@immomedia.ag\",\"telephone\":\"+41444420002\",\"logo\":{\"@type\":\"ImageObject\",\"url\":\"https:\\\/\\\/www.immo-invest.ch\\\/wp-content\\\/uploads\\\/2024\\\/09\\\/immoinvest_sm-scaled.jpg\",\"@id\":\"https:\\\/\\\/www.immo-invest.ch\\\/fr\\\/land-gehoert-allen-ausser-der-sbb-gehoert-es-sich-selbst\\\/#organizationLogo\",\"width\":2560,\"height\":1340},\"image\":{\"@id\":\"https:\\\/\\\/www.immo-invest.ch\\\/fr\\\/land-gehoert-allen-ausser-der-sbb-gehoert-es-sich-selbst\\\/#organizationLogo\"},\"sameAs\":[\"https:\\\/\\\/www.facebook.com\\\/people\\\/Immoinvest\\\/100077962920504\\\/\",\"https:\\\/\\\/x.com\\\/i\\\/flow\\\/login?redirect_after_login=immoinvest_ch\",\"https:\\\/\\\/www.instagram.com\\\/immoinvest_ch\\\/\",\"https:\\\/\\\/www.linkedin.com\\\/company\\\/immoinvest-swiss\"]},{\"@type\":\"Person\",\"@id\":\"https:\\\/\\\/www.immo-invest.ch\\\/fr\\\/author\\\/immovestuser\\\/#author\",\"url\":\"https:\\\/\\\/www.immo-invest.ch\\\/fr\\\/author\\\/immovestuser\\\/\",\"name\":\"immovestuser\",\"image\":{\"@type\":\"ImageObject\",\"@id\":\"https:\\\/\\\/www.immo-invest.ch\\\/fr\\\/land-gehoert-allen-ausser-der-sbb-gehoert-es-sich-selbst\\\/#authorImage\",\"url\":\"https:\\\/\\\/secure.gravatar.com\\\/avatar\\\/8e01f4d99f2eeea7a362ebb93305e1172a70e9293ba250f897a65c39f54cdd1e?s=96&d=mm&r=g\",\"width\":96,\"height\":96,\"caption\":\"immovestuser\"}},{\"@type\":\"WebPage\",\"@id\":\"https:\\\/\\\/www.immo-invest.ch\\\/fr\\\/land-gehoert-allen-ausser-der-sbb-gehoert-es-sich-selbst\\\/#webpage\",\"url\":\"https:\\\/\\\/www.immo-invest.ch\\\/fr\\\/land-gehoert-allen-ausser-der-sbb-gehoert-es-sich-selbst\\\/\",\"name\":\"Le pays appartient \\u00e0 tout le monde \\u2013 sauf aux CFF qui se l\\u2019approprient - immo!nvest - Die Plattform f\\u00fcr Standorte und Immobilien\",\"description\":\"Les CFF font rouler des trains, g\\u00e8rent des gares et sont devenus discr\\u00e8tement l'un des groupes immobiliers les plus puissants de Suisse. Ce qui appartenait autrefois \\u00e0 la collectivit\\u00e9 rapporte aujourd'hui des milliards. A Lausanne, la r\\u00e9sistance est en \\u00e9bullition. Pr\\u00e8s de 1000 oppositions contre un seul projet.\",\"inLanguage\":\"fr-FR\",\"isPartOf\":{\"@id\":\"https:\\\/\\\/www.immo-invest.ch\\\/fr\\\/#website\"},\"breadcrumb\":{\"@id\":\"https:\\\/\\\/www.immo-invest.ch\\\/fr\\\/land-gehoert-allen-ausser-der-sbb-gehoert-es-sich-selbst\\\/#breadcrumblist\"},\"author\":{\"@id\":\"https:\\\/\\\/www.immo-invest.ch\\\/fr\\\/author\\\/immovestuser\\\/#author\"},\"creator\":{\"@id\":\"https:\\\/\\\/www.immo-invest.ch\\\/fr\\\/author\\\/immovestuser\\\/#author\"},\"image\":{\"@type\":\"ImageObject\",\"url\":\"https:\\\/\\\/www.immo-invest.ch\\\/wp-content\\\/uploads\\\/2026\\\/03\\\/Europaallee_Zuerich-scaled.jpg\",\"@id\":\"https:\\\/\\\/www.immo-invest.ch\\\/fr\\\/land-gehoert-allen-ausser-der-sbb-gehoert-es-sich-selbst\\\/#mainImage\",\"width\":2560,\"height\":1440},\"primaryImageOfPage\":{\"@id\":\"https:\\\/\\\/www.immo-invest.ch\\\/fr\\\/land-gehoert-allen-ausser-der-sbb-gehoert-es-sich-selbst\\\/#mainImage\"},\"datePublished\":\"2026-03-17T10:09:05+01:00\",\"dateModified\":\"2026-03-17T14:22:46+01:00\"},{\"@type\":\"WebSite\",\"@id\":\"https:\\\/\\\/www.immo-invest.ch\\\/fr\\\/#website\",\"url\":\"https:\\\/\\\/www.immo-invest.ch\\\/fr\\\/\",\"name\":\"immo!nvest - Die Plattform f\\u00fcr Standorte und Immobilien\",\"description\":\"Die\\u00a0Plattform f\\u00fcr Standorte und Immobilien\",\"inLanguage\":\"fr-FR\",\"publisher\":{\"@id\":\"https:\\\/\\\/www.immo-invest.ch\\\/fr\\\/#organization\"}}]}\n\t\t<\/script>\n\t\t<!-- All in One SEO -->\n\n","aioseo_head_json":{"title":"Le pays appartient \u00e0 tout le monde \u2013 sauf aux CFF qui se l\u2019approprient - immo!nvest - Die Plattform f\u00fcr Standorte und Immobilien","description":"Les CFF font rouler des trains, g\u00e8rent des gares et sont devenus discr\u00e8tement l'un des groupes immobiliers les plus puissants de Suisse. Ce qui appartenait autrefois \u00e0 la collectivit\u00e9 rapporte aujourd'hui des milliards. A Lausanne, la r\u00e9sistance est en \u00e9bullition. Pr\u00e8s de 1000 oppositions contre un seul projet.","canonical_url":"https:\/\/www.immo-invest.ch\/fr\/land-gehoert-allen-ausser-der-sbb-gehoert-es-sich-selbst\/","robots":"max-image-preview:large","keywords":"","webmasterTools":{"google-site-verification":"fHJKvgWpZCR2zVBHWfkQeFXC11qieUSff0HGNYfuyLA","miscellaneous":""},"schema":{"@context":"https:\/\/schema.org","@graph":[{"@type":"BlogPosting","@id":"https:\/\/www.immo-invest.ch\/fr\/land-gehoert-allen-ausser-der-sbb-gehoert-es-sich-selbst\/#blogposting","name":"Le pays appartient \u00e0 tout le monde \u2013 sauf aux CFF qui se l\u2019approprient - immo!nvest - Die Plattform f\u00fcr Standorte und Immobilien","headline":"Le pays appartient \u00e0 tout le monde &#8211; sauf aux CFF qui se l&rsquo;approprient","author":{"@id":"https:\/\/www.immo-invest.ch\/fr\/author\/immovestuser\/#author"},"publisher":{"@id":"https:\/\/www.immo-invest.ch\/fr\/#organization"},"image":{"@type":"ImageObject","url":"https:\/\/www.immo-invest.ch\/wp-content\/uploads\/2026\/03\/Europaallee_Zuerich-scaled.jpg","width":2560,"height":1440},"datePublished":"2026-03-17T10:09:05+01:00","dateModified":"2026-03-17T14:22:46+01:00","inLanguage":"fr-FR","mainEntityOfPage":{"@id":"https:\/\/www.immo-invest.ch\/fr\/land-gehoert-allen-ausser-der-sbb-gehoert-es-sich-selbst\/#webpage"},"isPartOf":{"@id":"https:\/\/www.immo-invest.ch\/fr\/land-gehoert-allen-ausser-der-sbb-gehoert-es-sich-selbst\/#webpage"},"articleSection":"Entreprise, Planification \/ D\u00e9veloppement, Suisse, Transactions \/ Deals, Immobilienrendite, Immoinvest, immoNews, News, oeffentlicher Boden, Wohnraumpolitik, Facultatif"},{"@type":"BreadcrumbList","@id":"https:\/\/www.immo-invest.ch\/fr\/land-gehoert-allen-ausser-der-sbb-gehoert-es-sich-selbst\/#breadcrumblist","itemListElement":[{"@type":"ListItem","@id":"https:\/\/www.immo-invest.ch\/fr\/#listItem","position":1,"name":"Home","item":"https:\/\/www.immo-invest.ch\/fr\/","nextItem":{"@type":"ListItem","@id":"https:\/\/www.immo-invest.ch\/fr\/categories\/regions\/#listItem","name":"R\u00e9gions"}},{"@type":"ListItem","@id":"https:\/\/www.immo-invest.ch\/fr\/categories\/regions\/#listItem","position":2,"name":"R\u00e9gions","item":"https:\/\/www.immo-invest.ch\/fr\/categories\/regions\/","nextItem":{"@type":"ListItem","@id":"https:\/\/www.immo-invest.ch\/fr\/categories\/regions\/suisse\/#listItem","name":"Suisse"},"previousItem":{"@type":"ListItem","@id":"https:\/\/www.immo-invest.ch\/fr\/#listItem","name":"Home"}},{"@type":"ListItem","@id":"https:\/\/www.immo-invest.ch\/fr\/categories\/regions\/suisse\/#listItem","position":3,"name":"Suisse","item":"https:\/\/www.immo-invest.ch\/fr\/categories\/regions\/suisse\/","nextItem":{"@type":"ListItem","@id":"https:\/\/www.immo-invest.ch\/fr\/land-gehoert-allen-ausser-der-sbb-gehoert-es-sich-selbst\/#listItem","name":"Le pays appartient \u00e0 tout le monde &#8211; sauf aux CFF qui se l&rsquo;approprient"},"previousItem":{"@type":"ListItem","@id":"https:\/\/www.immo-invest.ch\/fr\/categories\/regions\/#listItem","name":"R\u00e9gions"}},{"@type":"ListItem","@id":"https:\/\/www.immo-invest.ch\/fr\/land-gehoert-allen-ausser-der-sbb-gehoert-es-sich-selbst\/#listItem","position":4,"name":"Le pays appartient \u00e0 tout le monde &#8211; sauf aux CFF qui se l&rsquo;approprient","previousItem":{"@type":"ListItem","@id":"https:\/\/www.immo-invest.ch\/fr\/categories\/regions\/suisse\/#listItem","name":"Suisse"}}]},{"@type":"Organization","@id":"https:\/\/www.immo-invest.ch\/fr\/#organization","name":"immo!nvest - Die Plattform f\u00fcr Standorte und Immobilien","description":"Die\u00a0Plattform f\u00fcr Standorte und Immobilien","url":"https:\/\/www.immo-invest.ch\/fr\/","email":"admin@immomedia.ag","telephone":"+41444420002","logo":{"@type":"ImageObject","url":"https:\/\/www.immo-invest.ch\/wp-content\/uploads\/2024\/09\/immoinvest_sm-scaled.jpg","@id":"https:\/\/www.immo-invest.ch\/fr\/land-gehoert-allen-ausser-der-sbb-gehoert-es-sich-selbst\/#organizationLogo","width":2560,"height":1340},"image":{"@id":"https:\/\/www.immo-invest.ch\/fr\/land-gehoert-allen-ausser-der-sbb-gehoert-es-sich-selbst\/#organizationLogo"},"sameAs":["https:\/\/www.facebook.com\/people\/Immoinvest\/100077962920504\/","https:\/\/x.com\/i\/flow\/login?redirect_after_login=immoinvest_ch","https:\/\/www.instagram.com\/immoinvest_ch\/","https:\/\/www.linkedin.com\/company\/immoinvest-swiss"]},{"@type":"Person","@id":"https:\/\/www.immo-invest.ch\/fr\/author\/immovestuser\/#author","url":"https:\/\/www.immo-invest.ch\/fr\/author\/immovestuser\/","name":"immovestuser","image":{"@type":"ImageObject","@id":"https:\/\/www.immo-invest.ch\/fr\/land-gehoert-allen-ausser-der-sbb-gehoert-es-sich-selbst\/#authorImage","url":"https:\/\/secure.gravatar.com\/avatar\/8e01f4d99f2eeea7a362ebb93305e1172a70e9293ba250f897a65c39f54cdd1e?s=96&d=mm&r=g","width":96,"height":96,"caption":"immovestuser"}},{"@type":"WebPage","@id":"https:\/\/www.immo-invest.ch\/fr\/land-gehoert-allen-ausser-der-sbb-gehoert-es-sich-selbst\/#webpage","url":"https:\/\/www.immo-invest.ch\/fr\/land-gehoert-allen-ausser-der-sbb-gehoert-es-sich-selbst\/","name":"Le pays appartient \u00e0 tout le monde \u2013 sauf aux CFF qui se l\u2019approprient - immo!nvest - Die Plattform f\u00fcr Standorte und Immobilien","description":"Les CFF font rouler des trains, g\u00e8rent des gares et sont devenus discr\u00e8tement l'un des groupes immobiliers les plus puissants de Suisse. Ce qui appartenait autrefois \u00e0 la collectivit\u00e9 rapporte aujourd'hui des milliards. A Lausanne, la r\u00e9sistance est en \u00e9bullition. Pr\u00e8s de 1000 oppositions contre un seul projet.","inLanguage":"fr-FR","isPartOf":{"@id":"https:\/\/www.immo-invest.ch\/fr\/#website"},"breadcrumb":{"@id":"https:\/\/www.immo-invest.ch\/fr\/land-gehoert-allen-ausser-der-sbb-gehoert-es-sich-selbst\/#breadcrumblist"},"author":{"@id":"https:\/\/www.immo-invest.ch\/fr\/author\/immovestuser\/#author"},"creator":{"@id":"https:\/\/www.immo-invest.ch\/fr\/author\/immovestuser\/#author"},"image":{"@type":"ImageObject","url":"https:\/\/www.immo-invest.ch\/wp-content\/uploads\/2026\/03\/Europaallee_Zuerich-scaled.jpg","@id":"https:\/\/www.immo-invest.ch\/fr\/land-gehoert-allen-ausser-der-sbb-gehoert-es-sich-selbst\/#mainImage","width":2560,"height":1440},"primaryImageOfPage":{"@id":"https:\/\/www.immo-invest.ch\/fr\/land-gehoert-allen-ausser-der-sbb-gehoert-es-sich-selbst\/#mainImage"},"datePublished":"2026-03-17T10:09:05+01:00","dateModified":"2026-03-17T14:22:46+01:00"},{"@type":"WebSite","@id":"https:\/\/www.immo-invest.ch\/fr\/#website","url":"https:\/\/www.immo-invest.ch\/fr\/","name":"immo!nvest - Die Plattform f\u00fcr Standorte und Immobilien","description":"Die\u00a0Plattform f\u00fcr Standorte und Immobilien","inLanguage":"fr-FR","publisher":{"@id":"https:\/\/www.immo-invest.ch\/fr\/#organization"}}]},"og:locale":"fr_FR","og:site_name":"immo!nvest - Die Plattform f\u00fcr Standorte und Immobilien - Die\u00a0Plattform f\u00fcr Standorte und Immobilien","og:type":"article","og:title":"Le pays appartient \u00e0 tout le monde \u2013 sauf aux CFF qui se l\u2019approprient - immo!nvest - Die Plattform f\u00fcr Standorte und Immobilien","og:description":"Les CFF font rouler des trains, g\u00e8rent des gares et sont devenus discr\u00e8tement l'un des groupes immobiliers les plus puissants de Suisse. Ce qui appartenait autrefois \u00e0 la collectivit\u00e9 rapporte aujourd'hui des milliards. A Lausanne, la r\u00e9sistance est en \u00e9bullition. Pr\u00e8s de 1000 oppositions contre un seul projet.","og:url":"https:\/\/www.immo-invest.ch\/fr\/land-gehoert-allen-ausser-der-sbb-gehoert-es-sich-selbst\/","og:image":"https:\/\/www.immo-invest.ch\/wp-content\/uploads\/2026\/03\/Europaallee_Zuerich-scaled.jpg","og:image:secure_url":"https:\/\/www.immo-invest.ch\/wp-content\/uploads\/2026\/03\/Europaallee_Zuerich-scaled.jpg","og:image:width":2560,"og:image:height":1440,"article:published_time":"2026-03-17T09:09:05+00:00","article:modified_time":"2026-03-17T13:22:46+00:00","article:publisher":"https:\/\/www.facebook.com\/people\/Immoinvest\/100077962920504\/","twitter:card":"summary_large_image","twitter:site":"@i","twitter:title":"Le pays appartient \u00e0 tout le monde \u2013 sauf aux CFF qui se l\u2019approprient - immo!nvest - Die Plattform f\u00fcr Standorte und Immobilien","twitter:description":"Les CFF font rouler des trains, g\u00e8rent des gares et sont devenus discr\u00e8tement l'un des groupes immobiliers les plus puissants de Suisse. Ce qui appartenait autrefois \u00e0 la collectivit\u00e9 rapporte aujourd'hui des milliards. A Lausanne, la r\u00e9sistance est en \u00e9bullition. Pr\u00e8s de 1000 oppositions contre un seul projet.","twitter:creator":"@i","twitter:image":"https:\/\/www.immo-invest.ch\/wp-content\/uploads\/2026\/03\/Europaallee_Zuerich-scaled.jpg"},"aioseo_meta_data":{"post_id":"151496","title":null,"description":null,"keywords":null,"keyphrases":{"focus":{"keyphrase":"","score":0,"analysis":{"keyphraseInTitle":{"score":0,"maxScore":9,"error":1}}},"additional":[]},"primary_term":null,"canonical_url":null,"og_title":null,"og_description":null,"og_object_type":"default","og_image_type":"default","og_image_url":null,"og_image_width":null,"og_image_height":null,"og_image_custom_url":null,"og_image_custom_fields":null,"og_video":"","og_custom_url":null,"og_article_section":null,"og_article_tags":null,"twitter_use_og":false,"twitter_card":"default","twitter_image_type":"default","twitter_image_url":null,"twitter_image_custom_url":null,"twitter_image_custom_fields":null,"twitter_title":null,"twitter_description":null,"schema":{"blockGraphs":[],"customGraphs":[],"default":{"data":{"Article":[],"Course":[],"Dataset":[],"FAQPage":[],"Movie":[],"Person":[],"Product":[],"ProductReview":[],"Car":[],"Recipe":[],"Service":[],"SoftwareApplication":[],"WebPage":[]},"graphName":"BlogPosting","isEnabled":true},"graphs":[]},"schema_type":"default","schema_type_options":null,"pillar_content":false,"robots_default":true,"robots_noindex":false,"robots_noarchive":false,"robots_nosnippet":false,"robots_nofollow":false,"robots_noimageindex":false,"robots_noodp":false,"robots_notranslate":false,"robots_max_snippet":"-1","robots_max_videopreview":"-1","robots_max_imagepreview":"large","priority":null,"frequency":"default","local_seo":null,"breadcrumb_settings":null,"limit_modified_date":false,"ai":{"faqs":[],"keyPoints":[],"titles":[],"descriptions":[],"socialPosts":{"email":[],"linkedin":[],"twitter":[],"facebook":[],"instagram":[]}},"created":"2026-03-17 13:13:07","updated":"2026-03-17 13:29:14","seo_analyzer_scan_date":null,"focus_keyword":null,"additional_keywords":null,"truseo_locale":null},"aioseo_breadcrumb":"<div class=\"aioseo-breadcrumbs\"><span class=\"aioseo-breadcrumb\">\n\t\t\t<a href=\"https:\/\/www.immo-invest.ch\/fr\/\" title=\"Home\">Home<\/a>\n\t\t<\/span><span class=\"aioseo-breadcrumb-separator\">&raquo;<\/span><span class=\"aioseo-breadcrumb\">\n\t\t\t<a href=\"https:\/\/www.immo-invest.ch\/fr\/categories\/regions\/\" title=\"R\u00e9gions\">R\u00e9gions<\/a>\n\t\t<\/span><span class=\"aioseo-breadcrumb-separator\">&raquo;<\/span><span class=\"aioseo-breadcrumb\">\n\t\t\t<a href=\"https:\/\/www.immo-invest.ch\/fr\/categories\/regions\/suisse\/\" title=\"Suisse\">Suisse<\/a>\n\t\t<\/span><span class=\"aioseo-breadcrumb-separator\">&raquo;<\/span><span class=\"aioseo-breadcrumb\">\n\t\t\tLe pays appartient \u00e0 tout le monde \u2013 sauf aux CFF qui se l\u2019approprient\n\t\t<\/span><\/div>","aioseo_breadcrumb_json":[{"label":"Home","link":"https:\/\/www.immo-invest.ch\/fr\/"},{"label":"R\u00e9gions","link":"https:\/\/www.immo-invest.ch\/fr\/categories\/regions\/"},{"label":"Suisse","link":"https:\/\/www.immo-invest.ch\/fr\/categories\/regions\/suisse\/"},{"label":"Le pays appartient \u00e0 tout le monde &#8211; sauf aux CFF qui se l&rsquo;approprient","link":"https:\/\/www.immo-invest.ch\/fr\/land-gehoert-allen-ausser-der-sbb-gehoert-es-sich-selbst\/"}],"featured_image_src":"https:\/\/www.immo-invest.ch\/wp-content\/uploads\/2026\/03\/Europaallee_Zuerich-336x168.jpg","_links":{"self":[{"href":"https:\/\/www.immo-invest.ch\/fr\/wp-json\/wp\/v2\/posts\/151496","targetHints":{"allow":["GET"]}}],"collection":[{"href":"https:\/\/www.immo-invest.ch\/fr\/wp-json\/wp\/v2\/posts"}],"about":[{"href":"https:\/\/www.immo-invest.ch\/fr\/wp-json\/wp\/v2\/types\/post"}],"author":[{"embeddable":true,"href":"https:\/\/www.immo-invest.ch\/fr\/wp-json\/wp\/v2\/users\/2"}],"replies":[{"embeddable":true,"href":"https:\/\/www.immo-invest.ch\/fr\/wp-json\/wp\/v2\/comments?post=151496"}],"version-history":[{"count":3,"href":"https:\/\/www.immo-invest.ch\/fr\/wp-json\/wp\/v2\/posts\/151496\/revisions"}],"predecessor-version":[{"id":151504,"href":"https:\/\/www.immo-invest.ch\/fr\/wp-json\/wp\/v2\/posts\/151496\/revisions\/151504"}],"wp:featuredmedia":[{"embeddable":true,"href":"https:\/\/www.immo-invest.ch\/fr\/wp-json\/wp\/v2\/media\/151497"}],"wp:attachment":[{"href":"https:\/\/www.immo-invest.ch\/fr\/wp-json\/wp\/v2\/media?parent=151496"}],"wp:term":[{"taxonomy":"category","embeddable":true,"href":"https:\/\/www.immo-invest.ch\/fr\/wp-json\/wp\/v2\/categories?post=151496"},{"taxonomy":"post_tag","embeddable":true,"href":"https:\/\/www.immo-invest.ch\/fr\/wp-json\/wp\/v2\/tags?post=151496"}],"curies":[{"name":"wp","href":"https:\/\/api.w.org\/{rel}","templated":true}]}}