{"id":151316,"date":"2026-02-24T11:46:37","date_gmt":"2026-02-24T10:46:37","guid":{"rendered":"https:\/\/www.immo-invest.ch\/gaudis-verborgenes-chalet-in-den-pyrenaeen\/"},"modified":"2026-03-12T08:44:47","modified_gmt":"2026-03-12T07:44:47","slug":"gaudis-verborgenes-chalet-in-den-pyrenaeen","status":"publish","type":"post","link":"https:\/\/www.immo-invest.ch\/fr\/gaudis-verborgenes-chalet-in-den-pyrenaeen\/","title":{"rendered":"Le chalet cach\u00e9 de Gaud\u00ed dans les Pyr\u00e9n\u00e9es"},"content":{"rendered":"<p class=\"wp-block-paragraph\">Il n&rsquo;existe ni plans originaux ni signature officielle de Gaud&iacute; pour le chalet de Catllar&agrave;s. Pendant des d&eacute;cennies, l&rsquo;attribution s&rsquo;est surtout bas&eacute;e sur des similitudes formelles avec des &oelig;uvres connues. L&rsquo;&eacute;tude command&eacute;e en 2023 par la chaire Gaud&iacute; de l&rsquo;Universit&eacute; polytechnique de Catalogne a donc mis&eacute; sur une autre strat&eacute;gie, l&rsquo;analyse g&eacute;om&eacute;trique et constructive plut&ocirc;t que la d&eacute;couverte d&rsquo;archives au dernier moment.<\/p>\n\n\n\n\n\n<p class=\"wp-block-paragraph\">Sous la direction de Galdric Santana, le b&acirc;timent a &eacute;t&eacute; mesur&eacute; en trois dimensions, sa structure a &eacute;t&eacute; &eacute;tudi&eacute;e en d&eacute;tail et compar&eacute;e &agrave; des b&acirc;timents de Gaud&iacute; confirm&eacute;s. En compl&eacute;ment, l&rsquo;&eacute;quipe a &eacute;valu&eacute; des photographies historiques et l&rsquo;histoire de la construction dans l&rsquo;environnement des projets pour Eusebi G&uuml;ell. L&rsquo;&eacute;tude conclut que le projet a &eacute;t&eacute; con&ccedil;u par Gaud&iacute;, mais que la r&eacute;alisation a &eacute;t&eacute; confi&eacute;e &agrave; des tiers et s&rsquo;est &eacute;cart&eacute;e du concept initial.<\/p>\n\n\n\n\n\n<p class=\"wp-block-paragraph\"><strong>La logique des vo&ucirc;tes<br><\/strong>Le c&oelig;ur de l&rsquo;argumentation est la structure porteuse. Le chalet poss&egrave;de un plan rectangulaire et un toit vo&ucirc;t&eacute; en pointe qui descend presque jusqu&rsquo;au sol. Le toit et la fa&ccedil;ade forment une unit&eacute; constructive, les fen&ecirc;tres se trouvent exclusivement dans les murs longitudinaux et ressemblent &agrave; des mansardes d&eacute;coup&eacute;es dans la vo&ucirc;te. Les faces frontales restent ferm&eacute;es, ce qui est coh&eacute;rent d&rsquo;un point de vue statique et radical d&rsquo;un point de vue formel.<\/p>\n\n\n\n\n\n<p class=\"wp-block-paragraph\">L&rsquo;axe longitudinal central est d&eacute;cisif, car il constitue une colonne vert&eacute;brale qui soutient les &eacute;tages. Santana souligne que cette logique constructive est typique de Gaud&iacute;. La vo&ucirc;te ne sert pas seulement de plafond, elle supporte &eacute;galement les niveaux sup&eacute;rieurs. La base est le travail avec un mod&egrave;le de cha&icirc;ne ou de corde. La ligne fl&eacute;chissante d&rsquo;une cha&icirc;ne charg&eacute;e fournit la ligne de pression id&eacute;ale d&rsquo;un arc. Si l&rsquo;on retourne ce mod&egrave;le, on obtient une forme de vo&ucirc;te qui est presque enti&egrave;rement soumise &agrave; la pression, un principe que Gaud&iacute; utilisait syst&eacute;matiquement.<\/p>\n\n\n\n\n\n<p class=\"wp-block-paragraph\"><strong>Interventions lors de la r&eacute;alisation<br><\/strong>Mais l&rsquo;&eacute;tude montre &eacute;galement que la structure porteuse a &eacute;t&eacute; modifi&eacute;e lors de la r&eacute;alisation de la construction. Au lieu de r&eacute;partir syst&eacute;matiquement les charges sur la vo&ucirc;te et l&rsquo;axe central, les ex&eacute;cutants ont ajout&eacute; des murs transversaux suppl&eacute;mentaires. Des poutres longitudinales ont pris en charge une partie des charges, ce qui a att&eacute;nu&eacute; la clart&eacute; radicale du syst&egrave;me initial.<\/p>\n\n\n\n\n\n<p class=\"wp-block-paragraph\">Santana y voit pr&eacute;cis&eacute;ment une raison possible pour laquelle Gaud&iacute; n&rsquo;en a jamais revendiqu&eacute; la paternit&eacute; de mani&egrave;re offensive. Le &laquo;&nbsp;t&eacute;l&eacute;ph&eacute;rique&nbsp;&raquo;, le travail avec la ligne de cha&icirc;ne id&eacute;ale, n&rsquo;a pas &eacute;t&eacute; mis en &oelig;uvre de mani&egrave;re cons&eacute;quente dans le chalet pour l&rsquo;&eacute;taiement des dalles de sol. L&rsquo;id&eacute;e est lisible dans la structure porteuse, mais son application cons&eacute;quente n&rsquo;est que partiellement r&eacute;alis&eacute;e.<\/p>\n\n\n\n\n\n<p class=\"wp-block-paragraph\"><strong>Gaud&iacute; et G&uuml;ell<br><\/strong>Le commanditaire du chalet &eacute;tait Eusebi G&uuml;ell, le principal m&eacute;c&egrave;ne de Gaud&iacute;. Dans la r&eacute;gion, il exploitait une mine de charbon et la cimenterie Asland. Le b&acirc;timent servait de logement aux ing&eacute;nieurs et aux sp&eacute;cialistes techniques avec leurs familles. Ainsi, la maison ne se situe pas dans le contexte de palais urbains repr&eacute;sentatifs, mais dans le champ de tension entre l&rsquo;industrie, l&rsquo;infrastructure et le paysage montagneux dur.<\/p>\n\n\n\n\n\n<p class=\"wp-block-paragraph\">Du point de vue temporel, le projet se situe dans une phase o&ugrave; Gaud&iacute; travaillait parall&egrave;lement au Parc G&uuml;ell et &agrave; l&rsquo;&eacute;glise de la Col&ograve;nia G&uuml;ell. Dans ce contexte, il semble plausible qu&rsquo;il n&rsquo;ait pas assur&eacute; lui-m&ecirc;me sur place la direction des travaux d&rsquo;un chalet isol&eacute; dans les Pyr&eacute;n&eacute;es. Apr&egrave;s la fermeture de la mine et de l&rsquo;usine, la maison a &eacute;t&eacute; pendant un certain temps un foyer scolaire de campagne, de nombreux locaux l&rsquo;ont connue dans leur enfance. Aujourd&rsquo;hui, elle est restaur&eacute;e et accessible, et constitue un &eacute;l&eacute;ment identitaire pour la commune de La Pobla.<\/p>\n\n\n\n\n\n<p class=\"wp-block-paragraph\"><strong>Typique de la r&eacute;gion et hautement rationnel<br><\/strong>Dans l&rsquo;&oelig;uvre de Gaud&iacute;, le chalet occupe une place &agrave; part. Il est nettement plus petit que des ic&ocirc;nes comme la Sagrada Fam&iacute;lia, mais il illustre des motifs centraux de sa pens&eacute;e. Santana parle d&rsquo;une r&eacute;interpr&eacute;tation &agrave; grande &eacute;chelle des chalets de montagne gothiques des Pyr&eacute;n&eacute;es. Gaud&iacute; s&rsquo;inspire des traditions architecturales r&eacute;gionales, mais les transforme sur le plan structurel et g&eacute;om&eacute;trique.<\/p>\n\n\n\n\n\n<p class=\"wp-block-paragraph\">La forme compacte et ferm&eacute;e sur elle-m&ecirc;me r&eacute;agit &agrave; la rudesse du climat et r&eacute;duit les co&ucirc;ts de construction. Les mat&eacute;riaux proviennent en grande partie de l&rsquo;environnement, le b&acirc;timent s&rsquo;int&egrave;gre topographiquement dans la pente. Les r&eacute;partitions &agrave; 45 degr&eacute;s dans le plan, que Gaud&iacute; a &eacute;galement utilis&eacute;es pour la Torre Bellesguard, sont &eacute;galement caract&eacute;ristiques. Ils assurent des transitions spatiales fluides et brisent les syst&egrave;mes orthogonaux rigides &ndash; un autre &eacute;l&eacute;ment d&rsquo;identification.<\/p>\n\n\n\n\n\n<p class=\"wp-block-paragraph\"><strong>Comment la science architecturale v&eacute;rifie la paternit&eacute;<br><\/strong>L&rsquo;&eacute;tude du chalet de Catllar&agrave;s n&rsquo;est pas seulement une contribution &agrave; la recherche sur Gaud&iacute;, mais aussi une le&ccedil;on sur les m&eacute;thodes d&rsquo;attribution architecturale. Contrairement &agrave; la peinture, il existe rarement une &laquo;&nbsp;signature&nbsp;&raquo; univoque pour les b&acirc;timents. Les &oelig;uvres sont transform&eacute;es, agrandies ou d&eacute;plac&eacute;es par des collaborateurs, les plans sont perdus ou n&rsquo;existent que sous forme de fragments. Les chercheurs ont donc combin&eacute; des analyses g&eacute;om&eacute;triques, des &eacute;tudes de mat&eacute;riaux et des mod&egrave;les num&eacute;riques en 3D avec un travail sur les sources historiques. Les proportions, les courbes et la logique de la structure porteuse ont &eacute;t&eacute; compar&eacute;es &agrave; des b&acirc;timents de Gaud&iacute; dont l&rsquo;authenticit&eacute; a &eacute;t&eacute; prouv&eacute;e, et des photographies de l&rsquo;&eacute;poque de la construction ont compl&eacute;t&eacute; le tableau. Lors de la pr&eacute;sentation, la ministre de la Culture a soulign&eacute; &agrave; quel point de telles attestations scientifiques sont indispensables pour d&eacute;terminer la paternit&eacute; de mani&egrave;re fiable. Le chalet de Catllar&agrave;s passe ainsi du statut de cas particulier local &agrave; celui d&rsquo;&eacute;l&eacute;ment clairement situ&eacute; dans l&rsquo;&oelig;uvre d&rsquo;un des architectes les plus importants du mouvement moderne.<\/p>\n\n","protected":false},"excerpt":{"rendered":"<p>Le chalet de Catllar\u00e0s a longtemps \u00e9t\u00e9 consid\u00e9r\u00e9 comme une \u00e9nigme architecturale sans plans sign\u00e9s. Une \u00e9tude r\u00e9cente attribue d\u00e9sormais clairement ce b\u00e2timent isol\u00e9 dans les Pyr\u00e9n\u00e9es \u00e0 Antoni Gaud\u00ed et montre \u00e0 quel point il a radicalement imbriqu\u00e9 structure, g\u00e9om\u00e9trie et tradition architecturale r\u00e9gionale dans un projet industriel. <\/p>\n","protected":false},"author":2,"featured_media":151317,"comment_status":"open","ping_status":"open","sticky":false,"template":"","format":"standard","meta":{"pmpro_default_level":"","inline_featured_image":false,"_monsterinsights_skip_tracking":false,"footnotes":""},"categories":[22357,56027,739,9652,22438],"tags":[57785,57786,872,3931,2002,57787],"class_list":["post-151316","post","type-post","status-publish","format-standard","has-post-thumbnail","hentry","category-industrie-du-batiment","category-planification-developpement","category-projects","category-renovation","category-trends-fr","tag-gaudi-architektur","tag-historische-bauforschung","tag-immoinvest-fr","tag-immonews-fr","tag-news-fr","tag-tragwerksanalyse","pmpro-has-access"],"acf":{"bild_mit_ki_erstellt_worden":"","lead":"Le chalet de Catllar\u00e0s a longtemps \u00e9t\u00e9 consid\u00e9r\u00e9 comme une \u00e9nigme architecturale sans plans sign\u00e9s. Une \u00e9tude r\u00e9cente attribue d\u00e9sormais clairement ce b\u00e2timent isol\u00e9 dans les Pyr\u00e9n\u00e9es \u00e0 Antoni Gaud\u00ed et montre \u00e0 quel point il a radicalement imbriqu\u00e9 structure, g\u00e9om\u00e9trie et tradition architecturale r\u00e9gionale dans un projet industriel. ","autor":"Quelle: Ingenieur","ort":"","bildunterschrift":"","bild_im_grid":false,"gallerie":"","newsim":""},"aioseo_notices":[],"aioseo_head":"\n\t\t<!-- All in One SEO 5.0.0.1 - aioseo.com -->\n\t<meta name=\"description\" content=\"Le chalet de Catllar\u00e0s a longtemps \u00e9t\u00e9 consid\u00e9r\u00e9 comme une \u00e9nigme architecturale sans plans sign\u00e9s. Une \u00e9tude r\u00e9cente attribue d\u00e9sormais clairement ce b\u00e2timent isol\u00e9 dans les Pyr\u00e9n\u00e9es \u00e0 Antoni Gaud\u00ed et montre \u00e0 quel point il a radicalement imbriqu\u00e9 structure, g\u00e9om\u00e9trie et tradition architecturale r\u00e9gionale dans un projet industriel.\" \/>\n\t<meta name=\"robots\" content=\"max-image-preview:large\" \/>\n\t<meta name=\"author\" content=\"immovestuser\"\/>\n\t<meta name=\"google-site-verification\" content=\"fHJKvgWpZCR2zVBHWfkQeFXC11qieUSff0HGNYfuyLA\" \/>\n\t<link rel=\"canonical\" href=\"https:\/\/www.immo-invest.ch\/fr\/gaudis-verborgenes-chalet-in-den-pyrenaeen\/\" \/>\n\t<meta name=\"generator\" content=\"All in One SEO (AIOSEO) 5.0.0.1\" \/>\n\t\t<meta property=\"og:locale\" content=\"fr_FR\" \/>\n\t\t<meta property=\"og:site_name\" content=\"immo!nvest - Die Plattform f\u00fcr Standorte und Immobilien - Die\u00a0Plattform f\u00fcr Standorte und Immobilien\" \/>\n\t\t<meta property=\"og:type\" content=\"article\" \/>\n\t\t<meta property=\"og:title\" content=\"Le chalet cach\u00e9 de Gaud\u00ed dans les Pyr\u00e9n\u00e9es - immo!nvest - Die Plattform f\u00fcr Standorte und Immobilien\" \/>\n\t\t<meta property=\"og:description\" content=\"Le chalet de Catllar\u00e0s a longtemps \u00e9t\u00e9 consid\u00e9r\u00e9 comme une \u00e9nigme architecturale sans plans sign\u00e9s. Une \u00e9tude r\u00e9cente attribue d\u00e9sormais clairement ce b\u00e2timent isol\u00e9 dans les Pyr\u00e9n\u00e9es \u00e0 Antoni Gaud\u00ed et montre \u00e0 quel point il a radicalement imbriqu\u00e9 structure, g\u00e9om\u00e9trie et tradition architecturale r\u00e9gionale dans un projet industriel.\" \/>\n\t\t<meta property=\"og:url\" content=\"https:\/\/www.immo-invest.ch\/fr\/gaudis-verborgenes-chalet-in-den-pyrenaeen\/\" \/>\n\t\t<meta property=\"og:image\" content=\"https:\/\/www.immo-invest.ch\/wp-content\/uploads\/2026\/02\/stock-image-648372160-XL-scaled-e1771837648896-1200x600-1.jpg\" \/>\n\t\t<meta property=\"og:image:secure_url\" content=\"https:\/\/www.immo-invest.ch\/wp-content\/uploads\/2026\/02\/stock-image-648372160-XL-scaled-e1771837648896-1200x600-1.jpg\" \/>\n\t\t<meta property=\"og:image:width\" content=\"1200\" \/>\n\t\t<meta property=\"og:image:height\" content=\"600\" \/>\n\t\t<meta property=\"article:published_time\" content=\"2026-02-24T10:46:37+00:00\" \/>\n\t\t<meta property=\"article:modified_time\" content=\"2026-03-12T07:44:47+00:00\" \/>\n\t\t<meta property=\"article:publisher\" content=\"https:\/\/www.facebook.com\/people\/Immoinvest\/100077962920504\/\" \/>\n\t\t<meta name=\"twitter:card\" content=\"summary_large_image\" \/>\n\t\t<meta name=\"twitter:site\" content=\"@i\" \/>\n\t\t<meta name=\"twitter:title\" content=\"Le chalet cach\u00e9 de Gaud\u00ed dans les Pyr\u00e9n\u00e9es - immo!nvest - Die Plattform f\u00fcr Standorte und Immobilien\" \/>\n\t\t<meta name=\"twitter:description\" content=\"Le chalet de Catllar\u00e0s a longtemps \u00e9t\u00e9 consid\u00e9r\u00e9 comme une \u00e9nigme architecturale sans plans sign\u00e9s. Une \u00e9tude r\u00e9cente attribue d\u00e9sormais clairement ce b\u00e2timent isol\u00e9 dans les Pyr\u00e9n\u00e9es \u00e0 Antoni Gaud\u00ed et montre \u00e0 quel point il a radicalement imbriqu\u00e9 structure, g\u00e9om\u00e9trie et tradition architecturale r\u00e9gionale dans un projet industriel.\" \/>\n\t\t<meta name=\"twitter:creator\" content=\"@i\" \/>\n\t\t<meta name=\"twitter:image\" content=\"https:\/\/www.immo-invest.ch\/wp-content\/uploads\/2026\/02\/stock-image-648372160-XL-scaled-e1771837648896-1200x600-1.jpg\" \/>\n\t\t<script type=\"application\/ld+json\" class=\"aioseo-schema\">\n\t\t\t{\"@context\":\"https:\\\/\\\/schema.org\",\"@graph\":[{\"@type\":\"BlogPosting\",\"@id\":\"https:\\\/\\\/www.immo-invest.ch\\\/fr\\\/gaudis-verborgenes-chalet-in-den-pyrenaeen\\\/#blogposting\",\"name\":\"Le chalet cach\\u00e9 de Gaud\\u00ed dans les Pyr\\u00e9n\\u00e9es - immo!nvest - Die Plattform f\\u00fcr Standorte und Immobilien\",\"headline\":\"Le chalet cach\\u00e9 de Gaud\\u00ed dans les Pyr\\u00e9n\\u00e9es\",\"author\":{\"@id\":\"https:\\\/\\\/www.immo-invest.ch\\\/fr\\\/author\\\/immovestuser\\\/#author\"},\"publisher\":{\"@id\":\"https:\\\/\\\/www.immo-invest.ch\\\/fr\\\/#organization\"},\"image\":{\"@type\":\"ImageObject\",\"url\":\"https:\\\/\\\/www.immo-invest.ch\\\/wp-content\\\/uploads\\\/2026\\\/02\\\/stock-image-648372160-XL-scaled-e1771837648896-1200x600-1.jpg\",\"width\":1200,\"height\":600},\"datePublished\":\"2026-02-24T11:46:37+01:00\",\"dateModified\":\"2026-03-12T08:44:47+01:00\",\"inLanguage\":\"fr-FR\",\"mainEntityOfPage\":{\"@id\":\"https:\\\/\\\/www.immo-invest.ch\\\/fr\\\/gaudis-verborgenes-chalet-in-den-pyrenaeen\\\/#webpage\"},\"isPartOf\":{\"@id\":\"https:\\\/\\\/www.immo-invest.ch\\\/fr\\\/gaudis-verborgenes-chalet-in-den-pyrenaeen\\\/#webpage\"},\"articleSection\":\"Industrie du b\\u00e2timent, Planification \\\/ D\\u00e9veloppement, Projects, R\\u00e9novation, Trends, Gaudi Architektur, historische Bauforschung, Immoinvest, immoNews, News, Tragwerksanalyse, Facultatif\"},{\"@type\":\"BreadcrumbList\",\"@id\":\"https:\\\/\\\/www.immo-invest.ch\\\/fr\\\/gaudis-verborgenes-chalet-in-den-pyrenaeen\\\/#breadcrumblist\",\"itemListElement\":[{\"@type\":\"ListItem\",\"@id\":\"https:\\\/\\\/www.immo-invest.ch\\\/fr\\\/#listItem\",\"position\":1,\"name\":\"Home\",\"item\":\"https:\\\/\\\/www.immo-invest.ch\\\/fr\\\/\",\"nextItem\":{\"@type\":\"ListItem\",\"@id\":\"https:\\\/\\\/www.immo-invest.ch\\\/fr\\\/categories\\\/projects\\\/#listItem\",\"name\":\"Projects\"}},{\"@type\":\"ListItem\",\"@id\":\"https:\\\/\\\/www.immo-invest.ch\\\/fr\\\/categories\\\/projects\\\/#listItem\",\"position\":2,\"name\":\"Projects\",\"item\":\"https:\\\/\\\/www.immo-invest.ch\\\/fr\\\/categories\\\/projects\\\/\",\"nextItem\":{\"@type\":\"ListItem\",\"@id\":\"https:\\\/\\\/www.immo-invest.ch\\\/fr\\\/categories\\\/projects\\\/renovation\\\/#listItem\",\"name\":\"R\\u00e9novation\"},\"previousItem\":{\"@type\":\"ListItem\",\"@id\":\"https:\\\/\\\/www.immo-invest.ch\\\/fr\\\/#listItem\",\"name\":\"Home\"}},{\"@type\":\"ListItem\",\"@id\":\"https:\\\/\\\/www.immo-invest.ch\\\/fr\\\/categories\\\/projects\\\/renovation\\\/#listItem\",\"position\":3,\"name\":\"R\\u00e9novation\",\"item\":\"https:\\\/\\\/www.immo-invest.ch\\\/fr\\\/categories\\\/projects\\\/renovation\\\/\",\"nextItem\":{\"@type\":\"ListItem\",\"@id\":\"https:\\\/\\\/www.immo-invest.ch\\\/fr\\\/gaudis-verborgenes-chalet-in-den-pyrenaeen\\\/#listItem\",\"name\":\"Le chalet cach\\u00e9 de Gaud\\u00ed dans les Pyr\\u00e9n\\u00e9es\"},\"previousItem\":{\"@type\":\"ListItem\",\"@id\":\"https:\\\/\\\/www.immo-invest.ch\\\/fr\\\/categories\\\/projects\\\/#listItem\",\"name\":\"Projects\"}},{\"@type\":\"ListItem\",\"@id\":\"https:\\\/\\\/www.immo-invest.ch\\\/fr\\\/gaudis-verborgenes-chalet-in-den-pyrenaeen\\\/#listItem\",\"position\":4,\"name\":\"Le chalet cach\\u00e9 de Gaud\\u00ed dans les Pyr\\u00e9n\\u00e9es\",\"previousItem\":{\"@type\":\"ListItem\",\"@id\":\"https:\\\/\\\/www.immo-invest.ch\\\/fr\\\/categories\\\/projects\\\/renovation\\\/#listItem\",\"name\":\"R\\u00e9novation\"}}]},{\"@type\":\"Organization\",\"@id\":\"https:\\\/\\\/www.immo-invest.ch\\\/fr\\\/#organization\",\"name\":\"immo!nvest - Die Plattform f\\u00fcr Standorte und Immobilien\",\"description\":\"Die\\u00a0Plattform f\\u00fcr Standorte und Immobilien\",\"url\":\"https:\\\/\\\/www.immo-invest.ch\\\/fr\\\/\",\"email\":\"admin@immomedia.ag\",\"telephone\":\"+41444420002\",\"logo\":{\"@type\":\"ImageObject\",\"url\":\"https:\\\/\\\/www.immo-invest.ch\\\/wp-content\\\/uploads\\\/2024\\\/09\\\/immoinvest_sm-scaled.jpg\",\"@id\":\"https:\\\/\\\/www.immo-invest.ch\\\/fr\\\/gaudis-verborgenes-chalet-in-den-pyrenaeen\\\/#organizationLogo\",\"width\":2560,\"height\":1340},\"image\":{\"@id\":\"https:\\\/\\\/www.immo-invest.ch\\\/fr\\\/gaudis-verborgenes-chalet-in-den-pyrenaeen\\\/#organizationLogo\"},\"sameAs\":[\"https:\\\/\\\/www.facebook.com\\\/people\\\/Immoinvest\\\/100077962920504\\\/\",\"https:\\\/\\\/x.com\\\/i\\\/flow\\\/login?redirect_after_login=immoinvest_ch\",\"https:\\\/\\\/www.instagram.com\\\/immoinvest_ch\\\/\",\"https:\\\/\\\/www.linkedin.com\\\/company\\\/immoinvest-swiss\"]},{\"@type\":\"Person\",\"@id\":\"https:\\\/\\\/www.immo-invest.ch\\\/fr\\\/author\\\/immovestuser\\\/#author\",\"url\":\"https:\\\/\\\/www.immo-invest.ch\\\/fr\\\/author\\\/immovestuser\\\/\",\"name\":\"immovestuser\",\"image\":{\"@type\":\"ImageObject\",\"@id\":\"https:\\\/\\\/www.immo-invest.ch\\\/fr\\\/gaudis-verborgenes-chalet-in-den-pyrenaeen\\\/#authorImage\",\"url\":\"https:\\\/\\\/secure.gravatar.com\\\/avatar\\\/8e01f4d99f2eeea7a362ebb93305e1172a70e9293ba250f897a65c39f54cdd1e?s=96&d=mm&r=g\",\"width\":96,\"height\":96,\"caption\":\"immovestuser\"}},{\"@type\":\"WebPage\",\"@id\":\"https:\\\/\\\/www.immo-invest.ch\\\/fr\\\/gaudis-verborgenes-chalet-in-den-pyrenaeen\\\/#webpage\",\"url\":\"https:\\\/\\\/www.immo-invest.ch\\\/fr\\\/gaudis-verborgenes-chalet-in-den-pyrenaeen\\\/\",\"name\":\"Le chalet cach\\u00e9 de Gaud\\u00ed dans les Pyr\\u00e9n\\u00e9es - immo!nvest - Die Plattform f\\u00fcr Standorte und Immobilien\",\"description\":\"Le chalet de Catllar\\u00e0s a longtemps \\u00e9t\\u00e9 consid\\u00e9r\\u00e9 comme une \\u00e9nigme architecturale sans plans sign\\u00e9s. Une \\u00e9tude r\\u00e9cente attribue d\\u00e9sormais clairement ce b\\u00e2timent isol\\u00e9 dans les Pyr\\u00e9n\\u00e9es \\u00e0 Antoni Gaud\\u00ed et montre \\u00e0 quel point il a radicalement imbriqu\\u00e9 structure, g\\u00e9om\\u00e9trie et tradition architecturale r\\u00e9gionale dans un projet industriel.\",\"inLanguage\":\"fr-FR\",\"isPartOf\":{\"@id\":\"https:\\\/\\\/www.immo-invest.ch\\\/fr\\\/#website\"},\"breadcrumb\":{\"@id\":\"https:\\\/\\\/www.immo-invest.ch\\\/fr\\\/gaudis-verborgenes-chalet-in-den-pyrenaeen\\\/#breadcrumblist\"},\"author\":{\"@id\":\"https:\\\/\\\/www.immo-invest.ch\\\/fr\\\/author\\\/immovestuser\\\/#author\"},\"creator\":{\"@id\":\"https:\\\/\\\/www.immo-invest.ch\\\/fr\\\/author\\\/immovestuser\\\/#author\"},\"image\":{\"@type\":\"ImageObject\",\"url\":\"https:\\\/\\\/www.immo-invest.ch\\\/wp-content\\\/uploads\\\/2026\\\/02\\\/stock-image-648372160-XL-scaled-e1771837648896-1200x600-1.jpg\",\"@id\":\"https:\\\/\\\/www.immo-invest.ch\\\/fr\\\/gaudis-verborgenes-chalet-in-den-pyrenaeen\\\/#mainImage\",\"width\":1200,\"height\":600},\"primaryImageOfPage\":{\"@id\":\"https:\\\/\\\/www.immo-invest.ch\\\/fr\\\/gaudis-verborgenes-chalet-in-den-pyrenaeen\\\/#mainImage\"},\"datePublished\":\"2026-02-24T11:46:37+01:00\",\"dateModified\":\"2026-03-12T08:44:47+01:00\"},{\"@type\":\"WebSite\",\"@id\":\"https:\\\/\\\/www.immo-invest.ch\\\/fr\\\/#website\",\"url\":\"https:\\\/\\\/www.immo-invest.ch\\\/fr\\\/\",\"name\":\"immo!nvest - Die Plattform f\\u00fcr Standorte und Immobilien\",\"description\":\"Die\\u00a0Plattform f\\u00fcr Standorte und Immobilien\",\"inLanguage\":\"fr-FR\",\"publisher\":{\"@id\":\"https:\\\/\\\/www.immo-invest.ch\\\/fr\\\/#organization\"}}]}\n\t\t<\/script>\n\t\t<!-- All in One SEO -->\n\n","aioseo_head_json":{"title":"Le chalet cach\u00e9 de Gaud\u00ed dans les Pyr\u00e9n\u00e9es - immo!nvest - Die Plattform f\u00fcr Standorte und Immobilien","description":"Le chalet de Catllar\u00e0s a longtemps \u00e9t\u00e9 consid\u00e9r\u00e9 comme une \u00e9nigme architecturale sans plans sign\u00e9s. Une \u00e9tude r\u00e9cente attribue d\u00e9sormais clairement ce b\u00e2timent isol\u00e9 dans les Pyr\u00e9n\u00e9es \u00e0 Antoni Gaud\u00ed et montre \u00e0 quel point il a radicalement imbriqu\u00e9 structure, g\u00e9om\u00e9trie et tradition architecturale r\u00e9gionale dans un projet industriel.","canonical_url":"https:\/\/www.immo-invest.ch\/fr\/gaudis-verborgenes-chalet-in-den-pyrenaeen\/","robots":"max-image-preview:large","keywords":"","webmasterTools":{"google-site-verification":"fHJKvgWpZCR2zVBHWfkQeFXC11qieUSff0HGNYfuyLA","miscellaneous":""},"schema":{"@context":"https:\/\/schema.org","@graph":[{"@type":"BlogPosting","@id":"https:\/\/www.immo-invest.ch\/fr\/gaudis-verborgenes-chalet-in-den-pyrenaeen\/#blogposting","name":"Le chalet cach\u00e9 de Gaud\u00ed dans les Pyr\u00e9n\u00e9es - immo!nvest - Die Plattform f\u00fcr Standorte und Immobilien","headline":"Le chalet cach\u00e9 de Gaud\u00ed dans les Pyr\u00e9n\u00e9es","author":{"@id":"https:\/\/www.immo-invest.ch\/fr\/author\/immovestuser\/#author"},"publisher":{"@id":"https:\/\/www.immo-invest.ch\/fr\/#organization"},"image":{"@type":"ImageObject","url":"https:\/\/www.immo-invest.ch\/wp-content\/uploads\/2026\/02\/stock-image-648372160-XL-scaled-e1771837648896-1200x600-1.jpg","width":1200,"height":600},"datePublished":"2026-02-24T11:46:37+01:00","dateModified":"2026-03-12T08:44:47+01:00","inLanguage":"fr-FR","mainEntityOfPage":{"@id":"https:\/\/www.immo-invest.ch\/fr\/gaudis-verborgenes-chalet-in-den-pyrenaeen\/#webpage"},"isPartOf":{"@id":"https:\/\/www.immo-invest.ch\/fr\/gaudis-verborgenes-chalet-in-den-pyrenaeen\/#webpage"},"articleSection":"Industrie du b\u00e2timent, Planification \/ D\u00e9veloppement, Projects, R\u00e9novation, Trends, Gaudi Architektur, historische Bauforschung, Immoinvest, immoNews, News, Tragwerksanalyse, Facultatif"},{"@type":"BreadcrumbList","@id":"https:\/\/www.immo-invest.ch\/fr\/gaudis-verborgenes-chalet-in-den-pyrenaeen\/#breadcrumblist","itemListElement":[{"@type":"ListItem","@id":"https:\/\/www.immo-invest.ch\/fr\/#listItem","position":1,"name":"Home","item":"https:\/\/www.immo-invest.ch\/fr\/","nextItem":{"@type":"ListItem","@id":"https:\/\/www.immo-invest.ch\/fr\/categories\/projects\/#listItem","name":"Projects"}},{"@type":"ListItem","@id":"https:\/\/www.immo-invest.ch\/fr\/categories\/projects\/#listItem","position":2,"name":"Projects","item":"https:\/\/www.immo-invest.ch\/fr\/categories\/projects\/","nextItem":{"@type":"ListItem","@id":"https:\/\/www.immo-invest.ch\/fr\/categories\/projects\/renovation\/#listItem","name":"R\u00e9novation"},"previousItem":{"@type":"ListItem","@id":"https:\/\/www.immo-invest.ch\/fr\/#listItem","name":"Home"}},{"@type":"ListItem","@id":"https:\/\/www.immo-invest.ch\/fr\/categories\/projects\/renovation\/#listItem","position":3,"name":"R\u00e9novation","item":"https:\/\/www.immo-invest.ch\/fr\/categories\/projects\/renovation\/","nextItem":{"@type":"ListItem","@id":"https:\/\/www.immo-invest.ch\/fr\/gaudis-verborgenes-chalet-in-den-pyrenaeen\/#listItem","name":"Le chalet cach\u00e9 de Gaud\u00ed dans les Pyr\u00e9n\u00e9es"},"previousItem":{"@type":"ListItem","@id":"https:\/\/www.immo-invest.ch\/fr\/categories\/projects\/#listItem","name":"Projects"}},{"@type":"ListItem","@id":"https:\/\/www.immo-invest.ch\/fr\/gaudis-verborgenes-chalet-in-den-pyrenaeen\/#listItem","position":4,"name":"Le chalet cach\u00e9 de Gaud\u00ed dans les Pyr\u00e9n\u00e9es","previousItem":{"@type":"ListItem","@id":"https:\/\/www.immo-invest.ch\/fr\/categories\/projects\/renovation\/#listItem","name":"R\u00e9novation"}}]},{"@type":"Organization","@id":"https:\/\/www.immo-invest.ch\/fr\/#organization","name":"immo!nvest - Die Plattform f\u00fcr Standorte und Immobilien","description":"Die\u00a0Plattform f\u00fcr Standorte und Immobilien","url":"https:\/\/www.immo-invest.ch\/fr\/","email":"admin@immomedia.ag","telephone":"+41444420002","logo":{"@type":"ImageObject","url":"https:\/\/www.immo-invest.ch\/wp-content\/uploads\/2024\/09\/immoinvest_sm-scaled.jpg","@id":"https:\/\/www.immo-invest.ch\/fr\/gaudis-verborgenes-chalet-in-den-pyrenaeen\/#organizationLogo","width":2560,"height":1340},"image":{"@id":"https:\/\/www.immo-invest.ch\/fr\/gaudis-verborgenes-chalet-in-den-pyrenaeen\/#organizationLogo"},"sameAs":["https:\/\/www.facebook.com\/people\/Immoinvest\/100077962920504\/","https:\/\/x.com\/i\/flow\/login?redirect_after_login=immoinvest_ch","https:\/\/www.instagram.com\/immoinvest_ch\/","https:\/\/www.linkedin.com\/company\/immoinvest-swiss"]},{"@type":"Person","@id":"https:\/\/www.immo-invest.ch\/fr\/author\/immovestuser\/#author","url":"https:\/\/www.immo-invest.ch\/fr\/author\/immovestuser\/","name":"immovestuser","image":{"@type":"ImageObject","@id":"https:\/\/www.immo-invest.ch\/fr\/gaudis-verborgenes-chalet-in-den-pyrenaeen\/#authorImage","url":"https:\/\/secure.gravatar.com\/avatar\/8e01f4d99f2eeea7a362ebb93305e1172a70e9293ba250f897a65c39f54cdd1e?s=96&d=mm&r=g","width":96,"height":96,"caption":"immovestuser"}},{"@type":"WebPage","@id":"https:\/\/www.immo-invest.ch\/fr\/gaudis-verborgenes-chalet-in-den-pyrenaeen\/#webpage","url":"https:\/\/www.immo-invest.ch\/fr\/gaudis-verborgenes-chalet-in-den-pyrenaeen\/","name":"Le chalet cach\u00e9 de Gaud\u00ed dans les Pyr\u00e9n\u00e9es - immo!nvest - Die Plattform f\u00fcr Standorte und Immobilien","description":"Le chalet de Catllar\u00e0s a longtemps \u00e9t\u00e9 consid\u00e9r\u00e9 comme une \u00e9nigme architecturale sans plans sign\u00e9s. Une \u00e9tude r\u00e9cente attribue d\u00e9sormais clairement ce b\u00e2timent isol\u00e9 dans les Pyr\u00e9n\u00e9es \u00e0 Antoni Gaud\u00ed et montre \u00e0 quel point il a radicalement imbriqu\u00e9 structure, g\u00e9om\u00e9trie et tradition architecturale r\u00e9gionale dans un projet industriel.","inLanguage":"fr-FR","isPartOf":{"@id":"https:\/\/www.immo-invest.ch\/fr\/#website"},"breadcrumb":{"@id":"https:\/\/www.immo-invest.ch\/fr\/gaudis-verborgenes-chalet-in-den-pyrenaeen\/#breadcrumblist"},"author":{"@id":"https:\/\/www.immo-invest.ch\/fr\/author\/immovestuser\/#author"},"creator":{"@id":"https:\/\/www.immo-invest.ch\/fr\/author\/immovestuser\/#author"},"image":{"@type":"ImageObject","url":"https:\/\/www.immo-invest.ch\/wp-content\/uploads\/2026\/02\/stock-image-648372160-XL-scaled-e1771837648896-1200x600-1.jpg","@id":"https:\/\/www.immo-invest.ch\/fr\/gaudis-verborgenes-chalet-in-den-pyrenaeen\/#mainImage","width":1200,"height":600},"primaryImageOfPage":{"@id":"https:\/\/www.immo-invest.ch\/fr\/gaudis-verborgenes-chalet-in-den-pyrenaeen\/#mainImage"},"datePublished":"2026-02-24T11:46:37+01:00","dateModified":"2026-03-12T08:44:47+01:00"},{"@type":"WebSite","@id":"https:\/\/www.immo-invest.ch\/fr\/#website","url":"https:\/\/www.immo-invest.ch\/fr\/","name":"immo!nvest - Die Plattform f\u00fcr Standorte und Immobilien","description":"Die\u00a0Plattform f\u00fcr Standorte und Immobilien","inLanguage":"fr-FR","publisher":{"@id":"https:\/\/www.immo-invest.ch\/fr\/#organization"}}]},"og:locale":"fr_FR","og:site_name":"immo!nvest - Die Plattform f\u00fcr Standorte und Immobilien - Die\u00a0Plattform f\u00fcr Standorte und Immobilien","og:type":"article","og:title":"Le chalet cach\u00e9 de Gaud\u00ed dans les Pyr\u00e9n\u00e9es - immo!nvest - Die Plattform f\u00fcr Standorte und Immobilien","og:description":"Le chalet de Catllar\u00e0s a longtemps \u00e9t\u00e9 consid\u00e9r\u00e9 comme une \u00e9nigme architecturale sans plans sign\u00e9s. Une \u00e9tude r\u00e9cente attribue d\u00e9sormais clairement ce b\u00e2timent isol\u00e9 dans les Pyr\u00e9n\u00e9es \u00e0 Antoni Gaud\u00ed et montre \u00e0 quel point il a radicalement imbriqu\u00e9 structure, g\u00e9om\u00e9trie et tradition architecturale r\u00e9gionale dans un projet industriel.","og:url":"https:\/\/www.immo-invest.ch\/fr\/gaudis-verborgenes-chalet-in-den-pyrenaeen\/","og:image":"https:\/\/www.immo-invest.ch\/wp-content\/uploads\/2026\/02\/stock-image-648372160-XL-scaled-e1771837648896-1200x600-1.jpg","og:image:secure_url":"https:\/\/www.immo-invest.ch\/wp-content\/uploads\/2026\/02\/stock-image-648372160-XL-scaled-e1771837648896-1200x600-1.jpg","og:image:width":1200,"og:image:height":600,"article:published_time":"2026-02-24T10:46:37+00:00","article:modified_time":"2026-03-12T07:44:47+00:00","article:publisher":"https:\/\/www.facebook.com\/people\/Immoinvest\/100077962920504\/","twitter:card":"summary_large_image","twitter:site":"@i","twitter:title":"Le chalet cach\u00e9 de Gaud\u00ed dans les Pyr\u00e9n\u00e9es - immo!nvest - Die Plattform f\u00fcr Standorte und Immobilien","twitter:description":"Le chalet de Catllar\u00e0s a longtemps \u00e9t\u00e9 consid\u00e9r\u00e9 comme une \u00e9nigme architecturale sans plans sign\u00e9s. Une \u00e9tude r\u00e9cente attribue d\u00e9sormais clairement ce b\u00e2timent isol\u00e9 dans les Pyr\u00e9n\u00e9es \u00e0 Antoni Gaud\u00ed et montre \u00e0 quel point il a radicalement imbriqu\u00e9 structure, g\u00e9om\u00e9trie et tradition architecturale r\u00e9gionale dans un projet industriel.","twitter:creator":"@i","twitter:image":"https:\/\/www.immo-invest.ch\/wp-content\/uploads\/2026\/02\/stock-image-648372160-XL-scaled-e1771837648896-1200x600-1.jpg"},"aioseo_meta_data":{"post_id":"151316","title":null,"description":null,"keywords":null,"keyphrases":{"focus":{"keyphrase":"","score":0,"analysis":{"keyphraseInTitle":{"score":0,"maxScore":9,"error":1}}},"additional":[]},"primary_term":null,"canonical_url":null,"og_title":null,"og_description":null,"og_object_type":"default","og_image_type":"default","og_image_url":null,"og_image_width":null,"og_image_height":null,"og_image_custom_url":null,"og_image_custom_fields":null,"og_video":"","og_custom_url":null,"og_article_section":null,"og_article_tags":null,"twitter_use_og":false,"twitter_card":"default","twitter_image_type":"default","twitter_image_url":null,"twitter_image_custom_url":null,"twitter_image_custom_fields":null,"twitter_title":null,"twitter_description":null,"schema":{"blockGraphs":[],"customGraphs":[],"default":{"data":{"Article":[],"Course":[],"Dataset":[],"FAQPage":[],"Movie":[],"Person":[],"Product":[],"ProductReview":[],"Car":[],"Recipe":[],"Service":[],"SoftwareApplication":[],"WebPage":[]},"graphName":"BlogPosting","isEnabled":true},"graphs":[]},"schema_type":"default","schema_type_options":null,"pillar_content":false,"robots_default":true,"robots_noindex":false,"robots_noarchive":false,"robots_nosnippet":false,"robots_nofollow":false,"robots_noimageindex":false,"robots_noodp":false,"robots_notranslate":false,"robots_max_snippet":"-1","robots_max_videopreview":"-1","robots_max_imagepreview":"large","priority":null,"frequency":"default","local_seo":null,"breadcrumb_settings":null,"limit_modified_date":false,"ai":{"faqs":[],"keyPoints":[],"titles":[],"descriptions":[],"socialPosts":{"email":[],"linkedin":[],"twitter":[],"facebook":[],"instagram":[]}},"created":"2026-03-12 07:44:51","updated":"2026-03-12 07:50:51","seo_analyzer_scan_date":null,"focus_keyword":null,"additional_keywords":null,"truseo_locale":null},"aioseo_breadcrumb":"<div class=\"aioseo-breadcrumbs\"><span class=\"aioseo-breadcrumb\">\n\t\t\t<a href=\"https:\/\/www.immo-invest.ch\/fr\/\" title=\"Home\">Home<\/a>\n\t\t<\/span><span class=\"aioseo-breadcrumb-separator\">&raquo;<\/span><span class=\"aioseo-breadcrumb\">\n\t\t\t<a href=\"https:\/\/www.immo-invest.ch\/fr\/categories\/projects\/\" title=\"Projects\">Projects<\/a>\n\t\t<\/span><span class=\"aioseo-breadcrumb-separator\">&raquo;<\/span><span class=\"aioseo-breadcrumb\">\n\t\t\t<a href=\"https:\/\/www.immo-invest.ch\/fr\/categories\/projects\/renovation\/\" title=\"R\u00e9novation\">R\u00e9novation<\/a>\n\t\t<\/span><span class=\"aioseo-breadcrumb-separator\">&raquo;<\/span><span class=\"aioseo-breadcrumb\">\n\t\t\tLe chalet cach\u00e9 de Gaud\u00ed dans les Pyr\u00e9n\u00e9es\n\t\t<\/span><\/div>","aioseo_breadcrumb_json":[{"label":"Home","link":"https:\/\/www.immo-invest.ch\/fr\/"},{"label":"Projects","link":"https:\/\/www.immo-invest.ch\/fr\/categories\/projects\/"},{"label":"R\u00e9novation","link":"https:\/\/www.immo-invest.ch\/fr\/categories\/projects\/renovation\/"},{"label":"Le chalet cach\u00e9 de Gaud\u00ed dans les Pyr\u00e9n\u00e9es","link":"https:\/\/www.immo-invest.ch\/fr\/gaudis-verborgenes-chalet-in-den-pyrenaeen\/"}],"featured_image_src":"https:\/\/www.immo-invest.ch\/wp-content\/uploads\/2026\/02\/stock-image-648372160-XL-scaled-e1771837648896-1200x600-1-336x168.jpg","_links":{"self":[{"href":"https:\/\/www.immo-invest.ch\/fr\/wp-json\/wp\/v2\/posts\/151316","targetHints":{"allow":["GET"]}}],"collection":[{"href":"https:\/\/www.immo-invest.ch\/fr\/wp-json\/wp\/v2\/posts"}],"about":[{"href":"https:\/\/www.immo-invest.ch\/fr\/wp-json\/wp\/v2\/types\/post"}],"author":[{"embeddable":true,"href":"https:\/\/www.immo-invest.ch\/fr\/wp-json\/wp\/v2\/users\/2"}],"replies":[{"embeddable":true,"href":"https:\/\/www.immo-invest.ch\/fr\/wp-json\/wp\/v2\/comments?post=151316"}],"version-history":[{"count":2,"href":"https:\/\/www.immo-invest.ch\/fr\/wp-json\/wp\/v2\/posts\/151316\/revisions"}],"predecessor-version":[{"id":151324,"href":"https:\/\/www.immo-invest.ch\/fr\/wp-json\/wp\/v2\/posts\/151316\/revisions\/151324"}],"wp:featuredmedia":[{"embeddable":true,"href":"https:\/\/www.immo-invest.ch\/fr\/wp-json\/wp\/v2\/media\/151317"}],"wp:attachment":[{"href":"https:\/\/www.immo-invest.ch\/fr\/wp-json\/wp\/v2\/media?parent=151316"}],"wp:term":[{"taxonomy":"category","embeddable":true,"href":"https:\/\/www.immo-invest.ch\/fr\/wp-json\/wp\/v2\/categories?post=151316"},{"taxonomy":"post_tag","embeddable":true,"href":"https:\/\/www.immo-invest.ch\/fr\/wp-json\/wp\/v2\/tags?post=151316"}],"curies":[{"name":"wp","href":"https:\/\/api.w.org\/{rel}","templated":true}]}}