{"id":151298,"date":"2026-03-18T08:20:00","date_gmt":"2026-03-18T07:20:00","guid":{"rendered":"https:\/\/www.immo-invest.ch\/?p=151298"},"modified":"2026-03-11T16:50:42","modified_gmt":"2026-03-11T15:50:42","slug":"stadt-will-industriebau-fuer-archiv-und-zwischennutzungen-erwerben","status":"publish","type":"post","link":"https:\/\/www.immo-invest.ch\/fr\/stadt-will-industriebau-fuer-archiv-und-zwischennutzungen-erwerben\/","title":{"rendered":"La ville souhaite acqu\u00e9rir un b\u00e2timent industriel pour y installer des archives et des utilisations temporaires"},"content":{"rendered":"<p class=\"bodytext\">Le Conseil municipal de Bienne propose au Conseil de ville d&rsquo;acheter l&rsquo;immeuble industriel situ&eacute; &agrave; la Mattenstrasse 133. Selon <a href=\"https:\/\/www.biel-bienne.ch\/de\/news.html\/29\/news\/6173\" target=\"_blank\" rel=\"noopener\">le communiqu&eacute;<\/a>, le b&acirc;timent est destin&eacute; &agrave; accueillir les nouvelles archives municipales &agrave; partir de 2033. Auparavant, il sera utilis&eacute; comme salle de sport provisoire et comme biblioth&egrave;que temporaire.<\/p>\n<p class=\"bodytext\">L&rsquo;immeuble industriel situ&eacute; &agrave; la Mattenstrasse 133 a &eacute;t&eacute; construit en 1959 pour la soci&eacute;t&eacute; Maveg AG, une entreprise commerciale sp&eacute;cialis&eacute;e dans les machines de construction. Le b&acirc;timent comprend trois grands halls ainsi qu&rsquo;un b&acirc;timent administratif et est consid&eacute;r&eacute; comme digne d&rsquo;&ecirc;tre conserv&eacute; dans l&rsquo;inventaire des constructions.<\/p>\n<p class=\"bodytext\">&Agrave; partir de l&rsquo;hiver 2026\/27, le grand hall du b&acirc;timent remplacera les installations sportives du Coll&egrave;ge des Platanes. Depuis 2024, celles-ci ne peuvent &ecirc;tre utilis&eacute;es que de mani&egrave;re limit&eacute;e en raison de probl&egrave;mes structurels. En attendant la r&eacute;novation des gymnases, la ville souhaite cr&eacute;er une solution provisoire en am&eacute;nageant simplement le hall.<\/p>\n<p class=\"bodytext\">Plus tard, le b&acirc;timent servira de biblioth&egrave;que provisoire pendant la r&eacute;novation compl&egrave;te pr&eacute;vue de la biblioth&egrave;que municipale de la Neumarktplatz &agrave; partir de 2031. Il n&rsquo;existe pratiquement pas de solutions de location adapt&eacute;es dans le centre-ville pour les quelque 1700 m&egrave;tres carr&eacute;s de surface utile de la biblioth&egrave;que.<\/p>\n<p class=\"bodytext\">Apr&egrave;s le d&eacute;m&eacute;nagement de la biblioth&egrave;que, le b&acirc;timent sera utilis&eacute; de mani&egrave;re permanente comme archives municipales &agrave; partir de 2033. La ville cherche depuis des ann&eacute;es une nouvelle solution pour celles-ci, car les locaux actuels ne r&eacute;pondent plus aux exigences l&eacute;gales et les archives sont r&eacute;parties sur plusieurs sites.<\/p>\n<p class=\"bodytext\">Le Conseil communal demande au Conseil municipal deux cr&eacute;dits d&rsquo;un montant total de 3,890 millions de francs pour l&rsquo;achat du bien immobilier et la mise &agrave; disposition provisoire de la salle de sport. Le Conseil municipal se prononcera le 19 mars.<\/p>\n","protected":false},"excerpt":{"rendered":"<p>La ville de Bienne souhaite acqu\u00e9rir le bien immobilier industriel situ\u00e9 \u00e0 la Mattenstrasse 133. Le b\u00e2timent de l&rsquo;usine devrait \u00eatre utilis\u00e9 pour les archives municipales \u00e0 partir de 2033. D&rsquo;ici l\u00e0, il est pr\u00e9vu de l&rsquo;utiliser comme salle de sport et biblioth\u00e8que municipale. Le Conseil municipal demande d\u00e9sormais 3,89 millions de francs au Conseil de ville \u00e0 cet effet.<\/p>\n","protected":false},"author":2,"featured_media":151299,"comment_status":"open","ping_status":"open","sticky":false,"template":"","format":"standard","meta":{"pmpro_default_level":"","inline_featured_image":false,"_monsterinsights_skip_tracking":false,"footnotes":""},"categories":[743,55976,56027,9652],"tags":[872,3931,57731,2002,57781,48399],"class_list":["post-151298","post","type-post","status-publish","format-standard","has-post-thumbnail","hentry","category-immonews-fr","category-institutions-formation","category-planification-developpement","category-renovation","tag-immoinvest-fr","tag-immonews-fr","tag-industriebau","tag-news-fr","tag-stadtarchiv","tag-zwischennutzung-fr","pmpro-has-access"],"acf":{"bild_mit_ki_erstellt_worden":["Ja"],"lead":"La ville de Bienne souhaite acqu\u00e9rir le bien immobilier industriel situ\u00e9 \u00e0 la Mattenstrasse 133. Le b\u00e2timent de l'usine devrait \u00eatre utilis\u00e9 pour les archives municipales \u00e0 partir de 2033. D'ici l\u00e0, il est pr\u00e9vu de l'utiliser comme salle de sport et biblioth\u00e8que municipale. Le Conseil municipal demande d\u00e9sormais 3,89 millions de francs au Conseil de ville \u00e0 cet effet.","autor":"ce\/as","ort":"Biel","bildunterschrift":"","bild_im_grid":false,"gallerie":"","newsim":""},"aioseo_notices":[],"aioseo_head":"\n\t\t<!-- All in One SEO 5.0.0.1 - aioseo.com -->\n\t<meta name=\"description\" content=\"La ville de Bienne souhaite acqu\u00e9rir le bien immobilier industriel situ\u00e9 \u00e0 la Mattenstrasse 133. Le b\u00e2timent de l&#039;usine devrait \u00eatre utilis\u00e9 pour les archives municipales \u00e0 partir de 2033. D&#039;ici l\u00e0, il est pr\u00e9vu de l&#039;utiliser comme salle de sport et biblioth\u00e8que municipale. Le Conseil municipal demande d\u00e9sormais 3,89 millions de francs au Conseil de ville \u00e0 cet effet.\" \/>\n\t<meta name=\"robots\" content=\"max-image-preview:large\" \/>\n\t<meta name=\"author\" content=\"immovestuser\"\/>\n\t<meta name=\"google-site-verification\" content=\"fHJKvgWpZCR2zVBHWfkQeFXC11qieUSff0HGNYfuyLA\" \/>\n\t<link rel=\"canonical\" href=\"https:\/\/www.immo-invest.ch\/fr\/stadt-will-industriebau-fuer-archiv-und-zwischennutzungen-erwerben\/\" \/>\n\t<meta name=\"generator\" content=\"All in One SEO (AIOSEO) 5.0.0.1\" \/>\n\t\t<meta property=\"og:locale\" content=\"fr_FR\" \/>\n\t\t<meta property=\"og:site_name\" content=\"immo!nvest - Die Plattform f\u00fcr Standorte und Immobilien - Die\u00a0Plattform f\u00fcr Standorte und Immobilien\" \/>\n\t\t<meta property=\"og:type\" content=\"article\" \/>\n\t\t<meta property=\"og:title\" content=\"La ville souhaite acqu\u00e9rir un b\u00e2timent industriel pour y installer des archives et des utilisations temporaires - immo!nvest - Die Plattform f\u00fcr Standorte und Immobilien\" \/>\n\t\t<meta property=\"og:description\" content=\"La ville de Bienne souhaite acqu\u00e9rir le bien immobilier industriel situ\u00e9 \u00e0 la Mattenstrasse 133. Le b\u00e2timent de l&#039;usine devrait \u00eatre utilis\u00e9 pour les archives municipales \u00e0 partir de 2033. D&#039;ici l\u00e0, il est pr\u00e9vu de l&#039;utiliser comme salle de sport et biblioth\u00e8que municipale. Le Conseil municipal demande d\u00e9sormais 3,89 millions de francs au Conseil de ville \u00e0 cet effet.\" \/>\n\t\t<meta property=\"og:url\" content=\"https:\/\/www.immo-invest.ch\/fr\/stadt-will-industriebau-fuer-archiv-und-zwischennutzungen-erwerben\/\" \/>\n\t\t<meta property=\"og:image\" content=\"https:\/\/www.immo-invest.ch\/wp-content\/uploads\/2026\/03\/banoviag_renovated_industrial_building_with_brick_facade_and__86c75479-b950-4bb0-91d5-7efabe66c427_1.png\" \/>\n\t\t<meta property=\"og:image:secure_url\" content=\"https:\/\/www.immo-invest.ch\/wp-content\/uploads\/2026\/03\/banoviag_renovated_industrial_building_with_brick_facade_and__86c75479-b950-4bb0-91d5-7efabe66c427_1.png\" \/>\n\t\t<meta property=\"og:image:width\" content=\"1536\" \/>\n\t\t<meta property=\"og:image:height\" content=\"768\" \/>\n\t\t<meta property=\"article:published_time\" content=\"2026-03-18T07:20:00+00:00\" \/>\n\t\t<meta property=\"article:modified_time\" content=\"2026-03-11T15:50:42+00:00\" \/>\n\t\t<meta property=\"article:publisher\" content=\"https:\/\/www.facebook.com\/people\/Immoinvest\/100077962920504\/\" \/>\n\t\t<meta name=\"twitter:card\" content=\"summary_large_image\" \/>\n\t\t<meta name=\"twitter:site\" content=\"@i\" \/>\n\t\t<meta name=\"twitter:title\" content=\"La ville souhaite acqu\u00e9rir un b\u00e2timent industriel pour y installer des archives et des utilisations temporaires - immo!nvest - Die Plattform f\u00fcr Standorte und Immobilien\" \/>\n\t\t<meta name=\"twitter:description\" content=\"La ville de Bienne souhaite acqu\u00e9rir le bien immobilier industriel situ\u00e9 \u00e0 la Mattenstrasse 133. Le b\u00e2timent de l&#039;usine devrait \u00eatre utilis\u00e9 pour les archives municipales \u00e0 partir de 2033. D&#039;ici l\u00e0, il est pr\u00e9vu de l&#039;utiliser comme salle de sport et biblioth\u00e8que municipale. Le Conseil municipal demande d\u00e9sormais 3,89 millions de francs au Conseil de ville \u00e0 cet effet.\" \/>\n\t\t<meta name=\"twitter:creator\" content=\"@i\" \/>\n\t\t<meta name=\"twitter:image\" content=\"https:\/\/www.immo-invest.ch\/wp-content\/uploads\/2026\/03\/banoviag_renovated_industrial_building_with_brick_facade_and__86c75479-b950-4bb0-91d5-7efabe66c427_1.png\" \/>\n\t\t<script type=\"application\/ld+json\" class=\"aioseo-schema\">\n\t\t\t{\"@context\":\"https:\\\/\\\/schema.org\",\"@graph\":[{\"@type\":\"BlogPosting\",\"@id\":\"https:\\\/\\\/www.immo-invest.ch\\\/fr\\\/stadt-will-industriebau-fuer-archiv-und-zwischennutzungen-erwerben\\\/#blogposting\",\"name\":\"La ville souhaite acqu\\u00e9rir un b\\u00e2timent industriel pour y installer des archives et des utilisations temporaires - immo!nvest - Die Plattform f\\u00fcr Standorte und Immobilien\",\"headline\":\"La ville souhaite acqu\\u00e9rir un b\\u00e2timent industriel pour y installer des archives et des utilisations temporaires\",\"author\":{\"@id\":\"https:\\\/\\\/www.immo-invest.ch\\\/fr\\\/author\\\/immovestuser\\\/#author\"},\"publisher\":{\"@id\":\"https:\\\/\\\/www.immo-invest.ch\\\/fr\\\/#organization\"},\"image\":{\"@type\":\"ImageObject\",\"url\":\"https:\\\/\\\/www.immo-invest.ch\\\/wp-content\\\/uploads\\\/2026\\\/03\\\/banoviag_renovated_industrial_building_with_brick_facade_and__86c75479-b950-4bb0-91d5-7efabe66c427_1.png\",\"width\":1536,\"height\":768},\"datePublished\":\"2026-03-18T08:20:00+01:00\",\"dateModified\":\"2026-03-11T16:50:42+01:00\",\"inLanguage\":\"fr-FR\",\"mainEntityOfPage\":{\"@id\":\"https:\\\/\\\/www.immo-invest.ch\\\/fr\\\/stadt-will-industriebau-fuer-archiv-und-zwischennutzungen-erwerben\\\/#webpage\"},\"isPartOf\":{\"@id\":\"https:\\\/\\\/www.immo-invest.ch\\\/fr\\\/stadt-will-industriebau-fuer-archiv-und-zwischennutzungen-erwerben\\\/#webpage\"},\"articleSection\":\"immoNews, Institutions &amp; Formation, Planification \\\/ D\\u00e9veloppement, R\\u00e9novation, Immoinvest, immoNews, Industriebau, News, Stadtarchiv, Zwischennutzung, Facultatif\"},{\"@type\":\"BreadcrumbList\",\"@id\":\"https:\\\/\\\/www.immo-invest.ch\\\/fr\\\/stadt-will-industriebau-fuer-archiv-und-zwischennutzungen-erwerben\\\/#breadcrumblist\",\"itemListElement\":[{\"@type\":\"ListItem\",\"@id\":\"https:\\\/\\\/www.immo-invest.ch\\\/fr\\\/#listItem\",\"position\":1,\"name\":\"Home\",\"item\":\"https:\\\/\\\/www.immo-invest.ch\\\/fr\\\/\",\"nextItem\":{\"@type\":\"ListItem\",\"@id\":\"https:\\\/\\\/www.immo-invest.ch\\\/fr\\\/categories\\\/projects\\\/#listItem\",\"name\":\"Projects\"}},{\"@type\":\"ListItem\",\"@id\":\"https:\\\/\\\/www.immo-invest.ch\\\/fr\\\/categories\\\/projects\\\/#listItem\",\"position\":2,\"name\":\"Projects\",\"item\":\"https:\\\/\\\/www.immo-invest.ch\\\/fr\\\/categories\\\/projects\\\/\",\"nextItem\":{\"@type\":\"ListItem\",\"@id\":\"https:\\\/\\\/www.immo-invest.ch\\\/fr\\\/categories\\\/projects\\\/renovation\\\/#listItem\",\"name\":\"R\\u00e9novation\"},\"previousItem\":{\"@type\":\"ListItem\",\"@id\":\"https:\\\/\\\/www.immo-invest.ch\\\/fr\\\/#listItem\",\"name\":\"Home\"}},{\"@type\":\"ListItem\",\"@id\":\"https:\\\/\\\/www.immo-invest.ch\\\/fr\\\/categories\\\/projects\\\/renovation\\\/#listItem\",\"position\":3,\"name\":\"R\\u00e9novation\",\"item\":\"https:\\\/\\\/www.immo-invest.ch\\\/fr\\\/categories\\\/projects\\\/renovation\\\/\",\"nextItem\":{\"@type\":\"ListItem\",\"@id\":\"https:\\\/\\\/www.immo-invest.ch\\\/fr\\\/stadt-will-industriebau-fuer-archiv-und-zwischennutzungen-erwerben\\\/#listItem\",\"name\":\"La ville souhaite acqu\\u00e9rir un b\\u00e2timent industriel pour y installer des archives et des utilisations temporaires\"},\"previousItem\":{\"@type\":\"ListItem\",\"@id\":\"https:\\\/\\\/www.immo-invest.ch\\\/fr\\\/categories\\\/projects\\\/#listItem\",\"name\":\"Projects\"}},{\"@type\":\"ListItem\",\"@id\":\"https:\\\/\\\/www.immo-invest.ch\\\/fr\\\/stadt-will-industriebau-fuer-archiv-und-zwischennutzungen-erwerben\\\/#listItem\",\"position\":4,\"name\":\"La ville souhaite acqu\\u00e9rir un b\\u00e2timent industriel pour y installer des archives et des utilisations temporaires\",\"previousItem\":{\"@type\":\"ListItem\",\"@id\":\"https:\\\/\\\/www.immo-invest.ch\\\/fr\\\/categories\\\/projects\\\/renovation\\\/#listItem\",\"name\":\"R\\u00e9novation\"}}]},{\"@type\":\"Organization\",\"@id\":\"https:\\\/\\\/www.immo-invest.ch\\\/fr\\\/#organization\",\"name\":\"immo!nvest - Die Plattform f\\u00fcr Standorte und Immobilien\",\"description\":\"Die\\u00a0Plattform f\\u00fcr Standorte und Immobilien\",\"url\":\"https:\\\/\\\/www.immo-invest.ch\\\/fr\\\/\",\"email\":\"admin@immomedia.ag\",\"telephone\":\"+41444420002\",\"logo\":{\"@type\":\"ImageObject\",\"url\":\"https:\\\/\\\/www.immo-invest.ch\\\/wp-content\\\/uploads\\\/2024\\\/09\\\/immoinvest_sm-scaled.jpg\",\"@id\":\"https:\\\/\\\/www.immo-invest.ch\\\/fr\\\/stadt-will-industriebau-fuer-archiv-und-zwischennutzungen-erwerben\\\/#organizationLogo\",\"width\":2560,\"height\":1340},\"image\":{\"@id\":\"https:\\\/\\\/www.immo-invest.ch\\\/fr\\\/stadt-will-industriebau-fuer-archiv-und-zwischennutzungen-erwerben\\\/#organizationLogo\"},\"sameAs\":[\"https:\\\/\\\/www.facebook.com\\\/people\\\/Immoinvest\\\/100077962920504\\\/\",\"https:\\\/\\\/x.com\\\/i\\\/flow\\\/login?redirect_after_login=immoinvest_ch\",\"https:\\\/\\\/www.instagram.com\\\/immoinvest_ch\\\/\",\"https:\\\/\\\/www.linkedin.com\\\/company\\\/immoinvest-swiss\"]},{\"@type\":\"Person\",\"@id\":\"https:\\\/\\\/www.immo-invest.ch\\\/fr\\\/author\\\/immovestuser\\\/#author\",\"url\":\"https:\\\/\\\/www.immo-invest.ch\\\/fr\\\/author\\\/immovestuser\\\/\",\"name\":\"immovestuser\",\"image\":{\"@type\":\"ImageObject\",\"@id\":\"https:\\\/\\\/www.immo-invest.ch\\\/fr\\\/stadt-will-industriebau-fuer-archiv-und-zwischennutzungen-erwerben\\\/#authorImage\",\"url\":\"https:\\\/\\\/secure.gravatar.com\\\/avatar\\\/8e01f4d99f2eeea7a362ebb93305e1172a70e9293ba250f897a65c39f54cdd1e?s=96&d=mm&r=g\",\"width\":96,\"height\":96,\"caption\":\"immovestuser\"}},{\"@type\":\"WebPage\",\"@id\":\"https:\\\/\\\/www.immo-invest.ch\\\/fr\\\/stadt-will-industriebau-fuer-archiv-und-zwischennutzungen-erwerben\\\/#webpage\",\"url\":\"https:\\\/\\\/www.immo-invest.ch\\\/fr\\\/stadt-will-industriebau-fuer-archiv-und-zwischennutzungen-erwerben\\\/\",\"name\":\"La ville souhaite acqu\\u00e9rir un b\\u00e2timent industriel pour y installer des archives et des utilisations temporaires - immo!nvest - Die Plattform f\\u00fcr Standorte und Immobilien\",\"description\":\"La ville de Bienne souhaite acqu\\u00e9rir le bien immobilier industriel situ\\u00e9 \\u00e0 la Mattenstrasse 133. Le b\\u00e2timent de l'usine devrait \\u00eatre utilis\\u00e9 pour les archives municipales \\u00e0 partir de 2033. D'ici l\\u00e0, il est pr\\u00e9vu de l'utiliser comme salle de sport et biblioth\\u00e8que municipale. Le Conseil municipal demande d\\u00e9sormais 3,89 millions de francs au Conseil de ville \\u00e0 cet effet.\",\"inLanguage\":\"fr-FR\",\"isPartOf\":{\"@id\":\"https:\\\/\\\/www.immo-invest.ch\\\/fr\\\/#website\"},\"breadcrumb\":{\"@id\":\"https:\\\/\\\/www.immo-invest.ch\\\/fr\\\/stadt-will-industriebau-fuer-archiv-und-zwischennutzungen-erwerben\\\/#breadcrumblist\"},\"author\":{\"@id\":\"https:\\\/\\\/www.immo-invest.ch\\\/fr\\\/author\\\/immovestuser\\\/#author\"},\"creator\":{\"@id\":\"https:\\\/\\\/www.immo-invest.ch\\\/fr\\\/author\\\/immovestuser\\\/#author\"},\"image\":{\"@type\":\"ImageObject\",\"url\":\"https:\\\/\\\/www.immo-invest.ch\\\/wp-content\\\/uploads\\\/2026\\\/03\\\/banoviag_renovated_industrial_building_with_brick_facade_and__86c75479-b950-4bb0-91d5-7efabe66c427_1.png\",\"@id\":\"https:\\\/\\\/www.immo-invest.ch\\\/fr\\\/stadt-will-industriebau-fuer-archiv-und-zwischennutzungen-erwerben\\\/#mainImage\",\"width\":1536,\"height\":768},\"primaryImageOfPage\":{\"@id\":\"https:\\\/\\\/www.immo-invest.ch\\\/fr\\\/stadt-will-industriebau-fuer-archiv-und-zwischennutzungen-erwerben\\\/#mainImage\"},\"datePublished\":\"2026-03-18T08:20:00+01:00\",\"dateModified\":\"2026-03-11T16:50:42+01:00\"},{\"@type\":\"WebSite\",\"@id\":\"https:\\\/\\\/www.immo-invest.ch\\\/fr\\\/#website\",\"url\":\"https:\\\/\\\/www.immo-invest.ch\\\/fr\\\/\",\"name\":\"immo!nvest - Die Plattform f\\u00fcr Standorte und Immobilien\",\"description\":\"Die\\u00a0Plattform f\\u00fcr Standorte und Immobilien\",\"inLanguage\":\"fr-FR\",\"publisher\":{\"@id\":\"https:\\\/\\\/www.immo-invest.ch\\\/fr\\\/#organization\"}}]}\n\t\t<\/script>\n\t\t<!-- All in One SEO -->\n\n","aioseo_head_json":{"title":"La ville souhaite acqu\u00e9rir un b\u00e2timent industriel pour y installer des archives et des utilisations temporaires - immo!nvest - Die Plattform f\u00fcr Standorte und Immobilien","description":"La ville de Bienne souhaite acqu\u00e9rir le bien immobilier industriel situ\u00e9 \u00e0 la Mattenstrasse 133. Le b\u00e2timent de l'usine devrait \u00eatre utilis\u00e9 pour les archives municipales \u00e0 partir de 2033. D'ici l\u00e0, il est pr\u00e9vu de l'utiliser comme salle de sport et biblioth\u00e8que municipale. Le Conseil municipal demande d\u00e9sormais 3,89 millions de francs au Conseil de ville \u00e0 cet effet.","canonical_url":"https:\/\/www.immo-invest.ch\/fr\/stadt-will-industriebau-fuer-archiv-und-zwischennutzungen-erwerben\/","robots":"max-image-preview:large","keywords":"","webmasterTools":{"google-site-verification":"fHJKvgWpZCR2zVBHWfkQeFXC11qieUSff0HGNYfuyLA","miscellaneous":""},"schema":{"@context":"https:\/\/schema.org","@graph":[{"@type":"BlogPosting","@id":"https:\/\/www.immo-invest.ch\/fr\/stadt-will-industriebau-fuer-archiv-und-zwischennutzungen-erwerben\/#blogposting","name":"La ville souhaite acqu\u00e9rir un b\u00e2timent industriel pour y installer des archives et des utilisations temporaires - immo!nvest - Die Plattform f\u00fcr Standorte und Immobilien","headline":"La ville souhaite acqu\u00e9rir un b\u00e2timent industriel pour y installer des archives et des utilisations temporaires","author":{"@id":"https:\/\/www.immo-invest.ch\/fr\/author\/immovestuser\/#author"},"publisher":{"@id":"https:\/\/www.immo-invest.ch\/fr\/#organization"},"image":{"@type":"ImageObject","url":"https:\/\/www.immo-invest.ch\/wp-content\/uploads\/2026\/03\/banoviag_renovated_industrial_building_with_brick_facade_and__86c75479-b950-4bb0-91d5-7efabe66c427_1.png","width":1536,"height":768},"datePublished":"2026-03-18T08:20:00+01:00","dateModified":"2026-03-11T16:50:42+01:00","inLanguage":"fr-FR","mainEntityOfPage":{"@id":"https:\/\/www.immo-invest.ch\/fr\/stadt-will-industriebau-fuer-archiv-und-zwischennutzungen-erwerben\/#webpage"},"isPartOf":{"@id":"https:\/\/www.immo-invest.ch\/fr\/stadt-will-industriebau-fuer-archiv-und-zwischennutzungen-erwerben\/#webpage"},"articleSection":"immoNews, Institutions &amp; Formation, Planification \/ D\u00e9veloppement, R\u00e9novation, Immoinvest, immoNews, Industriebau, News, Stadtarchiv, Zwischennutzung, Facultatif"},{"@type":"BreadcrumbList","@id":"https:\/\/www.immo-invest.ch\/fr\/stadt-will-industriebau-fuer-archiv-und-zwischennutzungen-erwerben\/#breadcrumblist","itemListElement":[{"@type":"ListItem","@id":"https:\/\/www.immo-invest.ch\/fr\/#listItem","position":1,"name":"Home","item":"https:\/\/www.immo-invest.ch\/fr\/","nextItem":{"@type":"ListItem","@id":"https:\/\/www.immo-invest.ch\/fr\/categories\/projects\/#listItem","name":"Projects"}},{"@type":"ListItem","@id":"https:\/\/www.immo-invest.ch\/fr\/categories\/projects\/#listItem","position":2,"name":"Projects","item":"https:\/\/www.immo-invest.ch\/fr\/categories\/projects\/","nextItem":{"@type":"ListItem","@id":"https:\/\/www.immo-invest.ch\/fr\/categories\/projects\/renovation\/#listItem","name":"R\u00e9novation"},"previousItem":{"@type":"ListItem","@id":"https:\/\/www.immo-invest.ch\/fr\/#listItem","name":"Home"}},{"@type":"ListItem","@id":"https:\/\/www.immo-invest.ch\/fr\/categories\/projects\/renovation\/#listItem","position":3,"name":"R\u00e9novation","item":"https:\/\/www.immo-invest.ch\/fr\/categories\/projects\/renovation\/","nextItem":{"@type":"ListItem","@id":"https:\/\/www.immo-invest.ch\/fr\/stadt-will-industriebau-fuer-archiv-und-zwischennutzungen-erwerben\/#listItem","name":"La ville souhaite acqu\u00e9rir un b\u00e2timent industriel pour y installer des archives et des utilisations temporaires"},"previousItem":{"@type":"ListItem","@id":"https:\/\/www.immo-invest.ch\/fr\/categories\/projects\/#listItem","name":"Projects"}},{"@type":"ListItem","@id":"https:\/\/www.immo-invest.ch\/fr\/stadt-will-industriebau-fuer-archiv-und-zwischennutzungen-erwerben\/#listItem","position":4,"name":"La ville souhaite acqu\u00e9rir un b\u00e2timent industriel pour y installer des archives et des utilisations temporaires","previousItem":{"@type":"ListItem","@id":"https:\/\/www.immo-invest.ch\/fr\/categories\/projects\/renovation\/#listItem","name":"R\u00e9novation"}}]},{"@type":"Organization","@id":"https:\/\/www.immo-invest.ch\/fr\/#organization","name":"immo!nvest - Die Plattform f\u00fcr Standorte und Immobilien","description":"Die\u00a0Plattform f\u00fcr Standorte und Immobilien","url":"https:\/\/www.immo-invest.ch\/fr\/","email":"admin@immomedia.ag","telephone":"+41444420002","logo":{"@type":"ImageObject","url":"https:\/\/www.immo-invest.ch\/wp-content\/uploads\/2024\/09\/immoinvest_sm-scaled.jpg","@id":"https:\/\/www.immo-invest.ch\/fr\/stadt-will-industriebau-fuer-archiv-und-zwischennutzungen-erwerben\/#organizationLogo","width":2560,"height":1340},"image":{"@id":"https:\/\/www.immo-invest.ch\/fr\/stadt-will-industriebau-fuer-archiv-und-zwischennutzungen-erwerben\/#organizationLogo"},"sameAs":["https:\/\/www.facebook.com\/people\/Immoinvest\/100077962920504\/","https:\/\/x.com\/i\/flow\/login?redirect_after_login=immoinvest_ch","https:\/\/www.instagram.com\/immoinvest_ch\/","https:\/\/www.linkedin.com\/company\/immoinvest-swiss"]},{"@type":"Person","@id":"https:\/\/www.immo-invest.ch\/fr\/author\/immovestuser\/#author","url":"https:\/\/www.immo-invest.ch\/fr\/author\/immovestuser\/","name":"immovestuser","image":{"@type":"ImageObject","@id":"https:\/\/www.immo-invest.ch\/fr\/stadt-will-industriebau-fuer-archiv-und-zwischennutzungen-erwerben\/#authorImage","url":"https:\/\/secure.gravatar.com\/avatar\/8e01f4d99f2eeea7a362ebb93305e1172a70e9293ba250f897a65c39f54cdd1e?s=96&d=mm&r=g","width":96,"height":96,"caption":"immovestuser"}},{"@type":"WebPage","@id":"https:\/\/www.immo-invest.ch\/fr\/stadt-will-industriebau-fuer-archiv-und-zwischennutzungen-erwerben\/#webpage","url":"https:\/\/www.immo-invest.ch\/fr\/stadt-will-industriebau-fuer-archiv-und-zwischennutzungen-erwerben\/","name":"La ville souhaite acqu\u00e9rir un b\u00e2timent industriel pour y installer des archives et des utilisations temporaires - immo!nvest - Die Plattform f\u00fcr Standorte und Immobilien","description":"La ville de Bienne souhaite acqu\u00e9rir le bien immobilier industriel situ\u00e9 \u00e0 la Mattenstrasse 133. Le b\u00e2timent de l'usine devrait \u00eatre utilis\u00e9 pour les archives municipales \u00e0 partir de 2033. D'ici l\u00e0, il est pr\u00e9vu de l'utiliser comme salle de sport et biblioth\u00e8que municipale. Le Conseil municipal demande d\u00e9sormais 3,89 millions de francs au Conseil de ville \u00e0 cet effet.","inLanguage":"fr-FR","isPartOf":{"@id":"https:\/\/www.immo-invest.ch\/fr\/#website"},"breadcrumb":{"@id":"https:\/\/www.immo-invest.ch\/fr\/stadt-will-industriebau-fuer-archiv-und-zwischennutzungen-erwerben\/#breadcrumblist"},"author":{"@id":"https:\/\/www.immo-invest.ch\/fr\/author\/immovestuser\/#author"},"creator":{"@id":"https:\/\/www.immo-invest.ch\/fr\/author\/immovestuser\/#author"},"image":{"@type":"ImageObject","url":"https:\/\/www.immo-invest.ch\/wp-content\/uploads\/2026\/03\/banoviag_renovated_industrial_building_with_brick_facade_and__86c75479-b950-4bb0-91d5-7efabe66c427_1.png","@id":"https:\/\/www.immo-invest.ch\/fr\/stadt-will-industriebau-fuer-archiv-und-zwischennutzungen-erwerben\/#mainImage","width":1536,"height":768},"primaryImageOfPage":{"@id":"https:\/\/www.immo-invest.ch\/fr\/stadt-will-industriebau-fuer-archiv-und-zwischennutzungen-erwerben\/#mainImage"},"datePublished":"2026-03-18T08:20:00+01:00","dateModified":"2026-03-11T16:50:42+01:00"},{"@type":"WebSite","@id":"https:\/\/www.immo-invest.ch\/fr\/#website","url":"https:\/\/www.immo-invest.ch\/fr\/","name":"immo!nvest - Die Plattform f\u00fcr Standorte und Immobilien","description":"Die\u00a0Plattform f\u00fcr Standorte und Immobilien","inLanguage":"fr-FR","publisher":{"@id":"https:\/\/www.immo-invest.ch\/fr\/#organization"}}]},"og:locale":"fr_FR","og:site_name":"immo!nvest - Die Plattform f\u00fcr Standorte und Immobilien - Die\u00a0Plattform f\u00fcr Standorte und Immobilien","og:type":"article","og:title":"La ville souhaite acqu\u00e9rir un b\u00e2timent industriel pour y installer des archives et des utilisations temporaires - immo!nvest - Die Plattform f\u00fcr Standorte und Immobilien","og:description":"La ville de Bienne souhaite acqu\u00e9rir le bien immobilier industriel situ\u00e9 \u00e0 la Mattenstrasse 133. Le b\u00e2timent de l'usine devrait \u00eatre utilis\u00e9 pour les archives municipales \u00e0 partir de 2033. D'ici l\u00e0, il est pr\u00e9vu de l'utiliser comme salle de sport et biblioth\u00e8que municipale. Le Conseil municipal demande d\u00e9sormais 3,89 millions de francs au Conseil de ville \u00e0 cet effet.","og:url":"https:\/\/www.immo-invest.ch\/fr\/stadt-will-industriebau-fuer-archiv-und-zwischennutzungen-erwerben\/","og:image":"https:\/\/www.immo-invest.ch\/wp-content\/uploads\/2026\/03\/banoviag_renovated_industrial_building_with_brick_facade_and__86c75479-b950-4bb0-91d5-7efabe66c427_1.png","og:image:secure_url":"https:\/\/www.immo-invest.ch\/wp-content\/uploads\/2026\/03\/banoviag_renovated_industrial_building_with_brick_facade_and__86c75479-b950-4bb0-91d5-7efabe66c427_1.png","og:image:width":1536,"og:image:height":768,"article:published_time":"2026-03-18T07:20:00+00:00","article:modified_time":"2026-03-11T15:50:42+00:00","article:publisher":"https:\/\/www.facebook.com\/people\/Immoinvest\/100077962920504\/","twitter:card":"summary_large_image","twitter:site":"@i","twitter:title":"La ville souhaite acqu\u00e9rir un b\u00e2timent industriel pour y installer des archives et des utilisations temporaires - immo!nvest - Die Plattform f\u00fcr Standorte und Immobilien","twitter:description":"La ville de Bienne souhaite acqu\u00e9rir le bien immobilier industriel situ\u00e9 \u00e0 la Mattenstrasse 133. Le b\u00e2timent de l'usine devrait \u00eatre utilis\u00e9 pour les archives municipales \u00e0 partir de 2033. D'ici l\u00e0, il est pr\u00e9vu de l'utiliser comme salle de sport et biblioth\u00e8que municipale. Le Conseil municipal demande d\u00e9sormais 3,89 millions de francs au Conseil de ville \u00e0 cet effet.","twitter:creator":"@i","twitter:image":"https:\/\/www.immo-invest.ch\/wp-content\/uploads\/2026\/03\/banoviag_renovated_industrial_building_with_brick_facade_and__86c75479-b950-4bb0-91d5-7efabe66c427_1.png"},"aioseo_meta_data":{"post_id":"151298","title":null,"description":null,"keywords":null,"keyphrases":{"focus":{"keyphrase":"","score":0,"analysis":{"keyphraseInTitle":{"score":0,"maxScore":9,"error":1}}},"additional":[]},"primary_term":null,"canonical_url":null,"og_title":null,"og_description":null,"og_object_type":"default","og_image_type":"default","og_image_url":null,"og_image_width":null,"og_image_height":null,"og_image_custom_url":null,"og_image_custom_fields":null,"og_video":"","og_custom_url":null,"og_article_section":null,"og_article_tags":null,"twitter_use_og":false,"twitter_card":"default","twitter_image_type":"default","twitter_image_url":null,"twitter_image_custom_url":null,"twitter_image_custom_fields":null,"twitter_title":null,"twitter_description":null,"schema":{"blockGraphs":[],"customGraphs":[],"default":{"data":{"Article":[],"Course":[],"Dataset":[],"FAQPage":[],"Movie":[],"Person":[],"Product":[],"ProductReview":[],"Car":[],"Recipe":[],"Service":[],"SoftwareApplication":[],"WebPage":[]},"graphName":"BlogPosting","isEnabled":true},"graphs":[]},"schema_type":"default","schema_type_options":null,"pillar_content":false,"robots_default":true,"robots_noindex":false,"robots_noarchive":false,"robots_nosnippet":false,"robots_nofollow":false,"robots_noimageindex":false,"robots_noodp":false,"robots_notranslate":false,"robots_max_snippet":"-1","robots_max_videopreview":"-1","robots_max_imagepreview":"large","priority":null,"frequency":"default","local_seo":null,"breadcrumb_settings":null,"limit_modified_date":false,"ai":{"faqs":[],"keyPoints":[],"titles":[],"descriptions":[],"socialPosts":{"email":[],"linkedin":[],"twitter":[],"facebook":[],"instagram":[]}},"created":"2026-03-11 15:50:46","updated":"2026-03-18 08:09:42","seo_analyzer_scan_date":null,"focus_keyword":null,"additional_keywords":null,"truseo_locale":null},"aioseo_breadcrumb":"<div class=\"aioseo-breadcrumbs\"><span class=\"aioseo-breadcrumb\">\n\t\t\t<a href=\"https:\/\/www.immo-invest.ch\/fr\/\" title=\"Home\">Home<\/a>\n\t\t<\/span><span class=\"aioseo-breadcrumb-separator\">&raquo;<\/span><span class=\"aioseo-breadcrumb\">\n\t\t\t<a href=\"https:\/\/www.immo-invest.ch\/fr\/categories\/projects\/\" title=\"Projects\">Projects<\/a>\n\t\t<\/span><span class=\"aioseo-breadcrumb-separator\">&raquo;<\/span><span class=\"aioseo-breadcrumb\">\n\t\t\t<a href=\"https:\/\/www.immo-invest.ch\/fr\/categories\/projects\/renovation\/\" title=\"R\u00e9novation\">R\u00e9novation<\/a>\n\t\t<\/span><span class=\"aioseo-breadcrumb-separator\">&raquo;<\/span><span class=\"aioseo-breadcrumb\">\n\t\t\tLa ville souhaite acqu\u00e9rir un b\u00e2timent industriel pour y installer des archives et des utilisations temporaires\n\t\t<\/span><\/div>","aioseo_breadcrumb_json":[{"label":"Home","link":"https:\/\/www.immo-invest.ch\/fr\/"},{"label":"Projects","link":"https:\/\/www.immo-invest.ch\/fr\/categories\/projects\/"},{"label":"R\u00e9novation","link":"https:\/\/www.immo-invest.ch\/fr\/categories\/projects\/renovation\/"},{"label":"La ville souhaite acqu\u00e9rir un b\u00e2timent industriel pour y installer des archives et des utilisations temporaires","link":"https:\/\/www.immo-invest.ch\/fr\/stadt-will-industriebau-fuer-archiv-und-zwischennutzungen-erwerben\/"}],"featured_image_src":"https:\/\/www.immo-invest.ch\/wp-content\/uploads\/2026\/03\/banoviag_renovated_industrial_building_with_brick_facade_and__86c75479-b950-4bb0-91d5-7efabe66c427_1-336x168.png","_links":{"self":[{"href":"https:\/\/www.immo-invest.ch\/fr\/wp-json\/wp\/v2\/posts\/151298","targetHints":{"allow":["GET"]}}],"collection":[{"href":"https:\/\/www.immo-invest.ch\/fr\/wp-json\/wp\/v2\/posts"}],"about":[{"href":"https:\/\/www.immo-invest.ch\/fr\/wp-json\/wp\/v2\/types\/post"}],"author":[{"embeddable":true,"href":"https:\/\/www.immo-invest.ch\/fr\/wp-json\/wp\/v2\/users\/2"}],"replies":[{"embeddable":true,"href":"https:\/\/www.immo-invest.ch\/fr\/wp-json\/wp\/v2\/comments?post=151298"}],"version-history":[{"count":2,"href":"https:\/\/www.immo-invest.ch\/fr\/wp-json\/wp\/v2\/posts\/151298\/revisions"}],"predecessor-version":[{"id":151308,"href":"https:\/\/www.immo-invest.ch\/fr\/wp-json\/wp\/v2\/posts\/151298\/revisions\/151308"}],"wp:featuredmedia":[{"embeddable":true,"href":"https:\/\/www.immo-invest.ch\/fr\/wp-json\/wp\/v2\/media\/151299"}],"wp:attachment":[{"href":"https:\/\/www.immo-invest.ch\/fr\/wp-json\/wp\/v2\/media?parent=151298"}],"wp:term":[{"taxonomy":"category","embeddable":true,"href":"https:\/\/www.immo-invest.ch\/fr\/wp-json\/wp\/v2\/categories?post=151298"},{"taxonomy":"post_tag","embeddable":true,"href":"https:\/\/www.immo-invest.ch\/fr\/wp-json\/wp\/v2\/tags?post=151298"}],"curies":[{"name":"wp","href":"https:\/\/api.w.org\/{rel}","templated":true}]}}