{"id":151265,"date":"2026-03-16T13:30:00","date_gmt":"2026-03-16T12:30:00","guid":{"rendered":"https:\/\/www.immo-invest.ch\/?p=151265"},"modified":"2026-03-11T16:09:46","modified_gmt":"2026-03-11T15:09:46","slug":"neuer-leiter-fuer-markt-und-politik-beim-solarverband","status":"publish","type":"post","link":"https:\/\/www.immo-invest.ch\/fr\/neuer-leiter-fuer-markt-und-politik-beim-solarverband\/","title":{"rendered":"Nouveau directeur du march\u00e9 et de la politique au sein de l&rsquo;association solaire"},"content":{"rendered":"<p class=\"bodytext\">Selon un <a href=\"https:\/\/www.swissolar.ch\/de\/news\/detail\/neue-leitung-markt-und-politik-und-neue-direktorin-westschweiz-bei-swissolar-81908\" target=\"_blank\" rel=\"noopener\">communiqu&eacute;<\/a>, Wieland Hintz dirige depuis le 1er mars le d&eacute;partement March&eacute; et politique de <a href=\"https:\/\/www.swissolar.ch\" target=\"_blank\" rel=\"noopener\">Swissolar<\/a>, dont il est &eacute;galement le directeur adjoint. &Acirc;g&eacute; de 45 ans, il &eacute;tait auparavant responsable de l&rsquo;&eacute;nergie solaire &agrave; <a href=\"https:\/\/www.bfe.admin.ch\/\" target=\"_blank\" rel=\"noopener\">l&rsquo;Office f&eacute;d&eacute;ral de l&rsquo;&eacute;nergie<\/a>.<\/p>\n<p class=\"bodytext\">Hintz a &eacute;tudi&eacute; la physique &agrave; <a href=\"https:\/\/ethz.ch\/de.html\" target=\"_blank\" rel=\"noopener\">l&rsquo;&Eacute;cole polytechnique f&eacute;d&eacute;rale de Zurich<\/a> et a obtenu son doctorat au Centre europ&eacute;en de recherche nucl&eacute;aire <a href=\"https:\/\/home.cern\/\" target=\"_blank\" rel=\"noopener\">(CERN)<\/a> &agrave; Gen&egrave;ve. Il a notamment travaill&eacute; pour Alpiq et <a href=\"https:\/\/www.strom.ch\/\" target=\"_blank\" rel=\"noopener\">l&rsquo;Association des entreprises &eacute;lectriques suisses<\/a>. Avec sa famille, il exploite en Allemagne six &eacute;oliennes et un parc solaire d&rsquo;une puissance de 1,2 m&eacute;gawatt.<\/p>\n<p class=\"bodytext\">M. Hintz succ&egrave;de &agrave; David Stickelberger. &Acirc;g&eacute; aujourd&rsquo;hui de 65 ans, ce dernier a &eacute;t&eacute; le premier directeur g&eacute;n&eacute;ral de swissolar de 1998 &agrave; 2023. Depuis 2023, il &eacute;tait l&rsquo;adjoint de son successeur, Matthias Egli. &Agrave; l&rsquo;avenir, il accompagnera l&rsquo;association en tant que conseiller politique senior.<\/p>\n<p class=\"bodytext\">&laquo; Au cours des dix derni&egrave;res ann&eacute;es, le photovolta&iuml;que est devenu un pilier essentiel de l&rsquo;approvisionnement &eacute;lectrique suisse, couvrant d&eacute;sormais plus de 15 % de la consommation d&rsquo;&eacute;lectricit&eacute; &raquo;, d&eacute;clare M. Hintz dans le communiqu&eacute;. &laquo; Dans le cadre de mes nouvelles fonctions chez Swissolar, je m&rsquo;engagerai pleinement pour que le photovolta&iuml;que soit int&eacute;gr&eacute; de mani&egrave;re optimale dans le syst&egrave;me &eacute;nerg&eacute;tique suisse et pour faire avancer la d&eacute;carbonisation des b&acirc;timents et des transports. &raquo;<\/p>\n<p class=\"bodytext\">Swissolar a r&eacute;cemment cr&eacute;&eacute; le poste de directrice pour la Suisse romande. Ce poste sera occup&eacute; par Anne Plancherel. Elle travaille depuis 2024 en tant que cheffe de projet strat&eacute;gique et participe &agrave; la mise en place de la formation professionnelle en Suisse romande. Mme Plancherel repr&eacute;sentera Swissolar en Suisse romande et continuera &agrave; d&eacute;velopper le r&eacute;seau r&eacute;gional.<\/p>\n<p class=\"bodytext\">Cette ing&eacute;nieure en environnement de 44 ans a &eacute;tudi&eacute; &agrave; <a href=\"https:\/\/www.epfl.ch\/\" target=\"_blank\" rel=\"noopener\">l&rsquo;&Eacute;cole polytechnique f&eacute;d&eacute;rale de Lausanne<\/a> et a suivi une formation compl&eacute;mentaire en gestion de projet &agrave; <a href=\"https:\/\/www.unige.ch\/\" target=\"_blank\" rel=\"noopener\">l&rsquo;Universit&eacute; de Gen&egrave;ve<\/a>. &laquo; Je me r&eacute;jouis de travailler avec nos membres, nos partenaires et les autorit&eacute;s pour continuer &agrave; d&eacute;velopper le potentiel de l&rsquo;&eacute;nergie solaire en Suisse romande et renforcer durablement le secteur &raquo;, d&eacute;clare-t-elle dans le communiqu&eacute;.<\/p>\n","protected":false},"excerpt":{"rendered":"<p>Wieland Hintz est le nouveau responsable March\u00e9 et Politique et directeur g\u00e9n\u00e9ral adjoint de Swissolar. Son pr\u00e9d\u00e9cesseur, David Stickelberger, accompagnera d\u00e9sormais l&rsquo;association en tant que conseiller politique senior. Anna Plancherel devient la premi\u00e8re directrice romande de l&rsquo;association professionnelle de l&rsquo;\u00e9nergie solaire.<\/p>\n","protected":false},"author":2,"featured_media":151266,"comment_status":"open","ping_status":"open","sticky":false,"template":"","format":"standard","meta":{"pmpro_default_level":"","inline_featured_image":false,"_monsterinsights_skip_tracking":false,"footnotes":""},"categories":[55982,8747,4464,743],"tags":[57772,872,3931,2002,54217,57773],"class_list":["post-151265","post","type-post","status-publish","format-standard","has-post-thumbnail","hentry","category-associations","category-energie","category-gens","category-immonews-fr","tag-energieverband","tag-immoinvest-fr","tag-immonews-fr","tag-news-fr","tag-photovoltaik-schweiz-fr","tag-solarenergie-politik","pmpro-has-access"],"acf":{"bild_mit_ki_erstellt_worden":["Ja"],"lead":"Wieland Hintz est le nouveau responsable March\u00e9 et Politique et directeur g\u00e9n\u00e9ral adjoint de Swissolar. Son pr\u00e9d\u00e9cesseur, David Stickelberger, accompagnera d\u00e9sormais l'association en tant que conseiller politique senior. Anna Plancherel devient la premi\u00e8re directrice romande de l'association professionnelle de l'\u00e9nergie solaire.","autor":"ce\/ug","ort":"Z\u00fcrich","bildunterschrift":"","bild_im_grid":false,"gallerie":"","newsim":""},"aioseo_notices":[],"aioseo_head":"\n\t\t<!-- All in One SEO 5.0.0.1 - aioseo.com -->\n\t<meta name=\"description\" content=\"Wieland Hintz est le nouveau responsable March\u00e9 et Politique et directeur g\u00e9n\u00e9ral adjoint de Swissolar. Son pr\u00e9d\u00e9cesseur, David Stickelberger, accompagnera d\u00e9sormais l&#039;association en tant que conseiller politique senior. Anna Plancherel devient la premi\u00e8re directrice romande de l&#039;association professionnelle de l&#039;\u00e9nergie solaire.\" \/>\n\t<meta name=\"robots\" content=\"max-image-preview:large\" \/>\n\t<meta name=\"author\" content=\"immovestuser\"\/>\n\t<meta name=\"google-site-verification\" content=\"fHJKvgWpZCR2zVBHWfkQeFXC11qieUSff0HGNYfuyLA\" \/>\n\t<link rel=\"canonical\" href=\"https:\/\/www.immo-invest.ch\/fr\/neuer-leiter-fuer-markt-und-politik-beim-solarverband\/\" \/>\n\t<meta name=\"generator\" content=\"All in One SEO (AIOSEO) 5.0.0.1\" \/>\n\t\t<meta property=\"og:locale\" content=\"fr_FR\" \/>\n\t\t<meta property=\"og:site_name\" content=\"immo!nvest - Die Plattform f\u00fcr Standorte und Immobilien - Die\u00a0Plattform f\u00fcr Standorte und Immobilien\" \/>\n\t\t<meta property=\"og:type\" content=\"article\" \/>\n\t\t<meta property=\"og:title\" content=\"Nouveau directeur du march\u00e9 et de la politique au sein de l\u2019association solaire - immo!nvest - Die Plattform f\u00fcr Standorte und Immobilien\" \/>\n\t\t<meta property=\"og:description\" content=\"Wieland Hintz est le nouveau responsable March\u00e9 et Politique et directeur g\u00e9n\u00e9ral adjoint de Swissolar. Son pr\u00e9d\u00e9cesseur, David Stickelberger, accompagnera d\u00e9sormais l&#039;association en tant que conseiller politique senior. Anna Plancherel devient la premi\u00e8re directrice romande de l&#039;association professionnelle de l&#039;\u00e9nergie solaire.\" \/>\n\t\t<meta property=\"og:url\" content=\"https:\/\/www.immo-invest.ch\/fr\/neuer-leiter-fuer-markt-und-politik-beim-solarverband\/\" \/>\n\t\t<meta property=\"og:image\" content=\"https:\/\/www.immo-invest.ch\/wp-content\/uploads\/2026\/03\/banoviag_modern_solar_power_installation_on_rooftops_and_fiel_3e9b5bf2-7f5c-4feb-9bc7-29cfb75d7b20_0.png\" \/>\n\t\t<meta property=\"og:image:secure_url\" content=\"https:\/\/www.immo-invest.ch\/wp-content\/uploads\/2026\/03\/banoviag_modern_solar_power_installation_on_rooftops_and_fiel_3e9b5bf2-7f5c-4feb-9bc7-29cfb75d7b20_0.png\" \/>\n\t\t<meta property=\"og:image:width\" content=\"1536\" \/>\n\t\t<meta property=\"og:image:height\" content=\"768\" \/>\n\t\t<meta property=\"article:published_time\" content=\"2026-03-16T12:30:00+00:00\" \/>\n\t\t<meta property=\"article:modified_time\" content=\"2026-03-11T15:09:46+00:00\" \/>\n\t\t<meta property=\"article:publisher\" content=\"https:\/\/www.facebook.com\/people\/Immoinvest\/100077962920504\/\" \/>\n\t\t<meta name=\"twitter:card\" content=\"summary_large_image\" \/>\n\t\t<meta name=\"twitter:site\" content=\"@i\" \/>\n\t\t<meta name=\"twitter:title\" content=\"Nouveau directeur du march\u00e9 et de la politique au sein de l\u2019association solaire - immo!nvest - Die Plattform f\u00fcr Standorte und Immobilien\" \/>\n\t\t<meta name=\"twitter:description\" content=\"Wieland Hintz est le nouveau responsable March\u00e9 et Politique et directeur g\u00e9n\u00e9ral adjoint de Swissolar. Son pr\u00e9d\u00e9cesseur, David Stickelberger, accompagnera d\u00e9sormais l&#039;association en tant que conseiller politique senior. Anna Plancherel devient la premi\u00e8re directrice romande de l&#039;association professionnelle de l&#039;\u00e9nergie solaire.\" \/>\n\t\t<meta name=\"twitter:creator\" content=\"@i\" \/>\n\t\t<meta name=\"twitter:image\" content=\"https:\/\/www.immo-invest.ch\/wp-content\/uploads\/2026\/03\/banoviag_modern_solar_power_installation_on_rooftops_and_fiel_3e9b5bf2-7f5c-4feb-9bc7-29cfb75d7b20_0.png\" \/>\n\t\t<script type=\"application\/ld+json\" class=\"aioseo-schema\">\n\t\t\t{\"@context\":\"https:\\\/\\\/schema.org\",\"@graph\":[{\"@type\":\"BlogPosting\",\"@id\":\"https:\\\/\\\/www.immo-invest.ch\\\/fr\\\/neuer-leiter-fuer-markt-und-politik-beim-solarverband\\\/#blogposting\",\"name\":\"Nouveau directeur du march\\u00e9 et de la politique au sein de l\\u2019association solaire - immo!nvest - Die Plattform f\\u00fcr Standorte und Immobilien\",\"headline\":\"Nouveau directeur du march\\u00e9 et de la politique au sein de l&rsquo;association solaire\",\"author\":{\"@id\":\"https:\\\/\\\/www.immo-invest.ch\\\/fr\\\/author\\\/immovestuser\\\/#author\"},\"publisher\":{\"@id\":\"https:\\\/\\\/www.immo-invest.ch\\\/fr\\\/#organization\"},\"image\":{\"@type\":\"ImageObject\",\"url\":\"https:\\\/\\\/www.immo-invest.ch\\\/wp-content\\\/uploads\\\/2026\\\/03\\\/banoviag_modern_solar_power_installation_on_rooftops_and_fiel_3e9b5bf2-7f5c-4feb-9bc7-29cfb75d7b20_0.png\",\"width\":1536,\"height\":768},\"datePublished\":\"2026-03-16T13:30:00+01:00\",\"dateModified\":\"2026-03-11T16:09:46+01:00\",\"inLanguage\":\"fr-FR\",\"mainEntityOfPage\":{\"@id\":\"https:\\\/\\\/www.immo-invest.ch\\\/fr\\\/neuer-leiter-fuer-markt-und-politik-beim-solarverband\\\/#webpage\"},\"isPartOf\":{\"@id\":\"https:\\\/\\\/www.immo-invest.ch\\\/fr\\\/neuer-leiter-fuer-markt-und-politik-beim-solarverband\\\/#webpage\"},\"articleSection\":\"Associations, \\u00c9nergie, Gens, immoNews, Energieverband, Immoinvest, immoNews, News, Photovoltaik Schweiz, Solarenergie Politik, Facultatif\"},{\"@type\":\"BreadcrumbList\",\"@id\":\"https:\\\/\\\/www.immo-invest.ch\\\/fr\\\/neuer-leiter-fuer-markt-und-politik-beim-solarverband\\\/#breadcrumblist\",\"itemListElement\":[{\"@type\":\"ListItem\",\"@id\":\"https:\\\/\\\/www.immo-invest.ch\\\/fr\\\/#listItem\",\"position\":1,\"name\":\"Home\",\"item\":\"https:\\\/\\\/www.immo-invest.ch\\\/fr\\\/\",\"nextItem\":{\"@type\":\"ListItem\",\"@id\":\"https:\\\/\\\/www.immo-invest.ch\\\/fr\\\/categories\\\/personnes\\\/#listItem\",\"name\":\"Personnes\"}},{\"@type\":\"ListItem\",\"@id\":\"https:\\\/\\\/www.immo-invest.ch\\\/fr\\\/categories\\\/personnes\\\/#listItem\",\"position\":2,\"name\":\"Personnes\",\"item\":\"https:\\\/\\\/www.immo-invest.ch\\\/fr\\\/categories\\\/personnes\\\/\",\"nextItem\":{\"@type\":\"ListItem\",\"@id\":\"https:\\\/\\\/www.immo-invest.ch\\\/fr\\\/categories\\\/personnes\\\/gens\\\/#listItem\",\"name\":\"Gens\"},\"previousItem\":{\"@type\":\"ListItem\",\"@id\":\"https:\\\/\\\/www.immo-invest.ch\\\/fr\\\/#listItem\",\"name\":\"Home\"}},{\"@type\":\"ListItem\",\"@id\":\"https:\\\/\\\/www.immo-invest.ch\\\/fr\\\/categories\\\/personnes\\\/gens\\\/#listItem\",\"position\":3,\"name\":\"Gens\",\"item\":\"https:\\\/\\\/www.immo-invest.ch\\\/fr\\\/categories\\\/personnes\\\/gens\\\/\",\"nextItem\":{\"@type\":\"ListItem\",\"@id\":\"https:\\\/\\\/www.immo-invest.ch\\\/fr\\\/neuer-leiter-fuer-markt-und-politik-beim-solarverband\\\/#listItem\",\"name\":\"Nouveau directeur du march\\u00e9 et de la politique au sein de l&rsquo;association solaire\"},\"previousItem\":{\"@type\":\"ListItem\",\"@id\":\"https:\\\/\\\/www.immo-invest.ch\\\/fr\\\/categories\\\/personnes\\\/#listItem\",\"name\":\"Personnes\"}},{\"@type\":\"ListItem\",\"@id\":\"https:\\\/\\\/www.immo-invest.ch\\\/fr\\\/neuer-leiter-fuer-markt-und-politik-beim-solarverband\\\/#listItem\",\"position\":4,\"name\":\"Nouveau directeur du march\\u00e9 et de la politique au sein de l&rsquo;association solaire\",\"previousItem\":{\"@type\":\"ListItem\",\"@id\":\"https:\\\/\\\/www.immo-invest.ch\\\/fr\\\/categories\\\/personnes\\\/gens\\\/#listItem\",\"name\":\"Gens\"}}]},{\"@type\":\"Organization\",\"@id\":\"https:\\\/\\\/www.immo-invest.ch\\\/fr\\\/#organization\",\"name\":\"immo!nvest - Die Plattform f\\u00fcr Standorte und Immobilien\",\"description\":\"Die\\u00a0Plattform f\\u00fcr Standorte und Immobilien\",\"url\":\"https:\\\/\\\/www.immo-invest.ch\\\/fr\\\/\",\"email\":\"admin@immomedia.ag\",\"telephone\":\"+41444420002\",\"logo\":{\"@type\":\"ImageObject\",\"url\":\"https:\\\/\\\/www.immo-invest.ch\\\/wp-content\\\/uploads\\\/2024\\\/09\\\/immoinvest_sm-scaled.jpg\",\"@id\":\"https:\\\/\\\/www.immo-invest.ch\\\/fr\\\/neuer-leiter-fuer-markt-und-politik-beim-solarverband\\\/#organizationLogo\",\"width\":2560,\"height\":1340},\"image\":{\"@id\":\"https:\\\/\\\/www.immo-invest.ch\\\/fr\\\/neuer-leiter-fuer-markt-und-politik-beim-solarverband\\\/#organizationLogo\"},\"sameAs\":[\"https:\\\/\\\/www.facebook.com\\\/people\\\/Immoinvest\\\/100077962920504\\\/\",\"https:\\\/\\\/x.com\\\/i\\\/flow\\\/login?redirect_after_login=immoinvest_ch\",\"https:\\\/\\\/www.instagram.com\\\/immoinvest_ch\\\/\",\"https:\\\/\\\/www.linkedin.com\\\/company\\\/immoinvest-swiss\"]},{\"@type\":\"Person\",\"@id\":\"https:\\\/\\\/www.immo-invest.ch\\\/fr\\\/author\\\/immovestuser\\\/#author\",\"url\":\"https:\\\/\\\/www.immo-invest.ch\\\/fr\\\/author\\\/immovestuser\\\/\",\"name\":\"immovestuser\",\"image\":{\"@type\":\"ImageObject\",\"@id\":\"https:\\\/\\\/www.immo-invest.ch\\\/fr\\\/neuer-leiter-fuer-markt-und-politik-beim-solarverband\\\/#authorImage\",\"url\":\"https:\\\/\\\/secure.gravatar.com\\\/avatar\\\/8e01f4d99f2eeea7a362ebb93305e1172a70e9293ba250f897a65c39f54cdd1e?s=96&d=mm&r=g\",\"width\":96,\"height\":96,\"caption\":\"immovestuser\"}},{\"@type\":\"WebPage\",\"@id\":\"https:\\\/\\\/www.immo-invest.ch\\\/fr\\\/neuer-leiter-fuer-markt-und-politik-beim-solarverband\\\/#webpage\",\"url\":\"https:\\\/\\\/www.immo-invest.ch\\\/fr\\\/neuer-leiter-fuer-markt-und-politik-beim-solarverband\\\/\",\"name\":\"Nouveau directeur du march\\u00e9 et de la politique au sein de l\\u2019association solaire - immo!nvest - Die Plattform f\\u00fcr Standorte und Immobilien\",\"description\":\"Wieland Hintz est le nouveau responsable March\\u00e9 et Politique et directeur g\\u00e9n\\u00e9ral adjoint de Swissolar. Son pr\\u00e9d\\u00e9cesseur, David Stickelberger, accompagnera d\\u00e9sormais l'association en tant que conseiller politique senior. Anna Plancherel devient la premi\\u00e8re directrice romande de l'association professionnelle de l'\\u00e9nergie solaire.\",\"inLanguage\":\"fr-FR\",\"isPartOf\":{\"@id\":\"https:\\\/\\\/www.immo-invest.ch\\\/fr\\\/#website\"},\"breadcrumb\":{\"@id\":\"https:\\\/\\\/www.immo-invest.ch\\\/fr\\\/neuer-leiter-fuer-markt-und-politik-beim-solarverband\\\/#breadcrumblist\"},\"author\":{\"@id\":\"https:\\\/\\\/www.immo-invest.ch\\\/fr\\\/author\\\/immovestuser\\\/#author\"},\"creator\":{\"@id\":\"https:\\\/\\\/www.immo-invest.ch\\\/fr\\\/author\\\/immovestuser\\\/#author\"},\"image\":{\"@type\":\"ImageObject\",\"url\":\"https:\\\/\\\/www.immo-invest.ch\\\/wp-content\\\/uploads\\\/2026\\\/03\\\/banoviag_modern_solar_power_installation_on_rooftops_and_fiel_3e9b5bf2-7f5c-4feb-9bc7-29cfb75d7b20_0.png\",\"@id\":\"https:\\\/\\\/www.immo-invest.ch\\\/fr\\\/neuer-leiter-fuer-markt-und-politik-beim-solarverband\\\/#mainImage\",\"width\":1536,\"height\":768},\"primaryImageOfPage\":{\"@id\":\"https:\\\/\\\/www.immo-invest.ch\\\/fr\\\/neuer-leiter-fuer-markt-und-politik-beim-solarverband\\\/#mainImage\"},\"datePublished\":\"2026-03-16T13:30:00+01:00\",\"dateModified\":\"2026-03-11T16:09:46+01:00\"},{\"@type\":\"WebSite\",\"@id\":\"https:\\\/\\\/www.immo-invest.ch\\\/fr\\\/#website\",\"url\":\"https:\\\/\\\/www.immo-invest.ch\\\/fr\\\/\",\"name\":\"immo!nvest - Die Plattform f\\u00fcr Standorte und Immobilien\",\"description\":\"Die\\u00a0Plattform f\\u00fcr Standorte und Immobilien\",\"inLanguage\":\"fr-FR\",\"publisher\":{\"@id\":\"https:\\\/\\\/www.immo-invest.ch\\\/fr\\\/#organization\"}}]}\n\t\t<\/script>\n\t\t<!-- All in One SEO -->\n\n","aioseo_head_json":{"title":"Nouveau directeur du march\u00e9 et de la politique au sein de l\u2019association solaire - immo!nvest - Die Plattform f\u00fcr Standorte und Immobilien","description":"Wieland Hintz est le nouveau responsable March\u00e9 et Politique et directeur g\u00e9n\u00e9ral adjoint de Swissolar. Son pr\u00e9d\u00e9cesseur, David Stickelberger, accompagnera d\u00e9sormais l'association en tant que conseiller politique senior. Anna Plancherel devient la premi\u00e8re directrice romande de l'association professionnelle de l'\u00e9nergie solaire.","canonical_url":"https:\/\/www.immo-invest.ch\/fr\/neuer-leiter-fuer-markt-und-politik-beim-solarverband\/","robots":"max-image-preview:large","keywords":"","webmasterTools":{"google-site-verification":"fHJKvgWpZCR2zVBHWfkQeFXC11qieUSff0HGNYfuyLA","miscellaneous":""},"schema":{"@context":"https:\/\/schema.org","@graph":[{"@type":"BlogPosting","@id":"https:\/\/www.immo-invest.ch\/fr\/neuer-leiter-fuer-markt-und-politik-beim-solarverband\/#blogposting","name":"Nouveau directeur du march\u00e9 et de la politique au sein de l\u2019association solaire - immo!nvest - Die Plattform f\u00fcr Standorte und Immobilien","headline":"Nouveau directeur du march\u00e9 et de la politique au sein de l&rsquo;association solaire","author":{"@id":"https:\/\/www.immo-invest.ch\/fr\/author\/immovestuser\/#author"},"publisher":{"@id":"https:\/\/www.immo-invest.ch\/fr\/#organization"},"image":{"@type":"ImageObject","url":"https:\/\/www.immo-invest.ch\/wp-content\/uploads\/2026\/03\/banoviag_modern_solar_power_installation_on_rooftops_and_fiel_3e9b5bf2-7f5c-4feb-9bc7-29cfb75d7b20_0.png","width":1536,"height":768},"datePublished":"2026-03-16T13:30:00+01:00","dateModified":"2026-03-11T16:09:46+01:00","inLanguage":"fr-FR","mainEntityOfPage":{"@id":"https:\/\/www.immo-invest.ch\/fr\/neuer-leiter-fuer-markt-und-politik-beim-solarverband\/#webpage"},"isPartOf":{"@id":"https:\/\/www.immo-invest.ch\/fr\/neuer-leiter-fuer-markt-und-politik-beim-solarverband\/#webpage"},"articleSection":"Associations, \u00c9nergie, Gens, immoNews, Energieverband, Immoinvest, immoNews, News, Photovoltaik Schweiz, Solarenergie Politik, Facultatif"},{"@type":"BreadcrumbList","@id":"https:\/\/www.immo-invest.ch\/fr\/neuer-leiter-fuer-markt-und-politik-beim-solarverband\/#breadcrumblist","itemListElement":[{"@type":"ListItem","@id":"https:\/\/www.immo-invest.ch\/fr\/#listItem","position":1,"name":"Home","item":"https:\/\/www.immo-invest.ch\/fr\/","nextItem":{"@type":"ListItem","@id":"https:\/\/www.immo-invest.ch\/fr\/categories\/personnes\/#listItem","name":"Personnes"}},{"@type":"ListItem","@id":"https:\/\/www.immo-invest.ch\/fr\/categories\/personnes\/#listItem","position":2,"name":"Personnes","item":"https:\/\/www.immo-invest.ch\/fr\/categories\/personnes\/","nextItem":{"@type":"ListItem","@id":"https:\/\/www.immo-invest.ch\/fr\/categories\/personnes\/gens\/#listItem","name":"Gens"},"previousItem":{"@type":"ListItem","@id":"https:\/\/www.immo-invest.ch\/fr\/#listItem","name":"Home"}},{"@type":"ListItem","@id":"https:\/\/www.immo-invest.ch\/fr\/categories\/personnes\/gens\/#listItem","position":3,"name":"Gens","item":"https:\/\/www.immo-invest.ch\/fr\/categories\/personnes\/gens\/","nextItem":{"@type":"ListItem","@id":"https:\/\/www.immo-invest.ch\/fr\/neuer-leiter-fuer-markt-und-politik-beim-solarverband\/#listItem","name":"Nouveau directeur du march\u00e9 et de la politique au sein de l&rsquo;association solaire"},"previousItem":{"@type":"ListItem","@id":"https:\/\/www.immo-invest.ch\/fr\/categories\/personnes\/#listItem","name":"Personnes"}},{"@type":"ListItem","@id":"https:\/\/www.immo-invest.ch\/fr\/neuer-leiter-fuer-markt-und-politik-beim-solarverband\/#listItem","position":4,"name":"Nouveau directeur du march\u00e9 et de la politique au sein de l&rsquo;association solaire","previousItem":{"@type":"ListItem","@id":"https:\/\/www.immo-invest.ch\/fr\/categories\/personnes\/gens\/#listItem","name":"Gens"}}]},{"@type":"Organization","@id":"https:\/\/www.immo-invest.ch\/fr\/#organization","name":"immo!nvest - Die Plattform f\u00fcr Standorte und Immobilien","description":"Die\u00a0Plattform f\u00fcr Standorte und Immobilien","url":"https:\/\/www.immo-invest.ch\/fr\/","email":"admin@immomedia.ag","telephone":"+41444420002","logo":{"@type":"ImageObject","url":"https:\/\/www.immo-invest.ch\/wp-content\/uploads\/2024\/09\/immoinvest_sm-scaled.jpg","@id":"https:\/\/www.immo-invest.ch\/fr\/neuer-leiter-fuer-markt-und-politik-beim-solarverband\/#organizationLogo","width":2560,"height":1340},"image":{"@id":"https:\/\/www.immo-invest.ch\/fr\/neuer-leiter-fuer-markt-und-politik-beim-solarverband\/#organizationLogo"},"sameAs":["https:\/\/www.facebook.com\/people\/Immoinvest\/100077962920504\/","https:\/\/x.com\/i\/flow\/login?redirect_after_login=immoinvest_ch","https:\/\/www.instagram.com\/immoinvest_ch\/","https:\/\/www.linkedin.com\/company\/immoinvest-swiss"]},{"@type":"Person","@id":"https:\/\/www.immo-invest.ch\/fr\/author\/immovestuser\/#author","url":"https:\/\/www.immo-invest.ch\/fr\/author\/immovestuser\/","name":"immovestuser","image":{"@type":"ImageObject","@id":"https:\/\/www.immo-invest.ch\/fr\/neuer-leiter-fuer-markt-und-politik-beim-solarverband\/#authorImage","url":"https:\/\/secure.gravatar.com\/avatar\/8e01f4d99f2eeea7a362ebb93305e1172a70e9293ba250f897a65c39f54cdd1e?s=96&d=mm&r=g","width":96,"height":96,"caption":"immovestuser"}},{"@type":"WebPage","@id":"https:\/\/www.immo-invest.ch\/fr\/neuer-leiter-fuer-markt-und-politik-beim-solarverband\/#webpage","url":"https:\/\/www.immo-invest.ch\/fr\/neuer-leiter-fuer-markt-und-politik-beim-solarverband\/","name":"Nouveau directeur du march\u00e9 et de la politique au sein de l\u2019association solaire - immo!nvest - Die Plattform f\u00fcr Standorte und Immobilien","description":"Wieland Hintz est le nouveau responsable March\u00e9 et Politique et directeur g\u00e9n\u00e9ral adjoint de Swissolar. Son pr\u00e9d\u00e9cesseur, David Stickelberger, accompagnera d\u00e9sormais l'association en tant que conseiller politique senior. Anna Plancherel devient la premi\u00e8re directrice romande de l'association professionnelle de l'\u00e9nergie solaire.","inLanguage":"fr-FR","isPartOf":{"@id":"https:\/\/www.immo-invest.ch\/fr\/#website"},"breadcrumb":{"@id":"https:\/\/www.immo-invest.ch\/fr\/neuer-leiter-fuer-markt-und-politik-beim-solarverband\/#breadcrumblist"},"author":{"@id":"https:\/\/www.immo-invest.ch\/fr\/author\/immovestuser\/#author"},"creator":{"@id":"https:\/\/www.immo-invest.ch\/fr\/author\/immovestuser\/#author"},"image":{"@type":"ImageObject","url":"https:\/\/www.immo-invest.ch\/wp-content\/uploads\/2026\/03\/banoviag_modern_solar_power_installation_on_rooftops_and_fiel_3e9b5bf2-7f5c-4feb-9bc7-29cfb75d7b20_0.png","@id":"https:\/\/www.immo-invest.ch\/fr\/neuer-leiter-fuer-markt-und-politik-beim-solarverband\/#mainImage","width":1536,"height":768},"primaryImageOfPage":{"@id":"https:\/\/www.immo-invest.ch\/fr\/neuer-leiter-fuer-markt-und-politik-beim-solarverband\/#mainImage"},"datePublished":"2026-03-16T13:30:00+01:00","dateModified":"2026-03-11T16:09:46+01:00"},{"@type":"WebSite","@id":"https:\/\/www.immo-invest.ch\/fr\/#website","url":"https:\/\/www.immo-invest.ch\/fr\/","name":"immo!nvest - Die Plattform f\u00fcr Standorte und Immobilien","description":"Die\u00a0Plattform f\u00fcr Standorte und Immobilien","inLanguage":"fr-FR","publisher":{"@id":"https:\/\/www.immo-invest.ch\/fr\/#organization"}}]},"og:locale":"fr_FR","og:site_name":"immo!nvest - Die Plattform f\u00fcr Standorte und Immobilien - Die\u00a0Plattform f\u00fcr Standorte und Immobilien","og:type":"article","og:title":"Nouveau directeur du march\u00e9 et de la politique au sein de l\u2019association solaire - immo!nvest - Die Plattform f\u00fcr Standorte und Immobilien","og:description":"Wieland Hintz est le nouveau responsable March\u00e9 et Politique et directeur g\u00e9n\u00e9ral adjoint de Swissolar. Son pr\u00e9d\u00e9cesseur, David Stickelberger, accompagnera d\u00e9sormais l'association en tant que conseiller politique senior. Anna Plancherel devient la premi\u00e8re directrice romande de l'association professionnelle de l'\u00e9nergie solaire.","og:url":"https:\/\/www.immo-invest.ch\/fr\/neuer-leiter-fuer-markt-und-politik-beim-solarverband\/","og:image":"https:\/\/www.immo-invest.ch\/wp-content\/uploads\/2026\/03\/banoviag_modern_solar_power_installation_on_rooftops_and_fiel_3e9b5bf2-7f5c-4feb-9bc7-29cfb75d7b20_0.png","og:image:secure_url":"https:\/\/www.immo-invest.ch\/wp-content\/uploads\/2026\/03\/banoviag_modern_solar_power_installation_on_rooftops_and_fiel_3e9b5bf2-7f5c-4feb-9bc7-29cfb75d7b20_0.png","og:image:width":1536,"og:image:height":768,"article:published_time":"2026-03-16T12:30:00+00:00","article:modified_time":"2026-03-11T15:09:46+00:00","article:publisher":"https:\/\/www.facebook.com\/people\/Immoinvest\/100077962920504\/","twitter:card":"summary_large_image","twitter:site":"@i","twitter:title":"Nouveau directeur du march\u00e9 et de la politique au sein de l\u2019association solaire - immo!nvest - Die Plattform f\u00fcr Standorte und Immobilien","twitter:description":"Wieland Hintz est le nouveau responsable March\u00e9 et Politique et directeur g\u00e9n\u00e9ral adjoint de Swissolar. Son pr\u00e9d\u00e9cesseur, David Stickelberger, accompagnera d\u00e9sormais l'association en tant que conseiller politique senior. Anna Plancherel devient la premi\u00e8re directrice romande de l'association professionnelle de l'\u00e9nergie solaire.","twitter:creator":"@i","twitter:image":"https:\/\/www.immo-invest.ch\/wp-content\/uploads\/2026\/03\/banoviag_modern_solar_power_installation_on_rooftops_and_fiel_3e9b5bf2-7f5c-4feb-9bc7-29cfb75d7b20_0.png"},"aioseo_meta_data":{"post_id":"151265","title":null,"description":null,"keywords":null,"keyphrases":{"focus":{"keyphrase":"","score":0,"analysis":{"keyphraseInTitle":{"score":0,"maxScore":9,"error":1}}},"additional":[]},"primary_term":null,"canonical_url":null,"og_title":null,"og_description":null,"og_object_type":"default","og_image_type":"default","og_image_url":null,"og_image_width":null,"og_image_height":null,"og_image_custom_url":null,"og_image_custom_fields":null,"og_video":"","og_custom_url":null,"og_article_section":null,"og_article_tags":null,"twitter_use_og":false,"twitter_card":"default","twitter_image_type":"default","twitter_image_url":null,"twitter_image_custom_url":null,"twitter_image_custom_fields":null,"twitter_title":null,"twitter_description":null,"schema":{"blockGraphs":[],"customGraphs":[],"default":{"data":{"Article":[],"Course":[],"Dataset":[],"FAQPage":[],"Movie":[],"Person":[],"Product":[],"ProductReview":[],"Car":[],"Recipe":[],"Service":[],"SoftwareApplication":[],"WebPage":[]},"graphName":"BlogPosting","isEnabled":true},"graphs":[]},"schema_type":"default","schema_type_options":null,"pillar_content":false,"robots_default":true,"robots_noindex":false,"robots_noarchive":false,"robots_nosnippet":false,"robots_nofollow":false,"robots_noimageindex":false,"robots_noodp":false,"robots_notranslate":false,"robots_max_snippet":"-1","robots_max_videopreview":"-1","robots_max_imagepreview":"large","priority":null,"frequency":"default","local_seo":null,"breadcrumb_settings":null,"limit_modified_date":false,"ai":{"faqs":[],"keyPoints":[],"titles":[],"descriptions":[],"socialPosts":{"email":[],"linkedin":[],"twitter":[],"facebook":[],"instagram":[]}},"created":"2026-03-11 15:09:50","updated":"2026-03-16 12:37:14","seo_analyzer_scan_date":null,"focus_keyword":null,"additional_keywords":null,"truseo_locale":null},"aioseo_breadcrumb":"<div class=\"aioseo-breadcrumbs\"><span class=\"aioseo-breadcrumb\">\n\t\t\t<a href=\"https:\/\/www.immo-invest.ch\/fr\/\" title=\"Home\">Home<\/a>\n\t\t<\/span><span class=\"aioseo-breadcrumb-separator\">&raquo;<\/span><span class=\"aioseo-breadcrumb\">\n\t\t\t<a href=\"https:\/\/www.immo-invest.ch\/fr\/categories\/personnes\/\" title=\"Personnes\">Personnes<\/a>\n\t\t<\/span><span class=\"aioseo-breadcrumb-separator\">&raquo;<\/span><span class=\"aioseo-breadcrumb\">\n\t\t\t<a href=\"https:\/\/www.immo-invest.ch\/fr\/categories\/personnes\/gens\/\" title=\"Gens\">Gens<\/a>\n\t\t<\/span><span class=\"aioseo-breadcrumb-separator\">&raquo;<\/span><span class=\"aioseo-breadcrumb\">\n\t\t\tNouveau directeur du march\u00e9 et de la politique au sein de l\u2019association solaire\n\t\t<\/span><\/div>","aioseo_breadcrumb_json":[{"label":"Home","link":"https:\/\/www.immo-invest.ch\/fr\/"},{"label":"Personnes","link":"https:\/\/www.immo-invest.ch\/fr\/categories\/personnes\/"},{"label":"Gens","link":"https:\/\/www.immo-invest.ch\/fr\/categories\/personnes\/gens\/"},{"label":"Nouveau directeur du march\u00e9 et de la politique au sein de l&rsquo;association solaire","link":"https:\/\/www.immo-invest.ch\/fr\/neuer-leiter-fuer-markt-und-politik-beim-solarverband\/"}],"featured_image_src":"https:\/\/www.immo-invest.ch\/wp-content\/uploads\/2026\/03\/banoviag_modern_solar_power_installation_on_rooftops_and_fiel_3e9b5bf2-7f5c-4feb-9bc7-29cfb75d7b20_0-336x168.png","_links":{"self":[{"href":"https:\/\/www.immo-invest.ch\/fr\/wp-json\/wp\/v2\/posts\/151265","targetHints":{"allow":["GET"]}}],"collection":[{"href":"https:\/\/www.immo-invest.ch\/fr\/wp-json\/wp\/v2\/posts"}],"about":[{"href":"https:\/\/www.immo-invest.ch\/fr\/wp-json\/wp\/v2\/types\/post"}],"author":[{"embeddable":true,"href":"https:\/\/www.immo-invest.ch\/fr\/wp-json\/wp\/v2\/users\/2"}],"replies":[{"embeddable":true,"href":"https:\/\/www.immo-invest.ch\/fr\/wp-json\/wp\/v2\/comments?post=151265"}],"version-history":[{"count":2,"href":"https:\/\/www.immo-invest.ch\/fr\/wp-json\/wp\/v2\/posts\/151265\/revisions"}],"predecessor-version":[{"id":151273,"href":"https:\/\/www.immo-invest.ch\/fr\/wp-json\/wp\/v2\/posts\/151265\/revisions\/151273"}],"wp:featuredmedia":[{"embeddable":true,"href":"https:\/\/www.immo-invest.ch\/fr\/wp-json\/wp\/v2\/media\/151266"}],"wp:attachment":[{"href":"https:\/\/www.immo-invest.ch\/fr\/wp-json\/wp\/v2\/media?parent=151265"}],"wp:term":[{"taxonomy":"category","embeddable":true,"href":"https:\/\/www.immo-invest.ch\/fr\/wp-json\/wp\/v2\/categories?post=151265"},{"taxonomy":"post_tag","embeddable":true,"href":"https:\/\/www.immo-invest.ch\/fr\/wp-json\/wp\/v2\/tags?post=151265"}],"curies":[{"name":"wp","href":"https:\/\/api.w.org\/{rel}","templated":true}]}}